{"id":2016,"date":"2023-05-28T17:00:00","date_gmt":"2023-05-28T17:00:00","guid":{"rendered":"https:\/\/universofamilia.com\/?p=2016"},"modified":"2025-10-05T22:56:30","modified_gmt":"2025-10-06T01:56:30","slug":"como-aliviar-as-colicas-do-bebe","status":"publish","type":"post","link":"https:\/\/universofamilia.com\/cs\/como-aliviar-as-colicas-do-bebe\/","title":{"rendered":"Jak zm\u00edrnit koliku u kojenc\u016f"},"content":{"rendered":"<h4 class=\"wp-block-heading\">Objevte \u00fa\u010dinn\u00e9 techniky pro \u00falevu a pohodl\u00ed od Trazeru<\/h4>\n\n\n\n<p>Dr\u017een\u00ed d\u00edt\u011bte p\u0159in\u00e1\u0161\u00ed radost a bezpodm\u00edne\u010dnou l\u00e1sku, ale m\u016f\u017ee tak\u00e9 p\u0159in\u00e9st probl\u00e9my, jako je kolika. Tyto b\u0159i\u0161n\u00ed svaly v\u00e1s mohou znepokojovat a va\u0161e d\u00edt\u011b se m\u016f\u017ee c\u00edtit nepohodln\u011b.<\/p>\n\n\n\n<p>V t\u00e9to p\u0159\u00edru\u010dce prozkoum\u00e1me \u00fa\u010dinn\u00e9 techniky, kter\u00e9 zm\u00edrn\u00ed koliku u kojenc\u016f a poskytnou jim pohodl\u00ed a klid.<\/p>\n\n\n\n<h3 class=\"wp-block-heading\">Viz tak\u00e9:<\/h3>\n\n\n\n<p><a href=\"https:\/\/universofamilia.com\/cs\/o-que-e-ser-mae\/\" target=\"_blank\" rel=\"noreferrer noopener\">Co je to b\u00fdt matkou?<\/a><\/p>\n\n\n\n<p><a href=\"https:\/\/universofamilia.com\/cs\/os-melhores-apps-de-emagrecimento-gratuitos\/\" target=\"_blank\" rel=\"noreferrer noopener\">Nejlep\u0161\u00ed bezplatn\u00e9 aplikace pro emagrecimento<\/a><\/p>\n\n\n\n<h4 class=\"wp-block-heading\">Pochopen\u00ed d\u011btsk\u00e9 koliky<\/h4>\n\n\n<div class=\"wp-block-image\">\n<figure class=\"aligncenter size-full\"><img loading=\"lazy\" decoding=\"async\" width=\"550\" height=\"350\" src=\"http:\/\/universofamilia.com\/wp-content\/uploads\/sites\/148\/2023\/05\/POST-APPs-Colica-Bebe-universo-familia-.png\" alt=\"\" class=\"wp-image-2017\" srcset=\"https:\/\/universofamilia.com\/wp-content\/uploads\/sites\/148\/2023\/05\/POST-APPs-Colica-Bebe-universo-familia-.png 550w, https:\/\/universofamilia.com\/wp-content\/uploads\/sites\/148\/2023\/05\/POST-APPs-Colica-Bebe-universo-familia--300x191.png 300w\" sizes=\"(max-width: 550px) 100vw, 550px\" \/><\/figure><\/div>\n\n\n<p>Ne\u017e za\u010dneme, je d\u016fle\u017eit\u00e9 si uv\u011bdomit, \u017ee kolika je u kojenc\u016f b\u011b\u017en\u00e1, obvykle se objevuje ka\u017ed\u00e9 dva t\u00fddny \u017eivota a miz\u00ed p\u0159ibli\u017en\u011b ka\u017ed\u00e9 dva t\u00fddny.<\/p>\n\n\n\n<p>K\u0159e\u010de mohou zp\u016fsobit neuti\u0161iteln\u00fd pl\u00e1\u010d, neklid a pot\u00ed\u017ee se sp\u00e1nkem. P\u0159esto\u017ee jejich p\u0159esn\u00e1 p\u0159\u00ed\u010dina z\u016fst\u00e1v\u00e1 nezn\u00e1m\u00e1, n\u011bkter\u00e9 teorie nazna\u010duj\u00ed, \u017ee koliku m\u016f\u017ee vyvolat nezralost tr\u00e1vic\u00edho syst\u00e9mu nebo citlivost na ur\u010dit\u00e9 potraviny.<\/p>\n\n\n\n<h4 class=\"wp-block-heading\">Jemn\u00e1 mas\u00e1\u017e pro \u00falevu<\/h4>\n\n\n\n<p>\u00da\u010dinnou technikou k \u00falev\u011b od koliky u kojenc\u016f je jemn\u00e1 mas\u00e1\u017e b\u0159\u00ed\u0161ka. Za\u010dn\u011bte t\u00edm, \u017ee d\u00edt\u011b polo\u017e\u00edte na boky a obli\u010dej jemn\u00fdmi krou\u017eiv\u00fdmi pohyby ve sm\u011bru hodinov\u00fdch ru\u010di\u010dek kolem pup\u00edku. M\u016f\u017ee to stimulovat tr\u00e1ven\u00ed a zm\u00edrnit bolest.<\/p>\n\n\n<div class=\"wp-block-image\">\n<figure class=\"aligncenter size-full\"><img loading=\"lazy\" decoding=\"async\" width=\"550\" height=\"350\" src=\"http:\/\/universofamilia.com\/wp-content\/uploads\/sites\/148\/2023\/05\/POST-APPs-Colica-Bebe-universo-familia-1.png\" alt=\"\" class=\"wp-image-2018\" srcset=\"https:\/\/universofamilia.com\/wp-content\/uploads\/sites\/148\/2023\/05\/POST-APPs-Colica-Bebe-universo-familia-1.png 550w, https:\/\/universofamilia.com\/wp-content\/uploads\/sites\/148\/2023\/05\/POST-APPs-Colica-Bebe-universo-familia-1-300x191.png 300w\" sizes=\"(max-width: 550px) 100vw, 550px\" \/><\/figure><\/div>\n\n\n<p>D\u00e1vejte pozor, abyste nepou\u017e\u00edvali d\u011btsk\u00fd olej nebo ple\u0165ov\u00e9 ml\u00e9ko, abyste zabr\u00e1nili t\u0159en\u00ed citliv\u00e9 poko\u017eky d\u00edt\u011bte. Mas\u00e1\u017e by m\u011bla b\u00fdt prov\u00e1d\u011bna s klidem a l\u00e1skou, aby se vytvo\u0159ilo spojen\u00ed mezi v\u00e1mi a va\u0161\u00edm d\u00edt\u011btem.<\/p>\n\n\n\n<h4 class=\"wp-block-heading\">Pozice pro pomocn\u00e9 hr\u00e1\u010de<\/h4>\n\n\n\n<p>Experimentujte s r\u016fzn\u00fdmi polohami, abyste ulevili d\u00edt\u011bti od koliky. Polo\u017een\u00ed pa\u017ee d\u00edt\u011bte na p\u0159edlokt\u00ed nebo pa\u017ee na bok m\u016f\u017ee pomoci uvolnit plyny a zm\u00edrnit b\u0159i\u0161n\u00ed nep\u0159\u00edjemn\u00e9 pocity.<\/p>\n\n\n\n<p>Je tak\u00e9 u\u017eite\u010dn\u00e9 d\u00edt\u011b zajistit ve svisl\u00e9 poloze, jemn\u011b ho op\u0159\u00edt o rameno a z\u00e1rove\u0148 jemn\u011b zat\u0159epat boky, aby se usnadnilo odv\u00e1d\u011bn\u00ed plyn\u016f. Dbejte na to, abyste v\u017edy udr\u017eovali dostate\u010dnou oporu pro hlavu a v\u00e1hu d\u00edt\u011bte, a zaru\u010dili tak jeho bezpe\u010dnost.<\/p>\n\n\n<div class=\"wp-block-image\">\n<figure class=\"aligncenter size-full\"><img loading=\"lazy\" decoding=\"async\" width=\"550\" height=\"350\" src=\"http:\/\/universofamilia.com\/wp-content\/uploads\/sites\/148\/2023\/05\/POST-APPs-Colica-Bebe-universo-familia-2.png\" alt=\"\" class=\"wp-image-2019\" srcset=\"https:\/\/universofamilia.com\/wp-content\/uploads\/sites\/148\/2023\/05\/POST-APPs-Colica-Bebe-universo-familia-2.png 550w, https:\/\/universofamilia.com\/wp-content\/uploads\/sites\/148\/2023\/05\/POST-APPs-Colica-Bebe-universo-familia-2-300x191.png 300w\" sizes=\"(max-width: 550px) 100vw, 550px\" \/><\/figure><\/div>\n\n\n<h4 class=\"wp-block-heading\">P\u0159esun do potravin\u00e1\u0159sk\u00e9ho pr\u016fmyslu<\/h4>\n\n\n\n<p>Pokud koj\u00edte, zkontrolujte sv\u016fj j\u00eddeln\u00ed\u010dek a zjist\u011bte, zda se u d\u00edt\u011bte objevuj\u00ed jak\u00e9koli potraviny, kter\u00e9 mohou p\u0159isp\u00edvat ke kolice. N\u011bkter\u00e9 potraviny, jako je kofein, ko\u0159en\u011bn\u00e1 j\u00eddla nebo latinskoamerick\u00e1 j\u00eddla, mohou u d\u00edt\u011bte zp\u016fsobovat za\u017e\u00edvac\u00ed pot\u00ed\u017ee.<\/p>\n\n\n\n<p>Do\u010dasn\u00fdm vylou\u010den\u00edm t\u011bchto potravin z va\u0161eho j\u00eddeln\u00ed\u010dku si m\u016f\u017eete ov\u011b\u0159it, zda se va\u0161e p\u0159\u00edznaky koliky zlep\u0161ily. Pokud krm\u00edte d\u00edt\u011b um\u011blou v\u00fd\u017eivou, pora\u010fte se s pediatrem o mo\u017enosti p\u0159echodu na um\u011blou v\u00fd\u017eivu vhodnou pro kojence s kolikou.<\/p>\n\n\n\n<h4 class=\"wp-block-heading\">Zvuky a jemn\u00e9 pohyby<\/h4>\n\n\n\n<p>Jemn\u00e9 pohyby mohou m\u00edt na va\u0161e d\u00edt\u011b uklid\u0148uj\u00edc\u00ed \u00fa\u010dinek. Zkuste pou\u017e\u00edt b\u00edl\u00fd \u0161um, nap\u0159\u00edklad ventil\u00e1tor nebo gener\u00e1tor b\u00edl\u00e9ho \u0161umu, abyste pomohli maskovat vn\u011bj\u0161\u00ed zvuky a vytvo\u0159it tich\u00e9 prost\u0159ed\u00ed.<\/p>\n\n\n\n<p>Tak\u00e9 jemn\u00e9 houp\u00e1n\u00ed d\u00edt\u011bte v n\u00e1ru\u010d\u00ed nebo v n\u00e1ru\u010d\u00ed m\u016f\u017ee b\u00fdt uklid\u0148uj\u00edc\u00ed a pomoci zm\u00edrnit koliku. Dbejte na to, abyste d\u00edt\u011b b\u011bhem t\u011bchto pohyb\u016f v\u017edy chr\u00e1nili t\u00edm, \u017ee mu budete spr\u00e1vn\u011b podp\u00edrat hlavi\u010dku a rybi\u010dku.<\/p>\n\n\n\n<h4 class=\"wp-block-heading\">Z\u00e1v\u011br<\/h4>\n\n\n\n<p>Kolika u kojenc\u016f m\u016f\u017ee b\u00fdt pro va\u0161i zemi n\u00e1ro\u010dn\u00fdm z\u00e1\u017eitkem, ale je d\u016fle\u017eit\u00e9 si uv\u011bdomit, \u017ee se jedn\u00e1 o pom\u00edjivou f\u00e1zi. Vhodn\u00fdmi technikami, jako je jemn\u00e1 mas\u00e1\u017e, zm\u011bny krmen\u00ed, \u00falevn\u00e9 polohy a relaxa\u010dn\u00ed zvuky, je mo\u017en\u00e9 va\u0161emu miminku poskytnout \u00falevu a pohodl\u00ed.<\/p>\n\n\n\n<p>Jako pediatr doprov\u00e1zejte v\u00fdvoj sv\u00e9ho d\u00edt\u011bte a v\u011bzte, \u017ee va\u0161e l\u00e1ska a p\u00e9\u010de jsou z\u00e1sadn\u00ed pro to, aby va\u0161e d\u00edt\u011b p\u0159ekonalo koliku.<\/p>\n\n\n\n<blockquote class=\"wp-block-quote\">\n<h5 class=\"wp-block-heading\"><em>Pozn\u00e1mky: Materi\u00e1ly a informace na str\u00e1nce Universo Fam\u00edlia nejsou ur\u010deny k l\u00e9ka\u0159sk\u00e9 diagn\u00f3ze ani by nem\u011bly b\u00fdt jako takov\u00e9 pou\u017e\u00edv\u00e1ny. <strong>V\u017edy byste se m\u011bli poradit s l\u00e9ka\u0159em nebo kvalifikovan\u00fdm zdravotn\u00edkem o sv\u00fdch skute\u010dn\u00fdch pot\u0159eb\u00e1ch.<\/strong>.<\/em><\/h5>\n<\/blockquote>\n\n\n\n<h4 class=\"wp-block-heading\">V\u00fdzkumn\u00e9 zdroje<\/h4>\n\n\n\n<p>P\u0159i hled\u00e1n\u00ed zp\u016fsob\u016f, jak zm\u00edrnit koliku u kojenc\u016f, je d\u016fle\u017eit\u00e9 konzultovat d\u016fv\u011bryhodn\u00e9 a aktu\u00e1ln\u00ed zdroje. Zde je n\u011bkolik n\u00e1vrh\u016f d\u016fv\u011bryhodn\u00fdch zdroj\u016f pro v\u00fdzkum:<\/p>\n\n\n\n<p>Americk\u00e1 akademie pediatrie: Ofici\u00e1ln\u00ed webov\u00e9 str\u00e1nky AAP nab\u00edzej\u00ed \u0161irokou \u0161k\u00e1lu zdroj\u016f a informac\u00ed o zdrav\u00ed kojenc\u016f, v\u010detn\u011b \u010dl\u00e1nk\u016f o kolice a p\u00e9\u010di o novorozence. (Str\u00e1nky: <a href=\"http:\/\/www.aap.org\">www.aap.org<\/a>)<\/p>\n\n\n\n<p>Klinika Mayo: Klinika Mayo je renomovan\u00e9 zdravotnick\u00e9 za\u0159\u00edzen\u00ed, kter\u00e9 poskytuje d\u016fv\u011bryhodn\u00e9 l\u00e9ka\u0159sk\u00e9 informace. Jejich str\u00e1nky nab\u00edzej\u00ed u\u017eite\u010dn\u00e9 \u010dl\u00e1nky a rady t\u00fdkaj\u00edc\u00ed se koliky u kojenc\u016f. (Str\u00e1nky: <a href=\"http:\/\/www.mayoclinic.org\">www.mayoclinic.org<\/a>)<\/p>\n\n\n\n<p>BabyCenter: Obl\u00edben\u00e9 str\u00e1nky v\u011bnovan\u00e9 zem\u00edm a pe\u010dovatel\u016fm, BabyCenter nab\u00edz\u00ed informace o r\u016fzn\u00fdch ot\u00e1zk\u00e1ch t\u00fdkaj\u00edc\u00edch se zdrav\u00ed a v\u00fdvoje d\u011bt\u00ed, v\u010detn\u011b \u010dl\u00e1nk\u016f o kolice. (Str\u00e1nky: <a href=\"http:\/\/www.babycenter.com\">www.babycenter.com<\/a>)<\/p>\n\n\n\n<p>N\u00e1rodn\u00ed instituty zdrav\u00ed (NIH): NIH je agentura pro l\u00e9ka\u0159sk\u00fd v\u00fdzkum ve Spojen\u00fdch st\u00e1tech, kter\u00e1 poskytuje informace zalo\u017een\u00e9 na d\u016fkazech o \u0161irok\u00e9 \u0161k\u00e1le zdravotn\u00edch t\u00e9mat, v\u010detn\u011b koliky u kojenc\u016f. (Str\u00e1nky: <a href=\"http:\/\/www.nih.gov\">www.nih.gov<\/a>)<\/p>\n\n\n\n<p>WebMD: WebMD je d\u016fv\u011bryhodn\u00fd zdroj l\u00e9ka\u0159sk\u00fdch a zdravotn\u00edch informac\u00ed. Va\u0161e str\u00e1nky obsahuj\u00ed sekce v\u011bnovan\u00e9 t\u00e9mat\u016fm t\u00fdkaj\u00edc\u00edm se kojenc\u016f a d\u011bt\u00ed, kde najdete informace o kolice a \u00falev\u011b od n\u00ed. (Str\u00e1nky: <a href=\"http:\/\/www.webmd.com\">www.webmd.com<\/a>)<\/p>\n\n\n\n<p>V\u017edy si ov\u011b\u0159te d\u016fv\u011bryhodnost zdroj\u016f, kter\u00e9 pou\u017e\u00edv\u00e1te, a pora\u010fte se se zdravotn\u00edky, jako jsou pediat\u0159i, abyste z\u00edskali personalizovan\u00e9 a vhodn\u00e9 rady pro va\u0161e d\u00edt\u011b.<\/p>","protected":false},"excerpt":{"rendered":"<p>Objevte \u00fa\u010dinn\u00e9 techniky pro \u00falevu a pohodl\u00ed od Trazeru<\/p>\n<p>Dr\u017een\u00ed d\u00edt\u011bte p\u0159in\u00e1\u0161\u00ed radost a bezpodm\u00edne\u010dnou l\u00e1sku, ale m\u016f\u017ee tak\u00e9 p\u0159in\u00e9st probl\u00e9my, jako je kolika. Tyto b\u0159i\u0161n\u00ed svaly v\u00e1s mohou znepokojovat a va\u0161e d\u00edt\u011b se m\u016f\u017ee c\u00edtit nepohodln\u011b.<\/p>","protected":false},"author":219,"featured_media":2020,"comment_status":"closed","ping_status":"open","sticky":false,"template":"","format":"standard","meta":{"footnotes":""},"categories":[3],"tags":[386,417,580,1484],"yoast_head":"<!-- This site is optimized with the Yoast SEO plugin v23.3 - https:\/\/yoast.com\/wordpress\/plugins\/seo\/ -->\n<title>Como Aliviar as C\u00f3licas do Beb\u00ea - Universo Fam\u00edlia<\/title>\n<meta name=\"description\" content=\"Como Aliviar as C\u00f3licas do Beb\u00ea. Descubra T\u00e9cnicas Eficazes para Trazer Al\u00edvio e Conforto. A chegada de um beb\u00ea traz alegria e amor...\" \/>\n<meta name=\"robots\" content=\"index, follow, max-snippet:-1, max-image-preview:large, max-video-preview:-1\" \/>\n<link rel=\"canonical\" href=\"https:\/\/universofamilia.com\/cs\/como-aliviar-as-colicas-do-bebe\/\" \/>\n<meta property=\"og:locale\" content=\"cs_CZ\" \/>\n<meta property=\"og:type\" content=\"article\" \/>\n<meta property=\"og:title\" content=\"Como Aliviar as C\u00f3licas do Beb\u00ea - Universo Fam\u00edlia\" \/>\n<meta property=\"og:description\" content=\"Como Aliviar as C\u00f3licas do Beb\u00ea. Descubra T\u00e9cnicas Eficazes para Trazer Al\u00edvio e Conforto. A chegada de um beb\u00ea traz alegria e amor...\" \/>\n<meta property=\"og:url\" content=\"https:\/\/universofamilia.com\/cs\/como-aliviar-as-colicas-do-bebe\/\" \/>\n<meta property=\"og:site_name\" content=\"Universo Fam\u00edlia\" \/>\n<meta property=\"article:published_time\" content=\"2023-05-28T17:00:00+00:00\" \/>\n<meta property=\"article:modified_time\" content=\"2025-10-06T01:56:30+00:00\" \/>\n<meta property=\"og:image\" content=\"https:\/\/universofamilia.com\/wp-content\/uploads\/sites\/148\/2023\/05\/FOTO-DESTAQUE-Colica-Bebe-universo-familia-448x350-.png\" \/>\n\t<meta property=\"og:image:width\" content=\"448\" \/>\n\t<meta property=\"og:image:height\" content=\"350\" \/>\n\t<meta property=\"og:image:type\" content=\"image\/png\" \/>\n<meta name=\"author\" content=\"Matheus Sangaletti\" \/>\n<meta name=\"twitter:card\" content=\"summary_large_image\" \/>\n<meta name=\"twitter:label1\" content=\"Written by\" \/>\n\t<meta name=\"twitter:data1\" content=\"Matheus Sangaletti\" \/>\n\t<meta name=\"twitter:label2\" content=\"Est. reading time\" \/>\n\t<meta name=\"twitter:data2\" content=\"5 minut\" \/>\n<script type=\"application\/ld+json\" class=\"yoast-schema-graph\">{\"@context\":\"https:\/\/schema.org\",\"@graph\":[{\"@type\":\"WebPage\",\"@id\":\"https:\/\/universofamilia.com\/ja\/como-aliviar-as-colicas-do-bebe\/\",\"url\":\"https:\/\/universofamilia.com\/ja\/como-aliviar-as-colicas-do-bebe\/\",\"name\":\"Como Aliviar as C\u00f3licas do Beb\u00ea - Universo Fam\u00edlia\",\"isPartOf\":{\"@id\":\"https:\/\/universofamilia.com\/el\/#website\"},\"primaryImageOfPage\":{\"@id\":\"https:\/\/universofamilia.com\/ja\/como-aliviar-as-colicas-do-bebe\/#primaryimage\"},\"image\":{\"@id\":\"https:\/\/universofamilia.com\/ja\/como-aliviar-as-colicas-do-bebe\/#primaryimage\"},\"thumbnailUrl\":\"https:\/\/universofamilia.com\/wp-content\/uploads\/sites\/148\/2023\/05\/FOTO-DESTAQUE-Colica-Bebe-universo-familia-448x350-.png\",\"datePublished\":\"2023-05-28T17:00:00+00:00\",\"dateModified\":\"2025-10-06T01:56:30+00:00\",\"author\":{\"@id\":\"https:\/\/universofamilia.com\/el\/#\/schema\/person\/92fcd07e9b1f4323bf74f3170fc0f78a\"},\"description\":\"Como Aliviar as C\u00f3licas do Beb\u00ea. Descubra T\u00e9cnicas Eficazes para Trazer Al\u00edvio e Conforto. A chegada de um beb\u00ea traz alegria e amor...\",\"breadcrumb\":{\"@id\":\"https:\/\/universofamilia.com\/ja\/como-aliviar-as-colicas-do-bebe\/#breadcrumb\"},\"inLanguage\":\"cs\",\"potentialAction\":[{\"@type\":\"ReadAction\",\"target\":[\"https:\/\/universofamilia.com\/ja\/como-aliviar-as-colicas-do-bebe\/\"]}]},{\"@type\":\"ImageObject\",\"inLanguage\":\"cs\",\"@id\":\"https:\/\/universofamilia.com\/ja\/como-aliviar-as-colicas-do-bebe\/#primaryimage\",\"url\":\"https:\/\/universofamilia.com\/wp-content\/uploads\/sites\/148\/2023\/05\/FOTO-DESTAQUE-Colica-Bebe-universo-familia-448x350-.png\",\"contentUrl\":\"https:\/\/universofamilia.com\/wp-content\/uploads\/sites\/148\/2023\/05\/FOTO-DESTAQUE-Colica-Bebe-universo-familia-448x350-.png\",\"width\":448,\"height\":350},{\"@type\":\"BreadcrumbList\",\"@id\":\"https:\/\/universofamilia.com\/ja\/como-aliviar-as-colicas-do-bebe\/#breadcrumb\",\"itemListElement\":[{\"@type\":\"ListItem\",\"position\":1,\"name\":\"Home\",\"item\":\"https:\/\/universofamilia.com\/el\/\"},{\"@type\":\"ListItem\",\"position\":2,\"name\":\"Como Aliviar as C\u00f3licas do Beb\u00ea\"}]},{\"@type\":\"WebSite\",\"@id\":\"https:\/\/universofamilia.com\/el\/#website\",\"url\":\"https:\/\/universofamilia.com\/el\/\",\"name\":\"Universo Fam\u00edlia\",\"description\":\"\",\"potentialAction\":[{\"@type\":\"SearchAction\",\"target\":{\"@type\":\"EntryPoint\",\"urlTemplate\":\"https:\/\/universofamilia.com\/el\/?s={search_term_string}\"},\"query-input\":\"required name=search_term_string\"}],\"inLanguage\":\"cs\"},{\"@type\":\"Person\",\"@id\":\"https:\/\/universofamilia.com\/el\/#\/schema\/person\/92fcd07e9b1f4323bf74f3170fc0f78a\",\"name\":\"Matheus Sangaletti\",\"image\":{\"@type\":\"ImageObject\",\"inLanguage\":\"cs\",\"@id\":\"https:\/\/universofamilia.com\/el\/#\/schema\/person\/image\/\",\"url\":\"https:\/\/secure.gravatar.com\/avatar\/280ea957a14a48e6a1ad2133d2cc27c9?s=96&d=mm&r=g\",\"contentUrl\":\"https:\/\/secure.gravatar.com\/avatar\/280ea957a14a48e6a1ad2133d2cc27c9?s=96&d=mm&r=g\",\"caption\":\"Matheus Sangaletti\"},\"url\":\"https:\/\/universofamilia.com\/cs\/author\/matheuss\/\"}]}<\/script>\n<!-- \/ Yoast SEO plugin. -->","yoast_head_json":{"title":"Como Aliviar as C\u00f3licas do Beb\u00ea - Universo Fam\u00edlia","description":"Como Aliviar as C\u00f3licas do Beb\u00ea. Descubra T\u00e9cnicas Eficazes para Trazer Al\u00edvio e Conforto. A chegada de um beb\u00ea traz alegria e amor...","robots":{"index":"index","follow":"follow","max-snippet":"max-snippet:-1","max-image-preview":"max-image-preview:large","max-video-preview":"max-video-preview:-1"},"canonical":"https:\/\/universofamilia.com\/cs\/como-aliviar-as-colicas-do-bebe\/","og_locale":"cs_CZ","og_type":"article","og_title":"Como Aliviar as C\u00f3licas do Beb\u00ea - Universo Fam\u00edlia","og_description":"Como Aliviar as C\u00f3licas do Beb\u00ea. Descubra T\u00e9cnicas Eficazes para Trazer Al\u00edvio e Conforto. A chegada de um beb\u00ea traz alegria e amor...","og_url":"https:\/\/universofamilia.com\/cs\/como-aliviar-as-colicas-do-bebe\/","og_site_name":"Universo Fam\u00edlia","article_published_time":"2023-05-28T17:00:00+00:00","article_modified_time":"2025-10-06T01:56:30+00:00","og_image":[{"width":448,"height":350,"url":"https:\/\/universofamilia.com\/wp-content\/uploads\/sites\/148\/2023\/05\/FOTO-DESTAQUE-Colica-Bebe-universo-familia-448x350-.png","type":"image\/png"}],"author":"Matheus Sangaletti","twitter_card":"summary_large_image","twitter_misc":{"Written by":"Matheus Sangaletti","Est. reading time":"5 minut"},"schema":{"@context":"https:\/\/schema.org","@graph":[{"@type":"WebPage","@id":"https:\/\/universofamilia.com\/ja\/como-aliviar-as-colicas-do-bebe\/","url":"https:\/\/universofamilia.com\/ja\/como-aliviar-as-colicas-do-bebe\/","name":"Como Aliviar as C\u00f3licas do Beb\u00ea - Universo Fam\u00edlia","isPartOf":{"@id":"https:\/\/universofamilia.com\/el\/#website"},"primaryImageOfPage":{"@id":"https:\/\/universofamilia.com\/ja\/como-aliviar-as-colicas-do-bebe\/#primaryimage"},"image":{"@id":"https:\/\/universofamilia.com\/ja\/como-aliviar-as-colicas-do-bebe\/#primaryimage"},"thumbnailUrl":"https:\/\/universofamilia.com\/wp-content\/uploads\/sites\/148\/2023\/05\/FOTO-DESTAQUE-Colica-Bebe-universo-familia-448x350-.png","datePublished":"2023-05-28T17:00:00+00:00","dateModified":"2025-10-06T01:56:30+00:00","author":{"@id":"https:\/\/universofamilia.com\/el\/#\/schema\/person\/92fcd07e9b1f4323bf74f3170fc0f78a"},"description":"Como Aliviar as C\u00f3licas do Beb\u00ea. Descubra T\u00e9cnicas Eficazes para Trazer Al\u00edvio e Conforto. A chegada de um beb\u00ea traz alegria e amor...","breadcrumb":{"@id":"https:\/\/universofamilia.com\/ja\/como-aliviar-as-colicas-do-bebe\/#breadcrumb"},"inLanguage":"cs","potentialAction":[{"@type":"ReadAction","target":["https:\/\/universofamilia.com\/ja\/como-aliviar-as-colicas-do-bebe\/"]}]},{"@type":"ImageObject","inLanguage":"cs","@id":"https:\/\/universofamilia.com\/ja\/como-aliviar-as-colicas-do-bebe\/#primaryimage","url":"https:\/\/universofamilia.com\/wp-content\/uploads\/sites\/148\/2023\/05\/FOTO-DESTAQUE-Colica-Bebe-universo-familia-448x350-.png","contentUrl":"https:\/\/universofamilia.com\/wp-content\/uploads\/sites\/148\/2023\/05\/FOTO-DESTAQUE-Colica-Bebe-universo-familia-448x350-.png","width":448,"height":350},{"@type":"BreadcrumbList","@id":"https:\/\/universofamilia.com\/ja\/como-aliviar-as-colicas-do-bebe\/#breadcrumb","itemListElement":[{"@type":"ListItem","position":1,"name":"Home","item":"https:\/\/universofamilia.com\/el\/"},{"@type":"ListItem","position":2,"name":"Como Aliviar as C\u00f3licas do Beb\u00ea"}]},{"@type":"WebSite","@id":"https:\/\/universofamilia.com\/el\/#website","url":"https:\/\/universofamilia.com\/el\/","name":"Universo Fam\u00edlia","description":"","potentialAction":[{"@type":"SearchAction","target":{"@type":"EntryPoint","urlTemplate":"https:\/\/universofamilia.com\/el\/?s={search_term_string}"},"query-input":"required name=search_term_string"}],"inLanguage":"cs"},{"@type":"Person","@id":"https:\/\/universofamilia.com\/el\/#\/schema\/person\/92fcd07e9b1f4323bf74f3170fc0f78a","name":"Matheus Sangaletti","image":{"@type":"ImageObject","inLanguage":"cs","@id":"https:\/\/universofamilia.com\/el\/#\/schema\/person\/image\/","url":"https:\/\/secure.gravatar.com\/avatar\/280ea957a14a48e6a1ad2133d2cc27c9?s=96&d=mm&r=g","contentUrl":"https:\/\/secure.gravatar.com\/avatar\/280ea957a14a48e6a1ad2133d2cc27c9?s=96&d=mm&r=g","caption":"Matheus Sangaletti"},"url":"https:\/\/universofamilia.com\/cs\/author\/matheuss\/"}]}},"_links":{"self":[{"href":"https:\/\/universofamilia.com\/cs\/wp-json\/wp\/v2\/posts\/2016"}],"collection":[{"href":"https:\/\/universofamilia.com\/cs\/wp-json\/wp\/v2\/posts"}],"about":[{"href":"https:\/\/universofamilia.com\/cs\/wp-json\/wp\/v2\/types\/post"}],"author":[{"embeddable":true,"href":"https:\/\/universofamilia.com\/cs\/wp-json\/wp\/v2\/users\/219"}],"replies":[{"embeddable":true,"href":"https:\/\/universofamilia.com\/cs\/wp-json\/wp\/v2\/comments?post=2016"}],"version-history":[{"count":1,"href":"https:\/\/universofamilia.com\/cs\/wp-json\/wp\/v2\/posts\/2016\/revisions"}],"predecessor-version":[{"id":9884,"href":"https:\/\/universofamilia.com\/cs\/wp-json\/wp\/v2\/posts\/2016\/revisions\/9884"}],"wp:featuredmedia":[{"embeddable":true,"href":"https:\/\/universofamilia.com\/cs\/wp-json\/wp\/v2\/media\/2020"}],"wp:attachment":[{"href":"https:\/\/universofamilia.com\/cs\/wp-json\/wp\/v2\/media?parent=2016"}],"wp:term":[{"taxonomy":"category","embeddable":true,"href":"https:\/\/universofamilia.com\/cs\/wp-json\/wp\/v2\/categories?post=2016"},{"taxonomy":"post_tag","embeddable":true,"href":"https:\/\/universofamilia.com\/cs\/wp-json\/wp\/v2\/tags?post=2016"}],"curies":[{"name":"wp","href":"https:\/\/api.w.org\/{rel}","templated":true}]}}