{"id":2109,"date":"2023-05-31T16:30:11","date_gmt":"2023-05-31T19:30:11","guid":{"rendered":"https:\/\/universofamilia.com\/?p=2109"},"modified":"2023-05-31T16:30:11","modified_gmt":"2023-05-31T19:30:11","slug":"por-que-os-bebes-se-assustam-tanto","status":"publish","type":"post","link":"https:\/\/universofamilia.com\/cs\/por-que-os-bebes-se-assustam-tanto\/","title":{"rendered":"Pro\u010d se miminka tolik boj\u00ed?"},"content":{"rendered":"<p>Pro\u010d se miminka tolik boj\u00ed, pochopte tento emocion\u00e1ln\u00ed a behavior\u00e1ln\u00ed jev.<\/p>\n\n\n\n<p>Miminka jsou zn\u00e1m\u00e1 svou zv\u011bdavou a zranitelnou povahou. V prvn\u00edch m\u011bs\u00edc\u00edch \u017eivota je b\u011b\u017en\u00e9, \u017ee se d\u011bti snadno polekaj\u00ed zd\u00e1nliv\u011b ne\u0161kodn\u00fdmi podn\u011bty.<\/p>\n\n\n\n<p>Tato reakce m\u016f\u017ee zaujmout mnoho zem\u00ed a pe\u010dovatel\u016f a vyvol\u00e1v\u00e1 ot\u00e1zku: pro\u010d se miminka tolik boj\u00ed?<\/p>\n\n\n\n<p>V tomto \u010dl\u00e1nku se budeme zab\u00fdvat t\u00edmto emocion\u00e1ln\u00edm a behavior\u00e1ln\u00edm jevem u kojenc\u016f, nab\u00eddneme vhled do p\u0159\u00ed\u010din jejich chov\u00e1n\u00ed a poskytneme rady, kter\u00e9 pomohou zem\u00edm s t\u011bmito situacemi se vypo\u0159\u00e1dat.<\/p>\n\n\n\n<h3 class=\"wp-block-heading\">Viz tak\u00e9:<\/h3>\n\n\n\n<p><a href=\"https:\/\/universofamilia.com\/cs\/como-aliviar-as-colicas-do-bebe\/\" target=\"_blank\" rel=\"noreferrer noopener\">Jak zm\u00edrnit koliku u kojenc\u016f<\/a><\/p>\n\n\n\n<p><a href=\"https:\/\/universofamilia.com\/cs\/o-que-e-ser-mae\/\" target=\"_blank\" rel=\"noreferrer noopener\">Co je to b\u00fdt matkou?<\/a><\/p>\n\n\n\n<p><a href=\"https:\/\/www.luzbaby.com.br\/\" target=\"_blank\" rel=\"noreferrer noopener\">Luz Baby je jeden z nejlep\u0161\u00edch obchod\u016f s kojeneck\u00fdmi pot\u0159ebami. Klikn\u011bte zde.<\/a><\/p>\n\n\n<div class=\"wp-block-image\">\n<figure class=\"aligncenter size-full\"><img loading=\"lazy\" decoding=\"async\" width=\"550\" height=\"350\" src=\"http:\/\/universofamilia.com\/wp-content\/uploads\/sites\/148\/2023\/05\/POST-SUSTO-BEBe-universo-familia-.png\" alt=\"\" class=\"wp-image-2110\" srcset=\"https:\/\/universofamilia.com\/wp-content\/uploads\/sites\/148\/2023\/05\/POST-SUSTO-BEBe-universo-familia-.png 550w, https:\/\/universofamilia.com\/wp-content\/uploads\/sites\/148\/2023\/05\/POST-SUSTO-BEBe-universo-familia--300x191.png 300w\" sizes=\"(max-width: 550px) 100vw, 550px\" \/><\/figure><\/div>\n\n\n<h4 class=\"wp-block-heading\">Senzorick\u00fd v\u00fdvoj v prvn\u00edch m\u011bs\u00edc\u00edch<\/h4>\n\n\n\n<p>Miminka proch\u00e1zej\u00ed v prvn\u00edch m\u011bs\u00edc\u00edch \u017eivota rychl\u00fdm smyslov\u00fdm v\u00fdvojem. Jejich smysly sluch, zrak a tetov\u00e1n\u00ed se neust\u00e1le vyv\u00edjej\u00ed, co\u017e znamen\u00e1, \u017ee vst\u0159eb\u00e1vaj\u00ed zcela nov\u00fd sv\u011bt.<\/p>\n\n\n\n<p>V d\u016fsledku toho mohou b\u00fdt i m\u00edrn\u00e9 a b\u011b\u017en\u00e9 podn\u011bty vn\u00edm\u00e1ny jako ohro\u017euj\u00edc\u00ed pro d\u00edt\u011b, kter\u00e9 si st\u00e1le zvyk\u00e1 na sv\u00e9 prost\u0159ed\u00ed.<\/p>\n\n\n\n<h4 class=\"wp-block-heading\">Mimovoln\u00ed \u00faleky<\/h4>\n\n\n\n<p>Krom\u011b senzorick\u00e9ho v\u00fdvoje maj\u00ed kojenci tak\u00e9 reflex zvan\u00fd \u201elekav\u00fd reflex\u201c nebo \u201eMoro\u016fv reflex\u201c. Tento odraz je mimovoln\u00ed reakc\u00ed na n\u00e1hl\u00fd podn\u011bt, jako je hlasit\u00fd zvuk nebo n\u00e1hl\u00e1 zm\u011bna prost\u0159ed\u00ed.<\/p>\n\n\n\n<p>Kdy\u017e d\u00edt\u011b n\u011bco takov\u00e9ho p\u0159ekvap\u00ed, m\u016f\u017ee nat\u00e1hnout ru\u010di\u010dky, rozt\u00e1hnout pa\u017ee a prohnout pa\u017ee. Tento odraz lze myln\u011b interpretovat jako strach nebo strach, ale ve skute\u010dnosti se jedn\u00e1 o automatickou reakci nezral\u00e9ho nervov\u00e9ho syst\u00e9mu d\u00edt\u011bte.<\/p>\n\n\n\n<h4 class=\"wp-block-heading\">Vn\u00edm\u00e1n\u00ed hrozby<\/h4>\n\n\n\n<p>Miminka se neust\u00e1le u\u010d\u00ed o sv\u011bt\u011b kolem sebe a uv\u011bdom\u011bn\u00ed si toho je d\u016fle\u017eitou sou\u010d\u00e1st\u00ed tohoto procesu.<\/p>\n\n\n\n<p>Proto\u017ee nemaj\u00ed schopnost rozli\u0161it, co je skute\u010dn\u011b nebezpe\u010dn\u00e9 a co ne, je p\u0159irozen\u00e9, \u017ee intenzivn\u011b reaguj\u00ed na jak\u00fdkoli nezn\u00e1m\u00fd nebo neo\u010dek\u00e1van\u00fd podn\u011bt.<\/p>\n\n\n\n<p>Tato reakce je formou sebez\u00e1chovy a lze ji pova\u017eovat za evolu\u010dn\u00ed reakci, kter\u00e1 pom\u00e1h\u00e1 zajistit p\u0159e\u017eit\u00ed.<\/p>\n\n\n\n<h4 class=\"wp-block-heading\">Vliv prost\u0159ed\u00ed<\/h4>\n\n\n\n<p>Prost\u0159ed\u00ed, ve kter\u00e9m d\u00edt\u011b vyr\u016fst\u00e1, hraje tak\u00e9 v\u00fdznamnou roli v jeho sklonu k strachu. Chaotick\u00e9 prost\u0159ed\u00ed s velmi hlasit\u00fdmi zvuky a neust\u00e1l\u00fdmi podn\u011bty m\u016f\u017ee zp\u016fsobit, \u017ee se d\u00edt\u011b dostane do stavu neust\u00e1l\u00e9 bd\u011blosti a sn\u00e1ze se vyd\u011bs\u00ed.<\/p>\n\n\n\n<p>Na druhou stranu, klidn\u00e9 a bezpe\u010dn\u00e9 prost\u0159ed\u00ed s pravideln\u00fdmi rutinami a pocitem zn\u00e1mosti m\u016f\u017ee d\u00edt\u011bti pomoci c\u00edtit se klidn\u011bji a m\u00e9n\u011b n\u00e1chyln\u00e9 k vyd\u011b\u0161en\u00fdm reakc\u00edm.<\/p>\n\n\n\n<h4 class=\"wp-block-heading\">Tipy, jak se vypo\u0159\u00e1dat se strachy<\/h4>\n\n\n\n<p>Abychom v\u00e1m pomohli zvl\u00e1dat \u010dast\u00e9 strachy, kter\u00e9 miminka mohou za\u017e\u00edvat, zde je n\u011bkolik u\u017eite\u010dn\u00fdch tip\u016f:<\/p>\n\n\n\n<p><strong>Zachovejte klid<\/strong>Kdy\u017e se d\u00edt\u011b boj\u00ed, je d\u016fle\u017eit\u00e9, aby va\u0161e okol\u00ed z\u016fstalo klidn\u00e9. Miminka mohou vn\u00edmat a vst\u0159eb\u00e1vat \u00fazkost dvou pe\u010dovatel\u016f, nebo to m\u016f\u017ee zvy\u0161ovat jejich vlastn\u00ed neklid.<\/p>\n\n\n\n<p>Zachov\u00e1n\u00edm klidu krajina p\u0159ed\u00e1v\u00e1 d\u00edt\u011bti pocit bezpe\u010d\u00ed a klidu.<\/p>\n\n\n\n<p><strong>Nab\u00edz\u00ed fyzick\u00e9 pohodl\u00ed<\/strong>Objet\u00ed, jemn\u00e9 pohlazen\u00ed a fyzick\u00fd kontakt mohou b\u00fdt pro d\u00edt\u011b po strachu uklid\u0148uj\u00edc\u00ed. Pom\u00e1haj\u00ed nastolit pocit bezpe\u010d\u00ed a ochrany, uklid\u0148uj\u00ed a zm\u00edr\u0148uj\u00ed va\u0161e emocion\u00e1ln\u00ed nepohodl\u00ed.<\/p>\n\n\n\n<p><strong>Vytvo\u0159te bezpe\u010dn\u00e9 prost\u0159ed\u00ed<\/strong>: Ujist\u011bte se, \u017ee prost\u0159ed\u00ed, ve kter\u00e9m d\u00edt\u011b tr\u00e1v\u00ed v\u011bt\u0161inu \u010dasu, je bezpe\u010dn\u00e9 a bez nadm\u011brn\u00fdch podn\u011bt\u016f. Sni\u017ete hluk, vyh\u00fdbejte se jasn\u00e9mu sv\u011btlu a vytvo\u0159te klidnou a uklid\u0148uj\u00edc\u00ed atmosf\u00e9ru.<\/p>\n\n\n\n<p>D\u00edky tomu se d\u00edt\u011b bude c\u00edtit bezpe\u010dn\u011bji a m\u00e9n\u011b n\u00e1chyln\u00e9 ke strachu.<\/p>\n\n\n\n<p><strong>Postupn\u011b zav\u00e1d\u011bjte nov\u00e9 podn\u011bty<\/strong>Jak se va\u0161e d\u00edt\u011b vyv\u00edj\u00ed, je d\u016fle\u017eit\u00e9 ho postupn\u011b vystavovat nov\u00fdm podn\u011bt\u016fm a situac\u00edm. Zvuky, sv\u011btla a textury zav\u00e1d\u011bjte jemn\u00fdm a kontrolovan\u00fdm zp\u016fsobem, aby si na n\u011b d\u00edt\u011b mohlo pomalu zvykat.<\/p>\n\n\n\n<p>To pom\u016f\u017ee sn\u00ed\u017eit dopad nov\u00fdch podn\u011bt\u016f a podpo\u0159\u00ed klidn\u011bj\u0161\u00ed adaptaci.<\/p>\n\n\n\n<p><strong>Zave\u010fte rutiny a p\u0159edv\u00eddatelnost<\/strong>Miminka se c\u00edt\u00ed bezpe\u010dn\u011bji, kdy\u017e maj\u00ed konzistentn\u00ed a p\u0159edv\u00eddateln\u00fd re\u017eim. To jim d\u00e1v\u00e1 pocit kontroly a stability ve va\u0161em prost\u0159ed\u00ed.<\/p>\n\n\n\n<p>Dodr\u017eujte pravideln\u00e9 \u010dasy pro krmen\u00ed, sp\u00e1nek a aktivity, aby d\u00edt\u011b v\u011bd\u011blo, co m\u016f\u017ee o\u010dek\u00e1vat, a t\u00edm se sn\u00ed\u017e\u00ed pravd\u011bpodobnost strachu.<\/p>\n\n\n\n<h4 class=\"wp-block-heading\">Z\u00e1v\u011br<\/h4>\n\n\n\n<p>\u010cast\u00e9 strachy, kter\u00e9 miminka za\u017e\u00edvaj\u00ed, jsou norm\u00e1ln\u00ed sou\u010d\u00e1st\u00ed jejich v\u00fdvoje. K t\u00e9to reakci p\u0159isp\u00edvaj\u00ed va\u0161e smysly ve v\u00fdvoji, mimovoln\u00ed reflexy a vn\u00edm\u00e1n\u00ed l\u00e1sky.<\/p>\n\n\n\n<p>Je d\u016fle\u017eit\u00e9 si uv\u011bdomit, \u017ee miminka jsou z\u00e1visl\u00e1 na dvou zem\u00edch a pe\u010dovatel\u00edch, aby se c\u00edtila bezpe\u010dn\u011b a chr\u00e1n\u011bna.<\/p>\n\n\n\n<p>Pochopen\u00edm d\u016fvodu, pro\u010d se d\u011bti boj\u00ed, a aplikac\u00ed technik k \u0159e\u0161en\u00ed t\u011bchto situac\u00ed m\u016f\u017eeme na\u0161im d\u011btem pomoci c\u00edtit se ve sv\u00e9m prost\u0159ed\u00ed klidn\u011bji a bezpe\u010dn\u011bji.<\/p>\n\n\n\n<p>Udr\u017eov\u00e1n\u00edm klidu, poskytov\u00e1n\u00edm fyzick\u00e9 pohodl\u00ed, vytv\u00e1\u0159en\u00edm bezpe\u010dn\u00e9ho prost\u0159ed\u00ed, postupn\u00fdm zav\u00e1d\u011bn\u00edm nov\u00fdch podn\u011bt\u016f a stanoven\u00edm pl\u00e1novan\u00fdch rutin je mo\u017en\u00e9 pomoci d\u011btem l\u00e9pe se vyrovnat se strachem a podpo\u0159it zdrav\u00fd a emocion\u00e1ln\u011b vyv\u00e1\u017een\u00fd v\u00fdvoj.<\/p>\n\n\n\n<p>Uv\u011bdomte si, \u017ee ka\u017ed\u00e9 d\u00edt\u011b je jedine\u010dn\u00e9 a m\u016f\u017ee reagovat na podn\u011bty odli\u0161n\u011b. Pozorov\u00e1n\u00ed a pochopen\u00ed individu\u00e1ln\u00edch pot\u0159eb va\u0161eho d\u00edt\u011bte je nezbytn\u00e9 pro poskytnut\u00ed pot\u0159ebn\u00e9 podpory v t\u011bchto d\u011bsiv\u00fdch chv\u00edl\u00edch.<\/p>\n\n\n\n<h4 class=\"wp-block-heading\">Zdroje pro v\u00fdzkum<\/h4>\n\n\n\n<p>Zde je n\u011bkolik doporu\u010den\u00fdch font\u016f, kter\u00e9 m\u016f\u017eete pou\u017e\u00edt pro sv\u016fj v\u00fdzkum:<\/p>\n\n\n\n<p><strong>V\u011bdeck\u00e9 \u010dl\u00e1nky<\/strong>Z\u00edskejte p\u0159\u00edstup k akademick\u00fdm datab\u00e1z\u00edm, jako jsou PubMed a Google Scholar, a vyhledejte v\u011bdeck\u00e9 studie t\u00fdkaj\u00edc\u00ed se emocion\u00e1ln\u00edho a senzorick\u00e9ho v\u00fdvoje kojenc\u016f.<\/p>\n\n\n\n<p><strong>Specializovan\u00e9 knihy<\/strong>Hledejte knihy napsan\u00e9 specialisty na v\u00fdvoj d\u00edt\u011bte, psychologii nebo pediatrii. Mezi relevantn\u00ed tituly pat\u0159\u00ed nap\u0159\u00edklad \u201eV\u011bda o rodi\u010dovstv\u00ed\u201c od Margot Sunderland a \u201e\u00da\u017easn\u00e9 t\u00fddny\u201c od Hetty van de Rijt a Franse Plooije.<\/p>\n\n\n\n<p><strong>Renomina\u010dn\u00ed organizace<\/strong>Nav\u0161tivte webov\u00e9 str\u00e1nky znovuz\u0159\u00edzen\u00fdch organizac\u00ed v oblasti d\u011btsk\u00e9ho zdrav\u00ed, jako je Americk\u00e1 akademie pediatrie (AAP) a Sv\u011btov\u00e1 zdravotnick\u00e1 organizace (WHO). Tyto instituce obvykle zve\u0159ej\u0148uj\u00ed aktualizovan\u00e9 pokyny a informace o v\u00fdvoji a p\u00e9\u010di o kojence.<\/p>\n\n\n\n<p>Blogy a d\u016fv\u011bryhodn\u00e9 weby: Existuje mnoho blog\u016f a web\u016f, kter\u00e9 se v\u011bnuj\u00ed poskytov\u00e1n\u00ed d\u016fv\u011bryhodn\u00fdch informac\u00ed o v\u00fdvoji d\u00edt\u011bte. Mezi p\u0159\u00edklady pat\u0159\u00ed Verywell Family, HealthyChildren.org a BabyCenter.<\/p>\n\n\n\n<p>Certifik\u00e1t \u2013 v\u017edy si ov\u011b\u0159te d\u016fv\u011bryhodnost zdroj\u016f, kter\u00e9 pou\u017e\u00edv\u00e1te, a vyhled\u00e1vejte informace od kvalifikovan\u00fdch odborn\u00edk\u016f s v\u011bdeck\u00fdm podkladem. P\u0159i citov\u00e1n\u00ed nebo pou\u017eit\u00ed informac\u00ed z jin\u00fdch zdroj\u016f je tak\u00e9 d\u016fle\u017eit\u00e9 uv\u00e9st dostate\u010dn\u00e9 odkazy, abyste se vyhnuli plagi\u00e1torstv\u00ed, a uv\u00e9st nebo zav\u00e1zat se k autor\u016fm p\u016fvodn\u00edho zdroje.<\/p>","protected":false},"excerpt":{"rendered":"<p>Pro\u010d se miminka tolik boj\u00ed, pochopte tento emocion\u00e1ln\u00ed a behavior\u00e1ln\u00ed jev.<br \/>\nMiminka jsou zn\u00e1m\u00e1 svou zv\u011bdavou a zranitelnou povahou. V prvn\u00edch m\u011bs\u00edc\u00edch \u017eivota je b\u011b\u017en\u00e9, \u017ee se d\u011bti snadno polekaj\u00ed zd\u00e1nliv\u011b ne\u0161kodn\u00fdmi podn\u011bty.<br \/>\nTato reakce m\u016f\u017ee zaujmout mnoho zem\u00ed a pe\u010dovatel\u016f a vyvol\u00e1v\u00e1 ot\u00e1zku: pro\u010d se miminka tolik boj\u00ed?<br \/>\nV tomto \u010dl\u00e1nku se budeme zab\u00fdvat t\u00edmto emocion\u00e1ln\u00edm a behavior\u00e1ln\u00edm jevem u kojenc\u016f, nab\u00eddneme vhled do p\u0159\u00ed\u010din jejich chov\u00e1n\u00ed a poskytneme rady, kter\u00e9 pomohou zem\u00edm s t\u011bmito situacemi se vypo\u0159\u00e1dat.<\/p>","protected":false},"author":0,"featured_media":2111,"comment_status":"closed","ping_status":"open","sticky":false,"template":"","format":"standard","meta":{"footnotes":""},"categories":[5],"tags":[417,509,1397],"yoast_head":"<!-- This site is optimized with the Yoast SEO plugin v23.3 - https:\/\/yoast.com\/wordpress\/plugins\/seo\/ -->\n<title>Por que os beb\u00eas se assustam tanto - Universo Fam\u00edlia<\/title>\n<meta name=\"description\" content=\"Por que os beb\u00eas se assustam tanto, entenda esse fen\u00f4meno emocional e comportamental.\" \/>\n<meta name=\"robots\" content=\"index, follow, max-snippet:-1, max-image-preview:large, max-video-preview:-1\" \/>\n<link rel=\"canonical\" href=\"https:\/\/universofamilia.com\/cs\/por-que-os-bebes-se-assustam-tanto\/\" \/>\n<meta property=\"og:locale\" content=\"cs_CZ\" \/>\n<meta property=\"og:type\" content=\"article\" \/>\n<meta property=\"og:title\" content=\"Por que os beb\u00eas se assustam tanto - Universo Fam\u00edlia\" \/>\n<meta property=\"og:description\" content=\"Por que os beb\u00eas se assustam tanto, entenda esse fen\u00f4meno emocional e comportamental.\" \/>\n<meta property=\"og:url\" content=\"https:\/\/universofamilia.com\/cs\/por-que-os-bebes-se-assustam-tanto\/\" \/>\n<meta property=\"og:site_name\" content=\"Universo Fam\u00edlia\" \/>\n<meta property=\"article:published_time\" content=\"2023-05-31T19:30:11+00:00\" \/>\n<meta property=\"og:image\" content=\"https:\/\/universofamilia.com\/wp-content\/uploads\/sites\/148\/2023\/05\/FOTO-DESTAQUE-SUSTO-BEBE-universo-familia-448x350-.png\" \/>\n\t<meta property=\"og:image:width\" content=\"448\" \/>\n\t<meta property=\"og:image:height\" content=\"350\" \/>\n\t<meta property=\"og:image:type\" content=\"image\/png\" \/>\n<meta name=\"twitter:card\" content=\"summary_large_image\" \/>\n<meta name=\"twitter:label1\" content=\"Est. reading time\" \/>\n\t<meta name=\"twitter:data1\" content=\"6 minut\" \/>\n<script type=\"application\/ld+json\" class=\"yoast-schema-graph\">{\"@context\":\"https:\/\/schema.org\",\"@graph\":[{\"@type\":\"WebPage\",\"@id\":\"https:\/\/universofamilia.com\/ja\/por-que-os-bebes-se-assustam-tanto\/\",\"url\":\"https:\/\/universofamilia.com\/ja\/por-que-os-bebes-se-assustam-tanto\/\",\"name\":\"Por que os beb\u00eas se assustam tanto - Universo Fam\u00edlia\",\"isPartOf\":{\"@id\":\"https:\/\/universofamilia.com\/el\/#website\"},\"primaryImageOfPage\":{\"@id\":\"https:\/\/universofamilia.com\/ja\/por-que-os-bebes-se-assustam-tanto\/#primaryimage\"},\"image\":{\"@id\":\"https:\/\/universofamilia.com\/ja\/por-que-os-bebes-se-assustam-tanto\/#primaryimage\"},\"thumbnailUrl\":\"https:\/\/universofamilia.com\/wp-content\/uploads\/sites\/148\/2023\/05\/FOTO-DESTAQUE-SUSTO-BEBE-universo-familia-448x350-.png\",\"datePublished\":\"2023-05-31T19:30:11+00:00\",\"dateModified\":\"2023-05-31T19:30:11+00:00\",\"author\":{\"@id\":\"\"},\"description\":\"Por que os beb\u00eas se assustam tanto, entenda esse fen\u00f4meno emocional e comportamental.\",\"breadcrumb\":{\"@id\":\"https:\/\/universofamilia.com\/ja\/por-que-os-bebes-se-assustam-tanto\/#breadcrumb\"},\"inLanguage\":\"cs\",\"potentialAction\":[{\"@type\":\"ReadAction\",\"target\":[\"https:\/\/universofamilia.com\/ja\/por-que-os-bebes-se-assustam-tanto\/\"]}]},{\"@type\":\"ImageObject\",\"inLanguage\":\"cs\",\"@id\":\"https:\/\/universofamilia.com\/ja\/por-que-os-bebes-se-assustam-tanto\/#primaryimage\",\"url\":\"https:\/\/universofamilia.com\/wp-content\/uploads\/sites\/148\/2023\/05\/FOTO-DESTAQUE-SUSTO-BEBE-universo-familia-448x350-.png\",\"contentUrl\":\"https:\/\/universofamilia.com\/wp-content\/uploads\/sites\/148\/2023\/05\/FOTO-DESTAQUE-SUSTO-BEBE-universo-familia-448x350-.png\",\"width\":448,\"height\":350},{\"@type\":\"BreadcrumbList\",\"@id\":\"https:\/\/universofamilia.com\/ja\/por-que-os-bebes-se-assustam-tanto\/#breadcrumb\",\"itemListElement\":[{\"@type\":\"ListItem\",\"position\":1,\"name\":\"Home\",\"item\":\"https:\/\/universofamilia.com\/el\/\"},{\"@type\":\"ListItem\",\"position\":2,\"name\":\"Por que os beb\u00eas se assustam tanto\"}]},{\"@type\":\"WebSite\",\"@id\":\"https:\/\/universofamilia.com\/el\/#website\",\"url\":\"https:\/\/universofamilia.com\/el\/\",\"name\":\"Universo Fam\u00edlia\",\"description\":\"\",\"potentialAction\":[{\"@type\":\"SearchAction\",\"target\":{\"@type\":\"EntryPoint\",\"urlTemplate\":\"https:\/\/universofamilia.com\/el\/?s={search_term_string}\"},\"query-input\":\"required name=search_term_string\"}],\"inLanguage\":\"cs\"}]}<\/script>\n<!-- \/ Yoast SEO plugin. -->","yoast_head_json":{"title":"Por que os beb\u00eas se assustam tanto - Universo Fam\u00edlia","description":"Por que os beb\u00eas se assustam tanto, entenda esse fen\u00f4meno emocional e comportamental.","robots":{"index":"index","follow":"follow","max-snippet":"max-snippet:-1","max-image-preview":"max-image-preview:large","max-video-preview":"max-video-preview:-1"},"canonical":"https:\/\/universofamilia.com\/cs\/por-que-os-bebes-se-assustam-tanto\/","og_locale":"cs_CZ","og_type":"article","og_title":"Por que os beb\u00eas se assustam tanto - Universo Fam\u00edlia","og_description":"Por que os beb\u00eas se assustam tanto, entenda esse fen\u00f4meno emocional e comportamental.","og_url":"https:\/\/universofamilia.com\/cs\/por-que-os-bebes-se-assustam-tanto\/","og_site_name":"Universo Fam\u00edlia","article_published_time":"2023-05-31T19:30:11+00:00","og_image":[{"width":448,"height":350,"url":"https:\/\/universofamilia.com\/wp-content\/uploads\/sites\/148\/2023\/05\/FOTO-DESTAQUE-SUSTO-BEBE-universo-familia-448x350-.png","type":"image\/png"}],"twitter_card":"summary_large_image","twitter_misc":{"Est. reading time":"6 minut"},"schema":{"@context":"https:\/\/schema.org","@graph":[{"@type":"WebPage","@id":"https:\/\/universofamilia.com\/ja\/por-que-os-bebes-se-assustam-tanto\/","url":"https:\/\/universofamilia.com\/ja\/por-que-os-bebes-se-assustam-tanto\/","name":"Por que os beb\u00eas se assustam tanto - Universo Fam\u00edlia","isPartOf":{"@id":"https:\/\/universofamilia.com\/el\/#website"},"primaryImageOfPage":{"@id":"https:\/\/universofamilia.com\/ja\/por-que-os-bebes-se-assustam-tanto\/#primaryimage"},"image":{"@id":"https:\/\/universofamilia.com\/ja\/por-que-os-bebes-se-assustam-tanto\/#primaryimage"},"thumbnailUrl":"https:\/\/universofamilia.com\/wp-content\/uploads\/sites\/148\/2023\/05\/FOTO-DESTAQUE-SUSTO-BEBE-universo-familia-448x350-.png","datePublished":"2023-05-31T19:30:11+00:00","dateModified":"2023-05-31T19:30:11+00:00","author":{"@id":""},"description":"Por que os beb\u00eas se assustam tanto, entenda esse fen\u00f4meno emocional e comportamental.","breadcrumb":{"@id":"https:\/\/universofamilia.com\/ja\/por-que-os-bebes-se-assustam-tanto\/#breadcrumb"},"inLanguage":"cs","potentialAction":[{"@type":"ReadAction","target":["https:\/\/universofamilia.com\/ja\/por-que-os-bebes-se-assustam-tanto\/"]}]},{"@type":"ImageObject","inLanguage":"cs","@id":"https:\/\/universofamilia.com\/ja\/por-que-os-bebes-se-assustam-tanto\/#primaryimage","url":"https:\/\/universofamilia.com\/wp-content\/uploads\/sites\/148\/2023\/05\/FOTO-DESTAQUE-SUSTO-BEBE-universo-familia-448x350-.png","contentUrl":"https:\/\/universofamilia.com\/wp-content\/uploads\/sites\/148\/2023\/05\/FOTO-DESTAQUE-SUSTO-BEBE-universo-familia-448x350-.png","width":448,"height":350},{"@type":"BreadcrumbList","@id":"https:\/\/universofamilia.com\/ja\/por-que-os-bebes-se-assustam-tanto\/#breadcrumb","itemListElement":[{"@type":"ListItem","position":1,"name":"Home","item":"https:\/\/universofamilia.com\/el\/"},{"@type":"ListItem","position":2,"name":"Por que os beb\u00eas se assustam tanto"}]},{"@type":"WebSite","@id":"https:\/\/universofamilia.com\/el\/#website","url":"https:\/\/universofamilia.com\/el\/","name":"Universo Fam\u00edlia","description":"","potentialAction":[{"@type":"SearchAction","target":{"@type":"EntryPoint","urlTemplate":"https:\/\/universofamilia.com\/el\/?s={search_term_string}"},"query-input":"required name=search_term_string"}],"inLanguage":"cs"}]}},"_links":{"self":[{"href":"https:\/\/universofamilia.com\/cs\/wp-json\/wp\/v2\/posts\/2109"}],"collection":[{"href":"https:\/\/universofamilia.com\/cs\/wp-json\/wp\/v2\/posts"}],"about":[{"href":"https:\/\/universofamilia.com\/cs\/wp-json\/wp\/v2\/types\/post"}],"replies":[{"embeddable":true,"href":"https:\/\/universofamilia.com\/cs\/wp-json\/wp\/v2\/comments?post=2109"}],"version-history":[{"count":0,"href":"https:\/\/universofamilia.com\/cs\/wp-json\/wp\/v2\/posts\/2109\/revisions"}],"wp:featuredmedia":[{"embeddable":true,"href":"https:\/\/universofamilia.com\/cs\/wp-json\/wp\/v2\/media\/2111"}],"wp:attachment":[{"href":"https:\/\/universofamilia.com\/cs\/wp-json\/wp\/v2\/media?parent=2109"}],"wp:term":[{"taxonomy":"category","embeddable":true,"href":"https:\/\/universofamilia.com\/cs\/wp-json\/wp\/v2\/categories?post=2109"},{"taxonomy":"post_tag","embeddable":true,"href":"https:\/\/universofamilia.com\/cs\/wp-json\/wp\/v2\/tags?post=2109"}],"curies":[{"name":"wp","href":"https:\/\/api.w.org\/{rel}","templated":true}]}}