{"id":2207,"date":"2023-06-02T23:02:38","date_gmt":"2023-06-03T02:02:38","guid":{"rendered":"https:\/\/universofamilia.com\/?p=2207"},"modified":"2023-06-02T23:02:38","modified_gmt":"2023-06-03T02:02:38","slug":"dificuldade-de-audicao-em-criancas","status":"publish","type":"post","link":"https:\/\/universofamilia.com\/cs\/dificuldade-de-audicao-em-criancas\/","title":{"rendered":"Pot\u00ed\u017ee se sluchem u d\u011bt\u00ed: P\u0159\u00edznaky, p\u00e9\u010de a diagnostika"},"content":{"rendered":"<p>Pot\u00ed\u017ee se sluchem u d\u011bt\u00ed: p\u0159\u00edznaky, p\u00e9\u010de a diagnostika. Sluch hraje kl\u00ed\u010dovou roli ve v\u00fdvoji u\u010den\u00ed v d\u011btstv\u00ed.<\/p>\n\n\n\n<p>N\u011bkter\u00e9 d\u011bti bohu\u017eel \u010del\u00ed poruch\u00e1m sluchu, co\u017e m\u016f\u017ee negativn\u011b ovlivnit kvalitu jejich \u017eivota a akademick\u00e9 v\u00fdsledky.<\/p>\n\n\n\n<p>V tomto \u010dl\u00e1nku se budeme zab\u00fdvat p\u0159\u00edznaky poruch sluchu u d\u011bt\u00ed, nezbytnou p\u00e9\u010d\u00ed a t\u00edm, jak stanovit adekv\u00e1tn\u00ed diagn\u00f3zu.<\/p>\n\n\n\n<h3 class=\"wp-block-heading\">Viz tak\u00e9:<\/h3>\n\n\n\n<p><a href=\"https:\/\/universofamilia.com\/cs\/como-aliviar-as-colicas-do-bebe\/\" target=\"_blank\" rel=\"noreferrer noopener\">Jak zm\u00edrnit koliku u kojenc\u016f<\/a><\/p>\n\n\n\n<p><a href=\"https:\/\/universofamilia.com\/cs\/por-que-os-bebes-se-assustam-tanto\/\" target=\"_blank\" rel=\"noreferrer noopener\">Pro\u010d se miminka tolik boj\u00ed?<\/a><\/p>\n\n\n\n<p><a href=\"https:\/\/www.luzbaby.com.br\/\" target=\"_blank\" rel=\"noreferrer noopener\">Luz Baby je jeden z nejlep\u0161\u00edch obchod\u016f s kojeneck\u00fdmi pot\u0159ebami. Klikn\u011bte zde.<\/a><\/p>\n\n\n\n<h4 class=\"wp-block-heading\">P\u0159\u00edznaky poruch sluchu u d\u011bt\u00ed<\/h4>\n\n\n<div class=\"wp-block-image\">\n<figure class=\"aligncenter size-full\"><img loading=\"lazy\" decoding=\"async\" width=\"550\" height=\"350\" src=\"http:\/\/universofamilia.com\/wp-content\/uploads\/sites\/148\/2023\/06\/POST-DIFICULDADE-DE-OUVIR-universo-familia-2.png\" alt=\"\" class=\"wp-image-2208\" srcset=\"https:\/\/universofamilia.com\/wp-content\/uploads\/sites\/148\/2023\/06\/POST-DIFICULDADE-DE-OUVIR-universo-familia-2.png 550w, https:\/\/universofamilia.com\/wp-content\/uploads\/sites\/148\/2023\/06\/POST-DIFICULDADE-DE-OUVIR-universo-familia-2-300x191.png 300w\" sizes=\"(max-width: 550px) 100vw, 550px\" \/><\/figure><\/div>\n\n\n<p>Identifikace poruch sluchu u d\u011bt\u00ed m\u016f\u017ee b\u00fdt n\u00e1ro\u010dn\u00e1, proto\u017ee p\u0159\u00edznaky se mohou li\u0161it v z\u00e1vislosti na z\u00e1va\u017enosti probl\u00e9mu. Zde je n\u011bkolik b\u011b\u017en\u00fdch p\u0159\u00edznak\u016f, kter\u00e9 je t\u0159eba dodr\u017eovat:<\/p>\n\n\n\n<p><strong>Zpo\u017ed\u011bn\u00e1 \u0159e\u010d<\/strong>D\u011bti se sluchov\u00fdmi pot\u00ed\u017eemi \u010dasto za\u017e\u00edvaj\u00ed v\u00fdrazn\u00e9 zpo\u017ed\u011bn\u00ed v osvojov\u00e1n\u00ed jazyka a nedostate\u010dn\u00fd rozvoj jazyka.<\/p>\n\n\n\n<p><strong>Obt\u00ed\u017ee s dodr\u017eov\u00e1n\u00edm pokyn\u016f<\/strong>Pokud d\u00edt\u011b nereaguje dostate\u010dn\u011b na jednoduch\u00e9 slovn\u00ed povely nebo m\u00e1 pot\u00ed\u017ee s porozum\u011bn\u00edm a dodr\u017eov\u00e1n\u00edm pokyn\u016f, m\u016f\u017ee to znamenat probl\u00e9m se sluchem.<\/p>\n\n\n\n<p><strong>P\u0159\u00edli\u0161 hlasit\u00e1 televize nebo r\u00e1dio<\/strong>Pokud d\u00edt\u011b v\u017edycky rad\u011bji zvy\u0161uje hlasitost televize nebo r\u00e1dia na nep\u0159\u00edjemn\u011b vysokou \u00farove\u0148, m\u016f\u017ee to b\u00fdt zn\u00e1mkou toho, \u017ee m\u00e1 pot\u00ed\u017ee se sluchem.<\/p>\n\n\n\n<p><strong>Probl\u00e9my s koncentrac\u00ed<\/strong>D\u011bti s poruchami sluchu mohou m\u00edt pot\u00ed\u017ee s koncentrac\u00ed ve t\u0159\u00edd\u011b nebo v hlu\u010dn\u00e9m prost\u0159ed\u00ed kv\u016fli senzorick\u00e9mu p\u0159et\u00ed\u017een\u00ed.<\/p>\n\n\n\n<p><strong>Zpo\u017ed\u011bn\u00ed v selh\u00e1n\u00ed a nedostate\u010dn\u00fd v\u00fdvoj jazyka<\/strong>Krom\u011b opo\u017ed\u011bn\u00e9 \u0159e\u010di mohou m\u00edt d\u011bti pot\u00ed\u017ee se spr\u00e1vnou artikulac\u00ed slov nebo se spr\u00e1vn\u00fdm porozum\u011bn\u00edm a pou\u017e\u00edv\u00e1n\u00edm jazyk\u016f.<\/p>\n\n\n<div class=\"wp-block-image\">\n<figure class=\"aligncenter size-full\"><img loading=\"lazy\" decoding=\"async\" width=\"550\" height=\"350\" src=\"http:\/\/universofamilia.com\/wp-content\/uploads\/sites\/148\/2023\/06\/POST-DIFICULDADE-DE-OUVIR-universo-familia-1.png\" alt=\"\" class=\"wp-image-2209\" srcset=\"https:\/\/universofamilia.com\/wp-content\/uploads\/sites\/148\/2023\/06\/POST-DIFICULDADE-DE-OUVIR-universo-familia-1.png 550w, https:\/\/universofamilia.com\/wp-content\/uploads\/sites\/148\/2023\/06\/POST-DIFICULDADE-DE-OUVIR-universo-familia-1-300x191.png 300w\" sizes=\"(max-width: 550px) 100vw, 550px\" \/><\/figure><\/div>\n\n\n<h4 class=\"wp-block-heading\">P\u00e9\u010de o d\u011bti se sluchov\u00fdmi probl\u00e9my<\/h4>\n\n\n\n<p>Pokud m\u00e1te podez\u0159en\u00ed, \u017ee va\u0161e d\u00edt\u011b m\u00e1 pot\u00ed\u017ee se sluchem, je d\u016fle\u017eit\u00e9 vyhledat odpov\u00eddaj\u00edc\u00ed p\u00e9\u010di, nebo co nejv\u00edce pomoci. Stru\u010dn\u011b \u0159e\u010deno, zde je n\u011bkolik d\u016fle\u017eit\u00fdch opat\u0159en\u00ed, kter\u00e1 je t\u0159eba podniknout:<\/p>\n\n\n\n<p><strong>Pora\u010fte se se specialistou<\/strong>Objednejte se na konzultaci s otorinolaryngologem nebo logopedem specializovan\u00fdm na d\u011btsk\u00fd sluch. M\u016f\u017ee prov\u00e9st testy a vy\u0161et\u0159en\u00ed k ov\u011b\u0159en\u00ed sluchu d\u011bt\u00ed a ur\u010den\u00ed stupn\u011b obt\u00ed\u017e\u00ed.<\/p>\n\n\n\n<p><strong>P\u0159\u00edzniv\u00e9 prost\u0159ed\u00ed<\/strong>Vytvo\u0159te doma i ve \u0161kole p\u0159\u00edzniv\u00e9 prost\u0159ed\u00ed pro d\u011bti se sluchov\u00fdm posti\u017een\u00edm. Sni\u017ete hluk v pozad\u00ed, p\u0159i mluven\u00ed se oto\u010dte \u010delem dop\u0159edu a pou\u017e\u00edvejte \u0159e\u010d t\u011bla k usnadn\u011bn\u00ed komunikace.<\/p>\n\n\n\n<p><strong>Podpora vzd\u011bl\u00e1v\u00e1n\u00ed<\/strong>D\u011bti se sluchov\u00fdmi pot\u00ed\u017eemi mohou t\u011b\u017eit ze specializovan\u00fdch vzd\u011bl\u00e1vac\u00edch intervenc\u00ed, jako jsou podp\u016frn\u00e9 t\u0159\u00eddy nebo logopedie. Tyto intervence proto mohou pomoci rozv\u00edjet komunika\u010dn\u00ed dovednosti a minimalizovat dopad nenau\u010den\u00fdch sluchov\u00fdch pot\u00ed\u017e\u00ed.<\/p>\n\n\n\n<p><strong>Emo\u010dn\u00ed podpora<\/strong>Lidar s poruchami sluchu m\u016f\u017ee b\u00fdt n\u00e1ro\u010dn\u00fd jak pro d\u011bti, tak pro rodiny. Stru\u010dn\u011b \u0159e\u010deno, je nezbytn\u00e9 poskytnout dostate\u010dnou emocion\u00e1ln\u00ed podporu. A kone\u010dn\u011b, ujist\u011bte se, \u017ee se d\u011bti c\u00edt\u00ed pochopen\u00e9, povzbuzen\u00e9 a v\u00e1\u017een\u00e9.<\/p>\n\n\n\n<p>Velmi u\u017eite\u010dn\u00e1 m\u016f\u017ee b\u00fdt tak\u00e9 otev\u0159en\u00e1 komunikace o poruch\u00e1ch sluchu a vyhled\u00e1v\u00e1n\u00ed podp\u016frn\u00fdch zdroj\u016f, jako jsou podp\u016frn\u00e9 skupiny nebo rodinn\u00e1 terapie.<\/p>\n\n\n\n<p><strong>Asisten\u010dn\u00ed technologie<\/strong>V mnoha p\u0159\u00edpadech m\u016f\u017ee pou\u017eit\u00ed asisten\u010dn\u00edch technologi\u00ed, jako jsou naslouch\u00e1tka nebo kochle\u00e1rn\u00ed implant\u00e1ty, v\u00fdrazn\u011b zlep\u0161it sluch d\u011bt\u00ed. Pot\u00e9 se pora\u010fte se specializovan\u00fdm odborn\u00edkem, abyste ur\u010dili, kter\u00e1 mo\u017enost je pro va\u0161e d\u00edt\u011b nejvhodn\u011bj\u0161\u00ed.<\/p>\n\n\n\n<h4 class=\"wp-block-heading\">Diagnostika poruch sluchu u d\u011bt\u00ed<\/h4>\n\n\n<div class=\"wp-block-image\">\n<figure class=\"aligncenter size-full\"><img loading=\"lazy\" decoding=\"async\" width=\"550\" height=\"350\" src=\"http:\/\/universofamilia.com\/wp-content\/uploads\/sites\/148\/2023\/06\/POST-DIFICULDADE-DE-OUVIR-universo-familia-.png\" alt=\"\" class=\"wp-image-2210\" srcset=\"https:\/\/universofamilia.com\/wp-content\/uploads\/sites\/148\/2023\/06\/POST-DIFICULDADE-DE-OUVIR-universo-familia-.png 550w, https:\/\/universofamilia.com\/wp-content\/uploads\/sites\/148\/2023\/06\/POST-DIFICULDADE-DE-OUVIR-universo-familia--300x191.png 300w\" sizes=\"(max-width: 550px) 100vw, 550px\" \/><\/figure><\/div>\n\n\n<p>Pro p\u0159esnou diagn\u00f3zu poruch sluchu u d\u011bt\u00ed je nutn\u00e9 prov\u00e9st r\u016fzn\u00e9 testy a vy\u0161et\u0159en\u00ed. Zde jsou n\u011bkter\u00e9 z nejb\u011b\u017en\u011bj\u0161\u00edch diagnostick\u00fdch technik:<\/p>\n\n\n\n<p><strong>Tri\u00e1\u017en\u00ed testy sluchu<\/strong>Tyto rychl\u00e9, neinvazivn\u00ed testy se pou\u017e\u00edvaj\u00ed pouze k identifikaci mo\u017en\u00fdch probl\u00e9m\u016f se sluchem u novorozenc\u016f a mal\u00fdch d\u011bt\u00ed. Obvykle zahrnuj\u00ed prezentaci zvuk\u016f a pozorov\u00e1n\u00ed sluchov\u00fdch reakc\u00ed.<\/p>\n\n\n\n<p><strong>Audiometrie<\/strong>Audiometrie je test, kter\u00fd m\u011b\u0159\u00ed sluch a schopnost rozli\u0161ovat mezi r\u016fzn\u00fdmi zvuky. Prov\u00e1d\u00ed ho audiolog a lze jej p\u0159izp\u016fsobit osobnosti a schopnostem d\u00edt\u011bte.<\/p>\n\n\n\n<p><strong>Sluchov\u00e9 evokovan\u00e9 potenci\u00e1ly<\/strong>Tyto testy zaznamen\u00e1vaj\u00ed elektrickou aktivitu mozku v reakci na zvukov\u00e9 podn\u011bty. Pom\u00e1haj\u00ed vyhodnotit integritu sluchov\u00e9ho syst\u00e9mu a identifikovat mo\u017en\u00e9 dysfunkce.<\/p>\n\n\n\n<p><strong>Jazykov\u00e1 a v\u00fdvojov\u00e1 podpora<\/strong>Krom\u011b dvou sluchov\u00fdch test\u016f je d\u016fle\u017eit\u00e9 prov\u00e9st komplexn\u00ed posouzen\u00ed jazykov\u00e9ho v\u00fdvoje a komunika\u010dn\u00edch dovednost\u00ed d\u00edt\u011bte. To m\u016f\u017ee zahrnovat standardizovan\u00e1 hodnocen\u00ed, klinick\u00e1 pozorov\u00e1n\u00ed a dotazn\u00edky pro danou zemi.<\/p>\n\n\n\n<h4 class=\"wp-block-heading\">Z\u00e1v\u011br<\/h4>\n\n\n\n<p>Pot\u00ed\u017ee se sluchem u d\u011bt\u00ed mohou m\u00edt v\u00fdznamn\u00fd dopad na jejich celkov\u00fd v\u00fdvoj a akademick\u00e9 v\u00fdsledky. Je nezbytn\u00e9 v\u011bnovat pozornost p\u0159\u00edznak\u016fm poruch sluchu a vyhledat odpov\u00eddaj\u00edc\u00ed p\u00e9\u010di, pokud mo\u017eno co nejv\u00edce.<\/p>\n\n\n\n<p>Stru\u010dn\u011b \u0159e\u010deno, konzultace se specializovan\u00fdmi odborn\u00edky, vytvo\u0159en\u00ed p\u0159\u00edzniv\u00e9ho prost\u0159ed\u00ed, poskytov\u00e1n\u00ed vzd\u011bl\u00e1vac\u00ed a emocion\u00e1ln\u00ed podpory a tak\u00e9 pou\u017e\u00edv\u00e1n\u00ed asisten\u010dn\u00edch technologi\u00ed jsou d\u016fle\u017eit\u00fdmi opat\u0159en\u00edmi, kter\u00e1 d\u011btem pom\u00e1haj\u00ed p\u0159ekonat probl\u00e9my spojen\u00e9 se sluchov\u00fdmi pot\u00ed\u017eemi.<\/p>\n\n\n\n<p>Pois, p\u0159esn\u00e1 diagn\u00f3za a v\u010dasn\u00fd z\u00e1sah mohou m\u00edt vliv na jazykov\u00fd v\u00fdvoj a nejedn\u00e1 se o obecn\u00fd probl\u00e9m u d\u011bt\u00ed, co\u017e jim umo\u017e\u0148uje dos\u00e1hnout jejich pln\u00e9ho potenci\u00e1lu.<\/p>\n\n\n<div class=\"wp-block-image\">\n<figure class=\"aligncenter size-full\"><img loading=\"lazy\" decoding=\"async\" width=\"550\" height=\"350\" src=\"http:\/\/universofamilia.com\/wp-content\/uploads\/sites\/148\/2023\/06\/POST-DIFICULDADE-DE-OUVIR-universo-familia-3.png\" alt=\"\" class=\"wp-image-2215\" srcset=\"https:\/\/universofamilia.com\/wp-content\/uploads\/sites\/148\/2023\/06\/POST-DIFICULDADE-DE-OUVIR-universo-familia-3.png 550w, https:\/\/universofamilia.com\/wp-content\/uploads\/sites\/148\/2023\/06\/POST-DIFICULDADE-DE-OUVIR-universo-familia-3-300x191.png 300w\" sizes=\"(max-width: 550px) 100vw, 550px\" \/><\/figure><\/div>\n\n\n<blockquote class=\"wp-block-quote\">\n<h5 class=\"wp-block-heading\"><em>Pozn\u00e1mky: Materi\u00e1ly a informace na str\u00e1nce Universo Fam\u00edlia nejsou ur\u010deny k l\u00e9ka\u0159sk\u00e9 diagn\u00f3ze ani by nem\u011bly b\u00fdt jako takov\u00e9 pou\u017e\u00edv\u00e1ny. <strong>V\u017edy byste se m\u011bli poradit s l\u00e9ka\u0159em nebo kvalifikovan\u00fdm zdravotn\u00edkem o sv\u00fdch skute\u010dn\u00fdch pot\u0159eb\u00e1ch.<\/strong>.<\/em><\/h5>\n<\/blockquote>\n\n\n\n<h4 class=\"wp-block-heading\">Zdroje pro v\u00fdzkum<\/h4>\n\n\n\n<p>P\u0159i tvorb\u011b textu s informacemi o obt\u00ed\u017e\u00edch s naslouch\u00e1n\u00edm d\u011btem je d\u016fle\u017eit\u00e9 vych\u00e1zet ze spolehliv\u00fdch a aktu\u00e1ln\u00edch zdroj\u016f. Zde je n\u011bkolik doporu\u010den\u00fdch zdroj\u016f, kter\u00e9 m\u016f\u017eete pou\u017e\u00edt k dal\u0161\u00edmu v\u00fdzkumu dan\u00e9ho t\u00e9matu:<\/p>\n\n\n\n<p>Americk\u00e1 asociace pro \u0159e\u010d, jazyk a sluch (ASHA) \u2013 ASHA je profesn\u00ed organizace, kter\u00e1 poskytuje zdroje a informace o \u0159e\u010di, jazyce a sluchu. Str\u00e1nky (https:\/\/www.asha.org\/) obsahuj\u00ed \u010dl\u00e1nky, pr\u016fvodce a v\u00fdzkum t\u00fdkaj\u00edc\u00ed se poruch sluchu u d\u011bt\u00ed.<\/p>\n\n\n\n<p>Centra pro kontrolu a prevenci nemoc\u00ed (CDC) \u2013 CDC je zdravotnick\u00e1 agentura Spojen\u00fdch st\u00e1t\u016f, kter\u00e1 poskytuje otev\u0159en\u00e9 informace o \u0161irok\u00e9 \u0161k\u00e1le zdravotn\u00edch stav\u016f. Str\u00e1nky CDC (https:\/\/www.cdc.gov\/) mohou b\u00fdt spolehliv\u00fdm zdrojem pro z\u00edsk\u00e1n\u00ed statistick\u00fdch \u00fadaj\u016f, pokyn\u016f pro t\u0159\u00edd\u011bn\u00ed sluchu a informac\u00ed o dopadech poruch sluchu u d\u011bt\u00ed.<\/p>\n\n\n\n<p>Americk\u00e1 akademie pediatrie (AAP) \u2013 AAP je organizace v\u011bnuj\u00edc\u00ed se zdrav\u00ed d\u011bt\u00ed a poskytuje klinick\u00e9 poradenstv\u00ed l\u00e9ka\u0159\u016fm a rodin\u00e1m. Str\u00e1nky AAP (https:\/\/www.aap.org\/) obsahuj\u00ed informace o posouzen\u00ed, diagnostice a l\u00e9\u010db\u011b poruch sluchu u d\u011bt\u00ed.<\/p>\n\n\n\n<p>N\u00e1rodn\u00ed institut pro hluchotu a dal\u0161\u00ed komunika\u010dn\u00ed poruchy (NIDCD) \u2013 NIDCD je v\u00fdzkumn\u00fd \u00fastav vl\u00e1dy Spojen\u00fdch st\u00e1t\u016f, kter\u00fd se zam\u011b\u0159uje na ot\u00e1zky t\u00fdkaj\u00edc\u00ed se poruch sluchu, komunikace a jazyka. Krom\u011b toho webov\u00e9 str\u00e1nky NIDCD (https:\/\/www.nidcd.nih.gov\/) nab\u00edzej\u00ed zdroje a aktu\u00e1ln\u00ed informace o poruch\u00e1ch sluchu u d\u011bt\u00ed.<\/p>\n\n\n\n<p>Sv\u011btov\u00e1 zdravotnick\u00e1 organizace (WHO) \u2013 WHO je specializovan\u00e1 agentura OSN, kter\u00e1 pracuje na podpo\u0159e glob\u00e1ln\u00edho zdrav\u00ed. Str\u00e1nky WHO (https:\/\/www.who.int\/) mohou poskytnout informace o prevalenci, dopadu a interven\u010dn\u00edch strategi\u00edch souvisej\u00edc\u00edch s poruchami sluchu u d\u011bt\u00ed na glob\u00e1ln\u00ed \u00farovni.<\/p>\n\n\n\n<p>Proto je v\u017edy nutn\u00e9 ov\u011b\u0159ovat d\u016fv\u011bryhodnost zdroj\u016f a vyhled\u00e1vat informace od organizac\u00ed a instituc\u00ed p\u016fsob\u00edc\u00edch v oblasti v\u00fdzkumu zdrav\u00ed a sluchu.<\/p>","protected":false},"excerpt":{"rendered":"<p>Pot\u00ed\u017ee se sluchem u d\u011bt\u00ed: p\u0159\u00edznaky, p\u00e9\u010de a diagnostika. Sluch hraje kl\u00ed\u010dovou roli ve v\u00fdvoji u\u010den\u00ed v d\u011btstv\u00ed.<\/p>\n<p>N\u011bkter\u00e9 d\u011bti bohu\u017eel \u010del\u00ed poruch\u00e1m sluchu, co\u017e m\u016f\u017ee negativn\u011b ovlivnit kvalitu jejich \u017eivota a akademick\u00e9 v\u00fdsledky.<\/p>\n<p>V tomto \u010dl\u00e1nku se budeme zab\u00fdvat p\u0159\u00edznaky poruch sluchu u d\u011bt\u00ed, nezbytnou p\u00e9\u010d\u00ed a t\u00edm, jak stanovit adekv\u00e1tn\u00ed diagn\u00f3zu.<\/p>","protected":false},"author":0,"featured_media":2216,"comment_status":"open","ping_status":"open","sticky":false,"template":"","format":"standard","meta":{"footnotes":""},"categories":[5],"tags":[580,775,1437],"yoast_head":"<!-- This site is optimized with the Yoast SEO plugin v23.3 - https:\/\/yoast.com\/wordpress\/plugins\/seo\/ -->\n<title>Dificuldade de Audi\u00e7\u00e3o em Crian\u00e7as: Sintomas, Cuidados e Diagn\u00f3stico - Universo Fam\u00edlia<\/title>\n<meta name=\"description\" content=\"Dificuldade de Audi\u00e7\u00e3o em Crian\u00e7as,\" \/>\n<meta name=\"robots\" content=\"index, follow, max-snippet:-1, max-image-preview:large, max-video-preview:-1\" \/>\n<link rel=\"canonical\" href=\"https:\/\/universofamilia.com\/cs\/dificuldade-de-audicao-em-criancas\/\" \/>\n<meta property=\"og:locale\" content=\"cs_CZ\" \/>\n<meta property=\"og:type\" content=\"article\" \/>\n<meta property=\"og:title\" content=\"Dificuldade de Audi\u00e7\u00e3o em Crian\u00e7as: Sintomas, Cuidados e Diagn\u00f3stico - Universo Fam\u00edlia\" \/>\n<meta property=\"og:description\" content=\"Dificuldade de Audi\u00e7\u00e3o em Crian\u00e7as,\" \/>\n<meta property=\"og:url\" content=\"https:\/\/universofamilia.com\/cs\/dificuldade-de-audicao-em-criancas\/\" \/>\n<meta property=\"og:site_name\" content=\"Universo Fam\u00edlia\" \/>\n<meta property=\"article:published_time\" content=\"2023-06-03T02:02:38+00:00\" \/>\n<meta property=\"og:image\" content=\"https:\/\/universofamilia.com\/wp-content\/uploads\/sites\/148\/2023\/06\/FOTO-DESTAQUE-DIFICULDADE-DE-OUVIR-universo-familia-448x350-1-1.png\" \/>\n\t<meta property=\"og:image:width\" content=\"448\" \/>\n\t<meta property=\"og:image:height\" content=\"350\" \/>\n\t<meta property=\"og:image:type\" content=\"image\/png\" \/>\n<meta name=\"twitter:card\" content=\"summary_large_image\" \/>\n<meta name=\"twitter:label1\" content=\"Est. reading time\" \/>\n\t<meta name=\"twitter:data1\" content=\"7 minut\" \/>\n<script type=\"application\/ld+json\" class=\"yoast-schema-graph\">{\"@context\":\"https:\/\/schema.org\",\"@graph\":[{\"@type\":\"WebPage\",\"@id\":\"https:\/\/universofamilia.com\/bg\/dificuldade-de-audicao-em-criancas\/\",\"url\":\"https:\/\/universofamilia.com\/bg\/dificuldade-de-audicao-em-criancas\/\",\"name\":\"Dificuldade de Audi\u00e7\u00e3o em Crian\u00e7as: Sintomas, Cuidados e Diagn\u00f3stico - Universo Fam\u00edlia\",\"isPartOf\":{\"@id\":\"https:\/\/universofamilia.com\/el\/#website\"},\"primaryImageOfPage\":{\"@id\":\"https:\/\/universofamilia.com\/bg\/dificuldade-de-audicao-em-criancas\/#primaryimage\"},\"image\":{\"@id\":\"https:\/\/universofamilia.com\/bg\/dificuldade-de-audicao-em-criancas\/#primaryimage\"},\"thumbnailUrl\":\"https:\/\/universofamilia.com\/wp-content\/uploads\/sites\/148\/2023\/06\/FOTO-DESTAQUE-DIFICULDADE-DE-OUVIR-universo-familia-448x350-1-1.png\",\"datePublished\":\"2023-06-03T02:02:38+00:00\",\"dateModified\":\"2023-06-03T02:02:38+00:00\",\"author\":{\"@id\":\"\"},\"description\":\"Dificuldade de Audi\u00e7\u00e3o em Crian\u00e7as,\",\"breadcrumb\":{\"@id\":\"https:\/\/universofamilia.com\/bg\/dificuldade-de-audicao-em-criancas\/#breadcrumb\"},\"inLanguage\":\"cs\",\"potentialAction\":[{\"@type\":\"ReadAction\",\"target\":[\"https:\/\/universofamilia.com\/bg\/dificuldade-de-audicao-em-criancas\/\"]}]},{\"@type\":\"ImageObject\",\"inLanguage\":\"cs\",\"@id\":\"https:\/\/universofamilia.com\/bg\/dificuldade-de-audicao-em-criancas\/#primaryimage\",\"url\":\"https:\/\/universofamilia.com\/wp-content\/uploads\/sites\/148\/2023\/06\/FOTO-DESTAQUE-DIFICULDADE-DE-OUVIR-universo-familia-448x350-1-1.png\",\"contentUrl\":\"https:\/\/universofamilia.com\/wp-content\/uploads\/sites\/148\/2023\/06\/FOTO-DESTAQUE-DIFICULDADE-DE-OUVIR-universo-familia-448x350-1-1.png\",\"width\":448,\"height\":350},{\"@type\":\"BreadcrumbList\",\"@id\":\"https:\/\/universofamilia.com\/bg\/dificuldade-de-audicao-em-criancas\/#breadcrumb\",\"itemListElement\":[{\"@type\":\"ListItem\",\"position\":1,\"name\":\"Home\",\"item\":\"https:\/\/universofamilia.com\/el\/\"},{\"@type\":\"ListItem\",\"position\":2,\"name\":\"Dificuldade de Audi\u00e7\u00e3o em Crian\u00e7as: Sintomas, Cuidados e Diagn\u00f3stico\"}]},{\"@type\":\"WebSite\",\"@id\":\"https:\/\/universofamilia.com\/el\/#website\",\"url\":\"https:\/\/universofamilia.com\/el\/\",\"name\":\"Universo Fam\u00edlia\",\"description\":\"\",\"potentialAction\":[{\"@type\":\"SearchAction\",\"target\":{\"@type\":\"EntryPoint\",\"urlTemplate\":\"https:\/\/universofamilia.com\/el\/?s={search_term_string}\"},\"query-input\":\"required name=search_term_string\"}],\"inLanguage\":\"cs\"}]}<\/script>\n<!-- \/ Yoast SEO plugin. -->","yoast_head_json":{"title":"Dificuldade de Audi\u00e7\u00e3o em Crian\u00e7as: Sintomas, Cuidados e Diagn\u00f3stico - Universo Fam\u00edlia","description":"Dificuldade de Audi\u00e7\u00e3o em Crian\u00e7as,","robots":{"index":"index","follow":"follow","max-snippet":"max-snippet:-1","max-image-preview":"max-image-preview:large","max-video-preview":"max-video-preview:-1"},"canonical":"https:\/\/universofamilia.com\/cs\/dificuldade-de-audicao-em-criancas\/","og_locale":"cs_CZ","og_type":"article","og_title":"Dificuldade de Audi\u00e7\u00e3o em Crian\u00e7as: Sintomas, Cuidados e Diagn\u00f3stico - Universo Fam\u00edlia","og_description":"Dificuldade de Audi\u00e7\u00e3o em Crian\u00e7as,","og_url":"https:\/\/universofamilia.com\/cs\/dificuldade-de-audicao-em-criancas\/","og_site_name":"Universo Fam\u00edlia","article_published_time":"2023-06-03T02:02:38+00:00","og_image":[{"width":448,"height":350,"url":"https:\/\/universofamilia.com\/wp-content\/uploads\/sites\/148\/2023\/06\/FOTO-DESTAQUE-DIFICULDADE-DE-OUVIR-universo-familia-448x350-1-1.png","type":"image\/png"}],"twitter_card":"summary_large_image","twitter_misc":{"Est. reading time":"7 minut"},"schema":{"@context":"https:\/\/schema.org","@graph":[{"@type":"WebPage","@id":"https:\/\/universofamilia.com\/bg\/dificuldade-de-audicao-em-criancas\/","url":"https:\/\/universofamilia.com\/bg\/dificuldade-de-audicao-em-criancas\/","name":"Dificuldade de Audi\u00e7\u00e3o em Crian\u00e7as: Sintomas, Cuidados e Diagn\u00f3stico - Universo Fam\u00edlia","isPartOf":{"@id":"https:\/\/universofamilia.com\/el\/#website"},"primaryImageOfPage":{"@id":"https:\/\/universofamilia.com\/bg\/dificuldade-de-audicao-em-criancas\/#primaryimage"},"image":{"@id":"https:\/\/universofamilia.com\/bg\/dificuldade-de-audicao-em-criancas\/#primaryimage"},"thumbnailUrl":"https:\/\/universofamilia.com\/wp-content\/uploads\/sites\/148\/2023\/06\/FOTO-DESTAQUE-DIFICULDADE-DE-OUVIR-universo-familia-448x350-1-1.png","datePublished":"2023-06-03T02:02:38+00:00","dateModified":"2023-06-03T02:02:38+00:00","author":{"@id":""},"description":"Dificuldade de Audi\u00e7\u00e3o em Crian\u00e7as,","breadcrumb":{"@id":"https:\/\/universofamilia.com\/bg\/dificuldade-de-audicao-em-criancas\/#breadcrumb"},"inLanguage":"cs","potentialAction":[{"@type":"ReadAction","target":["https:\/\/universofamilia.com\/bg\/dificuldade-de-audicao-em-criancas\/"]}]},{"@type":"ImageObject","inLanguage":"cs","@id":"https:\/\/universofamilia.com\/bg\/dificuldade-de-audicao-em-criancas\/#primaryimage","url":"https:\/\/universofamilia.com\/wp-content\/uploads\/sites\/148\/2023\/06\/FOTO-DESTAQUE-DIFICULDADE-DE-OUVIR-universo-familia-448x350-1-1.png","contentUrl":"https:\/\/universofamilia.com\/wp-content\/uploads\/sites\/148\/2023\/06\/FOTO-DESTAQUE-DIFICULDADE-DE-OUVIR-universo-familia-448x350-1-1.png","width":448,"height":350},{"@type":"BreadcrumbList","@id":"https:\/\/universofamilia.com\/bg\/dificuldade-de-audicao-em-criancas\/#breadcrumb","itemListElement":[{"@type":"ListItem","position":1,"name":"Home","item":"https:\/\/universofamilia.com\/el\/"},{"@type":"ListItem","position":2,"name":"Dificuldade de Audi\u00e7\u00e3o em Crian\u00e7as: Sintomas, Cuidados e Diagn\u00f3stico"}]},{"@type":"WebSite","@id":"https:\/\/universofamilia.com\/el\/#website","url":"https:\/\/universofamilia.com\/el\/","name":"Universo Fam\u00edlia","description":"","potentialAction":[{"@type":"SearchAction","target":{"@type":"EntryPoint","urlTemplate":"https:\/\/universofamilia.com\/el\/?s={search_term_string}"},"query-input":"required name=search_term_string"}],"inLanguage":"cs"}]}},"_links":{"self":[{"href":"https:\/\/universofamilia.com\/cs\/wp-json\/wp\/v2\/posts\/2207"}],"collection":[{"href":"https:\/\/universofamilia.com\/cs\/wp-json\/wp\/v2\/posts"}],"about":[{"href":"https:\/\/universofamilia.com\/cs\/wp-json\/wp\/v2\/types\/post"}],"replies":[{"embeddable":true,"href":"https:\/\/universofamilia.com\/cs\/wp-json\/wp\/v2\/comments?post=2207"}],"version-history":[{"count":0,"href":"https:\/\/universofamilia.com\/cs\/wp-json\/wp\/v2\/posts\/2207\/revisions"}],"wp:featuredmedia":[{"embeddable":true,"href":"https:\/\/universofamilia.com\/cs\/wp-json\/wp\/v2\/media\/2216"}],"wp:attachment":[{"href":"https:\/\/universofamilia.com\/cs\/wp-json\/wp\/v2\/media?parent=2207"}],"wp:term":[{"taxonomy":"category","embeddable":true,"href":"https:\/\/universofamilia.com\/cs\/wp-json\/wp\/v2\/categories?post=2207"},{"taxonomy":"post_tag","embeddable":true,"href":"https:\/\/universofamilia.com\/cs\/wp-json\/wp\/v2\/tags?post=2207"}],"curies":[{"name":"wp","href":"https:\/\/api.w.org\/{rel}","templated":true}]}}