{"id":2218,"date":"2023-06-04T18:07:10","date_gmt":"2023-06-04T21:07:10","guid":{"rendered":"https:\/\/universofamilia.com\/?p=2218"},"modified":"2023-06-04T18:07:10","modified_gmt":"2023-06-04T21:07:10","slug":"meu-bebe-dorme-mal","status":"publish","type":"post","link":"https:\/\/universofamilia.com\/cs\/meu-bebe-dorme-mal\/","title":{"rendered":"Moje d\u00edt\u011b \u0161patn\u011b sp\u00ed"},"content":{"rendered":"<p>Moje d\u00edt\u011b \u0161patn\u011b sp\u00ed, pod\u00edvejte se na 5 \u010dast\u00fdch chyb, kter\u00fdm byste se m\u011bli vyhnout. Pokud jste otcem nebo matkou d\u00edt\u011bte, pravd\u011bpodobn\u011b jste za\u017eili bezesn\u00e9 noci a p\u0159em\u00fd\u0161l\u00edte, co d\u011bl\u00e1te \u0161patn\u011b.<\/p>\n\n\n\n<p>Pravdou je, \u017ee m\u00edt dv\u011b d\u011bti m\u016f\u017ee b\u00fdt n\u00e1ro\u010dn\u00e9 a mnoho zem\u00ed d\u011bl\u00e1 b\u011b\u017en\u00e9 chyby, kter\u00e9 mohou ovlivnit kvalitu zvuku d\u00edt\u011bte. Proto se v tomto \u010dl\u00e1nku budeme zab\u00fdvat p\u011bti b\u011b\u017en\u00fdmi chybami, kter\u00fdm byste se m\u011bli vyhnout, aby va\u0161e d\u00edt\u011b l\u00e9pe spalo.<\/p>\n\n\n\n<h3 class=\"wp-block-heading\">Viz tak\u00e9:<\/h3>\n\n\n\n<p><a href=\"https:\/\/universofamilia.com\/cs\/como-aliviar-as-colicas-do-bebe\/\" target=\"_blank\" rel=\"noreferrer noopener\">Jak zm\u00edrnit koliku u kojenc\u016f<\/a><\/p>\n\n\n\n<p><a href=\"https:\/\/universofamilia.com\/cs\/por-que-os-bebes-se-assustam-tanto\/\" target=\"_blank\" rel=\"noreferrer noopener\">Pro\u010d se miminka tolik boj\u00ed?<\/a><\/p>\n\n\n\n<p><a href=\"https:\/\/universofamilia.com\/cs\/dicas-de-seguranca-para-o-sono-do-bebe-escolha-do-local-posicao-colchao-e-muito-mais\/\" target=\"_blank\" rel=\"noreferrer noopener\">Bezpe\u010dnostn\u00ed pokyny pro syna miminka: bezpe\u010dn\u00e9 m\u00edsto, poloha, matrace a mnoho dal\u0161\u00edho.<\/a><\/p>\n\n\n<div class=\"wp-block-image\">\n<figure class=\"aligncenter size-full\"><img loading=\"lazy\" decoding=\"async\" width=\"800\" height=\"560\" src=\"http:\/\/universofamilia.com\/wp-content\/uploads\/sites\/148\/2023\/06\/POST-BEBE-NAO-DORME-BEM-UNIVERSO-FAMILIA.png\" alt=\"\" class=\"wp-image-2220\" srcset=\"https:\/\/universofamilia.com\/wp-content\/uploads\/sites\/148\/2023\/06\/POST-BEBE-NAO-DORME-BEM-UNIVERSO-FAMILIA.png 800w, https:\/\/universofamilia.com\/wp-content\/uploads\/sites\/148\/2023\/06\/POST-BEBE-NAO-DORME-BEM-UNIVERSO-FAMILIA-300x210.png 300w, https:\/\/universofamilia.com\/wp-content\/uploads\/sites\/148\/2023\/06\/POST-BEBE-NAO-DORME-BEM-UNIVERSO-FAMILIA-768x538.png 768w\" sizes=\"(max-width: 800px) 100vw, 800px\" \/><\/figure><\/div>\n\n\n<h4 class=\"wp-block-heading\">1. Vytvo\u0159te rotaci sest\u00e1vaj\u00edc\u00ed ze zvuku<\/h4>\n\n\n\n<p>Jedn\u00edm z hlavn\u00edch d\u016fvod\u016f, pro\u010d maj\u00ed d\u011bti pot\u00ed\u017ee se sp\u00e1nkem, je nedostatek pravideln\u00e9ho sp\u00e1nkov\u00e9ho re\u017eimu.<\/p>\n\n\n\n<p>Je d\u016fle\u017eit\u00e9 stanovit pravideln\u00e9 rozvrhy pro ukl\u00e1d\u00e1n\u00ed d\u00edt\u011bte do postele a dohodnut\u00e9 \u010dasy. To pom\u00e1h\u00e1 d\u00edt\u011bti regulovat jeho vnit\u0159n\u00ed hodiny a podporuje klidn\u011bj\u0161\u00ed zvuk. Vyhn\u011bte se drastick\u00e9 zm\u011bn\u011b sp\u00e1nkov\u00e9ho re\u017eimu d\u00edt\u011bte, proto\u017ee to m\u016f\u017ee d\u00edt\u011b zm\u00e1st a zt\u00ed\u017eit mu poslech.<\/p>\n\n\n\n<h4 class=\"wp-block-heading\">2\u00ba Vytvo\u0159te prost\u0159ed\u00ed p\u0159\u00edzniv\u00e9 pro zvuk<\/h4>\n\n\n<div class=\"wp-block-image\">\n<figure class=\"aligncenter size-full\"><img loading=\"lazy\" decoding=\"async\" width=\"800\" height=\"560\" src=\"http:\/\/universofamilia.com\/wp-content\/uploads\/sites\/148\/2023\/06\/POST-BEBE-NAO-DORME-BEM-UNIVERSO-FAMILIA-2.png\" alt=\"\" class=\"wp-image-2223\" srcset=\"https:\/\/universofamilia.com\/wp-content\/uploads\/sites\/148\/2023\/06\/POST-BEBE-NAO-DORME-BEM-UNIVERSO-FAMILIA-2.png 800w, https:\/\/universofamilia.com\/wp-content\/uploads\/sites\/148\/2023\/06\/POST-BEBE-NAO-DORME-BEM-UNIVERSO-FAMILIA-2-300x210.png 300w, https:\/\/universofamilia.com\/wp-content\/uploads\/sites\/148\/2023\/06\/POST-BEBE-NAO-DORME-BEM-UNIVERSO-FAMILIA-2-768x538.png 768w\" sizes=\"(max-width: 800px) 100vw, 800px\" \/><\/figure><\/div>\n\n\n<p>Dal\u0161\u00ed \u010dastou chybou je nevytvo\u0159en\u00ed odpov\u00eddaj\u00edc\u00edho prost\u0159ed\u00ed pro zvuk va\u0161eho d\u00edt\u011bte. Ujist\u011bte se, \u017ee je m\u00edstnost tmav\u00e1, tich\u00e1 a m\u00e1 p\u0159\u00edjemnou teplotu.<\/p>\n\n\n\n<p>Proto pou\u017e\u00edvejte zatem\u0148ovac\u00ed z\u00e1v\u011bsy k zablokov\u00e1n\u00ed p\u0159ebyte\u010dn\u00e9ho sv\u011btla a zva\u017ete pou\u017eit\u00ed b\u00edl\u00e9ho \u0161umu, jako je ventil\u00e1tor nebo sol\u00e1rium, k p\u0159ehlu\u0161en\u00ed vn\u011bj\u0161\u00edho hluku. Klidn\u00e9 a p\u0159\u00edjemn\u00e9 prost\u0159ed\u00ed pom\u00e1h\u00e1 d\u00edt\u011bti relaxovat a sn\u00e1ze usnout.<\/p>\n\n\n\n<h4 class=\"wp-block-heading\">3\u00ba Vyh\u00fdbejte se podn\u011bt\u016fm p\u0159ed span\u00edm<\/h4>\n\n\n\n<p>Mnoho zem\u00ed d\u011bl\u00e1 chybu, kdy\u017e vystavuje sv\u00e9 d\u011bti intenzivn\u00edm podn\u011bt\u016fm p\u0159ed span\u00edm. T\u0159esiv\u00e9 poskakov\u00e1n\u00ed, jasn\u00e9 sv\u011btlo a elektronick\u00e9 p\u0159\u00edstroje mohou va\u0161emu d\u00edt\u011bti zt\u00ed\u017eit sluch.<\/p>\n\n\n\n<p>Je v\u0161ak d\u016fle\u017eit\u00e9 si p\u0159ed span\u00edm vytvo\u0159it relaxa\u010dn\u00ed rutinu a vyh\u00fdbat se siln\u00fdm podn\u011bt\u016fm. Tmav\u00e9 koupele, jemn\u00e9 mas\u00e1\u017ee a klidn\u00e9 p\u0159\u00edb\u011bhy jsou skv\u011bl\u00fdmi mo\u017enostmi, jak d\u00edt\u011b p\u0159ed span\u00edm uklidnit.<\/p>\n\n\n\n<h4 class=\"wp-block-heading\">4. Nevylep\u0161uj p\u00edsn\u011b<\/h4>\n\n\n\n<p>Mnoho zem\u00ed si mysl\u00ed, \u017ee p\u0159ehr\u00e1v\u00e1n\u00ed p\u00edsni\u010dek d\u00edt\u011bti b\u011bhem dne ho v\u00edce unav\u00ed a v noci bude l\u00e9pe sp\u00e1t. Nicm\u00e9n\u011b, to je omyl. Miminka pot\u0159ebuj\u00ed pravideln\u00fd sp\u00e1nek po cel\u00fd den, aby si odpo\u010dinula a na\u010derpala energii.<\/p>\n\n\n\n<p>Pokud je va\u0161e d\u00edt\u011b velmi unaven\u00e9, m\u016f\u017ee b\u00fdt pro n\u011bj obt\u00ed\u017en\u00e9 usnout a v noci m\u016f\u017ee zn\u00edt rozt\u0159esen\u011bji. Proto si zave\u010fte denn\u00ed re\u017eim usnut\u00ed a respektujte pot\u0159eby sv\u00e9ho d\u00edt\u011bte.<\/p>\n\n\n\n<h4 class=\"wp-block-heading\">5\u00ba Nepodl\u00e9hej no\u010dn\u00edmu choro<\/h4>\n\n\n<div class=\"wp-block-image\">\n<figure class=\"aligncenter size-full\"><img loading=\"lazy\" decoding=\"async\" width=\"800\" height=\"560\" src=\"http:\/\/universofamilia.com\/wp-content\/uploads\/sites\/148\/2023\/06\/POST-BEBE-NAO-DORME-BEM-UNIVERSO-FAMILIA-1-1.png\" alt=\"\" class=\"wp-image-2222\" srcset=\"https:\/\/universofamilia.com\/wp-content\/uploads\/sites\/148\/2023\/06\/POST-BEBE-NAO-DORME-BEM-UNIVERSO-FAMILIA-1-1.png 800w, https:\/\/universofamilia.com\/wp-content\/uploads\/sites\/148\/2023\/06\/POST-BEBE-NAO-DORME-BEM-UNIVERSO-FAMILIA-1-1-300x210.png 300w, https:\/\/universofamilia.com\/wp-content\/uploads\/sites\/148\/2023\/06\/POST-BEBE-NAO-DORME-BEM-UNIVERSO-FAMILIA-1-1-768x538.png 768w\" sizes=\"(max-width: 800px) 100vw, 800px\" \/><\/figure><\/div>\n\n\n<p>Je norm\u00e1ln\u00ed, \u017ee se miminka v noci shlukuj\u00ed a sp\u00ed, ale to neznamen\u00e1, \u017ee je t\u0159eba se o n\u011b okam\u017eit\u011b starat. Mnoho zem\u00ed d\u011bl\u00e1 chybu, \u017ee reaguj\u00ed na ka\u017edou \u017e\u00e1dost miminka, co\u017e m\u016f\u017ee v\u00e9st k nadm\u011brn\u00e9 z\u00e1vislosti.<\/p>\n\n\n\n<p>Ne\u017e p\u016fjdete do d\u011btsk\u00e9ho pokoje, po\u010dkejte n\u011bkolik minut, zda se d\u00edt\u011b samo uklidn\u00ed.<\/p>\n\n\n\n<p>Miminka se v noci \u010dasto kr\u00e1tce probouz\u00ed, ale dok\u00e1\u017eou se s t\u00edm sama vypo\u0159\u00e1dat a za kr\u00e1tkou dobu znovu usnou. T\u00edm, \u017ee p\u0159ed intervenc\u00ed po\u010dk\u00e1te n\u011bkolik minut, d\u00e1v\u00e1te d\u00edt\u011bti \u0161anci rozv\u00edjet si zdrav\u00e9 seberegula\u010dn\u00ed dovednosti.<\/p>\n\n\n\n<p>P\u0159\u00edstup tak\u00e9: <a href=\"https:\/\/www.luzbaby.com.br\/\" target=\"_blank\" rel=\"noreferrer noopener\">Luz Baby je jeden z nejlep\u0161\u00edch obchod\u016f s kojeneck\u00fdmi pot\u0159ebami. Klikn\u011bte zde.<\/a><\/p>\n\n\n\n<h4 class=\"wp-block-heading\">Z\u00e1v\u011br:<\/h4>\n\n\n\n<p>M\u00edt dv\u011b d\u011bti m\u016f\u017ee b\u00fdt pro va\u0161i zemi v\u00fdzvou, ale vyh\u00fdb\u00e1n\u00ed se b\u011b\u017en\u00fdm chyb\u00e1m m\u016f\u017ee pomoci zlep\u0161it kvalitu syna va\u0161eho d\u00edt\u011bte.<\/p>\n\n\n\n<p>Zave\u010fte si pravideln\u00fd sp\u00e1nkov\u00fd re\u017eim, vytvo\u0159te prost\u0159ed\u00ed p\u0159\u00edzniv\u00e9 pro sp\u00e1nek, vyh\u00fdbejte se podn\u011bt\u016fm p\u0159ed span\u00edm, nesoust\u0159ed\u011bte se na sp\u00e1nek a nepodl\u00e9hejte ka\u017ed\u00e9 no\u010dn\u00ed povinnosti, nau\u010dte se pouze d\u016fle\u017eit\u00e9 postupy.<\/p>\n\n\n\n<p>Uv\u011bdomte si, \u017ee ka\u017ed\u00e9 d\u00edt\u011b je jedine\u010dn\u00e9 a m\u016f\u017ee vy\u017eadovat \u00fapravy p\u0159\u00edstupu, ale tyto pokyny jsou dobr\u00fdm v\u00fdchoz\u00edm bodem, kter\u00fd pom\u016f\u017ee va\u0161emu d\u00edt\u011bti l\u00e9pe sp\u00e1t.<\/p>\n\n\n\n<p>Al\u00e9m disso, lembre-se que a paci\u00eancia ea konzistence s\u00e3o fundais ao lidar como o sono do b\u00ea. M\u016f\u017ee n\u011bjakou dobu trvat, ne\u017e si vytvo\u0159\u00edte rutinu a ujist\u00edte se, \u017ee se na ni va\u0161e d\u00edt\u011b adaptuje.<\/p>\n\n\n\n<p>Je ochotn\u00e1 d\u011blat drobn\u00e9 \u00fapravy a v\u00ed, \u017ee zvuk dvou miminek se v r\u016fzn\u00fdch f\u00e1z\u00edch v\u00fdvoje li\u0161\u00ed.<\/p>\n\n\n\n<h4 class=\"wp-block-heading\">Zdroj pro v\u00fdzkum<\/h4>\n\n\n\n<p>P\u0159i tvorb\u011b textu na toto t\u00e9ma je d\u016fle\u017eit\u00e9 konzultovat d\u016fv\u011bryhodn\u00e9 zdroje, abyste si zalo\u017eili informace. Zde je n\u011bkolik doporu\u010den\u00fdch zdroj\u016f, kter\u00e9 lze pou\u017e\u00edt p\u0159i v\u00fdzkumu kojenc\u016f, a b\u011b\u017en\u00fdch chyb, kter\u00fdm se vyhnout:<\/p>\n\n\n\n<p>Americk\u00e1 akademie pediatrie (AAP) \u2013 AAP je renomovan\u00e1 pediatrick\u00e1 organizace, kter\u00e1 poskytuje poradenstv\u00ed a doporu\u010den\u00ed k r\u016fzn\u00fdm aspekt\u016fm zdrav\u00ed d\u011bt\u00ed, v\u010detn\u011b kojenc\u016f a pro kojence. Ofici\u00e1ln\u00ed str\u00e1nky AAP (https:\/\/www.aap.org) nab\u00edzej\u00ed \u0159adu zdroj\u016f a \u010dl\u00e1nk\u016f o kojenc\u00edch.<\/p>\n\n\n\n<p>N\u00e1rodn\u00ed nadace pro sp\u00e1nek (NSF) \u2013 NSF je neziskov\u00e1 organizace, kter\u00e1 se v\u011bnuje podpo\u0159e zdrav\u00e9ho sp\u00e1nku. Str\u00e1nky NSF (https:\/\/www.sleepfoundation.org) obsahuj\u00ed cenn\u00e9 informace o d\u011btsk\u00e9m sp\u00e1nku, v\u010detn\u011b tip\u016f, kter\u00e9 pomohou d\u011btem l\u00e9pe sp\u00e1t.<\/p>\n\n\n\n<p>Klinika Mayo \u2013 Klinika Mayo je renomovan\u00e9 l\u00e9ka\u0159sk\u00e9 za\u0159\u00edzen\u00ed, kter\u00e9 poskytuje d\u016fv\u011bryhodn\u00e9 informace o r\u016fzn\u00fdch zdravotn\u00edch t\u00e9matech. Webov\u00e9 str\u00e1nky kliniky Mayo (https:\/\/www.mayoclinic.org) obsahuj\u00ed \u010dl\u00e1nky a pokyny t\u00fdkaj\u00edc\u00ed se zvuk\u016f u kojenc\u016f, v\u010detn\u011b post\u0159eh\u016f o b\u011b\u017en\u00fdch chyb\u00e1ch a zp\u016fsob\u016f, jak zvuky u kojenc\u016f zlep\u0161it.<\/p>\n\n\n\n<p>BabyCenter \u2013 BabyCenter je obl\u00edben\u00e1 online platforma v zemi, kter\u00e1 nab\u00edz\u00ed \u0161irokou \u0161k\u00e1lu t\u00e9mat t\u00fdkaj\u00edc\u00edch se t\u011bhotenstv\u00ed, p\u00e9\u010de o miminka a v\u00fdvoje d\u00edt\u011bte. Webov\u00e9 str\u00e1nky BabyCenter (https:\/\/www.babycenter.com.br) nab\u00edzej\u00ed informativn\u00ed \u010dl\u00e1nky o d\u011btech, v\u010detn\u011b praktick\u00fdch tip\u016f, kter\u00e9 mohou pomoci zemi.<\/p>\n\n\n\n<p>Konzultac\u00ed t\u011bchto zdroj\u016f je d\u016fle\u017eit\u00e9 ov\u011b\u0159it, zda \u010dl\u00e1nky vych\u00e1zej\u00ed z aktu\u00e1ln\u00edho v\u011bdeck\u00e9ho v\u00fdzkumu a zda jsou editov\u00e1ny odborn\u00edky v oblasti medic\u00edny. P\u0159i citov\u00e1n\u00ed konkr\u00e9tn\u00edch informac\u00ed v textu je tak\u00e9 d\u016fle\u017eit\u00e9 uv\u00e9st p\u0159\u00edslu\u0161n\u00fd zdroj, aby \u010dten\u00e1\u0159i m\u011bli k dispozici vhodn\u00e9 odkazy.<\/p>","protected":false},"excerpt":{"rendered":"<p>Moje d\u00edt\u011b \u0161patn\u011b sp\u00ed, pod\u00edvejte se na 5 b\u011b\u017en\u00fdch chyb, kter\u00fdm byste se m\u011bli vyvarovat. Pokud jste otcem nebo matkou d\u00edt\u011bte, pravd\u011bpodobn\u011b jste za\u017eili bezesn\u00e9 noci a p\u0159em\u00fd\u0161l\u00edte, co d\u011bl\u00e1te \u0161patn\u011b. Pravdou je, \u017ee m\u00edt dv\u011b d\u011bti m\u016f\u017ee b\u00fdt n\u00e1ro\u010dn\u00e9 a mnoho zem\u00ed d\u011bl\u00e1 b\u011b\u017en\u00e9 chyby, kter\u00e9 mohou ovlivnit kvalitu zvuku d\u00edt\u011bte. Proto se v tomto \u010dl\u00e1nku budeme zab\u00fdvat p\u011bti b\u011b\u017en\u00fdmi chybami, kter\u00fdm byste se m\u011bli vyvarovat, aby va\u0161e d\u00edt\u011b l\u00e9pe spalo.<\/p>","protected":false},"author":0,"featured_media":2224,"comment_status":"closed","ping_status":"open","sticky":false,"template":"","format":"standard","meta":{"footnotes":""},"categories":[5],"tags":[386,417,1437],"yoast_head":"<!-- This site is optimized with the Yoast SEO plugin v23.3 - https:\/\/yoast.com\/wordpress\/plugins\/seo\/ -->\n<title>Meu Beb\u00ea dorme mal - Universo Fam\u00edlia<\/title>\n<meta name=\"description\" content=\"Meu Beb\u00ea dorme mal, veja 5 erros comuns que voc\u00ea deve evitar. Se voc\u00ea \u00e9 um pai ou m\u00e3e de um beb\u00ea, provavelmente j\u00e1 experimentou noites sem\" \/>\n<meta name=\"robots\" content=\"index, follow, max-snippet:-1, max-image-preview:large, max-video-preview:-1\" \/>\n<link rel=\"canonical\" href=\"https:\/\/universofamilia.com\/cs\/meu-bebe-dorme-mal\/\" \/>\n<meta property=\"og:locale\" content=\"cs_CZ\" \/>\n<meta property=\"og:type\" content=\"article\" \/>\n<meta property=\"og:title\" content=\"Meu Beb\u00ea dorme mal - Universo Fam\u00edlia\" \/>\n<meta property=\"og:description\" content=\"Meu Beb\u00ea dorme mal, veja 5 erros comuns que voc\u00ea deve evitar. Se voc\u00ea \u00e9 um pai ou m\u00e3e de um beb\u00ea, provavelmente j\u00e1 experimentou noites sem\" \/>\n<meta property=\"og:url\" content=\"https:\/\/universofamilia.com\/cs\/meu-bebe-dorme-mal\/\" \/>\n<meta property=\"og:site_name\" content=\"Universo Fam\u00edlia\" \/>\n<meta property=\"article:published_time\" content=\"2023-06-04T21:07:10+00:00\" \/>\n<meta property=\"og:image\" content=\"https:\/\/universofamilia.com\/wp-content\/uploads\/sites\/148\/2023\/06\/FOTO-DESTAQUE-DIFICULDADE-DE-OUVIRDIFICULDADE-DE-DORMIR-universo-familia-448x350-1-1.png\" \/>\n\t<meta property=\"og:image:width\" content=\"448\" \/>\n\t<meta property=\"og:image:height\" content=\"350\" \/>\n\t<meta property=\"og:image:type\" content=\"image\/png\" \/>\n<meta name=\"twitter:card\" content=\"summary_large_image\" \/>\n<meta name=\"twitter:label1\" content=\"Est. reading time\" \/>\n\t<meta name=\"twitter:data1\" content=\"6 minut\" \/>\n<script type=\"application\/ld+json\" class=\"yoast-schema-graph\">{\"@context\":\"https:\/\/schema.org\",\"@graph\":[{\"@type\":\"WebPage\",\"@id\":\"https:\/\/universofamilia.com\/pt\/meu-bebe-dorme-mal\/\",\"url\":\"https:\/\/universofamilia.com\/pt\/meu-bebe-dorme-mal\/\",\"name\":\"Meu Beb\u00ea dorme mal - Universo Fam\u00edlia\",\"isPartOf\":{\"@id\":\"http:\/\/universofamilia.com\/zh_hk\/#website\"},\"primaryImageOfPage\":{\"@id\":\"https:\/\/universofamilia.com\/pt\/meu-bebe-dorme-mal\/#primaryimage\"},\"image\":{\"@id\":\"https:\/\/universofamilia.com\/pt\/meu-bebe-dorme-mal\/#primaryimage\"},\"thumbnailUrl\":\"https:\/\/universofamilia.com\/wp-content\/uploads\/sites\/148\/2023\/06\/FOTO-DESTAQUE-DIFICULDADE-DE-OUVIRDIFICULDADE-DE-DORMIR-universo-familia-448x350-1-1.png\",\"datePublished\":\"2023-06-04T21:07:10+00:00\",\"dateModified\":\"2023-06-04T21:07:10+00:00\",\"author\":{\"@id\":\"\"},\"description\":\"Meu Beb\u00ea dorme mal, veja 5 erros comuns que voc\u00ea deve evitar. Se voc\u00ea \u00e9 um pai ou m\u00e3e de um beb\u00ea, provavelmente j\u00e1 experimentou noites sem\",\"breadcrumb\":{\"@id\":\"https:\/\/universofamilia.com\/pt\/meu-bebe-dorme-mal\/#breadcrumb\"},\"inLanguage\":\"cs\",\"potentialAction\":[{\"@type\":\"ReadAction\",\"target\":[\"https:\/\/universofamilia.com\/pt\/meu-bebe-dorme-mal\/\"]}]},{\"@type\":\"ImageObject\",\"inLanguage\":\"cs\",\"@id\":\"https:\/\/universofamilia.com\/pt\/meu-bebe-dorme-mal\/#primaryimage\",\"url\":\"https:\/\/universofamilia.com\/wp-content\/uploads\/sites\/148\/2023\/06\/FOTO-DESTAQUE-DIFICULDADE-DE-OUVIRDIFICULDADE-DE-DORMIR-universo-familia-448x350-1-1.png\",\"contentUrl\":\"https:\/\/universofamilia.com\/wp-content\/uploads\/sites\/148\/2023\/06\/FOTO-DESTAQUE-DIFICULDADE-DE-OUVIRDIFICULDADE-DE-DORMIR-universo-familia-448x350-1-1.png\",\"width\":448,\"height\":350},{\"@type\":\"BreadcrumbList\",\"@id\":\"https:\/\/universofamilia.com\/pt\/meu-bebe-dorme-mal\/#breadcrumb\",\"itemListElement\":[{\"@type\":\"ListItem\",\"position\":1,\"name\":\"Home\",\"item\":\"http:\/\/universofamilia.com\/zh_hk\/\"},{\"@type\":\"ListItem\",\"position\":2,\"name\":\"Meu Beb\u00ea dorme mal\"}]},{\"@type\":\"WebSite\",\"@id\":\"http:\/\/universofamilia.com\/zh_hk\/#website\",\"url\":\"http:\/\/universofamilia.com\/zh_hk\/\",\"name\":\"Universo Fam\u00edlia\",\"description\":\"\",\"potentialAction\":[{\"@type\":\"SearchAction\",\"target\":{\"@type\":\"EntryPoint\",\"urlTemplate\":\"http:\/\/universofamilia.com\/zh_hk\/?s={search_term_string}\"},\"query-input\":\"required name=search_term_string\"}],\"inLanguage\":\"cs\"}]}<\/script>\n<!-- \/ Yoast SEO plugin. -->","yoast_head_json":{"title":"Meu Beb\u00ea dorme mal - Universo Fam\u00edlia","description":"Meu Beb\u00ea dorme mal, veja 5 erros comuns que voc\u00ea deve evitar. Se voc\u00ea \u00e9 um pai ou m\u00e3e de um beb\u00ea, provavelmente j\u00e1 experimentou noites sem","robots":{"index":"index","follow":"follow","max-snippet":"max-snippet:-1","max-image-preview":"max-image-preview:large","max-video-preview":"max-video-preview:-1"},"canonical":"https:\/\/universofamilia.com\/cs\/meu-bebe-dorme-mal\/","og_locale":"cs_CZ","og_type":"article","og_title":"Meu Beb\u00ea dorme mal - Universo Fam\u00edlia","og_description":"Meu Beb\u00ea dorme mal, veja 5 erros comuns que voc\u00ea deve evitar. Se voc\u00ea \u00e9 um pai ou m\u00e3e de um beb\u00ea, provavelmente j\u00e1 experimentou noites sem","og_url":"https:\/\/universofamilia.com\/cs\/meu-bebe-dorme-mal\/","og_site_name":"Universo Fam\u00edlia","article_published_time":"2023-06-04T21:07:10+00:00","og_image":[{"width":448,"height":350,"url":"https:\/\/universofamilia.com\/wp-content\/uploads\/sites\/148\/2023\/06\/FOTO-DESTAQUE-DIFICULDADE-DE-OUVIRDIFICULDADE-DE-DORMIR-universo-familia-448x350-1-1.png","type":"image\/png"}],"twitter_card":"summary_large_image","twitter_misc":{"Est. reading time":"6 minut"},"schema":{"@context":"https:\/\/schema.org","@graph":[{"@type":"WebPage","@id":"https:\/\/universofamilia.com\/pt\/meu-bebe-dorme-mal\/","url":"https:\/\/universofamilia.com\/pt\/meu-bebe-dorme-mal\/","name":"Meu Beb\u00ea dorme mal - Universo Fam\u00edlia","isPartOf":{"@id":"http:\/\/universofamilia.com\/zh_hk\/#website"},"primaryImageOfPage":{"@id":"https:\/\/universofamilia.com\/pt\/meu-bebe-dorme-mal\/#primaryimage"},"image":{"@id":"https:\/\/universofamilia.com\/pt\/meu-bebe-dorme-mal\/#primaryimage"},"thumbnailUrl":"https:\/\/universofamilia.com\/wp-content\/uploads\/sites\/148\/2023\/06\/FOTO-DESTAQUE-DIFICULDADE-DE-OUVIRDIFICULDADE-DE-DORMIR-universo-familia-448x350-1-1.png","datePublished":"2023-06-04T21:07:10+00:00","dateModified":"2023-06-04T21:07:10+00:00","author":{"@id":""},"description":"Meu Beb\u00ea dorme mal, veja 5 erros comuns que voc\u00ea deve evitar. Se voc\u00ea \u00e9 um pai ou m\u00e3e de um beb\u00ea, provavelmente j\u00e1 experimentou noites sem","breadcrumb":{"@id":"https:\/\/universofamilia.com\/pt\/meu-bebe-dorme-mal\/#breadcrumb"},"inLanguage":"cs","potentialAction":[{"@type":"ReadAction","target":["https:\/\/universofamilia.com\/pt\/meu-bebe-dorme-mal\/"]}]},{"@type":"ImageObject","inLanguage":"cs","@id":"https:\/\/universofamilia.com\/pt\/meu-bebe-dorme-mal\/#primaryimage","url":"https:\/\/universofamilia.com\/wp-content\/uploads\/sites\/148\/2023\/06\/FOTO-DESTAQUE-DIFICULDADE-DE-OUVIRDIFICULDADE-DE-DORMIR-universo-familia-448x350-1-1.png","contentUrl":"https:\/\/universofamilia.com\/wp-content\/uploads\/sites\/148\/2023\/06\/FOTO-DESTAQUE-DIFICULDADE-DE-OUVIRDIFICULDADE-DE-DORMIR-universo-familia-448x350-1-1.png","width":448,"height":350},{"@type":"BreadcrumbList","@id":"https:\/\/universofamilia.com\/pt\/meu-bebe-dorme-mal\/#breadcrumb","itemListElement":[{"@type":"ListItem","position":1,"name":"Home","item":"http:\/\/universofamilia.com\/zh_hk\/"},{"@type":"ListItem","position":2,"name":"Meu Beb\u00ea dorme mal"}]},{"@type":"WebSite","@id":"http:\/\/universofamilia.com\/zh_hk\/#website","url":"http:\/\/universofamilia.com\/zh_hk\/","name":"Universo Fam\u00edlia","description":"","potentialAction":[{"@type":"SearchAction","target":{"@type":"EntryPoint","urlTemplate":"http:\/\/universofamilia.com\/zh_hk\/?s={search_term_string}"},"query-input":"required name=search_term_string"}],"inLanguage":"cs"}]}},"_links":{"self":[{"href":"https:\/\/universofamilia.com\/cs\/wp-json\/wp\/v2\/posts\/2218"}],"collection":[{"href":"https:\/\/universofamilia.com\/cs\/wp-json\/wp\/v2\/posts"}],"about":[{"href":"https:\/\/universofamilia.com\/cs\/wp-json\/wp\/v2\/types\/post"}],"replies":[{"embeddable":true,"href":"https:\/\/universofamilia.com\/cs\/wp-json\/wp\/v2\/comments?post=2218"}],"version-history":[{"count":0,"href":"https:\/\/universofamilia.com\/cs\/wp-json\/wp\/v2\/posts\/2218\/revisions"}],"wp:featuredmedia":[{"embeddable":true,"href":"https:\/\/universofamilia.com\/cs\/wp-json\/wp\/v2\/media\/2224"}],"wp:attachment":[{"href":"https:\/\/universofamilia.com\/cs\/wp-json\/wp\/v2\/media?parent=2218"}],"wp:term":[{"taxonomy":"category","embeddable":true,"href":"https:\/\/universofamilia.com\/cs\/wp-json\/wp\/v2\/categories?post=2218"},{"taxonomy":"post_tag","embeddable":true,"href":"https:\/\/universofamilia.com\/cs\/wp-json\/wp\/v2\/tags?post=2218"}],"curies":[{"name":"wp","href":"https:\/\/api.w.org\/{rel}","templated":true}]}}