{"id":2227,"date":"2023-06-05T10:43:39","date_gmt":"2023-06-05T13:43:39","guid":{"rendered":"https:\/\/universofamilia.com\/?p=2227"},"modified":"2023-06-05T10:43:39","modified_gmt":"2023-06-05T13:43:39","slug":"o-que-influencia-o-sono-do-bebe","status":"publish","type":"post","link":"https:\/\/universofamilia.com\/cs\/o-que-influencia-o-sono-do-bebe\/","title":{"rendered":"O Que Influence no Sono do B\u00ea | Ber\u00e7o, sd\u00edlen\u00e1 postel nebo Montessoriana?"},"content":{"rendered":"<p>Jak\u00fd vliv na syna d\u00edt\u011bte: Ber\u00e7o, sd\u00edlen\u00e1 postel nebo Montessoriana?<\/p>\n\n\n\n<p>Nebo m\u00e1te dv\u011b miminka, co\u017e je pro va\u0161i zemi z\u00e1le\u017eitost mimo\u0159\u00e1dn\u00e9ho v\u00fdznamu. Dobr\u00fd no\u010dn\u00ed sp\u00e1nek je nezbytn\u00fd pro zdrav\u00fd v\u00fdvoj a pohodu dvou d\u011bt\u00ed.<\/p>\n\n\n\n<p>Mezi r\u016fzn\u00fdmi mo\u017enostmi span\u00ed vynikaj\u00ed t\u0159i: ber\u00e7o, sd\u00edlen\u00e1 postel a Montessoriana.<\/p>\n\n\n\n<p>V tomto \u010dl\u00e1nku prozkoum\u00e1me ka\u017edou z t\u011bchto mo\u017enost\u00ed a analyzujeme, jak mohou ovlivnit zvuk va\u0161eho d\u00edt\u011bte.<\/p>\n\n\n\n<h3 class=\"wp-block-heading\">\u010ct\u011bte tak\u00e9:<\/h3>\n\n\n\n<p><a href=\"https:\/\/universofamilia.com\/cs\/meu-bebe-dorme-mal\/\" target=\"_blank\" rel=\"noreferrer noopener\">Moje d\u00edt\u011b \u0161patn\u011b sp\u00ed, pod\u00edvejte se na 5 \u010dast\u00fdch chyb, kter\u00fdm byste se m\u011bli vyhnout.<\/a><\/p>\n\n\n\n<p><a href=\"https:\/\/universofamilia.com\/cs\/dicas-de-seguranca-para-o-sono-do-bebe-escolha-do-local-posicao-colchao-e-muito-mais\/\" target=\"_blank\" rel=\"noreferrer noopener sponsored nofollow\">Bezpe\u010dnostn\u00ed pokyny pro syna miminka: bezpe\u010dn\u00e9 m\u00edsto, poloha, matrace a mnoho dal\u0161\u00edho.<\/a><\/p>\n\n\n\n<p><a href=\"https:\/\/www.luzbaby.com.br\/\" target=\"_blank\" rel=\"noreferrer noopener\">Luz Baby je jeden z nejlep\u0161\u00edch obchod\u016f s kojeneck\u00fdmi pot\u0159ebami. Klikn\u011bte zde.<\/a><\/p>\n\n\n\n<h3 class=\"wp-block-heading\"><strong>Ber\u00e7o: klasika pro tich\u00fd zvuk<\/strong><\/h3>\n\n\n\n<p>Jedn\u00e1 se o tradi\u010dn\u00ed d\u011btskou post\u00fdlku. Nab\u00edz\u00ed bezpe\u010dn\u00fd a ohrani\u010den\u00fd prostor a poskytuje pohodln\u00e9 prost\u0159ed\u00ed.<\/p>\n\n\n<div class=\"wp-block-image\">\n<figure class=\"aligncenter size-full\"><img loading=\"lazy\" decoding=\"async\" width=\"800\" height=\"560\" src=\"http:\/\/universofamilia.com\/wp-content\/uploads\/sites\/148\/2023\/06\/POST-BEBE-INFLUENCIA-DO-SONO-UNIVERSO-FAMILIA-1.png\" alt=\"\" class=\"wp-image-2231\" srcset=\"https:\/\/universofamilia.com\/wp-content\/uploads\/sites\/148\/2023\/06\/POST-BEBE-INFLUENCIA-DO-SONO-UNIVERSO-FAMILIA-1.png 800w, https:\/\/universofamilia.com\/wp-content\/uploads\/sites\/148\/2023\/06\/POST-BEBE-INFLUENCIA-DO-SONO-UNIVERSO-FAMILIA-1-300x210.png 300w, https:\/\/universofamilia.com\/wp-content\/uploads\/sites\/148\/2023\/06\/POST-BEBE-INFLUENCIA-DO-SONO-UNIVERSO-FAMILIA-1-768x538.png 768w\" sizes=\"(max-width: 800px) 100vw, 800px\" \/><\/figure><\/div>\n\n\n<p>Pou\u017e\u00edv\u00e1n\u00edm postele m\u00e1 zem\u011b mo\u017enost vychovat konzistentn\u00ed no\u010dn\u00ed re\u017eim, kter\u00fd pom\u00e1h\u00e1 d\u00edt\u011bti spojovat prostor s d\u00edt\u011btem.<\/p>\n\n\n\n<p>Je d\u016fle\u017eit\u00e9 investovat do kvalitn\u00ed matrace a lo\u017en\u00edho pr\u00e1dla vhodn\u00e9ho pro pot\u0159eby d\u00edt\u011bte.<\/p>\n\n\n\n<h3 class=\"wp-block-heading\"><strong>Sd\u00edlen\u00e1 postel: bl\u00edzkost a pohodl\u00ed<\/strong><\/h3>\n\n\n\n<p>Sd\u00edlen\u00e1 postel spo\u010d\u00edv\u00e1 v rozd\u011blen\u00ed postele, podobn\u011b jako d\u00edt\u011b b\u011bhem sp\u00e1nku. Tato mo\u017enost nab\u00edz\u00ed bl\u00edzkost a pohodl\u00ed, co\u017e umo\u017e\u0148uje v\u010das se starat o pot\u0159eby d\u00edt\u011bte.<\/p>\n\n\n<div class=\"wp-block-image\">\n<figure class=\"aligncenter size-full\"><img loading=\"lazy\" decoding=\"async\" width=\"800\" height=\"560\" src=\"http:\/\/universofamilia.com\/wp-content\/uploads\/sites\/148\/2023\/06\/POST-BEBE-INFLUENCIA-DO-SONO-UNIVERSO-FAMILIA-2.png\" alt=\"\" class=\"wp-image-2232\" srcset=\"https:\/\/universofamilia.com\/wp-content\/uploads\/sites\/148\/2023\/06\/POST-BEBE-INFLUENCIA-DO-SONO-UNIVERSO-FAMILIA-2.png 800w, https:\/\/universofamilia.com\/wp-content\/uploads\/sites\/148\/2023\/06\/POST-BEBE-INFLUENCIA-DO-SONO-UNIVERSO-FAMILIA-2-300x210.png 300w, https:\/\/universofamilia.com\/wp-content\/uploads\/sites\/148\/2023\/06\/POST-BEBE-INFLUENCIA-DO-SONO-UNIVERSO-FAMILIA-2-768x538.png 768w\" sizes=\"(max-width: 800px) 100vw, 800px\" \/><\/figure><\/div>\n\n\n<p>Neust\u00e1l\u00e1 p\u0159\u00edtomnost dvou zem\u00ed m\u016f\u017ee pomoci uklidnit d\u00edt\u011b b\u011bhem noci a usnadnit kojen\u00ed.<\/p>\n\n\n\n<p>Je v\u0161ak d\u016fle\u017eit\u00e9 dodr\u017eovat bezpe\u010dnostn\u00ed opat\u0159en\u00ed, jako je pou\u017eit\u00ed velk\u00e9 nebo dostate\u010dn\u00e9 postele a zaji\u0161t\u011bn\u00ed bezpe\u010dn\u00e9ho a dostate\u010dn\u00e9ho prostoru na span\u00ed pro d\u00edt\u011b.<\/p>\n\n\n\n<h3 class=\"wp-block-heading\"><strong>Montessori\u00e1nsk\u00e1 postel: nez\u00e1vislost na cedo<\/strong><\/h3>\n\n\n\n<p>Montessori\u00e1nsk\u00e1 postel se \u0159\u00edd\u00ed filozofi\u00ed Montessori, kter\u00e1 si cen\u00ed nez\u00e1vislosti a samostatnosti d\u011bt\u00ed. D\u00edky odli\u0161n\u00e9mu typu postele m\u00e1 d\u00edt\u011b voln\u00fd p\u0159\u00edstup k prostoru na span\u00ed z cedo, bez \u00farovn\u00ed nebo plot\u016f.<\/p>\n\n\n<div class=\"wp-block-image\">\n<figure class=\"aligncenter size-full\"><img loading=\"lazy\" decoding=\"async\" width=\"800\" height=\"560\" src=\"http:\/\/universofamilia.com\/wp-content\/uploads\/sites\/148\/2023\/06\/POST-BEBE-INFLUENCIA-DO-SONO-UNIVERSO-FAMILIA.png\" alt=\"\" class=\"wp-image-2233\" srcset=\"https:\/\/universofamilia.com\/wp-content\/uploads\/sites\/148\/2023\/06\/POST-BEBE-INFLUENCIA-DO-SONO-UNIVERSO-FAMILIA.png 800w, https:\/\/universofamilia.com\/wp-content\/uploads\/sites\/148\/2023\/06\/POST-BEBE-INFLUENCIA-DO-SONO-UNIVERSO-FAMILIA-300x210.png 300w, https:\/\/universofamilia.com\/wp-content\/uploads\/sites\/148\/2023\/06\/POST-BEBE-INFLUENCIA-DO-SONO-UNIVERSO-FAMILIA-768x538.png 768w\" sizes=\"(max-width: 800px) 100vw, 800px\" \/><\/figure><\/div>\n\n\n<p>Isso mu umo\u017e\u0148uje rozv\u00edjet motorick\u00e9 dovednosti a u\u010dit se voln\u011b pohybovat. Je v\u0161ak nezbytn\u00e9 zajistit, aby prost\u0159ed\u00ed bylo pro d\u00edt\u011b bezpe\u010dn\u00e9, odstranit nebezpe\u010dn\u00e9 p\u0159edm\u011bty a vyhnout se nehod\u00e1m.<\/p>\n\n\n\n<h3 class=\"wp-block-heading\"><strong>Faktory, kter\u00e9 je t\u0159eba zv\u00e1\u017eit pro v\u011bdomou volbu<\/strong><\/h3>\n\n\n\n<p>P\u0159i rozhodov\u00e1n\u00ed, kterou mo\u017enost pou\u017e\u00edt, je d\u016fle\u017eit\u00e9 zv\u00e1\u017eit n\u011bkolik kl\u00ed\u010dov\u00fdch faktor\u016f:<\/p>\n\n\n\n<p><strong>Zabezpe\u010den\u00ed<\/strong>Bez ohledu na zvolenou mo\u017enost mus\u00ed b\u00fdt bezpe\u010dnost d\u00edt\u011bte v\u017edy prioritou. Ujist\u011bte se, \u017ee v prost\u0159ed\u00ed nejsou \u017e\u00e1dn\u00e9 nebezpe\u010d\u00ed, jako jsou voln\u00e9 p\u0159edm\u011bty, t\u011b\u017ek\u00e9 p\u0159ikr\u00fdvky nebo cokoli, co by mohlo d\u00edt\u011b udusit.<\/p>\n\n\n\n<p><strong>Preference a pot\u0159eby d\u00edt\u011bte<\/strong>Ka\u017ed\u00e9 d\u00edt\u011b je jedine\u010dn\u00e9 a je t\u0159eba br\u00e1t v \u00favahu jeho preference a pot\u0159eby. N\u011bkter\u00e1 miminka se c\u00edt\u00ed pohodln\u011bji v posteli, zat\u00edmco jin\u00e1 d\u00e1vaj\u00ed p\u0159ednost bl\u00edzkosti spole\u010dn\u00e9 postele. Pozorov\u00e1n\u00ed a porozum\u011bn\u00ed sign\u00e1l\u016fm a sign\u00e1l\u016fm d\u00edt\u011bte m\u016f\u017ee pomoci p\u0159i rozhodov\u00e1n\u00ed.<\/p>\n\n\n\n<p><strong>Rutina a d\u016fslednost<\/strong>V z\u00e1vislosti na zvolen\u00e9 mo\u017enosti m\u016f\u017ee b\u00fdt pro d\u00edt\u011b prosp\u011b\u0161n\u00e9 zaveden\u00ed pravideln\u00e9ho no\u010dn\u00edho re\u017eimu.<\/p>\n\n\n\n<p>To zahrnuje dodr\u017eov\u00e1n\u00ed pravideln\u00fdch \u010dasov\u00fdch pl\u00e1n\u016f p\u0159ed span\u00edm, vytvo\u0159en\u00ed klidn\u00e9ho a podp\u016frn\u00e9ho prost\u0159ed\u00ed a zav\u00e1d\u011bn\u00ed postup\u016f, kter\u00e9 pomohou va\u0161emu d\u00edt\u011bti relaxovat p\u0159ed span\u00edm, jako je rann\u00ed koupel nebo jemn\u00e1 mas\u00e1\u017e.<\/p>\n\n\n\n<h3 class=\"wp-block-heading\"><strong>Z\u00e1v\u011br<\/strong><\/h3>\n\n\n\n<p>V\u00fdb\u011br mezi ber\u00e7o, sd\u00edlenou postel\u00ed a Montessori\u00e1nskou postel\u00ed pro syna je osobn\u00ed rozhodnut\u00ed, kter\u00e9 mus\u00ed b\u00fdt u\u010din\u011bno s ohledem na bezpe\u010dnost, preference a individu\u00e1ln\u00ed pot\u0159eby d\u00edt\u011bte, a to krom\u011b zaveden\u00ed konzistentn\u00edho no\u010dn\u00edho re\u017eimu.<\/p>\n\n\n\n<p>Ber\u00e7o nab\u00edz\u00ed ohrani\u010den\u00fd a polstrovan\u00fd prostor, zat\u00edmco sd\u00edlen\u00e1 postel poskytuje bl\u00edzkost a pohodl\u00ed venkova. Postel J\u00e1 a Montessoriana podporuje nez\u00e1vislost a autonomii od cedo.<\/p>\n\n\n\n<p>Bez ohledu na zvolen\u00e9 mo\u017enosti je d\u016fle\u017eit\u00e9 vytvo\u0159it bezpe\u010dn\u00e9 a p\u0159\u00edzniv\u00e9 prost\u0159ed\u00ed pro zvuk d\u00edt\u011bte, vyh\u00fdbat se rizik\u016fm a dodr\u017eovat bezpe\u010dnostn\u00ed doporu\u010den\u00ed.<\/p>\n\n\n\n<p>Kone\u010dn\u00fdm c\u00edlem je zajistit, aby va\u0161e d\u00edt\u011b m\u011blo klidn\u00fd no\u010dn\u00ed sp\u00e1nek, co\u017e podpo\u0159\u00ed zdrav\u00fd v\u00fdvoj a celkov\u00e9 zdrav\u00ed.<\/p>\n\n\n\n<h3 class=\"wp-block-heading\">Zdroj pro v\u00fdzkum<\/h3>\n\n\n\n<p>N\u00ed\u017ee uv\u00e1d\u00edme n\u011bkolik d\u016fv\u011bryhodn\u00fdch zdroj\u016f, kde najdete dal\u0161\u00ed informace o zvuku d\u00edt\u011bte a mo\u017enostech l\u016f\u017ekovin, sd\u00edlen\u00fdch postel\u00ed a montessori\u00e1nsk\u00fdch postel\u00ed:<\/p>\n\n\n\n<p>Knihy specializovan\u00e9 na d\u011btsk\u00fd zvuk, jako nap\u0159\u00edklad \u201eSolu\u00e7\u00f5es para Noites Sem Choro\u201c od Elizabeth Pantleyov\u00e9, \u201eThe No-Cry Sleep Solution\u201c od Elizabeth Pantleyov\u00e9 a \u201eThe Montessori Toddler\u201c od Simone Daviesov\u00e9.<\/p>\n\n\n\n<p>Str\u00e1nky od d\u016fv\u011bryhodn\u00fdch organizac\u00ed, jako je Americk\u00e1 akademie pediatrie (AAP), BabyCenter, Mayo Clinic a N\u00e1rodn\u00ed nadace pro sp\u00e1nek.<\/p>\n\n\n\n<p>Pora\u010fte se s pediatry nebo specialisty na v\u00fdvoj d\u00edt\u011bte, abyste z\u00edskali personalizovan\u00e9 poradenstv\u00ed zalo\u017een\u00e9 na v\u011bdeck\u00fdch d\u016fkazech.<\/p>\n\n\n\n<p>Je t\u0159eba m\u00edt na pam\u011bti, \u017ee je v\u017edy d\u016fle\u017eit\u00e9 ov\u011b\u0159ovat d\u016fv\u011bryhodnost konzultovan\u00fdch zdroj\u016f a hledat aktu\u00e1ln\u00ed informace, proto\u017ee doporu\u010den\u00ed se mohou v pr\u016fb\u011bhu \u010dasu vyv\u00edjet na z\u00e1klad\u011b nov\u00fdch v\u00fdzkum\u016f a objev\u016f.<\/p>","protected":false},"excerpt":{"rendered":"<p>Jak\u00fd vliv na syna d\u00edt\u011bte: Ber\u00e7o, sd\u00edlen\u00e1 postel nebo Montessoriana?<br \/>\nNebo m\u00e1te dv\u011b miminka, co\u017e je pro va\u0161i zemi z\u00e1le\u017eitost mimo\u0159\u00e1dn\u00e9ho v\u00fdznamu. Dobr\u00fd no\u010dn\u00ed sp\u00e1nek je nezbytn\u00fd pro zdrav\u00fd v\u00fdvoj a pohodu dvou d\u011bt\u00ed.<br \/>\nMezi r\u016fzn\u00fdmi mo\u017enostmi span\u00ed vynikaj\u00ed t\u0159i: ber\u00e7o, sd\u00edlen\u00e1 postel a Montessoriana.<br \/>\nV tomto \u010dl\u00e1nku prozkoum\u00e1me ka\u017edou z t\u011bchto mo\u017enost\u00ed a analyzujeme, jak mohou ovlivnit zvuk va\u0161eho d\u00edt\u011bte.<\/p>","protected":false},"author":0,"featured_media":2234,"comment_status":"closed","ping_status":"open","sticky":false,"template":"","format":"standard","meta":{"footnotes":""},"categories":[5],"tags":[938,1062,1437],"yoast_head":"<!-- This site is optimized with the Yoast SEO plugin v23.3 - https:\/\/yoast.com\/wordpress\/plugins\/seo\/ -->\n<title>O Que Influencia no Sono do Beb\u00ea | Ber\u00e7o, Cama Compartilhada ou Montessoriana? - Universo Fam\u00edlia<\/title>\n<meta name=\"description\" content=\"O Que Influencia no Sono do Beb\u00ea: Ber\u00e7o, Cama Compartilhada ou Montessoriana?\" \/>\n<meta name=\"robots\" content=\"index, follow, max-snippet:-1, max-image-preview:large, max-video-preview:-1\" \/>\n<link rel=\"canonical\" href=\"http:\/\/universofamilia.com\/cs\/o-que-influencia-o-sono-do-bebe\/\" \/>\n<meta property=\"og:locale\" content=\"cs_CZ\" \/>\n<meta property=\"og:type\" content=\"article\" \/>\n<meta property=\"og:title\" content=\"O Que Influencia no Sono do Beb\u00ea | Ber\u00e7o, Cama Compartilhada ou Montessoriana? - Universo Fam\u00edlia\" \/>\n<meta property=\"og:description\" content=\"O Que Influencia no Sono do Beb\u00ea: Ber\u00e7o, Cama Compartilhada ou Montessoriana?\" \/>\n<meta property=\"og:url\" content=\"http:\/\/universofamilia.com\/cs\/o-que-influencia-o-sono-do-bebe\/\" \/>\n<meta property=\"og:site_name\" content=\"Universo Fam\u00edlia\" \/>\n<meta property=\"article:published_time\" content=\"2023-06-05T13:43:39+00:00\" \/>\n<meta property=\"og:image\" content=\"http:\/\/universofamilia.com\/wp-content\/uploads\/sites\/148\/2023\/06\/FOTO-DESTAQUE-DIFICULDADE-DE-OUVIRDIFICULDADE-DE-DORMIR-universo-familia-448x350-1.png\" \/>\n\t<meta property=\"og:image:width\" content=\"448\" \/>\n\t<meta property=\"og:image:height\" content=\"350\" \/>\n\t<meta property=\"og:image:type\" content=\"image\/png\" \/>\n<meta name=\"twitter:card\" content=\"summary_large_image\" \/>\n<meta name=\"twitter:label1\" content=\"Est. reading time\" \/>\n\t<meta name=\"twitter:data1\" content=\"5 minut\" \/>\n<script type=\"application\/ld+json\" class=\"yoast-schema-graph\">{\"@context\":\"https:\/\/schema.org\",\"@graph\":[{\"@type\":\"WebPage\",\"@id\":\"http:\/\/universofamilia.com\/ja\/o-que-influencia-o-sono-do-bebe\/\",\"url\":\"http:\/\/universofamilia.com\/ja\/o-que-influencia-o-sono-do-bebe\/\",\"name\":\"O Que Influencia no Sono do Beb\u00ea | Ber\u00e7o, Cama Compartilhada ou Montessoriana? - Universo Fam\u00edlia\",\"isPartOf\":{\"@id\":\"https:\/\/universofamilia.com\/el\/#website\"},\"primaryImageOfPage\":{\"@id\":\"http:\/\/universofamilia.com\/ja\/o-que-influencia-o-sono-do-bebe\/#primaryimage\"},\"image\":{\"@id\":\"http:\/\/universofamilia.com\/ja\/o-que-influencia-o-sono-do-bebe\/#primaryimage\"},\"thumbnailUrl\":\"https:\/\/universofamilia.com\/wp-content\/uploads\/sites\/148\/2023\/06\/FOTO-DESTAQUE-DIFICULDADE-DE-OUVIRDIFICULDADE-DE-DORMIR-universo-familia-448x350-1.png\",\"datePublished\":\"2023-06-05T13:43:39+00:00\",\"dateModified\":\"2023-06-05T13:43:39+00:00\",\"author\":{\"@id\":\"\"},\"description\":\"O Que Influencia no Sono do Beb\u00ea: Ber\u00e7o, Cama Compartilhada ou Montessoriana?\",\"breadcrumb\":{\"@id\":\"http:\/\/universofamilia.com\/ja\/o-que-influencia-o-sono-do-bebe\/#breadcrumb\"},\"inLanguage\":\"cs\",\"potentialAction\":[{\"@type\":\"ReadAction\",\"target\":[\"http:\/\/universofamilia.com\/ja\/o-que-influencia-o-sono-do-bebe\/\"]}]},{\"@type\":\"ImageObject\",\"inLanguage\":\"cs\",\"@id\":\"http:\/\/universofamilia.com\/ja\/o-que-influencia-o-sono-do-bebe\/#primaryimage\",\"url\":\"https:\/\/universofamilia.com\/wp-content\/uploads\/sites\/148\/2023\/06\/FOTO-DESTAQUE-DIFICULDADE-DE-OUVIRDIFICULDADE-DE-DORMIR-universo-familia-448x350-1.png\",\"contentUrl\":\"https:\/\/universofamilia.com\/wp-content\/uploads\/sites\/148\/2023\/06\/FOTO-DESTAQUE-DIFICULDADE-DE-OUVIRDIFICULDADE-DE-DORMIR-universo-familia-448x350-1.png\",\"width\":448,\"height\":350},{\"@type\":\"BreadcrumbList\",\"@id\":\"http:\/\/universofamilia.com\/ja\/o-que-influencia-o-sono-do-bebe\/#breadcrumb\",\"itemListElement\":[{\"@type\":\"ListItem\",\"position\":1,\"name\":\"Home\",\"item\":\"https:\/\/universofamilia.com\/el\/\"},{\"@type\":\"ListItem\",\"position\":2,\"name\":\"O Que Influencia no Sono do Beb\u00ea | Ber\u00e7o, Cama Compartilhada ou Montessoriana?\"}]},{\"@type\":\"WebSite\",\"@id\":\"https:\/\/universofamilia.com\/el\/#website\",\"url\":\"https:\/\/universofamilia.com\/el\/\",\"name\":\"Universo Fam\u00edlia\",\"description\":\"\",\"potentialAction\":[{\"@type\":\"SearchAction\",\"target\":{\"@type\":\"EntryPoint\",\"urlTemplate\":\"https:\/\/universofamilia.com\/el\/?s={search_term_string}\"},\"query-input\":\"required name=search_term_string\"}],\"inLanguage\":\"cs\"}]}<\/script>\n<!-- \/ Yoast SEO plugin. -->","yoast_head_json":{"title":"O Que Influencia no Sono do Beb\u00ea | Ber\u00e7o, Cama Compartilhada ou Montessoriana? - Universo Fam\u00edlia","description":"O Que Influencia no Sono do Beb\u00ea: Ber\u00e7o, Cama Compartilhada ou Montessoriana?","robots":{"index":"index","follow":"follow","max-snippet":"max-snippet:-1","max-image-preview":"max-image-preview:large","max-video-preview":"max-video-preview:-1"},"canonical":"http:\/\/universofamilia.com\/cs\/o-que-influencia-o-sono-do-bebe\/","og_locale":"cs_CZ","og_type":"article","og_title":"O Que Influencia no Sono do Beb\u00ea | Ber\u00e7o, Cama Compartilhada ou Montessoriana? - Universo Fam\u00edlia","og_description":"O Que Influencia no Sono do Beb\u00ea: Ber\u00e7o, Cama Compartilhada ou Montessoriana?","og_url":"http:\/\/universofamilia.com\/cs\/o-que-influencia-o-sono-do-bebe\/","og_site_name":"Universo Fam\u00edlia","article_published_time":"2023-06-05T13:43:39+00:00","og_image":[{"width":448,"height":350,"url":"http:\/\/universofamilia.com\/wp-content\/uploads\/sites\/148\/2023\/06\/FOTO-DESTAQUE-DIFICULDADE-DE-OUVIRDIFICULDADE-DE-DORMIR-universo-familia-448x350-1.png","type":"image\/png"}],"twitter_card":"summary_large_image","twitter_misc":{"Est. reading time":"5 minut"},"schema":{"@context":"https:\/\/schema.org","@graph":[{"@type":"WebPage","@id":"http:\/\/universofamilia.com\/ja\/o-que-influencia-o-sono-do-bebe\/","url":"http:\/\/universofamilia.com\/ja\/o-que-influencia-o-sono-do-bebe\/","name":"O Que Influencia no Sono do Beb\u00ea | Ber\u00e7o, Cama Compartilhada ou Montessoriana? - Universo Fam\u00edlia","isPartOf":{"@id":"https:\/\/universofamilia.com\/el\/#website"},"primaryImageOfPage":{"@id":"http:\/\/universofamilia.com\/ja\/o-que-influencia-o-sono-do-bebe\/#primaryimage"},"image":{"@id":"http:\/\/universofamilia.com\/ja\/o-que-influencia-o-sono-do-bebe\/#primaryimage"},"thumbnailUrl":"https:\/\/universofamilia.com\/wp-content\/uploads\/sites\/148\/2023\/06\/FOTO-DESTAQUE-DIFICULDADE-DE-OUVIRDIFICULDADE-DE-DORMIR-universo-familia-448x350-1.png","datePublished":"2023-06-05T13:43:39+00:00","dateModified":"2023-06-05T13:43:39+00:00","author":{"@id":""},"description":"O Que Influencia no Sono do Beb\u00ea: Ber\u00e7o, Cama Compartilhada ou Montessoriana?","breadcrumb":{"@id":"http:\/\/universofamilia.com\/ja\/o-que-influencia-o-sono-do-bebe\/#breadcrumb"},"inLanguage":"cs","potentialAction":[{"@type":"ReadAction","target":["http:\/\/universofamilia.com\/ja\/o-que-influencia-o-sono-do-bebe\/"]}]},{"@type":"ImageObject","inLanguage":"cs","@id":"http:\/\/universofamilia.com\/ja\/o-que-influencia-o-sono-do-bebe\/#primaryimage","url":"https:\/\/universofamilia.com\/wp-content\/uploads\/sites\/148\/2023\/06\/FOTO-DESTAQUE-DIFICULDADE-DE-OUVIRDIFICULDADE-DE-DORMIR-universo-familia-448x350-1.png","contentUrl":"https:\/\/universofamilia.com\/wp-content\/uploads\/sites\/148\/2023\/06\/FOTO-DESTAQUE-DIFICULDADE-DE-OUVIRDIFICULDADE-DE-DORMIR-universo-familia-448x350-1.png","width":448,"height":350},{"@type":"BreadcrumbList","@id":"http:\/\/universofamilia.com\/ja\/o-que-influencia-o-sono-do-bebe\/#breadcrumb","itemListElement":[{"@type":"ListItem","position":1,"name":"Home","item":"https:\/\/universofamilia.com\/el\/"},{"@type":"ListItem","position":2,"name":"O Que Influencia no Sono do Beb\u00ea | Ber\u00e7o, Cama Compartilhada ou Montessoriana?"}]},{"@type":"WebSite","@id":"https:\/\/universofamilia.com\/el\/#website","url":"https:\/\/universofamilia.com\/el\/","name":"Universo Fam\u00edlia","description":"","potentialAction":[{"@type":"SearchAction","target":{"@type":"EntryPoint","urlTemplate":"https:\/\/universofamilia.com\/el\/?s={search_term_string}"},"query-input":"required name=search_term_string"}],"inLanguage":"cs"}]}},"_links":{"self":[{"href":"https:\/\/universofamilia.com\/cs\/wp-json\/wp\/v2\/posts\/2227"}],"collection":[{"href":"https:\/\/universofamilia.com\/cs\/wp-json\/wp\/v2\/posts"}],"about":[{"href":"https:\/\/universofamilia.com\/cs\/wp-json\/wp\/v2\/types\/post"}],"replies":[{"embeddable":true,"href":"https:\/\/universofamilia.com\/cs\/wp-json\/wp\/v2\/comments?post=2227"}],"version-history":[{"count":0,"href":"https:\/\/universofamilia.com\/cs\/wp-json\/wp\/v2\/posts\/2227\/revisions"}],"wp:featuredmedia":[{"embeddable":true,"href":"https:\/\/universofamilia.com\/cs\/wp-json\/wp\/v2\/media\/2234"}],"wp:attachment":[{"href":"https:\/\/universofamilia.com\/cs\/wp-json\/wp\/v2\/media?parent=2227"}],"wp:term":[{"taxonomy":"category","embeddable":true,"href":"https:\/\/universofamilia.com\/cs\/wp-json\/wp\/v2\/categories?post=2227"},{"taxonomy":"post_tag","embeddable":true,"href":"https:\/\/universofamilia.com\/cs\/wp-json\/wp\/v2\/tags?post=2227"}],"curies":[{"name":"wp","href":"https:\/\/api.w.org\/{rel}","templated":true}]}}