{"id":2242,"date":"2023-06-05T19:19:36","date_gmt":"2023-06-05T22:19:36","guid":{"rendered":"https:\/\/universofamilia.com\/?p=2242"},"modified":"2023-06-05T19:19:36","modified_gmt":"2023-06-05T22:19:36","slug":"quais-os-ciclos-do-sono-do-bebe","status":"publish","type":"post","link":"https:\/\/universofamilia.com\/cs\/quais-os-ciclos-do-sono-do-bebe\/","title":{"rendered":"Zvukov\u00e9 cykly Quais the Baby"},"content":{"rendered":"<h3 class=\"wp-block-heading\">Kdy\u017e pou\u017e\u00edv\u00e1te cykly sp\u00e1nku miminek, pochopte a pomozte sv\u00e9mu d\u00edt\u011bti l\u00e9pe sp\u00e1t.<\/h3>\n\n\n\n<p>Sp\u00e1nkov\u00e9 cykly miminka jsou nezbytn\u00e9 pro v\u00e1\u0161 zdrav\u00fd v\u00fdvoj a tak\u00e9 pro zaji\u0161t\u011bn\u00ed chvil odpo\u010dinku pro va\u0161e d\u00edt\u011b.<\/p>\n\n\n\n<p>Pochopen\u00ed fungov\u00e1n\u00ed t\u011bchto cykl\u016f a osvojen\u00ed si vhodn\u00fdch technik, kter\u00e9 pomohou va\u0161emu d\u00edt\u011bti l\u00e9pe sp\u00e1t, m\u016f\u017ee b\u00fdt n\u00e1ro\u010dn\u00e9, ale s trp\u011blivost\u00ed a znalostmi je mo\u017en\u00e9 vytvo\u0159it zdrav\u00fd sp\u00e1nkov\u00fd re\u017eim pro celou rodinu.<\/p>\n\n\n\n<p>V tomto \u010dl\u00e1nku prozkoum\u00e1me r\u016fzn\u00e9 f\u00e1ze diagnostiky t\u011bhotenstv\u00ed u miminka a poskytneme cenn\u00e9 rady, kter\u00e9 tento proces usnadn\u00ed.<\/p>\n\n\n\n<h3 class=\"wp-block-heading\">\u010ct\u011bte tak\u00e9:<\/h3>\n\n\n\n<p><a href=\"https:\/\/universofamilia.com\/cs\/meu-bebe-dorme-mal\/\" target=\"_blank\" rel=\"noreferrer noopener\">Moje d\u00edt\u011b \u0161patn\u011b sp\u00ed, pod\u00edvejte se na 5 \u010dast\u00fdch chyb, kter\u00fdm byste se m\u011bli vyhnout.<\/a><\/p>\n\n\n\n<p><a href=\"https:\/\/universofamilia.com\/cs\/o-que-influencia-o-sono-do-bebe\/\" target=\"_blank\" rel=\"noreferrer noopener\">O Que Influence no Sono do B\u00ea | Ber\u00e7o, sd\u00edlen\u00e1 postel nebo Montessoriana?<\/a><\/p>\n\n\n\n<p><a href=\"https:\/\/universofamilia.com\/cs\/dicas-de-seguranca-para-o-sono-do-bebe-escolha-do-local-posicao-colchao-e-muito-mais\/\" target=\"_blank\" rel=\"noreferrer noopener\">Bezpe\u010dnostn\u00ed pokyny pro syna: bezpe\u010dn\u00e9 m\u00edsto, poloha, matrace a mnoho dal\u0161\u00edho<\/a><\/p>\n\n\n\n<h3 class=\"wp-block-heading\">Cyklus, kter\u00fd d\u011bl\u00e1 d\u00edt\u011b<\/h3>\n\n\n\n<p>Sp\u00e1nkov\u00fd cyklus d\u00edt\u011bte se skl\u00e1d\u00e1 ze dvou hlavn\u00edch f\u00e1z\u00ed: REM sp\u00e1nku (Rapid Eye Movement) a non-REM sp\u00e1nku.<\/p>\n\n\n<div class=\"wp-block-image\">\n<figure class=\"aligncenter size-full\"><img loading=\"lazy\" decoding=\"async\" width=\"800\" height=\"560\" src=\"http:\/\/universofamilia.com\/wp-content\/uploads\/sites\/148\/2023\/06\/POST-BEBE-SEGURANCA-DO-BEBE-O-UNIVERSO-FAMILIA-2.png\" alt=\"\" class=\"wp-image-2244\" srcset=\"https:\/\/universofamilia.com\/wp-content\/uploads\/sites\/148\/2023\/06\/POST-BEBE-SEGURANCA-DO-BEBE-O-UNIVERSO-FAMILIA-2.png 800w, https:\/\/universofamilia.com\/wp-content\/uploads\/sites\/148\/2023\/06\/POST-BEBE-SEGURANCA-DO-BEBE-O-UNIVERSO-FAMILIA-2-300x210.png 300w, https:\/\/universofamilia.com\/wp-content\/uploads\/sites\/148\/2023\/06\/POST-BEBE-SEGURANCA-DO-BEBE-O-UNIVERSO-FAMILIA-2-768x538.png 768w\" sizes=\"(max-width: 800px) 100vw, 800px\" \/><\/figure><\/div>\n\n\n<p>B\u011bhem REM sp\u00e1nku je mozkov\u00e1 aktivita intenzivn\u011bj\u0161\u00ed, zat\u00edmco v non-REM sp\u00e1nku m\u00e1te hlub\u0161\u00ed a klidn\u011bj\u0161\u00ed sp\u00e1nek.<\/p>\n\n\n\n<h3 class=\"wp-block-heading\">REM sp\u00e1nek<\/h3>\n\n\n\n<p>REM f\u00e1ze je nezbytn\u00e1 pro v\u00fdvoj mozku d\u00edt\u011bte. B\u011bhem t\u00e9to f\u00e1ze prob\u00edh\u00e1 intenzivn\u00ed mozkov\u00e1 aktivita, podobn\u011b jako u dvou dosp\u011bl\u00fdch.<\/p>\n\n\n\n<p>To je stav, o kter\u00e9m sn\u00edme. B\u011bhem REM sp\u00e1nku se o\u010di d\u00edt\u011bte rychle pohybuj\u00ed z jedn\u00e9 strany na druhou.<\/p>\n\n\n\n<h3 class=\"wp-block-heading\">Nezn\u00e1m REM<\/h3>\n\n\n\n<p>Non-REM sp\u00e1nek se vyzna\u010duje pomalej\u0161\u00ed mozkovou aktivitou a \u0161ir\u0161\u00edmi mozkov\u00fdmi vlnami.<\/p>\n\n\n\n<p>Existuj\u00ed t\u0159i r\u016fzn\u00e9 f\u00e1ze non-REM sp\u00e1nku, od leh\u010d\u00ed po hlub\u0161\u00ed. Nejedn\u00e1 se o hlub\u0161\u00ed stav, nebo si ho m\u016f\u017ee b\u00fdt obt\u00ed\u017en\u011bji zapamatovateln\u00fd.<\/p>\n\n\n\n<h3 class=\"wp-block-heading\">Trv\u00e1n\u00ed zvukov\u00fdch cykl\u016f<\/h3>\n\n\n\n<p>Sp\u00e1nkov\u00e9 cykly d\u00edt\u011bte jsou krat\u0161\u00ed ne\u017e cykly dvou dosp\u011bl\u00fdch. Zat\u00edmco dosp\u011bl\u00fd dok\u00e1\u017ee proj\u00edt kompletn\u00edm sp\u00e1nkov\u00fdm cyklem za p\u0159ibli\u017en\u011b 90 minut, miminka mohou proch\u00e1zet cykly o d\u00e9lce 50 a\u017e 60 minut.<\/p>\n\n\n\n<p>Tento rozd\u00edl vysv\u011btluje, pro\u010d se d\u011bti v noci shoduj\u00ed \u010dast\u011bji.<\/p>\n\n\n\n<h3 class=\"wp-block-heading\">Z\u00e1v\u011br<\/h3>\n\n\n\n<p>Pochopen\u00ed zvukov\u00fdch cykl\u016f d\u00edt\u011bte a osvojen\u00ed vhodn\u00fdch technik m\u016f\u017ee m\u00edt velk\u00fd vliv na kvalitu zvuku jak pro d\u00edt\u011b, tak pro danou zemi.<\/p>\n\n\n\n<p>Zave\u010fte konzistentn\u00ed re\u017eim, vytvo\u0159te prost\u0159ed\u00ed p\u0159\u00edzniv\u00e9 pro sono, vyh\u00fdbejte se nadm\u011brn\u00e9 stimulaci p\u0159ed span\u00edm, v\u011bnujte pozornost sono sinais, nab\u00eddn\u011bte dostate\u010dnou v\u00fd\u017eivu a poskytn\u011bte pohodl\u00ed a bezpe\u010d\u00ed pomoc\u00ed strategi\u00ed, kter\u00e9 mohou pomoci zlep\u0161it sono d\u00edt\u011bte.<\/p>\n\n\n\n<p>Vzhledem k tomu, \u017ee ka\u017ed\u00e9 d\u00edt\u011b je jedine\u010dn\u00e9, m\u016f\u017ee b\u00fdt nutn\u00e9 upravit techniky podle individu\u00e1ln\u00edch pot\u0159eb. Bu\u010fte trp\u011bliv\u00ed a nenechte se odradit, pokud se zvuk va\u0161eho d\u00edt\u011bte okam\u017eit\u011b nestabilizuje.<\/p>\n\n\n\n<p>S postupem \u010dasu je mo\u017en\u00e9 zav\u00e9st zdrav\u00fd a vyv\u00e1\u017een\u00fd re\u017eim pro celou rodinu.<\/p>\n\n\n\n<p>Pot\u0159ebuji dopl\u0148ky a oble\u010den\u00ed, v\u00edm | <a href=\"https:\/\/www.luzbaby.com.br\/\" target=\"_blank\" rel=\"noreferrer noopener\">Luz Baby je jeden z nejlep\u0161\u00edch obchod\u016f s kojeneck\u00fdmi pot\u0159ebami. Klikn\u011bte zde.<\/a><\/p>\n\n\n\n<h3 class=\"wp-block-heading\">Zdroj pro v\u00fdzkum<\/h3>\n\n\n\n<p>P\u0159i psan\u00ed \u010dl\u00e1nku je v\u017edy d\u016fle\u017eit\u00e9 citovat d\u016fv\u011bryhodn\u00e9 zdroje pro sestaven\u00ed obsahu. Zde je n\u011bkolik zdroj\u016f, kter\u00e9 m\u016f\u017eete pou\u017e\u00edt k dozv\u011bd\u011bt se v\u00edce o sp\u00e1nkov\u00fdch cyklech va\u0161eho d\u00edt\u011bte:<\/p>\n\n\n\n<p>Americk\u00e1 akademie pediatrie (AAP): Str\u00e1nky AAP nab\u00edzej\u00ed komplexn\u00ed informace o zdrav\u00ed d\u011bt\u00ed, v\u010detn\u011b \u010dl\u00e1nk\u016f a doporu\u010den\u00ed zalo\u017een\u00fdch na d\u016fkazech. Str\u00e1nky jsou dostupn\u00e9 na adrese: https:\/\/www.aap.org\/<\/p>\n\n\n\n<p>Funda\u00e7\u00e3o Nacional do Sono (N\u00e1rodn\u00ed nadace pro sp\u00e1nek): N\u00e1rodn\u00ed nadace pro sp\u00e1nek je neziskov\u00e1 organizace, kter\u00e1 se v\u011bnuje podpo\u0159e zdrav\u00e9ho sp\u00e1nku. Tyto str\u00e1nky obsahuj\u00ed u\u017eite\u010dn\u00e9 informace o d\u011btsk\u00fdch zvuc\u00edch. P\u0159\u00edstup k nim: https:\/\/www.sleepfoundation.org\/<\/p>\n\n\n\n<p>Klinika Mayo: Klinika Mayo je renomovan\u00e9 l\u00e9ka\u0159sk\u00e9 za\u0159\u00edzen\u00ed, kter\u00e9 poskytuje d\u016fv\u011bryhodn\u00e9 informace o \u0161irok\u00e9 \u0161k\u00e1le zdravotn\u00edch t\u00e9mat. Informace o cyklech sonografie pro kojence naleznete na adrese: https:\/\/www.mayoclinic.org\/<\/p>\n\n\n\n<p>Centra pro kontrolu a prevenci nemoc\u00ed (CDC): CDC je feder\u00e1ln\u00ed agentura ve Spojen\u00fdch st\u00e1tech, kter\u00e1 poskytuje d\u016fv\u011bryhodn\u00e9 informace o zdrav\u00ed a pohod\u011b. Tato str\u00e1nka obsahuje u\u017eite\u010dn\u00e9 zdroje o d\u011btsk\u00fdch zvuc\u00edch. P\u0159\u00edstup k nim: https:\/\/www.cdc.gov\/<\/p>\n\n\n\n<p>Specializovan\u00e9 knihy: Existuje mnoho knih napsan\u00fdch specialisty na kojeneckou sonografii, kter\u00e9 poskytuj\u00ed podrobn\u00e9 informace o cyklech kojeneck\u00e9 sonografie. Mezi obl\u00edben\u00e9 pat\u0159\u00ed \u201eVy\u0159e\u0161te probl\u00e9my se sp\u00e1nkem sv\u00e9ho d\u00edt\u011bte\u201c od Richarda Ferbera a \u201eZdrav\u00e9 sp\u00e1nkov\u00e9 n\u00e1vyky, \u0161\u0165astn\u00e9 d\u00edt\u011b\u201c od Marca Weissblutha.<\/p>\n\n\n\n<p>P\u0159i pou\u017eit\u00ed t\u011bchto zdroj\u016f dbejte na spr\u00e1vn\u00e9 citov\u00e1n\u00ed informac\u00ed a respektov\u00e1n\u00ed autorsk\u00fdch pr\u00e1v. Vyhled\u00e1v\u00e1n\u00ed v\u00edce zdroj\u016f, kter\u00fdm d\u016fv\u011b\u0159ujete, a kritick\u00e1 anal\u00fdza informac\u00ed jsou z\u00e1sadn\u00ed pro zaji\u0161t\u011bn\u00ed p\u0159esnosti a d\u016fv\u011bryhodnosti va\u0161eho \u010dl\u00e1nku.<\/p>","protected":false},"excerpt":{"rendered":"<p>Kdy\u017e pou\u017e\u00edv\u00e1te cykly sp\u00e1nku miminek, pochopte a pomozte sv\u00e9mu d\u00edt\u011bti l\u00e9pe sp\u00e1t.<\/p>\n<p>Sp\u00e1nkov\u00e9 cykly miminka jsou nezbytn\u00e9 pro v\u00e1\u0161 zdrav\u00fd v\u00fdvoj a tak\u00e9 pro zaji\u0161t\u011bn\u00ed chvil odpo\u010dinku pro va\u0161e d\u00edt\u011b.<\/p>\n<p>Pochopen\u00ed fungov\u00e1n\u00ed t\u011bchto cykl\u016f a osvojen\u00ed si vhodn\u00fdch technik, kter\u00e9 pomohou va\u0161emu d\u00edt\u011bti l\u00e9pe sp\u00e1t, m\u016f\u017ee b\u00fdt n\u00e1ro\u010dn\u00e9, ale s trp\u011blivost\u00ed a znalostmi je mo\u017en\u00e9 vytvo\u0159it zdrav\u00fd sp\u00e1nkov\u00fd re\u017eim pro celou rodinu.<\/p>\n<p>V tomto \u010dl\u00e1nku prozkoum\u00e1me r\u016fzn\u00e9 f\u00e1ze diagnostiky t\u011bhotenstv\u00ed u miminka a poskytneme cenn\u00e9 rady, kter\u00e9 tento proces usnadn\u00ed.<\/p>","protected":false},"author":0,"featured_media":2245,"comment_status":"closed","ping_status":"open","sticky":false,"template":"","format":"standard","meta":{"footnotes":""},"categories":[5],"tags":[560,1437,1448],"yoast_head":"<!-- This site is optimized with the Yoast SEO plugin v23.3 - https:\/\/yoast.com\/wordpress\/plugins\/seo\/ -->\n<title>Quais os Ciclos do Sono do Beb\u00ea - Universo Fam\u00edlia<\/title>\n<meta name=\"description\" content=\"Quais os Ciclos do Sono do Beb\u00ea, entenda e Ajude seu Pequeno a Dormir Melhor.\" \/>\n<meta name=\"robots\" content=\"index, follow, max-snippet:-1, max-image-preview:large, max-video-preview:-1\" \/>\n<link rel=\"canonical\" href=\"https:\/\/universofamilia.com\/cs\/quais-os-ciclos-do-sono-do-bebe\/\" \/>\n<meta property=\"og:locale\" content=\"cs_CZ\" \/>\n<meta property=\"og:type\" content=\"article\" \/>\n<meta property=\"og:title\" content=\"Quais os Ciclos do Sono do Beb\u00ea - Universo Fam\u00edlia\" \/>\n<meta property=\"og:description\" content=\"Quais os Ciclos do Sono do Beb\u00ea, entenda e Ajude seu Pequeno a Dormir Melhor.\" \/>\n<meta property=\"og:url\" content=\"https:\/\/universofamilia.com\/cs\/quais-os-ciclos-do-sono-do-bebe\/\" \/>\n<meta property=\"og:site_name\" content=\"Universo Fam\u00edlia\" \/>\n<meta property=\"article:published_time\" content=\"2023-06-05T22:19:36+00:00\" \/>\n<meta property=\"og:image\" content=\"https:\/\/universofamilia.com\/wp-content\/uploads\/sites\/148\/2023\/06\/FOTO-DESTAQUE-ciclos-de-sono-do-bebe-universo-familia-448x350-.png\" \/>\n\t<meta property=\"og:image:width\" content=\"448\" \/>\n\t<meta property=\"og:image:height\" content=\"350\" \/>\n\t<meta property=\"og:image:type\" content=\"image\/png\" \/>\n<meta name=\"twitter:card\" content=\"summary_large_image\" \/>\n<meta name=\"twitter:label1\" content=\"Est. reading time\" \/>\n\t<meta name=\"twitter:data1\" content=\"5 minut\" \/>\n<script type=\"application\/ld+json\" class=\"yoast-schema-graph\">{\"@context\":\"https:\/\/schema.org\",\"@graph\":[{\"@type\":\"WebPage\",\"@id\":\"https:\/\/universofamilia.com\/zh_hk\/quais-os-ciclos-do-sono-do-bebe\/\",\"url\":\"https:\/\/universofamilia.com\/zh_hk\/quais-os-ciclos-do-sono-do-bebe\/\",\"name\":\"Quais os Ciclos do Sono do Beb\u00ea - Universo Fam\u00edlia\",\"isPartOf\":{\"@id\":\"https:\/\/universofamilia.com\/el\/#website\"},\"primaryImageOfPage\":{\"@id\":\"https:\/\/universofamilia.com\/zh_hk\/quais-os-ciclos-do-sono-do-bebe\/#primaryimage\"},\"image\":{\"@id\":\"https:\/\/universofamilia.com\/zh_hk\/quais-os-ciclos-do-sono-do-bebe\/#primaryimage\"},\"thumbnailUrl\":\"https:\/\/universofamilia.com\/wp-content\/uploads\/sites\/148\/2023\/06\/FOTO-DESTAQUE-ciclos-de-sono-do-bebe-universo-familia-448x350-.png\",\"datePublished\":\"2023-06-05T22:19:36+00:00\",\"dateModified\":\"2023-06-05T22:19:36+00:00\",\"author\":{\"@id\":\"\"},\"description\":\"Quais os Ciclos do Sono do Beb\u00ea, entenda e Ajude seu Pequeno a Dormir Melhor.\",\"breadcrumb\":{\"@id\":\"https:\/\/universofamilia.com\/zh_hk\/quais-os-ciclos-do-sono-do-bebe\/#breadcrumb\"},\"inLanguage\":\"cs\",\"potentialAction\":[{\"@type\":\"ReadAction\",\"target\":[\"https:\/\/universofamilia.com\/zh_hk\/quais-os-ciclos-do-sono-do-bebe\/\"]}]},{\"@type\":\"ImageObject\",\"inLanguage\":\"cs\",\"@id\":\"https:\/\/universofamilia.com\/zh_hk\/quais-os-ciclos-do-sono-do-bebe\/#primaryimage\",\"url\":\"https:\/\/universofamilia.com\/wp-content\/uploads\/sites\/148\/2023\/06\/FOTO-DESTAQUE-ciclos-de-sono-do-bebe-universo-familia-448x350-.png\",\"contentUrl\":\"https:\/\/universofamilia.com\/wp-content\/uploads\/sites\/148\/2023\/06\/FOTO-DESTAQUE-ciclos-de-sono-do-bebe-universo-familia-448x350-.png\",\"width\":448,\"height\":350},{\"@type\":\"BreadcrumbList\",\"@id\":\"https:\/\/universofamilia.com\/zh_hk\/quais-os-ciclos-do-sono-do-bebe\/#breadcrumb\",\"itemListElement\":[{\"@type\":\"ListItem\",\"position\":1,\"name\":\"Home\",\"item\":\"https:\/\/universofamilia.com\/el\/\"},{\"@type\":\"ListItem\",\"position\":2,\"name\":\"Quais os Ciclos do Sono do Beb\u00ea\"}]},{\"@type\":\"WebSite\",\"@id\":\"https:\/\/universofamilia.com\/el\/#website\",\"url\":\"https:\/\/universofamilia.com\/el\/\",\"name\":\"Universo Fam\u00edlia\",\"description\":\"\",\"potentialAction\":[{\"@type\":\"SearchAction\",\"target\":{\"@type\":\"EntryPoint\",\"urlTemplate\":\"https:\/\/universofamilia.com\/el\/?s={search_term_string}\"},\"query-input\":\"required name=search_term_string\"}],\"inLanguage\":\"cs\"}]}<\/script>\n<!-- \/ Yoast SEO plugin. -->","yoast_head_json":{"title":"Quais os Ciclos do Sono do Beb\u00ea - Universo Fam\u00edlia","description":"Quais os Ciclos do Sono do Beb\u00ea, entenda e Ajude seu Pequeno a Dormir Melhor.","robots":{"index":"index","follow":"follow","max-snippet":"max-snippet:-1","max-image-preview":"max-image-preview:large","max-video-preview":"max-video-preview:-1"},"canonical":"https:\/\/universofamilia.com\/cs\/quais-os-ciclos-do-sono-do-bebe\/","og_locale":"cs_CZ","og_type":"article","og_title":"Quais os Ciclos do Sono do Beb\u00ea - Universo Fam\u00edlia","og_description":"Quais os Ciclos do Sono do Beb\u00ea, entenda e Ajude seu Pequeno a Dormir Melhor.","og_url":"https:\/\/universofamilia.com\/cs\/quais-os-ciclos-do-sono-do-bebe\/","og_site_name":"Universo Fam\u00edlia","article_published_time":"2023-06-05T22:19:36+00:00","og_image":[{"width":448,"height":350,"url":"https:\/\/universofamilia.com\/wp-content\/uploads\/sites\/148\/2023\/06\/FOTO-DESTAQUE-ciclos-de-sono-do-bebe-universo-familia-448x350-.png","type":"image\/png"}],"twitter_card":"summary_large_image","twitter_misc":{"Est. reading time":"5 minut"},"schema":{"@context":"https:\/\/schema.org","@graph":[{"@type":"WebPage","@id":"https:\/\/universofamilia.com\/zh_hk\/quais-os-ciclos-do-sono-do-bebe\/","url":"https:\/\/universofamilia.com\/zh_hk\/quais-os-ciclos-do-sono-do-bebe\/","name":"Quais os Ciclos do Sono do Beb\u00ea - Universo Fam\u00edlia","isPartOf":{"@id":"https:\/\/universofamilia.com\/el\/#website"},"primaryImageOfPage":{"@id":"https:\/\/universofamilia.com\/zh_hk\/quais-os-ciclos-do-sono-do-bebe\/#primaryimage"},"image":{"@id":"https:\/\/universofamilia.com\/zh_hk\/quais-os-ciclos-do-sono-do-bebe\/#primaryimage"},"thumbnailUrl":"https:\/\/universofamilia.com\/wp-content\/uploads\/sites\/148\/2023\/06\/FOTO-DESTAQUE-ciclos-de-sono-do-bebe-universo-familia-448x350-.png","datePublished":"2023-06-05T22:19:36+00:00","dateModified":"2023-06-05T22:19:36+00:00","author":{"@id":""},"description":"Quais os Ciclos do Sono do Beb\u00ea, entenda e Ajude seu Pequeno a Dormir Melhor.","breadcrumb":{"@id":"https:\/\/universofamilia.com\/zh_hk\/quais-os-ciclos-do-sono-do-bebe\/#breadcrumb"},"inLanguage":"cs","potentialAction":[{"@type":"ReadAction","target":["https:\/\/universofamilia.com\/zh_hk\/quais-os-ciclos-do-sono-do-bebe\/"]}]},{"@type":"ImageObject","inLanguage":"cs","@id":"https:\/\/universofamilia.com\/zh_hk\/quais-os-ciclos-do-sono-do-bebe\/#primaryimage","url":"https:\/\/universofamilia.com\/wp-content\/uploads\/sites\/148\/2023\/06\/FOTO-DESTAQUE-ciclos-de-sono-do-bebe-universo-familia-448x350-.png","contentUrl":"https:\/\/universofamilia.com\/wp-content\/uploads\/sites\/148\/2023\/06\/FOTO-DESTAQUE-ciclos-de-sono-do-bebe-universo-familia-448x350-.png","width":448,"height":350},{"@type":"BreadcrumbList","@id":"https:\/\/universofamilia.com\/zh_hk\/quais-os-ciclos-do-sono-do-bebe\/#breadcrumb","itemListElement":[{"@type":"ListItem","position":1,"name":"Home","item":"https:\/\/universofamilia.com\/el\/"},{"@type":"ListItem","position":2,"name":"Quais os Ciclos do Sono do Beb\u00ea"}]},{"@type":"WebSite","@id":"https:\/\/universofamilia.com\/el\/#website","url":"https:\/\/universofamilia.com\/el\/","name":"Universo Fam\u00edlia","description":"","potentialAction":[{"@type":"SearchAction","target":{"@type":"EntryPoint","urlTemplate":"https:\/\/universofamilia.com\/el\/?s={search_term_string}"},"query-input":"required name=search_term_string"}],"inLanguage":"cs"}]}},"_links":{"self":[{"href":"https:\/\/universofamilia.com\/cs\/wp-json\/wp\/v2\/posts\/2242"}],"collection":[{"href":"https:\/\/universofamilia.com\/cs\/wp-json\/wp\/v2\/posts"}],"about":[{"href":"https:\/\/universofamilia.com\/cs\/wp-json\/wp\/v2\/types\/post"}],"replies":[{"embeddable":true,"href":"https:\/\/universofamilia.com\/cs\/wp-json\/wp\/v2\/comments?post=2242"}],"version-history":[{"count":0,"href":"https:\/\/universofamilia.com\/cs\/wp-json\/wp\/v2\/posts\/2242\/revisions"}],"wp:featuredmedia":[{"embeddable":true,"href":"https:\/\/universofamilia.com\/cs\/wp-json\/wp\/v2\/media\/2245"}],"wp:attachment":[{"href":"https:\/\/universofamilia.com\/cs\/wp-json\/wp\/v2\/media?parent=2242"}],"wp:term":[{"taxonomy":"category","embeddable":true,"href":"https:\/\/universofamilia.com\/cs\/wp-json\/wp\/v2\/categories?post=2242"},{"taxonomy":"post_tag","embeddable":true,"href":"https:\/\/universofamilia.com\/cs\/wp-json\/wp\/v2\/tags?post=2242"}],"curies":[{"name":"wp","href":"https:\/\/api.w.org\/{rel}","templated":true}]}}