{"id":2752,"date":"2023-06-18T20:42:37","date_gmt":"2023-06-18T23:42:37","guid":{"rendered":"https:\/\/universofamilia.com\/?p=2752"},"modified":"2025-02-07T01:22:33","modified_gmt":"2025-02-07T01:22:33","slug":"posso-utilizar-ventilador-no-quarto-do-bebe","status":"publish","type":"post","link":"https:\/\/universofamilia.com\/cs\/posso-utilizar-ventilador-no-quarto-do-bebe\/","title":{"rendered":"M\u016f\u017eu v d\u011btsk\u00e9m pokoji pou\u017e\u00edt ventil\u00e1tor?"},"content":{"rendered":"<p>Mohu v d\u011btsk\u00e9m pokoji pou\u017e\u00edvat ventil\u00e1tor? Pokud jde o vytvo\u0159en\u00ed pohodln\u00e9ho prost\u0159ed\u00ed pro va\u0161e d\u00edt\u011b, mnoho lid\u00ed si klade ot\u00e1zku, zda je bezpe\u010dn\u00e9 a prosp\u011b\u0161n\u00e9 pou\u017e\u00edvat ventil\u00e1tor v mal\u00e9 m\u00edstnosti.<\/p>\n\n\n\n<p>D\u00e1le se touto ot\u00e1zkou budeme zab\u00fdvat s informacemi o v\u00fdhod\u00e1ch a p\u00e9\u010di souvisej\u00edc\u00ed s pou\u017e\u00edv\u00e1n\u00edm ventil\u00e1tor\u016f v d\u011btsk\u00e9m pokoji a tak\u00e9 zd\u016frazn\u00edme v\u00fdhody a nev\u00fdhody d\u011btsk\u00e9ho ventil\u00e1toru a b\u011b\u017en\u00e9ho ventil\u00e1toru.<\/p>\n\n\n\n<p>Pokra\u010dujte ve \u010dten\u00ed, kde najdete u\u017eite\u010dn\u00e9 rady a zajist\u00edte pohodl\u00ed va\u0161eho d\u00edt\u011bte b\u011bhem n\u00e1sleduj\u00edc\u00edch dn\u016f.<\/p>\n\n\n\n<p>P\u0159e\u010dt\u011bte si tak\u00e9 Jak doma vychovat brinquedoteku<\/p>\n\n\n<div class=\"wp-block-image\">\n<figure class=\"aligncenter size-full\"><img loading=\"lazy\" decoding=\"async\" width=\"550\" height=\"350\" src=\"http:\/\/universofamilia.com\/wp-content\/uploads\/sites\/148\/2023\/06\/POST-ventilador-de-teto-universo-familia-.png\" alt=\"\" class=\"wp-image-2755\" srcset=\"https:\/\/universofamilia.com\/wp-content\/uploads\/sites\/148\/2023\/06\/POST-ventilador-de-teto-universo-familia-.png 550w, https:\/\/universofamilia.com\/wp-content\/uploads\/sites\/148\/2023\/06\/POST-ventilador-de-teto-universo-familia--300x191.png 300w\" sizes=\"(max-width: 550px) 100vw, 550px\" \/><figcaption class=\"wp-element-caption\"><em>Foto: (reprodukce\/internet)<\/em><\/figcaption><\/figure><\/div>\n\n\n<h3 class=\"wp-block-heading\"><strong>V\u00fdhody a p\u00e9\u010de o ventil\u00e1tor v d\u011btsk\u00e9m pokoji<\/strong><\/h3>\n\n\n\n<p>Pou\u017e\u00edv\u00e1n\u00ed ventil\u00e1toru v d\u011btsk\u00e9m pokoji m\u016f\u017ee m\u00edt n\u011bkolik v\u00fdhod, zejm\u00e9na v chladn\u011bj\u0161\u00edch ro\u010dn\u00edch obdob\u00edch. N\u00ed\u017ee uv\u00e1d\u00edme n\u011bkter\u00e9 z v\u00fdhod pou\u017e\u00edv\u00e1n\u00ed ventil\u00e1toru:<\/p>\n\n\n\n<p><strong>Regulace teploty<\/strong>Vhodn\u00fd ventil\u00e1tor m\u016f\u017ee pomoci udr\u017eet prost\u0159ed\u00ed chladn\u00e9 a pohodln\u00e9 pro d\u00edt\u011b a zabr\u00e1nit tak nepohodl\u00ed zp\u016fsoben\u00e9mu nadm\u011brn\u00fdm teplem.<\/p>\n\n\n\n<p><strong>Cirkulace vzduchu<\/strong>Ventil\u00e1tor podporuje krevn\u00ed ob\u011bh v d\u011btsk\u00e9m pokoji, sni\u017euje pocit vy\u010derp\u00e1n\u00ed a sni\u017euje koncentraci plyn\u016f a pach\u016f.<\/p>\n\n\n\n<p><strong>B\u00edl\u00fd \u0161um<\/strong>Jemn\u00e9 sv\u011btlo ventil\u00e1toru m\u016f\u017ee vytv\u00e1\u0159et uklid\u0148uj\u00edc\u00ed b\u00edl\u00fd \u0161um, kter\u00fd pom\u00e1h\u00e1 d\u00edt\u011bti relaxovat a sn\u00e1ze usnout.<\/p>\n\n\n\n<p>Pou\u017e\u00edv\u00e1n\u00ed ventil\u00e1toru m\u00e1 sv\u00e9 v\u00fdhody, je v\u0161ak nezbytn\u00e9 dodr\u017eovat ur\u010dit\u00e1 opat\u0159en\u00ed, aby byla zaji\u0161t\u011bna bezpe\u010dnost zdrav\u00ed va\u0161eho d\u00edt\u011bte:<\/p>\n\n\n\n<p><strong>Bezpe\u010dn\u00e1 vzd\u00e1lenost<\/strong>Ujist\u011bte se, \u017ee je ventil\u00e1tor um\u00edst\u011bn na bezpe\u010dn\u00e9m m\u00edst\u011b mimo dosah d\u00edt\u011bte. Tak\u00e9 jej neumis\u0165ujte do bl\u00edzkosti dve\u0159\u00ed nebo p\u0159edm\u011bt\u016f, na kter\u00e9 by d\u011bti mohly dos\u00e1hnout.<\/p>\n\n\n\n<p><strong>Pravideln\u00e9 \u010di\u0161t\u011bn\u00ed<\/strong>Udr\u017eujte ventil\u00e1tor \u010dist\u00fd a bez prachu, abyste zabr\u00e1nili \u0161\u00ed\u0159en\u00ed alergen\u016f v prost\u0159ed\u00ed.<\/p>\n\n\n\n<p><strong>Dostate\u010dn\u00e9 v\u011btr\u00e1n\u00ed<\/strong>Pokud se rozhodnete pou\u017e\u00edt ventil\u00e1tor, je d\u016fle\u017eit\u00e9 zajistit dobr\u00e9 v\u011btr\u00e1n\u00ed m\u00edstnosti a otev\u0159\u00edt dve\u0159e a dve\u0159e, aby mohl proudit \u010derstv\u00fd vzduch.<\/p>\n\n\n\n<h4 class=\"wp-block-heading\"><strong>Ventil\u00e1tor Teto vs. b\u011b\u017en\u00fd ventil\u00e1tor<\/strong><\/h4>\n\n\n\n<p>Nyn\u00ed porovnejme v\u00fdhody a nev\u00fdhody stropn\u00edho ventil\u00e1toru a b\u011b\u017en\u00e9ho ventil\u00e1toru.<\/p>\n\n\n\n<h4 class=\"wp-block-heading\"><strong>Stropn\u00ed ventil\u00e1tor<\/strong><\/h4>\n\n\n<div class=\"wp-block-image\">\n<figure class=\"aligncenter size-full\"><img loading=\"lazy\" decoding=\"async\" width=\"550\" height=\"350\" src=\"http:\/\/universofamilia.com\/wp-content\/uploads\/sites\/148\/2023\/06\/POST-ventilador-de-teto-universo-familia-1-1.png\" alt=\"\" class=\"wp-image-2754\" srcset=\"https:\/\/universofamilia.com\/wp-content\/uploads\/sites\/148\/2023\/06\/POST-ventilador-de-teto-universo-familia-1-1.png 550w, https:\/\/universofamilia.com\/wp-content\/uploads\/sites\/148\/2023\/06\/POST-ventilador-de-teto-universo-familia-1-1-300x191.png 300w\" sizes=\"(max-width: 550px) 100vw, 550px\" \/><figcaption class=\"wp-element-caption\"><em>Foto: (reprodukce\/internet)<\/em><\/figcaption><\/figure><\/div>\n\n\n<h5 class=\"wp-block-heading\"><strong>V\u00fdhody<\/strong><\/h5>\n\n\n\n<p><strong>Vesm\u00edrn\u00e1 ekonomika<\/strong>Stropn\u00ed ventil\u00e1tor se upev\u0148uje na strop, tak\u017ee v d\u011btsk\u00e9m pokoji zab\u00edr\u00e1 m\u00e9n\u011b m\u00edsta.<\/p>\n\n\n\n<p><strong>Rovnom\u011brn\u00e9 rozd\u011blen\u00ed<\/strong>Zadn\u00ed ventil\u00e1tor pracuje v prost\u0159ed\u00ed rovnom\u011brn\u011bji a vytv\u00e1\u0159\u00ed p\u0159\u00edjemn\u00fd pocit.<\/p>\n\n\n\n<p><strong>Zabezpe\u010den\u00ed<\/strong>Proto\u017ee nen\u00ed vysok\u00fd, je stropn\u00ed ventil\u00e1tor mimo dosah d\u00edt\u011bte, co\u017e sni\u017euje riziko \u00farazu.<\/p>\n\n\n\n<h5 class=\"wp-block-heading\"><strong>Nev\u00fdhody<\/strong><\/h5>\n\n\n\n<p><strong>Obt\u00ed\u017en\u00e9 ovl\u00e1d\u00e1n\u00ed sm\u011bru v\u011btru<\/strong>U n\u011bkter\u00fdch model\u016f m\u016f\u017ee b\u00fdt obt\u00ed\u017en\u00e9 nastavit sm\u011br proud\u011bn\u00ed vzduchu nebo to m\u016f\u017ee d\u00edt\u011bti zp\u016fsobovat nepohodl\u00ed.<\/p>\n\n\n\n<p><strong>Obt\u00ed\u017enost s \u010di\u0161t\u011bn\u00edm<\/strong>: Vzhledem k jeho um\u00edst\u011bn\u00ed na hlav\u011b m\u016f\u017ee b\u00fdt \u010di\u0161t\u011bn\u00ed ventil\u00e1toru hlavy obt\u00ed\u017en\u011bj\u0161\u00ed.<\/p>\n\n\n\n<h4 class=\"wp-block-heading\"><strong>B\u011b\u017en\u00fd ventil\u00e1tor<\/strong><\/h4>\n\n\n<div class=\"wp-block-image\">\n<figure class=\"aligncenter size-full\"><img loading=\"lazy\" decoding=\"async\" width=\"550\" height=\"350\" src=\"http:\/\/universofamilia.com\/wp-content\/uploads\/sites\/148\/2023\/06\/POST-ventilador-de-teto-universo-familia-2.png\" alt=\"\" class=\"wp-image-2756\" srcset=\"https:\/\/universofamilia.com\/wp-content\/uploads\/sites\/148\/2023\/06\/POST-ventilador-de-teto-universo-familia-2.png 550w, https:\/\/universofamilia.com\/wp-content\/uploads\/sites\/148\/2023\/06\/POST-ventilador-de-teto-universo-familia-2-300x191.png 300w\" sizes=\"(max-width: 550px) 100vw, 550px\" \/><figcaption class=\"wp-element-caption\"><em>Foto: (reprodukce\/internet)<\/em><\/figcaption><\/figure><\/div>\n\n\n<h5 class=\"wp-block-heading\"><strong>V\u00fdhody<\/strong><\/h5>\n\n\n\n<p><strong>P\u0159enosnost<\/strong>B\u011b\u017en\u00fd ventil\u00e1tor m\u016f\u017eete snadno p\u0159esouvat z jedn\u00e9 m\u00edstnosti do druh\u00e9, co\u017e v\u00e1m umo\u017en\u00ed nasm\u011brovat proud\u011bn\u00ed vzduchu podle pot\u0159eby.<\/p>\n\n\n\n<p><strong>Nastaviteln\u00e9 ovl\u00e1d\u00e1n\u00ed<\/strong>V\u011bt\u0161ina dvou b\u011b\u017en\u00fdch model\u016f ventil\u00e1tor\u016f nab\u00edz\u00ed mo\u017enosti nastaven\u00ed rychlosti a sm\u011bru v\u011btru, co\u017e d\u00edt\u011bti poskytuje v\u011bt\u0161\u00ed pohodl\u00ed.<\/p>\n\n\n\n<p><strong>Snadn\u00e9 \u010di\u0161t\u011bn\u00ed<\/strong>B\u011b\u017en\u00e9 ventil\u00e1tory se d\u00edky sv\u00e9 p\u0159\u00edstupn\u00e9 konstrukci snadn\u011bji \u010dist\u00ed.<\/p>\n\n\n\n<h5 class=\"wp-block-heading\"><strong>Nev\u00fdhody<\/strong><\/h5>\n\n\n\n<p><strong>Obsazen\u00ed prostoru<\/strong>B\u011b\u017en\u00e9 ventil\u00e1tory zab\u00edraj\u00ed v m\u00edstnosti v\u00edce m\u00edsta, co\u017e m\u016f\u017ee b\u00fdt v men\u0161\u00edch prostor\u00e1ch nepraktick\u00e9.<\/p>\n\n\n\n<p><strong>V\u011bt\u0161\u00ed riziko nehod<\/strong>Vzhledem k jeho mobilit\u011b je nutn\u00e9 db\u00e1t na to, aby d\u00edt\u011b nem\u011blo p\u0159\u00edm\u00fd p\u0159\u00edstup k pracuj\u00edc\u00edmu ventil\u00e1toru.<\/p>\n\n\n\n<p>P\u0159e\u010dt\u011bte si tak\u00e9 10 praktick\u00fdch tip\u016f pro za\u0159izov\u00e1n\u00ed d\u011btsk\u00e9ho pokoje<\/p>\n\n\n\n<h3 class=\"wp-block-heading\"><strong>Z\u00e1v\u011br<\/strong><\/h3>\n\n\n<div class=\"wp-block-image\">\n<figure class=\"aligncenter size-full\"><img loading=\"lazy\" decoding=\"async\" width=\"550\" height=\"350\" src=\"http:\/\/universofamilia.com\/wp-content\/uploads\/sites\/148\/2023\/06\/POST-ventilador-de-teto-universo-familia-3.png\" alt=\"\" class=\"wp-image-2757\" srcset=\"https:\/\/universofamilia.com\/wp-content\/uploads\/sites\/148\/2023\/06\/POST-ventilador-de-teto-universo-familia-3.png 550w, https:\/\/universofamilia.com\/wp-content\/uploads\/sites\/148\/2023\/06\/POST-ventilador-de-teto-universo-familia-3-300x191.png 300w\" sizes=\"(max-width: 550px) 100vw, 550px\" \/><figcaption class=\"wp-element-caption\"><em>Foto: (reprodukce\/internet)<\/em><\/figcaption><\/figure><\/div>\n\n\n<p>P\u0159i zva\u017eov\u00e1n\u00ed pou\u017eit\u00ed ventil\u00e1toru v d\u011btsk\u00e9m pokoji je d\u016fle\u017eit\u00e9 zhodnotit v\u00fdhody a nezbytnou p\u00e9\u010di.<\/p>\n\n\n\n<p>Regulace teploty, cirkulace vzduchu a b\u00edl\u00fd \u0161um ventil\u00e1toru mohou d\u00edt\u011bti poskytnout pohodl\u00ed.<\/p>\n\n\n\n<p>Je v\u0161ak nezbytn\u00e9 p\u0159ijmout bezpe\u010dnostn\u00ed opat\u0159en\u00ed, jako je um\u00edst\u011bn\u00ed ventil\u00e1toru mimo dosah d\u00edt\u011bte a pravideln\u00e9 \u010di\u0161t\u011bn\u00ed.<\/p>\n\n\n\n<p>P\u0159i v\u00fdb\u011bru mezi stropn\u00edm ventil\u00e1torem a b\u011b\u017en\u00fdm ventil\u00e1torem zva\u017ete tak\u00e9 v\u00fdhody a nev\u00fdhody ka\u017ed\u00e9 mo\u017enosti.<\/p>\n\n\n\n<p>Krom\u011b toho, s dodr\u017een\u00edm spr\u00e1vn\u00fdch bezpe\u010dnostn\u00edch opat\u0159en\u00ed a opat\u0159en\u00ed, m\u016f\u017ee pou\u017e\u00edv\u00e1n\u00ed ventil\u00e1toru v d\u011btsk\u00e9m pokoji p\u0159isp\u011bt k p\u0159\u00edjemn\u00e9mu a pohodln\u00e9mu prost\u0159ed\u00ed.<\/p>\n\n\n\n<h3 class=\"wp-block-heading\"><strong>V\u00edce informac\u00ed o pou\u017eit\u00ed ventil\u00e1tor\u016f v d\u011btsk\u00e9m pokoji naleznete v n\u00e1sleduj\u00edc\u00edch d\u016fv\u011bryhodn\u00fdch zdroj\u00edch.<\/strong><\/h3>\n\n\n\n<p>Sociedade Brasileira de Pediatria (SBP) \u2013 SBP je uzn\u00e1van\u00e1 zdravotnick\u00e1 instituce, kter\u00e1 nab\u00edz\u00ed pokyny a doporu\u010den\u00ed pro p\u00e9\u010di o kojence.<\/p>\n\n\n\n<p>Ofici\u00e1ln\u00ed str\u00e1nky SBP obsahuj\u00ed relevantn\u00ed informace o bezpe\u010dnosti a zdrav\u00ed d\u011bt\u00ed.<\/p>\n\n\n\n<p>Americk\u00e1 akademie pediatrie (AAP) \u2013 AAP je renomovan\u00e1 pediatrick\u00e1 organizace se s\u00eddlem ve Spojen\u00fdch st\u00e1tech.<\/p>\n\n\n\n<p>Str\u00e1nky AAP poskytuj\u00ed cenn\u00e9 zdroje pro zem\u011b a zdravotnick\u00e9 pracovn\u00edky, v\u010detn\u011b pokyn\u016f t\u00fdkaj\u00edc\u00edch se zdrav\u00ed a bezpe\u010dnosti d\u011bt\u00ed.<\/p>\n\n\n\n<p>V\u017edy byste m\u011bli zv\u00e1\u017eit konzultaci s pediatrem nebo l\u00e9ka\u0159em specializuj\u00edc\u00edm se na konkr\u00e9tn\u00ed p\u0159\u00edpady. D\u016frazn\u011b se tak\u00e9 doporu\u010duje vyhledat radu pediatra nebo specializovan\u00e9ho l\u00e9ka\u0159e, abyste z\u00edskali personalizovan\u00e9 a vhodn\u00e9 informace pro situaci va\u0161eho d\u00edt\u011bte.<\/p>\n\n\n\n<p>Mo\u017enost poskytovat personalizovan\u00e9 veden\u00ed na z\u00e1klad\u011b zdrav\u00ed a individu\u00e1ln\u00edch pot\u0159eb va\u0161eho d\u00edt\u011bte.<\/p>\n\n\n\n<p>Mus\u00edte si uv\u011bdomit, \u017ee je nezbytn\u00e9 ov\u011b\u0159ovat aktu\u00e1lnost informac\u00ed v t\u011bchto zdroj\u00edch, jakmile se pokyny a doporu\u010den\u00ed budou v pr\u016fb\u011bhu \u010dasu aktualizovat.<\/p>\n\n\n\n<p>Tak\u00e9 v\u011bzte, \u017ee<a href=\"https:\/\/www.luzbaby.com.br\/\" target=\"_blank\" rel=\"noreferrer noopener\"> Luz Baby je jeden z nejlep\u0161\u00edch obchod\u016f s kojeneck\u00fdmi pot\u0159ebami a p\u0159\u00edkrmy. Klikn\u011bte zde.<\/a><\/p>","protected":false},"excerpt":{"rendered":"<p>Posso utilizar ventilador no quarto do beb\u00ea? Quando se trata de criar um ambiente confort\u00e1vel para o beb\u00ea, muitas m\u00e3es se perguntam se \u00e9 seguro e ben\u00e9fico utilizar um ventilador no quarto do pequeno. Al\u00e9m disso, abordaremos essa quest\u00e3o com informa\u00e7\u00f5es sobre os benef\u00edcios e cuidados relacionados ao uso de ventiladores no quarto do beb\u00ea, [&hellip;]<\/p>","protected":false},"author":139,"featured_media":2759,"comment_status":"closed","ping_status":"open","sticky":false,"template":"","format":"standard","meta":{"footnotes":""},"categories":[4],"tags":[1310,1540,1541],"yoast_head":"<!-- This site is optimized with the Yoast SEO plugin v23.3 - https:\/\/yoast.com\/wordpress\/plugins\/seo\/ -->\n<title>Posso utilizar ventilador no quarto do beb\u00ea? - Universo Fam\u00edlia<\/title>\n<meta name=\"description\" content=\"Posso utilizar ventilador no quarto do beb\u00ea? Quando se trata de criar um ambiente confort\u00e1vel para o beb\u00ea,\" \/>\n<meta name=\"robots\" content=\"index, follow, max-snippet:-1, max-image-preview:large, max-video-preview:-1\" \/>\n<link rel=\"canonical\" href=\"https:\/\/universofamilia.com\/cs\/posso-utilizar-ventilador-no-quarto-do-bebe\/\" \/>\n<meta property=\"og:locale\" content=\"cs_CZ\" \/>\n<meta property=\"og:type\" content=\"article\" \/>\n<meta property=\"og:title\" content=\"Posso utilizar ventilador no quarto do beb\u00ea? - Universo Fam\u00edlia\" \/>\n<meta property=\"og:description\" content=\"Posso utilizar ventilador no quarto do beb\u00ea? Quando se trata de criar um ambiente confort\u00e1vel para o beb\u00ea,\" \/>\n<meta property=\"og:url\" content=\"https:\/\/universofamilia.com\/cs\/posso-utilizar-ventilador-no-quarto-do-bebe\/\" \/>\n<meta property=\"og:site_name\" content=\"Universo Fam\u00edlia\" \/>\n<meta property=\"article:published_time\" content=\"2023-06-18T23:42:37+00:00\" \/>\n<meta property=\"article:modified_time\" content=\"2025-02-07T01:22:33+00:00\" \/>\n<meta property=\"og:image\" content=\"https:\/\/universofamilia.com\/wp-content\/uploads\/sites\/148\/2023\/06\/FOTO-DESTAQUE-ventilador-de-teto-universo-familia-.png\" \/>\n\t<meta property=\"og:image:width\" content=\"448\" \/>\n\t<meta property=\"og:image:height\" content=\"350\" \/>\n\t<meta property=\"og:image:type\" content=\"image\/png\" \/>\n<meta name=\"author\" content=\"Pedro Henrique\" \/>\n<meta name=\"twitter:card\" content=\"summary_large_image\" \/>\n<meta name=\"twitter:label1\" content=\"Written by\" \/>\n\t<meta name=\"twitter:data1\" content=\"Pedro Henrique\" \/>\n\t<meta name=\"twitter:label2\" content=\"Est. reading time\" \/>\n\t<meta name=\"twitter:data2\" content=\"6 minut\" \/>\n<script type=\"application\/ld+json\" class=\"yoast-schema-graph\">{\"@context\":\"https:\/\/schema.org\",\"@graph\":[{\"@type\":\"WebPage\",\"@id\":\"https:\/\/universofamilia.com\/da\/posso-utilizar-ventilador-no-quarto-do-bebe\/\",\"url\":\"https:\/\/universofamilia.com\/da\/posso-utilizar-ventilador-no-quarto-do-bebe\/\",\"name\":\"Posso utilizar ventilador no quarto do beb\u00ea? - Universo Fam\u00edlia\",\"isPartOf\":{\"@id\":\"https:\/\/universofamilia.com\/el\/#website\"},\"primaryImageOfPage\":{\"@id\":\"https:\/\/universofamilia.com\/da\/posso-utilizar-ventilador-no-quarto-do-bebe\/#primaryimage\"},\"image\":{\"@id\":\"https:\/\/universofamilia.com\/da\/posso-utilizar-ventilador-no-quarto-do-bebe\/#primaryimage\"},\"thumbnailUrl\":\"https:\/\/universofamilia.com\/wp-content\/uploads\/sites\/148\/2023\/06\/FOTO-DESTAQUE-ventilador-de-teto-universo-familia-.png\",\"datePublished\":\"2023-06-18T23:42:37+00:00\",\"dateModified\":\"2025-02-07T01:22:33+00:00\",\"author\":{\"@id\":\"https:\/\/universofamilia.com\/el\/#\/schema\/person\/f07ce98187dd84d31154262e79b3b7ca\"},\"description\":\"Posso utilizar ventilador no quarto do beb\u00ea? Quando se trata de criar um ambiente confort\u00e1vel para o beb\u00ea,\",\"breadcrumb\":{\"@id\":\"https:\/\/universofamilia.com\/da\/posso-utilizar-ventilador-no-quarto-do-bebe\/#breadcrumb\"},\"inLanguage\":\"cs\",\"potentialAction\":[{\"@type\":\"ReadAction\",\"target\":[\"https:\/\/universofamilia.com\/da\/posso-utilizar-ventilador-no-quarto-do-bebe\/\"]}]},{\"@type\":\"ImageObject\",\"inLanguage\":\"cs\",\"@id\":\"https:\/\/universofamilia.com\/da\/posso-utilizar-ventilador-no-quarto-do-bebe\/#primaryimage\",\"url\":\"https:\/\/universofamilia.com\/wp-content\/uploads\/sites\/148\/2023\/06\/FOTO-DESTAQUE-ventilador-de-teto-universo-familia-.png\",\"contentUrl\":\"https:\/\/universofamilia.com\/wp-content\/uploads\/sites\/148\/2023\/06\/FOTO-DESTAQUE-ventilador-de-teto-universo-familia-.png\",\"width\":448,\"height\":350},{\"@type\":\"BreadcrumbList\",\"@id\":\"https:\/\/universofamilia.com\/da\/posso-utilizar-ventilador-no-quarto-do-bebe\/#breadcrumb\",\"itemListElement\":[{\"@type\":\"ListItem\",\"position\":1,\"name\":\"Home\",\"item\":\"https:\/\/universofamilia.com\/el\/\"},{\"@type\":\"ListItem\",\"position\":2,\"name\":\"Posso utilizar ventilador no quarto do beb\u00ea?\"}]},{\"@type\":\"WebSite\",\"@id\":\"https:\/\/universofamilia.com\/el\/#website\",\"url\":\"https:\/\/universofamilia.com\/el\/\",\"name\":\"Universo Fam\u00edlia\",\"description\":\"\",\"potentialAction\":[{\"@type\":\"SearchAction\",\"target\":{\"@type\":\"EntryPoint\",\"urlTemplate\":\"https:\/\/universofamilia.com\/el\/?s={search_term_string}\"},\"query-input\":\"required name=search_term_string\"}],\"inLanguage\":\"cs\"},{\"@type\":\"Person\",\"@id\":\"https:\/\/universofamilia.com\/el\/#\/schema\/person\/f07ce98187dd84d31154262e79b3b7ca\",\"name\":\"Pedro Henrique\",\"image\":{\"@type\":\"ImageObject\",\"inLanguage\":\"cs\",\"@id\":\"https:\/\/universofamilia.com\/el\/#\/schema\/person\/image\/\",\"url\":\"https:\/\/secure.gravatar.com\/avatar\/9edfeb808cb4e1599f64d6e45b130154?s=96&d=mm&r=g\",\"contentUrl\":\"https:\/\/secure.gravatar.com\/avatar\/9edfeb808cb4e1599f64d6e45b130154?s=96&d=mm&r=g\",\"caption\":\"Pedro Henrique\"},\"url\":\"https:\/\/universofamilia.com\/cs\/author\/editor01\/\"}]}<\/script>\n<!-- \/ Yoast SEO plugin. -->","yoast_head_json":{"title":"Posso utilizar ventilador no quarto do beb\u00ea? - Universo Fam\u00edlia","description":"Posso utilizar ventilador no quarto do beb\u00ea? Quando se trata de criar um ambiente confort\u00e1vel para o beb\u00ea,","robots":{"index":"index","follow":"follow","max-snippet":"max-snippet:-1","max-image-preview":"max-image-preview:large","max-video-preview":"max-video-preview:-1"},"canonical":"https:\/\/universofamilia.com\/cs\/posso-utilizar-ventilador-no-quarto-do-bebe\/","og_locale":"cs_CZ","og_type":"article","og_title":"Posso utilizar ventilador no quarto do beb\u00ea? - Universo Fam\u00edlia","og_description":"Posso utilizar ventilador no quarto do beb\u00ea? Quando se trata de criar um ambiente confort\u00e1vel para o beb\u00ea,","og_url":"https:\/\/universofamilia.com\/cs\/posso-utilizar-ventilador-no-quarto-do-bebe\/","og_site_name":"Universo Fam\u00edlia","article_published_time":"2023-06-18T23:42:37+00:00","article_modified_time":"2025-02-07T01:22:33+00:00","og_image":[{"width":448,"height":350,"url":"https:\/\/universofamilia.com\/wp-content\/uploads\/sites\/148\/2023\/06\/FOTO-DESTAQUE-ventilador-de-teto-universo-familia-.png","type":"image\/png"}],"author":"Pedro Henrique","twitter_card":"summary_large_image","twitter_misc":{"Written by":"Pedro Henrique","Est. reading time":"6 minut"},"schema":{"@context":"https:\/\/schema.org","@graph":[{"@type":"WebPage","@id":"https:\/\/universofamilia.com\/da\/posso-utilizar-ventilador-no-quarto-do-bebe\/","url":"https:\/\/universofamilia.com\/da\/posso-utilizar-ventilador-no-quarto-do-bebe\/","name":"Posso utilizar ventilador no quarto do beb\u00ea? - Universo Fam\u00edlia","isPartOf":{"@id":"https:\/\/universofamilia.com\/el\/#website"},"primaryImageOfPage":{"@id":"https:\/\/universofamilia.com\/da\/posso-utilizar-ventilador-no-quarto-do-bebe\/#primaryimage"},"image":{"@id":"https:\/\/universofamilia.com\/da\/posso-utilizar-ventilador-no-quarto-do-bebe\/#primaryimage"},"thumbnailUrl":"https:\/\/universofamilia.com\/wp-content\/uploads\/sites\/148\/2023\/06\/FOTO-DESTAQUE-ventilador-de-teto-universo-familia-.png","datePublished":"2023-06-18T23:42:37+00:00","dateModified":"2025-02-07T01:22:33+00:00","author":{"@id":"https:\/\/universofamilia.com\/el\/#\/schema\/person\/f07ce98187dd84d31154262e79b3b7ca"},"description":"Posso utilizar ventilador no quarto do beb\u00ea? Quando se trata de criar um ambiente confort\u00e1vel para o beb\u00ea,","breadcrumb":{"@id":"https:\/\/universofamilia.com\/da\/posso-utilizar-ventilador-no-quarto-do-bebe\/#breadcrumb"},"inLanguage":"cs","potentialAction":[{"@type":"ReadAction","target":["https:\/\/universofamilia.com\/da\/posso-utilizar-ventilador-no-quarto-do-bebe\/"]}]},{"@type":"ImageObject","inLanguage":"cs","@id":"https:\/\/universofamilia.com\/da\/posso-utilizar-ventilador-no-quarto-do-bebe\/#primaryimage","url":"https:\/\/universofamilia.com\/wp-content\/uploads\/sites\/148\/2023\/06\/FOTO-DESTAQUE-ventilador-de-teto-universo-familia-.png","contentUrl":"https:\/\/universofamilia.com\/wp-content\/uploads\/sites\/148\/2023\/06\/FOTO-DESTAQUE-ventilador-de-teto-universo-familia-.png","width":448,"height":350},{"@type":"BreadcrumbList","@id":"https:\/\/universofamilia.com\/da\/posso-utilizar-ventilador-no-quarto-do-bebe\/#breadcrumb","itemListElement":[{"@type":"ListItem","position":1,"name":"Home","item":"https:\/\/universofamilia.com\/el\/"},{"@type":"ListItem","position":2,"name":"Posso utilizar ventilador no quarto do beb\u00ea?"}]},{"@type":"WebSite","@id":"https:\/\/universofamilia.com\/el\/#website","url":"https:\/\/universofamilia.com\/el\/","name":"Universo Fam\u00edlia","description":"","potentialAction":[{"@type":"SearchAction","target":{"@type":"EntryPoint","urlTemplate":"https:\/\/universofamilia.com\/el\/?s={search_term_string}"},"query-input":"required name=search_term_string"}],"inLanguage":"cs"},{"@type":"Person","@id":"https:\/\/universofamilia.com\/el\/#\/schema\/person\/f07ce98187dd84d31154262e79b3b7ca","name":"Pedro Henrique","image":{"@type":"ImageObject","inLanguage":"cs","@id":"https:\/\/universofamilia.com\/el\/#\/schema\/person\/image\/","url":"https:\/\/secure.gravatar.com\/avatar\/9edfeb808cb4e1599f64d6e45b130154?s=96&d=mm&r=g","contentUrl":"https:\/\/secure.gravatar.com\/avatar\/9edfeb808cb4e1599f64d6e45b130154?s=96&d=mm&r=g","caption":"Pedro Henrique"},"url":"https:\/\/universofamilia.com\/cs\/author\/editor01\/"}]}},"_links":{"self":[{"href":"https:\/\/universofamilia.com\/cs\/wp-json\/wp\/v2\/posts\/2752"}],"collection":[{"href":"https:\/\/universofamilia.com\/cs\/wp-json\/wp\/v2\/posts"}],"about":[{"href":"https:\/\/universofamilia.com\/cs\/wp-json\/wp\/v2\/types\/post"}],"author":[{"embeddable":true,"href":"https:\/\/universofamilia.com\/cs\/wp-json\/wp\/v2\/users\/139"}],"replies":[{"embeddable":true,"href":"https:\/\/universofamilia.com\/cs\/wp-json\/wp\/v2\/comments?post=2752"}],"version-history":[{"count":1,"href":"https:\/\/universofamilia.com\/cs\/wp-json\/wp\/v2\/posts\/2752\/revisions"}],"predecessor-version":[{"id":8591,"href":"https:\/\/universofamilia.com\/cs\/wp-json\/wp\/v2\/posts\/2752\/revisions\/8591"}],"wp:featuredmedia":[{"embeddable":true,"href":"https:\/\/universofamilia.com\/cs\/wp-json\/wp\/v2\/media\/2759"}],"wp:attachment":[{"href":"https:\/\/universofamilia.com\/cs\/wp-json\/wp\/v2\/media?parent=2752"}],"wp:term":[{"taxonomy":"category","embeddable":true,"href":"https:\/\/universofamilia.com\/cs\/wp-json\/wp\/v2\/categories?post=2752"},{"taxonomy":"post_tag","embeddable":true,"href":"https:\/\/universofamilia.com\/cs\/wp-json\/wp\/v2\/tags?post=2752"}],"curies":[{"name":"wp","href":"https:\/\/api.w.org\/{rel}","templated":true}]}}