{"id":2760,"date":"2023-06-18T21:39:10","date_gmt":"2023-06-19T00:39:10","guid":{"rendered":"https:\/\/universofamilia.com\/?p=2760"},"modified":"2025-10-05T22:57:48","modified_gmt":"2025-10-06T01:57:48","slug":"posso-utilizar-ar-condicionado-no-quarto-do-bebe","status":"publish","type":"post","link":"https:\/\/universofamilia.com\/cs\/posso-utilizar-ar-condicionado-no-quarto-do-bebe\/","title":{"rendered":"M\u016f\u017eu pou\u017e\u00edvat kondicion\u00e9r v d\u011btsk\u00e9m pokoji?"},"content":{"rendered":"<p>M\u00edt d\u00edt\u011b doma je neuv\u011b\u0159iteln\u00fd z\u00e1\u017eitek, ale z\u00e1rove\u0148 vyvol\u00e1v\u00e1 r\u016fzn\u00e9 obavy o va\u0161i zemi.<\/p>\n\n\n\n<p>Mohu pou\u017e\u00edvat klimatizaci v d\u011btsk\u00e9m pokoji? Lid\u00e9 se \u010dasto boj\u00ed pou\u017e\u00edvat klimatizovanou klimatizaci v bezpe\u010dn\u00e9m d\u011btsk\u00e9m pokoji.<\/p>\n\n\n\n<p>Poj\u010fme prozkoumat v\u00fdhody a p\u00e9\u010di spojenou s t\u00edmto \u00fakolem a tak\u00e9 se zam\u011b\u0159it na v\u00fd\u0161ku a m\u00edsto vhodn\u00e9 pro instalaci spot\u0159ebi\u010de.<\/p>\n\n\n<div class=\"wp-block-image\">\n<figure class=\"aligncenter size-full\"><img loading=\"lazy\" decoding=\"async\" width=\"550\" height=\"350\" src=\"http:\/\/universofamilia.com\/wp-content\/uploads\/sites\/148\/2023\/06\/POST-ar-condicionado-universo-familia-2.png\" alt=\"\" class=\"wp-image-2762\" srcset=\"https:\/\/universofamilia.com\/wp-content\/uploads\/sites\/148\/2023\/06\/POST-ar-condicionado-universo-familia-2.png 550w, https:\/\/universofamilia.com\/wp-content\/uploads\/sites\/148\/2023\/06\/POST-ar-condicionado-universo-familia-2-300x191.png 300w\" sizes=\"(max-width: 550px) 100vw, 550px\" \/><figcaption class=\"wp-element-caption\"><em>Foto: (reprodukce\/internet)<\/em><\/figcaption><\/figure><\/div>\n\n\n<h3 class=\"wp-block-heading\"><strong>V\u00fdhody pou\u017e\u00edv\u00e1n\u00ed klimatizovan\u00e9ho vzduchu v d\u011btsk\u00e9m pokoji<\/strong><\/h3>\n\n\n\n<p><strong>Regulace teploty<\/strong>Klimatizace nab\u00edz\u00ed v\u00fdhodu v regulaci teploty v m\u00edstnosti, \u010d\u00edm\u017e zaji\u0161\u0165uje, \u017ee d\u011btsk\u00fd pokoj je v\u017edy p\u0159\u00edjemn\u00fd, zejm\u00e9na v chladn\u011bj\u0161\u00edch ro\u010dn\u00edch obdob\u00edch.<\/p>\n\n\n\n<p>Udr\u017eov\u00e1n\u00ed vhodn\u00e9 teploty m\u016f\u017ee pomoci podpo\u0159it klidn\u00fd a p\u0159\u00edjemn\u00fd zvuk pro va\u0161e d\u00edt\u011b.<\/p>\n\n\n\n<p><strong>Sn\u00ed\u017een\u00ed vlhkosti<\/strong>Krom\u011b regulace teploty nebo klimatizace pom\u00e1h\u00e1 tak\u00e9 sni\u017eovat okoln\u00ed vlhkost.<\/p>\n\n\n\n<p>To je obzvl\u00e1\u0161t\u011b d\u016fle\u017eit\u00e9, aby se zabr\u00e1nilo hromad\u011bn\u00ed mofos\u016f a rozto\u010d\u016f, kte\u0159\u00ed mohou b\u00fdt \u0161kodliv\u00ed pro d\u00fdchac\u00ed cesty d\u00edt\u011bte.<\/p>\n\n\n\n<p><strong>Filtrace vzduchu<\/strong>Mnoho model\u016f klimatizovan\u00fdch klimatizac\u00ed m\u00e1 filtry, kter\u00e9 pom\u00e1haj\u00ed \u010distit vzduch a odstra\u0148uj\u00ed zne\u010di\u0161t\u011bn\u00ed, pyl a dal\u0161\u00ed alergeny, je\u017e mohou zp\u016fsobovat d\u00fdchac\u00ed pot\u00ed\u017ee.<\/p>\n\n\n\n<p>Tak\u00e9 je obzvl\u00e1\u0161t\u011b prosp\u011b\u0161n\u00fd pro d\u011bti, kter\u00e9 maj\u00ed d\u00fdchac\u00ed pot\u00ed\u017ee nebo alergie.<\/p>\n\n\n\n<p>Leia tak\u00e9 <a href=\"https:\/\/universofamilia.com\/cs\/posso-utilizar-ventilador-no-quarto-do-bebe\/\" target=\"_blank\" rel=\"noreferrer noopener\">M\u016f\u017eu v d\u011btsk\u00e9m pokoji pou\u017e\u00edt ventil\u00e1tor?<\/a><\/p>\n\n\n\n<h3 class=\"wp-block-heading\"><strong>Opatrnost p\u0159i pou\u017e\u00edv\u00e1n\u00ed klimatizovan\u00e9ho vzduchu v d\u011btsk\u00e9m pokoji<\/strong><\/h3>\n\n\n\n<p><strong>Pravideln\u00e9 \u010di\u0161t\u011bn\u00ed dvou filtr\u016f<\/strong>Pro zaji\u0161t\u011bn\u00ed kvality ovzdu\u0161\u00ed je nezbytn\u00e9 pravideln\u011b \u010distit dva filtry klimatizovan\u00e9ho vzduchu.<\/p>\n\n\n\n<p>Tato akce pom\u00e1h\u00e1 p\u0159edch\u00e1zet hromad\u011bn\u00ed zne\u010di\u0161t\u011bn\u00ed a alergen\u016f a zaji\u0161\u0165uje zdrav\u00e9 prost\u0159ed\u00ed pro va\u0161e d\u00edt\u011b.<\/p>\n\n\n\n<p><strong>Dostate\u010dn\u00e1 teplota<\/strong>Je d\u016fle\u017eit\u00e9 regulovat nebo udr\u017eovat teplotu na vhodn\u00e9 teplot\u011b pro d\u00edt\u011b.<\/p>\n\n\n\n<p>Doporu\u010duje se udr\u017eovat teplotu mezi 23 \u00b0C a 25 \u00b0C, co\u017e zajist\u00ed tepeln\u00fd komfort i ve velmi chladn\u00e9m prost\u0159ed\u00ed.<\/p>\n\n\n\n<p><strong>Zabra\u0148te p\u0159\u00edm\u00e9mu proud\u011bn\u00ed vzduchu<\/strong>Um\u00edst\u011bte klimatizaci tak, aby proud vzduchu nedosahoval p\u0159\u00edmo do oblasti, kde d\u00edt\u011b sp\u00ed.<\/p>\n\n\n\n<p>M\u016f\u017ee tak\u00e9 zp\u016fsobit d\u00fdchac\u00ed pot\u00ed\u017ee nebo dokonce nachlazen\u00ed.<\/p>\n\n\n\n<h3 class=\"wp-block-heading\"><strong>V\u00fd\u0161ka a um\u00edst\u011bn\u00ed onemocn\u011bn\u00ed v d\u011btsk\u00e9m pokoji<\/strong><\/h3>\n\n\n\n<p>Pokud jde o instalaci nebo klimatizaci d\u011btsk\u00e9ho pokoje, je d\u016fle\u017eit\u00e9 zv\u00e1\u017eit v\u00fd\u0161ku a spr\u00e1vn\u00e9 um\u00edst\u011bn\u00ed. Zde je n\u011bkolik tip\u016f, kter\u00e9 je t\u0159eba dodr\u017eovat:<\/p>\n\n\n\n<p><strong>Ide\u00e1ln\u00ed v\u00fd\u0161ka<\/strong>: Nainstalujte nebo um\u00edst\u011bte do bezpe\u010dn\u00e9 v\u00fd\u0161ky mimo dosah d\u00edt\u011bte. Doporu\u010den\u00e1 v\u00fd\u0161ka je asi 1,8 metru od stropu.<\/p>\n\n\n\n<p>T\u00edm se zabr\u00e1n\u00ed d\u00edt\u011bti v p\u0159\u00edstupu ke spot\u0159ebi\u010di a p\u0159edejde se mo\u017en\u00fdm nehod\u00e1m.<\/p>\n\n\n<div class=\"wp-block-image\">\n<figure class=\"aligncenter size-full\"><img loading=\"lazy\" decoding=\"async\" width=\"550\" height=\"350\" src=\"http:\/\/universofamilia.com\/wp-content\/uploads\/sites\/148\/2023\/06\/POST-ar-condicionado-universo-familia-.png\" alt=\"\" class=\"wp-image-2763\" srcset=\"https:\/\/universofamilia.com\/wp-content\/uploads\/sites\/148\/2023\/06\/POST-ar-condicionado-universo-familia-.png 550w, https:\/\/universofamilia.com\/wp-content\/uploads\/sites\/148\/2023\/06\/POST-ar-condicionado-universo-familia--300x191.png 300w\" sizes=\"(max-width: 550px) 100vw, 550px\" \/><figcaption class=\"wp-element-caption\"><em>Foto: (reprodukce\/internet)<\/em><\/figcaption><\/figure><\/div>\n\n\n<p><strong>Vzd\u00e1lenost od ber\u00e7o<\/strong>Ujist\u011bte se, \u017ee je klimatizace um\u00edst\u011bna v bezpe\u010dn\u00e9 vzd\u00e1lenosti od z\u00e1kladny.<\/p>\n\n\n\n<p>Neumis\u0165ujte p\u0159\u00edli\u0161 mnoho vzduchu nebo p\u0159\u00edli\u0161 bl\u00edzko k n\u011bmu, ani neum\u00eds\u0165ujte p\u0159\u00edm\u00e9 proud\u011bn\u00ed vzduchu, kter\u00e9 by mohlo d\u00edt\u011bti b\u011bhem sp\u00e1nku zp\u016fsobit nepohodl\u00ed.<\/p>\n\n\n\n<p><strong>Vyhn\u011bte se p\u0159ek\u00e1\u017ek\u00e1m<\/strong>Ujist\u011bte se, \u017ee \u017e\u00e1dn\u00e9 p\u0159edm\u011bty nebr\u00e1n\u00ed proud\u011bn\u00ed upraven\u00e9ho tepla.<\/p>\n\n\n\n<p>Tak\u00e9 udr\u017eujte kolem spot\u0159ebi\u010de voln\u00fd prostor, aby byla zaji\u0161t\u011bna dostate\u010dn\u00e1 cirkulace vzduchu v prost\u0159ed\u00ed.<\/p>\n\n\n\n<h3 class=\"wp-block-heading\"><strong>N\u00e1vrh na instalaci klimatizace v d\u011btsk\u00e9m pokoji<\/strong><\/h3>\n\n\n\n<p>Spr\u00e1vn\u00e1 instalace spot\u0159ebi\u010de v d\u011btsk\u00e9m pokoji je nezbytn\u00e1 pro zaji\u0161t\u011bn\u00ed jeho \u00fa\u010dinnosti a bezpe\u010dnosti d\u011bt\u00ed.<\/p>\n\n\n\n<p>Zde je n\u011bkolik pokyn\u016f, jak prov\u00e9st instalaci a kter\u00e1 v\u00fd\u0161ka je vhodn\u00e1 pro um\u00edst\u011bn\u00ed nebo klimatizaci:<\/p>\n\n\n\n<p><strong>Najm\u011bte si profesion\u00e1la<\/strong>Doporu\u010duje se, aby instalaci za\u0159\u00edzen\u00ed provedl kvalifikovan\u00fd odborn\u00edk.<\/p>\n\n\n\n<p>Tento specialista m\u00e1 tak\u00e9 pot\u0159ebn\u00e9 technick\u00e9 znalosti k proveden\u00ed bezpe\u010dn\u00e9 a adekv\u00e1tn\u00ed instalace, minimalizaci rizik a zaji\u0161t\u011bn\u00ed spr\u00e1vn\u00e9ho fungov\u00e1n\u00ed spot\u0159ebi\u010de.<\/p>\n\n\n\n<p><strong>Vyberte si st\u011bnu nebo okno<\/strong>P\u0159ed instalac\u00ed nebo \u00fapravou je d\u016fle\u017eit\u00e9 rozhodnout se, zda spot\u0159ebi\u010d upevn\u00edte na ze\u010f nebo na dve\u0159e.<\/p>\n\n\n\n<p>Tato volba bude z\u00e1viset na charakteristik\u00e1ch prost\u0159ed\u00ed a struktu\u0159e d\u011btsk\u00e9ho pokoje.<\/p>\n\n\n\n<p><strong>Doporu\u010den\u00e1 v\u00fd\u0161ka<\/strong>Ide\u00e1ln\u00ed v\u00fd\u0161ka pro um\u00edst\u011bn\u00ed nebo klimatizaci d\u011btsk\u00e9ho pokoje je p\u0159ibli\u017en\u011b 1,8 metru od v\u00fd\u0161ky d\u011btsk\u00e9ho pokoje. Tato v\u00fd\u0161ka tedy umo\u017e\u0148uje efektivn\u00ed rozlo\u017een\u00ed vzduchu v prost\u0159ed\u00ed a udr\u017een\u00ed tepeln\u00e9 pohody d\u00edt\u011bte.<\/p>\n\n\n<div class=\"wp-block-image\">\n<figure class=\"aligncenter size-full\"><img loading=\"lazy\" decoding=\"async\" width=\"550\" height=\"350\" src=\"http:\/\/universofamilia.com\/wp-content\/uploads\/sites\/148\/2023\/06\/POST-ar-condicionado-universo-familia-1-1.png\" alt=\"\" class=\"wp-image-2765\" srcset=\"https:\/\/universofamilia.com\/wp-content\/uploads\/sites\/148\/2023\/06\/POST-ar-condicionado-universo-familia-1-1.png 550w, https:\/\/universofamilia.com\/wp-content\/uploads\/sites\/148\/2023\/06\/POST-ar-condicionado-universo-familia-1-1-300x191.png 300w\" sizes=\"(max-width: 550px) 100vw, 550px\" \/><figcaption class=\"wp-element-caption\"><em>Foto: (reprodukce\/internet)<\/em><\/figcaption><\/figure><\/div>\n\n\n<p><strong>Vyhn\u011bte se p\u0159ek\u00e1\u017ek\u00e1m<\/strong>Ujist\u011bte se, \u017ee se v okol\u00ed spot\u0159ebi\u010de nenach\u00e1zej\u00ed \u017e\u00e1dn\u00e9 pohybliv\u00e9 p\u0159edm\u011bty ani \u017e\u00e1dn\u00e9 jin\u00e9 p\u0159ek\u00e1\u017eky. Tyto p\u0159ek\u00e1\u017eky mohou br\u00e1nit cirkulaci vzduchu a ovlivnit jeho \u00fa\u010dinnost.<\/p>\n\n\n\n<p><strong>Sm\u011br proud\u011bn\u00ed vzduchu<\/strong>Um\u00edst\u011bte klimatizaci tak, aby proud vzduchu nesm\u011b\u0159oval p\u0159\u00edmo na podlahu nebo do oblasti, kde sp\u00ed d\u00edt\u011b. Isso zabra\u0148uje d\u00fdchac\u00edm pot\u00ed\u017e\u00edm zp\u016fsoben\u00fdm p\u0159\u00edm\u00fdm proud\u011bn\u00edm vzduchu.<\/p>\n\n\n\n<p><strong>Bezpe\u010dn\u00e1 vzd\u00e1lenost<\/strong>Dodr\u017eujte bezpe\u010dnou vzd\u00e1lenost mezi kondicion\u00e9rem a ber\u00e7o a vyhn\u011bte se jejich p\u0159\u00edli\u0161n\u00e9mu um\u00edst\u011bn\u00ed u sebe.<\/p>\n\n\n\n<p>Toto opat\u0159en\u00ed tak zaru\u010duje, \u017ee se d\u00edt\u011b nevystav\u00ed p\u0159\u00edm\u00e9mu proudu studen\u00e9ho vzduchu, co\u017e pom\u00e1h\u00e1 p\u0159edch\u00e1zet nachlazen\u00ed nebo nepohodl\u00ed.<\/p>\n\n\n\n<p>P\u0159i instalaci klimatizace v\u017edy dodr\u017eujte pokyny v\u00fdrobce a v p\u0159\u00edpad\u011b pochybnost\u00ed se pora\u010fte s odborn\u00edkem.<\/p>\n\n\n\n<p>Tak\u00e9 zaji\u0161t\u011bn\u00edm spr\u00e1vn\u00e9 instalace a um\u00edst\u011bn\u00ed nebo nastaven\u00ed spr\u00e1vn\u00e9 v\u00fd\u0161ky zajist\u00edte bezpe\u010dn\u00e9, pohodln\u00e9 a teplotn\u011b kontrolovan\u00e9 prost\u0159ed\u00ed pro blaho va\u0161eho d\u00edt\u011bte.<\/p>\n\n\n\n<h3 class=\"wp-block-heading\"><strong>Z\u00e1v\u011br<\/strong><\/h3>\n\n\n\n<p>Pou\u017e\u00edv\u00e1n\u00ed klimatizovan\u00e9ho vzduchu v d\u011btsk\u00e9m pokoji m\u016f\u017ee m\u00edt zna\u010dn\u00e9 v\u00fdhody, pokud se o n\u011bj budete \u0159\u00e1dn\u011b starat.<\/p>\n\n\n\n<p>Regulujte teplotu, sni\u017ete vlhkost a filtrujte d\u016fle\u017eit\u00e9 kroky k zaji\u0161t\u011bn\u00ed bezpe\u010dn\u00e9ho prost\u0159ed\u00ed pro va\u0161e d\u00edt\u011b.<\/p>\n\n\n\n<p>Je nutn\u00e9 pravideln\u011b \u010distit oba filtry, upravovat teplotu podle pot\u0159eb d\u00edt\u011bte a vhodn\u011b polohovat nebo uchov\u00e1vat mimo jeho dosah.<\/p>\n\n\n\n<p>Dodr\u017eov\u00e1n\u00edm t\u011bchto pokyn\u016f si tedy budete moci u\u017e\u00edvat p\u0159\u00edjemn\u00e9 a pohodln\u00e9 prost\u0159ed\u00ed pro sv\u00e9 d\u00edt\u011b, co\u017e podpo\u0159\u00ed jeho pohodu a dobrou kvalitu zvuku.<\/p>\n\n\n\n<p>Pot\u0159ebuji dopl\u0148ky a oble\u010den\u00ed, v\u00edm |&nbsp;<a href=\"https:\/\/www.luzbaby.com.br\/\" target=\"_blank\" rel=\"noreferrer noopener\">Luz Baby je jeden z nejlep\u0161\u00edch obchod\u016f s kojeneck\u00fdmi pot\u0159ebami. Klikn\u011bte zde.<\/a><\/p>\n\n\n\n<h3 class=\"wp-block-heading\"><strong>V\u00edce informac\u00ed<\/strong><\/h3>\n\n\n\n<p>Pro podrobn\u011bj\u0161\u00ed a komplexn\u011bj\u0161\u00ed informace o pou\u017e\u00edv\u00e1n\u00ed klimatizace v d\u011btsk\u00e9m pokoji se doporu\u010duje konzultovat dal\u0161\u00ed zdroje a zv\u00e1\u017eit n\u00e1zory odborn\u00edk\u016f.<\/p>\n\n\n\n<p><strong>Zde je n\u011bkolik d\u016fv\u011bryhodn\u00fdch referenc\u00ed, kter\u00e9 m\u016f\u017eete nahl\u00e9dnout:<\/strong><\/p>\n\n\n\n<p><strong>Brazilsk\u00e1 pediatrick\u00e1 spole\u010dnost (SBP):<\/strong> SBP je renomovan\u00e1 instituce, kter\u00e1 nab\u00edz\u00ed pokyny a informace o p\u00e9\u010di o d\u011bti. Ofici\u00e1ln\u00ed str\u00e1nky (https:\/\/www.sbp.com.br\/) mohou poskytnout rady ohledn\u011b pou\u017e\u00edv\u00e1n\u00ed klimatizace v d\u011btsk\u00e9m pokoji.<\/p>\n\n\n\n<p><strong>Brazilsk\u00e1 asociace chlazen\u00ed, klimatizace, v\u011btr\u00e1n\u00ed a klimatizace (ABRAVA):<\/strong> ABRAVA je sdru\u017een\u00ed, kter\u00e9 sdru\u017euje profesion\u00e1ly a firmy v odv\u011btv\u00ed klimatizace. Tato str\u00e1nka (https:\/\/abrava.com.br\/) nab\u00edz\u00ed technick\u00e9 informace o spr\u00e1vn\u00e9 instalaci klimatizace.<\/p>\n\n\n\n<p><strong>Pora\u010fte se s pediatry a specialisty na klimatizace<\/strong>P\u0159i diskusi o pou\u017eit\u00ed klimatizace v d\u011btsk\u00e9m pokoji je v\u017edy vhodn\u00e9 vyhledat n\u00e1zor zdravotn\u00edk\u016f a specialist\u016f na klimatizaci.<\/p>\n\n\n\n<p>Napl\u00e1nujte si konzultaci s pediatrem va\u0161eho d\u00edt\u011bte, abyste z\u00edskali konkr\u00e9tn\u00ed pokyny na z\u00e1klad\u011b jeho zdravotn\u00ed anamn\u00e9zy.<\/p>\n\n\n\n<p>M\u016f\u017eete se tak\u00e9 poradit s odborn\u00edkem na klimatizace, kter\u00fd v\u00e1m poskytne personalizovan\u00e1 doporu\u010den\u00ed dle charakteristik prost\u0159ed\u00ed.<\/p>\n\n\n\n<p>Upozor\u0148ujeme, \u017ee orientace se m\u016f\u017ee li\u0161it v z\u00e1vislosti na individu\u00e1ln\u00edch pot\u0159eb\u00e1ch d\u00edt\u011bte a specifick\u00fdch podm\u00ednk\u00e1ch prost\u0159ed\u00ed.<\/p>\n\n\n\n<p>Proto je d\u016fle\u017eit\u00e9 vyhled\u00e1vat aktu\u00e1ln\u00ed a personalizovan\u00e9 informace z d\u016fv\u011bryhodn\u00fdch a kvalifikovan\u00fdch profesion\u00e1ln\u00edch zdroj\u016f.<\/p>","protected":false},"excerpt":{"rendered":"<p>M\u00edt d\u00edt\u011b doma je neuv\u011b\u0159iteln\u00fd z\u00e1\u017eitek, ale z\u00e1rove\u0148 vyvol\u00e1v\u00e1 r\u016fzn\u00e9 obavy pro va\u0161i zemi. Mohu pou\u017e\u00edvat klimatizaci v d\u011btsk\u00e9m pokoji? Proto\u017ee se lid\u00e9 \u010dasto ob\u00e1vaj\u00ed pou\u017e\u00edv\u00e1n\u00ed bezpe\u010dn\u011b klimatizovan\u00e9ho d\u011btsk\u00e9ho pokoje, poj\u010fme se pod\u00edvat na v\u00fdhody a p\u00e9\u010di souvisej\u00edc\u00ed s touto ot\u00e1zkou, krom\u011b [\u2026]<\/p>","protected":false},"author":219,"featured_media":2766,"comment_status":"closed","ping_status":"open","sticky":false,"template":"","format":"standard","meta":{"footnotes":""},"categories":[4],"tags":[486,487,1310],"yoast_head":"<!-- This site is optimized with the Yoast SEO plugin v23.3 - https:\/\/yoast.com\/wordpress\/plugins\/seo\/ -->\n<title>Posso Utilizar Ar Condicionado no Quarto do Beb\u00ea? - Universo Fam\u00edlia<\/title>\n<meta name=\"description\" content=\"Posso Utilizar Ar Condicionado no Quarto do Beb\u00ea? Ter um beb\u00ea em casa \u00e9 uma experi\u00eancia incr\u00edvel, mas tamb\u00e9m traz diversas preocupa\u00e7\u00f5es para\" \/>\n<meta name=\"robots\" content=\"index, follow, max-snippet:-1, max-image-preview:large, max-video-preview:-1\" \/>\n<link rel=\"canonical\" href=\"https:\/\/universofamilia.com\/cs\/posso-utilizar-ar-condicionado-no-quarto-do-bebe\/\" \/>\n<meta property=\"og:locale\" content=\"cs_CZ\" \/>\n<meta property=\"og:type\" content=\"article\" \/>\n<meta property=\"og:title\" content=\"Posso Utilizar Ar Condicionado no Quarto do Beb\u00ea? - Universo Fam\u00edlia\" \/>\n<meta property=\"og:description\" content=\"Posso Utilizar Ar Condicionado no Quarto do Beb\u00ea? Ter um beb\u00ea em casa \u00e9 uma experi\u00eancia incr\u00edvel, mas tamb\u00e9m traz diversas preocupa\u00e7\u00f5es para\" \/>\n<meta property=\"og:url\" content=\"https:\/\/universofamilia.com\/cs\/posso-utilizar-ar-condicionado-no-quarto-do-bebe\/\" \/>\n<meta property=\"og:site_name\" content=\"Universo Fam\u00edlia\" \/>\n<meta property=\"article:published_time\" content=\"2023-06-19T00:39:10+00:00\" \/>\n<meta property=\"article:modified_time\" content=\"2025-10-06T01:57:48+00:00\" \/>\n<meta property=\"og:image\" content=\"https:\/\/universofamilia.com\/wp-content\/uploads\/sites\/148\/2023\/06\/FOTO-DESTAQUE-ar-condicionado-universo-familia-.png\" \/>\n\t<meta property=\"og:image:width\" content=\"448\" \/>\n\t<meta property=\"og:image:height\" content=\"350\" \/>\n\t<meta property=\"og:image:type\" content=\"image\/png\" \/>\n<meta name=\"author\" content=\"Matheus Sangaletti\" \/>\n<meta name=\"twitter:card\" content=\"summary_large_image\" \/>\n<meta name=\"twitter:label1\" content=\"Written by\" \/>\n\t<meta name=\"twitter:data1\" content=\"Matheus Sangaletti\" \/>\n\t<meta name=\"twitter:label2\" content=\"Est. reading time\" \/>\n\t<meta name=\"twitter:data2\" content=\"8 minut\" \/>\n<script type=\"application\/ld+json\" class=\"yoast-schema-graph\">{\"@context\":\"https:\/\/schema.org\",\"@graph\":[{\"@type\":\"WebPage\",\"@id\":\"https:\/\/universofamilia.com\/da\/posso-utilizar-ar-condicionado-no-quarto-do-bebe\/\",\"url\":\"https:\/\/universofamilia.com\/da\/posso-utilizar-ar-condicionado-no-quarto-do-bebe\/\",\"name\":\"Posso Utilizar Ar Condicionado no Quarto do Beb\u00ea? - Universo Fam\u00edlia\",\"isPartOf\":{\"@id\":\"https:\/\/universofamilia.com\/el\/#website\"},\"primaryImageOfPage\":{\"@id\":\"https:\/\/universofamilia.com\/da\/posso-utilizar-ar-condicionado-no-quarto-do-bebe\/#primaryimage\"},\"image\":{\"@id\":\"https:\/\/universofamilia.com\/da\/posso-utilizar-ar-condicionado-no-quarto-do-bebe\/#primaryimage\"},\"thumbnailUrl\":\"https:\/\/universofamilia.com\/wp-content\/uploads\/sites\/148\/2023\/06\/FOTO-DESTAQUE-ar-condicionado-universo-familia-.png\",\"datePublished\":\"2023-06-19T00:39:10+00:00\",\"dateModified\":\"2025-10-06T01:57:48+00:00\",\"author\":{\"@id\":\"https:\/\/universofamilia.com\/el\/#\/schema\/person\/92fcd07e9b1f4323bf74f3170fc0f78a\"},\"description\":\"Posso Utilizar Ar Condicionado no Quarto do Beb\u00ea? Ter um beb\u00ea em casa \u00e9 uma experi\u00eancia incr\u00edvel, mas tamb\u00e9m traz diversas preocupa\u00e7\u00f5es para\",\"breadcrumb\":{\"@id\":\"https:\/\/universofamilia.com\/da\/posso-utilizar-ar-condicionado-no-quarto-do-bebe\/#breadcrumb\"},\"inLanguage\":\"cs\",\"potentialAction\":[{\"@type\":\"ReadAction\",\"target\":[\"https:\/\/universofamilia.com\/da\/posso-utilizar-ar-condicionado-no-quarto-do-bebe\/\"]}]},{\"@type\":\"ImageObject\",\"inLanguage\":\"cs\",\"@id\":\"https:\/\/universofamilia.com\/da\/posso-utilizar-ar-condicionado-no-quarto-do-bebe\/#primaryimage\",\"url\":\"https:\/\/universofamilia.com\/wp-content\/uploads\/sites\/148\/2023\/06\/FOTO-DESTAQUE-ar-condicionado-universo-familia-.png\",\"contentUrl\":\"https:\/\/universofamilia.com\/wp-content\/uploads\/sites\/148\/2023\/06\/FOTO-DESTAQUE-ar-condicionado-universo-familia-.png\",\"width\":448,\"height\":350},{\"@type\":\"BreadcrumbList\",\"@id\":\"https:\/\/universofamilia.com\/da\/posso-utilizar-ar-condicionado-no-quarto-do-bebe\/#breadcrumb\",\"itemListElement\":[{\"@type\":\"ListItem\",\"position\":1,\"name\":\"Home\",\"item\":\"https:\/\/universofamilia.com\/el\/\"},{\"@type\":\"ListItem\",\"position\":2,\"name\":\"Posso Utilizar Ar Condicionado no Quarto do Beb\u00ea?\"}]},{\"@type\":\"WebSite\",\"@id\":\"https:\/\/universofamilia.com\/el\/#website\",\"url\":\"https:\/\/universofamilia.com\/el\/\",\"name\":\"Universo Fam\u00edlia\",\"description\":\"\",\"potentialAction\":[{\"@type\":\"SearchAction\",\"target\":{\"@type\":\"EntryPoint\",\"urlTemplate\":\"https:\/\/universofamilia.com\/el\/?s={search_term_string}\"},\"query-input\":\"required name=search_term_string\"}],\"inLanguage\":\"cs\"},{\"@type\":\"Person\",\"@id\":\"https:\/\/universofamilia.com\/el\/#\/schema\/person\/92fcd07e9b1f4323bf74f3170fc0f78a\",\"name\":\"Matheus Sangaletti\",\"image\":{\"@type\":\"ImageObject\",\"inLanguage\":\"cs\",\"@id\":\"https:\/\/universofamilia.com\/el\/#\/schema\/person\/image\/\",\"url\":\"https:\/\/secure.gravatar.com\/avatar\/280ea957a14a48e6a1ad2133d2cc27c9?s=96&d=mm&r=g\",\"contentUrl\":\"https:\/\/secure.gravatar.com\/avatar\/280ea957a14a48e6a1ad2133d2cc27c9?s=96&d=mm&r=g\",\"caption\":\"Matheus Sangaletti\"},\"url\":\"https:\/\/universofamilia.com\/cs\/author\/matheuss\/\"}]}<\/script>\n<!-- \/ Yoast SEO plugin. -->","yoast_head_json":{"title":"Posso Utilizar Ar Condicionado no Quarto do Beb\u00ea? - Universo Fam\u00edlia","description":"Posso Utilizar Ar Condicionado no Quarto do Beb\u00ea? Ter um beb\u00ea em casa \u00e9 uma experi\u00eancia incr\u00edvel, mas tamb\u00e9m traz diversas preocupa\u00e7\u00f5es para","robots":{"index":"index","follow":"follow","max-snippet":"max-snippet:-1","max-image-preview":"max-image-preview:large","max-video-preview":"max-video-preview:-1"},"canonical":"https:\/\/universofamilia.com\/cs\/posso-utilizar-ar-condicionado-no-quarto-do-bebe\/","og_locale":"cs_CZ","og_type":"article","og_title":"Posso Utilizar Ar Condicionado no Quarto do Beb\u00ea? - Universo Fam\u00edlia","og_description":"Posso Utilizar Ar Condicionado no Quarto do Beb\u00ea? Ter um beb\u00ea em casa \u00e9 uma experi\u00eancia incr\u00edvel, mas tamb\u00e9m traz diversas preocupa\u00e7\u00f5es para","og_url":"https:\/\/universofamilia.com\/cs\/posso-utilizar-ar-condicionado-no-quarto-do-bebe\/","og_site_name":"Universo Fam\u00edlia","article_published_time":"2023-06-19T00:39:10+00:00","article_modified_time":"2025-10-06T01:57:48+00:00","og_image":[{"width":448,"height":350,"url":"https:\/\/universofamilia.com\/wp-content\/uploads\/sites\/148\/2023\/06\/FOTO-DESTAQUE-ar-condicionado-universo-familia-.png","type":"image\/png"}],"author":"Matheus Sangaletti","twitter_card":"summary_large_image","twitter_misc":{"Written by":"Matheus Sangaletti","Est. reading time":"8 minut"},"schema":{"@context":"https:\/\/schema.org","@graph":[{"@type":"WebPage","@id":"https:\/\/universofamilia.com\/da\/posso-utilizar-ar-condicionado-no-quarto-do-bebe\/","url":"https:\/\/universofamilia.com\/da\/posso-utilizar-ar-condicionado-no-quarto-do-bebe\/","name":"Posso Utilizar Ar Condicionado no Quarto do Beb\u00ea? - Universo Fam\u00edlia","isPartOf":{"@id":"https:\/\/universofamilia.com\/el\/#website"},"primaryImageOfPage":{"@id":"https:\/\/universofamilia.com\/da\/posso-utilizar-ar-condicionado-no-quarto-do-bebe\/#primaryimage"},"image":{"@id":"https:\/\/universofamilia.com\/da\/posso-utilizar-ar-condicionado-no-quarto-do-bebe\/#primaryimage"},"thumbnailUrl":"https:\/\/universofamilia.com\/wp-content\/uploads\/sites\/148\/2023\/06\/FOTO-DESTAQUE-ar-condicionado-universo-familia-.png","datePublished":"2023-06-19T00:39:10+00:00","dateModified":"2025-10-06T01:57:48+00:00","author":{"@id":"https:\/\/universofamilia.com\/el\/#\/schema\/person\/92fcd07e9b1f4323bf74f3170fc0f78a"},"description":"Posso Utilizar Ar Condicionado no Quarto do Beb\u00ea? Ter um beb\u00ea em casa \u00e9 uma experi\u00eancia incr\u00edvel, mas tamb\u00e9m traz diversas preocupa\u00e7\u00f5es para","breadcrumb":{"@id":"https:\/\/universofamilia.com\/da\/posso-utilizar-ar-condicionado-no-quarto-do-bebe\/#breadcrumb"},"inLanguage":"cs","potentialAction":[{"@type":"ReadAction","target":["https:\/\/universofamilia.com\/da\/posso-utilizar-ar-condicionado-no-quarto-do-bebe\/"]}]},{"@type":"ImageObject","inLanguage":"cs","@id":"https:\/\/universofamilia.com\/da\/posso-utilizar-ar-condicionado-no-quarto-do-bebe\/#primaryimage","url":"https:\/\/universofamilia.com\/wp-content\/uploads\/sites\/148\/2023\/06\/FOTO-DESTAQUE-ar-condicionado-universo-familia-.png","contentUrl":"https:\/\/universofamilia.com\/wp-content\/uploads\/sites\/148\/2023\/06\/FOTO-DESTAQUE-ar-condicionado-universo-familia-.png","width":448,"height":350},{"@type":"BreadcrumbList","@id":"https:\/\/universofamilia.com\/da\/posso-utilizar-ar-condicionado-no-quarto-do-bebe\/#breadcrumb","itemListElement":[{"@type":"ListItem","position":1,"name":"Home","item":"https:\/\/universofamilia.com\/el\/"},{"@type":"ListItem","position":2,"name":"Posso Utilizar Ar Condicionado no Quarto do Beb\u00ea?"}]},{"@type":"WebSite","@id":"https:\/\/universofamilia.com\/el\/#website","url":"https:\/\/universofamilia.com\/el\/","name":"Universo Fam\u00edlia","description":"","potentialAction":[{"@type":"SearchAction","target":{"@type":"EntryPoint","urlTemplate":"https:\/\/universofamilia.com\/el\/?s={search_term_string}"},"query-input":"required name=search_term_string"}],"inLanguage":"cs"},{"@type":"Person","@id":"https:\/\/universofamilia.com\/el\/#\/schema\/person\/92fcd07e9b1f4323bf74f3170fc0f78a","name":"Matheus Sangaletti","image":{"@type":"ImageObject","inLanguage":"cs","@id":"https:\/\/universofamilia.com\/el\/#\/schema\/person\/image\/","url":"https:\/\/secure.gravatar.com\/avatar\/280ea957a14a48e6a1ad2133d2cc27c9?s=96&d=mm&r=g","contentUrl":"https:\/\/secure.gravatar.com\/avatar\/280ea957a14a48e6a1ad2133d2cc27c9?s=96&d=mm&r=g","caption":"Matheus Sangaletti"},"url":"https:\/\/universofamilia.com\/cs\/author\/matheuss\/"}]}},"_links":{"self":[{"href":"https:\/\/universofamilia.com\/cs\/wp-json\/wp\/v2\/posts\/2760"}],"collection":[{"href":"https:\/\/universofamilia.com\/cs\/wp-json\/wp\/v2\/posts"}],"about":[{"href":"https:\/\/universofamilia.com\/cs\/wp-json\/wp\/v2\/types\/post"}],"author":[{"embeddable":true,"href":"https:\/\/universofamilia.com\/cs\/wp-json\/wp\/v2\/users\/219"}],"replies":[{"embeddable":true,"href":"https:\/\/universofamilia.com\/cs\/wp-json\/wp\/v2\/comments?post=2760"}],"version-history":[{"count":1,"href":"https:\/\/universofamilia.com\/cs\/wp-json\/wp\/v2\/posts\/2760\/revisions"}],"predecessor-version":[{"id":9885,"href":"https:\/\/universofamilia.com\/cs\/wp-json\/wp\/v2\/posts\/2760\/revisions\/9885"}],"wp:featuredmedia":[{"embeddable":true,"href":"https:\/\/universofamilia.com\/cs\/wp-json\/wp\/v2\/media\/2766"}],"wp:attachment":[{"href":"https:\/\/universofamilia.com\/cs\/wp-json\/wp\/v2\/media?parent=2760"}],"wp:term":[{"taxonomy":"category","embeddable":true,"href":"https:\/\/universofamilia.com\/cs\/wp-json\/wp\/v2\/categories?post=2760"},{"taxonomy":"post_tag","embeddable":true,"href":"https:\/\/universofamilia.com\/cs\/wp-json\/wp\/v2\/tags?post=2760"}],"curies":[{"name":"wp","href":"https:\/\/api.w.org\/{rel}","templated":true}]}}