{"id":3622,"date":"2023-08-23T08:00:00","date_gmt":"2023-08-23T11:00:00","guid":{"rendered":"https:\/\/universofamilia.com\/?p=3622"},"modified":"2025-01-22T01:29:10","modified_gmt":"2025-01-22T01:29:10","slug":"cantando-para-nossos-bebes","status":"publish","type":"post","link":"https:\/\/universofamilia.com\/cs\/cantando-para-nossos-bebes\/","title":{"rendered":"Zp\u00edv\u00e1n\u00ed pro na\u0161e miminka: 5 skladeb s okouzluj\u00edc\u00edmi texty a podmaniv\u00fdm p\u016fvodem"},"content":{"rendered":"<p>Zp\u00edv\u00e1me pro na\u0161e miminka, 5 p\u00edsn\u00ed s okouzluj\u00edc\u00edmi texty a podmaniv\u00fdm p\u016fvodem. S\u00edla hudby je neoceniteln\u00e1, zejm\u00e9na pokud jde o uklidn\u011bn\u00ed a spojen\u00ed s na\u0161imi nejmen\u0161\u00edmi.<\/p>\n\n\n\n<p>Zp\u00edv\u00e1n\u00ed pro miminka nen\u00ed jen zp\u016fsob, jak vytvo\u0159it citov\u00e1 pouta, ale tak\u00e9 jak stimulovat kognitivn\u00ed a emocion\u00e1ln\u00ed v\u00fdvoj.<\/p>\n\n\n\n<p>Z\u00e1bavnou formou v\u00e1m uk\u00e1\u017eeme p\u011bt obl\u00edben\u00fdch p\u00edsni\u010dek, kter\u00e9 m\u016f\u017eete zp\u00edvat mimink\u016fm, v\u010detn\u011b jejich poutav\u00fdch text\u016f a fascinuj\u00edc\u00edch p\u0159\u00edb\u011bh\u016f o jejich p\u016fvodu.<\/p>\n\n\n<div class=\"wp-block-image\">\n<figure class=\"aligncenter size-full\"><img loading=\"lazy\" decoding=\"async\" width=\"550\" height=\"350\" src=\"http:\/\/universofamilia.com\/wp-content\/uploads\/sites\/148\/2023\/08\/POST-Cantando-para-as-criancas-universo-familia-.png\" alt=\"\" class=\"wp-image-3623\" srcset=\"https:\/\/universofamilia.com\/wp-content\/uploads\/sites\/148\/2023\/08\/POST-Cantando-para-as-criancas-universo-familia-.png 550w, https:\/\/universofamilia.com\/wp-content\/uploads\/sites\/148\/2023\/08\/POST-Cantando-para-as-criancas-universo-familia--300x191.png 300w\" sizes=\"(max-width: 550px) 100vw, 550px\" \/><figcaption class=\"wp-element-caption\"><em>Foto: (reprodukce\/internet)<\/em><\/figcaption><\/figure><\/div>\n\n\n<h3 class=\"wp-block-heading\">1. \u201eBoa Noite, Amiguinho\u201c \u2013 L\u00e1skypln\u00e1 melodie ke sp\u00e1nku<\/h3>\n\n\n\n<h4 class=\"wp-block-heading\">P\u016fvod a v\u00fdznam<\/h4>\n\n\n\n<p>Hudba \u201eBoa Noite, Amiguinho\u201c je tradi\u010dn\u00ed nin\u00e1rsk\u00e1 p\u00edse\u0148, kter\u00e1 je okouzluj\u00edc\u00ed. S jemnou melodi\u00ed a l\u00e1skypln\u00fdm textem si tuto p\u00edse\u0148 zp\u00edvaly d\u011bti, aby uklidnily sv\u00e9 miminka p\u0159ed span\u00edm.<\/p>\n\n\n\n<p>Jednoduchost slov a n\u011bha melodie z n\u00ed \u010din\u00ed obl\u00edbenou \u0161kolu, kter\u00e1 p\u0159ed\u00e1v\u00e1 n\u00e1klonnost a klid nejmen\u0161\u00edm.<\/p>\n\n\n\n<h4 class=\"wp-block-heading\">Dopis:<\/h4>\n\n\n\n<div class=\"wp-block-columns is-layout-flex wp-container-core-columns-layout-1 wp-block-columns-is-layout-flex\">\n<div class=\"wp-block-column is-layout-flow wp-block-column-is-layout-flow\" style=\"flex-basis:100%\">\n<div class=\"wp-block-group is-layout-constrained wp-block-group-is-layout-constrained\"><div class=\"wp-block-group__inner-container\">\n<p>&quot;Dob\u0159e u\u017e, p\u0159\u00edteli.&quot;<\/p>\n\n\n\n<p>Je \u010das j\u00edt sp\u00e1t<\/p>\n\n\n\n<p>A lua j\u00e1 chegou<\/p>\n\n\n\n<p>E jako hv\u011bzdy chcete pokra\u010dovat<\/p>\n\n\n\n<p>D\u011bkuji za pochopen\u00ed, p\u0159\u00e1tel\u00e9<\/p>\n\n\n\n<p>O c\u00e9u j\u00e1 vai se luminosa<\/p>\n\n\n\n<p>S kr\u00e1sn\u00fdmi syny<\/p>\n\n\n\n<p>\u201eCo t\u011b chce\u0161 poslat?\u201c<\/p>\n<\/div><\/div>\n<\/div>\n<\/div>\n\n\n\n<h3 class=\"wp-block-heading\">2. \u201eO Barquinho\u201c \u2013 Plavba klidn\u00fdmi a tich\u00fdmi vodami<\/h3>\n\n\n\n<h4 class=\"wp-block-heading\">P\u016fvod a v\u00fdznam<\/h4>\n\n\n\n<p>Melodie \u201eO Barquinho\u201c n\u00e1s provede klidn\u00fdm dnem mo\u0159em fantazie. Tato hudba, jej\u00ed\u017e p\u016fvod je v lidov\u00fdch p\u00edsn\u00edch, symbolizuje klid a m\u00edr, kter\u00e9 m\u016f\u017ee lo\u010f pluj\u00edc\u00ed v klidn\u00fdch vod\u00e1ch vystopovat.<\/p>\n\n\n\n<p>Jeho jemn\u00e1 melodie a jemn\u00fd text se st\u00e1vaj\u00ed obl\u00edbenou p\u00edsn\u00ed pro uklidn\u011bn\u00ed miminek a inspiraci k klidn\u00fdm sn\u016fm.<\/p>\n\n\n\n<h4 class=\"wp-block-heading\">Dopis:<\/h4>\n\n\n\n<div class=\"wp-block-columns is-layout-flex wp-container-core-columns-layout-2 wp-block-columns-is-layout-flex\">\n<div class=\"wp-block-column is-layout-flow wp-block-column-is-layout-flow\" style=\"flex-basis:100%\">\n<div class=\"wp-block-group is-layout-constrained wp-block-group-is-layout-constrained\"><div class=\"wp-block-group__inner-container\">\n<p>&quot;\u00d3 barquinho vai, tardinha cai.&quot;<\/p>\n\n\n\n<p>O sol j\u00e1 vai embora, o dia findou<\/p>\n\n\n\n<p>O barquinho vai, tardinha cai<\/p>\n\n\n\n<p>\u201eO sol j\u00e1 vai embora, o dia findou\u201c<\/p>\n<\/div><\/div>\n<\/div>\n<\/div>\n\n\n\n<h3 class=\"wp-block-heading\">3. \u201eDorme, nen\u00e9m\u201c \u2013 A Convite para o Soninho Tranquilo<\/h3>\n\n\n\n<h4 class=\"wp-block-heading\">P\u016fvod a v\u00fdznam<\/h4>\n\n\n\n<p>\u201eDorme, nen\u00e9m\u201c je p\u00edse\u0148, kter\u00e1 vyza\u0159uje klid a \u00fat\u011bchu. Tato melodie, jej\u00ed\u017e ko\u0159eny vych\u00e1zej\u00ed z kulturn\u00edch tradic, je pro va\u0161e d\u00edt\u011b jemnou pochoutkou, kter\u00e1 mu pom\u016f\u017ee klidn\u011b us\u00ednat.<\/p>\n\n\n\n<p>Jemn\u00e1 slova a obklopuj\u00edc\u00ed melodie d\u011blaj\u00ed z t\u00e9to hudby obl\u00edbenou \u0161kolu po cel\u00e9m sv\u011bt\u011b, kter\u00e1 p\u0159ed\u00e1v\u00e1 l\u00e1sku a n\u00e1klonnost.<\/p>\n\n\n\n<h4 class=\"wp-block-heading\">Dopis:<\/h4>\n\n\n\n<div class=\"wp-block-group is-layout-constrained wp-block-group-is-layout-constrained\"><div class=\"wp-block-group__inner-container\">\n<p>\u201eSpi, nen\u00e9m, zas\u00e1hneme cuca.\u201c<\/p>\n\n\n\n<p>Papai byl pro ro\u00e7a, mamma byla pro pr\u00e1ci<\/p>\n\n\n\n<p>Jdi sp\u00e1t, zlato, jdu trefit Cucu.<\/p>\n\n\n\n<p>Papai byl pro ro\u00e7a, mamma byla pro pr\u00e1ci<\/p>\n<\/div><\/div>\n\n\n\n<h3 class=\"wp-block-heading\">4. \u201eBorboletinha\u201c \u2013 P\u00edse\u0148 okouzlen\u00ed a Brincadeira<\/h3>\n\n\n\n<h4 class=\"wp-block-heading\">P\u016fvod a v\u00fdznam<\/h4>\n\n\n\n<p>\u201eBorboletinha\u201c je d\u011btsk\u00e1 p\u00edsni\u010dka, kter\u00e1 kombinuje hudbu a sk\u00e1k\u00e1n\u00ed. D\u00edky vesel\u00e9 melodii a textu, kter\u00fd podn\u011bcuje fantazii, je tato hudba obl\u00edbenou p\u00edsn\u00ed pro miminka.<\/p>\n\n\n\n<p>Odkaz na bublinu, kter\u00e1 p\u0159ech\u00e1z\u00ed z kv\u011btu na kv\u011bt, je metaforou pro zkoum\u00e1n\u00ed a zv\u011bdavost d\u011bt\u00ed v r\u016fstu.<\/p>\n\n\n\n<h4 class=\"wp-block-heading\">Dopis:<\/h4>\n\n\n\n<div class=\"wp-block-group is-layout-constrained wp-block-group-is-layout-constrained\"><div class=\"wp-block-group__inner-container\">\n<p>\u201eBorboletinha je v kuchyni.\u201c<\/p>\n\n\n\n<p>V\u00fdroba \u010dokol\u00e1dy s kmotrou<\/p>\n\n\n\n<p>D\u011bl\u00e1\u0161 to, d\u011bl\u00e1\u0161 to, d\u011bl\u00e1\u0161 to, d\u011bl\u00e1\u0161 to<\/p>\n\n\n\n<p>&quot;A canela \u00e9 quente, bude to ho\u0159et?&quot;<\/p>\n<\/div><\/div>\n\n\n\n<h3 class=\"wp-block-heading\">5. \u201eAcalanto\u201c \u2013 Melodie pro sny<\/h3>\n\n\n\n<h4 class=\"wp-block-heading\">P\u016fvod a v\u00fdznam<\/h4>\n\n\n\n<p>\u201eAcalanto\u201c je d\u011btsk\u00e1 p\u00edse\u0148, kter\u00e1 p\u0159ekra\u010duje kulturn\u00ed hranice. S obklopuj\u00edc\u00ed melodi\u00ed a textem, kter\u00fd vyjad\u0159uje klid, je tato p\u00edse\u0148 vyj\u00e1d\u0159en\u00edm l\u00e1sky a n\u00e1klonnosti pe\u010dovatel\u016f o miminka.<\/p>\n\n\n\n<p>Slovo \u201eacalanto\u201c ozna\u010duje proces oh\u0159evu a stla\u010dov\u00e1n\u00ed, co\u017e z t\u00e9to hudby \u010din\u00ed p\u0159irozenou volbu pro chv\u00edle klidu.<\/p>\n\n\n\n<h4 class=\"wp-block-heading\">Dopis:<\/h4>\n\n\n\n<div class=\"wp-block-group is-layout-constrained wp-block-group-is-layout-constrained\"><div class=\"wp-block-group__inner-container\">\n<p>&quot;Spi, meu menino, meu acalanto.&quot;<\/p>\n\n\n\n<p>Co v noci chci jest\u0159\u00e1ba<\/p>\n\n\n\n<p>O sol vai se deitar<\/p>\n\n\n\n<p>Spi, chlap\u010de m\u016fj, m\u016fj acalanto<\/p>\n\n\n\n<p>Co v noci chci jest\u0159\u00e1ba<\/p>\n\n\n\n<p>\u201eO sol vai se deitar\u201c<\/p>\n<\/div><\/div>\n\n\n\n<h3 class=\"wp-block-heading\">Z\u00e1v\u011br: Seren\u00e1da l\u00e1sky pro ty nejmen\u0161\u00ed<\/h3>\n\n\n\n<p>Zp\u00edv\u00e1n\u00ed pro miminka je tradice pln\u00e1 v\u00fdznamu a n\u00e1klonnosti. Hudba v d\u011btsk\u00e9m pokoji nejen poskytuje \u00fat\u011bchu, ale tak\u00e9 vytv\u00e1\u0159\u00ed zvl\u00e1\u0161tn\u00ed pouto mezi pe\u010dovateli a miminky.<\/p>\n\n\n\n<p>Zp\u00edv\u00e1n\u00edm t\u011bchto p\u00edsn\u00ed s poutav\u00fdmi p\u0159\u00edb\u011bhy se d\u011bl\u00edme o vz\u00e1cn\u00fd dar \u2013 hudbu, kter\u00e1 vy\u017eivuje srdce a mysl na\u0161ich nejmen\u0161\u00edch.<\/p>\n\n\n\n<h3 class=\"wp-block-heading\">\u010casto kladen\u00e9 ot\u00e1zky<\/h3>\n\n\n\n<h4 class=\"wp-block-heading\">1. Pro\u010d je zp\u00edv\u00e1n\u00ed pro miminka d\u016fle\u017eit\u00e9?<\/h4>\n\n\n\n<p>Zp\u00edv\u00e1n\u00ed mimink\u016fm pom\u00e1h\u00e1 vytv\u00e1\u0159et citov\u00e1 pouta, uklid\u0148uje d\u011bti a stimuluje kognitivn\u00ed v\u00fdvoj.<\/p>\n\n\n\n<h4 class=\"wp-block-heading\">2. Je tato hudba specifick\u00e1 pro n\u011bjakou kulturu?<\/h4>\n\n\n\n<p>N\u011bkter\u00e1 hudba m\u00e1 specifick\u00fd p\u016fvod, zat\u00edmco jin\u00e1 se zp\u00edv\u00e1 v r\u016fzn\u00fdch kultur\u00e1ch po cel\u00e9m sv\u011bt\u011b.<\/p>\n\n\n\n<h4 class=\"wp-block-heading\">3. Jak vybrat spr\u00e1vnou hudbu pro zp\u00edv\u00e1n\u00ed m\u00e9mu d\u00edt\u011bti?<\/h4>\n\n\n\n<p>Volte hudbu s jemn\u00fdmi melodiemi a jemn\u00fdmi texty. Pozorov\u00e1n\u00ed reakc\u00ed d\u00edt\u011bte m\u016f\u017ee pomoci ur\u010dit, jakou hudbu preferuje.<\/p>\n\n\n\n<h4 class=\"wp-block-heading\">4. M\u00e1 hudba pro miminka pozitivn\u00ed \u00fa\u010dinky?<\/h4>\n\n\n\n<p>Sim, d\u011btsk\u00e1 hudba m\u016f\u017ee pomoci uklidnit d\u00edt\u011b a vytvo\u0159it relaxa\u010dn\u00ed rutinu p\u0159ed span\u00edm.<\/p>\n\n\n\n<h4 class=\"wp-block-heading\">5. Krom\u011b t\u00e9to hudby, existuj\u00ed i jin\u00e9 obl\u00edben\u00e9 mo\u017enosti, jak zp\u00edvat mimink\u016fm?<\/h4>\n\n\n\n<p>Sime, v r\u016fzn\u00fdch kultur\u00e1ch existuje rozmanit\u00e1 hudba, ka\u017ed\u00e1 s vlastn\u00edmi p\u0159\u00edb\u011bhy a v\u00fdznamy.<\/p>\n\n\n\n<p>Al\u00e9m disso, pot\u0159ebuje dopl\u0148ky a oble\u010den\u00ed, conhe\u00e7a |&nbsp;<a href=\"https:\/\/www.luzbaby.com.br\/\" target=\"_blank\" rel=\"noreferrer noopener\">Luz Baby je jeden z nejlep\u0161\u00edch obchod\u016f s kojeneck\u00fdmi pot\u0159ebami. Klikn\u011bte zde.<\/a><\/p>","protected":false},"excerpt":{"rendered":"<p>Zp\u00edv\u00e1n\u00ed pro na\u0161e miminka, 5 p\u00edsn\u00ed s okouzluj\u00edc\u00edmi texty a podmaniv\u00fdm p\u016fvodem. S\u00edla hudby je neoceniteln\u00e1, zejm\u00e9na pokud jde o uklidn\u011bn\u00ed a spojen\u00ed s na\u0161imi nejmen\u0161\u00edmi. Zp\u00edv\u00e1n\u00ed pro miminka nen\u00ed jen zp\u016fsob, jak vytvo\u0159it citov\u00e1 pouta, ale tak\u00e9 stimulovat kognitivn\u00ed a emocion\u00e1ln\u00ed v\u00fdvoj. Z\u00e1bavnou formou [\u2026]<\/p>","protected":false},"author":139,"featured_media":3625,"comment_status":"closed","ping_status":"open","sticky":false,"template":"","format":"standard","meta":{"footnotes":""},"categories":[3],"tags":[],"yoast_head":"<!-- This site is optimized with the Yoast SEO plugin v23.3 - https:\/\/yoast.com\/wordpress\/plugins\/seo\/ -->\n<title>Cantando para Nossos Beb\u00eas: 5 M\u00fasicas com Letras Encantadoras e Origens Cativantes - Universo Fam\u00edlia<\/title>\n<meta name=\"description\" content=\"Cantando para nossos beb\u00eas, 5 m\u00fasicas com letras encantadoras e origens cativantes. O poder da m\u00fasica \u00e9 ineg\u00e1vel, especialmente quando se trata de acalmar\" \/>\n<meta name=\"robots\" content=\"index, follow, max-snippet:-1, max-image-preview:large, max-video-preview:-1\" \/>\n<link rel=\"canonical\" href=\"https:\/\/universofamilia.com\/cs\/cantando-para-nossos-bebes\/\" \/>\n<meta property=\"og:locale\" content=\"cs_CZ\" \/>\n<meta property=\"og:type\" content=\"article\" \/>\n<meta property=\"og:title\" content=\"Cantando para Nossos Beb\u00eas: 5 M\u00fasicas com Letras Encantadoras e Origens Cativantes - Universo Fam\u00edlia\" \/>\n<meta property=\"og:description\" content=\"Cantando para nossos beb\u00eas, 5 m\u00fasicas com letras encantadoras e origens cativantes. O poder da m\u00fasica \u00e9 ineg\u00e1vel, especialmente quando se trata de acalmar\" \/>\n<meta property=\"og:url\" content=\"https:\/\/universofamilia.com\/cs\/cantando-para-nossos-bebes\/\" \/>\n<meta property=\"og:site_name\" content=\"Universo Fam\u00edlia\" \/>\n<meta property=\"article:published_time\" content=\"2023-08-23T11:00:00+00:00\" \/>\n<meta property=\"article:modified_time\" content=\"2025-01-22T01:29:10+00:00\" \/>\n<meta property=\"og:image\" content=\"https:\/\/universofamilia.com\/wp-content\/uploads\/sites\/148\/2023\/08\/DESTAQUE-cantando-para-as-criancas-universo-familia-.png\" \/>\n\t<meta property=\"og:image:width\" content=\"448\" \/>\n\t<meta property=\"og:image:height\" content=\"350\" \/>\n\t<meta property=\"og:image:type\" content=\"image\/png\" \/>\n<meta name=\"author\" content=\"Pedro Henrique\" \/>\n<meta name=\"twitter:card\" content=\"summary_large_image\" \/>\n<meta name=\"twitter:label1\" content=\"Written by\" \/>\n\t<meta name=\"twitter:data1\" content=\"Pedro Henrique\" \/>\n\t<meta name=\"twitter:label2\" content=\"Est. reading time\" \/>\n\t<meta name=\"twitter:data2\" content=\"5 minut\" \/>\n<script type=\"application\/ld+json\" class=\"yoast-schema-graph\">{\"@context\":\"https:\/\/schema.org\",\"@graph\":[{\"@type\":\"WebPage\",\"@id\":\"https:\/\/universofamilia.com\/de\/cantando-para-nossos-bebes\/\",\"url\":\"https:\/\/universofamilia.com\/de\/cantando-para-nossos-bebes\/\",\"name\":\"Cantando para Nossos Beb\u00eas: 5 M\u00fasicas com Letras Encantadoras e Origens Cativantes - Universo Fam\u00edlia\",\"isPartOf\":{\"@id\":\"https:\/\/universofamilia.com\/el\/#website\"},\"primaryImageOfPage\":{\"@id\":\"https:\/\/universofamilia.com\/de\/cantando-para-nossos-bebes\/#primaryimage\"},\"image\":{\"@id\":\"https:\/\/universofamilia.com\/de\/cantando-para-nossos-bebes\/#primaryimage\"},\"thumbnailUrl\":\"https:\/\/universofamilia.com\/wp-content\/uploads\/sites\/148\/2023\/08\/DESTAQUE-cantando-para-as-criancas-universo-familia-.png\",\"datePublished\":\"2023-08-23T11:00:00+00:00\",\"dateModified\":\"2025-01-22T01:29:10+00:00\",\"author\":{\"@id\":\"https:\/\/universofamilia.com\/el\/#\/schema\/person\/f07ce98187dd84d31154262e79b3b7ca\"},\"description\":\"Cantando para nossos beb\u00eas, 5 m\u00fasicas com letras encantadoras e origens cativantes. O poder da m\u00fasica \u00e9 ineg\u00e1vel, especialmente quando se trata de acalmar\",\"breadcrumb\":{\"@id\":\"https:\/\/universofamilia.com\/de\/cantando-para-nossos-bebes\/#breadcrumb\"},\"inLanguage\":\"cs\",\"potentialAction\":[{\"@type\":\"ReadAction\",\"target\":[\"https:\/\/universofamilia.com\/de\/cantando-para-nossos-bebes\/\"]}]},{\"@type\":\"ImageObject\",\"inLanguage\":\"cs\",\"@id\":\"https:\/\/universofamilia.com\/de\/cantando-para-nossos-bebes\/#primaryimage\",\"url\":\"https:\/\/universofamilia.com\/wp-content\/uploads\/sites\/148\/2023\/08\/DESTAQUE-cantando-para-as-criancas-universo-familia-.png\",\"contentUrl\":\"https:\/\/universofamilia.com\/wp-content\/uploads\/sites\/148\/2023\/08\/DESTAQUE-cantando-para-as-criancas-universo-familia-.png\",\"width\":448,\"height\":350},{\"@type\":\"BreadcrumbList\",\"@id\":\"https:\/\/universofamilia.com\/de\/cantando-para-nossos-bebes\/#breadcrumb\",\"itemListElement\":[{\"@type\":\"ListItem\",\"position\":1,\"name\":\"Home\",\"item\":\"https:\/\/universofamilia.com\/el\/\"},{\"@type\":\"ListItem\",\"position\":2,\"name\":\"Cantando para Nossos Beb\u00eas: 5 M\u00fasicas com Letras Encantadoras e Origens Cativantes\"}]},{\"@type\":\"WebSite\",\"@id\":\"https:\/\/universofamilia.com\/el\/#website\",\"url\":\"https:\/\/universofamilia.com\/el\/\",\"name\":\"Universo Fam\u00edlia\",\"description\":\"\",\"potentialAction\":[{\"@type\":\"SearchAction\",\"target\":{\"@type\":\"EntryPoint\",\"urlTemplate\":\"https:\/\/universofamilia.com\/el\/?s={search_term_string}\"},\"query-input\":\"required name=search_term_string\"}],\"inLanguage\":\"cs\"},{\"@type\":\"Person\",\"@id\":\"https:\/\/universofamilia.com\/el\/#\/schema\/person\/f07ce98187dd84d31154262e79b3b7ca\",\"name\":\"Pedro Henrique\",\"image\":{\"@type\":\"ImageObject\",\"inLanguage\":\"cs\",\"@id\":\"https:\/\/universofamilia.com\/el\/#\/schema\/person\/image\/\",\"url\":\"https:\/\/secure.gravatar.com\/avatar\/9edfeb808cb4e1599f64d6e45b130154?s=96&d=mm&r=g\",\"contentUrl\":\"https:\/\/secure.gravatar.com\/avatar\/9edfeb808cb4e1599f64d6e45b130154?s=96&d=mm&r=g\",\"caption\":\"Pedro Henrique\"},\"url\":\"https:\/\/universofamilia.com\/cs\/author\/editor01\/\"}]}<\/script>\n<!-- \/ Yoast SEO plugin. -->","yoast_head_json":{"title":"Cantando para Nossos Beb\u00eas: 5 M\u00fasicas com Letras Encantadoras e Origens Cativantes - Universo Fam\u00edlia","description":"Cantando para nossos beb\u00eas, 5 m\u00fasicas com letras encantadoras e origens cativantes. O poder da m\u00fasica \u00e9 ineg\u00e1vel, especialmente quando se trata de acalmar","robots":{"index":"index","follow":"follow","max-snippet":"max-snippet:-1","max-image-preview":"max-image-preview:large","max-video-preview":"max-video-preview:-1"},"canonical":"https:\/\/universofamilia.com\/cs\/cantando-para-nossos-bebes\/","og_locale":"cs_CZ","og_type":"article","og_title":"Cantando para Nossos Beb\u00eas: 5 M\u00fasicas com Letras Encantadoras e Origens Cativantes - Universo Fam\u00edlia","og_description":"Cantando para nossos beb\u00eas, 5 m\u00fasicas com letras encantadoras e origens cativantes. O poder da m\u00fasica \u00e9 ineg\u00e1vel, especialmente quando se trata de acalmar","og_url":"https:\/\/universofamilia.com\/cs\/cantando-para-nossos-bebes\/","og_site_name":"Universo Fam\u00edlia","article_published_time":"2023-08-23T11:00:00+00:00","article_modified_time":"2025-01-22T01:29:10+00:00","og_image":[{"width":448,"height":350,"url":"https:\/\/universofamilia.com\/wp-content\/uploads\/sites\/148\/2023\/08\/DESTAQUE-cantando-para-as-criancas-universo-familia-.png","type":"image\/png"}],"author":"Pedro Henrique","twitter_card":"summary_large_image","twitter_misc":{"Written by":"Pedro Henrique","Est. reading time":"5 minut"},"schema":{"@context":"https:\/\/schema.org","@graph":[{"@type":"WebPage","@id":"https:\/\/universofamilia.com\/de\/cantando-para-nossos-bebes\/","url":"https:\/\/universofamilia.com\/de\/cantando-para-nossos-bebes\/","name":"Cantando para Nossos Beb\u00eas: 5 M\u00fasicas com Letras Encantadoras e Origens Cativantes - Universo Fam\u00edlia","isPartOf":{"@id":"https:\/\/universofamilia.com\/el\/#website"},"primaryImageOfPage":{"@id":"https:\/\/universofamilia.com\/de\/cantando-para-nossos-bebes\/#primaryimage"},"image":{"@id":"https:\/\/universofamilia.com\/de\/cantando-para-nossos-bebes\/#primaryimage"},"thumbnailUrl":"https:\/\/universofamilia.com\/wp-content\/uploads\/sites\/148\/2023\/08\/DESTAQUE-cantando-para-as-criancas-universo-familia-.png","datePublished":"2023-08-23T11:00:00+00:00","dateModified":"2025-01-22T01:29:10+00:00","author":{"@id":"https:\/\/universofamilia.com\/el\/#\/schema\/person\/f07ce98187dd84d31154262e79b3b7ca"},"description":"Cantando para nossos beb\u00eas, 5 m\u00fasicas com letras encantadoras e origens cativantes. O poder da m\u00fasica \u00e9 ineg\u00e1vel, especialmente quando se trata de acalmar","breadcrumb":{"@id":"https:\/\/universofamilia.com\/de\/cantando-para-nossos-bebes\/#breadcrumb"},"inLanguage":"cs","potentialAction":[{"@type":"ReadAction","target":["https:\/\/universofamilia.com\/de\/cantando-para-nossos-bebes\/"]}]},{"@type":"ImageObject","inLanguage":"cs","@id":"https:\/\/universofamilia.com\/de\/cantando-para-nossos-bebes\/#primaryimage","url":"https:\/\/universofamilia.com\/wp-content\/uploads\/sites\/148\/2023\/08\/DESTAQUE-cantando-para-as-criancas-universo-familia-.png","contentUrl":"https:\/\/universofamilia.com\/wp-content\/uploads\/sites\/148\/2023\/08\/DESTAQUE-cantando-para-as-criancas-universo-familia-.png","width":448,"height":350},{"@type":"BreadcrumbList","@id":"https:\/\/universofamilia.com\/de\/cantando-para-nossos-bebes\/#breadcrumb","itemListElement":[{"@type":"ListItem","position":1,"name":"Home","item":"https:\/\/universofamilia.com\/el\/"},{"@type":"ListItem","position":2,"name":"Cantando para Nossos Beb\u00eas: 5 M\u00fasicas com Letras Encantadoras e Origens Cativantes"}]},{"@type":"WebSite","@id":"https:\/\/universofamilia.com\/el\/#website","url":"https:\/\/universofamilia.com\/el\/","name":"Universo Fam\u00edlia","description":"","potentialAction":[{"@type":"SearchAction","target":{"@type":"EntryPoint","urlTemplate":"https:\/\/universofamilia.com\/el\/?s={search_term_string}"},"query-input":"required name=search_term_string"}],"inLanguage":"cs"},{"@type":"Person","@id":"https:\/\/universofamilia.com\/el\/#\/schema\/person\/f07ce98187dd84d31154262e79b3b7ca","name":"Pedro Henrique","image":{"@type":"ImageObject","inLanguage":"cs","@id":"https:\/\/universofamilia.com\/el\/#\/schema\/person\/image\/","url":"https:\/\/secure.gravatar.com\/avatar\/9edfeb808cb4e1599f64d6e45b130154?s=96&d=mm&r=g","contentUrl":"https:\/\/secure.gravatar.com\/avatar\/9edfeb808cb4e1599f64d6e45b130154?s=96&d=mm&r=g","caption":"Pedro Henrique"},"url":"https:\/\/universofamilia.com\/cs\/author\/editor01\/"}]}},"_links":{"self":[{"href":"https:\/\/universofamilia.com\/cs\/wp-json\/wp\/v2\/posts\/3622"}],"collection":[{"href":"https:\/\/universofamilia.com\/cs\/wp-json\/wp\/v2\/posts"}],"about":[{"href":"https:\/\/universofamilia.com\/cs\/wp-json\/wp\/v2\/types\/post"}],"author":[{"embeddable":true,"href":"https:\/\/universofamilia.com\/cs\/wp-json\/wp\/v2\/users\/139"}],"replies":[{"embeddable":true,"href":"https:\/\/universofamilia.com\/cs\/wp-json\/wp\/v2\/comments?post=3622"}],"version-history":[{"count":1,"href":"https:\/\/universofamilia.com\/cs\/wp-json\/wp\/v2\/posts\/3622\/revisions"}],"predecessor-version":[{"id":8285,"href":"https:\/\/universofamilia.com\/cs\/wp-json\/wp\/v2\/posts\/3622\/revisions\/8285"}],"wp:featuredmedia":[{"embeddable":true,"href":"https:\/\/universofamilia.com\/cs\/wp-json\/wp\/v2\/media\/3625"}],"wp:attachment":[{"href":"https:\/\/universofamilia.com\/cs\/wp-json\/wp\/v2\/media?parent=3622"}],"wp:term":[{"taxonomy":"category","embeddable":true,"href":"https:\/\/universofamilia.com\/cs\/wp-json\/wp\/v2\/categories?post=3622"},{"taxonomy":"post_tag","embeddable":true,"href":"https:\/\/universofamilia.com\/cs\/wp-json\/wp\/v2\/tags?post=3622"}],"curies":[{"name":"wp","href":"https:\/\/api.w.org\/{rel}","templated":true}]}}