{"id":3627,"date":"2023-08-24T08:00:00","date_gmt":"2023-08-24T11:00:00","guid":{"rendered":"https:\/\/universofamilia.com\/?p=3627"},"modified":"2025-01-22T01:27:43","modified_gmt":"2025-01-22T01:27:43","slug":"os-10-utensilios-indispensaveis-para-a-introducao-alimentar-de-bebes","status":"publish","type":"post","link":"https:\/\/universofamilia.com\/cs\/os-10-utensilios-indispensaveis-para-a-introducao-alimentar-de-bebes\/","title":{"rendered":"10 nepostradateln\u00fdch pom\u016fcek pro zav\u00e1d\u011bn\u00ed kojeneck\u00e9ho krmen\u00ed"},"content":{"rendered":"<p>10 z\u00e1kladn\u00edch pom\u016fcek pro zav\u00e1d\u011bn\u00ed kojeneck\u00e9ho krmen\u00ed. Zav\u00e1d\u011bn\u00ed kojeneck\u00e9ho krmen\u00ed je vzru\u0161uj\u00edc\u00edm a d\u016fle\u017eit\u00fdm okam\u017eikem ve v\u00fdvoji va\u0161eho d\u00edt\u011bte.<\/p>\n\n\n\n<p>P\u0159i objevov\u00e1n\u00ed nov\u00fdch chut\u00ed a textur je nezbytn\u00e9 m\u00edt spr\u00e1vn\u00e9 n\u00e1dob\u00ed, aby byl tento p\u0159echod hladk\u00fd a bezpe\u010dn\u00fd.<\/p>\n\n\n\n<p>Uk\u00e1\u017eu v\u00e1m 10 z\u00e1kladn\u00edch pom\u016fcek, kter\u00e9 zajist\u00ed, \u017ee sezn\u00e1men\u00ed s krmen\u00edm va\u0161eho d\u00edt\u011bte bude pozitivn\u00edm a v\u00fd\u017eivn\u00fdm z\u00e1\u017eitkem. D\u00edky podrobn\u00fdm a praktick\u00fdm pokyn\u016fm budete p\u0159ipraveni \u010delit t\u00e9to nov\u00e9 f\u00e1zi s jistotou.<\/p>\n\n\n<div class=\"wp-block-image\">\n<figure class=\"aligncenter size-full\"><img loading=\"lazy\" decoding=\"async\" width=\"550\" height=\"350\" src=\"http:\/\/universofamilia.com\/wp-content\/uploads\/sites\/148\/2023\/08\/POST-utensilios-para-introducao-alimentar-universo-familia-.png\" alt=\"\" class=\"wp-image-3628\" srcset=\"https:\/\/universofamilia.com\/wp-content\/uploads\/sites\/148\/2023\/08\/POST-utensilios-para-introducao-alimentar-universo-familia-.png 550w, https:\/\/universofamilia.com\/wp-content\/uploads\/sites\/148\/2023\/08\/POST-utensilios-para-introducao-alimentar-universo-familia--300x191.png 300w\" sizes=\"(max-width: 550px) 100vw, 550px\" \/><figcaption class=\"wp-element-caption\"><em>Foto: (reprodukce\/internet)<\/em><\/figcaption><\/figure><\/div>\n\n\n<h3 class=\"wp-block-heading\">1. Macias Silikonov\u00e9 Colheres<\/h3>\n\n\n\n<p>B\u011bhem krmen\u00ed je nezbytn\u00e9 pou\u017e\u00edvat pevn\u00e9 silikonov\u00e9 vlo\u017eky. Jsou velmi citliv\u00e9 na d\u00e1sn\u011b d\u00edt\u011bte a krmen\u00ed je d\u00edky nim pohodln\u011bj\u0161\u00ed. Pro snaz\u0161\u00ed krmen\u00ed volte obojky s m\u011bkkou \u0161pi\u010dkou a ergonomickou rukojet\u00ed.<\/p>\n\n\n\n<h3 class=\"wp-block-heading\">2. Pratos com Divis\u00f3rias<\/h3>\n\n\n\n<p>Misky s p\u0159ep\u00e1\u017ekami jsou vynikaj\u00edc\u00ed pro odd\u011blen\u00ed r\u016fzn\u00fdch potravin a zabra\u0148uj\u00ed jejich sm\u00edch\u00e1n\u00ed. To pom\u00e1h\u00e1 d\u00edt\u011bti za\u017e\u00edt r\u016fzn\u00e9 chut\u011b, ani\u017e by se v\u0161e sm\u00edchalo do jedn\u00e9 sm\u011bsi.<\/p>\n\n\n\n<h3 class=\"wp-block-heading\">3. Treinamento vlo\u010dky<\/h3>\n\n\n\n<p>Pokud je d\u00edt\u011b p\u0159\u00edli\u0161 brzy na to, aby za\u010dalo p\u00edt jin\u00e9 tekutiny ne\u017e ml\u00e9ko, jsou tr\u00e9ninkov\u00e9 vlo\u010dky chytrou volbou.<\/p>\n\n\n\n<p>Toto jsou kl\u00ed\u010de k zaji\u0161t\u011bn\u00ed a upevn\u011bn\u00ed kabel\u016f, kter\u00e9 usnad\u0148uj\u00ed p\u0159echod mate\u0159sk\u00e9ho ml\u00e9ka do sn\u011bhov\u00e9 vlo\u010dky.<\/p>\n\n\n\n<h3 class=\"wp-block-heading\">4. Bib\u00e0dores Imperme\u00e1veis<\/h3>\n\n\n\n<p>Zav\u00e1d\u011bn\u00ed j\u00eddla je \u010dasto spojov\u00e1no s bagun\u00e7ou. Nepromokav\u00e9 d\u011btsk\u00e9 oble\u010den\u00ed tuto situaci zachra\u0148uje a chr\u00e1n\u00ed d\u011btsk\u00e9 oble\u010den\u00ed p\u0159ed skvrnami a fleky. Zvolte modely se s\u00e1\u010dky na sb\u011br zbytk\u016f j\u00eddla.<\/p>\n\n\n\n<h3 class=\"wp-block-heading\">5. Kuchy\u0148sk\u00fd robot<\/h3>\n\n\n\n<p>Pokud je va\u0161e d\u00edt\u011b p\u0159\u00edli\u0161 brzy na to, aby se sezn\u00e1milo s nov\u00fdmi texturami, m\u016f\u017ee b\u00fdt u\u017eite\u010dn\u00fd kuchy\u0148sk\u00fd robot.<\/p>\n\n\n\n<p>Umo\u017e\u0148uje v\u00e1m snadno p\u0159ipravovat pyr\u00e9 a dom\u00e1c\u00ed brambory a zaji\u0161\u0165uje, \u017ee va\u0161e d\u00edt\u011b bude j\u00edst \u010derstv\u00e9 a restovan\u00e9 pokrmy.<\/p>\n\n\n\n<h3 class=\"wp-block-heading\">6. Cadeira de Alimenta\u00e7\u00e3o Adequada<\/h3>\n\n\n\n<p>Bezpe\u010dn\u00fd a nastaviteln\u00fd krmn\u00fd \u0159et\u00edzek je nezbytn\u00fd pro polohov\u00e1n\u00ed d\u00edt\u011bte b\u011bhem j\u00eddla. Chra\u0148te \u0159et\u00edzek bezpe\u010dnostn\u00edm p\u00e1sem a podep\u0159ete si nohy, co\u017e zajist\u00ed pohodln\u00e9 dr\u017een\u00ed t\u011bla.<\/p>\n\n\n\n<h3 class=\"wp-block-heading\">7. Protiskluzov\u00e1 silikonov\u00e1 podlo\u017eka<\/h3>\n\n\n\n<p>Zabra\u0148te klouz\u00e1n\u00ed d\u011btsk\u00e9 stravy a vlo\u010dek b\u011bhem j\u00eddla pomoc\u00ed protiskluzov\u00e9 silikonov\u00e9 podlo\u017eky.<\/p>\n\n\n\n<p>To nejen sni\u017euje hmotnost, ale tak\u00e9 zaji\u0161\u0165uje, \u017ee se d\u00edt\u011b m\u016f\u017ee soust\u0159edit na krmen\u00ed.<\/p>\n\n\n\n<h3 class=\"wp-block-heading\">8. \u0160kolic\u00ed workshopy<\/h3>\n\n\n\n<p>Jak si va\u0161e d\u00edt\u011b rozv\u00edj\u00ed motorick\u00e9 dovednosti, pou\u017e\u00edvaj\u00ed se cvi\u010debn\u00ed pom\u016fcky, kter\u00e9 mu umo\u017en\u00ed zkusit sb\u00edrat \u0161pinav\u00e9 j\u00eddlo.<\/p>\n\n\n\n<p>Pro v\u011bt\u0161\u00ed bezpe\u010dnost vyberte modely s ergonomick\u00fdmi rukoje\u0165mi a zaoblen\u00fdmi konci.<\/p>\n\n\n\n<h3 class=\"wp-block-heading\">9. P\u0159echodov\u00fd poh\u00e1r s Tampou<\/h3>\n\n\n\n<p>Pokud je d\u00edt\u011b p\u0159\u00edli\u0161 brzy na to, aby pilo tekutiny, je pot\u0159eba mate\u0159sk\u00e9 ml\u00e9ko, nejlep\u0161\u00ed volbou je p\u0159echodn\u00fd hrnek s v\u00ed\u010dkem.<\/p>\n\n\n\n<p>V\u00ed\u010dko zabra\u0148uje rozlit\u00ed a umo\u017e\u0148uje d\u00edt\u011bti p\u00edt samostatn\u011bji.<\/p>\n\n\n\n<h3 class=\"wp-block-heading\">10. Steriliz\u00e1tor n\u00e1dob\u00ed<\/h3>\n\n\n\n<p>Udr\u017eov\u00e1n\u00ed d\u011btsk\u00e9ho n\u00e1dob\u00ed v \u010distot\u011b a bez choroboplodn\u00fdch z\u00e1rodk\u016f je nezbytn\u00e9. Praktick\u00fd steriliz\u00e1tor n\u00e1dob\u00ed zajist\u00ed, \u017ee va\u0161e n\u00e1dob\u00ed, tal\u00ed\u0159ky a vlo\u010dky budou v\u017edy p\u0159ipraveny k pou\u017eit\u00ed.<\/p>\n\n\n\n<p>Al\u00e9m disso, obchod, kter\u00fd ozna\u010duje a jak\u00e9 jsou pr\u00e1vn\u00ed mo\u017enosti<a href=\"https:\/\/www.luzbaby.com.br\/\" target=\"_blank\" rel=\"noreferrer noopener\"> Baby Light je jeden z nejlep\u0161\u00edch obchod\u016f s kojeneck\u00fdmi pot\u0159ebami. Klikn\u011bte zde.<\/a><\/p>\n\n\n\n<h3 class=\"wp-block-heading\">Z\u00e1v\u011br<\/h3>\n\n\n\n<p>N\u011bkter\u00e9 p\u0159\u00edbory mohou b\u011bhem \u00favodn\u00edho krmen\u00ed va\u0161eho d\u00edt\u011bte v\u0161echno zm\u011bnit. S 10 z\u00e1kladn\u00edmi v\u011bcmi budete p\u0159ipraveni na to, aby byl tento proces bezpe\u010dn\u00fd, pohodln\u00fd a v\u00fd\u017eivn\u00fd.<\/p>\n\n\n\n<p>Uv\u011bdomte si, \u017ee ka\u017ed\u00e9 d\u00edt\u011b je jedine\u010dn\u00e9, proto upravte nebo pou\u017e\u00edvejte tyto p\u0159\u00edbory podle individu\u00e1ln\u00edch preferenc\u00ed va\u0161eho d\u00edt\u011bte.<\/p>\n\n\n\n<h3 class=\"wp-block-heading\">\u010casto kladen\u00e9 ot\u00e1zky (FAQ):<\/h3>\n\n\n\n<h4 class=\"wp-block-heading\">1. Kdy bych m\u011bla za\u010d\u00edt s krmen\u00edm sv\u00e9ho d\u00edt\u011bte?<\/h4>\n\n\n\n<p>Zav\u00e1d\u011bn\u00ed p\u0159\u00edkrm\u016f obvykle za\u010d\u00edn\u00e1 kolem 6 m\u011bs\u00edc\u016f v\u011bku d\u00edt\u011bte, kdy je p\u0159ipraven\u00e9 prozkoum\u00e1vat nov\u00e1 j\u00eddla.<\/p>\n\n\n\n<h4 class=\"wp-block-heading\">2. Kolik p\u0159\u00edbor\u016f bych si m\u011bl\/a koupit p\u0159ed zah\u00e1jen\u00edm zav\u00e1d\u011bn\u00ed p\u0159\u00edkrm\u016f?<\/h4>\n\n\n\n<p>10 kuchy\u0148sk\u00fdch pom\u016fcek zm\u00edn\u011bn\u00fdch v tomto \u010dl\u00e1nku je nezbytn\u00fdch pro zaji\u0161t\u011bn\u00ed hladk\u00e9ho \u00favodu do j\u00eddla. Ne\u017e za\u010dnete s procesem, ujist\u011bte se, \u017ee je m\u00e1te k dispozici.<\/p>\n\n\n\n<h4 class=\"wp-block-heading\">3. Jak pozn\u00e1m, zda je moje d\u00edt\u011b p\u0159ipraven\u00e9 pou\u017e\u00edvat tr\u00e9ninkov\u00e9 pom\u016fcky?<\/h4>\n\n\n\n<p>Kdy\u017e miminko za\u010dne nar\u00e1\u017eet do p\u0159edm\u011bt\u016f m\u00fdm zv\u00ed\u0159etem a projevuje z\u00e1jem o napodobov\u00e1n\u00ed krmen\u00ed dosp\u011bl\u00fdch, je to znamen\u00ed, \u017ee je p\u0159ipraveno vyzkou\u0161et si v\u00fdcvikov\u00e9 \u00fakoly.<\/p>\n\n\n\n<h4 class=\"wp-block-heading\">4. Mus\u00edm sterilizovat n\u00e1dob\u00ed po ka\u017ed\u00e9m pou\u017eit\u00ed?<\/h4>\n\n\n\n<p>Sterilizov\u00e1n\u00ed n\u00e1dob\u00ed po ka\u017ed\u00e9m pou\u017eit\u00ed je doporu\u010den\u00fdm postupem, zejm\u00e9na v prvn\u00edch m\u011bs\u00edc\u00edch. S r\u016fstem d\u00edt\u011bte lze tuto frekvenci sni\u017eovat.<\/p>\n\n\n\n<h4 class=\"wp-block-heading\">5. Co m\u00e1m d\u011blat, kdy\u017e moje d\u00edt\u011b dr\u017e\u00ed nebo pou\u017e\u00edv\u00e1 talheres?<\/h4>\n\n\n\n<p>Je b\u011b\u017en\u00e9, \u017ee si miminka na v\u011bci zvykaj\u00ed. Neust\u00e1le jim nab\u00edzejte a modelujte nebo je pou\u017e\u00edvejte k povzbuzen\u00ed k experimentov\u00e1n\u00ed.<\/p>","protected":false},"excerpt":{"rendered":"<p>Os 10 utens\u00edlios indispens\u00e1veis para a introdu\u00e7\u00e3o alimentar de beb\u00eas. A fase de introdu\u00e7\u00e3o alimentar \u00e9 um momento emocionante e importante no desenvolvimento do beb\u00ea. \u00c0 medida que eles exploram novos sabores e texturas, \u00e9 essencial contar com os utens\u00edlios corretos para tornar essa transi\u00e7\u00e3o suave e segura. Vou te mostrar os 10 utens\u00edlios indispens\u00e1veis [&hellip;]<\/p>","protected":false},"author":139,"featured_media":3629,"comment_status":"closed","ping_status":"open","sticky":false,"template":"","format":"standard","meta":{"footnotes":""},"categories":[5],"tags":[],"yoast_head":"<!-- This site is optimized with the Yoast SEO plugin v23.3 - https:\/\/yoast.com\/wordpress\/plugins\/seo\/ -->\n<title>Os 10 Utens\u00edlios Indispens\u00e1veis para a Introdu\u00e7\u00e3o Alimentar de Beb\u00eas - Universo Fam\u00edlia<\/title>\n<meta name=\"description\" content=\"Os 10 utens\u00edlios indispens\u00e1veis para a introdu\u00e7\u00e3o alimentar de beb\u00eas. A fase de introdu\u00e7\u00e3o alimentar \u00e9 um momento emocionante\" \/>\n<meta name=\"robots\" content=\"index, follow, max-snippet:-1, max-image-preview:large, max-video-preview:-1\" \/>\n<link rel=\"canonical\" href=\"https:\/\/universofamilia.com\/cs\/os-10-utensilios-indispensaveis-para-a-introducao-alimentar-de-bebes\/\" \/>\n<meta property=\"og:locale\" content=\"cs_CZ\" \/>\n<meta property=\"og:type\" content=\"article\" \/>\n<meta property=\"og:title\" content=\"Os 10 Utens\u00edlios Indispens\u00e1veis para a Introdu\u00e7\u00e3o Alimentar de Beb\u00eas - Universo Fam\u00edlia\" \/>\n<meta property=\"og:description\" content=\"Os 10 utens\u00edlios indispens\u00e1veis para a introdu\u00e7\u00e3o alimentar de beb\u00eas. A fase de introdu\u00e7\u00e3o alimentar \u00e9 um momento emocionante\" \/>\n<meta property=\"og:url\" content=\"https:\/\/universofamilia.com\/cs\/os-10-utensilios-indispensaveis-para-a-introducao-alimentar-de-bebes\/\" \/>\n<meta property=\"og:site_name\" content=\"Universo Fam\u00edlia\" \/>\n<meta property=\"article:published_time\" content=\"2023-08-24T11:00:00+00:00\" \/>\n<meta property=\"article:modified_time\" content=\"2025-01-22T01:27:43+00:00\" \/>\n<meta property=\"og:image\" content=\"https:\/\/universofamilia.com\/wp-content\/uploads\/sites\/148\/2023\/08\/DESTAQUE-utensilios-para-introducao-alimentar-universo-familia-.png\" \/>\n\t<meta property=\"og:image:width\" content=\"448\" \/>\n\t<meta property=\"og:image:height\" content=\"350\" \/>\n\t<meta property=\"og:image:type\" content=\"image\/png\" \/>\n<meta name=\"author\" content=\"Pedro Henrique\" \/>\n<meta name=\"twitter:card\" content=\"summary_large_image\" \/>\n<meta name=\"twitter:label1\" content=\"Written by\" \/>\n\t<meta name=\"twitter:data1\" content=\"Pedro Henrique\" \/>\n\t<meta name=\"twitter:label2\" content=\"Est. reading time\" \/>\n\t<meta name=\"twitter:data2\" content=\"5 minut\" \/>\n<script type=\"application\/ld+json\" class=\"yoast-schema-graph\">{\"@context\":\"https:\/\/schema.org\",\"@graph\":[{\"@type\":\"WebPage\",\"@id\":\"https:\/\/universofamilia.com\/da\/os-10-utensilios-indispensaveis-para-a-introducao-alimentar-de-bebes\/\",\"url\":\"https:\/\/universofamilia.com\/da\/os-10-utensilios-indispensaveis-para-a-introducao-alimentar-de-bebes\/\",\"name\":\"Os 10 Utens\u00edlios Indispens\u00e1veis para a Introdu\u00e7\u00e3o Alimentar de Beb\u00eas - Universo Fam\u00edlia\",\"isPartOf\":{\"@id\":\"https:\/\/universofamilia.com\/el\/#website\"},\"primaryImageOfPage\":{\"@id\":\"https:\/\/universofamilia.com\/da\/os-10-utensilios-indispensaveis-para-a-introducao-alimentar-de-bebes\/#primaryimage\"},\"image\":{\"@id\":\"https:\/\/universofamilia.com\/da\/os-10-utensilios-indispensaveis-para-a-introducao-alimentar-de-bebes\/#primaryimage\"},\"thumbnailUrl\":\"https:\/\/universofamilia.com\/wp-content\/uploads\/sites\/148\/2023\/08\/DESTAQUE-utensilios-para-introducao-alimentar-universo-familia-.png\",\"datePublished\":\"2023-08-24T11:00:00+00:00\",\"dateModified\":\"2025-01-22T01:27:43+00:00\",\"author\":{\"@id\":\"https:\/\/universofamilia.com\/el\/#\/schema\/person\/f07ce98187dd84d31154262e79b3b7ca\"},\"description\":\"Os 10 utens\u00edlios indispens\u00e1veis para a introdu\u00e7\u00e3o alimentar de beb\u00eas. A fase de introdu\u00e7\u00e3o alimentar \u00e9 um momento emocionante\",\"breadcrumb\":{\"@id\":\"https:\/\/universofamilia.com\/da\/os-10-utensilios-indispensaveis-para-a-introducao-alimentar-de-bebes\/#breadcrumb\"},\"inLanguage\":\"cs\",\"potentialAction\":[{\"@type\":\"ReadAction\",\"target\":[\"https:\/\/universofamilia.com\/da\/os-10-utensilios-indispensaveis-para-a-introducao-alimentar-de-bebes\/\"]}]},{\"@type\":\"ImageObject\",\"inLanguage\":\"cs\",\"@id\":\"https:\/\/universofamilia.com\/da\/os-10-utensilios-indispensaveis-para-a-introducao-alimentar-de-bebes\/#primaryimage\",\"url\":\"https:\/\/universofamilia.com\/wp-content\/uploads\/sites\/148\/2023\/08\/DESTAQUE-utensilios-para-introducao-alimentar-universo-familia-.png\",\"contentUrl\":\"https:\/\/universofamilia.com\/wp-content\/uploads\/sites\/148\/2023\/08\/DESTAQUE-utensilios-para-introducao-alimentar-universo-familia-.png\",\"width\":448,\"height\":350},{\"@type\":\"BreadcrumbList\",\"@id\":\"https:\/\/universofamilia.com\/da\/os-10-utensilios-indispensaveis-para-a-introducao-alimentar-de-bebes\/#breadcrumb\",\"itemListElement\":[{\"@type\":\"ListItem\",\"position\":1,\"name\":\"Home\",\"item\":\"https:\/\/universofamilia.com\/el\/\"},{\"@type\":\"ListItem\",\"position\":2,\"name\":\"Os 10 Utens\u00edlios Indispens\u00e1veis para a Introdu\u00e7\u00e3o Alimentar de Beb\u00eas\"}]},{\"@type\":\"WebSite\",\"@id\":\"https:\/\/universofamilia.com\/el\/#website\",\"url\":\"https:\/\/universofamilia.com\/el\/\",\"name\":\"Universo Fam\u00edlia\",\"description\":\"\",\"potentialAction\":[{\"@type\":\"SearchAction\",\"target\":{\"@type\":\"EntryPoint\",\"urlTemplate\":\"https:\/\/universofamilia.com\/el\/?s={search_term_string}\"},\"query-input\":\"required name=search_term_string\"}],\"inLanguage\":\"cs\"},{\"@type\":\"Person\",\"@id\":\"https:\/\/universofamilia.com\/el\/#\/schema\/person\/f07ce98187dd84d31154262e79b3b7ca\",\"name\":\"Pedro Henrique\",\"image\":{\"@type\":\"ImageObject\",\"inLanguage\":\"cs\",\"@id\":\"https:\/\/universofamilia.com\/el\/#\/schema\/person\/image\/\",\"url\":\"https:\/\/secure.gravatar.com\/avatar\/9edfeb808cb4e1599f64d6e45b130154?s=96&d=mm&r=g\",\"contentUrl\":\"https:\/\/secure.gravatar.com\/avatar\/9edfeb808cb4e1599f64d6e45b130154?s=96&d=mm&r=g\",\"caption\":\"Pedro Henrique\"},\"url\":\"https:\/\/universofamilia.com\/cs\/author\/editor01\/\"}]}<\/script>\n<!-- \/ Yoast SEO plugin. -->","yoast_head_json":{"title":"Os 10 Utens\u00edlios Indispens\u00e1veis para a Introdu\u00e7\u00e3o Alimentar de Beb\u00eas - Universo Fam\u00edlia","description":"Os 10 utens\u00edlios indispens\u00e1veis para a introdu\u00e7\u00e3o alimentar de beb\u00eas. A fase de introdu\u00e7\u00e3o alimentar \u00e9 um momento emocionante","robots":{"index":"index","follow":"follow","max-snippet":"max-snippet:-1","max-image-preview":"max-image-preview:large","max-video-preview":"max-video-preview:-1"},"canonical":"https:\/\/universofamilia.com\/cs\/os-10-utensilios-indispensaveis-para-a-introducao-alimentar-de-bebes\/","og_locale":"cs_CZ","og_type":"article","og_title":"Os 10 Utens\u00edlios Indispens\u00e1veis para a Introdu\u00e7\u00e3o Alimentar de Beb\u00eas - Universo Fam\u00edlia","og_description":"Os 10 utens\u00edlios indispens\u00e1veis para a introdu\u00e7\u00e3o alimentar de beb\u00eas. A fase de introdu\u00e7\u00e3o alimentar \u00e9 um momento emocionante","og_url":"https:\/\/universofamilia.com\/cs\/os-10-utensilios-indispensaveis-para-a-introducao-alimentar-de-bebes\/","og_site_name":"Universo Fam\u00edlia","article_published_time":"2023-08-24T11:00:00+00:00","article_modified_time":"2025-01-22T01:27:43+00:00","og_image":[{"width":448,"height":350,"url":"https:\/\/universofamilia.com\/wp-content\/uploads\/sites\/148\/2023\/08\/DESTAQUE-utensilios-para-introducao-alimentar-universo-familia-.png","type":"image\/png"}],"author":"Pedro Henrique","twitter_card":"summary_large_image","twitter_misc":{"Written by":"Pedro Henrique","Est. reading time":"5 minut"},"schema":{"@context":"https:\/\/schema.org","@graph":[{"@type":"WebPage","@id":"https:\/\/universofamilia.com\/da\/os-10-utensilios-indispensaveis-para-a-introducao-alimentar-de-bebes\/","url":"https:\/\/universofamilia.com\/da\/os-10-utensilios-indispensaveis-para-a-introducao-alimentar-de-bebes\/","name":"Os 10 Utens\u00edlios Indispens\u00e1veis para a Introdu\u00e7\u00e3o Alimentar de Beb\u00eas - Universo Fam\u00edlia","isPartOf":{"@id":"https:\/\/universofamilia.com\/el\/#website"},"primaryImageOfPage":{"@id":"https:\/\/universofamilia.com\/da\/os-10-utensilios-indispensaveis-para-a-introducao-alimentar-de-bebes\/#primaryimage"},"image":{"@id":"https:\/\/universofamilia.com\/da\/os-10-utensilios-indispensaveis-para-a-introducao-alimentar-de-bebes\/#primaryimage"},"thumbnailUrl":"https:\/\/universofamilia.com\/wp-content\/uploads\/sites\/148\/2023\/08\/DESTAQUE-utensilios-para-introducao-alimentar-universo-familia-.png","datePublished":"2023-08-24T11:00:00+00:00","dateModified":"2025-01-22T01:27:43+00:00","author":{"@id":"https:\/\/universofamilia.com\/el\/#\/schema\/person\/f07ce98187dd84d31154262e79b3b7ca"},"description":"Os 10 utens\u00edlios indispens\u00e1veis para a introdu\u00e7\u00e3o alimentar de beb\u00eas. A fase de introdu\u00e7\u00e3o alimentar \u00e9 um momento emocionante","breadcrumb":{"@id":"https:\/\/universofamilia.com\/da\/os-10-utensilios-indispensaveis-para-a-introducao-alimentar-de-bebes\/#breadcrumb"},"inLanguage":"cs","potentialAction":[{"@type":"ReadAction","target":["https:\/\/universofamilia.com\/da\/os-10-utensilios-indispensaveis-para-a-introducao-alimentar-de-bebes\/"]}]},{"@type":"ImageObject","inLanguage":"cs","@id":"https:\/\/universofamilia.com\/da\/os-10-utensilios-indispensaveis-para-a-introducao-alimentar-de-bebes\/#primaryimage","url":"https:\/\/universofamilia.com\/wp-content\/uploads\/sites\/148\/2023\/08\/DESTAQUE-utensilios-para-introducao-alimentar-universo-familia-.png","contentUrl":"https:\/\/universofamilia.com\/wp-content\/uploads\/sites\/148\/2023\/08\/DESTAQUE-utensilios-para-introducao-alimentar-universo-familia-.png","width":448,"height":350},{"@type":"BreadcrumbList","@id":"https:\/\/universofamilia.com\/da\/os-10-utensilios-indispensaveis-para-a-introducao-alimentar-de-bebes\/#breadcrumb","itemListElement":[{"@type":"ListItem","position":1,"name":"Home","item":"https:\/\/universofamilia.com\/el\/"},{"@type":"ListItem","position":2,"name":"Os 10 Utens\u00edlios Indispens\u00e1veis para a Introdu\u00e7\u00e3o Alimentar de Beb\u00eas"}]},{"@type":"WebSite","@id":"https:\/\/universofamilia.com\/el\/#website","url":"https:\/\/universofamilia.com\/el\/","name":"Universo Fam\u00edlia","description":"","potentialAction":[{"@type":"SearchAction","target":{"@type":"EntryPoint","urlTemplate":"https:\/\/universofamilia.com\/el\/?s={search_term_string}"},"query-input":"required name=search_term_string"}],"inLanguage":"cs"},{"@type":"Person","@id":"https:\/\/universofamilia.com\/el\/#\/schema\/person\/f07ce98187dd84d31154262e79b3b7ca","name":"Pedro Henrique","image":{"@type":"ImageObject","inLanguage":"cs","@id":"https:\/\/universofamilia.com\/el\/#\/schema\/person\/image\/","url":"https:\/\/secure.gravatar.com\/avatar\/9edfeb808cb4e1599f64d6e45b130154?s=96&d=mm&r=g","contentUrl":"https:\/\/secure.gravatar.com\/avatar\/9edfeb808cb4e1599f64d6e45b130154?s=96&d=mm&r=g","caption":"Pedro Henrique"},"url":"https:\/\/universofamilia.com\/cs\/author\/editor01\/"}]}},"_links":{"self":[{"href":"https:\/\/universofamilia.com\/cs\/wp-json\/wp\/v2\/posts\/3627"}],"collection":[{"href":"https:\/\/universofamilia.com\/cs\/wp-json\/wp\/v2\/posts"}],"about":[{"href":"https:\/\/universofamilia.com\/cs\/wp-json\/wp\/v2\/types\/post"}],"author":[{"embeddable":true,"href":"https:\/\/universofamilia.com\/cs\/wp-json\/wp\/v2\/users\/139"}],"replies":[{"embeddable":true,"href":"https:\/\/universofamilia.com\/cs\/wp-json\/wp\/v2\/comments?post=3627"}],"version-history":[{"count":1,"href":"https:\/\/universofamilia.com\/cs\/wp-json\/wp\/v2\/posts\/3627\/revisions"}],"predecessor-version":[{"id":8284,"href":"https:\/\/universofamilia.com\/cs\/wp-json\/wp\/v2\/posts\/3627\/revisions\/8284"}],"wp:featuredmedia":[{"embeddable":true,"href":"https:\/\/universofamilia.com\/cs\/wp-json\/wp\/v2\/media\/3629"}],"wp:attachment":[{"href":"https:\/\/universofamilia.com\/cs\/wp-json\/wp\/v2\/media?parent=3627"}],"wp:term":[{"taxonomy":"category","embeddable":true,"href":"https:\/\/universofamilia.com\/cs\/wp-json\/wp\/v2\/categories?post=3627"},{"taxonomy":"post_tag","embeddable":true,"href":"https:\/\/universofamilia.com\/cs\/wp-json\/wp\/v2\/tags?post=3627"}],"curies":[{"name":"wp","href":"https:\/\/api.w.org\/{rel}","templated":true}]}}