{"id":3683,"date":"2023-08-30T08:04:00","date_gmt":"2023-08-30T11:04:00","guid":{"rendered":"https:\/\/universofamilia.com\/?p=3683"},"modified":"2025-01-28T14:33:24","modified_gmt":"2025-01-28T14:33:24","slug":"emprestimo-bolsa-familia-como-a-solicitar-e-aproveitar-essa-oportunidade","status":"publish","type":"post","link":"https:\/\/universofamilia.com\/cs\/emprestimo-bolsa-familia-como-a-solicitar-e-aproveitar-essa-oportunidade\/","title":{"rendered":"P\u016fj\u010dka Bolsa Fam\u00edlia: Jak po\u017e\u00e1dat o p\u016fj\u010dku a jak ji vyu\u017e\u00edt"},"content":{"rendered":"<p>Rodinn\u00e1 p\u016fj\u010dka, zde je n\u00e1vod, jak o ni po\u017e\u00e1dat a jak ji vyu\u017e\u00edt. P\u016fj\u010dka Bolsa Fam\u00edlia je \u00fav\u011brov\u00e1 mo\u017enost dostupn\u00e1 pro rodiny s n\u00edzk\u00fdmi p\u0159\u00edjmy a mikropodnikatele, kte\u0159\u00ed cht\u011bj\u00ed z\u00edskat p\u0159\u00edstup k finan\u010dn\u00edm zdroj\u016fm pro zlep\u0161en\u00ed kvality sv\u00e9ho \u017eivota.<\/p>\n\n\n\n<p>I po nahrazen\u00ed programu Bolsa Fam\u00edlia programem Aux\u00edlio Brasil je tato \u00fav\u011brov\u00e1 linka st\u00e1le k dispozici. V tomto \u010dl\u00e1nku se budeme zab\u00fdvat podm\u00ednkami t\u00e9to p\u016fj\u010dky a zp\u016fsobem, jak o ni v sou\u010dasn\u00e9 dob\u011b \u017e\u00e1dat.<\/p>\n\n\n\n<h3 class=\"wp-block-heading\">Bolsa Fam\u00edlia a jej\u00ed evolu\u010dn\u00ed program<\/h3>\n\n\n\n<p>Hlavn\u00edm c\u00edlem programu Bolsa Fam\u00edlia, kter\u00fd vytvo\u0159ila feder\u00e1ln\u00ed vl\u00e1da, je rozd\u011blovat p\u0159\u00edjmy rodin\u00e1m ve zraniteln\u00fdch situac\u00edch.<\/p>\n\n\n\n<p>Zah\u00e1jeno v roce 2003 prost\u0159ednictv\u00edm prozat\u00edmn\u00edho opat\u0159en\u00ed p\u0159em\u011bn\u011bn\u00e9ho na z\u00e1kon 10 836 sjednotilo r\u016fzn\u00e9 ji\u017e existuj\u00edc\u00ed programy soci\u00e1ln\u00edch p\u0159\u00edjm\u016f.<\/p>\n\n\n\n<p>Asim, b\u011bhem dvou let bude R$ p\u0159id\u011blen 2 miliardy zpr\u00e1v rodin\u00e1m p\u0159\u00edjemc\u016f s hodnotami, kter\u00e9 se li\u0161\u00ed mezi <strong>R$ 89,07 a R$ 178,00 na rodinu.<\/strong><\/p>\n\n\n\n<p>Zat\u00edm ne, vyvinut\u00fd program pro Aux\u00edlio Brasil v roce 2021. Tak\u00e9 bylo ozn\u00e1meno, \u017ee nov\u00fd program bude zahrnovat zm\u011bny pravidel, v\u010detn\u011b hodnot a zp\u016fsob\u016f platby.<\/p>\n\n\n\n<p>V prvn\u00ed \u0159ad\u011b t\u011b\u017ete v\u00edce ne\u017e <strong>14,5 milionu rodin<\/strong>, s pr\u016fm\u011brnou hodnotou na rodinu R$ 224,41.<\/p>\n\n\n<div class=\"wp-block-image\">\n<figure class=\"aligncenter size-full\"><img loading=\"lazy\" decoding=\"async\" width=\"960\" height=\"540\" src=\"http:\/\/universofamilia.com\/wp-content\/uploads\/sites\/148\/2023\/08\/P-UNIV-FAMILIA-Emprestimo-Bolsa-Familia-Como-Solicitar-e-Aproveitar-Essa-Oportunidade.png\" alt=\"\" class=\"wp-image-3715\" srcset=\"https:\/\/universofamilia.com\/wp-content\/uploads\/sites\/148\/2023\/08\/P-UNIV-FAMILIA-Emprestimo-Bolsa-Familia-Como-Solicitar-e-Aproveitar-Essa-Oportunidade.png 960w, https:\/\/universofamilia.com\/wp-content\/uploads\/sites\/148\/2023\/08\/P-UNIV-FAMILIA-Emprestimo-Bolsa-Familia-Como-Solicitar-e-Aproveitar-Essa-Oportunidade-300x169.png 300w, https:\/\/universofamilia.com\/wp-content\/uploads\/sites\/148\/2023\/08\/P-UNIV-FAMILIA-Emprestimo-Bolsa-Familia-Como-Solicitar-e-Aproveitar-Essa-Oportunidade-768x432.png 768w\" sizes=\"(max-width: 960px) 100vw, 960px\" \/><figcaption class=\"wp-element-caption\"><em>Foto: (reprodukce\/internet)<\/em><\/figcaption><\/figure><\/div>\n\n\n<p>V\u00fdb\u011bry nad\u00e1le prov\u00e1d\u00ed Bolsa Fam\u00edlia Cart\u00e3o, ale nyn\u00ed existuje tak\u00e9 mo\u017enost z\u00edskat d\u00e1vku v soci\u00e1ln\u00edch fondech, z \u00fa\u010dtu Caixa nebo Cont\u00e1bil.<\/p>\n\n\n\n<h3 class=\"wp-block-heading\">P\u016fj\u010dka Bolsa Fam\u00edlia a jej\u00ed fungov\u00e1n\u00ed<\/h3>\n\n\n\n<p>Tento typ \u00fav\u011bru, p\u0159esto\u017ee je zn\u00e1m\u00fd jako p\u016fj\u010dka Bolsa Fam\u00edlia, se v sou\u010dasnosti naz\u00fdv\u00e1 produktivn\u011b orientovan\u00fd mikro\u00fav\u011br.<\/p>\n\n\n\n<p>Al\u00e9m disso, neboli N\u00e1rodn\u00ed program pro orientovan\u00e9 produktivn\u00ed mikro\u00fav\u011bry (PNMPO), koordinovan\u00fd Ministerstvem pr\u00e1ce a zam\u011bstnanosti (TEM), nab\u00edz\u00ed p\u0159\u00edstup k \u00fav\u011br\u016fm jako <strong>ni\u017e\u0161\u00ed \u00farokov\u00e9 sazby<\/strong>, zejm\u00e9na pro rodiny s n\u00edzk\u00fdmi p\u0159\u00edjmy registrovan\u00e9 v Bolsa Fam\u00edlia nebo Aux\u00edlio Brasil.<\/p>\n\n\n\n<h4 class=\"wp-block-heading\"><strong><mark class=\"has-inline-color has-ast-global-color-8-color\">\u010ctu n\u00ed\u017ee:<\/mark><\/strong><\/h4>\n\n\n<table style=\"border-collapse: collapse;width: 100%;height: 63px\">\n<tbody>\n<tr style=\"height: 21px\">\n<td style=\"width: 18.5759%;height: 21px\"><a href=\"https:\/\/universofamilia.com\/cs\/caixa-libera-consulta-do-pis-pasep\/\" target=\"_blank\" rel=\"noopener\"><img loading=\"lazy\" decoding=\"async\" class=\"alignnone wp-image-3875 size-medium\" src=\"http:\/\/universofamilia.com\/wp-content\/uploads\/sites\/148\/2023\/08\/CALENDARIO-DO-PIS-300x300.png\" alt=\"\" width=\"300\" height=\"300\" srcset=\"https:\/\/universofamilia.com\/wp-content\/uploads\/sites\/148\/2023\/08\/CALENDARIO-DO-PIS-300x300.png 300w, https:\/\/universofamilia.com\/wp-content\/uploads\/sites\/148\/2023\/08\/CALENDARIO-DO-PIS-150x150.png 150w, https:\/\/universofamilia.com\/wp-content\/uploads\/sites\/148\/2023\/08\/CALENDARIO-DO-PIS.png 315w\" sizes=\"(max-width: 300px) 100vw, 300px\" \/><\/a><\/td>\n<td style=\"width: 81.4241%;height: 21px\">\n<h4><span style=\"color: #333333\"><a style=\"color: #333333\" href=\"https:\/\/universofamilia.com\/cs\/caixa-libera-consulta-do-pis-pasep\/\"><strong>Kalend\u00e1\u0159 PIS\/PASEP 2023<\/strong><\/a><\/span><\/h4>\n<\/td>\n<\/tr>\n<tr style=\"height: 21px\">\n<td style=\"width: 18.5759%;height: 21px\"><img loading=\"lazy\" decoding=\"async\" class=\"alignnone wp-image-3876 size-medium\" src=\"http:\/\/universofamilia.com\/wp-content\/uploads\/sites\/148\/2023\/08\/AMOSTRA-DO-BOTICARIO-300x300.png\" alt=\"\" width=\"300\" height=\"300\" srcset=\"https:\/\/universofamilia.com\/wp-content\/uploads\/sites\/148\/2023\/08\/AMOSTRA-DO-BOTICARIO-300x300.png 300w, https:\/\/universofamilia.com\/wp-content\/uploads\/sites\/148\/2023\/08\/AMOSTRA-DO-BOTICARIO-150x150.png 150w, https:\/\/universofamilia.com\/wp-content\/uploads\/sites\/148\/2023\/08\/AMOSTRA-DO-BOTICARIO.png 315w\" sizes=\"(max-width: 300px) 100vw, 300px\" \/><\/td>\n<td style=\"width: 81.4241%;height: 21px\">\n<h4><span style=\"color: #333333\"><strong><a style=\"color: #333333\" href=\"https:\/\/universofamilia.com\/cs\/amostras-gratis-boticario-como-solicitar-pelo-celular\/\" target=\"_blank\" rel=\"noreferrer noopener\">Jak si vy\u017e\u00e1dat vzorky zdarma od Botic\u00e1rio<\/a><\/strong><\/span><\/h4>\n<\/td>\n<\/tr>\n<tr style=\"height: 21px\">\n<td style=\"width: 18.5759%;height: 21px\"><a href=\"https:\/\/universofamilia.com\/cs\/cursos-online-gratis-para-se-tornar-um-marceneiro\/\" target=\"_blank\" rel=\"noopener\"><img loading=\"lazy\" decoding=\"async\" class=\"alignnone wp-image-3934 size-medium\" src=\"http:\/\/universofamilia.com\/wp-content\/uploads\/sites\/148\/2023\/08\/cursos-online-gratis-para-se-tornar-um-marceneiro-300x300.png\" alt=\"\" width=\"300\" height=\"300\" srcset=\"https:\/\/universofamilia.com\/wp-content\/uploads\/sites\/148\/2023\/08\/cursos-online-gratis-para-se-tornar-um-marceneiro-300x300.png 300w, https:\/\/universofamilia.com\/wp-content\/uploads\/sites\/148\/2023\/08\/cursos-online-gratis-para-se-tornar-um-marceneiro-150x150.png 150w, https:\/\/universofamilia.com\/wp-content\/uploads\/sites\/148\/2023\/08\/cursos-online-gratis-para-se-tornar-um-marceneiro.png 315w\" sizes=\"(max-width: 300px) 100vw, 300px\" \/><\/a><\/td>\n<td style=\"width: 81.4241%;height: 21px\">\n<h4><span style=\"color: #000000\"><a style=\"color: #000000\" href=\"https:\/\/universofamilia.com\/cs\/cursos-online-gratis-para-se-tornar-um-marceneiro\/\" target=\"_blank\" rel=\"noopener\">Bezplatn\u00e9 online kurzy, jak se st\u00e1t Marceneirem<\/a><\/span><\/h4>\n<\/td>\n<\/tr>\n<\/tbody>\n<\/table>\n\n\n<p>Program, vytvo\u0159en\u00fd v roce 2005, m\u011bl b\u00fdt v roce 2011 roz\u0161\u00ed\u0159en jako program Crescer, kter\u00fd by podnikatel\u016fm umo\u017enil p\u0159\u00edstup k mikro\u00fav\u011br\u016fm prost\u0159ednictv\u00edm feder\u00e1ln\u00edch ve\u0159ejn\u00fdch bank.<\/p>\n\n\n\n<p>Takto se po cel\u00e9 zemi prov\u00e1d\u011bj\u00ed tis\u00edce \u00fav\u011brov\u00fdch operac\u00ed.<\/p>\n\n\n\n<h3 class=\"wp-block-heading\">Jak po\u017e\u00e1dat o p\u016fj\u010dku Bolsa Fam\u00edlia<\/h3>\n\n\n\n<p>Pro \u017e\u00e1dost o p\u016fj\u010dku Bolsa Fam\u00edlia je nutn\u00e9 kontaktovat instituce pov\u011b\u0159en\u00e9 v obci.<\/p>\n\n\n\n<p>Pokud m\u00e1te pochybnosti nebo pot\u0159ebujete poradit, doporu\u010duje se vyhledat pomoc v m\u00edstn\u00ed pobo\u010dce Sebrae nebo v centru soci\u00e1ln\u00ed pomoci (CRAS).<\/p>\n\n\n\n<p>Pro poskytnut\u00ed osobn\u00edch a rodinn\u00fdch \u00fadaj\u016f provede instituce anal\u00fdzu, aby ur\u010dila zp\u016fsobilost.<\/p>\n\n\n<div class=\"wp-block-image\">\n<figure class=\"aligncenter size-full\"><img loading=\"lazy\" decoding=\"async\" width=\"960\" height=\"540\" src=\"http:\/\/universofamilia.com\/wp-content\/uploads\/sites\/148\/2023\/08\/P-UNIV-FAMILIA-Emprestimo-Bolsa-Familia-Como-Solicitar-e-Aproveitar-Essa-Oportunidade-1.png\" alt=\"\" class=\"wp-image-3717\" srcset=\"https:\/\/universofamilia.com\/wp-content\/uploads\/sites\/148\/2023\/08\/P-UNIV-FAMILIA-Emprestimo-Bolsa-Familia-Como-Solicitar-e-Aproveitar-Essa-Oportunidade-1.png 960w, https:\/\/universofamilia.com\/wp-content\/uploads\/sites\/148\/2023\/08\/P-UNIV-FAMILIA-Emprestimo-Bolsa-Familia-Como-Solicitar-e-Aproveitar-Essa-Oportunidade-1-300x169.png 300w, https:\/\/universofamilia.com\/wp-content\/uploads\/sites\/148\/2023\/08\/P-UNIV-FAMILIA-Emprestimo-Bolsa-Familia-Como-Solicitar-e-Aproveitar-Essa-Oportunidade-1-768x432.png 768w\" sizes=\"(max-width: 960px) 100vw, 960px\" \/><figcaption class=\"wp-element-caption\"><em>Foto: (reprodukce\/internet)<\/em><\/figcaption><\/figure><\/div>\n\n\n<h3 class=\"wp-block-heading\">Finan\u010dn\u00ed instituce a podm\u00ednky Empr\u00e9stimo<\/h3>\n\n\n\n<p>R\u016fzn\u00e9 banky, v\u010detn\u011b t\u011bch hlavn\u00edch v zemi <strong>jako Ita\u00fa, Bradesco, Banco do Brasil a Caixa Economica Federal,<\/strong> Nab\u00edz\u00edme orientovan\u00e9 produktivn\u00ed mikro\u00fav\u011bry.<\/p>\n\n\n\n<p>Ka\u017ed\u00e1 instituce m\u00e1 sv\u00e1 vlastn\u00ed pravidla a podm\u00ednky, proto je d\u016fle\u017eit\u00e9 ov\u011b\u0159it si specifick\u00e9 po\u017eadavky ka\u017ed\u00e9 banky.<\/p>\n\n\n\n<p>Nap\u0159\u00edklad, nebo <strong>Bank of Brasilia<\/strong> Nab\u00edz\u00ed p\u016fj\u010dky pro pr\u00e1vnick\u00e9 i fyzick\u00e9 osoby se z\u00e1konn\u00fdmi da\u0148ov\u00fdmi sazbami od 1 851 TP3T a v\u00edce a \u00fav\u011brov\u00fdmi limity 15 tis\u00edc R$ pro firmy a 2 tis\u00edce R$ pro fyzick\u00e9 osoby.<\/p>\n\n\n\n<p>Feder\u00e1ln\u00ed finan\u010dn\u00ed \u00fa\u0159ad Asim nab\u00edz\u00ed mikro\u00fav\u011bry pro drobn\u00e9 podnikatele s dan\u011bmi od 3 491 TP3T do nebo v\u00edce a hodnotou 21 tis\u00edc R$.<\/p>\n\n\n\n<p>Ano nebo <strong>Brazilsk\u00e1 banka<\/strong> Nab\u00edz\u00ed mo\u017enost pro st\u00e1vaj\u00edc\u00ed makl\u00e9\u0159e a majitele firem s pron\u00e1jmem pozemku R$ 30 tis\u00edc.<\/p>\n\n\n\n<p>Tak\u00e9 vzhledem k tomu, \u017ee se dan\u011b a ceny li\u0161\u00ed, ka\u017ed\u00e1 nov\u00e1 objedn\u00e1vka proch\u00e1z\u00ed podrobn\u00fdm vyhodnocen\u00edm. Jin\u00e9 banky, jako nap\u0159\u00edklad B<strong>Radesco a Ita\u00fa<\/strong>, nab\u00edz\u00edme tak\u00e9 mikro\u00fav\u011bry v hodnot\u011b 21 tis\u00edc R$ a bal\u00edk\u016f <strong>remizoval 15kr\u00e1t<\/strong>.<\/p>\n\n\n\n<h3 class=\"wp-block-heading\">Dan\u011b Juros a Poss\u00edvel Nov\u00fd form\u00e1t s Aux\u00edlio Brasil<\/h3>\n\n\n<div class=\"wp-block-image\">\n<figure class=\"aligncenter size-full\"><img loading=\"lazy\" decoding=\"async\" width=\"960\" height=\"540\" src=\"http:\/\/universofamilia.com\/wp-content\/uploads\/sites\/148\/2023\/08\/P-UNIV-FAMILIA-Emprestimo-Bolsa-Familia-Como-Solicitar-e-Aproveitar-Essa-Oportunidade-2.png\" alt=\"\" class=\"wp-image-3718\" srcset=\"https:\/\/universofamilia.com\/wp-content\/uploads\/sites\/148\/2023\/08\/P-UNIV-FAMILIA-Emprestimo-Bolsa-Familia-Como-Solicitar-e-Aproveitar-Essa-Oportunidade-2.png 960w, https:\/\/universofamilia.com\/wp-content\/uploads\/sites\/148\/2023\/08\/P-UNIV-FAMILIA-Emprestimo-Bolsa-Familia-Como-Solicitar-e-Aproveitar-Essa-Oportunidade-2-300x169.png 300w, https:\/\/universofamilia.com\/wp-content\/uploads\/sites\/148\/2023\/08\/P-UNIV-FAMILIA-Emprestimo-Bolsa-Familia-Como-Solicitar-e-Aproveitar-Essa-Oportunidade-2-768x432.png 768w\" sizes=\"(max-width: 960px) 100vw, 960px\" \/><figcaption class=\"wp-element-caption\"><em>Foto: (reprodukce\/internet)<\/em><\/figcaption><\/figure><\/div>\n\n\n<p>Da\u0148ov\u00e9 sazby se mohou li\u0161it v z\u00e1vislosti na profilu \u017eadatele a vybran\u00e9 finan\u010dn\u00ed instituci. Je v\u0161ak mo\u017en\u00e9 zv\u00e1\u017eit v\u00fd\u0161e uveden\u00e1 opat\u0159en\u00ed.<\/p>\n\n\n\n<p>Existuje tak\u00e9 mo\u017enost vzniku Aux\u00edlio Brasil Consignado, co\u017e je forma \u00fav\u011bru, u kter\u00e9ho je hodnota p\u0159\u00edmo ode\u010dtena od zisku. Embora ji\u017e byla schv\u00e1lena a \u010dek\u00e1 na regulaci feder\u00e1ln\u00edm sen\u00e1tem.<\/p>\n\n\n\n<h3 class=\"wp-block-heading\">Z\u00e1v\u011br<\/h3>\n\n\n\n<p>P\u016fj\u010dka Bolsa Fam\u00edlia neboli orientovan\u00fd produktivn\u00ed mikro\u00fav\u011br je i nad\u00e1le d\u016fle\u017eitou mo\u017enost\u00ed pro rodiny s n\u00edzk\u00fdmi p\u0159\u00edjmy a mikropodnikatele, kte\u0159\u00ed se sna\u017e\u00ed zlep\u0161it svou finan\u010dn\u00ed situaci.<\/p>\n\n\n\n<p>Vzhledem k mo\u017enosti p\u0159\u00edstupu ke zdroj\u016fm s ni\u017e\u0161\u00edmi da\u0148ov\u00fdmi sazbami je proto nezbytn\u00e9 vyhledat radu od autorizovan\u00fdch instituc\u00ed a vyhodnotit podm\u00ednky nab\u00edzen\u00e9 r\u016fzn\u00fdmi bankami.<\/p>\n\n\n\n<p>Tak\u00e9 s v\u00fdvojem soci\u00e1ln\u00edho programu a zm\u011bnami ro\u010dn\u00edch obdob\u00ed m\u016f\u017ee tento typ \u00fav\u011bru poskytnout cenn\u00e9 p\u0159\u00edle\u017eitosti pro hospod\u00e1\u0159sk\u00fd r\u016fst a kvalitu \u017eivota.<\/p>\n\n\n\n<h3 class=\"wp-block-heading\">Zdroje pro v\u00edce informac\u00ed<\/h3>\n\n\n\n<p>Pokud si p\u0159ejete prov\u00e9st hlub\u0161\u00ed pro\u0161et\u0159en\u00ed t\u00e9to z\u00e1le\u017eitosti, doporu\u010duji konzultovat spolehliv\u00e9 a aktu\u00e1ln\u00ed zdroje, jako nap\u0159\u00edklad:<\/p>\n\n\n\n<p><strong>Ofici\u00e1ln\u00ed str\u00e1nky feder\u00e1ln\u00ed vl\u00e1dy<\/strong>Aktu\u00e1ln\u00ed informace o soci\u00e1ln\u00edch programech, v\u010detn\u011b program\u016f Aux\u00edlio Brasil a Oriented Productive Microcredit, naleznete na ofici\u00e1ln\u00edch str\u00e1nk\u00e1ch brazilsk\u00e9 vl\u00e1dy. Webov\u00e9 str\u00e1nky: https:\/\/www.gov.br\/pt-br<\/p>\n\n\n\n<p><strong>Feder\u00e1ln\u00ed ekonomick\u00e1 banka<\/strong>Caixa, jako\u017eto finan\u010dn\u00ed instituce zab\u00fdvaj\u00edc\u00ed se v\u00fdplatou soci\u00e1ln\u00edch d\u00e1vek, je spolehliv\u00fdm zdrojem informac\u00ed o platb\u00e1ch, v\u00fdb\u011brech a bankovn\u00edch slu\u017eb\u00e1ch. Webov\u00e9 str\u00e1nky: https:\/\/www.caixa.gov.br<\/p>\n\n\n\n<p><strong>Brazilsk\u00e1 banka<\/strong>Banco do Brasil nab\u00edz\u00ed tak\u00e9 informace o finan\u010dn\u00edch slu\u017eb\u00e1ch, v\u010detn\u011b produktivn\u00edch mikro\u00fav\u011br\u016f. Webov\u00e9 str\u00e1nky: https:\/\/www.bb.com.br<\/p>\n\n\n\n<p><strong>Sebrae<\/strong>Brazilsk\u00e1 slu\u017eba podpory mikropodnik\u016f a mal\u00fdch podnik\u016f (Sebrae) je vynikaj\u00edc\u00edm zdrojem informac\u00ed pro podnikatele, v\u010detn\u011b pokyn\u016f k mikro\u00fav\u011br\u016fm a podpo\u0159e podnik\u00e1n\u00ed. Webov\u00e9 str\u00e1nky: https:\/\/www.sebrae.com.br<\/p>\n\n\n\n<p><strong>Ministerstvo pro ob\u010danstv\u00ed<\/strong>Ministerstvo pro ob\u010danstv\u00ed je odpov\u011bdn\u00e9 za soci\u00e1ln\u00ed programy a m\u016f\u017ee nab\u00eddnout informace o programu Aux\u00edlio Brasil a dal\u0161\u00edch v\u00fdhod\u00e1ch. Webov\u00e9 str\u00e1nky: https:\/\/www.gov.br\/cidadania<\/p>\n\n\n\n<p>Je proto zn\u00e1mo, \u017ee finan\u010dn\u00ed a regula\u010dn\u00ed informace se mohou v pr\u016fb\u011bhu \u010dasu m\u011bnit. Proto je p\u0159i prov\u00e1d\u011bn\u00ed v\u00fdzkumu a p\u0159ij\u00edm\u00e1n\u00ed finan\u010dn\u00edch rozhodnut\u00ed nezbytn\u00e9 konzultovat aktu\u00e1ln\u00ed a d\u016fv\u011bryhodn\u00e9 zdroje.<\/p>\n\n\n\n<h3 class=\"wp-block-heading\">\u010casto kladen\u00e9 ot\u00e1zky<\/h3>\n\n\n\n<div class=\"wp-block-uagb-faq uagb-faq__outer-wrap uagb-block-2786431e uagb-faq-icon-row uagb-faq-layout-accordion uagb-faq-expand-first-true uagb-faq-inactive-other-true uagb-faq__wrap uagb-buttons-layout-wrap uagb-faq-equal-height\" data-faqtoggle=\"true\" role=\"tablist\">\n\n<div class=\"wp-block-uagb-faq-child uagb-faq-child__outer-wrap uagb-faq-item uagb-block-928f9f2a\" role=\"tab\"><div class=\"uagb-faq-questions-button uagb-faq-questions\"><span class=\"uagb-icon uagb-faq-icon-wrap\"><\/span><span class=\"uagb-icon-active uagb-faq-icon-wrap\"><\/span><span class=\"uagb-question\"><strong>1. Co je to p\u016fj\u010dka Bolsa Fam\u00edlia?<\/strong><\/span><\/div><p class=\"uagb-faq-content\">P\u016fj\u010dka Bolsa Fam\u00edlia je typ \u00fav\u011bru dostupn\u00e9ho pro rodiny s n\u00edzk\u00fdmi p\u0159\u00edjmy a mikropodnikatele, kte\u0159\u00ed cht\u011bj\u00ed z\u00edskat p\u0159\u00edstup k finan\u010dn\u00edm zdroj\u016fm pro zlep\u0161en\u00ed kvality sv\u00e9ho \u017eivota.<\/p><\/div>\n\n\n<div class=\"wp-block-uagb-faq-child uagb-faq-child__outer-wrap uagb-faq-item uagb-block-50fb32b4\" role=\"tab\"><div class=\"uagb-faq-questions-button uagb-faq-questions\"><span class=\"uagb-icon uagb-faq-icon-wrap\"><\/span><span class=\"uagb-icon-active uagb-faq-icon-wrap\"><\/span><span class=\"uagb-question\"><strong>2. Kdy byl program Bolsa Fam\u00edlia vytvo\u0159en a jak se vyv\u00edjel?<\/strong><\/span><\/div><p class=\"uagb-faq-content\">Program byl vytvo\u0159en v roce 2003 a sjednotil r\u016fzn\u00e9 st\u00e1vaj\u00edc\u00ed programy soci\u00e1ln\u00edch p\u0159\u00edjm\u016f. B\u011bhem dvou let rozd\u011bl\u00edme 2 miliardy zpr\u00e1v rodin\u00e1m, kter\u00e9 z n\u011bj maj\u00ed n\u00e1rok.<\/p><\/div>\n\n\n<div class=\"wp-block-uagb-faq-child uagb-faq-child__outer-wrap uagb-faq-item uagb-block-97aab760\" role=\"tab\"><div class=\"uagb-faq-questions-button uagb-faq-questions\"><span class=\"uagb-icon uagb-faq-icon-wrap\"><\/span><span class=\"uagb-icon-active uagb-faq-icon-wrap\"><\/span><span class=\"uagb-question\"><strong>3. Jak funguje P\u016fj\u010dka Bolsa Fam\u00edlia?<\/strong><\/span><\/div><p class=\"uagb-faq-content\">P\u016fj\u010dka Bolsa Fam\u00edlia, nyn\u00ed zn\u00e1m\u00e1 jako Produktivn\u011b orientovan\u00fd mikro\u00fav\u011br, existuje od roku 2005 a koordinuje ji Ministerstvo pr\u00e1ce a zam\u011bstnanosti. Nab\u00edz\u00ed p\u0159\u00edstup k \u00fav\u011br\u016fm s ni\u017e\u0161\u00edmi z\u00e1konn\u00fdmi da\u0148ov\u00fdmi sazbami pro rodiny v nouzi registrovan\u00e9 v Bolsa Fam\u00edlia nebo Aux\u00edlio Brasil.<\/p><\/div>\n\n\n<div class=\"wp-block-uagb-faq-child uagb-faq-child__outer-wrap uagb-faq-item uagb-block-16896cfa\" role=\"tab\"><div class=\"uagb-faq-questions-button uagb-faq-questions\"><span class=\"uagb-icon uagb-faq-icon-wrap\"><\/span><span class=\"uagb-icon-active uagb-faq-icon-wrap\"><\/span><span class=\"uagb-question\"><strong>4. Kter\u00e9 banky nab\u00edzej\u00ed produktivn\u00ed mikro\u00fav\u011bry?<\/strong><\/span><\/div><p class=\"uagb-faq-content\">N\u011bkolik bank, v\u010detn\u011b Ita\u00fa, Bradesco, Banco do Brasil a Caixa Economica Federal, nab\u00edz\u00ed orientovan\u00fd produktivn\u00ed mikro\u00fav\u011br, z nich\u017e ka\u017ed\u00e1 m\u00e1 sv\u00e1 vlastn\u00ed pravidla a podm\u00ednky.<\/p><\/div>\n\n<\/div>\n\n\n<table style=\"border-collapse: collapse;width: 100%;height: 96px\">\n<tbody>\n<tr style=\"height: 96px\">\n<td style=\"width: 10.1223%;height: 96px\"><a href=\"https:\/\/www.luzbaby.com.br\/\" target=\"_blank\" rel=\"noopener\"><img loading=\"lazy\" decoding=\"async\" class=\"alignnone wp-image-3747\" src=\"http:\/\/universofamilia.com\/wp-content\/uploads\/sites\/148\/2023\/09\/Design-sem-nome-3-300x300.png\" alt=\"\" width=\"106\" height=\"106\" srcset=\"https:\/\/universofamilia.com\/wp-content\/uploads\/sites\/148\/2023\/09\/Design-sem-nome-3-300x300.png 300w, https:\/\/universofamilia.com\/wp-content\/uploads\/sites\/148\/2023\/09\/Design-sem-nome-3-150x150.png 150w, https:\/\/universofamilia.com\/wp-content\/uploads\/sites\/148\/2023\/09\/Design-sem-nome-3.png 315w\" sizes=\"(max-width: 106px) 100vw, 106px\" \/><\/a><\/td>\n<td style=\"width: 89.5168%;height: 96px\">\n<h4><span style=\"color: #000000\"><strong><a style=\"color: #000000\" href=\"https:\/\/www.luzbaby.com.br\/\" target=\"_blank\" rel=\"noreferrer noopener\">Conhe\u00e7a Luz Baby, jeden z nejlep\u0161\u00edch obchod\u016f s kojeneck\u00fdmi produkty.<\/a><\/strong><\/span><\/h4>\n<\/td>\n<\/tr>\n<\/tbody>\n<\/table>","protected":false},"excerpt":{"rendered":"<p>Empr\u00e9stimo bolsa fam\u00edlia, veja como solicitar e aproveitar essa oportunidade. O Empr\u00e9stimo Bolsa Fam\u00edlia \u00e9 uma op\u00e7\u00e3o de cr\u00e9dito voltada para fam\u00edlias de baixa renda e microempreendedores que desejam acessar recursos financeiros para melhorar sua qualidade de vida. Mesmo ap\u00f3s a substitui\u00e7\u00e3o do programa Bolsa Fam\u00edlia pelo Aux\u00edlio Brasil, essa linha de cr\u00e9dito ainda est\u00e1 [&hellip;]<\/p>","protected":false},"author":139,"featured_media":3687,"comment_status":"closed","ping_status":"open","sticky":false,"template":"","format":"standard","meta":{"footnotes":""},"categories":[3],"tags":[],"yoast_head":"<!-- This site is optimized with the Yoast SEO plugin v23.3 - https:\/\/yoast.com\/wordpress\/plugins\/seo\/ -->\n<title>Empr\u00e9stimo Bolsa Fam\u00edlia: Como Solicitar e Aproveitar Essa Oportunidade - Universo Fam\u00edlia<\/title>\n<meta name=\"description\" content=\"Empr\u00e9stimo bolsa fam\u00edlia, como a solicitar e aproveitar essa oportunidade. O Empr\u00e9stimo Bolsa Fam\u00edlia \u00e9 uma op\u00e7\u00e3o de cr\u00e9dito voltada para fam\u00edlias de baixa renda\" \/>\n<meta name=\"robots\" content=\"index, follow, max-snippet:-1, max-image-preview:large, max-video-preview:-1\" \/>\n<link rel=\"canonical\" href=\"https:\/\/universofamilia.com\/cs\/emprestimo-bolsa-familia-como-a-solicitar-e-aproveitar-essa-oportunidade\/\" \/>\n<meta property=\"og:locale\" content=\"cs_CZ\" \/>\n<meta property=\"og:type\" content=\"article\" \/>\n<meta property=\"og:title\" content=\"Empr\u00e9stimo Bolsa Fam\u00edlia: Como Solicitar e Aproveitar Essa Oportunidade - Universo Fam\u00edlia\" \/>\n<meta property=\"og:description\" content=\"Empr\u00e9stimo bolsa fam\u00edlia, como a solicitar e aproveitar essa oportunidade. O Empr\u00e9stimo Bolsa Fam\u00edlia \u00e9 uma op\u00e7\u00e3o de cr\u00e9dito voltada para fam\u00edlias de baixa renda\" \/>\n<meta property=\"og:url\" content=\"https:\/\/universofamilia.com\/cs\/emprestimo-bolsa-familia-como-a-solicitar-e-aproveitar-essa-oportunidade\/\" \/>\n<meta property=\"og:site_name\" content=\"Universo Fam\u00edlia\" \/>\n<meta property=\"article:published_time\" content=\"2023-08-30T11:04:00+00:00\" \/>\n<meta property=\"article:modified_time\" content=\"2025-01-28T14:33:24+00:00\" \/>\n<meta property=\"og:image\" content=\"https:\/\/universofamilia.com\/wp-content\/uploads\/sites\/148\/2023\/08\/D-UNIVERSO-FAMILIA-Emprestimo-Bolsa-Familia-Como-Solicitar-e-Aproveitar-Essa-Oportunidade.png\" \/>\n\t<meta property=\"og:image:width\" content=\"448\" \/>\n\t<meta property=\"og:image:height\" content=\"350\" \/>\n\t<meta property=\"og:image:type\" content=\"image\/png\" \/>\n<meta name=\"author\" content=\"Pedro Henrique\" \/>\n<meta name=\"twitter:card\" content=\"summary_large_image\" \/>\n<meta name=\"twitter:label1\" content=\"Written by\" \/>\n\t<meta name=\"twitter:data1\" content=\"Pedro Henrique\" \/>\n\t<meta name=\"twitter:label2\" content=\"Est. reading time\" \/>\n\t<meta name=\"twitter:data2\" content=\"8 minut\" \/>\n<script type=\"application\/ld+json\" class=\"yoast-schema-graph\">{\"@context\":\"https:\/\/schema.org\",\"@graph\":[{\"@type\":\"WebPage\",\"@id\":\"https:\/\/universofamilia.com\/da\/emprestimo-bolsa-familia-como-a-solicitar-e-aproveitar-essa-oportunidade\/\",\"url\":\"https:\/\/universofamilia.com\/da\/emprestimo-bolsa-familia-como-a-solicitar-e-aproveitar-essa-oportunidade\/\",\"name\":\"Empr\u00e9stimo Bolsa Fam\u00edlia: Como Solicitar e Aproveitar Essa Oportunidade - Universo Fam\u00edlia\",\"isPartOf\":{\"@id\":\"https:\/\/universofamilia.com\/el\/#website\"},\"primaryImageOfPage\":{\"@id\":\"https:\/\/universofamilia.com\/da\/emprestimo-bolsa-familia-como-a-solicitar-e-aproveitar-essa-oportunidade\/#primaryimage\"},\"image\":{\"@id\":\"https:\/\/universofamilia.com\/da\/emprestimo-bolsa-familia-como-a-solicitar-e-aproveitar-essa-oportunidade\/#primaryimage\"},\"thumbnailUrl\":\"https:\/\/universofamilia.com\/wp-content\/uploads\/sites\/148\/2023\/08\/D-UNIVERSO-FAMILIA-Emprestimo-Bolsa-Familia-Como-Solicitar-e-Aproveitar-Essa-Oportunidade.png\",\"datePublished\":\"2023-08-30T11:04:00+00:00\",\"dateModified\":\"2025-01-28T14:33:24+00:00\",\"author\":{\"@id\":\"https:\/\/universofamilia.com\/el\/#\/schema\/person\/f07ce98187dd84d31154262e79b3b7ca\"},\"description\":\"Empr\u00e9stimo bolsa fam\u00edlia, como a solicitar e aproveitar essa oportunidade. O Empr\u00e9stimo Bolsa Fam\u00edlia \u00e9 uma op\u00e7\u00e3o de cr\u00e9dito voltada para fam\u00edlias de baixa renda\",\"breadcrumb\":{\"@id\":\"https:\/\/universofamilia.com\/da\/emprestimo-bolsa-familia-como-a-solicitar-e-aproveitar-essa-oportunidade\/#breadcrumb\"},\"inLanguage\":\"cs\",\"potentialAction\":[{\"@type\":\"ReadAction\",\"target\":[\"https:\/\/universofamilia.com\/da\/emprestimo-bolsa-familia-como-a-solicitar-e-aproveitar-essa-oportunidade\/\"]}]},{\"@type\":\"ImageObject\",\"inLanguage\":\"cs\",\"@id\":\"https:\/\/universofamilia.com\/da\/emprestimo-bolsa-familia-como-a-solicitar-e-aproveitar-essa-oportunidade\/#primaryimage\",\"url\":\"https:\/\/universofamilia.com\/wp-content\/uploads\/sites\/148\/2023\/08\/D-UNIVERSO-FAMILIA-Emprestimo-Bolsa-Familia-Como-Solicitar-e-Aproveitar-Essa-Oportunidade.png\",\"contentUrl\":\"https:\/\/universofamilia.com\/wp-content\/uploads\/sites\/148\/2023\/08\/D-UNIVERSO-FAMILIA-Emprestimo-Bolsa-Familia-Como-Solicitar-e-Aproveitar-Essa-Oportunidade.png\",\"width\":448,\"height\":350},{\"@type\":\"BreadcrumbList\",\"@id\":\"https:\/\/universofamilia.com\/da\/emprestimo-bolsa-familia-como-a-solicitar-e-aproveitar-essa-oportunidade\/#breadcrumb\",\"itemListElement\":[{\"@type\":\"ListItem\",\"position\":1,\"name\":\"Home\",\"item\":\"https:\/\/universofamilia.com\/el\/\"},{\"@type\":\"ListItem\",\"position\":2,\"name\":\"Empr\u00e9stimo Bolsa Fam\u00edlia: Como Solicitar e Aproveitar Essa Oportunidade\"}]},{\"@type\":\"WebSite\",\"@id\":\"https:\/\/universofamilia.com\/el\/#website\",\"url\":\"https:\/\/universofamilia.com\/el\/\",\"name\":\"Universo Fam\u00edlia\",\"description\":\"\",\"potentialAction\":[{\"@type\":\"SearchAction\",\"target\":{\"@type\":\"EntryPoint\",\"urlTemplate\":\"https:\/\/universofamilia.com\/el\/?s={search_term_string}\"},\"query-input\":\"required name=search_term_string\"}],\"inLanguage\":\"cs\"},{\"@type\":\"Person\",\"@id\":\"https:\/\/universofamilia.com\/el\/#\/schema\/person\/f07ce98187dd84d31154262e79b3b7ca\",\"name\":\"Pedro Henrique\",\"image\":{\"@type\":\"ImageObject\",\"inLanguage\":\"cs\",\"@id\":\"https:\/\/universofamilia.com\/el\/#\/schema\/person\/image\/\",\"url\":\"https:\/\/secure.gravatar.com\/avatar\/9edfeb808cb4e1599f64d6e45b130154?s=96&d=mm&r=g\",\"contentUrl\":\"https:\/\/secure.gravatar.com\/avatar\/9edfeb808cb4e1599f64d6e45b130154?s=96&d=mm&r=g\",\"caption\":\"Pedro Henrique\"},\"url\":\"https:\/\/universofamilia.com\/cs\/author\/editor01\/\"}]}<\/script>\n<!-- \/ Yoast SEO plugin. -->","yoast_head_json":{"title":"Empr\u00e9stimo Bolsa Fam\u00edlia: Como Solicitar e Aproveitar Essa Oportunidade - Universo Fam\u00edlia","description":"Empr\u00e9stimo bolsa fam\u00edlia, como a solicitar e aproveitar essa oportunidade. O Empr\u00e9stimo Bolsa Fam\u00edlia \u00e9 uma op\u00e7\u00e3o de cr\u00e9dito voltada para fam\u00edlias de baixa renda","robots":{"index":"index","follow":"follow","max-snippet":"max-snippet:-1","max-image-preview":"max-image-preview:large","max-video-preview":"max-video-preview:-1"},"canonical":"https:\/\/universofamilia.com\/cs\/emprestimo-bolsa-familia-como-a-solicitar-e-aproveitar-essa-oportunidade\/","og_locale":"cs_CZ","og_type":"article","og_title":"Empr\u00e9stimo Bolsa Fam\u00edlia: Como Solicitar e Aproveitar Essa Oportunidade - Universo Fam\u00edlia","og_description":"Empr\u00e9stimo bolsa fam\u00edlia, como a solicitar e aproveitar essa oportunidade. O Empr\u00e9stimo Bolsa Fam\u00edlia \u00e9 uma op\u00e7\u00e3o de cr\u00e9dito voltada para fam\u00edlias de baixa renda","og_url":"https:\/\/universofamilia.com\/cs\/emprestimo-bolsa-familia-como-a-solicitar-e-aproveitar-essa-oportunidade\/","og_site_name":"Universo Fam\u00edlia","article_published_time":"2023-08-30T11:04:00+00:00","article_modified_time":"2025-01-28T14:33:24+00:00","og_image":[{"width":448,"height":350,"url":"https:\/\/universofamilia.com\/wp-content\/uploads\/sites\/148\/2023\/08\/D-UNIVERSO-FAMILIA-Emprestimo-Bolsa-Familia-Como-Solicitar-e-Aproveitar-Essa-Oportunidade.png","type":"image\/png"}],"author":"Pedro Henrique","twitter_card":"summary_large_image","twitter_misc":{"Written by":"Pedro Henrique","Est. reading time":"8 minut"},"schema":{"@context":"https:\/\/schema.org","@graph":[{"@type":"WebPage","@id":"https:\/\/universofamilia.com\/da\/emprestimo-bolsa-familia-como-a-solicitar-e-aproveitar-essa-oportunidade\/","url":"https:\/\/universofamilia.com\/da\/emprestimo-bolsa-familia-como-a-solicitar-e-aproveitar-essa-oportunidade\/","name":"Empr\u00e9stimo Bolsa Fam\u00edlia: Como Solicitar e Aproveitar Essa Oportunidade - Universo Fam\u00edlia","isPartOf":{"@id":"https:\/\/universofamilia.com\/el\/#website"},"primaryImageOfPage":{"@id":"https:\/\/universofamilia.com\/da\/emprestimo-bolsa-familia-como-a-solicitar-e-aproveitar-essa-oportunidade\/#primaryimage"},"image":{"@id":"https:\/\/universofamilia.com\/da\/emprestimo-bolsa-familia-como-a-solicitar-e-aproveitar-essa-oportunidade\/#primaryimage"},"thumbnailUrl":"https:\/\/universofamilia.com\/wp-content\/uploads\/sites\/148\/2023\/08\/D-UNIVERSO-FAMILIA-Emprestimo-Bolsa-Familia-Como-Solicitar-e-Aproveitar-Essa-Oportunidade.png","datePublished":"2023-08-30T11:04:00+00:00","dateModified":"2025-01-28T14:33:24+00:00","author":{"@id":"https:\/\/universofamilia.com\/el\/#\/schema\/person\/f07ce98187dd84d31154262e79b3b7ca"},"description":"Empr\u00e9stimo bolsa fam\u00edlia, como a solicitar e aproveitar essa oportunidade. O Empr\u00e9stimo Bolsa Fam\u00edlia \u00e9 uma op\u00e7\u00e3o de cr\u00e9dito voltada para fam\u00edlias de baixa renda","breadcrumb":{"@id":"https:\/\/universofamilia.com\/da\/emprestimo-bolsa-familia-como-a-solicitar-e-aproveitar-essa-oportunidade\/#breadcrumb"},"inLanguage":"cs","potentialAction":[{"@type":"ReadAction","target":["https:\/\/universofamilia.com\/da\/emprestimo-bolsa-familia-como-a-solicitar-e-aproveitar-essa-oportunidade\/"]}]},{"@type":"ImageObject","inLanguage":"cs","@id":"https:\/\/universofamilia.com\/da\/emprestimo-bolsa-familia-como-a-solicitar-e-aproveitar-essa-oportunidade\/#primaryimage","url":"https:\/\/universofamilia.com\/wp-content\/uploads\/sites\/148\/2023\/08\/D-UNIVERSO-FAMILIA-Emprestimo-Bolsa-Familia-Como-Solicitar-e-Aproveitar-Essa-Oportunidade.png","contentUrl":"https:\/\/universofamilia.com\/wp-content\/uploads\/sites\/148\/2023\/08\/D-UNIVERSO-FAMILIA-Emprestimo-Bolsa-Familia-Como-Solicitar-e-Aproveitar-Essa-Oportunidade.png","width":448,"height":350},{"@type":"BreadcrumbList","@id":"https:\/\/universofamilia.com\/da\/emprestimo-bolsa-familia-como-a-solicitar-e-aproveitar-essa-oportunidade\/#breadcrumb","itemListElement":[{"@type":"ListItem","position":1,"name":"Home","item":"https:\/\/universofamilia.com\/el\/"},{"@type":"ListItem","position":2,"name":"Empr\u00e9stimo Bolsa Fam\u00edlia: Como Solicitar e Aproveitar Essa Oportunidade"}]},{"@type":"WebSite","@id":"https:\/\/universofamilia.com\/el\/#website","url":"https:\/\/universofamilia.com\/el\/","name":"Universo Fam\u00edlia","description":"","potentialAction":[{"@type":"SearchAction","target":{"@type":"EntryPoint","urlTemplate":"https:\/\/universofamilia.com\/el\/?s={search_term_string}"},"query-input":"required name=search_term_string"}],"inLanguage":"cs"},{"@type":"Person","@id":"https:\/\/universofamilia.com\/el\/#\/schema\/person\/f07ce98187dd84d31154262e79b3b7ca","name":"Pedro Henrique","image":{"@type":"ImageObject","inLanguage":"cs","@id":"https:\/\/universofamilia.com\/el\/#\/schema\/person\/image\/","url":"https:\/\/secure.gravatar.com\/avatar\/9edfeb808cb4e1599f64d6e45b130154?s=96&d=mm&r=g","contentUrl":"https:\/\/secure.gravatar.com\/avatar\/9edfeb808cb4e1599f64d6e45b130154?s=96&d=mm&r=g","caption":"Pedro Henrique"},"url":"https:\/\/universofamilia.com\/cs\/author\/editor01\/"}]}},"_links":{"self":[{"href":"https:\/\/universofamilia.com\/cs\/wp-json\/wp\/v2\/posts\/3683"}],"collection":[{"href":"https:\/\/universofamilia.com\/cs\/wp-json\/wp\/v2\/posts"}],"about":[{"href":"https:\/\/universofamilia.com\/cs\/wp-json\/wp\/v2\/types\/post"}],"author":[{"embeddable":true,"href":"https:\/\/universofamilia.com\/cs\/wp-json\/wp\/v2\/users\/139"}],"replies":[{"embeddable":true,"href":"https:\/\/universofamilia.com\/cs\/wp-json\/wp\/v2\/comments?post=3683"}],"version-history":[{"count":1,"href":"https:\/\/universofamilia.com\/cs\/wp-json\/wp\/v2\/posts\/3683\/revisions"}],"predecessor-version":[{"id":8406,"href":"https:\/\/universofamilia.com\/cs\/wp-json\/wp\/v2\/posts\/3683\/revisions\/8406"}],"wp:featuredmedia":[{"embeddable":true,"href":"https:\/\/universofamilia.com\/cs\/wp-json\/wp\/v2\/media\/3687"}],"wp:attachment":[{"href":"https:\/\/universofamilia.com\/cs\/wp-json\/wp\/v2\/media?parent=3683"}],"wp:term":[{"taxonomy":"category","embeddable":true,"href":"https:\/\/universofamilia.com\/cs\/wp-json\/wp\/v2\/categories?post=3683"},{"taxonomy":"post_tag","embeddable":true,"href":"https:\/\/universofamilia.com\/cs\/wp-json\/wp\/v2\/tags?post=3683"}],"curies":[{"name":"wp","href":"https:\/\/api.w.org\/{rel}","templated":true}]}}