{"id":3989,"date":"2023-09-22T11:46:13","date_gmt":"2023-09-22T14:46:13","guid":{"rendered":"https:\/\/universofamilia.com\/?p=3989"},"modified":"2025-01-28T14:25:30","modified_gmt":"2025-01-28T14:25:30","slug":"preparacao-para-a-segunda-gravidez","status":"publish","type":"post","link":"https:\/\/universofamilia.com\/cs\/preparacao-para-a-segunda-gravidez\/","title":{"rendered":"P\u0159\u00edprava na druh\u00e9 t\u011bhotenstv\u00ed"},"content":{"rendered":"<p>P\u0159\u00edprava na druh\u00e9 t\u011bhotenstv\u00ed. P\u0159em\u00fd\u0161l\u00edte, jestli jste p\u0159ipraven\u00e1 na druh\u00fd rok? Zde je n\u011bkolik pozitivn\u00edch a negativn\u00edch aspekt\u016f, kter\u00e9 byste m\u011bla vz\u00edt v \u00favahu p\u0159i pl\u00e1nov\u00e1n\u00ed druh\u00e9ho t\u011bhotenstv\u00ed.<\/p>\n\n\n\n<h3 class=\"wp-block-heading\">Krok za krokem:<\/h3>\n\n\n\n<ul>\n<li>Rozhodnut\u00ed, zda jste p\u0159ipraveni na druh\u00fd film<\/li>\n\n\n\n<li>P\u0159\u00edprava na druh\u00e9 t\u011bhotenstv\u00ed<\/li>\n\n\n\n<li>Druh\u00e9 t\u011bhotenstv\u00ed<\/li>\n\n\n\n<li>\u0158e\u0161en\u00ed obt\u00ed\u017e\u00ed v druh\u00e9m t\u011bhotenstv\u00ed<\/li>\n\n\n\n<li>Zdrav\u00ed b\u011bhem druh\u00e9ho t\u011bhotenstv\u00ed<\/li>\n\n\n\n<li>Finan\u010dn\u00ed hospoda\u0159en\u00ed b\u011bhem druh\u00e9ho t\u011bhotenstv\u00ed<\/li>\n<\/ul>\n\n\n<div class=\"wp-block-image\">\n<figure class=\"aligncenter size-full\"><img loading=\"lazy\" decoding=\"async\" width=\"960\" height=\"540\" src=\"http:\/\/universofamilia.com\/wp-content\/uploads\/sites\/148\/2023\/09\/P-UNIV-FAMILIA-Preparacao-para-a-Segunda-Gravidez-1-1.png\" alt=\"\" class=\"wp-image-3994\" srcset=\"https:\/\/universofamilia.com\/wp-content\/uploads\/sites\/148\/2023\/09\/P-UNIV-FAMILIA-Preparacao-para-a-Segunda-Gravidez-1-1.png 960w, https:\/\/universofamilia.com\/wp-content\/uploads\/sites\/148\/2023\/09\/P-UNIV-FAMILIA-Preparacao-para-a-Segunda-Gravidez-1-1-300x169.png 300w, https:\/\/universofamilia.com\/wp-content\/uploads\/sites\/148\/2023\/09\/P-UNIV-FAMILIA-Preparacao-para-a-Segunda-Gravidez-1-1-768x432.png 768w\" sizes=\"(max-width: 960px) 100vw, 960px\" \/><\/figure><\/div>\n\n\n<p>Mo\u017en\u00e1 proto, \u017ee si v\u017edycky p\u0159edstavuji dal\u0161\u00ed d\u011bti, nebo proto, \u017ee m\u011b v posledn\u00ed dob\u011b napad\u00e1 my\u0161lenka d\u00e1t sv\u00e9mu d\u00edt\u011bti znamen\u00ed, je \u010das p\u0159em\u00fd\u0161let o druh\u00e9m miminku. Vyhl\u00eddka na roz\u0161\u00ed\u0159en\u00ed rodiny je vzru\u0161uj\u00edc\u00ed, ale z\u00e1rove\u0148 znepokojiv\u00e1:<\/p>\n\n\n\n<ol style=\"list-style-type:1\">\n<li>Jak pozn\u00e1te, \u017ee jste opravdu p\u0159ipraveni?<\/li>\n\n\n\n<li>Je prvn\u00ed soubor st\u00e1le p\u0159\u00edli\u0161 mal\u00fd?<\/li>\n\n\n\n<li>Stoj\u00ed za to \u010delit chaosu a vy\u010derp\u00e1n\u00ed ze dvou miminek;<\/li>\n\n\n\n<li>Nen\u00ed lep\u0161\u00ed po\u010dkat je\u0161t\u011b chv\u00edli?<\/li>\n<\/ol>\n\n\n\n<p>Neexistuj\u00ed \u017e\u00e1dn\u00e9 definitivn\u00ed odpov\u011bdi, ale je d\u016fle\u017eit\u00e9 se nad t\u011bmito ot\u00e1zkami zamyslet, abyste se mohli informovan\u011b rozhodnout.<\/p>\n\n\n\n<h3 class=\"wp-block-heading\"><strong>Rozhodnut\u00ed, zda jste p\u0159ipraveni na druh\u00fd film<\/strong><\/h3>\n\n\n\n<p>Jak va\u0161e d\u00edt\u011b roste a m\u011bn\u00ed se z miminka v n\u00e1ru\u010d\u00ed na d\u00edt\u011b, kter\u00e9 chod\u00ed a pad\u00e1, mo\u017en\u00e1 si kladete ot\u00e1zku, kdy je ten spr\u00e1vn\u00fd \u010das na druh\u00e9 d\u00edt\u011b. Vzhledem k tomu, \u017ee toto rozhodnut\u00ed je pro ka\u017edou rodinu jedine\u010dn\u00e9, existuje n\u011bkolik ot\u00e1zek, kter\u00e9 v\u00e1m mohou pomoci ur\u010dit nejvhodn\u011bj\u0161\u00ed dobu:<\/p>\n\n\n\n<ol style=\"list-style-type:1\">\n<li>M\u00e1te pocit, \u017ee je nedostatek d\u011bt\u00ed z okoln\u00edch komunit, abyste mohli b\u00fdt spole\u010dn\u00edky brincadeiras?<\/li>\n\n\n\n<li>Jsi ochotn\u00fd\/\u00e1 znovu \u010delit f\u00e1zi noc\u00ed a noc\u00ed bez sp\u00e1nku, ale vzd\u00e1v\u00e1m to, nebo je u\u017e pozd\u011b?<\/li>\n\n\n\n<li>D\u00e1v\u00e1te p\u0159ednost rozlo\u017een\u00ed t\u011bhotenstv\u00ed tak, abyste mohli co nejl\u00e9pe vyu\u017e\u00edt d\u011btskou f\u00e1zi ka\u017ed\u00e9ho d\u00edt\u011bte bez ru\u0161iv\u00fdch vliv\u016f?<\/li>\n\n\n\n<li>L\u00edb\u00ed se v\u00e1m my\u0161lenka rozestup\u016f mezi d\u011btmi, nebo tolik, aby se minimalizovaly konflikty mezi d\u011btmi kv\u016fli velmi podobn\u00fdm podm\u00ednk\u00e1m a v\u00fdvojov\u00fdm f\u00e1z\u00edm?<\/li>\n<\/ol>\n\n\n\n<h4 class=\"wp-block-heading\"><mark class=\"has-inline-color has-ast-global-color-0-color\">\u010ct\u011bte tak\u00e9:<\/mark><\/h4>\n\n\n<table style=\"border-collapse: collapse;width: 840px;height: 171px\">\n<tbody>\n<tr style=\"height: 21px\">\n<td style=\"width: 18.5759%;height: 21px\"><a href=\"https:\/\/universofamilia.com\/cs\/7-passos-de-como-criar-e-manter-um-orcamento-familiar\/\"><img loading=\"lazy\" decoding=\"async\" class=\"alignnone wp-image-3984 size-medium\" src=\"http:\/\/universofamilia.com\/wp-content\/uploads\/sites\/148\/2023\/09\/L-Universo-Familia-7-Passos-de-Como-Criar-e-Manter-um-Orcamento-Familiar-300x300.png\" alt=\"\" width=\"300\" height=\"300\" srcset=\"https:\/\/universofamilia.com\/wp-content\/uploads\/sites\/148\/2023\/09\/L-Universo-Familia-7-Passos-de-Como-Criar-e-Manter-um-Orcamento-Familiar-300x300.png 300w, https:\/\/universofamilia.com\/wp-content\/uploads\/sites\/148\/2023\/09\/L-Universo-Familia-7-Passos-de-Como-Criar-e-Manter-um-Orcamento-Familiar-150x150.png 150w, https:\/\/universofamilia.com\/wp-content\/uploads\/sites\/148\/2023\/09\/L-Universo-Familia-7-Passos-de-Como-Criar-e-Manter-um-Orcamento-Familiar.png 315w\" sizes=\"(max-width: 300px) 100vw, 300px\" \/><\/a><\/td>\n<td style=\"width: 81.4241%;height: 21px\">\n<h4><span style=\"color: #000000\"><a style=\"color: #000000\" href=\"https:\/\/universofamilia.com\/cs\/7-passos-de-como-criar-e-manter-um-orcamento-familiar\/\" target=\"_blank\" rel=\"noopener\">7 krok\u016f, jak vychovat a udr\u017eet rodinu (or\u00e7amento)<\/a><\/span><\/h4>\n<\/td>\n<\/tr>\n<tr style=\"height: 21px\">\n<td style=\"width: 18.5759%;height: 10px\">\u00a0<\/td>\n<td style=\"width: 81.4241%;height: 10px\">\u00a0<\/td>\n<\/tr>\n<tr style=\"height: 21px\">\n<td style=\"width: 18.5759%;height: 21px\">\u00a0<\/td>\n<td style=\"width: 81.4241%;height: 21px\">\u00a0<\/td>\n<\/tr>\n<\/tbody>\n<\/table>\n\n\n<p>Pokud jste na prvn\u00edch n\u011bkolik ot\u00e1zek odpov\u011bd\u011bli \u201eano\u201c, mo\u017en\u00e1 je p\u0159\u00edli\u0161 brzy na to, abyste p\u0159em\u00fd\u0161leli o druh\u00e9 ot\u00e1zce.<\/p>\n\n\n\n<p>Pokud jsou v\u0161ak na posledn\u00ed dv\u011b ot\u00e1zky odpov\u011bzeny \u201eano\u201c, m\u016f\u017ee b\u00fdt dobr\u00fd n\u00e1pad po\u010dkat s pl\u00e1nov\u00e1n\u00edm druh\u00e9ho t\u011bhotenstv\u00ed o n\u011bco d\u00e9le.<\/p>\n\n\n\n<p>Krom\u011b t\u011bchto \u00favah je zn\u00e1mo, \u017ee je t\u0159eba zv\u00e1\u017eit i dal\u0161\u00ed faktory, jako je finan\u010dn\u00ed situace rodiny, mo\u017enosti p\u00e9\u010de o d\u011bti a profesn\u00ed povinnosti.<\/p>\n\n\n\n<p>A\u0165 u\u017e se rozhodnete jakkoli, v\u00edte, \u017ee ka\u017ed\u00e1 mo\u017enost rozd\u011blen\u00ed prostoru mezi d\u011btmi p\u0159in\u00e1\u0161\u00ed sv\u00e9 vlastn\u00ed radosti i v\u00fdzvy. <\/p>\n\n\n\n<p>Nap\u0159\u00edklad pokud m\u00e1te d\u011bti v bl\u00edzk\u00e9m okol\u00ed, m\u016f\u017eeme si odte\u010f spole\u010dn\u011b u\u017e\u00edvat sk\u00e1k\u00e1n\u00ed, co\u017e u\u0161et\u0159\u00ed \u010das hled\u00e1n\u00edm aktivit. Bu\u010fte v\u0161ak p\u0159ipraveni na mo\u017enou rivalitu mezi d\u011btmi.<\/p>\n\n\n\n<p>Na druhou stranu, pokud se rozhodnete ud\u00e1losti v\u00edce rozlo\u017eit, budete m\u00edt v\u00fdhodu, \u017ee se budete moci v\u00edce soust\u0159edit na ka\u017ed\u00fd soubor individu\u00e1ln\u011b.<\/p>\n\n\n\n<p>D\u011bti z velmi vzd\u00e1len\u00fdch komunit v\u0161ak nemus\u00ed b\u00fdt p\u0159\u00edli\u0161 bl\u00edzko sv\u00fdm skok\u016fm a neexistuje \u017e\u00e1dn\u00e1 z\u00e1ruka, \u017ee bude m\u00e9n\u011b konflikt\u016f.<\/p>\n\n\n\n<p>Stru\u010dn\u011b \u0159e\u010deno, rozhodnut\u00ed o narozen\u00ed druh\u00e9ho osobn\u00edho d\u00edt\u011bte by m\u011blo b\u00fdt u\u010din\u011bno na z\u00e1klad\u011b individu\u00e1ln\u00edch okolnost\u00ed a ne na z\u00e1klad\u011b toho, co je nejlep\u0161\u00ed pro rodinu.<\/p>\n\n\n\n<h3 class=\"wp-block-heading\"><strong>P\u0159\u00edprava na druh\u00e9 t\u011bhotenstv\u00ed<\/strong><\/h3>\n\n\n\n<p>Je d\u016fle\u017eit\u00e9 b\u00fdt v dobr\u00e9 kondici p\u0159ed druh\u00fdm t\u011bhotenstv\u00edm, stejn\u011b jako se starat o sv\u00e9 zdrav\u00ed p\u0159ed prvn\u00edm d\u00edt\u011btem. <\/p>\n\n\n\n<p>To nevy\u017eaduje ka\u017edodenn\u00ed doch\u00e1zku do \u0161koly (co\u017e m\u016f\u017ee b\u00fdt s mal\u00fdm d\u00edt\u011btem obt\u00ed\u017en\u00e9), ale znamen\u00e1 to, \u017ee mus\u00edte nechat sv\u00e9 t\u011blo dostate\u010dn\u011b se zotavit z prvn\u00edho t\u011bhotenstv\u00ed.<\/p>\n\n\n\n<p>Americk\u00e1 akademie porodn\u00edk\u016f a gynekolog\u016f (ACOG) doporu\u010duje vyhnout se p\u0159ib\u00edr\u00e1n\u00ed na v\u00e1ze v prvn\u00edch \u0161esti m\u011bs\u00edc\u00edch po porodu a nejl\u00e9pe po\u010dkat alespo\u0148 18 m\u011bs\u00edc\u016f. To je doba, kdy se t\u011blo dopln\u00ed vitam\u00edny a vr\u00e1t\u00ed se do ide\u00e1ln\u00edho stavu pro nov\u00e9 t\u011bhotenstv\u00ed.<\/p>\n\n\n\n<p>Pokud si p\u0159ejete ot\u011bhotn\u011bt p\u0159ed touto lh\u016ftou, je nezbytn\u00e9 se o tom poradit se sv\u00fdm l\u00e9ka\u0159em. Pokud dob\u0159e koj\u00edte, jste v dobr\u00e9m zdravotn\u00edm stavu a m\u00e1te dostatek energie na druh\u00e9 t\u011bhotenstv\u00ed, nen\u00ed nic, co by br\u00e1nilo m\u00edt druh\u00e9 d\u00edt\u011b, a\u017e se na to budete c\u00edtit p\u0159ipraven\u00e1.<\/p>\n\n\n<div class=\"wp-block-image\">\n<figure class=\"aligncenter size-full\"><img loading=\"lazy\" decoding=\"async\" width=\"960\" height=\"540\" src=\"http:\/\/universofamilia.com\/wp-content\/uploads\/sites\/148\/2023\/09\/P-UNIV-FAMILIA-Preparacao-para-a-Segunda-Gravidez-1.png\" alt=\"\" class=\"wp-image-3993\" srcset=\"https:\/\/universofamilia.com\/wp-content\/uploads\/sites\/148\/2023\/09\/P-UNIV-FAMILIA-Preparacao-para-a-Segunda-Gravidez-1.png 960w, https:\/\/universofamilia.com\/wp-content\/uploads\/sites\/148\/2023\/09\/P-UNIV-FAMILIA-Preparacao-para-a-Segunda-Gravidez-1-300x169.png 300w, https:\/\/universofamilia.com\/wp-content\/uploads\/sites\/148\/2023\/09\/P-UNIV-FAMILIA-Preparacao-para-a-Segunda-Gravidez-1-768x432.png 768w\" sizes=\"(max-width: 960px) 100vw, 960px\" \/><\/figure><\/div>\n\n\n<h3 class=\"wp-block-heading\"><strong>Druh\u00e9 t\u011bhotenstv\u00ed<\/strong><\/h3>\n\n\n\n<p>Ka\u017ed\u00e9 t\u011bhotenstv\u00ed je jedine\u010dn\u00e9, i kdy\u017e je to podruh\u00e9, co t\u00edmto proch\u00e1z\u00edte. U druh\u00fdch t\u011bhotenstv\u00ed existuj\u00ed fyziologick\u00e9 rozd\u00edly v prvorozeneck\u00fdch vztaz\u00edch.<\/p>\n\n\n\n<p>Ne\u017e se v\u0161ak budeme zab\u00fdvat zvl\u00e1\u0161tnostmi r\u016fstu druh\u00e9ho d\u00edt\u011bte, je nutn\u00e9 znovu ot\u011bhotn\u011bt.<\/p>\n\n\n\n<p>V n\u011bkter\u00fdch dom\u00e1cnostech prob\u00edh\u00e1 po\u010det\u00ed druh\u00e9ho d\u00edt\u011bte stejn\u011b snadno jako prvn\u00edho. Mohou se v\u0161ak objevit i p\u0159ek\u00e1\u017eky, kter\u00e9 mnoho lid\u00ed zasko\u010d\u00ed.<\/p>\n\n\n\n<h3 class=\"wp-block-heading\"><strong>\u0158e\u0161en\u00ed obt\u00ed\u017e\u00ed v druh\u00e9m t\u011bhotenstv\u00ed<\/strong><\/h3>\n\n\n\n<p>Sekund\u00e1rn\u00ed neplodnost, kter\u00e1 se objevuje po r\u016fstu ochlupen\u00ed bez d\u00edt\u011bte, je \u010dast\u011bj\u0161\u00ed, ne\u017e si mo\u017en\u00e1 p\u0159edstavujete. <\/p>\n\n\n\n<p>P\u0159\u00ed\u010diny jsou obecn\u011b podobn\u00e9 jako u prim\u00e1rn\u00ed neplodnosti, jako je v\u011bk, hmotnost a zdravotn\u00ed stavy, v\u010detn\u011b endometri\u00f3zy, d\u011blo\u017en\u00edch myom\u016f nebo syndromu polycystick\u00fdch vaje\u010dn\u00edk\u016f.<\/p>\n\n\n\n<p>Pro \u0159e\u0161en\u00ed t\u00e9to situace doporu\u010dujeme <strong>Pokud je v\u00e1m m\u00e9n\u011b ne\u017e 35 let, pora\u010fte se s l\u00e9ka\u0159em<\/strong> roky a po roce pokus\u016f se mi nepoda\u0159ilo ot\u011bhotn\u011bt. Pokud je v\u00e1m v\u00edce ne\u017e 35 let, konzultace se mus\u00ed uskute\u010dnit po \u0161esti m\u011bs\u00edc\u00edch bezv\u00fdsledn\u00fdch pokus\u016f.<\/p>\n\n\n\n<p>Tak\u00e9 probl\u00e9my s d\u011blohou vypl\u00fdvaj\u00edc\u00ed z t\u011bhotenstv\u00ed nebo p\u0159edchoz\u00edch porod\u016f mohou p\u0159isp\u00edvat k sekund\u00e1rn\u00ed neplodnosti. <\/p>\n\n\n\n<p>Proto je d\u016fle\u017eit\u00e9 <strong>diskutujte o tomto probl\u00e9mu se sv\u00fdm l\u00e9ka\u0159em<\/strong> ne\u017e se znovu pokus\u00edte p\u0159ibrat na v\u00e1ze. Mohou zhodnotit va\u0161e \u0161ance na p\u0159irozen\u00e9 po\u010det\u00ed, poradit v\u00e1m s mo\u017en\u00fdmi rizikov\u00fdmi faktory a v p\u0159\u00edpad\u011b pot\u0159eby poskytnout pomoc s plodnost\u00ed.<\/p>\n\n\n\n<h3 class=\"wp-block-heading\"><strong>Zdrav\u00ed b\u011bhem druh\u00e9ho t\u011bhotenstv\u00ed<\/strong><\/h3>\n\n\n\n<p>Druh\u00e9 t\u011bhotenstv\u00ed m\u016f\u017ee ovlivnit va\u0161e zdrav\u00ed r\u016fzn\u00fdmi zp\u016fsoby a p\u0159in\u00e9st jak v\u00fdzvy, tak i v\u00fdhody:<\/p>\n\n\n\n<ul>\n<li>P\u00e9\u010de o va\u0161e prvn\u00ed d\u00edt\u011b v\u00e1s udr\u017e\u00ed fyzicky aktivn\u00ed i b\u011bhem druh\u00e9ho t\u011bhotenstv\u00ed, co\u017e eliminuje nutnost pl\u00e1novat si samostatn\u00e1 cvi\u010den\u00ed.<\/li>\n\n\n\n<li>Vzru\u0161en\u00ed z rychleji narozen\u00e9ho d\u00edt\u011bte pravd\u011bpodobn\u011b znamen\u00e1, \u017ee budete m\u00edt m\u00e9n\u011b \u010dasu na starosti s t\u011bhotensk\u00fdmi p\u0159\u00edznaky.<\/li>\n\n\n\n<li>U\u017e si zvykla na \u017eivot sv\u00e9 matky, tak\u017ee nepoc\u00edt\u00ed \u0161ok ze zm\u011bny \u017eivota, kter\u00e1 nastala s jej\u00edm prvn\u00edm d\u00edt\u011btem.<\/li>\n<\/ul>\n\n\n\n<h3 class=\"wp-block-heading\"><strong>Finan\u010dn\u00ed hospoda\u0159en\u00ed b\u011bhem druh\u00e9ho t\u011bhotenstv\u00ed<\/strong><\/h3>\n\n\n\n<p>P\u0159i \u00favah\u00e1ch o druh\u00e9m souboru je d\u016fle\u017eit\u00e9 zv\u00e1\u017eit finan\u010dn\u00ed d\u016fsledky.<\/p>\n\n\n\n<p>Or\u00e7amento a finance:<\/p>\n\n\n\n<ul>\n<li>Pokud pracujete mimo domov, mysl\u00edm, \u017ee druh\u00e1 neplacen\u00e1 mate\u0159sk\u00e1 dovolen\u00e1 ani zkr\u00e1cen\u00ed \u010dasu v\u011bnovan\u00e9ho druh\u00e9mu d\u00edt\u011bti nebude m\u00edt \u017e\u00e1dn\u00fd finan\u010dn\u00ed dopad.<\/li>\n\n\n\n<li>Pokud jste majitelkou domu, cht\u011bla byste se po druh\u00e9m t\u011bhotenstv\u00ed vr\u00e1tit do pr\u00e1ce.<\/li>\n\n\n\n<li>Zjist\u011bte, zda se ve va\u0161em dom\u011b nach\u00e1z\u00ed v\u00edce \u010dlen\u016f rodiny, nebo zda bude nutn\u00e9 se p\u0159est\u011bhovat do v\u011bt\u0161\u00edho a dra\u017e\u0161\u00edho domu.<\/li>\n\n\n\n<li>Zva\u017ete, zda m\u016f\u017eete znovu pou\u017e\u00edt d\u011btsk\u00e9 dopl\u0148ky, kter\u00e9 u\u017e m\u00e1te, jako je ber\u00e7o, \u0159et\u011bz a ko\u010d\u00e1rek, nebo si budete muset koupit druhou sadu.<\/li>\n\n\n\n<li>Po dodate\u010dn\u00fdch vah\u00e1ch je k dispozici druh\u00fd soubor, bez ohledu na zvolen\u00fd \u010das.<\/li>\n<\/ul>\n\n\n\n<p>Doporu\u010duje se p\u0159ipravit si s partnerem p\u0159edb\u011b\u017en\u00fd rodinn\u00fd dokument, abyste si ov\u011b\u0159ili, co m\u016f\u017eeme finan\u010dn\u011b podpo\u0159it v kr\u00e1tkodob\u00e9m i dlouhodob\u00e9m horizontu.<\/p>\n\n\n\n<p>Uv\u011bdomte si, \u017ee neexistuje ide\u00e1ln\u00ed okam\u017eik a rozhodnut\u00ed mus\u00ed b\u00fdt u\u010din\u011bno na z\u00e1klad\u011b pot\u0159eb a p\u0159\u00e1n\u00ed va\u0161\u00ed t\u0159\u00ed nebo \u010dty\u0159\u010dlenn\u00e9 rodiny.<\/p>\n\n\n\n<blockquote class=\"wp-block-quote\">\n<h5 class=\"wp-block-heading\"><em>Pozn\u00e1mky: Materi\u00e1ly a informace na str\u00e1nce Universo Fam\u00edlia nejsou ur\u010deny k l\u00e9ka\u0159sk\u00e9 diagn\u00f3ze ani by nem\u011bly b\u00fdt jako takov\u00e9 pou\u017e\u00edv\u00e1ny. <strong>V\u017edy byste se m\u011bli poradit s l\u00e9ka\u0159em nebo kvalifikovan\u00fdm zdravotn\u00edkem o sv\u00fdch skute\u010dn\u00fdch pot\u0159eb\u00e1ch.<\/strong>.<\/em><\/h5>\n<\/blockquote>\n\n\n<table style=\"border-collapse: collapse;width: 100%;height: 96px\">\n<tbody>\n<tr style=\"height: 96px\">\n<td style=\"width: 10.1223%;height: 96px\"><a href=\"https:\/\/www.luzbaby.com.br\/\" target=\"_blank\" rel=\"noopener\"><img loading=\"lazy\" decoding=\"async\" class=\"alignnone wp-image-3747\" src=\"http:\/\/universofamilia.com\/wp-content\/uploads\/sites\/148\/2023\/09\/Design-sem-nome-3-300x300.png\" alt=\"\" width=\"106\" height=\"106\" srcset=\"https:\/\/universofamilia.com\/wp-content\/uploads\/sites\/148\/2023\/09\/Design-sem-nome-3-300x300.png 300w, https:\/\/universofamilia.com\/wp-content\/uploads\/sites\/148\/2023\/09\/Design-sem-nome-3-150x150.png 150w, https:\/\/universofamilia.com\/wp-content\/uploads\/sites\/148\/2023\/09\/Design-sem-nome-3.png 315w\" sizes=\"(max-width: 106px) 100vw, 106px\" \/><\/a><\/td>\n<td style=\"width: 89.5168%;height: 96px\">\n<h4><span style=\"color: #000000\"><strong><a style=\"color: #000000\" href=\"https:\/\/www.luzbaby.com.br\/\" target=\"_blank\" rel=\"noreferrer noopener\">Conhe\u00e7a Luz Baby, jeden z nejlep\u0161\u00edch obchod\u016f s kojeneck\u00fdmi produkty.<\/a><\/strong><\/span><\/h4>\n<\/td>\n<\/tr>\n<\/tbody>\n<\/table>","protected":false},"excerpt":{"rendered":"<p>P\u0159\u00edprava na druh\u00e9 t\u011bhotenstv\u00ed. P\u0159em\u00fd\u0161l\u00edte, jestli jste p\u0159ipraven\u00e1 na sv\u016fj druh\u00fd film? Zde je n\u011bkolik pozitivn\u00edch a negativn\u00edch aspekt\u016f, kter\u00e9 byste m\u011bli vz\u00edt v \u00favahu p\u0159i pl\u00e1nov\u00e1n\u00ed druh\u00e9ho t\u011bhotenstv\u00ed. Krok za krokem: Zd\u00e1 se to proto, \u017ee si v\u017edycky p\u0159edstavuji dal\u0161\u00ed d\u011bti, nebo proto, \u017ee jsem ned\u00e1vno dostala n\u00e1pad d\u00e1t znamen\u00ed sv\u00e9mu [\u2026]<\/p>","protected":false},"author":139,"featured_media":3995,"comment_status":"closed","ping_status":"open","sticky":false,"template":"","format":"standard","meta":{"footnotes":""},"categories":[5],"tags":[],"yoast_head":"<!-- This site is optimized with the Yoast SEO plugin v23.3 - https:\/\/yoast.com\/wordpress\/plugins\/seo\/ -->\n<title>Prepara\u00e7\u00e3o para a Segunda Gravidez - Universo Fam\u00edlia<\/title>\n<meta name=\"description\" content=\"Prepara\u00e7\u00e3o para a segunda gravidez. Est\u00e1 pensando se est\u00e1 preparada (o) para ter o segundo filho? Aqui est\u00e3o alguns aspectos positivos e negativos que voc\u00ea\" \/>\n<meta name=\"robots\" content=\"index, follow, max-snippet:-1, max-image-preview:large, max-video-preview:-1\" \/>\n<link rel=\"canonical\" href=\"https:\/\/universofamilia.com\/cs\/\u09a6\u09cd\u09ac\u09bf\u09a4\u09c0\u09af\u09bc-\u0997\u09b0\u09cd\u09ad\u09be\u09ac\u09b8\u09cd\u09a5\u09be\u09b0-\u09aa\u09cd\u09b0\/\" \/>\n<meta property=\"og:locale\" content=\"cs_CZ\" \/>\n<meta property=\"og:type\" content=\"article\" \/>\n<meta property=\"og:title\" content=\"Prepara\u00e7\u00e3o para a Segunda Gravidez - Universo Fam\u00edlia\" \/>\n<meta property=\"og:description\" content=\"Prepara\u00e7\u00e3o para a segunda gravidez. Est\u00e1 pensando se est\u00e1 preparada (o) para ter o segundo filho? Aqui est\u00e3o alguns aspectos positivos e negativos que voc\u00ea\" \/>\n<meta property=\"og:url\" content=\"https:\/\/universofamilia.com\/cs\/\u09a6\u09cd\u09ac\u09bf\u09a4\u09c0\u09af\u09bc-\u0997\u09b0\u09cd\u09ad\u09be\u09ac\u09b8\u09cd\u09a5\u09be\u09b0-\u09aa\u09cd\u09b0\/\" \/>\n<meta property=\"og:site_name\" content=\"Universo Fam\u00edlia\" \/>\n<meta property=\"article:published_time\" content=\"2023-09-22T14:46:13+00:00\" \/>\n<meta property=\"article:modified_time\" content=\"2025-01-28T14:25:30+00:00\" \/>\n<meta property=\"og:image\" content=\"https:\/\/universofamilia.com\/wp-content\/uploads\/sites\/148\/2023\/09\/D-UNIVERSO-FAMILIA-Preparacao-para-a-Segunda-Gravidez.png\" \/>\n\t<meta property=\"og:image:width\" content=\"448\" \/>\n\t<meta property=\"og:image:height\" content=\"350\" \/>\n\t<meta property=\"og:image:type\" content=\"image\/png\" \/>\n<meta name=\"author\" content=\"Pedro Henrique\" \/>\n<meta name=\"twitter:card\" content=\"summary_large_image\" \/>\n<meta name=\"twitter:label1\" content=\"Written by\" \/>\n\t<meta name=\"twitter:data1\" content=\"Pedro Henrique\" \/>\n\t<meta name=\"twitter:label2\" content=\"Est. reading time\" \/>\n\t<meta name=\"twitter:data2\" content=\"8 minut\" \/>\n<script type=\"application\/ld+json\" class=\"yoast-schema-graph\">{\"@context\":\"https:\/\/schema.org\",\"@graph\":[{\"@type\":\"WebPage\",\"@id\":\"https:\/\/universofamilia.com\/bn\/\u09a6\u09cd\u09ac\u09bf\u09a4\u09c0\u09af\u09bc-\u0997\u09b0\u09cd\u09ad\u09be\u09ac\u09b8\u09cd\u09a5\u09be\u09b0-\u09aa\u09cd\u09b0\/\",\"url\":\"https:\/\/universofamilia.com\/bn\/\u09a6\u09cd\u09ac\u09bf\u09a4\u09c0\u09af\u09bc-\u0997\u09b0\u09cd\u09ad\u09be\u09ac\u09b8\u09cd\u09a5\u09be\u09b0-\u09aa\u09cd\u09b0\/\",\"name\":\"Prepara\u00e7\u00e3o para a Segunda Gravidez - Universo Fam\u00edlia\",\"isPartOf\":{\"@id\":\"https:\/\/universofamilia.com\/el\/#website\"},\"primaryImageOfPage\":{\"@id\":\"https:\/\/universofamilia.com\/bn\/\u09a6\u09cd\u09ac\u09bf\u09a4\u09c0\u09af\u09bc-\u0997\u09b0\u09cd\u09ad\u09be\u09ac\u09b8\u09cd\u09a5\u09be\u09b0-\u09aa\u09cd\u09b0\/#primaryimage\"},\"image\":{\"@id\":\"https:\/\/universofamilia.com\/bn\/\u09a6\u09cd\u09ac\u09bf\u09a4\u09c0\u09af\u09bc-\u0997\u09b0\u09cd\u09ad\u09be\u09ac\u09b8\u09cd\u09a5\u09be\u09b0-\u09aa\u09cd\u09b0\/#primaryimage\"},\"thumbnailUrl\":\"https:\/\/universofamilia.com\/wp-content\/uploads\/sites\/148\/2023\/09\/D-UNIVERSO-FAMILIA-Preparacao-para-a-Segunda-Gravidez.png\",\"datePublished\":\"2023-09-22T14:46:13+00:00\",\"dateModified\":\"2025-01-28T14:25:30+00:00\",\"author\":{\"@id\":\"https:\/\/universofamilia.com\/el\/#\/schema\/person\/f07ce98187dd84d31154262e79b3b7ca\"},\"description\":\"Prepara\u00e7\u00e3o para a segunda gravidez. Est\u00e1 pensando se est\u00e1 preparada (o) para ter o segundo filho? Aqui est\u00e3o alguns aspectos positivos e negativos que voc\u00ea\",\"breadcrumb\":{\"@id\":\"https:\/\/universofamilia.com\/bn\/\u09a6\u09cd\u09ac\u09bf\u09a4\u09c0\u09af\u09bc-\u0997\u09b0\u09cd\u09ad\u09be\u09ac\u09b8\u09cd\u09a5\u09be\u09b0-\u09aa\u09cd\u09b0\/#breadcrumb\"},\"inLanguage\":\"cs\",\"potentialAction\":[{\"@type\":\"ReadAction\",\"target\":[\"https:\/\/universofamilia.com\/bn\/\u09a6\u09cd\u09ac\u09bf\u09a4\u09c0\u09af\u09bc-\u0997\u09b0\u09cd\u09ad\u09be\u09ac\u09b8\u09cd\u09a5\u09be\u09b0-\u09aa\u09cd\u09b0\/\"]}]},{\"@type\":\"ImageObject\",\"inLanguage\":\"cs\",\"@id\":\"https:\/\/universofamilia.com\/bn\/\u09a6\u09cd\u09ac\u09bf\u09a4\u09c0\u09af\u09bc-\u0997\u09b0\u09cd\u09ad\u09be\u09ac\u09b8\u09cd\u09a5\u09be\u09b0-\u09aa\u09cd\u09b0\/#primaryimage\",\"url\":\"https:\/\/universofamilia.com\/wp-content\/uploads\/sites\/148\/2023\/09\/D-UNIVERSO-FAMILIA-Preparacao-para-a-Segunda-Gravidez.png\",\"contentUrl\":\"https:\/\/universofamilia.com\/wp-content\/uploads\/sites\/148\/2023\/09\/D-UNIVERSO-FAMILIA-Preparacao-para-a-Segunda-Gravidez.png\",\"width\":448,\"height\":350},{\"@type\":\"BreadcrumbList\",\"@id\":\"https:\/\/universofamilia.com\/bn\/\u09a6\u09cd\u09ac\u09bf\u09a4\u09c0\u09af\u09bc-\u0997\u09b0\u09cd\u09ad\u09be\u09ac\u09b8\u09cd\u09a5\u09be\u09b0-\u09aa\u09cd\u09b0\/#breadcrumb\",\"itemListElement\":[{\"@type\":\"ListItem\",\"position\":1,\"name\":\"Home\",\"item\":\"https:\/\/universofamilia.com\/el\/\"},{\"@type\":\"ListItem\",\"position\":2,\"name\":\"Prepara\u00e7\u00e3o para a Segunda Gravidez\"}]},{\"@type\":\"WebSite\",\"@id\":\"https:\/\/universofamilia.com\/el\/#website\",\"url\":\"https:\/\/universofamilia.com\/el\/\",\"name\":\"Universo Fam\u00edlia\",\"description\":\"\",\"potentialAction\":[{\"@type\":\"SearchAction\",\"target\":{\"@type\":\"EntryPoint\",\"urlTemplate\":\"https:\/\/universofamilia.com\/el\/?s={search_term_string}\"},\"query-input\":\"required name=search_term_string\"}],\"inLanguage\":\"cs\"},{\"@type\":\"Person\",\"@id\":\"https:\/\/universofamilia.com\/el\/#\/schema\/person\/f07ce98187dd84d31154262e79b3b7ca\",\"name\":\"Pedro Henrique\",\"image\":{\"@type\":\"ImageObject\",\"inLanguage\":\"cs\",\"@id\":\"https:\/\/universofamilia.com\/el\/#\/schema\/person\/image\/\",\"url\":\"https:\/\/secure.gravatar.com\/avatar\/9edfeb808cb4e1599f64d6e45b130154?s=96&d=mm&r=g\",\"contentUrl\":\"https:\/\/secure.gravatar.com\/avatar\/9edfeb808cb4e1599f64d6e45b130154?s=96&d=mm&r=g\",\"caption\":\"Pedro Henrique\"},\"url\":\"https:\/\/universofamilia.com\/cs\/author\/editor01\/\"}]}<\/script>\n<!-- \/ Yoast SEO plugin. -->","yoast_head_json":{"title":"Prepara\u00e7\u00e3o para a Segunda Gravidez - Universo Fam\u00edlia","description":"Prepara\u00e7\u00e3o para a segunda gravidez. Est\u00e1 pensando se est\u00e1 preparada (o) para ter o segundo filho? Aqui est\u00e3o alguns aspectos positivos e negativos que voc\u00ea","robots":{"index":"index","follow":"follow","max-snippet":"max-snippet:-1","max-image-preview":"max-image-preview:large","max-video-preview":"max-video-preview:-1"},"canonical":"https:\/\/universofamilia.com\/cs\/\u09a6\u09cd\u09ac\u09bf\u09a4\u09c0\u09af\u09bc-\u0997\u09b0\u09cd\u09ad\u09be\u09ac\u09b8\u09cd\u09a5\u09be\u09b0-\u09aa\u09cd\u09b0\/","og_locale":"cs_CZ","og_type":"article","og_title":"Prepara\u00e7\u00e3o para a Segunda Gravidez - Universo Fam\u00edlia","og_description":"Prepara\u00e7\u00e3o para a segunda gravidez. Est\u00e1 pensando se est\u00e1 preparada (o) para ter o segundo filho? Aqui est\u00e3o alguns aspectos positivos e negativos que voc\u00ea","og_url":"https:\/\/universofamilia.com\/cs\/\u09a6\u09cd\u09ac\u09bf\u09a4\u09c0\u09af\u09bc-\u0997\u09b0\u09cd\u09ad\u09be\u09ac\u09b8\u09cd\u09a5\u09be\u09b0-\u09aa\u09cd\u09b0\/","og_site_name":"Universo Fam\u00edlia","article_published_time":"2023-09-22T14:46:13+00:00","article_modified_time":"2025-01-28T14:25:30+00:00","og_image":[{"width":448,"height":350,"url":"https:\/\/universofamilia.com\/wp-content\/uploads\/sites\/148\/2023\/09\/D-UNIVERSO-FAMILIA-Preparacao-para-a-Segunda-Gravidez.png","type":"image\/png"}],"author":"Pedro Henrique","twitter_card":"summary_large_image","twitter_misc":{"Written by":"Pedro Henrique","Est. reading time":"8 minut"},"schema":{"@context":"https:\/\/schema.org","@graph":[{"@type":"WebPage","@id":"https:\/\/universofamilia.com\/bn\/\u09a6\u09cd\u09ac\u09bf\u09a4\u09c0\u09af\u09bc-\u0997\u09b0\u09cd\u09ad\u09be\u09ac\u09b8\u09cd\u09a5\u09be\u09b0-\u09aa\u09cd\u09b0\/","url":"https:\/\/universofamilia.com\/bn\/\u09a6\u09cd\u09ac\u09bf\u09a4\u09c0\u09af\u09bc-\u0997\u09b0\u09cd\u09ad\u09be\u09ac\u09b8\u09cd\u09a5\u09be\u09b0-\u09aa\u09cd\u09b0\/","name":"Prepara\u00e7\u00e3o para a Segunda Gravidez - Universo Fam\u00edlia","isPartOf":{"@id":"https:\/\/universofamilia.com\/el\/#website"},"primaryImageOfPage":{"@id":"https:\/\/universofamilia.com\/bn\/\u09a6\u09cd\u09ac\u09bf\u09a4\u09c0\u09af\u09bc-\u0997\u09b0\u09cd\u09ad\u09be\u09ac\u09b8\u09cd\u09a5\u09be\u09b0-\u09aa\u09cd\u09b0\/#primaryimage"},"image":{"@id":"https:\/\/universofamilia.com\/bn\/\u09a6\u09cd\u09ac\u09bf\u09a4\u09c0\u09af\u09bc-\u0997\u09b0\u09cd\u09ad\u09be\u09ac\u09b8\u09cd\u09a5\u09be\u09b0-\u09aa\u09cd\u09b0\/#primaryimage"},"thumbnailUrl":"https:\/\/universofamilia.com\/wp-content\/uploads\/sites\/148\/2023\/09\/D-UNIVERSO-FAMILIA-Preparacao-para-a-Segunda-Gravidez.png","datePublished":"2023-09-22T14:46:13+00:00","dateModified":"2025-01-28T14:25:30+00:00","author":{"@id":"https:\/\/universofamilia.com\/el\/#\/schema\/person\/f07ce98187dd84d31154262e79b3b7ca"},"description":"Prepara\u00e7\u00e3o para a segunda gravidez. Est\u00e1 pensando se est\u00e1 preparada (o) para ter o segundo filho? Aqui est\u00e3o alguns aspectos positivos e negativos que voc\u00ea","breadcrumb":{"@id":"https:\/\/universofamilia.com\/bn\/\u09a6\u09cd\u09ac\u09bf\u09a4\u09c0\u09af\u09bc-\u0997\u09b0\u09cd\u09ad\u09be\u09ac\u09b8\u09cd\u09a5\u09be\u09b0-\u09aa\u09cd\u09b0\/#breadcrumb"},"inLanguage":"cs","potentialAction":[{"@type":"ReadAction","target":["https:\/\/universofamilia.com\/bn\/\u09a6\u09cd\u09ac\u09bf\u09a4\u09c0\u09af\u09bc-\u0997\u09b0\u09cd\u09ad\u09be\u09ac\u09b8\u09cd\u09a5\u09be\u09b0-\u09aa\u09cd\u09b0\/"]}]},{"@type":"ImageObject","inLanguage":"cs","@id":"https:\/\/universofamilia.com\/bn\/\u09a6\u09cd\u09ac\u09bf\u09a4\u09c0\u09af\u09bc-\u0997\u09b0\u09cd\u09ad\u09be\u09ac\u09b8\u09cd\u09a5\u09be\u09b0-\u09aa\u09cd\u09b0\/#primaryimage","url":"https:\/\/universofamilia.com\/wp-content\/uploads\/sites\/148\/2023\/09\/D-UNIVERSO-FAMILIA-Preparacao-para-a-Segunda-Gravidez.png","contentUrl":"https:\/\/universofamilia.com\/wp-content\/uploads\/sites\/148\/2023\/09\/D-UNIVERSO-FAMILIA-Preparacao-para-a-Segunda-Gravidez.png","width":448,"height":350},{"@type":"BreadcrumbList","@id":"https:\/\/universofamilia.com\/bn\/\u09a6\u09cd\u09ac\u09bf\u09a4\u09c0\u09af\u09bc-\u0997\u09b0\u09cd\u09ad\u09be\u09ac\u09b8\u09cd\u09a5\u09be\u09b0-\u09aa\u09cd\u09b0\/#breadcrumb","itemListElement":[{"@type":"ListItem","position":1,"name":"Home","item":"https:\/\/universofamilia.com\/el\/"},{"@type":"ListItem","position":2,"name":"Prepara\u00e7\u00e3o para a Segunda Gravidez"}]},{"@type":"WebSite","@id":"https:\/\/universofamilia.com\/el\/#website","url":"https:\/\/universofamilia.com\/el\/","name":"Universo Fam\u00edlia","description":"","potentialAction":[{"@type":"SearchAction","target":{"@type":"EntryPoint","urlTemplate":"https:\/\/universofamilia.com\/el\/?s={search_term_string}"},"query-input":"required name=search_term_string"}],"inLanguage":"cs"},{"@type":"Person","@id":"https:\/\/universofamilia.com\/el\/#\/schema\/person\/f07ce98187dd84d31154262e79b3b7ca","name":"Pedro Henrique","image":{"@type":"ImageObject","inLanguage":"cs","@id":"https:\/\/universofamilia.com\/el\/#\/schema\/person\/image\/","url":"https:\/\/secure.gravatar.com\/avatar\/9edfeb808cb4e1599f64d6e45b130154?s=96&d=mm&r=g","contentUrl":"https:\/\/secure.gravatar.com\/avatar\/9edfeb808cb4e1599f64d6e45b130154?s=96&d=mm&r=g","caption":"Pedro Henrique"},"url":"https:\/\/universofamilia.com\/cs\/author\/editor01\/"}]}},"_links":{"self":[{"href":"https:\/\/universofamilia.com\/cs\/wp-json\/wp\/v2\/posts\/3989"}],"collection":[{"href":"https:\/\/universofamilia.com\/cs\/wp-json\/wp\/v2\/posts"}],"about":[{"href":"https:\/\/universofamilia.com\/cs\/wp-json\/wp\/v2\/types\/post"}],"author":[{"embeddable":true,"href":"https:\/\/universofamilia.com\/cs\/wp-json\/wp\/v2\/users\/139"}],"replies":[{"embeddable":true,"href":"https:\/\/universofamilia.com\/cs\/wp-json\/wp\/v2\/comments?post=3989"}],"version-history":[{"count":1,"href":"https:\/\/universofamilia.com\/cs\/wp-json\/wp\/v2\/posts\/3989\/revisions"}],"predecessor-version":[{"id":8401,"href":"https:\/\/universofamilia.com\/cs\/wp-json\/wp\/v2\/posts\/3989\/revisions\/8401"}],"wp:featuredmedia":[{"embeddable":true,"href":"https:\/\/universofamilia.com\/cs\/wp-json\/wp\/v2\/media\/3995"}],"wp:attachment":[{"href":"https:\/\/universofamilia.com\/cs\/wp-json\/wp\/v2\/media?parent=3989"}],"wp:term":[{"taxonomy":"category","embeddable":true,"href":"https:\/\/universofamilia.com\/cs\/wp-json\/wp\/v2\/categories?post=3989"},{"taxonomy":"post_tag","embeddable":true,"href":"https:\/\/universofamilia.com\/cs\/wp-json\/wp\/v2\/tags?post=3989"}],"curies":[{"name":"wp","href":"https:\/\/api.w.org\/{rel}","templated":true}]}}