{"id":5114,"date":"2024-01-31T20:10:23","date_gmt":"2024-01-31T20:10:23","guid":{"rendered":"https:\/\/universofamilia.com\/?p=5114"},"modified":"2025-01-28T12:48:31","modified_gmt":"2025-01-28T12:48:31","slug":"la-importancia-de-ocultar-tu-galeria-de-fotos-y-videos","status":"publish","type":"post","link":"https:\/\/universofamilia.com\/cs\/la-importancia-de-ocultar-tu-galeria-de-fotos-y-videos\/","title":{"rendered":"D\u016fle\u017eitost skryt\u00ed va\u0161\u00ed fotogalerie a videogalerie"},"content":{"rendered":"<p>V dne\u0161n\u00ed digit\u00e1ln\u00ed krajin\u011b, kde technologie hraj\u00ed z\u00e1sadn\u00ed roli v na\u0161ich \u017eivotech, se ochrana soukrom\u00ed st\u00e1v\u00e1 st\u00e1le nal\u00e9hav\u011bj\u0161\u00edm probl\u00e9mem.<\/p>\n\n\n\n<p>S roz\u0161\u00ed\u0159en\u00edm chytr\u00fdch telefon\u016f se stalo b\u011b\u017enou prax\u00ed ukl\u00e1dat na na\u0161e za\u0159\u00edzen\u00ed \u0161irokou \u0161k\u00e1lu fotografi\u00ed a vide\u00ed.<\/p>\n\n\n\n<p>Tyto soubory v\u0161ak mohou \u010dasto obsahovat intimn\u00ed nebo kompromituj\u00edc\u00ed momenty, kter\u00e9 rad\u011bji uchov\u00e1v\u00e1me p\u0159ed zv\u011bdav\u00fdmi zraky.<\/p>\n\n\n\n<p>Pr\u00e1v\u011b v t\u00e9to souvislosti se st\u00e1v\u00e1 relevantn\u00ed pou\u017e\u00edv\u00e1n\u00ed aplikac\u00ed specializovan\u00fdch na skryt\u00ed fotogaleri\u00ed a videogaleri\u00ed.<\/p>\n\n\n\n<h2 class=\"wp-block-heading\">Viz tak\u00e9<\/h2>\n\n\n\n<ul>\n<li><a href=\"https:\/\/universofamilia.com\/cs\/5099\/restaurar-fotos-eliminadas-en-el-telefono-movil\/\">Obnoven\u00ed smazan\u00fdch fotografi\u00ed na mobiln\u00edm telefonu<\/a><\/li>\n\n\n\n<li><a href=\"https:\/\/universofamilia.com\/cs\/5105\/noviazgo-cristiano-para-toda-la-vida\/\">K\u0159es\u0165ansk\u00e9 rand\u011bn\u00ed na cel\u00fd \u017eivot<\/a><\/li>\n<\/ul>\n\n\n\n<h2 class=\"wp-block-heading\"><strong>D\u016fle\u017eitost digit\u00e1ln\u00edho soukrom\u00ed<\/strong><\/h2>\n\n\n\n<p>Mobiln\u00ed telefony jsou \u010dasto prodlou\u017een\u00edm na\u0161eho ka\u017edodenn\u00edho \u017eivota a obsahuj\u00ed nejen z\u00e1znamy \u0161\u0165astn\u00fdch okam\u017eik\u016f, ale i osobn\u00ed a intimn\u00ed vzpom\u00ednky.<\/p>\n\n\n\n<p>Ochrana t\u011bchto informac\u00ed p\u0159ed kyber\u0161piony nebo zv\u011bdav\u00fdmi lidmi se st\u00e1v\u00e1 prioritou pro mnoho u\u017eivatel\u016f.<\/p>\n\n\n\n<p>Aplikace pro skryt\u00ed fotografi\u00ed a vide\u00ed poskytuj\u00ed dal\u0161\u00ed vrstvu zabezpe\u010den\u00ed a zaji\u0161\u0165uj\u00ed, \u017ee k chr\u00e1n\u011bn\u00fdm soubor\u016fm maj\u00ed p\u0159\u00edstup pouze opr\u00e1vn\u011bn\u00ed u\u017eivatel\u00e9.<\/p>\n\n\n\n<p>Krom\u011b ochrany osobn\u00edho soukrom\u00ed jsou tyto aplikace u\u017eite\u010dn\u00e9 i v p\u0159\u00edpadech ztr\u00e1ty nebo kr\u00e1de\u017ee za\u0159\u00edzen\u00ed.<\/p>\n\n\n\n<p>Koneckonc\u016f, ztr\u00e1ta mobiln\u00edho telefonu by nem\u011bla znamenat vyzrazen\u00ed d\u016fv\u011brn\u00fdch informac\u00ed.<\/p>\n\n\n\n<p>V t\u00e9to souvislosti se zav\u00e1d\u011bn\u00ed bezpe\u010dnostn\u00edch opat\u0159en\u00ed, jako je nap\u0159\u00edklad zakr\u00fdv\u00e1n\u00ed tunel\u016f, st\u00e1v\u00e1 obez\u0159etnou a nezbytnou prax\u00ed.<\/p>\n\n\n\n<h2 class=\"wp-block-heading\"><strong>Maskovac\u00ed aplikace<\/strong><\/h2>\n\n\n\n<p>R\u016fzn\u00e9 aplikace dostupn\u00e9 na trhu nab\u00edzej\u00ed funkci pro skryt\u00ed fotografi\u00ed a vide\u00ed, ale je nezbytn\u00e9 vybrat spolehlivou a efektivn\u00ed mo\u017enost.<\/p>\n\n\n\n<p>Dv\u011b aplikace, kter\u00e9 v tomto sc\u00e9n\u00e1\u0159i vynikaj\u00ed, jsou \u201eSkr\u00fdt trezor fotografi\u00ed a vide\u00ed\u201c a \u201eZam\u010den\u00e9 tajn\u00e9 album\u201c.<\/p>\n\n\n\n<p>\u201eSkr\u00fdt foto trezor a videa\u201c nab\u00edz\u00ed intuitivn\u00ed rozhran\u00ed a pokro\u010dil\u00e9 bezpe\u010dnostn\u00ed funkce.<\/p>\n\n\n\n<p>Krom\u011b skryt\u00ed fotografi\u00ed a vide\u00ed v\u00e1m aplikace tak\u00e9 umo\u017e\u0148uje vytv\u00e1\u0159et slo\u017eky chr\u00e1n\u011bn\u00e9 heslem, co\u017e poskytuje dal\u0161\u00ed \u00farove\u0148 zabezpe\u010den\u00ed.<\/p>\n\n\n\n<p>U\u017eivatel\u00e9 chv\u00e1l\u00ed jeho snadn\u00e9 pou\u017eit\u00ed a efektivitu p\u0159i ochran\u011b citliv\u00e9ho obsahu.<\/p>\n\n\n\n<p>Dal\u0161\u00ed solidn\u00ed mo\u017enost\u00ed je \u201eLocked Secret Album\u201c. Tato aplikace nejen skr\u00fdv\u00e1 fotografie a videa, ale tak\u00e9 nab\u00edz\u00ed mo\u017enost vytv\u00e1\u0159et speci\u00e1ln\u00ed alba s r\u016fzn\u00fdmi \u00farovn\u011bmi p\u0159\u00edstupu.<\/p>\n\n\n\n<p>Funkci kamufl\u00e1\u017ee ikony aplikace na domovsk\u00e9 obrazovce oce\u0148uje mnoho u\u017eivatel\u016f, d\u00edky \u010demu\u017e je je\u0161t\u011b diskr\u00e9tn\u011bj\u0161\u00ed.<\/p>\n\n\n\n<h2 class=\"wp-block-heading\"><strong>Co \u0159\u00edkaj\u00ed u\u017eivatel\u00e9<\/strong><\/h2>\n\n\n\n<p>U\u017eivatelsk\u00e1 zp\u011btn\u00e1 vazba k t\u011bmto aplikac\u00edm je obecn\u011b pozitivn\u00ed. Zpr\u00e1vy zd\u016fraz\u0148uj\u00ed jejich \u00fa\u010dinnost v ochran\u011b soukrom\u00ed, snadnou navigaci a spolehlivost p\u0159i bezpe\u010dn\u00e9m ukl\u00e1d\u00e1n\u00ed citliv\u00fdch soubor\u016f.<\/p>\n\n\n\n<p>Mnoho u\u017eivatel\u016f si cen\u00ed klidu, kter\u00fd tyto aplikace poskytuj\u00ed, proto\u017ee v\u011bd\u00ed, \u017ee jejich osobn\u00ed \u00fadaje jsou \u0159\u00e1dn\u011b chr\u00e1n\u011bny.<\/p>\n\n\n<div class=\"wp-block-image\">\n<figure class=\"aligncenter size-full\"><img loading=\"lazy\" decoding=\"async\" width=\"550\" height=\"350\" src=\"http:\/\/universofamilia.com\/wp-content\/uploads\/sites\/148\/2024\/01\/P-550x350-6-2.jpg\" alt=\"\" class=\"wp-image-5115\" srcset=\"https:\/\/universofamilia.com\/wp-content\/uploads\/sites\/148\/2024\/01\/P-550x350-6-2.jpg 550w, https:\/\/universofamilia.com\/wp-content\/uploads\/sites\/148\/2024\/01\/P-550x350-6-2-300x191.jpg 300w\" sizes=\"(max-width: 550px) 100vw, 550px\" \/><figcaption class=\"wp-element-caption\">D\u016fle\u017eitost skryt\u00ed va\u0161\u00ed fotogalerie a videogalerie<\/figcaption><\/figure><\/div>\n\n\n<h2 class=\"wp-block-heading\"><strong>Z\u00e1v\u011br<\/strong><\/h2>\n\n\n\n<p>Ve st\u00e1le v\u00edce propojen\u00e9m sv\u011bt\u011b je ochrana digit\u00e1ln\u00edho soukrom\u00ed kl\u00ed\u010dov\u00e1.<\/p>\n\n\n\n<p>V tomto ohledu hraj\u00ed z\u00e1sadn\u00ed roli aplikace ur\u010den\u00e9 pro skryt\u00ed fotografi\u00ed a vide\u00ed, kter\u00e9 zaji\u0161\u0165uj\u00ed, aby intimn\u00ed okam\u017eiky z\u016fstaly viditeln\u00e9 pouze pro opr\u00e1vn\u011bn\u00e9 osoby.<\/p>\n\n\n\n<p>Jak \u201eSkr\u00fdt foto trezor a videa\u201c, tak \u201eZam\u010den\u00e9 tajn\u00e9 album\u201c nab\u00edzej\u00ed robustn\u00ed a spolehliv\u00e1 \u0159e\u0161en\u00ed, kter\u00e1 spl\u0148uj\u00ed pot\u0159eby i t\u011bch nejn\u00e1ro\u010dn\u011bj\u0161\u00edch u\u017eivatel\u016f.<\/p>\n\n\n\n<p>Nenech\u00e1vejte sv\u00e9 soukrom\u00ed n\u00e1hod\u011b. Vyzkou\u0161ejte tyto aplikace a ochra\u0148te svou fotogalerii a videogalerii p\u0159ed zv\u011bdav\u00fdmi zraky.<\/p>\n\n\n\n<p><strong>Odkazy ke sta\u017een\u00ed:<\/strong><\/p>\n\n\n\n<ul>\n<li>Skr\u00fdt foto trezor a videa <a href=\"https:\/\/play.google.com\/store\/apps\/details?id=com.galleryvault.VideoLocker&amp;hl=en\">(Android)<\/a> \/<a href=\"https:\/\/apps.apple.com\/br\/app\/photo-vault-hide-photo-video\/id1521397057\"> (iOS)<\/a><\/li>\n\n\n\n<li>Zam\u010den\u00e9 tajn\u00e9 album  <a href=\"https:\/\/apps.apple.com\/us\/app\/safe-lock-photo-album-vault\/id1195429570#:~:text=Safe%20Lock%20%2D%20Private%20Photo%20Vault%2C%20the%20most%20secure%20and%20private,and%20inaccessible%20to%20prying%20eyes.\">(iOS)<\/a><\/li>\n<\/ul>\n\n\n\n<p>Chra\u0148te se. Va\u0161e soukrom\u00ed je prioritou.<\/p>","protected":false},"excerpt":{"rendered":"<p>V dne\u0161n\u00ed digit\u00e1ln\u00ed krajin\u011b, kde technologie hraj\u00ed v na\u0161ich \u017eivotech z\u00e1sadn\u00ed roli, se ochrana soukrom\u00ed st\u00e1v\u00e1 st\u00e1le nal\u00e9hav\u011bj\u0161\u00edm probl\u00e9mem. S roz\u0161\u00ed\u0159en\u00edm chytr\u00fdch telefon\u016f se stalo b\u011b\u017en\u00fdm ukl\u00e1d\u00e1n\u00edm \u0161irok\u00e9 \u0161k\u00e1ly fotografi\u00ed a vide\u00ed na na\u0161ich za\u0159\u00edzen\u00edch. \u010casto v\u0161ak [\u2026]<\/p>","protected":false},"author":139,"featured_media":5115,"comment_status":"closed","ping_status":"open","sticky":false,"template":"","format":"standard","meta":{"footnotes":""},"categories":[4],"tags":[400,767,984,1183],"yoast_head":"<!-- This site is optimized with the Yoast SEO plugin v23.3 - https:\/\/yoast.com\/wordpress\/plugins\/seo\/ -->\n<title>La Importancia de Ocultar tu Galer\u00eda de Fotos y Videos - Universo Fam\u00edlia<\/title>\n<meta name=\"description\" content=\"La Importancia de Ocultar tu Galer\u00eda de Fotos y Videos. En el actual escenario digital, donde la tecnolog\u00eda desempe\u00f1a un papel...\" \/>\n<meta name=\"robots\" content=\"index, follow, max-snippet:-1, max-image-preview:large, max-video-preview:-1\" \/>\n<link rel=\"canonical\" href=\"https:\/\/universofamilia.com\/cs\/la-importancia-de-ocultar-tu-galeria-de-fotos-y-videos\/\" \/>\n<meta property=\"og:locale\" content=\"cs_CZ\" \/>\n<meta property=\"og:type\" content=\"article\" \/>\n<meta property=\"og:title\" content=\"La Importancia de Ocultar tu Galer\u00eda de Fotos y Videos - Universo Fam\u00edlia\" \/>\n<meta property=\"og:description\" content=\"La Importancia de Ocultar tu Galer\u00eda de Fotos y Videos. En el actual escenario digital, donde la tecnolog\u00eda desempe\u00f1a un papel...\" \/>\n<meta property=\"og:url\" content=\"https:\/\/universofamilia.com\/cs\/la-importancia-de-ocultar-tu-galeria-de-fotos-y-videos\/\" \/>\n<meta property=\"og:site_name\" content=\"Universo Fam\u00edlia\" \/>\n<meta property=\"article:published_time\" content=\"2024-01-31T20:10:23+00:00\" \/>\n<meta property=\"article:modified_time\" content=\"2025-01-28T12:48:31+00:00\" \/>\n<meta property=\"og:image\" content=\"https:\/\/universofamilia.com\/wp-content\/uploads\/sites\/148\/2024\/01\/P-550x350-6-2.jpg\" \/>\n\t<meta property=\"og:image:width\" content=\"550\" \/>\n\t<meta property=\"og:image:height\" content=\"350\" \/>\n\t<meta property=\"og:image:type\" content=\"image\/jpeg\" \/>\n<meta name=\"author\" content=\"Pedro Henrique\" \/>\n<meta name=\"twitter:card\" content=\"summary_large_image\" \/>\n<meta name=\"twitter:label1\" content=\"Written by\" \/>\n\t<meta name=\"twitter:data1\" content=\"Pedro Henrique\" \/>\n\t<meta name=\"twitter:label2\" content=\"Est. reading time\" \/>\n\t<meta name=\"twitter:data2\" content=\"4 minuty\" \/>\n<script type=\"application\/ld+json\" class=\"yoast-schema-graph\">{\"@context\":\"https:\/\/schema.org\",\"@graph\":[{\"@type\":\"WebPage\",\"@id\":\"https:\/\/universofamilia.com\/el\/la-importancia-de-ocultar-tu-galeria-de-fotos-y-videos\/\",\"url\":\"https:\/\/universofamilia.com\/el\/la-importancia-de-ocultar-tu-galeria-de-fotos-y-videos\/\",\"name\":\"La Importancia de Ocultar tu Galer\u00eda de Fotos y Videos - Universo Fam\u00edlia\",\"isPartOf\":{\"@id\":\"https:\/\/universofamilia.com\/el\/#website\"},\"primaryImageOfPage\":{\"@id\":\"https:\/\/universofamilia.com\/el\/la-importancia-de-ocultar-tu-galeria-de-fotos-y-videos\/#primaryimage\"},\"image\":{\"@id\":\"https:\/\/universofamilia.com\/el\/la-importancia-de-ocultar-tu-galeria-de-fotos-y-videos\/#primaryimage\"},\"thumbnailUrl\":\"https:\/\/universofamilia.com\/wp-content\/uploads\/sites\/148\/2024\/01\/P-550x350-6-2.jpg\",\"datePublished\":\"2024-01-31T20:10:23+00:00\",\"dateModified\":\"2025-01-28T12:48:31+00:00\",\"author\":{\"@id\":\"https:\/\/universofamilia.com\/el\/#\/schema\/person\/f07ce98187dd84d31154262e79b3b7ca\"},\"description\":\"La Importancia de Ocultar tu Galer\u00eda de Fotos y Videos. En el actual escenario digital, donde la tecnolog\u00eda desempe\u00f1a un papel...\",\"breadcrumb\":{\"@id\":\"https:\/\/universofamilia.com\/el\/la-importancia-de-ocultar-tu-galeria-de-fotos-y-videos\/#breadcrumb\"},\"inLanguage\":\"cs\",\"potentialAction\":[{\"@type\":\"ReadAction\",\"target\":[\"https:\/\/universofamilia.com\/el\/la-importancia-de-ocultar-tu-galeria-de-fotos-y-videos\/\"]}]},{\"@type\":\"ImageObject\",\"inLanguage\":\"cs\",\"@id\":\"https:\/\/universofamilia.com\/el\/la-importancia-de-ocultar-tu-galeria-de-fotos-y-videos\/#primaryimage\",\"url\":\"https:\/\/universofamilia.com\/wp-content\/uploads\/sites\/148\/2024\/01\/P-550x350-6-2.jpg\",\"contentUrl\":\"https:\/\/universofamilia.com\/wp-content\/uploads\/sites\/148\/2024\/01\/P-550x350-6-2.jpg\",\"width\":550,\"height\":350,\"caption\":\"La Importancia de Ocultar tu Galer\u00eda de Fotos y Videos\"},{\"@type\":\"BreadcrumbList\",\"@id\":\"https:\/\/universofamilia.com\/el\/la-importancia-de-ocultar-tu-galeria-de-fotos-y-videos\/#breadcrumb\",\"itemListElement\":[{\"@type\":\"ListItem\",\"position\":1,\"name\":\"Home\",\"item\":\"https:\/\/universofamilia.com\/el\/\"},{\"@type\":\"ListItem\",\"position\":2,\"name\":\"La Importancia de Ocultar tu Galer\u00eda de Fotos y Videos\"}]},{\"@type\":\"WebSite\",\"@id\":\"https:\/\/universofamilia.com\/el\/#website\",\"url\":\"https:\/\/universofamilia.com\/el\/\",\"name\":\"Universo Fam\u00edlia\",\"description\":\"\",\"potentialAction\":[{\"@type\":\"SearchAction\",\"target\":{\"@type\":\"EntryPoint\",\"urlTemplate\":\"https:\/\/universofamilia.com\/el\/?s={search_term_string}\"},\"query-input\":\"required name=search_term_string\"}],\"inLanguage\":\"cs\"},{\"@type\":\"Person\",\"@id\":\"https:\/\/universofamilia.com\/el\/#\/schema\/person\/f07ce98187dd84d31154262e79b3b7ca\",\"name\":\"Pedro Henrique\",\"image\":{\"@type\":\"ImageObject\",\"inLanguage\":\"cs\",\"@id\":\"https:\/\/universofamilia.com\/el\/#\/schema\/person\/image\/\",\"url\":\"https:\/\/secure.gravatar.com\/avatar\/9edfeb808cb4e1599f64d6e45b130154?s=96&d=mm&r=g\",\"contentUrl\":\"https:\/\/secure.gravatar.com\/avatar\/9edfeb808cb4e1599f64d6e45b130154?s=96&d=mm&r=g\",\"caption\":\"Pedro Henrique\"},\"url\":\"https:\/\/universofamilia.com\/cs\/author\/editor01\/\"}]}<\/script>\n<!-- \/ Yoast SEO plugin. -->","yoast_head_json":{"title":"La Importancia de Ocultar tu Galer\u00eda de Fotos y Videos - Universo Fam\u00edlia","description":"La Importancia de Ocultar tu Galer\u00eda de Fotos y Videos. En el actual escenario digital, donde la tecnolog\u00eda desempe\u00f1a un papel...","robots":{"index":"index","follow":"follow","max-snippet":"max-snippet:-1","max-image-preview":"max-image-preview:large","max-video-preview":"max-video-preview:-1"},"canonical":"https:\/\/universofamilia.com\/cs\/la-importancia-de-ocultar-tu-galeria-de-fotos-y-videos\/","og_locale":"cs_CZ","og_type":"article","og_title":"La Importancia de Ocultar tu Galer\u00eda de Fotos y Videos - Universo Fam\u00edlia","og_description":"La Importancia de Ocultar tu Galer\u00eda de Fotos y Videos. En el actual escenario digital, donde la tecnolog\u00eda desempe\u00f1a un papel...","og_url":"https:\/\/universofamilia.com\/cs\/la-importancia-de-ocultar-tu-galeria-de-fotos-y-videos\/","og_site_name":"Universo Fam\u00edlia","article_published_time":"2024-01-31T20:10:23+00:00","article_modified_time":"2025-01-28T12:48:31+00:00","og_image":[{"width":550,"height":350,"url":"https:\/\/universofamilia.com\/wp-content\/uploads\/sites\/148\/2024\/01\/P-550x350-6-2.jpg","type":"image\/jpeg"}],"author":"Pedro Henrique","twitter_card":"summary_large_image","twitter_misc":{"Written by":"Pedro Henrique","Est. reading time":"4 minuty"},"schema":{"@context":"https:\/\/schema.org","@graph":[{"@type":"WebPage","@id":"https:\/\/universofamilia.com\/el\/la-importancia-de-ocultar-tu-galeria-de-fotos-y-videos\/","url":"https:\/\/universofamilia.com\/el\/la-importancia-de-ocultar-tu-galeria-de-fotos-y-videos\/","name":"La Importancia de Ocultar tu Galer\u00eda de Fotos y Videos - Universo Fam\u00edlia","isPartOf":{"@id":"https:\/\/universofamilia.com\/el\/#website"},"primaryImageOfPage":{"@id":"https:\/\/universofamilia.com\/el\/la-importancia-de-ocultar-tu-galeria-de-fotos-y-videos\/#primaryimage"},"image":{"@id":"https:\/\/universofamilia.com\/el\/la-importancia-de-ocultar-tu-galeria-de-fotos-y-videos\/#primaryimage"},"thumbnailUrl":"https:\/\/universofamilia.com\/wp-content\/uploads\/sites\/148\/2024\/01\/P-550x350-6-2.jpg","datePublished":"2024-01-31T20:10:23+00:00","dateModified":"2025-01-28T12:48:31+00:00","author":{"@id":"https:\/\/universofamilia.com\/el\/#\/schema\/person\/f07ce98187dd84d31154262e79b3b7ca"},"description":"La Importancia de Ocultar tu Galer\u00eda de Fotos y Videos. En el actual escenario digital, donde la tecnolog\u00eda desempe\u00f1a un papel...","breadcrumb":{"@id":"https:\/\/universofamilia.com\/el\/la-importancia-de-ocultar-tu-galeria-de-fotos-y-videos\/#breadcrumb"},"inLanguage":"cs","potentialAction":[{"@type":"ReadAction","target":["https:\/\/universofamilia.com\/el\/la-importancia-de-ocultar-tu-galeria-de-fotos-y-videos\/"]}]},{"@type":"ImageObject","inLanguage":"cs","@id":"https:\/\/universofamilia.com\/el\/la-importancia-de-ocultar-tu-galeria-de-fotos-y-videos\/#primaryimage","url":"https:\/\/universofamilia.com\/wp-content\/uploads\/sites\/148\/2024\/01\/P-550x350-6-2.jpg","contentUrl":"https:\/\/universofamilia.com\/wp-content\/uploads\/sites\/148\/2024\/01\/P-550x350-6-2.jpg","width":550,"height":350,"caption":"La Importancia de Ocultar tu Galer\u00eda de Fotos y Videos"},{"@type":"BreadcrumbList","@id":"https:\/\/universofamilia.com\/el\/la-importancia-de-ocultar-tu-galeria-de-fotos-y-videos\/#breadcrumb","itemListElement":[{"@type":"ListItem","position":1,"name":"Home","item":"https:\/\/universofamilia.com\/el\/"},{"@type":"ListItem","position":2,"name":"La Importancia de Ocultar tu Galer\u00eda de Fotos y Videos"}]},{"@type":"WebSite","@id":"https:\/\/universofamilia.com\/el\/#website","url":"https:\/\/universofamilia.com\/el\/","name":"Universo Fam\u00edlia","description":"","potentialAction":[{"@type":"SearchAction","target":{"@type":"EntryPoint","urlTemplate":"https:\/\/universofamilia.com\/el\/?s={search_term_string}"},"query-input":"required name=search_term_string"}],"inLanguage":"cs"},{"@type":"Person","@id":"https:\/\/universofamilia.com\/el\/#\/schema\/person\/f07ce98187dd84d31154262e79b3b7ca","name":"Pedro Henrique","image":{"@type":"ImageObject","inLanguage":"cs","@id":"https:\/\/universofamilia.com\/el\/#\/schema\/person\/image\/","url":"https:\/\/secure.gravatar.com\/avatar\/9edfeb808cb4e1599f64d6e45b130154?s=96&d=mm&r=g","contentUrl":"https:\/\/secure.gravatar.com\/avatar\/9edfeb808cb4e1599f64d6e45b130154?s=96&d=mm&r=g","caption":"Pedro Henrique"},"url":"https:\/\/universofamilia.com\/cs\/author\/editor01\/"}]}},"_links":{"self":[{"href":"https:\/\/universofamilia.com\/cs\/wp-json\/wp\/v2\/posts\/5114"}],"collection":[{"href":"https:\/\/universofamilia.com\/cs\/wp-json\/wp\/v2\/posts"}],"about":[{"href":"https:\/\/universofamilia.com\/cs\/wp-json\/wp\/v2\/types\/post"}],"author":[{"embeddable":true,"href":"https:\/\/universofamilia.com\/cs\/wp-json\/wp\/v2\/users\/139"}],"replies":[{"embeddable":true,"href":"https:\/\/universofamilia.com\/cs\/wp-json\/wp\/v2\/comments?post=5114"}],"version-history":[{"count":1,"href":"https:\/\/universofamilia.com\/cs\/wp-json\/wp\/v2\/posts\/5114\/revisions"}],"predecessor-version":[{"id":8338,"href":"https:\/\/universofamilia.com\/cs\/wp-json\/wp\/v2\/posts\/5114\/revisions\/8338"}],"wp:featuredmedia":[{"embeddable":true,"href":"https:\/\/universofamilia.com\/cs\/wp-json\/wp\/v2\/media\/5115"}],"wp:attachment":[{"href":"https:\/\/universofamilia.com\/cs\/wp-json\/wp\/v2\/media?parent=5114"}],"wp:term":[{"taxonomy":"category","embeddable":true,"href":"https:\/\/universofamilia.com\/cs\/wp-json\/wp\/v2\/categories?post=5114"},{"taxonomy":"post_tag","embeddable":true,"href":"https:\/\/universofamilia.com\/cs\/wp-json\/wp\/v2\/tags?post=5114"}],"curies":[{"name":"wp","href":"https:\/\/api.w.org\/{rel}","templated":true}]}}