{"id":5472,"date":"2024-03-25T19:40:04","date_gmt":"2024-03-25T19:40:04","guid":{"rendered":"https:\/\/universofamilia.com\/?p=5472"},"modified":"2025-01-29T01:27:42","modified_gmt":"2025-01-29T01:27:42","slug":"descubre-la-red-social-de-una-persona-con-solo-una-foto","status":"publish","type":"post","link":"https:\/\/universofamilia.com\/cs\/descubre-la-red-social-de-una-persona-con-solo-una-foto\/","title":{"rendered":"Objevte soci\u00e1ln\u00ed s\u00ed\u0165 \u010dlov\u011bka jen pomoc\u00ed fotografie\ud83d\udcf8"},"content":{"rendered":"<p>Objevte soci\u00e1ln\u00ed s\u00ed\u0165 osoby jen pomoc\u00ed fotografie\ud83d\udcf8. V dne\u0161n\u00edm digit\u00e1ln\u00edm sv\u011bt\u011b jsou bezpe\u010dnost a soukrom\u00ed kl\u00ed\u010dov\u00fdmi aspekty.<\/p>\n\n\n\n<p>S roz\u0161\u00ed\u0159en\u00edm soci\u00e1ln\u00edch m\u00e9di\u00ed se pro u\u017eivatele st\u00e1v\u00e1 snaz\u0161\u00ed komunikovat, ale z\u00e1rove\u0148 to s sebou nese obavy z \u00faniku osobn\u00edch \u00fadaj\u016f.<\/p>\n\n\n\n<p>Jak si tedy m\u016f\u017eeme zajistit bezpe\u010dnost p\u0159i prozkoum\u00e1v\u00e1n\u00ed rozs\u00e1hl\u00e9 krajiny soci\u00e1ln\u00edch m\u00e9di\u00ed?<\/p>\n\n\n\n<p>Jedn\u00edm z n\u00e1stroj\u016f, kter\u00e9 z\u00edsk\u00e1vaj\u00ed na popularit\u011b, je Facecheck.id, web, kter\u00fd slibuje odhalen\u00ed soci\u00e1ln\u00ed s\u00edt\u011b osoby pouze na z\u00e1klad\u011b jej\u00ed fotografie.<\/p>\n\n\n\n<p>Poj\u010fme se hloub\u011bji pono\u0159it do tohoto zaj\u00edmav\u00e9ho n\u00e1stroje a pochopit, jak funguje.<\/p>\n\n\n\n<h2 class=\"wp-block-heading\">Viz tak\u00e9<\/h2>\n\n\n\n<ul class=\"has-medium-font-size\">\n<li class=\"has-medium-font-size\">\ud83d\udd0d\ud83d\udd75\ufe0f\u200d\u2640\ufe0f\ud83d\udd12 <a href=\"https:\/\/universofamilia.com\/cs\/5338\/las-aplicaciones-que-han-revolucionado-el-supermercado\/\">Aplikace, kter\u00e9 zp\u016fsobily revoluci v supermarketech!<\/a><\/li>\n\n\n\n<li class=\"has-medium-font-size\">\ud83d\udcf8\ud83d\uddbc\ufe0f\ud83d\udcf1 <a href=\"https:\/\/universofamilia.com\/cs\/5099\/restaurar-fotos-eliminadas-en-el-telefono-movil\/\">Obnoven\u00ed smazan\u00fdch fotografi\u00ed na mobiln\u00edm telefonu<\/a><\/li>\n\n\n\n<li class=\"has-medium-font-size\">\ud83d\udc91\u26ea\ufe0f\ud83d\udcd6 <a href=\"https:\/\/universofamilia.com\/cs\/5105\/noviazgo-cristiano-para-toda-la-vida\/\">K\u0159es\u0165ansk\u00e9 rand\u011bn\u00ed na cel\u00fd \u017eivot<\/a><\/li>\n<\/ul>\n\n\n\n<h2 class=\"wp-block-heading\">Co je Facecheck.id? \ud83d\udd75\ufe0f\u200d\u2642\ufe0f<\/h2>\n\n\n\n<p>Facecheck.id je web, kter\u00fd vyu\u017e\u00edv\u00e1 rozs\u00e1hlou datab\u00e1zi srovn\u00e1vac\u00edch obr\u00e1zk\u016f k nalezen\u00ed lid\u00ed podobn\u00fdch osob\u011b, kterou chcete identifikovat.<\/p>\n\n\n\n<p>A\u0165 u\u017e jde o bezpe\u010dnost, zv\u011bdavost nebo dokonce v\u00fdzkum, Facecheck.id nab\u00edz\u00ed rychl\u00fd a snadn\u00fd zp\u016fsob, jak zjistit informace o osob\u011b z jedin\u00e9 fotografie.<\/p>\n\n\n\n<h2 class=\"wp-block-heading\">Jak to funguje? \ud83d\udd04<\/h2>\n\n\n\n<p>Kdy\u017e nahrajete fotografii na Facecheck.id, algoritmus webu prohled\u00e1 jeho datab\u00e1zi, kter\u00e1 obsahuje miliony obr\u00e1zk\u016f.<\/p>\n\n\n\n<p>Vyhledejte rysy obli\u010deje a dal\u0161\u00ed charakteristick\u00e9 znaky, abyste na\u0161li shody v okol\u00ed.<\/p>\n\n\n\n<p>Je d\u016fle\u017eit\u00e9 poznamenat, \u017ee vzhledem k obrovsk\u00e9mu mno\u017estv\u00ed dat a slo\u017eitosti porovn\u00e1v\u00e1n\u00ed se m\u016f\u017ee p\u0159esnost li\u0161it.<\/p>\n\n\n\n<h2 class=\"wp-block-heading\">Bezpe\u010dnostn\u00ed ochrana povolena: Pou\u017e\u00edvejte Facecheck.id s opatrnost\u00ed \ud83d\udea8<\/h2>\n\n\n\n<p>P\u0159esto\u017ee Facecheck.id m\u016f\u017ee b\u00fdt u\u017eite\u010dn\u00fdm n\u00e1strojem v r\u016fzn\u00fdch situac\u00edch, je z\u00e1sadn\u00ed jej pou\u017e\u00edvat s opatrnost\u00ed, zejm\u00e9na z hlediska ochrany soukrom\u00ed a bezpe\u010dnosti.<\/p>\n\n\n\n<p>Zde je n\u011bkolik krok\u016f, kter\u00e9 m\u016f\u017eete podniknout k ochran\u011b sv\u00e9ho soukrom\u00ed p\u0159i pou\u017e\u00edv\u00e1n\u00ed Facecheck.id:<\/p>\n\n\n\n<h3 class=\"wp-block-heading\">1. <strong>Pochopen\u00ed rizik<\/strong><\/h3>\n\n\n\n<p>P\u0159ed proveden\u00edm jak\u00e9hokoli vyhled\u00e1v\u00e1n\u00ed je d\u016fle\u017eit\u00e9 pochopit rizika spojen\u00e1 s odhalen\u00edm osobn\u00edch \u00fadaj\u016f.<\/p>\n\n\n\n<p>Dob\u0159e si rozmyslete, pro\u010d pou\u017e\u00edv\u00e1te Facecheck.id a zda jste ochotni akceptovat v\u00fdsledky.<\/p>\n\n\n\n<h3 class=\"wp-block-heading\">2. <strong>Omezte pou\u017e\u00edv\u00e1n\u00ed osobn\u00edch fotografi\u00ed<\/strong><\/h3>\n\n\n\n<p>Vyhn\u011bte se nahr\u00e1v\u00e1n\u00ed osobn\u00edch nebo citliv\u00fdch fotografi\u00ed na Facecheck.id, zejm\u00e9na t\u011bch, kter\u00e9 by mohly odhalit soukrom\u00e9 informace o v\u00e1s nebo jin\u00fdch osob\u00e1ch.<\/p>\n\n\n\n<p>Kdykoli je to mo\u017en\u00e9, pou\u017e\u00edvejte obecn\u00e9 nebo ve\u0159ejn\u00e9 obr\u00e1zky.<\/p>\n\n\n\n<h3 class=\"wp-block-heading\">3. <strong>Diskr\u00e9tn\u00ed kontrola v\u00fdsledk\u016f<\/strong><\/h3>\n\n\n\n<p>Pokud obdr\u017e\u00edte v\u00fdsledky z Facecheck.id, zkontrolujte je pros\u00edm s rozvahou a opatrnost\u00ed.<\/p>\n\n\n\n<p>Nesd\u00edlejte citliv\u00e9 ani soukrom\u00e9 informace bez \u0159\u00e1dn\u00e9ho souhlasu dot\u010den\u00e9 osoby.<\/p>\n\n\n\n<h3 class=\"wp-block-heading\">4. <strong>Zachov\u00e1vejte soukrom\u00ed osobn\u00edch \u00fadaj\u016f<\/strong><\/h3>\n\n\n\n<p>Bez ohledu na dosa\u017een\u00e9 v\u00fdsledky je d\u016fle\u017eit\u00e9 chr\u00e1nit a chr\u00e1nit sv\u00e9 osobn\u00ed \u00fadaje.<\/p>\n\n\n\n<p>Uv\u011bdomte si, jak va\u0161e online aktivity mohou ovlivnit va\u0161i bezpe\u010dnost, a podnikn\u011bte kroky k ochran\u011b sv\u00e9ho soukrom\u00ed.<\/p>\n\n\n<div class=\"wp-block-image\">\n<figure class=\"aligncenter size-full\"><img loading=\"lazy\" decoding=\"async\" width=\"550\" height=\"350\" src=\"http:\/\/universofamilia.com\/wp-content\/uploads\/sites\/148\/2024\/03\/P-550x350-3-9.jpg\" alt=\"\" class=\"wp-image-5473\" srcset=\"https:\/\/universofamilia.com\/wp-content\/uploads\/sites\/148\/2024\/03\/P-550x350-3-9.jpg 550w, https:\/\/universofamilia.com\/wp-content\/uploads\/sites\/148\/2024\/03\/P-550x350-3-9-300x191.jpg 300w\" sizes=\"(max-width: 550px) 100vw, 550px\" \/><figcaption class=\"wp-element-caption\">Objevte soci\u00e1ln\u00ed s\u00ed\u0165 \u010dlov\u011bka jen pomoc\u00ed fotografie\ud83d\udcf8<\/figcaption><\/figure><\/div>\n\n\n<h2 class=\"wp-block-heading\">Z\u00e1v\u011br: V\u00fdkonn\u00fd n\u00e1stroj se zodpov\u011bdnost\u00ed \ud83c\udf1f<\/h2>\n\n\n\n<p>Facecheck.id nab\u00edz\u00ed pohodln\u00fd zp\u016fsob, jak zjistit soci\u00e1ln\u00ed s\u00ed\u0165 osoby pouze z jej\u00ed fotografie. Toto pohodl\u00ed v\u0161ak s sebou nese i ur\u010dit\u00e9 riziko.<\/p>\n\n\n\n<p>Je nezbytn\u00e9 pou\u017e\u00edvat tento n\u00e1stroj opatrn\u011b a chr\u00e1nit sv\u00e9 vlastn\u00ed soukrom\u00ed i soukrom\u00ed ostatn\u00edch.<\/p>\n\n\n\n<p>Pochopen\u00edm rizik a p\u0159ijet\u00edm bezpe\u010dn\u00fdch postup\u016f m\u016f\u017eete Facecheck.id vyu\u017e\u00edvat co nejl\u00e9pe a zodpov\u011bdn\u011b.<\/p>\n\n\n\n<p>Tak\u017ee a\u017e p\u0159\u00ed\u0161t\u011b budete uva\u017eovat o pou\u017eit\u00ed Facecheck.id, pamatujte na tato bezpe\u010dnostn\u00ed opat\u0159en\u00ed a pou\u017e\u00edvejte tento n\u00e1stroj zodpov\u011bdn\u011b.<\/p>\n\n\n\n<p>Zjist\u011bte v\u00edce o Facecheck.id <a href=\"https:\/\/www.facecheck.id\/\">zde<\/a>, dostupn\u00e9 pro iOS a Android.<\/p>\n\n\n\n<p>S t\u011bmito tipy budete p\u0159ipraveni prozkoum\u00e1vat sv\u011bt soci\u00e1ln\u00edch m\u00e9di\u00ed bezpe\u010dn\u011bji a v\u011bdom\u011bji. \ud83d\udee1\ufe0f<\/p>","protected":false},"excerpt":{"rendered":"<p>Descubre la Red Social de una Persona con Solo una Foto\ud83d\udcf8. En el mundo digital de hoy, la seguridad y la privacidad son preocupaciones fundamentales. Con la proliferaci\u00f3n de las redes sociales, es cada vez m\u00e1s f\u00e1cil para los usuarios conectarse, pero tambi\u00e9n trae consigo preocupaciones sobre la exposici\u00f3n de informaci\u00f3n personal. Entonces, \u00bfc\u00f3mo podemos [&hellip;]<\/p>","protected":false},"author":139,"featured_media":5473,"comment_status":"closed","ping_status":"open","sticky":false,"template":"","format":"standard","meta":{"footnotes":""},"categories":[2],"tags":[736,737],"yoast_head":"<!-- This site is optimized with the Yoast SEO plugin v23.3 - https:\/\/yoast.com\/wordpress\/plugins\/seo\/ -->\n<title>Descubre la Red Social de una Persona con Solo una Foto\ud83d\udcf8 - Universo Fam\u00edlia<\/title>\n<meta name=\"description\" content=\"Descubre la Red Social de una Persona con Solo una Foto\ud83d\udcf8. En el mundo digital de hoy, la seguridad y la privacidad son preocupaciones...\" \/>\n<meta name=\"robots\" content=\"index, follow, max-snippet:-1, max-image-preview:large, max-video-preview:-1\" \/>\n<link rel=\"canonical\" href=\"https:\/\/universofamilia.com\/cs\/descubre-la-red-social-de-una-persona-con-solo-una-foto\/\" \/>\n<meta property=\"og:locale\" content=\"cs_CZ\" \/>\n<meta property=\"og:type\" content=\"article\" \/>\n<meta property=\"og:title\" content=\"Descubre la Red Social de una Persona con Solo una Foto\ud83d\udcf8 - Universo Fam\u00edlia\" \/>\n<meta property=\"og:description\" content=\"Descubre la Red Social de una Persona con Solo una Foto\ud83d\udcf8. En el mundo digital de hoy, la seguridad y la privacidad son preocupaciones...\" \/>\n<meta property=\"og:url\" content=\"https:\/\/universofamilia.com\/cs\/descubre-la-red-social-de-una-persona-con-solo-una-foto\/\" \/>\n<meta property=\"og:site_name\" content=\"Universo Fam\u00edlia\" \/>\n<meta property=\"article:published_time\" content=\"2024-03-25T19:40:04+00:00\" \/>\n<meta property=\"article:modified_time\" content=\"2025-01-29T01:27:42+00:00\" \/>\n<meta property=\"og:image\" content=\"https:\/\/universofamilia.com\/wp-content\/uploads\/sites\/148\/2024\/03\/P-550x350-3-9.jpg\" \/>\n\t<meta property=\"og:image:width\" content=\"550\" \/>\n\t<meta property=\"og:image:height\" content=\"350\" \/>\n\t<meta property=\"og:image:type\" content=\"image\/jpeg\" \/>\n<meta name=\"author\" content=\"Pedro Henrique\" \/>\n<meta name=\"twitter:card\" content=\"summary_large_image\" \/>\n<meta name=\"twitter:label1\" content=\"Written by\" \/>\n\t<meta name=\"twitter:data1\" content=\"Pedro Henrique\" \/>\n\t<meta name=\"twitter:label2\" content=\"Est. reading time\" \/>\n\t<meta name=\"twitter:data2\" content=\"4 minuty\" \/>\n<script type=\"application\/ld+json\" class=\"yoast-schema-graph\">{\"@context\":\"https:\/\/schema.org\",\"@graph\":[{\"@type\":\"WebPage\",\"@id\":\"https:\/\/universofamilia.com\/hr\/descubre-la-red-social-de-una-persona-con-solo-una-foto\/\",\"url\":\"https:\/\/universofamilia.com\/hr\/descubre-la-red-social-de-una-persona-con-solo-una-foto\/\",\"name\":\"Descubre la Red Social de una Persona con Solo una Foto\ud83d\udcf8 - Universo Fam\u00edlia\",\"isPartOf\":{\"@id\":\"https:\/\/universofamilia.com\/el\/#website\"},\"primaryImageOfPage\":{\"@id\":\"https:\/\/universofamilia.com\/hr\/descubre-la-red-social-de-una-persona-con-solo-una-foto\/#primaryimage\"},\"image\":{\"@id\":\"https:\/\/universofamilia.com\/hr\/descubre-la-red-social-de-una-persona-con-solo-una-foto\/#primaryimage\"},\"thumbnailUrl\":\"https:\/\/universofamilia.com\/wp-content\/uploads\/sites\/148\/2024\/03\/P-550x350-3-9.jpg\",\"datePublished\":\"2024-03-25T19:40:04+00:00\",\"dateModified\":\"2025-01-29T01:27:42+00:00\",\"author\":{\"@id\":\"https:\/\/universofamilia.com\/el\/#\/schema\/person\/f07ce98187dd84d31154262e79b3b7ca\"},\"description\":\"Descubre la Red Social de una Persona con Solo una Foto\ud83d\udcf8. En el mundo digital de hoy, la seguridad y la privacidad son preocupaciones...\",\"breadcrumb\":{\"@id\":\"https:\/\/universofamilia.com\/hr\/descubre-la-red-social-de-una-persona-con-solo-una-foto\/#breadcrumb\"},\"inLanguage\":\"cs\",\"potentialAction\":[{\"@type\":\"ReadAction\",\"target\":[\"https:\/\/universofamilia.com\/hr\/descubre-la-red-social-de-una-persona-con-solo-una-foto\/\"]}]},{\"@type\":\"ImageObject\",\"inLanguage\":\"cs\",\"@id\":\"https:\/\/universofamilia.com\/hr\/descubre-la-red-social-de-una-persona-con-solo-una-foto\/#primaryimage\",\"url\":\"https:\/\/universofamilia.com\/wp-content\/uploads\/sites\/148\/2024\/03\/P-550x350-3-9.jpg\",\"contentUrl\":\"https:\/\/universofamilia.com\/wp-content\/uploads\/sites\/148\/2024\/03\/P-550x350-3-9.jpg\",\"width\":550,\"height\":350,\"caption\":\"Descubre la Red Social de una Persona con Solo una Foto\ud83d\udcf8\"},{\"@type\":\"BreadcrumbList\",\"@id\":\"https:\/\/universofamilia.com\/hr\/descubre-la-red-social-de-una-persona-con-solo-una-foto\/#breadcrumb\",\"itemListElement\":[{\"@type\":\"ListItem\",\"position\":1,\"name\":\"Home\",\"item\":\"https:\/\/universofamilia.com\/el\/\"},{\"@type\":\"ListItem\",\"position\":2,\"name\":\"Descubre la Red Social de una Persona con Solo una Foto\ud83d\udcf8\"}]},{\"@type\":\"WebSite\",\"@id\":\"https:\/\/universofamilia.com\/el\/#website\",\"url\":\"https:\/\/universofamilia.com\/el\/\",\"name\":\"Universo Fam\u00edlia\",\"description\":\"\",\"potentialAction\":[{\"@type\":\"SearchAction\",\"target\":{\"@type\":\"EntryPoint\",\"urlTemplate\":\"https:\/\/universofamilia.com\/el\/?s={search_term_string}\"},\"query-input\":\"required name=search_term_string\"}],\"inLanguage\":\"cs\"},{\"@type\":\"Person\",\"@id\":\"https:\/\/universofamilia.com\/el\/#\/schema\/person\/f07ce98187dd84d31154262e79b3b7ca\",\"name\":\"Pedro Henrique\",\"image\":{\"@type\":\"ImageObject\",\"inLanguage\":\"cs\",\"@id\":\"https:\/\/universofamilia.com\/el\/#\/schema\/person\/image\/\",\"url\":\"https:\/\/secure.gravatar.com\/avatar\/9edfeb808cb4e1599f64d6e45b130154?s=96&d=mm&r=g\",\"contentUrl\":\"https:\/\/secure.gravatar.com\/avatar\/9edfeb808cb4e1599f64d6e45b130154?s=96&d=mm&r=g\",\"caption\":\"Pedro Henrique\"},\"url\":\"https:\/\/universofamilia.com\/cs\/author\/editor01\/\"}]}<\/script>\n<!-- \/ Yoast SEO plugin. -->","yoast_head_json":{"title":"Descubre la Red Social de una Persona con Solo una Foto\ud83d\udcf8 - Universo Fam\u00edlia","description":"Descubre la Red Social de una Persona con Solo una Foto\ud83d\udcf8. En el mundo digital de hoy, la seguridad y la privacidad son preocupaciones...","robots":{"index":"index","follow":"follow","max-snippet":"max-snippet:-1","max-image-preview":"max-image-preview:large","max-video-preview":"max-video-preview:-1"},"canonical":"https:\/\/universofamilia.com\/cs\/descubre-la-red-social-de-una-persona-con-solo-una-foto\/","og_locale":"cs_CZ","og_type":"article","og_title":"Descubre la Red Social de una Persona con Solo una Foto\ud83d\udcf8 - Universo Fam\u00edlia","og_description":"Descubre la Red Social de una Persona con Solo una Foto\ud83d\udcf8. En el mundo digital de hoy, la seguridad y la privacidad son preocupaciones...","og_url":"https:\/\/universofamilia.com\/cs\/descubre-la-red-social-de-una-persona-con-solo-una-foto\/","og_site_name":"Universo Fam\u00edlia","article_published_time":"2024-03-25T19:40:04+00:00","article_modified_time":"2025-01-29T01:27:42+00:00","og_image":[{"width":550,"height":350,"url":"https:\/\/universofamilia.com\/wp-content\/uploads\/sites\/148\/2024\/03\/P-550x350-3-9.jpg","type":"image\/jpeg"}],"author":"Pedro Henrique","twitter_card":"summary_large_image","twitter_misc":{"Written by":"Pedro Henrique","Est. reading time":"4 minuty"},"schema":{"@context":"https:\/\/schema.org","@graph":[{"@type":"WebPage","@id":"https:\/\/universofamilia.com\/hr\/descubre-la-red-social-de-una-persona-con-solo-una-foto\/","url":"https:\/\/universofamilia.com\/hr\/descubre-la-red-social-de-una-persona-con-solo-una-foto\/","name":"Descubre la Red Social de una Persona con Solo una Foto\ud83d\udcf8 - Universo Fam\u00edlia","isPartOf":{"@id":"https:\/\/universofamilia.com\/el\/#website"},"primaryImageOfPage":{"@id":"https:\/\/universofamilia.com\/hr\/descubre-la-red-social-de-una-persona-con-solo-una-foto\/#primaryimage"},"image":{"@id":"https:\/\/universofamilia.com\/hr\/descubre-la-red-social-de-una-persona-con-solo-una-foto\/#primaryimage"},"thumbnailUrl":"https:\/\/universofamilia.com\/wp-content\/uploads\/sites\/148\/2024\/03\/P-550x350-3-9.jpg","datePublished":"2024-03-25T19:40:04+00:00","dateModified":"2025-01-29T01:27:42+00:00","author":{"@id":"https:\/\/universofamilia.com\/el\/#\/schema\/person\/f07ce98187dd84d31154262e79b3b7ca"},"description":"Descubre la Red Social de una Persona con Solo una Foto\ud83d\udcf8. En el mundo digital de hoy, la seguridad y la privacidad son preocupaciones...","breadcrumb":{"@id":"https:\/\/universofamilia.com\/hr\/descubre-la-red-social-de-una-persona-con-solo-una-foto\/#breadcrumb"},"inLanguage":"cs","potentialAction":[{"@type":"ReadAction","target":["https:\/\/universofamilia.com\/hr\/descubre-la-red-social-de-una-persona-con-solo-una-foto\/"]}]},{"@type":"ImageObject","inLanguage":"cs","@id":"https:\/\/universofamilia.com\/hr\/descubre-la-red-social-de-una-persona-con-solo-una-foto\/#primaryimage","url":"https:\/\/universofamilia.com\/wp-content\/uploads\/sites\/148\/2024\/03\/P-550x350-3-9.jpg","contentUrl":"https:\/\/universofamilia.com\/wp-content\/uploads\/sites\/148\/2024\/03\/P-550x350-3-9.jpg","width":550,"height":350,"caption":"Descubre la Red Social de una Persona con Solo una Foto\ud83d\udcf8"},{"@type":"BreadcrumbList","@id":"https:\/\/universofamilia.com\/hr\/descubre-la-red-social-de-una-persona-con-solo-una-foto\/#breadcrumb","itemListElement":[{"@type":"ListItem","position":1,"name":"Home","item":"https:\/\/universofamilia.com\/el\/"},{"@type":"ListItem","position":2,"name":"Descubre la Red Social de una Persona con Solo una Foto\ud83d\udcf8"}]},{"@type":"WebSite","@id":"https:\/\/universofamilia.com\/el\/#website","url":"https:\/\/universofamilia.com\/el\/","name":"Universo Fam\u00edlia","description":"","potentialAction":[{"@type":"SearchAction","target":{"@type":"EntryPoint","urlTemplate":"https:\/\/universofamilia.com\/el\/?s={search_term_string}"},"query-input":"required name=search_term_string"}],"inLanguage":"cs"},{"@type":"Person","@id":"https:\/\/universofamilia.com\/el\/#\/schema\/person\/f07ce98187dd84d31154262e79b3b7ca","name":"Pedro Henrique","image":{"@type":"ImageObject","inLanguage":"cs","@id":"https:\/\/universofamilia.com\/el\/#\/schema\/person\/image\/","url":"https:\/\/secure.gravatar.com\/avatar\/9edfeb808cb4e1599f64d6e45b130154?s=96&d=mm&r=g","contentUrl":"https:\/\/secure.gravatar.com\/avatar\/9edfeb808cb4e1599f64d6e45b130154?s=96&d=mm&r=g","caption":"Pedro Henrique"},"url":"https:\/\/universofamilia.com\/cs\/author\/editor01\/"}]}},"_links":{"self":[{"href":"https:\/\/universofamilia.com\/cs\/wp-json\/wp\/v2\/posts\/5472"}],"collection":[{"href":"https:\/\/universofamilia.com\/cs\/wp-json\/wp\/v2\/posts"}],"about":[{"href":"https:\/\/universofamilia.com\/cs\/wp-json\/wp\/v2\/types\/post"}],"author":[{"embeddable":true,"href":"https:\/\/universofamilia.com\/cs\/wp-json\/wp\/v2\/users\/139"}],"replies":[{"embeddable":true,"href":"https:\/\/universofamilia.com\/cs\/wp-json\/wp\/v2\/comments?post=5472"}],"version-history":[{"count":1,"href":"https:\/\/universofamilia.com\/cs\/wp-json\/wp\/v2\/posts\/5472\/revisions"}],"predecessor-version":[{"id":8470,"href":"https:\/\/universofamilia.com\/cs\/wp-json\/wp\/v2\/posts\/5472\/revisions\/8470"}],"wp:featuredmedia":[{"embeddable":true,"href":"https:\/\/universofamilia.com\/cs\/wp-json\/wp\/v2\/media\/5473"}],"wp:attachment":[{"href":"https:\/\/universofamilia.com\/cs\/wp-json\/wp\/v2\/media?parent=5472"}],"wp:term":[{"taxonomy":"category","embeddable":true,"href":"https:\/\/universofamilia.com\/cs\/wp-json\/wp\/v2\/categories?post=5472"},{"taxonomy":"post_tag","embeddable":true,"href":"https:\/\/universofamilia.com\/cs\/wp-json\/wp\/v2\/tags?post=5472"}],"curies":[{"name":"wp","href":"https:\/\/api.w.org\/{rel}","templated":true}]}}