{"id":5704,"date":"2024-04-23T16:54:53","date_gmt":"2024-04-23T19:54:53","guid":{"rendered":"https:\/\/universofamilia.com\/?p=5704"},"modified":"2025-10-13T14:04:43","modified_gmt":"2025-10-13T17:04:43","slug":"la-aventura-de-conocer-a-mis-antepasados-por-el-apellido","status":"publish","type":"post","link":"https:\/\/universofamilia.com\/cs\/la-aventura-de-conocer-a-mis-antepasados-por-el-apellido\/","title":{"rendered":"\ud83d\udd0dDobrodru\u017estv\u00ed setk\u00e1n\u00ed s m\u00fdmi p\u0159edky podle jejich p\u0159\u00edjmen\u00ed"},"content":{"rendered":"<p>\ud83c\udf1f Objevov\u00e1n\u00ed, odkud poch\u00e1z\u00edme, je jako rozlu\u0161t\u011bn\u00ed velk\u00e9 z\u00e1hady, dobrodru\u017estv\u00ed, kter\u00e9 n\u00e1s spojuje s na\u0161imi ko\u0159eny a pom\u00e1h\u00e1 n\u00e1m pochopit, kdo jsme.<\/p>\n\n\n\n<p>Pro mnoh\u00e9 z n\u00e1s se to m\u016f\u017ee zd\u00e1t jako monument\u00e1ln\u00ed \u00fakol, ale s pomoc\u00ed technologi\u00ed se tato cesta stala dostupn\u011bj\u0161\u00ed a \u00fa\u017easn\u011bj\u0161\u00ed ne\u017e kdy d\u0159\u00edve.<\/p>\n\n\n\n<p>Napadlo v\u00e1s n\u011bkdy, \u017ee va\u0161i p\u0159edkov\u00e9 mohli n\u011bjak\u00fdm zp\u016fsobem zrevolucionizovat sv\u011bt?<\/p>\n\n\n\n<p>Poj\u010fme spole\u010dn\u011b prozkoumat, jak objevov\u00e1n\u00ed na\u0161ich ko\u0159en\u016f m\u016f\u017ee v\u00e9st k neuv\u011b\u0159iteln\u00fdm objev\u016fm!<\/p>\n\n\n\n<h2 class=\"wp-block-heading\">\ud83d\udd0d <strong>D\u016fle\u017eitost znalosti na\u0161eho p\u016fvodu<\/strong><\/h2>\n\n\n\n<p>Zn\u00e1t sv\u016fj p\u016fvod je jako otev\u0159\u00edt knihu o historii na\u0161\u00ed rodiny.<\/p>\n\n\n\n<p>Ka\u017ed\u00e1 str\u00e1nka odhaluje nov\u00e9 p\u0159\u00edb\u011bhy, tradice a dokonce i tajemstv\u00ed, kter\u00e1 formovala to, k\u00fdm jsme dnes.<\/p>\n\n\n\n<p>V\u011bdom\u00ed, odkud poch\u00e1z\u00edme, n\u00e1m pom\u00e1h\u00e1 l\u00e9pe porozum\u011bt na\u0161\u00ed identit\u011b a posiluje n\u00e1\u0161 pocit soun\u00e1le\u017eitosti.<\/p>\n\n\n\n<h2 class=\"wp-block-heading\">\u010ct\u011bte tak\u00e9:<\/h2>\n\n\n\n<div class=\"wp-block-buttons is-layout-flex wp-block-buttons-is-layout-flex\">\n<div class=\"wp-block-button is-style-outline\"><a class=\"wp-block-button__link wp-element-button\" href=\"https:\/\/universofamilia.com\/cs\/5099\/restaurar-fotos-eliminadas-en-el-telefono-movil\/\" target=\"_blank\" rel=\"noreferrer noopener\"><font style=\"vertical-align: inherit\"><font style=\"vertical-align: inherit\">\ud83d\udccc Obnoven\u00ed smazan\u00fdch fotografi\u00ed na mobiln\u00edm telefonu<\/font><\/font><\/a><\/div>\n<\/div>\n\n\n\n<div class=\"wp-block-buttons is-layout-flex wp-block-buttons-is-layout-flex\">\n<div class=\"wp-block-button is-style-outline\"><a class=\"wp-block-button__link wp-element-button\" href=\"https:\/\/universofamilia.com\/cs\/5491\/aprender-a-conducir-una-revolucion-tecnologica-en-2024\/\" target=\"_blank\" rel=\"noreferrer noopener\"><font style=\"vertical-align: inherit\"><font style=\"vertical-align: inherit\">\ud83d\udccc U\u010den\u00ed se \u0159\u00eddit: Technologick\u00e1 revoluce v roce 2024<\/font><\/font><\/a><\/div>\n<\/div>\n\n\n\n<h2 class=\"wp-block-heading\">\ud83d\udd0d <strong>P\u0159ekvapiv\u00e1 revoluce p\u0159edk\u016f<\/strong><\/h2>\n\n\n\n<p>A te\u010f se nad t\u00edm zamyslete: co kdyby va\u0161i p\u0159edkov\u00e9 hr\u00e1li v historii d\u016fle\u017eitou roli?<\/p>\n\n\n\n<p>P\u0159edstavte si, \u017ee zjist\u00edte, \u017ee jeden z va\u0161ich p\u0159edk\u016f byl slavn\u00fd vyn\u00e1lezce, neboj\u00e1cn\u00fd objevitel nebo dokonce revolu\u010dn\u00ed v\u016fdce!<\/p>\n\n\n\n<p>Pravdou je, \u017ee na\u0161i p\u0159edkov\u00e9 po sob\u011b mohli zanechat p\u016fsobiv\u00e9 d\u011bdictv\u00ed a objevov\u00e1n\u00ed t\u011bchto souvislost\u00ed m\u016f\u017ee b\u00fdt skute\u010dn\u011b vzru\u0161uj\u00edc\u00ed.<\/p>\n\n\n\n<h2 class=\"wp-block-heading\">\ud83d\udd0d <strong>V\u00fdvoj technologi\u00ed, kter\u00e9 n\u00e1m pom\u00e1haj\u00ed v t\u011bchto objevech<\/strong><\/h2>\n\n\n\n<p>D\u00edky v\u00fdvoji technologi\u00ed je objevov\u00e1n\u00ed na\u0161ich p\u0159edk\u016f snaz\u0161\u00ed a vzru\u0161uj\u00edc\u00ed ne\u017e kdy d\u0159\u00edve.<\/p>\n\n\n\n<p>Nyn\u00ed se m\u016f\u017eete pouh\u00fdmi n\u011bkolika klepnut\u00edmi na obrazovku telefonu pono\u0159it do minulosti a objevit tajemstv\u00ed sv\u00e9ho rodokmenu.<\/p>\n\n\n\n<h2 class=\"wp-block-heading\">\ud83d\udd0d <strong>Aplikace, kter\u00e9 to umo\u017e\u0148uj\u00ed<\/strong><\/h2>\n\n\n\n<p>Te\u010f, kdy\u017e se u\u017e nem\u016f\u017eete do\u010dkat, a\u017e se vyd\u00e1te na svou vlastn\u00ed cestu za objevy, pov\u00edm v\u00e1m o t\u0159ech \u00fa\u017easn\u00fdch aplikac\u00edch, kter\u00e9 v\u00e1m na t\u00e9to vzru\u0161uj\u00edc\u00ed cest\u011b pomohou.<\/p>\n\n\n\n<p>Ne\u017e ale prozrad\u00edme jejich jm\u00e9na, m\u011bjte na pam\u011bti, \u017ee odkazy ke sta\u017een\u00ed najdete n\u00ed\u017ee!<\/p>\n\n\n\n<h2 class=\"wp-block-heading\">\ud83d\udd0d <strong>Odhalen\u00e9 aplikace<\/strong><\/h2>\n\n\n\n<p>Kone\u010dn\u011b je \u010das sezn\u00e1mit se s aplikacemi, kter\u00e9 zm\u011bn\u00ed v\u00e1\u0161 pohled na rodinnou historii:<\/p>\n\n\n\n<ol>\n<li><strong>P\u016fvod<\/strong>Tato aplikace je jako pokladnice informac\u00ed o va\u0161ich p\u0159edc\u00edch. D\u00edky rozs\u00e1hl\u00e9 sb\u00edrce historick\u00fdch z\u00e1znam\u016f, fotografi\u00ed a dokonce i mo\u017enosti spojit se se vzd\u00e1len\u00fdmi p\u0159\u00edbuzn\u00fdmi v\u00e1s Ancestry ohrom\u00ed sv\u00fdmi objevy.<\/li>\n\n\n\n<li><strong>Moje d\u011bdictv\u00ed<\/strong>D\u00edky funkc\u00edm, jako je vytv\u00e1\u0159en\u00ed rodokmenu a testov\u00e1n\u00ed DNA, je MyHeritage mocn\u00fdm n\u00e1strojem pro ty, kte\u0159\u00ed hledaj\u00ed sv\u016fj p\u016fvod. Nav\u00edc v\u00e1s jeho kolorovan\u00e9 historick\u00e9 fotografie p\u0159enesou p\u0159\u00edmo zp\u011bt v \u010dase.<\/li>\n\n\n\n<li><strong>FamilySearch<\/strong>FamilySearch je zdarma a nab\u00edz\u00ed spoustu zdroj\u016f. Je vynikaj\u00edc\u00ed volbou pro ty, kte\u0159\u00ed cht\u011bj\u00ed prozkoumat historii sv\u00e9 rodiny. D\u00edky p\u0159\u00edstupu k rozs\u00e1hl\u00e9 datab\u00e1zi historick\u00fdch z\u00e1znam\u016f jist\u011b najdete skryt\u00e9 poklady o sv\u00fdch p\u0159edc\u00edch.<\/li>\n<\/ol>\n\n\n<div class=\"wp-block-image\">\n<figure class=\"aligncenter size-full\"><img loading=\"lazy\" decoding=\"async\" width=\"550\" height=\"350\" src=\"http:\/\/universofamilia.com\/wp-content\/uploads\/sites\/148\/2024\/04\/P-550x350-2.png\" alt=\"\" class=\"wp-image-5705\" srcset=\"https:\/\/universofamilia.com\/wp-content\/uploads\/sites\/148\/2024\/04\/P-550x350-2.png 550w, https:\/\/universofamilia.com\/wp-content\/uploads\/sites\/148\/2024\/04\/P-550x350-2-300x191.png 300w\" sizes=\"(max-width: 550px) 100vw, 550px\" \/><figcaption class=\"wp-element-caption\">\ud83d\udd0dDobrodru\u017estv\u00ed setk\u00e1n\u00ed s m\u00fdmi p\u0159edky podle jejich p\u0159\u00edjmen\u00ed<\/figcaption><\/figure><\/div>\n\n\n<h2 class=\"wp-block-heading\">\ud83d\udcf1 <strong>Odkazy ke sta\u017een\u00ed a z\u00e1v\u011bre\u010dn\u00e9 \u00favahy<\/strong><\/h2>\n\n\n\n<p>Nyn\u00ed, kdy\u017e v\u00edte o t\u011bchto \u00fa\u017easn\u00fdch aplikac\u00edch, je \u010das vydat se na vlastn\u00ed cestu za objevov\u00e1n\u00edm!<\/p>\n\n\n\n<p>N\u00ed\u017ee naleznete odkazy ke sta\u017een\u00ed pro za\u0159\u00edzen\u00ed se syst\u00e9my iOS i Android.<\/p>\n\n\n\n<h2 class=\"wp-block-heading\">\u010ct\u011bte tak\u00e9:<\/h2>\n\n\n\n<div class=\"wp-block-buttons is-layout-flex wp-block-buttons-is-layout-flex\">\n<div class=\"wp-block-button is-style-outline\"><a class=\"wp-block-button__link wp-element-button\" href=\"https:\/\/universofamilia.com\/cs\/5099\/restaurar-fotos-eliminadas-en-el-telefono-movil\/\" target=\"_blank\" rel=\"noreferrer noopener\"><font style=\"vertical-align: inherit\"><font style=\"vertical-align: inherit\">\ud83d\udccc Obnoven\u00ed smazan\u00fdch fotografi\u00ed na mobiln\u00edm telefonu<\/font><\/font><\/a><\/div>\n<\/div>\n\n\n\n<div class=\"wp-block-buttons is-layout-flex wp-block-buttons-is-layout-flex\">\n<div class=\"wp-block-button is-style-outline\"><a class=\"wp-block-button__link wp-element-button\" href=\"https:\/\/universofamilia.com\/cs\/5491\/aprender-a-conducir-una-revolucion-tecnologica-en-2024\/\" target=\"_blank\" rel=\"noreferrer noopener\"><font style=\"vertical-align: inherit\"><font style=\"vertical-align: inherit\">\ud83d\udccc U\u010den\u00ed se \u0159\u00eddit: Technologick\u00e1 revoluce v roce 2024<\/font><\/font><\/a><\/div>\n<\/div>\n\n\n\n<p>Pamatujte, \u017ee genealogick\u00fd v\u00fdzkum m\u016f\u017ee b\u00fdt dlouh\u00fd proces, ale ka\u017ed\u00fd objev stoj\u00ed za to!<\/p>\n\n\n\n<h3 class=\"wp-block-heading\">iOS:<\/h3>\n\n\n\n<ul>\n<li>P\u016fvod: <a href=\"https:\/\/apps.apple.com\/us\/developer\/ancestry-com\/id349554266\" target=\"_blank\" rel=\"noreferrer noopener\">Odkaz ke sta\u017een\u00ed<\/a><\/li>\n\n\n\n<li>Moje d\u011bdictv\u00ed: <a href=\"https:\/\/apps.apple.com\/us\/app\/myheritage-family-tree-dna\/id477971748\" target=\"_blank\" rel=\"noreferrer noopener\">Odkaz ke sta\u017een\u00ed<\/a><\/li>\n\n\n\n<li>Rodinn\u00e9 vyhled\u00e1v\u00e1n\u00ed: <a href=\"https:\/\/apps.apple.com\/us\/app\/familysearch-tree\/id885982973\" target=\"_blank\" rel=\"noreferrer noopener\">Odkaz ke sta\u017een\u00ed<\/a><\/li>\n<\/ul>\n\n\n\n<h3 class=\"wp-block-heading\">Android:<\/h3>\n\n\n\n<ul>\n<li>P\u016fvod: <a href=\"https:\/\/play.google.com\/store\/apps\/details?id=com.ancestry.android.apps.ancestry&amp;hl=en_US\" target=\"_blank\" rel=\"noreferrer noopener\">Odkaz ke sta\u017een\u00ed<\/a><\/li>\n\n\n\n<li>Moje d\u011bdictv\u00ed: <a href=\"https:\/\/play.google.com\/store\/apps\/details?id=air.com.myheritage.mobile&amp;hl=en&amp;gl=US\" target=\"_blank\" rel=\"noreferrer noopener\">Odkaz ke sta\u017een\u00ed<\/a><\/li>\n\n\n\n<li>Rodinn\u00e9 vyhled\u00e1v\u00e1n\u00ed: <a href=\"https:\/\/play.google.com\/store\/apps\/details?id=org.familysearch.mobile&amp;hl=en&amp;gl=US\" target=\"_blank\" rel=\"noreferrer noopener\">Odkaz ke sta\u017een\u00ed<\/a><\/li>\n<\/ul>\n\n\n\n<p>Tak na co je\u0161t\u011b \u010dek\u00e1\u0161?<\/p>\n\n\n\n<p>St\u00e1hn\u011bte si tyto aplikace a za\u010dn\u011bte vzru\u0161uj\u00edc\u00ed dobrodru\u017estv\u00ed, ve kter\u00e9m objev\u00edte sv\u016fj p\u016fvod!<\/p>\n\n\n\n<p>\ud83d\udd0d Objeven\u00ed vlastn\u00edho p\u016fvodu je v\u00edc ne\u017e jen cesta zp\u011bt v \u010dase: je to cesta sebepozn\u00e1n\u00ed, kter\u00e1 m\u016f\u017ee zm\u011bnit v\u00e1\u0161 pohled na sebe a sv\u011bt kolem v\u00e1s.<\/p>\n\n\n\n<p>S pomoc\u00ed t\u011bchto \u00fa\u017easn\u00fdch aplikac\u00ed se chyst\u00e1te vydat na dobrodru\u017estv\u00ed, kter\u00e9 v\u00e1s ohrom\u00ed ka\u017ed\u00fdm objevem!<\/p>","protected":false},"excerpt":{"rendered":"<p>Objevov\u00e1n\u00ed na\u0161eho p\u016fvodu je jako rozlu\u0161t\u011bn\u00ed velk\u00e9 z\u00e1hady, dobrodru\u017estv\u00ed, kter\u00e9 n\u00e1s spojuje s na\u0161imi ko\u0159eny a pom\u00e1h\u00e1 n\u00e1m pochopit, kdo jsme. Pro mnoh\u00e9 z n\u00e1s se to m\u016f\u017ee zd\u00e1t jako monument\u00e1ln\u00ed \u00fakol, ale s pomoc\u00ed technologi\u00ed se tato cesta stala dostupn\u011bj\u0161\u00ed a p\u0159ekvapiv\u011bj\u0161\u00ed ne\u017e kdy d\u0159\u00edve. U\u017e jste n\u011bkdy [\u2026]<\/p>","protected":false},"author":219,"featured_media":5705,"comment_status":"closed","ping_status":"open","sticky":false,"template":"","format":"standard","meta":{"footnotes":""},"categories":[2],"tags":[92,98,1682],"yoast_head":"<!-- This site is optimized with the Yoast SEO plugin v23.3 - https:\/\/yoast.com\/wordpress\/plugins\/seo\/ -->\n<title>\ud83d\udd0dLa Aventura de Conocer a Mis Antepasados por el Apellido - Universo Fam\u00edlia<\/title>\n<meta name=\"description\" content=\"\ud83d\udd0dLa Aventura de Conocer a Mis Antepasados por el Apellido. \ud83c\udf1f Descubrir de d\u00f3nde venimos es como desentra\u00f1ar un gran misterio,\" \/>\n<meta name=\"robots\" content=\"index, follow, max-snippet:-1, max-image-preview:large, max-video-preview:-1\" \/>\n<link rel=\"canonical\" href=\"https:\/\/universofamilia.com\/cs\/la-aventura-de-conocer-a-mis-antepasados-por-el-apellido\/\" \/>\n<meta property=\"og:locale\" content=\"cs_CZ\" \/>\n<meta property=\"og:type\" content=\"article\" \/>\n<meta property=\"og:title\" content=\"\ud83d\udd0dLa Aventura de Conocer a Mis Antepasados por el Apellido - Universo Fam\u00edlia\" \/>\n<meta property=\"og:description\" content=\"\ud83d\udd0dLa Aventura de Conocer a Mis Antepasados por el Apellido. \ud83c\udf1f Descubrir de d\u00f3nde venimos es como desentra\u00f1ar un gran misterio,\" \/>\n<meta property=\"og:url\" content=\"https:\/\/universofamilia.com\/cs\/la-aventura-de-conocer-a-mis-antepasados-por-el-apellido\/\" \/>\n<meta property=\"og:site_name\" content=\"Universo Fam\u00edlia\" \/>\n<meta property=\"article:published_time\" content=\"2024-04-23T19:54:53+00:00\" \/>\n<meta property=\"article:modified_time\" content=\"2025-10-13T17:04:43+00:00\" \/>\n<meta property=\"og:image\" content=\"https:\/\/universofamilia.com\/wp-content\/uploads\/sites\/148\/2024\/04\/P-550x350-2.png\" \/>\n\t<meta property=\"og:image:width\" content=\"550\" \/>\n\t<meta property=\"og:image:height\" content=\"350\" \/>\n\t<meta property=\"og:image:type\" content=\"image\/png\" \/>\n<meta name=\"author\" content=\"Matheus Sangaletti\" \/>\n<meta name=\"twitter:card\" content=\"summary_large_image\" \/>\n<meta name=\"twitter:label1\" content=\"Written by\" \/>\n\t<meta name=\"twitter:data1\" content=\"Matheus Sangaletti\" \/>\n\t<meta name=\"twitter:label2\" content=\"Est. reading time\" \/>\n\t<meta name=\"twitter:data2\" content=\"4 minuty\" \/>\n<script type=\"application\/ld+json\" class=\"yoast-schema-graph\">{\"@context\":\"https:\/\/schema.org\",\"@graph\":[{\"@type\":\"WebPage\",\"@id\":\"https:\/\/universofamilia.com\/cs\/la-aventura-de-conocer-a-mis-antepasados-por-el-apellido\/\",\"url\":\"https:\/\/universofamilia.com\/cs\/la-aventura-de-conocer-a-mis-antepasados-por-el-apellido\/\",\"name\":\"\ud83d\udd0dLa Aventura de Conocer a Mis Antepasados por el Apellido - Universo Fam\u00edlia\",\"isPartOf\":{\"@id\":\"https:\/\/universofamilia.com\/el\/#website\"},\"primaryImageOfPage\":{\"@id\":\"https:\/\/universofamilia.com\/cs\/la-aventura-de-conocer-a-mis-antepasados-por-el-apellido\/#primaryimage\"},\"image\":{\"@id\":\"https:\/\/universofamilia.com\/cs\/la-aventura-de-conocer-a-mis-antepasados-por-el-apellido\/#primaryimage\"},\"thumbnailUrl\":\"https:\/\/universofamilia.com\/wp-content\/uploads\/sites\/148\/2024\/04\/P-550x350-2.png\",\"datePublished\":\"2024-04-23T19:54:53+00:00\",\"dateModified\":\"2025-10-13T17:04:43+00:00\",\"author\":{\"@id\":\"https:\/\/universofamilia.com\/el\/#\/schema\/person\/92fcd07e9b1f4323bf74f3170fc0f78a\"},\"description\":\"\ud83d\udd0dLa Aventura de Conocer a Mis Antepasados por el Apellido. \ud83c\udf1f Descubrir de d\u00f3nde venimos es como desentra\u00f1ar un gran misterio,\",\"breadcrumb\":{\"@id\":\"https:\/\/universofamilia.com\/cs\/la-aventura-de-conocer-a-mis-antepasados-por-el-apellido\/#breadcrumb\"},\"inLanguage\":\"cs\",\"potentialAction\":[{\"@type\":\"ReadAction\",\"target\":[\"https:\/\/universofamilia.com\/cs\/la-aventura-de-conocer-a-mis-antepasados-por-el-apellido\/\"]}]},{\"@type\":\"ImageObject\",\"inLanguage\":\"cs\",\"@id\":\"https:\/\/universofamilia.com\/cs\/la-aventura-de-conocer-a-mis-antepasados-por-el-apellido\/#primaryimage\",\"url\":\"https:\/\/universofamilia.com\/wp-content\/uploads\/sites\/148\/2024\/04\/P-550x350-2.png\",\"contentUrl\":\"https:\/\/universofamilia.com\/wp-content\/uploads\/sites\/148\/2024\/04\/P-550x350-2.png\",\"width\":550,\"height\":350,\"caption\":\"\ud83d\udd0dLa Aventura de Conocer a Mis Antepasados por el Apellido\"},{\"@type\":\"BreadcrumbList\",\"@id\":\"https:\/\/universofamilia.com\/cs\/la-aventura-de-conocer-a-mis-antepasados-por-el-apellido\/#breadcrumb\",\"itemListElement\":[{\"@type\":\"ListItem\",\"position\":1,\"name\":\"Home\",\"item\":\"https:\/\/universofamilia.com\/el\/\"},{\"@type\":\"ListItem\",\"position\":2,\"name\":\"\ud83d\udd0dLa Aventura de Conocer a Mis Antepasados por el Apellido\"}]},{\"@type\":\"WebSite\",\"@id\":\"https:\/\/universofamilia.com\/el\/#website\",\"url\":\"https:\/\/universofamilia.com\/el\/\",\"name\":\"Universo Fam\u00edlia\",\"description\":\"\",\"potentialAction\":[{\"@type\":\"SearchAction\",\"target\":{\"@type\":\"EntryPoint\",\"urlTemplate\":\"https:\/\/universofamilia.com\/el\/?s={search_term_string}\"},\"query-input\":\"required name=search_term_string\"}],\"inLanguage\":\"cs\"},{\"@type\":\"Person\",\"@id\":\"https:\/\/universofamilia.com\/el\/#\/schema\/person\/92fcd07e9b1f4323bf74f3170fc0f78a\",\"name\":\"Matheus Sangaletti\",\"image\":{\"@type\":\"ImageObject\",\"inLanguage\":\"cs\",\"@id\":\"https:\/\/universofamilia.com\/el\/#\/schema\/person\/image\/\",\"url\":\"https:\/\/secure.gravatar.com\/avatar\/280ea957a14a48e6a1ad2133d2cc27c9?s=96&d=mm&r=g\",\"contentUrl\":\"https:\/\/secure.gravatar.com\/avatar\/280ea957a14a48e6a1ad2133d2cc27c9?s=96&d=mm&r=g\",\"caption\":\"Matheus Sangaletti\"},\"url\":\"https:\/\/universofamilia.com\/cs\/author\/matheuss\/\"}]}<\/script>\n<!-- \/ Yoast SEO plugin. -->","yoast_head_json":{"title":"\ud83d\udd0dLa Aventura de Conocer a Mis Antepasados por el Apellido - Universo Fam\u00edlia","description":"\ud83d\udd0dLa Aventura de Conocer a Mis Antepasados por el Apellido. \ud83c\udf1f Descubrir de d\u00f3nde venimos es como desentra\u00f1ar un gran misterio,","robots":{"index":"index","follow":"follow","max-snippet":"max-snippet:-1","max-image-preview":"max-image-preview:large","max-video-preview":"max-video-preview:-1"},"canonical":"https:\/\/universofamilia.com\/cs\/la-aventura-de-conocer-a-mis-antepasados-por-el-apellido\/","og_locale":"cs_CZ","og_type":"article","og_title":"\ud83d\udd0dLa Aventura de Conocer a Mis Antepasados por el Apellido - Universo Fam\u00edlia","og_description":"\ud83d\udd0dLa Aventura de Conocer a Mis Antepasados por el Apellido. \ud83c\udf1f Descubrir de d\u00f3nde venimos es como desentra\u00f1ar un gran misterio,","og_url":"https:\/\/universofamilia.com\/cs\/la-aventura-de-conocer-a-mis-antepasados-por-el-apellido\/","og_site_name":"Universo Fam\u00edlia","article_published_time":"2024-04-23T19:54:53+00:00","article_modified_time":"2025-10-13T17:04:43+00:00","og_image":[{"width":550,"height":350,"url":"https:\/\/universofamilia.com\/wp-content\/uploads\/sites\/148\/2024\/04\/P-550x350-2.png","type":"image\/png"}],"author":"Matheus Sangaletti","twitter_card":"summary_large_image","twitter_misc":{"Written by":"Matheus Sangaletti","Est. reading time":"4 minuty"},"schema":{"@context":"https:\/\/schema.org","@graph":[{"@type":"WebPage","@id":"https:\/\/universofamilia.com\/cs\/la-aventura-de-conocer-a-mis-antepasados-por-el-apellido\/","url":"https:\/\/universofamilia.com\/cs\/la-aventura-de-conocer-a-mis-antepasados-por-el-apellido\/","name":"\ud83d\udd0dLa Aventura de Conocer a Mis Antepasados por el Apellido - Universo Fam\u00edlia","isPartOf":{"@id":"https:\/\/universofamilia.com\/el\/#website"},"primaryImageOfPage":{"@id":"https:\/\/universofamilia.com\/cs\/la-aventura-de-conocer-a-mis-antepasados-por-el-apellido\/#primaryimage"},"image":{"@id":"https:\/\/universofamilia.com\/cs\/la-aventura-de-conocer-a-mis-antepasados-por-el-apellido\/#primaryimage"},"thumbnailUrl":"https:\/\/universofamilia.com\/wp-content\/uploads\/sites\/148\/2024\/04\/P-550x350-2.png","datePublished":"2024-04-23T19:54:53+00:00","dateModified":"2025-10-13T17:04:43+00:00","author":{"@id":"https:\/\/universofamilia.com\/el\/#\/schema\/person\/92fcd07e9b1f4323bf74f3170fc0f78a"},"description":"\ud83d\udd0dLa Aventura de Conocer a Mis Antepasados por el Apellido. \ud83c\udf1f Descubrir de d\u00f3nde venimos es como desentra\u00f1ar un gran misterio,","breadcrumb":{"@id":"https:\/\/universofamilia.com\/cs\/la-aventura-de-conocer-a-mis-antepasados-por-el-apellido\/#breadcrumb"},"inLanguage":"cs","potentialAction":[{"@type":"ReadAction","target":["https:\/\/universofamilia.com\/cs\/la-aventura-de-conocer-a-mis-antepasados-por-el-apellido\/"]}]},{"@type":"ImageObject","inLanguage":"cs","@id":"https:\/\/universofamilia.com\/cs\/la-aventura-de-conocer-a-mis-antepasados-por-el-apellido\/#primaryimage","url":"https:\/\/universofamilia.com\/wp-content\/uploads\/sites\/148\/2024\/04\/P-550x350-2.png","contentUrl":"https:\/\/universofamilia.com\/wp-content\/uploads\/sites\/148\/2024\/04\/P-550x350-2.png","width":550,"height":350,"caption":"\ud83d\udd0dLa Aventura de Conocer a Mis Antepasados por el Apellido"},{"@type":"BreadcrumbList","@id":"https:\/\/universofamilia.com\/cs\/la-aventura-de-conocer-a-mis-antepasados-por-el-apellido\/#breadcrumb","itemListElement":[{"@type":"ListItem","position":1,"name":"Home","item":"https:\/\/universofamilia.com\/el\/"},{"@type":"ListItem","position":2,"name":"\ud83d\udd0dLa Aventura de Conocer a Mis Antepasados por el Apellido"}]},{"@type":"WebSite","@id":"https:\/\/universofamilia.com\/el\/#website","url":"https:\/\/universofamilia.com\/el\/","name":"Universo Fam\u00edlia","description":"","potentialAction":[{"@type":"SearchAction","target":{"@type":"EntryPoint","urlTemplate":"https:\/\/universofamilia.com\/el\/?s={search_term_string}"},"query-input":"required name=search_term_string"}],"inLanguage":"cs"},{"@type":"Person","@id":"https:\/\/universofamilia.com\/el\/#\/schema\/person\/92fcd07e9b1f4323bf74f3170fc0f78a","name":"Matheus Sangaletti","image":{"@type":"ImageObject","inLanguage":"cs","@id":"https:\/\/universofamilia.com\/el\/#\/schema\/person\/image\/","url":"https:\/\/secure.gravatar.com\/avatar\/280ea957a14a48e6a1ad2133d2cc27c9?s=96&d=mm&r=g","contentUrl":"https:\/\/secure.gravatar.com\/avatar\/280ea957a14a48e6a1ad2133d2cc27c9?s=96&d=mm&r=g","caption":"Matheus Sangaletti"},"url":"https:\/\/universofamilia.com\/cs\/author\/matheuss\/"}]}},"_links":{"self":[{"href":"https:\/\/universofamilia.com\/cs\/wp-json\/wp\/v2\/posts\/5704"}],"collection":[{"href":"https:\/\/universofamilia.com\/cs\/wp-json\/wp\/v2\/posts"}],"about":[{"href":"https:\/\/universofamilia.com\/cs\/wp-json\/wp\/v2\/types\/post"}],"author":[{"embeddable":true,"href":"https:\/\/universofamilia.com\/cs\/wp-json\/wp\/v2\/users\/219"}],"replies":[{"embeddable":true,"href":"https:\/\/universofamilia.com\/cs\/wp-json\/wp\/v2\/comments?post=5704"}],"version-history":[{"count":1,"href":"https:\/\/universofamilia.com\/cs\/wp-json\/wp\/v2\/posts\/5704\/revisions"}],"predecessor-version":[{"id":10082,"href":"https:\/\/universofamilia.com\/cs\/wp-json\/wp\/v2\/posts\/5704\/revisions\/10082"}],"wp:featuredmedia":[{"embeddable":true,"href":"https:\/\/universofamilia.com\/cs\/wp-json\/wp\/v2\/media\/5705"}],"wp:attachment":[{"href":"https:\/\/universofamilia.com\/cs\/wp-json\/wp\/v2\/media?parent=5704"}],"wp:term":[{"taxonomy":"category","embeddable":true,"href":"https:\/\/universofamilia.com\/cs\/wp-json\/wp\/v2\/categories?post=5704"},{"taxonomy":"post_tag","embeddable":true,"href":"https:\/\/universofamilia.com\/cs\/wp-json\/wp\/v2\/tags?post=5704"}],"curies":[{"name":"wp","href":"https:\/\/api.w.org\/{rel}","templated":true}]}}