{"id":5859,"date":"2024-05-02T18:33:44","date_gmt":"2024-05-02T21:33:44","guid":{"rendered":"https:\/\/universofamilia.com\/?p=5859"},"modified":"2025-10-12T13:51:11","modified_gmt":"2025-10-12T16:51:11","slug":"el-encanto-de-las-telenovelas-turcas","status":"publish","type":"post","link":"https:\/\/universofamilia.com\/cs\/el-encanto-de-las-telenovelas-turcas\/","title":{"rendered":"\ud83c\udfac Kouzlo tureck\u00fdch telenovel"},"content":{"rendered":"<p>\ud83c\udfac Kouzlo tureck\u00fdch telenovel: Okno do sv\u011bta emoc\u00ed<\/p>\n\n\n\n<p>Tureck\u00e9 telenovely si od sv\u00e9ho p\u0159\u00edchodu na obrazovky z\u00edskaly srdce po cel\u00e9m sv\u011bt\u011b.<\/p>\n\n\n\n<p>Nen\u00ed t\u011b\u017ek\u00e9 pochopit, pro\u010d se tyto inscenace staly tak popul\u00e1rn\u00edmi.<\/p>\n\n\n\n<p>Poj\u010fme se pono\u0159it do sv\u011bta t\u011bchto podmaniv\u00fdch p\u0159\u00edb\u011bh\u016f a objevit, co je d\u011bl\u00e1 tak v\u00fdjime\u010dn\u00fdmi pro div\u00e1ky v\u0161ech v\u011bkov\u00fdch kategori\u00ed.<\/p>\n\n\n\n<p><\/p>\n\n\n\n<hr class=\"wp-block-separator has-text-color has-luminous-vivid-orange-color has-alpha-channel-opacity has-luminous-vivid-orange-background-color has-background\" \/>\n\n\n\n<h2 class=\"wp-block-heading\">\u010ct\u011bte tak\u00e9:<\/h2>\n\n\n\n<div class=\"wp-block-columns is-layout-flex wp-container-core-columns-layout-1 wp-block-columns-is-layout-flex\">\n<div class=\"wp-block-column is-layout-flow wp-block-column-is-layout-flow\">\n<div class=\"wp-block-buttons is-layout-flex wp-block-buttons-is-layout-flex\">\n<div class=\"wp-block-button has-custom-width wp-block-button__width-100\" style=\"text-decoration:none\"><a class=\"wp-block-button__link has-white-color has-vivid-cyan-blue-background-color has-text-color has-background has-link-color has-text-align-left wp-element-button\" href=\"https:\/\/universofamilia.com\/cs\/5099\/restaurar-fotos-eliminadas-en-el-telefono-movil\/\" style=\"border-radius:10px\" target=\"_blank\" rel=\"noreferrer noopener\"><font style=\"vertical-align: inherit\"><font style=\"vertical-align: inherit\">\ud83d\udccc Obnoven\u00ed smazan\u00fdch fotografi\u00ed<\/font><\/font> &gt;<\/a><\/div>\n\n\n\n<div class=\"wp-block-button has-custom-width wp-block-button__width-100\" style=\"text-decoration:none\"><a class=\"wp-block-button__link has-white-color has-vivid-cyan-blue-background-color has-text-color has-background has-link-color has-text-align-left wp-element-button\" href=\"https:\/\/universofamilia.com\/cs\/5491\/aprender-a-conducir-una-revolucion-tecnologica-en-2024\/\" style=\"border-radius:10px\" target=\"_blank\" rel=\"noreferrer noopener\"><font style=\"vertical-align: inherit\"><font style=\"vertical-align: inherit\"><font style=\"vertical-align: inherit\"><font style=\"vertical-align: inherit\">\ud83d\udccc U\u010d\u00edme se v\u00e9st<\/font><\/font><\/font><\/font> &gt;<\/a><\/div>\n<\/div>\n<\/div>\n<\/div>\n\n\n\n<hr class=\"wp-block-separator has-text-color has-luminous-vivid-orange-color has-alpha-channel-opacity has-luminous-vivid-orange-background-color has-background\" \/>\n\n\n\n<p><\/p>\n\n\n\n<h2 class=\"wp-block-heading\">\ud83c\udf1f <strong>\u00dasp\u011bch tureck\u00e9 dramaturgie<\/strong><\/h2>\n\n\n\n<p>Tureck\u00e9 telenovely se staly glob\u00e1ln\u00edm fenom\u00e9nem a podmanily si publikum ze v\u0161ech kout\u016f sv\u011bta.<\/p>\n\n\n\n<p>D\u00edky strhuj\u00edc\u00edm z\u00e1pletk\u00e1m, strhuj\u00edc\u00edm hereck\u00fdm v\u00fdkon\u016fm a \u00fa\u017easn\u00e9mu prost\u0159ed\u00ed nab\u00edzej\u00ed jedine\u010dn\u00fd z\u00e1bavn\u00ed z\u00e1\u017eitek. Ale co je d\u011bl\u00e1 tak podmaniv\u00fdmi?<\/p>\n\n\n\n<h2 class=\"wp-block-heading\"><strong>Kouzlo z\u00e1pletek<\/strong><\/h2>\n\n\n\n<p>Jedn\u00edm z hlavn\u00edch d\u016fvod\u016f \u00fasp\u011bchu tureck\u00fdch telenovel je kvalita jejich p\u0159\u00edb\u011bh\u016f.<\/p>\n\n\n\n<p>D\u00edky slo\u017eit\u00fdm z\u00e1pletk\u00e1m a nap\u00ednav\u00fdm zvrat\u016fm dr\u017e\u00ed tyto inscenace div\u00e1ky p\u0159ilepen\u00e9 k obrazovce a dychtiv\u00e9 zjistit, co se bude d\u00edt d\u00e1l.<\/p>\n\n\n\n<p>Ture\u010dt\u00ed scen\u00e1rist\u00e9 maj\u00ed talent na vytv\u00e1\u0159en\u00ed slo\u017eit\u00fdch postav a jejich umis\u0165ov\u00e1n\u00ed do prost\u0159ed\u00ed, kter\u00e9 podn\u011bcuje fantazii.<\/p>\n\n\n\n<h2 class=\"wp-block-heading\"><strong>Emoce na povrchu<\/strong><\/h2>\n\n\n\n<p>Dal\u0161\u00edm aspektem, kter\u00fd se ve\u0159ejnosti hluboce dot\u00fdk\u00e1, je emocion\u00e1ln\u00ed intenzita tureck\u00fdch telenovel.<\/p>\n\n\n\n<p>Zab\u00fdvaj\u00ed se univerz\u00e1ln\u00edmi t\u00e9maty, jako je l\u00e1ska, zrada, rodina a p\u0159\u00e1telstv\u00ed, zp\u016fsobem, kter\u00fd rezonuje s lidmi v\u0161ech v\u011bkov\u00fdch kategori\u00ed.<\/p>\n\n\n\n<p>Div\u00e1ci vid\u00ed sv\u016fj odraz v boj\u00edch a triumfech postav a vytv\u00e1\u0159ej\u00ed tak siln\u00e9 emocion\u00e1ln\u00ed pouto.<\/p>\n\n\n\n<h2 class=\"wp-block-heading\"><strong>Vizu\u00e1ln\u00ed kr\u00e1sa<\/strong><\/h2>\n\n\n\n<p>Krom\u011b pohlcuj\u00edc\u00edch d\u011bjov\u00fdch lini\u00ed jsou tureck\u00e9 telenovely zn\u00e1m\u00e9 tak\u00e9 svou vizu\u00e1ln\u00ed kr\u00e1sou.<\/p>\n\n\n\n<p>Ohromuj\u00edc\u00ed kulisy, propracovan\u00e9 kost\u00fdmy a \u00fa\u017easn\u00e1 kamera p\u0159enesou div\u00e1ky do snov\u00e9ho sv\u011bta, kde je ka\u017ed\u00e1 sc\u00e9na um\u011bleck\u00fdm d\u00edlem.<\/p>\n\n\n<div class=\"wp-block-image\">\n<figure class=\"aligncenter size-full\"><img loading=\"lazy\" decoding=\"async\" width=\"550\" height=\"350\" src=\"http:\/\/universofamilia.com\/wp-content\/uploads\/sites\/148\/2024\/05\/P-550x350-6.jpg\" alt=\"\" class=\"wp-image-5860\" srcset=\"https:\/\/universofamilia.com\/wp-content\/uploads\/sites\/148\/2024\/05\/P-550x350-6.jpg 550w, https:\/\/universofamilia.com\/wp-content\/uploads\/sites\/148\/2024\/05\/P-550x350-6-300x191.jpg 300w\" sizes=\"(max-width: 550px) 100vw, 550px\" \/><figcaption class=\"wp-element-caption\">\ud83c\udfac Kouzlo tureck\u00fdch telenovel<\/figcaption><\/figure><\/div>\n\n\n<h2 class=\"wp-block-heading\">\ud83c\udf08 <strong>Diferenci\u00e1ly, kter\u00e9 si z\u00edskaly srdce<\/strong><\/h2>\n\n\n\n<p>Ale co p\u0159esn\u011b d\u011bl\u00e1 tureck\u00e9 telenovely tak v\u00fdjime\u010dn\u00fdmi? Co je odli\u0161uje od jin\u00fdch forem z\u00e1bavy?<\/p>\n\n\n\n<p>Poj\u010fme prozkoumat n\u011bkter\u00e9 prvky, kter\u00e9 p\u0159isp\u00edvaj\u00ed k atraktivit\u011b t\u011bchto inscenac\u00ed.<\/p>\n\n\n\n<h3 class=\"wp-block-heading\"><strong>Kultura a tradice<\/strong><\/h3>\n\n\n\n<p>Tureck\u00e9 telenovely nab\u00edzej\u00ed div\u00e1k\u016fm fascinuj\u00edc\u00ed vhled do kultury a tradic zem\u011b.<\/p>\n\n\n\n<p>Od m\u00edstn\u00edch kost\u00fdm\u016f a\u017e po \u00fa\u017easn\u00e9 scen\u00e9rie, tyto inscenace poskytuj\u00ed autentick\u00fd a obohacuj\u00edc\u00ed z\u00e1\u017eitek.<\/p>\n\n\n\n<h3 class=\"wp-block-heading\"><strong>Romantika a drama<\/strong><\/h3>\n\n\n\n<p>Romantika je jedn\u00edm z pil\u00ed\u0159\u016f tureck\u00fdch telenovel.<\/p>\n\n\n\n<p>S v\u00e1\u0161n\u00ed a dramatem nabit\u00fdmi z\u00e1pletkami si tyto p\u0159\u00edb\u011bhy z\u00edskaj\u00ed srdce div\u00e1k\u016f a vezmou je na horskou dr\u00e1hu intenzivn\u00edch pocit\u016f.<\/p>\n\n\n\n<h3 class=\"wp-block-heading\"><strong>Pam\u00e1tn\u00e9 postavy<\/strong><\/h3>\n\n\n\n<p>Postavy v tureck\u00fdch telenovel\u00e1ch jsou dal\u0161\u00ed silnou str\u00e1nkou.<\/p>\n\n\n\n<p>Od state\u010dn\u00fdch hrdin\u016f a\u017e po lstiv\u00e9 padouchy, tyto inscenace p\u0159edstavuj\u00ed \u0161irokou \u0161k\u00e1lu osobnost\u00ed, kter\u00e9 na div\u00e1ky zanech\u00e1vaj\u00ed trval\u00fd dojem.<\/p>\n\n\n\n<h3 class=\"wp-block-heading\"><strong>Univerz\u00e1ln\u00ed poselstv\u00ed<\/strong><\/h3>\n\n\n\n<p>A kone\u010dn\u011b, tureck\u00e9 telenovely \u010dasto sd\u011bluj\u00ed siln\u00e1 poselstv\u00ed o l\u00e1sce, p\u0159\u00e1telstv\u00ed a p\u0159ekon\u00e1v\u00e1n\u00ed t\u011b\u017ekost\u00ed.<\/p>\n\n\n\n<p>Ukazuj\u00ed, \u017ee bez ohledu na okolnosti v\u017edy existuje nad\u011bje a mo\u017enost \u0161\u0165astn\u00e9ho konce.<\/p>\n\n\n\n<h2 class=\"wp-block-heading\">\u2b50 <strong>Co \u0159\u00edkaj\u00ed u\u017eivatel\u00e9<\/strong><\/h2>\n\n\n\n<p>N\u00e1zory div\u00e1k\u016f jsou kl\u00ed\u010dov\u00e9 pro pochopen\u00ed toho, pro\u010d byly tureck\u00e9 telenovely tak dob\u0159e p\u0159ijaty.<\/p>\n\n\n\n<p>Mnoz\u00ed se d\u011bl\u00ed o sv\u00e9 pozitivn\u00ed zku\u0161enosti a zd\u016fraz\u0148uj\u00ed aspekty, kter\u00fdch si na inscenac\u00edch nejv\u00edce cen\u00ed.<\/p>\n\n\n\n<ul>\n<li><em>\u201eTureck\u00e9 telenovely m\u011b p\u0159en\u00e1\u0161ej\u00ed do \u00fapln\u011b jin\u00e9ho sv\u011bta. Fand\u00edm postav\u00e1m a pro\u017e\u00edv\u00e1m spolu s nimi v\u0161echny emoce.\u201c \u2013 Mar\u00eda, 32 let.<\/em><\/li>\n\n\n\n<li><em>\u201eNa tureck\u00fdch telenovel\u00e1ch se mi nejv\u00edc l\u00edb\u00ed hloubka postav. P\u016fsob\u00ed tak re\u00e1ln\u011b, \u017ee je nemo\u017en\u00e9 se do jejich p\u0159\u00edb\u011bh\u016f nev\u017e\u00edt.\u201c \u2013 Jo\u00e3o, 45 let.<\/em><\/li>\n\n\n\n<li><em>\u201eSledov\u00e1n\u00ed tureck\u00fdch telenovel se pro m\u011b a mou rodinu stalo ritu\u00e1lem. Je to zp\u016fsob, jak se sej\u00edt a sd\u00edlet spole\u010dn\u00e9 chv\u00edle.\u201c \u2013 Ana, 55 let.<\/em><\/li>\n<\/ul>\n\n\n\n<h2 class=\"wp-block-heading\">\ud83d\udcf1 <strong>Objevte, kam se m\u016f\u017eete pod\u00edvat<\/strong><\/h2>\n\n\n\n<p>Pokud se chcete pono\u0159it do vzru\u0161uj\u00edc\u00edho sv\u011bta tureck\u00fdch telenovel, existuje n\u011bkolik aplikac\u00ed, kter\u00e9 nab\u00edzej\u00ed p\u0159\u00edstup k \u0161irok\u00e9 \u0161k\u00e1le titul\u016f.<\/p>\n\n\n\n<ul>\n<li><strong>Viki:<\/strong> D\u00edky rozs\u00e1hl\u00e9mu katalogu tureck\u00fdch telenovel, \u0161pan\u011blsk\u00fdm titulk\u016fm a u\u017eivatelsky p\u0159\u00edv\u011btiv\u00e9mu rozhran\u00ed je Viki obl\u00edbenou volbou mezi fanou\u0161ky tohoto \u017e\u00e1nru.<\/li>\n\n\n\n<li><strong>D\u00edzila:<\/strong> Tato bezplatn\u00e1 aplikace nab\u00edz\u00ed \u0161irokou \u0161k\u00e1lu tureck\u00fdch telenovel, v\u010detn\u011b exkluzivn\u00edch titul\u016f, kter\u00e9 jinde nejsou k dispozici.<\/li>\n\n\n\n<li><strong>puhutv:<\/strong> Ofici\u00e1ln\u00ed aplikace Puhutv nab\u00edz\u00ed katalog tureck\u00fdch telenovel se \u0161pan\u011blsk\u00fdmi titulky a tak\u00e9 dal\u0161\u00ed televizn\u00ed po\u0159ady a filmy.<\/li>\n<\/ul>\n\n\n\n<h2 class=\"wp-block-heading\">\ud83d\udce5 <strong>Kde st\u00e1hnout<\/strong><\/h2>\n\n\n\n<p>Chcete-li za\u010d\u00edt sledovat sv\u00e9 obl\u00edben\u00e9 tureck\u00e9 telenovely, jednodu\u0161e si st\u00e1hn\u011bte aplikace z n\u00e1sleduj\u00edc\u00edch odkaz\u016f:<\/p>\n\n\n\n<ul>\n<li><strong>iOS:<\/strong> <a href=\"https:\/\/www.viki.com\/apps\" target=\"_blank\" rel=\"noreferrer noopener\">Viki<\/a> | <a href=\"https:\/\/apps.apple.com\/us\/app\/dizilah\/id6444266243\" target=\"_blank\" rel=\"noreferrer noopener\">Dizilah<\/a> | <a href=\"https:\/\/apps.apple.com\/us\/app\/puhutv\/id1139761721\" target=\"_blank\" rel=\"noreferrer noopener\">puhutv<\/a><\/li>\n\n\n\n<li><strong>Android:<\/strong> <a href=\"https:\/\/play.google.com\/store\/apps\/developer?id=Viki,+Inc&amp;hl=en&amp;gl=US\" target=\"_blank\" rel=\"noreferrer noopener\">Viki<\/a> | <a href=\"https:\/\/play.google.com\/store\/apps\/details?id=com.dizilah&amp;hl=en&amp;gl=US\" target=\"_blank\" rel=\"noreferrer noopener\">Dizilah<\/a> | <a href=\"https:\/\/play.google.com\/store\/apps\/details?id=com.dogusdigital.puhutv&amp;hl=en_IN\" target=\"_blank\" rel=\"noreferrer noopener\">puhutv<\/a><\/li>\n<\/ul>\n\n\n\n<p>Ne\u010dekejte d\u00e9le a vydejte se na vzru\u0161uj\u00edc\u00ed cestu tureck\u00fdmi telenovelami.<\/p>\n\n\n\n<p>St\u00e1hn\u011bte si jednu z t\u011bchto aplikac\u00ed je\u0161t\u011b dnes a za\u010dn\u011bte prozkoum\u00e1vat ve\u0161ker\u00e9 drama, romantiku a dobrodru\u017estv\u00ed, kter\u00e9 tento \u017e\u00e1nr nab\u00edz\u00ed.<\/p>\n\n\n\n<p>P\u0159ipravte se zamilovat! \ud83c\udf1f<\/p>\n\n\n\n<p><\/p>\n\n\n\n<hr class=\"wp-block-separator has-text-color has-luminous-vivid-orange-color has-alpha-channel-opacity has-luminous-vivid-orange-background-color has-background\" \/>\n\n\n\n<h2 class=\"wp-block-heading\">\u010ct\u011bte tak\u00e9:<\/h2>\n\n\n\n<div class=\"wp-block-columns is-layout-flex wp-container-core-columns-layout-2 wp-block-columns-is-layout-flex\">\n<div class=\"wp-block-column is-layout-flow wp-block-column-is-layout-flow\">\n<div class=\"wp-block-buttons is-layout-flex wp-block-buttons-is-layout-flex\">\n<div class=\"wp-block-button has-custom-width wp-block-button__width-100\" style=\"text-decoration:none\"><a class=\"wp-block-button__link has-white-color has-vivid-cyan-blue-background-color has-text-color has-background has-link-color has-text-align-left wp-element-button\" href=\"https:\/\/universofamilia.com\/cs\/5099\/restaurar-fotos-eliminadas-en-el-telefono-movil\/\" style=\"border-radius:10px\" target=\"_blank\" rel=\"noreferrer noopener\"><font style=\"vertical-align: inherit\"><font style=\"vertical-align: inherit\">\ud83d\udccc Obnoven\u00ed smazan\u00fdch fotografi\u00ed<\/font><\/font> &gt;<\/a><\/div>\n\n\n\n<div class=\"wp-block-button has-custom-width wp-block-button__width-100\" style=\"text-decoration:none\"><a class=\"wp-block-button__link has-white-color has-vivid-cyan-blue-background-color has-text-color has-background has-link-color has-text-align-left wp-element-button\" href=\"https:\/\/universofamilia.com\/cs\/5491\/aprender-a-conducir-una-revolucion-tecnologica-en-2024\/\" style=\"border-radius:10px\" target=\"_blank\" rel=\"noreferrer noopener\"><font style=\"vertical-align: inherit\"><font style=\"vertical-align: inherit\"><font style=\"vertical-align: inherit\"><font style=\"vertical-align: inherit\">\ud83d\udccc U\u010d\u00edme se v\u00e9st<\/font><\/font><\/font><\/font> &gt;<\/a><\/div>\n<\/div>\n<\/div>\n<\/div>\n\n\n\n<hr class=\"wp-block-separator has-text-color has-luminous-vivid-orange-color has-alpha-channel-opacity has-luminous-vivid-orange-background-color has-background\" \/>\n\n\n\n<p><\/p>","protected":false},"excerpt":{"rendered":"<p>\ud83c\udfac Kouzlo tureck\u00fdch telenovel: Okno do sv\u011bta emoc\u00ed Tureck\u00e9 telenovely si od sv\u00e9ho p\u0159\u00edchodu na obrazovky z\u00edskaly srdce po cel\u00e9m sv\u011bt\u011b. Nen\u00ed t\u011b\u017ek\u00e9 pochopit, pro\u010d se tyto inscenace staly tak popul\u00e1rn\u00edmi. Poj\u010fme se pono\u0159it do vesm\u00edru t\u011bchto podmaniv\u00fdch p\u0159\u00edb\u011bh\u016f a objevit [\u2026]<\/p>","protected":false},"author":219,"featured_media":5860,"comment_status":"closed","ping_status":"open","sticky":false,"template":"","format":"standard","meta":{"footnotes":""},"categories":[3],"tags":[205,225,1594],"yoast_head":"<!-- This site is optimized with the Yoast SEO plugin v23.3 - https:\/\/yoast.com\/wordpress\/plugins\/seo\/ -->\n<title>\ud83c\udfac El Encanto de las Telenovelas Turcas - Universo Fam\u00edlia<\/title>\n<meta name=\"description\" content=\"\ud83c\udfac El Encanto de las Telenovelas Turcas. Desde su llegada a las pantallas, las telenovelas turcas han conquistado corazones en todo el mundo.\" \/>\n<meta name=\"robots\" content=\"index, follow, max-snippet:-1, max-image-preview:large, max-video-preview:-1\" \/>\n<link rel=\"canonical\" href=\"https:\/\/universofamilia.com\/cs\/el-encanto-de-las-telenovelas-turcas\/\" \/>\n<meta property=\"og:locale\" content=\"cs_CZ\" \/>\n<meta property=\"og:type\" content=\"article\" \/>\n<meta property=\"og:title\" content=\"\ud83c\udfac El Encanto de las Telenovelas Turcas - Universo Fam\u00edlia\" \/>\n<meta property=\"og:description\" content=\"\ud83c\udfac El Encanto de las Telenovelas Turcas. Desde su llegada a las pantallas, las telenovelas turcas han conquistado corazones en todo el mundo.\" \/>\n<meta property=\"og:url\" content=\"https:\/\/universofamilia.com\/cs\/el-encanto-de-las-telenovelas-turcas\/\" \/>\n<meta property=\"og:site_name\" content=\"Universo Fam\u00edlia\" \/>\n<meta property=\"article:published_time\" content=\"2024-05-02T21:33:44+00:00\" \/>\n<meta property=\"article:modified_time\" content=\"2025-10-12T16:51:11+00:00\" \/>\n<meta property=\"og:image\" content=\"https:\/\/universofamilia.com\/wp-content\/uploads\/sites\/148\/2024\/05\/P-550x350-6.jpg\" \/>\n\t<meta property=\"og:image:width\" content=\"550\" \/>\n\t<meta property=\"og:image:height\" content=\"350\" \/>\n\t<meta property=\"og:image:type\" content=\"image\/jpeg\" \/>\n<meta name=\"author\" content=\"Matheus Sangaletti\" \/>\n<meta name=\"twitter:card\" content=\"summary_large_image\" \/>\n<meta name=\"twitter:label1\" content=\"Written by\" \/>\n\t<meta name=\"twitter:data1\" content=\"Matheus Sangaletti\" \/>\n\t<meta name=\"twitter:label2\" content=\"Est. reading time\" \/>\n\t<meta name=\"twitter:data2\" content=\"5 minut\" \/>\n<script type=\"application\/ld+json\" class=\"yoast-schema-graph\">{\"@context\":\"https:\/\/schema.org\",\"@graph\":[{\"@type\":\"WebPage\",\"@id\":\"https:\/\/universofamilia.com\/ko\/el-encanto-de-las-telenovelas-turcas\/\",\"url\":\"https:\/\/universofamilia.com\/ko\/el-encanto-de-las-telenovelas-turcas\/\",\"name\":\"\ud83c\udfac El Encanto de las Telenovelas Turcas - Universo Fam\u00edlia\",\"isPartOf\":{\"@id\":\"https:\/\/universofamilia.com\/el\/#website\"},\"primaryImageOfPage\":{\"@id\":\"https:\/\/universofamilia.com\/ko\/el-encanto-de-las-telenovelas-turcas\/#primaryimage\"},\"image\":{\"@id\":\"https:\/\/universofamilia.com\/ko\/el-encanto-de-las-telenovelas-turcas\/#primaryimage\"},\"thumbnailUrl\":\"https:\/\/universofamilia.com\/wp-content\/uploads\/sites\/148\/2024\/05\/P-550x350-6.jpg\",\"datePublished\":\"2024-05-02T21:33:44+00:00\",\"dateModified\":\"2025-10-12T16:51:11+00:00\",\"author\":{\"@id\":\"https:\/\/universofamilia.com\/el\/#\/schema\/person\/92fcd07e9b1f4323bf74f3170fc0f78a\"},\"description\":\"\ud83c\udfac El Encanto de las Telenovelas Turcas. Desde su llegada a las pantallas, las telenovelas turcas han conquistado corazones en todo el mundo.\",\"breadcrumb\":{\"@id\":\"https:\/\/universofamilia.com\/ko\/el-encanto-de-las-telenovelas-turcas\/#breadcrumb\"},\"inLanguage\":\"cs\",\"potentialAction\":[{\"@type\":\"ReadAction\",\"target\":[\"https:\/\/universofamilia.com\/ko\/el-encanto-de-las-telenovelas-turcas\/\"]}]},{\"@type\":\"ImageObject\",\"inLanguage\":\"cs\",\"@id\":\"https:\/\/universofamilia.com\/ko\/el-encanto-de-las-telenovelas-turcas\/#primaryimage\",\"url\":\"https:\/\/universofamilia.com\/wp-content\/uploads\/sites\/148\/2024\/05\/P-550x350-6.jpg\",\"contentUrl\":\"https:\/\/universofamilia.com\/wp-content\/uploads\/sites\/148\/2024\/05\/P-550x350-6.jpg\",\"width\":550,\"height\":350,\"caption\":\"\ud83c\udfac El Encanto de las Telenovelas Turcas\"},{\"@type\":\"BreadcrumbList\",\"@id\":\"https:\/\/universofamilia.com\/ko\/el-encanto-de-las-telenovelas-turcas\/#breadcrumb\",\"itemListElement\":[{\"@type\":\"ListItem\",\"position\":1,\"name\":\"Home\",\"item\":\"https:\/\/universofamilia.com\/el\/\"},{\"@type\":\"ListItem\",\"position\":2,\"name\":\"\ud83c\udfac El Encanto de las Telenovelas Turcas\"}]},{\"@type\":\"WebSite\",\"@id\":\"https:\/\/universofamilia.com\/el\/#website\",\"url\":\"https:\/\/universofamilia.com\/el\/\",\"name\":\"Universo Fam\u00edlia\",\"description\":\"\",\"potentialAction\":[{\"@type\":\"SearchAction\",\"target\":{\"@type\":\"EntryPoint\",\"urlTemplate\":\"https:\/\/universofamilia.com\/el\/?s={search_term_string}\"},\"query-input\":\"required name=search_term_string\"}],\"inLanguage\":\"cs\"},{\"@type\":\"Person\",\"@id\":\"https:\/\/universofamilia.com\/el\/#\/schema\/person\/92fcd07e9b1f4323bf74f3170fc0f78a\",\"name\":\"Matheus Sangaletti\",\"image\":{\"@type\":\"ImageObject\",\"inLanguage\":\"cs\",\"@id\":\"https:\/\/universofamilia.com\/el\/#\/schema\/person\/image\/\",\"url\":\"https:\/\/secure.gravatar.com\/avatar\/280ea957a14a48e6a1ad2133d2cc27c9?s=96&d=mm&r=g\",\"contentUrl\":\"https:\/\/secure.gravatar.com\/avatar\/280ea957a14a48e6a1ad2133d2cc27c9?s=96&d=mm&r=g\",\"caption\":\"Matheus Sangaletti\"},\"url\":\"https:\/\/universofamilia.com\/cs\/author\/matheuss\/\"}]}<\/script>\n<!-- \/ Yoast SEO plugin. -->","yoast_head_json":{"title":"\ud83c\udfac El Encanto de las Telenovelas Turcas - Universo Fam\u00edlia","description":"\ud83c\udfac El Encanto de las Telenovelas Turcas. Desde su llegada a las pantallas, las telenovelas turcas han conquistado corazones en todo el mundo.","robots":{"index":"index","follow":"follow","max-snippet":"max-snippet:-1","max-image-preview":"max-image-preview:large","max-video-preview":"max-video-preview:-1"},"canonical":"https:\/\/universofamilia.com\/cs\/el-encanto-de-las-telenovelas-turcas\/","og_locale":"cs_CZ","og_type":"article","og_title":"\ud83c\udfac El Encanto de las Telenovelas Turcas - Universo Fam\u00edlia","og_description":"\ud83c\udfac El Encanto de las Telenovelas Turcas. Desde su llegada a las pantallas, las telenovelas turcas han conquistado corazones en todo el mundo.","og_url":"https:\/\/universofamilia.com\/cs\/el-encanto-de-las-telenovelas-turcas\/","og_site_name":"Universo Fam\u00edlia","article_published_time":"2024-05-02T21:33:44+00:00","article_modified_time":"2025-10-12T16:51:11+00:00","og_image":[{"width":550,"height":350,"url":"https:\/\/universofamilia.com\/wp-content\/uploads\/sites\/148\/2024\/05\/P-550x350-6.jpg","type":"image\/jpeg"}],"author":"Matheus Sangaletti","twitter_card":"summary_large_image","twitter_misc":{"Written by":"Matheus Sangaletti","Est. reading time":"5 minut"},"schema":{"@context":"https:\/\/schema.org","@graph":[{"@type":"WebPage","@id":"https:\/\/universofamilia.com\/ko\/el-encanto-de-las-telenovelas-turcas\/","url":"https:\/\/universofamilia.com\/ko\/el-encanto-de-las-telenovelas-turcas\/","name":"\ud83c\udfac El Encanto de las Telenovelas Turcas - Universo Fam\u00edlia","isPartOf":{"@id":"https:\/\/universofamilia.com\/el\/#website"},"primaryImageOfPage":{"@id":"https:\/\/universofamilia.com\/ko\/el-encanto-de-las-telenovelas-turcas\/#primaryimage"},"image":{"@id":"https:\/\/universofamilia.com\/ko\/el-encanto-de-las-telenovelas-turcas\/#primaryimage"},"thumbnailUrl":"https:\/\/universofamilia.com\/wp-content\/uploads\/sites\/148\/2024\/05\/P-550x350-6.jpg","datePublished":"2024-05-02T21:33:44+00:00","dateModified":"2025-10-12T16:51:11+00:00","author":{"@id":"https:\/\/universofamilia.com\/el\/#\/schema\/person\/92fcd07e9b1f4323bf74f3170fc0f78a"},"description":"\ud83c\udfac El Encanto de las Telenovelas Turcas. Desde su llegada a las pantallas, las telenovelas turcas han conquistado corazones en todo el mundo.","breadcrumb":{"@id":"https:\/\/universofamilia.com\/ko\/el-encanto-de-las-telenovelas-turcas\/#breadcrumb"},"inLanguage":"cs","potentialAction":[{"@type":"ReadAction","target":["https:\/\/universofamilia.com\/ko\/el-encanto-de-las-telenovelas-turcas\/"]}]},{"@type":"ImageObject","inLanguage":"cs","@id":"https:\/\/universofamilia.com\/ko\/el-encanto-de-las-telenovelas-turcas\/#primaryimage","url":"https:\/\/universofamilia.com\/wp-content\/uploads\/sites\/148\/2024\/05\/P-550x350-6.jpg","contentUrl":"https:\/\/universofamilia.com\/wp-content\/uploads\/sites\/148\/2024\/05\/P-550x350-6.jpg","width":550,"height":350,"caption":"\ud83c\udfac El Encanto de las Telenovelas Turcas"},{"@type":"BreadcrumbList","@id":"https:\/\/universofamilia.com\/ko\/el-encanto-de-las-telenovelas-turcas\/#breadcrumb","itemListElement":[{"@type":"ListItem","position":1,"name":"Home","item":"https:\/\/universofamilia.com\/el\/"},{"@type":"ListItem","position":2,"name":"\ud83c\udfac El Encanto de las Telenovelas Turcas"}]},{"@type":"WebSite","@id":"https:\/\/universofamilia.com\/el\/#website","url":"https:\/\/universofamilia.com\/el\/","name":"Universo Fam\u00edlia","description":"","potentialAction":[{"@type":"SearchAction","target":{"@type":"EntryPoint","urlTemplate":"https:\/\/universofamilia.com\/el\/?s={search_term_string}"},"query-input":"required name=search_term_string"}],"inLanguage":"cs"},{"@type":"Person","@id":"https:\/\/universofamilia.com\/el\/#\/schema\/person\/92fcd07e9b1f4323bf74f3170fc0f78a","name":"Matheus Sangaletti","image":{"@type":"ImageObject","inLanguage":"cs","@id":"https:\/\/universofamilia.com\/el\/#\/schema\/person\/image\/","url":"https:\/\/secure.gravatar.com\/avatar\/280ea957a14a48e6a1ad2133d2cc27c9?s=96&d=mm&r=g","contentUrl":"https:\/\/secure.gravatar.com\/avatar\/280ea957a14a48e6a1ad2133d2cc27c9?s=96&d=mm&r=g","caption":"Matheus Sangaletti"},"url":"https:\/\/universofamilia.com\/cs\/author\/matheuss\/"}]}},"_links":{"self":[{"href":"https:\/\/universofamilia.com\/cs\/wp-json\/wp\/v2\/posts\/5859"}],"collection":[{"href":"https:\/\/universofamilia.com\/cs\/wp-json\/wp\/v2\/posts"}],"about":[{"href":"https:\/\/universofamilia.com\/cs\/wp-json\/wp\/v2\/types\/post"}],"author":[{"embeddable":true,"href":"https:\/\/universofamilia.com\/cs\/wp-json\/wp\/v2\/users\/219"}],"replies":[{"embeddable":true,"href":"https:\/\/universofamilia.com\/cs\/wp-json\/wp\/v2\/comments?post=5859"}],"version-history":[{"count":1,"href":"https:\/\/universofamilia.com\/cs\/wp-json\/wp\/v2\/posts\/5859\/revisions"}],"predecessor-version":[{"id":10038,"href":"https:\/\/universofamilia.com\/cs\/wp-json\/wp\/v2\/posts\/5859\/revisions\/10038"}],"wp:featuredmedia":[{"embeddable":true,"href":"https:\/\/universofamilia.com\/cs\/wp-json\/wp\/v2\/media\/5860"}],"wp:attachment":[{"href":"https:\/\/universofamilia.com\/cs\/wp-json\/wp\/v2\/media?parent=5859"}],"wp:term":[{"taxonomy":"category","embeddable":true,"href":"https:\/\/universofamilia.com\/cs\/wp-json\/wp\/v2\/categories?post=5859"},{"taxonomy":"post_tag","embeddable":true,"href":"https:\/\/universofamilia.com\/cs\/wp-json\/wp\/v2\/tags?post=5859"}],"curies":[{"name":"wp","href":"https:\/\/api.w.org\/{rel}","templated":true}]}}