{"id":6084,"date":"2024-06-11T15:39:05","date_gmt":"2024-06-11T18:39:05","guid":{"rendered":"https:\/\/universofamilia.com\/?p=6084"},"modified":"2025-01-28T13:21:54","modified_gmt":"2025-01-28T13:21:54","slug":"quieres-saber-quien-visita-tu-perfil-en-las-redes-sociales","status":"publish","type":"post","link":"https:\/\/universofamilia.com\/cs\/quieres-saber-quien-visita-tu-perfil-en-las-redes-sociales\/","title":{"rendered":"Chcete v\u011bd\u011bt, kdo nav\u0161t\u011bvuje v\u00e1\u0161 profil na soci\u00e1ln\u00edch s\u00edt\u00edch?"},"content":{"rendered":"<p>Chcete v\u011bd\u011bt, kdo nav\u0161t\u011bvuje v\u00e1\u0161 profil na soci\u00e1ln\u00edch s\u00edt\u00edch?<\/p>\n\n\n\n<p>P\u0159em\u00fd\u0161leli jste n\u011bkdy o tom, kdo nav\u0161t\u011bvuje v\u00e1\u0161 profil na soci\u00e1ln\u00edch s\u00edt\u00edch?<\/p>\n\n\n\n<p>A\u0165 u\u017e ze zv\u011bdavosti nebo ze strategick\u00fdch d\u016fvod\u016f, v\u011bd\u011bt, kdo sleduje va\u0161e p\u0159\u00edsp\u011bvky, m\u016f\u017ee p\u0159in\u00e9st n\u011bkolik v\u00fdhod.<\/p>\n\n\n\n<p>Poj\u010fme prozkoumat d\u016fvody a n\u00e1stroje pro odhalen\u00ed t\u011bchto informac\u00ed a jak m\u016f\u017eete tato data vyu\u017e\u00edt ve sv\u016fj prosp\u011bch.<\/p>\n\n\n\n<h2 class=\"wp-block-heading\">Pro\u010d je d\u016fle\u017eit\u00e9 v\u011bd\u011bt, kdo nav\u0161t\u011bvuje v\u00e1\u0161 profil na soci\u00e1ln\u00edch s\u00edt\u00edch?<\/h2>\n\n\n\n<h3 class=\"wp-block-heading\">Pochopte sv\u00e9 publikum a upravte svou obsahovou strategii<\/h3>\n\n\n\n<p>V\u011bd\u011bt, kdo nav\u0161t\u011bvuje v\u00e1\u0161 profil, v\u00e1m umo\u017en\u00ed l\u00e9pe porozum\u011bt va\u0161emu publiku.<\/p>\n\n\n\n<p>To v\u00e1m pom\u016f\u017ee p\u0159izp\u016fsobit va\u0161e p\u0159\u00edsp\u011bvky jejich o\u010dek\u00e1v\u00e1n\u00edm a preferenc\u00edm, a t\u00edm zv\u00fd\u0161it zapojen\u00ed a relevanci.<\/p>\n\n\n\n<p><\/p>\n\n\n\n<hr class=\"wp-block-separator has-text-color has-luminous-vivid-orange-color has-alpha-channel-opacity has-luminous-vivid-orange-background-color has-background\" \/>\n\n\n\n<h2 class=\"wp-block-heading\">\u010ct\u011bte tak\u00e9:<\/h2>\n\n\n\n<div class=\"wp-block-columns is-layout-flex wp-container-core-columns-layout-1 wp-block-columns-is-layout-flex\">\n<div class=\"wp-block-column is-layout-flow wp-block-column-is-layout-flow\">\n<div class=\"wp-block-buttons is-layout-flex wp-block-buttons-is-layout-flex\">\n<div class=\"wp-block-button has-custom-width wp-block-button__width-100\" style=\"text-decoration:none\"><a class=\"wp-block-button__link has-white-color has-vivid-cyan-blue-background-color has-text-color has-background has-link-color has-text-align-left wp-element-button\" href=\"https:\/\/universofamilia.com\/cs\/5893\/acelera-tu-celular-despierta-tu-productividad\/\" style=\"border-radius:10px\" target=\"_blank\" rel=\"noreferrer noopener\"><font style=\"vertical-align: inherit\"><font style=\"vertical-align: inherit\">\ud83d\udccc Zrychlete sv\u016fj mobiln\u00ed telefon<\/font><\/font> &gt;<\/a><\/div>\n\n\n\n<div class=\"wp-block-button has-custom-width wp-block-button__width-100\" style=\"text-decoration:none\"><a class=\"wp-block-button__link has-white-color has-vivid-cyan-blue-background-color has-text-color has-background has-link-color has-text-align-left wp-element-button\" href=\"https:\/\/universofamilia.com\/cs\/5869\/descubre-quien-te-esta-observando-en-las-redes-sociales\/\" style=\"border-radius:10px\" target=\"_blank\" rel=\"noreferrer noopener\"><font style=\"vertical-align: inherit\"><font style=\"vertical-align: inherit\"><font style=\"vertical-align: inherit\"><font style=\"vertical-align: inherit\">\ud83d\udccc Kdo nav\u0161t\u00edvil v\u00e1\u0161 profil<\/font><\/font><\/font><\/font> &gt;<\/a><\/div>\n<\/div>\n<\/div>\n\n\n\n<div class=\"wp-block-column is-layout-flow wp-block-column-is-layout-flow\">\n<div class=\"wp-block-buttons is-layout-flex wp-block-buttons-is-layout-flex\">\n<div class=\"wp-block-button has-custom-width wp-block-button__width-100\" style=\"text-decoration:none\"><a class=\"wp-block-button__link has-white-color has-vivid-cyan-blue-background-color has-text-color has-background has-link-color has-text-align-left wp-element-button\" href=\"https:\/\/universofamilia.com\/cs\/5859\/el-encanto-de-las-telenovelas-turcas\/\" style=\"border-radius:10px\" target=\"_blank\" rel=\"noreferrer noopener\"><font style=\"vertical-align: inherit\"><font style=\"vertical-align: inherit\"><font style=\"vertical-align: inherit\"><font style=\"vertical-align: inherit\">\ud83d\udccd<\/font><\/font> Tureck\u00e9 telenovely &gt;<\/font><\/font><\/a><\/div>\n<\/div>\n<\/div>\n<\/div>\n\n\n\n<hr class=\"wp-block-separator has-text-color has-luminous-vivid-orange-color has-alpha-channel-opacity has-luminous-vivid-orange-background-color has-background\" \/>\n\n\n\n<p><\/p>\n\n\n\n<h3 class=\"wp-block-heading\">Identifikujte potenci\u00e1ln\u00ed sleduj\u00edc\u00ed a prom\u011b\u0148te je v z\u00e1kazn\u00edky<\/h3>\n\n\n\n<p>Identifikac\u00ed t\u011bch, kte\u0159\u00ed \u010dasto nav\u0161t\u011bvuj\u00ed v\u00e1\u0161 profil, m\u016f\u017eete naj\u00edt potenci\u00e1ln\u00ed sleduj\u00edc\u00ed, kte\u0159\u00ed by se mohli st\u00e1t z\u00e1kazn\u00edky.<\/p>\n\n\n\n<p>To je obzvl\u00e1\u0161t\u011b u\u017eite\u010dn\u00e9 pro ty, kte\u0159\u00ed pou\u017e\u00edvaj\u00ed soci\u00e1ln\u00ed m\u00e9dia k marketingov\u00fdm \u00fa\u010del\u016fm.<\/p>\n\n\n\n<h3 class=\"wp-block-heading\">Sledujte zapojen\u00ed a porovn\u00e1vejte sv\u016fj v\u00fdkon s ostatn\u00edmi profily<\/h3>\n\n\n\n<p>Anal\u00fdza n\u00e1v\u0161t\u011bvn\u00edk\u016f va\u0161eho profilu v\u00e1m pom\u016f\u017ee sledovat \u00farove\u0148 zapojen\u00ed va\u0161ich p\u0159\u00edsp\u011bvk\u016f.<\/p>\n\n\n\n<p>Porovn\u00e1n\u00edm t\u011bchto dat s daty jin\u00fdch profil\u016f m\u016f\u017eete upravit sv\u00e9 strategie a zlep\u0161it tak sv\u016fj v\u00fdkon na soci\u00e1ln\u00edch s\u00edt\u00edch.<\/p>\n\n\n\n<h2 class=\"wp-block-heading\">Omezen\u00ed n\u00e1stroj\u016f pro anal\u00fdzu n\u00e1v\u0161t\u011bvn\u00edk\u016f<\/h2>\n\n\n\n<h3 class=\"wp-block-heading\">\u00dapln\u00fd seznam n\u00e1v\u0161t\u011bvn\u00edk\u016f nemus\u00ed b\u00fdt k dispozici<\/h3>\n\n\n\n<p>Je d\u016fle\u017eit\u00e9 si uv\u011bdomit, \u017ee \u017e\u00e1dn\u00e1 aplikace neposkytuje \u00fapln\u00fd seznam lid\u00ed, kte\u0159\u00ed nav\u0161t\u00edvili v\u00e1\u0161 profil.<\/p>\n\n\n\n<p>Soci\u00e1ln\u00ed s\u00edt\u011b omezuj\u00ed p\u0159\u00edstup k t\u011bmto informac\u00edm z d\u016fvod\u016f ochrany soukrom\u00ed.<\/p>\n\n\n\n<h3 class=\"wp-block-heading\">Jak aplikace odhaduj\u00ed, kdo nav\u0161t\u00edv\u00ed v\u00e1\u0161 profil<\/h3>\n\n\n\n<p>Aplikace pou\u017e\u00edvaj\u00ed metody, jako je anal\u00fdza interakc\u00ed (lajky, koment\u00e1\u0159e, zobrazen\u00ed p\u0159\u00edb\u011bh\u016f) a ve\u0159ejn\u00e1 data, k odhadu, kdo nav\u0161t\u011bvuje v\u00e1\u0161 profil.<\/p>\n\n\n\n<p>Tyto metody nejsou neomyln\u00e9, ale poskytuj\u00ed dobr\u00fd ukazatel.<\/p>\n\n\n\n<h3 class=\"wp-block-heading\">D\u016fle\u017eitost zodpov\u011bdn\u00e9ho pou\u017e\u00edv\u00e1n\u00ed n\u00e1stroj\u016f<\/h3>\n\n\n\n<p>Tyto n\u00e1stroje v\u017edy pou\u017e\u00edvejte zodpov\u011bdn\u011b. P\u0159ed instalac\u00ed si p\u0159e\u010dt\u011bte jejich z\u00e1sady ochrany osobn\u00edch \u00fadaj\u016f a ujist\u011bte se, \u017ee jsou aplikace bezpe\u010dn\u00e9.<\/p>\n\n\n\n<h2 class=\"wp-block-heading\">Tipy na ochranu va\u0161eho soukrom\u00ed na soci\u00e1ln\u00edch s\u00edt\u00edch<\/h2>\n\n\n\n<h3 class=\"wp-block-heading\">Upravte nastaven\u00ed soukrom\u00ed sv\u00e9ho profilu<\/h3>\n\n\n\n<p>Zkontrolujte si nastaven\u00ed soukrom\u00ed na soci\u00e1ln\u00edch s\u00edt\u00edch. Omezte, kdo m\u016f\u017ee vid\u011bt va\u0161e p\u0159\u00edsp\u011bvky a osobn\u00ed \u00fadaje, abyste ochr\u00e1nili sv\u00e9 soukrom\u00ed.<\/p>\n\n\n\n<h3 class=\"wp-block-heading\">Omezte informace, kter\u00e9 sd\u00edl\u00edte online<\/h3>\n\n\n\n<p>Vyhn\u011bte se sd\u00edlen\u00ed citliv\u00fdch osobn\u00edch \u00fadaj\u016f na soci\u00e1ln\u00edch s\u00edt\u00edch. \u010c\u00edm m\u00e9n\u011b informac\u00ed sd\u00edl\u00edte, t\u00edm t\u011b\u017e\u0161\u00ed bude pro n\u011bkoho sledovat va\u0161e aktivity.<\/p>\n\n\n\n<h3 class=\"wp-block-heading\">Bu\u010fte opatrn\u00ed s typy aplikac\u00ed, kter\u00e9 instalujete<\/h3>\n\n\n\n<p>P\u0159ed instalac\u00ed jak\u00e9koli aplikace si p\u0159e\u010dt\u011bte jej\u00ed recenze a koment\u00e1\u0159e u\u017eivatel\u016f. Vyb\u00edrejte aplikace z d\u016fv\u011bryhodn\u00fdch zdroj\u016f.<\/p>\n\n\n<div class=\"wp-block-image\">\n<figure class=\"aligncenter size-full\"><img loading=\"lazy\" decoding=\"async\" width=\"550\" height=\"350\" src=\"http:\/\/universofamilia.com\/wp-content\/uploads\/sites\/148\/2024\/06\/P-550x350-5-1.jpg\" alt=\"\" class=\"wp-image-6085\" srcset=\"https:\/\/universofamilia.com\/wp-content\/uploads\/sites\/148\/2024\/06\/P-550x350-5-1.jpg 550w, https:\/\/universofamilia.com\/wp-content\/uploads\/sites\/148\/2024\/06\/P-550x350-5-1-300x191.jpg 300w\" sizes=\"(max-width: 550px) 100vw, 550px\" \/><figcaption class=\"wp-element-caption\">Chcete v\u011bd\u011bt, kdo nav\u0161t\u011bvuje v\u00e1\u0161 profil na soci\u00e1ln\u00edch s\u00edt\u00edch?<\/figcaption><\/figure><\/div>\n\n\n<h2 class=\"wp-block-heading\">Podrobn\u00e9 srovn\u00e1n\u00ed 3 aplikac\u00ed<\/h2>\n\n\n\n<p>Zde je srovn\u00e1vac\u00ed tabulka t\u0159\u00ed nejobl\u00edben\u011bj\u0161\u00edch aplikac\u00ed pro anal\u00fdzu n\u00e1v\u0161t\u011bvnosti Instagramu:<\/p>\n\n\n\n<figure class=\"wp-block-table\"><table><thead><tr><th>Aplikace<\/th><th>Doporu\u010den\u00e9<\/th><th>Recenze Androidu<\/th><th>Recenze iOS<\/th><th>Cena<\/th><\/tr><\/thead><tbody><tr><td><strong>Zpr\u00e1vy + Anal\u00fdzy sleduj\u00edc\u00edch<\/strong><\/td><td>Uka\u017ete, kdo s v\u00e1mi komunikuje, identifikujte ghost followery, sledujte r\u016fst<\/td><td>4,5 hv\u011bzdi\u010dky (v\u00edce ne\u017e 500 tis\u00edc)<\/td><td>4,7 hv\u011bzdi\u010dek (v\u00edce ne\u017e 130 tis\u00edc)<\/td><td>Uvolnit<\/td><\/tr><tr><td><strong>InSight Pro<\/strong><\/td><td>Podrobn\u00e9 reporty, sledov\u00e1n\u00ed odb\u011bratel\u016f, anal\u00fdza hashtag\u016f<\/td><td>4,3 hv\u011bzdi\u010dky (v\u00edce ne\u017e 100 tis\u00edc)<\/td><td>4,7 hv\u011bzdi\u010dek (v\u00edce ne\u017e 5 tis\u00edc)<\/td><td>Uvolnit<\/td><\/tr><tr><td><strong>Soci\u00e1ln\u00ed skenov\u00e1n\u00ed<\/strong><\/td><td>Zkontrolujte, kdo v\u00e1s zablokoval, odhalte fiktivn\u00ed profily, analyzujte sleduj\u00edc\u00ed<\/td><td>4,1 hv\u011bzdi\u010dek (v\u00edce ne\u017e 50 tis\u00edc)<\/td><td>4,5 hv\u011bzdi\u010dek (v\u00edce ne\u017e 2 tis\u00edce)<\/td><td>Uvolnit<\/td><\/tr><\/tbody><\/table><figcaption class=\"wp-element-caption\">Chcete v\u011bd\u011bt, kdo nav\u0161t\u011bvuje v\u00e1\u0161 profil na soci\u00e1ln\u00edch s\u00edt\u00edch?<\/figcaption><\/figure>\n\n\n\n<h3 class=\"wp-block-heading\">Reporty + Anal\u00fdza sleduj\u00edc\u00edch pro Instagram<\/h3>\n\n\n\n<ul>\n<li><strong>Doporu\u010den\u00e9<\/strong>Uka\u017ete, kdo s v\u00e1mi komunikuje, identifikujte fiktivn\u00ed sleduj\u00edc\u00ed, sledujte r\u016fst profilu.<\/li>\n\n\n\n<li><strong>Hodnocen\u00ed<\/strong>Android: 4,5 hv\u011bzdi\u010dky (p\u0159es 500 000 recenz\u00ed), iOS: 4,7 hv\u011bzdi\u010dky (p\u0159es 130 000 recenz\u00ed).<\/li>\n<\/ul>\n\n\n\n<h3 class=\"wp-block-heading\">InSight Pro \u2013 Pokro\u010dil\u00e1 analytika Instagramu<\/h3>\n\n\n\n<ul>\n<li><strong>Doporu\u010den\u00e9<\/strong>Podrobn\u00e9 zpr\u00e1vy o sleduj\u00edc\u00edch, sledov\u00e1n\u00ed odpov\u011bd\u00ed, anal\u00fdza hashtag\u016f.<\/li>\n\n\n\n<li><strong>Hodnocen\u00ed<\/strong>Android: 4,3 hv\u011bzdi\u010dky (p\u0159es 100 000 recenz\u00ed), iOS: 4,7 hv\u011bzdi\u010dky (p\u0159es 5 000 recenz\u00ed).<\/li>\n<\/ul>\n\n\n\n<h3 class=\"wp-block-heading\">Soci\u00e1ln\u00ed skenov\u00e1n\u00ed pro Instagram<\/h3>\n\n\n\n<ul>\n<li><strong>Doporu\u010den\u00e9<\/strong>Zkontrolujte, kdo v\u00e1s zablokoval, odhalte fiktivn\u00ed profily, analyzujte sleduj\u00edc\u00ed.<\/li>\n\n\n\n<li><strong>Hodnocen\u00ed<\/strong>Android: 4,1 hv\u011bzdi\u010dky (p\u0159es 50 000 recenz\u00ed), iOS: 4,5 hv\u011bzdi\u010dky (p\u0159es 2 000 recenz\u00ed).<\/li>\n<\/ul>\n\n\n\n<h2 class=\"wp-block-heading\">Alternativy k zobrazen\u00ed n\u00e1v\u0161t\u011bvn\u00edk\u016f va\u0161eho profilu na soci\u00e1ln\u00edch s\u00edt\u00edch<\/h2>\n\n\n\n<p>Krom\u011b aplikac\u00ed existuj\u00ed i online n\u00e1stroje a roz\u0161\u00ed\u0159en\u00ed prohl\u00ed\u017ee\u010de, kter\u00e9 nab\u00edzej\u00ed podobn\u00e9 funkce.<\/p>\n\n\n\n<p>Tyto alternativy v\u0161ak maj\u00ed tak\u00e9 sv\u00e1 omezen\u00ed a nemus\u00ed b\u00fdt tak p\u0159esn\u00e9 jako specializovan\u00e9 aplikace.<\/p>\n\n\n\n<h3 class=\"wp-block-heading\">Online n\u00e1stroje a roz\u0161\u00ed\u0159en\u00ed prohl\u00ed\u017ee\u010de<\/h3>\n\n\n\n<ul>\n<li><strong>V\u00fdhody<\/strong>Snadn\u00e9 pou\u017eit\u00ed, nevy\u017eaduje instalaci aplikace, spousta dostupn\u00fdch mo\u017enost\u00ed.<\/li>\n\n\n\n<li><strong>Nev\u00fdhody<\/strong>Omezen\u00e1 p\u0159esnost, potenci\u00e1ln\u00ed bezpe\u010dnostn\u00ed riziko, omezen\u00e1 funk\u010dnost.<\/li>\n<\/ul>\n\n\n\n<h2 class=\"wp-block-heading\">Z\u00e1v\u011br<\/h2>\n\n\n\n<p>V\u011bd\u011bt, kdo nav\u0161t\u011bvuje v\u00e1\u0161 profil na soci\u00e1ln\u00edch s\u00edt\u00edch, m\u016f\u017ee b\u00fdt mocn\u00fdm n\u00e1strojem pro pochopen\u00ed va\u0161eho publika a zlep\u0161en\u00ed va\u0161ich obsahov\u00fdch strategi\u00ed.<\/p>\n\n\n\n<p>Je v\u0161ak nezbytn\u00e9 tyto n\u00e1stroje pou\u017e\u00edvat zodpov\u011bdn\u011b a b\u00fdt si v\u011bdom jejich omezen\u00ed.<\/p>\n\n\n\n<h3 class=\"wp-block-heading\">Odkazy ke sta\u017een\u00ed<\/h3>\n\n\n\n<ul>\n<li><strong>Reporty + Anal\u00fdza sleduj\u00edc\u00edch pro Instagram<\/strong>: <a href=\"https:\/\/play.google.com\/store\/apps\/datasafety?id=com.reports.followersanalytics\">Android<\/a> | <a href=\"https:\/\/developer.apple.com\/help\/app-store-connect\/view-sales-and-trends\/download-and-view-reports\/\">iOS<\/a><\/li>\n\n\n\n<li><strong>InSight Pro \u2013 Pokro\u010dil\u00e1 analytika Instagramu<\/strong>: <a href=\"https:\/\/play.google.com\/store\/apps\/details?id=com.animares.insightprostate&amp;hl=en_US\">Android<\/a> | <a href=\"https:\/\/apps.apple.com\/us\/app\/insight-pro\/id1505202401\">iOS<\/a><\/li>\n\n\n\n<li><strong>Soci\u00e1ln\u00ed skenov\u00e1n\u00ed pro Instagram<\/strong>: <a href=\"https:\/\/apps.apple.com\/us\/app\/social-scan-followers-tracker\/id1210090447\">Android<\/a> | <a href=\"https:\/\/apps.apple.com\/us\/app\/social-scan-followers-tracker\/id1210090447\">iOS<\/a><\/li>\n<\/ul>\n\n\n\n<p><\/p>","protected":false},"excerpt":{"rendered":"<p>Chcete v\u011bd\u011bt, kdo nav\u0161t\u011bvuje v\u00e1\u0161 profil na soci\u00e1ln\u00edch s\u00edt\u00edch? P\u0159em\u00fd\u0161leli jste n\u011bkdy, kdo nav\u0161t\u011bvuje v\u00e1\u0161 profil na soci\u00e1ln\u00edch s\u00edt\u00edch? A\u0165 u\u017e ze zv\u011bdavosti nebo ze strategick\u00fdch d\u016fvod\u016f, v\u011bd\u011bt, kdo sleduje va\u0161e p\u0159\u00edsp\u011bvky, m\u016f\u017ee p\u0159in\u00e9st n\u011bkolik v\u00fdhod. Poj\u010fme se pod\u00edvat na d\u016fvody a n\u00e1stroje, kter\u00e9 v\u00e1m pomohou zjistit [\u2026]<\/p>","protected":false},"author":139,"featured_media":6085,"comment_status":"closed","ping_status":"open","sticky":false,"template":"","format":"standard","meta":{"footnotes":""},"categories":[2],"tags":[24,25,292],"yoast_head":"<!-- This site is optimized with the Yoast SEO plugin v23.3 - https:\/\/yoast.com\/wordpress\/plugins\/seo\/ -->\n<title>\u00bfQuieres Saber Qui\u00e9n Visita Tu Perfil en las Redes Sociales? - Universo Fam\u00edlia<\/title>\n<meta name=\"description\" content=\"\u00bfQuieres Saber Qui\u00e9n Visita Tu Perfil en las Redes Sociales? \u00bfAlguna vez te has preguntado qui\u00e9nes son las personas que visitan tu perfil...\" \/>\n<meta name=\"robots\" content=\"index, follow, max-snippet:-1, max-image-preview:large, max-video-preview:-1\" \/>\n<link rel=\"canonical\" href=\"https:\/\/universofamilia.com\/cs\/quieres-saber-quien-visita-tu-perfil-en-las-redes-sociales\/\" \/>\n<meta property=\"og:locale\" content=\"cs_CZ\" \/>\n<meta property=\"og:type\" content=\"article\" \/>\n<meta property=\"og:title\" content=\"\u00bfQuieres Saber Qui\u00e9n Visita Tu Perfil en las Redes Sociales? - Universo Fam\u00edlia\" \/>\n<meta property=\"og:description\" content=\"\u00bfQuieres Saber Qui\u00e9n Visita Tu Perfil en las Redes Sociales? \u00bfAlguna vez te has preguntado qui\u00e9nes son las personas que visitan tu perfil...\" \/>\n<meta property=\"og:url\" content=\"https:\/\/universofamilia.com\/cs\/quieres-saber-quien-visita-tu-perfil-en-las-redes-sociales\/\" \/>\n<meta property=\"og:site_name\" content=\"Universo Fam\u00edlia\" \/>\n<meta property=\"article:published_time\" content=\"2024-06-11T18:39:05+00:00\" \/>\n<meta property=\"article:modified_time\" content=\"2025-01-28T13:21:54+00:00\" \/>\n<meta property=\"og:image\" content=\"https:\/\/universofamilia.com\/wp-content\/uploads\/sites\/148\/2024\/06\/P-550x350-5-1.jpg\" \/>\n\t<meta property=\"og:image:width\" content=\"550\" \/>\n\t<meta property=\"og:image:height\" content=\"350\" \/>\n\t<meta property=\"og:image:type\" content=\"image\/jpeg\" \/>\n<meta name=\"author\" content=\"Pedro Henrique\" \/>\n<meta name=\"twitter:card\" content=\"summary_large_image\" \/>\n<meta name=\"twitter:label1\" content=\"Written by\" \/>\n\t<meta name=\"twitter:data1\" content=\"Pedro Henrique\" \/>\n\t<meta name=\"twitter:label2\" content=\"Est. reading time\" \/>\n\t<meta name=\"twitter:data2\" content=\"5 minut\" \/>\n<script type=\"application\/ld+json\" class=\"yoast-schema-graph\">{\"@context\":\"https:\/\/schema.org\",\"@graph\":[{\"@type\":\"WebPage\",\"@id\":\"https:\/\/universofamilia.com\/fr\/quieres-saber-quien-visita-tu-perfil-en-las-redes-sociales\/\",\"url\":\"https:\/\/universofamilia.com\/fr\/quieres-saber-quien-visita-tu-perfil-en-las-redes-sociales\/\",\"name\":\"\u00bfQuieres Saber Qui\u00e9n Visita Tu Perfil en las Redes Sociales? - Universo Fam\u00edlia\",\"isPartOf\":{\"@id\":\"https:\/\/universofamilia.com\/el\/#website\"},\"primaryImageOfPage\":{\"@id\":\"https:\/\/universofamilia.com\/fr\/quieres-saber-quien-visita-tu-perfil-en-las-redes-sociales\/#primaryimage\"},\"image\":{\"@id\":\"https:\/\/universofamilia.com\/fr\/quieres-saber-quien-visita-tu-perfil-en-las-redes-sociales\/#primaryimage\"},\"thumbnailUrl\":\"https:\/\/universofamilia.com\/wp-content\/uploads\/sites\/148\/2024\/06\/P-550x350-5-1.jpg\",\"datePublished\":\"2024-06-11T18:39:05+00:00\",\"dateModified\":\"2025-01-28T13:21:54+00:00\",\"author\":{\"@id\":\"https:\/\/universofamilia.com\/el\/#\/schema\/person\/f07ce98187dd84d31154262e79b3b7ca\"},\"description\":\"\u00bfQuieres Saber Qui\u00e9n Visita Tu Perfil en las Redes Sociales? \u00bfAlguna vez te has preguntado qui\u00e9nes son las personas que visitan tu perfil...\",\"breadcrumb\":{\"@id\":\"https:\/\/universofamilia.com\/fr\/quieres-saber-quien-visita-tu-perfil-en-las-redes-sociales\/#breadcrumb\"},\"inLanguage\":\"cs\",\"potentialAction\":[{\"@type\":\"ReadAction\",\"target\":[\"https:\/\/universofamilia.com\/fr\/quieres-saber-quien-visita-tu-perfil-en-las-redes-sociales\/\"]}]},{\"@type\":\"ImageObject\",\"inLanguage\":\"cs\",\"@id\":\"https:\/\/universofamilia.com\/fr\/quieres-saber-quien-visita-tu-perfil-en-las-redes-sociales\/#primaryimage\",\"url\":\"https:\/\/universofamilia.com\/wp-content\/uploads\/sites\/148\/2024\/06\/P-550x350-5-1.jpg\",\"contentUrl\":\"https:\/\/universofamilia.com\/wp-content\/uploads\/sites\/148\/2024\/06\/P-550x350-5-1.jpg\",\"width\":550,\"height\":350,\"caption\":\"\u00bfQuieres Saber Qui\u00e9n Visita Tu Perfil en las Redes Sociales?\"},{\"@type\":\"BreadcrumbList\",\"@id\":\"https:\/\/universofamilia.com\/fr\/quieres-saber-quien-visita-tu-perfil-en-las-redes-sociales\/#breadcrumb\",\"itemListElement\":[{\"@type\":\"ListItem\",\"position\":1,\"name\":\"Home\",\"item\":\"https:\/\/universofamilia.com\/el\/\"},{\"@type\":\"ListItem\",\"position\":2,\"name\":\"\u00bfQuieres Saber Qui\u00e9n Visita Tu Perfil en las Redes Sociales?\"}]},{\"@type\":\"WebSite\",\"@id\":\"https:\/\/universofamilia.com\/el\/#website\",\"url\":\"https:\/\/universofamilia.com\/el\/\",\"name\":\"Universo Fam\u00edlia\",\"description\":\"\",\"potentialAction\":[{\"@type\":\"SearchAction\",\"target\":{\"@type\":\"EntryPoint\",\"urlTemplate\":\"https:\/\/universofamilia.com\/el\/?s={search_term_string}\"},\"query-input\":\"required name=search_term_string\"}],\"inLanguage\":\"cs\"},{\"@type\":\"Person\",\"@id\":\"https:\/\/universofamilia.com\/el\/#\/schema\/person\/f07ce98187dd84d31154262e79b3b7ca\",\"name\":\"Pedro Henrique\",\"image\":{\"@type\":\"ImageObject\",\"inLanguage\":\"cs\",\"@id\":\"https:\/\/universofamilia.com\/el\/#\/schema\/person\/image\/\",\"url\":\"https:\/\/secure.gravatar.com\/avatar\/9edfeb808cb4e1599f64d6e45b130154?s=96&d=mm&r=g\",\"contentUrl\":\"https:\/\/secure.gravatar.com\/avatar\/9edfeb808cb4e1599f64d6e45b130154?s=96&d=mm&r=g\",\"caption\":\"Pedro Henrique\"},\"url\":\"https:\/\/universofamilia.com\/cs\/author\/editor01\/\"}]}<\/script>\n<!-- \/ Yoast SEO plugin. -->","yoast_head_json":{"title":"\u00bfQuieres Saber Qui\u00e9n Visita Tu Perfil en las Redes Sociales? - Universo Fam\u00edlia","description":"\u00bfQuieres Saber Qui\u00e9n Visita Tu Perfil en las Redes Sociales? \u00bfAlguna vez te has preguntado qui\u00e9nes son las personas que visitan tu perfil...","robots":{"index":"index","follow":"follow","max-snippet":"max-snippet:-1","max-image-preview":"max-image-preview:large","max-video-preview":"max-video-preview:-1"},"canonical":"https:\/\/universofamilia.com\/cs\/quieres-saber-quien-visita-tu-perfil-en-las-redes-sociales\/","og_locale":"cs_CZ","og_type":"article","og_title":"\u00bfQuieres Saber Qui\u00e9n Visita Tu Perfil en las Redes Sociales? - Universo Fam\u00edlia","og_description":"\u00bfQuieres Saber Qui\u00e9n Visita Tu Perfil en las Redes Sociales? \u00bfAlguna vez te has preguntado qui\u00e9nes son las personas que visitan tu perfil...","og_url":"https:\/\/universofamilia.com\/cs\/quieres-saber-quien-visita-tu-perfil-en-las-redes-sociales\/","og_site_name":"Universo Fam\u00edlia","article_published_time":"2024-06-11T18:39:05+00:00","article_modified_time":"2025-01-28T13:21:54+00:00","og_image":[{"width":550,"height":350,"url":"https:\/\/universofamilia.com\/wp-content\/uploads\/sites\/148\/2024\/06\/P-550x350-5-1.jpg","type":"image\/jpeg"}],"author":"Pedro Henrique","twitter_card":"summary_large_image","twitter_misc":{"Written by":"Pedro Henrique","Est. reading time":"5 minut"},"schema":{"@context":"https:\/\/schema.org","@graph":[{"@type":"WebPage","@id":"https:\/\/universofamilia.com\/fr\/quieres-saber-quien-visita-tu-perfil-en-las-redes-sociales\/","url":"https:\/\/universofamilia.com\/fr\/quieres-saber-quien-visita-tu-perfil-en-las-redes-sociales\/","name":"\u00bfQuieres Saber Qui\u00e9n Visita Tu Perfil en las Redes Sociales? - Universo Fam\u00edlia","isPartOf":{"@id":"https:\/\/universofamilia.com\/el\/#website"},"primaryImageOfPage":{"@id":"https:\/\/universofamilia.com\/fr\/quieres-saber-quien-visita-tu-perfil-en-las-redes-sociales\/#primaryimage"},"image":{"@id":"https:\/\/universofamilia.com\/fr\/quieres-saber-quien-visita-tu-perfil-en-las-redes-sociales\/#primaryimage"},"thumbnailUrl":"https:\/\/universofamilia.com\/wp-content\/uploads\/sites\/148\/2024\/06\/P-550x350-5-1.jpg","datePublished":"2024-06-11T18:39:05+00:00","dateModified":"2025-01-28T13:21:54+00:00","author":{"@id":"https:\/\/universofamilia.com\/el\/#\/schema\/person\/f07ce98187dd84d31154262e79b3b7ca"},"description":"\u00bfQuieres Saber Qui\u00e9n Visita Tu Perfil en las Redes Sociales? \u00bfAlguna vez te has preguntado qui\u00e9nes son las personas que visitan tu perfil...","breadcrumb":{"@id":"https:\/\/universofamilia.com\/fr\/quieres-saber-quien-visita-tu-perfil-en-las-redes-sociales\/#breadcrumb"},"inLanguage":"cs","potentialAction":[{"@type":"ReadAction","target":["https:\/\/universofamilia.com\/fr\/quieres-saber-quien-visita-tu-perfil-en-las-redes-sociales\/"]}]},{"@type":"ImageObject","inLanguage":"cs","@id":"https:\/\/universofamilia.com\/fr\/quieres-saber-quien-visita-tu-perfil-en-las-redes-sociales\/#primaryimage","url":"https:\/\/universofamilia.com\/wp-content\/uploads\/sites\/148\/2024\/06\/P-550x350-5-1.jpg","contentUrl":"https:\/\/universofamilia.com\/wp-content\/uploads\/sites\/148\/2024\/06\/P-550x350-5-1.jpg","width":550,"height":350,"caption":"\u00bfQuieres Saber Qui\u00e9n Visita Tu Perfil en las Redes Sociales?"},{"@type":"BreadcrumbList","@id":"https:\/\/universofamilia.com\/fr\/quieres-saber-quien-visita-tu-perfil-en-las-redes-sociales\/#breadcrumb","itemListElement":[{"@type":"ListItem","position":1,"name":"Home","item":"https:\/\/universofamilia.com\/el\/"},{"@type":"ListItem","position":2,"name":"\u00bfQuieres Saber Qui\u00e9n Visita Tu Perfil en las Redes Sociales?"}]},{"@type":"WebSite","@id":"https:\/\/universofamilia.com\/el\/#website","url":"https:\/\/universofamilia.com\/el\/","name":"Universo Fam\u00edlia","description":"","potentialAction":[{"@type":"SearchAction","target":{"@type":"EntryPoint","urlTemplate":"https:\/\/universofamilia.com\/el\/?s={search_term_string}"},"query-input":"required name=search_term_string"}],"inLanguage":"cs"},{"@type":"Person","@id":"https:\/\/universofamilia.com\/el\/#\/schema\/person\/f07ce98187dd84d31154262e79b3b7ca","name":"Pedro Henrique","image":{"@type":"ImageObject","inLanguage":"cs","@id":"https:\/\/universofamilia.com\/el\/#\/schema\/person\/image\/","url":"https:\/\/secure.gravatar.com\/avatar\/9edfeb808cb4e1599f64d6e45b130154?s=96&d=mm&r=g","contentUrl":"https:\/\/secure.gravatar.com\/avatar\/9edfeb808cb4e1599f64d6e45b130154?s=96&d=mm&r=g","caption":"Pedro Henrique"},"url":"https:\/\/universofamilia.com\/cs\/author\/editor01\/"}]}},"_links":{"self":[{"href":"https:\/\/universofamilia.com\/cs\/wp-json\/wp\/v2\/posts\/6084"}],"collection":[{"href":"https:\/\/universofamilia.com\/cs\/wp-json\/wp\/v2\/posts"}],"about":[{"href":"https:\/\/universofamilia.com\/cs\/wp-json\/wp\/v2\/types\/post"}],"author":[{"embeddable":true,"href":"https:\/\/universofamilia.com\/cs\/wp-json\/wp\/v2\/users\/139"}],"replies":[{"embeddable":true,"href":"https:\/\/universofamilia.com\/cs\/wp-json\/wp\/v2\/comments?post=6084"}],"version-history":[{"count":1,"href":"https:\/\/universofamilia.com\/cs\/wp-json\/wp\/v2\/posts\/6084\/revisions"}],"predecessor-version":[{"id":8359,"href":"https:\/\/universofamilia.com\/cs\/wp-json\/wp\/v2\/posts\/6084\/revisions\/8359"}],"wp:featuredmedia":[{"embeddable":true,"href":"https:\/\/universofamilia.com\/cs\/wp-json\/wp\/v2\/media\/6085"}],"wp:attachment":[{"href":"https:\/\/universofamilia.com\/cs\/wp-json\/wp\/v2\/media?parent=6084"}],"wp:term":[{"taxonomy":"category","embeddable":true,"href":"https:\/\/universofamilia.com\/cs\/wp-json\/wp\/v2\/categories?post=6084"},{"taxonomy":"post_tag","embeddable":true,"href":"https:\/\/universofamilia.com\/cs\/wp-json\/wp\/v2\/tags?post=6084"}],"curies":[{"name":"wp","href":"https:\/\/api.w.org\/{rel}","templated":true}]}}