{"id":6195,"date":"2024-07-03T21:24:21","date_gmt":"2024-07-04T00:24:21","guid":{"rendered":"https:\/\/universofamilia.com\/?p=6195"},"modified":"2024-07-03T21:24:21","modified_gmt":"2024-07-04T00:24:21","slug":"descubre-los-autos-mas-vendidos-de-cada-ano","status":"publish","type":"post","link":"https:\/\/universofamilia.com\/cs\/descubre-los-autos-mas-vendidos-de-cada-ano\/","title":{"rendered":"Objevte nejprod\u00e1van\u011bj\u0161\u00ed auta ka\u017ed\u00e9ho roku"},"content":{"rendered":"<p>P\u0159em\u00fd\u0161leli jste n\u011bkdy o tom, kter\u00e1 auta v minul\u00fdch desetilet\u00edch znamenala ur\u010ditou \u00e9ru a dominovala ulic\u00edm?<\/p>\n\n\n\n<p>Dnes prozkoum\u00e1me nejprod\u00e1van\u011bj\u0161\u00ed auta ka\u017ed\u00e9ho roku od roku 1960 do roku 1995.<\/p>\n\n\n\n<p>P\u0159ipravte se na cestu zp\u011bt v \u010dase plnou nostalgie a zaj\u00edmav\u00fdch fakt\u016f o t\u011bchto vozidlech, kter\u00e1 si z\u00edskala srdce spot\u0159ebitel\u016f.<\/p>\n\n\n\n<h2 class=\"wp-block-heading\">60. l\u00e9ta<\/h2>\n\n\n\n<h3 class=\"wp-block-heading\">1960: Chevrolet Impala<\/h3>\n\n\n\n<p>Chevrolet Impala z roku 1960 byl synonymem elegance a luxusu. D\u00edky sv\u00fdm k\u0159ivk\u00e1m a chromovan\u00fdm akcent\u016fm nab\u00edzel pohodln\u00fd z\u00e1\u017eitek z j\u00edzdy.<\/p>\n\n\n\n<p>Tento v\u016fz, dostupn\u00fd s v\u00fdkonn\u00fdmi motory, se stal skute\u010dn\u00fdm hitem u americk\u00fdch rodin hledaj\u00edc\u00edch sofistikovanost a v\u00fdkon.<\/p>\n\n\n\n<h3 class=\"wp-block-heading\">1961: Chevrolet Impala<\/h3>\n\n\n\n<p>Chevrolet Impala z roku 1961 nav\u00e1zal na \u00fasp\u011bch p\u0159edchoz\u00edho roku a nad\u00e1le byl symbolem dostupn\u00e9ho luxusu.<\/p>\n\n\n\n<p>Jeho atraktivn\u00ed design a v\u00fdkonn\u00e9 motory si zajistily jeho popularitu u spot\u0159ebitel\u016f.<\/p>\n\n\n\n<h3 class=\"wp-block-heading\">1962: Chevrolet Impala<\/h3>\n\n\n\n<p>V roce 1962 byla Impala d\u00e1le vylep\u0161ena o vylep\u0161en\u00ed v\u00fdkonu a pohodl\u00ed.<\/p>\n\n\n\n<p>D\u00edky motoru V8 byl tento v\u016fz atraktivn\u00ed pro milovn\u00edky rychlosti.<\/p>\n\n\n\n<h3 class=\"wp-block-heading\">1963: Chevrolet Impala<\/h3>\n\n\n\n<p>Chevrolet Impala z roku 1963 se vyzna\u010doval propracovan\u011bj\u0161\u00edm a modern\u011bj\u0161\u00edm designem, \u010d\u00edm\u017e si udr\u017eel popularitu mezi spot\u0159ebiteli.<\/p>\n\n\n\n<h3 class=\"wp-block-heading\">1964: Chevrolet Impala<\/h3>\n\n\n\n<p>D\u00edky ikonick\u00e9mu stylu a mo\u017enostem \u00faprav Impala z roku 1964 i nad\u00e1le dominovala trhu.<\/p>\n\n\n\n<p>Kupuj\u00edc\u00ed si mohli vybrat z n\u011bkolika konfigurac\u00ed motor\u016f a v\u00fdbavy, co\u017e jej \u010dinilo je\u0161t\u011b atraktivn\u011bj\u0161\u00edm.<\/p>\n\n\n\n<h3 class=\"wp-block-heading\">1965: Chevrolet Impala<\/h3>\n\n\n\n<p>Model z roku 1965 byl aktualizov\u00e1n, aby z\u00edskal modern\u011bj\u0161\u00ed a elegantn\u011bj\u0161\u00ed vzhled, a z\u00e1rove\u0148 si zachoval svou dostupnou luxusn\u00ed atraktivitu.<\/p>\n\n\n\n<h3 class=\"wp-block-heading\">1966: Chevrolet Impala<\/h3>\n\n\n\n<p>D\u00edky v\u00fdkonn\u011bj\u0161\u00edm motor\u016fm a modernizovan\u00e9mu designu z\u016fstala Impala z roku 1966 obl\u00edbenou mezi spot\u0159ebiteli.<\/p>\n\n\n\n<h3 class=\"wp-block-heading\">1967: Chevrolet Impala<\/h3>\n\n\n\n<p>Chevrolet Impala z roku 1967 se vyzna\u010doval sportovn\u011bj\u0161\u00edm vzhledem a svou popularitu si udr\u017eel d\u00edky vysoce v\u00fdkonn\u00fdm mo\u017enostem.<\/p>\n\n\n\n<h3 class=\"wp-block-heading\">1968: Chevrolet Impala<\/h3>\n\n\n\n<p>V roce 1968 se Impala d\u00e1le vyv\u00edjela a nab\u00edzela v\u00edce mo\u017enost\u00ed motor\u016f a vylep\u0161en\u00fd v\u00fdkon.<\/p>\n\n\n\n<h3 class=\"wp-block-heading\">1969: Chevrolet Impala<\/h3>\n\n\n\n<p>Model z roku 1969 z\u016fstal l\u00eddrem prodeje d\u00edky sv\u00e9mu elegantn\u00edmu designu a v\u00fdkonn\u00fdm motor\u016fm.<\/p>\n\n\n\n<p><\/p>\n\n\n\n<hr class=\"wp-block-separator has-text-color has-luminous-vivid-orange-color has-alpha-channel-opacity has-luminous-vivid-orange-background-color has-background\"\/>\n\n\n\n<h2 class=\"wp-block-heading\">\u010ct\u011bte tak\u00e9:<\/h2>\n\n\n\n<div class=\"wp-block-columns is-layout-flex wp-container-core-columns-layout-1 wp-block-columns-is-layout-flex\">\n<div class=\"wp-block-column is-layout-flow wp-block-column-is-layout-flow\">\n<div class=\"wp-block-buttons is-layout-flex wp-block-buttons-is-layout-flex\">\n<div class=\"wp-block-button has-custom-width wp-block-button__width-100 has-custom-font-size has-medium-font-size\" style=\"text-decoration:none\"><a class=\"wp-block-button__link has-white-color has-vivid-cyan-blue-background-color has-text-color has-background has-link-color has-text-align-left wp-element-button\" href=\"https:\/\/universofamilia.com\/cs\/5893\/acelera-tu-celular-despierta-tu-productividad\/\" style=\"border-radius:10px\" target=\"_blank\" rel=\"noreferrer noopener\"><font style=\"vertical-align: inherit;\"><font style=\"vertical-align: inherit;\">\ud83d\udccc Zrychlete sv\u016fj mobiln\u00ed telefon<\/font><\/font> &gt;<\/a><\/div>\n\n\n\n<div class=\"wp-block-button has-custom-width wp-block-button__width-100 has-custom-font-size has-medium-font-size\" style=\"text-decoration:none\"><a class=\"wp-block-button__link has-white-color has-vivid-cyan-blue-background-color has-text-color has-background has-link-color has-text-align-left wp-element-button\" href=\"https:\/\/universofamilia.com\/cs\/5869\/descubre-quien-te-esta-observando-en-las-redes-sociales\/\" style=\"border-radius:10px\" target=\"_blank\" rel=\"noreferrer noopener\"><font style=\"vertical-align: inherit;\"><font style=\"vertical-align: inherit;\"><font style=\"vertical-align: inherit;\"><font style=\"vertical-align: inherit;\">\ud83d\udccc Kdo nav\u0161t\u00edvil v\u00e1\u0161 profil<\/font><\/font><\/font><\/font> &gt;<\/a><\/div>\n<\/div>\n<\/div>\n<\/div>\n\n\n\n<hr class=\"wp-block-separator has-text-color has-luminous-vivid-orange-color has-alpha-channel-opacity has-luminous-vivid-orange-background-color has-background\"\/>\n\n\n\n<p><\/p>\n\n\n\n<h2 class=\"wp-block-heading\">70. l\u00e9ta<\/h2>\n\n\n\n<h3 class=\"wp-block-heading\">1970: Chevrolet Chevelle<\/h3>\n\n\n\n<p>Chevrolet Chevelle z roku 1970 byl zn\u00e1m\u00fd sv\u00fdm robustn\u00edm v\u00fdkonem a agresivn\u00edm designem. Byl obzvl\u00e1\u0161t\u011b obl\u00edben\u00fd u nad\u0161enc\u016f do sportovn\u00edch voz\u016f.<\/p>\n\n\n\n<h3 class=\"wp-block-heading\">1971: Chevrolet Impala<\/h3>\n\n\n\n<p>Impala se v roce 1971 vr\u00e1tila na vrchol a udr\u017eela si svou atraktivitu d\u00edky vyt\u0159\u00edben\u00e9mu designu a v\u00fdkonn\u00fdm motor\u016fm.<\/p>\n\n\n\n<h3 class=\"wp-block-heading\">1972: Chevrolet Impala<\/h3>\n\n\n\n<p>V roce 1972 Impala nad\u00e1le dominovala trhu a nab\u00edzela pohodl\u00ed a v\u00fdkon ve stylov\u00e9m proveden\u00ed.<\/p>\n\n\n\n<h3 class=\"wp-block-heading\">1973: Chevrolet Monte Carlo<\/h3>\n\n\n\n<p>Chevrolet Monte Carlo z roku 1973 byl luxusn\u00ed v\u016fz, kter\u00fd nab\u00edzel plynulou j\u00edzdu a pohodln\u00fd interi\u00e9r a z\u00edskal si mnoho fanou\u0161k\u016f.<\/p>\n\n\n\n<h3 class=\"wp-block-heading\">1974: Ford Pinto<\/h3>\n\n\n\n<p>Ford Pinto z roku 1974 byl kompaktn\u00ed a \u00fasporn\u00fd v\u016fz, obl\u00edben\u00fd pro svou n\u00edzkou cenu a spot\u0159ebu paliva.<\/p>\n\n\n\n<h3 class=\"wp-block-heading\">1975: Chevrolet Impala<\/h3>\n\n\n\n<p>V roce 1975 se Impala op\u011bt stala favoritem d\u00edky vylep\u0161en\u00edm v oblasti pohodl\u00ed a v\u00fdkonu.<\/p>\n\n\n\n<h3 class=\"wp-block-heading\">1976: Oldsmobile Cutlass<\/h3>\n\n\n\n<p>Oldsmobile Cutlass z roku 1976 byl v\u016fz st\u0159edn\u00ed t\u0159\u00eddy, kter\u00fd nab\u00edzel kombinaci pohodl\u00ed, stylu a v\u00fdkonu.<\/p>\n\n\n\n<h3 class=\"wp-block-heading\">1977: Oldsmobile Cutlass<\/h3>\n\n\n\n<p>V roce 1977 si Cutlass udr\u017eel popularitu pro sv\u016fj stylov\u00fd design a spolehliv\u00fd v\u00fdkon.<\/p>\n\n\n\n<h3 class=\"wp-block-heading\">1978: Oldsmobile Cutlass<\/h3>\n\n\n\n<p>Model z roku 1978 z\u016fstal l\u00eddrem prodeje a byl atraktivn\u00ed jako cenov\u011b dostupn\u00fd luxusn\u00ed v\u016fz.<\/p>\n\n\n\n<h3 class=\"wp-block-heading\">1979: Oldsmobile Cutlass<\/h3>\n\n\n\n<p>V roce 1979 Cutlass i nad\u00e1le p\u0159itahoval kupce svou rovnov\u00e1hou mezi luxusem a v\u00fdkonem.<\/p>\n\n\n<div class=\"wp-block-image is-style-default\">\n<figure class=\"aligncenter size-full\"><img loading=\"lazy\" decoding=\"async\" width=\"550\" height=\"350\" src=\"http:\/\/universofamilia.com\/wp-content\/uploads\/sites\/148\/2024\/07\/P-550x350-1.jpg\" alt=\"\" class=\"wp-image-6196\" srcset=\"https:\/\/universofamilia.com\/wp-content\/uploads\/sites\/148\/2024\/07\/P-550x350-1.jpg 550w, https:\/\/universofamilia.com\/wp-content\/uploads\/sites\/148\/2024\/07\/P-550x350-1-300x191.jpg 300w\" sizes=\"(max-width: 550px) 100vw, 550px\" \/><figcaption class=\"wp-element-caption\">Objevte nejprod\u00e1van\u011bj\u0161\u00ed auta ka\u017ed\u00e9ho roku<\/figcaption><\/figure><\/div>\n\n\n<h2 class=\"wp-block-heading\">80. l\u00e9ta<\/h2>\n\n\n\n<h3 class=\"wp-block-heading\">1980: Oldsmobile Cutlass<\/h3>\n\n\n\n<p>Oldsmobile Cutlass z roku 1980 z\u016fstal na vrcholu sv\u00e9 kari\u00e9ry d\u00edky modernizovan\u00e9mu designu a pohodln\u00e9mu interi\u00e9ru.<\/p>\n\n\n\n<h3 class=\"wp-block-heading\">1981: Oldsmobile Cutlass<\/h3>\n\n\n\n<p>V roce 1981 z\u016fstal Cutlass obl\u00edben\u00fdm modelem mezi spot\u0159ebiteli pro svou spolehlivost a styl.<\/p>\n\n\n\n<h3 class=\"wp-block-heading\">1982: Ford Escort<\/h3>\n\n\n\n<p>Ford Escort z roku 1982 byl kompaktn\u00ed a \u00fasporn\u00fd v\u016fz, obl\u00edben\u00fd pro svou n\u00edzkou spot\u0159ebu paliva a cenovou dostupnost.<\/p>\n\n\n\n<h3 class=\"wp-block-heading\">1983: Oldsmobile Cutlass<\/h3>\n\n\n\n<p>Cutlass se vr\u00e1til na vrchol v roce 1983 s vylep\u0161en\u00edmi v designu a pohodl\u00ed.<\/p>\n\n\n\n<h3 class=\"wp-block-heading\">1984: Chevrolet Cavalier<\/h3>\n\n\n\n<p>Chevrolet Cavalier z roku 1984 byl kompaktn\u00ed v\u016fz, kter\u00fd nab\u00edzel dobrou kombinaci v\u00fdkonu a spot\u0159eby paliva.<\/p>\n\n\n\n<h3 class=\"wp-block-heading\">1985: Chevrolet Cavalier<\/h3>\n\n\n\n<p>V roce 1985 z\u016fstal Cavalier obl\u00edben\u00fd u spot\u0159ebitel\u016f pro svou cenovou dostupnost a efektivitu.<\/p>\n\n\n\n<h3 class=\"wp-block-heading\">1986: Celebrity od Chevroletu<\/h3>\n\n\n\n<p>Chevrolet Celebrity z roku 1986 byl v\u016fz st\u0159edn\u00ed t\u0159\u00eddy, kter\u00fd nab\u00edzel pohodl\u00ed a solidn\u00ed v\u00fdkon.<\/p>\n\n\n\n<h3 class=\"wp-block-heading\">1987: Ford Escort<\/h3>\n\n\n\n<p>Ford Escort z roku 1987 se op\u011bt stal favoritem a vynikal svou spot\u0159ebou paliva a cenovou efektivitou.<\/p>\n\n\n\n<h3 class=\"wp-block-heading\">1988: Ford Escort<\/h3>\n\n\n\n<p>V roce 1988 Escort i nad\u00e1le vedl prodeje d\u00edky sv\u00e9 popularit\u011b mezi spot\u0159ebiteli, kte\u0159\u00ed hledali efektivitu a cenovou dostupnost.<\/p>\n\n\n\n<h3 class=\"wp-block-heading\">1989: Honda Accord<\/h3>\n\n\n\n<p>Honda Accord z roku 1989 byl spolehliv\u00fd a \u00fasporn\u00fd sedan, kter\u00fd si za\u010dal z\u00edsk\u00e1vat na popularit\u011b d\u00edky sv\u00e9 kvalit\u011b a v\u00fdkonu.<\/p>\n\n\n\n<h2 class=\"wp-block-heading\">90. l\u00e9ta<\/h2>\n\n\n\n<h3 class=\"wp-block-heading\">1990: Honda Accord<\/h3>\n\n\n\n<p>V roce 1990 z\u016fstal Accord obl\u00edben\u00fdm modelem, zn\u00e1m\u00fdm pro svou spolehlivost a efektivitu.<\/p>\n\n\n\n<h3 class=\"wp-block-heading\">1991: Ford Taurus<\/h3>\n\n\n\n<p>Ford Taurus z roku 1991 byl rodinn\u00fd sedan, kter\u00fd nab\u00edzel dobrou kombinaci pohodl\u00ed, bezpe\u010dnosti a v\u00fdkonu.<\/p>\n\n\n\n<h3 class=\"wp-block-heading\">1992: Ford Taurus<\/h3>\n\n\n\n<p>V roce 1992 Taurus i nad\u00e1le vedl v prodej\u00edch d\u00edky vylep\u0161en\u00edm designu a technologi\u00ed.<\/p>\n\n\n\n<h3 class=\"wp-block-heading\">1993: Ford Taurus<\/h3>\n\n\n\n<p>Model z roku 1993 z\u016fstal obl\u00edben\u00fd u americk\u00fdch rodin pro sv\u00e9 pohodl\u00ed a bezpe\u010dnost.<\/p>\n\n\n\n<h3 class=\"wp-block-heading\">1994: Ford Taurus<\/h3>\n\n\n\n<p>V roce 1994 z\u016fstal Taurus obl\u00edben\u00fdm modelem d\u00edky sv\u00e9mu spolehliv\u00e9mu v\u00fdkonu a zn\u00e1m\u00e9mu designu.<\/p>\n\n\n\n<h3 class=\"wp-block-heading\">1995: Ford Taurus<\/h3>\n\n\n\n<p>V roce 1995 se Taurus um\u00edstil na vrcholu seznamu bestseller\u016f a z\u016fstal obl\u00edben\u00fd d\u00edky sv\u00fdm bezpe\u010dnostn\u00edm a komfortn\u00edm prvk\u016fm.<\/p>\n\n\n\n<h2 class=\"wp-block-heading\">Z\u00e1v\u011br<\/h2>\n\n\n\n<p>Tyto vozy nejen definovaly trendy, ale tak\u00e9 odr\u00e1\u017eely zm\u011bny v preferenc\u00edch spot\u0159ebitel\u016f a technologick\u00e9 inovace v automobilov\u00e9m pr\u016fmyslu v pr\u016fb\u011bhu let.<\/p>\n\n\n\n<p>Chcete se dozv\u011bd\u011bt v\u00edce o v\u00fdvoji vozidel a jejich historii? Nezapome\u0148te se pod\u00edvat na n\u00ed\u017ee uveden\u00e9 odkazy, kde najdete dal\u0161\u00ed podrobnosti a zaj\u00edmav\u00e1 fakta.<\/p>\n\n\n\n<hr class=\"wp-block-separator has-alpha-channel-opacity\"\/>\n\n\n\n<p><strong>L\u00edbil se v\u00e1m tento \u010dl\u00e1nek? Sd\u00edlejte ho se sv\u00fdmi p\u0159\u00e1teli a rodinou, a\u0165 se tak\u00e9 o t\u011bchto ikonick\u00fdch autech dozv\u00ed n\u011bco nov\u00e9ho!<\/strong><\/p>\n\n\n\n<h3 class=\"wp-block-heading\"><a href=\"https:\/\/pt.wikipedia.org\/wiki\/Autom%C3%B3vel\">Odkazy pro v\u00edce informac\u00ed<\/a><\/h3>\n\n\n\n<hr class=\"wp-block-separator has-alpha-channel-opacity\"\/>\n\n\n\n<p>Douf\u00e1me, \u017ee jste se t\u00edmto \u010dl\u00e1nkem vr\u00e1tili v \u010dase a znovu si p\u0159ipomn\u011bli historii automobil\u016f, kter\u00e9 definovaly jednotliv\u00e9 dek\u00e1dy.<\/p>\n\n\n\n<p>Z\u016fsta\u0148te nalad\u011bni na dal\u0161\u00ed informativn\u00ed a nostalgick\u00fd obsah!<\/p>\n\n\n\n<p><\/p>\n\n\n\n<hr class=\"wp-block-separator has-text-color has-luminous-vivid-orange-color has-alpha-channel-opacity has-luminous-vivid-orange-background-color has-background\"\/>\n\n\n\n<h2 class=\"wp-block-heading\">\u010ct\u011bte tak\u00e9:<\/h2>\n\n\n\n<div class=\"wp-block-columns is-layout-flex wp-container-core-columns-layout-2 wp-block-columns-is-layout-flex\">\n<div class=\"wp-block-column is-layout-flow wp-block-column-is-layout-flow\">\n<div class=\"wp-block-buttons is-layout-flex wp-block-buttons-is-layout-flex\">\n<div class=\"wp-block-button has-custom-width wp-block-button__width-100 has-custom-font-size has-medium-font-size\" style=\"text-decoration:none\"><a class=\"wp-block-button__link has-white-color has-vivid-cyan-blue-background-color has-text-color has-background has-link-color has-text-align-left wp-element-button\" href=\"https:\/\/universofamilia.com\/cs\/5893\/acelera-tu-celular-despierta-tu-productividad\/\" style=\"border-radius:10px\" target=\"_blank\" rel=\"noreferrer noopener\"><font style=\"vertical-align: inherit;\"><font style=\"vertical-align: inherit;\">\ud83d\udccc Zrychlete sv\u016fj mobiln\u00ed telefon<\/font><\/font> &gt;<\/a><\/div>\n\n\n\n<div class=\"wp-block-button has-custom-width wp-block-button__width-100 has-custom-font-size has-medium-font-size\" style=\"text-decoration:none\"><a class=\"wp-block-button__link has-white-color has-vivid-cyan-blue-background-color has-text-color has-background has-link-color has-text-align-left wp-element-button\" href=\"https:\/\/universofamilia.com\/cs\/5869\/descubre-quien-te-esta-observando-en-las-redes-sociales\/\" style=\"border-radius:10px\" target=\"_blank\" rel=\"noreferrer noopener\"><font style=\"vertical-align: inherit;\"><font style=\"vertical-align: inherit;\"><font style=\"vertical-align: inherit;\"><font style=\"vertical-align: inherit;\">\ud83d\udccc Kdo nav\u0161t\u00edvil v\u00e1\u0161 profil<\/font><\/font><\/font><\/font> &gt;<\/a><\/div>\n<\/div>\n<\/div>\n<\/div>\n\n\n\n<hr class=\"wp-block-separator has-text-color has-luminous-vivid-orange-color has-alpha-channel-opacity has-luminous-vivid-orange-background-color has-background\"\/>\n\n\n\n<p><\/p>","protected":false},"excerpt":{"rendered":"<p>P\u0159em\u00fd\u0161leli jste n\u011bkdy o tom, kter\u00e1 auta definovala epochy a dominovala ulic\u00edm v minul\u00fdch desetilet\u00edch? Dnes prozkoum\u00e1me nejprod\u00e1van\u011bj\u0161\u00ed vozy ka\u017ed\u00e9ho roku od roku 1960 do roku 1995. P\u0159ipravte se na cestu zp\u011bt v \u010dase plnou nostalgie a zaj\u00edmav\u00fdch fakt\u016f o t\u011bchto vozidlech, kter\u00e1 si z\u00edskala srdce spot\u0159ebitel\u016f. Roky [\u2026]<\/p>","protected":false},"author":0,"featured_media":6196,"comment_status":"closed","ping_status":"open","sticky":false,"template":"","format":"standard","meta":{"footnotes":""},"categories":[5],"tags":[501,741],"yoast_head":"<!-- This site is optimized with the Yoast SEO plugin v23.3 - https:\/\/yoast.com\/wordpress\/plugins\/seo\/ -->\n<title>Descubre los Autos M\u00e1s Vendidos de Cada A\u00f1o - Universo Fam\u00edlia<\/title>\n<meta name=\"description\" content=\"Descubre los Autos M\u00e1s Vendidos de Cada A\u00f1o. \u00bfAlguna vez te has preguntado cu\u00e1les fueron los autos que marcaron \u00e9poca y dominaron...\" \/>\n<meta name=\"robots\" content=\"index, follow, max-snippet:-1, max-image-preview:large, max-video-preview:-1\" \/>\n<link rel=\"canonical\" href=\"https:\/\/universofamilia.com\/cs\/descubre-los-autos-mas-vendidos-de-cada-ano\/\" \/>\n<meta property=\"og:locale\" content=\"cs_CZ\" \/>\n<meta property=\"og:type\" content=\"article\" \/>\n<meta property=\"og:title\" content=\"Descubre los Autos M\u00e1s Vendidos de Cada A\u00f1o - Universo Fam\u00edlia\" \/>\n<meta property=\"og:description\" content=\"Descubre los Autos M\u00e1s Vendidos de Cada A\u00f1o. \u00bfAlguna vez te has preguntado cu\u00e1les fueron los autos que marcaron \u00e9poca y dominaron...\" \/>\n<meta property=\"og:url\" content=\"https:\/\/universofamilia.com\/cs\/descubre-los-autos-mas-vendidos-de-cada-ano\/\" \/>\n<meta property=\"og:site_name\" content=\"Universo Fam\u00edlia\" \/>\n<meta property=\"article:published_time\" content=\"2024-07-04T00:24:21+00:00\" \/>\n<meta property=\"og:image\" content=\"https:\/\/universofamilia.com\/wp-content\/uploads\/sites\/148\/2024\/07\/P-550x350-1.jpg\" \/>\n\t<meta property=\"og:image:width\" content=\"550\" \/>\n\t<meta property=\"og:image:height\" content=\"350\" \/>\n\t<meta property=\"og:image:type\" content=\"image\/jpeg\" \/>\n<meta name=\"twitter:card\" content=\"summary_large_image\" \/>\n<meta name=\"twitter:label1\" content=\"Est. reading time\" \/>\n\t<meta name=\"twitter:data1\" content=\"7 minut\" \/>\n<script type=\"application\/ld+json\" class=\"yoast-schema-graph\">{\"@context\":\"https:\/\/schema.org\",\"@graph\":[{\"@type\":\"WebPage\",\"@id\":\"https:\/\/universofamilia.com\/descubre-los-autos-mas-vendidos-de-cada-ano\/\",\"url\":\"https:\/\/universofamilia.com\/descubre-los-autos-mas-vendidos-de-cada-ano\/\",\"name\":\"Descubre los Autos M\u00e1s Vendidos de Cada A\u00f1o - Universo Fam\u00edlia\",\"isPartOf\":{\"@id\":\"https:\/\/universofamilia.com\/el\/#website\"},\"primaryImageOfPage\":{\"@id\":\"https:\/\/universofamilia.com\/descubre-los-autos-mas-vendidos-de-cada-ano\/#primaryimage\"},\"image\":{\"@id\":\"https:\/\/universofamilia.com\/descubre-los-autos-mas-vendidos-de-cada-ano\/#primaryimage\"},\"thumbnailUrl\":\"https:\/\/universofamilia.com\/wp-content\/uploads\/sites\/148\/2024\/07\/P-550x350-1.jpg\",\"datePublished\":\"2024-07-04T00:24:21+00:00\",\"dateModified\":\"2024-07-04T00:24:21+00:00\",\"author\":{\"@id\":\"\"},\"description\":\"Descubre los Autos M\u00e1s Vendidos de Cada A\u00f1o. \u00bfAlguna vez te has preguntado cu\u00e1les fueron los autos que marcaron \u00e9poca y dominaron...\",\"breadcrumb\":{\"@id\":\"https:\/\/universofamilia.com\/descubre-los-autos-mas-vendidos-de-cada-ano\/#breadcrumb\"},\"inLanguage\":\"cs\",\"potentialAction\":[{\"@type\":\"ReadAction\",\"target\":[\"https:\/\/universofamilia.com\/descubre-los-autos-mas-vendidos-de-cada-ano\/\"]}]},{\"@type\":\"ImageObject\",\"inLanguage\":\"cs\",\"@id\":\"https:\/\/universofamilia.com\/descubre-los-autos-mas-vendidos-de-cada-ano\/#primaryimage\",\"url\":\"https:\/\/universofamilia.com\/wp-content\/uploads\/sites\/148\/2024\/07\/P-550x350-1.jpg\",\"contentUrl\":\"https:\/\/universofamilia.com\/wp-content\/uploads\/sites\/148\/2024\/07\/P-550x350-1.jpg\",\"width\":550,\"height\":350,\"caption\":\"Descubre los Autos M\u00e1s Vendidos de Cada A\u00f1o\"},{\"@type\":\"BreadcrumbList\",\"@id\":\"https:\/\/universofamilia.com\/descubre-los-autos-mas-vendidos-de-cada-ano\/#breadcrumb\",\"itemListElement\":[{\"@type\":\"ListItem\",\"position\":1,\"name\":\"Home\",\"item\":\"https:\/\/universofamilia.com\/el\/\"},{\"@type\":\"ListItem\",\"position\":2,\"name\":\"Descubre los Autos M\u00e1s Vendidos de Cada A\u00f1o\"}]},{\"@type\":\"WebSite\",\"@id\":\"https:\/\/universofamilia.com\/el\/#website\",\"url\":\"https:\/\/universofamilia.com\/el\/\",\"name\":\"Universo Fam\u00edlia\",\"description\":\"\",\"potentialAction\":[{\"@type\":\"SearchAction\",\"target\":{\"@type\":\"EntryPoint\",\"urlTemplate\":\"https:\/\/universofamilia.com\/el\/?s={search_term_string}\"},\"query-input\":\"required name=search_term_string\"}],\"inLanguage\":\"cs\"}]}<\/script>\n<!-- \/ Yoast SEO plugin. -->","yoast_head_json":{"title":"Descubre los Autos M\u00e1s Vendidos de Cada A\u00f1o - Universo Fam\u00edlia","description":"Descubre los Autos M\u00e1s Vendidos de Cada A\u00f1o. \u00bfAlguna vez te has preguntado cu\u00e1les fueron los autos que marcaron \u00e9poca y dominaron...","robots":{"index":"index","follow":"follow","max-snippet":"max-snippet:-1","max-image-preview":"max-image-preview:large","max-video-preview":"max-video-preview:-1"},"canonical":"https:\/\/universofamilia.com\/cs\/descubre-los-autos-mas-vendidos-de-cada-ano\/","og_locale":"cs_CZ","og_type":"article","og_title":"Descubre los Autos M\u00e1s Vendidos de Cada A\u00f1o - Universo Fam\u00edlia","og_description":"Descubre los Autos M\u00e1s Vendidos de Cada A\u00f1o. \u00bfAlguna vez te has preguntado cu\u00e1les fueron los autos que marcaron \u00e9poca y dominaron...","og_url":"https:\/\/universofamilia.com\/cs\/descubre-los-autos-mas-vendidos-de-cada-ano\/","og_site_name":"Universo Fam\u00edlia","article_published_time":"2024-07-04T00:24:21+00:00","og_image":[{"width":550,"height":350,"url":"https:\/\/universofamilia.com\/wp-content\/uploads\/sites\/148\/2024\/07\/P-550x350-1.jpg","type":"image\/jpeg"}],"twitter_card":"summary_large_image","twitter_misc":{"Est. reading time":"7 minut"},"schema":{"@context":"https:\/\/schema.org","@graph":[{"@type":"WebPage","@id":"https:\/\/universofamilia.com\/descubre-los-autos-mas-vendidos-de-cada-ano\/","url":"https:\/\/universofamilia.com\/descubre-los-autos-mas-vendidos-de-cada-ano\/","name":"Descubre los Autos M\u00e1s Vendidos de Cada A\u00f1o - Universo Fam\u00edlia","isPartOf":{"@id":"https:\/\/universofamilia.com\/el\/#website"},"primaryImageOfPage":{"@id":"https:\/\/universofamilia.com\/descubre-los-autos-mas-vendidos-de-cada-ano\/#primaryimage"},"image":{"@id":"https:\/\/universofamilia.com\/descubre-los-autos-mas-vendidos-de-cada-ano\/#primaryimage"},"thumbnailUrl":"https:\/\/universofamilia.com\/wp-content\/uploads\/sites\/148\/2024\/07\/P-550x350-1.jpg","datePublished":"2024-07-04T00:24:21+00:00","dateModified":"2024-07-04T00:24:21+00:00","author":{"@id":""},"description":"Descubre los Autos M\u00e1s Vendidos de Cada A\u00f1o. \u00bfAlguna vez te has preguntado cu\u00e1les fueron los autos que marcaron \u00e9poca y dominaron...","breadcrumb":{"@id":"https:\/\/universofamilia.com\/descubre-los-autos-mas-vendidos-de-cada-ano\/#breadcrumb"},"inLanguage":"cs","potentialAction":[{"@type":"ReadAction","target":["https:\/\/universofamilia.com\/descubre-los-autos-mas-vendidos-de-cada-ano\/"]}]},{"@type":"ImageObject","inLanguage":"cs","@id":"https:\/\/universofamilia.com\/descubre-los-autos-mas-vendidos-de-cada-ano\/#primaryimage","url":"https:\/\/universofamilia.com\/wp-content\/uploads\/sites\/148\/2024\/07\/P-550x350-1.jpg","contentUrl":"https:\/\/universofamilia.com\/wp-content\/uploads\/sites\/148\/2024\/07\/P-550x350-1.jpg","width":550,"height":350,"caption":"Descubre los Autos M\u00e1s Vendidos de Cada A\u00f1o"},{"@type":"BreadcrumbList","@id":"https:\/\/universofamilia.com\/descubre-los-autos-mas-vendidos-de-cada-ano\/#breadcrumb","itemListElement":[{"@type":"ListItem","position":1,"name":"Home","item":"https:\/\/universofamilia.com\/el\/"},{"@type":"ListItem","position":2,"name":"Descubre los Autos M\u00e1s Vendidos de Cada A\u00f1o"}]},{"@type":"WebSite","@id":"https:\/\/universofamilia.com\/el\/#website","url":"https:\/\/universofamilia.com\/el\/","name":"Universo Fam\u00edlia","description":"","potentialAction":[{"@type":"SearchAction","target":{"@type":"EntryPoint","urlTemplate":"https:\/\/universofamilia.com\/el\/?s={search_term_string}"},"query-input":"required name=search_term_string"}],"inLanguage":"cs"}]}},"_links":{"self":[{"href":"https:\/\/universofamilia.com\/cs\/wp-json\/wp\/v2\/posts\/6195"}],"collection":[{"href":"https:\/\/universofamilia.com\/cs\/wp-json\/wp\/v2\/posts"}],"about":[{"href":"https:\/\/universofamilia.com\/cs\/wp-json\/wp\/v2\/types\/post"}],"replies":[{"embeddable":true,"href":"https:\/\/universofamilia.com\/cs\/wp-json\/wp\/v2\/comments?post=6195"}],"version-history":[{"count":0,"href":"https:\/\/universofamilia.com\/cs\/wp-json\/wp\/v2\/posts\/6195\/revisions"}],"wp:featuredmedia":[{"embeddable":true,"href":"https:\/\/universofamilia.com\/cs\/wp-json\/wp\/v2\/media\/6196"}],"wp:attachment":[{"href":"https:\/\/universofamilia.com\/cs\/wp-json\/wp\/v2\/media?parent=6195"}],"wp:term":[{"taxonomy":"category","embeddable":true,"href":"https:\/\/universofamilia.com\/cs\/wp-json\/wp\/v2\/categories?post=6195"},{"taxonomy":"post_tag","embeddable":true,"href":"https:\/\/universofamilia.com\/cs\/wp-json\/wp\/v2\/tags?post=6195"}],"curies":[{"name":"wp","href":"https:\/\/api.w.org\/{rel}","templated":true}]}}