{"id":6268,"date":"2024-07-16T12:45:25","date_gmt":"2024-07-16T15:45:25","guid":{"rendered":"https:\/\/universofamilia.com\/?p=6268"},"modified":"2024-07-16T12:45:25","modified_gmt":"2024-07-16T15:45:25","slug":"waymo-o-tesla-quien-gana-esta-disputa","status":"publish","type":"post","link":"https:\/\/universofamilia.com\/cs\/waymo-o-tesla-quien-gana-esta-disputa\/","title":{"rendered":"Waymo nebo Tesla? Kdo v tomto sporu vyhraje?"},"content":{"rendered":"<p>Spor mezi spole\u010dnostmi Waymo a Tesla je jedn\u00edm z nejhor\u0161\u00edch spor\u016f v technologick\u00e9m sv\u011bt\u011b.<\/p>\n\n\n\n<p>Ob\u011b spole\u010dnosti jsou v pop\u0159ed\u00ed autonomn\u00edch vozidel a slibuj\u00ed revoluci ve zp\u016fsobu, jak\u00fdm se pohybujeme.<\/p>\n\n\n\n<p>Ale kdo z nich v tomto z\u00e1vod\u011b skute\u010dn\u011b vede?<\/p>\n\n\n\n<p>Poj\u010fme prozkoumat po\u010d\u00e1tky ka\u017ed\u00e9 spole\u010dnosti, jejich technologick\u00e9 inovace, kl\u00ed\u010dov\u00e9 rozd\u00edly a investovan\u00e9 zdroje, abychom pochopili, kdo je nejbl\u00ed\u017ee k ovl\u00e1dnut\u00ed tohoto futuristick\u00e9ho odv\u011btv\u00ed.<\/p>\n\n\n\n<h2 class=\"wp-block-heading\">Po\u010d\u00e1tky Wayma a Tesly<\/h2>\n\n\n\n<h3 class=\"wp-block-heading\">Waymo: Divize spole\u010dnosti Google<\/h3>\n\n\n\n<p>Waymo za\u010dalo jako tajn\u00fd projekt v r\u00e1mci Googlu v roce 2009, zn\u00e1m\u00fd jako Project Chauffeur.<\/p>\n\n\n\n<p>V roce 2016 se stala nez\u00e1vislou spole\u010dnost\u00ed pod z\u00e1\u0161titou Alphabetu, mate\u0159sk\u00e9 spole\u010dnosti Googlu.<\/p>\n\n\n\n<p>Waymo se od za\u010d\u00e1tku zam\u011b\u0159ovalo v\u00fdhradn\u011b na v\u00fdvoj technologi\u00ed autonomn\u00edch vozidel.<\/p>\n\n\n\n<p><\/p>\n\n\n\n<hr class=\"wp-block-separator has-text-color has-luminous-vivid-orange-color has-alpha-channel-opacity has-luminous-vivid-orange-background-color has-background\"\/>\n\n\n\n<h2 class=\"wp-block-heading\">\u010ct\u011bte tak\u00e9:<\/h2>\n\n\n\n<div class=\"wp-block-columns is-layout-flex wp-container-core-columns-layout-1 wp-block-columns-is-layout-flex\">\n<div class=\"wp-block-column is-layout-flow wp-block-column-is-layout-flow\">\n<div class=\"wp-block-buttons is-layout-flex wp-block-buttons-is-layout-flex\">\n<div class=\"wp-block-button has-custom-width wp-block-button__width-100 has-custom-font-size has-medium-font-size\" style=\"text-decoration:none\"><a class=\"wp-block-button__link has-white-color has-vivid-cyan-blue-background-color has-text-color has-background has-link-color has-text-align-left wp-element-button\" href=\"https:\/\/universofamilia.com\/cs\/5893\/acelera-tu-celular-despierta-tu-productividad\/\" style=\"border-radius:10px\" target=\"_blank\" rel=\"noreferrer noopener\"><font style=\"vertical-align: inherit;\"><font style=\"vertical-align: inherit;\">\ud83d\udccc Zrychlete sv\u016fj mobiln\u00ed telefon<\/font><\/font> &gt;<\/a><\/div>\n\n\n\n<div class=\"wp-block-button has-custom-width wp-block-button__width-100 has-custom-font-size has-medium-font-size\" style=\"text-decoration:none\"><a class=\"wp-block-button__link has-white-color has-vivid-cyan-blue-background-color has-text-color has-background has-link-color has-text-align-left wp-element-button\" href=\"https:\/\/universofamilia.com\/cs\/5869\/descubre-quien-te-esta-observando-en-las-redes-sociales\/\" style=\"border-radius:10px\" target=\"_blank\" rel=\"noreferrer noopener\"><font style=\"vertical-align: inherit;\"><font style=\"vertical-align: inherit;\"><font style=\"vertical-align: inherit;\"><font style=\"vertical-align: inherit;\">\ud83d\udccc Kdo nav\u0161t\u00edvil v\u00e1\u0161 profil<\/font><\/font><\/font><\/font> &gt;<\/a><\/div>\n<\/div>\n<\/div>\n<\/div>\n\n\n\n<hr class=\"wp-block-separator has-text-color has-luminous-vivid-orange-color has-alpha-channel-opacity has-luminous-vivid-orange-background-color has-background\"\/>\n\n\n\n<p><\/p>\n\n\n\n<h3 class=\"wp-block-heading\">Tesla: Vize Elona Muska<\/h3>\n\n\n\n<p>Tesla byla naproti tomu zalo\u017eena v roce 2003 Martinem Eberhardem a Marcem Tarpenningem, ale proslula, kdy\u017e se hlavn\u00edm investorem a gener\u00e1ln\u00edm \u0159editelem stal Elon Musk.<\/p>\n\n\n\n<p>Tesla zpo\u010d\u00e1tku vynikala ve v\u00fdrob\u011b vysoce v\u00fdkonn\u00fdch elektromobil\u016f, ale Musk si v\u017edycky p\u0159edstavoval v\u00fdvoj pln\u011b autonomn\u00edch vozidel.<\/p>\n\n\n\n<h2 class=\"wp-block-heading\">Technologick\u00e9 inovace<\/h2>\n\n\n\n<h3 class=\"wp-block-heading\">Waymo: Veden\u00ed v Lidaru<\/h3>\n\n\n\n<p>Waymo je zn\u00e1m\u00e9 sv\u00fdm robustn\u00edm p\u0159\u00edstupem k pou\u017e\u00edv\u00e1n\u00ed LIDARu (detekce a m\u011b\u0159en\u00ed vzd\u00e1lenosti sv\u011btla).<\/p>\n\n\n\n<p>Tato technologie vyu\u017e\u00edv\u00e1 lasery k vytv\u00e1\u0159en\u00ed p\u0159esn\u00fdch 3D map prost\u0159ed\u00ed kolem vozidla, co\u017e umo\u017e\u0148uje bezpe\u010dn\u011bj\u0161\u00ed a spolehliv\u011bj\u0161\u00ed autonomn\u00ed navigaci.<\/p>\n\n\n\n<p>Spole\u010dnost Waymo ji\u017e nashrom\u00e1\u017edila miliony kilometr\u016f testov\u00e1n\u00ed na ve\u0159ejn\u00fdch komunikac\u00edch, co\u017e p\u0159isp\u00edv\u00e1 k neust\u00e1l\u00e9mu zlep\u0161ov\u00e1n\u00ed jej\u00edch syst\u00e9m\u016f.<\/p>\n\n\n\n<h3 class=\"wp-block-heading\">Tesla: Spol\u00e9h\u00e1 se na kamery<\/h3>\n\n\n\n<p>Tesla zvolila jin\u00fd p\u0159\u00edstup a zam\u011b\u0159ila se na kamery, radar a ultrazvuk, p\u0159i\u010dem\u017e se vyhnula pou\u017eit\u00ed LIDARu.<\/p>\n\n\n\n<p>Spole\u010dnost se domn\u00edv\u00e1, \u017ee syst\u00e9m po\u010d\u00edta\u010dov\u00e9ho vid\u011bn\u00ed v kombinaci s pokro\u010dilou um\u011blou inteligenc\u00ed m\u016f\u017ee b\u00fdt dostate\u010dn\u00fd k dosa\u017een\u00ed autonomn\u00edho \u0159\u00edzen\u00ed.<\/p>\n\n\n\n<p>Syst\u00e9m autopilota od Tesly je ji\u017e k dispozici v mnoha jej\u00edch vozidlech a nab\u00edz\u00ed funkce asistovan\u00e9 j\u00edzdy, kter\u00e9 se neust\u00e1le vyv\u00edjej\u00ed.<\/p>\n\n\n\n<h2 class=\"wp-block-heading\">Hlavn\u00ed rozd\u00edly<\/h2>\n\n\n\n<h3 class=\"wp-block-heading\">Technologick\u00fd p\u0159\u00edstup<\/h3>\n\n\n\n<p>Hlavn\u00ed rozd\u00edl mezi Waymo a Teslou spo\u010d\u00edv\u00e1 ve volb\u011b technologie. Waymo se spol\u00e9h\u00e1 na LIDAR, zat\u00edmco Tesla se spol\u00e9h\u00e1 na kamery a po\u010d\u00edta\u010dov\u00e9 vid\u011bn\u00ed.<\/p>\n\n\n\n<p>Tato volba odr\u00e1\u017e\u00ed jejich odli\u0161n\u00e9 filozofie o tom, jak by m\u011blo b\u00fdt dosa\u017eeno autonomie vozidel.<\/p>\n\n\n\n<h3 class=\"wp-block-heading\">Tr\u017en\u00ed strategie<\/h3>\n\n\n\n<p>Waymo se zam\u011b\u0159uje na partnerstv\u00ed s dopravn\u00edmi a logistick\u00fdmi spole\u010dnostmi a v n\u011bkter\u00fdch americk\u00fdch m\u011bstech provozuje tak\u00e9 samo\u0159\u00edd\u00edc\u00ed taxislu\u017eby.<\/p>\n\n\n\n<p>Tesla naopak prod\u00e1v\u00e1 sv\u00e1 vozidla p\u0159\u00edmo spot\u0159ebitel\u016fm a slibuje, \u017ee aktualizace softwaru by v budoucnu mohla prom\u011bnit b\u011b\u017en\u00e1 auta v autonomn\u00ed.<\/p>\n\n\n\n<h3 class=\"wp-block-heading\">Investice a zdroje<\/h3>\n\n\n\n<p>Ob\u011b spole\u010dnosti investovaly miliardy do v\u00fdvoje autonomn\u00ed technologie, ale r\u016fzn\u00fdmi zp\u016fsoby.<\/p>\n\n\n\n<p>Waymo, jako sou\u010d\u00e1st Alphabetu, m\u00e1 p\u0159\u00edstup k obrovsk\u00fdm finan\u010dn\u00edm a technologick\u00fdm zdroj\u016fm spole\u010dnosti Google.<\/p>\n\n\n\n<p>Tesla, v \u010dele s Elonem Muskem, m\u00e1 tak\u00e9 zna\u010dn\u00e9 zdroje, ale pro financov\u00e1n\u00ed sv\u00e9ho v\u00fdzkumu se v\u00edce spol\u00e9h\u00e1 na prodej elektromobil\u016f.<\/p>\n\n\n\n<h2 class=\"wp-block-heading\">Investovan\u00e9 zdroje<\/h2>\n\n\n\n<h3 class=\"wp-block-heading\">Waymo<\/h3>\n\n\n\n<p>Waymo ji\u017e z\u00edskalo od spole\u010dnosti Alphabet v\u00fdznamn\u00e9 investice a krom\u011b strategick\u00fdch partnerstv\u00ed se spole\u010dnostmi, jako jsou Fiat Chrysler a Jaguar Land Rover, tak\u00e9 uzav\u0159elo strategick\u00e1 partnerstv\u00ed.<\/p>\n\n\n\n<p>D\u00edky t\u011bmto zdroj\u016fm si Waymo mohl vytvo\u0159it vysoce sofistikovanou flotilu testovac\u00edch vozidel.<\/p>\n\n\n\n<h3 class=\"wp-block-heading\">Tesla<\/h3>\n\n\n\n<p>Tesla krom\u011b sv\u00e9 \u0159ady popul\u00e1rn\u00edch elektromobil\u016f z\u00edskala finan\u010dn\u00ed prost\u0159edky prost\u0159ednictv\u00edm akciov\u00e9ho trhu a dal\u0161\u00edch iniciativ.<\/p>\n\n\n\n<p>Spole\u010dnost tak\u00e9 zna\u010dn\u011b investuje do v\u00fdstavby vlastn\u00edch tov\u00e1ren na baterie, zn\u00e1m\u00fdch jako Gigafactories, aby podpo\u0159ila rostouc\u00ed popt\u00e1vku.<\/p>\n\n\n<div class=\"wp-block-image\">\n<figure class=\"aligncenter size-full\"><img loading=\"lazy\" decoding=\"async\" width=\"550\" height=\"350\" src=\"http:\/\/universofamilia.com\/wp-content\/uploads\/sites\/148\/2024\/07\/P-550x350-5-1.jpg\" alt=\"\" class=\"wp-image-6269\" srcset=\"https:\/\/universofamilia.com\/wp-content\/uploads\/sites\/148\/2024\/07\/P-550x350-5-1.jpg 550w, https:\/\/universofamilia.com\/wp-content\/uploads\/sites\/148\/2024\/07\/P-550x350-5-1-300x191.jpg 300w\" sizes=\"(max-width: 550px) 100vw, 550px\" \/><figcaption class=\"wp-element-caption\">Waymo nebo Tesla? Kdo v tomto sporu vyhraje?<\/figcaption><\/figure><\/div>\n\n\n<h2 class=\"wp-block-heading\">Kdo je vp\u0159edu?<\/h2>\n\n\n\n<p>Ur\u010dit, kdo vyhr\u00e1v\u00e1 spor mezi Waymem a Teslou, nen\u00ed snadn\u00e9, proto\u017ee ob\u011b spole\u010dnosti maj\u00ed odli\u0161n\u00e9 siln\u00e9 str\u00e1nky.<\/p>\n\n\n\n<p>Waymo m\u00e1 v\u00fdhodu v oblasti osv\u011bd\u010den\u00e9 technologie a bezpe\u010dnosti d\u00edky rozs\u00e1hl\u00e9mu vyu\u017e\u00edv\u00e1n\u00ed LIDARu a let\u016fm p\u0159\u00edsn\u00e9ho testov\u00e1n\u00ed.<\/p>\n\n\n\n<p>Tesla je naopak bl\u00ed\u017ee spot\u0159ebitel\u016fm a m\u00e1 v\u011brnou z\u00e1kaznickou z\u00e1kladnu, kter\u00e1 v\u011b\u0159\u00ed v vizi Elona Muska o autonomn\u00ed budoucnosti.<\/p>\n\n\n\n<h2 class=\"wp-block-heading\">Z\u00e1v\u011br<\/h2>\n\n\n\n<p>Waymo a Tesla vedou revoluci v oblasti autonomn\u00edch vozidel r\u016fzn\u00fdmi zp\u016fsoby.<\/p>\n\n\n\n<p>Zat\u00edmco Waymo vynik\u00e1 p\u0159esnost\u00ed a bezpe\u010dnost\u00ed sv\u00e9 technologie LIDAR, Tesla zaujme sv\u00fdm inovativn\u00edm p\u0159\u00edstupem k po\u010d\u00edta\u010dov\u00e9mu vid\u011bn\u00ed a p\u0159\u00edslibem cenov\u011b dostupn\u00fdch autonomn\u00edch vozidel.<\/p>\n\n\n\n<p>Z\u00e1vod zdaleka nekon\u010d\u00ed a bude vzru\u0161uj\u00edc\u00ed sledovat, jak tito dva giganti budou i nad\u00e1le inovovat a utv\u00e1\u0159et budoucnost dopravy.<\/p>\n\n\n\n<p>Chcete-li se dozv\u011bd\u011bt v\u00edce o technologi\u00edch jednotliv\u00fdch spole\u010dnost\u00ed, m\u016f\u017eete nav\u0161t\u00edvit jejich ofici\u00e1ln\u00ed webov\u00e9 str\u00e1nky. <a href=\"https:\/\/waymo.com\" target=\"_blank\" rel=\"noreferrer noopener\">Waymo<\/a> a <a href=\"https:\/\/tesla.com\" target=\"_blank\" rel=\"noreferrer noopener\">Tesla<\/a>.<\/p>\n\n\n\n<p>Sd\u00edlejte tento \u010dl\u00e1nek se sv\u00fdmi p\u0159\u00e1teli a sledujte tento vzru\u0161uj\u00edc\u00ed spor!<\/p>","protected":false},"excerpt":{"rendered":"<p>La disputa entre Waymo y Tesla es una de las m\u00e1s re\u00f1idas en el mundo de la tecnolog\u00eda. Ambas empresas est\u00e1n a la vanguardia de los veh\u00edculos aut\u00f3nomos, prometiendo revolucionar la forma en que nos movemos. Pero, \u00bfcu\u00e1l de ellas est\u00e1 realmente liderando esta carrera? Vamos a explorar los inicios de cada empresa, sus innovaciones [&hellip;]<\/p>","protected":false},"author":0,"featured_media":6269,"comment_status":"closed","ping_status":"open","sticky":false,"template":"","format":"standard","meta":{"footnotes":""},"categories":[2],"tags":[26,27,1565],"yoast_head":"<!-- This site is optimized with the Yoast SEO plugin v23.3 - https:\/\/yoast.com\/wordpress\/plugins\/seo\/ -->\n<title>\u00bfWaymo o Tesla? \u00bfQui\u00e9n Gana Esta Disputa? - Universo Fam\u00edlia<\/title>\n<meta name=\"description\" content=\"\u00bfWaymo o Tesla? \u00bfQui\u00e9n Gana Esta Disputa?. La disputa entre Waymo y Tesla es una de las m\u00e1s re\u00f1idas en el mundo de la tecnolog\u00eda....\" \/>\n<meta name=\"robots\" content=\"index, follow, max-snippet:-1, max-image-preview:large, max-video-preview:-1\" \/>\n<link rel=\"canonical\" href=\"https:\/\/universofamilia.com\/cs\/waymo-o-tesla-quien-gana-esta-disputa\/\" \/>\n<meta property=\"og:locale\" content=\"cs_CZ\" \/>\n<meta property=\"og:type\" content=\"article\" \/>\n<meta property=\"og:title\" content=\"\u00bfWaymo o Tesla? \u00bfQui\u00e9n Gana Esta Disputa? - Universo Fam\u00edlia\" \/>\n<meta property=\"og:description\" content=\"\u00bfWaymo o Tesla? \u00bfQui\u00e9n Gana Esta Disputa?. La disputa entre Waymo y Tesla es una de las m\u00e1s re\u00f1idas en el mundo de la tecnolog\u00eda....\" \/>\n<meta property=\"og:url\" content=\"https:\/\/universofamilia.com\/cs\/waymo-o-tesla-quien-gana-esta-disputa\/\" \/>\n<meta property=\"og:site_name\" content=\"Universo Fam\u00edlia\" \/>\n<meta property=\"article:published_time\" content=\"2024-07-16T15:45:25+00:00\" \/>\n<meta property=\"og:image\" content=\"https:\/\/universofamilia.com\/wp-content\/uploads\/sites\/148\/2024\/07\/P-550x350-5-1.jpg\" \/>\n\t<meta property=\"og:image:width\" content=\"550\" \/>\n\t<meta property=\"og:image:height\" content=\"350\" \/>\n\t<meta property=\"og:image:type\" content=\"image\/jpeg\" \/>\n<meta name=\"twitter:card\" content=\"summary_large_image\" \/>\n<meta name=\"twitter:label1\" content=\"Est. reading time\" \/>\n\t<meta name=\"twitter:data1\" content=\"5 minut\" \/>\n<script type=\"application\/ld+json\" class=\"yoast-schema-graph\">{\"@context\":\"https:\/\/schema.org\",\"@graph\":[{\"@type\":\"WebPage\",\"@id\":\"https:\/\/universofamilia.com\/fr\/waymo-o-tesla-quien-gana-esta-disputa\/\",\"url\":\"https:\/\/universofamilia.com\/fr\/waymo-o-tesla-quien-gana-esta-disputa\/\",\"name\":\"\u00bfWaymo o Tesla? \u00bfQui\u00e9n Gana Esta Disputa? - Universo Fam\u00edlia\",\"isPartOf\":{\"@id\":\"http:\/\/universofamilia.com\/zh_hk\/#website\"},\"primaryImageOfPage\":{\"@id\":\"https:\/\/universofamilia.com\/fr\/waymo-o-tesla-quien-gana-esta-disputa\/#primaryimage\"},\"image\":{\"@id\":\"https:\/\/universofamilia.com\/fr\/waymo-o-tesla-quien-gana-esta-disputa\/#primaryimage\"},\"thumbnailUrl\":\"https:\/\/universofamilia.com\/wp-content\/uploads\/sites\/148\/2024\/07\/P-550x350-5-1.jpg\",\"datePublished\":\"2024-07-16T15:45:25+00:00\",\"dateModified\":\"2024-07-16T15:45:25+00:00\",\"author\":{\"@id\":\"\"},\"description\":\"\u00bfWaymo o Tesla? \u00bfQui\u00e9n Gana Esta Disputa?. La disputa entre Waymo y Tesla es una de las m\u00e1s re\u00f1idas en el mundo de la tecnolog\u00eda....\",\"breadcrumb\":{\"@id\":\"https:\/\/universofamilia.com\/fr\/waymo-o-tesla-quien-gana-esta-disputa\/#breadcrumb\"},\"inLanguage\":\"cs\",\"potentialAction\":[{\"@type\":\"ReadAction\",\"target\":[\"https:\/\/universofamilia.com\/fr\/waymo-o-tesla-quien-gana-esta-disputa\/\"]}]},{\"@type\":\"ImageObject\",\"inLanguage\":\"cs\",\"@id\":\"https:\/\/universofamilia.com\/fr\/waymo-o-tesla-quien-gana-esta-disputa\/#primaryimage\",\"url\":\"https:\/\/universofamilia.com\/wp-content\/uploads\/sites\/148\/2024\/07\/P-550x350-5-1.jpg\",\"contentUrl\":\"https:\/\/universofamilia.com\/wp-content\/uploads\/sites\/148\/2024\/07\/P-550x350-5-1.jpg\",\"width\":550,\"height\":350,\"caption\":\"\u00bfWaymo o Tesla? \u00bfQui\u00e9n Gana Esta Disputa?\"},{\"@type\":\"BreadcrumbList\",\"@id\":\"https:\/\/universofamilia.com\/fr\/waymo-o-tesla-quien-gana-esta-disputa\/#breadcrumb\",\"itemListElement\":[{\"@type\":\"ListItem\",\"position\":1,\"name\":\"Home\",\"item\":\"http:\/\/universofamilia.com\/zh_hk\/\"},{\"@type\":\"ListItem\",\"position\":2,\"name\":\"\u00bfWaymo o Tesla? \u00bfQui\u00e9n Gana Esta Disputa?\"}]},{\"@type\":\"WebSite\",\"@id\":\"http:\/\/universofamilia.com\/zh_hk\/#website\",\"url\":\"http:\/\/universofamilia.com\/zh_hk\/\",\"name\":\"Universo Fam\u00edlia\",\"description\":\"\",\"potentialAction\":[{\"@type\":\"SearchAction\",\"target\":{\"@type\":\"EntryPoint\",\"urlTemplate\":\"http:\/\/universofamilia.com\/zh_hk\/?s={search_term_string}\"},\"query-input\":\"required name=search_term_string\"}],\"inLanguage\":\"cs\"}]}<\/script>\n<!-- \/ Yoast SEO plugin. -->","yoast_head_json":{"title":"\u00bfWaymo o Tesla? \u00bfQui\u00e9n Gana Esta Disputa? - Universo Fam\u00edlia","description":"\u00bfWaymo o Tesla? \u00bfQui\u00e9n Gana Esta Disputa?. La disputa entre Waymo y Tesla es una de las m\u00e1s re\u00f1idas en el mundo de la tecnolog\u00eda....","robots":{"index":"index","follow":"follow","max-snippet":"max-snippet:-1","max-image-preview":"max-image-preview:large","max-video-preview":"max-video-preview:-1"},"canonical":"https:\/\/universofamilia.com\/cs\/waymo-o-tesla-quien-gana-esta-disputa\/","og_locale":"cs_CZ","og_type":"article","og_title":"\u00bfWaymo o Tesla? \u00bfQui\u00e9n Gana Esta Disputa? - Universo Fam\u00edlia","og_description":"\u00bfWaymo o Tesla? \u00bfQui\u00e9n Gana Esta Disputa?. La disputa entre Waymo y Tesla es una de las m\u00e1s re\u00f1idas en el mundo de la tecnolog\u00eda....","og_url":"https:\/\/universofamilia.com\/cs\/waymo-o-tesla-quien-gana-esta-disputa\/","og_site_name":"Universo Fam\u00edlia","article_published_time":"2024-07-16T15:45:25+00:00","og_image":[{"width":550,"height":350,"url":"https:\/\/universofamilia.com\/wp-content\/uploads\/sites\/148\/2024\/07\/P-550x350-5-1.jpg","type":"image\/jpeg"}],"twitter_card":"summary_large_image","twitter_misc":{"Est. reading time":"5 minut"},"schema":{"@context":"https:\/\/schema.org","@graph":[{"@type":"WebPage","@id":"https:\/\/universofamilia.com\/fr\/waymo-o-tesla-quien-gana-esta-disputa\/","url":"https:\/\/universofamilia.com\/fr\/waymo-o-tesla-quien-gana-esta-disputa\/","name":"\u00bfWaymo o Tesla? \u00bfQui\u00e9n Gana Esta Disputa? - Universo Fam\u00edlia","isPartOf":{"@id":"http:\/\/universofamilia.com\/zh_hk\/#website"},"primaryImageOfPage":{"@id":"https:\/\/universofamilia.com\/fr\/waymo-o-tesla-quien-gana-esta-disputa\/#primaryimage"},"image":{"@id":"https:\/\/universofamilia.com\/fr\/waymo-o-tesla-quien-gana-esta-disputa\/#primaryimage"},"thumbnailUrl":"https:\/\/universofamilia.com\/wp-content\/uploads\/sites\/148\/2024\/07\/P-550x350-5-1.jpg","datePublished":"2024-07-16T15:45:25+00:00","dateModified":"2024-07-16T15:45:25+00:00","author":{"@id":""},"description":"\u00bfWaymo o Tesla? \u00bfQui\u00e9n Gana Esta Disputa?. La disputa entre Waymo y Tesla es una de las m\u00e1s re\u00f1idas en el mundo de la tecnolog\u00eda....","breadcrumb":{"@id":"https:\/\/universofamilia.com\/fr\/waymo-o-tesla-quien-gana-esta-disputa\/#breadcrumb"},"inLanguage":"cs","potentialAction":[{"@type":"ReadAction","target":["https:\/\/universofamilia.com\/fr\/waymo-o-tesla-quien-gana-esta-disputa\/"]}]},{"@type":"ImageObject","inLanguage":"cs","@id":"https:\/\/universofamilia.com\/fr\/waymo-o-tesla-quien-gana-esta-disputa\/#primaryimage","url":"https:\/\/universofamilia.com\/wp-content\/uploads\/sites\/148\/2024\/07\/P-550x350-5-1.jpg","contentUrl":"https:\/\/universofamilia.com\/wp-content\/uploads\/sites\/148\/2024\/07\/P-550x350-5-1.jpg","width":550,"height":350,"caption":"\u00bfWaymo o Tesla? \u00bfQui\u00e9n Gana Esta Disputa?"},{"@type":"BreadcrumbList","@id":"https:\/\/universofamilia.com\/fr\/waymo-o-tesla-quien-gana-esta-disputa\/#breadcrumb","itemListElement":[{"@type":"ListItem","position":1,"name":"Home","item":"http:\/\/universofamilia.com\/zh_hk\/"},{"@type":"ListItem","position":2,"name":"\u00bfWaymo o Tesla? \u00bfQui\u00e9n Gana Esta Disputa?"}]},{"@type":"WebSite","@id":"http:\/\/universofamilia.com\/zh_hk\/#website","url":"http:\/\/universofamilia.com\/zh_hk\/","name":"Universo Fam\u00edlia","description":"","potentialAction":[{"@type":"SearchAction","target":{"@type":"EntryPoint","urlTemplate":"http:\/\/universofamilia.com\/zh_hk\/?s={search_term_string}"},"query-input":"required name=search_term_string"}],"inLanguage":"cs"}]}},"_links":{"self":[{"href":"https:\/\/universofamilia.com\/cs\/wp-json\/wp\/v2\/posts\/6268"}],"collection":[{"href":"https:\/\/universofamilia.com\/cs\/wp-json\/wp\/v2\/posts"}],"about":[{"href":"https:\/\/universofamilia.com\/cs\/wp-json\/wp\/v2\/types\/post"}],"replies":[{"embeddable":true,"href":"https:\/\/universofamilia.com\/cs\/wp-json\/wp\/v2\/comments?post=6268"}],"version-history":[{"count":0,"href":"https:\/\/universofamilia.com\/cs\/wp-json\/wp\/v2\/posts\/6268\/revisions"}],"wp:featuredmedia":[{"embeddable":true,"href":"https:\/\/universofamilia.com\/cs\/wp-json\/wp\/v2\/media\/6269"}],"wp:attachment":[{"href":"https:\/\/universofamilia.com\/cs\/wp-json\/wp\/v2\/media?parent=6268"}],"wp:term":[{"taxonomy":"category","embeddable":true,"href":"https:\/\/universofamilia.com\/cs\/wp-json\/wp\/v2\/categories?post=6268"},{"taxonomy":"post_tag","embeddable":true,"href":"https:\/\/universofamilia.com\/cs\/wp-json\/wp\/v2\/tags?post=6268"}],"curies":[{"name":"wp","href":"https:\/\/api.w.org\/{rel}","templated":true}]}}