{"id":6271,"date":"2024-07-16T13:04:00","date_gmt":"2024-07-16T16:04:00","guid":{"rendered":"https:\/\/universofamilia.com\/?p=6271"},"modified":"2024-07-16T13:04:00","modified_gmt":"2024-07-16T16:04:00","slug":"quien-gana-esta-disputa-waymo-o-tesla","status":"publish","type":"post","link":"https:\/\/universofamilia.com\/cs\/quien-gana-esta-disputa-waymo-o-tesla\/","title":{"rendered":"Kdo vyhraje tento spor? Waymo nebo Tesla?"},"content":{"rendered":"<p>Z\u00e1vod ve v\u00fdvoji autonomn\u00edch vozidel byl jednou z nejnap\u00ednav\u011bj\u0161\u00edch technologick\u00fdch bitev posledn\u00edch let.<\/p>\n\n\n\n<p>Mezi hlavn\u00ed konkurenty pat\u0159\u00ed Waymo a Tesla.<\/p>\n\n\n\n<p>Ob\u011b spole\u010dnosti stoj\u00ed v pop\u0159ed\u00ed t\u00e9to revoluce, ale s pom\u011brn\u011b odli\u0161n\u00fdmi p\u0159\u00edstupy a strategiemi.<\/p>\n\n\n\n<p>V tomto \u010dl\u00e1nku prozkoum\u00e1me v\u00fdvoj spole\u010dnost\u00ed Waymo a Tesla, jejich technologick\u00e9 inovace, kl\u00ed\u010dov\u00e9 rozd\u00edly mezi nimi a investovan\u00e9 zdroje.<\/p>\n\n\n\n<p>Takto m\u016f\u017eete rozhodnout, kter\u00fd z t\u011bchto technologick\u00fdch gigant\u016f vede z\u00e1vod.<\/p>\n\n\n\n<h2 class=\"wp-block-heading\">Za\u010d\u00e1tek ka\u017ed\u00e9ho podnik\u00e1n\u00ed<\/h2>\n\n\n\n<h3 class=\"wp-block-heading\">Waymo<\/h3>\n\n\n\n<p>Waymo, dce\u0159in\u00e1 spole\u010dnost Alphabet Inc. (mate\u0159sk\u00e9 spole\u010dnosti Googlu), byla zalo\u017eena v roce 2009.<\/p>\n\n\n\n<p>Od sam\u00e9ho za\u010d\u00e1tku je posl\u00e1n\u00edm spole\u010dnosti Waymo zvy\u0161ovat bezpe\u010dnost a dostupnost silnic prost\u0159ednictv\u00edm technologie autonomn\u00edch vozidel.<\/p>\n\n\n\n<p>Spole\u010dnost za\u010d\u00ednala jako projekt samo\u0159\u00edd\u00edc\u00edch voz\u016f spole\u010dnosti Google a v pr\u016fb\u011bhu let vyvinula n\u011bkter\u00e9 z nejmodern\u011bj\u0161\u00edch technologi\u00ed autonomn\u00edho \u0159\u00edzen\u00ed na sv\u011bt\u011b.<\/p>\n\n\n\n<h3 class=\"wp-block-heading\">Tesla<\/h3>\n\n\n\n<p>Teslu naopak v roce 2003 zalo\u017eil Elon Musk s p\u016fvodn\u00edm zam\u011b\u0159en\u00edm na elektromobily.<\/p>\n\n\n\n<p>Muskovou ambic\u00ed v\u017edy bylo urychlit sv\u011btov\u00fd p\u0159echod na udr\u017eitelnou energii.<\/p>\n\n\n\n<p>Od roku 2014 za\u010dala Tesla do sv\u00fdch vozidel za\u010dle\u0148ovat technologii autonomn\u00edho \u0159\u00edzen\u00ed a tuto iniciativu nazvala \u201eAutopilot\u201c.<\/p>\n\n\n\n<p>Od t\u00e9 doby je Tesla dominantn\u00edm jm\u00e9nem jak na trhu s elektromobily, tak i ve v\u00fdvoji autonomn\u00edch vozidel.<\/p>\n\n\n\n<p><\/p>\n\n\n\n<hr class=\"wp-block-separator has-text-color has-luminous-vivid-orange-color has-alpha-channel-opacity has-luminous-vivid-orange-background-color has-background\"\/>\n\n\n\n<h2 class=\"wp-block-heading\">\u010ct\u011bte tak\u00e9:<\/h2>\n\n\n\n<div class=\"wp-block-columns is-layout-flex wp-container-core-columns-layout-1 wp-block-columns-is-layout-flex\">\n<div class=\"wp-block-column is-layout-flow wp-block-column-is-layout-flow\">\n<div class=\"wp-block-buttons is-layout-flex wp-block-buttons-is-layout-flex\">\n<div class=\"wp-block-button has-custom-width wp-block-button__width-100 has-custom-font-size has-medium-font-size\" style=\"text-decoration:none\"><a class=\"wp-block-button__link has-white-color has-vivid-cyan-blue-background-color has-text-color has-background has-link-color has-text-align-left wp-element-button\" href=\"https:\/\/universofamilia.com\/cs\/5893\/acelera-tu-celular-despierta-tu-productividad\/\" style=\"border-radius:10px\" target=\"_blank\" rel=\"noreferrer noopener\"><font style=\"vertical-align: inherit;\"><font style=\"vertical-align: inherit;\">\ud83d\udccc Zrychlete sv\u016fj mobiln\u00ed telefon<\/font><\/font> &gt;<\/a><\/div>\n\n\n\n<div class=\"wp-block-button has-custom-width wp-block-button__width-100 has-custom-font-size has-medium-font-size\" style=\"text-decoration:none\"><a class=\"wp-block-button__link has-white-color has-vivid-cyan-blue-background-color has-text-color has-background has-link-color has-text-align-left wp-element-button\" href=\"https:\/\/universofamilia.com\/cs\/5869\/descubre-quien-te-esta-observando-en-las-redes-sociales\/\" style=\"border-radius:10px\" target=\"_blank\" rel=\"noreferrer noopener\"><font style=\"vertical-align: inherit;\"><font style=\"vertical-align: inherit;\"><font style=\"vertical-align: inherit;\"><font style=\"vertical-align: inherit;\">\ud83d\udccc Kdo nav\u0161t\u00edvil v\u00e1\u0161 profil<\/font><\/font><\/font><\/font> &gt;<\/a><\/div>\n<\/div>\n<\/div>\n<\/div>\n\n\n\n<hr class=\"wp-block-separator has-text-color has-luminous-vivid-orange-color has-alpha-channel-opacity has-luminous-vivid-orange-background-color has-background\"\/>\n\n\n\n<p><\/p>\n\n\n\n<h2 class=\"wp-block-heading\">Technologick\u00e9 inovace<\/h2>\n\n\n\n<h3 class=\"wp-block-heading\">Waymo<\/h3>\n\n\n\n<p>Waymo vyu\u017e\u00edv\u00e1 pokro\u010dilou kombinaci senzor\u016f, v\u010detn\u011b LiDAR (detekce a zam\u011b\u0159ov\u00e1n\u00ed sv\u011btla), kamer a radar\u016f, k navigaci a mapov\u00e1n\u00ed prost\u0159ed\u00ed kolem vozidla.<\/p>\n\n\n\n<p>LiDAR je obzvl\u00e1\u0161t\u011b efektivn\u00ed p\u0159i vytv\u00e1\u0159en\u00ed detailn\u00edch 3D map, kter\u00e9 umo\u017e\u0148uj\u00ed autonomn\u00edm vozidl\u016fm \u201evid\u011bt\u201c sv\u00e9 okol\u00ed s milimetrovou p\u0159esnost\u00ed.<\/p>\n\n\n\n<p>Waymo nav\u00edc vyvinulo sofistikovan\u00fd software s um\u011blou inteligenc\u00ed, kter\u00fd se u\u010d\u00ed a p\u0159izp\u016fsobuje r\u016fzn\u00fdm j\u00edzdn\u00edm situac\u00edm.<\/p>\n\n\n\n<h3 class=\"wp-block-heading\">Tesla<\/h3>\n\n\n\n<p>Tesla vol\u00ed jin\u00fd p\u0159\u00edstup a zam\u011b\u0159uje se p\u0159edev\u0161\u00edm na kamery a radary pro sv\u00e9 autonomn\u00ed \u0159\u00edzen\u00ed.<\/p>\n\n\n\n<p>Elon Musk hlasit\u011b kritizuje LiDAR a tvrd\u00ed, \u017ee technologie je drah\u00e1 a zbyte\u010dn\u00e1.<\/p>\n\n\n\n<p>Tesla se m\u00edsto toho spol\u00e9h\u00e1 na pokro\u010dilou neuronovou s\u00ed\u0165 pro zpracov\u00e1n\u00ed z\u00e1znam\u016f z kamer, co\u017e umo\u017e\u0148uje syst\u00e9m\u016fm Autopilot a Full Self-Driving (FSD) neust\u00e1le se u\u010dit a zlep\u0161ovat prost\u0159ednictv\u00edm bezdr\u00e1tov\u00fdch aktualizac\u00ed softwaru.<\/p>\n\n\n\n<h2 class=\"wp-block-heading\">Hlavn\u00ed rozd\u00edly<\/h2>\n\n\n\n<h3 class=\"wp-block-heading\">Technologick\u00fd p\u0159\u00edstup<\/h3>\n\n\n\n<p>Hlavn\u00ed rozd\u00edl mezi Waymem a Teslou spo\u010d\u00edv\u00e1 v jejich technologick\u00e9m p\u0159\u00edstupu. Waymo investuje zna\u010dn\u00e9 prost\u0159edky do LiDARu, zat\u00edmco Tesla se spol\u00e9h\u00e1 na kamery a radar.<\/p>\n\n\n\n<p>To odr\u00e1\u017e\u00ed z\u00e1sadn\u011b odli\u0161nou filozofii o tom, jak by autonomn\u00ed vozidla m\u011bla \u201evid\u011bt\u201c sv\u011bt.<\/p>\n\n\n\n<h3 class=\"wp-block-heading\">\u00darove\u0148 autonomie<\/h3>\n\n\n\n<p>Spole\u010dnost Waymo testuje a provozuje flotily samo\u0159\u00edd\u00edc\u00edch tax\u00edk\u016f v americk\u00fdch m\u011bstech, jako je Phoenix v Arizon\u011b. Jej\u00ed vozidla jsou v ur\u010dit\u00fdch oblastech schopna provozu bez bezpe\u010dnostn\u00edho \u0159idi\u010de. Tesla na druhou stranu st\u00e1le vy\u017eaduje, aby \u0159idi\u010di byli kdykoli p\u0159ipraveni p\u0159evz\u00edt \u0159\u00edzen\u00ed, a to i s povolen\u00fdm pln\u011b samo\u0159\u00edd\u00edc\u00edm syst\u00e9mem.<\/p>\n\n\n\n<h3 class=\"wp-block-heading\">Obchodn\u00ed model<\/h3>\n\n\n\n<p>Waymo se zam\u011b\u0159uje na v\u00fdvoj samo\u0159\u00edd\u00edc\u00ed taxislu\u017eby, zat\u00edmco Tesla prod\u00e1v\u00e1 samo\u0159\u00edd\u00edc\u00ed vozidla p\u0159\u00edmo spot\u0159ebitel\u016fm.<\/p>\n\n\n\n<p>To znamen\u00e1, \u017ee u\u017eivatelsk\u00e1 zku\u0161enost s autonomn\u00ed technologi\u00ed Tesly je integrov\u00e1na do vlastnictv\u00ed vozu, zat\u00edmco Waymo je zalo\u017eeno na servisn\u00edm modelu.<\/p>\n\n\n\n<h2 class=\"wp-block-heading\">Investovan\u00e9 zdroje<\/h2>\n\n\n\n<h3 class=\"wp-block-heading\">Waymo<\/h3>\n\n\n\n<p>Waymo z\u00edskalo zna\u010dn\u00e9 investice od spole\u010dnosti Alphabet Inc. a dal\u0161\u00edch investor\u016f. Projekt t\u011b\u017e\u00ed z obrovsk\u00e9ho dostupn\u00e9ho kapit\u00e1lu spole\u010dnosti Alphabet a p\u0159\u00edstupu k nejmodern\u011bj\u0161\u00edm technologi\u00edm.<\/p>\n\n\n\n<p>Waymo tak\u00e9 spolupracuje s v\u00fdrobci automobil\u016f, aby integrovalo svou technologii do r\u016fzn\u00fdch platforem vozidel.<\/p>\n\n\n\n<h3 class=\"wp-block-heading\">Tesla<\/h3>\n\n\n\n<p>Tesla reinvestuje velkou \u010d\u00e1st sv\u00fdch zisk\u016f do v\u00fdzkumu a v\u00fdvoje technologie autonomn\u00edho \u0159\u00edzen\u00ed.<\/p>\n\n\n\n<p>Elon Musk \u010dasto zd\u016fraz\u0148uje, \u017ee v\u00fdvoj autopilota a pln\u011b autonomn\u00edho \u0159\u00edzen\u00ed je pro budoucnost spole\u010dnosti kl\u00ed\u010dov\u00fd.<\/p>\n\n\n\n<p>Tesla tak\u00e9 vyu\u017e\u00edv\u00e1 data z milion\u016f kilometr\u016f najet\u00fdch jej\u00edmi vozidly k neust\u00e1l\u00e9mu vylep\u0161ov\u00e1n\u00ed sv\u00fdch autonomn\u00edch syst\u00e9m\u016f.<\/p>\n\n\n<div class=\"wp-block-image\">\n<figure class=\"aligncenter size-full\"><img loading=\"lazy\" decoding=\"async\" width=\"550\" height=\"350\" src=\"http:\/\/universofamilia.com\/wp-content\/uploads\/sites\/148\/2024\/07\/P-550x350-6-1.jpg\" alt=\"\" class=\"wp-image-6272\" srcset=\"https:\/\/universofamilia.com\/wp-content\/uploads\/sites\/148\/2024\/07\/P-550x350-6-1.jpg 550w, https:\/\/universofamilia.com\/wp-content\/uploads\/sites\/148\/2024\/07\/P-550x350-6-1-300x191.jpg 300w\" sizes=\"(max-width: 550px) 100vw, 550px\" \/><figcaption class=\"wp-element-caption\">Kdo vyhraje tento spor? Waymo nebo Tesla?<\/figcaption><\/figure><\/div>\n\n\n<h2 class=\"wp-block-heading\">Kdo je ve veden\u00ed?<\/h2>\n\n\n\n<p>Odpov\u011b\u010f na tuto ot\u00e1zku z\u00e1vis\u00ed na krit\u00e9ri\u00edch pou\u017eit\u00fdch k m\u011b\u0159en\u00ed \u00fasp\u011bchu.<\/p>\n\n\n\n<p>Pokud jde o \u010distou technologii a bezpe\u010dnost, lze Waymo pova\u017eovat za l\u00eddra, zejm\u00e9na d\u00edky pokro\u010dil\u00e9mu vyu\u017eit\u00ed LiDARu a autonomn\u00edmu provozu taxislu\u017eby v americk\u00fdch m\u011bstech.<\/p>\n\n\n\n<p>Tesla je v\u0161ak v\u0161eobecn\u011b uzn\u00e1v\u00e1na pro sv\u016fj inovativn\u00ed p\u0159\u00edstup a schopnost rychle nasazovat aktualizace softwaru pro zlep\u0161en\u00ed autonomn\u00ed funk\u010dnosti sv\u00fdch vozidel.<\/p>\n\n\n\n<h3 class=\"wp-block-heading\">Odkazy pro v\u00edce informac\u00ed<\/h3>\n\n\n\n<ul>\n<li><a href=\"https:\/\/waymo.com\" target=\"_blank\" rel=\"noreferrer noopener\">Waymo<\/a><\/li>\n\n\n\n<li><a href=\"https:\/\/tesla.com\" target=\"_blank\" rel=\"noreferrer noopener\">Tesla<\/a><\/li>\n<\/ul>\n\n\n\n<h2 class=\"wp-block-heading\">Z\u00e1v\u011br<\/h2>\n\n\n\n<p>Waymo i Tesla posouvaj\u00ed hranice technologie autonomn\u00edch vozidel, ale s odli\u0161n\u00fdmi p\u0159\u00edstupy a strategiemi.<\/p>\n\n\n\n<p>Waymo se zam\u011b\u0159uje na bezpe\u010dnost a p\u0159esnost s vyu\u017eit\u00edm LiDAR a autonomn\u00edch tax\u00edk\u016f, zat\u00edmco Tesla se zam\u011b\u0159uje na efektivitu a \u0161k\u00e1lovatelnost s kamerami a radary integrovan\u00fdmi do spot\u0159ebitelsk\u00fdch vozidel.<\/p>\n\n\n\n<p>Kdo v t\u00e9to bitv\u011b nakonec vyhraje, je st\u00e1le ot\u00e1zkou, ale pokra\u010duj\u00edc\u00ed pokrok obou spole\u010dnost\u00ed slibuje vzru\u0161uj\u00edc\u00ed budoucnost autonomn\u00ed mobility.<\/p>\n\n\n\n<p>Sd\u00edlejte tento \u010dl\u00e1nek se sv\u00fdmi p\u0159\u00e1teli, a\u0165 se v\u0161ichni dozv\u00ed v\u00edce o t\u00e9to fascinuj\u00edc\u00ed technologick\u00e9 sout\u011b\u017ei!<\/p>","protected":false},"excerpt":{"rendered":"<p>Z\u00e1vod ve v\u00fdvoji autonomn\u00edch vozidel je jednou z nejnap\u00ednav\u011bj\u0161\u00edch technologick\u00fdch bitev posledn\u00edch let. Mezi hlavn\u00ed konkurenty pat\u0159\u00ed Waymo a Tesla. Ob\u011b spole\u010dnosti stoj\u00ed v pop\u0159ed\u00ed t\u00e9to revoluce, ale s pom\u011brn\u011b odli\u0161n\u00fdmi p\u0159\u00edstupy a strategiemi. V tomto \u010dl\u00e1nku prozkoum\u00e1me trajektorie Wayma a [\u2026]<\/p>","protected":false},"author":0,"featured_media":6272,"comment_status":"closed","ping_status":"open","sticky":false,"template":"","format":"standard","meta":{"footnotes":""},"categories":[5],"tags":[22,26,27],"yoast_head":"<!-- This site is optimized with the Yoast SEO plugin v23.3 - https:\/\/yoast.com\/wordpress\/plugins\/seo\/ -->\n<title>\u00bfQui\u00e9n Gana esta Disputa? \u00bfWaymo o Tesla? - Universo Fam\u00edlia<\/title>\n<meta name=\"description\" content=\"\u00bfQui\u00e9n Gana esta Disputa? \u00bfWaymo o Tesla?. La carrera por el desarrollo de veh\u00edculos aut\u00f3nomos ha sido una de las disputas tecnol\u00f3gicas...\" \/>\n<meta name=\"robots\" content=\"index, follow, max-snippet:-1, max-image-preview:large, max-video-preview:-1\" \/>\n<link rel=\"canonical\" href=\"http:\/\/universofamilia.com\/cs\/quien-gana-esta-disputa-waymo-o-tesla\/\" \/>\n<meta property=\"og:locale\" content=\"cs_CZ\" \/>\n<meta property=\"og:type\" content=\"article\" \/>\n<meta property=\"og:title\" content=\"\u00bfQui\u00e9n Gana esta Disputa? \u00bfWaymo o Tesla? - Universo Fam\u00edlia\" \/>\n<meta property=\"og:description\" content=\"\u00bfQui\u00e9n Gana esta Disputa? \u00bfWaymo o Tesla?. La carrera por el desarrollo de veh\u00edculos aut\u00f3nomos ha sido una de las disputas tecnol\u00f3gicas...\" \/>\n<meta property=\"og:url\" content=\"http:\/\/universofamilia.com\/cs\/quien-gana-esta-disputa-waymo-o-tesla\/\" \/>\n<meta property=\"og:site_name\" content=\"Universo Fam\u00edlia\" \/>\n<meta property=\"article:published_time\" content=\"2024-07-16T16:04:00+00:00\" \/>\n<meta property=\"og:image\" content=\"http:\/\/universofamilia.com\/wp-content\/uploads\/sites\/148\/2024\/07\/P-550x350-6-1.jpg\" \/>\n\t<meta property=\"og:image:width\" content=\"550\" \/>\n\t<meta property=\"og:image:height\" content=\"350\" \/>\n\t<meta property=\"og:image:type\" content=\"image\/jpeg\" \/>\n<meta name=\"twitter:card\" content=\"summary_large_image\" \/>\n<meta name=\"twitter:label1\" content=\"Est. reading time\" \/>\n\t<meta name=\"twitter:data1\" content=\"6 minut\" \/>\n<script type=\"application\/ld+json\" class=\"yoast-schema-graph\">{\"@context\":\"https:\/\/schema.org\",\"@graph\":[{\"@type\":\"WebPage\",\"@id\":\"http:\/\/universofamilia.com\/ru\/quien-gana-esta-disputa-waymo-o-tesla\/\",\"url\":\"http:\/\/universofamilia.com\/ru\/quien-gana-esta-disputa-waymo-o-tesla\/\",\"name\":\"\u00bfQui\u00e9n Gana esta Disputa? \u00bfWaymo o Tesla? - Universo Fam\u00edlia\",\"isPartOf\":{\"@id\":\"http:\/\/universofamilia.com\/zh_hk\/#website\"},\"primaryImageOfPage\":{\"@id\":\"http:\/\/universofamilia.com\/ru\/quien-gana-esta-disputa-waymo-o-tesla\/#primaryimage\"},\"image\":{\"@id\":\"http:\/\/universofamilia.com\/ru\/quien-gana-esta-disputa-waymo-o-tesla\/#primaryimage\"},\"thumbnailUrl\":\"https:\/\/universofamilia.com\/wp-content\/uploads\/sites\/148\/2024\/07\/P-550x350-6-1.jpg\",\"datePublished\":\"2024-07-16T16:04:00+00:00\",\"dateModified\":\"2024-07-16T16:04:00+00:00\",\"author\":{\"@id\":\"\"},\"description\":\"\u00bfQui\u00e9n Gana esta Disputa? \u00bfWaymo o Tesla?. La carrera por el desarrollo de veh\u00edculos aut\u00f3nomos ha sido una de las disputas tecnol\u00f3gicas...\",\"breadcrumb\":{\"@id\":\"http:\/\/universofamilia.com\/ru\/quien-gana-esta-disputa-waymo-o-tesla\/#breadcrumb\"},\"inLanguage\":\"cs\",\"potentialAction\":[{\"@type\":\"ReadAction\",\"target\":[\"http:\/\/universofamilia.com\/ru\/quien-gana-esta-disputa-waymo-o-tesla\/\"]}]},{\"@type\":\"ImageObject\",\"inLanguage\":\"cs\",\"@id\":\"http:\/\/universofamilia.com\/ru\/quien-gana-esta-disputa-waymo-o-tesla\/#primaryimage\",\"url\":\"https:\/\/universofamilia.com\/wp-content\/uploads\/sites\/148\/2024\/07\/P-550x350-6-1.jpg\",\"contentUrl\":\"https:\/\/universofamilia.com\/wp-content\/uploads\/sites\/148\/2024\/07\/P-550x350-6-1.jpg\",\"width\":550,\"height\":350,\"caption\":\"\u00bfQui\u00e9n Gana esta Disputa? \u00bfWaymo o Tesla?\"},{\"@type\":\"BreadcrumbList\",\"@id\":\"http:\/\/universofamilia.com\/ru\/quien-gana-esta-disputa-waymo-o-tesla\/#breadcrumb\",\"itemListElement\":[{\"@type\":\"ListItem\",\"position\":1,\"name\":\"Home\",\"item\":\"http:\/\/universofamilia.com\/zh_hk\/\"},{\"@type\":\"ListItem\",\"position\":2,\"name\":\"\u00bfQui\u00e9n Gana esta Disputa? \u00bfWaymo o Tesla?\"}]},{\"@type\":\"WebSite\",\"@id\":\"http:\/\/universofamilia.com\/zh_hk\/#website\",\"url\":\"http:\/\/universofamilia.com\/zh_hk\/\",\"name\":\"Universo Fam\u00edlia\",\"description\":\"\",\"potentialAction\":[{\"@type\":\"SearchAction\",\"target\":{\"@type\":\"EntryPoint\",\"urlTemplate\":\"http:\/\/universofamilia.com\/zh_hk\/?s={search_term_string}\"},\"query-input\":\"required name=search_term_string\"}],\"inLanguage\":\"cs\"}]}<\/script>\n<!-- \/ Yoast SEO plugin. -->","yoast_head_json":{"title":"\u00bfQui\u00e9n Gana esta Disputa? \u00bfWaymo o Tesla? - Universo Fam\u00edlia","description":"\u00bfQui\u00e9n Gana esta Disputa? \u00bfWaymo o Tesla?. La carrera por el desarrollo de veh\u00edculos aut\u00f3nomos ha sido una de las disputas tecnol\u00f3gicas...","robots":{"index":"index","follow":"follow","max-snippet":"max-snippet:-1","max-image-preview":"max-image-preview:large","max-video-preview":"max-video-preview:-1"},"canonical":"http:\/\/universofamilia.com\/cs\/quien-gana-esta-disputa-waymo-o-tesla\/","og_locale":"cs_CZ","og_type":"article","og_title":"\u00bfQui\u00e9n Gana esta Disputa? \u00bfWaymo o Tesla? - Universo Fam\u00edlia","og_description":"\u00bfQui\u00e9n Gana esta Disputa? \u00bfWaymo o Tesla?. La carrera por el desarrollo de veh\u00edculos aut\u00f3nomos ha sido una de las disputas tecnol\u00f3gicas...","og_url":"http:\/\/universofamilia.com\/cs\/quien-gana-esta-disputa-waymo-o-tesla\/","og_site_name":"Universo Fam\u00edlia","article_published_time":"2024-07-16T16:04:00+00:00","og_image":[{"width":550,"height":350,"url":"http:\/\/universofamilia.com\/wp-content\/uploads\/sites\/148\/2024\/07\/P-550x350-6-1.jpg","type":"image\/jpeg"}],"twitter_card":"summary_large_image","twitter_misc":{"Est. reading time":"6 minut"},"schema":{"@context":"https:\/\/schema.org","@graph":[{"@type":"WebPage","@id":"http:\/\/universofamilia.com\/ru\/quien-gana-esta-disputa-waymo-o-tesla\/","url":"http:\/\/universofamilia.com\/ru\/quien-gana-esta-disputa-waymo-o-tesla\/","name":"\u00bfQui\u00e9n Gana esta Disputa? \u00bfWaymo o Tesla? - Universo Fam\u00edlia","isPartOf":{"@id":"http:\/\/universofamilia.com\/zh_hk\/#website"},"primaryImageOfPage":{"@id":"http:\/\/universofamilia.com\/ru\/quien-gana-esta-disputa-waymo-o-tesla\/#primaryimage"},"image":{"@id":"http:\/\/universofamilia.com\/ru\/quien-gana-esta-disputa-waymo-o-tesla\/#primaryimage"},"thumbnailUrl":"https:\/\/universofamilia.com\/wp-content\/uploads\/sites\/148\/2024\/07\/P-550x350-6-1.jpg","datePublished":"2024-07-16T16:04:00+00:00","dateModified":"2024-07-16T16:04:00+00:00","author":{"@id":""},"description":"\u00bfQui\u00e9n Gana esta Disputa? \u00bfWaymo o Tesla?. La carrera por el desarrollo de veh\u00edculos aut\u00f3nomos ha sido una de las disputas tecnol\u00f3gicas...","breadcrumb":{"@id":"http:\/\/universofamilia.com\/ru\/quien-gana-esta-disputa-waymo-o-tesla\/#breadcrumb"},"inLanguage":"cs","potentialAction":[{"@type":"ReadAction","target":["http:\/\/universofamilia.com\/ru\/quien-gana-esta-disputa-waymo-o-tesla\/"]}]},{"@type":"ImageObject","inLanguage":"cs","@id":"http:\/\/universofamilia.com\/ru\/quien-gana-esta-disputa-waymo-o-tesla\/#primaryimage","url":"https:\/\/universofamilia.com\/wp-content\/uploads\/sites\/148\/2024\/07\/P-550x350-6-1.jpg","contentUrl":"https:\/\/universofamilia.com\/wp-content\/uploads\/sites\/148\/2024\/07\/P-550x350-6-1.jpg","width":550,"height":350,"caption":"\u00bfQui\u00e9n Gana esta Disputa? \u00bfWaymo o Tesla?"},{"@type":"BreadcrumbList","@id":"http:\/\/universofamilia.com\/ru\/quien-gana-esta-disputa-waymo-o-tesla\/#breadcrumb","itemListElement":[{"@type":"ListItem","position":1,"name":"Home","item":"http:\/\/universofamilia.com\/zh_hk\/"},{"@type":"ListItem","position":2,"name":"\u00bfQui\u00e9n Gana esta Disputa? \u00bfWaymo o Tesla?"}]},{"@type":"WebSite","@id":"http:\/\/universofamilia.com\/zh_hk\/#website","url":"http:\/\/universofamilia.com\/zh_hk\/","name":"Universo Fam\u00edlia","description":"","potentialAction":[{"@type":"SearchAction","target":{"@type":"EntryPoint","urlTemplate":"http:\/\/universofamilia.com\/zh_hk\/?s={search_term_string}"},"query-input":"required name=search_term_string"}],"inLanguage":"cs"}]}},"_links":{"self":[{"href":"https:\/\/universofamilia.com\/cs\/wp-json\/wp\/v2\/posts\/6271"}],"collection":[{"href":"https:\/\/universofamilia.com\/cs\/wp-json\/wp\/v2\/posts"}],"about":[{"href":"https:\/\/universofamilia.com\/cs\/wp-json\/wp\/v2\/types\/post"}],"replies":[{"embeddable":true,"href":"https:\/\/universofamilia.com\/cs\/wp-json\/wp\/v2\/comments?post=6271"}],"version-history":[{"count":0,"href":"https:\/\/universofamilia.com\/cs\/wp-json\/wp\/v2\/posts\/6271\/revisions"}],"wp:featuredmedia":[{"embeddable":true,"href":"https:\/\/universofamilia.com\/cs\/wp-json\/wp\/v2\/media\/6272"}],"wp:attachment":[{"href":"https:\/\/universofamilia.com\/cs\/wp-json\/wp\/v2\/media?parent=6271"}],"wp:term":[{"taxonomy":"category","embeddable":true,"href":"https:\/\/universofamilia.com\/cs\/wp-json\/wp\/v2\/categories?post=6271"},{"taxonomy":"post_tag","embeddable":true,"href":"https:\/\/universofamilia.com\/cs\/wp-json\/wp\/v2\/tags?post=6271"}],"curies":[{"name":"wp","href":"https:\/\/api.w.org\/{rel}","templated":true}]}}