{"id":6627,"date":"2024-09-27T14:40:30","date_gmt":"2024-09-27T17:40:30","guid":{"rendered":"https:\/\/universofamilia.com\/?p=6627"},"modified":"2024-09-27T14:40:30","modified_gmt":"2024-09-27T17:40:30","slug":"aplicacion-para-saber-quien-visito-tu-perfil","status":"publish","type":"post","link":"https:\/\/universofamilia.com\/cs\/aplicacion-para-saber-quien-visito-tu-perfil\/","title":{"rendered":"Aplikace pro zji\u0161t\u011bn\u00ed, kdo nav\u0161t\u00edvil v\u00e1\u0161 profil"},"content":{"rendered":"<p>P\u0159em\u00fd\u0161leli jste n\u011bkdy o tom, kdo nav\u0161t\u00edvil v\u00e1\u0161 profil na soci\u00e1ln\u00edch s\u00edt\u00edch?<\/p>\n\n\n\n<p>V\u011bd\u011bt, kdo m\u00e1 p\u0159\u00edstup k va\u0161im informac\u00edm, m\u016f\u017ee b\u00fdt z\u00e1sadn\u00ed, a to jak pro ochranu va\u0161eho soukrom\u00ed, tak pro udr\u017een\u00ed p\u0159ehledu o tom, co se kolem v\u00e1s d\u011bje.<\/p>\n\n\n\n<p>Nyn\u00ed existuj\u00ed aplikace, kter\u00e9 v\u00e1m umo\u017e\u0148uj\u00ed snadno sledovat toto a poskytuj\u00ed v\u00e1m jasn\u00fd a aktu\u00e1ln\u00ed p\u0159ehled o tom, kdo si prohl\u00ed\u017e\u00ed v\u00e1\u0161 profil.<\/p>\n\n\n\n<p>To je nejen u\u017eite\u010dn\u00e9 pro zamezen\u00ed ne\u017e\u00e1douc\u00edch interakc\u00ed, ale tak\u00e9 z\u00e1sadn\u00ed pro zaji\u0161t\u011bn\u00ed va\u0161\u00ed online bezpe\u010dnosti a soukrom\u00ed.<\/p>\n\n\n\n<p>Dnes prozkoum\u00e1me dv\u011b z nejlep\u0161\u00edch dostupn\u00fdch aplikac\u00ed, kter\u00e9 v\u00e1m pomohou zjistit, kdo nav\u0161t\u00edvil v\u00e1\u0161 profil: <strong>Sledova\u010d soci\u00e1ln\u00edch s\u00edt\u00ed<\/strong> a <strong>Sledova\u010d soci\u00e1ln\u00edch s\u00edt\u00ed<\/strong>.<\/p>\n\n\n\n<p><\/p>\n\n\n\n<hr class=\"wp-block-separator has-text-color has-luminous-vivid-orange-color has-alpha-channel-opacity has-luminous-vivid-orange-background-color has-background\"\/>\n\n\n\n<h2 class=\"wp-block-heading\">\u010ct\u011bte tak\u00e9:<\/h2>\n\n\n\n<div class=\"wp-block-columns is-layout-flex wp-container-core-columns-layout-1 wp-block-columns-is-layout-flex\">\n<div class=\"wp-block-column is-layout-flow wp-block-column-is-layout-flow\">\n<div class=\"wp-block-buttons is-layout-flex wp-block-buttons-is-layout-flex\">\n<div class=\"wp-block-button has-custom-width wp-block-button__width-100 is-style-outline\" style=\"text-decoration:none\"><a class=\"wp-block-button__link has-white-color has-vivid-cyan-blue-background-color has-text-color has-background has-link-color has-text-align-left wp-element-button\" href=\"https:\/\/universofamilia.com\/cs\/5893\/acelera-tu-celular-despierta-tu-productividad\/\" style=\"border-radius:10px\"><font style=\"vertical-align: inherit;\"><font style=\"vertical-align: inherit;\">\ud83d\udccc Zrychlete sv\u016fj mobiln\u00ed telefon<\/font><\/font> &gt;<\/a><\/div>\n\n\n\n<div class=\"wp-block-button has-custom-width wp-block-button__width-100 is-style-outline\" style=\"text-decoration:none\"><a class=\"wp-block-button__link has-white-color has-vivid-cyan-blue-background-color has-text-color has-background has-link-color has-text-align-left wp-element-button\" href=\"https:\/\/universofamilia.com\/cs\/5869\/descubre-quien-te-esta-observando-en-las-redes-sociales\/\" style=\"border-radius:10px\">\ud83d\udccc Kdo nav\u0161t\u00edvil v\u00e1\u0161 profil<\/a><\/div>\n\n\n\n<div class=\"wp-block-button has-custom-width wp-block-button__width-100 is-style-outline\" style=\"text-decoration:none\"><a class=\"wp-block-button__link has-white-color has-vivid-cyan-blue-background-color has-text-color has-background has-link-color has-text-align-left wp-element-button\" href=\"https:\/\/universofamilia.com\/cs\/6414\/aplicaciones-para-limpiar-el-celular-y-aumentar-espacio\/\" style=\"border-radius:10px\">\ud83d\udcbe Aplikace pro zv\u011bt\u0161en\u00ed prostoru<\/a><\/div>\n\n\n\n<div class=\"wp-block-button has-custom-width wp-block-button__width-100 is-style-outline\" style=\"text-decoration:none\"><a class=\"wp-block-button__link has-white-color has-vivid-cyan-blue-background-color has-text-color has-background has-link-color has-text-align-left wp-element-button\" href=\"https:\/\/universofamilia.com\/cs\/6568\/aprende-mecanica-automotriz-aplicacion\/\" style=\"border-radius:10px\">\ud83d\udccc Nau\u010dte se automechaniku s aplikac\u00ed<\/a><\/div>\n<\/div>\n<\/div>\n<\/div>\n\n\n\n<hr class=\"wp-block-separator has-text-color has-luminous-vivid-orange-color has-alpha-channel-opacity has-luminous-vivid-orange-background-color has-background\"\/>\n\n\n\n<p><\/p>\n\n\n\n<h2 class=\"wp-block-heading\">Pro\u010d je d\u016fle\u017eit\u00e9 v\u011bd\u011bt, kdo si prohl\u00ed\u017eel v\u00e1\u0161 profil? \ud83e\udd14<\/h2>\n\n\n\n<p>M\u00edt kontrolu nad t\u00edm, kdo p\u0159istupuje k va\u0161emu profilu na soci\u00e1ln\u00edch s\u00edt\u00edch, nab\u00edz\u00ed mnoho v\u00fdhod, zejm\u00e9na v dob\u011b, kdy je online soukrom\u00ed neust\u00e1l\u00fdm probl\u00e9mem.<\/p>\n\n\n\n<p>V\u011bd\u011bt, kdo si prohl\u00ed\u017e\u00ed va\u0161e p\u0159\u00edsp\u011bvky nebo p\u0159istupuje k va\u0161im informac\u00edm, v\u00e1m umo\u017e\u0148uje odhalit potenci\u00e1ln\u011b podez\u0159elou aktivitu, zlep\u0161it va\u0161e interakce a p\u0159edev\u0161\u00edm se chr\u00e1nit p\u0159ed potenci\u00e1ln\u00edmi hrozbami nebo naru\u0161en\u00edm soukrom\u00ed.<\/p>\n\n\n\n<p>D\u00edky znalosti t\u011bchto informac\u00ed m\u016f\u017eete podniknout preventivn\u00ed kroky, pokud si v\u0161imnete n\u011b\u010deho neobvykl\u00e9ho.<\/p>\n\n\n\n<p>Tyto aplikace poskytuj\u00ed dal\u0161\u00ed vrstvu zabezpe\u010den\u00ed, kter\u00e1 v\u00e1m pom\u00e1h\u00e1 udr\u017eovat kontrolu nad va\u0161imi online interakcemi a chr\u00e1nit va\u0161i digit\u00e1ln\u00ed p\u0159\u00edtomnost. \ud83c\udf10<\/p>\n\n\n\n<p><\/p>\n\n\n\n<hr class=\"wp-block-separator has-text-color has-vivid-purple-color has-alpha-channel-opacity has-vivid-purple-background-color has-background\"\/>\n\n\n\n<h2 class=\"wp-block-heading\">Exkluzivn\u00ed, bezplatn\u00fd obsah ve va\u0161em e-mailu!<\/h2>\n\n\n\n<ul class=\"wp-block-list\">\n<li style=\"font-style:normal;font-weight:500\" class=\"has-medium-font-size\">Z\u00edskejte v\u0161echny novinky;<\/li>\n\n\n\n<li style=\"font-style:normal;font-weight:500\" class=\"has-medium-font-size\">Neuv\u011b\u0159iteln\u00fd obsah ve va\u0161\u00ed dlani;<\/li>\n\n\n\n<li style=\"font-style:normal;font-weight:500\" class=\"has-medium-font-size\">P\u0159ihlaste se k odb\u011bru.<\/li>\n<\/ul>\n\n\n\n<div class=\"wp-block-media-text is-stacked-on-mobile is-vertically-aligned-center has-vivid-red-color has-text-color has-link-color wp-elements-f65c0b9eaa40a3cda7f58392480b43a2\" style=\"grid-template-columns:40% auto\"><figure class=\"wp-block-media-text__media\"><img loading=\"lazy\" decoding=\"async\" width=\"256\" height=\"256\" src=\"http:\/\/universofamilia.com\/wp-content\/uploads\/sites\/148\/2024\/09\/RECEBA-E-MAIL-1.png\" alt=\"Registrace e-mailu\" class=\"wp-image-6592 size-full\" srcset=\"https:\/\/universofamilia.com\/wp-content\/uploads\/sites\/148\/2024\/09\/RECEBA-E-MAIL-1.png 256w, https:\/\/universofamilia.com\/wp-content\/uploads\/sites\/148\/2024\/09\/RECEBA-E-MAIL-1-150x150.png 150w\" sizes=\"(max-width: 256px) 100vw, 256px\" \/><\/figure><div class=\"wp-block-media-text__content\">\n\n\n\n<p><\/p>\n<\/div><\/div>\n\n\n\n<hr class=\"wp-block-separator has-text-color has-vivid-purple-color has-alpha-channel-opacity has-vivid-purple-background-color has-background is-style-wide\"\/>\n\n\n\n<p><\/p>\n\n\n\n<h2 class=\"wp-block-heading\">Sledov\u00e1n\u00ed n\u00e1v\u0161t\u011bv va\u0161eho profilu \ud83d\udcc8<\/h2>\n\n\n\n<p>S aplikacemi, kter\u00e9 v\u00e1m n\u00ed\u017ee p\u0159edstavujeme, m\u016f\u017eete snadno sledovat, kdo nav\u0161t\u00edvil v\u00e1\u0161 profil.<\/p>\n\n\n\n<p>Sta\u010d\u00ed jen p\u00e1r kliknut\u00ed a budete m\u00edt p\u0159\u00edstup k upozorn\u011bn\u00edm v re\u00e1ln\u00e9m \u010dase, kter\u00e1 v\u00e1s informuj\u00ed o tom, kdo si v\u00e1\u0161 profil ned\u00e1vno prohl\u00ed\u017eel.<\/p>\n\n\n\n<p>To v\u00e1m nejen d\u00e1v\u00e1 v\u011bt\u0161\u00ed kontrolu, ale tak\u00e9 v\u00e1m umo\u017e\u0148uje zas\u00e1hnout, pokud zjist\u00edte jakoukoli neobvyklou aktivitu.<\/p>\n\n\n\n<h2 class=\"wp-block-heading\">Hlavn\u00ed vlastnosti aplikac\u00ed \ud83d\udd27<\/h2>\n\n\n\n<p>N\u00ed\u017ee uveden\u00e9 aplikace nab\u00edzej\u00ed snadno pou\u017eiteln\u00e9 funkce a zaji\u0161\u0165uj\u00ed efektivn\u00ed pou\u017e\u00edv\u00e1n\u00ed.<\/p>\n\n\n\n<p>Budete moci dost\u00e1vat ozn\u00e1men\u00ed v re\u00e1ln\u00e9m \u010dase, m\u00edt p\u0159\u00edstup k podrobn\u00fdm p\u0159ehled\u016fm a p\u0159izp\u016fsobit si soukrom\u00ed profilu podle sv\u00fdch pot\u0159eb.<\/p>\n\n\n\n<h2 class=\"wp-block-heading\"><strong>Sledova\u010d soci\u00e1ln\u00edch s\u00edt\u00ed<\/strong>Zabezpe\u010den\u00ed a kontrola na dosah ruky \ud83d\udd10<\/h2>\n\n\n\n<p><strong>Sledova\u010d soci\u00e1ln\u00edch s\u00edt\u00ed<\/strong> Je to dal\u0161\u00ed v\u00fdkonn\u00e1 mo\u017enost pro ty, kte\u0159\u00ed cht\u011bj\u00ed m\u00edt kontrolu nad t\u00edm, kdo p\u0159istupuje k jejich profil\u016fm na soci\u00e1ln\u00edch s\u00edt\u00edch. Krom\u011b monitorov\u00e1n\u00ed v re\u00e1ln\u00e9m \u010dase v\u00e1m tato aplikace umo\u017e\u0148uje nastavit si vlastn\u00ed upozorn\u011bn\u00ed, co\u017e v\u00e1m poskytuje je\u0161t\u011b v\u011bt\u0161\u00ed soukrom\u00ed a zabezpe\u010den\u00ed. \ud83d\udca1<\/p>\n\n\n\n<h4 class=\"wp-block-heading\">V\u00fdhody:<\/h4>\n\n\n\n<ul class=\"wp-block-list\">\n<li><strong>Vlastn\u00ed upozorn\u011bn\u00ed<\/strong>: Nastavte si konkr\u00e9tn\u00ed ozn\u00e1men\u00ed pro osoby, kter\u00e9 chcete podrobn\u011bji sledovat.<\/li>\n\n\n\n<li><strong>V\u011bt\u0161\u00ed bezpe\u010dnost<\/strong>Chra\u0148te sv\u016fj profil a z\u00edskejte p\u0159ehledy o tom, kdo m\u00e1 p\u0159\u00edstup k va\u0161im informac\u00edm.<\/li>\n\n\n\n<li><strong>\u0160irok\u00e1 kompatibilita<\/strong>Funguje s v\u00edce platformami soci\u00e1ln\u00edch m\u00e9di\u00ed a roz\u0161i\u0159uje tak va\u0161i ochranu.<\/li>\n<\/ul>\n\n\n\n<h4 class=\"wp-block-heading\">U\u017eivatelsk\u00e9 recenze:<\/h4>\n\n\n\n<ol class=\"wp-block-list\">\n<li>\u201eNikdy jsem nem\u011bl\/a pocit, \u017ee m\u00e1m sv\u016fj profil l\u00e9pe pod kontrolou ne\u017e te\u010f se Social Trackerem. V\u0159ele doporu\u010duji!\u201c \u2014 \u2b50\u2b50\u2b50\u2b50\u2b50<\/li>\n\n\n\n<li>\u201ePersonalizovan\u00e1 upozorn\u011bn\u00ed jsou obrovskou v\u00fdhodou. Te\u010f m\u016f\u017eu snadno sledovat, kdo sleduje m\u016fj profil.\u201c \u2014 \u2b50\u2b50\u2b50\u2b50\u2b50<\/li>\n\n\n\n<li>\u201eJe velmi snadno pou\u017eiteln\u00e1 a super efektivn\u00ed. Jedna z nejlep\u0161\u00edch aplikac\u00ed, kter\u00e9 jsem vyzkou\u0161el!\u201c \u2014 \u2b50\u2b50\u2b50\u2b50\u2b50<\/li>\n<\/ol>\n\n\n\n<p><strong>Odkazy ke sta\u017een\u00ed<\/strong>:<\/p>\n\n\n\n<div class=\"wp-block-columns is-layout-flex wp-container-core-columns-layout-2 wp-block-columns-is-layout-flex\">\n<div class=\"wp-block-column is-layout-flow wp-block-column-is-layout-flow\">\n<div class=\"wp-block-buttons is-layout-flex wp-block-buttons-is-layout-flex\">\n<div class=\"wp-block-button has-custom-width wp-block-button__width-100\" style=\"text-decoration:none\"><a class=\"wp-block-button__link has-white-color has-text-color has-background has-link-color has-text-align-left wp-element-button\" href=\"https:\/\/play.google.com\/store\/apps\/details?id=com.mobiversite.lookAtMe&amp;hl=pt_BR\" style=\"border-radius:10px;background-color:#aea4e0\" target=\"_blank\" rel=\"noreferrer noopener\"><strong><font style=\"vertical-align: inherit;\"><font style=\"vertical-align: inherit;\">\ud83d\udce5 <\/font><\/font>P\u0159\u00edstup k Google Play: Sledov\u00e1n\u00ed soci\u00e1ln\u00edch s\u00edt\u00ed<\/strong> <strong>pro Android<\/strong><\/a><\/div>\n\n\n\n<div class=\"wp-block-button has-custom-width wp-block-button__width-100\" style=\"text-decoration:none\"><a class=\"wp-block-button__link has-white-color has-text-color has-background has-link-color has-text-align-left wp-element-button\" href=\"https:\/\/apps.apple.com\/br\/app\/social-tracker\/id1189139278\" style=\"border-radius:10px;background-color:#d0d0d0\" target=\"_blank\" rel=\"noreferrer noopener\"><mark style=\"background-color:rgba(0, 0, 0, 0)\" class=\"has-inline-color has-black-color\"><strong>\ud83d\udce5 P\u0159\u00edstup do Apple Storu: Sledov\u00e1n\u00ed soci\u00e1ln\u00edch s\u00edt\u00ed<\/strong><\/mark> <mark style=\"background-color:rgba(0, 0, 0, 0)\" class=\"has-inline-color has-black-color\"><strong>pro iOS<\/strong><\/mark><\/a><\/div>\n<\/div>\n<\/div>\n<\/div>\n\n\n\n<hr class=\"wp-block-separator has-alpha-channel-opacity\"\/>\n\n\n\n<h2 class=\"wp-block-heading\">Co \u0159\u00edkaj\u00ed u\u017eivatel\u00e9? \ud83d\udcac<\/h2>\n\n\n\n<p>Tolik <strong>Sledova\u010d soci\u00e1ln\u00edch s\u00edt\u00ed<\/strong> jako <strong>Sledova\u010d soci\u00e1ln\u00edch s\u00edt\u00ed<\/strong> Z\u00edskaly vynikaj\u00edc\u00ed recenze od u\u017eivatel\u016f, kte\u0159\u00ed zd\u016fraz\u0148uj\u00ed snadnost pou\u017eit\u00ed a efektivitu t\u011bchto aplikac\u00ed p\u0159i poskytov\u00e1n\u00ed pot\u0159ebn\u00fdch informac\u00ed a ochran\u011b jejich soukrom\u00ed.<\/p>\n\n\n\n<p>Ozn\u00e1men\u00ed v re\u00e1ln\u00e9m \u010dase jsou kl\u00ed\u010dovou funkc\u00ed, kterou si u\u017eivatel\u00e9 vysoce cen\u00ed, proto\u017ee jim umo\u017e\u0148uj\u00ed v\u011bt\u0161\u00ed kontrolu nad t\u00edm, kdo p\u0159istupuje k jejich profil\u016fm.<\/p>\n\n\n\n<p>Tyto aplikace nejen spl\u0148uj\u00ed to, co slibuj\u00ed, ale tak\u00e9 poskytuj\u00ed dal\u0161\u00ed \u00farove\u0148 ochrany a klidu, kter\u00e9 dnes mnoho u\u017eivatel\u016f pova\u017euje za nezbytn\u00e9.<\/p>\n\n\n<div class=\"wp-block-image\">\n<figure class=\"aligncenter size-full\"><img loading=\"lazy\" decoding=\"async\" width=\"550\" height=\"350\" src=\"http:\/\/universofamilia.com\/wp-content\/uploads\/sites\/148\/2024\/09\/P-550x350-2-11.jpg\" alt=\"\" class=\"wp-image-6628\" srcset=\"https:\/\/universofamilia.com\/wp-content\/uploads\/sites\/148\/2024\/09\/P-550x350-2-11.jpg 550w, https:\/\/universofamilia.com\/wp-content\/uploads\/sites\/148\/2024\/09\/P-550x350-2-11-300x191.jpg 300w\" sizes=\"(max-width: 550px) 100vw, 550px\" \/><figcaption class=\"wp-element-caption\">Aplikace pro zji\u0161t\u011bn\u00ed, kdo nav\u0161t\u00edvil v\u00e1\u0161 profil<\/figcaption><\/figure><\/div>\n\n\n<h2 class=\"wp-block-heading\">Z\u00e1v\u011br: Z\u016fsta\u0148te chr\u00e1n\u011bni a dob\u0159e informovan\u00ed \ud83d\udea8<\/h2>\n\n\n\n<p>V\u011bd\u011bt, kdo nav\u0161t\u00edvil v\u00e1\u0161 profil, je v\u00edc ne\u017e jen zv\u011bdavost, je to ot\u00e1zka bezpe\u010dnosti a kontroly.<\/p>\n\n\n\n<p>S <strong>Sledova\u010d soci\u00e1ln\u00edch s\u00edt\u00ed<\/strong> a <strong>Sledova\u010d soci\u00e1ln\u00edch s\u00edt\u00ed<\/strong>, budete m\u00edt n\u00e1stroje, kter\u00e9 pot\u0159ebujete ke sledov\u00e1n\u00ed sv\u00fdch interakc\u00ed a zaji\u0161t\u011bn\u00ed ochrany va\u0161eho soukrom\u00ed.<\/p>\n\n\n\n<p>Tyto aplikace nejen pom\u00e1haj\u00ed chr\u00e1nit va\u0161e data, ale tak\u00e9 zvy\u0161uj\u00ed d\u016fv\u011bru u\u017eivatel\u016f v platformy.<\/p>\n\n\n\n<p>To je kl\u00ed\u010dov\u00fd bod pro inzerenty, kte\u0159\u00ed si cen\u00ed reklamn\u00edho prostoru na webech s vysokou \u00farovn\u00ed zabezpe\u010den\u00ed a zapojen\u00ed u\u017eivatel\u016f.<\/p>\n\n\n\n<p>Vytv\u00e1\u0159en\u00edm obsahu, kter\u00fd p\u0159il\u00e1k\u00e1 v\u00edce n\u00e1v\u0161t\u011bvn\u00edk\u016f, z\u00edsk\u00e1te ze sv\u00e9ho reklamn\u00edho prostoru je\u0161t\u011b v\u011bt\u0161\u00ed hodnotu. \ud83d\udee1\ufe0f<\/p>\n\n\n\n<p>Pokud chcete m\u00edt kontrolu nad t\u00edm, kdo p\u0159istupuje k va\u0161im informac\u00edm, jsou tyto aplikace tou nejlep\u0161\u00ed volbou.<\/p>\n\n\n\n<p>A nezapome\u0148te sd\u00edlet tento p\u0159\u00edsp\u011bvek s p\u0159\u00e1teli, kte\u0159\u00ed si tak\u00e9 pot\u0159ebuj\u00ed chr\u00e1nit sv\u016fj profil. \ud83d\ude04<\/p>\n\n\n\n<h2 class=\"wp-block-heading\">\u010casto kladen\u00e9 ot\u00e1zky: Ochrana a zabezpe\u010den\u00ed<\/h2>\n\n\n\n<p><strong>Jsou aplikace, kter\u00e9 sleduj\u00ed n\u00e1v\u0161t\u011bvy m\u00e9ho profilu, bezpe\u010dn\u00e9?<\/strong><br>Ano, pokud pou\u017e\u00edv\u00e1te aplikace z d\u016fv\u011bryhodn\u00fdch zdroj\u016f, jako jsou ty dostupn\u00e9 na Google Play nebo Apple Storu. Je tak\u00e9 d\u016fle\u017eit\u00e9 si prohl\u00e9dnout opr\u00e1vn\u011bn\u00ed, kter\u00e1 aplikace po\u017eaduj\u00ed, abyste chr\u00e1nili sv\u00e9 soukrom\u00ed.<\/p>\n\n\n\n<p><strong>Mohou ostatn\u00ed u\u017eivatel\u00e9 v\u011bd\u011bt, \u017ee sleduji, kdo nav\u0161t\u011bvuje m\u016fj profil?<\/strong><br>Ne, tyto aplikace funguj\u00ed diskr\u00e9tn\u011b a u\u017eivatel\u00e9, kte\u0159\u00ed nav\u0161t\u00edv\u00ed v\u00e1\u0161 profil, nebudou v\u011bd\u011bt, \u017ee je sledujete.<\/p>\n\n\n\n<p><strong>Je leg\u00e1ln\u00ed pou\u017e\u00edvat aplikace k zji\u0161t\u011bn\u00ed, kdo nav\u0161t\u00edvil m\u016fj profil?<\/strong><br>Ano, pokud jsou pou\u017e\u00edv\u00e1ny v souladu s podm\u00ednkami platformy, na kter\u00e9 m\u00e1te sv\u016fj profil. Je v\u0161ak d\u016fle\u017eit\u00e9 neporu\u0161ovat z\u00e1sady ochrany osobn\u00edch \u00fadaj\u016f ostatn\u00edch u\u017eivatel\u016f.<\/p>\n\n\n\n<p><strong>Mohu si p\u0159izp\u016fsobit ozn\u00e1men\u00ed, kter\u00e1 dost\u00e1v\u00e1m?<\/strong><br>Ano, aplikace jako Social Tracker v\u00e1m umo\u017e\u0148uj\u00ed nastavit vlastn\u00ed upozorn\u011bn\u00ed pro sledov\u00e1n\u00ed n\u00e1v\u0161t\u011bv konkr\u00e9tn\u00edch lid\u00ed nebo pro p\u0159\u00edjem ozn\u00e1men\u00ed v re\u00e1ln\u00e9m \u010dase.<\/p>","protected":false},"excerpt":{"rendered":"<p>\u00bfTe has preguntado alguna vez qui\u00e9n ha visitado tu perfil en las redes sociales? Conocer qui\u00e9n accede a tu informaci\u00f3n puede ser crucial, tanto para proteger tu privacidad como para mantenerte al tanto de lo que sucede a tu alrededor. Actualmente, existen aplicaciones que te permiten hacer este seguimiento de manera sencilla, ofreci\u00e9ndote una visi\u00f3n [&hellip;]<\/p>","protected":false},"author":0,"featured_media":6628,"comment_status":"closed","ping_status":"open","sticky":false,"template":"","format":"standard","meta":{"footnotes":""},"categories":[2],"tags":[24,25,152],"yoast_head":"<!-- This site is optimized with the Yoast SEO plugin v23.3 - https:\/\/yoast.com\/wordpress\/plugins\/seo\/ -->\n<title>Aplicaci\u00f3n para Saber Qui\u00e9n Visit\u00f3 tu Perfil - Universo Fam\u00edlia<\/title>\n<meta name=\"description\" content=\"Aplicaci\u00f3n para Saber Qui\u00e9n Visit\u00f3 tu Perfil. \u00bfTe has preguntado alguna vez qui\u00e9n ha visitado tu perfil en las redes sociales?...\" \/>\n<meta name=\"robots\" content=\"index, follow, max-snippet:-1, max-image-preview:large, max-video-preview:-1\" \/>\n<link rel=\"canonical\" href=\"https:\/\/universofamilia.com\/cs\/aplicacion-para-saber-quien-visito-tu-perfil\/\" \/>\n<meta property=\"og:locale\" content=\"cs_CZ\" \/>\n<meta property=\"og:type\" content=\"article\" \/>\n<meta property=\"og:title\" content=\"Aplicaci\u00f3n para Saber Qui\u00e9n Visit\u00f3 tu Perfil - Universo Fam\u00edlia\" \/>\n<meta property=\"og:description\" content=\"Aplicaci\u00f3n para Saber Qui\u00e9n Visit\u00f3 tu Perfil. \u00bfTe has preguntado alguna vez qui\u00e9n ha visitado tu perfil en las redes sociales?...\" \/>\n<meta property=\"og:url\" content=\"https:\/\/universofamilia.com\/cs\/aplicacion-para-saber-quien-visito-tu-perfil\/\" \/>\n<meta property=\"og:site_name\" content=\"Universo Fam\u00edlia\" \/>\n<meta property=\"article:published_time\" content=\"2024-09-27T17:40:30+00:00\" \/>\n<meta property=\"og:image\" content=\"https:\/\/universofamilia.com\/wp-content\/uploads\/sites\/148\/2024\/09\/P-550x350-2-11.jpg\" \/>\n\t<meta property=\"og:image:width\" content=\"550\" \/>\n\t<meta property=\"og:image:height\" content=\"350\" \/>\n\t<meta property=\"og:image:type\" content=\"image\/jpeg\" \/>\n<meta name=\"twitter:card\" content=\"summary_large_image\" \/>\n<meta name=\"twitter:label1\" content=\"Est. reading time\" \/>\n\t<meta name=\"twitter:data1\" content=\"6 minut\" \/>\n<script type=\"application\/ld+json\" class=\"yoast-schema-graph\">{\"@context\":\"https:\/\/schema.org\",\"@graph\":[{\"@type\":\"WebPage\",\"@id\":\"https:\/\/universofamilia.com\/da\/aplicacion-para-saber-quien-visito-tu-perfil\/\",\"url\":\"https:\/\/universofamilia.com\/da\/aplicacion-para-saber-quien-visito-tu-perfil\/\",\"name\":\"Aplicaci\u00f3n para Saber Qui\u00e9n Visit\u00f3 tu Perfil - Universo Fam\u00edlia\",\"isPartOf\":{\"@id\":\"https:\/\/universofamilia.com\/el\/#website\"},\"primaryImageOfPage\":{\"@id\":\"https:\/\/universofamilia.com\/da\/aplicacion-para-saber-quien-visito-tu-perfil\/#primaryimage\"},\"image\":{\"@id\":\"https:\/\/universofamilia.com\/da\/aplicacion-para-saber-quien-visito-tu-perfil\/#primaryimage\"},\"thumbnailUrl\":\"https:\/\/universofamilia.com\/wp-content\/uploads\/sites\/148\/2024\/09\/P-550x350-2-11.jpg\",\"datePublished\":\"2024-09-27T17:40:30+00:00\",\"dateModified\":\"2024-09-27T17:40:30+00:00\",\"author\":{\"@id\":\"\"},\"description\":\"Aplicaci\u00f3n para Saber Qui\u00e9n Visit\u00f3 tu Perfil. \u00bfTe has preguntado alguna vez qui\u00e9n ha visitado tu perfil en las redes sociales?...\",\"breadcrumb\":{\"@id\":\"https:\/\/universofamilia.com\/da\/aplicacion-para-saber-quien-visito-tu-perfil\/#breadcrumb\"},\"inLanguage\":\"cs\",\"potentialAction\":[{\"@type\":\"ReadAction\",\"target\":[\"https:\/\/universofamilia.com\/da\/aplicacion-para-saber-quien-visito-tu-perfil\/\"]}]},{\"@type\":\"ImageObject\",\"inLanguage\":\"cs\",\"@id\":\"https:\/\/universofamilia.com\/da\/aplicacion-para-saber-quien-visito-tu-perfil\/#primaryimage\",\"url\":\"https:\/\/universofamilia.com\/wp-content\/uploads\/sites\/148\/2024\/09\/P-550x350-2-11.jpg\",\"contentUrl\":\"https:\/\/universofamilia.com\/wp-content\/uploads\/sites\/148\/2024\/09\/P-550x350-2-11.jpg\",\"width\":550,\"height\":350,\"caption\":\"Aplicaci\u00f3n para Saber Qui\u00e9n Visit\u00f3 tu Perfil\"},{\"@type\":\"BreadcrumbList\",\"@id\":\"https:\/\/universofamilia.com\/da\/aplicacion-para-saber-quien-visito-tu-perfil\/#breadcrumb\",\"itemListElement\":[{\"@type\":\"ListItem\",\"position\":1,\"name\":\"Home\",\"item\":\"https:\/\/universofamilia.com\/el\/\"},{\"@type\":\"ListItem\",\"position\":2,\"name\":\"Aplicaci\u00f3n para Saber Qui\u00e9n Visit\u00f3 tu Perfil\"}]},{\"@type\":\"WebSite\",\"@id\":\"https:\/\/universofamilia.com\/el\/#website\",\"url\":\"https:\/\/universofamilia.com\/el\/\",\"name\":\"Universo Fam\u00edlia\",\"description\":\"\",\"potentialAction\":[{\"@type\":\"SearchAction\",\"target\":{\"@type\":\"EntryPoint\",\"urlTemplate\":\"https:\/\/universofamilia.com\/el\/?s={search_term_string}\"},\"query-input\":\"required name=search_term_string\"}],\"inLanguage\":\"cs\"}]}<\/script>\n<!-- \/ Yoast SEO plugin. -->","yoast_head_json":{"title":"Aplicaci\u00f3n para Saber Qui\u00e9n Visit\u00f3 tu Perfil - Universo Fam\u00edlia","description":"Aplicaci\u00f3n para Saber Qui\u00e9n Visit\u00f3 tu Perfil. \u00bfTe has preguntado alguna vez qui\u00e9n ha visitado tu perfil en las redes sociales?...","robots":{"index":"index","follow":"follow","max-snippet":"max-snippet:-1","max-image-preview":"max-image-preview:large","max-video-preview":"max-video-preview:-1"},"canonical":"https:\/\/universofamilia.com\/cs\/aplicacion-para-saber-quien-visito-tu-perfil\/","og_locale":"cs_CZ","og_type":"article","og_title":"Aplicaci\u00f3n para Saber Qui\u00e9n Visit\u00f3 tu Perfil - Universo Fam\u00edlia","og_description":"Aplicaci\u00f3n para Saber Qui\u00e9n Visit\u00f3 tu Perfil. \u00bfTe has preguntado alguna vez qui\u00e9n ha visitado tu perfil en las redes sociales?...","og_url":"https:\/\/universofamilia.com\/cs\/aplicacion-para-saber-quien-visito-tu-perfil\/","og_site_name":"Universo Fam\u00edlia","article_published_time":"2024-09-27T17:40:30+00:00","og_image":[{"width":550,"height":350,"url":"https:\/\/universofamilia.com\/wp-content\/uploads\/sites\/148\/2024\/09\/P-550x350-2-11.jpg","type":"image\/jpeg"}],"twitter_card":"summary_large_image","twitter_misc":{"Est. reading time":"6 minut"},"schema":{"@context":"https:\/\/schema.org","@graph":[{"@type":"WebPage","@id":"https:\/\/universofamilia.com\/da\/aplicacion-para-saber-quien-visito-tu-perfil\/","url":"https:\/\/universofamilia.com\/da\/aplicacion-para-saber-quien-visito-tu-perfil\/","name":"Aplicaci\u00f3n para Saber Qui\u00e9n Visit\u00f3 tu Perfil - Universo Fam\u00edlia","isPartOf":{"@id":"https:\/\/universofamilia.com\/el\/#website"},"primaryImageOfPage":{"@id":"https:\/\/universofamilia.com\/da\/aplicacion-para-saber-quien-visito-tu-perfil\/#primaryimage"},"image":{"@id":"https:\/\/universofamilia.com\/da\/aplicacion-para-saber-quien-visito-tu-perfil\/#primaryimage"},"thumbnailUrl":"https:\/\/universofamilia.com\/wp-content\/uploads\/sites\/148\/2024\/09\/P-550x350-2-11.jpg","datePublished":"2024-09-27T17:40:30+00:00","dateModified":"2024-09-27T17:40:30+00:00","author":{"@id":""},"description":"Aplicaci\u00f3n para Saber Qui\u00e9n Visit\u00f3 tu Perfil. \u00bfTe has preguntado alguna vez qui\u00e9n ha visitado tu perfil en las redes sociales?...","breadcrumb":{"@id":"https:\/\/universofamilia.com\/da\/aplicacion-para-saber-quien-visito-tu-perfil\/#breadcrumb"},"inLanguage":"cs","potentialAction":[{"@type":"ReadAction","target":["https:\/\/universofamilia.com\/da\/aplicacion-para-saber-quien-visito-tu-perfil\/"]}]},{"@type":"ImageObject","inLanguage":"cs","@id":"https:\/\/universofamilia.com\/da\/aplicacion-para-saber-quien-visito-tu-perfil\/#primaryimage","url":"https:\/\/universofamilia.com\/wp-content\/uploads\/sites\/148\/2024\/09\/P-550x350-2-11.jpg","contentUrl":"https:\/\/universofamilia.com\/wp-content\/uploads\/sites\/148\/2024\/09\/P-550x350-2-11.jpg","width":550,"height":350,"caption":"Aplicaci\u00f3n para Saber Qui\u00e9n Visit\u00f3 tu Perfil"},{"@type":"BreadcrumbList","@id":"https:\/\/universofamilia.com\/da\/aplicacion-para-saber-quien-visito-tu-perfil\/#breadcrumb","itemListElement":[{"@type":"ListItem","position":1,"name":"Home","item":"https:\/\/universofamilia.com\/el\/"},{"@type":"ListItem","position":2,"name":"Aplicaci\u00f3n para Saber Qui\u00e9n Visit\u00f3 tu Perfil"}]},{"@type":"WebSite","@id":"https:\/\/universofamilia.com\/el\/#website","url":"https:\/\/universofamilia.com\/el\/","name":"Universo Fam\u00edlia","description":"","potentialAction":[{"@type":"SearchAction","target":{"@type":"EntryPoint","urlTemplate":"https:\/\/universofamilia.com\/el\/?s={search_term_string}"},"query-input":"required name=search_term_string"}],"inLanguage":"cs"}]}},"_links":{"self":[{"href":"https:\/\/universofamilia.com\/cs\/wp-json\/wp\/v2\/posts\/6627"}],"collection":[{"href":"https:\/\/universofamilia.com\/cs\/wp-json\/wp\/v2\/posts"}],"about":[{"href":"https:\/\/universofamilia.com\/cs\/wp-json\/wp\/v2\/types\/post"}],"replies":[{"embeddable":true,"href":"https:\/\/universofamilia.com\/cs\/wp-json\/wp\/v2\/comments?post=6627"}],"version-history":[{"count":0,"href":"https:\/\/universofamilia.com\/cs\/wp-json\/wp\/v2\/posts\/6627\/revisions"}],"wp:featuredmedia":[{"embeddable":true,"href":"https:\/\/universofamilia.com\/cs\/wp-json\/wp\/v2\/media\/6628"}],"wp:attachment":[{"href":"https:\/\/universofamilia.com\/cs\/wp-json\/wp\/v2\/media?parent=6627"}],"wp:term":[{"taxonomy":"category","embeddable":true,"href":"https:\/\/universofamilia.com\/cs\/wp-json\/wp\/v2\/categories?post=6627"},{"taxonomy":"post_tag","embeddable":true,"href":"https:\/\/universofamilia.com\/cs\/wp-json\/wp\/v2\/tags?post=6627"}],"curies":[{"name":"wp","href":"https:\/\/api.w.org\/{rel}","templated":true}]}}