{"id":6630,"date":"2024-09-27T15:24:10","date_gmt":"2024-09-27T18:24:10","guid":{"rendered":"https:\/\/universofamilia.com\/?p=6630"},"modified":"2024-09-27T15:24:10","modified_gmt":"2024-09-27T18:24:10","slug":"te-para-combatir-insomnio-ansiedad","status":"publish","type":"post","link":"https:\/\/universofamilia.com\/cs\/te-para-combatir-insomnio-ansiedad\/","title":{"rendered":"\u010caj proti nespavosti a \u00fazkosti"},"content":{"rendered":"<p>Nespavost a \u00fazkost jsou probl\u00e9my, kter\u00e9 postihuj\u00ed miliony lid\u00ed po cel\u00e9m sv\u011bt\u011b.<\/p>\n\n\n\n<p>Hled\u00e1n\u00ed p\u0159\u00edrodn\u00edch \u0159e\u0161en\u00ed, jako jsou \u010daje, m\u016f\u017ee b\u00fdt skv\u011bl\u00fdm zp\u016fsobem, jak zlep\u0161it kvalitu sp\u00e1nku a efektivn\u011b a bez vedlej\u0161\u00edch \u00fa\u010dink\u016f sn\u00ed\u017eit stres.<\/p>\n\n\n\n<p>V tomto \u010dl\u00e1nku prozkoum\u00e1me v\u00fdhody \u010daj\u016f v boji proti nespavosti a \u00fazkosti a tak\u00e9 v\u00e1m p\u0159edstav\u00edme jejich aplikaci. <em>Uklidnit<\/em>, u\u017eite\u010dn\u00fd n\u00e1stroj pro relaxaci.<\/p>\n\n\n\n<p>Tak\u00e9 se s v\u00e1mi pod\u011bl\u00edme o snadno p\u0159ipraviteln\u00e9 recepty na \u010daje, kter\u00e9 v\u00e1m pomohou l\u00e9pe sp\u00e1t. \ud83c\udf75\ud83d\udca4<\/p>\n\n\n\n<p><\/p>\n\n\n\n<hr class=\"wp-block-separator has-text-color has-luminous-vivid-orange-color has-alpha-channel-opacity has-luminous-vivid-orange-background-color has-background\"\/>\n\n\n\n<h2 class=\"wp-block-heading\">\u010ct\u011bte tak\u00e9:<\/h2>\n\n\n\n<div class=\"wp-block-columns is-layout-flex wp-container-core-columns-layout-1 wp-block-columns-is-layout-flex\">\n<div class=\"wp-block-column is-layout-flow wp-block-column-is-layout-flow\">\n<div class=\"wp-block-buttons is-layout-flex wp-block-buttons-is-layout-flex\">\n<div class=\"wp-block-button has-custom-width wp-block-button__width-100 is-style-outline\" style=\"text-decoration:none\"><a class=\"wp-block-button__link has-white-color has-vivid-cyan-blue-background-color has-text-color has-background has-link-color has-text-align-left wp-element-button\" href=\"https:\/\/universofamilia.com\/cs\/5893\/acelera-tu-celular-despierta-tu-productividad\/\" style=\"border-radius:10px\"><font style=\"vertical-align: inherit;\"><font style=\"vertical-align: inherit;\">\ud83d\udccc Zrychlete sv\u016fj mobiln\u00ed telefon<\/font><\/font> &gt;<\/a><\/div>\n\n\n\n<div class=\"wp-block-button has-custom-width wp-block-button__width-100 is-style-outline\" style=\"text-decoration:none\"><a class=\"wp-block-button__link has-white-color has-vivid-cyan-blue-background-color has-text-color has-background has-link-color has-text-align-left wp-element-button\" href=\"https:\/\/universofamilia.com\/cs\/5869\/descubre-quien-te-esta-observando-en-las-redes-sociales\/\" style=\"border-radius:10px\">\ud83d\udccc Kdo nav\u0161t\u00edvil v\u00e1\u0161 profil<\/a><\/div>\n\n\n\n<div class=\"wp-block-button has-custom-width wp-block-button__width-100 is-style-outline\" style=\"text-decoration:none\"><a class=\"wp-block-button__link has-white-color has-vivid-cyan-blue-background-color has-text-color has-background has-link-color has-text-align-left wp-element-button\" href=\"https:\/\/universofamilia.com\/cs\/6414\/aplicaciones-para-limpiar-el-celular-y-aumentar-espacio\/\" style=\"border-radius:10px\">\ud83d\udcbe Aplikace pro zv\u011bt\u0161en\u00ed prostoru<\/a><\/div>\n\n\n\n<div class=\"wp-block-button has-custom-width wp-block-button__width-100 is-style-outline\" style=\"text-decoration:none\"><a class=\"wp-block-button__link has-white-color has-vivid-cyan-blue-background-color has-text-color has-background has-link-color has-text-align-left wp-element-button\" href=\"https:\/\/universofamilia.com\/cs\/6568\/aprende-mecanica-automotriz-aplicacion\/\" style=\"border-radius:10px\">\ud83d\udccc Nau\u010dte se automechaniku s aplikac\u00ed<\/a><\/div>\n<\/div>\n<\/div>\n<\/div>\n\n\n\n<hr class=\"wp-block-separator has-text-color has-luminous-vivid-orange-color has-alpha-channel-opacity has-luminous-vivid-orange-background-color has-background\"\/>\n\n\n\n<p><\/p>\n\n\n\n<h2 class=\"wp-block-heading\">V\u00fdhody \u010daj\u016f pro nespavost a \u00fazkost<\/h2>\n\n\n\n<p>Bylinn\u00e9 \u010daje jsou zn\u00e1m\u00e9 pro sv\u00e9 uklid\u0148uj\u00edc\u00ed a relaxa\u010dn\u00ed vlastnosti.<\/p>\n\n\n\n<p>Jsou cenov\u011b dostupnou a bezpe\u010dnou volbou pro ty, kte\u0159\u00ed cht\u011bj\u00ed zm\u00edrnit ka\u017edodenn\u00ed stres a zlep\u0161it si sp\u00e1nek.<\/p>\n\n\n\n<p>Rostliny pou\u017e\u00edvan\u00e9 v t\u011bchto \u010daj\u00edch obsahuj\u00ed p\u0159\u00edrodn\u00ed slou\u010deniny, kter\u00e9 pom\u00e1haj\u00ed uklidnit nervov\u00fd syst\u00e9m, uvolnit svaly a sn\u00ed\u017eit psychick\u00e9 nap\u011bt\u00ed.<\/p>\n\n\n<div class=\"wp-block-image\">\n<figure class=\"aligncenter size-full\"><img loading=\"lazy\" decoding=\"async\" width=\"550\" height=\"350\" src=\"http:\/\/universofamilia.com\/wp-content\/uploads\/sites\/148\/2024\/09\/P-550x350-3-12.jpg\" alt=\"\" class=\"wp-image-6632\" srcset=\"https:\/\/universofamilia.com\/wp-content\/uploads\/sites\/148\/2024\/09\/P-550x350-3-12.jpg 550w, https:\/\/universofamilia.com\/wp-content\/uploads\/sites\/148\/2024\/09\/P-550x350-3-12-300x191.jpg 300w\" sizes=\"(max-width: 550px) 100vw, 550px\" \/><figcaption class=\"wp-element-caption\">\u010caj proti nespavosti a \u00fazkosti<\/figcaption><\/figure><\/div>\n\n\n<h4 class=\"wp-block-heading\">Hlavn\u00ed v\u00fdhody \u010daj\u016f:<\/h4>\n\n\n\n<ul class=\"wp-block-list\">\n<li><strong>Du\u0161evn\u00ed relaxace<\/strong>Bylinky podporuj\u00ed pocit klidu a sni\u017euj\u00ed du\u0161evn\u00ed neklid.<\/li>\n\n\n\n<li><strong>Zlep\u0161en\u00fd sp\u00e1nek<\/strong>Pravideln\u00e9 pit\u00ed relaxa\u010dn\u00edch \u010daj\u016f m\u016f\u017ee dlouhodob\u011b zlep\u0161it kvalitu sp\u00e1nku.<\/li>\n\n\n\n<li><strong>Sn\u00ed\u017een\u00ed \u00fazkosti<\/strong>N\u011bkter\u00e9 \u010daje obsahuj\u00ed specifick\u00e9 slou\u010deniny, kter\u00e9 pom\u00e1haj\u00ed zm\u00edrnit p\u0159\u00edznaky \u00fazkosti.<\/li>\n\n\n\n<li><strong>P\u0159\u00edrodn\u00ed alternativa<\/strong>Ve srovn\u00e1n\u00ed s l\u00e9ky na p\u0159edpis jsou to l\u00e9ky bez vedlej\u0161\u00edch \u00fa\u010dink\u016f.<\/li>\n<\/ul>\n\n\n\n<h2 class=\"wp-block-heading\">Recept na \u010daj z kozl\u00edku l\u00e9ka\u0159sk\u00e9ho<\/h2>\n\n\n\n<p>Kozl\u00edk l\u00e9ka\u0159sk\u00fd je rostlina zn\u00e1m\u00e1 sv\u00fdmi p\u0159\u00edrodn\u00edmi sedativn\u00edmi vlastnostmi.<\/p>\n\n\n\n<p>Jeho \u010daj je ide\u00e1ln\u00ed pro ty, kte\u0159\u00ed trp\u00ed nespavost\u00ed, proto\u017ee pom\u00e1h\u00e1 navodit sp\u00e1nek a sni\u017eovat \u00fazkost.<\/p>\n\n\n\n<p><strong>Ingredience<\/strong>:<\/p>\n\n\n\n<ul class=\"wp-block-list\">\n<li>1 \u010dajov\u00e1 l\u017ei\u010dka su\u0161en\u00e9ho ko\u0159ene kozl\u00edku l\u00e9ka\u0159sk\u00e9ho<\/li>\n\n\n\n<li>250 ml hork\u00e9 vody<\/li>\n<\/ul>\n\n\n\n<p><strong>P\u0159\u00edprava<\/strong>:<\/p>\n\n\n\n<ol class=\"wp-block-list\">\n<li>P\u0159ive\u010fte vodu k varu a p\u0159idejte ko\u0159en kozl\u00edku l\u00e9ka\u0159sk\u00e9ho.<\/li>\n\n\n\n<li>Nechte to 10 minut odpo\u010dinout.<\/li>\n\n\n\n<li>Sce\u010fte a vypijte p\u0159ibli\u017en\u011b 30 minut p\u0159ed span\u00edm.<\/li>\n<\/ol>\n\n\n\n<p>Tento \u010daj by se m\u011bl konzumovat s m\u00edrou, proto\u017ee dlouhodob\u00e9 u\u017e\u00edv\u00e1n\u00ed m\u016f\u017ee zp\u016fsobit denn\u00ed ospalost.<\/p>\n\n\n\n<p>Mnoho lid\u00ed hl\u00e1s\u00ed zlep\u0161en\u00ed kvality sp\u00e1nku po t\u00fddnu pravideln\u00e9ho u\u017e\u00edv\u00e1n\u00ed.<\/p>\n\n\n\n<p><\/p>\n\n\n\n<hr class=\"wp-block-separator has-text-color has-vivid-purple-color has-alpha-channel-opacity has-vivid-purple-background-color has-background\"\/>\n\n\n\n<h2 class=\"wp-block-heading\">Exkluzivn\u00ed, bezplatn\u00fd obsah ve va\u0161em e-mailu!<\/h2>\n\n\n\n<ul class=\"wp-block-list\">\n<li style=\"font-style:normal;font-weight:500\" class=\"has-medium-font-size\">Z\u00edskejte v\u0161echny novinky;<\/li>\n\n\n\n<li style=\"font-style:normal;font-weight:500\" class=\"has-medium-font-size\">Neuv\u011b\u0159iteln\u00fd obsah ve va\u0161\u00ed dlani;<\/li>\n\n\n\n<li style=\"font-style:normal;font-weight:500\" class=\"has-medium-font-size\">P\u0159ihlaste se k odb\u011bru.<\/li>\n<\/ul>\n\n\n\n<div class=\"wp-block-media-text is-stacked-on-mobile is-vertically-aligned-center has-vivid-red-color has-text-color has-link-color wp-elements-f65c0b9eaa40a3cda7f58392480b43a2\" style=\"grid-template-columns:40% auto\"><figure class=\"wp-block-media-text__media\"><img loading=\"lazy\" decoding=\"async\" width=\"256\" height=\"256\" src=\"http:\/\/universofamilia.com\/wp-content\/uploads\/sites\/148\/2024\/09\/RECEBA-E-MAIL-1.png\" alt=\"Registrace e-mailu\" class=\"wp-image-6592 size-full\" srcset=\"https:\/\/universofamilia.com\/wp-content\/uploads\/sites\/148\/2024\/09\/RECEBA-E-MAIL-1.png 256w, https:\/\/universofamilia.com\/wp-content\/uploads\/sites\/148\/2024\/09\/RECEBA-E-MAIL-1-150x150.png 150w\" sizes=\"(max-width: 256px) 100vw, 256px\" \/><\/figure><div class=\"wp-block-media-text__content\">\n\n\n\n<p><\/p>\n<\/div><\/div>\n\n\n\n<hr class=\"wp-block-separator has-text-color has-vivid-purple-color has-alpha-channel-opacity has-vivid-purple-background-color has-background is-style-wide\"\/>\n\n\n\n<p><\/p>\n\n\n\n<h2 class=\"wp-block-heading\">Recept na levandulov\u00fd \u010daj<\/h2>\n\n\n\n<p>Levandule je dal\u0161\u00ed rostlina zn\u00e1m\u00e1 sv\u00fdmi relaxa\u010dn\u00edmi \u00fa\u010dinky. Jej\u00ed \u010daj je jemn\u00fd, aromatick\u00fd a pom\u00e1h\u00e1 zklidnit mysl, tak\u017ee je ide\u00e1ln\u00ed pro sn\u00ed\u017een\u00ed \u00fazkosti. \ud83c\udf38<\/p>\n\n\n\n<p><strong>Ingredience<\/strong>:<\/p>\n\n\n\n<ul class=\"wp-block-list\">\n<li>1 l\u017ei\u010dka su\u0161en\u00fdch kv\u011bt\u016f levandule<\/li>\n\n\n\n<li>250 ml hork\u00e9 vody<\/li>\n<\/ul>\n\n\n\n<p><strong>P\u0159\u00edprava<\/strong>:<\/p>\n\n\n\n<ol class=\"wp-block-list\">\n<li>P\u0159ive\u010fte vodu k varu a p\u0159idejte kv\u011bty levandule.<\/li>\n\n\n\n<li>Nechte to 5 a\u017e 7 minut odst\u00e1t.<\/li>\n\n\n\n<li>Sce\u010fte a ihned po p\u0159\u00edprav\u011b vypijte.<\/li>\n<\/ol>\n\n\n\n<p>Tento \u010daj lze u\u017e\u00edvat n\u011bkolikr\u00e1t denn\u011b, abyste udr\u017eeli \u00fazkost pod kontrolou a dos\u00e1hli trval\u00e9ho pocitu klidu.<\/p>\n\n\n\n<h2 class=\"wp-block-heading\">Recept na he\u0159m\u00e1nkov\u00fd \u010daj<\/h2>\n\n\n\n<p>He\u0159m\u00e1nkov\u00fd \u010daj je pravd\u011bpodobn\u011b nejzn\u00e1m\u011bj\u0161\u00ed pro sv\u00e9 uklid\u0148uj\u00edc\u00ed vlastnosti. Je jemn\u00fd, snadno se p\u0159ipravuje a je vhodn\u00fd pro v\u0161echny v\u011bkov\u00e9 kategorie. \ud83c\udf3c<\/p>\n\n\n\n<p><strong>Ingredience<\/strong>:<\/p>\n\n\n\n<ul class=\"wp-block-list\">\n<li>1 l\u017e\u00edce su\u0161en\u00fdch kv\u011bt\u016f he\u0159m\u00e1nku<\/li>\n\n\n\n<li>250 ml hork\u00e9 vody<\/li>\n<\/ul>\n\n\n\n<p><strong>P\u0159\u00edprava<\/strong>:<\/p>\n\n\n\n<ol class=\"wp-block-list\">\n<li>P\u0159idejte kv\u011bty he\u0159m\u00e1nku do hork\u00e9 vody.<\/li>\n\n\n\n<li>Nechte to 5 a\u017e 10 minut odpo\u010dinout.<\/li>\n\n\n\n<li>Sce\u010fte a vychutnejte si p\u0159ed span\u00edm.<\/li>\n<\/ol>\n\n\n\n<p>Tento \u010daj m\u00e1 okam\u017eit\u00fd relaxa\u010dn\u00ed \u00fa\u010dinek a je ide\u00e1ln\u00ed pro ty, kte\u0159\u00ed hledaj\u00ed rychl\u00e9 \u0159e\u0161en\u00ed pro uvoln\u011bn\u00ed p\u0159ed span\u00edm.<\/p>\n\n\n\n<h2 class=\"wp-block-heading\">Doporu\u010den\u00e1 aplikace: <em>Uklidnit<\/em><\/h2>\n\n\n\n<p>Krom\u011b \u010daj\u016f m\u016f\u017ee b\u00fdt skv\u011bl\u00fdm zp\u016fsobem, jak bojovat s nespavost\u00ed a \u00fazkost\u00ed, pou\u017e\u00edv\u00e1n\u00ed aplikac\u00ed zam\u011b\u0159en\u00fdch na relaxaci a wellness.<\/p>\n\n\n\n<p>Jednou z nejobl\u00edben\u011bj\u0161\u00edch aplikac\u00ed je <em>Uklidnit<\/em>, kter\u00e1 nab\u00edz\u00ed \u0159\u00edzen\u00e9 meditace, relaxa\u010dn\u00ed zvuky a dechov\u00e1 cvi\u010den\u00ed, je\u017e pom\u00e1haj\u00ed uklidnit mysl a zlep\u0161it kvalitu sp\u00e1nku. \ud83d\ude0c\ud83d\udcf1<\/p>\n\n\n\n<h4 class=\"wp-block-heading\">V\u00fdhody aplikace <em>Uklidnit<\/em>:<\/h4>\n\n\n\n<ul class=\"wp-block-list\">\n<li><strong>\u0158\u00edzen\u00e9 meditace<\/strong>: <em>Uklidnit<\/em> nab\u00edz\u00ed \u0159adu meditac\u00ed ur\u010den\u00fdch pro r\u016fzn\u00e9 pot\u0159eby, jako je sn\u00ed\u017een\u00ed stresu nebo zlep\u0161en\u00ed sp\u00e1nku.<\/li>\n\n\n\n<li><strong>Relaxa\u010dn\u00ed zvuky<\/strong>M\u016f\u017eete si vychutnat v\u00fdb\u011br p\u0159\u00edrodn\u00edch zvuk\u016f a klidn\u00fdch melodi\u00ed, kter\u00e9 doprovod\u00ed va\u0161i relaxaci.<\/li>\n\n\n\n<li><strong>Dechov\u00e1 cvi\u010den\u00ed<\/strong>Techniky \u0159\u00edzen\u00e9ho d\u00fdch\u00e1n\u00ed, kter\u00e9 pom\u00e1haj\u00ed uklidnit t\u011blo i mysl v dob\u00e1ch \u00fazkosti.<\/li>\n<\/ul>\n\n\n<div class=\"wp-block-image\">\n<figure class=\"aligncenter size-full\"><img loading=\"lazy\" decoding=\"async\" width=\"550\" height=\"350\" src=\"http:\/\/universofamilia.com\/wp-content\/uploads\/sites\/148\/2024\/09\/P-550x350-4-4.jpg\" alt=\"\" class=\"wp-image-6631\" srcset=\"https:\/\/universofamilia.com\/wp-content\/uploads\/sites\/148\/2024\/09\/P-550x350-4-4.jpg 550w, https:\/\/universofamilia.com\/wp-content\/uploads\/sites\/148\/2024\/09\/P-550x350-4-4-300x191.jpg 300w\" sizes=\"(max-width: 550px) 100vw, 550px\" \/><figcaption class=\"wp-element-caption\">\u010caj proti nespavosti a \u00fazkosti<\/figcaption><\/figure><\/div>\n\n\n<h3 class=\"wp-block-heading\">U\u017eivatelsk\u00e9 recenze<\/h3>\n\n\n\n<p>Toto jsou n\u011bkter\u00e9 z n\u00e1zor\u016f lid\u00ed, kte\u0159\u00ed aplikaci pou\u017e\u00edvali <em>Uklidnit<\/em>:<\/p>\n\n\n\n<ul class=\"wp-block-list\">\n<li><strong>Ana M. (Apple Store)<\/strong>On <em>Uklidnit<\/em> Zm\u011bnilo to zp\u016fsob, jak\u00fdm relaxuji. Te\u010f m\u016f\u017eu usnout mnohem rychleji a probudit se odpo\u010dat\u011bj\u0161\u00ed.\u201c \ud83c\udf1f\ud83c\udf1f\ud83c\udf1f\ud83c\udf1f\ud83c\udf1f<\/li>\n\n\n\n<li><strong>Carlos R. (Google Play)<\/strong>\u201eRelaxa\u010dn\u00ed zvuky a jednoduch\u00e9 rozhran\u00ed d\u011blaj\u00ed aplikaci velmi snadnou na pou\u017e\u00edv\u00e1n\u00ed. Moje \u00fazkost se zlep\u0161ila od doby, co ji za\u010d\u00edn\u00e1m pou\u017e\u00edvat.\u201c \ud83c\udf1f\ud83c\udf1f\ud83c\udf1f\ud83c\udf1f<\/li>\n\n\n\n<li><strong>Maria T. (Apple Store)<\/strong>\u201eDoporu\u010duji <em>Uklidnit<\/em> V\u0161em m\u00fdm p\u0159\u00e1tel\u016fm. Je to nezbytn\u00e1 sou\u010d\u00e1st m\u00e9 denn\u00ed rutiny, jak sn\u00ed\u017eit stres.\u201c \ud83c\udf1f\ud83c\udf1f\ud83c\udf1f\ud83c\udf1f\ud83c\udf1f<\/li>\n<\/ul>\n\n\n\n<h3 class=\"wp-block-heading\">Jak nainstalovat aplikaci<\/h3>\n\n\n\n<p><strong>Odkazy ke sta\u017een\u00ed<\/strong>:<\/p>\n\n\n\n<div class=\"wp-block-columns is-layout-flex wp-container-core-columns-layout-2 wp-block-columns-is-layout-flex\">\n<div class=\"wp-block-column is-layout-flow wp-block-column-is-layout-flow\">\n<div class=\"wp-block-buttons is-layout-flex wp-block-buttons-is-layout-flex\">\n<div class=\"wp-block-button has-custom-width wp-block-button__width-100\" style=\"text-decoration:none\"><a class=\"wp-block-button__link has-white-color has-text-color has-background has-link-color has-text-align-left wp-element-button\" href=\"https:\/\/play.google.com\/store\/apps\/details?id=com.calm.android&amp;hl=pt_BR\" style=\"border-radius:10px;background-color:#aea4e0\" target=\"_blank\" rel=\"noreferrer noopener\"><strong><font style=\"vertical-align: inherit;\"><font style=\"vertical-align: inherit;\">\ud83d\udce5 <\/font><\/font>P\u0159ej\u00edt na Google Play: Klid<\/strong> <strong>pro Android<\/strong><\/a><\/div>\n\n\n\n<div class=\"wp-block-button has-custom-width wp-block-button__width-100\" style=\"text-decoration:none\"><a class=\"wp-block-button__link has-white-color has-text-color has-background has-link-color has-text-align-left wp-element-button\" href=\"https:\/\/apps.apple.com\/br\/app\/calm-medita%C3%A7%C3%A3o-e-sono\/id571800810\" style=\"border-radius:10px;background-color:#d0d0d0\" target=\"_blank\" rel=\"noreferrer noopener\"><mark style=\"background-color:rgba(0, 0, 0, 0)\" class=\"has-inline-color has-black-color\"><strong>\ud83d\udce5 P\u0159\u00edstup do Apple Storu: Klid<\/strong><\/mark> <mark style=\"background-color:rgba(0, 0, 0, 0)\" class=\"has-inline-color has-black-color\"><strong>pro iOS<\/strong><\/mark><\/a><\/div>\n<\/div>\n<\/div>\n<\/div>\n\n\n\n<h2 class=\"wp-block-heading\">Z\u00e1v\u011br<\/h2>\n\n\n\n<p>\u010caje proti nespavosti a \u00fazkosti jsou p\u0159irozen\u00fdm a \u00fa\u010dinn\u00fdm \u0159e\u0161en\u00edm pro zlep\u0161en\u00ed kvality \u017eivota.<\/p>\n\n\n\n<p>V kombinaci s digit\u00e1ln\u00edmi n\u00e1stroji, jako je aplikace <em>Uklidnit<\/em>, m\u016f\u017ee m\u00edt velk\u00fd vliv na va\u0161i ka\u017edodenn\u00ed pohodu.<\/p>\n\n\n\n<p>Nev\u00e1hejte vyzkou\u0161et tyto recepty na \u010daj a vyu\u017e\u00edt je <em>Uklidnit<\/em> pro v\u011bt\u0161\u00ed relaxaci a klid. \ud83c\udf75\ud83d\udca4<\/p>\n\n\n\n<p>Pokud v\u00e1m tento \u010dl\u00e1nek pomohl, sd\u00edlejte ho pros\u00edm se sv\u00fdmi p\u0159\u00e1teli a rodinou!<\/p>\n\n\n\n<p>Zveme v\u00e1s tak\u00e9 k prozkoum\u00e1n\u00ed dal\u0161\u00edho obsahu na\u0161eho blogu, kde najdete dal\u0161\u00ed zp\u016fsoby, jak zlep\u0161it sv\u00e9 zdrav\u00ed a pohodu.<\/p>\n\n\n\n<h3 class=\"wp-block-heading\">\u010casto kladen\u00e9 ot\u00e1zky: V\u00fdhody pit\u00ed \u010daje<\/h3>\n\n\n\n<p><strong>Jak\u00fd je nejlep\u0161\u00ed \u010daj na boj s \u00fazkost\u00ed?<\/strong> He\u0159m\u00e1nkov\u00fd \u010daj a levandulov\u00fd \u010daj jsou vynikaj\u00edc\u00ed volbou pro \u00falevu od \u00fazkosti. Oba maj\u00ed uklid\u0148uj\u00edc\u00ed vlastnosti, kter\u00e9 pom\u00e1haj\u00ed uvolnit mysl i t\u011blo.<\/p>\n\n\n\n<p><strong>Pom\u00e1h\u00e1 pit\u00ed \u010daje p\u0159ed span\u00edm zlep\u0161it sp\u00e1nek?<\/strong> Ano, n\u011bkter\u00e9 \u010daje, jako nap\u0159\u00edklad kozl\u00edk l\u00e9ka\u0159sk\u00fd a he\u0159m\u00e1nkov\u00fd, maj\u00ed m\u00edrn\u00e9 sedativn\u00ed \u00fa\u010dinky, kter\u00e9 usnad\u0148uj\u00ed sp\u00e1nek a zlep\u0161uj\u00ed kvalitu odpo\u010dinku.<\/p>\n\n\n\n<p><strong>Je bezpe\u010dn\u00e9 p\u00edt kozl\u00edk l\u00e9ka\u0159sk\u00fd ka\u017ed\u00fd den?<\/strong> Kozl\u00edk l\u00e9ka\u0159sk\u00fd je bezpe\u010dn\u00fd p\u0159i um\u00edrn\u011bn\u00e9 konzumaci. Doporu\u010duje se v\u0161ak nekonzumovat ho p\u0159\u00edli\u0161 mnoho, proto\u017ee nadm\u011brn\u00e1 konzumace m\u016f\u017ee zp\u016fsobit denn\u00ed ospalost.<\/p>\n\n\n\n<p><\/p>\n\n\n\n<hr class=\"wp-block-separator has-text-color has-vivid-purple-color has-alpha-channel-opacity has-vivid-purple-background-color has-background\"\/>\n\n\n\n<h2 class=\"wp-block-heading\">Exkluzivn\u00ed, bezplatn\u00fd obsah ve va\u0161em e-mailu!<\/h2>\n\n\n\n<ul class=\"wp-block-list\">\n<li style=\"font-style:normal;font-weight:500\" class=\"has-medium-font-size\">Z\u00edskejte v\u0161echny novinky;<\/li>\n\n\n\n<li style=\"font-style:normal;font-weight:500\" class=\"has-medium-font-size\">Neuv\u011b\u0159iteln\u00fd obsah ve va\u0161\u00ed dlani;<\/li>\n\n\n\n<li style=\"font-style:normal;font-weight:500\" class=\"has-medium-font-size\">P\u0159ihlaste se k odb\u011bru.<\/li>\n<\/ul>\n\n\n\n<div class=\"wp-block-media-text is-stacked-on-mobile is-vertically-aligned-center has-vivid-red-color has-text-color has-link-color wp-elements-f65c0b9eaa40a3cda7f58392480b43a2\" style=\"grid-template-columns:40% auto\"><figure class=\"wp-block-media-text__media\"><img loading=\"lazy\" decoding=\"async\" width=\"256\" height=\"256\" src=\"http:\/\/universofamilia.com\/wp-content\/uploads\/sites\/148\/2024\/09\/RECEBA-E-MAIL-1.png\" alt=\"Registrace e-mailu\" class=\"wp-image-6592 size-full\" srcset=\"https:\/\/universofamilia.com\/wp-content\/uploads\/sites\/148\/2024\/09\/RECEBA-E-MAIL-1.png 256w, https:\/\/universofamilia.com\/wp-content\/uploads\/sites\/148\/2024\/09\/RECEBA-E-MAIL-1-150x150.png 150w\" sizes=\"(max-width: 256px) 100vw, 256px\" \/><\/figure><div class=\"wp-block-media-text__content\">\n\n\n\n<p><\/p>\n<\/div><\/div>\n\n\n\n<hr class=\"wp-block-separator has-text-color has-vivid-purple-color has-alpha-channel-opacity has-vivid-purple-background-color has-background is-style-wide\"\/>\n\n\n\n<p><\/p>","protected":false},"excerpt":{"rendered":"<p>El insomnio y la ansiedad son problemas que afectan a millones de personas en todo el mundo. Buscar soluciones naturales, como los t\u00e9s, puede ser una excelente manera de mejorar la calidad del sue\u00f1o y reducir el estr\u00e9s de manera efectiva y sin efectos secundarios. En este art\u00edculo, vamos a explorar los beneficios de los [&hellip;]<\/p>","protected":false},"author":0,"featured_media":6632,"comment_status":"closed","ping_status":"open","sticky":false,"template":"","format":"standard","meta":{"footnotes":""},"categories":[2],"tags":[581,1507],"yoast_head":"<!-- This site is optimized with the Yoast SEO plugin v23.3 - https:\/\/yoast.com\/wordpress\/plugins\/seo\/ -->\n<title>T\u00e9 para Combatir el Insomnio y la Ansiedad - Universo Fam\u00edlia<\/title>\n<meta name=\"description\" content=\"T\u00e9 para Combatir el Insomnio y la Ansiedad. El insomnio y la ansiedad son problemas que afectan a millones de personas en todo el mundo.\" \/>\n<meta name=\"robots\" content=\"index, follow, max-snippet:-1, max-image-preview:large, max-video-preview:-1\" \/>\n<link rel=\"canonical\" href=\"https:\/\/universofamilia.com\/cs\/te-para-combatir-insomnio-ansiedad\/\" \/>\n<meta property=\"og:locale\" content=\"cs_CZ\" \/>\n<meta property=\"og:type\" content=\"article\" \/>\n<meta property=\"og:title\" content=\"T\u00e9 para Combatir el Insomnio y la Ansiedad - Universo Fam\u00edlia\" \/>\n<meta property=\"og:description\" content=\"T\u00e9 para Combatir el Insomnio y la Ansiedad. El insomnio y la ansiedad son problemas que afectan a millones de personas en todo el mundo.\" \/>\n<meta property=\"og:url\" content=\"https:\/\/universofamilia.com\/cs\/te-para-combatir-insomnio-ansiedad\/\" \/>\n<meta property=\"og:site_name\" content=\"Universo Fam\u00edlia\" \/>\n<meta property=\"article:published_time\" content=\"2024-09-27T18:24:10+00:00\" \/>\n<meta property=\"og:image\" content=\"https:\/\/universofamilia.com\/wp-content\/uploads\/sites\/148\/2024\/09\/P-550x350-3-12.jpg\" \/>\n\t<meta property=\"og:image:width\" content=\"550\" \/>\n\t<meta property=\"og:image:height\" content=\"350\" \/>\n\t<meta property=\"og:image:type\" content=\"image\/jpeg\" \/>\n<meta name=\"twitter:card\" content=\"summary_large_image\" \/>\n<meta name=\"twitter:label1\" content=\"Est. reading time\" \/>\n\t<meta name=\"twitter:data1\" content=\"7 minut\" \/>\n<script type=\"application\/ld+json\" class=\"yoast-schema-graph\">{\"@context\":\"https:\/\/schema.org\",\"@graph\":[{\"@type\":\"WebPage\",\"@id\":\"https:\/\/universofamilia.com\/bn\/te-para-combatir-insomnio-ansiedad\/\",\"url\":\"https:\/\/universofamilia.com\/bn\/te-para-combatir-insomnio-ansiedad\/\",\"name\":\"T\u00e9 para Combatir el Insomnio y la Ansiedad - Universo Fam\u00edlia\",\"isPartOf\":{\"@id\":\"http:\/\/universofamilia.com\/zh_hk\/#website\"},\"primaryImageOfPage\":{\"@id\":\"https:\/\/universofamilia.com\/bn\/te-para-combatir-insomnio-ansiedad\/#primaryimage\"},\"image\":{\"@id\":\"https:\/\/universofamilia.com\/bn\/te-para-combatir-insomnio-ansiedad\/#primaryimage\"},\"thumbnailUrl\":\"https:\/\/universofamilia.com\/wp-content\/uploads\/sites\/148\/2024\/09\/P-550x350-3-12.jpg\",\"datePublished\":\"2024-09-27T18:24:10+00:00\",\"dateModified\":\"2024-09-27T18:24:10+00:00\",\"author\":{\"@id\":\"\"},\"description\":\"T\u00e9 para Combatir el Insomnio y la Ansiedad. El insomnio y la ansiedad son problemas que afectan a millones de personas en todo el mundo.\",\"breadcrumb\":{\"@id\":\"https:\/\/universofamilia.com\/bn\/te-para-combatir-insomnio-ansiedad\/#breadcrumb\"},\"inLanguage\":\"cs\",\"potentialAction\":[{\"@type\":\"ReadAction\",\"target\":[\"https:\/\/universofamilia.com\/bn\/te-para-combatir-insomnio-ansiedad\/\"]}]},{\"@type\":\"ImageObject\",\"inLanguage\":\"cs\",\"@id\":\"https:\/\/universofamilia.com\/bn\/te-para-combatir-insomnio-ansiedad\/#primaryimage\",\"url\":\"https:\/\/universofamilia.com\/wp-content\/uploads\/sites\/148\/2024\/09\/P-550x350-3-12.jpg\",\"contentUrl\":\"https:\/\/universofamilia.com\/wp-content\/uploads\/sites\/148\/2024\/09\/P-550x350-3-12.jpg\",\"width\":550,\"height\":350,\"caption\":\"T\u00e9 para Combatir el Insomnio y la Ansiedad\"},{\"@type\":\"BreadcrumbList\",\"@id\":\"https:\/\/universofamilia.com\/bn\/te-para-combatir-insomnio-ansiedad\/#breadcrumb\",\"itemListElement\":[{\"@type\":\"ListItem\",\"position\":1,\"name\":\"Home\",\"item\":\"http:\/\/universofamilia.com\/zh_hk\/\"},{\"@type\":\"ListItem\",\"position\":2,\"name\":\"T\u00e9 para Combatir el Insomnio y la Ansiedad\"}]},{\"@type\":\"WebSite\",\"@id\":\"http:\/\/universofamilia.com\/zh_hk\/#website\",\"url\":\"http:\/\/universofamilia.com\/zh_hk\/\",\"name\":\"Universo Fam\u00edlia\",\"description\":\"\",\"potentialAction\":[{\"@type\":\"SearchAction\",\"target\":{\"@type\":\"EntryPoint\",\"urlTemplate\":\"http:\/\/universofamilia.com\/zh_hk\/?s={search_term_string}\"},\"query-input\":\"required name=search_term_string\"}],\"inLanguage\":\"cs\"}]}<\/script>\n<!-- \/ Yoast SEO plugin. -->","yoast_head_json":{"title":"T\u00e9 para Combatir el Insomnio y la Ansiedad - Universo Fam\u00edlia","description":"T\u00e9 para Combatir el Insomnio y la Ansiedad. El insomnio y la ansiedad son problemas que afectan a millones de personas en todo el mundo.","robots":{"index":"index","follow":"follow","max-snippet":"max-snippet:-1","max-image-preview":"max-image-preview:large","max-video-preview":"max-video-preview:-1"},"canonical":"https:\/\/universofamilia.com\/cs\/te-para-combatir-insomnio-ansiedad\/","og_locale":"cs_CZ","og_type":"article","og_title":"T\u00e9 para Combatir el Insomnio y la Ansiedad - Universo Fam\u00edlia","og_description":"T\u00e9 para Combatir el Insomnio y la Ansiedad. El insomnio y la ansiedad son problemas que afectan a millones de personas en todo el mundo.","og_url":"https:\/\/universofamilia.com\/cs\/te-para-combatir-insomnio-ansiedad\/","og_site_name":"Universo Fam\u00edlia","article_published_time":"2024-09-27T18:24:10+00:00","og_image":[{"width":550,"height":350,"url":"https:\/\/universofamilia.com\/wp-content\/uploads\/sites\/148\/2024\/09\/P-550x350-3-12.jpg","type":"image\/jpeg"}],"twitter_card":"summary_large_image","twitter_misc":{"Est. reading time":"7 minut"},"schema":{"@context":"https:\/\/schema.org","@graph":[{"@type":"WebPage","@id":"https:\/\/universofamilia.com\/bn\/te-para-combatir-insomnio-ansiedad\/","url":"https:\/\/universofamilia.com\/bn\/te-para-combatir-insomnio-ansiedad\/","name":"T\u00e9 para Combatir el Insomnio y la Ansiedad - Universo Fam\u00edlia","isPartOf":{"@id":"http:\/\/universofamilia.com\/zh_hk\/#website"},"primaryImageOfPage":{"@id":"https:\/\/universofamilia.com\/bn\/te-para-combatir-insomnio-ansiedad\/#primaryimage"},"image":{"@id":"https:\/\/universofamilia.com\/bn\/te-para-combatir-insomnio-ansiedad\/#primaryimage"},"thumbnailUrl":"https:\/\/universofamilia.com\/wp-content\/uploads\/sites\/148\/2024\/09\/P-550x350-3-12.jpg","datePublished":"2024-09-27T18:24:10+00:00","dateModified":"2024-09-27T18:24:10+00:00","author":{"@id":""},"description":"T\u00e9 para Combatir el Insomnio y la Ansiedad. El insomnio y la ansiedad son problemas que afectan a millones de personas en todo el mundo.","breadcrumb":{"@id":"https:\/\/universofamilia.com\/bn\/te-para-combatir-insomnio-ansiedad\/#breadcrumb"},"inLanguage":"cs","potentialAction":[{"@type":"ReadAction","target":["https:\/\/universofamilia.com\/bn\/te-para-combatir-insomnio-ansiedad\/"]}]},{"@type":"ImageObject","inLanguage":"cs","@id":"https:\/\/universofamilia.com\/bn\/te-para-combatir-insomnio-ansiedad\/#primaryimage","url":"https:\/\/universofamilia.com\/wp-content\/uploads\/sites\/148\/2024\/09\/P-550x350-3-12.jpg","contentUrl":"https:\/\/universofamilia.com\/wp-content\/uploads\/sites\/148\/2024\/09\/P-550x350-3-12.jpg","width":550,"height":350,"caption":"T\u00e9 para Combatir el Insomnio y la Ansiedad"},{"@type":"BreadcrumbList","@id":"https:\/\/universofamilia.com\/bn\/te-para-combatir-insomnio-ansiedad\/#breadcrumb","itemListElement":[{"@type":"ListItem","position":1,"name":"Home","item":"http:\/\/universofamilia.com\/zh_hk\/"},{"@type":"ListItem","position":2,"name":"T\u00e9 para Combatir el Insomnio y la Ansiedad"}]},{"@type":"WebSite","@id":"http:\/\/universofamilia.com\/zh_hk\/#website","url":"http:\/\/universofamilia.com\/zh_hk\/","name":"Universo Fam\u00edlia","description":"","potentialAction":[{"@type":"SearchAction","target":{"@type":"EntryPoint","urlTemplate":"http:\/\/universofamilia.com\/zh_hk\/?s={search_term_string}"},"query-input":"required name=search_term_string"}],"inLanguage":"cs"}]}},"_links":{"self":[{"href":"https:\/\/universofamilia.com\/cs\/wp-json\/wp\/v2\/posts\/6630"}],"collection":[{"href":"https:\/\/universofamilia.com\/cs\/wp-json\/wp\/v2\/posts"}],"about":[{"href":"https:\/\/universofamilia.com\/cs\/wp-json\/wp\/v2\/types\/post"}],"replies":[{"embeddable":true,"href":"https:\/\/universofamilia.com\/cs\/wp-json\/wp\/v2\/comments?post=6630"}],"version-history":[{"count":0,"href":"https:\/\/universofamilia.com\/cs\/wp-json\/wp\/v2\/posts\/6630\/revisions"}],"wp:featuredmedia":[{"embeddable":true,"href":"https:\/\/universofamilia.com\/cs\/wp-json\/wp\/v2\/media\/6632"}],"wp:attachment":[{"href":"https:\/\/universofamilia.com\/cs\/wp-json\/wp\/v2\/media?parent=6630"}],"wp:term":[{"taxonomy":"category","embeddable":true,"href":"https:\/\/universofamilia.com\/cs\/wp-json\/wp\/v2\/categories?post=6630"},{"taxonomy":"post_tag","embeddable":true,"href":"https:\/\/universofamilia.com\/cs\/wp-json\/wp\/v2\/tags?post=6630"}],"curies":[{"name":"wp","href":"https:\/\/api.w.org\/{rel}","templated":true}]}}