{"id":6813,"date":"2024-10-11T16:47:25","date_gmt":"2024-10-11T19:47:25","guid":{"rendered":"https:\/\/universofamilia.com\/?p=6813"},"modified":"2025-12-26T16:22:42","modified_gmt":"2025-12-26T19:22:42","slug":"aplicacion-de-cabello","status":"publish","type":"post","link":"https:\/\/universofamilia.com\/cs\/aplicacion-de-cabello\/","title":{"rendered":"Aplikace vlas\u016f: Prom\u011b\u0148te sv\u016fj vzhled hned te\u010f!"},"content":{"rendered":"<p>P\u0159edstavovali jste si n\u011bkdy, \u017ee byste si mohli vyzkou\u0161et r\u016fzn\u00e9 \u00fa\u010desy, ani\u017e byste museli opustit domov nebo si nechat vlasy uj\u00edt?<\/p>\n\n\n\n<p>A\u0165 u\u017e se jedn\u00e1 o kompletn\u00ed prom\u011bnu nebo o jemnou ka\u017edodenn\u00ed zm\u011bnu, vlasov\u00e9 aplikace jsou ide\u00e1ln\u00edm \u0159e\u0161en\u00edm pro ty, kte\u0159\u00ed cht\u011bj\u00ed experimentovat s nov\u00fdmi vzhledy bez l\u00edtosti.<\/p>\n\n\n\n<p>Tyto aplikace v\u00e1m pomohou naj\u00edt perfektn\u00ed \u00fa\u010des, kter\u00fd zv\u00fdrazn\u00ed va\u0161e rysy a vylep\u0161\u00ed v\u00e1\u0161 image, a\u0165 u\u017e pro zvl\u00e1\u0161tn\u00ed p\u0159\u00edle\u017eitost nebo pro ka\u017edodenn\u00ed no\u0161en\u00ed.<\/p>\n\n\n\n<p>V tomto \u010dl\u00e1nku prozkoum\u00e1me t\u0159i aplikace pro \u00fapravu vlas\u016f, kter\u00e9 v\u00e1m mohou pomoci zm\u011bnit v\u00e1\u0161 styl hned te\u010f.<\/p>\n\n\n\n<p>Tak\u00e9 se pod\u011bl\u00edme o u\u017eivatelsk\u00e9 recenze ka\u017ed\u00e9 aplikace a poskytneme odkazy pro jejich sta\u017een\u00ed p\u0159\u00edmo z Apple Storu nebo Google Play.<\/p>\n\n\n\n<h2 class=\"wp-block-heading\">S\u00edla aplikac\u00ed pro vlasy<\/h2>\n\n\n\n<p>S neust\u00e1l\u00fdm v\u00fdvojem technologi\u00ed nen\u00ed divu, \u017ee i pot\u0159eby osobn\u00ed p\u00e9\u010de m\u00e1me na dosah ruky \u2013 respektive v na\u0161ich telefonech.<\/p>\n\n\n\n<p>Aplikace pro \u00fapravu vlas\u016f v\u00e1m umo\u017e\u0148uj\u00ed experimentovat se st\u0159ihy, barvami a \u00fa\u010desy z pohodl\u00ed domova.<\/p>\n\n\n\n<p>Pokud pl\u00e1nujete kompletn\u00ed prom\u011bnu nebo si jen chcete pohr\u00e1t se sv\u00fdm stylem, tyto aplikace mohou b\u00fdt va\u0161imi nejlep\u0161\u00edmi spojenci.<\/p>\n\n\n\n<p>Objevte nejlep\u0161\u00ed aplikace, kter\u00e9 v\u00e1m s t\u00edmto procesem pomohou!<\/p>\n\n\n\n<h3 class=\"wp-block-heading\">1. <strong>Sledova\u010d r\u016fstu vlas\u016f \u2013 Android \/ iOS<\/strong><\/h3>\n\n\n\n<p>Hled\u00e1te zp\u016fsoby, jak zlep\u0161it r\u016fst vlas\u016f a sledovat sv\u016fj pokrok?<\/p>\n\n\n\n<p><strong>Sledova\u010d r\u016fstu vlas\u016f<\/strong> Je to perfektn\u00ed aplikace pro ty, kte\u0159\u00ed cht\u011bj\u00ed sledovat r\u016fst vlas\u016f v pr\u016fb\u011bhu \u010dasu a poskytuj\u00ed podrobnou anal\u00fdzu va\u0161ich vlasov\u00fdch n\u00e1vyk\u016f a viditeln\u00fdch v\u00fdsledk\u016f.<\/p>\n\n\n\n<h4 class=\"wp-block-heading\">V\u00fdhody:<\/h4>\n\n\n\n<ul class=\"wp-block-list\">\n<li><strong>Kompletn\u00ed monitoring:<\/strong> Umo\u017e\u0148uje v\u00e1m zaznamen\u00e1vat d\u00e9lku vlas\u016f, stav poko\u017eky hlavy a celkov\u00e9 zdrav\u00ed, tak\u017ee m\u016f\u017eete sledovat sv\u016fj pokrok v re\u00e1ln\u00e9m \u010dase.<\/li>\n\n\n\n<li><strong>Personalizovan\u00e9 poradenstv\u00ed:<\/strong> Nab\u00edz\u00ed praktick\u00e1 doporu\u010den\u00ed pro p\u00e9\u010di o vlasy na z\u00e1klad\u011b va\u0161ich dat.<\/li>\n\n\n\n<li><strong>Snadn\u00e9 pou\u017eit\u00ed:<\/strong> Jeho intuitivn\u00ed rozhran\u00ed umo\u017e\u0148uje jednoduch\u00e9 a efektivn\u00ed sledov\u00e1n\u00ed r\u016fstu vlas\u016f.<\/li>\n<\/ul>\n\n\n\n<h4 class=\"wp-block-heading\">U\u017eivatelsk\u00e9 recenze:<\/h4>\n\n\n\n<ul class=\"wp-block-list\">\n<li><strong>Joana, 42 let:<\/strong> <em>\u201eMiluji, \u017ee m\u016f\u017eu sledovat r\u016fst sv\u00fdch vlas\u016f. Aplikace m\u011b motivuje k tomu, abych se o n\u011b neust\u00e1le starala, a vid\u011bt v\u00fdsledky je neuv\u011b\u0159iteln\u00e9.\u201c<\/em><\/li>\n\n\n\n<li><strong>Karlos, 36 let:<\/strong> <em>\u201eV\u017edycky jsem se tr\u00e1pila s r\u016fstem vlas\u016f. Tato aplikace mi poskytla rady a tipy, kter\u00e9 mi opravdu pomohly.\u201c<\/em><\/li>\n\n\n\n<li><strong>Luciana, 50 let:<\/strong> <em>\u201eSledova\u010d r\u016fstu vlas\u016f mi pomohl identifikovat produkty, kter\u00e9 mi funguj\u00ed. Velmi u\u017eite\u010dn\u00e9!\u201c<\/em><\/li>\n<\/ul>\n\n\n\n<h3 class=\"wp-block-heading\">2. <strong>\u010casopis o vlasech \u2013 Android<\/strong><\/h3>\n\n\n\n<p>Pokud pat\u0159\u00edte k lidem, kte\u0159\u00ed si r\u00e1di vedou den\u00edk o v\u0161em, <strong>\u010casopis o vlasech<\/strong> Je to ide\u00e1ln\u00ed aplikace pro zaznamen\u00e1v\u00e1n\u00ed v\u0161ech zm\u011bn, kter\u00e9 na sv\u00fdch vlasech provedete.<\/p>\n\n\n\n<p>Krom\u011b toho, \u017ee je to z\u00e1bavn\u00fd n\u00e1stroj, pom\u00e1h\u00e1 v\u00e1m sledovat v\u00fdvoj va\u0161ich styl\u016f a uchov\u00e1vat si historii o\u0161et\u0159en\u00ed a produkt\u016f, kter\u00e9 pou\u017e\u00edv\u00e1te.<\/p>\n\n\n\n<h4 class=\"wp-block-heading\">V\u00fdhody:<\/h4>\n\n\n\n<ul class=\"wp-block-list\">\n<li><strong>Cel\u00fd den\u00edk:<\/strong> Zaznamenejte si ka\u017edou zm\u011bnu, od st\u0159ih\u016f a\u017e po barven\u00ed a o\u0161et\u0159en\u00ed.<\/li>\n\n\n\n<li><strong>Jednoduch\u00e1 organizace:<\/strong> Prohl\u00e9dn\u011bte si historii sv\u00fdch vlas\u016f a zhodno\u0165te, jak ur\u010dit\u00e9 produkty nebo o\u0161et\u0159en\u00ed ovlivnily va\u0161e vlasy.<\/li>\n\n\n\n<li><strong>Fotografie p\u0159ed a po:<\/strong> Vyfo\u0165te si vlasy a porovnejte je p\u0159ed a po, pozorujte, jak reaguj\u00ed na p\u00e9\u010di a o\u0161et\u0159en\u00ed.<\/li>\n<\/ul>\n\n\n\n<h4 class=\"wp-block-heading\">U\u017eivatelsk\u00e9 recenze:<\/h4>\n\n\n\n<ul class=\"wp-block-list\">\n<li><strong>Marta, 39 let:<\/strong> <em>\u201eV\u017edycky jsem zapom\u00ednala, jak\u00e9 produkty pou\u017e\u00edv\u00e1m a co mi funguje. Te\u010f s Hair Journal m\u016f\u017eu v\u0161echno sledovat a zjistit, co mi funguje nejl\u00e9pe.\u201c<\/em><\/li>\n\n\n\n<li><strong>Pavol, 45 let:<\/strong> <em>\u201eAplikace mi pomohla sledovat zm\u011bny ve vlasech a pochopit, co ovlivnilo jejich zdrav\u00ed.\u201c<\/em><\/li>\n\n\n\n<li><strong>Sandra, 53 let:<\/strong> <em>\u201eFotografie je \u00fa\u017easn\u00e1! Miluju sledov\u00e1n\u00ed v\u00fdvoje m\u00fdch vlas\u016f v pr\u016fb\u011bhu \u010dasu. V\u0159ele ji doporu\u010duji.\u201c<\/em><\/li>\n<\/ul>\n\n\n\n<p><\/p>\n\n\n\n<hr class=\"wp-block-separator has-text-color has-luminous-vivid-orange-color has-alpha-channel-opacity has-luminous-vivid-orange-background-color has-background\" \/>\n\n\n\n<h2 class=\"wp-block-heading\">\u010ct\u011bte tak\u00e9:<\/h2>\n\n\n\n<ul class=\"wp-block-list\">\n<li><a href=\"https:\/\/universofamilia.com\/cs\/5893\/acelera-tu-celular-despierta-tu-productividad\/\"><font style=\"vertical-align: inherit\"><font style=\"vertical-align: inherit\">\ud83d\udccc Zrychlete sv\u016fj mobiln\u00ed telefon<\/font><\/font> &gt;<\/a><\/li>\n\n\n\n<li><a href=\"https:\/\/universofamilia.com\/cs\/5869\/descubre-quien-te-esta-observando-en-las-redes-sociales\/\">\ud83d\udccc Kdo nav\u0161t\u00edvil v\u00e1\u0161 profil<\/a><\/li>\n\n\n\n<li><a href=\"https:\/\/universofamilia.com\/cs\/6568\/aprende-mecanica-automotriz-aplicacion\/\">\ud83d\udccc Nau\u010dte se automechaniku s aplikac\u00ed<\/a><\/li>\n<\/ul>\n\n\n\n<hr class=\"wp-block-separator has-text-color has-luminous-vivid-orange-color has-alpha-channel-opacity has-luminous-vivid-orange-background-color has-background\" \/>\n\n\n\n<p><\/p>\n\n\n\n<h3 class=\"wp-block-heading\">3. <strong>Naroste mi vlasy \u2013 Android<\/strong><\/h3>\n\n\n\n<p>Pokud je va\u0161\u00edm c\u00edlem, aby v\u00e1m vlasy rostly siln\u00e9 a zdrav\u00e9, <strong>Naroste mi vlasy<\/strong> m\u016f\u017ee b\u00fdt \u0159e\u0161en\u00edm, kter\u00e9 hled\u00e1te.<\/p>\n\n\n\n<p>Tato aplikace nab\u00edz\u00ed odborn\u00e9 rady ohledn\u011b r\u016fstu vlas\u016f a umo\u017e\u0148uje v\u00e1m vizu\u00e1ln\u011b a pohodln\u011b sledovat v\u00e1\u0161 pokrok.<\/p>\n\n\n\n<h4 class=\"wp-block-heading\">V\u00fdhody:<\/h4>\n\n\n\n<ul class=\"wp-block-list\">\n<li><strong>Personalizovan\u00fd pl\u00e1n r\u016fstu:<\/strong> Aplikace vytvo\u0159\u00ed pl\u00e1n r\u016fstu vlas\u016f p\u0159izp\u016fsoben\u00fd va\u0161im pot\u0159eb\u00e1m a c\u00edl\u016fm.<\/li>\n\n\n\n<li><strong>Tipy odborn\u00edk\u016f:<\/strong> Profesion\u00e1ln\u00ed tipy pro zlep\u0161en\u00ed zdrav\u00ed vlas\u016f a stimulaci r\u016fstu.<\/li>\n\n\n\n<li><strong>Vizu\u00e1ln\u00ed pokrok:<\/strong> Sledujte r\u016fst vlas\u016f pomoc\u00ed graf\u016f a obr\u00e1zk\u016f, kter\u00e9 zobrazuj\u00ed v\u00fdsledky v pr\u016fb\u011bhu \u010dasu.<\/li>\n<\/ul>\n\n\n\n<h4 class=\"wp-block-heading\">U\u017eivatelsk\u00e9 recenze:<\/h4>\n\n\n\n<ul class=\"wp-block-list\">\n<li><strong>Ana, 34 let:<\/strong> <em>\u201eV\u017edycky jsem m\u011bla velmi jemn\u00e9 vlasy a rostly pomalu. Grow My Hair mi opravdu pomohl a te\u010f se c\u00edt\u00edm sebev\u011bdom\u011bji!\u201c<\/em><\/li>\n\n\n\n<li><strong>Marcos, 38 let:<\/strong> <em>\u201eS personalizovan\u00fdm pl\u00e1nem mi vlasy rostou rychleji a jsou zdrav\u011bj\u0161\u00ed ne\u017e kdy d\u0159\u00edv. Stoj\u00ed za to si ho st\u00e1hnout!\u201c<\/em><\/li>\n\n\n\n<li><strong>Eli\u0161ka, 44 let:<\/strong> <em>\u201eMiluji, kdy\u017e m\u016f\u017eu v aplikaci vid\u011bt sv\u016fj pokrok s fotkami, kter\u00e9 po\u0159izuji. Je to motivuj\u00edc\u00ed!\u201c<\/em><\/li>\n<\/ul>\n\n\n<div class=\"wp-block-image\">\n<figure class=\"aligncenter size-full\"><img loading=\"lazy\" decoding=\"async\" width=\"550\" height=\"350\" src=\"http:\/\/universofamilia.com\/wp-content\/uploads\/sites\/148\/2024\/10\/DESTAQUE-UNIVERSO-550-x-350-4-1.jpg\" alt=\"\" class=\"wp-image-6814\" srcset=\"https:\/\/universofamilia.com\/wp-content\/uploads\/sites\/148\/2024\/10\/DESTAQUE-UNIVERSO-550-x-350-4-1.jpg 550w, https:\/\/universofamilia.com\/wp-content\/uploads\/sites\/148\/2024\/10\/DESTAQUE-UNIVERSO-550-x-350-4-1-300x191.jpg 300w\" sizes=\"(max-width: 550px) 100vw, 550px\" \/><figcaption class=\"wp-element-caption\">Aplikace vlas\u016f: Prom\u011b\u0148te sv\u016fj vzhled hned te\u010f!<\/figcaption><\/figure><\/div>\n\n\n<h2 class=\"wp-block-heading\">Z\u00e1v\u011br: Prom\u011b\u0148te sv\u016fj vzhled hned te\u010f!<\/h2>\n\n\n\n<p>A\u0165 u\u017e m\u00e1te jak\u00e9koli c\u00edle v oblasti vlas\u016f \u2013 r\u016fst, styling nebo zdrav\u00ed \u2013 aplikace, kter\u00e9 jsme zm\u00ednili, jsou mocn\u00fdmi n\u00e1stroji, kter\u00e9 v\u00e1m pomohou dos\u00e1hnout vzhledu, po kter\u00e9m jste v\u017edy tou\u017eili.<\/p>\n\n\n\n<p>Nab\u00edzej\u00ed mnohem v\u00edc ne\u017e jen n\u00e1sledn\u00e9 kroky: poskytuj\u00ed cenn\u00e9 tipy a informace, kter\u00e9 mohou zm\u011bnit va\u0161e n\u00e1vyky v p\u00e9\u010di o vlasy.<\/p>\n\n\n\n<p>Te\u010f, kdy\u017e zn\u00e1te nejlep\u0161\u00ed aplikace na vlasy, pro\u010d je nevyzkou\u0161et a sami se pod\u00edvat na v\u00fdsledky?<\/p>\n\n\n\n<p>Nic se nevyrovn\u00e1 p\u0159evzet\u00ed kontroly nad sv\u00fdm vzhledem s pomoc\u00ed technologi\u00ed. A kdo v\u00ed? Mo\u017en\u00e1 objev\u00edte styl, o kter\u00e9m jste ani nesnili!<\/p>\n\n\n\n<p>St\u00e1hn\u011bte si aplikace a za\u010dn\u011bte svou transformaci hned te\u010f:<\/p>\n\n\n\n<ul class=\"wp-block-list\">\n<li><strong>Sledova\u010d r\u016fstu vlas\u016f<\/strong> \u2013  <a href=\"https:\/\/apps.apple.com\/br\/app\/hair-growth-clicker\/id6444699517?l=en-GB\">iOS<\/a><\/li>\n<\/ul>\n\n\n\n<hr class=\"wp-block-separator has-alpha-channel-opacity\" \/>\n\n\n\n<h2 class=\"wp-block-heading\">\u010casto kladen\u00e9 ot\u00e1zky (FAQ)<\/h2>\n\n\n\n<p><strong>1. Jsou vlasov\u00e9 aplikace bezpe\u010dn\u00e9?<\/strong><br>Ano, v\u011bt\u0161ina aplikac\u00ed pro \u00fapravu vlas\u016f dostupn\u00fdch v ofici\u00e1ln\u00edch obchodech, jako je Google Play a Apple Store, je bezpe\u010dn\u00e1. P\u0159ed sta\u017een\u00edm je v\u0161ak v\u017edy dobr\u00e9 si p\u0159e\u010d\u00edst recenze a hodnocen\u00ed ostatn\u00edch u\u017eivatel\u016f.<\/p>\n\n\n\n<p><strong>2. Mus\u00edm za pou\u017e\u00edv\u00e1n\u00ed t\u011bchto aplikac\u00ed platit?<\/strong><br>N\u011bkter\u00e9 aplikace nab\u00edzej\u00ed z\u00e1kladn\u00ed funkce zdarma, ale mohou m\u00edt pr\u00e9miov\u00e9 mo\u017enosti, kter\u00e9 odemykaj\u00ed dal\u0161\u00ed funkce. V\u017edy m\u016f\u017eete za\u010d\u00edt s bezplatnou verz\u00ed a pozd\u011bji se rozhodnout, zda chcete upgradovat na placenou verzi.<\/p>\n\n\n\n<p><strong>3. M\u016f\u017eu si zm\u011bnit \u00fa\u010des jen pomoc\u00ed t\u011bchto aplikac\u00ed?<\/strong><br>Aplikace fyzicky nezm\u011bn\u00ed va\u0161e vlasy, ale jsou u\u017eite\u010dn\u00fdmi n\u00e1stroji pro vizualizaci potenci\u00e1ln\u00edch zm\u011bn stylingu a sledov\u00e1n\u00ed stavu va\u0161ich vlas\u016f. Pom\u00e1haj\u00ed v\u00e1m \u010dinit informovan\u011bj\u0161\u00ed rozhodnut\u00ed p\u0159edt\u00edm, ne\u017e podstoup\u00edte transformaci v salonu nebo doma.<\/p>\n\n\n\n<p><strong>4. Co kdy\u017e m\u016fj telefon nem\u00e1 dostatek m\u00edsta pro sta\u017een\u00ed aplikac\u00ed?<\/strong><br>Pokud v telefonu nen\u00ed dostatek m\u00edsta, m\u016f\u017eete zkusit smazat nepou\u017e\u00edvan\u00e9 soubory nebo aplikace, abyste uvolnili \u00falo\u017ei\u0161t\u011b. N\u011bkter\u00e9 aplikace pro sledov\u00e1n\u00ed \u00falo\u017ei\u0161t\u011b v\u00e1m nav\u00edc mohou pomoci optimalizovat prostor v za\u0159\u00edzen\u00ed.<\/p>\n\n\n\n<p><strong>5. Funguj\u00ed aplikace pro v\u0161echny typy vlas\u016f?<\/strong><br>Ano, v\u011bt\u0161ina produkt\u016f pro \u00fapravu vlas\u016f je navr\u017eena tak, aby vyhovovala r\u016fzn\u00fdm typ\u016fm vlas\u016f, od rovn\u00fdch a\u017e po kudrnat\u00e9.<\/p>","protected":false},"excerpt":{"rendered":"<p>\u00bfAlguna vez has imaginado poder probar diferentes estilos de cabello sin salir de casa o sin comprometer tu melena? Ya sea para una transformaci\u00f3n completa o un cambio sutil para el d\u00eda a d\u00eda, las aplicaciones de cabello son la soluci\u00f3n ideal para quienes desean experimentar nuevos looks sin arrepentimientos. Estos apps te ayudan a [&hellip;]<\/p>","protected":false},"author":139,"featured_media":6816,"comment_status":"closed","ping_status":"open","sticky":false,"template":"","format":"standard","meta":{"footnotes":""},"categories":[3],"tags":[177,262,437,767,1145,1526],"yoast_head":"<!-- This site is optimized with the Yoast SEO plugin v23.3 - https:\/\/yoast.com\/wordpress\/plugins\/seo\/ -->\n<title>Aplicaci\u00f3n de cabello: \u00a1transforma tu look ahora! - Universo Fam\u00edlia<\/title>\n<meta name=\"description\" content=\"Aplicaci\u00f3n de cabello: \u00a1transforma tu look ahora!\u00bfAlguna vez has imaginado poder probar diferentes estilos de cabello sin salir de casa..\" \/>\n<meta name=\"robots\" content=\"index, follow, max-snippet:-1, max-image-preview:large, max-video-preview:-1\" \/>\n<link rel=\"canonical\" href=\"https:\/\/universofamilia.com\/cs\/aplicacion-de-cabello\/\" \/>\n<meta property=\"og:locale\" content=\"cs_CZ\" \/>\n<meta property=\"og:type\" content=\"article\" \/>\n<meta property=\"og:title\" content=\"Aplicaci\u00f3n de cabello: \u00a1transforma tu look ahora! - Universo Fam\u00edlia\" \/>\n<meta property=\"og:description\" content=\"Aplicaci\u00f3n de cabello: \u00a1transforma tu look ahora!\u00bfAlguna vez has imaginado poder probar diferentes estilos de cabello sin salir de casa..\" \/>\n<meta property=\"og:url\" content=\"https:\/\/universofamilia.com\/cs\/aplicacion-de-cabello\/\" \/>\n<meta property=\"og:site_name\" content=\"Universo Fam\u00edlia\" \/>\n<meta property=\"article:published_time\" content=\"2024-10-11T19:47:25+00:00\" \/>\n<meta property=\"article:modified_time\" content=\"2025-12-26T19:22:42+00:00\" \/>\n<meta property=\"og:image\" content=\"https:\/\/universofamilia.com\/wp-content\/uploads\/sites\/148\/2024\/10\/DESTAQUE-UNIVERSO-550-x-350-5-1.jpg\" \/>\n\t<meta property=\"og:image:width\" content=\"550\" \/>\n\t<meta property=\"og:image:height\" content=\"350\" \/>\n\t<meta property=\"og:image:type\" content=\"image\/jpeg\" \/>\n<meta name=\"author\" content=\"Pedro Henrique\" \/>\n<meta name=\"twitter:card\" content=\"summary_large_image\" \/>\n<meta name=\"twitter:label1\" content=\"Written by\" \/>\n\t<meta name=\"twitter:data1\" content=\"Pedro Henrique\" \/>\n\t<meta name=\"twitter:label2\" content=\"Est. reading time\" \/>\n\t<meta name=\"twitter:data2\" content=\"7 minut\" \/>\n<script type=\"application\/ld+json\" class=\"yoast-schema-graph\">{\"@context\":\"https:\/\/schema.org\",\"@graph\":[{\"@type\":\"WebPage\",\"@id\":\"https:\/\/universofamilia.com\/zh\/aplicacion-de-cabello\/\",\"url\":\"https:\/\/universofamilia.com\/zh\/aplicacion-de-cabello\/\",\"name\":\"Aplicaci\u00f3n de cabello: \u00a1transforma tu look ahora! - Universo Fam\u00edlia\",\"isPartOf\":{\"@id\":\"https:\/\/universofamilia.com\/el\/#website\"},\"primaryImageOfPage\":{\"@id\":\"https:\/\/universofamilia.com\/zh\/aplicacion-de-cabello\/#primaryimage\"},\"image\":{\"@id\":\"https:\/\/universofamilia.com\/zh\/aplicacion-de-cabello\/#primaryimage\"},\"thumbnailUrl\":\"https:\/\/universofamilia.com\/wp-content\/uploads\/sites\/148\/2024\/10\/DESTAQUE-UNIVERSO-550-x-350-5-1.jpg\",\"datePublished\":\"2024-10-11T19:47:25+00:00\",\"dateModified\":\"2025-12-26T19:22:42+00:00\",\"author\":{\"@id\":\"https:\/\/universofamilia.com\/el\/#\/schema\/person\/f07ce98187dd84d31154262e79b3b7ca\"},\"description\":\"Aplicaci\u00f3n de cabello: \u00a1transforma tu look ahora!\u00bfAlguna vez has imaginado poder probar diferentes estilos de cabello sin salir de casa..\",\"breadcrumb\":{\"@id\":\"https:\/\/universofamilia.com\/zh\/aplicacion-de-cabello\/#breadcrumb\"},\"inLanguage\":\"cs\",\"potentialAction\":[{\"@type\":\"ReadAction\",\"target\":[\"https:\/\/universofamilia.com\/zh\/aplicacion-de-cabello\/\"]}]},{\"@type\":\"ImageObject\",\"inLanguage\":\"cs\",\"@id\":\"https:\/\/universofamilia.com\/zh\/aplicacion-de-cabello\/#primaryimage\",\"url\":\"https:\/\/universofamilia.com\/wp-content\/uploads\/sites\/148\/2024\/10\/DESTAQUE-UNIVERSO-550-x-350-5-1.jpg\",\"contentUrl\":\"https:\/\/universofamilia.com\/wp-content\/uploads\/sites\/148\/2024\/10\/DESTAQUE-UNIVERSO-550-x-350-5-1.jpg\",\"width\":550,\"height\":350,\"caption\":\"Aplicaci\u00f3n de cabello: \u00a1transforma tu look ahora!\"},{\"@type\":\"BreadcrumbList\",\"@id\":\"https:\/\/universofamilia.com\/zh\/aplicacion-de-cabello\/#breadcrumb\",\"itemListElement\":[{\"@type\":\"ListItem\",\"position\":1,\"name\":\"Home\",\"item\":\"https:\/\/universofamilia.com\/el\/\"},{\"@type\":\"ListItem\",\"position\":2,\"name\":\"Aplicaci\u00f3n de cabello: \u00a1transforma tu look ahora!\"}]},{\"@type\":\"WebSite\",\"@id\":\"https:\/\/universofamilia.com\/el\/#website\",\"url\":\"https:\/\/universofamilia.com\/el\/\",\"name\":\"Universo Fam\u00edlia\",\"description\":\"\",\"potentialAction\":[{\"@type\":\"SearchAction\",\"target\":{\"@type\":\"EntryPoint\",\"urlTemplate\":\"https:\/\/universofamilia.com\/el\/?s={search_term_string}\"},\"query-input\":\"required name=search_term_string\"}],\"inLanguage\":\"cs\"},{\"@type\":\"Person\",\"@id\":\"https:\/\/universofamilia.com\/el\/#\/schema\/person\/f07ce98187dd84d31154262e79b3b7ca\",\"name\":\"Pedro Henrique\",\"image\":{\"@type\":\"ImageObject\",\"inLanguage\":\"cs\",\"@id\":\"https:\/\/universofamilia.com\/el\/#\/schema\/person\/image\/\",\"url\":\"https:\/\/secure.gravatar.com\/avatar\/9edfeb808cb4e1599f64d6e45b130154?s=96&d=mm&r=g\",\"contentUrl\":\"https:\/\/secure.gravatar.com\/avatar\/9edfeb808cb4e1599f64d6e45b130154?s=96&d=mm&r=g\",\"caption\":\"Pedro Henrique\"},\"url\":\"https:\/\/universofamilia.com\/cs\/author\/editor01\/\"}]}<\/script>\n<!-- \/ Yoast SEO plugin. -->","yoast_head_json":{"title":"Aplicaci\u00f3n de cabello: \u00a1transforma tu look ahora! - Universo Fam\u00edlia","description":"Aplicaci\u00f3n de cabello: \u00a1transforma tu look ahora!\u00bfAlguna vez has imaginado poder probar diferentes estilos de cabello sin salir de casa..","robots":{"index":"index","follow":"follow","max-snippet":"max-snippet:-1","max-image-preview":"max-image-preview:large","max-video-preview":"max-video-preview:-1"},"canonical":"https:\/\/universofamilia.com\/cs\/aplicacion-de-cabello\/","og_locale":"cs_CZ","og_type":"article","og_title":"Aplicaci\u00f3n de cabello: \u00a1transforma tu look ahora! - Universo Fam\u00edlia","og_description":"Aplicaci\u00f3n de cabello: \u00a1transforma tu look ahora!\u00bfAlguna vez has imaginado poder probar diferentes estilos de cabello sin salir de casa..","og_url":"https:\/\/universofamilia.com\/cs\/aplicacion-de-cabello\/","og_site_name":"Universo Fam\u00edlia","article_published_time":"2024-10-11T19:47:25+00:00","article_modified_time":"2025-12-26T19:22:42+00:00","og_image":[{"width":550,"height":350,"url":"https:\/\/universofamilia.com\/wp-content\/uploads\/sites\/148\/2024\/10\/DESTAQUE-UNIVERSO-550-x-350-5-1.jpg","type":"image\/jpeg"}],"author":"Pedro Henrique","twitter_card":"summary_large_image","twitter_misc":{"Written by":"Pedro Henrique","Est. reading time":"7 minut"},"schema":{"@context":"https:\/\/schema.org","@graph":[{"@type":"WebPage","@id":"https:\/\/universofamilia.com\/zh\/aplicacion-de-cabello\/","url":"https:\/\/universofamilia.com\/zh\/aplicacion-de-cabello\/","name":"Aplicaci\u00f3n de cabello: \u00a1transforma tu look ahora! - Universo Fam\u00edlia","isPartOf":{"@id":"https:\/\/universofamilia.com\/el\/#website"},"primaryImageOfPage":{"@id":"https:\/\/universofamilia.com\/zh\/aplicacion-de-cabello\/#primaryimage"},"image":{"@id":"https:\/\/universofamilia.com\/zh\/aplicacion-de-cabello\/#primaryimage"},"thumbnailUrl":"https:\/\/universofamilia.com\/wp-content\/uploads\/sites\/148\/2024\/10\/DESTAQUE-UNIVERSO-550-x-350-5-1.jpg","datePublished":"2024-10-11T19:47:25+00:00","dateModified":"2025-12-26T19:22:42+00:00","author":{"@id":"https:\/\/universofamilia.com\/el\/#\/schema\/person\/f07ce98187dd84d31154262e79b3b7ca"},"description":"Aplicaci\u00f3n de cabello: \u00a1transforma tu look ahora!\u00bfAlguna vez has imaginado poder probar diferentes estilos de cabello sin salir de casa..","breadcrumb":{"@id":"https:\/\/universofamilia.com\/zh\/aplicacion-de-cabello\/#breadcrumb"},"inLanguage":"cs","potentialAction":[{"@type":"ReadAction","target":["https:\/\/universofamilia.com\/zh\/aplicacion-de-cabello\/"]}]},{"@type":"ImageObject","inLanguage":"cs","@id":"https:\/\/universofamilia.com\/zh\/aplicacion-de-cabello\/#primaryimage","url":"https:\/\/universofamilia.com\/wp-content\/uploads\/sites\/148\/2024\/10\/DESTAQUE-UNIVERSO-550-x-350-5-1.jpg","contentUrl":"https:\/\/universofamilia.com\/wp-content\/uploads\/sites\/148\/2024\/10\/DESTAQUE-UNIVERSO-550-x-350-5-1.jpg","width":550,"height":350,"caption":"Aplicaci\u00f3n de cabello: \u00a1transforma tu look ahora!"},{"@type":"BreadcrumbList","@id":"https:\/\/universofamilia.com\/zh\/aplicacion-de-cabello\/#breadcrumb","itemListElement":[{"@type":"ListItem","position":1,"name":"Home","item":"https:\/\/universofamilia.com\/el\/"},{"@type":"ListItem","position":2,"name":"Aplicaci\u00f3n de cabello: \u00a1transforma tu look ahora!"}]},{"@type":"WebSite","@id":"https:\/\/universofamilia.com\/el\/#website","url":"https:\/\/universofamilia.com\/el\/","name":"Universo Fam\u00edlia","description":"","potentialAction":[{"@type":"SearchAction","target":{"@type":"EntryPoint","urlTemplate":"https:\/\/universofamilia.com\/el\/?s={search_term_string}"},"query-input":"required name=search_term_string"}],"inLanguage":"cs"},{"@type":"Person","@id":"https:\/\/universofamilia.com\/el\/#\/schema\/person\/f07ce98187dd84d31154262e79b3b7ca","name":"Pedro Henrique","image":{"@type":"ImageObject","inLanguage":"cs","@id":"https:\/\/universofamilia.com\/el\/#\/schema\/person\/image\/","url":"https:\/\/secure.gravatar.com\/avatar\/9edfeb808cb4e1599f64d6e45b130154?s=96&d=mm&r=g","contentUrl":"https:\/\/secure.gravatar.com\/avatar\/9edfeb808cb4e1599f64d6e45b130154?s=96&d=mm&r=g","caption":"Pedro Henrique"},"url":"https:\/\/universofamilia.com\/cs\/author\/editor01\/"}]}},"_links":{"self":[{"href":"https:\/\/universofamilia.com\/cs\/wp-json\/wp\/v2\/posts\/6813"}],"collection":[{"href":"https:\/\/universofamilia.com\/cs\/wp-json\/wp\/v2\/posts"}],"about":[{"href":"https:\/\/universofamilia.com\/cs\/wp-json\/wp\/v2\/types\/post"}],"author":[{"embeddable":true,"href":"https:\/\/universofamilia.com\/cs\/wp-json\/wp\/v2\/users\/139"}],"replies":[{"embeddable":true,"href":"https:\/\/universofamilia.com\/cs\/wp-json\/wp\/v2\/comments?post=6813"}],"version-history":[{"count":2,"href":"https:\/\/universofamilia.com\/cs\/wp-json\/wp\/v2\/posts\/6813\/revisions"}],"predecessor-version":[{"id":10474,"href":"https:\/\/universofamilia.com\/cs\/wp-json\/wp\/v2\/posts\/6813\/revisions\/10474"}],"wp:featuredmedia":[{"embeddable":true,"href":"https:\/\/universofamilia.com\/cs\/wp-json\/wp\/v2\/media\/6816"}],"wp:attachment":[{"href":"https:\/\/universofamilia.com\/cs\/wp-json\/wp\/v2\/media?parent=6813"}],"wp:term":[{"taxonomy":"category","embeddable":true,"href":"https:\/\/universofamilia.com\/cs\/wp-json\/wp\/v2\/categories?post=6813"},{"taxonomy":"post_tag","embeddable":true,"href":"https:\/\/universofamilia.com\/cs\/wp-json\/wp\/v2\/tags?post=6813"}],"curies":[{"name":"wp","href":"https:\/\/api.w.org\/{rel}","templated":true}]}}