{"id":7055,"date":"2024-10-22T09:34:58","date_gmt":"2024-10-22T12:34:58","guid":{"rendered":"https:\/\/universofamilia.com\/?p=7055"},"modified":"2025-01-28T16:29:32","modified_gmt":"2025-01-28T16:29:32","slug":"recupera-tus-memorias-perdidas","status":"publish","type":"post","link":"https:\/\/universofamilia.com\/cs\/recupera-tus-memorias-perdidas\/","title":{"rendered":"Obnovte si ztracen\u00e9 vzpom\u00ednky \ud83d\udcf8\u2728"},"content":{"rendered":"<p>Pamatujete si tu speci\u00e1ln\u00ed fotku, kterou jste omylem smazali z telefonu?<\/p>\n\n\n\n<p>Nebo mo\u017en\u00e1 to neuv\u011b\u0159iteln\u00e9 dobrodru\u017estv\u00ed, jeho\u017e jedin\u00e1 digit\u00e1ln\u00ed vzpom\u00ednka zmizela mrknut\u00edm oka.<\/p>\n\n\n\n<p>Pravdou je, \u017ee v tomto digit\u00e1ln\u00edm sv\u011bt\u011b jsme v\u0161ichni vystaveni riziku ztr\u00e1ty drahocenn\u00fdch vzpom\u00ednek. Ale co kdybych v\u00e1m \u0159ekl, \u017ee existuje \u0159e\u0161en\u00ed?<\/p>\n\n\n\n<p>Ano! Ztracen\u00e9 fotografie m\u016f\u017eete obnovit a dnes v\u00e1m uk\u00e1\u017eu, jak to ud\u011blat snadno a bezpe\u010dn\u011b.<\/p>\n\n\n\n<p>P\u0159id\u00e1\u0161 se ke mn\u011b na t\u00e9to cest\u011b? \ud83e\udd14\ud83d\udcf1<\/p>\n\n\n\n<h3 class=\"wp-block-heading\">D\u016fle\u017eitost zv\u011b\u010d\u0148ov\u00e1n\u00ed vzpom\u00ednek \ud83d\udd70\ufe0f\ud83d\udcad<\/h3>\n\n\n\n<p>Nen\u00ed nic siln\u011bj\u0161\u00edho ne\u017e vzpom\u00ednky. P\u0159en\u00e1\u0161ej\u00ed n\u00e1s zp\u011bt v \u010dase a spojuj\u00ed n\u00e1s s t\u00edm, k\u00fdm jsme byli, a s t\u011bmi, kter\u00e9 jsme milovali.<\/p>\n\n\n\n<p>V tomto digit\u00e1ln\u00edm v\u011bku se fotografie staly ned\u00edlnou sou\u010d\u00e1st\u00ed na\u0161eho ka\u017edodenn\u00edho \u017eivota. Jsou skute\u010dn\u00fdmi pam\u00e1tkami na na\u0161e nejcenn\u011bj\u0161\u00ed okam\u017eiky.<\/p>\n\n\n\n<p>Zv\u011b\u010dnit vzpom\u00ednky prost\u0159ednictv\u00edm fotografi\u00ed znamen\u00e1 zajistit, aby ka\u017ed\u00fd d\u016fle\u017eit\u00fd okam\u017eik ve va\u0161em \u017eivot\u011b z\u016fstal nav\u017edy uchov\u00e1n. \ud83c\udf1f<\/p>\n\n\n\n<p><\/p>\n\n\n\n<hr class=\"wp-block-separator has-text-color has-luminous-vivid-orange-color has-alpha-channel-opacity has-luminous-vivid-orange-background-color has-background\" \/>\n\n\n\n<h3 class=\"wp-block-heading\">\u010ct\u011bte tak\u00e9:<\/h3>\n\n\n\n<ul class=\"wp-block-list has-small-font-size\">\n<li class=\"has-medium-font-size\"><a href=\"https:\/\/universofamilia.com\/cs\/6898\/leer-la-biblia-catolica-en-tu-celular\/\"><font style=\"vertical-align: inherit\"><font style=\"vertical-align: inherit\">\ud83d\udccc \u010ct\u011bte katolickou Bibli na sv\u00e9m mobiln\u00edm telefonu<\/font><\/font> &gt;<\/a><\/li>\n\n\n\n<li class=\"has-medium-font-size\"><a href=\"https:\/\/universofamilia.com\/cs\/6855\/grabar-llamadas-recibidas\/\">\ud83d\udccc Nahr\u00e1v\u00e1n\u00ed p\u0159\u00edchoz\u00edch hovor\u016f &gt;<\/a><\/li>\n\n\n\n<li class=\"has-medium-font-size\"><a href=\"https:\/\/universofamilia.com\/cs\/6832\/aplicacion-para-bailar-zumba\/\">\ud83d\udccc Aplikace pro tane\u010dn\u00ed zumbu &gt;<\/a><\/li>\n\n\n\n<li class=\"has-medium-font-size\"><a href=\"https:\/\/universofamilia.com\/cs\/6952\/descubre-quien-visita-tu-perfil-redes-sociales\/\">\ud83d\udccc Zjist\u011bte, kdo nav\u0161t\u011bvuje v\u00e1\u0161 profil na soci\u00e1ln\u00edch s\u00edt\u00edch &gt;<\/a><\/li>\n<\/ul>\n\n\n\n<hr class=\"wp-block-separator has-text-color has-luminous-vivid-orange-color has-alpha-channel-opacity has-luminous-vivid-orange-background-color has-background\" \/>\n\n\n\n<p><\/p>\n\n\n\n<h3 class=\"wp-block-heading\">Fotografie: Relikvie na v\u011bky \ud83d\uddbc\ufe0f\u2728<\/h3>\n\n\n\n<p>Napadlo v\u00e1s n\u011bkdy, \u017ee ka\u017ed\u00e9 kliknut\u00ed va\u0161eho mobiln\u00edho telefonu zachycuje malou \u010d\u00e1st va\u0161eho p\u0159\u00edb\u011bhu?<\/p>\n\n\n\n<p>A\u0165 u\u017e se jedn\u00e1 o narozeniny, rodinn\u00e9 setk\u00e1n\u00ed nebo nezapomenutelnou dovolenou, v\u0161echny tyto obr\u00e1zky se stanou osobn\u00edmi d\u011bdictv\u00edmi.<\/p>\n\n\n\n<p>Jsou jako port\u00e1ly, kter\u00e9 n\u00e1m umo\u017e\u0148uj\u00ed znovu pro\u017e\u00edt ty jedine\u010dn\u00e9 okam\u017eiky.<\/p>\n\n\n\n<p>Proto m\u016f\u017ee b\u00fdt ztr\u00e1ta v\u00fdjime\u010dn\u00e9 fotografie srdcervouc\u00ed... ale nebojte se! Existuj\u00ed i na to \u0159e\u0161en\u00ed. \ud83d\ude0a\ud83d\udcf7<\/p>\n\n\n\n<h4 class=\"wp-block-heading\">Tajemstv\u00ed, jak znovu nab\u00fdt ztracen\u00fdch okam\u017eik\u016f \ud83e\udd2b\ud83d\udcbe<\/h4>\n\n\n\n<p>D\u00edky technologick\u00e9mu pokroku existuj\u00ed skv\u011bl\u00e9 aplikace, kter\u00e9 v\u00e1m umo\u017e\u0148uj\u00ed obnovit omylem smazan\u00e9 fotografie. Ano, vzpom\u00ednky, kter\u00e9 se zd\u00e1ly b\u00fdt nav\u017edy ztraceny, lze o\u017eivit!<\/p>\n\n\n\n<p>N\u00ed\u017ee v\u00e1m p\u0159edstav\u00edm t\u0159i fantastick\u00e9 aplikace, kter\u00e9 v\u00e1m s t\u00edmto \u00fakolem pomohou. Nejprve si ale poj\u010fme pov\u011bd\u011bt, pro\u010d byste m\u011bli m\u00edt v telefonu aplikaci pro obnovu fotografi\u00ed. \ud83d\udcf2\u2728<\/p>\n\n\n\n<h3 class=\"wp-block-heading\">Pro\u010d pou\u017e\u00edvat aplikaci pro obnovu fotografi\u00ed? \ud83d\udcf2\ud83d\udd04<\/h3>\n\n\n\n<p>P\u0159edstavte si ten klid v du\u0161i, kdy\u017e budete v\u011bd\u011bt, \u017ee i kdy\u017e se n\u011bco pokaz\u00ed, m\u016f\u017eete tu drahocennou fotografii z\u00edskat zp\u011bt.<\/p>\n\n\n\n<p>Aplikace pro obnovu fotografi\u00ed jsou v\u00edc ne\u017e jen u\u017eite\u010dn\u00e9, jsou nezbytn\u00e9.<\/p>\n\n\n\n<p>A\u0165 u\u017e je to kv\u016fli necht\u011bn\u00e9mu smaz\u00e1n\u00ed, hav\u00e1rii syst\u00e9mu nebo dokonce obnoven\u00ed tov\u00e1rn\u00edho nastaven\u00ed, tyto n\u00e1stroje v\u00e1m umo\u017en\u00ed bezpe\u010dn\u011b a rychle obnovit va\u0161e vzpom\u00ednky. \ud83c\udfc3\u200d\u2642\ufe0f\ud83d\udca8<\/p>\n\n\n\n<h3 class=\"wp-block-heading\">Tipy pro \u00fasp\u011b\u0161nou obnovu fotografi\u00ed \ud83d\udccb\u2705<\/h3>\n\n\n\n<p>Ne\u017e se pust\u00edme do samotn\u00fdch aplikac\u00ed, zde je n\u011bkolik d\u016fle\u017eit\u00fdch tip\u016f, kter\u00e9 zajist\u00ed \u00fasp\u011b\u0161n\u00e9 zotaven\u00ed:<\/p>\n\n\n\n<ol class=\"wp-block-list\">\n<li><strong>Okam\u017eit\u011b p\u0159esta\u0148te za\u0159\u00edzen\u00ed pou\u017e\u00edvat<\/strong>\u010c\u00edm m\u00e9n\u011b za\u0159\u00edzen\u00ed po smaz\u00e1n\u00ed pou\u017e\u00edv\u00e1te, t\u00edm v\u011bt\u0161\u00ed je \u0161ance na obnoven\u00ed.<\/li>\n\n\n\n<li><strong>Vyberte si spr\u00e1vnou aplikaci<\/strong>Ne v\u0161echny aplikace nab\u00edzej\u00ed stejn\u00e9 funkce. Pou\u017e\u00edvejte ty s dobrou pov\u011bst\u00ed a vynikaj\u00edc\u00edmi recenzemi.<\/li>\n\n\n\n<li><strong>D\u011blejte \u010dast\u00e9 z\u00e1lohy<\/strong>Nezapome\u0148te pravideln\u011b z\u00e1lohovat, abyste se v budoucnu vyhnuli bolestem hlavy. \ud83d\udee1\ufe0f<\/li>\n<\/ol>\n\n\n\n<h3 class=\"wp-block-heading\">\u00da\u017easn\u00e9 aplikace pro obnovu fotografi\u00ed! \ud83d\udcf2\ud83d\udca1<\/h3>\n\n\n\n<p>Nyn\u00ed, kdy\u017e v\u00edte, jak se p\u0159ipravit, poj\u010fme prozkoumat t\u0159i nejlep\u0161\u00ed aplikace dostupn\u00e9 na trhu.<\/p>\n\n\n\n<p>V\u0161echny jsou extr\u00e9mn\u011b \u00fa\u010dinn\u00e9 a maj\u00ed pozitivn\u00ed recenze od tis\u00edc\u016f u\u017eivatel\u016f.<\/p>\n\n\n\n<h4 class=\"wp-block-heading\">Obnova fotografi\u00ed pomoc\u00ed DiskDiggeru \ud83d\udcf8\ud83d\udee0\ufe0f<\/h4>\n\n\n\n<p>DiskDigger je jednou z nejpopul\u00e1rn\u011bj\u0161\u00edch aplikac\u00ed pro obnovu fotografi\u00ed a nen\u00ed to n\u00e1hoda.<\/p>\n\n\n\n<p>Je extr\u00e9mn\u011b efektivn\u00ed, snadno se pou\u017e\u00edv\u00e1 a umo\u017e\u0148uje obnovit fotografie z intern\u00ed pam\u011bti i SD karet.<\/p>\n\n\n\n<p><strong>V\u00fdhody:<\/strong><\/p>\n\n\n\n<ul class=\"wp-block-list\">\n<li>Obnovte fotografie v r\u016fzn\u00fdch form\u00e1tech.<\/li>\n\n\n\n<li>Umo\u017e\u0148uje zobrazit n\u00e1hled obr\u00e1zk\u016f p\u0159ed jejich obnoven\u00edm.<\/li>\n\n\n\n<li>Mo\u017enost odeslat obnoven\u00e9 fotografie na Disk Google, Dropbox nebo e-mail.<\/li>\n<\/ul>\n\n\n\n<p><strong>Za\u0159\u00edzen\u00ed:<\/strong> Sta\u010d\u00ed si st\u00e1hnout aplikaci z <strong>Obchod Google Play<\/strong> vlna <strong>Obchod Apple<\/strong>, nainstalujte jej a postupujte podle krok\u016f k zah\u00e1jen\u00ed obnovy.<\/p>\n\n\n\n<p><strong>Co \u0159\u00edkaj\u00ed u\u017eivatel\u00e9?<\/strong><\/p>\n\n\n\n<blockquote class=\"wp-block-quote\">\n<p>\u201e\u00da\u017easn\u00e9! Poda\u0159ilo se mi obnovit fotky z m\u00e9 posledn\u00ed cesty, o kter\u00fdch jsem si myslela, \u017ee jsou nav\u017edy ztracen\u00e9.\u201c \u2013 Carla, 42 let.<\/p>\n<\/blockquote>\n\n\n\n<h4 class=\"wp-block-heading\">Obnova soubor\u016f a dat Undeleter \ud83d\uddc2\ufe0f\ud83d\udd0d<\/h4>\n\n\n\n<p>Undeleter je dal\u0161\u00ed skv\u011blou volbou pro obnovu smazan\u00fdch fotografi\u00ed, vide\u00ed a dal\u0161\u00edch soubor\u016f.<\/p>\n\n\n\n<p>D\u00edky jednoduch\u00e9mu a intuitivn\u00edmu rozhran\u00ed v\u00e1m umo\u017e\u0148uje rychle a bez komplikac\u00ed obnovit soubory.<\/p>\n\n\n\n<p><strong>V\u00fdhody:<\/strong><\/p>\n\n\n\n<ul class=\"wp-block-list\">\n<li>Obnovte fotografie, videa a dokonce i dokumenty.<\/li>\n\n\n\n<li>Funguje jak s intern\u00ed pam\u011bt\u00ed, tak s pam\u011b\u0165ovou kartou.<\/li>\n\n\n\n<li>Mo\u017enost prov\u00e9st hloubkovou kontrolu za\u0159\u00edzen\u00ed.<\/li>\n<\/ul>\n\n\n\n<p><strong>Za\u0159\u00edzen\u00ed:<\/strong> K dispozici v <strong>Obchod Google Play<\/strong>, sta\u010d\u00ed si st\u00e1hnout, postupovat podle \u00favodn\u00edho tutori\u00e1lu a za\u010d\u00edt obnovovat soubory.<\/p>\n\n\n\n<p><strong>Co \u0159\u00edkaj\u00ed u\u017eivatel\u00e9?<\/strong><\/p>\n\n\n\n<blockquote class=\"wp-block-quote\">\n<p>\u201eZachr\u00e1nilo mi to album s fotkami z d\u011btstv\u00ed! V\u0159ele to doporu\u010duji.\u201c \u2013 Pedro, 51 let.<\/p>\n<\/blockquote>\n\n\n\n<h4 class=\"wp-block-heading\">MobiSaver \u2013 Obnova fotografi\u00ed a dat \ud83d\udee0\ufe0f\ud83d\udcf2<\/h4>\n\n\n\n<p>MobiSaver vynik\u00e1 svou snadnou pou\u017eitelnost\u00ed a \u0161irokou \u0161k\u00e1lou soubor\u016f, kter\u00e9 dok\u00e1\u017ee obnovit, v\u010detn\u011b fotografi\u00ed a vide\u00ed.<\/p>\n\n\n\n<p>Je ide\u00e1ln\u00ed pro ty, kte\u0159\u00ed hledaj\u00ed rychl\u00e9 a praktick\u00e9 \u0159e\u0161en\u00ed.<\/p>\n\n\n\n<p><strong>V\u00fdhody:<\/strong><\/p>\n\n\n\n<ul class=\"wp-block-list\">\n<li>Obnovte fotografie, zpr\u00e1vy, videa a dal\u0161\u00ed data.<\/li>\n\n\n\n<li>U\u017eivatelsky p\u0159\u00edv\u011btiv\u00e9 rozhran\u00ed a rychl\u00fd proces obnovy.<\/li>\n\n\n\n<li>K dispozici pro Android i iOS.<\/li>\n<\/ul>\n\n\n\n<p><strong>Za\u0159\u00edzen\u00ed:<\/strong> Najd\u011bte MobiSaver na <strong>Obchod Google Play<\/strong> vlna <strong>Obchod Apple<\/strong>, postupujte podle pokyn\u016f a za\u010dn\u011bte obnovovat sv\u00e9 vzpom\u00ednky b\u011bhem n\u011bkolika minut.<\/p>\n\n\n\n<p><strong>Co \u0159\u00edkaj\u00ed u\u017eivatel\u00e9?<\/strong><\/p>\n\n\n\n<blockquote class=\"wp-block-quote\">\n<p>\u201eMyslela jsem, \u017ee m\u00e9 svatebn\u00ed fotografie jsou pry\u010d, ale MobiSaver je z\u00edskal zp\u011bt! Jsem nad\u0161en\u00e1.\u201c \u2013 Joana, 38 let.<\/p>\n<\/blockquote>\n\n\n\n<h3 class=\"wp-block-heading\">Co \u0159\u00edkaj\u00ed u\u017eivatel\u00e9 \ud83d\udde3\ufe0f\ud83d\udcac<\/h3>\n\n\n\n<p>Tyto aplikace jsou u\u017eivateli vysoce hodnoceny.<\/p>\n\n\n\n<p>Lid\u00e9 sd\u00edlej\u00ed vzru\u0161uj\u00edc\u00ed p\u0159\u00edb\u011bhy o tom, jak se jim poda\u0159ilo naj\u00edt zp\u011bt fotografie zvl\u00e1\u0161tn\u00edch okam\u017eik\u016f, o kter\u00fdch si mysleli, \u017ee jsou nav\u017edy ztracen\u00e9.<\/p>\n\n\n\n<p>Od rodinn\u00fdch fotografi\u00ed a\u017e po vzpom\u00ednky z dovolen\u00e9, reference se shoduj\u00ed: tyto aplikace d\u011blaj\u00ed z\u00e1zraky! \u2728<\/p>\n\n\n<div class=\"wp-block-image\">\n<figure class=\"aligncenter size-full\"><img loading=\"lazy\" decoding=\"async\" width=\"550\" height=\"350\" src=\"http:\/\/universofamilia.com\/wp-content\/uploads\/sites\/148\/2024\/10\/DESTAQUE-UNIVERSO-550-x-350-4-3.jpg\" alt=\"\" class=\"wp-image-7056\" srcset=\"https:\/\/universofamilia.com\/wp-content\/uploads\/sites\/148\/2024\/10\/DESTAQUE-UNIVERSO-550-x-350-4-3.jpg 550w, https:\/\/universofamilia.com\/wp-content\/uploads\/sites\/148\/2024\/10\/DESTAQUE-UNIVERSO-550-x-350-4-3-300x191.jpg 300w\" sizes=\"(max-width: 550px) 100vw, 550px\" \/><figcaption class=\"wp-element-caption\">Obnovte si ztracen\u00e9 vzpom\u00ednky \ud83d\udcf8\u2728<\/figcaption><\/figure><\/div>\n\n\n<h3 class=\"wp-block-heading\">Z\u00e1v\u011br: Obnovte si sv\u00e9 ztracen\u00e9 vzpom\u00ednky hned te\u010f! \ud83d\ude80\ud83d\udca1<\/h3>\n\n\n\n<p>Pokud jste n\u011bkdy ztratili d\u016fle\u017eitou fotografii, v\u00edte, jak bolestiv\u00e9 to m\u016f\u017ee b\u00fdt.<\/p>\n\n\n\n<p>Ale s pomoc\u00ed t\u011bchto \u00fa\u017easn\u00fdch aplikac\u00ed si m\u016f\u017eete tyto vz\u00e1cn\u00e9 vzpom\u00ednky p\u0159ipomenout.<\/p>\n\n\n\n<p>Neztr\u00e1cejte dal\u0161\u00ed \u010das a za\u010dn\u011bte s obnovou sv\u00fdch fotografi\u00ed hned te\u010f!<\/p>\n\n\n\n<h3 class=\"wp-block-heading\">Odkazy ke sta\u017een\u00ed \u2013 Zajist\u011bte si sv\u00e9 vzpom\u00ednky je\u0161t\u011b dnes! \ud83d\udd17\ud83d\udee1\ufe0f<\/h3>\n\n\n\n<ul class=\"wp-block-list\">\n<li><strong>Obnova fotografi\u00ed z DiskDiggeru<\/strong> pro - <a href=\"https:\/\/play.google.com\/store\/apps\/details?id=com.defianttech.diskdigger&amp;hl=en_US\">Android<\/a> \/ <a href=\"https:\/\/apps.apple.com\/al\/app\/photo-recovery-deleted-phone\/id1482562954\">iOS<\/a><\/li>\n\n\n\n<li><strong>Undeleter Obnova soubor\u016f a dat<\/strong> pro - <a href=\"https:\/\/play.google.com\/store\/apps\/details?id=inshot.data.recovery.restore.deleted.data.diskdigger&amp;hl=en_US\">Android<\/a> \/ <a href=\"https:\/\/support.apple.com\/pt-br\/guide\/icloud\/mmae56ea1ca5\/icloud\">iOS<\/a><\/li>\n\n\n\n<li><strong>MobiSaver - Obnova fotografi\u00ed a dat<\/strong> pro - <a href=\"https:\/\/play.google.com\/store\/apps\/details?id=com.easeus.mobisaver&amp;hl=pt_BR\">Android<\/a> \/ <a href=\"https:\/\/apps.apple.com\/us\/app\/easeus-data-recovery-wizard\/id740355970?mt=12\">iOS<\/a><\/li>\n<\/ul>\n\n\n\n<hr class=\"wp-block-separator has-alpha-channel-opacity\" \/>\n\n\n\n<h3 class=\"wp-block-heading\">\u010casto kladen\u00e9 ot\u00e1zky (FAQ) \u2753\ud83e\udd14<\/h3>\n\n\n\n<p><strong>Jak funguj\u00ed aplikace pro obnovu fotografi\u00ed?<\/strong> Aplikace pro obnovu dat prohled\u00e1vaj\u00ed pam\u011b\u0165 va\u0161eho za\u0159\u00edzen\u00ed a hledaj\u00ed stopy smazan\u00fdch soubor\u016f. V z\u00e1vislosti na tom, jak d\u00e1vno to bylo a jak jste za\u0159\u00edzen\u00ed pou\u017e\u00edvali, m\u016f\u017ee b\u00fdt mo\u017en\u00e9 tyto smazan\u00e9 fotografie obnovit.<\/p>\n\n\n\n<p><strong>Je bezpe\u010dn\u00e9 pou\u017e\u00edvat tyto aplikace?<\/strong> Ano, v\u0161echny zm\u00edn\u011bn\u00e9 aplikace jsou bezpe\u010dn\u00e9 a \u0161iroce pou\u017e\u00edvan\u00e9 miliony u\u017eivatel\u016f. Je v\u0161ak d\u016fle\u017eit\u00e9 stahovat si je z ofici\u00e1ln\u00edch zdroj\u016f, jako je Google Play nebo App Store, abyste se vyhnuli ned\u016fv\u011bryhodn\u00fdm verz\u00edm.<\/p>\n\n\n\n<p><strong>Mohu obnovit fotografie, kter\u00e9 byly d\u00e1vno smaz\u00e1ny?<\/strong> Z\u00e1le\u017e\u00ed na tom, jak jste za\u0159\u00edzen\u00ed pou\u017e\u00edvali od doby, kdy byly fotografie smaz\u00e1ny. Pokud jste nep\u0159epsali mnoho dat, je \u0161ance na obnoven\u00ed vy\u0161\u0161\u00ed.<\/p>\n\n\n\n<p><strong>Funguj\u00ed aplikace i s jin\u00fdmi typy soubor\u016f?<\/strong> Samoz\u0159ejm\u011b! Krom\u011b fotografi\u00ed dok\u00e1\u017e\u00ed tyto aplikace obnovit tak\u00e9 videa, dokumenty a dal\u0161\u00ed typy smazan\u00fdch soubor\u016f.<\/p>\n\n\n\n<p><strong>Co m\u00e1m d\u011blat, kdy\u017e aplikace nenajde m\u00e9 fotografie?<\/strong> Pokud aplikace nem\u016f\u017ee naj\u00edt va\u0161e fotografie, m\u016f\u017eete vyzkou\u0161et jinou aplikaci ze seznamu nebo se ujistit, \u017ee jste od smaz\u00e1n\u00ed za\u0159\u00edzen\u00ed nep\u0159epsali p\u0159\u00edli\u0161 mnoho dat.<\/p>","protected":false},"excerpt":{"rendered":"<p>\u00bfRecuerdas esa foto especial que, por accidente, eliminaste de tu celular? O quiz\u00e1s esa incre\u00edble aventura cuyo \u00fanico recuerdo digital desapareci\u00f3 en un abrir y cerrar de ojos. La verdad es que, en este mundo digital, todos corremos el riesgo de perder recuerdos valiosos. Pero, \u00bfy si te dijera que hay una soluci\u00f3n? \u00a1S\u00ed! Puedes [&hellip;]<\/p>","protected":false},"author":139,"featured_media":7056,"comment_status":"closed","ping_status":"open","sticky":false,"template":"","format":"standard","meta":{"footnotes":""},"categories":[5],"tags":[345,621,767,1103,1369,1376],"yoast_head":"<!-- This site is optimized with the Yoast SEO plugin v23.3 - https:\/\/yoast.com\/wordpress\/plugins\/seo\/ -->\n<title>Recupera tus memorias perdidas \ud83d\udcf8\u2728 - Universo Fam\u00edlia<\/title>\n<meta name=\"description\" content=\"Recupera tus memorias perdidas \ud83d\udcf8\u2728. \u00bfRecuerdas esa foto especial que, por accidente, eliminaste de tu celular?O quiz\u00e1s esa incre\u00edble...\" \/>\n<meta name=\"robots\" content=\"index, follow, max-snippet:-1, max-image-preview:large, max-video-preview:-1\" \/>\n<link rel=\"canonical\" href=\"https:\/\/universofamilia.com\/cs\/recupera-tus-memorias-perdidas\/\" \/>\n<meta property=\"og:locale\" content=\"cs_CZ\" \/>\n<meta property=\"og:type\" content=\"article\" \/>\n<meta property=\"og:title\" content=\"Recupera tus memorias perdidas \ud83d\udcf8\u2728 - Universo Fam\u00edlia\" \/>\n<meta property=\"og:description\" content=\"Recupera tus memorias perdidas \ud83d\udcf8\u2728. \u00bfRecuerdas esa foto especial que, por accidente, eliminaste de tu celular?O quiz\u00e1s esa incre\u00edble...\" \/>\n<meta property=\"og:url\" content=\"https:\/\/universofamilia.com\/cs\/recupera-tus-memorias-perdidas\/\" \/>\n<meta property=\"og:site_name\" content=\"Universo Fam\u00edlia\" \/>\n<meta property=\"article:published_time\" content=\"2024-10-22T12:34:58+00:00\" \/>\n<meta property=\"article:modified_time\" content=\"2025-01-28T16:29:32+00:00\" \/>\n<meta property=\"og:image\" content=\"https:\/\/universofamilia.com\/wp-content\/uploads\/sites\/148\/2024\/10\/DESTAQUE-UNIVERSO-550-x-350-4-3.jpg\" \/>\n\t<meta property=\"og:image:width\" content=\"550\" \/>\n\t<meta property=\"og:image:height\" content=\"350\" \/>\n\t<meta property=\"og:image:type\" content=\"image\/jpeg\" \/>\n<meta name=\"author\" content=\"Pedro Henrique\" \/>\n<meta name=\"twitter:card\" content=\"summary_large_image\" \/>\n<meta name=\"twitter:label1\" content=\"Written by\" \/>\n\t<meta name=\"twitter:data1\" content=\"Pedro Henrique\" \/>\n\t<meta name=\"twitter:label2\" content=\"Est. reading time\" \/>\n\t<meta name=\"twitter:data2\" content=\"7 minut\" \/>\n<script type=\"application\/ld+json\" class=\"yoast-schema-graph\">{\"@context\":\"https:\/\/schema.org\",\"@graph\":[{\"@type\":\"WebPage\",\"@id\":\"https:\/\/universofamilia.com\/recupera-tus-memorias-perdidas\/\",\"url\":\"https:\/\/universofamilia.com\/recupera-tus-memorias-perdidas\/\",\"name\":\"Recupera tus memorias perdidas \ud83d\udcf8\u2728 - Universo Fam\u00edlia\",\"isPartOf\":{\"@id\":\"https:\/\/universofamilia.com\/el\/#website\"},\"primaryImageOfPage\":{\"@id\":\"https:\/\/universofamilia.com\/recupera-tus-memorias-perdidas\/#primaryimage\"},\"image\":{\"@id\":\"https:\/\/universofamilia.com\/recupera-tus-memorias-perdidas\/#primaryimage\"},\"thumbnailUrl\":\"https:\/\/universofamilia.com\/wp-content\/uploads\/sites\/148\/2024\/10\/DESTAQUE-UNIVERSO-550-x-350-4-3.jpg\",\"datePublished\":\"2024-10-22T12:34:58+00:00\",\"dateModified\":\"2025-01-28T16:29:32+00:00\",\"author\":{\"@id\":\"https:\/\/universofamilia.com\/el\/#\/schema\/person\/f07ce98187dd84d31154262e79b3b7ca\"},\"description\":\"Recupera tus memorias perdidas \ud83d\udcf8\u2728. \u00bfRecuerdas esa foto especial que, por accidente, eliminaste de tu celular?O quiz\u00e1s esa incre\u00edble...\",\"breadcrumb\":{\"@id\":\"https:\/\/universofamilia.com\/recupera-tus-memorias-perdidas\/#breadcrumb\"},\"inLanguage\":\"cs\",\"potentialAction\":[{\"@type\":\"ReadAction\",\"target\":[\"https:\/\/universofamilia.com\/recupera-tus-memorias-perdidas\/\"]}]},{\"@type\":\"ImageObject\",\"inLanguage\":\"cs\",\"@id\":\"https:\/\/universofamilia.com\/recupera-tus-memorias-perdidas\/#primaryimage\",\"url\":\"https:\/\/universofamilia.com\/wp-content\/uploads\/sites\/148\/2024\/10\/DESTAQUE-UNIVERSO-550-x-350-4-3.jpg\",\"contentUrl\":\"https:\/\/universofamilia.com\/wp-content\/uploads\/sites\/148\/2024\/10\/DESTAQUE-UNIVERSO-550-x-350-4-3.jpg\",\"width\":550,\"height\":350,\"caption\":\"Recupera tus memorias perdidas \ud83d\udcf8\u2728\"},{\"@type\":\"BreadcrumbList\",\"@id\":\"https:\/\/universofamilia.com\/recupera-tus-memorias-perdidas\/#breadcrumb\",\"itemListElement\":[{\"@type\":\"ListItem\",\"position\":1,\"name\":\"Home\",\"item\":\"https:\/\/universofamilia.com\/el\/\"},{\"@type\":\"ListItem\",\"position\":2,\"name\":\"Recupera tus memorias perdidas \ud83d\udcf8\u2728\"}]},{\"@type\":\"WebSite\",\"@id\":\"https:\/\/universofamilia.com\/el\/#website\",\"url\":\"https:\/\/universofamilia.com\/el\/\",\"name\":\"Universo Fam\u00edlia\",\"description\":\"\",\"potentialAction\":[{\"@type\":\"SearchAction\",\"target\":{\"@type\":\"EntryPoint\",\"urlTemplate\":\"https:\/\/universofamilia.com\/el\/?s={search_term_string}\"},\"query-input\":\"required name=search_term_string\"}],\"inLanguage\":\"cs\"},{\"@type\":\"Person\",\"@id\":\"https:\/\/universofamilia.com\/el\/#\/schema\/person\/f07ce98187dd84d31154262e79b3b7ca\",\"name\":\"Pedro Henrique\",\"image\":{\"@type\":\"ImageObject\",\"inLanguage\":\"cs\",\"@id\":\"https:\/\/universofamilia.com\/el\/#\/schema\/person\/image\/\",\"url\":\"https:\/\/secure.gravatar.com\/avatar\/9edfeb808cb4e1599f64d6e45b130154?s=96&d=mm&r=g\",\"contentUrl\":\"https:\/\/secure.gravatar.com\/avatar\/9edfeb808cb4e1599f64d6e45b130154?s=96&d=mm&r=g\",\"caption\":\"Pedro Henrique\"},\"url\":\"https:\/\/universofamilia.com\/cs\/author\/editor01\/\"}]}<\/script>\n<!-- \/ Yoast SEO plugin. -->","yoast_head_json":{"title":"Recupera tus memorias perdidas \ud83d\udcf8\u2728 - Universo Fam\u00edlia","description":"Recupera tus memorias perdidas \ud83d\udcf8\u2728. \u00bfRecuerdas esa foto especial que, por accidente, eliminaste de tu celular?O quiz\u00e1s esa incre\u00edble...","robots":{"index":"index","follow":"follow","max-snippet":"max-snippet:-1","max-image-preview":"max-image-preview:large","max-video-preview":"max-video-preview:-1"},"canonical":"https:\/\/universofamilia.com\/cs\/recupera-tus-memorias-perdidas\/","og_locale":"cs_CZ","og_type":"article","og_title":"Recupera tus memorias perdidas \ud83d\udcf8\u2728 - Universo Fam\u00edlia","og_description":"Recupera tus memorias perdidas \ud83d\udcf8\u2728. \u00bfRecuerdas esa foto especial que, por accidente, eliminaste de tu celular?O quiz\u00e1s esa incre\u00edble...","og_url":"https:\/\/universofamilia.com\/cs\/recupera-tus-memorias-perdidas\/","og_site_name":"Universo Fam\u00edlia","article_published_time":"2024-10-22T12:34:58+00:00","article_modified_time":"2025-01-28T16:29:32+00:00","og_image":[{"width":550,"height":350,"url":"https:\/\/universofamilia.com\/wp-content\/uploads\/sites\/148\/2024\/10\/DESTAQUE-UNIVERSO-550-x-350-4-3.jpg","type":"image\/jpeg"}],"author":"Pedro Henrique","twitter_card":"summary_large_image","twitter_misc":{"Written by":"Pedro Henrique","Est. reading time":"7 minut"},"schema":{"@context":"https:\/\/schema.org","@graph":[{"@type":"WebPage","@id":"https:\/\/universofamilia.com\/recupera-tus-memorias-perdidas\/","url":"https:\/\/universofamilia.com\/recupera-tus-memorias-perdidas\/","name":"Recupera tus memorias perdidas \ud83d\udcf8\u2728 - Universo Fam\u00edlia","isPartOf":{"@id":"https:\/\/universofamilia.com\/el\/#website"},"primaryImageOfPage":{"@id":"https:\/\/universofamilia.com\/recupera-tus-memorias-perdidas\/#primaryimage"},"image":{"@id":"https:\/\/universofamilia.com\/recupera-tus-memorias-perdidas\/#primaryimage"},"thumbnailUrl":"https:\/\/universofamilia.com\/wp-content\/uploads\/sites\/148\/2024\/10\/DESTAQUE-UNIVERSO-550-x-350-4-3.jpg","datePublished":"2024-10-22T12:34:58+00:00","dateModified":"2025-01-28T16:29:32+00:00","author":{"@id":"https:\/\/universofamilia.com\/el\/#\/schema\/person\/f07ce98187dd84d31154262e79b3b7ca"},"description":"Recupera tus memorias perdidas \ud83d\udcf8\u2728. \u00bfRecuerdas esa foto especial que, por accidente, eliminaste de tu celular?O quiz\u00e1s esa incre\u00edble...","breadcrumb":{"@id":"https:\/\/universofamilia.com\/recupera-tus-memorias-perdidas\/#breadcrumb"},"inLanguage":"cs","potentialAction":[{"@type":"ReadAction","target":["https:\/\/universofamilia.com\/recupera-tus-memorias-perdidas\/"]}]},{"@type":"ImageObject","inLanguage":"cs","@id":"https:\/\/universofamilia.com\/recupera-tus-memorias-perdidas\/#primaryimage","url":"https:\/\/universofamilia.com\/wp-content\/uploads\/sites\/148\/2024\/10\/DESTAQUE-UNIVERSO-550-x-350-4-3.jpg","contentUrl":"https:\/\/universofamilia.com\/wp-content\/uploads\/sites\/148\/2024\/10\/DESTAQUE-UNIVERSO-550-x-350-4-3.jpg","width":550,"height":350,"caption":"Recupera tus memorias perdidas \ud83d\udcf8\u2728"},{"@type":"BreadcrumbList","@id":"https:\/\/universofamilia.com\/recupera-tus-memorias-perdidas\/#breadcrumb","itemListElement":[{"@type":"ListItem","position":1,"name":"Home","item":"https:\/\/universofamilia.com\/el\/"},{"@type":"ListItem","position":2,"name":"Recupera tus memorias perdidas \ud83d\udcf8\u2728"}]},{"@type":"WebSite","@id":"https:\/\/universofamilia.com\/el\/#website","url":"https:\/\/universofamilia.com\/el\/","name":"Universo Fam\u00edlia","description":"","potentialAction":[{"@type":"SearchAction","target":{"@type":"EntryPoint","urlTemplate":"https:\/\/universofamilia.com\/el\/?s={search_term_string}"},"query-input":"required name=search_term_string"}],"inLanguage":"cs"},{"@type":"Person","@id":"https:\/\/universofamilia.com\/el\/#\/schema\/person\/f07ce98187dd84d31154262e79b3b7ca","name":"Pedro Henrique","image":{"@type":"ImageObject","inLanguage":"cs","@id":"https:\/\/universofamilia.com\/el\/#\/schema\/person\/image\/","url":"https:\/\/secure.gravatar.com\/avatar\/9edfeb808cb4e1599f64d6e45b130154?s=96&d=mm&r=g","contentUrl":"https:\/\/secure.gravatar.com\/avatar\/9edfeb808cb4e1599f64d6e45b130154?s=96&d=mm&r=g","caption":"Pedro Henrique"},"url":"https:\/\/universofamilia.com\/cs\/author\/editor01\/"}]}},"_links":{"self":[{"href":"https:\/\/universofamilia.com\/cs\/wp-json\/wp\/v2\/posts\/7055"}],"collection":[{"href":"https:\/\/universofamilia.com\/cs\/wp-json\/wp\/v2\/posts"}],"about":[{"href":"https:\/\/universofamilia.com\/cs\/wp-json\/wp\/v2\/types\/post"}],"author":[{"embeddable":true,"href":"https:\/\/universofamilia.com\/cs\/wp-json\/wp\/v2\/users\/139"}],"replies":[{"embeddable":true,"href":"https:\/\/universofamilia.com\/cs\/wp-json\/wp\/v2\/comments?post=7055"}],"version-history":[{"count":1,"href":"https:\/\/universofamilia.com\/cs\/wp-json\/wp\/v2\/posts\/7055\/revisions"}],"predecessor-version":[{"id":8441,"href":"https:\/\/universofamilia.com\/cs\/wp-json\/wp\/v2\/posts\/7055\/revisions\/8441"}],"wp:featuredmedia":[{"embeddable":true,"href":"https:\/\/universofamilia.com\/cs\/wp-json\/wp\/v2\/media\/7056"}],"wp:attachment":[{"href":"https:\/\/universofamilia.com\/cs\/wp-json\/wp\/v2\/media?parent=7055"}],"wp:term":[{"taxonomy":"category","embeddable":true,"href":"https:\/\/universofamilia.com\/cs\/wp-json\/wp\/v2\/categories?post=7055"},{"taxonomy":"post_tag","embeddable":true,"href":"https:\/\/universofamilia.com\/cs\/wp-json\/wp\/v2\/tags?post=7055"}],"curies":[{"name":"wp","href":"https:\/\/api.w.org\/{rel}","templated":true}]}}