{"id":7059,"date":"2024-10-22T10:40:20","date_gmt":"2024-10-22T13:40:20","guid":{"rendered":"https:\/\/universofamilia.com\/?p=7059"},"modified":"2026-04-15T11:13:03","modified_gmt":"2026-04-15T14:13:03","slug":"recuperando-memorias-perdidas-una-emocionante-jornada","status":"publish","type":"post","link":"https:\/\/universofamilia.com\/cs\/recuperando-memorias-perdidas-una-emocionante-jornada\/","title":{"rendered":"Obnoven\u00ed ztracen\u00fdch vzpom\u00ednek: vzru\u0161uj\u00edc\u00ed cesta"},"content":{"rendered":"<p>V\u0161ichni jsme to za\u017eili: ten moment paniky, kdy\u017e si uv\u011bdom\u00edme, \u017ee z telefonu zmizela d\u016fle\u017eit\u00e1 fotka.<\/p>\n\n\n\n<p>Kdo neztratil cennou fotografii z v\u00fdletu, zvl\u00e1\u0161tn\u00edho okam\u017eiku s rodinou nebo prost\u011b jen tu spont\u00e1nn\u00ed fotku s p\u0159\u00e1teli?<\/p>\n\n\n\n<p>Zd\u00e1 se, \u017ee je v\u0161echno pry\u010d, \u017ee?<\/p>\n\n\n\n<p>Ale nebojte se! V dne\u0161n\u00ed dob\u011b, s pokro\u010dilou technologi\u00ed, m\u016f\u017eete obnovit ztracen\u00e9 vzpom\u00ednky jen n\u011bkolika klepnut\u00edmi na obrazovku telefonu.<\/p>\n\n\n\n<p>Poj\u010fme se spole\u010dn\u011b vydat na tuto cestu a objevit nejlep\u0161\u00ed aplikace pro z\u00e1chranu va\u0161ich fotografi\u00ed.<\/p>\n\n\n\n<h3 class=\"wp-block-heading\">D\u016fle\u017eitost \u017e\u00e1dosti o vym\u00e1h\u00e1n\u00ed pohled\u00e1vky<\/h3>\n\n\n\n<p>P\u0159em\u00fd\u0161leli jste n\u011bkdy o tom, jak \u00fazce jsou na\u0161e vzpom\u00ednky spjaty s fotografiemi, kter\u00e9 po\u0159izujeme?<\/p>\n\n\n\n<p>\u017dijeme v digit\u00e1ln\u00ed dob\u011b, kde je ka\u017ed\u00fd okam\u017eik zachycen a ulo\u017een na mobiln\u00edm za\u0159\u00edzen\u00ed.<\/p>\n\n\n\n<p>Ztr\u00e1ta t\u011bchto vzpom\u00ednek m\u016f\u017ee b\u00fdt nep\u0159\u00edjemn\u00e1.<\/p>\n\n\n\n<p><\/p>\n\n\n\n<hr class=\"wp-block-separator has-text-color has-luminous-vivid-orange-color has-alpha-channel-opacity has-luminous-vivid-orange-background-color has-background\" \/>\n\n\n\n<h3 class=\"wp-block-heading\">\u010ct\u011bte tak\u00e9:<\/h3>\n\n\n\n<ul class=\"wp-block-list has-small-font-size\">\n<li class=\"has-medium-font-size\"><a href=\"https:\/\/universofamilia.com\/cs\/6898\/leer-la-biblia-catolica-en-tu-celular\/\"><font style=\"vertical-align: inherit\"><font style=\"vertical-align: inherit\">\ud83d\udccc \u010ct\u011bte katolickou Bibli na sv\u00e9m mobiln\u00edm telefonu<\/font><\/font> &gt;<\/a><\/li>\n\n\n\n<li class=\"has-medium-font-size\"><a href=\"https:\/\/universofamilia.com\/cs\/6855\/grabar-llamadas-recibidas\/\">\ud83d\udccc Nahr\u00e1v\u00e1n\u00ed p\u0159\u00edchoz\u00edch hovor\u016f &gt;<\/a><\/li>\n\n\n\n<li class=\"has-medium-font-size\"><a href=\"https:\/\/universofamilia.com\/cs\/6832\/aplicacion-para-bailar-zumba\/\">\ud83d\udccc Aplikace pro tane\u010dn\u00ed zumbu &gt;<\/a><\/li>\n\n\n\n<li class=\"has-medium-font-size\"><a href=\"https:\/\/universofamilia.com\/cs\/6952\/descubre-quien-visita-tu-perfil-redes-sociales\/\">\ud83d\udccc Zjist\u011bte, kdo nav\u0161t\u011bvuje v\u00e1\u0161 profil na soci\u00e1ln\u00edch s\u00edt\u00edch &gt;<\/a><\/li>\n<\/ul>\n\n\n\n<hr class=\"wp-block-separator has-text-color has-luminous-vivid-orange-color has-alpha-channel-opacity has-luminous-vivid-orange-background-color has-background\" \/>\n\n\n\n<p><\/p>\n\n\n\n<p>A pr\u00e1v\u011b zde p\u0159ich\u00e1zej\u00ed na \u0159adu aplikace pro obnovu dat, ti skute\u010dn\u00ed neop\u011bvovan\u00ed hrdinov\u00e9, kte\u0159\u00ed zachra\u0148uj\u00ed situaci a vracej\u00ed n\u00e1m ty vz\u00e1cn\u00e9 obr\u00e1zky, o kter\u00fdch jsme si mysleli, \u017ee je u\u017e nikdy neuvid\u00edme.<\/p>\n\n\n\n<p>Ale jak si vybrat tu nejlep\u0161\u00ed aplikaci? Poj\u010fme to zjistit!<\/p>\n\n\n\n<h3 class=\"wp-block-heading\">Nezn\u00e1m\u00ed hrdinov\u00e9: Aplikace pro zotaven\u00ed<\/h3>\n\n\n\n<p>Existuje mnoho aplikac\u00ed, kter\u00e9 slibuj\u00ed obnoven\u00ed va\u0161ich fotografi\u00ed. Ot\u00e1zkou je: kter\u00e9 z nich sv\u00e9 sliby skute\u010dn\u011b spln\u00ed?<\/p>\n\n\n\n<p>Poj\u010fme si pohovo\u0159it o t\u0159ech, kter\u00e9 na trhu vynikaj\u00ed a pomohly tis\u00edc\u016fm lid\u00ed obnovit jejich vzpom\u00ednky. Jsou to: <strong>DiskDigger<\/strong>, <strong>Obnoven\u00ed<\/strong> a <strong>MobiSaver<\/strong>.<\/p>\n\n\n\n<p>Ka\u017ed\u00fd z nich m\u00e1 sv\u00e9 vlastn\u00ed jedine\u010dn\u00e9 vlastnosti, ale v\u0161echny maj\u00ed jedno spole\u010dn\u00e9: schopnost v\u00e1m znovu uvolnit d\u00fdch\u00e1n\u00ed.<\/p>\n\n\n\n<h3 class=\"wp-block-heading\">Pro\u010d m\u00edt aplikaci pro obnovu fotografi\u00ed?<\/h3>\n\n\n\n<p>Pokud jste n\u011bkdy ztratili fotky, v\u00edte, jak frustruj\u00edc\u00ed to m\u016f\u017ee b\u00fdt. Ale pokud se v\u00e1m to je\u0161t\u011b nestalo, tady je tip: bu\u010fte p\u0159ipraveni!<\/p>\n\n\n\n<p>M\u00edt aplikaci pro obnoven\u00ed v telefonu je jako m\u00edt poji\u0161t\u011bn\u00ed pro sv\u00e9 vzpom\u00ednky.<\/p>\n\n\n\n<p>Krom\u011b snadn\u00e9ho pou\u017eit\u00ed mohou tyto aplikace znamenat rozd\u00edl mezi trvalou ztr\u00e1tou obr\u00e1zku a jeho obnoven\u00edm pouh\u00fdmi n\u011bkolika kliknut\u00edmi.<\/p>\n\n\n\n<p>A je\u0161t\u011b lep\u0161\u00ed je, \u017ee mnoho z t\u011bchto aplikac\u00ed funguje tak\u00e9 na obnov\u011b vide\u00ed, dokument\u016f a dal\u0161\u00edch d\u016fle\u017eit\u00fdch soubor\u016f.<\/p>\n\n\n\n<h3 class=\"wp-block-heading\">Tipy pro \u00fasp\u011b\u0161n\u00e9 zotaven\u00ed<\/h3>\n\n\n\n<ul class=\"wp-block-list\">\n<li><strong>Okam\u017eit\u011b p\u0159esta\u0148te pou\u017e\u00edvat mobiln\u00ed telefon.<\/strong> pot\u00e9, co si v\u0161imnete, \u017ee jste ztratili fotografii. \u010c\u00edm m\u00e9n\u011b za\u0159\u00edzen\u00ed pou\u017e\u00edv\u00e1te, t\u00edm v\u011bt\u0161\u00ed je \u0161ance na jej\u00ed obnoven\u00ed.<\/li>\n\n\n\n<li><strong>Pravideln\u011b z\u00e1lohujte<\/strong> va\u0161ich fotografi\u00ed, pokud je to mo\u017en\u00e9. M\u016f\u017ee se to zd\u00e1t samoz\u0159ejm\u00e9, ale mnoho lid\u00ed na to zapom\u00edn\u00e1.<\/li>\n\n\n\n<li><strong>Pou\u017e\u00edvejte v\u00edce ne\u017e jednu aplikaci<\/strong> obnoven\u00ed v p\u0159\u00edpad\u011b pot\u0159eby. N\u011bkdy to, co jedna aplikace nenajde, dok\u00e1\u017ee jin\u00e1.<\/li>\n<\/ul>\n\n\n\n<h3 class=\"wp-block-heading\">\u00da\u017easn\u00e9 aplikace pro obnovu fotografi\u00ed!<\/h3>\n\n\n\n<p>Nyn\u00ed, kdy\u017e v\u00edte, jak d\u016fle\u017eit\u00e9 je obnovit si vzpom\u00ednky, a m\u00e1te n\u011bkolik tip\u016f, jak maximalizovat \u00fasp\u011bch, poj\u010fme se hloub\u011bji pod\u00edvat na t\u0159i aplikace, kter\u00e9 jsme zm\u00ednili v\u00fd\u0161e.<\/p>\n\n\n\n<p>Jsou extr\u00e9mn\u011b efektivn\u00ed a jejich funkce podporuj\u00ed tis\u00edce u\u017eivatel\u016f.<\/p>\n\n\n\n<h3 class=\"wp-block-heading\"><strong>Obnova fotografi\u00ed z DiskDiggeru<\/strong><\/h3>\n\n\n\n<p><strong>DiskDigger<\/strong> Je to jedna z nejzn\u00e1m\u011bj\u0161\u00edch aplikac\u00ed pro obnovu fotografi\u00ed.<\/p>\n\n\n\n<p>Prohledejte pam\u011b\u0165 za\u0159\u00edzen\u00ed a vyhledejte soubory, kter\u00e9 byly smaz\u00e1ny, a to i p\u0159ed dlouhou dobou.<\/p>\n\n\n\n<p>Jednou z jeho hlavn\u00edch v\u00fdhod je, \u017ee nab\u00edz\u00ed dva re\u017eimy obnovy: z\u00e1kladn\u00ed (pro ned\u00e1vno smazan\u00e9 fotografie) a pokro\u010dil\u00fd (pro soubory smazan\u00e9 d\u0159\u00edve nebo ve slo\u017eit\u011bj\u0161\u00edch situac\u00edch).<\/p>\n\n\n\n<p><strong>V\u00fdhody:<\/strong><\/p>\n\n\n\n<ul class=\"wp-block-list\">\n<li>Snadn\u00e9 pou\u017eit\u00ed.<\/li>\n\n\n\n<li>Nab\u00edz\u00ed r\u016fzn\u00e9 \u00farovn\u011b regenerace.<\/li>\n\n\n\n<li>Funguje to jak pro fotografie, tak pro jin\u00e9 typy soubor\u016f.<\/li>\n<\/ul>\n\n\n\n<p><strong>U\u017eivatelsk\u00e9 recenze:<\/strong><\/p>\n\n\n\n<ol class=\"wp-block-list\">\n<li>\u201eZtratil jsem v\u0161echny svatebn\u00ed fotografie, ale s DiskDiggerem se mi je poda\u0159ilo t\u00e9m\u011b\u0159 v\u0161echny obnovit. Velmi snadn\u00e9 pou\u017eit\u00ed, v\u0159ele doporu\u010duji!\u201c <em>Carla S.<\/em><\/li>\n\n\n\n<li>\u201eVynikaj\u00edc\u00ed aplikace! Nev\u011bd\u011bl jsem, \u017ee n\u011bco tak jednoduch\u00e9ho dok\u00e1\u017ee vy\u0159e\u0161it tak velk\u00fd probl\u00e9m.\u201c <em>Luk\u00e1\u0161 M.<\/em><\/li>\n\n\n\n<li>\u201eFunguje to, jak jsem sl\u00edbil. Stoj\u00ed to za ka\u017edou korunu!\u201c <em>Marie J.<\/em><\/li>\n<\/ol>\n\n\n\n<h3 class=\"wp-block-heading\"><strong>Undeleter Obnova soubor\u016f a dat<\/strong><\/h3>\n\n\n\n<p><strong>Obnoven\u00ed<\/strong> je dal\u0161\u00ed vynikaj\u00edc\u00ed aplikac\u00ed, pokud jde o obnovu dat.<\/p>\n\n\n\n<p>Nejen\u017ee obnovuje smazan\u00e9 fotografie, ale je tak\u00e9 efektivn\u00ed p\u0159i obnov\u011b dokument\u016f a dal\u0161\u00edch soubor\u016f, kter\u00e9 jste mohli ztratit.<\/p>\n\n\n\n<p>Zaj\u00edmavou funkc\u00ed je, \u017ee umo\u017e\u0148uje zobrazit n\u00e1hled obnoven\u00fdch soubor\u016f, tak\u017ee si m\u016f\u017eete vybrat pouze to, na \u010dem skute\u010dn\u011b z\u00e1le\u017e\u00ed.<\/p>\n\n\n\n<p><strong>V\u00fdhody:<\/strong><\/p>\n\n\n\n<ul class=\"wp-block-list\">\n<li>Obnovuje r\u016fzn\u00e9 typy soubor\u016f.<\/li>\n\n\n\n<li>N\u00e1hled p\u0159ed obnoven\u00edm.<\/li>\n\n\n\n<li>Jednoduch\u00e9 a intuitivn\u00ed rozhran\u00ed.<\/li>\n<\/ul>\n\n\n\n<p><strong>U\u017eivatelsk\u00e9 recenze:<\/strong><\/p>\n\n\n\n<ol class=\"wp-block-list\">\n<li>\u201eTato aplikace m\u011b zachr\u00e1nila, kdy\u017e jsem omylem smazal cestovn\u00ed fotky. Doporu\u010duji ji v\u0161em!\u201c <em>Juan F.<\/em><\/li>\n\n\n\n<li>\u201eFunguje to perfektn\u011b. Dokonce obnovilo soubory, kter\u00e9 jsem smazal p\u0159ed m\u011bs\u00edci.\u201c \u2013 <em>Ana P.<\/em><\/li>\n\n\n\n<li>\u201eSkv\u011bl\u00e9 pro fotky a dokumenty, v\u0161e jsem obnovil bez probl\u00e9m\u016f!\u201c \u2013 <em>Bruno G.<\/em><\/li>\n<\/ol>\n\n\n\n<h3 class=\"wp-block-heading\"><strong>MobiSaver - Obnova fotografi\u00ed a dat<\/strong><\/h3>\n\n\n\n<p><strong>MobiSaver<\/strong> Je to perfektn\u00ed \u0159e\u0161en\u00ed pro ty, kte\u0159\u00ed cht\u011bj\u00ed obnovit nejen fotografie, ale i videa, zpr\u00e1vy a dal\u0161\u00ed data.<\/p>\n\n\n\n<p>Aplikace se snadno pou\u017e\u00edv\u00e1 a m\u00e1 velmi intuitivn\u00ed rozhran\u00ed, tak\u017ee obnoven\u00ed je snadn\u00e9 i pro ty, kte\u0159\u00ed nejsou p\u0159\u00edli\u0161 technicky zdatn\u00ed.<\/p>\n\n\n\n<p><strong>V\u00fdhody:<\/strong><\/p>\n\n\n\n<ul class=\"wp-block-list\">\n<li>Obnovuje r\u016fzn\u00e9 typy soubor\u016f.<\/li>\n\n\n\n<li>Snadn\u00e1 navigace, a to i pro za\u010d\u00e1te\u010dn\u00edky.<\/li>\n\n\n\n<li>Funguje to jak pro fotografie, tak pro videa a dal\u0161\u00ed data.<\/li>\n<\/ul>\n\n\n\n<p><strong>U\u017eivatelsk\u00e9 recenze:<\/strong><\/p>\n\n\n\n<ol class=\"wp-block-list\">\n<li>\u201eTato aplikace obnovila star\u00e9 fotky, kter\u00e9 jsem u\u017e nikdy nevid\u011bla. Neuv\u011b\u0159iteln\u00e9!\u201c <em>Sofie D.<\/em><\/li>\n\n\n\n<li>\u201eSkv\u011bl\u00e1 aplikace. Velmi snadno se pou\u017e\u00edv\u00e1, a to i pro ty, kte\u0159\u00ed nejsou technicky zdatn\u00ed.\u201c \u2013 <em>Pedro A.<\/em><\/li>\n\n\n\n<li>\u201eByl jsem ohromen kvalitou obnovy. Zachr\u00e1nila m\u011b p\u0159ed ztr\u00e1tou d\u016fle\u017eit\u00fdch fotografi\u00ed z telefonu.\u201c <em>Julie R.<\/em><\/li>\n<\/ol>\n\n\n<div class=\"wp-block-image\">\n<figure class=\"aligncenter size-full\"><img loading=\"lazy\" decoding=\"async\" width=\"550\" height=\"350\" src=\"http:\/\/universofamilia.com\/wp-content\/uploads\/sites\/148\/2024\/10\/DESTAQUE-UNIVERSO-550-x-350-3-6.jpg\" alt=\"\" class=\"wp-image-7060\" srcset=\"https:\/\/universofamilia.com\/wp-content\/uploads\/sites\/148\/2024\/10\/DESTAQUE-UNIVERSO-550-x-350-3-6.jpg 550w, https:\/\/universofamilia.com\/wp-content\/uploads\/sites\/148\/2024\/10\/DESTAQUE-UNIVERSO-550-x-350-3-6-300x191.jpg 300w\" sizes=\"(max-width: 550px) 100vw, 550px\" \/><figcaption class=\"wp-element-caption\">Obnoven\u00ed ztracen\u00fdch vzpom\u00ednek: vzru\u0161uj\u00edc\u00ed cesta<\/figcaption><\/figure><\/div>\n\n\n<h3 class=\"wp-block-heading\">Z\u00e1v\u011br: Obnovte si ztracen\u00e9 vzpom\u00ednky hned te\u010f!<\/h3>\n\n\n\n<p>Jak jsme vid\u011bli, ztr\u00e1ta d\u016fle\u017eit\u00fdch fotografi\u00ed a soubor\u016f nemus\u00ed b\u00fdt konec sv\u011bta.<\/p>\n\n\n\n<p>S aplikacemi jako <strong>DiskDigger<\/strong>, <strong>Obnoven\u00ed<\/strong> a <strong>MobiSaver<\/strong>, m\u00e1te mo\u017enost obnovit ty vz\u00e1cn\u00e9 vzpom\u00ednky a znovu pro\u017e\u00edt zvl\u00e1\u0161tn\u00ed okam\u017eiky.<\/p>\n\n\n\n<p>Ne\u010dekejte d\u00e9le, st\u00e1hn\u011bte si jednoho z t\u011bchto digit\u00e1ln\u00edch hrdin\u016f je\u0161t\u011b dnes a bu\u010fte p\u0159ipraveni na jakoukoli eventualitu!<\/p>\n\n\n\n<h3 class=\"wp-block-heading\">Kde tyto digit\u00e1ln\u00ed hrdiny naj\u00edt?<\/h3>\n\n\n\n<ul class=\"wp-block-list\">\n<li><strong>Obnova fotografi\u00ed z DiskDiggeru<\/strong> pro - <a href=\"https:\/\/play.google.com\/store\/\">Android<\/a> \/ <a href=\"https:\/\/apps.apple.com\/us\/iphone\/today\">iOS<\/a><\/li>\n\n\n\n<li><strong>Undeleter Obnova soubor\u016f a dat<\/strong> pro - <a href=\"https:\/\/play.google.com\/store\/\">Android<\/a> \/ <a href=\"https:\/\/apps.apple.com\/us\/iphone\/today\">iOS<\/a><\/li>\n\n\n\n<li><strong>MobiSaver - Obnova fotografi\u00ed a dat<\/strong> pro - <a href=\"https:\/\/play.google.com\/store\/\">Android<\/a> \/ <a href=\"https:\/\/apps.apple.com\/us\/iphone\/today\">iOS<\/a><\/li>\n<\/ul>\n\n\n\n<p>Tak na co je\u0161t\u011b \u010dek\u00e1te? Nenechte sv\u00e9 vzpom\u00ednky ztratit v \u010dase. Pou\u017eijte tyto \u00fa\u017easn\u00e9 aplikace a sd\u00edlejte tento tip se sv\u00fdmi p\u0159\u00e1teli!<\/p>\n\n\n\n<hr class=\"wp-block-separator has-alpha-channel-opacity\" \/>\n\n\n\n<h3 class=\"wp-block-heading\"><strong>\u010casto kladen\u00e9 ot\u00e1zky (FAQ)<\/strong><\/h3>\n\n\n\n<p><strong>1. Mohu obnovit fotografie, kter\u00e9 byly smaz\u00e1ny u\u017e d\u00e1vno?<\/strong><br>Ano, aplikace jako <strong>DiskDigger<\/strong> a <strong>Obnoven\u00ed<\/strong> Nab\u00edzej\u00ed pokro\u010dil\u00e9 re\u017eimy obnovy, kter\u00e9 v\u00e1m umo\u017en\u00ed naj\u00edt fotografie, kter\u00e9 byly smaz\u00e1ny ji\u017e d\u00e1vno. \u010c\u00edm d\u0159\u00edve aplikaci pou\u017eijete, t\u00edm v\u011bt\u0161\u00ed je \u0161ance na obnoven\u00ed.<\/p>\n\n\n\n<p><strong>2. Jsou tyto aplikace snadno pou\u017eiteln\u00e9 pro za\u010d\u00e1te\u010dn\u00edky?<\/strong><br>Rozhodn\u011b. V\u0161echny zm\u00edn\u011bn\u00e9 aplikace, jako nap\u0159\u00edklad <strong>MobiSaver<\/strong>, jsou navr\u017eeny s intuitivn\u00edm rozhran\u00edm, kter\u00e9 usnad\u0148uje obnovu fotografi\u00ed i lidem s mal\u00fdmi technick\u00fdmi zku\u0161enostmi.<\/p>\n\n\n\n<p><strong>3. Mohu obnovit i jin\u00e9 typy soubor\u016f ne\u017e fotografie?<\/strong><br>Ano. Krom\u011b fotografi\u00ed, aplikace jako <strong>Obnoven\u00ed<\/strong> a <strong>MobiSaver<\/strong> Dok\u00e1\u017eou tak\u00e9 obnovit videa, zpr\u00e1vy a dokumenty, co\u017e je \u010din\u00ed velmi v\u0161estrann\u00fdmi.<\/p>\n\n\n\n<p><strong>4. Je bezpe\u010dn\u00e9 pou\u017e\u00edvat tyto aplikace?<\/strong><br>Ano, v\u0161echny aplikace zm\u00edn\u011bn\u00e9 v tomto \u010dl\u00e1nku jsou bezpe\u010dn\u00e9 a byly dob\u0159e hodnoceny tis\u00edci u\u017eivatel\u016f v obchodech s aplikacemi. Doporu\u010duje se v\u0161ak stahovat je pouze z ofici\u00e1ln\u00edch obchod\u016f, abyste p\u0159ede\u0161li probl\u00e9m\u016fm.<\/p>\n\n\n\n<p><strong>5. Co m\u00e1m d\u011blat, kdy\u017e aplikace nenajde m\u00e9 fotografie?<\/strong><br>Pokud se v\u00e1m s obnovou fotografi\u00ed pomoc\u00ed jedn\u00e9 aplikace nepoda\u0159\u00ed, doporu\u010dujeme vyzkou\u0161et jinou. N\u011bkdy se st\u00e1v\u00e1, \u017ee co jedna aplikace nenajde, dok\u00e1\u017ee jin\u00e1. D\u016fle\u017eit\u00e9 je tak\u00e9 ihned po smaz\u00e1n\u00ed fotografi\u00ed p\u0159estat za\u0159\u00edzen\u00ed pou\u017e\u00edvat, abyste zv\u00fd\u0161ili \u0161ance na \u00fasp\u011bch.<\/p>","protected":false},"excerpt":{"rendered":"<p>V\u0161ichni jsme si to u\u017e n\u011bkdy u\u017eili: ten moment paniky, kdy si uv\u011bdom\u00edme, \u017ee z telefonu zmizela d\u016fle\u017eit\u00e1 fotografie. Kdo neztratil drahocenn\u00fd sn\u00edmek z v\u00fdletu, zvl\u00e1\u0161tn\u00edho okam\u017eiku s rodinou nebo jen tak spont\u00e1nn\u00ed focen\u00ed s p\u0159\u00e1teli? Zd\u00e1 se, \u017ee je v\u0161echno pry\u010d, \u017ee? Ale nebojte se! [\u2026]<\/p>","protected":false},"author":139,"featured_media":7060,"comment_status":"closed","ping_status":"open","sticky":false,"template":"","format":"standard","meta":{"footnotes":""},"categories":[2],"tags":[217,621,767,1111,1389,1394],"yoast_head":"<!-- This site is optimized with the Yoast SEO plugin v23.3 - https:\/\/yoast.com\/wordpress\/plugins\/seo\/ -->\n<title>Recuperando memorias perdidas: una emocionante jornada - Universo Fam\u00edlia<\/title>\n<meta name=\"description\" content=\"Recuperando memorias perdidas: una emocionante jornada. Todos hemos pasado por eso: ese momento de p\u00e1nico cuando nos damos...\" \/>\n<meta name=\"robots\" content=\"index, follow, max-snippet:-1, max-image-preview:large, max-video-preview:-1\" \/>\n<link rel=\"canonical\" href=\"https:\/\/universofamilia.com\/cs\/recuperando-memorias-perdidas-una-emocionante-jornada\/\" \/>\n<meta property=\"og:locale\" content=\"cs_CZ\" \/>\n<meta property=\"og:type\" content=\"article\" \/>\n<meta property=\"og:title\" content=\"Recuperando memorias perdidas: una emocionante jornada - Universo Fam\u00edlia\" \/>\n<meta property=\"og:description\" content=\"Recuperando memorias perdidas: una emocionante jornada. Todos hemos pasado por eso: ese momento de p\u00e1nico cuando nos damos...\" \/>\n<meta property=\"og:url\" content=\"https:\/\/universofamilia.com\/cs\/recuperando-memorias-perdidas-una-emocionante-jornada\/\" \/>\n<meta property=\"og:site_name\" content=\"Universo Fam\u00edlia\" \/>\n<meta property=\"article:published_time\" content=\"2024-10-22T13:40:20+00:00\" \/>\n<meta property=\"article:modified_time\" content=\"2026-04-15T14:13:03+00:00\" \/>\n<meta property=\"og:image\" content=\"http:\/\/universofamilia.com\/wp-content\/uploads\/sites\/148\/2024\/10\/DESTAQUE-UNIVERSO-550-x-350-3-6.jpg\" \/>\n\t<meta property=\"og:image:width\" content=\"550\" \/>\n\t<meta property=\"og:image:height\" content=\"350\" \/>\n\t<meta property=\"og:image:type\" content=\"image\/jpeg\" \/>\n<meta name=\"author\" content=\"Pedro Henrique\" \/>\n<meta name=\"twitter:card\" content=\"summary_large_image\" \/>\n<meta name=\"twitter:label1\" content=\"Written by\" \/>\n\t<meta name=\"twitter:data1\" content=\"Pedro Henrique\" \/>\n\t<meta name=\"twitter:label2\" content=\"Est. reading time\" \/>\n\t<meta name=\"twitter:data2\" content=\"7 minut\" \/>\n<script type=\"application\/ld+json\" class=\"yoast-schema-graph\">{\"@context\":\"https:\/\/schema.org\",\"@graph\":[{\"@type\":\"WebPage\",\"@id\":\"http:\/\/universofamilia.com\/recuperando-memorias-perdidas-una-emocionante-jornada\/\",\"url\":\"http:\/\/universofamilia.com\/recuperando-memorias-perdidas-una-emocionante-jornada\/\",\"name\":\"Recuperando memorias perdidas: una emocionante jornada - Universo Fam\u00edlia\",\"isPartOf\":{\"@id\":\"https:\/\/universofamilia.com\/el\/#website\"},\"primaryImageOfPage\":{\"@id\":\"http:\/\/universofamilia.com\/recuperando-memorias-perdidas-una-emocionante-jornada\/#primaryimage\"},\"image\":{\"@id\":\"http:\/\/universofamilia.com\/recuperando-memorias-perdidas-una-emocionante-jornada\/#primaryimage\"},\"thumbnailUrl\":\"https:\/\/universofamilia.com\/wp-content\/uploads\/sites\/148\/2024\/10\/DESTAQUE-UNIVERSO-550-x-350-3-6.jpg\",\"datePublished\":\"2024-10-22T13:40:20+00:00\",\"dateModified\":\"2026-04-15T14:13:03+00:00\",\"author\":{\"@id\":\"https:\/\/universofamilia.com\/el\/#\/schema\/person\/f07ce98187dd84d31154262e79b3b7ca\"},\"description\":\"Recuperando memorias perdidas: una emocionante jornada. Todos hemos pasado por eso: ese momento de p\u00e1nico cuando nos damos...\",\"breadcrumb\":{\"@id\":\"http:\/\/universofamilia.com\/recuperando-memorias-perdidas-una-emocionante-jornada\/#breadcrumb\"},\"inLanguage\":\"cs\",\"potentialAction\":[{\"@type\":\"ReadAction\",\"target\":[\"http:\/\/universofamilia.com\/recuperando-memorias-perdidas-una-emocionante-jornada\/\"]}]},{\"@type\":\"ImageObject\",\"inLanguage\":\"cs\",\"@id\":\"http:\/\/universofamilia.com\/recuperando-memorias-perdidas-una-emocionante-jornada\/#primaryimage\",\"url\":\"https:\/\/universofamilia.com\/wp-content\/uploads\/sites\/148\/2024\/10\/DESTAQUE-UNIVERSO-550-x-350-3-6.jpg\",\"contentUrl\":\"https:\/\/universofamilia.com\/wp-content\/uploads\/sites\/148\/2024\/10\/DESTAQUE-UNIVERSO-550-x-350-3-6.jpg\",\"width\":550,\"height\":350,\"caption\":\"Recuperando memorias perdidas: una emocionante jornada\"},{\"@type\":\"BreadcrumbList\",\"@id\":\"http:\/\/universofamilia.com\/recuperando-memorias-perdidas-una-emocionante-jornada\/#breadcrumb\",\"itemListElement\":[{\"@type\":\"ListItem\",\"position\":1,\"name\":\"Home\",\"item\":\"https:\/\/universofamilia.com\/el\/\"},{\"@type\":\"ListItem\",\"position\":2,\"name\":\"Recuperando memorias perdidas: una emocionante jornada\"}]},{\"@type\":\"WebSite\",\"@id\":\"https:\/\/universofamilia.com\/el\/#website\",\"url\":\"https:\/\/universofamilia.com\/el\/\",\"name\":\"Universo Fam\u00edlia\",\"description\":\"\",\"potentialAction\":[{\"@type\":\"SearchAction\",\"target\":{\"@type\":\"EntryPoint\",\"urlTemplate\":\"https:\/\/universofamilia.com\/el\/?s={search_term_string}\"},\"query-input\":\"required name=search_term_string\"}],\"inLanguage\":\"cs\"},{\"@type\":\"Person\",\"@id\":\"https:\/\/universofamilia.com\/el\/#\/schema\/person\/f07ce98187dd84d31154262e79b3b7ca\",\"name\":\"Pedro Henrique\",\"image\":{\"@type\":\"ImageObject\",\"inLanguage\":\"cs\",\"@id\":\"https:\/\/universofamilia.com\/el\/#\/schema\/person\/image\/\",\"url\":\"https:\/\/secure.gravatar.com\/avatar\/9edfeb808cb4e1599f64d6e45b130154?s=96&d=mm&r=g\",\"contentUrl\":\"https:\/\/secure.gravatar.com\/avatar\/9edfeb808cb4e1599f64d6e45b130154?s=96&d=mm&r=g\",\"caption\":\"Pedro Henrique\"},\"url\":\"https:\/\/universofamilia.com\/cs\/author\/editor01\/\"}]}<\/script>\n<!-- \/ Yoast SEO plugin. -->","yoast_head_json":{"title":"Recuperando memorias perdidas: una emocionante jornada - Universo Fam\u00edlia","description":"Recuperando memorias perdidas: una emocionante jornada. Todos hemos pasado por eso: ese momento de p\u00e1nico cuando nos damos...","robots":{"index":"index","follow":"follow","max-snippet":"max-snippet:-1","max-image-preview":"max-image-preview:large","max-video-preview":"max-video-preview:-1"},"canonical":"https:\/\/universofamilia.com\/cs\/recuperando-memorias-perdidas-una-emocionante-jornada\/","og_locale":"cs_CZ","og_type":"article","og_title":"Recuperando memorias perdidas: una emocionante jornada - Universo Fam\u00edlia","og_description":"Recuperando memorias perdidas: una emocionante jornada. Todos hemos pasado por eso: ese momento de p\u00e1nico cuando nos damos...","og_url":"https:\/\/universofamilia.com\/cs\/recuperando-memorias-perdidas-una-emocionante-jornada\/","og_site_name":"Universo Fam\u00edlia","article_published_time":"2024-10-22T13:40:20+00:00","article_modified_time":"2026-04-15T14:13:03+00:00","og_image":[{"width":550,"height":350,"url":"http:\/\/universofamilia.com\/wp-content\/uploads\/sites\/148\/2024\/10\/DESTAQUE-UNIVERSO-550-x-350-3-6.jpg","type":"image\/jpeg"}],"author":"Pedro Henrique","twitter_card":"summary_large_image","twitter_misc":{"Written by":"Pedro Henrique","Est. reading time":"7 minut"},"schema":{"@context":"https:\/\/schema.org","@graph":[{"@type":"WebPage","@id":"http:\/\/universofamilia.com\/recuperando-memorias-perdidas-una-emocionante-jornada\/","url":"http:\/\/universofamilia.com\/recuperando-memorias-perdidas-una-emocionante-jornada\/","name":"Recuperando memorias perdidas: una emocionante jornada - Universo Fam\u00edlia","isPartOf":{"@id":"https:\/\/universofamilia.com\/el\/#website"},"primaryImageOfPage":{"@id":"http:\/\/universofamilia.com\/recuperando-memorias-perdidas-una-emocionante-jornada\/#primaryimage"},"image":{"@id":"http:\/\/universofamilia.com\/recuperando-memorias-perdidas-una-emocionante-jornada\/#primaryimage"},"thumbnailUrl":"https:\/\/universofamilia.com\/wp-content\/uploads\/sites\/148\/2024\/10\/DESTAQUE-UNIVERSO-550-x-350-3-6.jpg","datePublished":"2024-10-22T13:40:20+00:00","dateModified":"2026-04-15T14:13:03+00:00","author":{"@id":"https:\/\/universofamilia.com\/el\/#\/schema\/person\/f07ce98187dd84d31154262e79b3b7ca"},"description":"Recuperando memorias perdidas: una emocionante jornada. Todos hemos pasado por eso: ese momento de p\u00e1nico cuando nos damos...","breadcrumb":{"@id":"http:\/\/universofamilia.com\/recuperando-memorias-perdidas-una-emocionante-jornada\/#breadcrumb"},"inLanguage":"cs","potentialAction":[{"@type":"ReadAction","target":["http:\/\/universofamilia.com\/recuperando-memorias-perdidas-una-emocionante-jornada\/"]}]},{"@type":"ImageObject","inLanguage":"cs","@id":"http:\/\/universofamilia.com\/recuperando-memorias-perdidas-una-emocionante-jornada\/#primaryimage","url":"https:\/\/universofamilia.com\/wp-content\/uploads\/sites\/148\/2024\/10\/DESTAQUE-UNIVERSO-550-x-350-3-6.jpg","contentUrl":"https:\/\/universofamilia.com\/wp-content\/uploads\/sites\/148\/2024\/10\/DESTAQUE-UNIVERSO-550-x-350-3-6.jpg","width":550,"height":350,"caption":"Recuperando memorias perdidas: una emocionante jornada"},{"@type":"BreadcrumbList","@id":"http:\/\/universofamilia.com\/recuperando-memorias-perdidas-una-emocionante-jornada\/#breadcrumb","itemListElement":[{"@type":"ListItem","position":1,"name":"Home","item":"https:\/\/universofamilia.com\/el\/"},{"@type":"ListItem","position":2,"name":"Recuperando memorias perdidas: una emocionante jornada"}]},{"@type":"WebSite","@id":"https:\/\/universofamilia.com\/el\/#website","url":"https:\/\/universofamilia.com\/el\/","name":"Universo Fam\u00edlia","description":"","potentialAction":[{"@type":"SearchAction","target":{"@type":"EntryPoint","urlTemplate":"https:\/\/universofamilia.com\/el\/?s={search_term_string}"},"query-input":"required name=search_term_string"}],"inLanguage":"cs"},{"@type":"Person","@id":"https:\/\/universofamilia.com\/el\/#\/schema\/person\/f07ce98187dd84d31154262e79b3b7ca","name":"Pedro Henrique","image":{"@type":"ImageObject","inLanguage":"cs","@id":"https:\/\/universofamilia.com\/el\/#\/schema\/person\/image\/","url":"https:\/\/secure.gravatar.com\/avatar\/9edfeb808cb4e1599f64d6e45b130154?s=96&d=mm&r=g","contentUrl":"https:\/\/secure.gravatar.com\/avatar\/9edfeb808cb4e1599f64d6e45b130154?s=96&d=mm&r=g","caption":"Pedro Henrique"},"url":"https:\/\/universofamilia.com\/cs\/author\/editor01\/"}]}},"_links":{"self":[{"href":"https:\/\/universofamilia.com\/cs\/wp-json\/wp\/v2\/posts\/7059"}],"collection":[{"href":"https:\/\/universofamilia.com\/cs\/wp-json\/wp\/v2\/posts"}],"about":[{"href":"https:\/\/universofamilia.com\/cs\/wp-json\/wp\/v2\/types\/post"}],"author":[{"embeddable":true,"href":"https:\/\/universofamilia.com\/cs\/wp-json\/wp\/v2\/users\/139"}],"replies":[{"embeddable":true,"href":"https:\/\/universofamilia.com\/cs\/wp-json\/wp\/v2\/comments?post=7059"}],"version-history":[{"count":2,"href":"https:\/\/universofamilia.com\/cs\/wp-json\/wp\/v2\/posts\/7059\/revisions"}],"predecessor-version":[{"id":10753,"href":"https:\/\/universofamilia.com\/cs\/wp-json\/wp\/v2\/posts\/7059\/revisions\/10753"}],"wp:featuredmedia":[{"embeddable":true,"href":"https:\/\/universofamilia.com\/cs\/wp-json\/wp\/v2\/media\/7060"}],"wp:attachment":[{"href":"https:\/\/universofamilia.com\/cs\/wp-json\/wp\/v2\/media?parent=7059"}],"wp:term":[{"taxonomy":"category","embeddable":true,"href":"https:\/\/universofamilia.com\/cs\/wp-json\/wp\/v2\/categories?post=7059"},{"taxonomy":"post_tag","embeddable":true,"href":"https:\/\/universofamilia.com\/cs\/wp-json\/wp\/v2\/tags?post=7059"}],"curies":[{"name":"wp","href":"https:\/\/api.w.org\/{rel}","templated":true}]}}