{"id":7281,"date":"2024-10-30T14:11:02","date_gmt":"2024-10-30T17:11:02","guid":{"rendered":"https:\/\/universofamilia.com\/?p=7281"},"modified":"2024-10-30T14:11:02","modified_gmt":"2024-10-30T17:11:02","slug":"quien-esta-interesado-en-ti","status":"publish","type":"post","link":"https:\/\/universofamilia.com\/cs\/quien-esta-interesado-en-ti\/","title":{"rendered":"Kdo m\u00e1 o tebe z\u00e1jem?"},"content":{"rendered":"<p>Zjist\u011bte, kdo v\u00e1s sleduje beze stopy. V\u00edce se dozv\u00edte v tomto \u010dl\u00e1nku!<\/p>\n\n\n\n<p>P\u0159em\u00fd\u0161leli jste n\u011bkdy o tom, kdo nav\u0161t\u011bvuje v\u00e1\u0161 profil na soci\u00e1ln\u00edch s\u00edt\u00edch?<\/p>\n\n\n\n<p>I kdy\u017e se to m\u016f\u017ee zd\u00e1t jako drobn\u00e1 kuriozita, pro mnoh\u00e9 je v\u011bd\u011bt, kdo si prohl\u00ed\u017e\u00ed obsah, kter\u00fd sd\u00edl\u00edme, zp\u016fsobem, jak m\u011b\u0159it na\u0161i relevanci a pochopit, kdo se o n\u00e1s skute\u010dn\u011b zaj\u00edm\u00e1.<\/p>\n\n\n\n<p>Poj\u010fme spole\u010dn\u011b prozkoumat tuto zv\u011bdavost a sezn\u00e1mit se s n\u011bkter\u00fdmi n\u00e1stroji a postupy, kter\u00e9 v\u00e1m mohou pomoci tuto aktivitu monitorovat, ani\u017e bychom zapom\u00ednali na d\u016fle\u017eitost soukrom\u00ed!<\/p>\n\n\n\n<h3 class=\"wp-block-heading\">Pro\u010d je d\u016fle\u017eit\u00e9 v\u011bd\u011bt, kdo si prohl\u00ed\u017eel v\u00e1\u0161 profil?<\/h3>\n\n\n\n<p>Zji\u0161t\u011bn\u00ed, kdo nav\u0161t\u011bvuje v\u00e1\u0161 profil, v\u00e1m m\u016f\u017ee poskytnout cenn\u00e9 informace o va\u0161em publiku, pomoci v\u00e1m vylep\u0161it va\u0161e p\u0159\u00edsp\u011bvky a l\u00e9pe porozum\u011bt va\u0161im sleduj\u00edc\u00edm, nebo dokonce uspokojit va\u0161i zv\u011bdavost.<\/p>\n\n\n\n<p>P\u0159edstavte si, \u017ee m\u00e1te firemn\u00ed profil a chcete v\u011bd\u011bt, kdo sleduje va\u0161e produkty; tato informace m\u016f\u017ee b\u00fdt kl\u00ed\u010dov\u00e1.<\/p>\n\n\n\n<p>A na osobn\u00edch profilech je tak\u00e9 zaj\u00edmav\u00e9 vid\u011bt, koho va\u0161e p\u0159\u00edsp\u011bvky zaj\u00edmaj\u00ed. Ale jak m\u016f\u017eeme v\u011bd\u011bt, kdo nav\u0161t\u011bvuje n\u00e1\u0161 profil?<\/p>\n\n\n\n<p><\/p>\n\n\n\n<hr class=\"wp-block-separator has-text-color has-luminous-vivid-orange-color has-alpha-channel-opacity has-luminous-vivid-orange-background-color has-background is-style-wide\"\/>\n\n\n\n<h3 class=\"wp-block-heading\">\u010ct\u011bte tak\u00e9:<\/h3>\n\n\n\n<ul class=\"wp-block-list has-small-font-size\">\n<li style=\"padding-top:0;padding-right:var(--wp--preset--spacing--40);padding-bottom:0;padding-left:var(--wp--preset--spacing--40);font-style:normal;font-weight:400\" class=\"has-medium-font-size\"><a href=\"https:\/\/universofamilia.com\/cs\/6855\/grabar-llamadas-recibidas\/\"><mark style=\"background-color:rgba(0, 0, 0, 0);color:#f94c45\" class=\"has-inline-color\">Nahr\u00e1v\u00e1n\u00ed p\u0159\u00edchoz\u00edch hovor\u016f &gt;<\/mark><\/a><\/li>\n\n\n\n<li style=\"padding-top:0;padding-right:var(--wp--preset--spacing--40);padding-bottom:0;padding-left:var(--wp--preset--spacing--40);font-style:normal;font-weight:400\" class=\"has-medium-font-size\"><a href=\"https:\/\/universofamilia.com\/cs\/6898\/leer-la-biblia-catolica-en-tu-celular\/\"><mark style=\"background-color:rgba(0, 0, 0, 0);color:#f94c45\" class=\"has-inline-color\"><font style=\"vertical-align: inherit;\"><font style=\"vertical-align: inherit;\">\u010ct\u011bte katolickou Bibli na sv\u00e9m mobiln\u00edm telefonu<\/font><\/font> &gt;<\/mark><\/a><\/li>\n\n\n\n<li style=\"padding-top:0;padding-right:var(--wp--preset--spacing--40);padding-bottom:0;padding-left:var(--wp--preset--spacing--40);font-style:normal;font-weight:400\" class=\"has-medium-font-size\"><a href=\"https:\/\/universofamilia.com\/cs\/6832\/aplicacion-para-bailar-zumba\/\"><mark style=\"background-color:rgba(0, 0, 0, 0);color:#f94c45\" class=\"has-inline-color\">Aplikace pro tane\u010dn\u00ed zumbu &gt;<\/mark><\/a><\/li>\n\n\n\n<li style=\"padding-top:0;padding-right:var(--wp--preset--spacing--40);padding-bottom:0;padding-left:var(--wp--preset--spacing--40);font-style:normal;font-weight:400\" class=\"has-medium-font-size\"><a href=\"https:\/\/universofamilia.com\/cs\/6952\/descubre-quien-visita-tu-perfil-redes-sociales\/\"><mark style=\"background-color:rgba(0, 0, 0, 0);color:#f94c45\" class=\"has-inline-color\">Zjist\u011bte, kdo nav\u0161t\u011bvuje v\u00e1\u0161 profil na soci\u00e1ln\u00edch s\u00edt\u00edch &gt;<\/mark><\/a><\/li>\n<\/ul>\n\n\n\n<hr class=\"wp-block-separator has-text-color has-luminous-vivid-orange-color has-alpha-channel-opacity has-luminous-vivid-orange-background-color has-background is-style-wide\"\/>\n\n\n\n<p><\/p>\n\n\n\n<h3 class=\"wp-block-heading\">Monitorov\u00e1n\u00ed n\u00e1v\u0161t\u011bv va\u0161eho profilu<\/h3>\n\n\n\n<p>N\u011bkter\u00e9 soci\u00e1ln\u00ed s\u00edt\u011b maj\u00ed p\u0159\u00edsn\u00e9 z\u00e1sady ochrany osobn\u00edch \u00fadaj\u016f, kter\u00e9 neumo\u017e\u0148uj\u00ed p\u0159\u00edm\u00fd p\u0159\u00edstup k t\u011bmto informac\u00edm.<\/p>\n\n\n\n<p>P\u0159esto existuj\u00ed zp\u016fsoby, jak l\u00e9pe pochopit, kdo interaguje s va\u0161\u00edm obsahem a profilem.<\/p>\n\n\n\n<p>N\u00e1stroje jako nap\u0159\u00edklad <strong>Sledova\u010d soci\u00e1ln\u00edch s\u00edt\u00ed<\/strong> v\u00e1m mohou tyto informace poskytnout, ani\u017e by to ohrozilo va\u0161i bezpe\u010dnost.<\/p>\n\n\n\n<h3 class=\"wp-block-heading\">Upozorn\u011bn\u00ed na pron\u00e1sledovatele: Jak zjistit, kdo v\u00e1s sleduje?<\/h3>\n\n\n\n<p>Je b\u011b\u017en\u00e9, \u017ee se div\u00edme, kdo diskr\u00e9tn\u011b nav\u0161t\u011bvuje n\u00e1\u0161 profil, ani\u017e by dal lajk nebo koment\u00e1\u0159.<\/p>\n\n\n\n<p>I kdy\u017e neexistuj\u00ed \u017e\u00e1dn\u00e9 aplikace, kter\u00e9 by zobrazovaly v\u0161echny podrobnosti o tom, kdo nav\u0161t\u011bvuje v\u00e1\u0161 profil, n\u011bkter\u00e9 n\u00e1stroje mohou odhalit zaj\u00edmav\u00e9 poznatky o aktivit\u011b na va\u0161em profilu.<\/p>\n\n\n\n<p>Tato data v\u00e1m mohou pomoci identifikovat ty, kte\u0159\u00ed v\u00e1\u0161 obsah jednodu\u0161e stalkinguj\u00ed nebo monitoruj\u00ed.<\/p>\n\n\n\n<h3 class=\"wp-block-heading\">Jak zjistit, kdo m\u00e1 z\u00e1jem o v\u00e1\u0161 obsah<\/h3>\n\n\n\n<p>Existuj\u00ed r\u016fzn\u00e9 n\u00e1stroje, kter\u00e9 v\u00e1m pomohou sledovat interakce a p\u0159\u00edstup k va\u0161emu profilu, nap\u0159\u00edklad <strong>Sledova\u010d soci\u00e1ln\u00edch s\u00edt\u00ed<\/strong>.<\/p>\n\n\n\n<p>Tato aplikace v\u00e1m umo\u017e\u0148uje analyzovat va\u0161e sleduj\u00edc\u00ed a l\u00e9pe pochopit, kdo s va\u0161\u00edm obsahem interaguje.<\/p>\n\n\n\n<ol class=\"wp-block-list\">\n<li><strong>Sledova\u010d soci\u00e1ln\u00edch s\u00edt\u00ed<\/strong> \u2013 Tato aplikace v\u00e1m poskytne podrobn\u00fd p\u0159ehled o tom, kdo interaguje s va\u0161\u00edm profilem, a poskytne data o lajc\u00edch a dokonce i o tom, kdo v\u00e1s p\u0159estal sledovat.<strong>V\u00fdhody soci\u00e1ln\u00edho trackeru<\/strong>:\n<ul class=\"wp-block-list\">\n<li>Analyzujte sv\u00e1 soci\u00e1ln\u00ed m\u00e9dia a poskytn\u011bte informace o zapojen\u00ed sv\u00fdch sleduj\u00edc\u00edch.<\/li>\n\n\n\n<li>Zobrazuje v\u00e1m nej\u010dast\u011bj\u0161\u00ed interakce a pom\u00e1h\u00e1 v\u00e1m identifikovat v\u011brn\u00e9 sleduj\u00edc\u00ed.<\/li>\n\n\n\n<li>Poskytuje podrobn\u00fd \u0159\u00eddic\u00ed panel pro sledov\u00e1n\u00ed zapojen\u00ed.<\/li>\n<\/ul>\n<\/li>\n\n\n\n<li><strong>Jak nainstalovat a pou\u017e\u00edvat<\/strong>: <strong>Sledova\u010d soci\u00e1ln\u00edch s\u00edt\u00ed<\/strong> Je k dispozici v App Storu a Google Play. Po sta\u017een\u00ed si vytvo\u0159te \u00fa\u010det a propojte sv\u00e9 soci\u00e1ln\u00ed s\u00edt\u011b, aby aplikace mohla za\u010d\u00edt analyzovat v\u00e1\u0161 profil.<\/li>\n<\/ol>\n\n\n\n<h3 class=\"wp-block-heading\">Soukrom\u00ed na soci\u00e1ln\u00edch s\u00edt\u00edch: Co pot\u0159ebujete v\u011bd\u011bt<\/h3>\n\n\n\n<p>Je nezbytn\u00e9 pochopit, do jak\u00e9 m\u00edry m\u016f\u017eeme sledovat, kdo m\u00e1 o n\u00e1\u0161 obsah z\u00e1jem.<\/p>\n\n\n\n<p>Mnoho soci\u00e1ln\u00edch s\u00edt\u00ed blokuje p\u0159\u00edstup k podrobn\u00fdm informac\u00edm o n\u00e1v\u0161t\u011bv\u00e1ch, aby chr\u00e1nily soukrom\u00ed u\u017eivatel\u016f.<\/p>\n\n\n\n<p>Nicm\u00e9n\u011b, s vyu\u017eit\u00edm analytick\u00fdch n\u00e1stroj\u016f, jako je nap\u0159. <strong>Sledova\u010d soci\u00e1ln\u00edch s\u00edt\u00ed<\/strong>, m\u016f\u017eete sledovat data o kompromitaci, ani\u017e byste ohrozili svou bezpe\u010dnost nebo bezpe\u010dnost ostatn\u00edch u\u017eivatel\u016f.<\/p>\n\n\n\n<h3 class=\"wp-block-heading\">M\u00fdtus o viditelnosti<\/h3>\n\n\n\n<p>V\u011bt\u0161ina soci\u00e1ln\u00edch s\u00edt\u00ed neposkytuje informace o tom, kdo p\u0159\u00edmo nav\u0161t\u011bvuje v\u00e1\u0161 profil, co\u017e vytv\u00e1\u0159\u00ed p\u0159ek\u00e1\u017eku pro ty, kte\u0159\u00ed cht\u011bj\u00ed n\u00e1v\u0161t\u011bvy sledovat.<\/p>\n\n\n\n<p>Pro\u010d tyto informace taj\u00ed?<\/p>\n\n\n\n<ol class=\"wp-block-list\">\n<li><strong>Soukrom\u00ed<\/strong>: Aby chr\u00e1nili soukrom\u00ed u\u017eivatel\u016f, omezuj\u00ed p\u0159\u00edstup k n\u00e1v\u0161t\u011bvn\u00edk\u016fm profilu.<\/li>\n\n\n\n<li><strong>P\u0159irozen\u00e1 interakce<\/strong>V\u011b\u0159\u00ed, \u017ee mo\u017enost \u201estalkingu\u201c stimuluje organickou a spont\u00e1nn\u00ed interakci.<\/li>\n\n\n\n<li><strong>Zabezpe\u010den\u00ed<\/strong>Omezen\u00ed tohoto typu informac\u00ed m\u016f\u017ee omezit ru\u0161iv\u00e9 chov\u00e1n\u00ed.<\/li>\n<\/ol>\n\n\n\n<h3 class=\"wp-block-heading\">Anal\u00fdza dat a poznatky: Jak pom\u00e1haj\u00ed n\u00e1stroje?<\/h3>\n\n\n\n<p><strong>Sledova\u010d soci\u00e1ln\u00edch s\u00edt\u00ed<\/strong> Nab\u00edz\u00ed podrobn\u00e9 informace, kter\u00e9 v\u00e1m umo\u017en\u00ed l\u00e9pe porozum\u011bt chov\u00e1n\u00ed va\u0161ich sleduj\u00edc\u00edch. S \u00fadaji o \u010detnosti lajk\u016f, koment\u00e1\u0159\u016f a dokonce i o tom, kdo v\u00e1s p\u0159estal sledovat, m\u016f\u017eete vyhodnotit dopad sv\u00e9ho obsahu a upravit sv\u00e9 strategie pro zlep\u0161en\u00ed zapojen\u00ed.<\/p>\n\n\n\n<h3 class=\"wp-block-heading\">Aspekty ochrany osobn\u00edch \u00fadaj\u016f: Chra\u0148te se p\u0159i pou\u017e\u00edv\u00e1n\u00ed analytick\u00fdch n\u00e1stroj\u016f<\/h3>\n\n\n\n<p>Pou\u017e\u00edv\u00e1n\u00ed monitorovac\u00edch aplikac\u00ed m\u016f\u017ee b\u00fdt skv\u011bl\u00fd n\u00e1pad, ale je z\u00e1sadn\u00ed vyhodnotit zabezpe\u010den\u00ed platformy.<\/p>\n\n\n\n<p>Ne ka\u017ed\u00fd m\u00e1 stejnou obavu ohledn\u011b ochrany dat.<\/p>\n\n\n\n<p>Vyb\u00edrejte si d\u016fv\u011bryhodn\u00e9 a vysoce hodnocen\u00e9 aplikace z ofici\u00e1ln\u00edch obchod\u016f, jako nap\u0159\u00edklad <strong>Sledova\u010d soci\u00e1ln\u00edch s\u00edt\u00ed<\/strong>, kter\u00fd se t\u011b\u0161\u00ed dobr\u00e9 pov\u011bsti a pozitivn\u00edm recenz\u00edm.<\/p>\n\n\n<div class=\"wp-block-image\">\n<figure class=\"aligncenter size-full\"><img loading=\"lazy\" decoding=\"async\" width=\"550\" height=\"350\" src=\"http:\/\/universofamilia.com\/wp-content\/uploads\/sites\/148\/2024\/10\/DESTAQUE-UNIVERSO-550-x-350-1-13.jpg\" alt=\"\" class=\"wp-image-7284\" srcset=\"https:\/\/universofamilia.com\/wp-content\/uploads\/sites\/148\/2024\/10\/DESTAQUE-UNIVERSO-550-x-350-1-13.jpg 550w, https:\/\/universofamilia.com\/wp-content\/uploads\/sites\/148\/2024\/10\/DESTAQUE-UNIVERSO-550-x-350-1-13-300x191.jpg 300w\" sizes=\"(max-width: 550px) 100vw, 550px\" \/><figcaption class=\"wp-element-caption\">Kdo m\u00e1 o tebe z\u00e1jem?<\/figcaption><\/figure><\/div>\n\n\n<h3 class=\"wp-block-heading\">Co \u0159\u00edkaj\u00ed u\u017eivatel\u00e9<\/h3>\n\n\n\n<p>Zde jsou n\u011bkter\u00e9 u\u017eivatelsk\u00e9 recenze o <strong>Sledova\u010d soci\u00e1ln\u00edch s\u00edt\u00ed<\/strong>:<\/p>\n\n\n\n<ul class=\"wp-block-list\">\n<li>\u201eTato aplikace mi opravdu pomohla l\u00e9pe pochopit, kdo se zaj\u00edm\u00e1 o m\u016fj obsah. Te\u010f v\u00edm, kter\u00e9 p\u0159\u00edsp\u011bvky maj\u00ed nejv\u011bt\u0161\u00ed dopad.\u201c \u2014 <em>Marie S.<\/em><\/li>\n\n\n\n<li>\u201eKone\u010dn\u011b aplikace, kter\u00e1 skute\u010dn\u011b funguje! Te\u010f m\u016f\u017eu snadno sledovat interakce na sv\u00e9m profilu.\u201c \u2014 <em>Carlos A.<\/em><\/li>\n\n\n\n<li>\u201ePou\u017e\u00edv\u00e1m Social Tracker, abych vid\u011bl, kdo reaguje na m\u00e9 p\u0159\u00edsp\u011bvky. Miluji jeho jednoduchost a informace, kter\u00e9 poskytuje.\u201c \u2014 <em>Joana M.<\/em><\/li>\n<\/ul>\n\n\n\n<h3 class=\"wp-block-heading\">Z\u00e1v\u011br: Pravda o viditelnosti va\u0161eho profilu na soci\u00e1ln\u00edch s\u00edt\u00edch<\/h3>\n\n\n\n<p>V\u011bd\u011bt, kdo nav\u0161t\u011bvuje v\u00e1\u0161 profil, je p\u0159irozen\u00e1 zv\u011bdavost, ale z\u00e1rove\u0148 to vyvol\u00e1v\u00e1 ot\u00e1zky t\u00fdkaj\u00edc\u00ed se soukrom\u00ed a bezpe\u010dnosti.<\/p>\n\n\n\n<p>S <strong>Sledova\u010d soci\u00e1ln\u00edch s\u00edt\u00ed<\/strong>, m\u016f\u017eete sledovat interakce, ani\u017e byste ohrozili data sv\u00fdch sleduj\u00edc\u00edch, a z\u00edskat cenn\u00e9 informace o tom, kdo o v\u00e1s m\u00e1 skute\u010dn\u00fd z\u00e1jem.<\/p>\n\n\n\n<h4 class=\"wp-block-heading\">Tipy pro zv\u00fd\u0161en\u00ed zapojen\u00ed bez obav ze stalker\u016f<\/h4>\n\n\n\n<p>Pokud chcete z\u00edskat relevanci a p\u0159il\u00e1kat v\u00edce sleduj\u00edc\u00edch, zam\u011b\u0159te se na kvalitn\u00ed obsah a autentick\u00e9 interakce.<\/p>\n\n\n\n<p>Reagujte na koment\u00e1\u0159e, sd\u00edlejte zaj\u00edmav\u00e9 p\u0159\u00edb\u011bhy a navazujte opravdov\u00e1 spojen\u00ed. S t\u011bmito strategiemi uvid\u00edte, jak se zapojen\u00ed p\u0159irozen\u011b zvy\u0161uje.<\/p>\n\n\n\n<p>Jste p\u0159ipraveni bezpe\u010dn\u011b sledovat sv\u00e9 interakce?<\/p>\n\n\n\n<p>St\u00e1hnout nyn\u00ed <strong>Sledova\u010d soci\u00e1ln\u00edch s\u00edt\u00ed<\/strong> a za\u010dn\u011bte zji\u0161\u0165ovat, kdo o v\u00e1s m\u00e1 skute\u010dn\u00fd z\u00e1jem.<\/p>\n\n\n\n<h4 class=\"wp-block-heading\">Odkazy ke sta\u017een\u00ed<\/h4>\n\n\n\n<ul class=\"wp-block-list\">\n<li><strong>Sledova\u010d soci\u00e1ln\u00edch s\u00edt\u00ed<\/strong>: <a href=\"https:\/\/apps.apple.com\/br\/app\/social-tracker\/id1189139278\">Obchod s aplikacemi<\/a> | <a href=\"https:\/\/play.google.com\/store\/apps\/details?id=com.mobiversite.lookAtMe&amp;hl=pt_BR&amp;pli=1\">Google Play<\/a><\/li>\n<\/ul>\n\n\n\n<hr class=\"wp-block-separator has-alpha-channel-opacity\"\/>\n\n\n\n<h3 class=\"wp-block-heading\">\u010casto kladen\u00e9 ot\u00e1zky (FAQ) o soci\u00e1ln\u00edch s\u00edt\u00edch<\/h3>\n\n\n\n<p><strong>1. Jak zjist\u00edm, kdo nav\u0161t\u011bvuje m\u016fj profil na Instagramu?<\/strong><br>Instagram nenab\u00edz\u00ed p\u0159\u00edm\u00e9 informace o tom, kdo nav\u0161t\u011bvuje v\u00e1\u0161 profil, ale m\u016f\u017eete vid\u011bt, kdo nejv\u00edce interaguje s va\u0161imi p\u0159\u00edsp\u011bvky. Existuj\u00ed extern\u00ed n\u00e1stroje, jako nap\u0159\u00edklad <strong>Sledova\u010d soci\u00e1ln\u00edch s\u00edt\u00ed<\/strong> kter\u00e9 pom\u00e1haj\u00ed analyzovat interakce, ale neodhaluj\u00ed konkr\u00e9tn\u00ed n\u00e1v\u0161t\u011bvn\u00edky.<\/p>\n\n\n\n<p><strong>2. Je bezpe\u010dn\u00e9 pou\u017e\u00edvat aplikace soci\u00e1ln\u00edch m\u00e9di\u00ed t\u0159et\u00edch stran?<\/strong><br>Bezpe\u010dnost z\u00e1vis\u00ed na reputaci aplikace. Je d\u016fle\u017eit\u00e9 pou\u017e\u00edvat d\u016fv\u011bryhodn\u00e9 aplikace s dobr\u00fdmi recenzemi v ofici\u00e1ln\u00edch obchodech, jako je App Store a Google Play. <strong>Sledova\u010d soci\u00e1ln\u00edch s\u00edt\u00ed<\/strong>.<\/p>\n\n\n\n<p><strong>3. Mohu vid\u011bt, kdo nav\u0161t\u011bvuje m\u016fj profil na Facebooku?<\/strong><br>Facebook neumo\u017e\u0148uje u\u017eivatel\u016fm vid\u011bt, kdo nav\u0161t\u011bvuje jejich profily. A\u010dkoli n\u011bkter\u00e9 aplikace tvrd\u00ed, \u017ee tyto informace poskytuj\u00ed, \u010dasto jsou zav\u00e1d\u011bj\u00edc\u00ed a nedodr\u017euj\u00ed z\u00e1sady ochrany osobn\u00edch \u00fadaj\u016f Facebooku.<\/p>\n\n\n\n<p><strong>4. Jak\u00e1 je nejlep\u0161\u00ed aplikace pro sledov\u00e1n\u00ed sleduj\u00edc\u00edch na soci\u00e1ln\u00edch s\u00edt\u00edch?<\/strong><br><strong>Sledova\u010d soci\u00e1ln\u00edch s\u00edt\u00ed<\/strong> Je to jedna z popul\u00e1rn\u00edch mo\u017enost\u00ed, kter\u00e1 v\u00e1m pom\u00e1h\u00e1 sledovat, kdo reaguje na va\u0161e p\u0159\u00edsp\u011bvky, a ukazuje, kdo v\u00e1s sleduje a kdo v\u00e1s p\u0159est\u00e1v\u00e1 sledovat, ani\u017e by to ohrozilo va\u0161e soukrom\u00ed.<\/p>\n\n\n\n<p><strong>5. Jak\u00e9 informace mohu z\u00edskat o sv\u00fdch sleduj\u00edc\u00edch na soci\u00e1ln\u00edch s\u00edt\u00edch?<\/strong><br>M\u016f\u017eete z\u00edskat p\u0159ehled o tom, kdo v\u00e1\u0161 obsah lajkuje, komentuje a sd\u00edl\u00ed, co\u017e je u\u017eite\u010dn\u00e9 pro zlep\u0161en\u00ed va\u0161ich strategi\u00ed pro publikov\u00e1n\u00ed a zv\u00fd\u0161en\u00ed zapojen\u00ed.<\/p>\n\n\n\n<p><strong>6. Jak mohu chr\u00e1nit sv\u00e9 soukrom\u00ed na soci\u00e1ln\u00edch s\u00edt\u00edch?<\/strong><br>Je d\u016fle\u017eit\u00e9 si zkontrolovat a upravit nastaven\u00ed soukrom\u00ed na ka\u017ed\u00e9 soci\u00e1ln\u00ed s\u00edti, omezit viditelnost sv\u00fdch p\u0159\u00edsp\u011bvk\u016f a vyhnout se pou\u017e\u00edv\u00e1n\u00ed aplikac\u00ed z pochybn\u00fdch zdroj\u016f, kter\u00e9 by mohly odhalit va\u0161e data.<\/p>\n\n\n\n<p><strong>7. Mohu vid\u011bt, kdo nav\u0161t\u011bvuje m\u016fj profil na LinkedInu?<\/strong><br>LinkedIn v\u00e1m v bezplatn\u00e9 verzi umo\u017e\u0148uje zobrazit n\u011bkter\u00e9 z lid\u00ed, kte\u0159\u00ed nav\u0161t\u00edvili v\u00e1\u0161 profil, a\u010dkoli pro zobrazen\u00ed \u00fapln\u00e9 zpr\u00e1vy je vy\u017eadov\u00e1n pr\u00e9miov\u00fd \u00fa\u010det.<\/p>","protected":false},"excerpt":{"rendered":"<p>Descubre qui\u00e9n te sigue sin dejar rastro. \u00a1Conoce m\u00e1s en este art\u00edculo! \u00bfAlguna vez te has preguntado qui\u00e9n visita tu perfil en redes sociales? Aunque parezca una curiosidad sin importancia, para muchos saber qui\u00e9n est\u00e1 observando el contenido que compartimos es una manera de medir nuestra relevancia y entender qui\u00e9n realmente muestra inter\u00e9s en nosotros. [&hellip;]<\/p>","protected":false},"author":0,"featured_media":7284,"comment_status":"closed","ping_status":"open","sticky":false,"template":"","format":"standard","meta":{"footnotes":""},"categories":[2],"tags":[355,1144,1242,1316,1399],"yoast_head":"<!-- This site is optimized with the Yoast SEO plugin v23.3 - https:\/\/yoast.com\/wordpress\/plugins\/seo\/ -->\n<title>\u00bfQui\u00e9n est\u00e1 Interesado en Ti? - Universo Fam\u00edlia<\/title>\n<meta name=\"description\" content=\"\u00bfQui\u00e9n est\u00e1 Interesado en Ti? Descubre qui\u00e9n te sigue sin dejar rastro. \u00a1Conoce m\u00e1s en este art\u00edculo!...\" \/>\n<meta name=\"robots\" content=\"index, follow, max-snippet:-1, max-image-preview:large, max-video-preview:-1\" \/>\n<link rel=\"canonical\" href=\"https:\/\/universofamilia.com\/cs\/quem-esta-interessado-em-voce\/\" \/>\n<meta property=\"og:locale\" content=\"cs_CZ\" \/>\n<meta property=\"og:type\" content=\"article\" \/>\n<meta property=\"og:title\" content=\"\u00bfQui\u00e9n est\u00e1 Interesado en Ti? - Universo Fam\u00edlia\" \/>\n<meta property=\"og:description\" content=\"\u00bfQui\u00e9n est\u00e1 Interesado en Ti? Descubre qui\u00e9n te sigue sin dejar rastro. \u00a1Conoce m\u00e1s en este art\u00edculo!...\" \/>\n<meta property=\"og:url\" content=\"https:\/\/universofamilia.com\/cs\/quem-esta-interessado-em-voce\/\" \/>\n<meta property=\"og:site_name\" content=\"Universo Fam\u00edlia\" \/>\n<meta property=\"article:published_time\" content=\"2024-10-30T17:11:02+00:00\" \/>\n<meta property=\"og:image\" content=\"https:\/\/universofamilia.com\/wp-content\/uploads\/sites\/148\/2024\/10\/DESTAQUE-UNIVERSO-550-x-350-1-13.jpg\" \/>\n\t<meta property=\"og:image:width\" content=\"550\" \/>\n\t<meta property=\"og:image:height\" content=\"350\" \/>\n\t<meta property=\"og:image:type\" content=\"image\/jpeg\" \/>\n<meta name=\"twitter:card\" content=\"summary_large_image\" \/>\n<meta name=\"twitter:label1\" content=\"Est. reading time\" \/>\n\t<meta name=\"twitter:data1\" content=\"8 minut\" \/>\n<script type=\"application\/ld+json\" class=\"yoast-schema-graph\">{\"@context\":\"https:\/\/schema.org\",\"@graph\":[{\"@type\":\"WebPage\",\"@id\":\"https:\/\/universofamilia.com\/pt\/quem-esta-interessado-em-voce\/\",\"url\":\"https:\/\/universofamilia.com\/pt\/quem-esta-interessado-em-voce\/\",\"name\":\"\u00bfQui\u00e9n est\u00e1 Interesado en Ti? - Universo Fam\u00edlia\",\"isPartOf\":{\"@id\":\"https:\/\/universofamilia.com\/el\/#website\"},\"primaryImageOfPage\":{\"@id\":\"https:\/\/universofamilia.com\/pt\/quem-esta-interessado-em-voce\/#primaryimage\"},\"image\":{\"@id\":\"https:\/\/universofamilia.com\/pt\/quem-esta-interessado-em-voce\/#primaryimage\"},\"thumbnailUrl\":\"https:\/\/universofamilia.com\/wp-content\/uploads\/sites\/148\/2024\/10\/DESTAQUE-UNIVERSO-550-x-350-1-13.jpg\",\"datePublished\":\"2024-10-30T17:11:02+00:00\",\"dateModified\":\"2024-10-30T17:11:02+00:00\",\"author\":{\"@id\":\"\"},\"description\":\"\u00bfQui\u00e9n est\u00e1 Interesado en Ti? Descubre qui\u00e9n te sigue sin dejar rastro. \u00a1Conoce m\u00e1s en este art\u00edculo!...\",\"breadcrumb\":{\"@id\":\"https:\/\/universofamilia.com\/pt\/quem-esta-interessado-em-voce\/#breadcrumb\"},\"inLanguage\":\"cs\",\"potentialAction\":[{\"@type\":\"ReadAction\",\"target\":[\"https:\/\/universofamilia.com\/pt\/quem-esta-interessado-em-voce\/\"]}]},{\"@type\":\"ImageObject\",\"inLanguage\":\"cs\",\"@id\":\"https:\/\/universofamilia.com\/pt\/quem-esta-interessado-em-voce\/#primaryimage\",\"url\":\"https:\/\/universofamilia.com\/wp-content\/uploads\/sites\/148\/2024\/10\/DESTAQUE-UNIVERSO-550-x-350-1-13.jpg\",\"contentUrl\":\"https:\/\/universofamilia.com\/wp-content\/uploads\/sites\/148\/2024\/10\/DESTAQUE-UNIVERSO-550-x-350-1-13.jpg\",\"width\":550,\"height\":350,\"caption\":\"\u00bfQui\u00e9n est\u00e1 Interesado en Ti?\"},{\"@type\":\"BreadcrumbList\",\"@id\":\"https:\/\/universofamilia.com\/pt\/quem-esta-interessado-em-voce\/#breadcrumb\",\"itemListElement\":[{\"@type\":\"ListItem\",\"position\":1,\"name\":\"Home\",\"item\":\"https:\/\/universofamilia.com\/el\/\"},{\"@type\":\"ListItem\",\"position\":2,\"name\":\"\u00bfQui\u00e9n est\u00e1 Interesado en Ti?\"}]},{\"@type\":\"WebSite\",\"@id\":\"https:\/\/universofamilia.com\/el\/#website\",\"url\":\"https:\/\/universofamilia.com\/el\/\",\"name\":\"Universo Fam\u00edlia\",\"description\":\"\",\"potentialAction\":[{\"@type\":\"SearchAction\",\"target\":{\"@type\":\"EntryPoint\",\"urlTemplate\":\"https:\/\/universofamilia.com\/el\/?s={search_term_string}\"},\"query-input\":\"required name=search_term_string\"}],\"inLanguage\":\"cs\"}]}<\/script>\n<!-- \/ Yoast SEO plugin. -->","yoast_head_json":{"title":"\u00bfQui\u00e9n est\u00e1 Interesado en Ti? - Universo Fam\u00edlia","description":"\u00bfQui\u00e9n est\u00e1 Interesado en Ti? Descubre qui\u00e9n te sigue sin dejar rastro. \u00a1Conoce m\u00e1s en este art\u00edculo!...","robots":{"index":"index","follow":"follow","max-snippet":"max-snippet:-1","max-image-preview":"max-image-preview:large","max-video-preview":"max-video-preview:-1"},"canonical":"https:\/\/universofamilia.com\/cs\/quem-esta-interessado-em-voce\/","og_locale":"cs_CZ","og_type":"article","og_title":"\u00bfQui\u00e9n est\u00e1 Interesado en Ti? - Universo Fam\u00edlia","og_description":"\u00bfQui\u00e9n est\u00e1 Interesado en Ti? Descubre qui\u00e9n te sigue sin dejar rastro. \u00a1Conoce m\u00e1s en este art\u00edculo!...","og_url":"https:\/\/universofamilia.com\/cs\/quem-esta-interessado-em-voce\/","og_site_name":"Universo Fam\u00edlia","article_published_time":"2024-10-30T17:11:02+00:00","og_image":[{"width":550,"height":350,"url":"https:\/\/universofamilia.com\/wp-content\/uploads\/sites\/148\/2024\/10\/DESTAQUE-UNIVERSO-550-x-350-1-13.jpg","type":"image\/jpeg"}],"twitter_card":"summary_large_image","twitter_misc":{"Est. reading time":"8 minut"},"schema":{"@context":"https:\/\/schema.org","@graph":[{"@type":"WebPage","@id":"https:\/\/universofamilia.com\/pt\/quem-esta-interessado-em-voce\/","url":"https:\/\/universofamilia.com\/pt\/quem-esta-interessado-em-voce\/","name":"\u00bfQui\u00e9n est\u00e1 Interesado en Ti? - Universo Fam\u00edlia","isPartOf":{"@id":"https:\/\/universofamilia.com\/el\/#website"},"primaryImageOfPage":{"@id":"https:\/\/universofamilia.com\/pt\/quem-esta-interessado-em-voce\/#primaryimage"},"image":{"@id":"https:\/\/universofamilia.com\/pt\/quem-esta-interessado-em-voce\/#primaryimage"},"thumbnailUrl":"https:\/\/universofamilia.com\/wp-content\/uploads\/sites\/148\/2024\/10\/DESTAQUE-UNIVERSO-550-x-350-1-13.jpg","datePublished":"2024-10-30T17:11:02+00:00","dateModified":"2024-10-30T17:11:02+00:00","author":{"@id":""},"description":"\u00bfQui\u00e9n est\u00e1 Interesado en Ti? Descubre qui\u00e9n te sigue sin dejar rastro. \u00a1Conoce m\u00e1s en este art\u00edculo!...","breadcrumb":{"@id":"https:\/\/universofamilia.com\/pt\/quem-esta-interessado-em-voce\/#breadcrumb"},"inLanguage":"cs","potentialAction":[{"@type":"ReadAction","target":["https:\/\/universofamilia.com\/pt\/quem-esta-interessado-em-voce\/"]}]},{"@type":"ImageObject","inLanguage":"cs","@id":"https:\/\/universofamilia.com\/pt\/quem-esta-interessado-em-voce\/#primaryimage","url":"https:\/\/universofamilia.com\/wp-content\/uploads\/sites\/148\/2024\/10\/DESTAQUE-UNIVERSO-550-x-350-1-13.jpg","contentUrl":"https:\/\/universofamilia.com\/wp-content\/uploads\/sites\/148\/2024\/10\/DESTAQUE-UNIVERSO-550-x-350-1-13.jpg","width":550,"height":350,"caption":"\u00bfQui\u00e9n est\u00e1 Interesado en Ti?"},{"@type":"BreadcrumbList","@id":"https:\/\/universofamilia.com\/pt\/quem-esta-interessado-em-voce\/#breadcrumb","itemListElement":[{"@type":"ListItem","position":1,"name":"Home","item":"https:\/\/universofamilia.com\/el\/"},{"@type":"ListItem","position":2,"name":"\u00bfQui\u00e9n est\u00e1 Interesado en Ti?"}]},{"@type":"WebSite","@id":"https:\/\/universofamilia.com\/el\/#website","url":"https:\/\/universofamilia.com\/el\/","name":"Universo Fam\u00edlia","description":"","potentialAction":[{"@type":"SearchAction","target":{"@type":"EntryPoint","urlTemplate":"https:\/\/universofamilia.com\/el\/?s={search_term_string}"},"query-input":"required name=search_term_string"}],"inLanguage":"cs"}]}},"_links":{"self":[{"href":"https:\/\/universofamilia.com\/cs\/wp-json\/wp\/v2\/posts\/7281"}],"collection":[{"href":"https:\/\/universofamilia.com\/cs\/wp-json\/wp\/v2\/posts"}],"about":[{"href":"https:\/\/universofamilia.com\/cs\/wp-json\/wp\/v2\/types\/post"}],"replies":[{"embeddable":true,"href":"https:\/\/universofamilia.com\/cs\/wp-json\/wp\/v2\/comments?post=7281"}],"version-history":[{"count":0,"href":"https:\/\/universofamilia.com\/cs\/wp-json\/wp\/v2\/posts\/7281\/revisions"}],"wp:featuredmedia":[{"embeddable":true,"href":"https:\/\/universofamilia.com\/cs\/wp-json\/wp\/v2\/media\/7284"}],"wp:attachment":[{"href":"https:\/\/universofamilia.com\/cs\/wp-json\/wp\/v2\/media?parent=7281"}],"wp:term":[{"taxonomy":"category","embeddable":true,"href":"https:\/\/universofamilia.com\/cs\/wp-json\/wp\/v2\/categories?post=7281"},{"taxonomy":"post_tag","embeddable":true,"href":"https:\/\/universofamilia.com\/cs\/wp-json\/wp\/v2\/tags?post=7281"}],"curies":[{"name":"wp","href":"https:\/\/api.w.org\/{rel}","templated":true}]}}