{"id":7282,"date":"2024-10-30T14:29:17","date_gmt":"2024-10-30T17:29:17","guid":{"rendered":"https:\/\/universofamilia.com\/?p=7282"},"modified":"2024-10-30T14:29:17","modified_gmt":"2024-10-30T17:29:17","slug":"descubre-quien-esta-observandote","status":"publish","type":"post","link":"https:\/\/universofamilia.com\/cs\/descubre-quien-esta-observandote\/","title":{"rendered":"Zjist\u011bte, kdo v\u00e1s sleduje"},"content":{"rendered":"<p>Zjist\u011bte, kdo v\u00e1s sleduje na soci\u00e1ln\u00edch s\u00edt\u00edch!<\/p>\n\n\n\n<h3 class=\"wp-block-heading\">Pro\u010d je d\u016fle\u017eit\u00e9 v\u011bd\u011bt, kdo si prohl\u00ed\u017eel v\u00e1\u0161 profil?<\/h3>\n\n\n\n<p>P\u0159em\u00fd\u0161leli jste n\u011bkdy o tom, kdo nav\u0161t\u011bvuje v\u00e1\u0161 profil na soci\u00e1ln\u00edch s\u00edt\u00edch? Je to jen p\u0159irozen\u00e9; koneckonc\u016f v\u0161ichni chceme v\u011bd\u011bt, koho zaj\u00edm\u00e1, co sd\u00edl\u00edme.<\/p>\n\n\n\n<p>Od star\u00fdch p\u0159\u00e1tel a\u017e po tich\u00e9 obdivovatele, na\u0161e aktualizace si m\u016f\u017ee prohl\u00ed\u017eet kdokoli. Je ale opravdu mo\u017en\u00e9 v\u011bd\u011bt, kdo nav\u0161t\u011bvuje v\u00e1\u0161 profil?<\/p>\n\n\n\n<p>Ve sv\u011bt\u011b soci\u00e1ln\u00edch m\u00e9di\u00ed jsou tyto informace p\u0159\u00edsn\u011b st\u0159e\u017een\u00fdm tajemstv\u00edm, ale nen\u00ed nemo\u017en\u00e9 odhalit n\u011bjak\u00e9 indicie.<\/p>\n\n\n\n<p>Se spr\u00e1vn\u00fdmi strategiemi a n\u00e1stroji si m\u016f\u017eete ud\u011blat p\u0159edstavu o tom, kdo sleduje va\u0161e p\u0159\u00edsp\u011bvky. Chcete se dozv\u011bd\u011bt v\u00edce? Poj\u010fme se na to spole\u010dn\u011b pod\u00edvat!<\/p>\n\n\n\n<p><\/p>\n\n\n\n<hr class=\"wp-block-separator has-text-color has-luminous-vivid-orange-color has-alpha-channel-opacity has-luminous-vivid-orange-background-color has-background is-style-wide\"\/>\n\n\n\n<h3 class=\"wp-block-heading\">\u010ct\u011bte tak\u00e9:<\/h3>\n\n\n\n<ul class=\"wp-block-list has-small-font-size\">\n<li style=\"padding-top:0;padding-right:var(--wp--preset--spacing--40);padding-bottom:0;padding-left:var(--wp--preset--spacing--40);font-style:normal;font-weight:400\" class=\"has-medium-font-size\"><a href=\"https:\/\/universofamilia.com\/cs\/6855\/grabar-llamadas-recibidas\/\"><mark style=\"background-color:rgba(0, 0, 0, 0);color:#f94c45\" class=\"has-inline-color\">Nahr\u00e1v\u00e1n\u00ed p\u0159\u00edchoz\u00edch hovor\u016f &gt;<\/mark><\/a><\/li>\n\n\n\n<li style=\"padding-top:0;padding-right:var(--wp--preset--spacing--40);padding-bottom:0;padding-left:var(--wp--preset--spacing--40);font-style:normal;font-weight:400\" class=\"has-medium-font-size\"><a href=\"https:\/\/universofamilia.com\/cs\/6898\/leer-la-biblia-catolica-en-tu-celular\/\"><mark style=\"background-color:rgba(0, 0, 0, 0);color:#f94c45\" class=\"has-inline-color\"><font style=\"vertical-align: inherit;\"><font style=\"vertical-align: inherit;\">\u010ct\u011bte katolickou Bibli na sv\u00e9m mobiln\u00edm telefonu<\/font><\/font> &gt;<\/mark><\/a><\/li>\n\n\n\n<li style=\"padding-top:0;padding-right:var(--wp--preset--spacing--40);padding-bottom:0;padding-left:var(--wp--preset--spacing--40);font-style:normal;font-weight:400\" class=\"has-medium-font-size\"><a href=\"https:\/\/universofamilia.com\/cs\/6832\/aplicacion-para-bailar-zumba\/\"><mark style=\"background-color:rgba(0, 0, 0, 0);color:#f94c45\" class=\"has-inline-color\">Aplikace pro tane\u010dn\u00ed zumbu &gt;<\/mark><\/a><\/li>\n\n\n\n<li style=\"padding-top:0;padding-right:var(--wp--preset--spacing--40);padding-bottom:0;padding-left:var(--wp--preset--spacing--40);font-style:normal;font-weight:400\" class=\"has-medium-font-size\"><a href=\"https:\/\/universofamilia.com\/cs\/6952\/descubre-quien-visita-tu-perfil-redes-sociales\/\"><mark style=\"background-color:rgba(0, 0, 0, 0);color:#f94c45\" class=\"has-inline-color\">Zjist\u011bte, kdo nav\u0161t\u011bvuje v\u00e1\u0161 profil na soci\u00e1ln\u00edch s\u00edt\u00edch &gt;<\/mark><\/a><\/li>\n<\/ul>\n\n\n\n<hr class=\"wp-block-separator has-text-color has-luminous-vivid-orange-color has-alpha-channel-opacity has-luminous-vivid-orange-background-color has-background is-style-wide\"\/>\n\n\n\n<p><\/p>\n\n\n\n<h3 class=\"wp-block-heading\">Jak sledovat zobrazen\u00ed profilu: Tipy a n\u00e1stroje<\/h3>\n\n\n\n<p>Pokud jde o zji\u0161t\u011bn\u00ed, kdo si prohl\u00ed\u017e\u00ed v\u00e1\u0161 profil, v\u011bt\u0161ina soci\u00e1ln\u00edch s\u00edt\u00ed tyto informace p\u0159\u00edmo neodhaluje \u2013 ve skute\u010dnosti je to v online sv\u011bt\u011b t\u00e9m\u011b\u0159 zak\u00e1zan\u00e9 t\u00e9ma!<\/p>\n\n\n\n<p>Existuj\u00ed v\u0161ak n\u011bkter\u00e9 n\u00e1stroje, kter\u00e9 v\u00e1m mohou pomoci t\u011bmto vzorc\u016fm l\u00e9pe porozum\u011bt.<\/p>\n\n\n\n<h4 class=\"wp-block-heading\">Pozor na stalkera! Zjist\u011bte, kdo v\u00e1s sleduje na soci\u00e1ln\u00edch s\u00edt\u00edch<\/h4>\n\n\n\n<p>Pokud m\u00e1te pocit, \u017ee n\u011bkdo bedliv\u011b sleduje va\u0161e aktualizace, n\u011bkter\u00e9 n\u00e1stroje by se mohly hodit.<\/p>\n\n\n\n<p>P\u0159\u00edkladem je <strong>Sledova\u010d soci\u00e1ln\u00edch s\u00edt\u00ed<\/strong>, aplikace, kter\u00e1 poskytuje kompletn\u00ed p\u0159ehled o va\u0161ich sleduj\u00edc\u00edch a \u00farovni jejich zapojen\u00ed.<\/p>\n\n\n\n<p>Nejen\u017ee sleduje, kdo je na va\u0161ich p\u0159\u00edsp\u011bvc\u00edch nejaktivn\u011bj\u0161\u00ed, ale tak\u00e9 pom\u00e1h\u00e1 identifikovat nov\u00e9 sleduj\u00edc\u00ed a ty, kte\u0159\u00ed v\u00e1s p\u0159estali sledovat.<\/p>\n\n\n\n<blockquote class=\"wp-block-quote\">\n<p><strong>Rada<\/strong>V\u011bnov\u00e1n\u00ed pozornosti tomu, kdo nejv\u00edce interaguje s va\u0161imi p\u0159\u00edsp\u011bvky, m\u016f\u017ee b\u00fdt nep\u0159\u00edm\u00fdm zp\u016fsobem, jak zjistit, kdo m\u00e1 skute\u010dn\u011b z\u00e1jem o to, co sd\u00edl\u00edte.<\/p>\n<\/blockquote>\n\n\n\n<h3 class=\"wp-block-heading\">Pravda o lajc\u00edch: Koho to skute\u010dn\u011b zaj\u00edm\u00e1?<\/h3>\n\n\n\n<p>Na v\u011bt\u0161in\u011b soci\u00e1ln\u00edch s\u00edt\u00ed jsou lajky a koment\u00e1\u0159e hlavn\u00edmi formami interakce.<\/p>\n\n\n\n<p>Ale skute\u010dn\u011b p\u0159edstavuj\u00ed skute\u010dn\u00fd z\u00e1jem? Nebo jde jen o rychl\u00e9 klepnut\u00ed na obrazovku?<\/p>\n\n\n\n<p>Pochopen\u00ed chov\u00e1n\u00ed t\u011bch, kte\u0159\u00ed sleduj\u00ed v\u00e1\u0161 profil, je nezbytn\u00e9 pro rozli\u0161en\u00ed mezi p\u0159\u00edle\u017eitostn\u00fdm z\u00e1jmem a v\u011brn\u00fdmi sleduj\u00edc\u00edmi.<\/p>\n\n\n\n<blockquote class=\"wp-block-quote\">\n<p><strong>Skute\u010dn\u00fd p\u0159\u00edklad<\/strong>Ana si v\u0161imla, \u017ee jeden z koleg\u016f lajkuje v\u0161echny jej\u00ed fotky, ale nikdy je nekomentuje. To by mohlo nazna\u010dovat, \u017ee sleduje jej\u00ed p\u0159\u00edsp\u011bvky, ale rad\u011bji komunikuje s ostatn\u00edmi v klidu.<\/p>\n<\/blockquote>\n\n\n\n<h4 class=\"wp-block-heading\">Sleduje v\u00e1s n\u011bkdo? Zjist\u011bte to pomoc\u00ed Social Trackeru<\/h4>\n\n\n\n<p><strong>Sledova\u010d soci\u00e1ln\u00edch s\u00edt\u00ed<\/strong> je obl\u00edben\u00e1 aplikace pro ty, kte\u0159\u00ed cht\u011bj\u00ed j\u00edt nad r\u00e1mec lajk\u016f a koment\u00e1\u0159\u016f.<\/p>\n\n\n\n<p>Nab\u00edz\u00ed intuitivn\u00ed ovl\u00e1dac\u00ed panel, kter\u00fd zobrazuje podrobnou aktivitu sleduj\u00edc\u00edch a umo\u017e\u0148uje v\u00e1m v\u011bd\u011bt, kdo si va\u0161e p\u0159\u00edsp\u011bvky prohl\u00ed\u017e\u00ed nej\u010dast\u011bji.<\/p>\n\n\n\n<h3 class=\"wp-block-heading\">V\u00fdhody znalosti toho, kdo si prohl\u00ed\u017e\u00ed v\u00e1\u0161 profil<\/h3>\n\n\n\n<p>Zv\u011bdavost je p\u0159irozen\u00e1 a soci\u00e1ln\u00ed m\u00e9dia jsou prostorem, kde sd\u00edl\u00edme velk\u00e9 \u010d\u00e1sti na\u0161ich \u017eivot\u016f.<\/p>\n\n\n\n<p>V\u011bd\u011bt, kdo si prohl\u00ed\u017e\u00ed v\u00e1\u0161 profil, m\u016f\u017ee poskytnout cenn\u00e9 informace t\u011bm, kte\u0159\u00ed cht\u011bj\u00ed vylep\u0161it svou obsahovou strategii.<\/p>\n\n\n\n<h4 class=\"wp-block-heading\">Co odhaluj\u00ed data n\u00e1v\u0161t\u011bvn\u00edk\u016f<\/h4>\n\n\n\n<p>V\u011bd\u011bt, kdo si prohl\u00ed\u017e\u00ed v\u00e1\u0161 profil, v\u00e1m m\u016f\u017ee pomoci:<\/p>\n\n\n\n<ul class=\"wp-block-list\">\n<li><strong>Upravte si obsah<\/strong>Pokud zjist\u00edte, \u017ee va\u0161e p\u0159\u00edsp\u011bvky v\u00edce oslovuj\u00ed ur\u010dit\u00e9 publikum, m\u016f\u017eete sv\u016fj obsah p\u0159izp\u016fsobit tak, abyste tyto lidi i nad\u00e1le oslovovali.<\/li>\n\n\n\n<li><strong>Identifikujte p\u0159\u00edle\u017eitosti k navazov\u00e1n\u00ed kontakt\u016f<\/strong>N\u011bkdy v\u00e1\u0161 profil mohou sledovat zaj\u00edmav\u00ed lid\u00e9 a tato informace v\u00e1m m\u016f\u017ee otev\u0159\u00edt dve\u0159e ke spolupr\u00e1ci.<\/li>\n\n\n\n<li><strong>Chra\u0148te sv\u00e9 soukrom\u00ed<\/strong>D\u00edky tomu, \u017ee budete v\u011bd\u011bt v\u00edce o tom, kdo sleduje va\u0161e p\u0159\u00edsp\u011bvky, m\u016f\u017eete l\u00e9pe kontrolovat, co a s k\u00fdm sd\u00edl\u00edte.<\/li>\n<\/ul>\n\n\n\n<h4 class=\"wp-block-heading\">Jak tyto informace vyu\u017e\u00edt ke zlep\u0161en\u00ed va\u0161\u00ed strategie<\/h4>\n\n\n\n<p>Vyu\u017eit\u00ed dat o zapojen\u00ed z\u00e1kazn\u00edk\u016f ve v\u00e1\u0161 prosp\u011bch je skv\u011bl\u00fd zp\u016fsob, jak r\u016fst na soci\u00e1ln\u00edch s\u00edt\u00edch.<\/p>\n\n\n\n<p>Kdy\u017e v\u00edte, kdo nav\u0161t\u011bvuje v\u00e1\u0161 profil, je snaz\u0161\u00ed pochopit, kter\u00e1 t\u00e9mata, fotografie a videa p\u0159itahuj\u00ed nejv\u011bt\u0161\u00ed pozornost.<\/p>\n\n\n\n<h3 class=\"wp-block-heading\">M\u00fdtus o viditelnosti: Pro\u010d soci\u00e1ln\u00ed s\u00edt\u011b tyto informace skr\u00fdvaj\u00ed?<\/h3>\n\n\n\n<p>V\u011bt\u0161ina soci\u00e1ln\u00edch s\u00edt\u00ed p\u0159\u00edmo neposkytuje seznamy n\u00e1v\u0161t\u011bvn\u00edk\u016f a hlavn\u00edm d\u016fvodem je soukrom\u00ed.<\/p>\n\n\n\n<p>Toto rozhodnut\u00ed zabra\u0148uje tomu, aby se stalking stal b\u011b\u017enou prax\u00ed, a chr\u00e1n\u00ed u\u017eivatele p\u0159ed zneu\u017e\u00edv\u00e1n\u00edm.<\/p>\n\n\n\n<h4 class=\"wp-block-heading\">Obl\u00edben\u00e9 a spolehliv\u00e9 n\u00e1stroje pro sledov\u00e1n\u00ed n\u00e1v\u0161t\u011bvn\u00edk\u016f<\/h4>\n\n\n\n<p>Krom\u011b Social Trackeru existuj\u00ed i dal\u0161\u00ed mo\u017enosti, kter\u00e9 slibuj\u00ed poskytov\u00e1n\u00ed informac\u00ed o n\u00e1v\u0161t\u011bvn\u00edc\u00edch.<\/p>\n\n\n\n<p>P\u0159i v\u00fdb\u011bru t\u011bchto n\u00e1stroj\u016f je v\u0161ak d\u016fle\u017eit\u00e9 b\u00fdt opatrn\u00fd.<\/p>\n\n\n\n<h3 class=\"wp-block-heading\">Aspekty ochrany osobn\u00edch \u00fadaj\u016f: Rizika pou\u017e\u00edv\u00e1n\u00ed n\u00e1stroj\u016f t\u0159et\u00edch stran<\/h3>\n\n\n\n<p>Pou\u017e\u00edv\u00e1n\u00ed aplikac\u00ed k zji\u0161t\u011bn\u00ed, kdo si prohl\u00ed\u017e\u00ed v\u00e1\u0161 profil, s sebou nese ur\u010dit\u00e1 rizika.<\/p>\n\n\n\n<p>N\u00e1stroje t\u0159et\u00edch stran mohou m\u00edt p\u0159\u00edstup k soukrom\u00fdm \u00fadaj\u016fm a ne v\u0161echny jsou d\u016fv\u011bryhodn\u00e9.<\/p>\n\n\n\n<p>P\u0159ed instalac\u00ed jak\u00e9koli aplikace si p\u0159e\u010dt\u011bte recenze a pod\u00edvejte se, co \u0159\u00edkaj\u00ed ostatn\u00ed u\u017eivatel\u00e9.<\/p>\n\n\n\n<blockquote class=\"wp-block-quote\">\n<p><strong>Upozorn\u011bn\u00ed<\/strong>Vyh\u00fdbejte se nezn\u00e1m\u00fdm aplikac\u00edm, kter\u00e9 \u017e\u00e1daj\u00ed o povolen\u00ed k p\u0159\u00edstupu k citliv\u00fdm informac\u00edm ve va\u0161em profilu. N\u011bkter\u00e9 z nich mohou b\u00fdt podvodn\u00e9 a jejich c\u00edlem je odcizen\u00ed dat.<\/p>\n<\/blockquote>\n\n\n\n<h4 class=\"wp-block-heading\">Chra\u0148te sv\u00e9 soukrom\u00ed na soci\u00e1ln\u00edch s\u00edt\u00edch<\/h4>\n\n\n\n<p>Bezpe\u010dnost na prvn\u00edm m\u00edst\u011b! Omezte, kdo m\u016f\u017ee vid\u011bt va\u0161e osobn\u00ed \u00fadaje, a pravideln\u011b upravujte nastaven\u00ed soukrom\u00ed.<\/p>\n\n\n<div class=\"wp-block-image\">\n<figure class=\"aligncenter size-full\"><img loading=\"lazy\" decoding=\"async\" width=\"550\" height=\"350\" src=\"http:\/\/universofamilia.com\/wp-content\/uploads\/sites\/148\/2024\/10\/DESTAQUE-UNIVERSO-550-x-350-30.jpg\" alt=\"\" class=\"wp-image-7286\" srcset=\"https:\/\/universofamilia.com\/wp-content\/uploads\/sites\/148\/2024\/10\/DESTAQUE-UNIVERSO-550-x-350-30.jpg 550w, https:\/\/universofamilia.com\/wp-content\/uploads\/sites\/148\/2024\/10\/DESTAQUE-UNIVERSO-550-x-350-30-300x191.jpg 300w\" sizes=\"(max-width: 550px) 100vw, 550px\" \/><figcaption class=\"wp-element-caption\">Zjist\u011bte, kdo v\u00e1s sleduje<\/figcaption><\/figure><\/div>\n\n\n<h3 class=\"wp-block-heading\">Recenze soci\u00e1ln\u00edch tracker\u016f: Co \u0159\u00edkaj\u00ed u\u017eivatel\u00e9?<\/h3>\n\n\n\n<p>Pokud uva\u017eujete o vyzkou\u0161en\u00ed <strong>Sledova\u010d soci\u00e1ln\u00edch s\u00edt\u00ed<\/strong>Zde jsou n\u011bkter\u00e9 n\u00e1zory od ostatn\u00edch u\u017eivatel\u016f:<\/p>\n\n\n\n<ol class=\"wp-block-list\">\n<li><strong>Ana L. (5 hv\u011bzdi\u010dek)<\/strong>\u201eSuper u\u017eite\u010dn\u00e1 aplikace! Pomohla mi pochopit, kdo sleduje m\u00e9 p\u0159\u00edsp\u011bvky, a identifikovat neaktivn\u00ed sleduj\u00edc\u00ed. Doporu\u010duji ji ka\u017ed\u00e9mu, kdo chce m\u00edt lep\u0161\u00ed kontrolu nad sv\u00fdm profilem.\u201c<\/li>\n\n\n\n<li><strong>Carlos M. (4 hv\u011bzdi\u010dky)<\/strong>\u201eL\u00edbilo se mi jednoduch\u00e9 rozhran\u00ed a informace, kter\u00e9 poskytuje. P\u0159\u00e1l bych si, aby tam bylo v\u00edce podrobnost\u00ed, ale je to skv\u011bl\u00e9 pro z\u00edsk\u00e1n\u00ed p\u0159ehledu.\u201c<\/li>\n\n\n\n<li><strong>Julia S. (5 hv\u011bzdi\u010dek)<\/strong>\u201eNainstaloval jsem si ji, abych vid\u011bl, kdo \u010dasto nav\u0161t\u011bvuje m\u016fj profil, a miloval jsem ji! Aplikace je lehk\u00e1 a snadno se pou\u017e\u00edv\u00e1.\u201c<\/li>\n<\/ol>\n\n\n\n<p>Tato hodnocen\u00ed ukazuj\u00ed popularitu a efektivitu Social Trackeru, zejm\u00e9na pro ty, kte\u0159\u00ed cht\u011bj\u00ed l\u00e9pe porozum\u011bt sv\u00fdm sleduj\u00edc\u00edm.<\/p>\n\n\n\n<h3 class=\"wp-block-heading\">Z\u00e1v\u011br: Pravda o viditelnosti va\u0161eho profilu<\/h3>\n\n\n\n<p>V\u011bd\u011bt, kdo si prohl\u00ed\u017e\u00ed v\u00e1\u0161 profil na soci\u00e1ln\u00edch s\u00edt\u00edch, je n\u011bco, co vzbuzuje velkou zv\u011bdavost, ale ne v\u017edy je to mo\u017en\u00e9 zjistit p\u0159\u00edmo.<\/p>\n\n\n\n<p>N\u00e1stroje jako Social Tracker v\u00e1m v\u0161ak mohou pomoci l\u00e9pe pochopit, kdo sleduje va\u0161e p\u0159\u00edsp\u011bvky.<\/p>\n\n\n\n<p>Stru\u010dn\u011b \u0159e\u010deno:<\/p>\n\n\n\n<ul class=\"wp-block-list\">\n<li>V\u011bt\u0161ina soci\u00e1ln\u00edch s\u00edt\u00ed tyto informace uchov\u00e1v\u00e1 v soukrom\u00ed, ale \u0161ir\u0161\u00ed pohled m\u016f\u017eete z\u00edskat pomoc\u00ed n\u00e1stroj\u016f pro anal\u00fdzu interakc\u00ed.<\/li>\n\n\n\n<li>V\u011bd\u011bt, kdo si prohl\u00ed\u017e\u00ed v\u00e1\u0161 profil, v\u00e1m m\u016f\u017ee pomoci vyladit strategii a zv\u00fd\u0161it zapojen\u00ed.<\/li>\n\n\n\n<li>P\u0159i pou\u017e\u00edv\u00e1n\u00ed aplikac\u00ed bu\u010fte opatrn\u00ed a v\u017edy chra\u0148te sv\u00e9 soukrom\u00ed online.<\/li>\n<\/ul>\n\n\n\n<p>Chcete se dozv\u011bd\u011bt v\u00edce? St\u00e1hn\u011bte si Social Tracker a zjist\u011bte si trochu v\u00edce o chov\u00e1n\u00ed sv\u00fdch sleduj\u00edc\u00edch.<\/p>\n\n\n\n<h4 class=\"wp-block-heading\">Odkazy ke sta\u017een\u00ed<\/h4>\n\n\n\n<ul class=\"wp-block-list\">\n<li><strong>Sledova\u010d soci\u00e1ln\u00edch s\u00edt\u00ed<\/strong>: <a href=\"https:\/\/apps.apple.com\/br\/app\/social-tracker\/id1189139278\">Obchod s aplikacemi<\/a> | <a href=\"https:\/\/play.google.com\/store\/apps\/details?id=com.mobiversite.lookAtMe&amp;hl=pt_BR&amp;pli=1\">Google Play<\/a><\/li>\n<\/ul>\n\n\n\n<blockquote class=\"wp-block-quote\">\n<p><strong>Z\u00e1v\u011bre\u010dn\u00e1 rada<\/strong>Pro\u010d se o tento \u010dl\u00e1nek nepod\u011blit se zv\u011bdav\u00fdmi p\u0159\u00e1teli? Takto mohou v\u0161ichni t\u011b\u017eit z t\u011bchto tip\u016f a dozv\u011bd\u011bt se n\u011bco v\u00edc o dynamice soci\u00e1ln\u00edch m\u00e9di\u00ed.<\/p>\n<\/blockquote>\n\n\n\n<h3 class=\"wp-block-heading\">\u010casto kladen\u00e9 ot\u00e1zky o aplikaci Social Tracker<\/h3>\n\n\n\n<ol class=\"wp-block-list\">\n<li><strong>Jak\u00e9 informace poskytuje Social Tracker o m\u00fdch sleduj\u00edc\u00edch?<\/strong><br>Sledov\u00e1n\u00ed soci\u00e1ln\u00edch s\u00edt\u00ed zobrazuje aktivity va\u0161ich sleduj\u00edc\u00edch, v\u010detn\u011b toho, jak \u010dasto interaguj\u00ed s va\u0161imi p\u0159\u00edsp\u011bvky, co\u017e v\u00e1m pom\u016f\u017ee pochopit, kdo v\u00e1\u0161 profil sleduje nejv\u00edc.<\/li>\n\n\n\n<li><strong>Umo\u017e\u0148uje mi Social Tracker vid\u011bt, kdo konkr\u00e9tn\u011b nav\u0161t\u011bvuje m\u016fj profil?<\/strong><br>Social Tracker nezobrazuje jm\u00e9na n\u00e1v\u0161t\u011bvn\u00edk\u016f va\u0161eho profilu, proto\u017ee tyto informace jsou omezeny z\u00e1sadami ochrany osobn\u00edch \u00fadaj\u016f v\u011bt\u0161iny soci\u00e1ln\u00edch s\u00edt\u00ed. Poskytuje v\u0161ak podrobn\u00fd p\u0159ehled o chov\u00e1n\u00ed va\u0161ich sleduj\u00edc\u00edch.<\/li>\n\n\n\n<li><strong>Je bezpe\u010dn\u00e9 pou\u017e\u00edvat Social Tracker?<\/strong><br>Social Tracker m\u00e1 z\u00e1sady ochrany osobn\u00edch \u00fadaj\u016f, kter\u00e9 chr\u00e1n\u00ed u\u017eivatelsk\u00e9 informace. Doporu\u010duje se st\u00e1hnout si jej z ofici\u00e1ln\u00edch obchod\u016f a zkontrolovat po\u017eadovan\u00e1 opr\u00e1vn\u011bn\u00ed.<\/li>\n\n\n\n<li><strong>Funguje to na v\u0161ech soci\u00e1ln\u00edch s\u00edt\u00edch?<\/strong><br>Social Tracker podporuje n\u011bkolik popul\u00e1rn\u00edch soci\u00e1ln\u00edch s\u00edt\u00ed, i kdy\u017e m\u016f\u017ee m\u00edt omezen\u00ed v z\u00e1vislosti na z\u00e1sad\u00e1ch ka\u017ed\u00e9 platformy.<\/li>\n\n\n\n<li><strong>Jak si mohu st\u00e1hnout Social Tracker?<\/strong><br>Aplikaci Social Tracker najdete v App Storu a Google Play. Sta\u010d\u00ed vyhledat jej\u00ed n\u00e1zev a st\u00e1hnout si ji p\u0159\u00edmo do sv\u00e9ho za\u0159\u00edzen\u00ed.<\/li>\n\n\n\n<li><strong>M\u00e1te n\u011bjak\u00e9 dal\u0161\u00ed funkce pro vylep\u0161en\u00ed m\u00e9ho obsahu?<\/strong><br>Ano, Social Tracker v\u00e1m umo\u017e\u0148uje vid\u011bt typy obsahu, kter\u00e9 se t\u011b\u0161\u00ed nejv\u011bt\u0161\u00ed interakci, a pom\u00e1h\u00e1 v\u00e1m tak p\u0159izp\u016fsobit strategii k p\u0159il\u00e1k\u00e1n\u00ed v\u00edce sleduj\u00edc\u00edch.<\/li>\n\n\n\n<li><strong>Mohu pou\u017e\u00edvat Social Tracker zdarma?<\/strong><br>Social Tracker nab\u00edz\u00ed bezplatnou i placenou verzi. Bezplatn\u00e1 verze nab\u00edz\u00ed z\u00e1kladn\u00ed funkce, zat\u00edmco pr\u00e9miov\u00e1 verze obsahuje pokro\u010dil\u00e9 n\u00e1stroje pro anal\u00fdzu va\u0161eho profilu.<\/li>\n<\/ol>","protected":false},"excerpt":{"rendered":"<p>\u00a1Descubre qui\u00e9n sigue de cerca tus pasos en redes sociales! \u00bfPor Qu\u00e9 es Importante Saber Qui\u00e9n Vio tu Perfil? \u00bfTe has preguntado qui\u00e9n est\u00e1 visitando tu perfil en las redes sociales? Es algo natural; al final, todos queremos saber qui\u00e9n se interesa en lo que compartimos. Desde viejos amigos hasta admiradores silenciosos, cualquier persona puede [&hellip;]<\/p>","protected":false},"author":0,"featured_media":7286,"comment_status":"closed","ping_status":"open","sticky":false,"template":"","format":"standard","meta":{"footnotes":""},"categories":[3],"tags":[630,762,919,1146,1242],"yoast_head":"<!-- This site is optimized with the Yoast SEO plugin v23.3 - https:\/\/yoast.com\/wordpress\/plugins\/seo\/ -->\n<title>Descubre Qui\u00e9n Est\u00e1 Observ\u00e1ndote - Universo Fam\u00edlia<\/title>\n<meta name=\"description\" content=\"Descubre Qui\u00e9n Est\u00e1 Observ\u00e1ndote. \u00a1Descubre qui\u00e9n sigue de cerca tus pasos en redes sociales!..\" \/>\n<meta name=\"robots\" content=\"index, follow, max-snippet:-1, max-image-preview:large, max-video-preview:-1\" \/>\n<link rel=\"canonical\" href=\"https:\/\/universofamilia.com\/cs\/cari-tahu-siapa-yang-mengawasimu\/\" \/>\n<meta property=\"og:locale\" content=\"cs_CZ\" \/>\n<meta property=\"og:type\" content=\"article\" \/>\n<meta property=\"og:title\" content=\"Descubre Qui\u00e9n Est\u00e1 Observ\u00e1ndote - Universo Fam\u00edlia\" \/>\n<meta property=\"og:description\" content=\"Descubre Qui\u00e9n Est\u00e1 Observ\u00e1ndote. \u00a1Descubre qui\u00e9n sigue de cerca tus pasos en redes sociales!..\" \/>\n<meta property=\"og:url\" content=\"https:\/\/universofamilia.com\/cs\/cari-tahu-siapa-yang-mengawasimu\/\" \/>\n<meta property=\"og:site_name\" content=\"Universo Fam\u00edlia\" \/>\n<meta property=\"article:published_time\" content=\"2024-10-30T17:29:17+00:00\" \/>\n<meta property=\"og:image\" content=\"https:\/\/universofamilia.com\/wp-content\/uploads\/sites\/148\/2024\/10\/DESTAQUE-UNIVERSO-550-x-350-30.jpg\" \/>\n\t<meta property=\"og:image:width\" content=\"550\" \/>\n\t<meta property=\"og:image:height\" content=\"350\" \/>\n\t<meta property=\"og:image:type\" content=\"image\/jpeg\" \/>\n<meta name=\"twitter:card\" content=\"summary_large_image\" \/>\n<meta name=\"twitter:label1\" content=\"Est. reading time\" \/>\n\t<meta name=\"twitter:data1\" content=\"1 minuta\" \/>\n<script type=\"application\/ld+json\" class=\"yoast-schema-graph\">{\"@context\":\"https:\/\/schema.org\",\"@graph\":[{\"@type\":\"WebPage\",\"@id\":\"https:\/\/universofamilia.com\/id\/cari-tahu-siapa-yang-mengawasimu\/\",\"url\":\"https:\/\/universofamilia.com\/id\/cari-tahu-siapa-yang-mengawasimu\/\",\"name\":\"Descubre Qui\u00e9n Est\u00e1 Observ\u00e1ndote - Universo Fam\u00edlia\",\"isPartOf\":{\"@id\":\"https:\/\/universofamilia.com\/el\/#website\"},\"primaryImageOfPage\":{\"@id\":\"https:\/\/universofamilia.com\/id\/cari-tahu-siapa-yang-mengawasimu\/#primaryimage\"},\"image\":{\"@id\":\"https:\/\/universofamilia.com\/id\/cari-tahu-siapa-yang-mengawasimu\/#primaryimage\"},\"thumbnailUrl\":\"https:\/\/universofamilia.com\/wp-content\/uploads\/sites\/148\/2024\/10\/DESTAQUE-UNIVERSO-550-x-350-30.jpg\",\"datePublished\":\"2024-10-30T17:29:17+00:00\",\"dateModified\":\"2024-10-30T17:29:17+00:00\",\"author\":{\"@id\":\"\"},\"description\":\"Descubre Qui\u00e9n Est\u00e1 Observ\u00e1ndote. \u00a1Descubre qui\u00e9n sigue de cerca tus pasos en redes sociales!..\",\"breadcrumb\":{\"@id\":\"https:\/\/universofamilia.com\/id\/cari-tahu-siapa-yang-mengawasimu\/#breadcrumb\"},\"inLanguage\":\"cs\",\"potentialAction\":[{\"@type\":\"ReadAction\",\"target\":[\"https:\/\/universofamilia.com\/id\/cari-tahu-siapa-yang-mengawasimu\/\"]}]},{\"@type\":\"ImageObject\",\"inLanguage\":\"cs\",\"@id\":\"https:\/\/universofamilia.com\/id\/cari-tahu-siapa-yang-mengawasimu\/#primaryimage\",\"url\":\"https:\/\/universofamilia.com\/wp-content\/uploads\/sites\/148\/2024\/10\/DESTAQUE-UNIVERSO-550-x-350-30.jpg\",\"contentUrl\":\"https:\/\/universofamilia.com\/wp-content\/uploads\/sites\/148\/2024\/10\/DESTAQUE-UNIVERSO-550-x-350-30.jpg\",\"width\":550,\"height\":350,\"caption\":\"Descubre Qui\u00e9n Est\u00e1 Observ\u00e1ndote\"},{\"@type\":\"BreadcrumbList\",\"@id\":\"https:\/\/universofamilia.com\/id\/cari-tahu-siapa-yang-mengawasimu\/#breadcrumb\",\"itemListElement\":[{\"@type\":\"ListItem\",\"position\":1,\"name\":\"Home\",\"item\":\"https:\/\/universofamilia.com\/el\/\"},{\"@type\":\"ListItem\",\"position\":2,\"name\":\"Descubre Qui\u00e9n Est\u00e1 Observ\u00e1ndote\"}]},{\"@type\":\"WebSite\",\"@id\":\"https:\/\/universofamilia.com\/el\/#website\",\"url\":\"https:\/\/universofamilia.com\/el\/\",\"name\":\"Universo Fam\u00edlia\",\"description\":\"\",\"potentialAction\":[{\"@type\":\"SearchAction\",\"target\":{\"@type\":\"EntryPoint\",\"urlTemplate\":\"https:\/\/universofamilia.com\/el\/?s={search_term_string}\"},\"query-input\":\"required name=search_term_string\"}],\"inLanguage\":\"cs\"}]}<\/script>\n<!-- \/ Yoast SEO plugin. -->","yoast_head_json":{"title":"Descubre Qui\u00e9n Est\u00e1 Observ\u00e1ndote - Universo Fam\u00edlia","description":"Descubre Qui\u00e9n Est\u00e1 Observ\u00e1ndote. \u00a1Descubre qui\u00e9n sigue de cerca tus pasos en redes sociales!..","robots":{"index":"index","follow":"follow","max-snippet":"max-snippet:-1","max-image-preview":"max-image-preview:large","max-video-preview":"max-video-preview:-1"},"canonical":"https:\/\/universofamilia.com\/cs\/cari-tahu-siapa-yang-mengawasimu\/","og_locale":"cs_CZ","og_type":"article","og_title":"Descubre Qui\u00e9n Est\u00e1 Observ\u00e1ndote - Universo Fam\u00edlia","og_description":"Descubre Qui\u00e9n Est\u00e1 Observ\u00e1ndote. \u00a1Descubre qui\u00e9n sigue de cerca tus pasos en redes sociales!..","og_url":"https:\/\/universofamilia.com\/cs\/cari-tahu-siapa-yang-mengawasimu\/","og_site_name":"Universo Fam\u00edlia","article_published_time":"2024-10-30T17:29:17+00:00","og_image":[{"width":550,"height":350,"url":"https:\/\/universofamilia.com\/wp-content\/uploads\/sites\/148\/2024\/10\/DESTAQUE-UNIVERSO-550-x-350-30.jpg","type":"image\/jpeg"}],"twitter_card":"summary_large_image","twitter_misc":{"Est. reading time":"1 minuta"},"schema":{"@context":"https:\/\/schema.org","@graph":[{"@type":"WebPage","@id":"https:\/\/universofamilia.com\/id\/cari-tahu-siapa-yang-mengawasimu\/","url":"https:\/\/universofamilia.com\/id\/cari-tahu-siapa-yang-mengawasimu\/","name":"Descubre Qui\u00e9n Est\u00e1 Observ\u00e1ndote - Universo Fam\u00edlia","isPartOf":{"@id":"https:\/\/universofamilia.com\/el\/#website"},"primaryImageOfPage":{"@id":"https:\/\/universofamilia.com\/id\/cari-tahu-siapa-yang-mengawasimu\/#primaryimage"},"image":{"@id":"https:\/\/universofamilia.com\/id\/cari-tahu-siapa-yang-mengawasimu\/#primaryimage"},"thumbnailUrl":"https:\/\/universofamilia.com\/wp-content\/uploads\/sites\/148\/2024\/10\/DESTAQUE-UNIVERSO-550-x-350-30.jpg","datePublished":"2024-10-30T17:29:17+00:00","dateModified":"2024-10-30T17:29:17+00:00","author":{"@id":""},"description":"Descubre Qui\u00e9n Est\u00e1 Observ\u00e1ndote. \u00a1Descubre qui\u00e9n sigue de cerca tus pasos en redes sociales!..","breadcrumb":{"@id":"https:\/\/universofamilia.com\/id\/cari-tahu-siapa-yang-mengawasimu\/#breadcrumb"},"inLanguage":"cs","potentialAction":[{"@type":"ReadAction","target":["https:\/\/universofamilia.com\/id\/cari-tahu-siapa-yang-mengawasimu\/"]}]},{"@type":"ImageObject","inLanguage":"cs","@id":"https:\/\/universofamilia.com\/id\/cari-tahu-siapa-yang-mengawasimu\/#primaryimage","url":"https:\/\/universofamilia.com\/wp-content\/uploads\/sites\/148\/2024\/10\/DESTAQUE-UNIVERSO-550-x-350-30.jpg","contentUrl":"https:\/\/universofamilia.com\/wp-content\/uploads\/sites\/148\/2024\/10\/DESTAQUE-UNIVERSO-550-x-350-30.jpg","width":550,"height":350,"caption":"Descubre Qui\u00e9n Est\u00e1 Observ\u00e1ndote"},{"@type":"BreadcrumbList","@id":"https:\/\/universofamilia.com\/id\/cari-tahu-siapa-yang-mengawasimu\/#breadcrumb","itemListElement":[{"@type":"ListItem","position":1,"name":"Home","item":"https:\/\/universofamilia.com\/el\/"},{"@type":"ListItem","position":2,"name":"Descubre Qui\u00e9n Est\u00e1 Observ\u00e1ndote"}]},{"@type":"WebSite","@id":"https:\/\/universofamilia.com\/el\/#website","url":"https:\/\/universofamilia.com\/el\/","name":"Universo Fam\u00edlia","description":"","potentialAction":[{"@type":"SearchAction","target":{"@type":"EntryPoint","urlTemplate":"https:\/\/universofamilia.com\/el\/?s={search_term_string}"},"query-input":"required name=search_term_string"}],"inLanguage":"cs"}]}},"_links":{"self":[{"href":"https:\/\/universofamilia.com\/cs\/wp-json\/wp\/v2\/posts\/7282"}],"collection":[{"href":"https:\/\/universofamilia.com\/cs\/wp-json\/wp\/v2\/posts"}],"about":[{"href":"https:\/\/universofamilia.com\/cs\/wp-json\/wp\/v2\/types\/post"}],"replies":[{"embeddable":true,"href":"https:\/\/universofamilia.com\/cs\/wp-json\/wp\/v2\/comments?post=7282"}],"version-history":[{"count":0,"href":"https:\/\/universofamilia.com\/cs\/wp-json\/wp\/v2\/posts\/7282\/revisions"}],"wp:featuredmedia":[{"embeddable":true,"href":"https:\/\/universofamilia.com\/cs\/wp-json\/wp\/v2\/media\/7286"}],"wp:attachment":[{"href":"https:\/\/universofamilia.com\/cs\/wp-json\/wp\/v2\/media?parent=7282"}],"wp:term":[{"taxonomy":"category","embeddable":true,"href":"https:\/\/universofamilia.com\/cs\/wp-json\/wp\/v2\/categories?post=7282"},{"taxonomy":"post_tag","embeddable":true,"href":"https:\/\/universofamilia.com\/cs\/wp-json\/wp\/v2\/tags?post=7282"}],"curies":[{"name":"wp","href":"https:\/\/api.w.org\/{rel}","templated":true}]}}