{"id":7302,"date":"2024-11-01T10:35:43","date_gmt":"2024-11-01T13:35:43","guid":{"rendered":"https:\/\/universofamilia.com\/?p=7302"},"modified":"2024-11-01T10:35:43","modified_gmt":"2024-11-01T13:35:43","slug":"descubre-quien-observa-tu-perfil-hoy","status":"publish","type":"post","link":"https:\/\/universofamilia.com\/cs\/descubre-quien-observa-tu-perfil-hoy\/","title":{"rendered":"Zjist\u011bte, kdo si dnes prohl\u00ed\u017e\u00ed v\u00e1\u0161 profil"},"content":{"rendered":"<p>Chcete v\u011bd\u011bt, kdo nav\u0161t\u011bvuje v\u00e1\u0161 profil? Zjist\u011bte to hned te\u010f!<\/p>\n\n\n\n<p>P\u0159edstavte si n\u00e1sleduj\u00edc\u00ed sc\u00e9nu: Clara tr\u00e1vila hodiny na soci\u00e1ln\u00edch s\u00edt\u00edch a ob\u010das se pod\u00edvala na profil sv\u00e9ho b\u00fdval\u00e9ho p\u0159\u00edtele, aby zjistila, jak se mu da\u0159\u00ed.<\/p>\n\n\n\n<p><\/p>\n\n\n\n<hr class=\"wp-block-separator has-text-color has-luminous-vivid-orange-color has-alpha-channel-opacity has-luminous-vivid-orange-background-color has-background is-style-wide\"\/>\n\n\n\n<h2 class=\"wp-block-heading has-text-align-center\">Co byste cht\u011bl\/a ud\u011blat jako prvn\u00ed?<\/h2>\n\n\n\n<div class=\"wp-block-buttons is-content-justification-center is-layout-flex wp-container-core-buttons-layout-1 wp-block-buttons-is-layout-flex\">\n<div class=\"wp-block-button has-custom-width wp-block-button__width-100 is-style-outline\" style=\"text-decoration:none\"><a class=\"wp-block-button__link has-white-color has-vivid-cyan-blue-background-color has-text-color has-background has-link-color has-text-align-left wp-element-button\" href=\"https:\/\/universofamilia.com\/cs\/7282\/descubre-quien-esta-observandote\/\" style=\"border-radius:10px\">Zjist\u011bte, kdo v\u00e1s sleduje \u27a1\ufe0f<\/a><\/div>\n<\/div>\n\n\n\n<div class=\"wp-block-buttons is-content-justification-center is-layout-flex wp-container-core-buttons-layout-2 wp-block-buttons-is-layout-flex\">\n<div class=\"wp-block-button has-custom-width wp-block-button__width-100 is-style-outline\" style=\"text-decoration:none\"><a class=\"wp-block-button__link has-white-color has-vivid-cyan-blue-background-color has-text-color has-background has-link-color has-text-align-left wp-element-button\" href=\"https:\/\/universofamilia.com\/cs\/7281\/quien-esta-interesado-en-ti\/\" style=\"border-radius:10px\">Kdo m\u00e1 o tebe z\u00e1jem? \u27a1\ufe0f<\/a><\/div>\n<\/div>\n\n\n\n<div class=\"wp-block-buttons is-content-justification-center is-layout-flex wp-container-core-buttons-layout-3 wp-block-buttons-is-layout-flex\">\n<div class=\"wp-block-button has-custom-width wp-block-button__width-100 is-style-outline\" style=\"text-decoration:none\"><a class=\"wp-block-button__link has-white-color has-vivid-cyan-blue-background-color has-text-color has-background has-link-color has-text-align-left wp-element-button\" href=\"https:\/\/universofamilia.com\/cs\/7271\/encuentra-el-amor-mejores-apps-de-citas\/\" style=\"border-radius:10px\">Najd\u011bte l\u00e1sku \u27a1\ufe0f<\/a><\/div>\n<\/div>\n\n\n\n<p class=\"has-text-align-center\"><em><strong>\u010ct\u011bte d\u00e1l!<\/strong><\/em><\/p>\n\n\n\n<hr class=\"wp-block-separator has-text-color has-luminous-vivid-orange-color has-alpha-channel-opacity has-luminous-vivid-orange-background-color has-background is-style-wide\"\/>\n\n\n\n<p><\/p>\n\n\n\n<p>Jednoho dne si ale p\u0159i prohl\u00ed\u017een\u00ed internetu v\u0161imla n\u011b\u010deho zvl\u00e1\u0161tn\u00edho: tent\u00fd\u017e profil za\u010dal d\u00e1vat lajky jej\u00edm fotk\u00e1m a dokonce i komentovat n\u011bkter\u00e9 jej\u00ed p\u0159\u00edsp\u011bvky.<\/p>\n\n\n\n<p>P\u0159ekvapen\u00ed bylo velk\u00e9, v\u011bd\u011bl snad, \u017ee nav\u0161t\u00edvila i jeho profil?<\/p>\n\n\n\n<p>Kdo by nepoc\u00edtil tu zv\u011bdavost? \u010casto chceme v\u011bd\u011bt, kdo se d\u00edv\u00e1 na na\u0161e soci\u00e1ln\u00ed s\u00edt\u011b, a\u0165 u\u017e z \u010dist\u00e9 zv\u011bdavosti, nebo abychom se vyhnuli p\u0159ekvapen\u00edm.<\/p>\n\n\n\n<p>Pokud pat\u0159\u00edte k t\u011bmto lidem, m\u011bli byste v\u011bd\u011bt, \u017ee existuj\u00ed aplikace, kter\u00e9 v\u00e1m mohou pomoci odhalit tuto z\u00e1hadu.<\/p>\n\n\n\n<h3 class=\"wp-block-heading\">Pro\u010d je d\u016fle\u017eit\u00e9 v\u011bd\u011bt, kdo si prohl\u00ed\u017eel v\u00e1\u0161 profil?<\/h3>\n\n\n\n<p>Existuje n\u011bkolik d\u016fvod\u016f, pro\u010d v\u011bd\u011bt, kdo nav\u0161t\u00edvil v\u00e1\u0161 profil.<\/p>\n\n\n\n<p>Pro n\u011bkter\u00e9 je to zp\u016fsob, jak si chr\u00e1nit soukrom\u00ed a vyhnout se ne\u017e\u00e1douc\u00edmu kontaktu; pro jin\u00e9 je to \u010dist\u00e1 zv\u011bdavost, mo\u017en\u00e1 i sledov\u00e1n\u00ed z\u00e1jmu n\u011bkoho bl\u00edzk\u00e9ho.<\/p>\n\n\n\n<p>D\u00edky t\u011bmto informac\u00edm si m\u016f\u017eete udr\u017eovat bezpe\u010dn\u011bj\u0161\u00ed online prost\u0159ed\u00ed a pochopit, kdo m\u00e1 o v\u00e1\u0161 obsah skute\u010dn\u00fd z\u00e1jem.<\/p>\n\n\n\n<p>Koneckonc\u016f, kdo by necht\u011bl v\u011bd\u011bt, kdo mu sleduje p\u0159\u00edsp\u011bvky, \u017ee?<\/p>\n\n\n\n<p><\/p>\n\n\n\n<hr class=\"wp-block-separator has-text-color has-luminous-vivid-orange-color has-alpha-channel-opacity has-luminous-vivid-orange-background-color has-background is-style-wide\"\/>\n\n\n\n<h3 class=\"wp-block-heading\">Viz tak\u00e9:<\/h3>\n\n\n\n<ul class=\"wp-block-list has-small-font-size\">\n<li style=\"padding-top:0;padding-right:var(--wp--preset--spacing--40);padding-bottom:0;padding-left:var(--wp--preset--spacing--40);font-style:normal;font-weight:400\" class=\"has-medium-font-size\"><a href=\"https:\/\/universofamilia.com\/cs\/6855\/grabar-llamadas-recibidas\/\"><mark style=\"background-color:rgba(0, 0, 0, 0);color:#f94c45\" class=\"has-inline-color\">Nahr\u00e1v\u00e1n\u00ed p\u0159\u00edchoz\u00edch hovor\u016f &gt;<\/mark><\/a><\/li>\n\n\n\n<li style=\"padding-top:0;padding-right:var(--wp--preset--spacing--40);padding-bottom:0;padding-left:var(--wp--preset--spacing--40);font-style:normal;font-weight:400\" class=\"has-medium-font-size\"><a href=\"https:\/\/universofamilia.com\/cs\/6898\/leer-la-biblia-catolica-en-tu-celular\/\"><mark style=\"background-color:rgba(0, 0, 0, 0);color:#f94c45\" class=\"has-inline-color\"><font style=\"vertical-align: inherit;\"><font style=\"vertical-align: inherit;\">\u010ct\u011bte katolickou Bibli na sv\u00e9m mobiln\u00edm telefonu<\/font><\/font> &gt;<\/mark><\/a><\/li>\n\n\n\n<li style=\"padding-top:0;padding-right:var(--wp--preset--spacing--40);padding-bottom:0;padding-left:var(--wp--preset--spacing--40);font-style:normal;font-weight:400\" class=\"has-medium-font-size\"><a href=\"https:\/\/universofamilia.com\/cs\/6832\/aplicacion-para-bailar-zumba\/\"><mark style=\"background-color:rgba(0, 0, 0, 0);color:#f94c45\" class=\"has-inline-color\">Aplikace pro tane\u010dn\u00ed zumbu &gt;<\/mark><\/a><\/li>\n\n\n\n<li style=\"padding-top:0;padding-right:var(--wp--preset--spacing--40);padding-bottom:0;padding-left:var(--wp--preset--spacing--40);font-style:normal;font-weight:400\" class=\"has-medium-font-size\"><a href=\"https:\/\/universofamilia.com\/cs\/6952\/descubre-quien-visita-tu-perfil-redes-sociales\/\"><mark style=\"background-color:rgba(0, 0, 0, 0);color:#f94c45\" class=\"has-inline-color\">Zjist\u011bte, kdo nav\u0161t\u011bvuje v\u00e1\u0161 profil na soci\u00e1ln\u00edch s\u00edt\u00edch &gt;<\/mark><\/a><\/li>\n<\/ul>\n\n\n\n<hr class=\"wp-block-separator has-text-color has-luminous-vivid-orange-color has-alpha-channel-opacity has-luminous-vivid-orange-background-color has-background is-style-wide\"\/>\n\n\n\n<p><\/p>\n\n\n\n<h3 class=\"wp-block-heading\">Zaj\u00edm\u00e1 v\u00e1s, kdo nav\u0161t\u011bvuje v\u00e1\u0161 profil?<\/h3>\n\n\n\n<p>Dostali jsme se k nejzaj\u00edmav\u011bj\u0161\u00ed \u010d\u00e1sti! Pokud chcete rychle zjistit, kdo si prohl\u00ed\u017e\u00ed va\u0161e p\u0159\u00edsp\u011bvky, existuj\u00ed aplikace, kter\u00e9 v\u00e1m s t\u00edm mohou pomoci.<\/p>\n\n\n\n<p>Mezi nimi, <strong>Sledova\u010d soci\u00e1ln\u00edch s\u00edt\u00ed<\/strong> Vynik\u00e1 snadnou pou\u017eitelnost\u00ed a p\u0159esnou analytikou, kter\u00e1 v\u00e1m umo\u017e\u0148uje dozv\u011bd\u011bt se v\u00edce o tom, kdo s va\u0161\u00edm obsahem interaguje.<\/p>\n\n\n\n<h3 class=\"wp-block-heading\">Sledov\u00e1n\u00ed n\u00e1v\u0161t\u011bv va\u0161eho profilu<\/h3>\n\n\n\n<p>S rozvojem soci\u00e1ln\u00edch m\u00e9di\u00ed se objevily r\u016fzn\u00e9 n\u00e1stroje, kter\u00e9 u\u017eivatel\u016fm pom\u00e1haj\u00ed sledovat interakce na jejich profilech.<\/p>\n\n\n\n<p>Ne v\u0161echny tyto aplikace jsou v\u0161ak bezpe\u010dn\u00e9 nebo skute\u010dn\u011b \u00fa\u010dinn\u00e9.<\/p>\n\n\n\n<p>Zam\u011b\u0159me se proto na spolehlivou mo\u017enost: <strong>Sledova\u010d soci\u00e1ln\u00edch s\u00edt\u00ed<\/strong>D\u00edky t\u00e9to aplikaci z\u00edsk\u00e1te \u00fapln\u00fd p\u0159ehled o tom, kdo si prohl\u00ed\u017e\u00ed v\u00e1\u0161 profil, lajkuje va\u0161e fotografie nebo komentuje va\u0161e p\u0159\u00edsp\u011bvky.<\/p>\n\n\n\n<h3 class=\"wp-block-heading\"><strong>Pozor na stalkera! Zjist\u011bte, kdo v\u00e1s sleduje na soci\u00e1ln\u00edch s\u00edt\u00edch<\/strong><\/h3>\n\n\n\n<p>Sledov\u00e1n\u00ed soci\u00e1ln\u00edch s\u00edt\u00ed poskytuje upozorn\u011bn\u00ed v re\u00e1ln\u00e9m \u010dase a upozor\u0148uje v\u00e1s, kdykoli n\u011bkdo \u010dasto interaguje s va\u0161\u00edm profilem.<\/p>\n\n\n\n<p>To se pohybuje od opakovan\u00fdch lajk\u016f a\u017e po opakovan\u00e9 n\u00e1v\u0161t\u011bvy, co\u017e nazna\u010duje, \u017ee n\u00e1v\u0161t\u011bvn\u00edk m\u016f\u017ee m\u00edt o va\u0161e p\u0159\u00edsp\u011bvky zvl\u00e1\u0161tn\u00ed z\u00e1jem.<\/p>\n\n\n\n<h3 class=\"wp-block-heading\"><strong>Sleduje v\u00e1s n\u011bkdo? Zjist\u011bte, kdo nav\u0161t\u011bvuje v\u00e1\u0161 profil.<\/strong><\/h3>\n\n\n\n<p>Tato aplikace v\u00e1m umo\u017e\u0148uje sledovat profily, kter\u00e9 se \u010dasto objevuj\u00ed ve va\u0161ich p\u0159\u00edsp\u011bvc\u00edch a stories, co\u017e usnad\u0148uje pozn\u00e1n\u00ed, zda se n\u011bkdo ve skute\u010dnosti p\u0159\u00edli\u0161 ned\u00edv\u00e1.<\/p>\n\n\n\n<p>S t\u00edmto n\u00e1strojem m\u016f\u017eete rozli\u0161it mezi nez\u00e1vazn\u00fdmi a opakuj\u00edc\u00edmi se interakcemi, co\u017e v\u00e1m pom\u016f\u017ee zjistit, zda se jedn\u00e1 jen o zv\u011bdavost, nebo o potenci\u00e1ln\u00edho \u201estalkera\u201c.<\/p>\n\n\n\n<h3 class=\"wp-block-heading\"><strong>Pravda o lajc\u00edch: koho v\u00e1\u0161 obsah skute\u010dn\u011b zaj\u00edm\u00e1<\/strong><\/h3>\n\n\n\n<p>\u010casto se st\u00e1v\u00e1, \u017ee ti, kte\u0159\u00ed daj\u00ed lajk nebo komentuj\u00ed, nejsou v\u017edy ti, kte\u0159\u00ed v\u00e1\u0161 profil nav\u0161t\u011bvuj\u00ed nej\u010dast\u011bji.<\/p>\n\n\n\n<p>Social Tracker umo\u017e\u0148uje podrobnou anal\u00fdzu u\u017eivatel\u016f a pom\u00e1h\u00e1 v\u00e1m identifikovat, kdo skute\u010dn\u011b sleduje v\u00e1\u0161 obsah.<\/p>\n\n\n\n<p>Takto m\u016f\u017eete z\u00edskat skute\u010dn\u00e9 pochopen\u00ed sv\u00e9ho publika a zjistit, kdo m\u00e1 skute\u010dn\u00fd z\u00e1jem o to, co sd\u00edl\u00edte.<\/p>\n\n\n\n<h3 class=\"wp-block-heading\">V\u00fdhody pou\u017e\u00edv\u00e1n\u00ed Social Trackeru: Zabezpe\u010den\u00ed a kontrola na dosah ruky<\/h3>\n\n\n\n<p>Se Social Trackerem z\u00edsk\u00e1te:<\/p>\n\n\n\n<ul class=\"wp-block-list\">\n<li><strong>Zabezpe\u010den\u00ed<\/strong>Chra\u0148te se p\u0159ed ne\u017e\u00e1douc\u00edmi pohledy a m\u011bjte kontrolu nad t\u00edm, kdo m\u016f\u017ee v\u00e1\u0161 obsah vid\u011bt.<\/li>\n\n\n\n<li><strong>\u0158\u00edzen\u00ed<\/strong>: Dost\u00e1vejte ozn\u00e1men\u00ed, kdykoli n\u011bkdo \u010dasto nav\u0161t\u011bvuje v\u00e1\u0161 profil.<\/li>\n\n\n\n<li><strong>P\u0159esn\u00e1 anal\u00fdza<\/strong>Sledujte interakce sv\u00fdch sleduj\u00edc\u00edch a l\u00e9pe pochopte sv\u00e9 publikum.<\/li>\n\n\n\n<li><strong>Soukrom\u00ed<\/strong>: U\u017eijte si bezpe\u010dn\u011bj\u0161\u00ed prost\u0159ed\u00ed a dost\u00e1vejte upozorn\u011bn\u00ed, kdy\u017e n\u011bkdo projev\u00ed o va\u0161e p\u0159\u00edsp\u011bvky zvl\u00e1\u0161tn\u00ed z\u00e1jem.<\/li>\n<\/ul>\n\n\n\n<p>D\u00edky t\u011bmto funkc\u00edm je Social Tracker jednou z nejspolehliv\u011bj\u0161\u00edch aplikac\u00ed, pokud jde o monitorov\u00e1n\u00ed n\u00e1v\u0161t\u011bvn\u00edk\u016f a zabezpe\u010den\u00ed soci\u00e1ln\u00edch m\u00e9di\u00ed.<\/p>\n\n\n<div class=\"wp-block-image\">\n<figure class=\"aligncenter size-full\"><img loading=\"lazy\" decoding=\"async\" width=\"550\" height=\"350\" src=\"http:\/\/universofamilia.com\/wp-content\/uploads\/sites\/148\/2024\/11\/DESTAQUE-UNIVERSO-550-x-350.jpg\" alt=\"\" class=\"wp-image-7310\" srcset=\"https:\/\/universofamilia.com\/wp-content\/uploads\/sites\/148\/2024\/11\/DESTAQUE-UNIVERSO-550-x-350.jpg 550w, https:\/\/universofamilia.com\/wp-content\/uploads\/sites\/148\/2024\/11\/DESTAQUE-UNIVERSO-550-x-350-300x191.jpg 300w\" sizes=\"(max-width: 550px) 100vw, 550px\" \/><figcaption class=\"wp-element-caption\">Zjist\u011bte, kdo si dnes prohl\u00ed\u017e\u00ed v\u00e1\u0161 profil<\/figcaption><\/figure><\/div>\n\n\n<h3 class=\"wp-block-heading\">U\u017eivatelsk\u00e9 recenze: Co \u0159\u00edkaj\u00ed u\u017eivatel\u00e9?<\/h3>\n\n\n\n<p>Abychom zajistili kvalitu aplikace Social Tracker, zde je n\u011bkolik skute\u010dn\u00fdch recenz\u00ed od u\u017eivatel\u016f, kte\u0159\u00ed ji vyzkou\u0161eli a schv\u00e1lili:<\/p>\n\n\n\n<ol class=\"wp-block-list\">\n<li><strong>Ana Paula M.<\/strong> (4,7 hv\u011bzdi\u010dky) \u2013 \u201eMiluji to! Vid\u011bl jsem, kdo \u010dasto nav\u0161t\u011bvuje m\u016fj profil, a to m\u011b uklidnilo. Aplikace se snadno pou\u017e\u00edv\u00e1 a skute\u010dn\u011b pln\u00ed sv\u00e9 sliby.\u201c<\/li>\n\n\n\n<li><strong>Carlos Enrique S.<\/strong> (4,5 hv\u011bzdi\u010dky) \u2013 \u201eVelmi dobr\u00e9! Identifikoval jsem profily, o kter\u00fdch jsem si nikdy nemyslel, \u017ee m\u011b sleduj\u00ed. N\u00e1stroj je velmi praktick\u00fd a funk\u010dn\u00ed.\u201c<\/li>\n\n\n\n<li><strong>Juliana C.<\/strong> (4,8 hv\u011bzdi\u010dky) \u2013 \u201eV\u017edycky jsem cht\u011bl v\u011bd\u011bt, kdo si prohl\u00ed\u017e\u00ed m\u016fj profil, ale t\u011bmto aplikac\u00edm jsem nikdy moc ned\u016fv\u011b\u0159oval. Social Tracker je jin\u00fd, super bezpe\u010dn\u00fd a snadno se pou\u017e\u00edv\u00e1.\u201c<\/li>\n<\/ol>\n\n\n\n<h3 class=\"wp-block-heading\">Z\u00e1v\u011br: Pravda o viditelnosti va\u0161eho profilu na soci\u00e1ln\u00edch s\u00edt\u00edch<\/h3>\n\n\n\n<p>Soci\u00e1ln\u00ed m\u00e9dia jsou v kone\u010dn\u00e9m d\u016fsledku m\u00edstem pro sd\u00edlen\u00ed zku\u0161enost\u00ed a navazov\u00e1n\u00ed kontakt\u016f s p\u0159\u00e1teli, ale je d\u016fle\u017eit\u00e9 m\u00edt kontrolu nad t\u00edm, kdo s na\u0161imi p\u0159\u00edsp\u011bvky interaguje.<\/p>\n\n\n\n<p>Pou\u017e\u00edv\u00e1n\u00ed aplikac\u00ed, jako je Social Tracker, pom\u00e1h\u00e1 chr\u00e1nit va\u0161e soukrom\u00ed a l\u00e9pe porozum\u011bt chov\u00e1n\u00ed va\u0161ich sleduj\u00edc\u00edch.<\/p>\n\n\n\n<p>V\u017edy pamatujte na svou bezpe\u010dnost a vyh\u00fdbejte se kontaktu s ciz\u00edmi lidmi.<\/p>\n\n\n\n<p>A pokud chcete zv\u00fd\u0161it svou anga\u017eovanost, ani\u017e byste se museli starat o stalkery, v\u011bnujte \u010das tvorb\u011b dobr\u00e9ho obsahu a up\u0159\u00edmn\u00e9 interakci se sv\u00fdmi sleduj\u00edc\u00edmi.<\/p>\n\n\n\n<h4 class=\"wp-block-heading\">Odkazy ke sta\u017een\u00ed<\/h4>\n\n\n\n<ul class=\"wp-block-list\">\n<li><strong>Sledova\u010d soci\u00e1ln\u00edch s\u00edt\u00ed<\/strong>: <a href=\"https:\/\/apps.apple.com\/br\/app\/social-tracker\/id1189139278\">Obchod s aplikacemi<\/a> | <a href=\"https:\/\/play.google.com\/store\/apps\/details?id=com.mobiversite.lookAtMe&amp;hl=pt_BR&amp;pli=1\">Google Play<\/a><\/li>\n<\/ul>\n\n\n\n<hr class=\"wp-block-separator has-alpha-channel-opacity is-style-wide\"\/>\n\n\n\n<h3 class=\"wp-block-heading\">\u010casto kladen\u00e9 ot\u00e1zky (FAQ):<\/h3>\n\n\n\n<ol class=\"wp-block-list\">\n<li><strong>Jak mohu chr\u00e1nit sv\u016fj profil na soci\u00e1ln\u00edch s\u00edt\u00edch?<\/strong><br>Povolte dvouf\u00e1zov\u00e9 ov\u011b\u0159ov\u00e1n\u00ed, nastavte soukrom\u00ed \u00fa\u010dtu a omezte sv\u00e9 p\u0159\u00edsp\u011bvky pouze na schv\u00e1len\u00e9 p\u0159\u00e1tele nebo sleduj\u00edc\u00ed.<\/li>\n\n\n\n<li><strong>Je mo\u017en\u00e9 zjistit, kdo nav\u0161t\u00edvil m\u016fj profil na soci\u00e1ln\u00edch s\u00edt\u00edch?<\/strong><br>A\u010dkoli n\u011bkter\u00e9 aplikace tvrd\u00ed, \u017ee tuto funkci nab\u00edzej\u00ed, v\u011bt\u0161ina soci\u00e1ln\u00edch s\u00edt\u00ed tyto informace neposkytuje kv\u016fli z\u00e1sad\u00e1m ochrany osobn\u00edch \u00fadaj\u016f. N\u00e1stroje jako Social Tracker v\u00e1m mohou pomoci z\u00edskat p\u0159edstavu o tom, kdo s v\u00e1mi \u010dasto komunikuje.<\/li>\n\n\n\n<li><strong>Jak mohu zabr\u00e1nit tomu, aby ciz\u00ed lid\u00e9 vid\u011bli m\u00e9 p\u0159\u00edsp\u011bvky?<\/strong><br>Nastavte soukrom\u00ed sv\u00fdch p\u0159\u00edsp\u011bvk\u016f tak, aby byly viditeln\u00e9 pouze schv\u00e1len\u00fdm p\u0159\u00e1tel\u016fm nebo sleduj\u00edc\u00edm. Na Instagramu a Facebooku si m\u016f\u017eete tyto podrobnosti upravit v nastaven\u00ed soukrom\u00ed.<\/li>\n\n\n\n<li><strong>Jak mohu zlep\u0161it svou anga\u017eovanost na soci\u00e1ln\u00edch s\u00edt\u00edch?<\/strong><br>Publikujte kvalitn\u00ed obsah, komunikujte se sv\u00fdmi sleduj\u00edc\u00edmi a bu\u010fte ve sv\u00fdch p\u0159\u00edsp\u011bvc\u00edch konzistentn\u00ed. To pom\u016f\u017ee v\u00edce lidem zobrazit si v\u00e1\u0161 profil a interagovat s n\u00edm.<\/li>\n\n\n\n<li><strong>Co m\u00e1m d\u011blat, kdy\u017e m\u011b n\u011bkdo obt\u011b\u017euje na soci\u00e1ln\u00edch s\u00edt\u00edch?<\/strong><br>Nahlaste profil na soci\u00e1ln\u00ed s\u00edti a zva\u017ete zablokov\u00e1n\u00ed dan\u00e9 osoby. Pokud situace p\u0159etrv\u00e1v\u00e1, zva\u017ete kontaktov\u00e1n\u00ed \u00fa\u0159ad\u016f nebo nahl\u00e9dnut\u00ed do zdroj\u016f n\u00e1pov\u011bdy platformy.<\/li>\n\n\n\n<li><strong>Upozor\u0148uj\u00ed m\u011b soci\u00e1ln\u00ed s\u00edt\u011b, kdy\u017e po\u0159izuji sn\u00edmky obrazovky p\u0159\u00edb\u011bh\u016f nebo p\u0159\u00edsp\u011bvk\u016f?<\/strong><br>V\u011bt\u0161ina platforem soci\u00e1ln\u00edch m\u00e9di\u00ed v\u00e1s obecn\u011b neupozor\u0148uje na sn\u00edmky obrazovky, i kdy\u017e n\u011bkter\u00e9 platformy, jako nap\u0159\u00edklad Snapchat, to v ur\u010dit\u00fdch situac\u00edch ano.<\/li>\n\n\n\n<li><strong>Jak\u00fd je nejlep\u0161\u00ed zp\u016fsob, jak pou\u017e\u00edvat hashtagy na soci\u00e1ln\u00edch s\u00edt\u00edch?<\/strong><br>Pou\u017e\u00edvejte relevantn\u00ed a specifick\u00e9 hashtagy, kter\u00e9 se vztahuj\u00ed k va\u0161emu p\u0159\u00edsp\u011bvku. Vyhn\u011bte se nadm\u011brn\u00e9mu pou\u017e\u00edv\u00e1n\u00ed obecn\u00fdch hashtag\u016f, proto\u017ee je efektivn\u011bj\u0161\u00ed pou\u017e\u00edvat dob\u0159e zvolen\u00e9 hashtagy k osloven\u00ed publika, kter\u00e9 m\u00e1 v\u00e1\u0161 obsah z\u00e1jem.<\/li>\n<\/ol>","protected":false},"excerpt":{"rendered":"<p>Chcete v\u011bd\u011bt, kdo nav\u0161t\u011bvuje v\u00e1\u0161 profil? Zjist\u011bte to hned! P\u0159edstavte si n\u00e1sleduj\u00edc\u00ed sc\u00e9n\u00e1\u0159: Clara tr\u00e1vila hodiny na soci\u00e1ln\u00edch s\u00edt\u00edch a ob\u010das se pod\u00edvala na profil sv\u00e9ho b\u00fdval\u00e9ho partnera, aby zjistila, jak se mu da\u0159\u00ed. Co byste cht\u011bli ud\u011blat jako prvn\u00ed? \u010ct\u011bte d\u00e1l! Ale jednoho dne, kdy\u017e si klidn\u011b prohl\u00ed\u017eela soci\u00e1ln\u00ed s\u00edt\u011b, si v\u0161imla n\u011b\u010deho zvl\u00e1\u0161tn\u00edho: tent\u00fd\u017e profil za\u010dal [\u2026]<\/p>","protected":false},"author":0,"featured_media":7310,"comment_status":"closed","ping_status":"open","sticky":false,"template":"","format":"standard","meta":{"footnotes":""},"categories":[5],"tags":[365,764,1259,1317,1462],"yoast_head":"<!-- This site is optimized with the Yoast SEO plugin v23.3 - https:\/\/yoast.com\/wordpress\/plugins\/seo\/ -->\n<title>Descubre Qui\u00e9n Observa Tu Perfil Hoy - Universo Fam\u00edlia<\/title>\n<meta name=\"description\" content=\"Descubre Qui\u00e9n Observa Tu Perfil Hoy. \u00bfQuieres saber qui\u00e9n visita tu perfil? \u00a1Desc\u00fabrelo ahora! Imagina la siguiente escena:...\" \/>\n<meta name=\"robots\" content=\"index, follow, max-snippet:-1, max-image-preview:large, max-video-preview:-1\" \/>\n<link rel=\"canonical\" href=\"http:\/\/universofamilia.com\/cs\/descubre-quien-observa-tu-perfil-hoy\/\" \/>\n<meta property=\"og:locale\" content=\"cs_CZ\" \/>\n<meta property=\"og:type\" content=\"article\" \/>\n<meta property=\"og:title\" content=\"Descubre Qui\u00e9n Observa Tu Perfil Hoy - Universo Fam\u00edlia\" \/>\n<meta property=\"og:description\" content=\"Descubre Qui\u00e9n Observa Tu Perfil Hoy. \u00bfQuieres saber qui\u00e9n visita tu perfil? \u00a1Desc\u00fabrelo ahora! Imagina la siguiente escena:...\" \/>\n<meta property=\"og:url\" content=\"http:\/\/universofamilia.com\/cs\/descubre-quien-observa-tu-perfil-hoy\/\" \/>\n<meta property=\"og:site_name\" content=\"Universo Fam\u00edlia\" \/>\n<meta property=\"article:published_time\" content=\"2024-11-01T13:35:43+00:00\" \/>\n<meta property=\"og:image\" content=\"http:\/\/universofamilia.com\/wp-content\/uploads\/sites\/148\/2024\/11\/DESTAQUE-UNIVERSO-550-x-350.jpg\" \/>\n\t<meta property=\"og:image:width\" content=\"550\" \/>\n\t<meta property=\"og:image:height\" content=\"350\" \/>\n\t<meta property=\"og:image:type\" content=\"image\/jpeg\" \/>\n<meta name=\"twitter:card\" content=\"summary_large_image\" \/>\n<meta name=\"twitter:label1\" content=\"Est. reading time\" \/>\n\t<meta name=\"twitter:data1\" content=\"7 minut\" \/>\n<script type=\"application\/ld+json\" class=\"yoast-schema-graph\">{\"@context\":\"https:\/\/schema.org\",\"@graph\":[{\"@type\":\"WebPage\",\"@id\":\"http:\/\/universofamilia.com\/en\/descubre-quien-observa-tu-perfil-hoy\/\",\"url\":\"http:\/\/universofamilia.com\/en\/descubre-quien-observa-tu-perfil-hoy\/\",\"name\":\"Descubre Qui\u00e9n Observa Tu Perfil Hoy - Universo Fam\u00edlia\",\"isPartOf\":{\"@id\":\"https:\/\/universofamilia.com\/el\/#website\"},\"primaryImageOfPage\":{\"@id\":\"http:\/\/universofamilia.com\/en\/descubre-quien-observa-tu-perfil-hoy\/#primaryimage\"},\"image\":{\"@id\":\"http:\/\/universofamilia.com\/en\/descubre-quien-observa-tu-perfil-hoy\/#primaryimage\"},\"thumbnailUrl\":\"https:\/\/universofamilia.com\/wp-content\/uploads\/sites\/148\/2024\/11\/DESTAQUE-UNIVERSO-550-x-350.jpg\",\"datePublished\":\"2024-11-01T13:35:43+00:00\",\"dateModified\":\"2024-11-01T13:35:43+00:00\",\"author\":{\"@id\":\"\"},\"description\":\"Descubre Qui\u00e9n Observa Tu Perfil Hoy. \u00bfQuieres saber qui\u00e9n visita tu perfil? \u00a1Desc\u00fabrelo ahora! Imagina la siguiente escena:...\",\"breadcrumb\":{\"@id\":\"http:\/\/universofamilia.com\/en\/descubre-quien-observa-tu-perfil-hoy\/#breadcrumb\"},\"inLanguage\":\"cs\",\"potentialAction\":[{\"@type\":\"ReadAction\",\"target\":[\"http:\/\/universofamilia.com\/en\/descubre-quien-observa-tu-perfil-hoy\/\"]}]},{\"@type\":\"ImageObject\",\"inLanguage\":\"cs\",\"@id\":\"http:\/\/universofamilia.com\/en\/descubre-quien-observa-tu-perfil-hoy\/#primaryimage\",\"url\":\"https:\/\/universofamilia.com\/wp-content\/uploads\/sites\/148\/2024\/11\/DESTAQUE-UNIVERSO-550-x-350.jpg\",\"contentUrl\":\"https:\/\/universofamilia.com\/wp-content\/uploads\/sites\/148\/2024\/11\/DESTAQUE-UNIVERSO-550-x-350.jpg\",\"width\":550,\"height\":350,\"caption\":\"Descubre Qui\u00e9n Observa Tu Perfil Hoy\"},{\"@type\":\"BreadcrumbList\",\"@id\":\"http:\/\/universofamilia.com\/en\/descubre-quien-observa-tu-perfil-hoy\/#breadcrumb\",\"itemListElement\":[{\"@type\":\"ListItem\",\"position\":1,\"name\":\"Home\",\"item\":\"https:\/\/universofamilia.com\/el\/\"},{\"@type\":\"ListItem\",\"position\":2,\"name\":\"Descubre Qui\u00e9n Observa Tu Perfil Hoy\"}]},{\"@type\":\"WebSite\",\"@id\":\"https:\/\/universofamilia.com\/el\/#website\",\"url\":\"https:\/\/universofamilia.com\/el\/\",\"name\":\"Universo Fam\u00edlia\",\"description\":\"\",\"potentialAction\":[{\"@type\":\"SearchAction\",\"target\":{\"@type\":\"EntryPoint\",\"urlTemplate\":\"https:\/\/universofamilia.com\/el\/?s={search_term_string}\"},\"query-input\":\"required name=search_term_string\"}],\"inLanguage\":\"cs\"}]}<\/script>\n<!-- \/ Yoast SEO plugin. -->","yoast_head_json":{"title":"Descubre Qui\u00e9n Observa Tu Perfil Hoy - Universo Fam\u00edlia","description":"Descubre Qui\u00e9n Observa Tu Perfil Hoy. \u00bfQuieres saber qui\u00e9n visita tu perfil? \u00a1Desc\u00fabrelo ahora! Imagina la siguiente escena:...","robots":{"index":"index","follow":"follow","max-snippet":"max-snippet:-1","max-image-preview":"max-image-preview:large","max-video-preview":"max-video-preview:-1"},"canonical":"http:\/\/universofamilia.com\/cs\/descubre-quien-observa-tu-perfil-hoy\/","og_locale":"cs_CZ","og_type":"article","og_title":"Descubre Qui\u00e9n Observa Tu Perfil Hoy - Universo Fam\u00edlia","og_description":"Descubre Qui\u00e9n Observa Tu Perfil Hoy. \u00bfQuieres saber qui\u00e9n visita tu perfil? \u00a1Desc\u00fabrelo ahora! Imagina la siguiente escena:...","og_url":"http:\/\/universofamilia.com\/cs\/descubre-quien-observa-tu-perfil-hoy\/","og_site_name":"Universo Fam\u00edlia","article_published_time":"2024-11-01T13:35:43+00:00","og_image":[{"width":550,"height":350,"url":"http:\/\/universofamilia.com\/wp-content\/uploads\/sites\/148\/2024\/11\/DESTAQUE-UNIVERSO-550-x-350.jpg","type":"image\/jpeg"}],"twitter_card":"summary_large_image","twitter_misc":{"Est. reading time":"7 minut"},"schema":{"@context":"https:\/\/schema.org","@graph":[{"@type":"WebPage","@id":"http:\/\/universofamilia.com\/en\/descubre-quien-observa-tu-perfil-hoy\/","url":"http:\/\/universofamilia.com\/en\/descubre-quien-observa-tu-perfil-hoy\/","name":"Descubre Qui\u00e9n Observa Tu Perfil Hoy - Universo Fam\u00edlia","isPartOf":{"@id":"https:\/\/universofamilia.com\/el\/#website"},"primaryImageOfPage":{"@id":"http:\/\/universofamilia.com\/en\/descubre-quien-observa-tu-perfil-hoy\/#primaryimage"},"image":{"@id":"http:\/\/universofamilia.com\/en\/descubre-quien-observa-tu-perfil-hoy\/#primaryimage"},"thumbnailUrl":"https:\/\/universofamilia.com\/wp-content\/uploads\/sites\/148\/2024\/11\/DESTAQUE-UNIVERSO-550-x-350.jpg","datePublished":"2024-11-01T13:35:43+00:00","dateModified":"2024-11-01T13:35:43+00:00","author":{"@id":""},"description":"Descubre Qui\u00e9n Observa Tu Perfil Hoy. \u00bfQuieres saber qui\u00e9n visita tu perfil? \u00a1Desc\u00fabrelo ahora! Imagina la siguiente escena:...","breadcrumb":{"@id":"http:\/\/universofamilia.com\/en\/descubre-quien-observa-tu-perfil-hoy\/#breadcrumb"},"inLanguage":"cs","potentialAction":[{"@type":"ReadAction","target":["http:\/\/universofamilia.com\/en\/descubre-quien-observa-tu-perfil-hoy\/"]}]},{"@type":"ImageObject","inLanguage":"cs","@id":"http:\/\/universofamilia.com\/en\/descubre-quien-observa-tu-perfil-hoy\/#primaryimage","url":"https:\/\/universofamilia.com\/wp-content\/uploads\/sites\/148\/2024\/11\/DESTAQUE-UNIVERSO-550-x-350.jpg","contentUrl":"https:\/\/universofamilia.com\/wp-content\/uploads\/sites\/148\/2024\/11\/DESTAQUE-UNIVERSO-550-x-350.jpg","width":550,"height":350,"caption":"Descubre Qui\u00e9n Observa Tu Perfil Hoy"},{"@type":"BreadcrumbList","@id":"http:\/\/universofamilia.com\/en\/descubre-quien-observa-tu-perfil-hoy\/#breadcrumb","itemListElement":[{"@type":"ListItem","position":1,"name":"Home","item":"https:\/\/universofamilia.com\/el\/"},{"@type":"ListItem","position":2,"name":"Descubre Qui\u00e9n Observa Tu Perfil Hoy"}]},{"@type":"WebSite","@id":"https:\/\/universofamilia.com\/el\/#website","url":"https:\/\/universofamilia.com\/el\/","name":"Universo Fam\u00edlia","description":"","potentialAction":[{"@type":"SearchAction","target":{"@type":"EntryPoint","urlTemplate":"https:\/\/universofamilia.com\/el\/?s={search_term_string}"},"query-input":"required name=search_term_string"}],"inLanguage":"cs"}]}},"_links":{"self":[{"href":"https:\/\/universofamilia.com\/cs\/wp-json\/wp\/v2\/posts\/7302"}],"collection":[{"href":"https:\/\/universofamilia.com\/cs\/wp-json\/wp\/v2\/posts"}],"about":[{"href":"https:\/\/universofamilia.com\/cs\/wp-json\/wp\/v2\/types\/post"}],"replies":[{"embeddable":true,"href":"https:\/\/universofamilia.com\/cs\/wp-json\/wp\/v2\/comments?post=7302"}],"version-history":[{"count":0,"href":"https:\/\/universofamilia.com\/cs\/wp-json\/wp\/v2\/posts\/7302\/revisions"}],"wp:featuredmedia":[{"embeddable":true,"href":"https:\/\/universofamilia.com\/cs\/wp-json\/wp\/v2\/media\/7310"}],"wp:attachment":[{"href":"https:\/\/universofamilia.com\/cs\/wp-json\/wp\/v2\/media?parent=7302"}],"wp:term":[{"taxonomy":"category","embeddable":true,"href":"https:\/\/universofamilia.com\/cs\/wp-json\/wp\/v2\/categories?post=7302"},{"taxonomy":"post_tag","embeddable":true,"href":"https:\/\/universofamilia.com\/cs\/wp-json\/wp\/v2\/tags?post=7302"}],"curies":[{"name":"wp","href":"https:\/\/api.w.org\/{rel}","templated":true}]}}