{"id":7303,"date":"2024-11-01T10:26:57","date_gmt":"2024-11-01T13:26:57","guid":{"rendered":"https:\/\/universofamilia.com\/?p=7303"},"modified":"2024-11-01T10:26:57","modified_gmt":"2024-11-01T13:26:57","slug":"quien-visita-tu-perfil-descubrelo","status":"publish","type":"post","link":"https:\/\/universofamilia.com\/cs\/quien-visita-tu-perfil-descubrelo\/","title":{"rendered":"Kdo nav\u0161t\u011bvuje tv\u016fj profil? Zjistit!"},"content":{"rendered":"<p>Cht\u011bli byste v\u011bd\u011bt, kdo si prohl\u00ed\u017e\u00ed v\u00e1\u0161 profil? Zjist\u011bte jak!<\/p>\n\n\n\n<p>P\u0159edstavte si, \u017ee si jen tak ledabyle prohl\u00ed\u017e\u00edte soci\u00e1ln\u00ed s\u00edt\u011b, nav\u0161t\u011bvujete profil dlouholet\u00e9ho zn\u00e1m\u00e9ho, mo\u017en\u00e1 i b\u00fdval\u00e9 l\u00e1sky.<\/p>\n\n\n\n<p><\/p>\n\n\n\n<hr class=\"wp-block-separator has-text-color has-luminous-vivid-orange-color has-alpha-channel-opacity has-luminous-vivid-orange-background-color has-background is-style-wide\"\/>\n\n\n\n<h2 class=\"wp-block-heading has-text-align-center\">Co byste cht\u011bl\/a ud\u011blat jako prvn\u00ed?<\/h2>\n\n\n\n<div class=\"wp-block-buttons is-content-justification-center is-layout-flex wp-container-core-buttons-layout-1 wp-block-buttons-is-layout-flex\">\n<div class=\"wp-block-button has-custom-width wp-block-button__width-100 is-style-outline\" style=\"text-decoration:none\"><a class=\"wp-block-button__link has-white-color has-vivid-cyan-blue-background-color has-text-color has-background has-link-color has-text-align-left wp-element-button\" href=\"https:\/\/universofamilia.com\/cs\/7282\/descubre-quien-esta-observandote\/\" style=\"border-radius:10px\">Zjist\u011bte, kdo v\u00e1s sleduje \u27a1\ufe0f<\/a><\/div>\n<\/div>\n\n\n\n<div class=\"wp-block-buttons is-content-justification-center is-layout-flex wp-container-core-buttons-layout-2 wp-block-buttons-is-layout-flex\">\n<div class=\"wp-block-button has-custom-width wp-block-button__width-100 is-style-outline\" style=\"text-decoration:none\"><a class=\"wp-block-button__link has-white-color has-vivid-cyan-blue-background-color has-text-color has-background has-link-color has-text-align-left wp-element-button\" href=\"https:\/\/universofamilia.com\/cs\/7281\/quien-esta-interesado-en-ti\/\" style=\"border-radius:10px\">Kdo m\u00e1 o tebe z\u00e1jem? \u27a1\ufe0f<\/a><\/div>\n<\/div>\n\n\n\n<div class=\"wp-block-buttons is-content-justification-center is-layout-flex wp-container-core-buttons-layout-3 wp-block-buttons-is-layout-flex\">\n<div class=\"wp-block-button has-custom-width wp-block-button__width-100 is-style-outline\" style=\"text-decoration:none\"><a class=\"wp-block-button__link has-white-color has-vivid-cyan-blue-background-color has-text-color has-background has-link-color has-text-align-left wp-element-button\" href=\"https:\/\/universofamilia.com\/cs\/7271\/encuentra-el-amor-mejores-apps-de-citas\/\" style=\"border-radius:10px\">Najd\u011bte l\u00e1sku \u27a1\ufe0f<\/a><\/div>\n<\/div>\n\n\n\n<p class=\"has-text-align-center\"><em><strong>\u010ct\u011bte d\u00e1l!<\/strong><\/em><\/p>\n\n\n\n<hr class=\"wp-block-separator has-text-color has-luminous-vivid-orange-color has-alpha-channel-opacity has-luminous-vivid-orange-background-color has-background is-style-wide\"\/>\n\n\n\n<p><\/p>\n\n\n\n<p>A najednou zjist\u00edte, \u017ee si tato osoba v\u0161imla, \u017ee jste sledovali jej\u00ed profil.<\/p>\n\n\n\n<p>M\u016f\u017ee to zn\u00edt jako filmov\u00e1 sc\u00e9na, ale s dne\u0161n\u00ed technologi\u00ed je to mnohem bl\u00ed\u017e realit\u011b, ne\u017e si mysl\u00edme.<\/p>\n\n\n\n<p>Pro mnoho lid\u00ed je v\u011bd\u011bt, kdo nav\u0161t\u011bvuje jejich profil na soci\u00e1ln\u00edch s\u00edt\u00edch, neodolatelnou zv\u011bdavost\u00ed.<\/p>\n\n\n\n<p>A je snadn\u00e9 pochopit pro\u010d: ve sv\u011bt\u011b, kde se spole\u010densk\u00fd \u017eivot odehr\u00e1v\u00e1 p\u0159ev\u00e1\u017en\u011b online, v\u00e1m sledov\u00e1n\u00ed toho, kdo sleduje v\u00e1\u0161 pohyb, m\u016f\u017ee poskytnout vod\u00edtko k tomu, kdo m\u00e1 o v\u00e1s z\u00e1jem, nebo je o v\u00e1s alespo\u0148 zv\u011bdav\u00fd.<\/p>\n\n\n\n<p>V tomto \u010dl\u00e1nku si vysv\u011btl\u00edme, pro\u010d je d\u016fle\u017eit\u00e9 v\u011bd\u011bt, kdo nav\u0161t\u00edvil v\u00e1\u0161 profil, jak tyto n\u00e1v\u0161t\u011bvy sledovat a jak v\u00e1m to m\u016f\u017ee pomoci l\u00e9pe kontrolovat va\u0161i online bezpe\u010dnost.<\/p>\n\n\n\n<p>Krom\u011b toho v\u00e1m p\u0159edstav\u00edme obl\u00edben\u00fd n\u00e1stroj mezi t\u011bmi, kte\u0159\u00ed cht\u011bj\u00ed zjistit, kdo si prohl\u00ed\u017e\u00ed jejich profil: <strong>Sledova\u010d soci\u00e1ln\u00edch s\u00edt\u00ed<\/strong>.<\/p>\n\n\n\n<h3 class=\"wp-block-heading\"><strong>Pro\u010d v\u011bd\u011bt, kdo nav\u0161t\u00edvil v\u00e1\u0161 profil?<\/strong><\/h3>\n\n\n\n<p>My\u0161lenka sledov\u00e1n\u00ed n\u00e1v\u0161t\u011bvn\u00edk\u016f va\u0161eho profilu se m\u016f\u017ee zd\u00e1t extr\u00e9mn\u00ed, ale existuj\u00ed dobr\u00e9 d\u016fvody, pro\u010d cht\u00edt m\u00edt tuto kontrolu:<\/p>\n\n\n\n<ul class=\"wp-block-list\">\n<li><strong>Zabezpe\u010den\u00ed a soukrom\u00ed<\/strong>Pokud n\u011bkdo neust\u00e1le kontroluje v\u00e1\u0161 profil, m\u016f\u017ee to b\u00fdt zn\u00e1mkou nadm\u011brn\u00e9ho z\u00e1jmu. Znalost toho, kdo tito lid\u00e9 jsou, v\u00e1m pom\u016f\u017ee sledovat, kdo sleduje va\u0161e online aktivity.<\/li>\n\n\n\n<li><strong>P\u0159irozen\u00e1 zv\u011bdavost<\/strong>V\u0161ichni m\u00e1me v sob\u011b zv\u011bdavost a v\u011bd\u011bt, kdo nav\u0161t\u00edvil v\u00e1\u0161 profil, m\u016f\u017ee odhalit obdivovatele nebo dokonce otev\u0159\u00edt dve\u0159e k ne\u010dekan\u00fdm konverzac\u00edm.<\/li>\n\n\n\n<li><strong>Znovupropojen\u00ed<\/strong>N\u011bkdy n\u00e1s lid\u00e9, kter\u00e9 obdivujeme, nebo b\u00fdval\u00ed p\u0159\u00e1tel\u00e9 tajn\u011b sleduj\u00ed zp\u011bt. V\u011bdom\u00ed t\u00e9to skute\u010dnosti n\u00e1m m\u016f\u017ee otev\u0159\u00edt dve\u0159e k op\u011btovn\u00e9mu setk\u00e1n\u00ed nebo pos\u00edlen\u00ed p\u0159\u00e1telstv\u00ed.<\/li>\n<\/ul>\n\n\n\n<h3 class=\"wp-block-heading\"><strong>Zaj\u00edm\u00e1 v\u00e1s, kdo nav\u0161t\u011bvuje v\u00e1\u0161 profil?<\/strong><\/h3>\n\n\n\n<p>Koneckonc\u016f, kdo by necht\u011bl zjistit, jestli se na jejich profil \u010das od \u010dasu pod\u00edv\u00e1 ten vzd\u00e1len\u00fd kamar\u00e1d nebo b\u00fdval\u00fd p\u0159\u00edtel\/p\u0159\u00edtelkyn\u011b?<\/p>\n\n\n\n<p>S pomoc\u00ed <strong>Sledova\u010d soci\u00e1ln\u00edch s\u00edt\u00ed<\/strong>Tuto z\u00e1hadu lze vy\u0159e\u0161it. Poj\u010fme se pod\u00edvat, jak to funguje a jak v\u00e1m to m\u016f\u017ee pomoci sledovat, kdo v\u00e1s sleduje na soci\u00e1ln\u00edch s\u00edt\u00edch.<\/p>\n\n\n\n<p><\/p>\n\n\n\n<hr class=\"wp-block-separator has-text-color has-luminous-vivid-orange-color has-alpha-channel-opacity has-luminous-vivid-orange-background-color has-background is-style-wide\"\/>\n\n\n\n<h3 class=\"wp-block-heading\">Viz tak\u00e9:<\/h3>\n\n\n\n<ul class=\"wp-block-list has-small-font-size\">\n<li style=\"padding-top:0;padding-right:var(--wp--preset--spacing--40);padding-bottom:0;padding-left:var(--wp--preset--spacing--40);font-style:normal;font-weight:400\" class=\"has-medium-font-size\"><a href=\"https:\/\/universofamilia.com\/cs\/6855\/grabar-llamadas-recibidas\/\"><mark style=\"background-color:rgba(0, 0, 0, 0);color:#f94c45\" class=\"has-inline-color\">Nahr\u00e1v\u00e1n\u00ed p\u0159\u00edchoz\u00edch hovor\u016f &gt;<\/mark><\/a><\/li>\n\n\n\n<li style=\"padding-top:0;padding-right:var(--wp--preset--spacing--40);padding-bottom:0;padding-left:var(--wp--preset--spacing--40);font-style:normal;font-weight:400\" class=\"has-medium-font-size\"><a href=\"https:\/\/universofamilia.com\/cs\/6898\/leer-la-biblia-catolica-en-tu-celular\/\"><mark style=\"background-color:rgba(0, 0, 0, 0);color:#f94c45\" class=\"has-inline-color\"><font style=\"vertical-align: inherit;\"><font style=\"vertical-align: inherit;\">\u010ct\u011bte katolickou Bibli na sv\u00e9m mobiln\u00edm telefonu<\/font><\/font> &gt;<\/mark><\/a><\/li>\n\n\n\n<li style=\"padding-top:0;padding-right:var(--wp--preset--spacing--40);padding-bottom:0;padding-left:var(--wp--preset--spacing--40);font-style:normal;font-weight:400\" class=\"has-medium-font-size\"><a href=\"https:\/\/universofamilia.com\/cs\/6832\/aplicacion-para-bailar-zumba\/\"><mark style=\"background-color:rgba(0, 0, 0, 0);color:#f94c45\" class=\"has-inline-color\">Aplikace pro tane\u010dn\u00ed zumbu &gt;<\/mark><\/a><\/li>\n\n\n\n<li style=\"padding-top:0;padding-right:var(--wp--preset--spacing--40);padding-bottom:0;padding-left:var(--wp--preset--spacing--40);font-style:normal;font-weight:400\" class=\"has-medium-font-size\"><a href=\"https:\/\/universofamilia.com\/cs\/6952\/descubre-quien-visita-tu-perfil-redes-sociales\/\"><mark style=\"background-color:rgba(0, 0, 0, 0);color:#f94c45\" class=\"has-inline-color\">Zjist\u011bte, kdo nav\u0161t\u011bvuje v\u00e1\u0161 profil na soci\u00e1ln\u00edch s\u00edt\u00edch &gt;<\/mark><\/a><\/li>\n<\/ul>\n\n\n\n<hr class=\"wp-block-separator has-text-color has-luminous-vivid-orange-color has-alpha-channel-opacity has-luminous-vivid-orange-background-color has-background is-style-wide\"\/>\n\n\n\n<p><\/p>\n\n\n\n<h3 class=\"wp-block-heading\"><strong>Monitorov\u00e1n\u00ed n\u00e1v\u0161t\u011bv va\u0161eho profilu<\/strong><\/h3>\n\n\n\n<p>Existuje mnoho aplikac\u00ed, kter\u00e9 slibuj\u00ed zobrazen\u00ed toho, kdo nav\u0161t\u011bvuje v\u00e1\u0161 profil, ale je d\u016fle\u017eit\u00e9 vybrat si spolehliv\u00e9 n\u00e1stroje, kter\u00e9 u\u017eivatel\u016fm nab\u00edzej\u00ed bezpe\u010dnost.<\/p>\n\n\n\n<p><strong>Sledova\u010d soci\u00e1ln\u00edch s\u00edt\u00ed<\/strong> Je to jedna z nejobl\u00edben\u011bj\u0161\u00edch aplikac\u00ed pro ty, kte\u0159\u00ed cht\u011bj\u00ed sledovat n\u00e1v\u0161t\u011bvy a v\u011bd\u011bt v\u00edce o tom, kdo interaguje s jejich online profilem.<\/p>\n\n\n\n<h3 class=\"wp-block-heading\"><strong>Pozor na stalkera! Zjist\u011bte, kdo v\u00e1s sleduje na soci\u00e1ln\u00edch s\u00edt\u00edch<\/strong><\/h3>\n\n\n\n<p><strong>Sledova\u010d soci\u00e1ln\u00edch s\u00edt\u00ed<\/strong> Je to aplikace, kter\u00e1 v\u00e1m umo\u017e\u0148uje sledovat, kdo si prohl\u00ed\u017eel v\u00e1\u0161 profil.<\/p>\n\n\n\n<p>Analyzujte interakce a n\u00e1v\u0161t\u011bvy, abyste z\u00edskali p\u0159esn\u00e9 informace o tom, kdo sleduje v\u00e1\u0161 pohyb na soci\u00e1ln\u00edch s\u00edt\u00edch.<\/p>\n\n\n\n<p>Mezi v\u00fdznamn\u00e9 funkce aplikace pat\u0159\u00ed:<\/p>\n\n\n\n<ul class=\"wp-block-list\">\n<li><strong>Podrobn\u00e9 vizualiza\u010dn\u00ed zpr\u00e1vy<\/strong>Anal\u00fdzou profil\u016f, kter\u00e9 s va\u0161\u00ed str\u00e1nkou interaguj\u00ed nebo ji nav\u0161t\u011bvuj\u00ed, m\u016f\u017eete zjistit, kdo si va\u0161e p\u0159\u00edsp\u011bvky prohl\u00ed\u017e\u00ed nej\u010dast\u011bji.<\/li>\n\n\n\n<li><strong>Upozorn\u011bn\u00ed v re\u00e1ln\u00e9m \u010dase<\/strong>: Ozn\u00e1men\u00ed, kter\u00e1 v\u00e1s upozorn\u00ed, kdy\u017e si n\u011bkdo prohl\u00ed\u017e\u00ed v\u00e1\u0161 profil, a poskytnou v\u00e1m tak okam\u017eitou p\u0159edstavu o tom, kdo m\u00e1 o v\u00e1\u0161 obsah z\u00e1jem.<\/li>\n\n\n\n<li><strong>Exkluzivn\u00ed informace o zasnouben\u00ed<\/strong>Krom\u011b toho, \u017ee v\u00e1m aplikace ukazuje, kdo v\u00e1s nav\u0161t\u011bvuje, v\u00e1m tak\u00e9 ukazuje, kdo s v\u00e1mi nejv\u00edce interaguje pomoc\u00ed lajk\u016f a koment\u00e1\u0159\u016f, co\u017e v\u00e1m pom\u016f\u017ee zjistit, kdo m\u00e1 o v\u00e1s skute\u010dn\u00fd z\u00e1jem.<\/li>\n<\/ul>\n\n\n\n<h3 class=\"wp-block-heading\"><strong>Sleduje v\u00e1s n\u011bkdo? Zjist\u011bte, jak zjistit, kdo nav\u0161t\u011bvuje v\u00e1\u0161 profil<\/strong><\/h3>\n\n\n\n<p>M\u016f\u017ee to zn\u00edt zvl\u00e1\u0161tn\u011b nebo dokonce trochu znepokojiv\u011b, ale pokud si n\u011bkdo neust\u00e1le prohl\u00ed\u017e\u00ed v\u00e1\u0161 profil, <strong>Sledova\u010d soci\u00e1ln\u00edch s\u00edt\u00ed<\/strong> v\u00e1m pom\u016f\u017ee z\u016fstat informovan\u00ed a v bezpe\u010d\u00ed.<\/p>\n\n\n\n<p>Krom\u011b sledov\u00e1n\u00ed n\u00e1v\u0161t\u011bv v\u00e1m aplikace poskytuje informace o lidech, kte\u0159\u00ed mohou projevovat nadm\u011brn\u00fd z\u00e1jem.<\/p>\n\n\n\n<p>Tento typ monitorov\u00e1n\u00ed je u\u017eite\u010dn\u00fd nejen pro pochopen\u00ed toho, kdo m\u00e1 z\u00e1jem, ale tak\u00e9 pro pos\u00edlen\u00ed va\u0161\u00ed bezpe\u010dnosti p\u0159ed neo\u010dek\u00e1van\u00fdmi kontakty. Koneckonc\u016f, v\u011bdom\u00ed, \u017ee si n\u011bkdo prohl\u00ed\u017e\u00ed v\u00e1\u0161 profil, m\u016f\u017ee b\u00fdt sign\u00e1lem k \u00faprav\u011b nastaven\u00ed soukrom\u00ed.<\/p>\n\n\n\n<h3 class=\"wp-block-heading\"><strong>Pravda o lajc\u00edch: Koho v\u00e1\u0161 obsah skute\u010dn\u011b zaj\u00edm\u00e1<\/strong><\/h3>\n\n\n\n<p>Ti, kte\u0159\u00ed daj\u00ed fotce lajk nebo ji okomentuj\u00ed, se ne v\u017edycky o to, co tam zve\u0159ejn\u00edte, skute\u010dn\u011b zaj\u00edmaj\u00ed. <strong>Sledova\u010d soci\u00e1ln\u00edch s\u00edt\u00ed<\/strong> prov\u00e1d\u00ed komplexn\u011bj\u0161\u00ed anal\u00fdzu, zd\u016fraz\u0148uje nejv\u00fdznamn\u011bj\u0161\u00ed interakce a umo\u017e\u0148uje v\u00e1m pochopit, kdo m\u00e1 o v\u00e1\u0161 obsah skute\u010dn\u00fd z\u00e1jem.<\/p>\n\n\n\n<p>Tento rozd\u00edl je z\u00e1sadn\u00ed pro influencery a lidi, kte\u0159\u00ed cht\u011bj\u00ed m\u00edt sv\u016fj profil organizovan\u00fd, proto\u017ee jim pom\u00e1h\u00e1 soust\u0159edit se na nejd\u016fle\u017eit\u011bj\u0161\u00ed interakce.<\/p>\n\n\n\n<h3 class=\"wp-block-heading\"><strong>V\u00fdhody soci\u00e1ln\u00edho trackeru: Bezpe\u010dnost a kontrola na dosah ruky<\/strong><\/h3>\n\n\n\n<p><strong>Sledova\u010d soci\u00e1ln\u00edch s\u00edt\u00ed<\/strong> M\u00e1 \u0159adu v\u00fdhod, kter\u00e9 vysv\u011btluj\u00ed jeho popularitu mezi u\u017eivateli. Mezi hlavn\u00ed v\u00fdhody pat\u0159\u00ed:<\/p>\n\n\n\n<ul class=\"wp-block-list\">\n<li><strong>Zv\u00fd\u0161en\u00e9 soukrom\u00ed<\/strong>Zjist\u011bte, kdo si prohl\u00ed\u017e\u00ed v\u00e1\u0161 obsah, a podle toho upravte nastaven\u00ed ochrany osobn\u00edch \u00fadaj\u016f.<\/li>\n\n\n\n<li><strong>Kontrola nad interakcemi<\/strong>Zjist\u011bte, kdo m\u00e1 trval\u00fd z\u00e1jem o v\u00e1\u0161 profil, a sledujte sv\u00e9 publikum.<\/li>\n\n\n\n<li><strong>Lep\u0161\u00ed zapojen\u00ed<\/strong>Znalost va\u0161eho publika pom\u00e1h\u00e1 zlep\u0161it kvalitu va\u0161eho obsahu t\u00edm, \u017ee se zam\u011b\u0159\u00edte na ty, kte\u0159\u00ed o n\u011bj maj\u00ed skute\u010dn\u00fd z\u00e1jem.<\/li>\n\n\n\n<li><strong>Prakti\u010dnost a bezpe\u010dnost<\/strong>D\u00edky u\u017eivatelsky p\u0159\u00edv\u011btiv\u00e9mu rozhran\u00ed a osv\u011bd\u010den\u00e9mu zabezpe\u010den\u00ed v\u00e1m Social Tracker umo\u017e\u0148uje sledovat n\u00e1v\u0161t\u011bvy bez ohro\u017een\u00ed va\u0161ich osobn\u00edch \u00fadaj\u016f.<\/li>\n<\/ul>\n\n\n\n<h3 class=\"wp-block-heading\"><strong>U\u017eivatelsk\u00e9 recenze<\/strong><\/h3>\n\n\n\n<p>Zjist\u011bte, co si o tom mysl\u00ed n\u011bkte\u0159\u00ed u\u017eivatel\u00e9 <strong>Sledova\u010d soci\u00e1ln\u00edch s\u00edt\u00ed<\/strong>:<\/p>\n\n\n\n<ol class=\"wp-block-list\">\n<li><strong>Carlos S.<\/strong> \u2013 \u201eSkv\u011bl\u00e1 aplikace! Zjistil jsem, \u017ee mi b\u00fdval\u00fd kolega neust\u00e1le prohl\u00ed\u017e\u00ed profil. Dalo mi to p\u0159ehled o tom, kdo sleduje m\u00e9 novinky.\u201c<\/li>\n\n\n\n<li><strong>Renata P.<\/strong> \u2013 \u201eSuper zaj\u00edmav\u00e9! Krom\u011b toho, \u017ee vid\u00edm, kdo nav\u0161t\u011bvuje m\u016fj profil, m\u016f\u017eu tak\u00e9 pochopit, kdo s n\u00edm skute\u010dn\u011b komunikuje. Ide\u00e1ln\u00ed pro ty, kte\u0159\u00ed cht\u011bj\u00ed m\u00edt o v\u0161em p\u0159ehled.\u201c<\/li>\n\n\n\n<li><strong>Luk\u00e1\u0161 F.<\/strong> \u2013 \u201ePraktick\u00e9 a intuitivn\u00ed! Ukazuje mi, kdo sleduje m\u016fj profil, a pom\u00e1h\u00e1 mi to zlep\u0161it zabezpe\u010den\u00ed. Doporu\u010duji to!\u201c<\/li>\n<\/ol>\n\n\n<div class=\"wp-block-image\">\n<figure class=\"aligncenter size-full\"><img loading=\"lazy\" decoding=\"async\" width=\"550\" height=\"350\" src=\"http:\/\/universofamilia.com\/wp-content\/uploads\/sites\/148\/2024\/11\/DESTAQUE-UNIVERSO-550-x-350-1.jpg\" alt=\"\" class=\"wp-image-7308\" srcset=\"https:\/\/universofamilia.com\/wp-content\/uploads\/sites\/148\/2024\/11\/DESTAQUE-UNIVERSO-550-x-350-1.jpg 550w, https:\/\/universofamilia.com\/wp-content\/uploads\/sites\/148\/2024\/11\/DESTAQUE-UNIVERSO-550-x-350-1-300x191.jpg 300w\" sizes=\"(max-width: 550px) 100vw, 550px\" \/><figcaption class=\"wp-element-caption\">Kdo nav\u0161t\u011bvuje tv\u016fj profil? Zjistit!<\/figcaption><\/figure><\/div>\n\n\n<h3 class=\"wp-block-heading\"><strong>Jak nainstalovat sledova\u010d soci\u00e1ln\u00edch s\u00edt\u00ed<\/strong><\/h3>\n\n\n\n<p>Instalovat <strong>Sledova\u010d soci\u00e1ln\u00edch s\u00edt\u00ed<\/strong> Je to jednoduch\u00e9 a zabere to jen p\u00e1r minut. Postupujte podle t\u011bchto krok\u016f:<\/p>\n\n\n\n<ol class=\"wp-block-list\">\n<li>P\u0159ejd\u011bte do obchodu s aplikacemi ve va\u0161em za\u0159\u00edzen\u00ed.<\/li>\n\n\n\n<li>Hled\u00e1 <strong>Sledova\u010d soci\u00e1ln\u00edch s\u00edt\u00ed<\/strong>.<\/li>\n\n\n\n<li>Klikn\u011bte na tla\u010d\u00edtko \u201eInstalovat\u201c a postupujte podle pokyn\u016f na obrazovce.<\/li>\n\n\n\n<li>Po instalaci otev\u0159ete aplikaci a povolte nastaven\u00ed zabezpe\u010den\u00ed a soukrom\u00ed.<\/li>\n<\/ol>\n\n\n\n<p>Chcete-li za\u010d\u00edt, sta\u010d\u00ed si nastavit profil a m\u00e1te hotovo!<\/p>\n\n\n\n<p>Nyn\u00ed jste p\u0159ipraveni zjistit, kdo si prohl\u00ed\u017e\u00ed va\u0161i str\u00e1nku.<\/p>\n\n\n\n<h3 class=\"wp-block-heading\"><strong>Z\u00e1v\u011br: Pravda o viditelnosti va\u0161eho profilu na soci\u00e1ln\u00edch s\u00edt\u00edch<\/strong><\/h3>\n\n\n\n<p>V\u011bd\u011bt, kdo nav\u0161t\u011bvuje v\u00e1\u0161 profil, nen\u00ed jen zv\u011bdavost, ale tak\u00e9 zp\u016fsob, jak m\u00edt v\u011bt\u0161\u00ed kontrolu nad t\u00edm, kdo si prohl\u00ed\u017e\u00ed va\u0161e online aktivity.<\/p>\n\n\n\n<p><strong>Sledova\u010d soci\u00e1ln\u00edch s\u00edt\u00ed<\/strong> Je to aplikace, kter\u00e1 nab\u00edz\u00ed podrobnou anal\u00fdzu, d\u00edky kter\u00e9 se budete c\u00edtit bezpe\u010dn\u011bji a l\u00e9pe si uv\u011bdomovat sv\u00e9 n\u00e1v\u0161t\u011bvy a interakce.<\/p>\n\n\n\n<p>Nezapome\u0148te, \u017ee zapojen\u00ed publika je cenn\u00e9 a v\u017edy je dobr\u00e9 v\u011bd\u011bt, \u017ee z\u00e1jem va\u0161eho publika je skute\u010dn\u00fd.<\/p>\n\n\n\n<p>\u00dapravou nastaven\u00ed a sledov\u00e1n\u00edm interakc\u00ed se m\u016f\u017eete soust\u0159edit na ty, na kter\u00fdch v\u00e1m skute\u010dn\u011b z\u00e1le\u017e\u00ed, a vyhnout se zbyte\u010dn\u00fdm starostem o zv\u011bdav\u00e9 lidi nebo stalkery.<\/p>\n\n\n\n<h4 class=\"wp-block-heading\">Odkazy ke sta\u017een\u00ed<\/h4>\n\n\n\n<ul class=\"wp-block-list\">\n<li><strong>Sledova\u010d soci\u00e1ln\u00edch s\u00edt\u00ed<\/strong>: <a href=\"https:\/\/apps.apple.com\/br\/app\/social-tracker\/id1189139278\">Obchod s aplikacemi<\/a> | <a href=\"https:\/\/play.google.com\/store\/apps\/details?id=com.mobiversite.lookAtMe&amp;hl=pt_BR&amp;pli=1\">Google Play<\/a><\/li>\n<\/ul>\n\n\n\n<hr class=\"wp-block-separator has-alpha-channel-opacity is-style-wide\"\/>\n\n\n\n<h3 class=\"wp-block-heading\"><strong>\u010casto kladen\u00e9 ot\u00e1zky (FAQ) o soci\u00e1ln\u00edch s\u00edt\u00edch<\/strong><\/h3>\n\n\n\n<ol class=\"wp-block-list\">\n<li><strong>Je bezpe\u010dn\u00e9 pou\u017e\u00edvat aplikace ke sledov\u00e1n\u00ed, kdo nav\u0161t\u011bvuje m\u016fj profil?<\/strong> Ano, pokud si vyberete aplikace z d\u016fv\u011bryhodn\u00fdch zdroj\u016f, jako je Social Tracker, kter\u00e9 zaru\u010duj\u00ed soukrom\u00ed va\u0161ich dat a chr\u00e1n\u00ed v\u00e1s p\u0159ed neopr\u00e1vn\u011bn\u00fdm p\u0159\u00edstupem.<\/li>\n\n\n\n<li><strong>Jak mohu chr\u00e1nit sv\u00e9 soukrom\u00ed na soci\u00e1ln\u00edch s\u00edt\u00edch?<\/strong> Upravte si nastaven\u00ed soukrom\u00ed na ka\u017ed\u00e9 soci\u00e1ln\u00ed s\u00edti a omezte viditelnost sv\u00fdch p\u0159\u00edsp\u011bvk\u016f a profilu pouze na sv\u00e9 p\u0159\u00e1tele nebo schv\u00e1len\u00e9 kontakty.<\/li>\n\n\n\n<li><strong>M\u016f\u017eu opravdu v\u011bd\u011bt, kdo nav\u0161t\u011bvuje m\u016fj profil na s\u00edt\u00edch jako Facebook a Instagram?<\/strong> Facebook a Instagram tyto informace p\u0159\u00edmo neposkytuj\u00ed. Aplikace jako Social Tracker v\u0161ak analyzuj\u00ed interakce a zapojen\u00ed, aby v\u00e1m poskytly hrubou p\u0159edstavu.<\/li>\n\n\n\n<li><strong>Co znamen\u00e1 b\u00fdt \u201eanga\u017eov\u00e1n\u201c na soci\u00e1ln\u00edch s\u00edt\u00edch?<\/strong> Zapojen\u00ed je \u00farove\u0148 interakce va\u0161ich sleduj\u00edc\u00edch s va\u0161\u00edm obsahem, v\u010detn\u011b lajk\u016f, koment\u00e1\u0159\u016f, sd\u00edlen\u00ed a \u010dasu str\u00e1ven\u00e9ho prohl\u00ed\u017een\u00edm va\u0161ich p\u0159\u00edsp\u011bvk\u016f.<\/li>\n\n\n\n<li><strong>Je mo\u017en\u00e9 n\u011bkomu zablokovat zobrazen\u00ed m\u00e9ho profilu?<\/strong> Ano, v\u011bt\u0161ina soci\u00e1ln\u00edch s\u00edt\u00ed nab\u00edz\u00ed mo\u017enosti blokov\u00e1n\u00ed u\u017eivatel\u016f, co\u017e jim br\u00e1n\u00ed v prohl\u00ed\u017een\u00ed va\u0161eho profilu a p\u0159\u00edsp\u011bvk\u016f.<\/li>\n\n\n\n<li><strong>Kter\u00e9 soci\u00e1ln\u00ed s\u00edt\u011b jsou nejbezpe\u010dn\u011bj\u0161\u00ed pro sd\u00edlen\u00ed osobn\u00edch \u00fadaj\u016f?<\/strong> S\u00edt\u011b jako LinkedIn a profesion\u00e1ln\u00ed platformy maj\u00ed \u010dasto p\u0159\u00edsn\u011bj\u0161\u00ed nastaven\u00ed soukrom\u00ed. Zabezpe\u010den\u00ed v\u0161ak z\u00e1vis\u00ed na tom, jak si v ka\u017ed\u00e9 s\u00edti nakonfigurujete \u00fa\u010det.<\/li>\n\n\n\n<li><strong>Jak mohu zv\u00fd\u0161it zapojen\u00ed, ani\u017e bych se musel ob\u00e1vat stalker\u016f?<\/strong> Publikujte autentick\u00fd a relevantn\u00ed obsah pro sv\u00e9 sleduj\u00edc\u00ed a upravte nastaven\u00ed soukrom\u00ed podle sv\u00fdch preferenc\u00ed. T\u00edm udr\u017e\u00edte pozornost sv\u00e9ho publika, ani\u017e byste ohrozili svou bezpe\u010dnost.<\/li>\n<\/ol>","protected":false},"excerpt":{"rendered":"<p>Cht\u011bli byste v\u011bd\u011bt, kdo si prohl\u00ed\u017e\u00ed v\u00e1\u0161 profil? Zjist\u011bte jak! P\u0159edstavte si, \u017ee si jen tak ledabyle prohl\u00ed\u017e\u00edte soci\u00e1ln\u00ed s\u00edt\u011b, nav\u0161t\u011bvujete profil dlouholet\u00e9ho zn\u00e1m\u00e9ho, mo\u017en\u00e1 i b\u00fdval\u00e9 l\u00e1sky. Co byste cht\u011bli ud\u011blat jako prvn\u00ed? \u010ct\u011bte d\u00e1l! A najednou zjist\u00edte, \u017ee si tento \u010dlov\u011bk v\u0161iml, \u017ee jste [\u2026]<\/p>","protected":false},"author":0,"featured_media":7308,"comment_status":"closed","ping_status":"open","sticky":false,"template":"","format":"standard","meta":{"footnotes":""},"categories":[3],"tags":[319,499,763,1242,1462],"yoast_head":"<!-- This site is optimized with the Yoast SEO plugin v23.3 - https:\/\/yoast.com\/wordpress\/plugins\/seo\/ -->\n<title>\u00bfQui\u00e9n visita tu perfil? \u00a1Desc\u00fabrelo! - Universo Fam\u00edlia<\/title>\n<meta name=\"description\" content=\"\u00bfQui\u00e9n visita tu perfil? \u00a1Desc\u00fabrelo! \u00bfTe gustar\u00eda saber qui\u00e9n ve tu perfil? \u00a1Descubre c\u00f3mo hacerlo! Imag\u00ednate que est\u00e1s navegando...\" \/>\n<meta name=\"robots\" content=\"index, follow, max-snippet:-1, max-image-preview:large, max-video-preview:-1\" \/>\n<link rel=\"canonical\" href=\"https:\/\/universofamilia.com\/cs\/wer-ihr-profil-besucht-erfahrt\/\" \/>\n<meta property=\"og:locale\" content=\"cs_CZ\" \/>\n<meta property=\"og:type\" content=\"article\" \/>\n<meta property=\"og:title\" content=\"\u00bfQui\u00e9n visita tu perfil? \u00a1Desc\u00fabrelo! - Universo Fam\u00edlia\" \/>\n<meta property=\"og:description\" content=\"\u00bfQui\u00e9n visita tu perfil? \u00a1Desc\u00fabrelo! \u00bfTe gustar\u00eda saber qui\u00e9n ve tu perfil? \u00a1Descubre c\u00f3mo hacerlo! Imag\u00ednate que est\u00e1s navegando...\" \/>\n<meta property=\"og:url\" content=\"https:\/\/universofamilia.com\/cs\/wer-ihr-profil-besucht-erfahrt\/\" \/>\n<meta property=\"og:site_name\" content=\"Universo Fam\u00edlia\" \/>\n<meta property=\"article:published_time\" content=\"2024-11-01T13:26:57+00:00\" \/>\n<meta property=\"og:image\" content=\"https:\/\/universofamilia.com\/wp-content\/uploads\/sites\/148\/2024\/11\/DESTAQUE-UNIVERSO-550-x-350-1.jpg\" \/>\n\t<meta property=\"og:image:width\" content=\"550\" \/>\n\t<meta property=\"og:image:height\" content=\"350\" \/>\n\t<meta property=\"og:image:type\" content=\"image\/jpeg\" \/>\n<meta name=\"twitter:card\" content=\"summary_large_image\" \/>\n<meta name=\"twitter:label1\" content=\"Est. reading time\" \/>\n\t<meta name=\"twitter:data1\" content=\"9 minut\" \/>\n<script type=\"application\/ld+json\" class=\"yoast-schema-graph\">{\"@context\":\"https:\/\/schema.org\",\"@graph\":[{\"@type\":\"WebPage\",\"@id\":\"https:\/\/universofamilia.com\/de\/wer-ihr-profil-besucht-erfahrt\/\",\"url\":\"https:\/\/universofamilia.com\/de\/wer-ihr-profil-besucht-erfahrt\/\",\"name\":\"\u00bfQui\u00e9n visita tu perfil? \u00a1Desc\u00fabrelo! - Universo Fam\u00edlia\",\"isPartOf\":{\"@id\":\"https:\/\/universofamilia.com\/el\/#website\"},\"primaryImageOfPage\":{\"@id\":\"https:\/\/universofamilia.com\/de\/wer-ihr-profil-besucht-erfahrt\/#primaryimage\"},\"image\":{\"@id\":\"https:\/\/universofamilia.com\/de\/wer-ihr-profil-besucht-erfahrt\/#primaryimage\"},\"thumbnailUrl\":\"https:\/\/universofamilia.com\/wp-content\/uploads\/sites\/148\/2024\/11\/DESTAQUE-UNIVERSO-550-x-350-1.jpg\",\"datePublished\":\"2024-11-01T13:26:57+00:00\",\"dateModified\":\"2024-11-01T13:26:57+00:00\",\"author\":{\"@id\":\"\"},\"description\":\"\u00bfQui\u00e9n visita tu perfil? \u00a1Desc\u00fabrelo! \u00bfTe gustar\u00eda saber qui\u00e9n ve tu perfil? \u00a1Descubre c\u00f3mo hacerlo! Imag\u00ednate que est\u00e1s navegando...\",\"breadcrumb\":{\"@id\":\"https:\/\/universofamilia.com\/de\/wer-ihr-profil-besucht-erfahrt\/#breadcrumb\"},\"inLanguage\":\"cs\",\"potentialAction\":[{\"@type\":\"ReadAction\",\"target\":[\"https:\/\/universofamilia.com\/de\/wer-ihr-profil-besucht-erfahrt\/\"]}]},{\"@type\":\"ImageObject\",\"inLanguage\":\"cs\",\"@id\":\"https:\/\/universofamilia.com\/de\/wer-ihr-profil-besucht-erfahrt\/#primaryimage\",\"url\":\"https:\/\/universofamilia.com\/wp-content\/uploads\/sites\/148\/2024\/11\/DESTAQUE-UNIVERSO-550-x-350-1.jpg\",\"contentUrl\":\"https:\/\/universofamilia.com\/wp-content\/uploads\/sites\/148\/2024\/11\/DESTAQUE-UNIVERSO-550-x-350-1.jpg\",\"width\":550,\"height\":350,\"caption\":\"\u00bfQui\u00e9n visita tu perfil? \u00a1Desc\u00fabrelo!\"},{\"@type\":\"BreadcrumbList\",\"@id\":\"https:\/\/universofamilia.com\/de\/wer-ihr-profil-besucht-erfahrt\/#breadcrumb\",\"itemListElement\":[{\"@type\":\"ListItem\",\"position\":1,\"name\":\"Home\",\"item\":\"https:\/\/universofamilia.com\/el\/\"},{\"@type\":\"ListItem\",\"position\":2,\"name\":\"\u00bfQui\u00e9n visita tu perfil? \u00a1Desc\u00fabrelo!\"}]},{\"@type\":\"WebSite\",\"@id\":\"https:\/\/universofamilia.com\/el\/#website\",\"url\":\"https:\/\/universofamilia.com\/el\/\",\"name\":\"Universo Fam\u00edlia\",\"description\":\"\",\"potentialAction\":[{\"@type\":\"SearchAction\",\"target\":{\"@type\":\"EntryPoint\",\"urlTemplate\":\"https:\/\/universofamilia.com\/el\/?s={search_term_string}\"},\"query-input\":\"required name=search_term_string\"}],\"inLanguage\":\"cs\"}]}<\/script>\n<!-- \/ Yoast SEO plugin. -->","yoast_head_json":{"title":"\u00bfQui\u00e9n visita tu perfil? \u00a1Desc\u00fabrelo! - Universo Fam\u00edlia","description":"\u00bfQui\u00e9n visita tu perfil? \u00a1Desc\u00fabrelo! \u00bfTe gustar\u00eda saber qui\u00e9n ve tu perfil? \u00a1Descubre c\u00f3mo hacerlo! Imag\u00ednate que est\u00e1s navegando...","robots":{"index":"index","follow":"follow","max-snippet":"max-snippet:-1","max-image-preview":"max-image-preview:large","max-video-preview":"max-video-preview:-1"},"canonical":"https:\/\/universofamilia.com\/cs\/wer-ihr-profil-besucht-erfahrt\/","og_locale":"cs_CZ","og_type":"article","og_title":"\u00bfQui\u00e9n visita tu perfil? \u00a1Desc\u00fabrelo! - Universo Fam\u00edlia","og_description":"\u00bfQui\u00e9n visita tu perfil? \u00a1Desc\u00fabrelo! \u00bfTe gustar\u00eda saber qui\u00e9n ve tu perfil? \u00a1Descubre c\u00f3mo hacerlo! Imag\u00ednate que est\u00e1s navegando...","og_url":"https:\/\/universofamilia.com\/cs\/wer-ihr-profil-besucht-erfahrt\/","og_site_name":"Universo Fam\u00edlia","article_published_time":"2024-11-01T13:26:57+00:00","og_image":[{"width":550,"height":350,"url":"https:\/\/universofamilia.com\/wp-content\/uploads\/sites\/148\/2024\/11\/DESTAQUE-UNIVERSO-550-x-350-1.jpg","type":"image\/jpeg"}],"twitter_card":"summary_large_image","twitter_misc":{"Est. reading time":"9 minut"},"schema":{"@context":"https:\/\/schema.org","@graph":[{"@type":"WebPage","@id":"https:\/\/universofamilia.com\/de\/wer-ihr-profil-besucht-erfahrt\/","url":"https:\/\/universofamilia.com\/de\/wer-ihr-profil-besucht-erfahrt\/","name":"\u00bfQui\u00e9n visita tu perfil? \u00a1Desc\u00fabrelo! - Universo Fam\u00edlia","isPartOf":{"@id":"https:\/\/universofamilia.com\/el\/#website"},"primaryImageOfPage":{"@id":"https:\/\/universofamilia.com\/de\/wer-ihr-profil-besucht-erfahrt\/#primaryimage"},"image":{"@id":"https:\/\/universofamilia.com\/de\/wer-ihr-profil-besucht-erfahrt\/#primaryimage"},"thumbnailUrl":"https:\/\/universofamilia.com\/wp-content\/uploads\/sites\/148\/2024\/11\/DESTAQUE-UNIVERSO-550-x-350-1.jpg","datePublished":"2024-11-01T13:26:57+00:00","dateModified":"2024-11-01T13:26:57+00:00","author":{"@id":""},"description":"\u00bfQui\u00e9n visita tu perfil? \u00a1Desc\u00fabrelo! \u00bfTe gustar\u00eda saber qui\u00e9n ve tu perfil? \u00a1Descubre c\u00f3mo hacerlo! Imag\u00ednate que est\u00e1s navegando...","breadcrumb":{"@id":"https:\/\/universofamilia.com\/de\/wer-ihr-profil-besucht-erfahrt\/#breadcrumb"},"inLanguage":"cs","potentialAction":[{"@type":"ReadAction","target":["https:\/\/universofamilia.com\/de\/wer-ihr-profil-besucht-erfahrt\/"]}]},{"@type":"ImageObject","inLanguage":"cs","@id":"https:\/\/universofamilia.com\/de\/wer-ihr-profil-besucht-erfahrt\/#primaryimage","url":"https:\/\/universofamilia.com\/wp-content\/uploads\/sites\/148\/2024\/11\/DESTAQUE-UNIVERSO-550-x-350-1.jpg","contentUrl":"https:\/\/universofamilia.com\/wp-content\/uploads\/sites\/148\/2024\/11\/DESTAQUE-UNIVERSO-550-x-350-1.jpg","width":550,"height":350,"caption":"\u00bfQui\u00e9n visita tu perfil? \u00a1Desc\u00fabrelo!"},{"@type":"BreadcrumbList","@id":"https:\/\/universofamilia.com\/de\/wer-ihr-profil-besucht-erfahrt\/#breadcrumb","itemListElement":[{"@type":"ListItem","position":1,"name":"Home","item":"https:\/\/universofamilia.com\/el\/"},{"@type":"ListItem","position":2,"name":"\u00bfQui\u00e9n visita tu perfil? \u00a1Desc\u00fabrelo!"}]},{"@type":"WebSite","@id":"https:\/\/universofamilia.com\/el\/#website","url":"https:\/\/universofamilia.com\/el\/","name":"Universo Fam\u00edlia","description":"","potentialAction":[{"@type":"SearchAction","target":{"@type":"EntryPoint","urlTemplate":"https:\/\/universofamilia.com\/el\/?s={search_term_string}"},"query-input":"required name=search_term_string"}],"inLanguage":"cs"}]}},"_links":{"self":[{"href":"https:\/\/universofamilia.com\/cs\/wp-json\/wp\/v2\/posts\/7303"}],"collection":[{"href":"https:\/\/universofamilia.com\/cs\/wp-json\/wp\/v2\/posts"}],"about":[{"href":"https:\/\/universofamilia.com\/cs\/wp-json\/wp\/v2\/types\/post"}],"replies":[{"embeddable":true,"href":"https:\/\/universofamilia.com\/cs\/wp-json\/wp\/v2\/comments?post=7303"}],"version-history":[{"count":0,"href":"https:\/\/universofamilia.com\/cs\/wp-json\/wp\/v2\/posts\/7303\/revisions"}],"wp:featuredmedia":[{"embeddable":true,"href":"https:\/\/universofamilia.com\/cs\/wp-json\/wp\/v2\/media\/7308"}],"wp:attachment":[{"href":"https:\/\/universofamilia.com\/cs\/wp-json\/wp\/v2\/media?parent=7303"}],"wp:term":[{"taxonomy":"category","embeddable":true,"href":"https:\/\/universofamilia.com\/cs\/wp-json\/wp\/v2\/categories?post=7303"},{"taxonomy":"post_tag","embeddable":true,"href":"https:\/\/universofamilia.com\/cs\/wp-json\/wp\/v2\/tags?post=7303"}],"curies":[{"name":"wp","href":"https:\/\/api.w.org\/{rel}","templated":true}]}}