{"id":7360,"date":"2024-11-06T15:53:38","date_gmt":"2024-11-06T18:53:38","guid":{"rendered":"https:\/\/universofamilia.com\/?p=7360"},"modified":"2024-11-06T15:53:38","modified_gmt":"2024-11-06T18:53:38","slug":"quien-visita-tu-perfil","status":"publish","type":"post","link":"https:\/\/universofamilia.com\/cs\/quien-visita-tu-perfil\/","title":{"rendered":"Kdo nav\u0161t\u011bvuje tv\u016fj profil? Zjisti to hned!"},"content":{"rendered":"<p>Chcete v\u011bd\u011bt, kdo sleduje va\u0161e s\u00edt\u011b?<strong> Objevte z\u00e1hadu zde!<\/strong><\/p>\n\n\n\n<p>P\u0159edstavte si tento p\u0159\u00edb\u011bh: \u017eena, zaujat\u00e1 profilem mu\u017ee, kter\u00e9ho potkala n\u00e1hodou, se rozhodne sledovat ka\u017ed\u00fd detail jeho soci\u00e1ln\u00edch m\u00e9di\u00ed, by\u0165 diskr\u00e9tn\u011b.<\/p>\n\n\n\n<p><\/p>\n\n\n\n<hr class=\"wp-block-separator has-text-color has-luminous-vivid-orange-color has-alpha-channel-opacity has-luminous-vivid-orange-background-color has-background is-style-wide\"\/>\n\n\n\n<h2 class=\"wp-block-heading has-text-align-center\">Co byste cht\u011bl\/a ud\u011blat jako prvn\u00ed?<\/h2>\n\n\n\n<div class=\"wp-block-buttons is-content-justification-center is-layout-flex wp-container-core-buttons-layout-1 wp-block-buttons-is-layout-flex\">\n<div class=\"wp-block-button has-custom-width wp-block-button__width-100 is-style-outline\" style=\"text-decoration:none\"><a class=\"wp-block-button__link has-white-color has-vivid-cyan-blue-background-color has-text-color has-background has-link-color has-text-align-left wp-element-button\" href=\"https:\/\/universofamilia.com\/cs\/7282\/descubre-quien-esta-observandote\/\" style=\"border-radius:10px\">Zjist\u011bte, kdo v\u00e1s sleduje \u27a1\ufe0f<\/a><\/div>\n<\/div>\n\n\n\n<div class=\"wp-block-buttons is-content-justification-center is-layout-flex wp-container-core-buttons-layout-2 wp-block-buttons-is-layout-flex\">\n<div class=\"wp-block-button has-custom-width wp-block-button__width-100 is-style-outline\" style=\"text-decoration:none\"><a class=\"wp-block-button__link has-white-color has-vivid-cyan-blue-background-color has-text-color has-background has-link-color has-text-align-left wp-element-button\" href=\"https:\/\/universofamilia.com\/cs\/7281\/quien-esta-interesado-en-ti\/\" style=\"border-radius:10px\">Kdo m\u00e1 o tebe z\u00e1jem? \u27a1\ufe0f<\/a><\/div>\n<\/div>\n\n\n\n<div class=\"wp-block-buttons is-content-justification-center is-layout-flex wp-container-core-buttons-layout-3 wp-block-buttons-is-layout-flex\">\n<div class=\"wp-block-button has-custom-width wp-block-button__width-100 is-style-outline\" style=\"text-decoration:none\"><a class=\"wp-block-button__link has-white-color has-vivid-cyan-blue-background-color has-text-color has-background has-link-color has-text-align-left wp-element-button\" href=\"https:\/\/universofamilia.com\/cs\/7271\/encuentra-el-amor-mejores-apps-de-citas\/\" style=\"border-radius:10px\">Najd\u011bte l\u00e1sku \u27a1\ufe0f<\/a><\/div>\n<\/div>\n\n\n\n<p class=\"has-text-align-center\"><em><strong>\u010ct\u011bte d\u00e1l!<\/strong><\/em><\/p>\n\n\n\n<hr class=\"wp-block-separator has-text-color has-luminous-vivid-orange-color has-alpha-channel-opacity has-luminous-vivid-orange-background-color has-background is-style-wide\"\/>\n\n\n\n<p><\/p>\n\n\n\n<p>M\u011bs\u00edce plynou a to, co za\u010dalo jako oby\u010dejn\u00e1 zv\u011bdavost, se zm\u011bn\u00ed v n\u011bco v\u00edc. Nakonec se znovu setkaj\u00ed, objev\u00ed spole\u010dn\u00e9 z\u00e1jmy a... nakonec se vezmou!<\/p>\n\n\n\n<p>I kdy\u017e to zn\u00ed jako p\u0159\u00edb\u011bh z filmu, ukazuje to, jak n\u00e1s soci\u00e1ln\u00ed m\u00e9dia mohou propojit ne\u010dekan\u00fdmi zp\u016fsoby.<\/p>\n\n\n\n<p>V dne\u0161n\u00ed dob\u011b mnoho lid\u00ed chce v\u011bd\u011bt, kdo nav\u0161t\u011bvuje jejich profil, a\u0165 u\u017e ze zv\u011bdavosti, z\u00e1jmu nebo z obavy o jejich soukrom\u00ed.<\/p>\n\n\n\n<p>Pokud jste si n\u011bkdy kladli ot\u00e1zku \u201ekdo si prohl\u00ed\u017eel m\u016fj profil?\u201c, poj\u010fme tuto z\u00e1hadu spole\u010dn\u011b prozkoumat!<\/p>\n\n\n\n<h3 class=\"wp-block-heading\"><strong>Pro\u010d je d\u016fle\u017eit\u00e9 v\u011bd\u011bt, kdo si prohl\u00ed\u017e\u00ed v\u00e1\u0161 profil?<\/strong><\/h3>\n\n\n\n<p>V\u011bd\u011bt, kdo si prohl\u00ed\u017e\u00ed v\u00e1\u0161 profil na soci\u00e1ln\u00edch s\u00edt\u00edch, je velmi \u017e\u00e1douc\u00ed funkce. V\u011bd\u011bt, kdo si prohl\u00ed\u017e\u00ed, co sd\u00edl\u00edte, v\u00e1m m\u016f\u017ee d\u00e1t pocit kontroly nebo dokonce bezpe\u010d\u00ed.<\/p>\n\n\n\n<p>Kdo by necht\u011bl zjistit, jestli se na n\u011bj n\u011bkdo v\u00fdjime\u010dn\u00fd ned\u00edv\u00e1?<\/p>\n\n\n\n<p>V tomto \u010dl\u00e1nku prozkoum\u00e1me nejlep\u0161\u00ed zp\u016fsoby sledov\u00e1n\u00ed n\u00e1v\u0161t\u011bv a omezen\u00ed tohoto typu funkce.<\/p>\n\n\n\n<p><\/p>\n\n\n\n<hr class=\"wp-block-separator has-text-color has-luminous-vivid-orange-color has-alpha-channel-opacity has-luminous-vivid-orange-background-color has-background is-style-wide\"\/>\n\n\n\n<h3 class=\"wp-block-heading\">Viz tak\u00e9:<\/h3>\n\n\n\n<ul class=\"wp-block-list has-small-font-size\">\n<li style=\"padding-top:0;padding-right:var(--wp--preset--spacing--40);padding-bottom:0;padding-left:var(--wp--preset--spacing--40);font-style:normal;font-weight:400\" class=\"has-medium-font-size\"><a href=\"https:\/\/universofamilia.com\/cs\/6855\/grabar-llamadas-recibidas\/\"><mark style=\"background-color:rgba(0, 0, 0, 0);color:#f94c45\" class=\"has-inline-color\">Nahr\u00e1v\u00e1n\u00ed p\u0159\u00edchoz\u00edch hovor\u016f &gt;<\/mark><\/a><\/li>\n\n\n\n<li style=\"padding-top:0;padding-right:var(--wp--preset--spacing--40);padding-bottom:0;padding-left:var(--wp--preset--spacing--40);font-style:normal;font-weight:400\" class=\"has-medium-font-size\"><a href=\"https:\/\/universofamilia.com\/cs\/6898\/leer-la-biblia-catolica-en-tu-celular\/\"><mark style=\"background-color:rgba(0, 0, 0, 0);color:#f94c45\" class=\"has-inline-color\"><font style=\"vertical-align: inherit;\"><font style=\"vertical-align: inherit;\">\u010ct\u011bte katolickou Bibli na sv\u00e9m mobiln\u00edm telefonu<\/font><\/font> &gt;<\/mark><\/a><\/li>\n\n\n\n<li style=\"padding-top:0;padding-right:var(--wp--preset--spacing--40);padding-bottom:0;padding-left:var(--wp--preset--spacing--40);font-style:normal;font-weight:400\" class=\"has-medium-font-size\"><a href=\"https:\/\/universofamilia.com\/cs\/6832\/aplicacion-para-bailar-zumba\/\"><mark style=\"background-color:rgba(0, 0, 0, 0);color:#f94c45\" class=\"has-inline-color\">Aplikace pro tane\u010dn\u00ed zumbu &gt;<\/mark><\/a><\/li>\n\n\n\n<li style=\"padding-top:0;padding-right:var(--wp--preset--spacing--40);padding-bottom:0;padding-left:var(--wp--preset--spacing--40);font-style:normal;font-weight:400\" class=\"has-medium-font-size\"><a href=\"https:\/\/universofamilia.com\/cs\/6952\/descubre-quien-visita-tu-perfil-redes-sociales\/\"><mark style=\"background-color:rgba(0, 0, 0, 0);color:#f94c45\" class=\"has-inline-color\">Zjist\u011bte, kdo nav\u0161t\u011bvuje v\u00e1\u0161 profil na soci\u00e1ln\u00edch s\u00edt\u00edch &gt;<\/mark><\/a><\/li>\n<\/ul>\n\n\n\n<hr class=\"wp-block-separator has-text-color has-luminous-vivid-orange-color has-alpha-channel-opacity has-luminous-vivid-orange-background-color has-background is-style-wide\"\/>\n\n\n\n<p><\/p>\n\n\n\n<h3 class=\"wp-block-heading\"><strong>Zaj\u00edm\u00e1 v\u00e1s, kdo nav\u0161t\u011bvuje v\u00e1\u0161 profil? Odhalte tuto z\u00e1hadu hned te\u010f!<\/strong><\/h3>\n\n\n\n<p>Lid\u00e9 u\u017e dlouho cht\u011bj\u00ed zjistit, kdo nav\u0161t\u011bvuje jejich profil.<\/p>\n\n\n\n<p>Soci\u00e1ln\u00ed m\u00e9dia zm\u011bnila zp\u016fsob, jak\u00fdm interagujeme, a na\u0161e zv\u011bdavost na to, kdo sleduje n\u00e1\u0161 obsah, jen roste.<\/p>\n\n\n\n<p>Zde je n\u011bkolik zp\u016fsob\u016f, jak sledovat aktivitu na va\u0161em profilu, a\u0165 u\u017e jste jen ze zv\u011bdavosti, nebo se jen chcete ujistit, \u017ee je v\u0161e v po\u0159\u00e1dku.<\/p>\n\n\n\n<h3 class=\"wp-block-heading\"><strong>Sledov\u00e1n\u00ed n\u00e1v\u0161t\u011bv va\u0161eho profilu<\/strong><\/h3>\n\n\n\n<p>Hlavn\u00ed platformy soci\u00e1ln\u00edch m\u00e9di\u00ed, jako je Facebook, Instagram a Twitter, v\u00e1m neumo\u017e\u0148uj\u00ed vid\u011bt, kdo p\u0159\u00edmo nav\u0161t\u011bvuje v\u00e1\u0161 profil.<\/p>\n\n\n\n<p>Existuj\u00ed v\u0161ak n\u011bkter\u00e9 n\u00e1stroje a metody, kter\u00e9 v\u00e1m mohou pomoci nep\u0159\u00edmo sledovat ur\u010dit\u00e9 aktivity.<\/p>\n\n\n\n<h4 class=\"wp-block-heading\"><strong>Obl\u00edben\u00e9 monitorovac\u00ed aplikace<\/strong><\/h4>\n\n\n\n<ul class=\"wp-block-list\">\n<li>Sledov\u00e1n\u00ed soci\u00e1ln\u00edch s\u00edt\u00ed: Sledov\u00e1n\u00ed soci\u00e1ln\u00edch s\u00edt\u00ed je jednou z nejspolehliv\u011bj\u0161\u00edch a nejobl\u00edben\u011bj\u0161\u00edch aplikac\u00ed pro ty, kte\u0159\u00ed cht\u011bj\u00ed z\u00edskat p\u0159edstavu o tom, kdo interaguje s jejich profilem. Je k dispozici v App Storu a Google Play a poskytuje p\u0159ehled o tom, kdo si prohl\u00ed\u017e\u00ed va\u0161e p\u0159\u00edsp\u011bvky, a dokonce zobrazuje \u00farove\u0148 zapojen\u00ed ka\u017ed\u00e9ho n\u00e1v\u0161t\u011bvn\u00edka.<\/li>\n<\/ul>\n\n\n\n<h3 class=\"wp-block-heading\"><strong>Pravda o lajc\u00edch: jak poznat, koho v\u00e1\u0161 obsah skute\u010dn\u011b zaj\u00edm\u00e1<\/strong><\/h3>\n\n\n\n<p>Je b\u011b\u017en\u00e9, \u017ee se p\u0159\u00edsp\u011bvk\u016fm dost\u00e1v\u00e1 lajk\u016f a reakc\u00ed, ale znamenaj\u00ed tyto interakce skute\u010dn\u00fd z\u00e1jem?<\/p>\n\n\n\n<p>Po\u010det lajk\u016f \u010dasto neodr\u00e1\u017e\u00ed, kdo v\u00e1s skute\u010dn\u011b sleduje. Zde je n\u011bkolik tip\u016f, jak identifikovat sv\u00e9 nejv\u011brn\u011bj\u0161\u00ed publikum:<\/p>\n\n\n\n<ul class=\"wp-block-list\">\n<li><strong>Neust\u00e1l\u00e1 \u00fa\u010dast:<\/strong> Nejv\u011bt\u0161\u00ed z\u00e1jem projevuj\u00ed lid\u00e9, kte\u0159\u00ed s va\u0161\u00edm obsahem \u010dasto interaguj\u00ed (lajkuj\u00ed, komentuj\u00ed nebo sd\u00edlej\u00ed).<\/li>\n\n\n\n<li><strong>Specifick\u00e9 reakce:<\/strong> Pokud n\u011bkdo v\u017edy reaguje emotikony \u201esrd\u00ed\u010dko\u201c nebo \u201e\u0161\u0165astn\u00fd\u201c, m\u016f\u017ee se sna\u017eit odli\u0161it od ostatn\u00edch sleduj\u00edc\u00edch.<\/li>\n\n\n\n<li><strong>D\u016fle\u017eit\u00e9 koment\u00e1\u0159e:<\/strong> Kdy\u017e si n\u011bkdo ud\u011bl\u00e1 \u010das na naps\u00e1n\u00ed promy\u0161len\u00fdch koment\u00e1\u0159\u016f, je to dobr\u00fd sign\u00e1l, \u017ee ho v\u00e1\u0161 obsah skute\u010dn\u011b zaj\u00edm\u00e1.<\/li>\n<\/ul>\n\n\n\n<h3 class=\"wp-block-heading\"><strong>Soukrom\u00ed na soci\u00e1ln\u00edch s\u00edt\u00edch: Do jak\u00e9 m\u00edry m\u016f\u017eeme poznat, kdo n\u00e1s sleduje?<\/strong><\/h3>\n\n\n\n<p>V\u011bt\u0161ina soci\u00e1ln\u00edch s\u00edt\u00ed chr\u00e1n\u00ed n\u00e1v\u0161t\u011bvn\u00edky p\u0159ed nez\u00e1vazn\u00fdmi informacemi z jednoho d\u016fvodu: aby chr\u00e1nila soukrom\u00ed sv\u00fdch u\u017eivatel\u016f.<\/p>\n\n\n\n<p>Toto omezen\u00ed nav\u00edc zabra\u0148uje tomu, aby se lid\u00e9 p\u0159i nez\u00e1vazn\u00e9m prohl\u00ed\u017een\u00ed profil\u016f c\u00edtili sledov\u00e1ni nebo nep\u0159\u00edjemn\u011b.<\/p>\n\n\n\n<h3 class=\"wp-block-heading\"><strong>M\u00fdtus o viditelnosti<\/strong><\/h3>\n\n\n\n<ol class=\"wp-block-list\">\n<li><strong>Soci\u00e1ln\u00ed s\u00edt\u011b a transparentnost:<\/strong> V\u011bt\u0161ina platforem u\u017eivatel\u016fm neumo\u017e\u0148uje vid\u011bt, kdo si prohl\u00ed\u017eel jejich profil. Tato praxe pom\u00e1h\u00e1 chr\u00e1nit soukrom\u00ed n\u00e1v\u0161t\u011bvn\u00edk\u016f.<\/li>\n\n\n\n<li><strong>Pro\u010d soci\u00e1ln\u00ed s\u00edt\u011b tyto informace skr\u00fdvaj\u00ed?<\/strong> Pokud by v\u0161echny n\u00e1v\u0161t\u011bvy byly ve\u0159ejn\u00e9, u\u017eivatel\u00e9 by se mohli c\u00edtit sledov\u00e1ni, co\u017e by zkr\u00e1tilo dobu, kterou na platform\u00e1ch tr\u00e1v\u00ed.<\/li>\n\n\n\n<li><strong>Jak\u00e9 jsou nejobl\u00edben\u011bj\u0161\u00ed a nejspolehliv\u011bj\u0161\u00ed n\u00e1stroje?<\/strong> Social Tracker, jak jsme ji\u017e zm\u00ednili, nab\u00edz\u00ed p\u0159ehled interakc\u00ed, ale nezapome\u0148te: tyto n\u00e1stroje mohou nab\u00eddnout pouze omezen\u00e9 informace.<\/li>\n<\/ol>\n\n\n\n<h3 class=\"wp-block-heading\"><strong>Aspekty ochrany osobn\u00edch \u00fadaj\u016f<\/strong><\/h3>\n\n\n\n<p>Pou\u017e\u00edv\u00e1n\u00ed aplikac\u00ed t\u0159et\u00edch stran ke sledov\u00e1n\u00ed n\u00e1v\u0161t\u011bvn\u00edk\u016f va\u0161eho profilu m\u016f\u017ee p\u0159edstavovat rizika.<\/p>\n\n\n\n<p>Zde je n\u011bkolik tip\u016f, jak chr\u00e1nit sv\u00e9 soukrom\u00ed:<\/p>\n\n\n\n<ol class=\"wp-block-list\">\n<li><strong>Vyhn\u011bte se aplikac\u00edm z nezn\u00e1m\u00fdch zdroj\u016f:<\/strong> Aplikace, kter\u00e9 po\u017eaduj\u00ed pln\u00fd p\u0159\u00edstup k va\u0161emu profilu, mohou ohrozit va\u0161i bezpe\u010dnost.<\/li>\n\n\n\n<li><strong>P\u0159e\u010dt\u011bte si recenze ostatn\u00edch u\u017eivatel\u016f:<\/strong> Mnoho u\u017eivatel\u016f ve sv\u00fdch recenz\u00edch obchod\u016f s aplikacemi uv\u00e1d\u00ed probl\u00e9my s ochranou soukrom\u00ed nebo invazivn\u00ed praktiky.<\/li>\n\n\n\n<li><strong>Aktualizujte nastaven\u00ed ochrany osobn\u00edch \u00fadaj\u016f:<\/strong> Zkontrolujte opr\u00e1vn\u011bn\u00ed, kter\u00e1 ud\u011blujete ka\u017ed\u00e9 aplikaci p\u0159ipojen\u00e9 k va\u0161im soci\u00e1ln\u00edm s\u00edt\u00edm.<\/li>\n<\/ol>\n\n\n<div class=\"wp-block-image\">\n<figure class=\"aligncenter size-full\"><img loading=\"lazy\" decoding=\"async\" width=\"550\" height=\"350\" src=\"http:\/\/universofamilia.com\/wp-content\/uploads\/sites\/148\/2024\/11\/DESTAQUE-UNIVERSO-550-x-350-6-1.jpg\" alt=\"\" class=\"wp-image-7363\" srcset=\"https:\/\/universofamilia.com\/wp-content\/uploads\/sites\/148\/2024\/11\/DESTAQUE-UNIVERSO-550-x-350-6-1.jpg 550w, https:\/\/universofamilia.com\/wp-content\/uploads\/sites\/148\/2024\/11\/DESTAQUE-UNIVERSO-550-x-350-6-1-300x191.jpg 300w\" sizes=\"(max-width: 550px) 100vw, 550px\" \/><figcaption class=\"wp-element-caption\">Kdo nav\u0161t\u011bvuje tv\u016fj profil? Zjisti to hned!<\/figcaption><\/figure><\/div>\n\n\n<h2 class=\"wp-block-heading\"><strong>Z\u00e1v\u011br: Pravda o viditelnosti va\u0161eho profilu na soci\u00e1ln\u00edch s\u00edt\u00edch<\/strong><\/h2>\n\n\n\n<p>P\u0159esto\u017ee je zde zv\u011bdavost, soci\u00e1ln\u00ed m\u00e9dia up\u0159ednost\u0148uj\u00ed soukrom\u00ed u\u017eivatel\u016f a zt\u011b\u017euj\u00ed zji\u0161t\u011bn\u00ed, kdo nav\u0161t\u00edvil v\u00e1\u0161 profil.<\/p>\n\n\n\n<p>Existuj\u00ed n\u00e1stroje, kter\u00e9 mohou poskytnout vod\u00edtka, ale je nezbytn\u00e9 b\u00fdt opatrn\u00fd ohledn\u011b rizik.<\/p>\n\n\n\n<p>Chcete-li zv\u00fd\u0161it zapojen\u00ed, ani\u017e byste se museli ob\u00e1vat stalker\u016f, zam\u011b\u0159te se na vytv\u00e1\u0159en\u00ed autentick\u00e9ho a relevantn\u00edho obsahu.<\/p>\n\n\n\n<p>Vyu\u017eijte zv\u011bdavost ostatn\u00edch ve sv\u016fj prosp\u011bch t\u00edm, \u017ee budete podporovat zdrav\u00e9 interakce a posilovat sv\u00e9 sleduj\u00edc\u00ed.<\/p>\n\n\n\n<h4 class=\"wp-block-heading\">Odkazy ke sta\u017een\u00ed<\/h4>\n\n\n\n<ul class=\"wp-block-list\">\n<li><strong>Sledova\u010d soci\u00e1ln\u00edch s\u00edt\u00ed<\/strong>: <a href=\"https:\/\/apps.apple.com\/br\/app\/social-tracker\/id1189139278\">Obchod s aplikacemi<\/a> | <a href=\"https:\/\/play.google.com\/store\/apps\/details?id=com.mobiversite.lookAtMe&amp;hl=pt_BR&amp;pli=1\">Google Play<\/a><\/li>\n<\/ul>\n\n\n\n<h3 class=\"wp-block-heading\"><strong>V\u00fdhody soci\u00e1ln\u00edho sledov\u00e1n\u00ed:<\/strong><\/h3>\n\n\n\n<ol class=\"wp-block-list\">\n<li><strong>U\u017eivatelsky p\u0159\u00edv\u011btiv\u00e9 rozhran\u00ed:<\/strong> Snadn\u00e9 pou\u017eit\u00ed s intuitivn\u00edm designem.<\/li>\n\n\n\n<li><strong>Anal\u00fdza \u00fa\u010dasti:<\/strong> Pom\u016f\u017ee v\u00e1m to zjistit, kdo s va\u0161imi p\u0159\u00edsp\u011bvky nejv\u00edce interaguje.<\/li>\n\n\n\n<li><strong>Zabezpe\u010den\u00ed a soukrom\u00ed:<\/strong> Chra\u0148te sv\u00e9 osobn\u00ed \u00fadaje.<\/li>\n<\/ol>\n\n\n\n<h3 class=\"wp-block-heading\"><strong>\u010casto kladen\u00e9 ot\u00e1zky (FAQ)<\/strong><\/h3>\n\n\n\n<ol class=\"wp-block-list\">\n<li><strong>M\u016f\u017eu opravdu vid\u011bt, kdo nav\u0161t\u011bvuje m\u016fj profil?<\/strong><br>Ne p\u0159\u00edmo na v\u011bt\u0161in\u011b soci\u00e1ln\u00edch s\u00edt\u00ed. N\u011bkter\u00e9 n\u00e1stroje v\u0161ak nab\u00edzej\u00ed vod\u00edtka o tom, kdo s nimi interaguje nej\u010dast\u011bji.<\/li>\n\n\n\n<li><strong>Je bezpe\u010dn\u00e9 pou\u017e\u00edvat aplikace t\u0159et\u00edch stran?<\/strong><br>Je d\u016fle\u017eit\u00e9 zkontrolovat reputaci aplikace a p\u0159e\u010d\u00edst si recenze ostatn\u00edch u\u017eivatel\u016f, ne\u017e j\u00ed ud\u011bl\u00edte p\u0159\u00edstup k va\u0161im dat\u016fm.<\/li>\n\n\n\n<li><strong>Pl\u00e1nuj\u00ed soci\u00e1ln\u00ed s\u00edt\u011b tuto funkci nab\u00eddnout?<\/strong><br>V sou\u010dasn\u00e9 dob\u011b v\u011bt\u0161ina soci\u00e1ln\u00edch s\u00edt\u00ed up\u0159ednost\u0148uje soukrom\u00ed u\u017eivatel\u016f a nem\u00e1 v pl\u00e1nu tuto funkci implementovat.<\/li>\n\n\n\n<li><strong>Pro\u010d existuj\u00ed aplikace, kter\u00e9 slibuj\u00ed odhalen\u00ed n\u00e1v\u0161t\u011bvn\u00edk\u016f?<\/strong><br>N\u011bkter\u00e9 aplikace zneu\u017e\u00edvaj\u00ed zv\u011bdavosti u\u017eivatel\u016f, ale mnoho z nich neposkytuje p\u0159esn\u00e1 data. V\u017edy si ov\u011b\u0159te jejich spolehlivost.<\/li>\n\n\n\n<li><strong>Je mo\u017en\u00e9 vid\u011bt, kdo nav\u0161t\u011bvuje m\u016fj profil na LinkedInu?<\/strong><br>Ano, LinkedIn nab\u00edz\u00ed tuto funkci pro bezplatn\u00e9 \u00fa\u010dty, a\u010dkoli pln\u00fd p\u0159\u00edstup k seznamu n\u00e1v\u0161t\u011bvn\u00edk\u016f vy\u017eaduje pr\u00e9miov\u00fd \u00fa\u010det.<\/li>\n\n\n\n<li><strong>Jak mohu chr\u00e1nit sv\u00e9 soukrom\u00ed na soci\u00e1ln\u00edch s\u00edt\u00edch?<\/strong><br>Zkontrolujte si nastaven\u00ed ochrany osobn\u00edch \u00fadaj\u016f, vyhn\u011bte se aplikac\u00edm z nezn\u00e1m\u00fdch zdroj\u016f a omezte p\u0159\u00edstup t\u0159et\u00edch stran k va\u0161im \u00fa\u010dt\u016fm.<\/li>\n\n\n\n<li><strong>Je Social Tracker zdarma?<\/strong><br>Aplikace m\u00e1 bezplatnou verzi, ale n\u011bkter\u00e9 pokro\u010dil\u00e9 funkce mohou vy\u017eadovat p\u0159edplatn\u00e9.<\/li>\n\n\n\n<li><strong>Zobrazuje Social Tracker n\u00e1v\u0161t\u011bvn\u00edky z konkr\u00e9tn\u00edch profil\u016f?<\/strong><br>Nezobrazuje konkr\u00e9tn\u00ed n\u00e1v\u0161t\u011bvn\u00edky, ale sp\u00ed\u0161e poskytuje p\u0159ehled o tom, kdo s va\u0161imi p\u0159\u00edsp\u011bvky nejv\u00edce interaguje a reaguje na n\u011b.<\/li>\n\n\n\n<li><strong>Kolik soci\u00e1ln\u00edch s\u00edt\u00ed Social Tracker podporuje?<\/strong><br>Aplikace podporuje n\u011bkolik soci\u00e1ln\u00edch s\u00edt\u00ed, ale doporu\u010duje se zkontrolovat popis aplikace, abyste zjistili, kter\u00e9 z nich jsou zahrnuty.<\/li>\n\n\n\n<li><strong>Jak\u00e9 v\u00fdhody z\u00edsk\u00e1m z toho, \u017ee v\u00edm, kdo interaguje s m\u00fdm profilem?<\/strong><br>Znalost va\u0161ich nejaktivn\u011bj\u0161\u00edch sleduj\u00edc\u00edch v\u00e1m m\u016f\u017ee pomoci vylep\u0161it va\u0161e p\u0159\u00edsp\u011bvky a personalizovat obsah pro v\u011bt\u0161\u00ed zapojen\u00ed.<\/li>\n<\/ol>\n\n\n\n<hr class=\"wp-block-separator has-alpha-channel-opacity\"\/>\n\n\n\n<p>Tento \u010dl\u00e1nek nejen odpov\u00edd\u00e1 na va\u0161e ot\u00e1zky, ale tak\u00e9 zd\u016fraz\u0148uje d\u016fle\u017eitost soukrom\u00ed a zdrav\u00fdch interakc\u00ed na soci\u00e1ln\u00edch s\u00edt\u00edch.<\/p>","protected":false},"excerpt":{"rendered":"<p>Chcete v\u011bd\u011bt, kdo sleduje va\u0161e soci\u00e1ln\u00ed s\u00edt\u011b? Odhalte z\u00e1hadu! P\u0159edstavte si tento p\u0159\u00edb\u011bh: \u017eena, zaujat\u00e1 profilem mu\u017ee, kter\u00e9ho potkala n\u00e1hodou, se rozhodne diskr\u00e9tn\u011b sledovat ka\u017ed\u00fd detail jeho soci\u00e1ln\u00edch s\u00edt\u00ed. Co byste cht\u011bli ud\u011blat jako prvn\u00ed? \u010ct\u011bte d\u00e1l! M\u011bs\u00edce plynou a to, co za\u010dalo jako prost\u00e1 zv\u011bdavost, se m\u011bn\u00ed v [\u2026]<\/p>","protected":false},"author":0,"featured_media":7363,"comment_status":"closed","ping_status":"open","sticky":false,"template":"","format":"standard","meta":{"footnotes":""},"categories":[2],"tags":[375,1131,1244,1315,1560],"yoast_head":"<!-- This site is optimized with the Yoast SEO plugin v23.3 - https:\/\/yoast.com\/wordpress\/plugins\/seo\/ -->\n<title>\u00bfQui\u00e9n visita tu perfil? \u00a1Desc\u00fabrelo ya! - Universo Fam\u00edlia<\/title>\n<meta name=\"description\" content=\"\u00bfQui\u00e9n visita tu perfil? \u00a1Desc\u00fabrelo ya! \u00bfQuieres saber qui\u00e9n observa tus redes? \u00a1Descubre el misterio aqu\u00ed! Imagina esta historia: una...\" \/>\n<meta name=\"robots\" content=\"index, follow, max-snippet:-1, max-image-preview:large, max-video-preview:-1\" \/>\n<link rel=\"canonical\" href=\"https:\/\/universofamilia.com\/cs\/quien-visita-tu-perfil\/\" \/>\n<meta property=\"og:locale\" content=\"cs_CZ\" \/>\n<meta property=\"og:type\" content=\"article\" \/>\n<meta property=\"og:title\" content=\"\u00bfQui\u00e9n visita tu perfil? \u00a1Desc\u00fabrelo ya! - Universo Fam\u00edlia\" \/>\n<meta property=\"og:description\" content=\"\u00bfQui\u00e9n visita tu perfil? \u00a1Desc\u00fabrelo ya! \u00bfQuieres saber qui\u00e9n observa tus redes? \u00a1Descubre el misterio aqu\u00ed! Imagina esta historia: una...\" \/>\n<meta property=\"og:url\" content=\"https:\/\/universofamilia.com\/cs\/quien-visita-tu-perfil\/\" \/>\n<meta property=\"og:site_name\" content=\"Universo Fam\u00edlia\" \/>\n<meta property=\"article:published_time\" content=\"2024-11-06T18:53:38+00:00\" \/>\n<meta property=\"og:image\" content=\"https:\/\/universofamilia.com\/wp-content\/uploads\/sites\/148\/2024\/11\/DESTAQUE-UNIVERSO-550-x-350-6-1.jpg\" \/>\n\t<meta property=\"og:image:width\" content=\"550\" \/>\n\t<meta property=\"og:image:height\" content=\"350\" \/>\n\t<meta property=\"og:image:type\" content=\"image\/jpeg\" \/>\n<meta name=\"twitter:card\" content=\"summary_large_image\" \/>\n<meta name=\"twitter:label1\" content=\"Est. reading time\" \/>\n\t<meta name=\"twitter:data1\" content=\"7 minut\" \/>\n<script type=\"application\/ld+json\" class=\"yoast-schema-graph\">{\"@context\":\"https:\/\/schema.org\",\"@graph\":[{\"@type\":\"WebPage\",\"@id\":\"https:\/\/universofamilia.com\/pt_pt\/quien-visita-tu-perfil\/\",\"url\":\"https:\/\/universofamilia.com\/pt_pt\/quien-visita-tu-perfil\/\",\"name\":\"\u00bfQui\u00e9n visita tu perfil? \u00a1Desc\u00fabrelo ya! - Universo Fam\u00edlia\",\"isPartOf\":{\"@id\":\"https:\/\/universofamilia.com\/el\/#website\"},\"primaryImageOfPage\":{\"@id\":\"https:\/\/universofamilia.com\/pt_pt\/quien-visita-tu-perfil\/#primaryimage\"},\"image\":{\"@id\":\"https:\/\/universofamilia.com\/pt_pt\/quien-visita-tu-perfil\/#primaryimage\"},\"thumbnailUrl\":\"https:\/\/universofamilia.com\/wp-content\/uploads\/sites\/148\/2024\/11\/DESTAQUE-UNIVERSO-550-x-350-6-1.jpg\",\"datePublished\":\"2024-11-06T18:53:38+00:00\",\"dateModified\":\"2024-11-06T18:53:38+00:00\",\"author\":{\"@id\":\"\"},\"description\":\"\u00bfQui\u00e9n visita tu perfil? \u00a1Desc\u00fabrelo ya! \u00bfQuieres saber qui\u00e9n observa tus redes? \u00a1Descubre el misterio aqu\u00ed! Imagina esta historia: una...\",\"breadcrumb\":{\"@id\":\"https:\/\/universofamilia.com\/pt_pt\/quien-visita-tu-perfil\/#breadcrumb\"},\"inLanguage\":\"cs\",\"potentialAction\":[{\"@type\":\"ReadAction\",\"target\":[\"https:\/\/universofamilia.com\/pt_pt\/quien-visita-tu-perfil\/\"]}]},{\"@type\":\"ImageObject\",\"inLanguage\":\"cs\",\"@id\":\"https:\/\/universofamilia.com\/pt_pt\/quien-visita-tu-perfil\/#primaryimage\",\"url\":\"https:\/\/universofamilia.com\/wp-content\/uploads\/sites\/148\/2024\/11\/DESTAQUE-UNIVERSO-550-x-350-6-1.jpg\",\"contentUrl\":\"https:\/\/universofamilia.com\/wp-content\/uploads\/sites\/148\/2024\/11\/DESTAQUE-UNIVERSO-550-x-350-6-1.jpg\",\"width\":550,\"height\":350,\"caption\":\"\u00bfQui\u00e9n visita tu perfil? \u00a1Desc\u00fabrelo ya!\"},{\"@type\":\"BreadcrumbList\",\"@id\":\"https:\/\/universofamilia.com\/pt_pt\/quien-visita-tu-perfil\/#breadcrumb\",\"itemListElement\":[{\"@type\":\"ListItem\",\"position\":1,\"name\":\"Home\",\"item\":\"https:\/\/universofamilia.com\/el\/\"},{\"@type\":\"ListItem\",\"position\":2,\"name\":\"\u00bfQui\u00e9n visita tu perfil? \u00a1Desc\u00fabrelo ya!\"}]},{\"@type\":\"WebSite\",\"@id\":\"https:\/\/universofamilia.com\/el\/#website\",\"url\":\"https:\/\/universofamilia.com\/el\/\",\"name\":\"Universo Fam\u00edlia\",\"description\":\"\",\"potentialAction\":[{\"@type\":\"SearchAction\",\"target\":{\"@type\":\"EntryPoint\",\"urlTemplate\":\"https:\/\/universofamilia.com\/el\/?s={search_term_string}\"},\"query-input\":\"required name=search_term_string\"}],\"inLanguage\":\"cs\"}]}<\/script>\n<!-- \/ Yoast SEO plugin. -->","yoast_head_json":{"title":"\u00bfQui\u00e9n visita tu perfil? \u00a1Desc\u00fabrelo ya! - Universo Fam\u00edlia","description":"\u00bfQui\u00e9n visita tu perfil? \u00a1Desc\u00fabrelo ya! \u00bfQuieres saber qui\u00e9n observa tus redes? \u00a1Descubre el misterio aqu\u00ed! Imagina esta historia: una...","robots":{"index":"index","follow":"follow","max-snippet":"max-snippet:-1","max-image-preview":"max-image-preview:large","max-video-preview":"max-video-preview:-1"},"canonical":"https:\/\/universofamilia.com\/cs\/quien-visita-tu-perfil\/","og_locale":"cs_CZ","og_type":"article","og_title":"\u00bfQui\u00e9n visita tu perfil? \u00a1Desc\u00fabrelo ya! - Universo Fam\u00edlia","og_description":"\u00bfQui\u00e9n visita tu perfil? \u00a1Desc\u00fabrelo ya! \u00bfQuieres saber qui\u00e9n observa tus redes? \u00a1Descubre el misterio aqu\u00ed! Imagina esta historia: una...","og_url":"https:\/\/universofamilia.com\/cs\/quien-visita-tu-perfil\/","og_site_name":"Universo Fam\u00edlia","article_published_time":"2024-11-06T18:53:38+00:00","og_image":[{"width":550,"height":350,"url":"https:\/\/universofamilia.com\/wp-content\/uploads\/sites\/148\/2024\/11\/DESTAQUE-UNIVERSO-550-x-350-6-1.jpg","type":"image\/jpeg"}],"twitter_card":"summary_large_image","twitter_misc":{"Est. reading time":"7 minut"},"schema":{"@context":"https:\/\/schema.org","@graph":[{"@type":"WebPage","@id":"https:\/\/universofamilia.com\/pt_pt\/quien-visita-tu-perfil\/","url":"https:\/\/universofamilia.com\/pt_pt\/quien-visita-tu-perfil\/","name":"\u00bfQui\u00e9n visita tu perfil? \u00a1Desc\u00fabrelo ya! - Universo Fam\u00edlia","isPartOf":{"@id":"https:\/\/universofamilia.com\/el\/#website"},"primaryImageOfPage":{"@id":"https:\/\/universofamilia.com\/pt_pt\/quien-visita-tu-perfil\/#primaryimage"},"image":{"@id":"https:\/\/universofamilia.com\/pt_pt\/quien-visita-tu-perfil\/#primaryimage"},"thumbnailUrl":"https:\/\/universofamilia.com\/wp-content\/uploads\/sites\/148\/2024\/11\/DESTAQUE-UNIVERSO-550-x-350-6-1.jpg","datePublished":"2024-11-06T18:53:38+00:00","dateModified":"2024-11-06T18:53:38+00:00","author":{"@id":""},"description":"\u00bfQui\u00e9n visita tu perfil? \u00a1Desc\u00fabrelo ya! \u00bfQuieres saber qui\u00e9n observa tus redes? \u00a1Descubre el misterio aqu\u00ed! Imagina esta historia: una...","breadcrumb":{"@id":"https:\/\/universofamilia.com\/pt_pt\/quien-visita-tu-perfil\/#breadcrumb"},"inLanguage":"cs","potentialAction":[{"@type":"ReadAction","target":["https:\/\/universofamilia.com\/pt_pt\/quien-visita-tu-perfil\/"]}]},{"@type":"ImageObject","inLanguage":"cs","@id":"https:\/\/universofamilia.com\/pt_pt\/quien-visita-tu-perfil\/#primaryimage","url":"https:\/\/universofamilia.com\/wp-content\/uploads\/sites\/148\/2024\/11\/DESTAQUE-UNIVERSO-550-x-350-6-1.jpg","contentUrl":"https:\/\/universofamilia.com\/wp-content\/uploads\/sites\/148\/2024\/11\/DESTAQUE-UNIVERSO-550-x-350-6-1.jpg","width":550,"height":350,"caption":"\u00bfQui\u00e9n visita tu perfil? \u00a1Desc\u00fabrelo ya!"},{"@type":"BreadcrumbList","@id":"https:\/\/universofamilia.com\/pt_pt\/quien-visita-tu-perfil\/#breadcrumb","itemListElement":[{"@type":"ListItem","position":1,"name":"Home","item":"https:\/\/universofamilia.com\/el\/"},{"@type":"ListItem","position":2,"name":"\u00bfQui\u00e9n visita tu perfil? \u00a1Desc\u00fabrelo ya!"}]},{"@type":"WebSite","@id":"https:\/\/universofamilia.com\/el\/#website","url":"https:\/\/universofamilia.com\/el\/","name":"Universo Fam\u00edlia","description":"","potentialAction":[{"@type":"SearchAction","target":{"@type":"EntryPoint","urlTemplate":"https:\/\/universofamilia.com\/el\/?s={search_term_string}"},"query-input":"required name=search_term_string"}],"inLanguage":"cs"}]}},"_links":{"self":[{"href":"https:\/\/universofamilia.com\/cs\/wp-json\/wp\/v2\/posts\/7360"}],"collection":[{"href":"https:\/\/universofamilia.com\/cs\/wp-json\/wp\/v2\/posts"}],"about":[{"href":"https:\/\/universofamilia.com\/cs\/wp-json\/wp\/v2\/types\/post"}],"replies":[{"embeddable":true,"href":"https:\/\/universofamilia.com\/cs\/wp-json\/wp\/v2\/comments?post=7360"}],"version-history":[{"count":0,"href":"https:\/\/universofamilia.com\/cs\/wp-json\/wp\/v2\/posts\/7360\/revisions"}],"wp:featuredmedia":[{"embeddable":true,"href":"https:\/\/universofamilia.com\/cs\/wp-json\/wp\/v2\/media\/7363"}],"wp:attachment":[{"href":"https:\/\/universofamilia.com\/cs\/wp-json\/wp\/v2\/media?parent=7360"}],"wp:term":[{"taxonomy":"category","embeddable":true,"href":"https:\/\/universofamilia.com\/cs\/wp-json\/wp\/v2\/categories?post=7360"},{"taxonomy":"post_tag","embeddable":true,"href":"https:\/\/universofamilia.com\/cs\/wp-json\/wp\/v2\/tags?post=7360"}],"curies":[{"name":"wp","href":"https:\/\/api.w.org\/{rel}","templated":true}]}}