{"id":7361,"date":"2024-11-06T16:03:59","date_gmt":"2024-11-06T19:03:59","guid":{"rendered":"https:\/\/universofamilia.com\/?p=7361"},"modified":"2025-10-12T19:32:27","modified_gmt":"2025-10-12T22:32:27","slug":"descubre-quien-te-observa-en-redes-sociales","status":"publish","type":"post","link":"https:\/\/universofamilia.com\/cs\/descubre-quien-te-observa-en-redes-sociales\/","title":{"rendered":"Zjist\u011bte, kdo v\u00e1s sleduje na soci\u00e1ln\u00edch s\u00edt\u00edch"},"content":{"rendered":"<p>Zaj\u00edm\u00e1 v\u00e1s, kdo v\u00e1s sleduje? Zjist\u011bte to hned!<\/p>\n\n\n\n<p>Maria byla mlad\u00e1 \u017eena, kter\u00e1, stejn\u011b jako mnoho z n\u00e1s, tr\u00e1vila hodiny na soci\u00e1ln\u00edch s\u00edt\u00edch.<\/p>\n\n\n\n<p><\/p>\n\n\n\n<p><\/p>\n\n\n\n<p>Jednoho dne na\u0161la Juan\u016fv profil a za\u010dala ho nen\u00e1padn\u011b pozorovat.<\/p>\n\n\n\n<p>\u010cas od \u010dasu se j\u00ed l\u00edbil, ob\u010das mu zanechala koment\u00e1\u0159\u2026 dokud j\u00ed najednou neza\u010dal opl\u00e1cet.<\/p>\n\n\n\n<p>Co za\u010dalo jako zv\u011bdavost, se zm\u011bnilo v neust\u00e1lou v\u00fdm\u011bnu n\u00e1zor\u016f. Dnes jsou man\u017eel\u00e9.<\/p>\n\n\n\n<p>P\u0159em\u00fd\u0161leli jste n\u011bkdy, kdo v\u00e1s takhle sleduje, ani\u017e byste o tom v\u011bd\u011bli?<\/p>\n\n\n\n<p>V tomto \u010dl\u00e1nku prozkoum\u00e1me zp\u016fsoby, jak zjistit, kdo nav\u0161t\u011bvuje v\u00e1\u0161 profil, a v\u0161e, co pot\u0159ebujete v\u011bd\u011bt o t\u011bchto z\u00e1hadn\u00fdch n\u00e1v\u0161t\u011bvn\u00edc\u00edch.<\/p>\n\n\n\n<h3 class=\"wp-block-heading\">Pro\u010d je d\u016fle\u017eit\u00e9 v\u011bd\u011bt, kdo si prohl\u00ed\u017e\u00ed v\u00e1\u0161 profil?<\/h3>\n\n\n\n<p>Zv\u011bdavost je p\u0159irozen\u00e1 pro ka\u017ed\u00e9ho. Kdo by necht\u011bl v\u011bd\u011bt, kdo si prohl\u00ed\u017eel jeho profil?<\/p>\n\n\n\n<p>A\u0165 u\u017e se jedn\u00e1 o obchod, vztahy nebo jen ze zv\u011bdavosti, pozn\u00e1v\u00e1n\u00ed lid\u00ed, kte\u0159\u00ed nav\u0161t\u011bvuj\u00ed v\u00e1\u0161 profil, m\u016f\u017ee nab\u00eddnout cenn\u00e9 poznatky.<\/p>\n\n\n\n<p><\/p>\n\n\n\n<hr class=\"wp-block-separator has-text-color has-luminous-vivid-orange-color has-alpha-channel-opacity has-luminous-vivid-orange-background-color has-background is-style-wide\" \/>\n\n\n\n<h3 class=\"wp-block-heading\">Viz tak\u00e9:<\/h3>\n\n\n\n<ul class=\"wp-block-list has-small-font-size\">\n<li class=\"has-medium-font-size\" style=\"padding-top:0;padding-right:var(--wp--preset--spacing--40);padding-bottom:0;padding-left:var(--wp--preset--spacing--40);font-style:normal;font-weight:400\"><a href=\"https:\/\/universofamilia.com\/cs\/6855\/grabar-llamadas-recibidas\/\"><mark style=\"color:#f94c45\" class=\"has-inline-color\">Nahr\u00e1v\u00e1n\u00ed p\u0159\u00edchoz\u00edch hovor\u016f &gt;<\/mark><\/a><\/li>\n\n\n\n<li class=\"has-medium-font-size\" style=\"padding-top:0;padding-right:var(--wp--preset--spacing--40);padding-bottom:0;padding-left:var(--wp--preset--spacing--40);font-style:normal;font-weight:400\"><a href=\"https:\/\/universofamilia.com\/cs\/6898\/leer-la-biblia-catolica-en-tu-celular\/\"><mark style=\"color:#f94c45\" class=\"has-inline-color\"><font style=\"vertical-align: inherit\"><font style=\"vertical-align: inherit\">\u010ct\u011bte katolickou Bibli na sv\u00e9m mobiln\u00edm telefonu<\/font><\/font> &gt;<\/mark><\/a><\/li>\n\n\n\n<li class=\"has-medium-font-size\" style=\"padding-top:0;padding-right:var(--wp--preset--spacing--40);padding-bottom:0;padding-left:var(--wp--preset--spacing--40);font-style:normal;font-weight:400\"><a href=\"https:\/\/universofamilia.com\/cs\/6832\/aplicacion-para-bailar-zumba\/\"><mark style=\"color:#f94c45\" class=\"has-inline-color\">Aplikace pro tane\u010dn\u00ed zumbu &gt;<\/mark><\/a><\/li>\n\n\n\n<li class=\"has-medium-font-size\" style=\"padding-top:0;padding-right:var(--wp--preset--spacing--40);padding-bottom:0;padding-left:var(--wp--preset--spacing--40);font-style:normal;font-weight:400\"><a href=\"https:\/\/universofamilia.com\/cs\/6952\/descubre-quien-visita-tu-perfil-redes-sociales\/\"><mark style=\"color:#f94c45\" class=\"has-inline-color\">Zjist\u011bte, kdo nav\u0161t\u011bvuje v\u00e1\u0161 profil na soci\u00e1ln\u00edch s\u00edt\u00edch &gt;<\/mark><\/a><\/li>\n<\/ul>\n\n\n\n<hr class=\"wp-block-separator has-text-color has-luminous-vivid-orange-color has-alpha-channel-opacity has-luminous-vivid-orange-background-color has-background is-style-wide\" \/>\n\n\n\n<p><\/p>\n\n\n\n<h3 class=\"wp-block-heading\">Chcete v\u011bd\u011bt, kdo nav\u0161t\u011bvuje v\u00e1\u0161 profil? Odhalte z\u00e1hadu!<\/h3>\n\n\n\n<p>Ve sv\u011bt\u011b, kde je soukrom\u00ed st\u00e1le v\u00edce cen\u011bno, je pro mnoho lid\u00ed atraktivn\u00ed v\u011bd\u011bt, kdo si prohl\u00ed\u017e\u00ed v\u00e1\u0161 profil.<\/p>\n\n\n\n<p>Zde zjist\u00edte, zda je mo\u017en\u00e9 sledovat, kdo si prohl\u00ed\u017e\u00ed va\u0161e soci\u00e1ln\u00ed m\u00e9dia a jak to m\u016f\u017ee ovlivnit va\u0161i digit\u00e1ln\u00ed prezentaci.<\/p>\n\n\n\n<h3 class=\"wp-block-heading\">M\u00fdtus o viditelnosti na soci\u00e1ln\u00edch s\u00edt\u00edch<\/h3>\n\n\n\n<p>V\u011bt\u0161ina platforem soci\u00e1ln\u00edch m\u00e9di\u00ed, jako je Instagram a Facebook, neodhaluje, kdo nav\u0161t\u011bvuje v\u00e1\u0161 profil.<\/p>\n\n\n\n<p>Tyto informace uchov\u00e1vaj\u00ed v tajnosti, aby chr\u00e1nili soukrom\u00ed u\u017eivatel\u016f, co\u017e d\u00e1le vzbuzuje na\u0161i zv\u011bdavost.<\/p>\n\n\n\n<h4 class=\"wp-block-heading\">Pro\u010d soci\u00e1ln\u00ed m\u00e9dia tyto informace skr\u00fdvaj\u00ed?<\/h4>\n\n\n\n<p>Soukrom\u00ed je pro tyto platformy z\u00e1sadn\u00ed, proto\u017ee podporuje bezpe\u010dn\u00e9 prost\u0159ed\u00ed pro interakce.<\/p>\n\n\n\n<p>Krom\u011b toho by znalost toho, kdo nav\u0161t\u011bvuje n\u00e1\u0161 profil, mohla odradit n\u00e1v\u0161t\u011bvy nebo zm\u011bnit chov\u00e1n\u00ed u\u017eivatel\u016f.<\/p>\n\n\n\n<p>Televizn\u00ed s\u00edt\u011b preferuj\u00ed interakci lid\u00ed bez tlaku z pocitu, \u017ee jsou sledov\u00e1ni.<\/p>\n\n\n\n<h3 class=\"wp-block-heading\">Obl\u00edben\u00e9 a d\u016fv\u011bryhodn\u00e9 n\u00e1stroje: Co funguje a co je m\u00fdtus?<\/h3>\n\n\n\n<p>N\u011bkter\u00e9 aplikace tvrd\u00ed, \u017ee tuto funkci nab\u00edzej\u00ed, ale m\u011bli byste b\u00fdt opatrn\u00ed.<\/p>\n\n\n\n<p><strong>Sledova\u010d soci\u00e1ln\u00edch s\u00edt\u00ed<\/strong> je jedna z popul\u00e1rn\u00edch aplikac\u00ed, kter\u00e1 slibuje zobrazit, kdo si prohl\u00ed\u017eel v\u00e1\u0161 profil, a nab\u00edz\u00ed podrobnou anal\u00fdzu interakc\u00ed.<\/p>\n\n\n\n<p>P\u0159ed sta\u017een\u00edm jak\u00e9koli aplikace je v\u0161ak v\u017edy vhodn\u00e9 ov\u011b\u0159it jej\u00ed spolehlivost.<\/p>\n\n\n\n<blockquote class=\"wp-block-quote\">\n<p>Odkazy ke sta\u017een\u00ed: <a href=\"https:\/\/apps.apple.com\/br\/app\/social-tracker\/id1189139278\">Obchod s aplikacemi<\/a> | <a href=\"https:\/\/play.google.com\/store\/apps\/details?id=com.mobiversite.lookAtMe&amp;hl=pt_BR&amp;pli=1\">Google Play<\/a><\/p>\n<\/blockquote>\n\n\n\n<h3 class=\"wp-block-heading\">Anal\u00fdza dat a poznatky: Co data odhaluj\u00ed o va\u0161em profilu?<\/h3>\n\n\n\n<p>Data o zapojen\u00ed, jako jsou lajky, koment\u00e1\u0159e a sd\u00edlen\u00ed, mohou poskytnout informace o tom, kdo m\u00e1 o v\u00e1\u0161 obsah z\u00e1jem.<\/p>\n\n\n\n<p>Pochopen\u00ed t\u011bchto dat v\u00e1m umo\u017en\u00ed zjistit, jak\u00e9 typy p\u0159\u00edsp\u011bvk\u016f p\u0159itahuj\u00ed pozornost a kdo se s nimi nej\u010dast\u011bji zapojuje.<\/p>\n\n\n\n<h4 class=\"wp-block-heading\">Jak tyto informace vyu\u017e\u00edt ke zlep\u0161en\u00ed va\u0161\u00ed strategie pro soci\u00e1ln\u00ed m\u00e9dia?<\/h4>\n\n\n\n<p>Pro ty, kte\u0159\u00ed pou\u017e\u00edvaj\u00ed soci\u00e1ln\u00ed m\u00e9dia pro komer\u010dn\u00ed nebo ovliv\u0148ovac\u00ed \u00fa\u010dely, je znalost z\u00e1jm\u016f jejich publika z\u00e1sadn\u00ed.<\/p>\n\n\n\n<p>Anal\u00fdza t\u011bchto dat v\u00e1m m\u016f\u017ee pomoci pl\u00e1novat p\u0159\u00edsp\u011bvky, kter\u00e9 skute\u010dn\u011b zaujmou va\u0161e publikum, zv\u00fd\u0161\u00ed v\u00e1\u0161 dosah a pos\u00edl\u00ed va\u0161i online p\u0159\u00edtomnost.<\/p>\n\n\n\n<h3 class=\"wp-block-heading\">Aspekty ochrany osobn\u00edch \u00fadaj\u016f<\/h3>\n\n\n\n<p>I kdy\u017e je v\u011bd\u011bt, kdo nav\u0161t\u011bvuje v\u00e1\u0161 profil, zaj\u00edmav\u00e9, je d\u016fle\u017eit\u00e9 pamatovat na rizika.<\/p>\n\n\n\n<p>Mnoho aplikac\u00ed, kter\u00e9 tuto funkci slibuj\u00ed, m\u016f\u017ee ohrozit va\u0161e soukrom\u00ed.<\/p>\n\n\n\n<p>Pou\u017e\u00edv\u00e1n\u00ed neofici\u00e1ln\u00edch n\u00e1stroj\u016f m\u016f\u017ee ohrozit zabezpe\u010den\u00ed va\u0161eho \u00fa\u010dtu a vyzradit osobn\u00ed \u00fadaje.<\/p>\n\n\n\n<h3 class=\"wp-block-heading\">Z\u00e1v\u011br: Pravda o viditelnosti na soci\u00e1ln\u00edch s\u00edt\u00edch<\/h3>\n\n\n\n<p>Je p\u0159irozen\u00e9 b\u00fdt zv\u011bdav\u00fd na to, kdo si prohl\u00ed\u017e\u00ed n\u00e1\u0161 profil, ale ve v\u011bt\u0161in\u011b p\u0159\u00edpad\u016f tyto informace nem\u016f\u017eeme z\u00edskat ofici\u00e1ln\u011b ani bezpe\u010dn\u011b.<\/p>\n\n\n\n<p>Pou\u017e\u00edv\u00e1n\u00ed ned\u016fv\u011bryhodn\u00fdch aplikac\u00ed m\u016f\u017ee ohrozit va\u0161i bezpe\u010dnost.<\/p>\n\n\n\n<p>Chcete-li zdrav\u00fdm zp\u016fsobem zv\u00fd\u0161it zapojen\u00ed, zam\u011b\u0159te se na tvorbu kvalitn\u00edho obsahu, kter\u00fd p\u0159il\u00e1k\u00e1 spr\u00e1vn\u00e9 publikum.<\/p>\n\n\n\n<p>Takto se nebudete muset starat o to, kdo v\u00e1s sleduje, proto\u017ee v\u00e1\u0161 \u00fasp\u011bch na soci\u00e1ln\u00edch s\u00edt\u00edch bude mluvit s\u00e1m za sebe.<\/p>\n\n\n<div class=\"wp-block-image\">\n<figure class=\"aligncenter size-full\"><img loading=\"lazy\" decoding=\"async\" width=\"550\" height=\"350\" src=\"http:\/\/universofamilia.com\/wp-content\/uploads\/sites\/148\/2024\/11\/DESTAQUE-UNIVERSO-550-x-350-5-1.jpg\" alt=\"\" class=\"wp-image-7365\" srcset=\"https:\/\/universofamilia.com\/wp-content\/uploads\/sites\/148\/2024\/11\/DESTAQUE-UNIVERSO-550-x-350-5-1.jpg 550w, https:\/\/universofamilia.com\/wp-content\/uploads\/sites\/148\/2024\/11\/DESTAQUE-UNIVERSO-550-x-350-5-1-300x191.jpg 300w\" sizes=\"(max-width: 550px) 100vw, 550px\" \/><figcaption class=\"wp-element-caption\">Zjist\u011bte, kdo v\u00e1s sleduje na soci\u00e1ln\u00edch s\u00edt\u00edch<\/figcaption><\/figure><\/div>\n\n\n<h3 class=\"wp-block-heading\">Co \u0159\u00edkaj\u00ed u\u017eivatel\u00e9<\/h3>\n\n\n\n<p>N\u00ed\u017ee uv\u00e1d\u00edme n\u011bkolik n\u00e1zor\u016f spokojen\u00fdch u\u017eivatel\u016f <strong>Sledova\u010d soci\u00e1ln\u00edch s\u00edt\u00ed<\/strong>:<\/p>\n\n\n\n<ol class=\"wp-block-list\">\n<li><strong>Ana P.<\/strong>\u201eVynikaj\u00edc\u00ed aplikace! Pomohla mi l\u00e9pe pochopit, kdo interaguje s m\u00fdm obsahem. Doporu\u010duji ji t\u011bm, kte\u0159\u00ed hledaj\u00ed v\u011bt\u0161\u00ed kontrolu nad sv\u00fdmi soci\u00e1ln\u00edmi s\u00edt\u011bmi.\u201c<\/li>\n\n\n\n<li><strong>Carlos M.<\/strong>\u201eJe \u00fa\u017easn\u00e9, jak mi Social Tracker umo\u017e\u0148uje vid\u011bt, kdo m\u00e1 skute\u010dn\u00fd z\u00e1jem. Nav\u00edc se snadno pou\u017e\u00edv\u00e1!\u201c<\/li>\n\n\n\n<li><strong>Marina R.<\/strong>\u201eP\u0159ekvapily m\u011b informace, kter\u00e9 aplikace nab\u00edzela. C\u00edt\u00edm se jist\u011bji, kdy\u017e v\u00edm, kdo interaguje s m\u00fdm profilem.\u201c<\/li>\n<\/ol>\n\n\n\n<h4 class=\"wp-block-heading\">Odkazy ke sta\u017een\u00ed<\/h4>\n\n\n\n<ul class=\"wp-block-list\">\n<li><strong>Sledova\u010d soci\u00e1ln\u00edch s\u00edt\u00ed<\/strong>: <a href=\"https:\/\/apps.apple.com\/br\/app\/social-tracker\/id1189139278\">Obchod s aplikacemi<\/a> | <a href=\"https:\/\/play.google.com\/store\/apps\/details?id=com.mobiversite.lookAtMe&amp;hl=pt_BR&amp;pli=1\">Google Play<\/a><\/li>\n<\/ul>\n\n\n\n<h3 class=\"wp-block-heading\">\u010casto kladen\u00e9 ot\u00e1zky: \u010casto kladen\u00e9 ot\u00e1zky<\/h3>\n\n\n\n<ol class=\"wp-block-list\">\n<li><strong>Je bezpe\u010dn\u00e9 pou\u017e\u00edvat aplikace k zobrazen\u00ed, kdo nav\u0161t\u011bvuje m\u016fj profil?<\/strong><br>Ne v\u0161echny aplikace jsou bezpe\u010dn\u00e9. Je d\u016fle\u017eit\u00e9 stahovat pouze aplikace s dobr\u00fdmi recenzemi a vyh\u00fdbat se nadm\u011brn\u00e9mu po\u010dtu opr\u00e1vn\u011bn\u00ed, kter\u00e1 ohro\u017euj\u00ed va\u0161e soukrom\u00ed.<\/li>\n\n\n\n<li><strong>Pro\u010d soci\u00e1ln\u00ed s\u00edt\u011b neukazuj\u00ed, kdo si prohl\u00ed\u017e\u00ed n\u00e1\u0161 profil?<\/strong><br>Pro ochranu soukrom\u00ed u\u017eivatel\u016f a udr\u017een\u00ed bezpe\u010dn\u00e9ho prost\u0159ed\u00ed pro interakce.<\/li>\n\n\n\n<li><strong>M\u016f\u017eu opravdu v\u011bd\u011bt, kdo nav\u0161t\u011bvuje m\u016fj instagramov\u00fd profil?<\/strong><br>Ofici\u00e1ln\u011b Instagram neumo\u017e\u0148uje vid\u011bt, kdo nav\u0161t\u011bvuje v\u00e1\u0161 profil. N\u011bkter\u00e9 aplikace tuto funkci nab\u00edzej\u00ed, ale nemus\u00ed b\u00fdt spolehliv\u00e9.<\/li>\n\n\n\n<li><strong>Co m\u00e1m d\u011blat, kdy\u017e m\u00e1m pocit, \u017ee m\u011b n\u011bkdo sleduje na soci\u00e1ln\u00edch s\u00edt\u00edch?<\/strong><br>Upravte nastaven\u00ed soukrom\u00ed ve sv\u00fdch \u00fa\u010dtech a nesd\u00edlejte osobn\u00ed \u00fadaje.<\/li>\n\n\n\n<li><strong>Existuj\u00ed n\u011bjak\u00e9 spolehliv\u00e9 aplikace pro sledov\u00e1n\u00ed s\u00ed\u0165ov\u00fdch interakc\u00ed?<\/strong><br>Ano, n\u011bkter\u00e9 aplikace, jako nap\u0159. <strong>Sledova\u010d soci\u00e1ln\u00edch s\u00edt\u00ed<\/strong> Nab\u00edzej\u00ed podrobnou anal\u00fdzu interakc\u00ed, ale nezobrazuj\u00ed konkr\u00e9tn\u00ed n\u00e1v\u0161t\u011bvn\u00edky.<\/li>\n\n\n\n<li><strong>Mohu tyto aplikace pou\u017e\u00edvat na firemn\u00edch \u00fa\u010dtech?<\/strong><br>N\u011bkter\u00e9 n\u00e1stroje mohou b\u00fdt u\u017eite\u010dn\u00e9 pro firemn\u00ed \u00fa\u010dty, proto\u017ee pom\u00e1haj\u00ed analyzovat chov\u00e1n\u00ed publika.<\/li>\n\n\n\n<li><strong>Jak mohu zv\u00fd\u0161it anga\u017eovanost na soci\u00e1ln\u00edch s\u00edt\u00edch, ani\u017e bych se musel ob\u00e1vat stalker\u016f?<\/strong><br>Vytv\u00e1\u0159en\u00ed poutav\u00e9ho a autentick\u00e9ho obsahu je nejlep\u0161\u00ed zp\u016fsob, jak se spojit s publikem, ani\u017e byste se museli starat o to, kdo se d\u00edv\u00e1.<\/li>\n\n\n\n<li><strong>Je leg\u00e1ln\u00ed pou\u017e\u00edvat aplikace k zobrazen\u00ed, kdo nav\u0161t\u011bvuje m\u016fj profil?<\/strong><br>Z\u00e1le\u017e\u00ed na aplikaci a jej\u00edch postupech. N\u011bkter\u00e9 mohou poru\u0161ovat podm\u00ednky slu\u017eby dan\u00e9 platformy soci\u00e1ln\u00edch m\u00e9di\u00ed.<\/li>\n\n\n\n<li><strong>Jak si mohu chr\u00e1nit soukrom\u00ed na soci\u00e1ln\u00edch s\u00edt\u00edch?<\/strong><br>Upravte nastaven\u00ed soukrom\u00ed, omezte sd\u00edlen\u00ed informac\u00ed a pou\u017e\u00edvejte siln\u00e1 hesla.<\/li>\n\n\n\n<li><strong>Pro\u010d bych se m\u011bl vyh\u00fdbat neofici\u00e1ln\u00edm aplikac\u00edm?<\/strong><br>Mohou ohrozit va\u0161i bezpe\u010dnost a vystavit va\u0161e data ned\u016fv\u011bryhodn\u00fdm t\u0159et\u00edm stran\u00e1m.<\/li>\n<\/ol>\n\n\n\n<p>Sd\u00edlejte tento \u010dl\u00e1nek se sv\u00fdmi p\u0159\u00e1teli, abyste spole\u010dn\u011b objevili, jak m\u00edt bezpe\u010dn\u011bj\u0161\u00ed a uspokojiv\u011bj\u0161\u00ed z\u00e1\u017eitky na soci\u00e1ln\u00edch s\u00edt\u00edch.<\/p>","protected":false},"excerpt":{"rendered":"<p>\u00bfCurioso por saber qui\u00e9n te vigila? \u00a1Desc\u00fabrelo ahora mismo! Mar\u00eda era una joven que, como muchos de nosotros, pasaba horas en las redes sociales. Un d\u00eda, encontr\u00f3 el perfil de Juan y comenz\u00f3 a observarlo discretamente. Le daba \u201cme gusta\u201d de vez en cuando, dejaba un comentario ocasional\u2026 hasta que, de repente, \u00e9l comenz\u00f3 a [&hellip;]<\/p>","protected":false},"author":219,"featured_media":7365,"comment_status":"closed","ping_status":"open","sticky":false,"template":"","format":"standard","meta":{"footnotes":""},"categories":[3],"tags":[449,751,1240,1317,1462],"yoast_head":"<!-- This site is optimized with the Yoast SEO plugin v23.3 - https:\/\/yoast.com\/wordpress\/plugins\/seo\/ -->\n<title>Descubre Qui\u00e9n Te Observa en Redes Sociales - Universo Fam\u00edlia<\/title>\n<meta name=\"description\" content=\"Descubre Qui\u00e9n Te Observa en Redes Sociales. \u00bfCurioso por saber qui\u00e9n te vigila? \u00a1Desc\u00fabrelo ahora mismo!...\" \/>\n<meta name=\"robots\" content=\"index, follow, max-snippet:-1, max-image-preview:large, max-video-preview:-1\" \/>\n<link rel=\"canonical\" href=\"https:\/\/universofamilia.com\/cs\/descubre-quien-te-observa-en-redes-sociales\/\" \/>\n<meta property=\"og:locale\" content=\"cs_CZ\" \/>\n<meta property=\"og:type\" content=\"article\" \/>\n<meta property=\"og:title\" content=\"Descubre Qui\u00e9n Te Observa en Redes Sociales - Universo Fam\u00edlia\" \/>\n<meta property=\"og:description\" content=\"Descubre Qui\u00e9n Te Observa en Redes Sociales. \u00bfCurioso por saber qui\u00e9n te vigila? \u00a1Desc\u00fabrelo ahora mismo!...\" \/>\n<meta property=\"og:url\" content=\"https:\/\/universofamilia.com\/cs\/descubre-quien-te-observa-en-redes-sociales\/\" \/>\n<meta property=\"og:site_name\" content=\"Universo Fam\u00edlia\" \/>\n<meta property=\"article:published_time\" content=\"2024-11-06T19:03:59+00:00\" \/>\n<meta property=\"article:modified_time\" content=\"2025-10-12T22:32:27+00:00\" \/>\n<meta property=\"og:image\" content=\"https:\/\/universofamilia.com\/wp-content\/uploads\/sites\/148\/2024\/11\/DESTAQUE-UNIVERSO-550-x-350-5-1.jpg\" \/>\n\t<meta property=\"og:image:width\" content=\"550\" \/>\n\t<meta property=\"og:image:height\" content=\"350\" \/>\n\t<meta property=\"og:image:type\" content=\"image\/jpeg\" \/>\n<meta name=\"author\" content=\"Matheus Sangaletti\" \/>\n<meta name=\"twitter:card\" content=\"summary_large_image\" \/>\n<meta name=\"twitter:label1\" content=\"Written by\" \/>\n\t<meta name=\"twitter:data1\" content=\"Matheus Sangaletti\" \/>\n\t<meta name=\"twitter:label2\" content=\"Est. reading time\" \/>\n\t<meta name=\"twitter:data2\" content=\"6 minut\" \/>\n<script type=\"application\/ld+json\" class=\"yoast-schema-graph\">{\"@context\":\"https:\/\/schema.org\",\"@graph\":[{\"@type\":\"WebPage\",\"@id\":\"https:\/\/universofamilia.com\/descubre-quien-te-observa-en-redes-sociales\/\",\"url\":\"https:\/\/universofamilia.com\/descubre-quien-te-observa-en-redes-sociales\/\",\"name\":\"Descubre Qui\u00e9n Te Observa en Redes Sociales - Universo Fam\u00edlia\",\"isPartOf\":{\"@id\":\"https:\/\/universofamilia.com\/el\/#website\"},\"primaryImageOfPage\":{\"@id\":\"https:\/\/universofamilia.com\/descubre-quien-te-observa-en-redes-sociales\/#primaryimage\"},\"image\":{\"@id\":\"https:\/\/universofamilia.com\/descubre-quien-te-observa-en-redes-sociales\/#primaryimage\"},\"thumbnailUrl\":\"https:\/\/universofamilia.com\/wp-content\/uploads\/sites\/148\/2024\/11\/DESTAQUE-UNIVERSO-550-x-350-5-1.jpg\",\"datePublished\":\"2024-11-06T19:03:59+00:00\",\"dateModified\":\"2025-10-12T22:32:27+00:00\",\"author\":{\"@id\":\"https:\/\/universofamilia.com\/el\/#\/schema\/person\/92fcd07e9b1f4323bf74f3170fc0f78a\"},\"description\":\"Descubre Qui\u00e9n Te Observa en Redes Sociales. \u00bfCurioso por saber qui\u00e9n te vigila? \u00a1Desc\u00fabrelo ahora mismo!...\",\"breadcrumb\":{\"@id\":\"https:\/\/universofamilia.com\/descubre-quien-te-observa-en-redes-sociales\/#breadcrumb\"},\"inLanguage\":\"cs\",\"potentialAction\":[{\"@type\":\"ReadAction\",\"target\":[\"https:\/\/universofamilia.com\/descubre-quien-te-observa-en-redes-sociales\/\"]}]},{\"@type\":\"ImageObject\",\"inLanguage\":\"cs\",\"@id\":\"https:\/\/universofamilia.com\/descubre-quien-te-observa-en-redes-sociales\/#primaryimage\",\"url\":\"https:\/\/universofamilia.com\/wp-content\/uploads\/sites\/148\/2024\/11\/DESTAQUE-UNIVERSO-550-x-350-5-1.jpg\",\"contentUrl\":\"https:\/\/universofamilia.com\/wp-content\/uploads\/sites\/148\/2024\/11\/DESTAQUE-UNIVERSO-550-x-350-5-1.jpg\",\"width\":550,\"height\":350,\"caption\":\"Descubre Qui\u00e9n Te Observa en Redes Sociales\"},{\"@type\":\"BreadcrumbList\",\"@id\":\"https:\/\/universofamilia.com\/descubre-quien-te-observa-en-redes-sociales\/#breadcrumb\",\"itemListElement\":[{\"@type\":\"ListItem\",\"position\":1,\"name\":\"Home\",\"item\":\"https:\/\/universofamilia.com\/el\/\"},{\"@type\":\"ListItem\",\"position\":2,\"name\":\"Descubre Qui\u00e9n Te Observa en Redes Sociales\"}]},{\"@type\":\"WebSite\",\"@id\":\"https:\/\/universofamilia.com\/el\/#website\",\"url\":\"https:\/\/universofamilia.com\/el\/\",\"name\":\"Universo Fam\u00edlia\",\"description\":\"\",\"potentialAction\":[{\"@type\":\"SearchAction\",\"target\":{\"@type\":\"EntryPoint\",\"urlTemplate\":\"https:\/\/universofamilia.com\/el\/?s={search_term_string}\"},\"query-input\":\"required name=search_term_string\"}],\"inLanguage\":\"cs\"},{\"@type\":\"Person\",\"@id\":\"https:\/\/universofamilia.com\/el\/#\/schema\/person\/92fcd07e9b1f4323bf74f3170fc0f78a\",\"name\":\"Matheus Sangaletti\",\"image\":{\"@type\":\"ImageObject\",\"inLanguage\":\"cs\",\"@id\":\"https:\/\/universofamilia.com\/el\/#\/schema\/person\/image\/\",\"url\":\"https:\/\/secure.gravatar.com\/avatar\/280ea957a14a48e6a1ad2133d2cc27c9?s=96&d=mm&r=g\",\"contentUrl\":\"https:\/\/secure.gravatar.com\/avatar\/280ea957a14a48e6a1ad2133d2cc27c9?s=96&d=mm&r=g\",\"caption\":\"Matheus Sangaletti\"},\"url\":\"https:\/\/universofamilia.com\/cs\/author\/matheuss\/\"}]}<\/script>\n<!-- \/ Yoast SEO plugin. -->","yoast_head_json":{"title":"Descubre Qui\u00e9n Te Observa en Redes Sociales - Universo Fam\u00edlia","description":"Descubre Qui\u00e9n Te Observa en Redes Sociales. \u00bfCurioso por saber qui\u00e9n te vigila? \u00a1Desc\u00fabrelo ahora mismo!...","robots":{"index":"index","follow":"follow","max-snippet":"max-snippet:-1","max-image-preview":"max-image-preview:large","max-video-preview":"max-video-preview:-1"},"canonical":"https:\/\/universofamilia.com\/cs\/descubre-quien-te-observa-en-redes-sociales\/","og_locale":"cs_CZ","og_type":"article","og_title":"Descubre Qui\u00e9n Te Observa en Redes Sociales - Universo Fam\u00edlia","og_description":"Descubre Qui\u00e9n Te Observa en Redes Sociales. \u00bfCurioso por saber qui\u00e9n te vigila? \u00a1Desc\u00fabrelo ahora mismo!...","og_url":"https:\/\/universofamilia.com\/cs\/descubre-quien-te-observa-en-redes-sociales\/","og_site_name":"Universo Fam\u00edlia","article_published_time":"2024-11-06T19:03:59+00:00","article_modified_time":"2025-10-12T22:32:27+00:00","og_image":[{"width":550,"height":350,"url":"https:\/\/universofamilia.com\/wp-content\/uploads\/sites\/148\/2024\/11\/DESTAQUE-UNIVERSO-550-x-350-5-1.jpg","type":"image\/jpeg"}],"author":"Matheus Sangaletti","twitter_card":"summary_large_image","twitter_misc":{"Written by":"Matheus Sangaletti","Est. reading time":"6 minut"},"schema":{"@context":"https:\/\/schema.org","@graph":[{"@type":"WebPage","@id":"https:\/\/universofamilia.com\/descubre-quien-te-observa-en-redes-sociales\/","url":"https:\/\/universofamilia.com\/descubre-quien-te-observa-en-redes-sociales\/","name":"Descubre Qui\u00e9n Te Observa en Redes Sociales - Universo Fam\u00edlia","isPartOf":{"@id":"https:\/\/universofamilia.com\/el\/#website"},"primaryImageOfPage":{"@id":"https:\/\/universofamilia.com\/descubre-quien-te-observa-en-redes-sociales\/#primaryimage"},"image":{"@id":"https:\/\/universofamilia.com\/descubre-quien-te-observa-en-redes-sociales\/#primaryimage"},"thumbnailUrl":"https:\/\/universofamilia.com\/wp-content\/uploads\/sites\/148\/2024\/11\/DESTAQUE-UNIVERSO-550-x-350-5-1.jpg","datePublished":"2024-11-06T19:03:59+00:00","dateModified":"2025-10-12T22:32:27+00:00","author":{"@id":"https:\/\/universofamilia.com\/el\/#\/schema\/person\/92fcd07e9b1f4323bf74f3170fc0f78a"},"description":"Descubre Qui\u00e9n Te Observa en Redes Sociales. \u00bfCurioso por saber qui\u00e9n te vigila? \u00a1Desc\u00fabrelo ahora mismo!...","breadcrumb":{"@id":"https:\/\/universofamilia.com\/descubre-quien-te-observa-en-redes-sociales\/#breadcrumb"},"inLanguage":"cs","potentialAction":[{"@type":"ReadAction","target":["https:\/\/universofamilia.com\/descubre-quien-te-observa-en-redes-sociales\/"]}]},{"@type":"ImageObject","inLanguage":"cs","@id":"https:\/\/universofamilia.com\/descubre-quien-te-observa-en-redes-sociales\/#primaryimage","url":"https:\/\/universofamilia.com\/wp-content\/uploads\/sites\/148\/2024\/11\/DESTAQUE-UNIVERSO-550-x-350-5-1.jpg","contentUrl":"https:\/\/universofamilia.com\/wp-content\/uploads\/sites\/148\/2024\/11\/DESTAQUE-UNIVERSO-550-x-350-5-1.jpg","width":550,"height":350,"caption":"Descubre Qui\u00e9n Te Observa en Redes Sociales"},{"@type":"BreadcrumbList","@id":"https:\/\/universofamilia.com\/descubre-quien-te-observa-en-redes-sociales\/#breadcrumb","itemListElement":[{"@type":"ListItem","position":1,"name":"Home","item":"https:\/\/universofamilia.com\/el\/"},{"@type":"ListItem","position":2,"name":"Descubre Qui\u00e9n Te Observa en Redes Sociales"}]},{"@type":"WebSite","@id":"https:\/\/universofamilia.com\/el\/#website","url":"https:\/\/universofamilia.com\/el\/","name":"Universo Fam\u00edlia","description":"","potentialAction":[{"@type":"SearchAction","target":{"@type":"EntryPoint","urlTemplate":"https:\/\/universofamilia.com\/el\/?s={search_term_string}"},"query-input":"required name=search_term_string"}],"inLanguage":"cs"},{"@type":"Person","@id":"https:\/\/universofamilia.com\/el\/#\/schema\/person\/92fcd07e9b1f4323bf74f3170fc0f78a","name":"Matheus Sangaletti","image":{"@type":"ImageObject","inLanguage":"cs","@id":"https:\/\/universofamilia.com\/el\/#\/schema\/person\/image\/","url":"https:\/\/secure.gravatar.com\/avatar\/280ea957a14a48e6a1ad2133d2cc27c9?s=96&d=mm&r=g","contentUrl":"https:\/\/secure.gravatar.com\/avatar\/280ea957a14a48e6a1ad2133d2cc27c9?s=96&d=mm&r=g","caption":"Matheus Sangaletti"},"url":"https:\/\/universofamilia.com\/cs\/author\/matheuss\/"}]}},"_links":{"self":[{"href":"https:\/\/universofamilia.com\/cs\/wp-json\/wp\/v2\/posts\/7361"}],"collection":[{"href":"https:\/\/universofamilia.com\/cs\/wp-json\/wp\/v2\/posts"}],"about":[{"href":"https:\/\/universofamilia.com\/cs\/wp-json\/wp\/v2\/types\/post"}],"author":[{"embeddable":true,"href":"https:\/\/universofamilia.com\/cs\/wp-json\/wp\/v2\/users\/219"}],"replies":[{"embeddable":true,"href":"https:\/\/universofamilia.com\/cs\/wp-json\/wp\/v2\/comments?post=7361"}],"version-history":[{"count":1,"href":"https:\/\/universofamilia.com\/cs\/wp-json\/wp\/v2\/posts\/7361\/revisions"}],"predecessor-version":[{"id":10057,"href":"https:\/\/universofamilia.com\/cs\/wp-json\/wp\/v2\/posts\/7361\/revisions\/10057"}],"wp:featuredmedia":[{"embeddable":true,"href":"https:\/\/universofamilia.com\/cs\/wp-json\/wp\/v2\/media\/7365"}],"wp:attachment":[{"href":"https:\/\/universofamilia.com\/cs\/wp-json\/wp\/v2\/media?parent=7361"}],"wp:term":[{"taxonomy":"category","embeddable":true,"href":"https:\/\/universofamilia.com\/cs\/wp-json\/wp\/v2\/categories?post=7361"},{"taxonomy":"post_tag","embeddable":true,"href":"https:\/\/universofamilia.com\/cs\/wp-json\/wp\/v2\/tags?post=7361"}],"curies":[{"name":"wp","href":"https:\/\/api.w.org\/{rel}","templated":true}]}}