{"id":7362,"date":"2024-11-06T16:14:15","date_gmt":"2024-11-06T19:14:15","guid":{"rendered":"https:\/\/universofamilia.com\/?p=7362"},"modified":"2025-01-28T16:28:20","modified_gmt":"2025-01-28T16:28:20","slug":"quien-observa-tu-perfil","status":"publish","type":"post","link":"https:\/\/universofamilia.com\/cs\/quien-observa-tu-perfil\/","title":{"rendered":"Kdo si prohl\u00ed\u017e\u00ed tv\u016fj profil?"},"content":{"rendered":"<p>Zaj\u00edm\u00e1 v\u00e1s, kdo v\u00e1s sleduje na soci\u00e1ln\u00edch s\u00edt\u00edch, ani\u017e byste si toho v\u0161imli?<\/p>\n\n\n\n<p>Ana byla zv\u011bdav\u00e1. M\u011bs\u00edce tajn\u011b kontrolovala profil Miguela, spolu\u017e\u00e1ka z vysok\u00e9 \u0161koly, kter\u00e9ho sotva osobn\u011b znala.<\/p>\n\n\n\n<p>Neodv\u00e1\u017eila se s n\u00ed promluvit p\u0159\u00edmo, jen si prohl\u00ed\u017eela jej\u00ed fotky a p\u0159\u00edsp\u011bvky a vn\u00edmala ka\u017ed\u00fd detail.<\/p>\n\n\n\n<p>Ale pot\u00e9, co Ana tak dlouho sledovala jej\u00ed obsah a c\u00edtila rostouc\u00ed z\u00e1jem, se rozhodla ud\u011blat prvn\u00ed krok a zapojit se.<\/p>\n\n\n\n<p>B\u011bhem n\u011bkolika m\u011bs\u00edc\u016f spolu za\u010dali chodit a nakonec se vzali. N\u011bkdy prvn\u00ed krok k l\u00e1sce za\u010d\u00edn\u00e1 pouh\u00fdm pohledem na soci\u00e1ln\u00edch s\u00edt\u00edch.<\/p>\n\n\n\n<p>P\u0159em\u00fd\u0161leli jste n\u011bkdy, kdo v\u00e1s asi sleduje? Kdo je tam venku a kontroluje va\u0161e p\u0159\u00edsp\u011bvky, fotky a p\u0159\u00edb\u011bhy, ani\u017e byste o tom v\u016fbec v\u011bd\u011bli?<\/p>\n\n\n\n<p>V tomto \u010dl\u00e1nku tuto z\u00e1hadu rozlu\u0161t\u00edme. Pokud jste zv\u011bdav\u00ed a chcete v\u011bd\u011bt, kdo nav\u0161t\u011bvuje v\u00e1\u0161 profil, p\u0159idejte se k n\u00e1m!<\/p>\n\n\n\n<h3 class=\"wp-block-heading\">Pro\u010d je d\u016fle\u017eit\u00e9 v\u011bd\u011bt, kdo si prohl\u00ed\u017e\u00ed v\u00e1\u0161 profil?<\/h3>\n\n\n\n<p>P\u0159edstavte si, kolik lid\u00ed m\u016f\u017ee ti\u0161e sledovat v\u00e1\u0161 obsah. Je p\u0159irozen\u00e9, \u017ee zv\u011bdavost p\u0159itahuje na\u0161i pozornost.<\/p>\n\n\n\n<p>M\u016f\u017ee to b\u00fdt p\u0159\u00edtel, n\u011bkdo s postrann\u00edmi \u00famysly, nebo dokonce potenci\u00e1ln\u00ed kari\u00e9rn\u00ed p\u0159\u00edle\u017eitost.<\/p>\n\n\n\n<p>Pochopen\u00ed toho, kdo si prohl\u00ed\u017e\u00ed va\u0161e soci\u00e1ln\u00ed m\u00e9dia, v\u00e1m m\u016f\u017ee pomoci vyladit obsahovou strategii, l\u00e9pe komunikovat se sv\u00fdmi sleduj\u00edc\u00edmi a dokonce i zlep\u0161it zabezpe\u010den\u00ed.<\/p>\n\n\n\n<p><\/p>\n\n\n\n<hr class=\"wp-block-separator has-text-color has-luminous-vivid-orange-color has-alpha-channel-opacity has-luminous-vivid-orange-background-color has-background is-style-wide\" \/>\n\n\n\n<h3 class=\"wp-block-heading\">Viz tak\u00e9:<\/h3>\n\n\n\n<ul class=\"wp-block-list has-small-font-size\">\n<li class=\"has-medium-font-size\" style=\"padding-top:0;padding-right:var(--wp--preset--spacing--40);padding-bottom:0;padding-left:var(--wp--preset--spacing--40);font-style:normal;font-weight:400\"><a href=\"https:\/\/universofamilia.com\/cs\/6855\/grabar-llamadas-recibidas\/\"><mark style=\"color:#f94c45\" class=\"has-inline-color\">Nahr\u00e1v\u00e1n\u00ed p\u0159\u00edchoz\u00edch hovor\u016f &gt;<\/mark><\/a><\/li>\n\n\n\n<li class=\"has-medium-font-size\" style=\"padding-top:0;padding-right:var(--wp--preset--spacing--40);padding-bottom:0;padding-left:var(--wp--preset--spacing--40);font-style:normal;font-weight:400\"><a href=\"https:\/\/universofamilia.com\/cs\/6898\/leer-la-biblia-catolica-en-tu-celular\/\"><mark style=\"color:#f94c45\" class=\"has-inline-color\"><font style=\"vertical-align: inherit\"><font style=\"vertical-align: inherit\">\u010ct\u011bte katolickou Bibli na sv\u00e9m mobiln\u00edm telefonu<\/font><\/font> &gt;<\/mark><\/a><\/li>\n\n\n\n<li class=\"has-medium-font-size\" style=\"padding-top:0;padding-right:var(--wp--preset--spacing--40);padding-bottom:0;padding-left:var(--wp--preset--spacing--40);font-style:normal;font-weight:400\"><a href=\"https:\/\/universofamilia.com\/cs\/6832\/aplicacion-para-bailar-zumba\/\"><mark style=\"color:#f94c45\" class=\"has-inline-color\">Aplikace pro tane\u010dn\u00ed zumbu &gt;<\/mark><\/a><\/li>\n\n\n\n<li class=\"has-medium-font-size\" style=\"padding-top:0;padding-right:var(--wp--preset--spacing--40);padding-bottom:0;padding-left:var(--wp--preset--spacing--40);font-style:normal;font-weight:400\"><a href=\"https:\/\/universofamilia.com\/cs\/6952\/descubre-quien-visita-tu-perfil-redes-sociales\/\"><mark style=\"color:#f94c45\" class=\"has-inline-color\">Zjist\u011bte, kdo nav\u0161t\u011bvuje v\u00e1\u0161 profil na soci\u00e1ln\u00edch s\u00edt\u00edch &gt;<\/mark><\/a><\/li>\n<\/ul>\n\n\n\n<hr class=\"wp-block-separator has-text-color has-luminous-vivid-orange-color has-alpha-channel-opacity has-luminous-vivid-orange-background-color has-background is-style-wide\" \/>\n\n\n\n<p><\/p>\n\n\n\n<h3 class=\"wp-block-heading\">Sledov\u00e1n\u00ed n\u00e1v\u0161t\u011bv va\u0161eho profilu<\/h3>\n\n\n\n<h4 class=\"wp-block-heading\"><strong>Zaj\u00edm\u00e1 v\u00e1s, kdo nav\u0161t\u011bvuje v\u00e1\u0161 profil?<\/strong><\/h4>\n\n\n\n<p><br>Kdo by necht\u011bl zjistit, kdo si jeho profil prohl\u00ed\u017e\u00ed nej\u010dast\u011bji?<\/p>\n\n\n\n<p>I kdy\u017e je to p\u0159irozen\u00e9, soci\u00e1ln\u00ed m\u00e9dia ne v\u017edy umo\u017e\u0148uj\u00ed tento typ p\u0159\u00edm\u00e9ho sledov\u00e1n\u00ed.<\/p>\n\n\n\n<p>Zde v\u00e1m uk\u00e1\u017eeme, jak v\u00e1m n\u011bkter\u00e9 n\u00e1stroje mohou pomoci z\u00edskat jasn\u011bj\u0161\u00ed p\u0159edstavu o va\u0161em publiku a jak v\u00e1m tato data mohou b\u00fdt u\u017eite\u010dn\u00e1.<\/p>\n\n\n\n<h3 class=\"wp-block-heading\">Upozorn\u011bn\u00ed na pron\u00e1sledovatele! Zjist\u011bte, kdo v\u00e1s sleduje.<\/h3>\n\n\n\n<p>Existuj\u00ed aplikace, kter\u00e9 v\u00e1m pomohou sledovat interakce na soci\u00e1ln\u00edch s\u00edt\u00edch a mohou v\u00e1m poskytnout vod\u00edtka o tom, kdo si prohl\u00ed\u017e\u00ed v\u00e1\u0161 obsah.<\/p>\n\n\n\n<p>I kdy\u017e v\u00e1m tyto aplikace nemohou p\u0159esn\u011b \u0159\u00edct, kdo nav\u0161t\u011bvuje v\u00e1\u0161 profil, mohou v\u00e1m poskytnout p\u0159ehled o tom, kdo nejv\u00edce interaguje s va\u0161imi p\u0159\u00edsp\u011bvky a p\u0159\u00edb\u011bhy.<\/p>\n\n\n\n<p><strong>Sledova\u010d soci\u00e1ln\u00edch s\u00edt\u00ed<\/strong>Toto je jedna z nejpopul\u00e1rn\u011bj\u0161\u00edch aplikac\u00ed a m\u00e1 verze pro <a href=\"https:\/\/apps.apple.com\/br\/app\/social-tracker\/id1189139278\">Obchod s aplikacemi<\/a> a <a href=\"https:\/\/play.google.com\/store\/apps\/details?id=com.mobiversite.lookAtMe&amp;hl=pt_BR&amp;pli=1\">Google Play<\/a>.<\/p>\n\n\n\n<p>Umo\u017e\u0148uje v\u00e1m vid\u011bt, kdo interaguje s va\u0161\u00edm profilem a kdo v\u00e1s ned\u00e1vno za\u010dal sledovat.<\/p>\n\n\n\n<h3 class=\"wp-block-heading\">Pravda o \u201elajc\u00edch\u201c<\/h3>\n\n\n\n<p>Pokud chcete skute\u010dn\u011b v\u011bd\u011bt, kolik z\u00e1jmu v\u00e1\u0161 obsah generuje, anal\u00fdza interakc\u00ed je nejjednodu\u0161\u0161\u00ed zp\u016fsob.<\/p>\n\n\n\n<p>I kdy\u017e nem\u016f\u017eete p\u0159esn\u011b vid\u011bt, kdo nav\u0161t\u00edvil v\u00e1\u0161 profil, pozorov\u00e1n\u00ed toho, kdo d\u00e1v\u00e1 lajky, komentuje a sd\u00edl\u00ed, v\u00e1m m\u016f\u017ee d\u00e1t p\u0159edstavu o tom, kdo v\u00e1s \u201esleduje\u201c.<\/p>\n\n\n\n<h3 class=\"wp-block-heading\">V\u00fdhody znalosti toho, kdo m\u00e1 o v\u00e1\u0161 obsah z\u00e1jem<\/h3>\n\n\n\n<ol class=\"wp-block-list\">\n<li><strong>Zv\u00fd\u0161en\u00e1 interakce<\/strong>V\u011bd\u011bt, kdo nejv\u00edce interaguje s va\u0161\u00edm profilem, v\u00e1m m\u016f\u017ee pomoci personalizovat v\u00e1\u0161 obsah a zam\u011b\u0159it ho na dan\u00e9 publikum.<\/li>\n\n\n\n<li><strong>Nastaven\u00ed soukrom\u00ed<\/strong>Pokud zjist\u00edte, \u017ee se o v\u00e1\u0161 profil p\u0159\u00edli\u0161 zaj\u00edm\u00e1 n\u011bkdo, koho nezn\u00e1te, mo\u017en\u00e1 budete cht\u00edt upravit nastaven\u00ed soukrom\u00ed.<\/li>\n\n\n\n<li><strong>Autentick\u00e9 spojen\u00ed<\/strong>V\u011bd\u011bt, kdo s va\u0161\u00edm obsahem interaguje, v\u00e1m pom\u016f\u017ee pos\u00edlit vztahy a prozkoumat nov\u00e9 p\u0159\u00edle\u017eitosti.<\/li>\n<\/ol>\n\n\n\n<h3 class=\"wp-block-heading\">M\u00fdtus o viditelnosti na soci\u00e1ln\u00edch s\u00edt\u00edch<\/h3>\n\n\n\n<p>I kdy\u017e je my\u0161lenka \u201evid\u011bt, kdo si prohl\u00ed\u017eel v\u00e1\u0161 profil\u201c l\u00e1kav\u00e1, v\u011bt\u0161ina soci\u00e1ln\u00edch s\u00edt\u00ed tyto informace p\u0159\u00edmo neposkytuje.<\/p>\n\n\n\n<p>To se d\u011bl\u00e1 p\u0159edev\u0161\u00edm za \u00fa\u010delem ochrany soukrom\u00ed u\u017eivatel\u016f a vytvo\u0159en\u00ed bezpe\u010dn\u011bj\u0161\u00edho a m\u00e9n\u011b ru\u0161iv\u00e9ho prost\u0159ed\u00ed.<\/p>\n\n\n\n<ol class=\"wp-block-list\">\n<li><strong>Z\u00e1sady pro soci\u00e1ln\u00ed m\u00e9dia<\/strong>Platformy jako Facebook a Instagram se zam\u011b\u0159uj\u00ed na zapojen\u00ed a bezpe\u010dnost a odhalen\u00ed, kdo nav\u0161t\u00edvil v\u00e1\u0161 profil, by mohlo odradit od interakc\u00ed.<\/li>\n\n\n\n<li><strong>Nedostatek transparentnosti<\/strong>A\u010dkoli n\u011bkter\u00e9 n\u00e1stroje slibuj\u00ed odhalen\u00ed informac\u00ed o tom, \u201ekdo si video prohl\u00ed\u017eel\u201c, je d\u016fle\u017eit\u00e9 si uv\u011bdomit, \u017ee tato funkce nen\u00ed zcela p\u0159esn\u00e1.<\/li>\n<\/ol>\n\n\n\n<h3 class=\"wp-block-heading\">Anal\u00fdza dat a poznatky: jak tyto informace vyu\u017e\u00edt<\/h3>\n\n\n\n<p>I kdy\u017e nevid\u00edte, kdo si prohl\u00ed\u017eel v\u00e1\u0161 profil, m\u016f\u017eete vyu\u017e\u00edt dal\u0161\u00ed informace ke zlep\u0161en\u00ed sv\u00e9 strategie pro soci\u00e1ln\u00ed m\u00e9dia.<\/p>\n\n\n\n<ol class=\"wp-block-list\">\n<li><strong>Anal\u00fdza lajk\u016f a koment\u00e1\u0159\u016f<\/strong>Lid\u00e9, kte\u0159\u00ed \u010dasto d\u00e1vaj\u00ed lajky a komentuj\u00ed, se s va\u0161\u00edm obsahem setk\u00e1vaj\u00ed. Vyu\u017eit\u00ed t\u00e9to strategie ve sv\u016fj prosp\u011bch je chytr\u00e1 strategie.<\/li>\n\n\n\n<li><strong>P\u0159\u00edb\u011bhy a vizualizace<\/strong>N\u00e1stroje jako Instagram Stories ukazuj\u00ed, kdo si prohl\u00ed\u017eel va\u0161e p\u0159\u00edsp\u011bvky, a poskytuj\u00ed tak vod\u00edtka o va\u0161em publiku.<\/li>\n<\/ol>\n\n\n\n<h3 class=\"wp-block-heading\">Aspekty ochrany osobn\u00edch \u00fadaj\u016f<\/h3>\n\n\n\n<p>P\u0159i pou\u017e\u00edv\u00e1n\u00ed monitorovac\u00edch aplikac\u00ed a n\u00e1stroj\u016f je d\u016fle\u017eit\u00e9 zv\u00e1\u017eit bezpe\u010dnost va\u0161ich dat.<\/p>\n\n\n\n<ol class=\"wp-block-list\">\n<li><strong>Rizika n\u00e1stroj\u016f t\u0159et\u00edch stran<\/strong>Aplikace t\u0159et\u00edch stran mohou shroma\u017e\u010fovat va\u0161e data. Nejlep\u0161\u00ed je zvolit popul\u00e1rn\u00ed a osv\u011bd\u010den\u00e9 n\u00e1stroje, jako je Social Tracker.<\/li>\n\n\n\n<li><strong>Chra\u0148te sv\u00e9 soukrom\u00ed<\/strong>Upravte nastaven\u00ed soukrom\u00ed na soci\u00e1ln\u00edch s\u00edt\u00edch a omezte, kdo m\u016f\u017ee vid\u011bt v\u00e1\u0161 profil a p\u0159\u00edsp\u011bvky.<\/li>\n<\/ol>\n\n\n\n<h3 class=\"wp-block-heading\">Recenze soci\u00e1ln\u00edho sledova\u010de<\/h3>\n\n\n\n<p>Social Tracker je \u0161iroce pou\u017e\u00edvan\u00fd n\u00e1stroj pro sledov\u00e1n\u00ed interakc\u00ed na soci\u00e1ln\u00edch s\u00edt\u00edch.<\/p>\n\n\n\n<p>K dispozici v <a href=\"https:\/\/apps.apple.com\/br\/app\/social-tracker\/id1189139278\">Obchod s aplikacemi<\/a> a <a href=\"https:\/\/play.google.com\/store\/apps\/details?id=com.mobiversite.lookAtMe&amp;hl=pt_BR&amp;pli=1\">Google Play<\/a>Tato aplikace je vysoce hodnocena a m\u016f\u017ee b\u00fdt bezpe\u010dnou a efektivn\u00ed volbou pro sledov\u00e1n\u00ed va\u0161eho profilu.<\/p>\n\n\n\n<p><strong>V\u00fdhody soci\u00e1ln\u00edho sledov\u00e1n\u00ed:<\/strong><\/p>\n\n\n\n<ul class=\"wp-block-list\">\n<li><strong>Sledov\u00e1n\u00ed sleduj\u00edc\u00edch<\/strong>Zjist\u011bte, kdo s va\u0161\u00edm profilem interaguje nej\u010dast\u011bji, a identifikujte vzorce interakce.<\/li>\n\n\n\n<li><strong>Podrobn\u00e9 informace<\/strong>: Poskytuje cenn\u00e9 \u00fadaje o chov\u00e1n\u00ed va\u0161ich sleduj\u00edc\u00edch.<\/li>\n\n\n\n<li><strong>Snadn\u00e1 instalace<\/strong>K dispozici pro iOS i Android, instalace je rychl\u00e1 a snadn\u00e1.<\/li>\n<\/ul>\n\n\n\n<p><strong>U\u017eivatelsk\u00e9 reference:<\/strong><\/p>\n\n\n\n<ol class=\"wp-block-list\">\n<li><strong>Marta, 42 let<\/strong>\u201eSocial Tracker mi skv\u011ble pom\u00e1h\u00e1 pochopit, kdo nej\u010dast\u011bji sleduje m\u016fj obsah.\u201c<\/li>\n\n\n\n<li><strong>Carlos, 35 let<\/strong>\u201ePomohlo mi to objevit vzorce zapojen\u00ed. Te\u010f si m\u016f\u017eu l\u00e9pe p\u0159izp\u016fsobit to, co sd\u00edl\u00edm.\u201c<\/li>\n\n\n\n<li><strong>Bianca, 27 let<\/strong>\u201eAplikaci pou\u017e\u00edv\u00e1m u\u017e m\u011bs\u00edce a v\u0161iml jsem si zv\u00fd\u0161en\u00e9ho z\u00e1jmu o m\u00e9 p\u0159\u00edb\u011bhy.\u201c<\/li>\n<\/ol>\n\n\n<div class=\"wp-block-image\">\n<figure class=\"aligncenter size-full\"><img loading=\"lazy\" decoding=\"async\" width=\"550\" height=\"350\" src=\"http:\/\/universofamilia.com\/wp-content\/uploads\/sites\/148\/2024\/11\/DESTAQUE-UNIVERSO-550-x-350-4-1.jpg\" alt=\"\" class=\"wp-image-7367\" srcset=\"https:\/\/universofamilia.com\/wp-content\/uploads\/sites\/148\/2024\/11\/DESTAQUE-UNIVERSO-550-x-350-4-1.jpg 550w, https:\/\/universofamilia.com\/wp-content\/uploads\/sites\/148\/2024\/11\/DESTAQUE-UNIVERSO-550-x-350-4-1-300x191.jpg 300w\" sizes=\"(max-width: 550px) 100vw, 550px\" \/><figcaption class=\"wp-element-caption\">Kdo si prohl\u00ed\u017e\u00ed tv\u016fj profil?<\/figcaption><\/figure><\/div>\n\n\n<h3 class=\"wp-block-heading\">Z\u00e1v\u011br: Pravda o viditelnosti va\u0161eho profilu<\/h3>\n\n\n\n<p>Je p\u0159irozen\u00e9 b\u00fdt zv\u011bdav\u00fd, ale je d\u016fle\u017eit\u00e9 si uv\u011bdomit, \u017ee ne v\u017edy budeme v\u011bd\u011bt, kdo nav\u0161t\u011bvuje n\u00e1\u0161 profil.<\/p>\n\n\n\n<p>Pou\u017e\u00edv\u00e1n\u00ed spolehliv\u00fdch n\u00e1stroj\u016f, jako je Social Tracker, v\u00e1m m\u016f\u017ee pomoci porozum\u011bt vzorc\u016fm a vylep\u0161it va\u0161i obsahovou strategii, ale v\u017edy m\u011bjte na pam\u011bti bezpe\u010dnost.<\/p>\n\n\n\n<h3 class=\"wp-block-heading\">Tipy, jak zv\u00fd\u0161it zapojen\u00ed bez obav ze stalker\u016f<\/h3>\n\n\n\n<ol class=\"wp-block-list\">\n<li><strong>Sd\u00edlejte relevantn\u00ed obsah<\/strong>\u010c\u00edm relevantn\u011bj\u0161\u00ed je v\u00e1\u0161 obsah, t\u00edm v\u011bt\u0161\u00ed je zapojen\u00ed.<\/li>\n\n\n\n<li><strong>Pou\u017e\u00edvejte p\u0159\u00edb\u011bhy a ankety<\/strong>Tyto n\u00e1stroje vyb\u00edzej\u00ed k p\u0159\u00edm\u00e9 interakci a mohou p\u0159il\u00e1kat nov\u00e9 sleduj\u00edc\u00ed.<\/li>\n\n\n\n<li><strong>Bu\u010fte autenti\u010dt\u00ed<\/strong>Profily, kter\u00e9 vykazuj\u00ed autenticitu, obvykle p\u0159itahuj\u00ed v\u011brn\u011bj\u0161\u00ed publikum.<\/li>\n<\/ol>\n\n\n\n<hr class=\"wp-block-separator has-alpha-channel-opacity is-style-wide\" \/>\n\n\n\n<h3 class=\"wp-block-heading\">\u010casto kladen\u00e9 ot\u00e1zky (FAQ)<\/h3>\n\n\n\n<p><strong>1. Mohu v\u011bd\u011bt, kdo nav\u0161t\u011bvuje m\u016fj profil na soci\u00e1ln\u00edch s\u00edt\u00edch?<\/strong><br>Ne p\u0159\u00edmo. Soci\u00e1ln\u00ed s\u00edt\u011b jako Facebook a Instagram tuto funkci na ochranu soukrom\u00ed u\u017eivatel\u016f nenab\u00edzej\u00ed.<\/p>\n\n\n\n<p><strong>2. Co je Social Tracker a jak mi pom\u016f\u017ee?<\/strong><br>Social Tracker je aplikace, kter\u00e1 v\u00e1m umo\u017e\u0148uje sledovat, kdo s va\u0161\u00edm profilem interaguje nej\u010dast\u011bji, a zobrazuje data, jako jsou nov\u00ed sleduj\u00edc\u00ed nebo lid\u00e9, kte\u0159\u00ed v\u00e1s p\u0159estali sledovat.<\/p>\n\n\n\n<p><strong>3. Je bezpe\u010dn\u00e9 pou\u017e\u00edvat monitorovac\u00ed aplikace?<\/strong><br>Z\u00e1le\u017e\u00ed na aplikaci. Spolehliv\u00e9 n\u00e1stroje jako Social Tracker jsou bezpe\u010dn\u011bj\u0161\u00ed, ale je d\u016fle\u017eit\u00e9 si v\u017edy ov\u011b\u0159it reputaci aplikace a vyh\u00fdbat se aplikac\u00edm z pochybn\u00fdch zdroj\u016f.<\/p>\n\n\n\n<p><strong>4. Pro\u010d n\u011bkter\u00e9 s\u00edt\u011b nezobrazuj\u00ed, kdo nav\u0161t\u011bvuje m\u016fj profil?<\/strong><br>Jedn\u00e1 se o opat\u0159en\u00ed na ochranu soukrom\u00ed, kter\u00e9 chr\u00e1n\u00ed u\u017eivatele a podporuje m\u00e9n\u011b invazivn\u00ed u\u017eivatelsk\u00e9 prost\u0159ed\u00ed.<\/p>\n\n\n\n<p><strong>5. Jak mohu chr\u00e1nit sv\u00e9 soukrom\u00ed na soci\u00e1ln\u00edch s\u00edt\u00edch?<\/strong><br>Upravte si nastaven\u00ed soukrom\u00ed, abyste m\u011bli kontrolu nad t\u00edm, kdo m\u016f\u017ee vid\u011bt va\u0161e p\u0159\u00edsp\u011bvky a p\u0159\u00edb\u011bhy, a vyhn\u011bte se sd\u00edlen\u00ed citliv\u00fdch informac\u00ed.<\/p>\n\n\n\n<p><strong>6. Mohu zv\u00fd\u0161it zapojen\u00ed na sv\u00fdch profilech bez aplikac\u00ed?<\/strong><br>Samoz\u0159ejm\u011b! Sd\u00edlen\u00ed relevantn\u00edho obsahu, interakce se sleduj\u00edc\u00edmi a pou\u017e\u00edv\u00e1n\u00ed anket nebo ot\u00e1zek ve va\u0161ich p\u0159\u00edsp\u011bvc\u00edch m\u016f\u017ee p\u0159irozen\u011b zv\u00fd\u0161it zapojen\u00ed.<\/p>\n\n\n\n<p><strong>7. Kde si mohu st\u00e1hnout Social Tracker?<\/strong><br>Sledov\u00e1n\u00ed soci\u00e1ln\u00edch s\u00edt\u00ed je k dispozici na adrese <a href=\"https:\/\/apps.apple.com\/br\/app\/social-tracker\/id1189139278\">Obchod s aplikacemi<\/a> a <a href=\"https:\/\/play.google.com\/store\/apps\/details?id=com.mobiversite.lookAtMe&amp;hl=pt_BR&amp;pli=1\">Google Play<\/a>.<\/p>","protected":false},"excerpt":{"rendered":"<p>Zaj\u00edm\u00e1 v\u00e1s, kdo v\u00e1s sleduje na soci\u00e1ln\u00edch s\u00edt\u00edch, ani\u017e byste si toho v\u0161imli? Ana byla zv\u011bdav\u00e1. M\u011bs\u00edce tajn\u011b kontrolovala profil Miguela, spolu\u017e\u00e1ka z vysok\u00e9 \u0161koly, kter\u00e9ho sotva znala osobn\u011b. Neodv\u00e1\u017eila se s n\u00edm p\u0159\u00edmo mluvit, jen si prohl\u00ed\u017eela jeho fotky a p\u0159\u00edsp\u011bvky a v\u0161\u00edmala si ka\u017ed\u00e9ho detailu. Ale pot\u00e9, co jsem tak dlouho sledovala jeho obsah a [\u2026]<\/p>","protected":false},"author":139,"featured_media":7367,"comment_status":"closed","ping_status":"open","sticky":false,"template":"","format":"standard","meta":{"footnotes":""},"categories":[5],"tags":[201,709,742,1241,1446],"yoast_head":"<!-- This site is optimized with the Yoast SEO plugin v23.3 - https:\/\/yoast.com\/wordpress\/plugins\/seo\/ -->\n<title>\u00bfQui\u00e9n observa tu perfil? - Universo Fam\u00edlia<\/title>\n<meta name=\"description\" content=\"\u00bfQui\u00e9n observa tu perfil? Ana estaba curiosa. Durante meses, revisaba en secreto el perfil de Miguel, un compa\u00f1ero de universidad a quien apenas conoc\u00eda personalmente.\" \/>\n<meta name=\"robots\" content=\"index, follow, max-snippet:-1, max-image-preview:large, max-video-preview:-1\" \/>\n<link rel=\"canonical\" href=\"https:\/\/universofamilia.com\/cs\/siapa-yang-melihat-profil-anda\/\" \/>\n<meta property=\"og:locale\" content=\"cs_CZ\" \/>\n<meta property=\"og:type\" content=\"article\" \/>\n<meta property=\"og:title\" content=\"\u00bfQui\u00e9n observa tu perfil? - Universo Fam\u00edlia\" \/>\n<meta property=\"og:description\" content=\"\u00bfQui\u00e9n observa tu perfil? Ana estaba curiosa. Durante meses, revisaba en secreto el perfil de Miguel, un compa\u00f1ero de universidad a quien apenas conoc\u00eda personalmente.\" \/>\n<meta property=\"og:url\" content=\"https:\/\/universofamilia.com\/cs\/siapa-yang-melihat-profil-anda\/\" \/>\n<meta property=\"og:site_name\" content=\"Universo Fam\u00edlia\" \/>\n<meta property=\"article:published_time\" content=\"2024-11-06T19:14:15+00:00\" \/>\n<meta property=\"article:modified_time\" content=\"2025-01-28T16:28:20+00:00\" \/>\n<meta property=\"og:image\" content=\"https:\/\/universofamilia.com\/wp-content\/uploads\/sites\/148\/2024\/11\/DESTAQUE-UNIVERSO-550-x-350-4-1.jpg\" \/>\n\t<meta property=\"og:image:width\" content=\"550\" \/>\n\t<meta property=\"og:image:height\" content=\"350\" \/>\n\t<meta property=\"og:image:type\" content=\"image\/jpeg\" \/>\n<meta name=\"author\" content=\"Pedro Henrique\" \/>\n<meta name=\"twitter:card\" content=\"summary_large_image\" \/>\n<meta name=\"twitter:label1\" content=\"Written by\" \/>\n\t<meta name=\"twitter:data1\" content=\"Pedro Henrique\" \/>\n\t<meta name=\"twitter:label2\" content=\"Est. reading time\" \/>\n\t<meta name=\"twitter:data2\" content=\"8 minut\" \/>\n<script type=\"application\/ld+json\" class=\"yoast-schema-graph\">{\"@context\":\"https:\/\/schema.org\",\"@graph\":[{\"@type\":\"WebPage\",\"@id\":\"https:\/\/universofamilia.com\/id\/siapa-yang-melihat-profil-anda\/\",\"url\":\"https:\/\/universofamilia.com\/id\/siapa-yang-melihat-profil-anda\/\",\"name\":\"\u00bfQui\u00e9n observa tu perfil? - Universo Fam\u00edlia\",\"isPartOf\":{\"@id\":\"https:\/\/universofamilia.com\/el\/#website\"},\"primaryImageOfPage\":{\"@id\":\"https:\/\/universofamilia.com\/id\/siapa-yang-melihat-profil-anda\/#primaryimage\"},\"image\":{\"@id\":\"https:\/\/universofamilia.com\/id\/siapa-yang-melihat-profil-anda\/#primaryimage\"},\"thumbnailUrl\":\"https:\/\/universofamilia.com\/wp-content\/uploads\/sites\/148\/2024\/11\/DESTAQUE-UNIVERSO-550-x-350-4-1.jpg\",\"datePublished\":\"2024-11-06T19:14:15+00:00\",\"dateModified\":\"2025-01-28T16:28:20+00:00\",\"author\":{\"@id\":\"https:\/\/universofamilia.com\/el\/#\/schema\/person\/f07ce98187dd84d31154262e79b3b7ca\"},\"description\":\"\u00bfQui\u00e9n observa tu perfil? Ana estaba curiosa. Durante meses, revisaba en secreto el perfil de Miguel, un compa\u00f1ero de universidad a quien apenas conoc\u00eda personalmente.\",\"breadcrumb\":{\"@id\":\"https:\/\/universofamilia.com\/id\/siapa-yang-melihat-profil-anda\/#breadcrumb\"},\"inLanguage\":\"cs\",\"potentialAction\":[{\"@type\":\"ReadAction\",\"target\":[\"https:\/\/universofamilia.com\/id\/siapa-yang-melihat-profil-anda\/\"]}]},{\"@type\":\"ImageObject\",\"inLanguage\":\"cs\",\"@id\":\"https:\/\/universofamilia.com\/id\/siapa-yang-melihat-profil-anda\/#primaryimage\",\"url\":\"https:\/\/universofamilia.com\/wp-content\/uploads\/sites\/148\/2024\/11\/DESTAQUE-UNIVERSO-550-x-350-4-1.jpg\",\"contentUrl\":\"https:\/\/universofamilia.com\/wp-content\/uploads\/sites\/148\/2024\/11\/DESTAQUE-UNIVERSO-550-x-350-4-1.jpg\",\"width\":550,\"height\":350,\"caption\":\"\u00bfQui\u00e9n observa tu perfil?\"},{\"@type\":\"BreadcrumbList\",\"@id\":\"https:\/\/universofamilia.com\/id\/siapa-yang-melihat-profil-anda\/#breadcrumb\",\"itemListElement\":[{\"@type\":\"ListItem\",\"position\":1,\"name\":\"Home\",\"item\":\"https:\/\/universofamilia.com\/el\/\"},{\"@type\":\"ListItem\",\"position\":2,\"name\":\"\u00bfQui\u00e9n observa tu perfil?\"}]},{\"@type\":\"WebSite\",\"@id\":\"https:\/\/universofamilia.com\/el\/#website\",\"url\":\"https:\/\/universofamilia.com\/el\/\",\"name\":\"Universo Fam\u00edlia\",\"description\":\"\",\"potentialAction\":[{\"@type\":\"SearchAction\",\"target\":{\"@type\":\"EntryPoint\",\"urlTemplate\":\"https:\/\/universofamilia.com\/el\/?s={search_term_string}\"},\"query-input\":\"required name=search_term_string\"}],\"inLanguage\":\"cs\"},{\"@type\":\"Person\",\"@id\":\"https:\/\/universofamilia.com\/el\/#\/schema\/person\/f07ce98187dd84d31154262e79b3b7ca\",\"name\":\"Pedro Henrique\",\"image\":{\"@type\":\"ImageObject\",\"inLanguage\":\"cs\",\"@id\":\"https:\/\/universofamilia.com\/el\/#\/schema\/person\/image\/\",\"url\":\"https:\/\/secure.gravatar.com\/avatar\/9edfeb808cb4e1599f64d6e45b130154?s=96&d=mm&r=g\",\"contentUrl\":\"https:\/\/secure.gravatar.com\/avatar\/9edfeb808cb4e1599f64d6e45b130154?s=96&d=mm&r=g\",\"caption\":\"Pedro Henrique\"},\"url\":\"https:\/\/universofamilia.com\/cs\/author\/editor01\/\"}]}<\/script>\n<!-- \/ Yoast SEO plugin. -->","yoast_head_json":{"title":"\u00bfQui\u00e9n observa tu perfil? - Universo Fam\u00edlia","description":"\u00bfQui\u00e9n observa tu perfil? Ana estaba curiosa. Durante meses, revisaba en secreto el perfil de Miguel, un compa\u00f1ero de universidad a quien apenas conoc\u00eda personalmente.","robots":{"index":"index","follow":"follow","max-snippet":"max-snippet:-1","max-image-preview":"max-image-preview:large","max-video-preview":"max-video-preview:-1"},"canonical":"https:\/\/universofamilia.com\/cs\/siapa-yang-melihat-profil-anda\/","og_locale":"cs_CZ","og_type":"article","og_title":"\u00bfQui\u00e9n observa tu perfil? - Universo Fam\u00edlia","og_description":"\u00bfQui\u00e9n observa tu perfil? Ana estaba curiosa. Durante meses, revisaba en secreto el perfil de Miguel, un compa\u00f1ero de universidad a quien apenas conoc\u00eda personalmente.","og_url":"https:\/\/universofamilia.com\/cs\/siapa-yang-melihat-profil-anda\/","og_site_name":"Universo Fam\u00edlia","article_published_time":"2024-11-06T19:14:15+00:00","article_modified_time":"2025-01-28T16:28:20+00:00","og_image":[{"width":550,"height":350,"url":"https:\/\/universofamilia.com\/wp-content\/uploads\/sites\/148\/2024\/11\/DESTAQUE-UNIVERSO-550-x-350-4-1.jpg","type":"image\/jpeg"}],"author":"Pedro Henrique","twitter_card":"summary_large_image","twitter_misc":{"Written by":"Pedro Henrique","Est. reading time":"8 minut"},"schema":{"@context":"https:\/\/schema.org","@graph":[{"@type":"WebPage","@id":"https:\/\/universofamilia.com\/id\/siapa-yang-melihat-profil-anda\/","url":"https:\/\/universofamilia.com\/id\/siapa-yang-melihat-profil-anda\/","name":"\u00bfQui\u00e9n observa tu perfil? - Universo Fam\u00edlia","isPartOf":{"@id":"https:\/\/universofamilia.com\/el\/#website"},"primaryImageOfPage":{"@id":"https:\/\/universofamilia.com\/id\/siapa-yang-melihat-profil-anda\/#primaryimage"},"image":{"@id":"https:\/\/universofamilia.com\/id\/siapa-yang-melihat-profil-anda\/#primaryimage"},"thumbnailUrl":"https:\/\/universofamilia.com\/wp-content\/uploads\/sites\/148\/2024\/11\/DESTAQUE-UNIVERSO-550-x-350-4-1.jpg","datePublished":"2024-11-06T19:14:15+00:00","dateModified":"2025-01-28T16:28:20+00:00","author":{"@id":"https:\/\/universofamilia.com\/el\/#\/schema\/person\/f07ce98187dd84d31154262e79b3b7ca"},"description":"\u00bfQui\u00e9n observa tu perfil? Ana estaba curiosa. Durante meses, revisaba en secreto el perfil de Miguel, un compa\u00f1ero de universidad a quien apenas conoc\u00eda personalmente.","breadcrumb":{"@id":"https:\/\/universofamilia.com\/id\/siapa-yang-melihat-profil-anda\/#breadcrumb"},"inLanguage":"cs","potentialAction":[{"@type":"ReadAction","target":["https:\/\/universofamilia.com\/id\/siapa-yang-melihat-profil-anda\/"]}]},{"@type":"ImageObject","inLanguage":"cs","@id":"https:\/\/universofamilia.com\/id\/siapa-yang-melihat-profil-anda\/#primaryimage","url":"https:\/\/universofamilia.com\/wp-content\/uploads\/sites\/148\/2024\/11\/DESTAQUE-UNIVERSO-550-x-350-4-1.jpg","contentUrl":"https:\/\/universofamilia.com\/wp-content\/uploads\/sites\/148\/2024\/11\/DESTAQUE-UNIVERSO-550-x-350-4-1.jpg","width":550,"height":350,"caption":"\u00bfQui\u00e9n observa tu perfil?"},{"@type":"BreadcrumbList","@id":"https:\/\/universofamilia.com\/id\/siapa-yang-melihat-profil-anda\/#breadcrumb","itemListElement":[{"@type":"ListItem","position":1,"name":"Home","item":"https:\/\/universofamilia.com\/el\/"},{"@type":"ListItem","position":2,"name":"\u00bfQui\u00e9n observa tu perfil?"}]},{"@type":"WebSite","@id":"https:\/\/universofamilia.com\/el\/#website","url":"https:\/\/universofamilia.com\/el\/","name":"Universo Fam\u00edlia","description":"","potentialAction":[{"@type":"SearchAction","target":{"@type":"EntryPoint","urlTemplate":"https:\/\/universofamilia.com\/el\/?s={search_term_string}"},"query-input":"required name=search_term_string"}],"inLanguage":"cs"},{"@type":"Person","@id":"https:\/\/universofamilia.com\/el\/#\/schema\/person\/f07ce98187dd84d31154262e79b3b7ca","name":"Pedro Henrique","image":{"@type":"ImageObject","inLanguage":"cs","@id":"https:\/\/universofamilia.com\/el\/#\/schema\/person\/image\/","url":"https:\/\/secure.gravatar.com\/avatar\/9edfeb808cb4e1599f64d6e45b130154?s=96&d=mm&r=g","contentUrl":"https:\/\/secure.gravatar.com\/avatar\/9edfeb808cb4e1599f64d6e45b130154?s=96&d=mm&r=g","caption":"Pedro Henrique"},"url":"https:\/\/universofamilia.com\/cs\/author\/editor01\/"}]}},"_links":{"self":[{"href":"https:\/\/universofamilia.com\/cs\/wp-json\/wp\/v2\/posts\/7362"}],"collection":[{"href":"https:\/\/universofamilia.com\/cs\/wp-json\/wp\/v2\/posts"}],"about":[{"href":"https:\/\/universofamilia.com\/cs\/wp-json\/wp\/v2\/types\/post"}],"author":[{"embeddable":true,"href":"https:\/\/universofamilia.com\/cs\/wp-json\/wp\/v2\/users\/139"}],"replies":[{"embeddable":true,"href":"https:\/\/universofamilia.com\/cs\/wp-json\/wp\/v2\/comments?post=7362"}],"version-history":[{"count":1,"href":"https:\/\/universofamilia.com\/cs\/wp-json\/wp\/v2\/posts\/7362\/revisions"}],"predecessor-version":[{"id":8440,"href":"https:\/\/universofamilia.com\/cs\/wp-json\/wp\/v2\/posts\/7362\/revisions\/8440"}],"wp:featuredmedia":[{"embeddable":true,"href":"https:\/\/universofamilia.com\/cs\/wp-json\/wp\/v2\/media\/7367"}],"wp:attachment":[{"href":"https:\/\/universofamilia.com\/cs\/wp-json\/wp\/v2\/media?parent=7362"}],"wp:term":[{"taxonomy":"category","embeddable":true,"href":"https:\/\/universofamilia.com\/cs\/wp-json\/wp\/v2\/categories?post=7362"},{"taxonomy":"post_tag","embeddable":true,"href":"https:\/\/universofamilia.com\/cs\/wp-json\/wp\/v2\/tags?post=7362"}],"curies":[{"name":"wp","href":"https:\/\/api.w.org\/{rel}","templated":true}]}}