{"id":7428,"date":"2024-11-14T14:50:32","date_gmt":"2024-11-14T17:50:32","guid":{"rendered":"https:\/\/universofamilia.com\/?p=7428"},"modified":"2024-11-14T14:50:32","modified_gmt":"2024-11-14T17:50:32","slug":"quien-te-observa-en-las-redes-sociales","status":"publish","type":"post","link":"https:\/\/universofamilia.com\/cs\/quien-te-observa-en-las-redes-sociales\/","title":{"rendered":"Kdo v\u00e1s sleduje na soci\u00e1ln\u00edch s\u00edt\u00edch?"},"content":{"rendered":"<p>Zjist\u011bte, kdo sleduje ka\u017ed\u00fd krok va\u0161eho profilu na soci\u00e1ln\u00edch s\u00edt\u00edch.<\/p>\n\n\n\n<p>P\u0159edstavte si mladou \u017eenu jm\u00e9nem Ana. Cel\u00e9 t\u00fddny tajn\u011b sledovala profil mu\u017ee jm\u00e9nem Lucas.<\/p>\n\n\n\n<p><\/p>\n\n\n\n<hr class=\"wp-block-separator has-text-color has-luminous-vivid-orange-color has-alpha-channel-opacity has-luminous-vivid-orange-background-color has-background is-style-wide\"\/>\n\n\n\n<h4 class=\"wp-block-heading has-text-align-center\">Co dnes hled\u00e1\u0161?<\/h4>\n\n\n\n<div class=\"wp-block-buttons is-content-justification-center is-layout-flex wp-container-core-buttons-layout-1 wp-block-buttons-is-layout-flex\">\n<div class=\"wp-block-button has-custom-width wp-block-button__width-100 is-style-outline\" style=\"text-decoration:none\"><a class=\"wp-block-button__link has-white-color has-vivid-cyan-blue-background-color has-text-color has-background has-link-color has-text-align-left wp-element-button\" href=\"https:\/\/universofamilia.com\/cs\/7282\/descubre-quien-esta-observandote\/\" style=\"border-radius:6px\">Zjist\u011bte, kdo v\u00e1s sleduje \u27a1\ufe0f<\/a><\/div>\n<\/div>\n\n\n\n<div class=\"wp-block-buttons is-content-justification-center is-layout-flex wp-container-core-buttons-layout-2 wp-block-buttons-is-layout-flex\">\n<div class=\"wp-block-button has-custom-width wp-block-button__width-100 is-style-outline\" style=\"text-decoration:none\"><a class=\"wp-block-button__link has-white-color has-vivid-cyan-blue-background-color has-text-color has-background has-link-color has-text-align-left wp-element-button\" href=\"https:\/\/universofamilia.com\/cs\/7281\/quien-esta-interesado-en-ti\/\" style=\"border-radius:6px\">Kdo m\u00e1 o tebe z\u00e1jem? \u27a1\ufe0f<\/a><\/div>\n<\/div>\n\n\n\n<div class=\"wp-block-buttons is-content-justification-center is-layout-flex wp-container-core-buttons-layout-3 wp-block-buttons-is-layout-flex\">\n<div class=\"wp-block-button has-custom-width wp-block-button__width-100 is-style-outline\" style=\"text-decoration:none\"><a class=\"wp-block-button__link has-white-color has-vivid-cyan-blue-background-color has-text-color has-background has-link-color has-text-align-left wp-element-button\" href=\"https:\/\/universofamilia.com\/cs\/7271\/encuentra-el-amor-mejores-apps-de-citas\/\" style=\"border-radius:6px\">Najd\u011bte l\u00e1sku \u27a1\ufe0f<\/a><\/div>\n<\/div>\n\n\n\n<p class=\"has-text-align-center\"><em><strong><em><strong><em><strong>\u010ct\u011bte d\u00e1l!<\/strong><\/em><\/strong><\/em><\/strong><\/em><\/p>\n\n\n\n<hr class=\"wp-block-separator has-text-color has-luminous-vivid-orange-color has-alpha-channel-opacity has-luminous-vivid-orange-background-color has-background is-style-wide\"\/>\n\n\n\n<p><\/p>\n\n\n\n<p>Ka\u017ed\u00fd p\u0159\u00edsp\u011bvek, ka\u017ed\u00e1 fotka, ka\u017ed\u00fd lajk se do\u010dkaly Aniny pe\u010dliv\u00e9 pozornosti a ona se s n\u00edm c\u00edtila \u010d\u00edm d\u00e1l v\u00edce propojen\u00e1.<\/p>\n\n\n\n<p>I kdy\u017e spolu nikdy nemluvili, jednoho dne sebral odvahu a poslal zpr\u00e1vu.<\/p>\n\n\n\n<p>P\u0159\u00edb\u011bh, kter\u00fd za\u010dal diskr\u00e9tn\u00edm pozorov\u00e1n\u00edm, skon\u010dil o n\u011bkolik let pozd\u011bji \u017e\u00e1dost\u00ed o ruku.<\/p>\n\n\n\n<p>M\u016f\u017ee to zn\u00edt romanticky, ale nab\u00edz\u00ed se ot\u00e1zka: kdo v\u00e1s pr\u00e1v\u011b te\u010f sleduje na soci\u00e1ln\u00edch s\u00edt\u00edch?<\/p>\n\n\n\n<h3 class=\"wp-block-heading\">Pro\u010d je d\u016fle\u017eit\u00e9 v\u011bd\u011bt, kdo si prohl\u00ed\u017eel v\u00e1\u0161 profil?<\/h3>\n\n\n\n<p>Zv\u011bdavost je lidsk\u00e1 vlastnost. Chceme v\u011bd\u011bt, koho zaj\u00edm\u00e1 to, co sd\u00edl\u00edme, a\u0165 u\u017e je to pro zaji\u0161t\u011bn\u00ed na\u0161eho soukrom\u00ed, nebo prost\u011b jen pro uspokojen\u00ed na\u0161eho ega.<\/p>\n\n\n\n<p>Koneckonc\u016f, kdo si nekladl ot\u00e1zku: \u201eKdo vid\u011bl mou fotku?\u201c nebo \u201eKdo m\u011b ti\u0161e sleduje?\u201c<\/p>\n\n\n\n<p>V\u011bd\u011bt, kdo si prohl\u00ed\u017e\u00ed v\u00e1\u0161 profil, jde nad r\u00e1mec zv\u011bdavosti: m\u016f\u017ee odhalit tajn\u00e9 obdivovatele, profesion\u00e1ln\u00ed konkurenty nebo dokonce potenci\u00e1ln\u00ed hrozby.<\/p>\n\n\n\n<p>Pokud chcete tak\u00e9 rozlu\u0161tit tuto z\u00e1hadu, \u010dt\u011bte d\u00e1l a objevte nejlep\u0161\u00ed n\u00e1stroje a tipy pro bezpe\u010dn\u00e9 a efektivn\u00ed sledov\u00e1n\u00ed n\u00e1v\u0161t\u011bv va\u0161eho profilu.<\/p>\n\n\n\n<p><\/p>\n\n\n\n<hr class=\"wp-block-separator has-text-color has-luminous-vivid-orange-color has-alpha-channel-opacity has-luminous-vivid-orange-background-color has-background is-style-wide\"\/>\n\n\n\n<h3 class=\"wp-block-heading\">Viz tak\u00e9:<\/h3>\n\n\n\n<ul class=\"wp-block-list has-small-font-size\">\n<li class=\"has-medium-font-size\" style=\"padding-top:0;padding-right:var(--wp--preset--spacing--40);padding-bottom:0;padding-left:var(--wp--preset--spacing--40);font-style:normal;font-weight:400\"><a href=\"https:\/\/universofamilia.com\/cs\/6855\/grabar-llamadas-recibidas\/\"><mark style=\"background-color:rgba(0, 0, 0, 0);color:#f94c45\" class=\"has-inline-color\">Nahr\u00e1v\u00e1n\u00ed p\u0159\u00edchoz\u00edch hovor\u016f &gt;<\/mark><\/a><\/li>\n\n\n\n<li class=\"has-medium-font-size\" style=\"padding-top:0;padding-right:var(--wp--preset--spacing--40);padding-bottom:0;padding-left:var(--wp--preset--spacing--40);font-style:normal;font-weight:400\"><a href=\"https:\/\/universofamilia.com\/cs\/6898\/leer-la-biblia-catolica-en-tu-celular\/\"><mark style=\"background-color:rgba(0, 0, 0, 0);color:#f94c45\" class=\"has-inline-color\"><font style=\"vertical-align: inherit;\"><font style=\"vertical-align: inherit;\">\u010ct\u011bte katolickou Bibli na sv\u00e9m mobiln\u00edm telefonu<\/font><\/font> &gt;<\/mark><\/a><\/li>\n\n\n\n<li class=\"has-medium-font-size\" style=\"padding-top:0;padding-right:var(--wp--preset--spacing--40);padding-bottom:0;padding-left:var(--wp--preset--spacing--40);font-style:normal;font-weight:400\"><a href=\"https:\/\/universofamilia.com\/cs\/6832\/aplicacion-para-bailar-zumba\/\"><mark style=\"background-color:rgba(0, 0, 0, 0);color:#f94c45\" class=\"has-inline-color\">Aplikace pro tane\u010dn\u00ed zumbu &gt;<\/mark><\/a><\/li>\n\n\n\n<li class=\"has-medium-font-size\" style=\"padding-top:0;padding-right:var(--wp--preset--spacing--40);padding-bottom:0;padding-left:var(--wp--preset--spacing--40);font-style:normal;font-weight:400\"><a href=\"https:\/\/universofamilia.com\/cs\/6952\/descubre-quien-visita-tu-perfil-redes-sociales\/\"><mark style=\"background-color:rgba(0, 0, 0, 0);color:#f94c45\" class=\"has-inline-color\">Zjist\u011bte, kdo nav\u0161t\u011bvuje v\u00e1\u0161 profil na soci\u00e1ln\u00edch s\u00edt\u00edch &gt;<\/mark><\/a><\/li>\n<\/ul>\n\n\n\n<p class=\"has-text-align-right\"><strong><em>Z\u016fstane\u0161 na stejn\u00e9m m\u00edst\u011b.<\/em><\/strong><\/p>\n\n\n\n<hr class=\"wp-block-separator has-text-color has-luminous-vivid-orange-color has-alpha-channel-opacity has-luminous-vivid-orange-background-color has-background is-style-wide\"\/>\n\n\n\n<p><\/p>\n\n\n\n<h3 class=\"wp-block-heading\">Sledov\u00e1n\u00ed n\u00e1v\u0161t\u011bv va\u0161eho profilu<\/h3>\n\n\n\n<h4 class=\"wp-block-heading\">Jak zjistit, kdo si prohl\u00ed\u017e\u00ed v\u00e1\u0161 profil<\/h4>\n\n\n\n<p>P\u0159esto\u017ee v\u011bt\u0161ina soci\u00e1ln\u00edch s\u00edt\u00ed neumo\u017e\u0148uje p\u0159\u00edm\u00e9 sledov\u00e1n\u00ed n\u00e1v\u0161t\u011bvn\u00edk\u016f, n\u011bkter\u00e9 spolehliv\u00e9 n\u00e1stroje v\u00e1m mohou pomoci.<\/p>\n\n\n\n<p>Je d\u016fle\u017eit\u00e9 pou\u017e\u00edvat bezpe\u010dn\u00e9 zdroje a vyh\u00fdbat se v\u0161em mo\u017enostem, kter\u00e9 se zdaj\u00ed b\u00fdt invazivn\u00ed nebo nespolehliv\u00e9. Poj\u010fme se n\u00ed\u017ee pod\u00edvat na nejlep\u0161\u00ed \u0159e\u0161en\u00ed.<\/p>\n\n\n\n<h4 class=\"wp-block-heading\"><strong>Upozorn\u011bn\u00ed na pron\u00e1sledovatele! Zjist\u011bte, kdo v\u00e1s sleduje na soci\u00e1ln\u00edch s\u00edt\u00edch.<\/strong><\/h4>\n\n\n\n<p>N\u011bkter\u00e9 aplikace, jako nap\u0159\u00edklad Social Tracker, nab\u00edzej\u00ed cenn\u00e9 informace o chov\u00e1n\u00ed n\u00e1v\u0161t\u011bvn\u00edk\u016f va\u0161eho profilu.<\/p>\n\n\n\n<p>Mohou uk\u00e1zat, kdo s v\u00e1mi nej\u010dast\u011bji komunikuje, kter\u00e9 p\u0159\u00edsp\u011bvky z\u00edsk\u00e1vaj\u00ed nejv\u011bt\u0161\u00ed pozornost a v n\u011bkter\u00fdch p\u0159\u00edpadech i kdo v\u00e1s ti\u0161e sleduje.<\/p>\n\n\n\n<h4 class=\"wp-block-heading\">V\u00fdhody toho, \u017ee v\u00edte, kdo v\u00e1s sleduje:<\/h4>\n\n\n\n<ul class=\"wp-block-list\">\n<li>Identifikujte obdivovatele nebo potenci\u00e1ln\u00ed partnery.<\/li>\n\n\n\n<li>Sledujte konkurenci v profesion\u00e1ln\u00edm prost\u0159ed\u00ed.<\/li>\n\n\n\n<li>Upravte strategie pro zv\u00fd\u0161en\u00ed zapojen\u00ed.<\/li>\n<\/ul>\n\n\n\n<h3 class=\"wp-block-heading\">Pravda o lajc\u00edch<\/h3>\n\n\n\n<p>V\u011bd\u011bli jste, \u017ee lajky jsou jen \u0161pi\u010dkou ledovce? Mnoho lid\u00ed se d\u00edv\u00e1, ale neinteraguje.<\/p>\n\n\n\n<p>M\u016f\u017ee se jednat o zv\u011bdav\u00e9 \u010dleny rodiny, b\u00fdval\u00e9 partnery nebo dokonce ciz\u00ed lidi, kte\u0159\u00ed se o v\u00e1\u0161 obsah zaj\u00edmaj\u00ed.<\/p>\n\n\n\n<p>Pochopen\u00ed t\u00e9to dynamiky m\u016f\u017ee m\u00edt z\u00e1sadn\u00ed vliv na va\u0161i online strategii.<\/p>\n\n\n\n<h3 class=\"wp-block-heading\">M\u00fdtus o viditelnosti<\/h3>\n\n\n\n<p>Koneckonc\u016f, pro\u010d je tak t\u011b\u017ek\u00e9 zjistit, kdo nav\u0161t\u011bvuje v\u00e1\u0161 profil?<\/p>\n\n\n\n<ol start=\"1\" class=\"wp-block-list\">\n<li><strong>Soci\u00e1ln\u00ed s\u00edt\u011b tyto informace p\u0159\u00edmo nenab\u00edzej\u00ed.<\/strong>\n<ul class=\"wp-block-list\">\n<li>D\u011bje se tak za \u00fa\u010delem ochrany soukrom\u00ed v\u0161ech u\u017eivatel\u016f.<\/li>\n<\/ul>\n<\/li>\n\n\n\n<li><strong>Pro\u010d platformy tyto informace skr\u00fdvaj\u00ed?<\/strong>\n<ul class=\"wp-block-list\">\n<li>Transparentnost je nezbytn\u00e1, ale soci\u00e1ln\u00ed m\u00e9dia rad\u011bji up\u0159ednost\u0148uj\u00ed \u201ebezplatn\u011bj\u0161\u00ed\u201c z\u00e1\u017eitky z prohl\u00ed\u017een\u00ed.<\/li>\n<\/ul>\n<\/li>\n\n\n\n<li><strong>Kter\u00e9 n\u00e1stroje jsou spolehliv\u00e9?<\/strong>\n<ul class=\"wp-block-list\">\n<li>Pou\u017e\u00edvejte pouze ov\u011b\u0159en\u00e9 aplikace, jako je Social Tracker, abyste se vyhnuli bezpe\u010dnostn\u00edm rizik\u016fm.<\/li>\n<\/ul>\n<\/li>\n<\/ol>\n\n\n\n<h3 class=\"wp-block-heading\">Anal\u00fdza dat a poznatky<\/h3>\n\n\n\n<p>V\u011bd\u011bt, kdo nav\u0161t\u011bvuje v\u00e1\u0161 profil, m\u016f\u017ee ud\u011blat v\u00edc ne\u017e jen uspokojit zv\u011bdavost. Zde je n\u011bkolik zp\u016fsob\u016f, jak tyto informace vyu\u017e\u00edt:<\/p>\n\n\n\n<ul class=\"wp-block-list\">\n<li><strong>Identifikujte svou c\u00edlovou skupinu.<\/strong> Zjist\u011bte, kdo v\u00e1\u0161 obsah skute\u010dn\u011b konzumuje, a dola\u010fte si strategii.<\/li>\n\n\n\n<li><strong>Publikace pl\u00e1nu.<\/strong> Zve\u0159ej\u0148ujte p\u0159\u00edsp\u011bvky v nejvhodn\u011bj\u0161\u00ed \u010das a optimalizujte zapojen\u00ed.<\/li>\n\n\n\n<li><strong>Vyh\u00fdbejte se \u0161kodliv\u00e9mu chov\u00e1n\u00ed.<\/strong> Rychle identifikujte stalkery nebo ne\u017e\u00e1douc\u00ed interakce.<\/li>\n<\/ul>\n\n\n\n<h3 class=\"wp-block-heading\">Aspekty ochrany osobn\u00edch \u00fadaj\u016f<\/h3>\n\n\n\n<p>I kdy\u017e je l\u00e1kav\u00e9 pou\u017e\u00edt jak\u00fdkoli n\u00e1stroj, kter\u00fd slibuje odhalen\u00ed n\u00e1v\u0161t\u011bvn\u00edk\u016f, je nezbytn\u00e9 up\u0159ednostnit sv\u00e9 soukrom\u00ed.<\/p>\n\n\n\n<p>Zde je n\u011bkolik tip\u016f:<\/p>\n\n\n\n<ol start=\"1\" class=\"wp-block-list\">\n<li><strong>Vyhn\u011bte se pochybn\u00fdm aplikac\u00edm.<\/strong> Mnoh\u00e9 z nich mohou ohrozit va\u0161e osobn\u00ed \u00fadaje.<\/li>\n\n\n\n<li><strong>P\u0159e\u010dt\u011bte si recenze.<\/strong> Ujist\u011bte se, \u017ee ostatn\u00ed u\u017eivatel\u00e9 n\u00e1stroji d\u016fv\u011b\u0159uj\u00ed.<\/li>\n\n\n\n<li><strong>Chra\u0148te si sv\u016fj vlastn\u00ed profil.<\/strong> Pravideln\u011b aktualizujte hesla a nesd\u00edlejte citliv\u00e9 informace.<\/li>\n<\/ol>\n\n\n\n<h4 class=\"wp-block-heading\">Rizika pou\u017e\u00edv\u00e1n\u00ed n\u00e1stroj\u016f t\u0159et\u00edch stran<\/h4>\n\n\n\n<p>P\u0159i pou\u017e\u00edv\u00e1n\u00ed aplikace ke sledov\u00e1n\u00ed n\u00e1v\u0161t\u011bvn\u00edk\u016f je nezbytn\u00e9 zkontrolovat:<\/p>\n\n\n\n<ul class=\"wp-block-list\">\n<li>Pokud aplikace dodr\u017euje z\u00e1sady ochrany osobn\u00edch \u00fadaj\u016f spole\u010dnost\u00ed Google a Apple.<\/li>\n\n\n\n<li>Pokud existuj\u00ed hl\u00e1\u0161en\u00ed o kr\u00e1de\u017ei dat nebo invazivn\u00edm chov\u00e1n\u00ed.<\/li>\n<\/ul>\n\n\n<div class=\"wp-block-image\">\n<figure class=\"aligncenter size-full\"><img loading=\"lazy\" decoding=\"async\" width=\"550\" height=\"350\" src=\"http:\/\/universofamilia.com\/wp-content\/uploads\/sites\/148\/2024\/11\/DESTAQUE-UNIVERSO-550-x-350-6-3.jpg\" alt=\"\" class=\"wp-image-7429\" srcset=\"https:\/\/universofamilia.com\/wp-content\/uploads\/sites\/148\/2024\/11\/DESTAQUE-UNIVERSO-550-x-350-6-3.jpg 550w, https:\/\/universofamilia.com\/wp-content\/uploads\/sites\/148\/2024\/11\/DESTAQUE-UNIVERSO-550-x-350-6-3-300x191.jpg 300w\" sizes=\"(max-width: 550px) 100vw, 550px\" \/><figcaption class=\"wp-element-caption\">Kdo v\u00e1s sleduje na soci\u00e1ln\u00edch s\u00edt\u00edch?<\/figcaption><\/figure><\/div>\n\n\n<h3 class=\"wp-block-heading\">Doporu\u010den\u00e9 aplikace<\/h3>\n\n\n\n<h4 class=\"wp-block-heading\"><strong>Sledova\u010d soci\u00e1ln\u00edch s\u00edt\u00ed<\/strong><\/h4>\n\n\n\n<p>Jedna z nejobl\u00edben\u011bj\u0161\u00edch a nejspolehliv\u011bj\u0161\u00edch aplikac\u00ed pro sledov\u00e1n\u00ed n\u00e1v\u0161t\u011bvn\u00edk\u016f a anal\u00fdzu va\u0161ich soci\u00e1ln\u00edch m\u00e9di\u00ed. Nab\u00edz\u00ed:<\/p>\n\n\n\n<ul class=\"wp-block-list\">\n<li><strong>Podrobn\u00e1 anal\u00fdza:<\/strong> Pod\u00edvejte se, kdo s v\u00e1mi nej\u010dast\u011bji komunikuje.<\/li>\n\n\n\n<li><strong>Denn\u00ed zpr\u00e1vy:<\/strong> Identifikujte vzorce chov\u00e1n\u00ed.<\/li>\n\n\n\n<li><strong>Bezpe\u010dnost zaru\u010dena:<\/strong> Pln\u011b v souladu se z\u00e1sadami ochrany osobn\u00edch \u00fadaj\u016f obchod\u016f App Store a Google Play.<\/li>\n<\/ul>\n\n\n\n<h4 class=\"wp-block-heading\">U\u017eivatelsk\u00e9 recenze:<\/h4>\n\n\n\n<ol start=\"1\" class=\"wp-block-list\">\n<li><strong>Joana S.:<\/strong> \u201eSocial Tracker mi pomohl pochopit, kdo m\u00e1 o mou pr\u00e1ci skute\u010dn\u00fd z\u00e1jem. Te\u010f se m\u016f\u017eu soust\u0159edit na svou c\u00edlovou skupinu!\u201c<\/li>\n\n\n\n<li><strong>Carlos M.:<\/strong> \u201eObjevil jsem na sv\u00e9m profilu ne\u010dekan\u00e9 n\u00e1v\u0161t\u011bvn\u00edky. Velmi snadn\u00e9 pou\u017eit\u00ed!\u201c<\/li>\n\n\n\n<li><strong>Paula R.:<\/strong> \u201eL\u00edbily se mi podrobn\u00e9 zpr\u00e1vy. Pro ka\u017ed\u00e9ho, kdo chce zlep\u0161it svou online prezentaci, to rozhodn\u011b stoj\u00ed za to.\u201c<\/li>\n<\/ol>\n\n\n\n<h4 class=\"wp-block-heading\">Jak nainstalovat:<\/h4>\n\n\n\n<ul class=\"wp-block-list\">\n<li>P\u0159ejd\u011bte do obchodu s aplikacemi na sv\u00e9m za\u0159\u00edzen\u00ed.<\/li>\n\n\n\n<li>Vyhledejte \u201eSledov\u00e1n\u00ed soci\u00e1ln\u00edch s\u00edt\u00ed\u201c.<\/li>\n\n\n\n<li>Klikn\u011bte na tla\u010d\u00edtko \u201eInstalovat\u201c a postupujte podle pokyn\u016f na obrazovce.<\/li>\n<\/ul>\n\n\n\n<h5 class=\"wp-block-heading\">Odkazy ke sta\u017een\u00ed<\/h5>\n\n\n\n<ul class=\"wp-block-list\">\n<li><strong>Sledova\u010d soci\u00e1ln\u00edch s\u00edt\u00ed<\/strong>: <a href=\"https:\/\/apps.apple.com\/br\/app\/social-tracker\/id1189139278\">Obchod s aplikacemi<\/a> | <a href=\"https:\/\/play.google.com\/store\/apps\/details?id=com.mobiversite.lookAtMe&amp;hl=pt_BR&amp;pli=1\">Google Play<\/a><\/li>\n<\/ul>\n\n\n\n<h2 class=\"wp-block-heading\">Z\u00e1v\u011br<\/h2>\n\n\n\n<p>V\u011bd\u011bt, kdo nav\u0161t\u011bvuje v\u00e1\u0161 profil na soci\u00e1ln\u00edch s\u00edt\u00edch, je fascinuj\u00edc\u00ed, ale z\u00e1rove\u0148 s sebou nese odpov\u011bdnost. Pou\u017e\u00edvejte dostupn\u00e9 n\u00e1stroje v\u011bdom\u011b a respektujte sv\u00e9 soukrom\u00ed i soukrom\u00ed ostatn\u00edch. A co je nejd\u016fle\u017eit\u011bj\u0161\u00ed, zam\u011b\u0159te se na tvorbu obsahu, kter\u00fd propojuje a zaujme va\u0161e publikum.<\/p>\n\n\n\n<p>Zaj\u00edmalo v\u00e1s n\u011bkdy, kdo v\u00e1s sleduje? Sd\u00edlejte tento \u010dl\u00e1nek se sv\u00fdmi p\u0159\u00e1teli a spole\u010dn\u011b objevte, jak tuto z\u00e1hadu rozlu\u0161tit.<\/p>\n\n\n\n<h3 class=\"wp-block-heading\"><strong>\u010casto kladen\u00e9 ot\u00e1zky (FAQ)<\/strong><\/h3>\n\n\n\n<ol class=\"wp-block-list\">\n<li><strong>M\u016f\u017eu opravdu v\u011bd\u011bt, kdo nav\u0161t\u011bvuje m\u016fj profil na soci\u00e1ln\u00edch s\u00edt\u00edch?<\/strong><br>V\u011bt\u0161ina soci\u00e1ln\u00edch s\u00edt\u00ed tuto funkci p\u0159\u00edmo nenab\u00edz\u00ed, ale spolehliv\u00e9 n\u00e1stroje jako Social Tracker v\u00e1m mohou poskytnout cenn\u00e9 informace o interakc\u00edch.<\/li>\n\n\n\n<li><strong>Je leg\u00e1ln\u00ed pou\u017e\u00edvat aplikace ke sledov\u00e1n\u00ed n\u00e1v\u0161t\u011bv m\u00e9ho profilu?<\/strong><br>Ano, pokud pou\u017e\u00edv\u00e1te d\u016fv\u011bryhodn\u00e9 aplikace, kter\u00e9 respektuj\u00ed z\u00e1sady ochrany osobn\u00edch \u00fadaj\u016f platforem, jako jsou Google a Apple.<\/li>\n\n\n\n<li><strong>Jak\u00e9 v\u00fdhody m\u016f\u017eu z\u00edskat z toho, \u017ee v\u00edm, kdo si prohl\u00ed\u017e\u00ed m\u016fj profil?<\/strong><br>M\u016f\u017eete identifikovat fanou\u0161ky, vylep\u0161it svou obsahovou strategii a chr\u00e1nit se p\u0159ed ne\u017e\u00e1douc\u00edm chov\u00e1n\u00edm.<\/li>\n\n\n\n<li><strong>Ohro\u017euje Social Tracker m\u00e9 soukrom\u00ed nebo bezpe\u010dnost?<\/strong><br>Ne, Social Tracker striktn\u011b dodr\u017euje z\u00e1sady ochrany osobn\u00edch \u00fadaj\u016f obchod\u016f App Store a Google Play a zaji\u0161\u0165uje tak bezpe\u010dnost va\u0161ich dat.<\/li>\n\n\n\n<li><strong>Pro\u010d soci\u00e1ln\u00ed s\u00edt\u011b nenab\u00edzej\u00ed tyto informace p\u0159\u00edmo?<\/strong><br>Hlavn\u011b z d\u016fvodu ochrany soukrom\u00ed v\u0161ech u\u017eivatel\u016f a zabr\u00e1n\u011bn\u00ed potenci\u00e1ln\u00edmu zneu\u017eit\u00ed t\u00e9to funkce.<\/li>\n\n\n\n<li><strong>Jak si nainstaluji Social Tracker na sv\u00e9 za\u0159\u00edzen\u00ed?<\/strong><br>P\u0159ejd\u011bte do App Storu nebo Google Play, vyhledejte \u201eSocial Tracker\u201c, klikn\u011bte na \u201eInstalovat\u201c a postupujte podle pokyn\u016f na obrazovce.<\/li>\n\n\n\n<li><strong>Je mo\u017en\u00e9 pou\u017e\u00edvat Social Tracker na v\u0161ech soci\u00e1ln\u00edch s\u00edt\u00edch?<\/strong><br>Social Tracker je navr\u017een pro pr\u00e1ci na r\u016fzn\u00fdch platform\u00e1ch, ale jeho funkce se mohou li\u0161it v z\u00e1vislosti na soci\u00e1ln\u00ed s\u00edti.<\/li>\n\n\n\n<li><strong>Jak spolehliv\u00e9 jsou n\u00e1stroje t\u0159et\u00edch stran pro sledov\u00e1n\u00ed n\u00e1v\u0161t\u011bv?<\/strong><br>N\u011bkter\u00e9 jsou d\u016fv\u011bryhodn\u00e9, ale je nezbytn\u00e9 si p\u0159e\u010d\u00edst recenze a ujistit se, \u017ee spl\u0148uj\u00ed z\u00e1sady ochrany osobn\u00edch \u00fadaj\u016f ofici\u00e1ln\u00edch platforem.<\/li>\n\n\n\n<li><strong>Co m\u016f\u017eu d\u011blat, kdy\u017e m\u00e1m podez\u0159en\u00ed, \u017ee m\u011b n\u011bkdo obt\u011b\u017euje na soci\u00e1ln\u00edch s\u00edt\u00edch?<\/strong><br>N\u00e1stroje jako Social Tracker m\u016f\u017eete pou\u017e\u00edt k identifikaci podez\u0159el\u00fdch vzorc\u016f a k podniknut\u00ed krok\u016f, nap\u0159\u00edklad k \u00faprav\u011b nastaven\u00ed soukrom\u00ed.<\/li>\n\n\n\n<li><strong>Co m\u00e1m d\u011blat, kdy\u017e najdu podez\u0159el\u00e9 aplikace sleduj\u00edc\u00ed n\u00e1v\u0161t\u011bvy?<\/strong><br>Vyhn\u011bte se jim a odeberte ve\u0161ker\u00fd p\u0159\u00edstup, kter\u00fd jste jim poskytli. V\u017edy pou\u017e\u00edvejte spolehliv\u00e9 n\u00e1stroje a ov\u011b\u0159te si jejich reputaci v ofici\u00e1ln\u00edch obchodech.<\/li>\n<\/ol>","protected":false},"excerpt":{"rendered":"<p>Descubre qui\u00e9n sigue cada paso de tu perfil en redes sociales. Imagina a una joven llamada Ana. Durante semanas, ella segu\u00eda en secreto el perfil de un hombre llamado Lucas. \u00bfQu\u00e9 est\u00e1s buscando hoy? \u00a1Siga leyendo! Cada publicaci\u00f3n, cada foto, cada me gusta recib\u00eda una atenci\u00f3n minuciosa de Ana, quien se sent\u00eda cada vez m\u00e1s [&hellip;]<\/p>","protected":false},"author":0,"featured_media":7429,"comment_status":"closed","ping_status":"open","sticky":false,"template":"","format":"standard","meta":{"footnotes":""},"categories":[2],"tags":[318,1242,1317,1354,1462],"yoast_head":"<!-- This site is optimized with the Yoast SEO plugin v23.3 - https:\/\/yoast.com\/wordpress\/plugins\/seo\/ -->\n<title>\u00bfQui\u00e9n te observa en las redes sociales? - Universo Fam\u00edlia<\/title>\n<meta name=\"description\" content=\"\u00bfQui\u00e9n te observa en las redes sociales?. Descubre qui\u00e9n sigue cada paso de tu perfil en redes sociales....\" \/>\n<meta name=\"robots\" content=\"index, follow, max-snippet:-1, max-image-preview:large, max-video-preview:-1\" \/>\n<link rel=\"canonical\" href=\"https:\/\/universofamilia.com\/cs\/quien-te-observa-en-las-redes-sociales\/\" \/>\n<meta property=\"og:locale\" content=\"cs_CZ\" \/>\n<meta property=\"og:type\" content=\"article\" \/>\n<meta property=\"og:title\" content=\"\u00bfQui\u00e9n te observa en las redes sociales? - Universo Fam\u00edlia\" \/>\n<meta property=\"og:description\" content=\"\u00bfQui\u00e9n te observa en las redes sociales?. Descubre qui\u00e9n sigue cada paso de tu perfil en redes sociales....\" \/>\n<meta property=\"og:url\" content=\"https:\/\/universofamilia.com\/cs\/quien-te-observa-en-las-redes-sociales\/\" \/>\n<meta property=\"og:site_name\" content=\"Universo Fam\u00edlia\" \/>\n<meta property=\"article:published_time\" content=\"2024-11-14T17:50:32+00:00\" \/>\n<meta property=\"og:image\" content=\"https:\/\/universofamilia.com\/wp-content\/uploads\/sites\/148\/2024\/11\/DESTAQUE-UNIVERSO-550-x-350-6-3.jpg\" \/>\n\t<meta property=\"og:image:width\" content=\"550\" \/>\n\t<meta property=\"og:image:height\" content=\"350\" \/>\n\t<meta property=\"og:image:type\" content=\"image\/jpeg\" \/>\n<meta name=\"twitter:card\" content=\"summary_large_image\" \/>\n<meta name=\"twitter:label1\" content=\"Est. reading time\" \/>\n\t<meta name=\"twitter:data1\" content=\"1 minuta\" \/>\n<script type=\"application\/ld+json\" class=\"yoast-schema-graph\">{\"@context\":\"https:\/\/schema.org\",\"@graph\":[{\"@type\":\"WebPage\",\"@id\":\"https:\/\/universofamilia.com\/el\/quien-te-observa-en-las-redes-sociales\/\",\"url\":\"https:\/\/universofamilia.com\/el\/quien-te-observa-en-las-redes-sociales\/\",\"name\":\"\u00bfQui\u00e9n te observa en las redes sociales? - Universo Fam\u00edlia\",\"isPartOf\":{\"@id\":\"https:\/\/universofamilia.com\/el\/#website\"},\"primaryImageOfPage\":{\"@id\":\"https:\/\/universofamilia.com\/el\/quien-te-observa-en-las-redes-sociales\/#primaryimage\"},\"image\":{\"@id\":\"https:\/\/universofamilia.com\/el\/quien-te-observa-en-las-redes-sociales\/#primaryimage\"},\"thumbnailUrl\":\"https:\/\/universofamilia.com\/wp-content\/uploads\/sites\/148\/2024\/11\/DESTAQUE-UNIVERSO-550-x-350-6-3.jpg\",\"datePublished\":\"2024-11-14T17:50:32+00:00\",\"dateModified\":\"2024-11-14T17:50:32+00:00\",\"author\":{\"@id\":\"\"},\"description\":\"\u00bfQui\u00e9n te observa en las redes sociales?. Descubre qui\u00e9n sigue cada paso de tu perfil en redes sociales....\",\"breadcrumb\":{\"@id\":\"https:\/\/universofamilia.com\/el\/quien-te-observa-en-las-redes-sociales\/#breadcrumb\"},\"inLanguage\":\"cs\",\"potentialAction\":[{\"@type\":\"ReadAction\",\"target\":[\"https:\/\/universofamilia.com\/el\/quien-te-observa-en-las-redes-sociales\/\"]}]},{\"@type\":\"ImageObject\",\"inLanguage\":\"cs\",\"@id\":\"https:\/\/universofamilia.com\/el\/quien-te-observa-en-las-redes-sociales\/#primaryimage\",\"url\":\"https:\/\/universofamilia.com\/wp-content\/uploads\/sites\/148\/2024\/11\/DESTAQUE-UNIVERSO-550-x-350-6-3.jpg\",\"contentUrl\":\"https:\/\/universofamilia.com\/wp-content\/uploads\/sites\/148\/2024\/11\/DESTAQUE-UNIVERSO-550-x-350-6-3.jpg\",\"width\":550,\"height\":350,\"caption\":\"\u00bfQui\u00e9n te observa en las redes sociales?\"},{\"@type\":\"BreadcrumbList\",\"@id\":\"https:\/\/universofamilia.com\/el\/quien-te-observa-en-las-redes-sociales\/#breadcrumb\",\"itemListElement\":[{\"@type\":\"ListItem\",\"position\":1,\"name\":\"Home\",\"item\":\"https:\/\/universofamilia.com\/el\/\"},{\"@type\":\"ListItem\",\"position\":2,\"name\":\"\u00bfQui\u00e9n te observa en las redes sociales?\"}]},{\"@type\":\"WebSite\",\"@id\":\"https:\/\/universofamilia.com\/el\/#website\",\"url\":\"https:\/\/universofamilia.com\/el\/\",\"name\":\"Universo Fam\u00edlia\",\"description\":\"\",\"potentialAction\":[{\"@type\":\"SearchAction\",\"target\":{\"@type\":\"EntryPoint\",\"urlTemplate\":\"https:\/\/universofamilia.com\/el\/?s={search_term_string}\"},\"query-input\":\"required name=search_term_string\"}],\"inLanguage\":\"cs\"}]}<\/script>\n<!-- \/ Yoast SEO plugin. -->","yoast_head_json":{"title":"\u00bfQui\u00e9n te observa en las redes sociales? - Universo Fam\u00edlia","description":"\u00bfQui\u00e9n te observa en las redes sociales?. Descubre qui\u00e9n sigue cada paso de tu perfil en redes sociales....","robots":{"index":"index","follow":"follow","max-snippet":"max-snippet:-1","max-image-preview":"max-image-preview:large","max-video-preview":"max-video-preview:-1"},"canonical":"https:\/\/universofamilia.com\/cs\/quien-te-observa-en-las-redes-sociales\/","og_locale":"cs_CZ","og_type":"article","og_title":"\u00bfQui\u00e9n te observa en las redes sociales? - Universo Fam\u00edlia","og_description":"\u00bfQui\u00e9n te observa en las redes sociales?. Descubre qui\u00e9n sigue cada paso de tu perfil en redes sociales....","og_url":"https:\/\/universofamilia.com\/cs\/quien-te-observa-en-las-redes-sociales\/","og_site_name":"Universo Fam\u00edlia","article_published_time":"2024-11-14T17:50:32+00:00","og_image":[{"width":550,"height":350,"url":"https:\/\/universofamilia.com\/wp-content\/uploads\/sites\/148\/2024\/11\/DESTAQUE-UNIVERSO-550-x-350-6-3.jpg","type":"image\/jpeg"}],"twitter_card":"summary_large_image","twitter_misc":{"Est. reading time":"1 minuta"},"schema":{"@context":"https:\/\/schema.org","@graph":[{"@type":"WebPage","@id":"https:\/\/universofamilia.com\/el\/quien-te-observa-en-las-redes-sociales\/","url":"https:\/\/universofamilia.com\/el\/quien-te-observa-en-las-redes-sociales\/","name":"\u00bfQui\u00e9n te observa en las redes sociales? - Universo Fam\u00edlia","isPartOf":{"@id":"https:\/\/universofamilia.com\/el\/#website"},"primaryImageOfPage":{"@id":"https:\/\/universofamilia.com\/el\/quien-te-observa-en-las-redes-sociales\/#primaryimage"},"image":{"@id":"https:\/\/universofamilia.com\/el\/quien-te-observa-en-las-redes-sociales\/#primaryimage"},"thumbnailUrl":"https:\/\/universofamilia.com\/wp-content\/uploads\/sites\/148\/2024\/11\/DESTAQUE-UNIVERSO-550-x-350-6-3.jpg","datePublished":"2024-11-14T17:50:32+00:00","dateModified":"2024-11-14T17:50:32+00:00","author":{"@id":""},"description":"\u00bfQui\u00e9n te observa en las redes sociales?. Descubre qui\u00e9n sigue cada paso de tu perfil en redes sociales....","breadcrumb":{"@id":"https:\/\/universofamilia.com\/el\/quien-te-observa-en-las-redes-sociales\/#breadcrumb"},"inLanguage":"cs","potentialAction":[{"@type":"ReadAction","target":["https:\/\/universofamilia.com\/el\/quien-te-observa-en-las-redes-sociales\/"]}]},{"@type":"ImageObject","inLanguage":"cs","@id":"https:\/\/universofamilia.com\/el\/quien-te-observa-en-las-redes-sociales\/#primaryimage","url":"https:\/\/universofamilia.com\/wp-content\/uploads\/sites\/148\/2024\/11\/DESTAQUE-UNIVERSO-550-x-350-6-3.jpg","contentUrl":"https:\/\/universofamilia.com\/wp-content\/uploads\/sites\/148\/2024\/11\/DESTAQUE-UNIVERSO-550-x-350-6-3.jpg","width":550,"height":350,"caption":"\u00bfQui\u00e9n te observa en las redes sociales?"},{"@type":"BreadcrumbList","@id":"https:\/\/universofamilia.com\/el\/quien-te-observa-en-las-redes-sociales\/#breadcrumb","itemListElement":[{"@type":"ListItem","position":1,"name":"Home","item":"https:\/\/universofamilia.com\/el\/"},{"@type":"ListItem","position":2,"name":"\u00bfQui\u00e9n te observa en las redes sociales?"}]},{"@type":"WebSite","@id":"https:\/\/universofamilia.com\/el\/#website","url":"https:\/\/universofamilia.com\/el\/","name":"Universo Fam\u00edlia","description":"","potentialAction":[{"@type":"SearchAction","target":{"@type":"EntryPoint","urlTemplate":"https:\/\/universofamilia.com\/el\/?s={search_term_string}"},"query-input":"required name=search_term_string"}],"inLanguage":"cs"}]}},"_links":{"self":[{"href":"https:\/\/universofamilia.com\/cs\/wp-json\/wp\/v2\/posts\/7428"}],"collection":[{"href":"https:\/\/universofamilia.com\/cs\/wp-json\/wp\/v2\/posts"}],"about":[{"href":"https:\/\/universofamilia.com\/cs\/wp-json\/wp\/v2\/types\/post"}],"replies":[{"embeddable":true,"href":"https:\/\/universofamilia.com\/cs\/wp-json\/wp\/v2\/comments?post=7428"}],"version-history":[{"count":0,"href":"https:\/\/universofamilia.com\/cs\/wp-json\/wp\/v2\/posts\/7428\/revisions"}],"wp:featuredmedia":[{"embeddable":true,"href":"https:\/\/universofamilia.com\/cs\/wp-json\/wp\/v2\/media\/7429"}],"wp:attachment":[{"href":"https:\/\/universofamilia.com\/cs\/wp-json\/wp\/v2\/media?parent=7428"}],"wp:term":[{"taxonomy":"category","embeddable":true,"href":"https:\/\/universofamilia.com\/cs\/wp-json\/wp\/v2\/categories?post=7428"},{"taxonomy":"post_tag","embeddable":true,"href":"https:\/\/universofamilia.com\/cs\/wp-json\/wp\/v2\/tags?post=7428"}],"curies":[{"name":"wp","href":"https:\/\/api.w.org\/{rel}","templated":true}]}}