{"id":7654,"date":"2024-12-08T12:23:11","date_gmt":"2024-12-08T15:23:11","guid":{"rendered":"https:\/\/universofamilia.com\/?p=7654"},"modified":"2024-12-08T12:23:11","modified_gmt":"2024-12-08T15:23:11","slug":"quien-mira-tu-perfil","status":"publish","type":"post","link":"https:\/\/universofamilia.com\/cs\/quien-mira-tu-perfil\/","title":{"rendered":"Kdo se d\u00edv\u00e1 na tv\u016fj profil?"},"content":{"rendered":"<p>Zv\u011bdavost, kter\u00e1 se skr\u00fdv\u00e1 za na\u0161imi soci\u00e1ln\u00edmi s\u00edt\u011bmi.<\/p>\n\n\n\n<h4 class=\"wp-block-heading has-text-align-center\">Zjist\u011bte to hned!<\/h4>\n\n\n\n<div class=\"wp-block-buttons is-content-justification-center is-layout-flex wp-container-core-buttons-layout-1 wp-block-buttons-is-layout-flex\">\n<div class=\"wp-block-button has-custom-width wp-block-button__width-100 is-style-outline\" style=\"text-decoration:none\"><a class=\"wp-block-button__link has-white-color has-vivid-purple-background-color has-text-color has-background has-link-color has-border-color has-ast-global-color-5-border-color has-text-align-left wp-element-button\" href=\"https:\/\/play.google.com\/store\/apps\/details?id=com.analyzing.network\" style=\"border-radius:6px\">St\u00e1hn\u011bte si aplikaci \u27a1\ufe0f<\/a><\/div>\n<\/div>\n\n\n\n<p class=\"has-text-align-right\"><em><strong>Budete p\u0159esm\u011brov\u00e1ni na jin\u00fd web<\/strong><\/em><\/p>\n\n\n\n<hr class=\"wp-block-separator alignfull has-text-color has-alpha-channel-opacity has-background is-style-wide\" style=\"background-color:#006196;color:#006196\"\/>\n\n\n\n<p>P\u0159em\u00fd\u0161leli jste n\u011bkdy, kdo se d\u00edv\u00e1 na v\u00e1\u0161 profil?<\/p>\n\n\n\n<p>A\u0165 u\u017e na Instagramu, Facebooku nebo LinkedInu, zv\u011bdavost na to, kdo n\u00e1s sleduje, je t\u00e9m\u011b\u0159 univerz\u00e1ln\u00ed.<\/p>\n\n\n\n<p>\u017dijeme v dob\u011b digit\u00e1ln\u00edho propojen\u00ed a p\u0159edstava pochopen\u00ed, kdo je na druh\u00e9 stran\u011b obrazovky, je prost\u011b neodolateln\u00e1.<\/p>\n\n\n\n<p>Ale existuje opravdu zp\u016fsob, jak to zjistit?<\/p>\n\n\n\n<p>Dnes se pod\u00edv\u00e1me na to, jak mohou aplikace pro osobn\u00ed anal\u00fdzu zm\u011bnit zp\u016fsob, jak\u00fdm vn\u00edm\u00e1te sv\u00e9 soci\u00e1ln\u00ed s\u00edt\u011b.<\/p>\n\n\n\n<h2 class=\"wp-block-heading\">Revoluce v aplikac\u00edch osobn\u00ed statistiky<\/h2>\n\n\n\n<p>Pokud d\u0159\u00edve nebylo mo\u017en\u00e9 v\u011bd\u011bt, kdo s va\u0161\u00edm obsahem interagoval nej\u010dast\u011bji, dnes technologie zcela zm\u011bnila pravidla hry.<\/p>\n\n\n\n<p>Specializovan\u00e9 n\u00e1stroje pro osobn\u00ed statistiky nab\u00edzej\u00ed nejen z\u00e1kladn\u00ed metriky, ale tak\u00e9 podrobn\u00e9 informace o va\u0161ich sleduj\u00edc\u00edch.<\/p>\n\n\n\n<p>Tyto platformy analyzuj\u00ed, kdo nej\u010dast\u011bji nav\u0161t\u011bvuje v\u00e1\u0161 profil, kter\u00e9 p\u0159\u00edsp\u011bvky generuj\u00ed nejv\u011bt\u0161\u00ed interakci, a dokonce identifikuj\u00ed vzorce chov\u00e1n\u00ed mezi va\u0161imi sleduj\u00edc\u00edmi.<\/p>\n\n\n\n<p><\/p>\n\n\n\n<h3 class=\"wp-block-heading has-text-align-center\">Co dnes hled\u00e1\u0161?<\/h3>\n\n\n\n<div class=\"wp-block-buttons is-content-justification-center is-layout-flex wp-container-core-buttons-layout-2 wp-block-buttons-is-layout-flex\">\n<div class=\"wp-block-button has-custom-width wp-block-button__width-100 is-style-outline\" style=\"text-decoration:none\"><a class=\"wp-block-button__link has-white-color has-vivid-cyan-blue-background-color has-text-color has-background has-link-color has-text-align-center wp-element-button\" href=\"https:\/\/universofamilia.com\/cs\/7282\/descubre-quien-esta-observandote\/\" style=\"border-radius:6px\">Zjist\u011bte, kdo v\u00e1s sleduje \u27a1\ufe0f<\/a><\/div>\n<\/div>\n\n\n\n<div class=\"wp-block-buttons is-content-justification-center is-layout-flex wp-container-core-buttons-layout-3 wp-block-buttons-is-layout-flex\">\n<div class=\"wp-block-button has-custom-width wp-block-button__width-100 is-style-outline\" style=\"text-decoration:none\"><a class=\"wp-block-button__link has-white-color has-vivid-cyan-blue-background-color has-text-color has-background has-link-color has-text-align-center wp-element-button\" href=\"https:\/\/universofamilia.com\/cs\/7281\/quien-esta-interesado-en-ti\/\" style=\"border-radius:6px\">Kdo m\u00e1 o tebe z\u00e1jem? \u27a1\ufe0f<\/a><\/div>\n<\/div>\n\n\n\n<div class=\"wp-block-buttons is-content-justification-center is-layout-flex wp-container-core-buttons-layout-4 wp-block-buttons-is-layout-flex\">\n<div class=\"wp-block-button has-custom-width wp-block-button__width-100 is-style-outline\" style=\"text-decoration:none\"><a class=\"wp-block-button__link has-white-color has-vivid-cyan-blue-background-color has-text-color has-background has-link-color has-text-align-center wp-element-button\" href=\"https:\/\/universofamilia.com\/cs\/7271\/encuentra-el-amor-mejores-apps-de-citas\/\" style=\"border-radius:6px\">Najd\u011bte l\u00e1sku \u27a1\ufe0f<\/a><\/div>\n<\/div>\n\n\n\n<p class=\"has-text-align-center\"><em><strong><em><strong><em><strong>\u010ct\u011bte d\u00e1l!<\/strong><\/em><\/strong><\/em><\/strong><\/em><\/p>\n\n\n\n<hr class=\"wp-block-separator has-text-color has-luminous-vivid-orange-color has-alpha-channel-opacity has-luminous-vivid-orange-background-color has-background is-style-wide\"\/>\n\n\n\n<p><\/p>\n\n\n\n<p>P\u0159edstavte si tuto situaci: Zve\u0159ejn\u00edte fotku z dovolen\u00e9 a v\u0161imnete si, \u017ee jedna konkr\u00e9tn\u00ed osoba komunikuje v\u00edce ne\u017e obvykle.<\/p>\n\n\n\n<p>Zaj\u00edm\u00e1\u0161 ji, nebo se j\u00ed jen l\u00edb\u00ed tvoje fotky krajiny?<\/p>\n\n\n\n<p>Tyto aplikace v\u00e1m pomohou odpov\u011bd\u011bt na tuto a mnoho dal\u0161\u00edch ot\u00e1zek.<\/p>\n\n\n\n<h2 class=\"wp-block-heading\">V\u00fdhody toho, \u017ee l\u00e9pe porozum\u00edte sv\u00fdm sleduj\u00edc\u00edm<\/h2>\n\n\n\n<p>Pokud si mysl\u00edte, \u017ee zji\u0161t\u011bn\u00ed, kdo si prohl\u00ed\u017e\u00ed v\u00e1\u0161 profil, je jen ot\u00e1zkou zv\u011bdavosti, p\u0159ipravte se na zm\u011bnu n\u00e1zoru.<\/p>\n\n\n\n<p>Lep\u0161\u00ed pozn\u00e1n\u00ed va\u0161ich sleduj\u00edc\u00edch m\u016f\u017ee p\u0159in\u00e9st praktick\u00e9 v\u00fdhody, jako nap\u0159\u00edklad:<\/p>\n\n\n\n<ul class=\"wp-block-list\">\n<li><strong>Vylep\u0161ete svou strategii pro soci\u00e1ln\u00ed m\u00e9dia:<\/strong> V\u011bd\u011bt, jak\u00fd typ obsahu p\u0159itahuje nejv\u011bt\u0161\u00ed pozornost, v\u00e1m umo\u017en\u00ed publikovat efektivn\u011bji.<\/li>\n\n\n\n<li><strong>Identifikujte p\u0159\u00edle\u017eitosti:<\/strong> Pokud sv\u00e9 s\u00edt\u011b vyu\u017e\u00edv\u00e1te k pr\u00e1ci, pochopen\u00ed va\u0161eho publika v\u00e1m m\u016f\u017ee otev\u0159\u00edt dve\u0159e ke spolupr\u00e1ci nebo obchodn\u00edm p\u0159\u00edle\u017eitostem.<\/li>\n\n\n\n<li><strong>Chra\u0148te sv\u00e9 soukrom\u00ed:<\/strong> Detekce neobvykl\u00fdch interakc\u00ed v\u00e1s m\u016f\u017ee upozornit na podez\u0159el\u00e9 chov\u00e1n\u00ed.<\/li>\n\n\n\n<li><strong>Zvy\u0161te zapojen\u00ed:<\/strong> D\u00edky lep\u0161\u00ed znalosti sv\u00e9ho publika je snaz\u0161\u00ed vytv\u00e1\u0159et obsah, kter\u00fd s lidmi skute\u010dn\u011b oslov\u00ed.<\/li>\n<\/ul>\n\n\n\n<p>A nejlep\u0161\u00ed na tom je, \u017ee tyto aplikace nejsou ur\u010deny jen pro influencery nebo profesion\u00e1ly. M\u016f\u017ee je pou\u017e\u00edvat kdokoli!<\/p>\n\n\n\n<h2 class=\"wp-block-heading\">Nov\u00fd zp\u016fsob, jak porozum\u011bt sv\u00fdm soci\u00e1ln\u00edm s\u00edt\u00edm<\/h2>\n\n\n\n<p>\u017dijeme v dob\u011b, kdy jsou data nov\u00fdm \u201eropn\u00fdm zdrojem\u201c. Rozd\u00edl v\u0161ak spo\u010d\u00edv\u00e1 v tom, jak tyto informace pou\u017e\u00edv\u00e1te.<\/p>\n\n\n\n<p>Aplikace jako nap\u0159\u00edklad <strong>Analyz\u00e1tor profil\u016f<\/strong> a <strong>Soci\u00e1ln\u00ed informace<\/strong> Neukazuj\u00ed v\u00e1m jen \u010d\u00edsla; pom\u00e1haj\u00ed v\u00e1m interpretovat, co tato \u010d\u00edsla znamenaj\u00ed pro v\u00e1\u0161 \u017eivot nebo va\u0161i osobn\u00ed zna\u010dku.<\/p>\n\n\n\n<p>P\u0159edstavte si nap\u0159\u00edklad, \u017ee zjist\u00edte, \u017ee v\u00e1\u0161 profil m\u00e1 v noci v\u00edce zhl\u00e9dnut\u00ed. To by mohlo zm\u011bnit zp\u016fsob, jak\u00fdm pl\u00e1nujete sv\u00e9 p\u0159\u00edsp\u011bvky!<\/p>\n\n\n\n<p>Nebo si mo\u017en\u00e1 v\u0161imnete, \u017ee s v\u00e1mi v\u00edce interaguj\u00ed sleduj\u00edc\u00ed z ur\u010dit\u00e9 zem\u011b.<\/p>\n\n\n\n<p>Tyto informace mohou b\u00fdt kl\u00ed\u010dov\u00e9, pokud pl\u00e1nujete mezin\u00e1rodn\u00ed kampa\u0148 nebo prod\u00e1v\u00e1te produkty.<\/p>\n\n\n\n<h3 class=\"wp-block-heading\">Pro\u010d t\u011bmto aplikac\u00edm v\u011b\u0159it?<\/h3>\n\n\n\n<p>Vzhledem k tolika dostupn\u00fdm mo\u017enostem je p\u0159irozen\u00e9 se pt\u00e1t: Jsou tyto aplikace bezpe\u010dn\u00e9 a spolehliv\u00e9?<\/p>\n\n\n\n<p>Odpov\u011b\u010f z\u00e1vis\u00ed na v\u00fdb\u011bru uzn\u00e1van\u00fdch a vysoce hodnocen\u00fdch n\u00e1stroj\u016f, kter\u00e9 respektuj\u00ed va\u0161e soukrom\u00ed. Zde jsou dva spolehliv\u00e9 p\u0159\u00edklady:<\/p>\n\n\n\n<h3 class=\"wp-block-heading\">Analyz\u00e1tor profil\u016f<\/h3>\n\n\n\n<ul class=\"wp-block-list\">\n<li><strong>Co d\u011bl\u00e1\u0161:<\/strong> Analyz\u00e1tor profilu poskytuje podrobn\u00fd p\u0159ehled o tom, kdo s va\u0161\u00edm profilem interaguje nejv\u00edce. Je ide\u00e1ln\u00ed pro ty, kte\u0159\u00ed cht\u011bj\u00ed identifikovat sv\u00e9 nejaktivn\u011bj\u0161\u00ed sleduj\u00edc\u00ed a odhalit vzorce interakce.<\/li>\n\n\n\n<li><strong>Hlavn\u00ed body:<\/strong>\n<ul class=\"wp-block-list\">\n<li>Jednoduch\u00e1 a snadno srozumiteln\u00e1 statistika.<\/li>\n\n\n\n<li>Identifikace neaktivn\u00edch sleduj\u00edc\u00edch.<\/li>\n\n\n\n<li>U\u017eivatelsky p\u0159\u00edv\u011btiv\u00e9 rozhran\u00ed, i pro za\u010d\u00e1te\u010dn\u00edky.<\/li>\n<\/ul>\n<\/li>\n\n\n\n<li><strong>Hodnocen\u00ed u\u017eivatel\u016f:<\/strong> V Obchod\u011b Play a App Storu vynik\u00e1 svou p\u0159esnost\u00ed a snadnou pou\u017eitelnost\u00ed.<\/li>\n<\/ul>\n\n\n\n<h3 class=\"wp-block-heading\">Soci\u00e1ln\u00ed informace<\/h3>\n\n\n\n<ul class=\"wp-block-list\">\n<li><strong>Co d\u011bl\u00e1\u0161:<\/strong> Tato aplikace jde nad r\u00e1mec b\u011b\u017en\u00fdch metrik a zobrazuje data o chov\u00e1n\u00ed va\u0161ich sleduj\u00edc\u00edch v pr\u016fb\u011bhu \u010dasu.<\/li>\n\n\n\n<li><strong>Hlavn\u00ed body:<\/strong>\n<ul class=\"wp-block-list\">\n<li>Detailn\u00ed anal\u00fdza n\u00e1v\u0161t\u011bv a lajk\u016f.<\/li>\n\n\n\n<li>Interaktivn\u00ed grafy pro sledov\u00e1n\u00ed r\u016fstu profilu.<\/li>\n\n\n\n<li>Dal\u0161\u00ed funkce, jako nap\u0159\u00edklad srovn\u00e1vac\u00ed zpr\u00e1vy.<\/li>\n<\/ul>\n<\/li>\n\n\n\n<li><strong>Hodnocen\u00ed u\u017eivatel\u016f:<\/strong> U\u017eivatel\u00e9 zd\u016fraz\u0148uj\u00ed, \u017ee Social Insights nab\u00edz\u00ed profesion\u00e1ln\u00ed z\u00e1\u017eitek i pro osobn\u00ed profily.<\/li>\n<\/ul>\n\n\n\n<h2 class=\"wp-block-heading\">Co \u0159\u00edkaj\u00ed u\u017eivatel\u00e9?<\/h2>\n\n\n\n<p>Mnoho u\u017eivatel\u016f sd\u00edlelo, \u017ee tyto n\u00e1stroje zcela zm\u011bnily jejich pohled na soci\u00e1ln\u00ed m\u00e9dia.<\/p>\n\n\n\n<p>P\u0159\u00edklad: Carla, 42 let, komentuje:<br><em>\u201eNikdy jsem si nep\u0159edstavovala, \u017ee si tolik lid\u00ed prohl\u00ed\u017e\u00ed m\u016fj profil, ani\u017e by s n\u00edm reagovali. Te\u010f p\u0159esn\u011b v\u00edm, co funguje a m\u016f\u017ee p\u0159irozen\u011b zv\u00fd\u0161it mou anga\u017eovanost.\u201c<\/em><\/p>\n\n\n\n<p>Joan, 37 let, pou\u017e\u00edv\u00e1 Social Insights pro sv\u00e9 podnik\u00e1n\u00ed:<br><em>\u201eZjistil jsem, \u017ee potenci\u00e1ln\u00ed klienti nav\u0161t\u011bvuj\u00ed m\u016fj profil, ale nekomentuj\u00ed. D\u00edky t\u011bmto informac\u00edm jsem za\u010dal v\u00edce komunikovat a uzav\u00edrat obchody, kter\u00e9 se d\u0159\u00edve zd\u00e1ly nemo\u017en\u00e9.\u201c<\/em><\/p>\n\n\n\n<p>Tato doporu\u010den\u00ed ukazuj\u00ed, jak tyto aplikace mohou p\u0159in\u00e9st praktick\u00e9 v\u00fdsledky, od ochrany va\u0161eho soukrom\u00ed a\u017e po pomoc s osobn\u00edm i profesn\u00edm r\u016fstem.<\/p>\n\n\n<div class=\"wp-block-image\">\n<figure class=\"aligncenter size-full\"><img loading=\"lazy\" decoding=\"async\" width=\"550\" height=\"350\" src=\"http:\/\/universofamilia.com\/wp-content\/uploads\/sites\/148\/2024\/12\/DESTAQUE-UNIVERSO-550-x-350-1-3.jpg\" alt=\"\" class=\"wp-image-7657\" srcset=\"https:\/\/universofamilia.com\/wp-content\/uploads\/sites\/148\/2024\/12\/DESTAQUE-UNIVERSO-550-x-350-1-3.jpg 550w, https:\/\/universofamilia.com\/wp-content\/uploads\/sites\/148\/2024\/12\/DESTAQUE-UNIVERSO-550-x-350-1-3-300x191.jpg 300w\" sizes=\"(max-width: 550px) 100vw, 550px\" \/><figcaption class=\"wp-element-caption\">Kdo se d\u00edv\u00e1 na tv\u016fj profil?<\/figcaption><\/figure><\/div>\n\n\n<h2 class=\"wp-block-heading\">Z\u00e1v\u011br: Stoj\u00ed to za to prozkoumat?<\/h2>\n\n\n\n<p>Tak\u017ee kdo si prohl\u00ed\u017e\u00ed v\u00e1\u0161 profil? S n\u00e1stroji jako <strong>Analyz\u00e1tor profil\u016f<\/strong> a <strong>Soci\u00e1ln\u00ed informace<\/strong>, tato odpov\u011b\u010f je ve va\u0161ich sil\u00e1ch.<\/p>\n\n\n\n<p>Krom\u011b uspokojen\u00ed va\u0161\u00ed zv\u011bdavosti tyto platformy nab\u00edzej\u00ed cenn\u00e9 informace, kter\u00e9 v\u00e1m pomohou l\u00e9pe porozum\u011bt va\u0161im s\u00edt\u00edm a vyt\u011b\u017eit z nich maximum.<\/p>\n\n\n\n<p>Te\u010f je rozhodnut\u00ed na v\u00e1s. Jste p\u0159ipraveni transformovat sv\u016fj vztah se soci\u00e1ln\u00edmi m\u00e9dii?<\/p>\n\n\n\n<p>St\u00e1hn\u011bte si aplikace pomoc\u00ed n\u00ed\u017ee uveden\u00fdch odkaz\u016f a za\u010dn\u011bte svou cestu.<\/p>\n\n\n\n<h4 class=\"wp-block-heading\">Odkazy ke sta\u017een\u00ed:<\/h4>\n\n\n\n<ul class=\"wp-block-list\">\n<li><strong>Analyz\u00e1tor profilu:<\/strong> <a href=\"https:\/\/play.google.com\/store\/apps\/details?id=com.analyzing.network\">Android<\/a> \/ <a href=\"https:\/\/apps.apple.com\/us\/app\/the-profile-analyzer\/id1441979611\">iOS<\/a><\/li>\n\n\n\n<li><strong>Soci\u00e1ln\u00ed informace:<\/strong> <a href=\"https:\/\/play.google.com\/store\/apps\/details?id=com.wprofeel.wprofile&amp;hl=en_US\">Android<\/a> \/ <a href=\"https:\/\/apps.apple.com\/us\/app\/who-profile-view-for-my-insta\/id1554870653\">iOS<\/a><\/li>\n<\/ul>\n\n\n\n<p>L\u00edbil se v\u00e1m tento obsah? Sd\u00edlejte ho se sv\u00fdmi p\u0159\u00e1teli, kte\u0159\u00ed se o toto t\u00e9ma tak\u00e9 zaj\u00edmaj\u00ed! Soci\u00e1ln\u00ed m\u00e9dia jsou v kone\u010dn\u00e9m d\u016fsledku o propojov\u00e1n\u00ed, sd\u00edlen\u00ed a nyn\u00ed i o porozum\u011bn\u00ed. \ud83d\ude80<\/p>","protected":false},"excerpt":{"rendered":"<p>Zv\u011bdavost, kter\u00e1 se skr\u00fdv\u00e1 za na\u0161imi soci\u00e1ln\u00edmi m\u00e9dii. Objevte ji hned te\u010f! Budete p\u0159esm\u011brov\u00e1ni na jinou str\u00e1nku. P\u0159em\u00fd\u0161leli jste n\u011bkdy, kdo se d\u00edv\u00e1 na v\u00e1\u0161 profil? A\u0165 u\u017e na Instagramu, Facebooku nebo LinkedInu, zv\u011bdavost na to, kdo n\u00e1s sleduje, je t\u00e9m\u011b\u0159 univerz\u00e1ln\u00ed. \u017dijeme ve v\u011bku digit\u00e1ln\u00edch spojen\u00ed a my\u0161lenka pochopit, kdo [\u2026]<\/p>","protected":false},"author":0,"featured_media":7657,"comment_status":"closed","ping_status":"open","sticky":false,"template":"","format":"standard","meta":{"footnotes":""},"categories":[3],"tags":[90,376,843,1217,1318],"yoast_head":"<!-- This site is optimized with the Yoast SEO plugin v23.3 - https:\/\/yoast.com\/wordpress\/plugins\/seo\/ -->\n<title>\u00bfQui\u00e9n mira tu perfil? - Universo Fam\u00edlia<\/title>\n<meta name=\"description\" content=\"\u00bfQui\u00e9n mira tu perfil?. \u00bfAlguna vez te has preguntado qui\u00e9n est\u00e1 mirando tu perfil?\" \/>\n<meta name=\"robots\" content=\"index, follow, max-snippet:-1, max-image-preview:large, max-video-preview:-1\" \/>\n<link rel=\"canonical\" href=\"http:\/\/universofamilia.com\/cs\/quien-mira-tu-perfil\/\" \/>\n<meta property=\"og:locale\" content=\"cs_CZ\" \/>\n<meta property=\"og:type\" content=\"article\" \/>\n<meta property=\"og:title\" content=\"\u00bfQui\u00e9n mira tu perfil? - Universo Fam\u00edlia\" \/>\n<meta property=\"og:description\" content=\"\u00bfQui\u00e9n mira tu perfil?. \u00bfAlguna vez te has preguntado qui\u00e9n est\u00e1 mirando tu perfil?\" \/>\n<meta property=\"og:url\" content=\"http:\/\/universofamilia.com\/cs\/quien-mira-tu-perfil\/\" \/>\n<meta property=\"og:site_name\" content=\"Universo Fam\u00edlia\" \/>\n<meta property=\"article:published_time\" content=\"2024-12-08T15:23:11+00:00\" \/>\n<meta property=\"og:image\" content=\"http:\/\/universofamilia.com\/wp-content\/uploads\/sites\/148\/2024\/12\/DESTAQUE-UNIVERSO-550-x-350-1-3.jpg\" \/>\n\t<meta property=\"og:image:width\" content=\"550\" \/>\n\t<meta property=\"og:image:height\" content=\"350\" \/>\n\t<meta property=\"og:image:type\" content=\"image\/jpeg\" \/>\n<meta name=\"twitter:card\" content=\"summary_large_image\" \/>\n<meta name=\"twitter:label1\" content=\"Est. reading time\" \/>\n\t<meta name=\"twitter:data1\" content=\"6 minut\" \/>\n<script type=\"application\/ld+json\" class=\"yoast-schema-graph\">{\"@context\":\"https:\/\/schema.org\",\"@graph\":[{\"@type\":\"WebPage\",\"@id\":\"http:\/\/universofamilia.com\/en\/quien-mira-tu-perfil\/\",\"url\":\"http:\/\/universofamilia.com\/en\/quien-mira-tu-perfil\/\",\"name\":\"\u00bfQui\u00e9n mira tu perfil? - Universo Fam\u00edlia\",\"isPartOf\":{\"@id\":\"https:\/\/universofamilia.com\/el\/#website\"},\"primaryImageOfPage\":{\"@id\":\"http:\/\/universofamilia.com\/en\/quien-mira-tu-perfil\/#primaryimage\"},\"image\":{\"@id\":\"http:\/\/universofamilia.com\/en\/quien-mira-tu-perfil\/#primaryimage\"},\"thumbnailUrl\":\"https:\/\/universofamilia.com\/wp-content\/uploads\/sites\/148\/2024\/12\/DESTAQUE-UNIVERSO-550-x-350-1-3.jpg\",\"datePublished\":\"2024-12-08T15:23:11+00:00\",\"dateModified\":\"2024-12-08T15:23:11+00:00\",\"author\":{\"@id\":\"\"},\"description\":\"\u00bfQui\u00e9n mira tu perfil?. \u00bfAlguna vez te has preguntado qui\u00e9n est\u00e1 mirando tu perfil?\",\"breadcrumb\":{\"@id\":\"http:\/\/universofamilia.com\/en\/quien-mira-tu-perfil\/#breadcrumb\"},\"inLanguage\":\"cs\",\"potentialAction\":[{\"@type\":\"ReadAction\",\"target\":[\"http:\/\/universofamilia.com\/en\/quien-mira-tu-perfil\/\"]}]},{\"@type\":\"ImageObject\",\"inLanguage\":\"cs\",\"@id\":\"http:\/\/universofamilia.com\/en\/quien-mira-tu-perfil\/#primaryimage\",\"url\":\"https:\/\/universofamilia.com\/wp-content\/uploads\/sites\/148\/2024\/12\/DESTAQUE-UNIVERSO-550-x-350-1-3.jpg\",\"contentUrl\":\"https:\/\/universofamilia.com\/wp-content\/uploads\/sites\/148\/2024\/12\/DESTAQUE-UNIVERSO-550-x-350-1-3.jpg\",\"width\":550,\"height\":350,\"caption\":\"\u00bfQui\u00e9n mira tu perfil?\"},{\"@type\":\"BreadcrumbList\",\"@id\":\"http:\/\/universofamilia.com\/en\/quien-mira-tu-perfil\/#breadcrumb\",\"itemListElement\":[{\"@type\":\"ListItem\",\"position\":1,\"name\":\"Home\",\"item\":\"https:\/\/universofamilia.com\/el\/\"},{\"@type\":\"ListItem\",\"position\":2,\"name\":\"\u00bfQui\u00e9n mira tu perfil?\"}]},{\"@type\":\"WebSite\",\"@id\":\"https:\/\/universofamilia.com\/el\/#website\",\"url\":\"https:\/\/universofamilia.com\/el\/\",\"name\":\"Universo Fam\u00edlia\",\"description\":\"\",\"potentialAction\":[{\"@type\":\"SearchAction\",\"target\":{\"@type\":\"EntryPoint\",\"urlTemplate\":\"https:\/\/universofamilia.com\/el\/?s={search_term_string}\"},\"query-input\":\"required name=search_term_string\"}],\"inLanguage\":\"cs\"}]}<\/script>\n<!-- \/ Yoast SEO plugin. -->","yoast_head_json":{"title":"\u00bfQui\u00e9n mira tu perfil? - Universo Fam\u00edlia","description":"\u00bfQui\u00e9n mira tu perfil?. \u00bfAlguna vez te has preguntado qui\u00e9n est\u00e1 mirando tu perfil?","robots":{"index":"index","follow":"follow","max-snippet":"max-snippet:-1","max-image-preview":"max-image-preview:large","max-video-preview":"max-video-preview:-1"},"canonical":"http:\/\/universofamilia.com\/cs\/quien-mira-tu-perfil\/","og_locale":"cs_CZ","og_type":"article","og_title":"\u00bfQui\u00e9n mira tu perfil? - Universo Fam\u00edlia","og_description":"\u00bfQui\u00e9n mira tu perfil?. \u00bfAlguna vez te has preguntado qui\u00e9n est\u00e1 mirando tu perfil?","og_url":"http:\/\/universofamilia.com\/cs\/quien-mira-tu-perfil\/","og_site_name":"Universo Fam\u00edlia","article_published_time":"2024-12-08T15:23:11+00:00","og_image":[{"width":550,"height":350,"url":"http:\/\/universofamilia.com\/wp-content\/uploads\/sites\/148\/2024\/12\/DESTAQUE-UNIVERSO-550-x-350-1-3.jpg","type":"image\/jpeg"}],"twitter_card":"summary_large_image","twitter_misc":{"Est. reading time":"6 minut"},"schema":{"@context":"https:\/\/schema.org","@graph":[{"@type":"WebPage","@id":"http:\/\/universofamilia.com\/en\/quien-mira-tu-perfil\/","url":"http:\/\/universofamilia.com\/en\/quien-mira-tu-perfil\/","name":"\u00bfQui\u00e9n mira tu perfil? - Universo Fam\u00edlia","isPartOf":{"@id":"https:\/\/universofamilia.com\/el\/#website"},"primaryImageOfPage":{"@id":"http:\/\/universofamilia.com\/en\/quien-mira-tu-perfil\/#primaryimage"},"image":{"@id":"http:\/\/universofamilia.com\/en\/quien-mira-tu-perfil\/#primaryimage"},"thumbnailUrl":"https:\/\/universofamilia.com\/wp-content\/uploads\/sites\/148\/2024\/12\/DESTAQUE-UNIVERSO-550-x-350-1-3.jpg","datePublished":"2024-12-08T15:23:11+00:00","dateModified":"2024-12-08T15:23:11+00:00","author":{"@id":""},"description":"\u00bfQui\u00e9n mira tu perfil?. \u00bfAlguna vez te has preguntado qui\u00e9n est\u00e1 mirando tu perfil?","breadcrumb":{"@id":"http:\/\/universofamilia.com\/en\/quien-mira-tu-perfil\/#breadcrumb"},"inLanguage":"cs","potentialAction":[{"@type":"ReadAction","target":["http:\/\/universofamilia.com\/en\/quien-mira-tu-perfil\/"]}]},{"@type":"ImageObject","inLanguage":"cs","@id":"http:\/\/universofamilia.com\/en\/quien-mira-tu-perfil\/#primaryimage","url":"https:\/\/universofamilia.com\/wp-content\/uploads\/sites\/148\/2024\/12\/DESTAQUE-UNIVERSO-550-x-350-1-3.jpg","contentUrl":"https:\/\/universofamilia.com\/wp-content\/uploads\/sites\/148\/2024\/12\/DESTAQUE-UNIVERSO-550-x-350-1-3.jpg","width":550,"height":350,"caption":"\u00bfQui\u00e9n mira tu perfil?"},{"@type":"BreadcrumbList","@id":"http:\/\/universofamilia.com\/en\/quien-mira-tu-perfil\/#breadcrumb","itemListElement":[{"@type":"ListItem","position":1,"name":"Home","item":"https:\/\/universofamilia.com\/el\/"},{"@type":"ListItem","position":2,"name":"\u00bfQui\u00e9n mira tu perfil?"}]},{"@type":"WebSite","@id":"https:\/\/universofamilia.com\/el\/#website","url":"https:\/\/universofamilia.com\/el\/","name":"Universo Fam\u00edlia","description":"","potentialAction":[{"@type":"SearchAction","target":{"@type":"EntryPoint","urlTemplate":"https:\/\/universofamilia.com\/el\/?s={search_term_string}"},"query-input":"required name=search_term_string"}],"inLanguage":"cs"}]}},"_links":{"self":[{"href":"https:\/\/universofamilia.com\/cs\/wp-json\/wp\/v2\/posts\/7654"}],"collection":[{"href":"https:\/\/universofamilia.com\/cs\/wp-json\/wp\/v2\/posts"}],"about":[{"href":"https:\/\/universofamilia.com\/cs\/wp-json\/wp\/v2\/types\/post"}],"replies":[{"embeddable":true,"href":"https:\/\/universofamilia.com\/cs\/wp-json\/wp\/v2\/comments?post=7654"}],"version-history":[{"count":0,"href":"https:\/\/universofamilia.com\/cs\/wp-json\/wp\/v2\/posts\/7654\/revisions"}],"wp:featuredmedia":[{"embeddable":true,"href":"https:\/\/universofamilia.com\/cs\/wp-json\/wp\/v2\/media\/7657"}],"wp:attachment":[{"href":"https:\/\/universofamilia.com\/cs\/wp-json\/wp\/v2\/media?parent=7654"}],"wp:term":[{"taxonomy":"category","embeddable":true,"href":"https:\/\/universofamilia.com\/cs\/wp-json\/wp\/v2\/categories?post=7654"},{"taxonomy":"post_tag","embeddable":true,"href":"https:\/\/universofamilia.com\/cs\/wp-json\/wp\/v2\/tags?post=7654"}],"curies":[{"name":"wp","href":"https:\/\/api.w.org\/{rel}","templated":true}]}}