{"id":8302,"date":"2025-01-27T18:23:01","date_gmt":"2025-01-27T18:23:01","guid":{"rendered":"http:\/\/universofamilia.com\/?p=8302"},"modified":"2025-07-12T17:33:25","modified_gmt":"2025-07-12T20:33:25","slug":"mejor-ia-para-mejorar-fotos","status":"publish","type":"post","link":"https:\/\/universofamilia.com\/cs\/mejor-ia-para-mejorar-fotos\/","title":{"rendered":"Nejlep\u0161\u00ed um\u011bl\u00e1 inteligence pro vylep\u0161en\u00ed fotografi\u00ed"},"content":{"rendered":"<p>S pokrokem technologi\u00ed nebylo vylep\u0161ov\u00e1n\u00ed fotografi\u00ed nikdy snaz\u0161\u00ed a dostupn\u011bj\u0161\u00ed.<\/p>\n\n\n\n<p>D\u00edky um\u011bl\u00e9 inteligenci (AI) nyn\u00ed aplikace nab\u00edzej\u00ed neuv\u011b\u0159iteln\u00e1 \u0159e\u0161en\u00ed pro \u00fapravu obr\u00e1zk\u016f jen n\u011bkolika klepnut\u00edmi.<\/p>\n\n\n\n<h3 class=\"wp-block-heading\">T\u00fdm podpory<\/h3>\n\n\n\n<p>Prohl\u00e9dn\u011bte si n\u00ed\u017ee uveden\u00e9 aplikace nebo kontaktujte n\u00e1\u0161 t\u00fdm podpory, sd\u011blte n\u00e1m, jak\u00fd typ profilu hled\u00e1te, a my v\u00e1m pom\u016f\u017eeme naj\u00edt tu ide\u00e1ln\u00ed aplikaci pro v\u00e1s.<\/p>\n\n\n    <section class=\"mx-1 my-10\">\n                                                <a href=\"https:\/\/www.messenger.com\/login.php?next=https%3A%2F%2Fwww.messenger.com%2Ft%2F110263563681990%2F%3Fref%3Dw30174560--utm_campaign%253D%257B%257Badset.id%257D%257D%26messaging_source%3Dsource%253Apages%253Amessage_shortlink%26source_id%3D1441792%26recurring_notification%3D0\" class=\"text-white\" data-analytics-label=\"optionsButton\"\n                    data-action=\"analytics#trackCTA\">\n                    <div data-options-target=\"option\"\n                        class=\"custom-section rounded-xl border p-3 shadow-md w-full bg-green-700 my-3\">\n                        <div class=\"flex w-full items-center justify-between\">\n                            <div class=\"flex items-center space-x-3\">\n                                <div class=\"text-lg font-bold\">\n                                    Zah\u00e1jit konverzaci \u279d \u279d\n                                <\/div>\n                            <\/div>\n                        <\/div>\n                    <\/div>\n                <\/a>\n                            <p class=\"text-xs text-gray-500 text-right\"\n            style=\"margin-left: 50%; margin-bottom: 50px; margin-top: 5px;\">\n            <!-- You will be redirected to another website -->\n        <\/p>\n    <\/section>\n\n\n\n\n<p>Pokud hled\u00e1te aplikace, kter\u00e9 jsou praktick\u00e9, popul\u00e1rn\u00ed a poskytuj\u00ed profesion\u00e1ln\u00ed v\u00fdsledky, je tento \u010dl\u00e1nek pro v\u00e1s.<\/p>\n\n\n\n<p>Zde jsou nejlep\u0161\u00ed aplikace pro vylep\u0161en\u00ed fotografi\u00ed s um\u011blou inteligenc\u00ed, kter\u00e9 jsou v\u0161echny velmi vyhled\u00e1van\u00e9 a maj\u00ed vysok\u00e9 hodnocen\u00ed v obchodech s aplikacemi.<\/p>\n\n\n\n<h2 class=\"wp-block-heading\">Pro\u010d pou\u017e\u00edvat um\u011blou inteligenci k vylep\u0161en\u00ed fotografi\u00ed?<\/h2>\n\n\n\n<p>Um\u011bl\u00e1 inteligence zp\u016fsobila revoluci ve zp\u016fsobu, jak\u00fdm upravujeme obr\u00e1zky, a poskytla funkce, kter\u00e9 d\u0159\u00edve vy\u017eadovaly pokro\u010dil\u00e9 vybaven\u00ed nebo slo\u017eit\u00e9 programy.<\/p>\n\n\n\n<p>S um\u011blou inteligenc\u00ed je mo\u017en\u00e9:<\/p>\n\n\n\n<ul>\n<li>Prom\u011b\u0148te star\u00e9 fotografie v ostr\u00e9 a \u017eiv\u00e9 sn\u00edmky.<\/li>\n\n\n\n<li>Automaticky upravujte detaily a \u0161et\u0159\u00edte tak \u010das.<\/li>\n\n\n\n<li>Vytvo\u0159te um\u011bleck\u00e9 kompozice jen n\u011bkolika kliknut\u00edmi.<\/li>\n<\/ul>\n\n\n\n<p>S tolika technologiemi na dosah ruky m\u00e1 v\u00fdb\u011br spr\u00e1vn\u00e9 aplikace z\u00e1sadn\u00ed v\u00fdznam.<\/p>\n\n\n\n<p><\/p>\n\n\n\n<hr class=\"wp-block-separator has-alpha-channel-opacity is-style-wide\" \/>\n\n\n\n<h5 class=\"wp-block-heading has-text-align-center\"><strong>Co byste cht\u011bl\/a d\u011blat?<\/strong><\/h5>\n\n\n    <section class=\"mx-1 my-10\">\n                                                <div data-options-target=\"option\" class=\"custom-section rounded-xl border p-3 shadow-md w-full bg-green-700 my-3\">\n                    <div class=\"flex w-full items-center justify-between\">\n                        <div class=\"flex items-center space-x-3\">\n                            <div class=\"text-lg font-bold\">\n                                Nejlep\u0161\u00ed antivirus pro v\u00e1\u0161 mobiln\u00ed telefon v roce 2025                            <\/div>\n                        <\/div>\n                        <div class=\"flex items-center space-x-8\">\n                            <a href=\"https:\/\/universofamilia.com\/cs\/el-mejor-antivirus-para-tu-telefono-movil-2025\/\"\n                                class=\"custom-cta rounded-2xl border bg-green-800 hover:bg-green-900 px-3 py-1 text-xs font-semibold\"\n                                data-analytics-label=\"optionsButton\" data-action=\"analytics#trackCTA\">\n                                Klikn\u011bte zde \u279d\n                            <\/a>\n                        <\/div>\n                    <\/div>\n                <\/div>\n                                                            <div data-options-target=\"option\" class=\"custom-section rounded-xl border p-3 shadow-md w-full bg-green-700 my-3\">\n                    <div class=\"flex w-full items-center justify-between\">\n                        <div class=\"flex items-center space-x-3\">\n                            <div class=\"text-lg font-bold\">\n                                Nov\u00e9 bezplatn\u00e9 GPS aplikace 2025                            <\/div>\n                        <\/div>\n                        <div class=\"flex items-center space-x-8\">\n                            <a href=\"https:\/\/universofamilia.com\/cs\/nuevas-aplicaciones-gps-gratis-2025\/\"\n                                class=\"custom-cta rounded-2xl border bg-green-800 hover:bg-green-900 px-3 py-1 text-xs font-semibold\"\n                                data-analytics-label=\"optionsButton\" data-action=\"analytics#trackCTA\">\n                                Klikn\u011bte zde \u279d\n                            <\/a>\n                        <\/div>\n                    <\/div>\n                <\/div>\n                                                            <div data-options-target=\"option\" class=\"custom-section rounded-xl border p-3 shadow-md w-full bg-green-700 my-3\">\n                    <div class=\"flex w-full items-center justify-between\">\n                        <div class=\"flex items-center space-x-3\">\n                            <div class=\"text-lg font-bold\">\n                                Nejlep\u0161\u00ed aplikace pro sezn\u00e1men\u00ed se \u017eenou                            <\/div>\n                        <\/div>\n                        <div class=\"flex items-center space-x-8\">\n                            <a href=\"https:\/\/universofamilia.com\/cs\/mejores-apps-para-conocer-a-una-mujer\/\"\n                                class=\"custom-cta rounded-2xl border bg-green-800 hover:bg-green-900 px-3 py-1 text-xs font-semibold\"\n                                data-analytics-label=\"optionsButton\" data-action=\"analytics#trackCTA\">\n                                Klikn\u011bte zde \u279d\n                            <\/a>\n                        <\/div>\n                    <\/div>\n                <\/div>\n                            <p class=\"text-xs text-gray-500 text-right hidden\"\n            style=\"margin-left: 50%; margin-bottom: 50px; margin-top: 5px;\">\n            <!-- You will be redirected to another website -->\n        <\/p>\n    <\/section>\n\n\n\n\n<p class=\"has-text-align-right\"><em><strong><em><strong><em><strong><em><strong><em><strong>\u010ct\u011bte d\u00e1l!<\/strong><\/em><\/strong><\/em><\/strong><\/em><\/strong><\/em><\/strong><\/em><\/p>\n\n\n\n<hr class=\"wp-block-separator has-alpha-channel-opacity is-style-wide\" \/>\n\n\n\n<p><\/p>\n\n\n\n<h2 class=\"wp-block-heading\">Imagine.AI: Synchronizace um\u011bn\u00ed a technologi\u00ed<\/h2>\n\n\n\n<p>Imagine.AI je inovativn\u00ed aplikace, kter\u00e1 prom\u011bn\u00ed va\u0161e fotografie ve skute\u010dn\u00e1 um\u011bleck\u00e1 d\u00edla. Pomoc\u00ed pokro\u010dil\u00fdch algoritm\u016f um\u011bl\u00e9 inteligence nab\u00edz\u00ed n\u00e1stroje pro vylep\u0161en\u00ed obr\u00e1zk\u016f a vytv\u00e1\u0159en\u00ed jedine\u010dn\u00fdch kompozic.<\/p>\n\n\n\n<h3 class=\"wp-block-heading\">Hlavn\u00ed vlastnosti<\/h3>\n\n\n\n<ul>\n<li><strong>Um\u011bleck\u00e9 styly<\/strong>Prom\u011b\u0148te sv\u00e9 fotografie v obrazy r\u016fzn\u00fdch styl\u016f.<\/li>\n\n\n\n<li><strong>Vylep\u0161en\u00e9 detaily<\/strong>: Automaticky ost\u0159\u00ed a opravuje nedokonalosti.<\/li>\n\n\n\n<li><strong>Intuitivn\u00ed rozhran\u00ed<\/strong>Ide\u00e1ln\u00ed pro za\u010d\u00e1te\u010dn\u00edky i pokro\u010dil\u00e9 u\u017eivatele.<\/li>\n<\/ul>\n\n\n\n    <div class=\"d-sm-block py-3 mx-auto px-3 mb-3\"\n        style=\"border-top: 1px solid rgb(204, 204, 204); border-bottom: 1px solid rgb(204, 204, 204);\">\n        <div class=\"text-center mb-4\">\n            <h6 class=\"pt-3 text-center text-gray-900 text-2xl title-font font-medium mb-12\">APLIKACE<\/h6>\n        <\/div>\n        <div class=\"row\">\n            <div class=\"col-lg-5 col-md-5 col-sm-12 mb-4 mb-lg-0\">\n                <img decoding=\"async\" alt=\"karta\" style=\"height: 190px; object-fit: cover;\"\n                    class=\"w-100 h-100 object-cover object-center rounded border\" src=\"http:\/\/universofamilia.com\/wp-content\/uploads\/sites\/148\/2025\/01\/POST-PARA-APP-ARTIGO-2-3.jpg\">\n            <\/div>\n            <div class=\"col-lg-7 col-md-7 col-sm-12 d-flex flex-column justify-content-between\">\n                <h3 class=\"text-gray-900 text-3xl title-font font-medium mb-1\">Imagine.AI<\/h3>\n\n                                    <div class=\"flex\">\n                                                    <span\n                                class=\"inline-block mx-2 py-1 mx-2 rounded text-xs font-medium tracking-widest text-uppercase mr-2 bg-green-50 text-green-700\">UM\u011aLECK\u00c9 FOTOGRAFIE UM\u011aL\u00c1 INTELIGENCE<\/span>\n                                            <\/div>\n                                <div class=\"d-block text-justify py-3\">Zjist\u011bte, jak Imagine.AI prom\u011bn\u00ed va\u0161e fotografie v jedine\u010dn\u00e1 um\u011bleck\u00e1 d\u00edla s vyu\u017eit\u00edm um\u011bl\u00e9 inteligence. St\u00e1hn\u011bte si ji hned te\u010f a transformujte sv\u00e9 sn\u00edmky.<\/div>\n                <div class=\"mt-auto d-flex flex-column align-items-end\">\n                    <a class=\"d-inline-block text-center text-white border-0 py-2 px-8 text-lg focus:outline-none rounded bg-green-700 hover:bg-green-800 btn-block\"\n                        href=\"https:\/\/play.google.com\/store\/apps\/details?id=com.vyroai.aiart&#038;hl=pt_BR\"                         data-analytics-label=\"landingPageFirstButton\" data-action=\"analytics#trackCTA\">\n                        Zobrazit aplikaci                    <\/a>\n                                            <div class=\"text-xs text-muted mt-3 d-block col-12 text-center\">Budete p\u0159esm\u011brov\u00e1ni na jin\u00fd web.<\/div>\n                                    <\/div>\n            <\/div>\n        <\/div>\n    <\/div>\n\n\n\n<h2 class=\"wp-block-heading\">Adobe Photoshop Express: S\u00edla Adobe ve va\u0161\u00ed dlani<\/h2>\n\n\n\n<p>Adobe Photoshop Express je roz\u0161\u00ed\u0159en\u00edm popul\u00e1rn\u00ed aplikace Photoshop, kter\u00e9 p\u0159in\u00e1\u0161\u00ed praktick\u00e9 a snadno pou\u017eiteln\u00e9 n\u00e1stroje p\u0159\u00edmo do va\u0161eho chytr\u00e9ho telefonu. Tato aplikace je ide\u00e1ln\u00ed pro ty, kte\u0159\u00ed cht\u011bj\u00ed profesion\u00e1ln\u00ed v\u00fdsledky bez slo\u017eit\u00e9ho desktopov\u00e9ho softwaru.<\/p>\n\n\n\n<h3 class=\"wp-block-heading\">Hlavn\u00ed vlastnosti<\/h3>\n\n\n\n<ul>\n<li><strong>Automatick\u00e9 vylep\u0161en\u00ed<\/strong>Okam\u017eit\u00e9 \u00fapravy jasu, kontrastu a expozice.<\/li>\n\n\n\n<li><strong>Konkr\u00e9tn\u00ed opravy<\/strong>Odstra\u0148uje skvrny, upravuje barvy a zv\u00fdraz\u0148uje detaily.<\/li>\n\n\n\n<li><strong>Um\u011bleck\u00e9 filtry<\/strong>Dodejte sv\u00fdm fotografi\u00edm kreativn\u00ed n\u00e1dech pomoc\u00ed exkluzivn\u00edch filtr\u016f.<\/li>\n\n\n\n<li><strong>Integrace s Creative Cloudem<\/strong>Ukl\u00e1dejte a otev\u00edrejte sv\u00e9 projekty na r\u016fzn\u00fdch za\u0159\u00edzen\u00edch.<\/li>\n<\/ul>\n\n\n\n<p>S v\u00edce ne\u017e 100 miliony sta\u017een\u00ed a pozitivn\u00edm hodnocen\u00edm v obou obchodech s aplikacemi je Photoshop Express bezpe\u010dnou volbou pro ty, kte\u0159\u00ed hledaj\u00ed robustn\u00ed editor fotografi\u00ed.<\/p>\n\n\n\n    <div class=\"d-sm-block py-3 mx-auto px-3 mb-3\"\n        style=\"border-top: 1px solid rgb(204, 204, 204); border-bottom: 1px solid rgb(204, 204, 204);\">\n        <div class=\"text-center mb-4\">\n            <h6 class=\"pt-3 text-center text-gray-900 text-2xl title-font font-medium mb-12\">APLIKACE<\/h6>\n        <\/div>\n        <div class=\"row\">\n            <div class=\"col-lg-5 col-md-5 col-sm-12 mb-4 mb-lg-0\">\n                <img decoding=\"async\" alt=\"karta\" style=\"height: 190px; object-fit: cover;\"\n                    class=\"w-100 h-100 object-cover object-center rounded border\" src=\"http:\/\/universofamilia.com\/wp-content\/uploads\/sites\/148\/2025\/01\/POST-PARA-APP-ARTIGO-3-2.jpg\">\n            <\/div>\n            <div class=\"col-lg-7 col-md-7 col-sm-12 d-flex flex-column justify-content-between\">\n                <h3 class=\"text-gray-900 text-3xl title-font font-medium mb-1\">Adobe Photoshop Express<\/h3>\n\n                                    <div class=\"flex\">\n                                                    <span\n                                class=\"inline-block mx-2 py-1 mx-2 rounded text-xs font-medium tracking-widest text-uppercase mr-2 bg-green-50 text-green-700\">VYLEP\u0160ETE FOTOGRAFIE POMOC\u00cd PROFESION\u00c1LN\u00cdCH N\u00c1STROJ\u016e<\/span>\n                                            <\/div>\n                                <div class=\"d-block text-justify py-3\">Zjednodu\u0161te si \u00fapravy s Adobe Photoshop Express. Snadno upravujte jas, barvy a dal\u0161\u00ed. Vyzkou\u0161ejte si to zdarma je\u0161t\u011b dnes!<\/div>\n                <div class=\"mt-auto d-flex flex-column align-items-end\">\n                    <a class=\"d-inline-block text-center text-white border-0 py-2 px-8 text-lg focus:outline-none rounded bg-green-700 hover:bg-green-800 btn-block\"\n                        href=\"https:\/\/play.google.com\/store\/apps\/details?id=com.adobe.psmobile&#038;hl=pt_BR\"                         data-analytics-label=\"landingPageFirstButton\" data-action=\"analytics#trackCTA\">\n                        Zobrazit aplikaci                    <\/a>\n                                            <div class=\"text-xs text-muted mt-3 d-block col-12 text-center\">Budete p\u0159esm\u011brov\u00e1ni na jin\u00fd web.<\/div>\n                                    <\/div>\n            <\/div>\n        <\/div>\n    <\/div>\n\n\n\n<h2 class=\"wp-block-heading\">Canva: Kompletn\u00ed \u0159e\u0161en\u00ed pro kreativce<\/h2>\n\n\n\n<p>Canva nen\u00ed jen editor fotografi\u00ed, ale kompletn\u00ed platforma pro tvorbu n\u00e1vrh\u016f. Kombinace um\u011bl\u00e9 inteligence a intuitivn\u00edho rozhran\u00ed d\u011bl\u00e1 z t\u00e9to aplikace neuv\u011b\u0159iteln\u00fd n\u00e1stroj pro za\u010d\u00e1te\u010dn\u00edky i profesion\u00e1ly.<\/p>\n\n\n\n<h3 class=\"wp-block-heading\">Hlavn\u00ed vlastnosti<\/h3>\n\n\n\n<ul>\n<li><strong>\u00daprava fotografi\u00ed s um\u011blou inteligenc\u00ed<\/strong>: Automaticky vylep\u0161ujte obr\u00e1zky nebo pou\u017e\u00edvejte ru\u010dn\u00ed n\u00e1stroje pro p\u0159esn\u00e9 \u00fapravy.<\/li>\n\n\n\n<li><strong>P\u0159edp\u0159ipraven\u00e9 \u0161ablony<\/strong>Tis\u00edce \u0161ablon pro soci\u00e1ln\u00ed m\u00e9dia, pozv\u00e1nky a publikace.<\/li>\n\n\n\n<li><strong>Odstran\u011bn\u00ed pozad\u00ed<\/strong>Jedn\u00edm kliknut\u00edm odstran\u00edte pozad\u00ed a vytvo\u0159\u00edte kreativn\u00ed kompozice.<\/li>\n\n\n\n<li><strong>Kompatibilita nap\u0159\u00ed\u010d platformami<\/strong>Upravte na mobilu, tabletu nebo v prohl\u00ed\u017ee\u010di.<\/li>\n<\/ul>\n\n\n\n<p>S v\u00edce ne\u017e 500 miliony registrovan\u00fdch u\u017eivatel\u016f vynik\u00e1 Canva svou v\u0161estrannost\u00ed. Je to jedna z nejvyhled\u00e1van\u011bj\u0161\u00edch aplikac\u00ed mezi digit\u00e1ln\u00edmi influencery a mal\u00fdmi podnikateli.<\/p>\n\n\n\n    <div class=\"d-sm-block py-3 mx-auto px-3 mb-3\"\n        style=\"border-top: 1px solid rgb(204, 204, 204); border-bottom: 1px solid rgb(204, 204, 204);\">\n        <div class=\"text-center mb-4\">\n            <h6 class=\"pt-3 text-center text-gray-900 text-2xl title-font font-medium mb-12\">APLIKACE<\/h6>\n        <\/div>\n        <div class=\"row\">\n            <div class=\"col-lg-5 col-md-5 col-sm-12 mb-4 mb-lg-0\">\n                <img decoding=\"async\" alt=\"karta\" style=\"height: 190px; object-fit: cover;\"\n                    class=\"w-100 h-100 object-cover object-center rounded border\" src=\"http:\/\/universofamilia.com\/wp-content\/uploads\/sites\/148\/2025\/01\/POST-PARA-APP-ARTIGO-4-2.jpg\">\n            <\/div>\n            <div class=\"col-lg-7 col-md-7 col-sm-12 d-flex flex-column justify-content-between\">\n                <h3 class=\"text-gray-900 text-3xl title-font font-medium mb-1\">Canva<\/h3>\n\n                                    <div class=\"flex\">\n                                                    <span\n                                class=\"inline-block mx-2 py-1 mx-2 rounded text-xs font-medium tracking-widest text-uppercase mr-2 bg-green-50 text-green-700\">GRAFICK\u00dd DESIGN SNADN\u00c1 EDITACE<\/span>\n                                            <\/div>\n                                <div class=\"d-block text-justify py-3\">Navrhujte a upravujte sv\u00e9 fotografie s Canvou. Ide\u00e1ln\u00ed pro soci\u00e1ln\u00ed m\u00e9dia, pozv\u00e1nky a dal\u0161\u00ed. Za\u010dn\u011bte tvo\u0159it zdarma hned te\u010f!<\/div>\n                <div class=\"mt-auto d-flex flex-column align-items-end\">\n                    <a class=\"d-inline-block text-center text-white border-0 py-2 px-8 text-lg focus:outline-none rounded bg-green-700 hover:bg-green-800 btn-block\"\n                        href=\"https:\/\/play.google.com\/store\/apps\/details?id=com.canva.editor&#038;hl=pt_BR\"                         data-analytics-label=\"landingPageFirstButton\" data-action=\"analytics#trackCTA\">\n                        Zobrazit aplikaci                    <\/a>\n                                            <div class=\"text-xs text-muted mt-3 d-block col-12 text-center\">Budete p\u0159esm\u011brov\u00e1ni na jin\u00fd web.<\/div>\n                                    <\/div>\n            <\/div>\n        <\/div>\n    <\/div>\n\n\n\n<h2 class=\"wp-block-heading\">Facetune AI: Kr\u00e1l selfie<\/h2>\n\n\n\n<p>Pokud jde o portr\u00e9ty, Facetune AI je jednou z nejobl\u00edben\u011bj\u0161\u00edch aplikac\u00ed. Vyu\u017e\u00edv\u00e1 technologie um\u011bl\u00e9 inteligence k vytv\u00e1\u0159en\u00ed dokonal\u00fdch selfie, co\u017e z n\u00ed \u010din\u00ed obl\u00edbenou aplikaci mezi influencery a tv\u016frci obsahu.<\/p>\n\n\n\n<h3 class=\"wp-block-heading\">Hlavn\u00ed vlastnosti<\/h3>\n\n\n\n<ul>\n<li><strong>Automatick\u00e9 opravy<\/strong>: Vylep\u0161ete osv\u011btlen\u00ed, vyhla\u010fte ple\u0165 a upravte barvy jedn\u00edm klepnut\u00edm.<\/li>\n\n\n\n<li><strong>Speci\u00e1ln\u00ed n\u00e1stroje pro obli\u010dej<\/strong>Upravte detaily, jako je \u00fasm\u011bv, o\u010di a vlasy.<\/li>\n\n\n\n<li><strong>Exkluzivn\u00ed filtry<\/strong>P\u0159idejte personalizovan\u00fd n\u00e1dech s modern\u00edmi filtry.<\/li>\n\n\n\n<li><strong>Vylep\u0161en\u00ed v re\u00e1ln\u00e9m \u010dase<\/strong>: Vylep\u0161en\u00ed uvid\u00edte je\u0161t\u011b p\u0159ed po\u0159\u00edzen\u00edm fotografie.<\/li>\n<\/ul>\n\n\n\n<p>S pr\u016fm\u011brn\u00fdm hodnocen\u00edm 4,5 hv\u011bzdi\u010dky v obchodech s aplikacemi z\u016fst\u00e1v\u00e1 Facetune AI jednou z nejd\u016fv\u011bryhodn\u011bj\u0161\u00edch a nejvyhled\u00e1van\u011bj\u0161\u00edch aplikac\u00ed pro ty, kte\u0159\u00ed cht\u011bj\u00ed rychl\u00e9 a efektivn\u00ed v\u00fdsledky.<\/p>\n\n\n\n    <div class=\"d-sm-block py-3 mx-auto px-3 mb-3\"\n        style=\"border-top: 1px solid rgb(204, 204, 204); border-bottom: 1px solid rgb(204, 204, 204);\">\n        <div class=\"text-center mb-4\">\n            <h6 class=\"pt-3 text-center text-gray-900 text-2xl title-font font-medium mb-12\">APLIKACE<\/h6>\n        <\/div>\n        <div class=\"row\">\n            <div class=\"col-lg-5 col-md-5 col-sm-12 mb-4 mb-lg-0\">\n                <img decoding=\"async\" alt=\"karta\" style=\"height: 190px; object-fit: cover;\"\n                    class=\"w-100 h-100 object-cover object-center rounded border\" src=\"http:\/\/universofamilia.com\/wp-content\/uploads\/sites\/148\/2025\/01\/POST-PARA-APP-ARTIGO-5-1.jpg\">\n            <\/div>\n            <div class=\"col-lg-7 col-md-7 col-sm-12 d-flex flex-column justify-content-between\">\n                <h3 class=\"text-gray-900 text-3xl title-font font-medium mb-1\">Facetune AI<\/h3>\n\n                                    <div class=\"flex\">\n                                                    <span\n                                class=\"inline-block mx-2 py-1 mx-2 rounded text-xs font-medium tracking-widest text-uppercase mr-2 bg-green-50 text-green-700\">DOKONAL\u00c1 SELF\u00cd\u010cKA, SNADN\u00c9 RETU\u0160E<\/span>\n                                            <\/div>\n                                <div class=\"d-block text-justify py-3\">Facetune AI nab\u00edz\u00ed n\u00e1stroje pro bezchybn\u00e1 selfie. Vylep\u0161ete si ple\u0165, \u00fasm\u011bv a dal\u0161\u00ed. St\u00e1hn\u011bte si ji hned te\u010f!<\/div>\n                <div class=\"mt-auto d-flex flex-column align-items-end\">\n                    <a class=\"d-inline-block text-center text-white border-0 py-2 px-8 text-lg focus:outline-none rounded bg-green-700 hover:bg-green-800 btn-block\"\n                        href=\"https:\/\/play.google.com\/store\/apps\/details?id=com.lightricks.facetune.free&#038;hl=pt_BR\"                         data-analytics-label=\"landingPageFirstButton\" data-action=\"analytics#trackCTA\">\n                        Zobrazit aplikaci                    <\/a>\n                                            <div class=\"text-xs text-muted mt-3 d-block col-12 text-center\">Budete p\u0159esm\u011brov\u00e1ni na jin\u00fd web.<\/div>\n                                    <\/div>\n            <\/div>\n        <\/div>\n    <\/div>\n\n\n\n<h2 class=\"wp-block-heading\">Strategie pro v\u00fdb\u011br nejlep\u0161\u00ed aplikace<\/h2>\n\n\n\n<p>Vzhledem k velk\u00e9mu mno\u017estv\u00ed mo\u017enost\u00ed na trhu byste m\u011bli zv\u00e1\u017eit:<\/p>\n\n\n\n<ol>\n<li><strong>V\u00e1\u0161 c\u00edl<\/strong>Chcete vylep\u0161it selfie, vytvo\u0159it n\u00e1vrhy nebo prov\u00e9st obecnou \u00fapravu fotografi\u00ed?<\/li>\n\n\n\n<li><strong>Snadn\u00e9 pou\u017eit\u00ed<\/strong>Aplikace jako Canva jsou intuitivn\u011bj\u0161\u00ed, zat\u00edmco Adobe Photoshop Express nab\u00edz\u00ed v\u00edce technick\u00fdch n\u00e1stroj\u016f.<\/li>\n\n\n\n<li><strong>Dal\u0161\u00ed zdroje<\/strong>Zkontrolujte, zda aplikace nab\u00edz\u00ed cloudov\u00e9 \u00falo\u017ei\u0161t\u011b, kompatibilitu nap\u0159\u00ed\u010d platformami a technickou podporu.<\/li>\n<\/ol>\n\n\n\n<h3 class=\"wp-block-heading\">Extra tip<\/h3>\n\n\n\n<p>Kombinujte r\u016fzn\u00e9 aplikace pro je\u0161t\u011b p\u016fsobiv\u011bj\u0161\u00ed v\u00fdsledky. Nap\u0159\u00edklad zaost\u0159te fotografii ve Photoshopu Express a pou\u017eijte kreativn\u00ed filtr v Canv\u011b.<\/p>\n\n\n\n<h2 class=\"wp-block-heading\">Z\u00e1v\u011br: Vyberte si nejlep\u0161\u00ed um\u011blou inteligenci pro vylep\u0161en\u00ed fotografi\u00ed<\/h2>\n\n\n\n<p>Um\u011bl\u00e1 inteligence zm\u011bnila zp\u016fsob, jak\u00fdm upravujeme obr\u00e1zky, a u\u010dinila tento proces p\u0159\u00edstupn\u011bj\u0161\u00edm a kreativn\u011bj\u0161\u00edm. Mezi zde zm\u00edn\u011bn\u00fdmi mo\u017enostmi \u2013 Imagine.AI, Adobe Photoshop Express, Canva a Facetune AI \u2013 v\u0161echny nab\u00edzej\u00ed \u0161pi\u010dkov\u00e9 n\u00e1stroje pro r\u016fzn\u00e9 pot\u0159eby.<\/p>\n\n\n\n<p>Chcete profesion\u00e1ln\u00ed v\u00fdsledky, nebo si jen chcete vylep\u0161it sv\u00e1 selfie? Te\u010f m\u00e1te pro to ty spr\u00e1vn\u00e9 aplikace!<\/p>","protected":false},"excerpt":{"rendered":"<p>S pokrokem technologi\u00ed nebylo vylep\u0161ov\u00e1n\u00ed fotografi\u00ed nikdy snaz\u0161\u00ed a dostupn\u011bj\u0161\u00ed. D\u00edky um\u011bl\u00e9 inteligenci (AI) nyn\u00ed aplikace nab\u00edzej\u00ed neuv\u011b\u0159iteln\u00e1 \u0159e\u0161en\u00ed pro \u00fapravu obr\u00e1zk\u016f jen n\u011bkolika klepnut\u00edmi. T\u00fdm podpory Prozkoumejte n\u00ed\u017ee uveden\u00e9 aplikace nebo kontaktujte n\u00e1\u0161 t\u00fdm podpory a sd\u011blte n\u00e1m typ sv\u00e9ho profilu [\u2026]<\/p>","protected":false},"author":139,"featured_media":8306,"comment_status":"closed","ping_status":"open","sticky":false,"template":"","format":"standard","meta":{"footnotes":""},"categories":[2],"tags":[190,1749,1747,1748,1746],"yoast_head":"<!-- This site is optimized with the Yoast SEO plugin v23.3 - https:\/\/yoast.com\/wordpress\/plugins\/seo\/ -->\n<title>Mejor IA para Mejorar Fotos - Universo Fam\u00edlia<\/title>\n<meta name=\"description\" content=\"Mejor IA para Mejorar Fotos. Con el avance de la tecnolog\u00eda, mejorar fotos nunca ha sido tan f\u00e1cil y accesible.\" \/>\n<meta name=\"robots\" content=\"index, follow, max-snippet:-1, max-image-preview:large, max-video-preview:-1\" \/>\n<link rel=\"canonical\" href=\"https:\/\/universofamilia.com\/cs\/mejor-ia-para-mejorar-fotos\/\" \/>\n<meta property=\"og:locale\" content=\"cs_CZ\" \/>\n<meta property=\"og:type\" content=\"article\" \/>\n<meta property=\"og:title\" content=\"Mejor IA para Mejorar Fotos - Universo Fam\u00edlia\" \/>\n<meta property=\"og:description\" content=\"Mejor IA para Mejorar Fotos. Con el avance de la tecnolog\u00eda, mejorar fotos nunca ha sido tan f\u00e1cil y accesible.\" \/>\n<meta property=\"og:url\" content=\"https:\/\/universofamilia.com\/cs\/mejor-ia-para-mejorar-fotos\/\" \/>\n<meta property=\"og:site_name\" content=\"Universo Fam\u00edlia\" \/>\n<meta property=\"article:published_time\" content=\"2025-01-27T18:23:01+00:00\" \/>\n<meta property=\"article:modified_time\" content=\"2025-07-12T20:33:25+00:00\" \/>\n<meta property=\"og:image\" content=\"https:\/\/universofamilia.com\/wp-content\/uploads\/sites\/148\/2025\/01\/POST-PARA-APP-ARTIGO-5-1.jpg\" \/>\n\t<meta property=\"og:image:width\" content=\"1080\" \/>\n\t<meta property=\"og:image:height\" content=\"1080\" \/>\n\t<meta property=\"og:image:type\" content=\"image\/jpeg\" \/>\n<meta name=\"author\" content=\"Pedro Henrique\" \/>\n<meta name=\"twitter:card\" content=\"summary_large_image\" \/>\n<meta name=\"twitter:label1\" content=\"Written by\" \/>\n\t<meta name=\"twitter:data1\" content=\"Pedro Henrique\" \/>\n\t<meta name=\"twitter:label2\" content=\"Est. reading time\" \/>\n\t<meta name=\"twitter:data2\" content=\"5 minut\" \/>\n<script type=\"application\/ld+json\" class=\"yoast-schema-graph\">{\"@context\":\"https:\/\/schema.org\",\"@graph\":[{\"@type\":\"WebPage\",\"@id\":\"https:\/\/universofamilia.com\/cs\/mejor-ia-para-mejorar-fotos\/\",\"url\":\"https:\/\/universofamilia.com\/cs\/mejor-ia-para-mejorar-fotos\/\",\"name\":\"Mejor IA para Mejorar Fotos - Universo Fam\u00edlia\",\"isPartOf\":{\"@id\":\"https:\/\/universofamilia.com\/el\/#website\"},\"primaryImageOfPage\":{\"@id\":\"https:\/\/universofamilia.com\/cs\/mejor-ia-para-mejorar-fotos\/#primaryimage\"},\"image\":{\"@id\":\"https:\/\/universofamilia.com\/cs\/mejor-ia-para-mejorar-fotos\/#primaryimage\"},\"thumbnailUrl\":\"https:\/\/universofamilia.com\/wp-content\/uploads\/sites\/148\/2025\/01\/POST-PARA-APP-ARTIGO-5-1.jpg\",\"datePublished\":\"2025-01-27T18:23:01+00:00\",\"dateModified\":\"2025-07-12T20:33:25+00:00\",\"author\":{\"@id\":\"https:\/\/universofamilia.com\/el\/#\/schema\/person\/f07ce98187dd84d31154262e79b3b7ca\"},\"description\":\"Mejor IA para Mejorar Fotos. Con el avance de la tecnolog\u00eda, mejorar fotos nunca ha sido tan f\u00e1cil y accesible.\",\"breadcrumb\":{\"@id\":\"https:\/\/universofamilia.com\/cs\/mejor-ia-para-mejorar-fotos\/#breadcrumb\"},\"inLanguage\":\"cs\",\"potentialAction\":[{\"@type\":\"ReadAction\",\"target\":[\"https:\/\/universofamilia.com\/cs\/mejor-ia-para-mejorar-fotos\/\"]}]},{\"@type\":\"ImageObject\",\"inLanguage\":\"cs\",\"@id\":\"https:\/\/universofamilia.com\/cs\/mejor-ia-para-mejorar-fotos\/#primaryimage\",\"url\":\"https:\/\/universofamilia.com\/wp-content\/uploads\/sites\/148\/2025\/01\/POST-PARA-APP-ARTIGO-5-1.jpg\",\"contentUrl\":\"https:\/\/universofamilia.com\/wp-content\/uploads\/sites\/148\/2025\/01\/POST-PARA-APP-ARTIGO-5-1.jpg\",\"width\":1080,\"height\":1080,\"caption\":\"Mejor IA para Mejorar Fotos\"},{\"@type\":\"BreadcrumbList\",\"@id\":\"https:\/\/universofamilia.com\/cs\/mejor-ia-para-mejorar-fotos\/#breadcrumb\",\"itemListElement\":[{\"@type\":\"ListItem\",\"position\":1,\"name\":\"Home\",\"item\":\"https:\/\/universofamilia.com\/el\/\"},{\"@type\":\"ListItem\",\"position\":2,\"name\":\"Mejor IA para Mejorar Fotos\"}]},{\"@type\":\"WebSite\",\"@id\":\"https:\/\/universofamilia.com\/el\/#website\",\"url\":\"https:\/\/universofamilia.com\/el\/\",\"name\":\"Universo Fam\u00edlia\",\"description\":\"\",\"potentialAction\":[{\"@type\":\"SearchAction\",\"target\":{\"@type\":\"EntryPoint\",\"urlTemplate\":\"https:\/\/universofamilia.com\/el\/?s={search_term_string}\"},\"query-input\":\"required name=search_term_string\"}],\"inLanguage\":\"cs\"},{\"@type\":\"Person\",\"@id\":\"https:\/\/universofamilia.com\/el\/#\/schema\/person\/f07ce98187dd84d31154262e79b3b7ca\",\"name\":\"Pedro Henrique\",\"image\":{\"@type\":\"ImageObject\",\"inLanguage\":\"cs\",\"@id\":\"https:\/\/universofamilia.com\/el\/#\/schema\/person\/image\/\",\"url\":\"https:\/\/secure.gravatar.com\/avatar\/9edfeb808cb4e1599f64d6e45b130154?s=96&d=mm&r=g\",\"contentUrl\":\"https:\/\/secure.gravatar.com\/avatar\/9edfeb808cb4e1599f64d6e45b130154?s=96&d=mm&r=g\",\"caption\":\"Pedro Henrique\"},\"url\":\"https:\/\/universofamilia.com\/cs\/author\/editor01\/\"}]}<\/script>\n<!-- \/ Yoast SEO plugin. -->","yoast_head_json":{"title":"Mejor IA para Mejorar Fotos - Universo Fam\u00edlia","description":"Mejor IA para Mejorar Fotos. Con el avance de la tecnolog\u00eda, mejorar fotos nunca ha sido tan f\u00e1cil y accesible.","robots":{"index":"index","follow":"follow","max-snippet":"max-snippet:-1","max-image-preview":"max-image-preview:large","max-video-preview":"max-video-preview:-1"},"canonical":"https:\/\/universofamilia.com\/cs\/mejor-ia-para-mejorar-fotos\/","og_locale":"cs_CZ","og_type":"article","og_title":"Mejor IA para Mejorar Fotos - Universo Fam\u00edlia","og_description":"Mejor IA para Mejorar Fotos. Con el avance de la tecnolog\u00eda, mejorar fotos nunca ha sido tan f\u00e1cil y accesible.","og_url":"https:\/\/universofamilia.com\/cs\/mejor-ia-para-mejorar-fotos\/","og_site_name":"Universo Fam\u00edlia","article_published_time":"2025-01-27T18:23:01+00:00","article_modified_time":"2025-07-12T20:33:25+00:00","og_image":[{"width":1080,"height":1080,"url":"https:\/\/universofamilia.com\/wp-content\/uploads\/sites\/148\/2025\/01\/POST-PARA-APP-ARTIGO-5-1.jpg","type":"image\/jpeg"}],"author":"Pedro Henrique","twitter_card":"summary_large_image","twitter_misc":{"Written by":"Pedro Henrique","Est. reading time":"5 minut"},"schema":{"@context":"https:\/\/schema.org","@graph":[{"@type":"WebPage","@id":"https:\/\/universofamilia.com\/cs\/mejor-ia-para-mejorar-fotos\/","url":"https:\/\/universofamilia.com\/cs\/mejor-ia-para-mejorar-fotos\/","name":"Mejor IA para Mejorar Fotos - Universo Fam\u00edlia","isPartOf":{"@id":"https:\/\/universofamilia.com\/el\/#website"},"primaryImageOfPage":{"@id":"https:\/\/universofamilia.com\/cs\/mejor-ia-para-mejorar-fotos\/#primaryimage"},"image":{"@id":"https:\/\/universofamilia.com\/cs\/mejor-ia-para-mejorar-fotos\/#primaryimage"},"thumbnailUrl":"https:\/\/universofamilia.com\/wp-content\/uploads\/sites\/148\/2025\/01\/POST-PARA-APP-ARTIGO-5-1.jpg","datePublished":"2025-01-27T18:23:01+00:00","dateModified":"2025-07-12T20:33:25+00:00","author":{"@id":"https:\/\/universofamilia.com\/el\/#\/schema\/person\/f07ce98187dd84d31154262e79b3b7ca"},"description":"Mejor IA para Mejorar Fotos. Con el avance de la tecnolog\u00eda, mejorar fotos nunca ha sido tan f\u00e1cil y accesible.","breadcrumb":{"@id":"https:\/\/universofamilia.com\/cs\/mejor-ia-para-mejorar-fotos\/#breadcrumb"},"inLanguage":"cs","potentialAction":[{"@type":"ReadAction","target":["https:\/\/universofamilia.com\/cs\/mejor-ia-para-mejorar-fotos\/"]}]},{"@type":"ImageObject","inLanguage":"cs","@id":"https:\/\/universofamilia.com\/cs\/mejor-ia-para-mejorar-fotos\/#primaryimage","url":"https:\/\/universofamilia.com\/wp-content\/uploads\/sites\/148\/2025\/01\/POST-PARA-APP-ARTIGO-5-1.jpg","contentUrl":"https:\/\/universofamilia.com\/wp-content\/uploads\/sites\/148\/2025\/01\/POST-PARA-APP-ARTIGO-5-1.jpg","width":1080,"height":1080,"caption":"Mejor IA para Mejorar Fotos"},{"@type":"BreadcrumbList","@id":"https:\/\/universofamilia.com\/cs\/mejor-ia-para-mejorar-fotos\/#breadcrumb","itemListElement":[{"@type":"ListItem","position":1,"name":"Home","item":"https:\/\/universofamilia.com\/el\/"},{"@type":"ListItem","position":2,"name":"Mejor IA para Mejorar Fotos"}]},{"@type":"WebSite","@id":"https:\/\/universofamilia.com\/el\/#website","url":"https:\/\/universofamilia.com\/el\/","name":"Universo Fam\u00edlia","description":"","potentialAction":[{"@type":"SearchAction","target":{"@type":"EntryPoint","urlTemplate":"https:\/\/universofamilia.com\/el\/?s={search_term_string}"},"query-input":"required name=search_term_string"}],"inLanguage":"cs"},{"@type":"Person","@id":"https:\/\/universofamilia.com\/el\/#\/schema\/person\/f07ce98187dd84d31154262e79b3b7ca","name":"Pedro Henrique","image":{"@type":"ImageObject","inLanguage":"cs","@id":"https:\/\/universofamilia.com\/el\/#\/schema\/person\/image\/","url":"https:\/\/secure.gravatar.com\/avatar\/9edfeb808cb4e1599f64d6e45b130154?s=96&d=mm&r=g","contentUrl":"https:\/\/secure.gravatar.com\/avatar\/9edfeb808cb4e1599f64d6e45b130154?s=96&d=mm&r=g","caption":"Pedro Henrique"},"url":"https:\/\/universofamilia.com\/cs\/author\/editor01\/"}]}},"_links":{"self":[{"href":"https:\/\/universofamilia.com\/cs\/wp-json\/wp\/v2\/posts\/8302"}],"collection":[{"href":"https:\/\/universofamilia.com\/cs\/wp-json\/wp\/v2\/posts"}],"about":[{"href":"https:\/\/universofamilia.com\/cs\/wp-json\/wp\/v2\/types\/post"}],"author":[{"embeddable":true,"href":"https:\/\/universofamilia.com\/cs\/wp-json\/wp\/v2\/users\/139"}],"replies":[{"embeddable":true,"href":"https:\/\/universofamilia.com\/cs\/wp-json\/wp\/v2\/comments?post=8302"}],"version-history":[{"count":2,"href":"https:\/\/universofamilia.com\/cs\/wp-json\/wp\/v2\/posts\/8302\/revisions"}],"predecessor-version":[{"id":9573,"href":"https:\/\/universofamilia.com\/cs\/wp-json\/wp\/v2\/posts\/8302\/revisions\/9573"}],"wp:featuredmedia":[{"embeddable":true,"href":"https:\/\/universofamilia.com\/cs\/wp-json\/wp\/v2\/media\/8306"}],"wp:attachment":[{"href":"https:\/\/universofamilia.com\/cs\/wp-json\/wp\/v2\/media?parent=8302"}],"wp:term":[{"taxonomy":"category","embeddable":true,"href":"https:\/\/universofamilia.com\/cs\/wp-json\/wp\/v2\/categories?post=8302"},{"taxonomy":"post_tag","embeddable":true,"href":"https:\/\/universofamilia.com\/cs\/wp-json\/wp\/v2\/tags?post=8302"}],"curies":[{"name":"wp","href":"https:\/\/api.w.org\/{rel}","templated":true}]}}