{"id":8602,"date":"2025-02-07T14:06:09","date_gmt":"2025-02-07T14:06:09","guid":{"rendered":"https:\/\/universofamilia.com\/?p=8602"},"modified":"2025-02-07T15:11:12","modified_gmt":"2025-02-07T15:11:12","slug":"lp-biblia-catolica","status":"publish","type":"post","link":"https:\/\/universofamilia.com\/cs\/lp-biblia-catolica\/","title":{"rendered":"Bo\u017e\u00ed slovo, kdekoli a kdykoli chcete"},"content":{"rendered":"<h4 class=\"wp-block-heading has-text-align-center\">Co hled\u00e1te?<\/h4>\n\n\n    <section class=\"mx-1 my-10\">\n                                                <a href=\"https:\/\/universofamilia.com\/cs\/la-aplicacion-mas-completa-de-la-biblia-catolica-conoce-laudate\/\" class=\"text-white\" data-analytics-label=\"optionsButton\"\n                    data-action=\"analytics#trackCTA\">\n                    <div data-options-target=\"option\"\n                        class=\"custom-section rounded-xl border p-3 shadow-md w-full bg-green-700 my-3\">\n                        <div class=\"flex w-full items-center justify-between\">\n                            <div class=\"flex items-center space-x-3\">\n                                <div class=\"text-lg font-bold\">\n                                    Katolick\u00e1 Bible \u279d\n                                <\/div>\n                            <\/div>\n                        <\/div>\n                    <\/div>\n                <\/a>\n                                                            <a href=\"https:\/\/universofamilia.com\/cs\/biblia-ave-maria\/\" class=\"text-white\" data-analytics-label=\"optionsButton\"\n                    data-action=\"analytics#trackCTA\">\n                    <div data-options-target=\"option\"\n                        class=\"custom-section rounded-xl border p-3 shadow-md w-full bg-green-700 my-3\">\n                        <div class=\"flex w-full items-center justify-between\">\n                            <div class=\"flex items-center space-x-3\">\n                                <div class=\"text-lg font-bold\">\n                                    Bible Zdr\u00e1vas Maria \u279d\n                                <\/div>\n                            <\/div>\n                        <\/div>\n                    <\/div>\n                <\/a>\n                                                            <a href=\"https:\/\/universofamilia.com\/cs\/la-aplicacion-de-la-biblia-esencial-para-la-vida\/\" class=\"text-white\" data-analytics-label=\"optionsButton\"\n                    data-action=\"analytics#trackCTA\">\n                    <div data-options-target=\"option\"\n                        class=\"custom-section rounded-xl border p-3 shadow-md w-full bg-green-700 my-3\">\n                        <div class=\"flex w-full items-center justify-between\">\n                            <div class=\"flex items-center space-x-3\">\n                                <div class=\"text-lg font-bold\">\n                                    Katolick\u00e9 biblick\u00e9 studium \u279d\n                                <\/div>\n                            <\/div>\n                        <\/div>\n                    <\/div>\n                <\/a>\n                            <p class=\"text-xs text-gray-500 text-right hidden\"\n            style=\"margin-left: 50%; margin-bottom: 50px; margin-top: 5px;\">\n            <!-- You will be redirected to another website -->\n        <\/p>\n    <\/section>\n\n\n\n\n<p class=\"has-text-align-center\">Bo\u017e\u00ed slovo na dosah ka\u017ed\u00e9ho<\/p>\n\n\n\n    <div class=\"d-sm-block py-3 mx-auto px-3 mb-3\"\n        style=\"border-top: 1px solid rgb(204, 204, 204); border-bottom: 1px solid rgb(204, 204, 204);\">\n        <div class=\"text-center mb-4\">\n            <h6 class=\"pt-3 text-center text-gray-900 text-2xl title-font font-medium mb-12\">Nejlep\u0161\u00ed aplikace pro katolickou Bibli<\/h6>\n        <\/div>\n        <div class=\"row\">\n            <div class=\"col-lg-5 col-md-5 col-sm-12 mb-4 mb-lg-0\">\n                <img decoding=\"async\" alt=\"karta\" style=\"height: 190px; object-fit: cover;\"\n                    class=\"w-100 h-100 object-cover object-center rounded border\" src=\"http:\/\/universofamilia.com\/wp-content\/uploads\/sites\/148\/2025\/02\/POST-PARA-APP-ARTIGO-1-1.jpg\">\n            <\/div>\n            <div class=\"col-lg-7 col-md-7 col-sm-12 d-flex flex-column justify-content-between\">\n                <h3 class=\"text-gray-900 text-3xl title-font font-medium mb-1\"><\/h3>\n\n                                <div class=\"d-block text-justify py-3\">Z\u00edskejte p\u0159\u00edstup k Bo\u017e\u00edmu slovu kdykoli a kdekoli s nejlep\u0161\u00ed aplikac\u00ed pro katolickou Bibli. D\u00edky mo\u017enostem \u010dten\u00ed a poslechu Bible v\u00e1m tento n\u00e1stroj usnad\u0148uje spojen\u00ed s Bohem prost\u0159ednictv\u00edm denn\u00edch biblick\u00fdch pas\u00e1\u017e\u00ed, duchovn\u00edch reflex\u00ed a \u010dten\u00e1\u0159sk\u00fdch pl\u00e1n\u016f.<\/div>\n                <div class=\"mt-auto d-flex flex-column align-items-end\">\n                    <a class=\"d-inline-block text-center text-white border-0 py-2 px-8 text-lg focus:outline-none rounded bg-green-700 hover:bg-green-800 btn-block\"\n                        href=\"https:\/\/universofamilia.com\/cs\/aplicaciones-para-leer-y-escuchar-la-biblia-catolica\/\"                         data-analytics-label=\"landingPageFirstButton\" data-action=\"analytics#trackCTA\">\n                        CHCI V\u011aD\u011aT V\u00cdCE                    <\/a>\n                                            <div class=\"text-xs text-muted mt-3 d-block col-12 text-center\">Z\u016fstane\u0161 na stejn\u00e9m m\u00edst\u011b<\/div>\n                                    <\/div>\n            <\/div>\n        <\/div>\n    <\/div>\n\n\n\n<p>Hled\u00e1n\u00ed skute\u010dn\u00e9ho spojen\u00ed s Bohem bylo v\u017edy sou\u010d\u00e1st\u00ed \u017eivota v\u011b\u0159\u00edc\u00edch.<\/p>\n\n\n\n<p>A\u0165 u\u017e skrze modlitbu, katechezi nebo zamy\u0161len\u00ed nad Kristov\u00fdm u\u010den\u00edm, Bible svat\u00e1 je z\u00e1kladem katolick\u00e9 spirituality.<\/p>\n\n\n\n<p>Dnes, s pokrokem technologi\u00ed, nebylo nikdy snaz\u0161\u00ed p\u0159in\u00e9st Bo\u017e\u00ed slovo a nechat ho osv\u011btlovat n\u00e1\u0161 ka\u017edodenn\u00ed \u017eivot.<\/p>\n\n\n\n<p>\u010cten\u00ed katolick\u00e9 Bible online nebo jej\u00ed poslech prost\u0159ednictv\u00edm aplikac\u00ed je modern\u00ed zp\u016fsob, jak se spojit s Bohem, a to i uprost\u0159ed ka\u017edodenn\u00edch \u010dinnost\u00ed.<\/p>\n\n\n\n<p>Katolick\u00e1 Bible online umo\u017e\u0148uje v\u011b\u0159\u00edc\u00edm prohloubit sv\u00e1 studia, sd\u00edlet biblick\u00e9 pas\u00e1\u017ee a posilovat svou v\u00edru kdykoli, ani\u017e by se museli spol\u00e9hat na fyzickou knihu.<\/p>\n\n\n\n<h2 class=\"wp-block-heading\">Z\u00e1zraky v katolick\u00e9 c\u00edrkvi \u2013 V\u00edra prom\u011b\u0148uje \u017eivoty<\/h2>\n\n\n\n<p>D\u011bjiny katolick\u00e9 c\u00edrkve jsou poznamen\u00e1ny z\u00e1zraky a sv\u011bdectv\u00edmi v\u00edry.<\/p>\n\n\n\n<p>Od po\u010d\u00e1tk\u016f k\u0159es\u0165anstv\u00ed posilovaly p\u0159\u00edb\u011bhy o nevysv\u011btliteln\u00fdch uzdraven\u00edch, zjeven\u00ed Marie a bo\u017esk\u00fdch p\u0159\u00edmluv\u00e1ch v\u00edru milion\u016f v\u011b\u0159\u00edc\u00edch.<\/p>\n\n\n\n<p>P\u0159\u00edpady jako z\u00e1zrak z Lanciana, kde byly konsekrovan\u00e9 hostie prom\u011bn\u011bny ve viditeln\u00e9 t\u011blo a krev, posiluj\u00ed skute\u010dnou p\u0159\u00edtomnost Krista v eucharistii.<\/p>\n\n\n\n<p>Tyto ud\u00e1losti ukazuj\u00ed, \u017ee katolick\u00e1 v\u00edra je \u017eiv\u00e1 a da\u0159\u00ed se j\u00ed a spojuje lidstvo s bo\u017estv\u00edm.<\/p>\n\n\n\n<p>Mnoho z t\u011bchto p\u0159\u00edb\u011bh\u016f se nach\u00e1z\u00ed v katolick\u00e9 Bibli a poskytuje v\u011b\u0159\u00edc\u00edm cenn\u00e9 u\u010den\u00ed.<\/p>\n\n\n\n<p>Denn\u00ed \u010dten\u00ed Bible posiluje v\u00edru v tyto z\u00e1zraky a umo\u017e\u0148uje ka\u017ed\u00e9mu k\u0159es\u0165anovi l\u00e9pe pochopit bo\u017esk\u00e9 p\u016fsoben\u00ed ve sv\u011bt\u011b.<\/p>\n\n\n\n<h2 class=\"wp-block-heading\">Technologie a v\u00edra \u2013 Jak b\u00fdt ka\u017ed\u00fd den bl\u00ed\u017ee Bohu<\/h2>\n\n\n\n<p>Technologie se stala velk\u00fdm spojencem evangelizace.<\/p>\n\n\n\n<p>Dnes je mo\u017en\u00e9 sledovat \u017eiv\u00e9 m\u0161e, dozv\u00eddat se o katolick\u00e9 doktr\u00edn\u011b na digit\u00e1ln\u00edch platform\u00e1ch a samoz\u0159ejm\u011b z\u00edskat p\u0159\u00edstup k P\u00edsmu svat\u00e9mu jen n\u011bkolika klepnut\u00edmi.<\/p>\n\n\n\n<p>Aplikace katolick\u00e9 Bible v\u00e1m umo\u017e\u0148uj\u00ed nejen \u010d\u00edst, ale tak\u00e9 poslouchat Bo\u017e\u00ed slovo, co\u017e je ide\u00e1ln\u00ed pro ty, kte\u0159\u00ed cht\u011bj\u00ed prohloubit svou v\u00edru i v ka\u017edodenn\u00edm \u017eivot\u011b.<\/p>\n\n\n\n<p>Pokroky v technologi\u00edch umo\u017e\u0148uj\u00ed v\u011b\u0159\u00edc\u00edm poslouchat katolickou Bibli a z\u00e1rove\u0148 se v\u011bnovat jin\u00fdm \u010dinnostem, jako je \u0159\u00edzen\u00ed, ch\u016fze nebo dokonce modlitba.<\/p>\n\n\n\n<p>D\u00edky tomu se posiluje digit\u00e1ln\u00ed evangelizace a evangelium se \u0161\u00ed\u0159\u00ed k v\u00edce lidem po cel\u00e9m sv\u011bt\u011b.<\/p>\n\n\n\n<h2 class=\"wp-block-heading\">Digit\u00e1ln\u00ed katecheze \u2013 U\u010dte se a posilujte svou v\u00edru, a\u0165 jste kdekoli<\/h2>\n\n\n\n<p>Katecheze je nezbytn\u00e1 pro k\u0159es\u0165anskou formaci, proto\u017ee u\u010d\u00ed z\u00e1kladn\u00edm princip\u016fm v\u00edry.<\/p>\n\n\n\n<p>Od d\u011btstv\u00ed a\u017e do dosp\u011blosti katecheze p\u0159ipravuje v\u011b\u0159\u00edc\u00ed na sv\u00e1tosti a na \u017eivot zam\u011b\u0159en\u00fd na Kristovo u\u010den\u00ed.<\/p>\n\n\n\n<p>D\u00edky technologi\u00edm existuj\u00ed r\u016fzn\u00e9 mo\u017enosti materi\u00e1l\u016f a online kurz\u016f, kter\u00e9 toto u\u010den\u00ed usnad\u0148uj\u00ed a umo\u017e\u0148uj\u00ed v\u00edce lidem z\u00edskat hlub\u0161\u00ed pochopen\u00ed sv\u00e9ho n\u00e1bo\u017eenstv\u00ed.<\/p>\n\n\n\n<p>Online biblick\u00e9 studium a aplikace pro katechismus se staly cenn\u00fdmi n\u00e1stroji pro ty, kte\u0159\u00ed si cht\u011bj\u00ed prohloubit znalosti Bible svat\u00e9.<\/p>\n\n\n\n<p>Nab\u00edzej\u00ed zdroje, jako jsou denn\u00ed \u00favahy, vysv\u011btlen\u00e9 pas\u00e1\u017ee a interaktivn\u00ed obsah, kter\u00e9 pom\u00e1haj\u00ed s u\u010den\u00edm.<\/p>\n\n\n\n<h2 class=\"wp-block-heading\">Tajemstv\u00ed v\u00edry \u2013 hlubok\u00e9 u\u010den\u00ed pro v\u00e1\u0161 \u017eivot<\/h2>\n\n\n\n<p>Katolick\u00e1 v\u00edra je bohat\u00e1 na tajemstv\u00ed, od sv\u00e1tost\u00ed a\u017e po nejhlub\u0161\u00ed dogmata, jako je Nejsv\u011bt\u011bj\u0161\u00ed Trojice a skute\u010dn\u00e1 p\u0159\u00edtomnost Krista v eucharistii.<\/p>\n\n\n\n<p>Mnoh\u00e1 z t\u011bchto tajemstv\u00ed jsou studov\u00e1na v pr\u016fb\u011bhu cel\u00e9ho k\u0159es\u0165ansk\u00e9ho \u017eivota a posilov\u00e1na modlitbou a \u010dten\u00edm Bible.<\/p>\n\n\n\n<p>Studium katolick\u00e9 Bible odhaluje tajemstv\u00ed r\u016f\u017eencova myst\u00e9ria a u\u010d\u00ed v\u011b\u0159\u00edc\u00ed \u017e\u00edt podle Kristova u\u010den\u00ed.<\/p>\n\n\n\n<p>Tajemstv\u00ed v\u00edry jsou pro ka\u017ed\u00e9ho \u010dlov\u011bka v\u00fdzvou k prohlouben\u00ed vztahu s Bohem a k pochopen\u00ed sv\u00e9ho posl\u00e1n\u00ed jako k\u0159es\u0165ana.<\/p>\n\n\n\n<h2 class=\"wp-block-heading\">Svat\u00ed C\u00edrkve \u2013 p\u0159\u00edklady v\u00edry pro va\u0161i cestu<\/h2>\n\n\n\n<p>Katolick\u00e1 c\u00edrkev m\u00e1 rozs\u00e1hl\u00fd seznam kanonizovan\u00fdch svat\u00fdch, mu\u017e\u016f a \u017een, kte\u0159\u00ed \u017eili v pln\u00e9 v\u00ed\u0159e a slou\u017eili jako p\u0159\u00edklad l\u00e1sky k Bohu.<\/p>\n\n\n\n<p>Jm\u00e9na jako svat\u00fd Franti\u0161ek z Assisi, svat\u00e1 Terezie od D\u00edt\u011bte Je\u017e\u00ed\u0161e a svat\u00fd Anton\u00edn Padu\u00e1nsk\u00fd jsou uct\u00edv\u00e1na pro svou oddanost evangeliu a pozitivn\u00ed dopad, kter\u00fd m\u011bla na lidstvo.<\/p>\n\n\n\n<p>Tito svat\u00ed n\u00e1s inspiruj\u00ed k hled\u00e1n\u00ed hlub\u0161\u00edho vztahu s Bohem a k d\u016fv\u011b\u0159e v Bo\u017e\u00ed p\u0159\u00edmluvu.<\/p>\n\n\n\n<p>Modlitba s Bibl\u00ed a studium p\u0159\u00edb\u011bh\u016f svat\u00fdch jsou zp\u016fsoby, jak pos\u00edlit na\u0161i v\u00edru a n\u00e1sledovat p\u0159\u00edklady, kter\u00e9 po sob\u011b zanechali.<\/p>\n\n\n\n<p>Mnoho v\u011b\u0159\u00edc\u00edch nach\u00e1z\u00ed ve \u010dten\u00ed P\u00edsma zp\u016fsob, jak \u010derpat inspiraci ze \u017eivota svat\u00fdch a uplat\u0148ovat jejich u\u010den\u00ed ve sv\u00e9m ka\u017edodenn\u00edm \u017eivot\u011b.<\/p>\n\n\n\n<h2 class=\"wp-block-heading\">P\u0159\u00edb\u011bh Bible \u2013 Jak se k n\u00e1m Bo\u017e\u00ed slovo dostalo<\/h2>\n\n\n\n<p>Bible svat\u00e1 je nej\u010dten\u011bj\u0161\u00ed a nejstudovan\u011bj\u0161\u00ed knihou na sv\u011bt\u011b. Katolick\u00e1 Bible se skl\u00e1d\u00e1 ze 73 knih a byla po stalet\u00ed psan\u00e1 r\u016fzn\u00fdmi autory inspirovan\u00fdmi Duchem svat\u00fdm.<\/p>\n\n\n\n<p>Od vzniku<\/p>\n\n\n\n<p>Od Star\u00e9ho z\u00e1kona a\u017e po uspo\u0159\u00e1d\u00e1n\u00ed Nov\u00e9ho z\u00e1kona c\u00edrkv\u00ed, jej\u00ed d\u011bjiny odr\u00e1\u017eej\u00ed cestu Bo\u017e\u00edho lidu a zjeven\u00ed Jeho v\u016fle pro lidstvo.<\/p>\n\n\n\n<p>Vznik Bible je miln\u00edkem v k\u0159es\u0165ansk\u00e9 v\u00ed\u0159e a pochopen\u00ed jej\u00ed historie n\u00e1m pom\u00e1h\u00e1 l\u00e9pe porozum\u011bt jej\u00edmu u\u010den\u00ed.<\/p>\n\n\n\n<p>S pomoc\u00ed technologi\u00ed je nyn\u00ed mo\u017en\u00e9 studovat jeho p\u016fvod prost\u0159ednictv\u00edm aplikac\u00ed a online biblick\u00fdch studi\u00ed.<\/p>\n\n\n\n<h2 class=\"wp-block-heading\">Co \u0159\u00edk\u00e1 Bible o Bo\u017e\u00edm slov\u011b v na\u0161em ka\u017edodenn\u00edm \u017eivot\u011b?<\/h2>\n\n\n\n<p>Bo\u017e\u00ed slovo nen\u00ed jen starov\u011bk\u00fd text, ale pr\u016fvodce \u017eivotem. V ka\u017ed\u00e9m ver\u0161i nach\u00e1z\u00edme veden\u00ed, \u00fat\u011bchu a moudrost pro na\u0161e ka\u017edodenn\u00ed v\u00fdzvy.<\/p>\n\n\n\n<p>S Bibl\u00ed na dosah ruky m\u016f\u017eeme naj\u00edt odpov\u011bdi na sv\u00e9 ot\u00e1zky a pos\u00edlit svou duchovnost.<\/p>\n\n\n\n<p>Denn\u00ed biblick\u00e9 pas\u00e1\u017ee pom\u00e1haj\u00ed v\u011b\u0159\u00edc\u00edm p\u0159em\u00fd\u0161let o bo\u017esk\u00e9m u\u010den\u00ed a uplat\u0148ovat ho v ka\u017edodenn\u00edm \u017eivot\u011b.<\/p>\n\n\n\n<p>\u010cten\u00ed Bible je cestou k nalezen\u00ed klidu, duchovn\u00ed rovnov\u00e1hy a pos\u00edlen\u00ed spole\u010denstv\u00ed s Bohem.<\/p>\n\n\n\n<h2 class=\"wp-block-heading\">Jak \u010dten\u00ed a poslech katolick\u00e9 Bible m\u016f\u017ee prom\u011bnit v\u00e1\u0161 \u017eivot<\/h2>\n\n\n\n<p>\u010cten\u00ed a poslech Bible m\u011bn\u00ed \u017eivoty. Pro ty, kte\u0159\u00ed si p\u0159ej\u00ed prohloubit svou spiritualitu, m\u016f\u017ee b\u00fdt aplikace Katolick\u00e1 Bible ide\u00e1ln\u00edm n\u00e1strojem.<\/p>\n\n\n\n<p>D\u00edky namluven\u00fdm verz\u00edm, pl\u00e1n\u016fm \u010dten\u00ed a denn\u00edm \u00favah\u00e1m tyto aplikace usnad\u0148uj\u00ed spojen\u00ed s Bo\u017e\u00edm slovem kdykoli a kdekoli.<\/p>\n\n\n\n<p>Digit\u00e1ln\u00ed evangelizace umo\u017e\u0148uje ka\u017ed\u00e9mu v\u011b\u0159\u00edc\u00edmu p\u0159\u00edstup k P\u00edsmu v r\u016fzn\u00fdch form\u00e1tech, a\u0165 u\u017e prost\u0159ednictv\u00edm ka\u017edodenn\u00edho \u010dten\u00ed Bible nebo poslechu audio pas\u00e1\u017e\u00ed z evangelia.<\/p>\n\n\n\n<h2 class=\"wp-block-heading\">Objevte nejlep\u0161\u00ed katolickou biblickou aplikaci \u2013 bezplatnou a kompletn\u00ed<\/h2>\n\n\n\n<p>Pokud chcete c\u00edtit Bo\u017e\u00ed p\u0159\u00edtomnost bl\u00ed\u017ee k sob\u011b, vyzkou\u0161ejte je\u0161t\u011b dnes aplikaci Katolick\u00e1 Bible a dovolte sv\u00e9 v\u00ed\u0159e, aby ka\u017ed\u00fd den s\u00edlila.<\/p>\n\n\n\n<p>Biblick\u00e9 aplikace jsou modern\u00edm zp\u016fsobem, jak se spojit s Bohem a zp\u0159\u00edstupnit spiritualitu v\u0161em.<\/p>","protected":false},"excerpt":{"rendered":"<p>Co hled\u00e1te? Bo\u017e\u00ed slovo dostupn\u00e9 ka\u017ed\u00e9mu. Hled\u00e1n\u00ed skute\u010dn\u00e9ho spojen\u00ed s Bohem bylo v\u017edy sou\u010d\u00e1st\u00ed \u017eivota v\u011b\u0159\u00edc\u00edch. A\u0165 u\u017e skrze modlitbu, katechezi nebo reflexi nad Kristov\u00fdm u\u010den\u00edm, Bible svat\u00e1 je z\u00e1kladem katolick\u00e9 spirituality. Dnes [\u2026]<\/p>","protected":false},"author":139,"featured_media":8608,"comment_status":"closed","ping_status":"open","sticky":false,"template":"","format":"standard","meta":{"footnotes":""},"categories":[2],"tags":[1814,1813,1815,1816,1817],"yoast_head":"<!-- This site is optimized with the Yoast SEO plugin v23.3 - https:\/\/yoast.com\/wordpress\/plugins\/seo\/ -->\n<title>La Palabra de Dios Donde y Cuando Quieras - Universo Fam\u00edlia<\/title>\n<meta name=\"description\" content=\"La Palabra de Dios Donde y Cuando Quieras.\" \/>\n<meta name=\"robots\" content=\"index, follow, max-snippet:-1, max-image-preview:large, max-video-preview:-1\" \/>\n<link rel=\"canonical\" href=\"https:\/\/universofamilia.com\/cs\/lp-biblia-catolica\/\" \/>\n<meta property=\"og:locale\" content=\"cs_CZ\" \/>\n<meta property=\"og:type\" content=\"article\" \/>\n<meta property=\"og:title\" content=\"La Palabra de Dios Donde y Cuando Quieras - Universo Fam\u00edlia\" \/>\n<meta property=\"og:description\" content=\"La Palabra de Dios Donde y Cuando Quieras.\" \/>\n<meta property=\"og:url\" content=\"https:\/\/universofamilia.com\/cs\/lp-biblia-catolica\/\" \/>\n<meta property=\"og:site_name\" content=\"Universo Fam\u00edlia\" \/>\n<meta property=\"article:published_time\" content=\"2025-02-07T14:06:09+00:00\" \/>\n<meta property=\"article:modified_time\" content=\"2025-02-07T15:11:12+00:00\" \/>\n<meta property=\"og:image\" content=\"https:\/\/universofamilia.com\/wp-content\/uploads\/sites\/148\/2025\/02\/POST-PARA-APP-ARTIGO-1-1.jpg\" \/>\n\t<meta property=\"og:image:width\" content=\"1080\" \/>\n\t<meta property=\"og:image:height\" content=\"1080\" \/>\n\t<meta property=\"og:image:type\" content=\"image\/jpeg\" \/>\n<meta name=\"author\" content=\"Pedro Henrique\" \/>\n<meta name=\"twitter:card\" content=\"summary_large_image\" \/>\n<meta name=\"twitter:label1\" content=\"Written by\" \/>\n\t<meta name=\"twitter:data1\" content=\"Pedro Henrique\" \/>\n\t<meta name=\"twitter:label2\" content=\"Est. reading time\" \/>\n\t<meta name=\"twitter:data2\" content=\"7 minut\" \/>\n<script type=\"application\/ld+json\" class=\"yoast-schema-graph\">{\"@context\":\"https:\/\/schema.org\",\"@graph\":[{\"@type\":\"WebPage\",\"@id\":\"https:\/\/universofamilia.com\/lp-biblia-catolica\/\",\"url\":\"https:\/\/universofamilia.com\/lp-biblia-catolica\/\",\"name\":\"La Palabra de Dios Donde y Cuando Quieras - Universo Fam\u00edlia\",\"isPartOf\":{\"@id\":\"https:\/\/universofamilia.com\/el\/#website\"},\"primaryImageOfPage\":{\"@id\":\"https:\/\/universofamilia.com\/lp-biblia-catolica\/#primaryimage\"},\"image\":{\"@id\":\"https:\/\/universofamilia.com\/lp-biblia-catolica\/#primaryimage\"},\"thumbnailUrl\":\"https:\/\/universofamilia.com\/wp-content\/uploads\/sites\/148\/2025\/02\/POST-PARA-APP-ARTIGO-1-1.jpg\",\"datePublished\":\"2025-02-07T14:06:09+00:00\",\"dateModified\":\"2025-02-07T15:11:12+00:00\",\"author\":{\"@id\":\"https:\/\/universofamilia.com\/el\/#\/schema\/person\/f07ce98187dd84d31154262e79b3b7ca\"},\"description\":\"La Palabra de Dios Donde y Cuando Quieras.\",\"breadcrumb\":{\"@id\":\"https:\/\/universofamilia.com\/lp-biblia-catolica\/#breadcrumb\"},\"inLanguage\":\"cs\",\"potentialAction\":[{\"@type\":\"ReadAction\",\"target\":[\"https:\/\/universofamilia.com\/lp-biblia-catolica\/\"]}]},{\"@type\":\"ImageObject\",\"inLanguage\":\"cs\",\"@id\":\"https:\/\/universofamilia.com\/lp-biblia-catolica\/#primaryimage\",\"url\":\"https:\/\/universofamilia.com\/wp-content\/uploads\/sites\/148\/2025\/02\/POST-PARA-APP-ARTIGO-1-1.jpg\",\"contentUrl\":\"https:\/\/universofamilia.com\/wp-content\/uploads\/sites\/148\/2025\/02\/POST-PARA-APP-ARTIGO-1-1.jpg\",\"width\":1080,\"height\":1080,\"caption\":\"La Palabra de Dios Donde y Cuando Quieras\"},{\"@type\":\"BreadcrumbList\",\"@id\":\"https:\/\/universofamilia.com\/lp-biblia-catolica\/#breadcrumb\",\"itemListElement\":[{\"@type\":\"ListItem\",\"position\":1,\"name\":\"Home\",\"item\":\"https:\/\/universofamilia.com\/el\/\"},{\"@type\":\"ListItem\",\"position\":2,\"name\":\"La Palabra de Dios Donde y Cuando Quieras\"}]},{\"@type\":\"WebSite\",\"@id\":\"https:\/\/universofamilia.com\/el\/#website\",\"url\":\"https:\/\/universofamilia.com\/el\/\",\"name\":\"Universo Fam\u00edlia\",\"description\":\"\",\"potentialAction\":[{\"@type\":\"SearchAction\",\"target\":{\"@type\":\"EntryPoint\",\"urlTemplate\":\"https:\/\/universofamilia.com\/el\/?s={search_term_string}\"},\"query-input\":\"required name=search_term_string\"}],\"inLanguage\":\"cs\"},{\"@type\":\"Person\",\"@id\":\"https:\/\/universofamilia.com\/el\/#\/schema\/person\/f07ce98187dd84d31154262e79b3b7ca\",\"name\":\"Pedro Henrique\",\"image\":{\"@type\":\"ImageObject\",\"inLanguage\":\"cs\",\"@id\":\"https:\/\/universofamilia.com\/el\/#\/schema\/person\/image\/\",\"url\":\"https:\/\/secure.gravatar.com\/avatar\/9edfeb808cb4e1599f64d6e45b130154?s=96&d=mm&r=g\",\"contentUrl\":\"https:\/\/secure.gravatar.com\/avatar\/9edfeb808cb4e1599f64d6e45b130154?s=96&d=mm&r=g\",\"caption\":\"Pedro Henrique\"},\"url\":\"https:\/\/universofamilia.com\/cs\/author\/editor01\/\"}]}<\/script>\n<!-- \/ Yoast SEO plugin. -->","yoast_head_json":{"title":"La Palabra de Dios Donde y Cuando Quieras - Universo Fam\u00edlia","description":"La Palabra de Dios Donde y Cuando Quieras.","robots":{"index":"index","follow":"follow","max-snippet":"max-snippet:-1","max-image-preview":"max-image-preview:large","max-video-preview":"max-video-preview:-1"},"canonical":"https:\/\/universofamilia.com\/cs\/lp-biblia-catolica\/","og_locale":"cs_CZ","og_type":"article","og_title":"La Palabra de Dios Donde y Cuando Quieras - Universo Fam\u00edlia","og_description":"La Palabra de Dios Donde y Cuando Quieras.","og_url":"https:\/\/universofamilia.com\/cs\/lp-biblia-catolica\/","og_site_name":"Universo Fam\u00edlia","article_published_time":"2025-02-07T14:06:09+00:00","article_modified_time":"2025-02-07T15:11:12+00:00","og_image":[{"width":1080,"height":1080,"url":"https:\/\/universofamilia.com\/wp-content\/uploads\/sites\/148\/2025\/02\/POST-PARA-APP-ARTIGO-1-1.jpg","type":"image\/jpeg"}],"author":"Pedro Henrique","twitter_card":"summary_large_image","twitter_misc":{"Written by":"Pedro Henrique","Est. reading time":"7 minut"},"schema":{"@context":"https:\/\/schema.org","@graph":[{"@type":"WebPage","@id":"https:\/\/universofamilia.com\/lp-biblia-catolica\/","url":"https:\/\/universofamilia.com\/lp-biblia-catolica\/","name":"La Palabra de Dios Donde y Cuando Quieras - Universo Fam\u00edlia","isPartOf":{"@id":"https:\/\/universofamilia.com\/el\/#website"},"primaryImageOfPage":{"@id":"https:\/\/universofamilia.com\/lp-biblia-catolica\/#primaryimage"},"image":{"@id":"https:\/\/universofamilia.com\/lp-biblia-catolica\/#primaryimage"},"thumbnailUrl":"https:\/\/universofamilia.com\/wp-content\/uploads\/sites\/148\/2025\/02\/POST-PARA-APP-ARTIGO-1-1.jpg","datePublished":"2025-02-07T14:06:09+00:00","dateModified":"2025-02-07T15:11:12+00:00","author":{"@id":"https:\/\/universofamilia.com\/el\/#\/schema\/person\/f07ce98187dd84d31154262e79b3b7ca"},"description":"La Palabra de Dios Donde y Cuando Quieras.","breadcrumb":{"@id":"https:\/\/universofamilia.com\/lp-biblia-catolica\/#breadcrumb"},"inLanguage":"cs","potentialAction":[{"@type":"ReadAction","target":["https:\/\/universofamilia.com\/lp-biblia-catolica\/"]}]},{"@type":"ImageObject","inLanguage":"cs","@id":"https:\/\/universofamilia.com\/lp-biblia-catolica\/#primaryimage","url":"https:\/\/universofamilia.com\/wp-content\/uploads\/sites\/148\/2025\/02\/POST-PARA-APP-ARTIGO-1-1.jpg","contentUrl":"https:\/\/universofamilia.com\/wp-content\/uploads\/sites\/148\/2025\/02\/POST-PARA-APP-ARTIGO-1-1.jpg","width":1080,"height":1080,"caption":"La Palabra de Dios Donde y Cuando Quieras"},{"@type":"BreadcrumbList","@id":"https:\/\/universofamilia.com\/lp-biblia-catolica\/#breadcrumb","itemListElement":[{"@type":"ListItem","position":1,"name":"Home","item":"https:\/\/universofamilia.com\/el\/"},{"@type":"ListItem","position":2,"name":"La Palabra de Dios Donde y Cuando Quieras"}]},{"@type":"WebSite","@id":"https:\/\/universofamilia.com\/el\/#website","url":"https:\/\/universofamilia.com\/el\/","name":"Universo Fam\u00edlia","description":"","potentialAction":[{"@type":"SearchAction","target":{"@type":"EntryPoint","urlTemplate":"https:\/\/universofamilia.com\/el\/?s={search_term_string}"},"query-input":"required name=search_term_string"}],"inLanguage":"cs"},{"@type":"Person","@id":"https:\/\/universofamilia.com\/el\/#\/schema\/person\/f07ce98187dd84d31154262e79b3b7ca","name":"Pedro Henrique","image":{"@type":"ImageObject","inLanguage":"cs","@id":"https:\/\/universofamilia.com\/el\/#\/schema\/person\/image\/","url":"https:\/\/secure.gravatar.com\/avatar\/9edfeb808cb4e1599f64d6e45b130154?s=96&d=mm&r=g","contentUrl":"https:\/\/secure.gravatar.com\/avatar\/9edfeb808cb4e1599f64d6e45b130154?s=96&d=mm&r=g","caption":"Pedro Henrique"},"url":"https:\/\/universofamilia.com\/cs\/author\/editor01\/"}]}},"_links":{"self":[{"href":"https:\/\/universofamilia.com\/cs\/wp-json\/wp\/v2\/posts\/8602"}],"collection":[{"href":"https:\/\/universofamilia.com\/cs\/wp-json\/wp\/v2\/posts"}],"about":[{"href":"https:\/\/universofamilia.com\/cs\/wp-json\/wp\/v2\/types\/post"}],"author":[{"embeddable":true,"href":"https:\/\/universofamilia.com\/cs\/wp-json\/wp\/v2\/users\/139"}],"replies":[{"embeddable":true,"href":"https:\/\/universofamilia.com\/cs\/wp-json\/wp\/v2\/comments?post=8602"}],"version-history":[{"count":4,"href":"https:\/\/universofamilia.com\/cs\/wp-json\/wp\/v2\/posts\/8602\/revisions"}],"predecessor-version":[{"id":9127,"href":"https:\/\/universofamilia.com\/cs\/wp-json\/wp\/v2\/posts\/8602\/revisions\/9127"}],"wp:featuredmedia":[{"embeddable":true,"href":"https:\/\/universofamilia.com\/cs\/wp-json\/wp\/v2\/media\/8608"}],"wp:attachment":[{"href":"https:\/\/universofamilia.com\/cs\/wp-json\/wp\/v2\/media?parent=8602"}],"wp:term":[{"taxonomy":"category","embeddable":true,"href":"https:\/\/universofamilia.com\/cs\/wp-json\/wp\/v2\/categories?post=8602"},{"taxonomy":"post_tag","embeddable":true,"href":"https:\/\/universofamilia.com\/cs\/wp-json\/wp\/v2\/tags?post=8602"}],"curies":[{"name":"wp","href":"https:\/\/api.w.org\/{rel}","templated":true}]}}