{"id":8859,"date":"2025-03-01T17:41:59","date_gmt":"2025-03-01T17:41:59","guid":{"rendered":"https:\/\/universofamilia.com\/?p=8859"},"modified":"2025-03-01T22:39:19","modified_gmt":"2025-03-01T22:39:19","slug":"cortes-de-pelo-con-ia","status":"publish","type":"post","link":"https:\/\/universofamilia.com\/cs\/cortes-de-pelo-con-ia\/","title":{"rendered":"Za\u017eijte zm\u011bnu sv\u00e9ho \u00fa\u010desu s touto aplikac\u00ed s um\u011blou inteligenc\u00ed"},"content":{"rendered":"<p class=\"has-text-align-center\">Jak je um\u011bl\u00e1 inteligence <strong>Revolu\u010dn\u00ed transformace vlas\u016f<\/strong>.<\/p>\n\n\n\n    <div class=\"d-sm-block py-3 mx-auto px-3 mb-3\"\n        style=\"border-top: 1px solid rgb(204, 204, 204); border-bottom: 1px solid rgb(204, 204, 204);\">\n        <div class=\"text-center mb-4\">\n            <h6 class=\"pt-3 text-center text-gray-900 text-2xl title-font font-medium mb-12\">Zjist\u011bte to hned!<\/h6>\n        <\/div>\n        <div class=\"row\">\n            <div class=\"col-lg-5 col-md-5 col-sm-12 mb-4 mb-lg-0\">\n                <img decoding=\"async\" alt=\"karta\" style=\"height: 190px; object-fit: cover;\"\n                    class=\"w-100 h-100 object-cover object-center rounded border\" src=\"http:\/\/universofamilia.com\/wp-content\/uploads\/sites\/148\/2025\/03\/BLOCO-APP-ARTIGO.jpg\">\n            <\/div>\n            <div class=\"col-lg-7 col-md-7 col-sm-12 d-flex flex-column justify-content-between\">\n                <h3 class=\"text-gray-900 text-3xl title-font font-medium mb-1\">\u00da\u010desy s um\u011blou inteligenc\u00ed<\/h3>\n\n                                    <div class=\"flex\">\n                                                    <span\n                                class=\"inline-block mx-2 py-1 mx-2 rounded text-xs font-medium tracking-widest text-uppercase mr-2 bg-green-50 text-green-700\">SIMUL\u00c1TOR VLAS\u016e S UM\u011aLOU INTELIGENC\u00cd<\/span>\n                                            <\/div>\n                                <div class=\"d-block text-justify py-3\">Zm\u011b\u0148te sv\u016fj vzhled je\u0161t\u011b p\u0159ed n\u00e1v\u0161t\u011bvou kade\u0159n\u00edka s AI Haircuts. Vyzkou\u0161ejte r\u016fzn\u00e9 st\u0159ihy, barvy a \u00fa\u010desy s pokro\u010dilou technologi\u00ed rozpozn\u00e1v\u00e1n\u00ed obli\u010deje a realistickou simulac\u00ed.<\/div>\n                <div class=\"mt-auto d-flex flex-column align-items-end\">\n                    <a class=\"d-inline-block text-center text-white border-0 py-2 px-8 text-lg focus:outline-none rounded bg-green-700 hover:bg-green-800 btn-block\"\n                        href=\"https:\/\/apkpure.com\/br\/try-hairstyles-ai-generate\/com.mobile.bizo.inpainting.haircut\/download\"                         data-analytics-label=\"landingPageFirstButton\" data-action=\"analytics#trackCTA\">\n                        St\u00e1hnout aplikaci                    <\/a>\n                                            <div class=\"text-xs text-muted mt-3 d-block col-12 text-center\">Budete p\u0159esm\u011brov\u00e1ni na jin\u00fd web<\/div>\n                                    <\/div>\n            <\/div>\n        <\/div>\n    <\/div>\n\n\n\n<p>P\u0159em\u00fd\u0161leli jste n\u011bkdy o tom, \u017ee byste p\u0159edt\u00edm, ne\u017e vezmete do ruky n\u016f\u017eky nebo si obarv\u00edte vlasy, \u00fapln\u011b zm\u011bnili sv\u016fj styl?<\/p>\n\n\n\n<p>Nyn\u00ed je to mo\u017en\u00e9 s aplikac\u00ed s um\u011blou inteligenc\u00ed (AI), kter\u00e1 v\u00e1m umo\u017en\u00ed virtu\u00e1ln\u011b si vyzkou\u0161et r\u016fzn\u00e9 st\u0159ihy, \u00fa\u010desy a barvy vlas\u016f.<\/p>\n\n\n\n<p>Sta\u010d\u00ed jen p\u00e1r klepnut\u00ed a m\u016f\u017eete si p\u0159edstavit, jak byste vypadali s nov\u00fdm \u00fa\u010desem, a p\u0159ed n\u00e1v\u0161t\u011bvou salonu se m\u016f\u017eete l\u00e9pe rozhodovat.<\/p>\n\n\n\n<h2 class=\"wp-block-heading\">Kl\u00ed\u010dov\u00e9 body aplikace<\/h2>\n\n\n\n<p>Aplikace \u201eAI Haircuts\u201c vyu\u017e\u00edv\u00e1 pokro\u010dilou technologii k simulaci st\u0159ih\u016f vlas\u016f a zm\u011bn\u011b barvy va\u0161ich vlas\u016f v re\u00e1ln\u00e9m \u010dase. Sta\u010d\u00ed nahr\u00e1t fotografii nebo pou\u017e\u00edt fotoapar\u00e1t telefonu k vyzkou\u0161en\u00ed nov\u00fdch mo\u017enost\u00ed.<\/p>\n\n\n\n<p>Mezi hlavn\u00ed vlastnosti aplikace pat\u0159\u00ed:<\/p>\n\n\n\n<ul>\n<li><strong>Simulace st\u0159\u00edh\u00e1n\u00ed vlas\u016f pro mu\u017ee a \u017eeny<\/strong> s vysokou p\u0159esnost\u00ed.<\/li>\n\n\n\n<li><strong>Test barev a odraz\u016f<\/strong> abyste vid\u011bli, jak r\u016fzn\u00e9 odst\u00edny lad\u00ed s va\u0161\u00edm obli\u010dejem.<\/li>\n\n\n\n<li><strong>Pokro\u010dil\u00e1 um\u011bl\u00e1 inteligence<\/strong>, kter\u00fd p\u0159izp\u016fsob\u00ed styly tvaru obli\u010deje a struktu\u0159e vlas\u016f.<\/li>\n\n\n\n<li><strong>Mo\u017enost ulo\u017een\u00ed a sd\u00edlen\u00ed<\/strong> transformace soci\u00e1ln\u00edch m\u00e9di\u00ed za \u00fa\u010delem z\u00edsk\u00e1n\u00ed n\u00e1zor\u016f od p\u0159\u00e1tel.<\/li>\n<\/ul>\n\n\n\n<h3 class=\"wp-block-heading\">T\u00fdm podpory<\/h3>\n\n\n\n<p>Prohl\u00e9dn\u011bte si n\u00ed\u017ee uveden\u00e9 aplikace nebo kontaktujte n\u00e1\u0161 t\u00fdm podpory, sd\u011blte n\u00e1m, jak\u00fd typ profilu hled\u00e1te, a my v\u00e1m pom\u016f\u017eeme naj\u00edt tu ide\u00e1ln\u00ed aplikaci pro v\u00e1s.<\/p>\n\n\n    <section class=\"mx-1 my-10\">\n                                                <a href=\"https:\/\/www.messenger.com\/login.php?\" class=\"text-white\" data-analytics-label=\"optionsButton\"\n                    data-action=\"analytics#trackCTA\">\n                    <div data-options-target=\"option\"\n                        class=\"custom-section rounded-xl border p-3 shadow-md w-full bg-green-700 my-3\">\n                        <div class=\"flex w-full items-center justify-between\">\n                            <div class=\"flex items-center space-x-3\">\n                                <div class=\"text-lg font-bold\">\n                                    Zah\u00e1jit konverzaci \u279d\n                                <\/div>\n                            <\/div>\n                        <\/div>\n                    <\/div>\n                <\/a>\n                            <p class=\"text-xs text-gray-500 text-right\"\n            style=\"margin-left: 50%; margin-bottom: 50px; margin-top: 5px;\">\n            <!-- You will be redirected to another website -->\n        <\/p>\n    <\/section>\n\n\n\n\n<h2 class=\"wp-block-heading\">Vyzkou\u0161ejte nov\u00fd \u00fa\u010des s touto AI aplikac\u00ed<\/h2>\n\n\n\n<p>Je b\u011b\u017en\u00e9, \u017ee m\u00e1te p\u0159i zm\u011bn\u011b \u00fa\u010desu pochybnosti a v\u00fdb\u011br \u0161patn\u00e9ho st\u0159ihu nebo barvy m\u016f\u017ee b\u00fdt frustruj\u00edc\u00ed. S aplikac\u00ed pro simulaci vlas\u016f se m\u016f\u017eete vyhnout l\u00edtosti a c\u00edtit se ve sv\u00e9 volb\u011b sebejist\u011bji.<\/p>\n\n\n\n<h3 class=\"wp-block-heading\">Otestujte p\u0159ed zm\u011bnou<\/h3>\n\n\n\n<p>Jedn\u00edm z nejv\u011bt\u0161\u00edch l\u00e1kadel aplikace je mo\u017enost <strong>vyzkou\u0161ejte r\u016fzn\u00e9 styly bez z\u00e1vazk\u016f<\/strong>.<\/p>\n\n\n\n<p>Pokud jste si v\u017edycky p\u0159\u00e1li kr\u00e1tk\u00e9 vlasy, ale b\u00e1li jste se je ost\u0159\u00edhat, nebo pokud byste r\u00e1di experimentovali s fantazijn\u00edmi odst\u00edny, nyn\u00ed si m\u016f\u017eete v\u0161e realisticky p\u0159edstavit, ne\u017e se definitivn\u011b rozhodnete.<\/p>\n\n\n\n<h3 class=\"wp-block-heading\">\u00daspora \u010dasu a pen\u011bz<\/h3>\n\n\n\n<p>Zm\u011bna vlas\u016f v salonu m\u016f\u017ee b\u00fdt drah\u00e1 a pokud v\u00fdsledek nen\u00ed takov\u00fd, jak\u00fd jste o\u010dek\u00e1vali, korekce m\u00e1 tak\u00e9 svou cenu.<\/p>\n\n\n\n<p>S aplikac\u00ed se m\u016f\u017eete vyhnout zbyte\u010dn\u00fdm v\u00fddaj\u016fm a s v\u011bt\u0161\u00ed jistotou si vybrat, co v\u00e1m skute\u010dn\u011b vyhovuje.<\/p>\n\n\n\n<h3 class=\"wp-block-heading\">Sledov\u00e1n\u00ed trend\u016f<\/h3>\n\n\n\n<p>Aplikace pro kr\u00e1su s um\u011blou inteligenc\u00ed jsou v\u017edy aktu\u00e1ln\u00ed s nejnov\u011bj\u0161\u00edmi informacemi <strong>trendy ve st\u0159\u00edh\u00e1n\u00ed vlas\u016f a barv\u00e1ch<\/strong>Takto si m\u016f\u017eete vyzkou\u0161et modern\u00ed a inovativn\u00ed styly, ne\u017e se vyd\u00e1te do salonu.<\/p>\n\n\n\n<p><\/p>\n\n\n\n<hr class=\"wp-block-separator has-alpha-channel-opacity is-style-wide\" \/>\n\n\n\n<h5 class=\"wp-block-heading has-text-align-center\"><strong>\u010ct\u011bte tak\u00e9<\/strong><\/h5>\n\n\n    <section class=\"mx-1 my-10\">\n                                                <a href=\"https:\/\/universofamilia.com\/cs\/el-mejor-antivirus-para-tu-telefono-movil-2025\/\" class=\"text-white\" data-analytics-label=\"optionsButton\"\n                    data-action=\"analytics#trackCTA\">\n                    <div data-options-target=\"option\"\n                        class=\"custom-section rounded-xl border p-3 shadow-md w-full bg-green-700 my-3\">\n                        <div class=\"flex w-full items-center justify-between\">\n                            <div class=\"flex items-center space-x-3\">\n                                <div class=\"text-lg font-bold\">\n                                    Nejlep\u0161\u00ed antivirus pro v\u00e1\u0161 mobiln\u00ed telefon 2025 \u279d\n                                <\/div>\n                            <\/div>\n                        <\/div>\n                    <\/div>\n                <\/a>\n                                                            <a href=\"https:\/\/universofamilia.com\/cs\/nuevas-aplicaciones-gps-gratis-2025\/\" class=\"text-white\" data-analytics-label=\"optionsButton\"\n                    data-action=\"analytics#trackCTA\">\n                    <div data-options-target=\"option\"\n                        class=\"custom-section rounded-xl border p-3 shadow-md w-full bg-green-700 my-3\">\n                        <div class=\"flex w-full items-center justify-between\">\n                            <div class=\"flex items-center space-x-3\">\n                                <div class=\"text-lg font-bold\">\n                                    Nov\u00e9 bezplatn\u00e9 GPS aplikace 2025 \u279d\n                                <\/div>\n                            <\/div>\n                        <\/div>\n                    <\/div>\n                <\/a>\n                                                            <a href=\"https:\/\/universofamilia.com\/cs\/mejores-apps-para-conocer-a-una-mujer\/\" class=\"text-white\" data-analytics-label=\"optionsButton\"\n                    data-action=\"analytics#trackCTA\">\n                    <div data-options-target=\"option\"\n                        class=\"custom-section rounded-xl border p-3 shadow-md w-full bg-green-700 my-3\">\n                        <div class=\"flex w-full items-center justify-between\">\n                            <div class=\"flex items-center space-x-3\">\n                                <div class=\"text-lg font-bold\">\n                                    Nejlep\u0161\u00ed aplikace pro sezn\u00e1men\u00ed se \u017eenou \u279d\n                                <\/div>\n                            <\/div>\n                        <\/div>\n                    <\/div>\n                <\/a>\n                            <p class=\"text-xs text-gray-500 text-right hidden\"\n            style=\"margin-left: 50%; margin-bottom: 50px; margin-top: 5px;\">\n            <!-- You will be redirected to another website -->\n        <\/p>\n    <\/section>\n\n\n\n\n<p class=\"has-text-align-right\"><em><strong><em><strong><em><strong><em><strong><em><strong>Z\u016fstane na stejn\u00e9m m\u00edst\u011b!<\/strong><\/em><\/strong><\/em><\/strong><\/em><\/strong><\/em><\/strong><\/em><\/p>\n\n\n\n<hr class=\"wp-block-separator has-alpha-channel-opacity is-style-wide\" \/>\n\n\n\n<p><\/p>\n\n\n\n<h2 class=\"wp-block-heading\">Exkluzivn\u00ed funkce pro prom\u011bnu va\u0161eho stylu<\/h2>\n\n\n\n<p>\u201eAI Haircuts\u201c nab\u00edz\u00ed jedine\u010dn\u00e9 funkce pro ty, kte\u0159\u00ed cht\u011bj\u00ed prozkoumat nov\u00e9 mo\u017enosti v oblasti vlas\u016f:<\/p>\n\n\n\n<ul>\n<li><strong>Pokro\u010dil\u00e9 barevn\u00e9 filtry<\/strong> zobrazovat r\u016fzn\u00e9 odst\u00edny v re\u00e1ln\u00e9m \u010dase.<\/li>\n\n\n\n<li><strong>Vylep\u0161en\u00e9 rozpozn\u00e1v\u00e1n\u00ed obli\u010deje<\/strong>a ujist\u011bte se, \u017ee st\u0159ih odpov\u00edd\u00e1 tvaru va\u0161eho obli\u010deje.<\/li>\n\n\n\n<li><strong>Re\u017eim roz\u0161\u00ed\u0159en\u00e9 reality<\/strong>, co\u017e v\u00e1m umo\u017en\u00ed vyzkou\u0161et si styly na\u017eivo.<\/li>\n\n\n\n<li><strong>Knihovna trend\u016f<\/strong> s nejobl\u00edben\u011bj\u0161\u00edmi st\u0159ihy sou\u010dasnosti.<\/li>\n<\/ul>\n\n\n\n<h2 class=\"wp-block-heading\">Tipy pro dosa\u017een\u00ed nejlep\u0161\u00edch v\u00fdsledk\u016f v aplikaci<\/h2>\n\n\n\n<p>Aby byla va\u0161e simulace co nejrealisti\u010dt\u011bj\u0161\u00ed, \u0159i\u010fte se t\u011bmito tipy:<\/p>\n\n\n\n<ol>\n<li><strong>Pou\u017eijte dob\u0159e osv\u011btlenou fotografii<\/strong> a neutr\u00e1ln\u00ed pozad\u00ed pro lep\u0161\u00ed rozpozn\u00e1n\u00ed obli\u010deje.<\/li>\n\n\n\n<li><strong>Vyzkou\u0161ejte r\u016fzn\u00e9 \u00fahly<\/strong> vizualizovat, jak by st\u0159ih nebo barva vypadala z r\u016fzn\u00fdch perspektiv.<\/li>\n\n\n\n<li><strong>Experimentujte s r\u016fzn\u00fdmi mo\u017enostmi<\/strong> p\u0159ed kone\u010dn\u00fdm rozhodnut\u00edm.<\/li>\n\n\n\n<li><strong>Pora\u010fte se s odborn\u00edkem<\/strong> pokud m\u00e1te pochybnosti o \u017eivotaschopnosti nov\u00e9ho stylu.<\/li>\n<\/ol>\n\n\n\n<h2 class=\"wp-block-heading\">Z\u00e1v\u011br<\/h2>\n\n\n\n<p>Um\u011bl\u00e1 inteligence zp\u016fsobila revoluci ve sv\u011bt\u011b kr\u00e1sy a nyn\u00ed je zm\u011bna \u00fa\u010desu snaz\u0161\u00ed a dostupn\u011bj\u0161\u00ed ne\u017e kdy d\u0159\u00edve.<\/p>\n\n\n\n<p>S aplikac\u00ed AI Haircuts si m\u016f\u017eete vyzkou\u0161et nov\u00e9 st\u0159ihy a barvy, ani\u017e byste museli opustit domov a bez rizika.<\/p>\n\n\n\n<p>Krom\u011b toho, \u017ee je praktick\u00fdm n\u00e1strojem, v\u00e1m pom\u00e1h\u00e1 l\u00e9pe se rozhodovat o zm\u011bn\u00e1ch va\u0161eho stylu.<\/p>\n\n\n\n<p>Pokud chcete zm\u011bnit sv\u016fj vzhled s jistotou a pohodl\u00edm, tato aplikace je skv\u011blou volbou. St\u00e1hn\u011bte si ji hned te\u010f a objevte tu nejlep\u0161\u00ed verzi sv\u00fdch vlas\u016f!<\/p>\n\n\n\n<h3 class=\"wp-block-heading\"><strong>\u010casto kladen\u00e9 ot\u00e1zky<\/strong><\/h3>\n\n\n\n<h4 class=\"wp-block-heading\"><strong>1. Co je aplikace pro zm\u011bnu vlas\u016f s um\u011blou inteligenc\u00ed?<\/strong><\/h4>\n\n\n\n<p>Aplikace <strong>um\u011bl\u00e1 inteligence pro zm\u011bnu vlas\u016f<\/strong> Jsou to digit\u00e1ln\u00ed n\u00e1stroje, kter\u00e9 v\u00e1m umo\u017e\u0148uj\u00ed virtu\u00e1ln\u011b vyzkou\u0161et r\u016fzn\u00e9 st\u0159ihy, \u00fa\u010desy a barvy, ne\u017e provedete skute\u010dnou zm\u011bnu.<\/p>\n\n\n\n<p>Tyto aplikace vyu\u017e\u00edvaj\u00ed pokro\u010dil\u00e9 algoritmy k simulaci styl\u016f v re\u00e1ln\u00e9m \u010dase a nab\u00edzej\u00ed p\u0159esnou a personalizovanou vizualizaci.<\/p>\n\n\n\n<h4 class=\"wp-block-heading\"><strong>2. Jak funguj\u00ed aplikace pro testov\u00e1n\u00ed \u00fa\u010des\u016f s um\u011blou inteligenc\u00ed?<\/strong><\/h4>\n\n\n\n<p>Tyto aplikace pou\u017e\u00edvaj\u00ed <strong>rozpozn\u00e1v\u00e1n\u00ed obli\u010deje a um\u011bl\u00e1 inteligence<\/strong> k detekci tvaru obli\u010deje a textury vlas\u016f.<\/p>\n\n\n\n<p>Pomoc\u00ed fotografie nebo \u017eiv\u00e9ho obrazu z kamery aplikace aplikuje realistick\u00e9 efekty, kter\u00e9 simuluj\u00ed, jak by vypadal nov\u00fd \u00fa\u010des nebo barva. To v\u00e1m umo\u017en\u00ed \u010dinit sebev\u011bdom\u011bj\u0161\u00ed rozhodnut\u00ed p\u0159ed n\u00e1v\u0161t\u011bvou kade\u0159n\u00edka.<\/p>\n\n\n\n<h4 class=\"wp-block-heading\"><strong>3. Je simulace barvy vlas\u016f a st\u0159ihu v t\u011bchto aplikac\u00edch spolehliv\u00e1?<\/strong><\/h4>\n\n\n\n<p>Ano, v\u011bt\u0161ina t\u011bchto aplikac\u00ed <strong>simulace st\u0159ihu vlas\u016f<\/strong> Nab\u00edzej\u00ed pom\u011brn\u011b p\u0159esn\u00e9 zn\u00e1zorn\u011bn\u00ed.<\/p>\n\n\n\n<p>V\u00fdsledek v\u0161ak mohou ovlivnit faktory, jako je osv\u011btlen\u00ed, kvalita obrazu a typ vlas\u016f.<\/p>\n\n\n\n<p>Pro dosa\u017een\u00ed nejlep\u0161\u00edch v\u00fdsledk\u016f se doporu\u010duje pou\u017e\u00edvat dob\u0159e osv\u011btlen\u00e9 sn\u00edmky s vysok\u00fdm rozli\u0161en\u00edm.<\/p>\n\n\n\n<h4 class=\"wp-block-heading\"><strong>4. Jak\u00e9 jsou nejlep\u0161\u00ed aplikace pro \u00fapravu vlas\u016f s um\u011blou inteligenc\u00ed?<\/strong><\/h4>\n\n\n\n<p>Mezi nejlep\u0161\u00ed aplikace pat\u0159\u00ed:<\/p>\n\n\n\n<ul>\n<li><strong>\u00da\u010desy s um\u011blou inteligenc\u00ed<\/strong><\/li>\n\n\n\n<li><strong>YouCam Makeup<\/strong><\/li>\n\n\n\n<li><strong>Upravit mi vlasy<\/strong> od L&#039;Or\u00e9alu<\/li>\n\n\n\n<li><strong>M\u011bni\u010d barvy vlas\u016f<\/strong><\/li>\n\n\n\n<li><strong>Vyzkou\u0161ejte si \u00fa\u010des<\/strong><br>Tyto aplikace z <strong>kr\u00e1sa s um\u011blou inteligenc\u00ed<\/strong> v\u00e1m umo\u017en\u00ed vyzkou\u0161et si r\u016fzn\u00e9 \u00fa\u010desy a barvy realistick\u00fdm a personalizovan\u00fdm zp\u016fsobem.<\/li>\n<\/ul>\n\n\n\n<h4 class=\"wp-block-heading\"><strong>5. Jsou aplikace pro simulaci vlas\u016f s um\u011blou inteligenc\u00ed zdarma?<\/strong><\/h4>\n\n\n\n<p>Mnoho z t\u011bchto aplikac\u00ed nab\u00edz\u00ed bezplatn\u00e9 verze se z\u00e1kladn\u00edmi funkcemi.<\/p>\n\n\n\n<p>N\u011bkter\u00e9 v\u0161ak zahrnuj\u00ed <strong>pr\u00e9miov\u00e9 p\u0159edplatn\u00e9<\/strong> kter\u00e9 odemykaj\u00ed pokro\u010dil\u00e9 n\u00e1stroje, jako je detailn\u00ed p\u0159izp\u016fsoben\u00ed, 3D simulace a p\u0159esn\u011bj\u0161\u00ed mo\u017enosti barven\u00ed.<\/p>\n\n\n\n<h4 class=\"wp-block-heading\"><strong>6. M\u016f\u017eete si vyzkou\u0161et \u00fa\u010desy a barvy vlas\u016f v re\u00e1ln\u00e9m \u010dase?<\/strong><\/h4>\n\n\n\n<p>Ano, n\u011bkter\u00e9 aplikace to umo\u017e\u0148uj\u00ed. <strong>zm\u011bnit barvu a styl vlas\u016f \u017eiv\u011b<\/strong> pomoc\u00ed mobiln\u00edho fotoapar\u00e1tu.<\/p>\n\n\n\n<p>To poskytuje interaktivn\u00ed z\u00e1\u017eitek a usnad\u0148uje v\u00fdb\u011br nejlep\u0161\u00edho vzhledu bez nutnosti nahr\u00e1v\u00e1n\u00ed fotografi\u00ed.<\/p>\n\n\n\n<h4 class=\"wp-block-heading\"><strong>7. Kde si mohu st\u00e1hnout nejlep\u0161\u00ed kade\u0159nick\u00e9 aplikace s um\u011blou inteligenc\u00ed?<\/strong><\/h4>\n\n\n\n<p>Aplikace <strong>Simulace vlas\u016f s um\u011blou inteligenc\u00ed<\/strong> jsou k dispozici v:<\/p>\n\n\n\n<ul>\n<li><strong>Obchod Google Play<\/strong> pro za\u0159\u00edzen\u00ed s Androidem<\/li>\n\n\n\n<li><strong>Obchod s aplikacemi<\/strong> pro iOS<br>St\u00e1hn\u011bte si aplikaci dle vlastn\u00edho v\u00fdb\u011bru a b\u011bhem n\u011bkolika sekund experimentujte s nov\u00fdm stylem.<\/li>\n<\/ul>","protected":false},"excerpt":{"rendered":"<p>Jak um\u011bl\u00e1 inteligence zp\u016fsobuje revoluci v prom\u011bn\u00e1ch vlas\u016f. P\u0159em\u00fd\u0161leli jste n\u011bkdy o tom, \u017ee byste si p\u0159edt\u00edm, ne\u017e vezmete do ruky n\u016f\u017eky nebo si obarv\u00edte vlasy, \u00fapln\u011b zm\u011bnili sv\u016fj styl? Nyn\u00ed je to mo\u017en\u00e9 d\u00edky aplikaci s um\u011blou inteligenc\u00ed (AI), kter\u00e1 v\u00e1m umo\u017en\u00ed virtu\u00e1ln\u011b si vyzkou\u0161et r\u016fzn\u00e9 st\u0159ihy, \u00fa\u010desy a barvy vlas\u016f. Sta\u010d\u00ed jen p\u00e1r klepnut\u00ed na [\u2026]<\/p>","protected":false},"author":139,"featured_media":8860,"comment_status":"closed","ping_status":"open","sticky":false,"template":"","format":"standard","meta":{"footnotes":""},"categories":[2],"tags":[1935,1933,1932,1936,1934],"yoast_head":"<!-- This site is optimized with the Yoast SEO plugin v23.3 - https:\/\/yoast.com\/wordpress\/plugins\/seo\/ -->\n<title>Experimenta Cambiar el Estilo de tu Cabello con Esta App de IA - Universo Fam\u00edlia<\/title>\n<meta name=\"description\" content=\"Cortes de pelo con IA. C\u00f3mo la Inteligencia Artificial Est\u00e1 Revolucionando la Transformaci\u00f3n Capilar....\" \/>\n<meta name=\"robots\" content=\"index, follow, max-snippet:-1, max-image-preview:large, max-video-preview:-1\" \/>\n<link rel=\"canonical\" href=\"https:\/\/universofamilia.com\/cs\/cortes-de-pelo-con-ia\/\" \/>\n<meta property=\"og:locale\" content=\"cs_CZ\" \/>\n<meta property=\"og:type\" content=\"article\" \/>\n<meta property=\"og:title\" content=\"Experimenta Cambiar el Estilo de tu Cabello con Esta App de IA - Universo Fam\u00edlia\" \/>\n<meta property=\"og:description\" content=\"Cortes de pelo con IA. C\u00f3mo la Inteligencia Artificial Est\u00e1 Revolucionando la Transformaci\u00f3n Capilar....\" \/>\n<meta property=\"og:url\" content=\"https:\/\/universofamilia.com\/cs\/cortes-de-pelo-con-ia\/\" \/>\n<meta property=\"og:site_name\" content=\"Universo Fam\u00edlia\" \/>\n<meta property=\"article:published_time\" content=\"2025-03-01T17:41:59+00:00\" \/>\n<meta property=\"article:modified_time\" content=\"2025-03-01T22:39:19+00:00\" \/>\n<meta property=\"og:image\" content=\"https:\/\/universofamilia.com\/wp-content\/uploads\/sites\/148\/2025\/03\/BLOCO-APP-ARTIGO.jpg\" \/>\n\t<meta property=\"og:image:width\" content=\"1080\" \/>\n\t<meta property=\"og:image:height\" content=\"1080\" \/>\n\t<meta property=\"og:image:type\" content=\"image\/jpeg\" \/>\n<meta name=\"author\" content=\"Pedro Henrique\" \/>\n<meta name=\"twitter:card\" content=\"summary_large_image\" \/>\n<meta name=\"twitter:label1\" content=\"Written by\" \/>\n\t<meta name=\"twitter:data1\" content=\"Pedro Henrique\" \/>\n\t<meta name=\"twitter:label2\" content=\"Est. reading time\" \/>\n\t<meta name=\"twitter:data2\" content=\"6 minut\" \/>\n<script type=\"application\/ld+json\" class=\"yoast-schema-graph\">{\"@context\":\"https:\/\/schema.org\",\"@graph\":[{\"@type\":\"WebPage\",\"@id\":\"https:\/\/universofamilia.com\/ru\/cortes-de-pelo-con-ia\/\",\"url\":\"https:\/\/universofamilia.com\/ru\/cortes-de-pelo-con-ia\/\",\"name\":\"Experimenta Cambiar el Estilo de tu Cabello con Esta App de IA - Universo Fam\u00edlia\",\"isPartOf\":{\"@id\":\"https:\/\/universofamilia.com\/el\/#website\"},\"primaryImageOfPage\":{\"@id\":\"https:\/\/universofamilia.com\/ru\/cortes-de-pelo-con-ia\/#primaryimage\"},\"image\":{\"@id\":\"https:\/\/universofamilia.com\/ru\/cortes-de-pelo-con-ia\/#primaryimage\"},\"thumbnailUrl\":\"https:\/\/universofamilia.com\/wp-content\/uploads\/sites\/148\/2025\/03\/BLOCO-APP-ARTIGO.jpg\",\"datePublished\":\"2025-03-01T17:41:59+00:00\",\"dateModified\":\"2025-03-01T22:39:19+00:00\",\"author\":{\"@id\":\"https:\/\/universofamilia.com\/el\/#\/schema\/person\/f07ce98187dd84d31154262e79b3b7ca\"},\"description\":\"Cortes de pelo con IA. C\u00f3mo la Inteligencia Artificial Est\u00e1 Revolucionando la Transformaci\u00f3n Capilar....\",\"breadcrumb\":{\"@id\":\"https:\/\/universofamilia.com\/ru\/cortes-de-pelo-con-ia\/#breadcrumb\"},\"inLanguage\":\"cs\",\"potentialAction\":[{\"@type\":\"ReadAction\",\"target\":[\"https:\/\/universofamilia.com\/ru\/cortes-de-pelo-con-ia\/\"]}]},{\"@type\":\"ImageObject\",\"inLanguage\":\"cs\",\"@id\":\"https:\/\/universofamilia.com\/ru\/cortes-de-pelo-con-ia\/#primaryimage\",\"url\":\"https:\/\/universofamilia.com\/wp-content\/uploads\/sites\/148\/2025\/03\/BLOCO-APP-ARTIGO.jpg\",\"contentUrl\":\"https:\/\/universofamilia.com\/wp-content\/uploads\/sites\/148\/2025\/03\/BLOCO-APP-ARTIGO.jpg\",\"width\":1080,\"height\":1080,\"caption\":\"Cortes de pelo con IA\"},{\"@type\":\"BreadcrumbList\",\"@id\":\"https:\/\/universofamilia.com\/ru\/cortes-de-pelo-con-ia\/#breadcrumb\",\"itemListElement\":[{\"@type\":\"ListItem\",\"position\":1,\"name\":\"Home\",\"item\":\"https:\/\/universofamilia.com\/el\/\"},{\"@type\":\"ListItem\",\"position\":2,\"name\":\"Experimenta Cambiar el Estilo de tu Cabello con Esta App de IA\"}]},{\"@type\":\"WebSite\",\"@id\":\"https:\/\/universofamilia.com\/el\/#website\",\"url\":\"https:\/\/universofamilia.com\/el\/\",\"name\":\"Universo Fam\u00edlia\",\"description\":\"\",\"potentialAction\":[{\"@type\":\"SearchAction\",\"target\":{\"@type\":\"EntryPoint\",\"urlTemplate\":\"https:\/\/universofamilia.com\/el\/?s={search_term_string}\"},\"query-input\":\"required name=search_term_string\"}],\"inLanguage\":\"cs\"},{\"@type\":\"Person\",\"@id\":\"https:\/\/universofamilia.com\/el\/#\/schema\/person\/f07ce98187dd84d31154262e79b3b7ca\",\"name\":\"Pedro Henrique\",\"image\":{\"@type\":\"ImageObject\",\"inLanguage\":\"cs\",\"@id\":\"https:\/\/universofamilia.com\/el\/#\/schema\/person\/image\/\",\"url\":\"https:\/\/secure.gravatar.com\/avatar\/9edfeb808cb4e1599f64d6e45b130154?s=96&d=mm&r=g\",\"contentUrl\":\"https:\/\/secure.gravatar.com\/avatar\/9edfeb808cb4e1599f64d6e45b130154?s=96&d=mm&r=g\",\"caption\":\"Pedro Henrique\"},\"url\":\"https:\/\/universofamilia.com\/cs\/author\/editor01\/\"}]}<\/script>\n<!-- \/ Yoast SEO plugin. -->","yoast_head_json":{"title":"Experimenta Cambiar el Estilo de tu Cabello con Esta App de IA - Universo Fam\u00edlia","description":"Cortes de pelo con IA. C\u00f3mo la Inteligencia Artificial Est\u00e1 Revolucionando la Transformaci\u00f3n Capilar....","robots":{"index":"index","follow":"follow","max-snippet":"max-snippet:-1","max-image-preview":"max-image-preview:large","max-video-preview":"max-video-preview:-1"},"canonical":"https:\/\/universofamilia.com\/cs\/cortes-de-pelo-con-ia\/","og_locale":"cs_CZ","og_type":"article","og_title":"Experimenta Cambiar el Estilo de tu Cabello con Esta App de IA - Universo Fam\u00edlia","og_description":"Cortes de pelo con IA. C\u00f3mo la Inteligencia Artificial Est\u00e1 Revolucionando la Transformaci\u00f3n Capilar....","og_url":"https:\/\/universofamilia.com\/cs\/cortes-de-pelo-con-ia\/","og_site_name":"Universo Fam\u00edlia","article_published_time":"2025-03-01T17:41:59+00:00","article_modified_time":"2025-03-01T22:39:19+00:00","og_image":[{"width":1080,"height":1080,"url":"https:\/\/universofamilia.com\/wp-content\/uploads\/sites\/148\/2025\/03\/BLOCO-APP-ARTIGO.jpg","type":"image\/jpeg"}],"author":"Pedro Henrique","twitter_card":"summary_large_image","twitter_misc":{"Written by":"Pedro Henrique","Est. reading time":"6 minut"},"schema":{"@context":"https:\/\/schema.org","@graph":[{"@type":"WebPage","@id":"https:\/\/universofamilia.com\/ru\/cortes-de-pelo-con-ia\/","url":"https:\/\/universofamilia.com\/ru\/cortes-de-pelo-con-ia\/","name":"Experimenta Cambiar el Estilo de tu Cabello con Esta App de IA - Universo Fam\u00edlia","isPartOf":{"@id":"https:\/\/universofamilia.com\/el\/#website"},"primaryImageOfPage":{"@id":"https:\/\/universofamilia.com\/ru\/cortes-de-pelo-con-ia\/#primaryimage"},"image":{"@id":"https:\/\/universofamilia.com\/ru\/cortes-de-pelo-con-ia\/#primaryimage"},"thumbnailUrl":"https:\/\/universofamilia.com\/wp-content\/uploads\/sites\/148\/2025\/03\/BLOCO-APP-ARTIGO.jpg","datePublished":"2025-03-01T17:41:59+00:00","dateModified":"2025-03-01T22:39:19+00:00","author":{"@id":"https:\/\/universofamilia.com\/el\/#\/schema\/person\/f07ce98187dd84d31154262e79b3b7ca"},"description":"Cortes de pelo con IA. C\u00f3mo la Inteligencia Artificial Est\u00e1 Revolucionando la Transformaci\u00f3n Capilar....","breadcrumb":{"@id":"https:\/\/universofamilia.com\/ru\/cortes-de-pelo-con-ia\/#breadcrumb"},"inLanguage":"cs","potentialAction":[{"@type":"ReadAction","target":["https:\/\/universofamilia.com\/ru\/cortes-de-pelo-con-ia\/"]}]},{"@type":"ImageObject","inLanguage":"cs","@id":"https:\/\/universofamilia.com\/ru\/cortes-de-pelo-con-ia\/#primaryimage","url":"https:\/\/universofamilia.com\/wp-content\/uploads\/sites\/148\/2025\/03\/BLOCO-APP-ARTIGO.jpg","contentUrl":"https:\/\/universofamilia.com\/wp-content\/uploads\/sites\/148\/2025\/03\/BLOCO-APP-ARTIGO.jpg","width":1080,"height":1080,"caption":"Cortes de pelo con IA"},{"@type":"BreadcrumbList","@id":"https:\/\/universofamilia.com\/ru\/cortes-de-pelo-con-ia\/#breadcrumb","itemListElement":[{"@type":"ListItem","position":1,"name":"Home","item":"https:\/\/universofamilia.com\/el\/"},{"@type":"ListItem","position":2,"name":"Experimenta Cambiar el Estilo de tu Cabello con Esta App de IA"}]},{"@type":"WebSite","@id":"https:\/\/universofamilia.com\/el\/#website","url":"https:\/\/universofamilia.com\/el\/","name":"Universo Fam\u00edlia","description":"","potentialAction":[{"@type":"SearchAction","target":{"@type":"EntryPoint","urlTemplate":"https:\/\/universofamilia.com\/el\/?s={search_term_string}"},"query-input":"required name=search_term_string"}],"inLanguage":"cs"},{"@type":"Person","@id":"https:\/\/universofamilia.com\/el\/#\/schema\/person\/f07ce98187dd84d31154262e79b3b7ca","name":"Pedro Henrique","image":{"@type":"ImageObject","inLanguage":"cs","@id":"https:\/\/universofamilia.com\/el\/#\/schema\/person\/image\/","url":"https:\/\/secure.gravatar.com\/avatar\/9edfeb808cb4e1599f64d6e45b130154?s=96&d=mm&r=g","contentUrl":"https:\/\/secure.gravatar.com\/avatar\/9edfeb808cb4e1599f64d6e45b130154?s=96&d=mm&r=g","caption":"Pedro Henrique"},"url":"https:\/\/universofamilia.com\/cs\/author\/editor01\/"}]}},"_links":{"self":[{"href":"https:\/\/universofamilia.com\/cs\/wp-json\/wp\/v2\/posts\/8859"}],"collection":[{"href":"https:\/\/universofamilia.com\/cs\/wp-json\/wp\/v2\/posts"}],"about":[{"href":"https:\/\/universofamilia.com\/cs\/wp-json\/wp\/v2\/types\/post"}],"author":[{"embeddable":true,"href":"https:\/\/universofamilia.com\/cs\/wp-json\/wp\/v2\/users\/139"}],"replies":[{"embeddable":true,"href":"https:\/\/universofamilia.com\/cs\/wp-json\/wp\/v2\/comments?post=8859"}],"version-history":[{"count":2,"href":"https:\/\/universofamilia.com\/cs\/wp-json\/wp\/v2\/posts\/8859\/revisions"}],"predecessor-version":[{"id":8872,"href":"https:\/\/universofamilia.com\/cs\/wp-json\/wp\/v2\/posts\/8859\/revisions\/8872"}],"wp:featuredmedia":[{"embeddable":true,"href":"https:\/\/universofamilia.com\/cs\/wp-json\/wp\/v2\/media\/8860"}],"wp:attachment":[{"href":"https:\/\/universofamilia.com\/cs\/wp-json\/wp\/v2\/media?parent=8859"}],"wp:term":[{"taxonomy":"category","embeddable":true,"href":"https:\/\/universofamilia.com\/cs\/wp-json\/wp\/v2\/categories?post=8859"},{"taxonomy":"post_tag","embeddable":true,"href":"https:\/\/universofamilia.com\/cs\/wp-json\/wp\/v2\/tags?post=8859"}],"curies":[{"name":"wp","href":"https:\/\/api.w.org\/{rel}","templated":true}]}}