{"id":9463,"date":"2025-05-19T19:40:28","date_gmt":"2025-05-19T19:40:28","guid":{"rendered":"https:\/\/universofamilia.com\/?p=9463"},"modified":"2025-05-19T19:40:30","modified_gmt":"2025-05-19T19:40:30","slug":"conoce-personas-con-intereses-y-objetivos-similares","status":"publish","type":"post","link":"https:\/\/universofamilia.com\/cs\/conoce-personas-con-intereses-y-objetivos-similares\/","title":{"rendered":"Seznamte se s lidmi s podobn\u00fdmi z\u00e1jmy a c\u00edli"},"content":{"rendered":"<h4 class=\"wp-block-heading has-text-align-center\">Cht\u011bl\/a bys <strong>setkat se s n\u011bk\u00fdm<\/strong> Kdo sd\u00edl\u00ed tv\u00e9 sny?<\/h4>\n\n\n\n<p><\/p>\n\n\n\n<h5 class=\"wp-block-heading has-text-align-center\"><strong><mark class=\"has-inline-color has-vivid-cyan-blue-color\">Vyberte si jednu z mo\u017enost\u00ed!<\/mark><\/strong><\/h5>\n\n\n    <section class=\"mx-1 my-10\">\n                                                <a href=\"https:\/\/universofamilia.com\/cs\/aplicaciones-de-citas-2\/\" class=\"text-white\" data-analytics-label=\"optionsButton\"\n                    data-action=\"analytics#trackCTA\">\n                    <div data-options-target=\"option\"\n                        class=\"custom-section rounded-xl border p-3 shadow-md w-full bg-green-700 my-3\">\n                        <div class=\"flex w-full items-center justify-between\">\n                            <div class=\"flex items-center space-x-3\">\n                                <div class=\"text-lg font-bold\">\n                                    Seznamte se s tou nejkr\u00e1sn\u011bj\u0161\u00ed!  \u279d\n                                <\/div>\n                            <\/div>\n                        <\/div>\n                    <\/div>\n                <\/a>\n                                                            <a href=\"https:\/\/universofamilia.com\/cs\/objevovani-novych-pratelstvi\/\" class=\"text-white\" data-analytics-label=\"optionsButton\"\n                    data-action=\"analytics#trackCTA\">\n                    <div data-options-target=\"option\"\n                        class=\"custom-section rounded-xl border p-3 shadow-md w-full bg-green-700 my-3\">\n                        <div class=\"flex w-full items-center justify-between\">\n                            <div class=\"flex items-center space-x-3\">\n                                <div class=\"text-lg font-bold\">\n                                    Seznamte se s norm\u00e1ln\u00edmi \u017eenami!  \u279d\n                                <\/div>\n                            <\/div>\n                        <\/div>\n                    <\/div>\n                <\/a>\n                                                            <a href=\"https:\/\/universofamilia.com\/cs\/el-amor-a-un-clic\/\" class=\"text-white\" data-analytics-label=\"optionsButton\"\n                    data-action=\"analytics#trackCTA\">\n                    <div data-options-target=\"option\"\n                        class=\"custom-section rounded-xl border p-3 shadow-md w-full bg-green-700 my-3\">\n                        <div class=\"flex w-full items-center justify-between\">\n                            <div class=\"flex items-center space-x-3\">\n                                <div class=\"text-lg font-bold\">\n                                    Ahoj, mluv se mnou hned!  \u279d\n                                <\/div>\n                            <\/div>\n                        <\/div>\n                    <\/div>\n                <\/a>\n                            <p class=\"text-xs text-gray-500 text-right hidden\"\n            style=\"margin-left: 50%; margin-bottom: 50px; margin-top: 5px;\">\n            <!-- You will be redirected to another website -->\n        <\/p>\n    <\/section>\n\n\n\n\n<p class=\"has-text-align-right\"><strong><em>Z\u016fstane na stejn\u00e9m m\u00edst\u011b!<\/em><\/strong><\/p>\n\n\n\n<hr class=\"wp-block-separator has-alpha-channel-opacity is-style-wide\" \/>\n\n\n\n<p><\/p>\n\n\n\n<p><strong>Seznamte se s lidmi s podobn\u00fdmi z\u00e1jmy a c\u00edli<\/strong> a transformuje zp\u016fsob, jak\u00fdm se vztahujete k ostatn\u00edm.<\/p>\n\n\n\n<p>V dne\u0161n\u00ed dob\u011b, d\u00edky technologi\u00edm, ji\u017e nen\u00ed nutn\u00e9 tr\u00e1vit hodiny hovory s... <a href=\"https:\/\/universofamilia.com\/cs\/aplicaciones-de-citas-2\/\">lid\u00e9, kte\u0159\u00ed nejsou na stejn\u00e9 vln\u011b jako vy<\/a>.<\/p>\n\n\n\n<p>Sta\u010d\u00ed p\u00e1r kliknut\u00ed a najdete n\u011bkoho, kdo sm\u00fd\u0161l\u00ed stejn\u011b jako vy, kdo sd\u00edl\u00ed va\u0161e c\u00edle, hodnoty a dokonce i va\u0161e sny.<\/p>\n\n\n\n<p>\u010casto si nejv\u00edce p\u0159ejeme up\u0159\u00edmn\u00fd rozhovor, spojen\u00ed, kter\u00e9 jde za hranice povrchnosti.<\/p>\n\n\n\n<p>Ale jak pozn\u00e1te, jestli ten v\u00fdjime\u010dn\u00fd \u010dlov\u011bk sd\u00edl\u00ed va\u0161e stejn\u00e9 touhy?<\/p>\n\n\n\n<p>Odpov\u011b\u010f spo\u010d\u00edv\u00e1 v aplikac\u00edch navr\u017een\u00fdch tak, aby \u0161ly nad r\u00e1mec zd\u00e1n\u00ed a analyzovaly spole\u010dn\u00e9 z\u00e1jmy, hodnoty a c\u00edle.<\/p>\n\n\n\n<p>V tomto \u010dl\u00e1nku v\u00e1m uk\u00e1\u017eeme, jak si vybrat nejlep\u0161\u00ed aplikaci pro nalezen\u00ed skute\u010dn\u00fdch kontakt\u016f.<\/p>\n\n\n\n<p>Pov\u00edme si o nejd\u016fle\u017eit\u011bj\u0161\u00edch funkc\u00edch, d\u00e1me v\u00e1m praktick\u00e9 tipy a hlavn\u011b v\u00e1m doporu\u010d\u00edme <strong>3 spolehliv\u00e9 a snadno pou\u017eiteln\u00e9 aplikace<\/strong>, ide\u00e1ln\u00ed i pro lidi s mal\u00fdmi technologick\u00fdmi zku\u0161enostmi.<\/p>\n\n\n\n<p>Nez\u00e1le\u017e\u00ed na tom, jestli je v\u00e1m 20 nebo 70. Pokud hled\u00e1te n\u011bkoho, kdo v\u00e1m rozum\u00ed, jste na spr\u00e1vn\u00e9m m\u00edst\u011b.<\/p>\n\n\n\n<p>Do\u010dt\u011bte a\u017e do konce a p\u0159ipravte se na za\u010d\u00e1tek nov\u00e9 etapy pln\u00e9 mo\u017enost\u00ed s n\u00e1stroji, kter\u00e9 v\u00e1m pomohou i s chytrou l\u00e1skou.<\/p>\n\n\n\n<p><\/p>\n\n\n\n<hr class=\"wp-block-separator has-alpha-channel-opacity is-style-wide\" \/>\n\n\n\n<h4 class=\"wp-block-heading has-text-align-center\"><strong><mark class=\"has-inline-color has-luminous-vivid-orange-color\">\u010ct\u011bte tak\u00e9<\/mark><\/strong><\/h4>\n\n\n    <section class=\"mx-1 my-10\">\n                                                <a href=\"https:\/\/universofamilia.com\/cs\/asijske-lp-filmy\/\" class=\"text-white\" data-analytics-label=\"optionsButton\"\n                    data-action=\"analytics#trackCTA\">\n                    <div data-options-target=\"option\"\n                        class=\"custom-section rounded-xl border p-3 shadow-md w-full bg-green-700 my-3\">\n                        <div class=\"flex w-full items-center justify-between\">\n                            <div class=\"flex items-center space-x-3\">\n                                <div class=\"text-lg font-bold\">\n                                    Aplikace pro sledov\u00e1n\u00ed korejsk\u00fdch dramat \u279d\n                                <\/div>\n                            <\/div>\n                        <\/div>\n                    <\/div>\n                <\/a>\n                                                            <a href=\"https:\/\/universofamilia.com\/cs\/lp-recuperar-fotos\/\" class=\"text-white\" data-analytics-label=\"optionsButton\"\n                    data-action=\"analytics#trackCTA\">\n                    <div data-options-target=\"option\"\n                        class=\"custom-section rounded-xl border p-3 shadow-md w-full bg-green-700 my-3\">\n                        <div class=\"flex w-full items-center justify-between\">\n                            <div class=\"flex items-center space-x-3\">\n                                <div class=\"text-lg font-bold\">\n                                    Obnovte smazan\u00e9 fotografie pomoc\u00ed t\u00e9to aplikace!  \u279d\n                                <\/div>\n                            <\/div>\n                        <\/div>\n                    <\/div>\n                <\/a>\n                                                            <a href=\"https:\/\/universofamilia.com\/cs\/el-amor-a-un-clic\/\" class=\"text-white\" data-analytics-label=\"optionsButton\"\n                    data-action=\"analytics#trackCTA\">\n                    <div data-options-target=\"option\"\n                        class=\"custom-section rounded-xl border p-3 shadow-md w-full bg-green-700 my-3\">\n                        <div class=\"flex w-full items-center justify-between\">\n                            <div class=\"flex items-center space-x-3\">\n                                <div class=\"text-lg font-bold\">\n                                    Objevte ide\u00e1ln\u00ed seznamovac\u00ed aplikaci pro v\u00e1s \u279d\n                                <\/div>\n                            <\/div>\n                        <\/div>\n                    <\/div>\n                <\/a>\n                            <p class=\"text-xs text-gray-500 text-right hidden\"\n            style=\"margin-left: 50%; margin-bottom: 50px; margin-top: 5px;\">\n            <!-- You will be redirected to another website -->\n        <\/p>\n    <\/section>\n\n\n\n\n<p class=\"has-text-align-right\"><em><strong><em><strong><em><strong><em><strong><em><strong>Z\u016fstane na stejn\u00e9m m\u00edst\u011b!<\/strong><\/em><\/strong><\/em><\/strong><\/em><\/strong><\/em><\/strong><\/em><\/p>\n\n\n\n<hr class=\"wp-block-separator has-alpha-channel-opacity is-style-wide\" \/>\n\n\n\n<p><\/p>\n\n\n\n<h2 class=\"wp-block-heading\">Pro\u010d hledat n\u011bkoho s podobn\u00fdmi c\u00edli?<\/h2>\n\n\n\n<p>Kdy\u017e sd\u00edl\u00edme \u017eivotn\u00ed c\u00edle s jin\u00fdm \u010dlov\u011bkem, v\u0161echno plyne l\u00e9pe.<\/p>\n\n\n\n<p>Potkat n\u011bkoho, kdo si chce jen u\u017e\u00edt z\u00e1bavu, kdy\u017e hled\u00e1te v\u00e1\u017en\u00fd vztah, nen\u00ed tot\u00e9\u017e jako nav\u00e1zat vztah s n\u011bk\u00fdm, kdo tak\u00e9 sn\u00ed o zalo\u017een\u00ed rodiny, cestov\u00e1n\u00ed nebo podnik\u00e1n\u00ed.<\/p>\n\n\n\n<p>\u00dasp\u011b\u0161n\u00e9 vztahy \u010dasto nejsou zalo\u017eeny jen na chemii, ale i na vizi budoucnosti.<\/p>\n\n\n\n<p>Dva lid\u00e9 s podobn\u00fdmi c\u00edli se mohou navz\u00e1jem podporovat, sd\u00edlet \u00fasp\u011bchy a spole\u010dn\u011b p\u0159ekon\u00e1vat p\u0159ek\u00e1\u017eky.<\/p>\n\n\n\n<p>Spole\u010dn\u00e9 c\u00edle nav\u00edc sni\u017euj\u00ed nedorozum\u011bn\u00ed a p\u0159edch\u00e1zej\u00ed zklam\u00e1n\u00ed. Pokud oba v\u00edte, kam chcete j\u00edt, bude snaz\u0161\u00ed j\u00edt spole\u010dn\u011b.<\/p>\n\n\n\n<p>Proto jsou aplikace, kter\u00e9 umo\u017e\u0148uj\u00ed filtrovat lidi na z\u00e1klad\u011b jejich z\u00e1jm\u016f, hodnot a c\u00edl\u016f, skv\u011bl\u00fdm pomocn\u00edkem pro ty, kte\u0159\u00ed hledaj\u00ed skute\u010dn\u011b kompatibiln\u00ed vztahy.<\/p>\n\n\n\n<p>Vztahy, kter\u00e9 vznikaj\u00ed ze spole\u010dn\u00fdch c\u00edl\u016f, b\u00fdvaj\u00ed siln\u011bj\u0161\u00ed. Je tam v\u00edce komunikace, v\u00edce respektu a v\u00edce porozum\u011bn\u00ed.<\/p>\n\n\n\n<p>Je to, jako bychom od za\u010d\u00e1tku mluvili stejn\u00fdm jazykem. A to je k nezaplacen\u00ed.<\/p>\n\n\n\n<h2 class=\"wp-block-heading\">Aplikace, kter\u00e9 jdou nad r\u00e1mec vzhledu<\/h2>\n\n\n\n<p>Seznamovac\u00ed aplikace fungovaly roky v\u00fdhradn\u011b na z\u00e1klad\u011b fotografi\u00ed. P\u0159ejel jsi prstem doprava nebo doleva v z\u00e1vislosti na vzhledu druh\u00e9 osoby.<\/p>\n\n\n\n<p>Ale to se zm\u011bnilo. Dnes existuj\u00ed platformy, kter\u00e9 ch\u00e1pou, \u017ee nejd\u016fle\u017eit\u011bj\u0161\u00ed je obsah, co si dan\u00fd \u010dlov\u011bk mysl\u00ed, co chce a jak chce \u017e\u00edt sv\u016fj \u017eivot.<\/p>\n\n\n\n<p>Tyto aplikace vyu\u017e\u00edvaj\u00ed um\u011blou inteligenci, kv\u00edzy kompatibility a behavior\u00e1ln\u00ed anal\u00fdzu, aby v\u00e1m nab\u00eddly lidi, se kter\u00fdmi se m\u016f\u017eete skute\u010dn\u011b spojit.<\/p>\n\n\n\n<p>Je to jako m\u00edt kamar\u00e1da, kter\u00fd ti \u0159ekne: \u201eHele, mysl\u00edm, \u017ee tenhle \u010dlov\u011bk je pro tebe ide\u00e1ln\u00ed.\u201c<\/p>\n\n\n\n<p>Nab\u00edzej\u00ed tak\u00e9 funkce, jako nap\u0159\u00edklad:<\/p>\n\n\n\n<ul>\n<li>Personalizovan\u00e9 ot\u00e1zky pro prolomen\u00ed led\u016f<\/li>\n\n\n\n<li>Podrobn\u00e9 profily s kon\u00ed\u010dky, c\u00edli a \u017eivotn\u00edm stylem<\/li>\n\n\n\n<li>Upozorn\u011bn\u00ed na emo\u010dn\u00ed kompatibilitu<\/li>\n\n\n\n<li>Psychologick\u00e9 vy\u0161et\u0159en\u00ed pro p\u0159esn\u011bj\u0161\u00ed n\u00e1vrhy<\/li>\n<\/ul>\n\n\n\n<p>Pokud jste se d\u0159\u00edve b\u00e1li pou\u017e\u00edvat tyto typy platforem ze strachu ze ztr\u00e1ty \u010dasu nebo setk\u00e1n\u00ed s lidmi, kte\u0159\u00ed v\u00e1m nerozum\u00ed, nyn\u00ed si m\u016f\u017eete odpo\u010dinout.<\/p>\n\n\n\n<p>Tyto aplikace jsou vytvo\u0159eny tak, aby spojovaly podobn\u011b sm\u00fd\u0161lej\u00edc\u00ed du\u0161e, nejen hezk\u00e9 tv\u00e1\u0159e.<\/p>\n\n\n\n<h2 class=\"wp-block-heading\">Co je to vztah zalo\u017een\u00fd na c\u00edli?<\/h2>\n\n\n\n<p>Smyslupln\u00fd vztah jde daleko za hranice pouh\u00e9ho chozen\u00ed na ve\u010de\u0159i nebo tr\u00e1ven\u00ed \u010dasu s p\u0159\u00e1teli. Jde o to, krok za krokem n\u011bco budovat spole\u010dn\u011b.<\/p>\n\n\n\n<p>To vy\u017eaduje vz\u00e1jemn\u00fd respekt, porozum\u011bn\u00ed a p\u0159edev\u0161\u00edm v\u011bdom\u00ed, \u017ee oba jdou stejn\u00fdm sm\u011brem.<\/p>\n\n\n\n<h3 class=\"wp-block-heading\">V\u00fdhody sd\u00edlen\u00ed c\u00edl\u016f ve dvojici<\/h3>\n\n\n\n<ul>\n<li>Lep\u0161\u00ed komunikace: Mluven\u00ed o spole\u010dn\u00fdch c\u00edlech posiluje pouto<\/li>\n\n\n\n<li>M\u00e9n\u011b konflikt\u016f: d\u00edky stejn\u00e9 vizi je m\u00e9n\u011b h\u00e1dek<\/li>\n\n\n\n<li>V\u00edce emocion\u00e1ln\u00ed podpory: jsou doprov\u00e1zeni v dosa\u017een\u00ed \u00fasp\u011bch\u016f i p\u0159i v\u00fdzv\u00e1ch<\/li>\n\n\n\n<li>Dlouhodob\u011bj\u0161\u00ed vztahy: spole\u010dn\u00e9 projekty spojuj\u00ed v\u00edce ne\u017e jen chvilkov\u00e1 p\u0159ita\u017elivost<\/li>\n<\/ul>\n\n\n\n<p>Nap\u0159\u00edklad pokud se oba chcete p\u0159est\u011bhovat na venkov, na\u0161et\u0159it si na v\u00fdlet nebo si po\u0159\u00eddit dom\u00e1c\u00edho mazl\u00ed\u010dka, je mnohem snaz\u0161\u00ed se spole\u010dn\u011b rozhodovat.<\/p>\n\n\n\n<p>Nen\u00ed to tot\u00e9\u017e jako b\u00fdt s n\u011bk\u00fdm, kdo chce opak. M\u00edt spole\u010dn\u00e9 c\u00edle neznamen\u00e1 sm\u00fd\u0161let o v\u0161em stejn\u011b, ale sp\u00ed\u0161e m\u00edt podobn\u00fd pohled na \u017eivot.<\/p>\n\n\n\n<p>Vztah zalo\u017een\u00fd na c\u00edlech v\u00e1m tak\u00e9 pom\u00e1h\u00e1 r\u016fst. To t\u011b \u017eene dop\u0159edu. Je to jako m\u00edt partnera, kter\u00fd v\u00e1s povzbuzuje, motivuje a kr\u00e1\u010d\u00ed s v\u00e1mi.<\/p>\n\n\n\n<p>A to je n\u011bco, \u010deho si mnoho star\u0161\u00edch lid\u00ed tak\u00e9 velmi cen\u00ed.<\/p>\n\n\n\n<h2 class=\"wp-block-heading\">Co by m\u011bla m\u00edt dobr\u00e1 seznamovac\u00ed aplikace?<\/h2>\n\n\n\n<p>Aby byla aplikace skute\u010dn\u011b u\u017eite\u010dn\u00e1, mus\u00ed nab\u00edzet v\u00edce ne\u017e jen profily. M\u011blo by b\u00fdt intuitivn\u00ed, p\u0159\u00edstupn\u00e9 a zam\u011b\u0159en\u00e9 na to, na \u010dem skute\u010dn\u011b z\u00e1le\u017e\u00ed: spojit kompatibiln\u00ed lidi. Zde jsou kl\u00ed\u010dov\u00e9 body:<\/p>\n\n\n\n<h3 class=\"wp-block-heading\">Filtry podle \u017eivotn\u00edch c\u00edl\u016f<\/h3>\n\n\n\n<ul>\n<li>Hledejte jen lidi, kte\u0159\u00ed cht\u011bj\u00ed v\u00e1\u017en\u00fd vztah<\/li>\n\n\n\n<li>Filtrovat podle z\u00e1jm\u016f: rodina, pr\u00e1ce, cestov\u00e1n\u00ed, \u010dten\u00ed, v\u00edra<\/li>\n\n\n\n<li>Vyberte si podle \u017eivotn\u00edho stylu: vegetari\u00e1nsk\u00fd, duchovn\u00ed, aktivn\u00ed, klidn\u00fd<\/li>\n<\/ul>\n\n\n\n<h3 class=\"wp-block-heading\">U\u017eivatelsky p\u0159\u00edv\u011btiv\u00e9 rozhran\u00ed pro v\u0161echny v\u011bkov\u00e9 kategorie<\/h3>\n\n\n\n<ul>\n<li>Velk\u00e1 p\u00edsmena, jemn\u00e9 barvy a snadn\u00e1 navigace<\/li>\n\n\n\n<li>Jasn\u00e9 pokyny a viditeln\u00e1 tla\u010d\u00edtka<\/li>\n\n\n\n<li>Snadno pou\u017eiteln\u00fd chat, a to i pro netechnick\u00e9 nad\u0161ence<\/li>\n<\/ul>\n\n\n\n<h3 class=\"wp-block-heading\">Ochrana a bezpe\u010dnost<\/h3>\n\n\n\n<ul>\n<li>Moderov\u00e1n\u00ed fale\u0161n\u00fdch profil\u016f<\/li>\n\n\n\n<li>Rychl\u00e9 hl\u00e1\u0161en\u00ed problematick\u00fdch u\u017eivatel\u016f<\/li>\n\n\n\n<li>Mo\u017enosti skryt\u00ed osobn\u00edch \u00fadaj\u016f, dokud se nebudete c\u00edtit dob\u0159e<\/li>\n<\/ul>\n\n\n\n<p>Aplikace s t\u011bmito funkcemi m\u016f\u017ee b\u00fdt skute\u010dn\u00fdm mostem pro ty, kte\u0159\u00ed hledaj\u00ed skute\u010dn\u00fd p\u0159\u00edb\u011bh.<\/p>\n\n\n\n<h2 class=\"wp-block-heading\">3 nejlep\u0161\u00ed aplikace pro nalezen\u00ed lid\u00ed s podobn\u00fdmi z\u00e1jmy<\/h2>\n\n\n\n<h3 class=\"wp-block-heading\">\ud83e\udde1 <a href=\"https:\/\/www.eharmony.com\/\">eHarmony \u2013 Najd\u011bte si sv\u00e9ho ide\u00e1ln\u00edho partnera<\/a><\/h3>\n\n\n\n<p>eHarmony je jednou z nejuzn\u00e1van\u011bj\u0161\u00edch platforem na sv\u011bt\u011b.<\/p>\n\n\n\n<p>Jeho syst\u00e9m kompatibility je unik\u00e1tn\u00ed: analyzuje v\u00edce ne\u017e 30 aspekt\u016f va\u0161\u00ed osobnosti, aby na\u0161el hlubok\u00e9 shody.<\/p>\n\n\n\n<p>Je ide\u00e1ln\u00ed pro ty, kte\u0159\u00ed u\u017e necht\u011bj\u00ed ztr\u00e1cet \u010das a hledaj\u00ed n\u011bco seri\u00f3zn\u00edho.<\/p>\n\n\n\n<p><strong>V\u00fdhody:<\/strong><\/p>\n\n\n\n<ul>\n<li>V\u011bdecky podlo\u017een\u00fd psychologick\u00fd test<\/li>\n\n\n\n<li>Vysoce kompatibiln\u00ed denn\u00ed n\u00e1vrhy<\/li>\n\n\n\n<li>Zral\u00e1 komunita zam\u011b\u0159en\u00e1 na skute\u010dn\u00e9 vztahy<\/li>\n<\/ul>\n\n\n\n<p>Zvl\u00e1\u0161t\u011b doporu\u010deno pro osoby star\u0161\u00ed 40 let, rozveden\u00e9, ovdov\u011bl\u00e9 nebo ty, kte\u0159\u00ed cht\u011bj\u00ed znovu vybudovat sv\u016fj \u017eivot s n\u011bk\u00fdm, kdo si cen\u00ed stejn\u00fdch v\u011bc\u00ed.<\/p>\n\n\n\n<p><\/p>\n\n\n\n<hr class=\"wp-block-separator has-alpha-channel-opacity is-style-wide\" \/>\n\n\n\n<h3 class=\"wp-block-heading\"><mark class=\"has-inline-color has-luminous-vivid-amber-color\"><strong>St\u00e1hn\u011bte si aplikace<\/strong>.<\/mark><\/h3>\n\n\n    <section class=\"mx-1 my-10\">\n                                                <a href=\"https:\/\/www.eharmony.com\/\" class=\"text-white\" data-analytics-label=\"optionsButton\"\n                    data-action=\"analytics#trackCTA\">\n                    <div data-options-target=\"option\"\n                        class=\"custom-section rounded-xl border p-3 shadow-md w-full bg-green-700 my-3\">\n                        <div class=\"flex w-full items-center justify-between\">\n                            <div class=\"flex items-center space-x-3\">\n                                <div class=\"text-lg font-bold\">\n                                    eHarmonie \u279d\n                                <\/div>\n                            <\/div>\n                        <\/div>\n                    <\/div>\n                <\/a>\n                            <p class=\"text-xs text-gray-500 text-right\"\n            style=\"margin-left: 50%; margin-bottom: 50px; margin-top: 5px;\">\n            <!-- You will be redirected to another website -->\n        <\/p>\n    <\/section>\n\n\n\n\n<p class=\"has-text-align-right\"><strong><em>Budete p\u0159esm\u011brov\u00e1ni na jin\u00fd web<\/em><\/strong><\/p>\n\n\n\n<hr class=\"wp-block-separator has-alpha-channel-opacity is-style-wide\" \/>\n\n\n\n<p><\/p>\n\n\n\n<h3 class=\"wp-block-heading\">\ud83d\udc99 Pant \u2013 Ur\u010deno pro v\u00e1\u017en\u00e9 vztahy<\/h3>\n\n\n\n<p>Hinge je ur\u010den pro lidi, kte\u0159\u00ed necht\u011bj\u00ed jen neform\u00e1ln\u00ed rande. Nab\u00edz\u00ed profily s odpov\u011b\u010fmi na osobn\u00ed ot\u00e1zky, co\u017e umo\u017e\u0148uje autentick\u00e9 prolomen\u00ed led\u016f.<\/p>\n\n\n\n<p><strong>V\u00fdhody:<\/strong><\/p>\n\n\n\n<ul>\n<li>Algoritmus, kter\u00fd up\u0159ednost\u0148uje hlubok\u00e9 shody<\/li>\n\n\n\n<li>Plynulej\u0161\u00ed konverzace od za\u010d\u00e1tku<\/li>\n\n\n\n<li>Zaj\u00edmav\u00e9 profily nejen s fotkami<\/li>\n<\/ul>\n\n\n\n<p>Pokud hled\u00e1te n\u011bkoho, kdo si v\u00e1\u017e\u00ed va\u0161eho p\u0159\u00edb\u011bhu, va\u0161ich pl\u00e1n\u016f a va\u0161\u00ed podstaty, Hinge je to prav\u00e9 m\u00edsto.<\/p>\n\n\n\n<p><\/p>\n\n\n\n<hr class=\"wp-block-separator has-alpha-channel-opacity is-style-wide\" \/>\n\n\n\n<h3 class=\"wp-block-heading\"><mark class=\"has-inline-color has-luminous-vivid-amber-color\"><strong>St\u00e1hn\u011bte si aplikace<\/strong>.<\/mark><\/h3>\n\n\n    <section class=\"mx-1 my-10\">\n                                                <a href=\"https:\/\/hinge.co\/\" class=\"text-white\" data-analytics-label=\"optionsButton\"\n                    data-action=\"analytics#trackCTA\">\n                    <div data-options-target=\"option\"\n                        class=\"custom-section rounded-xl border p-3 shadow-md w-full bg-green-700 my-3\">\n                        <div class=\"flex w-full items-center justify-between\">\n                            <div class=\"flex items-center space-x-3\">\n                                <div class=\"text-lg font-bold\">\n                                    Pant \u279d\n                                <\/div>\n                            <\/div>\n                        <\/div>\n                    <\/div>\n                <\/a>\n                            <p class=\"text-xs text-gray-500 text-right\"\n            style=\"margin-left: 50%; margin-bottom: 50px; margin-top: 5px;\">\n            <!-- You will be redirected to another website -->\n        <\/p>\n    <\/section>\n\n\n\n\n<p class=\"has-text-align-right\"><strong><em>Budete p\u0159esm\u011brov\u00e1ni na jin\u00fd web<\/em><\/strong><\/p>\n\n\n\n<hr class=\"wp-block-separator has-alpha-channel-opacity is-style-wide\" \/>\n\n\n\n<p><\/p>\n\n\n\n<h3 class=\"wp-block-heading\">\ud83d\udc9b K\u00e1va se setk\u00e1v\u00e1 s bagelem \u2013 Skute\u010dn\u00e1 spojen\u00ed<\/h3>\n\n\n\n<p>Tato aplikace ka\u017ed\u00fd den odes\u00edl\u00e1 omezen\u00fd v\u00fdb\u011br profil\u016f na z\u00e1klad\u011b va\u0161ich z\u00e1jm\u016f.<\/p>\n\n\n\n<p>Takto se vyhnete nesmysln\u00e9mu swipov\u00e1n\u00ed a zam\u011b\u0159\u00edte svou pozornost na lidi, kte\u0159\u00ed v\u00e1m opravdu sed\u00ed.<\/p>\n\n\n\n<p><strong>V\u00fdhody:<\/strong><\/p>\n\n\n\n<ul>\n<li>Profily upraven\u00e9 podle va\u0161eho stylu<\/li>\n\n\n\n<li>Smyslupln\u011bj\u0161\u00ed rozhovory<\/li>\n\n\n\n<li>Komunity se spole\u010dn\u00fdmi hodnotami<\/li>\n<\/ul>\n\n\n\n<p>Ide\u00e1ln\u00ed, pokud d\u00e1v\u00e1te p\u0159ednost kvalit\u011b p\u0159ed kvantitou a pokud v\u011b\u0159\u00edte, \u017ee l\u00e1ska by nem\u011bla b\u00fdt z\u00e1vod, ale objevov\u00e1n\u00ed.<\/p>\n\n\n\n<p><\/p>\n\n\n\n<hr class=\"wp-block-separator has-alpha-channel-opacity is-style-wide\" \/>\n\n\n\n<h3 class=\"wp-block-heading\"><mark class=\"has-inline-color has-luminous-vivid-amber-color\"><strong>St\u00e1hn\u011bte si aplikace<\/strong>.<\/mark><\/h3>\n\n\n    <section class=\"mx-1 my-10\">\n                                                <a href=\"https:\/\/ww.coffeemeetsbagel.com\/\" class=\"text-white\" data-analytics-label=\"optionsButton\"\n                    data-action=\"analytics#trackCTA\">\n                    <div data-options-target=\"option\"\n                        class=\"custom-section rounded-xl border p-3 shadow-md w-full bg-green-700 my-3\">\n                        <div class=\"flex w-full items-center justify-between\">\n                            <div class=\"flex items-center space-x-3\">\n                                <div class=\"text-lg font-bold\">\n                                    K\u00e1va se setk\u00e1v\u00e1 s bagelem \u279d\n                                <\/div>\n                            <\/div>\n                        <\/div>\n                    <\/div>\n                <\/a>\n                            <p class=\"text-xs text-gray-500 text-right\"\n            style=\"margin-left: 50%; margin-bottom: 50px; margin-top: 5px;\">\n            <!-- You will be redirected to another website -->\n        <\/p>\n    <\/section>\n\n\n\n\n<p class=\"has-text-align-right\"><strong><em>Budete p\u0159esm\u011brov\u00e1ni na jin\u00fd web<\/em><\/strong><\/p>\n\n\n\n<hr class=\"wp-block-separator has-alpha-channel-opacity is-style-wide\" \/>\n\n\n\n<p><\/p>\n\n\n\n<h2 class=\"wp-block-heading\">Jak b\u00fdt s t\u011bmito aplikacemi \u00fasp\u011b\u0161n\u011bj\u0161\u00ed?<\/h2>\n\n\n\n<h3 class=\"wp-block-heading\">Vytvo\u0159te si autentick\u00fd profil<\/h3>\n\n\n\n<p>V\u00e1\u0161 profil je v\u00e1\u0161 motiva\u010dn\u00ed dopis. Bu\u010fte sami sebou, sd\u00edlejte, co milujete, o \u010dem sn\u00edte a co od partnera o\u010dek\u00e1v\u00e1te.<\/p>\n\n\n\n<p>To p\u0159il\u00e1k\u00e1 lidi, kte\u0159\u00ed hledaj\u00ed tot\u00e9\u017e.<\/p>\n\n\n\n<ul>\n<li>Pou\u017e\u00edvejte skute\u010dn\u00e9, p\u0159irozen\u00e9 fotografie s dobr\u00fdm osv\u011btlen\u00edm<\/li>\n\n\n\n<li>Napi\u0161te up\u0159\u00edmn\u00fd, ale z\u00e1rove\u0148 vesel\u00fd popis<\/li>\n\n\n\n<li>Uve\u010fte sv\u00e9 z\u00e1jmy, kon\u00ed\u010dky a c\u00edle<\/li>\n<\/ul>\n\n\n\n<h3 class=\"wp-block-heading\">Mluvte s \u00famyslem<\/h3>\n\n\n\n<p>Kdy\u017e za\u010d\u00edn\u00e1te konverzaci, ptejte se na ot\u00e1zky, kter\u00e9 projevuj\u00ed skute\u010dn\u00fd z\u00e1jem. Vyh\u00fdbejte se kli\u0161\u00e9. Bu\u010fte zv\u011bdav\u00ed, laskav\u00ed a otev\u0159en\u00ed.<\/p>\n\n\n\n<ul>\n<li>\u201eCo v\u00e1s motivovalo k tomu, abyste tady byli?\u201c<\/li>\n\n\n\n<li>\u201eJak\u00fd sen si je\u0161t\u011b mus\u00ed\u0161 splnit?\u201c<\/li>\n\n\n\n<li>\u201e\u010ceho si ve vztahu nejv\u00edce cen\u00edte?\u201c<\/li>\n<\/ul>\n\n\n\n<h3 class=\"wp-block-heading\">Z\u016fsta\u0148te v bezpe\u010d\u00ed<\/h3>\n\n\n\n<p>I kdy\u017e aplikace pln\u00ed svou roli, m\u011bli byste se starat i o sebe.<\/p>\n\n\n\n<ul>\n<li>Nikdy nesd\u00edlejte svou adresu ani bankovn\u00ed \u00fadaje<\/li>\n\n\n\n<li>Pou\u017e\u00edvejte chat aplikace, dokud si nebudete jist\u00ed.<\/li>\n\n\n\n<li>Pokud se rozhodnete se setkat, sch\u00e1zejte se na ve\u0159ejn\u00fdch m\u00edstech.<\/li>\n<\/ul>\n\n\n<div class=\"wp-block-image\">\n<figure class=\"aligncenter size-full\"><img loading=\"lazy\" decoding=\"async\" width=\"550\" height=\"350\" src=\"https:\/\/universofamilia.com\/wp-content\/uploads\/sites\/148\/2025\/05\/DESTAQUE-UNIVERSO-550-x-350-2-3.jpg\" alt=\"\" class=\"wp-image-9466\" srcset=\"https:\/\/universofamilia.com\/wp-content\/uploads\/sites\/148\/2025\/05\/DESTAQUE-UNIVERSO-550-x-350-2-3.jpg 550w, https:\/\/universofamilia.com\/wp-content\/uploads\/sites\/148\/2025\/05\/DESTAQUE-UNIVERSO-550-x-350-2-3-300x191.jpg 300w, https:\/\/universofamilia.com\/wp-content\/uploads\/sites\/148\/2025\/05\/DESTAQUE-UNIVERSO-550-x-350-2-3-18x12.jpg 18w\" sizes=\"(max-width: 550px) 100vw, 550px\" \/><figcaption class=\"wp-element-caption\">Seznamte se s lidmi s podobn\u00fdmi z\u00e1jmy a c\u00edli<\/figcaption><\/figure><\/div>\n\n\n<h2 class=\"wp-block-heading\">Inspirativn\u00ed sv\u011bdectv\u00ed<\/h2>\n\n\n\n<h3 class=\"wp-block-heading\">Marie, 62 let<\/h3>\n\n\n\n<p>\u201ePot\u00e9, co jsem ovdov\u011bla, jsem si myslela, \u017ee u\u017e nikdy nikoho nenajdu. Pou\u017e\u00edvala jsem eHarmony s obavami, ale na\u0161la jsem Jorgeho, mil\u00e9ho mu\u017ee, kter\u00fd tak\u00e9 za\u017eil ztr\u00e1tu.\u201c<\/p>\n\n\n\n<p>Dnes cestujeme spole\u010dn\u011b a sd\u00edl\u00edme na\u0161e dny v m\u00edru a radosti.\u201c<\/p>\n\n\n\n<h3 class=\"wp-block-heading\">Roberto, 48 let<\/h3>\n\n\n\n<p>\u201eV\u017edycky jsem cht\u011bla rodinu, ale nikdy jsem nena\u0161la toho prav\u00e9ho. Elenu jsem potkala na Hinge. Zjistily jsme, \u017ee ob\u011b milujeme knihy, p\u0159\u00edrodu a m\u00e1me stejn\u00e9 touhy. Dnes pl\u00e1nujeme na\u0161i budoucnost s l\u00e1skou a vz\u00e1jemn\u00fdm porozum\u011bn\u00edm.\u201c<\/p>\n\n\n\n<h2 class=\"wp-block-heading\">Za\u010dn\u011bte jednat a ud\u011blejte prvn\u00ed krok<\/h2>\n\n\n\n<p>V\u00e1\u0161 p\u0159\u00edb\u011bh se m\u016f\u017ee zm\u011bnit dnes. Sta\u010d\u00ed jen jedno rozhodnut\u00ed, jedna instalace, jedna zpr\u00e1va. Nez\u00e1le\u017e\u00ed na va\u0161em v\u011bku ani na va\u0161ich technick\u00fdch zku\u0161enostech.<\/p>\n\n\n\n<p>Existuj\u00ed lid\u00e9, kte\u0159\u00ed hledaj\u00ed tot\u00e9\u017e co vy: pravou l\u00e1sku, hlubok\u00e9 spojen\u00ed, n\u011bkoho, kdo naslouch\u00e1 a rozum\u00ed.<\/p>\n\n\n\n<p><strong>Seznamte se s lidmi s podobn\u00fdmi z\u00e1jmy a c\u00edli<\/strong> s aplikacemi, kter\u00e9 se o v\u00e1s staraj\u00ed, up\u0159ednost\u0148uj\u00ed va\u0161e hodnoty a spojuj\u00ed v\u00e1s s t\u011bmi, kte\u0159\u00ed s v\u00e1mi tak\u00e9 cht\u011bj\u00ed sd\u00edlet \u017eivot.<\/p>\n\n\n\n<p>Klikn\u011bte na odkazy, st\u00e1hn\u011bte si aplikaci, kter\u00e1 se v\u00e1m nejv\u00edce l\u00edb\u00ed, a ud\u011blejte prvn\u00ed krok. Proto\u017ee l\u00e1ska nezn\u00e1 v\u011bk. A dne\u0161ek m\u016f\u017ee b\u00fdt va\u0161\u00edm skv\u011bl\u00fdm za\u010d\u00e1tkem.<\/p>","protected":false},"excerpt":{"rendered":"<p>\u00bfTe gustar\u00eda conocer a alguien que comparta tus sue\u00f1os? \u00a1Elija una de las opciones! \u00a1Permanecer\u00e1 en el mismo sitio! Conoce personas con intereses y objetivos similares y transforma tu forma de relacionarte con los dem\u00e1s. Hoy en d\u00eda, gracias a la tecnolog\u00eda, ya no es necesario pasar horas hablando con personas que no est\u00e1n en [&hellip;]<\/p>","protected":false},"author":139,"featured_media":9466,"comment_status":"closed","ping_status":"open","sticky":false,"template":"","format":"standard","meta":{"footnotes":""},"categories":[2],"tags":[2272,2250,2291,2289,2290],"yoast_head":"<!-- This site is optimized with the Yoast SEO plugin v23.3 - https:\/\/yoast.com\/wordpress\/plugins\/seo\/ -->\n<title>Conoce personas con intereses y objetivos similares - Universo Fam\u00edlia<\/title>\n<meta name=\"description\" content=\"Conoce personas con intereses y objetivos similares. \u00bfTe gustar\u00eda conocer a alguien que comparta tus sue\u00f1os?...\" \/>\n<meta name=\"robots\" content=\"index, follow, max-snippet:-1, max-image-preview:large, max-video-preview:-1\" \/>\n<link rel=\"canonical\" href=\"http:\/\/universofamilia.com\/cs\/conoce-personas-con-intereses-y-objetivos-similares\/\" \/>\n<meta property=\"og:locale\" content=\"cs_CZ\" \/>\n<meta property=\"og:type\" content=\"article\" \/>\n<meta property=\"og:title\" content=\"Conoce personas con intereses y objetivos similares - Universo Fam\u00edlia\" \/>\n<meta property=\"og:description\" content=\"Conoce personas con intereses y objetivos similares. \u00bfTe gustar\u00eda conocer a alguien que comparta tus sue\u00f1os?...\" \/>\n<meta property=\"og:url\" content=\"http:\/\/universofamilia.com\/cs\/conoce-personas-con-intereses-y-objetivos-similares\/\" \/>\n<meta property=\"og:site_name\" content=\"Universo Fam\u00edlia\" \/>\n<meta property=\"article:published_time\" content=\"2025-05-19T19:40:28+00:00\" \/>\n<meta property=\"article:modified_time\" content=\"2025-05-19T19:40:30+00:00\" \/>\n<meta property=\"og:image\" content=\"http:\/\/universofamilia.com\/wp-content\/uploads\/sites\/148\/2025\/05\/DESTAQUE-UNIVERSO-550-x-350-2-3.jpg\" \/>\n\t<meta property=\"og:image:width\" content=\"550\" \/>\n\t<meta property=\"og:image:height\" content=\"350\" \/>\n\t<meta property=\"og:image:type\" content=\"image\/jpeg\" \/>\n<meta name=\"author\" content=\"Pedro Henrique\" \/>\n<meta name=\"twitter:card\" content=\"summary_large_image\" \/>\n<meta name=\"twitter:label1\" content=\"Written by\" \/>\n\t<meta name=\"twitter:data1\" content=\"Pedro Henrique\" \/>\n\t<meta name=\"twitter:label2\" content=\"Est. reading time\" \/>\n\t<meta name=\"twitter:data2\" content=\"9 minut\" \/>\n<script type=\"application\/ld+json\" class=\"yoast-schema-graph\">{\"@context\":\"https:\/\/schema.org\",\"@graph\":[{\"@type\":\"WebPage\",\"@id\":\"http:\/\/universofamilia.com\/de\/conoce-personas-con-intereses-y-objetivos-similares\/\",\"url\":\"http:\/\/universofamilia.com\/de\/conoce-personas-con-intereses-y-objetivos-similares\/\",\"name\":\"Conoce personas con intereses y objetivos similares - Universo Fam\u00edlia\",\"isPartOf\":{\"@id\":\"https:\/\/universofamilia.com\/el\/#website\"},\"primaryImageOfPage\":{\"@id\":\"http:\/\/universofamilia.com\/de\/conoce-personas-con-intereses-y-objetivos-similares\/#primaryimage\"},\"image\":{\"@id\":\"http:\/\/universofamilia.com\/de\/conoce-personas-con-intereses-y-objetivos-similares\/#primaryimage\"},\"thumbnailUrl\":\"https:\/\/universofamilia.com\/wp-content\/uploads\/sites\/148\/2025\/05\/DESTAQUE-UNIVERSO-550-x-350-2-3.jpg\",\"datePublished\":\"2025-05-19T19:40:28+00:00\",\"dateModified\":\"2025-05-19T19:40:30+00:00\",\"author\":{\"@id\":\"https:\/\/universofamilia.com\/el\/#\/schema\/person\/f07ce98187dd84d31154262e79b3b7ca\"},\"description\":\"Conoce personas con intereses y objetivos similares. \u00bfTe gustar\u00eda conocer a alguien que comparta tus sue\u00f1os?...\",\"breadcrumb\":{\"@id\":\"http:\/\/universofamilia.com\/de\/conoce-personas-con-intereses-y-objetivos-similares\/#breadcrumb\"},\"inLanguage\":\"cs\",\"potentialAction\":[{\"@type\":\"ReadAction\",\"target\":[\"http:\/\/universofamilia.com\/de\/conoce-personas-con-intereses-y-objetivos-similares\/\"]}]},{\"@type\":\"ImageObject\",\"inLanguage\":\"cs\",\"@id\":\"http:\/\/universofamilia.com\/de\/conoce-personas-con-intereses-y-objetivos-similares\/#primaryimage\",\"url\":\"https:\/\/universofamilia.com\/wp-content\/uploads\/sites\/148\/2025\/05\/DESTAQUE-UNIVERSO-550-x-350-2-3.jpg\",\"contentUrl\":\"https:\/\/universofamilia.com\/wp-content\/uploads\/sites\/148\/2025\/05\/DESTAQUE-UNIVERSO-550-x-350-2-3.jpg\",\"width\":550,\"height\":350,\"caption\":\"Conoce personas con intereses y objetivos similares\"},{\"@type\":\"BreadcrumbList\",\"@id\":\"http:\/\/universofamilia.com\/de\/conoce-personas-con-intereses-y-objetivos-similares\/#breadcrumb\",\"itemListElement\":[{\"@type\":\"ListItem\",\"position\":1,\"name\":\"Home\",\"item\":\"https:\/\/universofamilia.com\/el\/\"},{\"@type\":\"ListItem\",\"position\":2,\"name\":\"Conoce personas con intereses y objetivos similares\"}]},{\"@type\":\"WebSite\",\"@id\":\"https:\/\/universofamilia.com\/el\/#website\",\"url\":\"https:\/\/universofamilia.com\/el\/\",\"name\":\"Universo Fam\u00edlia\",\"description\":\"\",\"potentialAction\":[{\"@type\":\"SearchAction\",\"target\":{\"@type\":\"EntryPoint\",\"urlTemplate\":\"https:\/\/universofamilia.com\/el\/?s={search_term_string}\"},\"query-input\":\"required name=search_term_string\"}],\"inLanguage\":\"cs\"},{\"@type\":\"Person\",\"@id\":\"https:\/\/universofamilia.com\/el\/#\/schema\/person\/f07ce98187dd84d31154262e79b3b7ca\",\"name\":\"Pedro Henrique\",\"image\":{\"@type\":\"ImageObject\",\"inLanguage\":\"cs\",\"@id\":\"https:\/\/universofamilia.com\/el\/#\/schema\/person\/image\/\",\"url\":\"https:\/\/secure.gravatar.com\/avatar\/9edfeb808cb4e1599f64d6e45b130154?s=96&d=mm&r=g\",\"contentUrl\":\"https:\/\/secure.gravatar.com\/avatar\/9edfeb808cb4e1599f64d6e45b130154?s=96&d=mm&r=g\",\"caption\":\"Pedro Henrique\"},\"url\":\"https:\/\/universofamilia.com\/cs\/author\/editor01\/\"}]}<\/script>\n<!-- \/ Yoast SEO plugin. -->","yoast_head_json":{"title":"Conoce personas con intereses y objetivos similares - Universo Fam\u00edlia","description":"Conoce personas con intereses y objetivos similares. \u00bfTe gustar\u00eda conocer a alguien que comparta tus sue\u00f1os?...","robots":{"index":"index","follow":"follow","max-snippet":"max-snippet:-1","max-image-preview":"max-image-preview:large","max-video-preview":"max-video-preview:-1"},"canonical":"http:\/\/universofamilia.com\/cs\/conoce-personas-con-intereses-y-objetivos-similares\/","og_locale":"cs_CZ","og_type":"article","og_title":"Conoce personas con intereses y objetivos similares - Universo Fam\u00edlia","og_description":"Conoce personas con intereses y objetivos similares. \u00bfTe gustar\u00eda conocer a alguien que comparta tus sue\u00f1os?...","og_url":"http:\/\/universofamilia.com\/cs\/conoce-personas-con-intereses-y-objetivos-similares\/","og_site_name":"Universo Fam\u00edlia","article_published_time":"2025-05-19T19:40:28+00:00","article_modified_time":"2025-05-19T19:40:30+00:00","og_image":[{"width":550,"height":350,"url":"http:\/\/universofamilia.com\/wp-content\/uploads\/sites\/148\/2025\/05\/DESTAQUE-UNIVERSO-550-x-350-2-3.jpg","type":"image\/jpeg"}],"author":"Pedro Henrique","twitter_card":"summary_large_image","twitter_misc":{"Written by":"Pedro Henrique","Est. reading time":"9 minut"},"schema":{"@context":"https:\/\/schema.org","@graph":[{"@type":"WebPage","@id":"http:\/\/universofamilia.com\/de\/conoce-personas-con-intereses-y-objetivos-similares\/","url":"http:\/\/universofamilia.com\/de\/conoce-personas-con-intereses-y-objetivos-similares\/","name":"Conoce personas con intereses y objetivos similares - Universo Fam\u00edlia","isPartOf":{"@id":"https:\/\/universofamilia.com\/el\/#website"},"primaryImageOfPage":{"@id":"http:\/\/universofamilia.com\/de\/conoce-personas-con-intereses-y-objetivos-similares\/#primaryimage"},"image":{"@id":"http:\/\/universofamilia.com\/de\/conoce-personas-con-intereses-y-objetivos-similares\/#primaryimage"},"thumbnailUrl":"https:\/\/universofamilia.com\/wp-content\/uploads\/sites\/148\/2025\/05\/DESTAQUE-UNIVERSO-550-x-350-2-3.jpg","datePublished":"2025-05-19T19:40:28+00:00","dateModified":"2025-05-19T19:40:30+00:00","author":{"@id":"https:\/\/universofamilia.com\/el\/#\/schema\/person\/f07ce98187dd84d31154262e79b3b7ca"},"description":"Conoce personas con intereses y objetivos similares. \u00bfTe gustar\u00eda conocer a alguien que comparta tus sue\u00f1os?...","breadcrumb":{"@id":"http:\/\/universofamilia.com\/de\/conoce-personas-con-intereses-y-objetivos-similares\/#breadcrumb"},"inLanguage":"cs","potentialAction":[{"@type":"ReadAction","target":["http:\/\/universofamilia.com\/de\/conoce-personas-con-intereses-y-objetivos-similares\/"]}]},{"@type":"ImageObject","inLanguage":"cs","@id":"http:\/\/universofamilia.com\/de\/conoce-personas-con-intereses-y-objetivos-similares\/#primaryimage","url":"https:\/\/universofamilia.com\/wp-content\/uploads\/sites\/148\/2025\/05\/DESTAQUE-UNIVERSO-550-x-350-2-3.jpg","contentUrl":"https:\/\/universofamilia.com\/wp-content\/uploads\/sites\/148\/2025\/05\/DESTAQUE-UNIVERSO-550-x-350-2-3.jpg","width":550,"height":350,"caption":"Conoce personas con intereses y objetivos similares"},{"@type":"BreadcrumbList","@id":"http:\/\/universofamilia.com\/de\/conoce-personas-con-intereses-y-objetivos-similares\/#breadcrumb","itemListElement":[{"@type":"ListItem","position":1,"name":"Home","item":"https:\/\/universofamilia.com\/el\/"},{"@type":"ListItem","position":2,"name":"Conoce personas con intereses y objetivos similares"}]},{"@type":"WebSite","@id":"https:\/\/universofamilia.com\/el\/#website","url":"https:\/\/universofamilia.com\/el\/","name":"Universo Fam\u00edlia","description":"","potentialAction":[{"@type":"SearchAction","target":{"@type":"EntryPoint","urlTemplate":"https:\/\/universofamilia.com\/el\/?s={search_term_string}"},"query-input":"required name=search_term_string"}],"inLanguage":"cs"},{"@type":"Person","@id":"https:\/\/universofamilia.com\/el\/#\/schema\/person\/f07ce98187dd84d31154262e79b3b7ca","name":"Pedro Henrique","image":{"@type":"ImageObject","inLanguage":"cs","@id":"https:\/\/universofamilia.com\/el\/#\/schema\/person\/image\/","url":"https:\/\/secure.gravatar.com\/avatar\/9edfeb808cb4e1599f64d6e45b130154?s=96&d=mm&r=g","contentUrl":"https:\/\/secure.gravatar.com\/avatar\/9edfeb808cb4e1599f64d6e45b130154?s=96&d=mm&r=g","caption":"Pedro Henrique"},"url":"https:\/\/universofamilia.com\/cs\/author\/editor01\/"}]}},"_links":{"self":[{"href":"https:\/\/universofamilia.com\/cs\/wp-json\/wp\/v2\/posts\/9463"}],"collection":[{"href":"https:\/\/universofamilia.com\/cs\/wp-json\/wp\/v2\/posts"}],"about":[{"href":"https:\/\/universofamilia.com\/cs\/wp-json\/wp\/v2\/types\/post"}],"author":[{"embeddable":true,"href":"https:\/\/universofamilia.com\/cs\/wp-json\/wp\/v2\/users\/139"}],"replies":[{"embeddable":true,"href":"https:\/\/universofamilia.com\/cs\/wp-json\/wp\/v2\/comments?post=9463"}],"version-history":[{"count":2,"href":"https:\/\/universofamilia.com\/cs\/wp-json\/wp\/v2\/posts\/9463\/revisions"}],"predecessor-version":[{"id":9472,"href":"https:\/\/universofamilia.com\/cs\/wp-json\/wp\/v2\/posts\/9463\/revisions\/9472"}],"wp:featuredmedia":[{"embeddable":true,"href":"https:\/\/universofamilia.com\/cs\/wp-json\/wp\/v2\/media\/9466"}],"wp:attachment":[{"href":"https:\/\/universofamilia.com\/cs\/wp-json\/wp\/v2\/media?parent=9463"}],"wp:term":[{"taxonomy":"category","embeddable":true,"href":"https:\/\/universofamilia.com\/cs\/wp-json\/wp\/v2\/categories?post=9463"},{"taxonomy":"post_tag","embeddable":true,"href":"https:\/\/universofamilia.com\/cs\/wp-json\/wp\/v2\/tags?post=9463"}],"curies":[{"name":"wp","href":"https:\/\/api.w.org\/{rel}","templated":true}]}}