{"id":9502,"date":"2025-06-06T20:29:52","date_gmt":"2025-06-06T20:29:52","guid":{"rendered":"https:\/\/universofamilia.com\/?p=9502"},"modified":"2025-06-06T20:29:53","modified_gmt":"2025-06-06T20:29:53","slug":"traicion-y-secretos-mira-lo-que-paso","status":"publish","type":"post","link":"https:\/\/universofamilia.com\/cs\/traicion-y-secretos-mira-lo-que-paso\/","title":{"rendered":"Zrada a tajemstv\u00ed! Pod\u00edvejte se, co se stalo!"},"content":{"rendered":"<p class=\"has-text-align-center\">P\u0159ipravte se na \u00fa\u017eas a nad\u0161en\u00ed! Pod\u00edvejte se na 1. epizodu hned te\u010f.<\/p>\n\n\n    <section class=\"mx-1 my-10\">\n                                                <a href=\"https:\/\/universofamilia.com\/cs\/el-amor-a-un-clic\/\" class=\"text-white\" data-analytics-label=\"optionsButton\"\n                    data-action=\"analytics#trackCTA\">\n                    <div data-options-target=\"option\"\n                        class=\"custom-section rounded-xl border p-3 shadow-md w-full bg-green-700 my-3\">\n                        <div class=\"flex w-full items-center justify-between\">\n                            <div class=\"flex items-center space-x-3\">\n                                <div class=\"text-lg font-bold\">\n                                    POD\u00cdVEJTE SE, CO SE STALO \u279d\n                                <\/div>\n                            <\/div>\n                        <\/div>\n                    <\/div>\n                <\/a>\n                            <p class=\"text-xs text-gray-500 text-right hidden\"\n            style=\"margin-left: 50%; margin-bottom: 50px; margin-top: 5px;\">\n            <!-- You will be redirected to another website -->\n        <\/p>\n    <\/section>\n\n\n\n\n<h3 class=\"wp-block-heading\">L\u00e1ska m\u016f\u017ee bolet... ale tak\u00e9 m\u016f\u017ee zm\u011bnit<\/h3>\n\n\n\n<p><strong>P\u0159\u00edb\u011bh zrady a druh\u00e9 \u0161ance<\/strong> Nen\u00ed to jen fr\u00e1ze <a href=\"https:\/\/universofamilia.com\/cs\/el-amor-a-un-clic\/\">telenovela<\/a>.<\/p>\n\n\n\n<p>Je to realita, kter\u00e9 mnoho lid\u00ed \u010del\u00ed ml\u010dky.<\/p>\n\n\n\n<p>Aurora si myslela, \u017ee na\u0161la l\u00e1sku sv\u00e9ho \u017eivota. \u00dapln\u011b se odevzdala, ob\u011btovala \u010d\u00e1sti sebe, aby mohla rozv\u00edjet zd\u00e1nliv\u011b pevn\u00fd vztah.<\/p>\n\n\n\n<p>Ale za \u00fasm\u011bvy se skr\u00fdvala tajemstv\u00ed. A za d\u016fv\u011brou\u2026 zrada.<\/p>\n\n\n\n<p>To, co objev\u00edte d\u00e1l, nen\u00ed jen p\u0159\u00edb\u011bh o podvodu, ale o mocn\u00e9 transformaci.<\/p>\n\n\n\n<p><\/p>\n\n\n\n<hr class=\"wp-block-separator has-alpha-channel-opacity is-style-wide\" \/>\n\n\n\n<h4 class=\"wp-block-heading has-text-align-center\"><strong><mark class=\"has-inline-color has-luminous-vivid-orange-color\">\u010ct\u011bte tak\u00e9<\/mark><\/strong><\/h4>\n\n\n    <section class=\"mx-1 my-10\">\n                                                <a href=\"https:\/\/universofamilia.com\/cs\/asijske-lp-filmy\/\" class=\"text-white\" data-analytics-label=\"optionsButton\"\n                    data-action=\"analytics#trackCTA\">\n                    <div data-options-target=\"option\"\n                        class=\"custom-section rounded-xl border p-3 shadow-md w-full bg-green-700 my-3\">\n                        <div class=\"flex w-full items-center justify-between\">\n                            <div class=\"flex items-center space-x-3\">\n                                <div class=\"text-lg font-bold\">\n                                    Aplikace pro sledov\u00e1n\u00ed korejsk\u00fdch dramat \u279d\n                                <\/div>\n                            <\/div>\n                        <\/div>\n                    <\/div>\n                <\/a>\n                                                            <a href=\"https:\/\/universofamilia.com\/cs\/lp-recuperar-fotos\/\" class=\"text-white\" data-analytics-label=\"optionsButton\"\n                    data-action=\"analytics#trackCTA\">\n                    <div data-options-target=\"option\"\n                        class=\"custom-section rounded-xl border p-3 shadow-md w-full bg-green-700 my-3\">\n                        <div class=\"flex w-full items-center justify-between\">\n                            <div class=\"flex items-center space-x-3\">\n                                <div class=\"text-lg font-bold\">\n                                    Obnovte smazan\u00e9 fotografie pomoc\u00ed t\u00e9to aplikace!  \u279d\n                                <\/div>\n                            <\/div>\n                        <\/div>\n                    <\/div>\n                <\/a>\n                                                            <a href=\"https:\/\/universofamilia.com\/cs\/el-amor-a-un-clic\/\" class=\"text-white\" data-analytics-label=\"optionsButton\"\n                    data-action=\"analytics#trackCTA\">\n                    <div data-options-target=\"option\"\n                        class=\"custom-section rounded-xl border p-3 shadow-md w-full bg-green-700 my-3\">\n                        <div class=\"flex w-full items-center justify-between\">\n                            <div class=\"flex items-center space-x-3\">\n                                <div class=\"text-lg font-bold\">\n                                    Objevte ide\u00e1ln\u00ed seznamovac\u00ed aplikaci pro v\u00e1s \u279d\n                                <\/div>\n                            <\/div>\n                        <\/div>\n                    <\/div>\n                <\/a>\n                            <p class=\"text-xs text-gray-500 text-right hidden\"\n            style=\"margin-left: 50%; margin-bottom: 50px; margin-top: 5px;\">\n            <!-- You will be redirected to another website -->\n        <\/p>\n    <\/section>\n\n\n\n\n<p class=\"has-text-align-right\"><em><strong><em><strong><em><strong><em><strong><em><strong>Z\u016fstane na stejn\u00e9m m\u00edst\u011b!<\/strong><\/em><\/strong><\/em><\/strong><\/em><\/strong><\/em><\/strong><\/em><\/p>\n\n\n\n<hr class=\"wp-block-separator has-alpha-channel-opacity is-style-wide\" \/>\n\n\n\n<p><\/p>\n\n\n\n<h2 class=\"wp-block-heading\">Kdy\u017e je l\u00e1ska dob\u0159e vy\u0159\u010den\u00e1 le\u017e<\/h2>\n\n\n\n<h3 class=\"wp-block-heading\">Aurora a Dami\u00e1n: dokonal\u00e1 fas\u00e1da<\/h3>\n\n\n\n<p>Aurora \u017eila roky v iluzi, \u017ee si vybuduje spole\u010dn\u00fd \u017eivot.<\/p>\n\n\n\n<p>S Dami\u00e1nem sd\u00edleli d\u016fm, pl\u00e1ny do budoucna a zd\u00e1nliv\u011b klidn\u00fd re\u017eim.<\/p>\n\n\n\n<p>V o\u010d\u00edch v\u0161ech byli ide\u00e1ln\u00edm p\u00e1rem.<\/p>\n\n\n\n<p>Ale to, co se navenek zd\u00e1 dokonal\u00e9, \u010dasto skr\u00fdv\u00e1 hlubok\u00e9 trhliny.<\/p>\n\n\n\n<p>Aurora, a\u010dkoli ho milovala, c\u00edtila, \u017ee n\u011bco nen\u00ed \u00fapln\u011b v po\u0159\u00e1dku.<\/p>\n\n\n\n<p>Byly tam chv\u00edle odstupu, odvr\u00e1cen\u00e9 pohledy, neust\u00e1l\u00e9 v\u00fdmluvy. P\u0159esto se rozhodla d\u016fv\u011b\u0159ovat.<\/p>\n\n\n\n<p>Jednoho dne, kdy\u017e Aurora hledala n\u011bco na Dami\u00e1nov\u011b mobilu, narazila na zpr\u00e1vu, z n\u00ed\u017e j\u00ed ztuhla krev v \u017eil\u00e1ch.<\/p>\n\n\n\n<p>Byl to intimn\u00ed rozhovor, a\u017e p\u0159\u00edli\u0161 intimn\u00ed\u2026 s Valeri\u00ed, jej\u00ed nejlep\u0161\u00ed kamar\u00e1dkou u\u017e od vysok\u00e9 \u0161koly.<\/p>\n\n\n\n<p>Co za\u010dalo jako pocit, se zm\u011bnilo v krutou pravdu. Osoba, kter\u00e9 nejv\u00edce d\u016fv\u011b\u0159ovala, a jej\u00ed celo\u017eivotn\u00ed p\u0159\u00edtelkyn\u011b ji u\u017e n\u011bjakou dobu klamala.<\/p>\n\n\n\n<p>Nebyla to spont\u00e1nn\u00ed chyba. Byl to paraleln\u00ed, skryt\u00fd p\u0159\u00edb\u011bh, kter\u00fd se odv\u00edjel za Auro\u0159in\u00fdmi z\u00e1dy.<\/p>\n\n\n\n<h2 class=\"wp-block-heading\">Emo\u010dn\u00ed zhroucen\u00ed: kdy\u017e se v\u0161echno zhrout\u00ed<\/h2>\n\n\n\n<h3 class=\"wp-block-heading\">Mezi vztekem, smutkem a pon\u00ed\u017een\u00edm<\/h3>\n\n\n\n<p>Se zlomen\u00fdm srdcem a mysl\u00ed zatemn\u011bnou vztekem se Aurora postavila Dami\u00e1novi. Slova bolela v\u00edc ne\u017e ticho.<\/p>\n\n\n\n<p>Nic nepop\u00edral. Vlastn\u011b to ospravedl\u0148oval. Podle n\u011bj se \u201ev\u011bci prost\u011b staly\u201c.<\/p>\n\n\n\n<p>Aurora nek\u0159i\u010dela. Neplakala p\u0159ed n\u00edm. Zamkla se v koupeln\u011b, pod\u00edvala se na sebe do zrcadla a sotva se poznala. Kdo byla ta \u017eena?<\/p>\n\n\n\n<p>Jak se dostala tak daleko, jak se mohla tolik odd\u00e1vat, ani\u017e by si v\u0161imla zn\u00e1mek?<\/p>\n\n\n\n<p>Zrada ji nejen citov\u011b zlomila. Vzala j\u00ed st\u0159ed, jej\u00ed referen\u010dn\u00ed bod. C\u00edtila se ztracen\u00e1.<\/p>\n\n\n\n<p>Tu noc jela bezc\u00edln\u011b, sv\u011btla m\u011bsta j\u00ed mihotala skrz slzy. \u0160patn\u011b vypo\u010d\u00edtan\u00e1 k\u0159i\u017eovatka. Sr\u00e1\u017eka. Naprost\u00e9 ticho.<\/p>\n\n\n\n<h2 class=\"wp-block-heading\">Probuzen\u00ed v jin\u00e9m \u010dase: z\u00e1zrak, nebo trest?<\/h2>\n\n\n\n<h3 class=\"wp-block-heading\">Den, kdy mu \u017eivot dal dal\u0161\u00ed \u0161anci<\/h3>\n\n\n\n<p>Aurora se probudila ve sv\u00e9m star\u00e9m pokoji. St\u011bny byly jin\u00e9, vzduch von\u011bl minulost\u00ed. Pod\u00edvala se na kalend\u00e1\u0159. To nemohla b\u00fdt pravda.<\/p>\n\n\n\n<p>Bylo to p\u0159ed deseti lety. T\u011bsn\u011b p\u0159edt\u00edm, ne\u017e jsem potkal Dami\u00e1na.<\/p>\n\n\n\n<p>Nejd\u0159\u00edv si myslela, \u017ee se j\u00ed to zd\u00e1. Ale v\u0161echno bylo skute\u010dn\u00e9. Oble\u010den\u00ed, fotky, zme\u0161kan\u00e9 hovory\u2026<\/p>\n\n\n\n<p>\u017divot mu d\u00e1val n\u011bco nemo\u017en\u00e9ho: \u0161anci \u017e\u00edt znovu s v\u011bdom\u00edm v\u0161eho, co se u\u017e stalo.<\/p>\n\n\n\n<p>Nebyla to jen tak ledajak\u00e1 druh\u00e1 \u0161ance. Byla to jeho \u0161ance vyhnout se katastrof\u011b, u\u017e nikdy ned\u016fv\u011b\u0159ovat n\u011bkomu, kdo si to nezaslou\u017eil.<\/p>\n\n\n\n<p>Tentokr\u00e1t bude Aurora jin\u00e1. Nebude to ta sam\u00e1 \u017eena, kter\u00e1 ml\u010dela ze strachu z prohry. Proto\u017ee u\u017e v\u0161echno ztratila... a p\u0159e\u017eila.<\/p>\n\n\n\n<h2 class=\"wp-block-heading\">Znovuobjeven\u00ed sebe sama z bolesti<\/h2>\n\n\n\n<h3 class=\"wp-block-heading\">Nov\u00e1 Aurora: siln\u00e1, bd\u011bl\u00e1, svobodn\u00e1<\/h3>\n\n\n\n<p>S ka\u017ed\u00fdm dal\u0161\u00edm dnem se Aurora za\u010dala znovu m\u011bnit. U\u017e se nesna\u017eila zavd\u011b\u010dit. U\u017e si nevym\u00fd\u0161lela v\u00fdmluvy pro to, \u017ee chce b\u00fdt milov\u00e1na.<br>Tentokr\u00e1t byla na prvn\u00edm m\u00edst\u011b jej\u00ed sebe\u00facta.<\/p>\n\n\n\n<p>Za\u010dal se pozorn\u011bji d\u00edvat na lidi, kter\u00fdch si d\u0159\u00edve nev\u0161\u00edmal. Objevil zapomenut\u00e9 talenty, c\u00edle, kter\u00e9 poh\u0159bil, aby udr\u017eel pr\u00e1zdn\u00fd vztah.<\/p>\n\n\n\n<p>Zapojil se do nov\u00fdch kruh\u016f. Vr\u00e1til se ke star\u00fdm kon\u00ed\u010dk\u016fm. A co je nejd\u016fle\u017eit\u011bj\u0161\u00ed, za\u010dal ps\u00e1t sv\u016fj vlastn\u00ed p\u0159\u00edb\u011bh.<br>N\u011bkte\u0159\u00ed byli jeho pevn\u00fdm postojem p\u0159ekvapeni.<\/p>\n\n\n\n<p>Jin\u00ed ji kritizovali. Ale Auro\u0159e u\u017e nez\u00e1le\u017eelo na vn\u011bj\u0161\u00edm uzn\u00e1n\u00ed. M\u011bla osobn\u00ed posl\u00e1n\u00ed: <strong>vybudovat si autentick\u00fd \u017eivot<\/strong>.<\/p>\n\n\n<div class=\"wp-block-image\">\n<figure class=\"aligncenter size-full\"><img loading=\"lazy\" decoding=\"async\" width=\"550\" height=\"350\" src=\"https:\/\/universofamilia.com\/wp-content\/uploads\/sites\/148\/2025\/06\/DESTAQUE-UNIVERSO-550-x-350-2-1.jpg\" alt=\"\" class=\"wp-image-9503\" srcset=\"https:\/\/universofamilia.com\/wp-content\/uploads\/sites\/148\/2025\/06\/DESTAQUE-UNIVERSO-550-x-350-2-1.jpg 550w, https:\/\/universofamilia.com\/wp-content\/uploads\/sites\/148\/2025\/06\/DESTAQUE-UNIVERSO-550-x-350-2-1-300x191.jpg 300w, https:\/\/universofamilia.com\/wp-content\/uploads\/sites\/148\/2025\/06\/DESTAQUE-UNIVERSO-550-x-350-2-1-18x12.jpg 18w\" sizes=\"(max-width: 550px) 100vw, 550px\" \/><figcaption class=\"wp-element-caption\">Zrada a tajemstv\u00ed! Pod\u00edvejte se, co se stalo!<\/figcaption><\/figure><\/div>\n\n\n<h2 class=\"wp-block-heading\">L\u00e1ska, kter\u00e1 se rod\u00ed z \u00facty<\/h2>\n\n\n\n<h3 class=\"wp-block-heading\">Leonardo: mu\u017e, kter\u00fd tu byl v\u017edycky<\/h3>\n\n\n\n<p>Uprost\u0159ed tohoto znovuzrozen\u00ed si Aurora za\u010dala v\u0161\u00edmat Leonarda, Valeriina mlad\u0161\u00edho bratra.<\/p>\n\n\n\n<p>V\u017edycky byl laskav\u00fd a diskr\u00e9tn\u00ed, ale v jin\u00e9 \u010dasov\u00e9 linii ho nikdy nevid\u011bla jin\u00fdma o\u010dima.<\/p>\n\n\n\n<p>Jeho rozhovory nyn\u00ed nabraly jin\u00fd t\u00f3n. Jeho gesta byla hlubocej\u0161\u00ed. Leonardo nebyl spasitel, ani se na n\u011bj netv\u00e1\u0159il.<\/p>\n\n\n\n<p>Ale on tam byl, se svou up\u0159\u00edmnou spole\u010dnost\u00ed a pohledem bez soud\u016f.<\/p>\n\n\n\n<p>Aurora si kr\u016f\u010dek po kr\u016f\u010dku dovolila c\u00edtit n\u011bco v\u00edc. Nebyla to typick\u00e1 idealizovan\u00e1 l\u00e1ska. Bylo to pouto postaven\u00e9 na respektu, d\u016fv\u011b\u0159e a klidu.<\/p>\n\n\n\n<p>Poprv\u00e9 neexistovala \u017e\u00e1dn\u00e1 nal\u00e9havost ani o\u010dek\u00e1v\u00e1n\u00ed. Jen pravda.<\/p>\n\n\n\n<h2 class=\"wp-block-heading\">Pomsta, nebo osvobozen\u00ed?<\/h2>\n\n\n\n<h3 class=\"wp-block-heading\">Nejt\u011b\u017e\u0161\u00ed volba v jeho nov\u00e9m \u017eivot\u011b<\/h3>\n\n\n\n<p>Aurora m\u011bla v\u0161echny informace. V\u011bd\u011bla, jak se vyhnout Dami\u00e1novi, jak odhalit Valerii a jak je donutit zaplatit.<br>Ale n\u011bco uvnit\u0159 n\u00ed se zm\u011bnilo.<\/p>\n\n\n\n<p>Ch\u00e1pal, \u017ee prav\u00e1 s\u00edla nespo\u010d\u00edv\u00e1 v ni\u010den\u00ed, ale v rozhodnut\u00ed se u\u017e nikdy za nik\u00fdm neplazit.<\/p>\n\n\n\n<p>Zvolil ml\u010den\u00ed. Odstup. Budov\u00e1n\u00ed, ne ni\u010den\u00ed.<br>Pomsta by byla sladk\u00e1\u2026 ale kr\u00e1tkodob\u00e1.<\/p>\n\n\n\n<p>Jejich svoboda byla d\u016fle\u017eit\u011bj\u0161\u00ed.<\/p>\n\n\n\n<p>Zanechal za sebou pot\u0159ebu n\u011bkomu cokoli dokazovat. Jeho nov\u00fd \u017eivot nevy\u017eadoval potlesk ani vysv\u011btlov\u00e1n\u00ed.<\/p>\n\n\n\n<h2 class=\"wp-block-heading\">Nikdy nen\u00ed pozd\u011b za\u010d\u00edt znovu<\/h2>\n\n\n\n<h3 class=\"wp-block-heading\">P\u0159\u00edb\u011bh, kter\u00fd bychom m\u011bli v\u0161ichni sly\u0161et<\/h3>\n\n\n\n<p>Aurorin p\u0159\u00edb\u011bh je pro mnoho lid\u00ed zrcadlem.<\/p>\n\n\n\n<p>Ukazuje n\u00e1m to <strong>ten <a href=\"https:\/\/dramashorts.io\/pt\/shorts\/86314a47-e7be-4adc-988d-8e4759725961?episode=1\">zrada <\/a>Bol\u00ed to, ale nedefinuje to<\/strong>\u017de v\u017edy existuje mo\u017enost znovuzrozen\u00ed, i kdy\u017e se nevr\u00e1t\u00edme v \u010dase.<\/p>\n\n\n\n<p>Ka\u017ed\u00fd den je nov\u00e1 p\u0159\u00edle\u017eitost. A n\u011bkdy je to, co se zd\u00e1 b\u00fdt trag\u00e9di\u00ed, jen za\u010d\u00e1tkem siln\u011bj\u0161\u00ed verze n\u00e1s sam\u00fdch.<\/p>\n\n\n\n<p>Mo\u017en\u00e1 nem\u00e1me v\u0161ichni takov\u00e9 \u0161t\u011bst\u00ed jako Aurora. Ale m\u016f\u017eeme se rozhodnout nez\u016fstat na m\u00edst\u011b, kter\u00e9 n\u00e1m \u0161kod\u00ed.<\/p>\n\n\n\n<p>M\u016f\u017eeme p\u0159eru\u0161it vazby s t\u011bmi, kte\u0159\u00ed si n\u00e1s nev\u00e1\u017e\u00ed. M\u016f\u017eeme se d\u00edvat do budoucnosti s otev\u0159en\u00fdma o\u010dima, beze strachu, s odvahou.<\/p>","protected":false},"excerpt":{"rendered":"<p>P\u0159ipravte se na \u00fa\u017eas a nad\u0161en\u00ed! Pod\u00edvejte se na 1. epizodu hned te\u010f. L\u00e1ska m\u016f\u017ee bolet\u2026 ale tak\u00e9 m\u016f\u017ee zm\u011bnit. P\u0159\u00edb\u011bh o zrad\u011b a druh\u00e9 \u0161anci nen\u00ed jen fr\u00e1ze z telenovely. Je to realita, kter\u00e9 mnoho lid\u00ed \u010del\u00ed v tichosti. Aurora si myslela, \u017ee na\u0161la l\u00e1sku sv\u00e9ho \u017eivota. \u00dapln\u011b se odevzdala, vzdala se \u010d\u00e1st\u00ed sebe sama [\u2026]<\/p>","protected":false},"author":139,"featured_media":9503,"comment_status":"closed","ping_status":"open","sticky":false,"template":"","format":"standard","meta":{"footnotes":""},"categories":[5],"tags":[2304,2303,2302,2305,2301],"yoast_head":"<!-- This site is optimized with the Yoast SEO plugin v23.3 - https:\/\/yoast.com\/wordpress\/plugins\/seo\/ -->\n<title>\u00a1Traici\u00f3n y secretos! \u00a1Mira lo que pas\u00f3! - Universo Fam\u00edlia<\/title>\n<meta name=\"description\" content=\"\u00a1Traici\u00f3n y secretos! \u00a1Mira lo que pas\u00f3! El amor puede doler... pero tambi\u00e9n transformarHistoria de traici\u00f3n y segunda oportunidad...\" \/>\n<meta name=\"robots\" content=\"index, follow, max-snippet:-1, max-image-preview:large, max-video-preview:-1\" \/>\n<link rel=\"canonical\" href=\"https:\/\/universofamilia.com\/cs\/traicion-y-secretos-mira-lo-que-paso\/\" \/>\n<meta property=\"og:locale\" content=\"cs_CZ\" \/>\n<meta property=\"og:type\" content=\"article\" \/>\n<meta property=\"og:title\" content=\"\u00a1Traici\u00f3n y secretos! \u00a1Mira lo que pas\u00f3! - Universo Fam\u00edlia\" \/>\n<meta property=\"og:description\" content=\"\u00a1Traici\u00f3n y secretos! \u00a1Mira lo que pas\u00f3! El amor puede doler... pero tambi\u00e9n transformarHistoria de traici\u00f3n y segunda oportunidad...\" \/>\n<meta property=\"og:url\" content=\"https:\/\/universofamilia.com\/cs\/traicion-y-secretos-mira-lo-que-paso\/\" \/>\n<meta property=\"og:site_name\" content=\"Universo Fam\u00edlia\" \/>\n<meta property=\"article:published_time\" content=\"2025-06-06T20:29:52+00:00\" \/>\n<meta property=\"article:modified_time\" content=\"2025-06-06T20:29:53+00:00\" \/>\n<meta property=\"og:image\" content=\"https:\/\/universofamilia.com\/wp-content\/uploads\/sites\/148\/2025\/06\/DESTAQUE-UNIVERSO-550-x-350-2-1.jpg\" \/>\n\t<meta property=\"og:image:width\" content=\"550\" \/>\n\t<meta property=\"og:image:height\" content=\"350\" \/>\n\t<meta property=\"og:image:type\" content=\"image\/jpeg\" \/>\n<meta name=\"author\" content=\"Pedro Henrique\" \/>\n<meta name=\"twitter:card\" content=\"summary_large_image\" \/>\n<meta name=\"twitter:label1\" content=\"Written by\" \/>\n\t<meta name=\"twitter:data1\" content=\"Pedro Henrique\" \/>\n\t<meta name=\"twitter:label2\" content=\"Est. reading time\" \/>\n\t<meta name=\"twitter:data2\" content=\"6 minut\" \/>\n<script type=\"application\/ld+json\" class=\"yoast-schema-graph\">{\"@context\":\"https:\/\/schema.org\",\"@graph\":[{\"@type\":\"WebPage\",\"@id\":\"https:\/\/universofamilia.com\/traicion-y-secretos-mira-lo-que-paso\/\",\"url\":\"https:\/\/universofamilia.com\/traicion-y-secretos-mira-lo-que-paso\/\",\"name\":\"\u00a1Traici\u00f3n y secretos! \u00a1Mira lo que pas\u00f3! - Universo Fam\u00edlia\",\"isPartOf\":{\"@id\":\"https:\/\/universofamilia.com\/el\/#website\"},\"primaryImageOfPage\":{\"@id\":\"https:\/\/universofamilia.com\/traicion-y-secretos-mira-lo-que-paso\/#primaryimage\"},\"image\":{\"@id\":\"https:\/\/universofamilia.com\/traicion-y-secretos-mira-lo-que-paso\/#primaryimage\"},\"thumbnailUrl\":\"https:\/\/universofamilia.com\/wp-content\/uploads\/sites\/148\/2025\/06\/DESTAQUE-UNIVERSO-550-x-350-2-1.jpg\",\"datePublished\":\"2025-06-06T20:29:52+00:00\",\"dateModified\":\"2025-06-06T20:29:53+00:00\",\"author\":{\"@id\":\"https:\/\/universofamilia.com\/el\/#\/schema\/person\/f07ce98187dd84d31154262e79b3b7ca\"},\"description\":\"\u00a1Traici\u00f3n y secretos! \u00a1Mira lo que pas\u00f3! El amor puede doler... pero tambi\u00e9n transformarHistoria de traici\u00f3n y segunda oportunidad...\",\"breadcrumb\":{\"@id\":\"https:\/\/universofamilia.com\/traicion-y-secretos-mira-lo-que-paso\/#breadcrumb\"},\"inLanguage\":\"cs\",\"potentialAction\":[{\"@type\":\"ReadAction\",\"target\":[\"https:\/\/universofamilia.com\/traicion-y-secretos-mira-lo-que-paso\/\"]}]},{\"@type\":\"ImageObject\",\"inLanguage\":\"cs\",\"@id\":\"https:\/\/universofamilia.com\/traicion-y-secretos-mira-lo-que-paso\/#primaryimage\",\"url\":\"https:\/\/universofamilia.com\/wp-content\/uploads\/sites\/148\/2025\/06\/DESTAQUE-UNIVERSO-550-x-350-2-1.jpg\",\"contentUrl\":\"https:\/\/universofamilia.com\/wp-content\/uploads\/sites\/148\/2025\/06\/DESTAQUE-UNIVERSO-550-x-350-2-1.jpg\",\"width\":550,\"height\":350,\"caption\":\"\u00a1Traici\u00f3n y secretos! \u00a1Mira lo que pas\u00f3!\"},{\"@type\":\"BreadcrumbList\",\"@id\":\"https:\/\/universofamilia.com\/traicion-y-secretos-mira-lo-que-paso\/#breadcrumb\",\"itemListElement\":[{\"@type\":\"ListItem\",\"position\":1,\"name\":\"Home\",\"item\":\"https:\/\/universofamilia.com\/el\/\"},{\"@type\":\"ListItem\",\"position\":2,\"name\":\"\u00a1Traici\u00f3n y secretos! \u00a1Mira lo que pas\u00f3!\"}]},{\"@type\":\"WebSite\",\"@id\":\"https:\/\/universofamilia.com\/el\/#website\",\"url\":\"https:\/\/universofamilia.com\/el\/\",\"name\":\"Universo Fam\u00edlia\",\"description\":\"\",\"potentialAction\":[{\"@type\":\"SearchAction\",\"target\":{\"@type\":\"EntryPoint\",\"urlTemplate\":\"https:\/\/universofamilia.com\/el\/?s={search_term_string}\"},\"query-input\":\"required name=search_term_string\"}],\"inLanguage\":\"cs\"},{\"@type\":\"Person\",\"@id\":\"https:\/\/universofamilia.com\/el\/#\/schema\/person\/f07ce98187dd84d31154262e79b3b7ca\",\"name\":\"Pedro Henrique\",\"image\":{\"@type\":\"ImageObject\",\"inLanguage\":\"cs\",\"@id\":\"https:\/\/universofamilia.com\/el\/#\/schema\/person\/image\/\",\"url\":\"https:\/\/secure.gravatar.com\/avatar\/9edfeb808cb4e1599f64d6e45b130154?s=96&d=mm&r=g\",\"contentUrl\":\"https:\/\/secure.gravatar.com\/avatar\/9edfeb808cb4e1599f64d6e45b130154?s=96&d=mm&r=g\",\"caption\":\"Pedro Henrique\"},\"url\":\"https:\/\/universofamilia.com\/cs\/author\/editor01\/\"}]}<\/script>\n<!-- \/ Yoast SEO plugin. -->","yoast_head_json":{"title":"\u00a1Traici\u00f3n y secretos! \u00a1Mira lo que pas\u00f3! - Universo Fam\u00edlia","description":"\u00a1Traici\u00f3n y secretos! \u00a1Mira lo que pas\u00f3! El amor puede doler... pero tambi\u00e9n transformarHistoria de traici\u00f3n y segunda oportunidad...","robots":{"index":"index","follow":"follow","max-snippet":"max-snippet:-1","max-image-preview":"max-image-preview:large","max-video-preview":"max-video-preview:-1"},"canonical":"https:\/\/universofamilia.com\/cs\/traicion-y-secretos-mira-lo-que-paso\/","og_locale":"cs_CZ","og_type":"article","og_title":"\u00a1Traici\u00f3n y secretos! \u00a1Mira lo que pas\u00f3! - Universo Fam\u00edlia","og_description":"\u00a1Traici\u00f3n y secretos! \u00a1Mira lo que pas\u00f3! El amor puede doler... pero tambi\u00e9n transformarHistoria de traici\u00f3n y segunda oportunidad...","og_url":"https:\/\/universofamilia.com\/cs\/traicion-y-secretos-mira-lo-que-paso\/","og_site_name":"Universo Fam\u00edlia","article_published_time":"2025-06-06T20:29:52+00:00","article_modified_time":"2025-06-06T20:29:53+00:00","og_image":[{"width":550,"height":350,"url":"https:\/\/universofamilia.com\/wp-content\/uploads\/sites\/148\/2025\/06\/DESTAQUE-UNIVERSO-550-x-350-2-1.jpg","type":"image\/jpeg"}],"author":"Pedro Henrique","twitter_card":"summary_large_image","twitter_misc":{"Written by":"Pedro Henrique","Est. reading time":"6 minut"},"schema":{"@context":"https:\/\/schema.org","@graph":[{"@type":"WebPage","@id":"https:\/\/universofamilia.com\/traicion-y-secretos-mira-lo-que-paso\/","url":"https:\/\/universofamilia.com\/traicion-y-secretos-mira-lo-que-paso\/","name":"\u00a1Traici\u00f3n y secretos! \u00a1Mira lo que pas\u00f3! - Universo Fam\u00edlia","isPartOf":{"@id":"https:\/\/universofamilia.com\/el\/#website"},"primaryImageOfPage":{"@id":"https:\/\/universofamilia.com\/traicion-y-secretos-mira-lo-que-paso\/#primaryimage"},"image":{"@id":"https:\/\/universofamilia.com\/traicion-y-secretos-mira-lo-que-paso\/#primaryimage"},"thumbnailUrl":"https:\/\/universofamilia.com\/wp-content\/uploads\/sites\/148\/2025\/06\/DESTAQUE-UNIVERSO-550-x-350-2-1.jpg","datePublished":"2025-06-06T20:29:52+00:00","dateModified":"2025-06-06T20:29:53+00:00","author":{"@id":"https:\/\/universofamilia.com\/el\/#\/schema\/person\/f07ce98187dd84d31154262e79b3b7ca"},"description":"\u00a1Traici\u00f3n y secretos! \u00a1Mira lo que pas\u00f3! El amor puede doler... pero tambi\u00e9n transformarHistoria de traici\u00f3n y segunda oportunidad...","breadcrumb":{"@id":"https:\/\/universofamilia.com\/traicion-y-secretos-mira-lo-que-paso\/#breadcrumb"},"inLanguage":"cs","potentialAction":[{"@type":"ReadAction","target":["https:\/\/universofamilia.com\/traicion-y-secretos-mira-lo-que-paso\/"]}]},{"@type":"ImageObject","inLanguage":"cs","@id":"https:\/\/universofamilia.com\/traicion-y-secretos-mira-lo-que-paso\/#primaryimage","url":"https:\/\/universofamilia.com\/wp-content\/uploads\/sites\/148\/2025\/06\/DESTAQUE-UNIVERSO-550-x-350-2-1.jpg","contentUrl":"https:\/\/universofamilia.com\/wp-content\/uploads\/sites\/148\/2025\/06\/DESTAQUE-UNIVERSO-550-x-350-2-1.jpg","width":550,"height":350,"caption":"\u00a1Traici\u00f3n y secretos! \u00a1Mira lo que pas\u00f3!"},{"@type":"BreadcrumbList","@id":"https:\/\/universofamilia.com\/traicion-y-secretos-mira-lo-que-paso\/#breadcrumb","itemListElement":[{"@type":"ListItem","position":1,"name":"Home","item":"https:\/\/universofamilia.com\/el\/"},{"@type":"ListItem","position":2,"name":"\u00a1Traici\u00f3n y secretos! \u00a1Mira lo que pas\u00f3!"}]},{"@type":"WebSite","@id":"https:\/\/universofamilia.com\/el\/#website","url":"https:\/\/universofamilia.com\/el\/","name":"Universo Fam\u00edlia","description":"","potentialAction":[{"@type":"SearchAction","target":{"@type":"EntryPoint","urlTemplate":"https:\/\/universofamilia.com\/el\/?s={search_term_string}"},"query-input":"required name=search_term_string"}],"inLanguage":"cs"},{"@type":"Person","@id":"https:\/\/universofamilia.com\/el\/#\/schema\/person\/f07ce98187dd84d31154262e79b3b7ca","name":"Pedro Henrique","image":{"@type":"ImageObject","inLanguage":"cs","@id":"https:\/\/universofamilia.com\/el\/#\/schema\/person\/image\/","url":"https:\/\/secure.gravatar.com\/avatar\/9edfeb808cb4e1599f64d6e45b130154?s=96&d=mm&r=g","contentUrl":"https:\/\/secure.gravatar.com\/avatar\/9edfeb808cb4e1599f64d6e45b130154?s=96&d=mm&r=g","caption":"Pedro Henrique"},"url":"https:\/\/universofamilia.com\/cs\/author\/editor01\/"}]}},"_links":{"self":[{"href":"https:\/\/universofamilia.com\/cs\/wp-json\/wp\/v2\/posts\/9502"}],"collection":[{"href":"https:\/\/universofamilia.com\/cs\/wp-json\/wp\/v2\/posts"}],"about":[{"href":"https:\/\/universofamilia.com\/cs\/wp-json\/wp\/v2\/types\/post"}],"author":[{"embeddable":true,"href":"https:\/\/universofamilia.com\/cs\/wp-json\/wp\/v2\/users\/139"}],"replies":[{"embeddable":true,"href":"https:\/\/universofamilia.com\/cs\/wp-json\/wp\/v2\/comments?post=9502"}],"version-history":[{"count":1,"href":"https:\/\/universofamilia.com\/cs\/wp-json\/wp\/v2\/posts\/9502\/revisions"}],"predecessor-version":[{"id":9504,"href":"https:\/\/universofamilia.com\/cs\/wp-json\/wp\/v2\/posts\/9502\/revisions\/9504"}],"wp:featuredmedia":[{"embeddable":true,"href":"https:\/\/universofamilia.com\/cs\/wp-json\/wp\/v2\/media\/9503"}],"wp:attachment":[{"href":"https:\/\/universofamilia.com\/cs\/wp-json\/wp\/v2\/media?parent=9502"}],"wp:term":[{"taxonomy":"category","embeddable":true,"href":"https:\/\/universofamilia.com\/cs\/wp-json\/wp\/v2\/categories?post=9502"},{"taxonomy":"post_tag","embeddable":true,"href":"https:\/\/universofamilia.com\/cs\/wp-json\/wp\/v2\/tags?post=9502"}],"curies":[{"name":"wp","href":"https:\/\/api.w.org\/{rel}","templated":true}]}}