{"id":9533,"date":"2025-06-17T19:48:51","date_gmt":"2025-06-17T19:48:51","guid":{"rendered":"https:\/\/universofamilia.com\/?p=9533"},"modified":"2025-06-23T13:29:04","modified_gmt":"2025-06-23T13:29:04","slug":"descubre-la-biblia-catolica-en-tu-celular","status":"publish","type":"post","link":"https:\/\/universofamilia.com\/cs\/descubre-la-biblia-catolica-en-tu-celular\/","title":{"rendered":"Objevte katolickou Bibli ve sv\u00e9m mobiln\u00edm telefonu"},"content":{"rendered":"<h4 class=\"wp-block-heading has-text-align-center\">V\u00edra na dosah ruky<\/h4>\n\n\n\n<p><\/p>\n\n\n\n<hr class=\"wp-block-separator has-alpha-channel-opacity is-style-wide\" \/>\n\n\n\n<h4 class=\"wp-block-heading has-text-align-center\"><mark class=\"has-inline-color has-vivid-cyan-blue-color\">Co hled\u00e1te?<\/mark><\/h4>\n\n\n    <section class=\"mx-1 my-10\">\n                                                <a href=\"https:\/\/universofamilia.com\/cs\/la-aplicacion-mas-completa-de-la-biblia-catolica-conoce-laudate\/\" class=\"text-white\" data-analytics-label=\"optionsButton\"\n                    data-action=\"analytics#trackCTA\">\n                    <div data-options-target=\"option\"\n                        class=\"custom-section rounded-xl border p-3 shadow-md w-full bg-green-700 my-3\">\n                        <div class=\"flex w-full items-center justify-between\">\n                            <div class=\"flex items-center space-x-3\">\n                                <div class=\"text-lg font-bold\">\n                                    Katolick\u00e1 Bible \u279d\n                                <\/div>\n                            <\/div>\n                        <\/div>\n                    <\/div>\n                <\/a>\n                                                            <a href=\"https:\/\/universofamilia.com\/cs\/biblia-ave-maria\/\" class=\"text-white\" data-analytics-label=\"optionsButton\"\n                    data-action=\"analytics#trackCTA\">\n                    <div data-options-target=\"option\"\n                        class=\"custom-section rounded-xl border p-3 shadow-md w-full bg-green-700 my-3\">\n                        <div class=\"flex w-full items-center justify-between\">\n                            <div class=\"flex items-center space-x-3\">\n                                <div class=\"text-lg font-bold\">\n                                    Bible Zdr\u00e1vas Maria \u279d\n                                <\/div>\n                            <\/div>\n                        <\/div>\n                    <\/div>\n                <\/a>\n                                                            <a href=\"https:\/\/universofamilia.com\/cs\/la-aplicacion-de-la-biblia-esencial-para-la-vida\/\" class=\"text-white\" data-analytics-label=\"optionsButton\"\n                    data-action=\"analytics#trackCTA\">\n                    <div data-options-target=\"option\"\n                        class=\"custom-section rounded-xl border p-3 shadow-md w-full bg-green-700 my-3\">\n                        <div class=\"flex w-full items-center justify-between\">\n                            <div class=\"flex items-center space-x-3\">\n                                <div class=\"text-lg font-bold\">\n                                    Katolick\u00e9 biblick\u00e9 studium \u279d\n                                <\/div>\n                            <\/div>\n                        <\/div>\n                    <\/div>\n                <\/a>\n                            <p class=\"text-xs text-gray-500 text-right hidden\"\n            style=\"margin-left: 50%; margin-bottom: 50px; margin-top: 5px;\">\n            <!-- You will be redirected to another website -->\n        <\/p>\n    <\/section>\n\n\n\n\n<p class=\"has-text-align-right\"><em><strong><em><strong><em><strong><em><strong><em><strong>Z\u016fstane\u0161 na stejn\u00e9m m\u00edst\u011b<\/strong><\/em><\/strong><\/em><\/strong><\/em><\/strong><\/em><\/strong><\/em><\/p>\n\n\n\n<hr class=\"wp-block-separator has-alpha-channel-opacity is-style-wide\" \/>\n\n\n\n<p><\/p>\n\n\n\n<h3 class=\"wp-block-heading\">V\u011bd\u011bli jste, \u017ee si m\u016f\u017eete vz\u00edt <strong>Katolick\u00e1 Bible<\/strong> s tebou v\u0161ude?<\/h3>\n\n\n\n<p>Dnes, d\u00edky technologi\u00edm, nepot\u0159ebujete fyzickou knihu, abyste <a href=\"https:\/\/universofamilia.com\/cs\/la-aplicacion-mas-completa-de-la-biblia-catolica-conoce-laudate\/\"><strong>spojit se s Bo\u017e\u00edm slovem.<\/strong><\/a><\/p>\n\n\n\n<p>Stisknut\u00edm tla\u010d\u00edtka m\u016f\u017eete kdykoli b\u011bhem dne otev\u0159\u00edt svou Bibli.<\/p>\n\n\n\n<p>Tento \u010dl\u00e1nek v\u00e1m uk\u00e1\u017ee, jak to ud\u011blat snadno, bez komplikac\u00ed a se spolehliv\u00fdmi aplikacemi.<\/p>\n\n\n\n<h2 class=\"wp-block-heading\">Pro\u010d je tak d\u016fle\u017eit\u00e9 m\u00edt Bibli v mobiln\u00edm telefonu?<\/h2>\n\n\n\n<p>M\u00edt p\u0159\u00edstup k Bibli na sv\u00e9m mobiln\u00edm za\u0159\u00edzen\u00ed je jako m\u00edt duchovn\u00edho p\u0159\u00edtele s sebou 24 hodin denn\u011b, 7 dn\u00ed v t\u00fddnu.<\/p>\n\n\n\n<p>U\u017e \u017e\u00e1dn\u00e9 no\u0161en\u00ed t\u011b\u017ek\u00e9 knihy, ru\u010dn\u00ed vyhled\u00e1v\u00e1n\u00ed kapitol nebo starosti s ukl\u00e1d\u00e1n\u00edm z\u00e1lo\u017eek.<\/p>\n\n\n\n<p>Se spr\u00e1vnou aplikac\u00ed m\u016f\u017eete:<\/p>\n\n\n\n<ul>\n<li>\u010ct\u011bte Slovo velk\u00fdm, jasn\u00fdm a bez n\u00e1mahy p\u00edsmem<\/li>\n\n\n\n<li>Poslouchejte ver\u0161e nahlas, zat\u00edmco odpo\u010d\u00edv\u00e1te<\/li>\n\n\n\n<li>Sd\u00edlejte pas\u00e1\u017ee se sv\u00fdmi bl\u00edzk\u00fdmi p\u0159es WhatsApp<\/li>\n\n\n\n<li>Udr\u017eujte si ka\u017edodenn\u00ed zbo\u017enost, ani\u017e byste zab\u00edrali fyzick\u00fd prostor<\/li>\n\n\n\n<li>Studujte klidn\u011b odkudkoli: doma, v kostele, v parku<\/li>\n<\/ul>\n\n\n\n<p>Ten\/Ta\/To <strong>Katolick\u00e1 Bible na mobiln\u00edm telefonu<\/strong> Je to mocn\u00fd n\u00e1stroj, kter\u00fd prom\u011bn\u00ed va\u0161i ka\u017edodenn\u00ed rutinu v okam\u017eiky v\u00edry, bez ohledu na v\u011bk nebo \u00farove\u0148 technologick\u00fdch znalost\u00ed.<\/p>\n\n\n\n<p><\/p>\n\n\n\n<hr class=\"wp-block-separator has-alpha-channel-opacity is-style-wide\" \/>\n\n\n\n<h4 class=\"wp-block-heading has-text-align-center\"><strong><mark class=\"has-inline-color has-luminous-vivid-orange-color\">\u010ct\u011bte tak\u00e9<\/mark><\/strong><\/h4>\n\n\n    <section class=\"mx-1 my-10\">\n                                                <a href=\"https:\/\/universofamilia.com\/cs\/asijske-lp-filmy\/\" class=\"text-white\" data-analytics-label=\"optionsButton\"\n                    data-action=\"analytics#trackCTA\">\n                    <div data-options-target=\"option\"\n                        class=\"custom-section rounded-xl border p-3 shadow-md w-full bg-green-700 my-3\">\n                        <div class=\"flex w-full items-center justify-between\">\n                            <div class=\"flex items-center space-x-3\">\n                                <div class=\"text-lg font-bold\">\n                                    Aplikace pro sledov\u00e1n\u00ed korejsk\u00fdch dramat \u279d\n                                <\/div>\n                            <\/div>\n                        <\/div>\n                    <\/div>\n                <\/a>\n                                                            <a href=\"https:\/\/universofamilia.com\/cs\/lp-recuperar-fotos\/\" class=\"text-white\" data-analytics-label=\"optionsButton\"\n                    data-action=\"analytics#trackCTA\">\n                    <div data-options-target=\"option\"\n                        class=\"custom-section rounded-xl border p-3 shadow-md w-full bg-green-700 my-3\">\n                        <div class=\"flex w-full items-center justify-between\">\n                            <div class=\"flex items-center space-x-3\">\n                                <div class=\"text-lg font-bold\">\n                                    Obnovte smazan\u00e9 fotografie pomoc\u00ed t\u00e9to aplikace!  \u279d\n                                <\/div>\n                            <\/div>\n                        <\/div>\n                    <\/div>\n                <\/a>\n                                                            <a href=\"https:\/\/universofamilia.com\/cs\/el-amor-a-un-clic\/\" class=\"text-white\" data-analytics-label=\"optionsButton\"\n                    data-action=\"analytics#trackCTA\">\n                    <div data-options-target=\"option\"\n                        class=\"custom-section rounded-xl border p-3 shadow-md w-full bg-green-700 my-3\">\n                        <div class=\"flex w-full items-center justify-between\">\n                            <div class=\"flex items-center space-x-3\">\n                                <div class=\"text-lg font-bold\">\n                                    Objevte ide\u00e1ln\u00ed seznamovac\u00ed aplikaci pro v\u00e1s \u279d\n                                <\/div>\n                            <\/div>\n                        <\/div>\n                    <\/div>\n                <\/a>\n                            <p class=\"text-xs text-gray-500 text-right hidden\"\n            style=\"margin-left: 50%; margin-bottom: 50px; margin-top: 5px;\">\n            <!-- You will be redirected to another website -->\n        <\/p>\n    <\/section>\n\n\n\n\n<p class=\"has-text-align-right\"><em><strong><em><strong><em><strong><em><strong><em><strong>Z\u016fstane na stejn\u00e9m m\u00edst\u011b!<\/strong><\/em><\/strong><\/em><\/strong><\/em><\/strong><\/em><\/strong><\/em><\/p>\n\n\n\n<hr class=\"wp-block-separator has-alpha-channel-opacity is-style-wide\" \/>\n\n\n\n<p><\/p>\n\n\n\n<h2 class=\"wp-block-heading\">Jak\u00e9 funkce by m\u011bla m\u00edt dobr\u00e1 aplikace pro katolickou Bibli?<\/h2>\n\n\n\n<p>Ne\u017e si st\u00e1hnete jakoukoli aplikaci, je d\u016fle\u017eit\u00e9 v\u011bd\u011bt, jak\u00e9 funkce v\u00e1m mohou usnadnit \u017eivot.<\/p>\n\n\n\n<p>Zde se s v\u00e1mi pod\u011bl\u00edm o ty neju\u017eite\u010dn\u011bj\u0161\u00ed:<\/p>\n\n\n\n<ul>\n<li>Kompletn\u00ed text katolick\u00e9 Bible, v\u010detn\u011b deuterokanonick\u00fdch knih<\/li>\n\n\n\n<li>Offline re\u017eim, tak\u017ee si m\u016f\u017eete \u010d\u00edst, i kdy\u017e nem\u00e1te internet<\/li>\n\n\n\n<li>Audio Bible, ide\u00e1ln\u00ed pro lidi se zrakov\u00fdm posti\u017een\u00edm nebo pro ty, kte\u0159\u00ed d\u00e1vaj\u00ed p\u0159ednost poslechu<\/li>\n\n\n\n<li>Nastaven\u00ed velikosti p\u00edsma a kontrastu pro ochranu o\u010d\u00ed<\/li>\n\n\n\n<li>Jednoduch\u00e9 a snadno pou\u017eiteln\u00e9 rozhran\u00ed, \u017e\u00e1dn\u00e9 otravn\u00e9 reklamy<\/li>\n\n\n\n<li>Zamy\u0161len\u00ed, denn\u00ed \u00favahy a lidov\u00e9 modlitby<\/li>\n\n\n\n<li>Mo\u017enosti ozna\u010dov\u00e1n\u00ed obl\u00edben\u00fdch ver\u0161\u016f nebo psan\u00ed pozn\u00e1mek<\/li>\n\n\n\n<li>Vyhled\u00e1vac\u00ed funkce podle kl\u00ed\u010dov\u00e9ho slova nebo t\u00e9matu<\/li>\n<\/ul>\n\n\n\n<p>D\u00edky t\u011bmto funkc\u00edm je aplikace nejen praktick\u00e1, ale tak\u00e9 skute\u010dn\u00fd duchovn\u00ed pr\u016fvodce p\u0159izp\u016fsoben\u00fd va\u0161emu \u017eivotn\u00edmu stylu.<\/p>\n\n\n\n<h2 class=\"wp-block-heading\">3 nejlep\u0161\u00ed aplikace pro katolickou Bibli v mobiln\u00edm telefonu<\/h2>\n\n\n\n<h3 class=\"wp-block-heading\">1. Katolick\u00e1 Bible + Audio<\/h3>\n\n\n\n<p>Jedna z nejkomplexn\u011bj\u0161\u00edch a nejl\u00e9pe hodnocen\u00fdch aplikac\u00ed mezi \u0161pan\u011blsky mluv\u00edc\u00edmi u\u017eivateli.<\/p>\n\n\n\n<p>Tato aplikace je ide\u00e1ln\u00ed pro ty, kte\u0159\u00ed cht\u011bj\u00ed vizu\u00e1ln\u00ed i sluchov\u00fd z\u00e1\u017eitek.<\/p>\n\n\n\n<ul>\n<li>Zahrnuje <strong>Kompletn\u00ed katolick\u00e1 Bible<\/strong> s vysoce kvalitn\u00edm zvukem<\/li>\n\n\n\n<li>M\u00e1 velk\u00e1 tla\u010d\u00edtka, roz\u0161i\u0159iteln\u00e9 p\u00edsmo a jednoduchou navigaci<\/li>\n\n\n\n<li>M\u016f\u017eete poslouchat i p\u0159i jin\u00fdch dom\u00e1c\u00edch prac\u00edch.<\/li>\n\n\n\n<li>Umo\u017e\u0148uje \u010dten\u00ed bez p\u0159ipojen\u00ed k internetu<\/li>\n\n\n\n<li>Funkce no\u010dn\u00edho re\u017eimu pro p\u00e9\u010di o va\u0161e o\u010di v noci<\/li>\n<\/ul>\n\n\n\n<p>Pokud m\u00e1te pot\u00ed\u017ee se \u010dten\u00edm nebo prost\u011b rad\u011bji poslouch\u00e1te Slovo, je tato aplikace pro v\u00e1s ide\u00e1ln\u00ed.<\/p>\n\n\n\n<p>Nav\u00edc d\u00edky sv\u00e9mu jednoduch\u00e9mu designu je ide\u00e1ln\u00ed pro star\u0161\u00ed lidi nebo pro ty, kte\u0159\u00ed s pou\u017e\u00edv\u00e1n\u00edm mobiln\u00edch telefon\u016f teprve za\u010d\u00ednaj\u00ed.<\/p>\n\n\n\n<p><\/p>\n\n\n\n<hr class=\"wp-block-separator has-alpha-channel-opacity is-style-wide\" \/>\n\n\n\n<h5 class=\"wp-block-heading has-text-align-left\"><strong><mark class=\"has-inline-color has-luminous-vivid-amber-color\"><strong><mark class=\"has-inline-color has-luminous-vivid-amber-color\"><a>\ud83d\udc49 <\/a><strong><mark class=\"has-inline-color has-luminous-vivid-amber-color\"><strong>St\u00e1hn\u011bte si aplikaci:<\/strong><\/mark><\/strong><\/mark><\/strong><\/mark><\/strong><\/h5>\n\n\n    <section class=\"mx-1 my-10\">\n                                                <a href=\"https:\/\/biblia-catolica-audio.br.uptodown.com\/android\" class=\"text-white\" data-analytics-label=\"optionsButton\"\n                    data-action=\"analytics#trackCTA\">\n                    <div data-options-target=\"option\"\n                        class=\"custom-section rounded-xl border p-3 shadow-md w-full bg-green-700 my-3\">\n                        <div class=\"flex w-full items-center justify-between\">\n                            <div class=\"flex items-center space-x-3\">\n                                <div class=\"text-lg font-bold\">\n                                    Katolick\u00e1 Bible + audio \u279d\n                                <\/div>\n                            <\/div>\n                        <\/div>\n                    <\/div>\n                <\/a>\n                            <p class=\"text-xs text-gray-500 text-right\"\n            style=\"margin-left: 50%; margin-bottom: 50px; margin-top: 5px;\">\n            <!-- You will be redirected to another website -->\n        <\/p>\n    <\/section>\n\n\n\n\n<p class=\"has-text-align-right\"><em><strong><em><strong><em><strong><em><strong><em><strong><em><strong><em><strong><em><strong><em><strong><em><strong>Budete p\u0159esm\u011brov\u00e1ni na jinou str\u00e1nku!<\/strong><\/em><\/strong><\/em><\/strong><\/em><\/strong><\/em><\/strong><\/em><\/strong><\/em><\/strong><\/em><\/strong><\/em><\/strong><\/em><\/strong><\/em><\/p>\n\n\n\n<hr class=\"wp-block-separator has-alpha-channel-opacity is-style-wide\" \/>\n\n\n\n<p><\/p>\n\n\n\n<h3 class=\"wp-block-heading\">2. Bezplatn\u00e1 katolick\u00e1 svat\u00e1 Bible<\/h3>\n\n\n\n<p>Tuto aplikaci si st\u00e1hly miliony lid\u00ed po cel\u00e9 Latinsk\u00e9 Americe. Je spolehliv\u00e1, aktu\u00e1ln\u00ed a velmi snadno se pou\u017e\u00edv\u00e1.<\/p>\n\n\n\n<ul>\n<li>Nab\u00edz\u00ed <strong>Bible v latin\u011b ve \u0161pan\u011bl\u0161tin\u011b<\/strong>, se v\u0161emi knihami schv\u00e1len\u00fdmi katolickou c\u00edrkv\u00ed<\/li>\n\n\n\n<li>Pos\u00edl\u00e1 v\u00e1m inspirativn\u00ed ver\u0161e ka\u017ed\u00fd den<\/li>\n\n\n\n<li>Obsahuje denn\u00ed zamy\u0161len\u00ed a pl\u00e1ny \u010dten\u00ed uspo\u0159\u00e1dan\u00e9 podle t\u00e9mat.<\/li>\n\n\n\n<li>M\u016f\u017eete si vytv\u00e1\u0159et pozn\u00e1mky, podtrh\u00e1vat ver\u0161e a sd\u00edlet je na soci\u00e1ln\u00edch s\u00edt\u00edch.<\/li>\n\n\n\n<li>U\u017eivatelsky p\u0159\u00edv\u011btiv\u00e9 rozhran\u00ed, \u017e\u00e1dn\u00e9 ru\u0161iv\u00e9 reklamy<\/li>\n<\/ul>\n\n\n\n<p>Ide\u00e1ln\u00ed pro ty, kte\u0159\u00ed si cht\u011bj\u00ed vybudovat zvyk \u010d\u00edst Bibli ka\u017ed\u00e9 r\u00e1no nebo p\u0159ed span\u00edm s poselstv\u00edmi, kter\u00e1 ut\u011b\u0161uj\u00ed a posiluj\u00ed v\u00edru.<\/p>\n\n\n\n<p><\/p>\n\n\n\n<hr class=\"wp-block-separator has-alpha-channel-opacity is-style-wide\" \/>\n\n\n\n<h5 class=\"wp-block-heading has-text-align-left\"><strong><mark class=\"has-inline-color has-luminous-vivid-amber-color\"><strong><mark class=\"has-inline-color has-luminous-vivid-amber-color\"><a>\ud83d\udc49 <\/a><strong><mark class=\"has-inline-color has-luminous-vivid-amber-color\"><strong>St\u00e1hn\u011bte si aplikaci:<\/strong><\/mark><\/strong><\/mark><\/strong><\/mark><\/strong><\/h5>\n\n\n    <section class=\"mx-1 my-10\">\n                                                <a href=\"https:\/\/biblia-catolica.pt.aptoide.com\/app\" class=\"text-white\" data-analytics-label=\"optionsButton\"\n                    data-action=\"analytics#trackCTA\">\n                    <div data-options-target=\"option\"\n                        class=\"custom-section rounded-xl border p-3 shadow-md w-full bg-green-700 my-3\">\n                        <div class=\"flex w-full items-center justify-between\">\n                            <div class=\"flex items-center space-x-3\">\n                                <div class=\"text-lg font-bold\">\n                                    Bezplatn\u00e1 katolick\u00e1 svat\u00e1 Bible \u279d\n                                <\/div>\n                            <\/div>\n                        <\/div>\n                    <\/div>\n                <\/a>\n                            <p class=\"text-xs text-gray-500 text-right\"\n            style=\"margin-left: 50%; margin-bottom: 50px; margin-top: 5px;\">\n            <!-- You will be redirected to another website -->\n        <\/p>\n    <\/section>\n\n\n\n\n<p class=\"has-text-align-right\"><em><strong><em><strong><em><strong><em><strong><em><strong><em><strong><em><strong><em><strong><em><strong><em><strong>Budete p\u0159esm\u011brov\u00e1ni na jinou str\u00e1nku!<\/strong><\/em><\/strong><\/em><\/strong><\/em><\/strong><\/em><\/strong><\/em><\/strong><\/em><\/strong><\/em><\/strong><\/em><\/strong><\/em><\/strong><\/em><\/p>\n\n\n\n<hr class=\"wp-block-separator has-alpha-channel-opacity is-style-wide\" \/>\n\n\n\n<p><\/p>\n\n\n\n<h3 class=\"wp-block-heading\">3. <a href=\"https:\/\/biblia-catolica-gratis.br.uptodown.com\/android\/download\">Katolick\u00e1 Bible<\/a> pro ka\u017ed\u00e9ho<\/h3>\n\n\n\n<p>Navr\u017eeno speci\u00e1ln\u011b pro lidi hledaj\u00edc\u00ed jasn\u00fd, jednoduch\u00fd duchovn\u00ed z\u00e1\u017eitek bez technick\u00fdch komplikac\u00ed.<\/p>\n\n\n\n<ul>\n<li>Latinskoamerick\u00fd \u0161pan\u011blsk\u00fd p\u0159eklad <strong>Kompletn\u00ed katolick\u00e1 Bible<\/strong><\/li>\n\n\n\n<li>P\u0159\u00edstupn\u00e1 tla\u010d\u00edtka, ide\u00e1ln\u00ed pro seniory<\/li>\n\n\n\n<li>Obsahuje tradi\u010dn\u00ed modlitby, jako nap\u0159. <strong>N\u00e1\u0161 Ot\u010de<\/strong>, on <strong>Zdr\u00e1vas Maria<\/strong> a <strong>Kr\u00e9do<\/strong><\/li>\n\n\n\n<li>M\u016f\u017eete si ozna\u010dit pas\u00e1\u017ee, kter\u00e9 v\u00e1s nejv\u00edce dojaly.<\/li>\n\n\n\n<li>Zahrnuje n\u00e1bo\u017eensk\u00e9 obrazy, liturgick\u00fd kalend\u00e1\u0159 a prostor pro va\u0161e \u00favahy.<\/li>\n<\/ul>\n\n\n\n<p>A\u0165 u\u017e teprve za\u010d\u00edn\u00e1te svou cestu v\u00edry, nebo se prost\u011b chcete p\u0159ibl\u00ed\u017eit k Bohu, tato aplikace v\u00e1s provede krok za krokem.<\/p>\n\n\n\n<p><\/p>\n\n\n\n<hr class=\"wp-block-separator has-alpha-channel-opacity is-style-wide\" \/>\n\n\n\n<h5 class=\"wp-block-heading has-text-align-left\"><strong><mark class=\"has-inline-color has-luminous-vivid-amber-color\"><strong><mark class=\"has-inline-color has-luminous-vivid-amber-color\"><a>\ud83d\udc49 <\/a><strong><mark class=\"has-inline-color has-luminous-vivid-amber-color\"><strong>St\u00e1hn\u011bte si aplikaci:<\/strong><\/mark><\/strong><\/mark><\/strong><\/mark><\/strong><\/h5>\n\n\n    <section class=\"mx-1 my-10\">\n                                                <a href=\"https:\/\/biblia-catolica-gratis.br.uptodown.com\/android\/download\" class=\"text-white\" data-analytics-label=\"optionsButton\"\n                    data-action=\"analytics#trackCTA\">\n                    <div data-options-target=\"option\"\n                        class=\"custom-section rounded-xl border p-3 shadow-md w-full bg-green-700 my-3\">\n                        <div class=\"flex w-full items-center justify-between\">\n                            <div class=\"flex items-center space-x-3\">\n                                <div class=\"text-lg font-bold\">\n                                    Kompletn\u00ed katolick\u00e1 Bible \u279d\n                                <\/div>\n                            <\/div>\n                        <\/div>\n                    <\/div>\n                <\/a>\n                            <p class=\"text-xs text-gray-500 text-right\"\n            style=\"margin-left: 50%; margin-bottom: 50px; margin-top: 5px;\">\n            <!-- You will be redirected to another website -->\n        <\/p>\n    <\/section>\n\n\n\n\n<p class=\"has-text-align-right\"><em><strong><em><strong><em><strong><em><strong><em><strong><em><strong><em><strong><em><strong><em><strong><em><strong>Budete p\u0159esm\u011brov\u00e1ni na jinou str\u00e1nku!<\/strong><\/em><\/strong><\/em><\/strong><\/em><\/strong><\/em><\/strong><\/em><\/strong><\/em><\/strong><\/em><\/strong><\/em><\/strong><\/em><\/strong><\/em><\/p>\n\n\n\n<hr class=\"wp-block-separator has-alpha-channel-opacity is-style-wide\" \/>\n\n\n\n<p><\/p>\n\n\n\n<h2 class=\"wp-block-heading\">Jak tyto aplikace nainstalovat a za\u010d\u00edt pou\u017e\u00edvat?<\/h2>\n\n\n\n<p>I kdy\u017e jste si nikdy p\u0159edt\u00edm \u017e\u00e1dnou aplikaci neinstalovali, je tento proces velmi snadn\u00fd. Postupujte podle t\u011bchto krok\u016f:<\/p>\n\n\n\n<ol>\n<li>Otev\u0159ete <strong>Obchod Play<\/strong> na va\u0161em mobiln\u00edm telefonu (ikona s barevn\u00fdm troj\u00faheln\u00edkem)<\/li>\n\n\n\n<li>Do vyhled\u00e1vac\u00edho \u0159\u00e1dku zadejte n\u00e1zev jedn\u00e9 z doporu\u010den\u00fdch aplikac\u00ed<\/li>\n\n\n\n<li>Klikn\u011bte na tla\u010d\u00edtko <strong>&quot;Instalovat&quot;<\/strong><\/li>\n\n\n\n<li>Po\u010dkejte pros\u00edm n\u011bkolik sekund, ne\u017e se to st\u00e1hne.<\/li>\n\n\n\n<li>Po instalaci otev\u0159ete aplikaci<\/li>\n\n\n\n<li>P\u0159ijm\u011bte opr\u00e1vn\u011bn\u00ed a nakonfigurujte si \u010dten\u00ed: velikost p\u00edsma, jazyk, sv\u011btl\u00fd nebo tmav\u00fd re\u017eim<\/li>\n<\/ol>\n\n\n\n<p>Hotovo! Nyn\u00ed m\u016f\u017eete za\u010d\u00edt \u010d\u00edst z <strong>Genesis<\/strong>, hledejte <strong>\u017dalmy<\/strong> pro t\u011b\u017ek\u00e9 chv\u00edle nebo k meditaci s n\u00edm <strong>Matou\u0161ovo evangelium<\/strong>.<\/p>\n\n\n<div class=\"wp-block-image\">\n<figure class=\"aligncenter size-full\"><img loading=\"lazy\" decoding=\"async\" width=\"550\" height=\"350\" src=\"https:\/\/universofamilia.com\/wp-content\/uploads\/sites\/148\/2025\/06\/DESTAQUE-UNIVERSO-550-x-350-8.jpg\" alt=\"\" class=\"wp-image-9535\" srcset=\"https:\/\/universofamilia.com\/wp-content\/uploads\/sites\/148\/2025\/06\/DESTAQUE-UNIVERSO-550-x-350-8.jpg 550w, https:\/\/universofamilia.com\/wp-content\/uploads\/sites\/148\/2025\/06\/DESTAQUE-UNIVERSO-550-x-350-8-300x191.jpg 300w, https:\/\/universofamilia.com\/wp-content\/uploads\/sites\/148\/2025\/06\/DESTAQUE-UNIVERSO-550-x-350-8-18x12.jpg 18w\" sizes=\"(max-width: 550px) 100vw, 550px\" \/><figcaption class=\"wp-element-caption\">Objevte katolickou Bibli ve sv\u00e9m mobiln\u00edm telefonu<\/figcaption><\/figure><\/div>\n\n\n<h2 class=\"wp-block-heading\">Kter\u00e9 knihy katolick\u00e9 Bible jsou nej\u010dten\u011bj\u0161\u00ed?<\/h2>\n\n\n\n<p>Pro ty, kte\u0159\u00ed s \u010dten\u00edm teprve za\u010d\u00ednaj\u00ed, je zde seznam doporu\u010den\u00fdch knih:<\/p>\n\n\n\n<ul>\n<li><strong>\u017dalmy<\/strong>pro chv\u00edle \u00fazkosti, modlitby nebo vd\u011b\u010dnosti<\/li>\n\n\n\n<li><strong>Evangelia<\/strong> (Matou\u0161, Marek, Luk\u00e1\u0161, Jan): \u017eivot a u\u010den\u00ed Je\u017e\u00ed\u0161e<\/li>\n\n\n\n<li><strong>P\u0159\u00edslov\u00ed<\/strong>: praktick\u00e9 tipy pro ka\u017edodenn\u00ed \u017eivot<\/li>\n\n\n\n<li><strong>Genesis<\/strong>: po\u010d\u00e1tek d\u011bjin lidstva<\/li>\n\n\n\n<li><strong>Skutky apo\u0161tol\u016f<\/strong>: Jak \u017eili prvn\u00ed k\u0159es\u0165an\u00e9<\/li>\n<\/ul>\n\n\n\n<p>Mnoho aplikac\u00ed v\u00e1m umo\u017e\u0148uje za\u010d\u00edt s pl\u00e1nem \u010dten\u00ed s t\u011bmito knihami, doprov\u00e1zen\u00fdm modlitbami a zamy\u0161len\u00edm.<\/p>\n\n\n\n<h2 class=\"wp-block-heading\">Tipy, jak za\u010dlenit Bibli do sv\u00e9ho ka\u017edodenn\u00edho \u017eivota<\/h2>\n\n\n\n<p>Za\u0159azen\u00ed \u010dten\u00ed Bible do va\u0161eho denn\u00edho re\u017eimu m\u016f\u017ee b\u00fdt snaz\u0161\u00ed, ne\u017e si mysl\u00edte. Zde je n\u011bkolik jednoduch\u00fdch tip\u016f:<\/p>\n\n\n\n<ul>\n<li>P\u0159e\u010dt\u011bte si jeden ver\u0161, kdy\u017e se probud\u00edte, a jeden p\u0159ed span\u00edm.<\/li>\n\n\n\n<li>Poslouchejte Bibli p\u0159i va\u0159en\u00ed nebo cvi\u010den\u00ed<\/li>\n\n\n\n<li>Pou\u017e\u00edvejte no\u010dn\u00ed re\u017eim pro \u010dten\u00ed v posteli bez po\u0161kozen\u00ed zraku<\/li>\n\n\n\n<li>Sd\u00edlejte zpr\u00e1vu se sv\u00fdmi d\u011btmi nebo vnou\u010daty b\u011bhem sn\u00eddan\u011b<\/li>\n\n\n\n<li>Otev\u0159ete aplikaci ve chv\u00edl\u00edch smutku nebo zmatku a vyhledejte radu.<\/li>\n<\/ul>\n\n\n\n<p>Pamatujte, \u017ee ka\u017ed\u00e9 \u010dten\u00ed je sem\u00ednko, kter\u00e9 zasad\u00edte do sv\u00e9 du\u0161e. Postupem \u010dasu p\u0159inese ovoce v\u00edry, pokoje a moudrosti.<\/p>\n\n\n\n<h2 class=\"wp-block-heading\">Co o t\u011bchto aplikac\u00edch \u0159\u00edkaj\u00ed star\u0161\u00ed u\u017eivatel\u00e9?<\/h2>\n\n\n\n<p>Mnoho senior\u016f na\u0161lo v t\u011bchto aplikac\u00edch nov\u00fd zp\u016fsob, jak se spojit s Bohem. Zde jsou n\u011bkter\u00e9 recenze skute\u010dn\u00fdch u\u017eivatel\u016f:<\/p>\n\n\n\n<ul>\n<li>\u201eJe mi 78 let a tato aplikace mi pom\u00e1h\u00e1 \u010d\u00edst ka\u017ed\u00fd ve\u010der bez n\u00e1mahy.\u201c<\/li>\n\n\n\n<li>\u201eJe to, jako by mi B\u016fh mluvil do ucha. D\u00edky za p\u0159id\u00e1n\u00ed zvukov\u00e9 stopy.\u201c<\/li>\n\n\n\n<li>\u201eD\u0159\u00edve jsem m\u011bl probl\u00e9m \u010d\u00edst Bibli na pap\u00ed\u0159e, te\u010f si m\u016f\u017eu p\u00edsmo zv\u011bt\u0161it a u\u017e\u00edvat si to.\u201c<\/li>\n<\/ul>\n\n\n\n<p>Technologie mohou p\u0159ibl\u00ed\u017eit spiritualit\u011b cel\u00e9 generace bez ohledu na v\u011bk nebo digit\u00e1ln\u00ed zku\u0161enosti.<\/p>\n\n\n\n<h2 class=\"wp-block-heading\">Katolick\u00e1 Bible ve va\u0161em mobiln\u00edm telefonu: n\u00e1stroj pro celou rodinu<\/h2>\n\n\n\n<p>Tyto aplikace nejsou ur\u010deny jen pro individu\u00e1ln\u00ed pou\u017eit\u00ed. Mohou tak\u00e9 pos\u00edlit v\u00edru v r\u00e1mci rodiny:<\/p>\n\n\n\n<ul>\n<li>Modlete se r\u016f\u017eenec se sv\u00fdmi d\u011btmi z aplikace<\/li>\n\n\n\n<li>\u010ct\u011bte spole\u010dn\u011b ned\u011bln\u00ed evangelium<\/li>\n\n\n\n<li>Sd\u00edlejte zamy\u0161len\u00ed prost\u0159ednictv\u00edm skupin WhatsApp<\/li>\n\n\n\n<li>Pou\u017eijte denn\u00ed ver\u0161e k zamy\u0161len\u00ed jako p\u00e1r<\/li>\n<\/ul>\n\n\n\n<p>S jedin\u00fdm mobiln\u00edm telefonem m\u016f\u017eete vytvo\u0159it okam\u017eiky duchovn\u00ed jednoty a u\u010den\u00ed, kter\u00e9 nav\u017edy z\u016fstanou v srdc\u00edch va\u0161\u00ed rodiny.<\/p>\n\n\n\n<h2 class=\"wp-block-heading\">Jednat je\u0161t\u011b dnes<\/h2>\n\n\n\n<p>Nenechte se usp\u011bchan\u00fdm sv\u011btem odradit od va\u0161\u00ed v\u00edry. M\u016f\u017eete si je\u0161t\u011b dnes st\u00e1hnout jednu z t\u011bchto aplikac\u00ed a za\u010d\u00edt s n\u00ed m\u011bnit sv\u016fj \u017eivot. <strong>Katolick\u00e1 Bible na mobiln\u00edm telefonu<\/strong>Je to zdarma, jednoduch\u00e9 a nesm\u00edrn\u011b v\u00fdkonn\u00e9.<\/p>\n\n\n\n<p>Klikn\u011bte na odkazy, vyberte si aplikaci, kter\u00e1 se v\u00e1m nejv\u00edce l\u00edb\u00ed, a za\u010dn\u011bte novou f\u00e1zi duchovn\u00edho spojen\u00ed p\u0159\u00edmo z dlan\u011b. Proto\u017ee kdy\u017e m\u00e1te u sebe Bo\u017e\u00ed slovo, nikdy nejste sami.<\/p>","protected":false},"excerpt":{"rendered":"<p>V\u00edra na dosah ruky. Co hled\u00e1te? Z\u016fstanete na stejn\u00e9m m\u00edst\u011b. V\u011bd\u011bli jste, \u017ee si katolickou Bibli m\u016f\u017eete vz\u00edt kamkoli s sebou? Dnes, d\u00edky technologi\u00edm, nepot\u0159ebujete fyzickou knihu, abyste se spojili s Bo\u017e\u00edm slovem. Stisknut\u00edm tla\u010d\u00edtka m\u016f\u017eete otev\u0159\u00edt Bibli kdykoli b\u011bhem dne.<\/p>","protected":false},"author":139,"featured_media":9535,"comment_status":"closed","ping_status":"open","sticky":false,"template":"","format":"standard","meta":{"footnotes":""},"categories":[3],"tags":[2325,2161,2327,2326,2324],"yoast_head":"<!-- This site is optimized with the Yoast SEO plugin v23.3 - https:\/\/yoast.com\/wordpress\/plugins\/seo\/ -->\n<title>Descubre la Biblia Cat\u00f3lica en tu celular - Universo Fam\u00edlia<\/title>\n<meta name=\"description\" content=\"Descubre la Biblia Cat\u00f3lica en tu celular. \u00bfSab\u00edas que puedes llevar la Biblia Cat\u00f3lica contigo a todas partes?\" \/>\n<meta name=\"robots\" content=\"index, follow, max-snippet:-1, max-image-preview:large, max-video-preview:-1\" \/>\n<link rel=\"canonical\" href=\"http:\/\/universofamilia.com\/cs\/descubre-la-biblia-catolica-en-tu-celular\/\" \/>\n<meta property=\"og:locale\" content=\"cs_CZ\" \/>\n<meta property=\"og:type\" content=\"article\" \/>\n<meta property=\"og:title\" content=\"Descubre la Biblia Cat\u00f3lica en tu celular - Universo Fam\u00edlia\" \/>\n<meta property=\"og:description\" content=\"Descubre la Biblia Cat\u00f3lica en tu celular. \u00bfSab\u00edas que puedes llevar la Biblia Cat\u00f3lica contigo a todas partes?\" \/>\n<meta property=\"og:url\" content=\"http:\/\/universofamilia.com\/cs\/descubre-la-biblia-catolica-en-tu-celular\/\" \/>\n<meta property=\"og:site_name\" content=\"Universo Fam\u00edlia\" \/>\n<meta property=\"article:published_time\" content=\"2025-06-17T19:48:51+00:00\" \/>\n<meta property=\"article:modified_time\" content=\"2025-06-23T13:29:04+00:00\" \/>\n<meta property=\"og:image\" content=\"http:\/\/universofamilia.com\/wp-content\/uploads\/sites\/148\/2025\/06\/DESTAQUE-UNIVERSO-550-x-350-8.jpg\" \/>\n\t<meta property=\"og:image:width\" content=\"550\" \/>\n\t<meta property=\"og:image:height\" content=\"350\" \/>\n\t<meta property=\"og:image:type\" content=\"image\/jpeg\" \/>\n<meta name=\"author\" content=\"Pedro Henrique\" \/>\n<meta name=\"twitter:card\" content=\"summary_large_image\" \/>\n<meta name=\"twitter:label1\" content=\"Written by\" \/>\n\t<meta name=\"twitter:data1\" content=\"Pedro Henrique\" \/>\n\t<meta name=\"twitter:label2\" content=\"Est. reading time\" \/>\n\t<meta name=\"twitter:data2\" content=\"8 minut\" \/>\n<script type=\"application\/ld+json\" class=\"yoast-schema-graph\">{\"@context\":\"https:\/\/schema.org\",\"@graph\":[{\"@type\":\"WebPage\",\"@id\":\"http:\/\/universofamilia.com\/sr\/descubre-la-biblia-catolica-en-tu-celular\/\",\"url\":\"http:\/\/universofamilia.com\/sr\/descubre-la-biblia-catolica-en-tu-celular\/\",\"name\":\"Descubre la Biblia Cat\u00f3lica en tu celular - Universo Fam\u00edlia\",\"isPartOf\":{\"@id\":\"https:\/\/universofamilia.com\/el\/#website\"},\"primaryImageOfPage\":{\"@id\":\"http:\/\/universofamilia.com\/sr\/descubre-la-biblia-catolica-en-tu-celular\/#primaryimage\"},\"image\":{\"@id\":\"http:\/\/universofamilia.com\/sr\/descubre-la-biblia-catolica-en-tu-celular\/#primaryimage\"},\"thumbnailUrl\":\"https:\/\/universofamilia.com\/wp-content\/uploads\/sites\/148\/2025\/06\/DESTAQUE-UNIVERSO-550-x-350-8.jpg\",\"datePublished\":\"2025-06-17T19:48:51+00:00\",\"dateModified\":\"2025-06-23T13:29:04+00:00\",\"author\":{\"@id\":\"https:\/\/universofamilia.com\/el\/#\/schema\/person\/f07ce98187dd84d31154262e79b3b7ca\"},\"description\":\"Descubre la Biblia Cat\u00f3lica en tu celular. \u00bfSab\u00edas que puedes llevar la Biblia Cat\u00f3lica contigo a todas partes?\",\"breadcrumb\":{\"@id\":\"http:\/\/universofamilia.com\/sr\/descubre-la-biblia-catolica-en-tu-celular\/#breadcrumb\"},\"inLanguage\":\"cs\",\"potentialAction\":[{\"@type\":\"ReadAction\",\"target\":[\"http:\/\/universofamilia.com\/sr\/descubre-la-biblia-catolica-en-tu-celular\/\"]}]},{\"@type\":\"ImageObject\",\"inLanguage\":\"cs\",\"@id\":\"http:\/\/universofamilia.com\/sr\/descubre-la-biblia-catolica-en-tu-celular\/#primaryimage\",\"url\":\"https:\/\/universofamilia.com\/wp-content\/uploads\/sites\/148\/2025\/06\/DESTAQUE-UNIVERSO-550-x-350-8.jpg\",\"contentUrl\":\"https:\/\/universofamilia.com\/wp-content\/uploads\/sites\/148\/2025\/06\/DESTAQUE-UNIVERSO-550-x-350-8.jpg\",\"width\":550,\"height\":350,\"caption\":\"Descubre la Biblia Cat\u00f3lica en tu celular\"},{\"@type\":\"BreadcrumbList\",\"@id\":\"http:\/\/universofamilia.com\/sr\/descubre-la-biblia-catolica-en-tu-celular\/#breadcrumb\",\"itemListElement\":[{\"@type\":\"ListItem\",\"position\":1,\"name\":\"Home\",\"item\":\"https:\/\/universofamilia.com\/el\/\"},{\"@type\":\"ListItem\",\"position\":2,\"name\":\"Descubre la Biblia Cat\u00f3lica en tu celular\"}]},{\"@type\":\"WebSite\",\"@id\":\"https:\/\/universofamilia.com\/el\/#website\",\"url\":\"https:\/\/universofamilia.com\/el\/\",\"name\":\"Universo Fam\u00edlia\",\"description\":\"\",\"potentialAction\":[{\"@type\":\"SearchAction\",\"target\":{\"@type\":\"EntryPoint\",\"urlTemplate\":\"https:\/\/universofamilia.com\/el\/?s={search_term_string}\"},\"query-input\":\"required name=search_term_string\"}],\"inLanguage\":\"cs\"},{\"@type\":\"Person\",\"@id\":\"https:\/\/universofamilia.com\/el\/#\/schema\/person\/f07ce98187dd84d31154262e79b3b7ca\",\"name\":\"Pedro Henrique\",\"image\":{\"@type\":\"ImageObject\",\"inLanguage\":\"cs\",\"@id\":\"https:\/\/universofamilia.com\/el\/#\/schema\/person\/image\/\",\"url\":\"https:\/\/secure.gravatar.com\/avatar\/9edfeb808cb4e1599f64d6e45b130154?s=96&d=mm&r=g\",\"contentUrl\":\"https:\/\/secure.gravatar.com\/avatar\/9edfeb808cb4e1599f64d6e45b130154?s=96&d=mm&r=g\",\"caption\":\"Pedro Henrique\"},\"url\":\"https:\/\/universofamilia.com\/cs\/author\/editor01\/\"}]}<\/script>\n<!-- \/ Yoast SEO plugin. -->","yoast_head_json":{"title":"Descubre la Biblia Cat\u00f3lica en tu celular - Universo Fam\u00edlia","description":"Descubre la Biblia Cat\u00f3lica en tu celular. \u00bfSab\u00edas que puedes llevar la Biblia Cat\u00f3lica contigo a todas partes?","robots":{"index":"index","follow":"follow","max-snippet":"max-snippet:-1","max-image-preview":"max-image-preview:large","max-video-preview":"max-video-preview:-1"},"canonical":"http:\/\/universofamilia.com\/cs\/descubre-la-biblia-catolica-en-tu-celular\/","og_locale":"cs_CZ","og_type":"article","og_title":"Descubre la Biblia Cat\u00f3lica en tu celular - Universo Fam\u00edlia","og_description":"Descubre la Biblia Cat\u00f3lica en tu celular. \u00bfSab\u00edas que puedes llevar la Biblia Cat\u00f3lica contigo a todas partes?","og_url":"http:\/\/universofamilia.com\/cs\/descubre-la-biblia-catolica-en-tu-celular\/","og_site_name":"Universo Fam\u00edlia","article_published_time":"2025-06-17T19:48:51+00:00","article_modified_time":"2025-06-23T13:29:04+00:00","og_image":[{"width":550,"height":350,"url":"http:\/\/universofamilia.com\/wp-content\/uploads\/sites\/148\/2025\/06\/DESTAQUE-UNIVERSO-550-x-350-8.jpg","type":"image\/jpeg"}],"author":"Pedro Henrique","twitter_card":"summary_large_image","twitter_misc":{"Written by":"Pedro Henrique","Est. reading time":"8 minut"},"schema":{"@context":"https:\/\/schema.org","@graph":[{"@type":"WebPage","@id":"http:\/\/universofamilia.com\/sr\/descubre-la-biblia-catolica-en-tu-celular\/","url":"http:\/\/universofamilia.com\/sr\/descubre-la-biblia-catolica-en-tu-celular\/","name":"Descubre la Biblia Cat\u00f3lica en tu celular - Universo Fam\u00edlia","isPartOf":{"@id":"https:\/\/universofamilia.com\/el\/#website"},"primaryImageOfPage":{"@id":"http:\/\/universofamilia.com\/sr\/descubre-la-biblia-catolica-en-tu-celular\/#primaryimage"},"image":{"@id":"http:\/\/universofamilia.com\/sr\/descubre-la-biblia-catolica-en-tu-celular\/#primaryimage"},"thumbnailUrl":"https:\/\/universofamilia.com\/wp-content\/uploads\/sites\/148\/2025\/06\/DESTAQUE-UNIVERSO-550-x-350-8.jpg","datePublished":"2025-06-17T19:48:51+00:00","dateModified":"2025-06-23T13:29:04+00:00","author":{"@id":"https:\/\/universofamilia.com\/el\/#\/schema\/person\/f07ce98187dd84d31154262e79b3b7ca"},"description":"Descubre la Biblia Cat\u00f3lica en tu celular. \u00bfSab\u00edas que puedes llevar la Biblia Cat\u00f3lica contigo a todas partes?","breadcrumb":{"@id":"http:\/\/universofamilia.com\/sr\/descubre-la-biblia-catolica-en-tu-celular\/#breadcrumb"},"inLanguage":"cs","potentialAction":[{"@type":"ReadAction","target":["http:\/\/universofamilia.com\/sr\/descubre-la-biblia-catolica-en-tu-celular\/"]}]},{"@type":"ImageObject","inLanguage":"cs","@id":"http:\/\/universofamilia.com\/sr\/descubre-la-biblia-catolica-en-tu-celular\/#primaryimage","url":"https:\/\/universofamilia.com\/wp-content\/uploads\/sites\/148\/2025\/06\/DESTAQUE-UNIVERSO-550-x-350-8.jpg","contentUrl":"https:\/\/universofamilia.com\/wp-content\/uploads\/sites\/148\/2025\/06\/DESTAQUE-UNIVERSO-550-x-350-8.jpg","width":550,"height":350,"caption":"Descubre la Biblia Cat\u00f3lica en tu celular"},{"@type":"BreadcrumbList","@id":"http:\/\/universofamilia.com\/sr\/descubre-la-biblia-catolica-en-tu-celular\/#breadcrumb","itemListElement":[{"@type":"ListItem","position":1,"name":"Home","item":"https:\/\/universofamilia.com\/el\/"},{"@type":"ListItem","position":2,"name":"Descubre la Biblia Cat\u00f3lica en tu celular"}]},{"@type":"WebSite","@id":"https:\/\/universofamilia.com\/el\/#website","url":"https:\/\/universofamilia.com\/el\/","name":"Universo Fam\u00edlia","description":"","potentialAction":[{"@type":"SearchAction","target":{"@type":"EntryPoint","urlTemplate":"https:\/\/universofamilia.com\/el\/?s={search_term_string}"},"query-input":"required name=search_term_string"}],"inLanguage":"cs"},{"@type":"Person","@id":"https:\/\/universofamilia.com\/el\/#\/schema\/person\/f07ce98187dd84d31154262e79b3b7ca","name":"Pedro Henrique","image":{"@type":"ImageObject","inLanguage":"cs","@id":"https:\/\/universofamilia.com\/el\/#\/schema\/person\/image\/","url":"https:\/\/secure.gravatar.com\/avatar\/9edfeb808cb4e1599f64d6e45b130154?s=96&d=mm&r=g","contentUrl":"https:\/\/secure.gravatar.com\/avatar\/9edfeb808cb4e1599f64d6e45b130154?s=96&d=mm&r=g","caption":"Pedro Henrique"},"url":"https:\/\/universofamilia.com\/cs\/author\/editor01\/"}]}},"_links":{"self":[{"href":"https:\/\/universofamilia.com\/cs\/wp-json\/wp\/v2\/posts\/9533"}],"collection":[{"href":"https:\/\/universofamilia.com\/cs\/wp-json\/wp\/v2\/posts"}],"about":[{"href":"https:\/\/universofamilia.com\/cs\/wp-json\/wp\/v2\/types\/post"}],"author":[{"embeddable":true,"href":"https:\/\/universofamilia.com\/cs\/wp-json\/wp\/v2\/users\/139"}],"replies":[{"embeddable":true,"href":"https:\/\/universofamilia.com\/cs\/wp-json\/wp\/v2\/comments?post=9533"}],"version-history":[{"count":1,"href":"https:\/\/universofamilia.com\/cs\/wp-json\/wp\/v2\/posts\/9533\/revisions"}],"predecessor-version":[{"id":9536,"href":"https:\/\/universofamilia.com\/cs\/wp-json\/wp\/v2\/posts\/9533\/revisions\/9536"}],"wp:featuredmedia":[{"embeddable":true,"href":"https:\/\/universofamilia.com\/cs\/wp-json\/wp\/v2\/media\/9535"}],"wp:attachment":[{"href":"https:\/\/universofamilia.com\/cs\/wp-json\/wp\/v2\/media?parent=9533"}],"wp:term":[{"taxonomy":"category","embeddable":true,"href":"https:\/\/universofamilia.com\/cs\/wp-json\/wp\/v2\/categories?post=9533"},{"taxonomy":"post_tag","embeddable":true,"href":"https:\/\/universofamilia.com\/cs\/wp-json\/wp\/v2\/tags?post=9533"}],"curies":[{"name":"wp","href":"https:\/\/api.w.org\/{rel}","templated":true}]}}