{"id":9758,"date":"2025-10-01T01:42:22","date_gmt":"2025-10-01T04:42:22","guid":{"rendered":"https:\/\/universofamilia.com\/?p=9758"},"modified":"2025-10-11T17:08:04","modified_gmt":"2025-10-11T20:08:04","slug":"inteligencia-artificial-y-politica","status":"publish","type":"post","link":"https:\/\/universofamilia.com\/cs\/inteligencia-artificial-y-politica\/","title":{"rendered":"Um\u011bl\u00e1 inteligence a politika"},"content":{"rendered":"<p class=\"has-text-align-center\"><strong>Um\u011bl\u00e1 inteligence a politika:<\/strong> Je to t\u00e9ma, kter\u00e9 u\u017e nen\u00ed v\u00fdhradn\u011b ur\u010deno pouze pro akademick\u00e9 konference nebo technick\u00e9 debaty; dnes prostupuje z\u00e1kony, ve\u0159ejn\u00fdmi rozhodnut\u00edmi a dokonce i glob\u00e1ln\u00ed geopolitikou.<\/p>\n\n\n<div class=\"wp-block-image\">\n<figure class=\"aligncenter size-full\"><img loading=\"lazy\" decoding=\"async\" width=\"550\" height=\"350\" src=\"https:\/\/universofamilia.com\/wp-content\/uploads\/sites\/148\/2025\/10\/DESTAQUE-UNIVERSO-550-x-350.jpg\" alt=\"\" class=\"wp-image-9759\" srcset=\"https:\/\/universofamilia.com\/wp-content\/uploads\/sites\/148\/2025\/10\/DESTAQUE-UNIVERSO-550-x-350.jpg 550w, https:\/\/universofamilia.com\/wp-content\/uploads\/sites\/148\/2025\/10\/DESTAQUE-UNIVERSO-550-x-350-300x191.jpg 300w, https:\/\/universofamilia.com\/wp-content\/uploads\/sites\/148\/2025\/10\/DESTAQUE-UNIVERSO-550-x-350-18x12.jpg 18w\" sizes=\"(max-width: 550px) 100vw, 550px\" \/><figcaption class=\"wp-element-caption\">Canva<\/figcaption><\/figure><\/div>\n\n\n<p>V roce 2025 \u010del\u00ed vl\u00e1dy v\u00fdzv\u011b, jak vyv\u00e1\u017eit inovace s ochranou pr\u00e1v ob\u010dan\u016f, a ka\u017ed\u00fd region p\u0159ij\u00edm\u00e1 jin\u00e9 strategie.<\/p>\n\n\n\n<p>V tomto \u010dl\u00e1nku najdete kompletn\u00ed p\u0159ehled:<\/p>\n\n\n\n<ul>\n<li>Jak nejvlivn\u011bj\u0161\u00ed zem\u011b reguluj\u00ed um\u011blou inteligenci.<\/li>\n\n\n\n<li>Kl\u00ed\u010dov\u00e9 rozd\u00edly mezi Evropou, Spojen\u00fdmi st\u00e1ty, \u010c\u00ednou a Latinskou Amerikou.<\/li>\n\n\n\n<li>Jak\u00e1 rizika a p\u0159\u00edle\u017eitosti se v souvislosti s technologiemi prob\u00edraj\u00ed.<\/li>\n\n\n\n<li>P\u0159\u00edklady aplikace p\u0159edpis\u016f v praxi.<\/li>\n\n\n\n<li>\u010casto kladen\u00e9 ot\u00e1zky k objasn\u011bn\u00ed b\u011b\u017en\u00fdch pochybnost\u00ed.<\/li>\n<\/ul>\n\n\n\n<h2 class=\"wp-block-heading\">Nal\u00e9havost jasn\u00fdch pravidel v digit\u00e1ln\u00edm v\u011bku<\/h2>\n\n\n\n<p>Um\u011bl\u00e1 inteligence u\u017e nen\u00ed laboratorn\u00edm experimentem. Je p\u0159\u00edtomna v l\u00e9ka\u0159sk\u00fdch diagn\u00f3z\u00e1ch, soudech, finan\u010dn\u00edch trz\u00edch a dokonce i v politick\u00fdch kampan\u00edch.<\/p>\n\n\n\n<p>Rychlost, s jakou se technologie vyv\u00edj\u00ed, p\u0159edstavuje dilema: jak zabr\u00e1nit zneu\u017e\u00edv\u00e1n\u00ed, ani\u017e by se zpomalil pokrok?<\/p>\n\n\n\n<p>Reakc\u00ed vl\u00e1dy bylo pos\u00edlen\u00ed regula\u010dn\u00edch r\u00e1mc\u016f. V roce 2025 <strong>Na\u0159\u00edzen\u00ed Evropsk\u00e9 unie o um\u011bl\u00e9 inteligenci<\/strong> Je pova\u017eov\u00e1n za nejambici\u00f3zn\u011bj\u0161\u00ed regulaci na sv\u011bt\u011b. <\/p>\n\n\n\n<p>Klasifikuje syst\u00e9my um\u011bl\u00e9 inteligence podle \u00farovn\u00ed rizika, od aplikac\u00ed s n\u00edzk\u00fdm dopadem a\u017e po ty, kter\u00e9 ovliv\u0148uj\u00ed z\u00e1kladn\u00ed pr\u00e1va, jako je hromadn\u00e9 sledov\u00e1n\u00ed.<\/p>\n\n\n\n<p>Podle Evropsk\u00e9 komise je c\u00edlem \u201ezaru\u010dit bezpe\u010dnost, transparentnost a respekt k demokratick\u00fdm hodnot\u00e1m\u201c.<\/p>\n\n\n\n<h2 class=\"wp-block-heading\">Spojen\u00e9 st\u00e1ty: Inovace a rozt\u0159\u00ed\u0161t\u011bn\u00e1 kontrola<\/h2>\n\n\n\n<p>Americk\u00fd p\u0159\u00edstup je m\u00e9n\u011b centralizovan\u00fd. M\u00edsto celost\u00e1tn\u00edho z\u00e1kona p\u0159ij\u00edmaj\u00ed agentury a st\u00e1ty specifick\u00e9 sm\u011brnice.<\/p>\n\n\n\n<p>B\u00edl\u00fd d\u016fm zve\u0159ejnil v roce 2022 <strong>Pl\u00e1n pro listinu pr\u00e1v um\u011bl\u00e9 inteligence<\/strong>, etick\u00fd r\u00e1mec, kter\u00fdm se \u0159\u00edd\u00ed v\u00fdvoj\u00e1\u0159i a firmy. A\u010dkoli nen\u00ed z\u00e1vazn\u00fd, otev\u0159el diskusi o digit\u00e1ln\u00edch pr\u00e1vech, algoritmick\u00e9 diskriminaci a soukrom\u00ed.<\/p>\n\n\n\n<p>Konkr\u00e9tn\u00ed p\u0159\u00edklad: Kalifornie prosazuje regulaci pou\u017e\u00edv\u00e1n\u00ed um\u011bl\u00e9 inteligence p\u0159i n\u00e1boru a vy\u017eaduje, aby spole\u010dnosti prok\u00e1zaly, \u017ee jejich algoritmy nevytv\u00e1\u0159ej\u00ed rasov\u00e9 ani genderov\u00e9 p\u0159edsudky.<\/p>\n\n\n\n<p>Tato opat\u0159en\u00ed odr\u00e1\u017eej\u00ed americk\u00fd trend: chr\u00e1nit spot\u0159ebitele, ani\u017e by se t\u00edm potla\u010dovala konkurenceschopnost technologick\u00e9ho ekosyst\u00e9mu.<\/p>\n\n\n\n<h2 class=\"wp-block-heading\">\u010c\u00edna: St\u00e1tn\u00ed kontrola a technologick\u00e9 ambice<\/h2>\n\n\n\n<p>\u010c\u00edna naopak integruje um\u011blou inteligenci do sv\u00e9 st\u00e1tn\u00ed strategie. Od roku 2021 reguluje doporu\u010dovac\u00ed algoritmy na digit\u00e1ln\u00edch platform\u00e1ch a v roce 2023 zavedla p\u0159\u00edsn\u00e1 pravidla pro generativn\u00ed syst\u00e9my um\u011bl\u00e9 inteligence.<\/p>\n\n\n\n<p>V roce 2025 vl\u00e1da pokra\u010duje v zav\u00e1d\u011bn\u00ed p\u0159edpis\u016f omezuj\u00edc\u00edch \u0161\u00ed\u0159en\u00ed informac\u00ed pova\u017eovan\u00fdch za \u0161kodliv\u00e9 pro \u201en\u00e1rodn\u00ed bezpe\u010dnost\u201c.<\/p>\n\n\n\n<p>Peking se m\u00edsto omezov\u00e1n\u00ed inovac\u00ed sna\u017e\u00ed vyu\u017e\u00edt um\u011blou inteligenci jako n\u00e1stroj ekonomick\u00e9 a soci\u00e1ln\u00ed moci. Proto jeho legislativa kombinuje podporu m\u00edstn\u00edch startup\u016f s p\u0159\u00edsnou kontrolou digit\u00e1ln\u00edho obsahu a osobn\u00edch \u00fadaj\u016f.<\/p>\n\n\n\n<h2 class=\"wp-block-heading\">Latinsk\u00e1 Amerika: po\u010d\u00e1te\u010dn\u00ed kroky a \u010dekaj\u00edc\u00ed v\u00fdzvy<\/h2>\n\n\n\n<p>Region je st\u00e1le v ran\u00e9 f\u00e1zi. Braz\u00edlie diskutuje o <strong>Pr\u00e1vn\u00ed r\u00e1mec pro um\u011blou inteligenci<\/strong>, \u010d\u00e1ste\u010dn\u011b inspirovan\u00fd evropsk\u00fdm modelem.<\/p>\n\n\n\n<p>Mexiko sice vytvo\u0159ilo expertn\u00ed skupiny pro posouzen\u00ed etick\u00fdch a pr\u00e1vn\u00edch rizik, a\u010dkoli dosud nep\u0159ijalo komplexn\u00ed z\u00e1kon.<\/p>\n\n\n\n<p>Probl\u00e9m\u016f je mnoho: nedostatek zdroj\u016f, chyb\u011bj\u00edc\u00ed infrastruktura a pot\u0159eba chr\u00e1nit zraniteln\u00e9 skupiny obyvatelstva.<\/p>\n\n\n\n<p>P\u0159esto roste z\u00e1jem o slad\u011bn\u00ed ve\u0159ejn\u00fdch politik s mezin\u00e1rodn\u00edmi standardy, aby se zabr\u00e1nilo zaost\u00e1v\u00e1n\u00ed v oblasti inovac\u00ed.<\/p>\n\n\n\n<h2 class=\"wp-block-heading\">Srovn\u00e1vac\u00ed tabulka: Regulace um\u011bl\u00e9 inteligence po cel\u00e9m sv\u011bt\u011b<\/h2>\n\n\n\n<figure class=\"wp-block-table\"><table><thead><tr><th>Region \/ Zem\u011b<\/th><th>Regula\u010dn\u00ed p\u0159\u00edstup<\/th><th>Kl\u00ed\u010dov\u00fd rok<\/th><th>Hlavn\u00ed vlastnosti<\/th><\/tr><\/thead><tbody><tr><td>Evropsk\u00e1 unie<\/td><td>Z\u00e1vazn\u00e9 na\u0159\u00edzen\u00ed<\/td><td>2024-2025<\/td><td>Klasifikace rizik, transparentnost, p\u0159\u00edsn\u00e9 sankce<\/td><\/tr><tr><td>USA<\/td><td>St\u00e1tn\u00ed sm\u011brnice a p\u0159edpisy<\/td><td>2022-2025<\/td><td>Rozt\u0159\u00ed\u0161t\u011bn\u00e9, zalo\u017een\u00e9 na pr\u00e1vech, bez jednotn\u00e9ho z\u00e1kona<\/td><\/tr><tr><td>\u010c\u00edna<\/td><td>P\u0159\u00edsn\u00e1 st\u00e1tn\u00ed regulace<\/td><td>2021-2025<\/td><td>Kontrola obsahu, dat a algoritm\u016f<\/td><\/tr><tr><td>Latinsk\u00e1 Amerika<\/td><td>Po\u010d\u00e1te\u010dn\u00ed iniciativy<\/td><td>2023-2025<\/td><td>Inspirov\u00e1no EU, st\u00e1le se diskutuje<\/td><\/tr><\/tbody><\/table><figcaption class=\"wp-element-caption\">Um\u011bl\u00e1 inteligence a politika: jak vl\u00e1dy reguluj\u00ed um\u011blou inteligenci ve sv\u011bt\u011b<\/figcaption><\/figure>\n\n\n\n<h2 class=\"wp-block-heading\">Skute\u010dnost, kter\u00e1 poznamen\u00e1v\u00e1 diskusi<\/h2>\n\n\n\n<p>Podle zpr\u00e1vy <strong>\u201eIndex AI 2024\u201c ze Stanfordsk\u00e9 univerzity<\/strong>v\u00edce ne\u017e <strong>70% \u010dlensk\u00fdch zem\u00ed OSN<\/strong> ji\u017e p\u0159ed rokem 2025 zah\u00e1jily legislativn\u00ed procesy nebo regula\u010dn\u00ed pokyny t\u00fdkaj\u00edc\u00ed se um\u011bl\u00e9 inteligence.<\/p>\n\n\n\n<p>Tato data ukazuj\u00ed, \u017ee se ji\u017e nejedn\u00e1 o budoucnost: jde o bezprost\u0159edn\u00ed pot\u0159ebu vl\u00e1d na v\u0161ech \u00farovn\u00edch.<\/p>\n\n\n<div class=\"wp-block-image\">\n<figure class=\"aligncenter size-full\"><img loading=\"lazy\" decoding=\"async\" width=\"550\" height=\"350\" src=\"https:\/\/universofamilia.com\/wp-content\/uploads\/sites\/148\/2025\/10\/DESTAQUE-SITE-MUNDOSAPPS-16-1.jpg\" alt=\"\" class=\"wp-image-9761\" srcset=\"https:\/\/universofamilia.com\/wp-content\/uploads\/sites\/148\/2025\/10\/DESTAQUE-SITE-MUNDOSAPPS-16-1.jpg 550w, https:\/\/universofamilia.com\/wp-content\/uploads\/sites\/148\/2025\/10\/DESTAQUE-SITE-MUNDOSAPPS-16-1-300x191.jpg 300w, https:\/\/universofamilia.com\/wp-content\/uploads\/sites\/148\/2025\/10\/DESTAQUE-SITE-MUNDOSAPPS-16-1-18x12.jpg 18w\" sizes=\"(max-width: 550px) 100vw, 550px\" \/><figcaption class=\"wp-element-caption\">Canva<\/figcaption><\/figure><\/div>\n\n\n<p>\u010ct\u011bte v\u00edce:&nbsp;<a href=\"https:\/\/universofamilia.com\/cs\/los-paises-mas-avanzados-en-regulacion-de-ia-en-2025\/\">Nejvysp\u011blej\u0161\u00ed zem\u011b v regulaci um\u011bl\u00e9 inteligence v roce 2025<\/a><\/p>\n\n\n\n<h2 class=\"wp-block-heading\">Rizika a p\u0159\u00edle\u017eitosti na obzoru<\/h2>\n\n\n\n<p>Regulace um\u011bl\u00e9 inteligence neznamen\u00e1 jen jej\u00ed omezen\u00ed, ale tak\u00e9 vytv\u00e1\u0159\u00ed p\u0159\u00edle\u017eitosti. D\u00edky jasn\u00fdm pravidl\u016fm mohou firmy inovovat s v\u011bt\u0161\u00ed jistotou. Ob\u010dan\u00e9 se tak\u00e9 c\u00edt\u00ed l\u00e9pe chr\u00e1n\u011bni p\u0159ed zneu\u017eit\u00edm.<\/p>\n\n\n\n<p>Ned\u00e1vn\u00fdm p\u0159\u00edkladem je finan\u010dn\u00ed sektor: evropsk\u00e9 banky za\u010daly pou\u017e\u00edvat um\u011blou inteligenci v \u00fav\u011brov\u00fdch hodnocen\u00edch pod regula\u010dn\u00edm dohledem.<\/p>\n\n\n\n<p>Toto opat\u0159en\u00ed sn\u00ed\u017eilo po\u010det st\u00ed\u017enost\u00ed na diskriminaci a zv\u00fd\u0161ilo d\u016fv\u011bru spot\u0159ebitel\u016f.<\/p>\n\n\n\n<p>Rizika v\u0161ak nezmiz\u00ed. Mezi n\u011b pat\u0159\u00ed:<\/p>\n\n\n\n<ul>\n<li>Algoritmick\u00e9 zkreslen\u00ed, kter\u00e9 udr\u017euje nerovnosti.<\/li>\n\n\n\n<li>Zneu\u017eit\u00ed osobn\u00edch \u00fadaj\u016f.<\/li>\n\n\n\n<li>Manipulace ve\u0159ejn\u00e9ho m\u00edn\u011bn\u00ed prost\u0159ednictv\u00edm dezinformac\u00ed.<\/li>\n<\/ul>\n\n\n\n<h2 class=\"wp-block-heading\">Analogie pro pochopen\u00ed probl\u00e9mu<\/h2>\n\n\n\n<p>Sou\u010dasn\u00e1 situace je podobn\u00e1 ran\u00fdm dob\u00e1m jadern\u00e9 energie. Technologie s obrovsk\u00fdm potenci\u00e1lem, ale bez \u0159\u00e1dn\u00e9 regulace by mohla p\u0159edstavovat glob\u00e1ln\u00ed riziko. <\/p>\n\n\n\n<p>Tehdy mezin\u00e1rodn\u00ed smlouvy a n\u00e1rodn\u00ed p\u0159edpisy br\u00e1nily velk\u00fdm katastrof\u00e1m. Dnes \u010del\u00ed um\u011bl\u00e1 inteligence podobn\u00e9mu dilematu: vyu\u017e\u00edt svou transforma\u010dn\u00ed s\u00edlu, ani\u017e by byla ohro\u017eena z\u00e1kladn\u00ed pr\u00e1va.<\/p>\n\n\n\n<h2 class=\"wp-block-heading\">Sm\u011brem ke glob\u00e1ln\u00ed spr\u00e1v\u011b um\u011bl\u00e9 inteligence<\/h2>\n\n\n\n<p>Na multilater\u00e1ln\u00edch f\u00f3rech, jako je nap\u0159. <strong>OSN<\/strong> a <strong>OECD<\/strong>O vytvo\u0159en\u00ed spole\u010dn\u00fdch standard\u016f se ji\u017e diskutuje. Geopolitick\u00e9 z\u00e1jmy v\u0161ak zt\u011b\u017euj\u00ed dosa\u017een\u00ed konsensu.<\/p>\n\n\n\n<p>Zat\u00edmco Evropa up\u0159ednost\u0148uje lidsk\u00e1 pr\u00e1va, \u010c\u00edna h\u00e1j\u00ed technologickou suverenitu a Spojen\u00e9 st\u00e1ty se sna\u017e\u00ed chr\u00e1nit sv\u00e9 korpor\u00e1tn\u00ed veden\u00ed.<\/p>\n\n\n\n<p>Glob\u00e1ln\u00ed spr\u00e1va um\u011bl\u00e9 inteligence bude jedn\u00edm z \u00fast\u0159edn\u00edch t\u00e9mat p\u0159\u00ed\u0161t\u00edho desetilet\u00ed. Nejde jen o lok\u00e1ln\u00ed pravidla, ale tak\u00e9 o to, abychom se vyhnuli fragmentaci, kter\u00e1 br\u00e1n\u00ed digit\u00e1ln\u00edmu obchodu a v\u011bdeck\u00e9 spolupr\u00e1ci.<\/p>\n\n\n\n<h2 class=\"wp-block-heading\">Z\u00e1v\u011br<\/h2>\n\n\n\n<p>Souvislost mezi <strong><a href=\"https:\/\/universofamilia.com\/cs\/los-paises-mas-avanzados-en-regulacion-de-ia-en-2025\/\">Um\u011bl\u00e1 inteligence<\/a> e-politika: jak vl\u00e1dy reguluj\u00ed um\u011blou inteligenci ve sv\u011bt\u011b<\/strong> odr\u00e1\u017e\u00ed hlubokou zm\u011bnu ve zp\u016fsobu, jak\u00fdm st\u00e1ty p\u0159istupuj\u00ed k technologick\u00fdm inovac\u00edm.<\/p>\n\n\n\n<p>Do roku 2025 ji\u017e nebude mo\u017en\u00e9 ignorovat soci\u00e1ln\u00ed, ekonomick\u00fd a etick\u00fd dopad t\u011bchto n\u00e1stroj\u016f.<\/p>\n\n\n\n<p>Kl\u00ed\u010dem bude naj\u00edt kompromis: regulace, kter\u00e1 chr\u00e1n\u00ed, ani\u017e by omezovala, jasn\u00e1 pravidla podporuj\u00edc\u00ed d\u016fv\u011bru a glob\u00e1ln\u00ed debata, do kter\u00e9 budou zapojeny jak vl\u00e1dy, tak ob\u010dansk\u00e1 spole\u010dnost.<\/p>\n\n\n\n<p>Proto\u017ee pokud je jedna v\u011bc jist\u00e1, tak je to, \u017ee um\u011bl\u00e1 inteligence bude i nad\u00e1le transformovat ka\u017edodenn\u00ed \u017eivot tempem, kter\u00e9 vy\u017eaduje rychl\u00e9 a zodpov\u011bdn\u00e9 reakce.<\/p>\n\n\n\n<p>\u010ct\u011bte v\u00edce:&nbsp;<a href=\"https:\/\/universofamilia.com\/cs\/lll-me-siento-sola-y-quiero-platicar-contigo-por-estos-apps-de-citas\/\">C\u00edt\u00edm se osam\u011bl\u00fd\/\u00e1 a chci si s tebou popov\u00eddat prost\u0159ednictv\u00edm t\u011bchto seznamovac\u00edch aplikac\u00ed.<\/a><\/p>\n\n\n\n<h2 class=\"wp-block-heading\">\u010casto kladen\u00e9 ot\u00e1zky (FAQ)<\/h2>\n\n\n\n<p><strong>1. Pro\u010d je d\u016fle\u017eit\u00e9 regulovat um\u011blou inteligenci?<\/strong><br>Proto\u017ee bez jasn\u00fdch pravidel m\u016f\u017ee um\u011bl\u00e1 inteligence v\u00e9st k diskriminaci, poru\u0161ov\u00e1n\u00ed soukrom\u00ed nebo manipulaci s informacemi.<\/p>\n\n\n\n<p><strong>2. Jak\u00fd je rozd\u00edl mezi evropsk\u00fdmi a americk\u00fdmi p\u0159edpisy?<\/strong><br>Evropa m\u00e1 z\u00e1vazn\u00e1 na\u0159\u00edzen\u00ed se sankcemi, zat\u00edmco v USA dominuj\u00ed nez\u00e1vazn\u00e9 sm\u011brnice a m\u00edstn\u00ed p\u0159edpisy.<\/p>\n\n\n\n<p><strong>3. Omezuje \u010c\u00edna pou\u017e\u00edv\u00e1n\u00ed generativn\u00ed um\u011bl\u00e9 inteligence?<\/strong><br>Ano. \u010c\u00ednsk\u00e1 vl\u00e1da p\u0159\u00edsn\u011b reguluje obsah vytv\u00e1\u0159en\u00fd um\u011blou inteligenc\u00ed a propojuje ho s n\u00e1rodn\u00ed bezpe\u010dnost\u00ed.<\/p>\n\n\n\n<p><strong>4. Kter\u00e9 latinskoamerick\u00e9 zem\u011b dos\u00e1hly nejv\u011bt\u0161\u00edho pokroku?<\/strong><br>Braz\u00edlie a Mexiko jsou v tomto ohledu v \u010dele s n\u00e1vrhy z\u00e1kon\u016f a specializovan\u00fdmi pracovn\u00edmi skupinami.<\/p>\n\n\n\n<p><strong>5. Jak regulace ovliv\u0148uje soukrom\u00fd sektor?<\/strong><br>Firmy se mus\u00ed st\u00e1t transparentn\u011bj\u0161\u00edmi, ale z\u00e1rove\u0148 z\u00edskat d\u016fv\u011bru spot\u0159ebitel\u016f a p\u0159\u00edstup na glob\u00e1ln\u00ed trhy.<\/p>\n\n\n\n<p><strong>6. Existuj\u00ed n\u011bjak\u00e9 glob\u00e1ln\u00ed regula\u010dn\u00ed iniciativy?<\/strong><br>Ano, a\u010dkoliv zat\u00edm neexistuje \u017e\u00e1dn\u00e1 z\u00e1vazn\u00e1 dohoda, OSN a OECD pracuj\u00ed na mezin\u00e1rodn\u00edch standardech.<\/p>\n\n\n\n<p><strong>7. M\u016f\u017ee regulace brzdit inovace?<\/strong><br>Z\u00e1le\u017e\u00ed na p\u0159\u00edstupu. Vyv\u00e1\u017een\u00e1 regulace podporuje zodpov\u011bdn\u00e9 inovace, zat\u00edmco nadm\u011brn\u00e1 kontrola <\/p>\n\n\n\n<p><\/p>","protected":false},"excerpt":{"rendered":"<p>Inteligencia artificial y pol\u00edtica: es un tema que dej\u00f3 de ser exclusivo de conferencias acad\u00e9micas o debates t\u00e9cnicos; hoy atraviesa leyes, decisiones p\u00fablicas y hasta la geopol\u00edtica global. En 2025, los gobiernos enfrentan el reto de equilibrar la innovaci\u00f3n con la protecci\u00f3n de derechos ciudadanos, y cada regi\u00f3n adopta estrategias distintas. En este art\u00edculo encontrar\u00e1s [&hellip;]<\/p>","protected":false},"author":219,"featured_media":9753,"comment_status":"closed","ping_status":"open","sticky":false,"template":"","format":"standard","meta":{"footnotes":""},"categories":[4],"tags":[],"yoast_head":"<!-- This site is optimized with the Yoast SEO plugin v23.3 - https:\/\/yoast.com\/wordpress\/plugins\/seo\/ -->\n<title>Inteligencia artificial y pol\u00edtica - Universo Fam\u00edlia<\/title>\n<meta name=\"description\" content=\"Inteligencia artificial y pol\u00edtica: c\u00f3mo los gobiernos regulan la IA en todo el mundo es un tema que dej\u00f3 de ser exclusivo de conferencias...\" \/>\n<meta name=\"robots\" content=\"index, follow, max-snippet:-1, max-image-preview:large, max-video-preview:-1\" \/>\n<link rel=\"canonical\" href=\"https:\/\/universofamilia.com\/cs\/inteligencia-artificial-y-politica\/\" \/>\n<meta property=\"og:locale\" content=\"cs_CZ\" \/>\n<meta property=\"og:type\" content=\"article\" \/>\n<meta property=\"og:title\" content=\"Inteligencia artificial y pol\u00edtica - Universo Fam\u00edlia\" \/>\n<meta property=\"og:description\" content=\"Inteligencia artificial y pol\u00edtica: c\u00f3mo los gobiernos regulan la IA en todo el mundo es un tema que dej\u00f3 de ser exclusivo de conferencias...\" \/>\n<meta property=\"og:url\" content=\"https:\/\/universofamilia.com\/cs\/inteligencia-artificial-y-politica\/\" \/>\n<meta property=\"og:site_name\" content=\"Universo Fam\u00edlia\" \/>\n<meta property=\"article:published_time\" content=\"2025-10-01T04:42:22+00:00\" \/>\n<meta property=\"article:modified_time\" content=\"2025-10-11T20:08:04+00:00\" \/>\n<meta property=\"og:image\" content=\"https:\/\/universofamilia.com\/wp-content\/uploads\/sites\/148\/2025\/09\/DESTAQUE-UNIVERSO-550-x-350-3.jpg\" \/>\n\t<meta property=\"og:image:width\" content=\"550\" \/>\n\t<meta property=\"og:image:height\" content=\"350\" \/>\n\t<meta property=\"og:image:type\" content=\"image\/jpeg\" \/>\n<meta name=\"author\" content=\"Matheus Sangaletti\" \/>\n<meta name=\"twitter:card\" content=\"summary_large_image\" \/>\n<meta name=\"twitter:label1\" content=\"Written by\" \/>\n\t<meta name=\"twitter:data1\" content=\"Matheus Sangaletti\" \/>\n\t<meta name=\"twitter:label2\" content=\"Est. reading time\" \/>\n\t<meta name=\"twitter:data2\" content=\"8 minut\" \/>\n<script type=\"application\/ld+json\" class=\"yoast-schema-graph\">{\"@context\":\"https:\/\/schema.org\",\"@graph\":[{\"@type\":\"WebPage\",\"@id\":\"https:\/\/universofamilia.com\/nl\/inteligencia-artificial-y-politica\/\",\"url\":\"https:\/\/universofamilia.com\/nl\/inteligencia-artificial-y-politica\/\",\"name\":\"Inteligencia artificial y pol\u00edtica - Universo Fam\u00edlia\",\"isPartOf\":{\"@id\":\"https:\/\/universofamilia.com\/el\/#website\"},\"primaryImageOfPage\":{\"@id\":\"https:\/\/universofamilia.com\/nl\/inteligencia-artificial-y-politica\/#primaryimage\"},\"image\":{\"@id\":\"https:\/\/universofamilia.com\/nl\/inteligencia-artificial-y-politica\/#primaryimage\"},\"thumbnailUrl\":\"https:\/\/universofamilia.com\/wp-content\/uploads\/sites\/148\/2025\/09\/DESTAQUE-UNIVERSO-550-x-350-3.jpg\",\"datePublished\":\"2025-10-01T04:42:22+00:00\",\"dateModified\":\"2025-10-11T20:08:04+00:00\",\"author\":{\"@id\":\"https:\/\/universofamilia.com\/el\/#\/schema\/person\/92fcd07e9b1f4323bf74f3170fc0f78a\"},\"description\":\"Inteligencia artificial y pol\u00edtica: c\u00f3mo los gobiernos regulan la IA en todo el mundo es un tema que dej\u00f3 de ser exclusivo de conferencias...\",\"breadcrumb\":{\"@id\":\"https:\/\/universofamilia.com\/nl\/inteligencia-artificial-y-politica\/#breadcrumb\"},\"inLanguage\":\"cs\",\"potentialAction\":[{\"@type\":\"ReadAction\",\"target\":[\"https:\/\/universofamilia.com\/nl\/inteligencia-artificial-y-politica\/\"]}]},{\"@type\":\"ImageObject\",\"inLanguage\":\"cs\",\"@id\":\"https:\/\/universofamilia.com\/nl\/inteligencia-artificial-y-politica\/#primaryimage\",\"url\":\"https:\/\/universofamilia.com\/wp-content\/uploads\/sites\/148\/2025\/09\/DESTAQUE-UNIVERSO-550-x-350-3.jpg\",\"contentUrl\":\"https:\/\/universofamilia.com\/wp-content\/uploads\/sites\/148\/2025\/09\/DESTAQUE-UNIVERSO-550-x-350-3.jpg\",\"width\":550,\"height\":350},{\"@type\":\"BreadcrumbList\",\"@id\":\"https:\/\/universofamilia.com\/nl\/inteligencia-artificial-y-politica\/#breadcrumb\",\"itemListElement\":[{\"@type\":\"ListItem\",\"position\":1,\"name\":\"Home\",\"item\":\"https:\/\/universofamilia.com\/el\/\"},{\"@type\":\"ListItem\",\"position\":2,\"name\":\"Inteligencia artificial y pol\u00edtica\"}]},{\"@type\":\"WebSite\",\"@id\":\"https:\/\/universofamilia.com\/el\/#website\",\"url\":\"https:\/\/universofamilia.com\/el\/\",\"name\":\"Universo Fam\u00edlia\",\"description\":\"\",\"potentialAction\":[{\"@type\":\"SearchAction\",\"target\":{\"@type\":\"EntryPoint\",\"urlTemplate\":\"https:\/\/universofamilia.com\/el\/?s={search_term_string}\"},\"query-input\":\"required name=search_term_string\"}],\"inLanguage\":\"cs\"},{\"@type\":\"Person\",\"@id\":\"https:\/\/universofamilia.com\/el\/#\/schema\/person\/92fcd07e9b1f4323bf74f3170fc0f78a\",\"name\":\"Matheus Sangaletti\",\"image\":{\"@type\":\"ImageObject\",\"inLanguage\":\"cs\",\"@id\":\"https:\/\/universofamilia.com\/el\/#\/schema\/person\/image\/\",\"url\":\"https:\/\/secure.gravatar.com\/avatar\/280ea957a14a48e6a1ad2133d2cc27c9?s=96&d=mm&r=g\",\"contentUrl\":\"https:\/\/secure.gravatar.com\/avatar\/280ea957a14a48e6a1ad2133d2cc27c9?s=96&d=mm&r=g\",\"caption\":\"Matheus Sangaletti\"},\"url\":\"https:\/\/universofamilia.com\/cs\/author\/matheuss\/\"}]}<\/script>\n<!-- \/ Yoast SEO plugin. -->","yoast_head_json":{"title":"Inteligencia artificial y pol\u00edtica - Universo Fam\u00edlia","description":"Inteligencia artificial y pol\u00edtica: c\u00f3mo los gobiernos regulan la IA en todo el mundo es un tema que dej\u00f3 de ser exclusivo de conferencias...","robots":{"index":"index","follow":"follow","max-snippet":"max-snippet:-1","max-image-preview":"max-image-preview:large","max-video-preview":"max-video-preview:-1"},"canonical":"https:\/\/universofamilia.com\/cs\/inteligencia-artificial-y-politica\/","og_locale":"cs_CZ","og_type":"article","og_title":"Inteligencia artificial y pol\u00edtica - Universo Fam\u00edlia","og_description":"Inteligencia artificial y pol\u00edtica: c\u00f3mo los gobiernos regulan la IA en todo el mundo es un tema que dej\u00f3 de ser exclusivo de conferencias...","og_url":"https:\/\/universofamilia.com\/cs\/inteligencia-artificial-y-politica\/","og_site_name":"Universo Fam\u00edlia","article_published_time":"2025-10-01T04:42:22+00:00","article_modified_time":"2025-10-11T20:08:04+00:00","og_image":[{"width":550,"height":350,"url":"https:\/\/universofamilia.com\/wp-content\/uploads\/sites\/148\/2025\/09\/DESTAQUE-UNIVERSO-550-x-350-3.jpg","type":"image\/jpeg"}],"author":"Matheus Sangaletti","twitter_card":"summary_large_image","twitter_misc":{"Written by":"Matheus Sangaletti","Est. reading time":"8 minut"},"schema":{"@context":"https:\/\/schema.org","@graph":[{"@type":"WebPage","@id":"https:\/\/universofamilia.com\/nl\/inteligencia-artificial-y-politica\/","url":"https:\/\/universofamilia.com\/nl\/inteligencia-artificial-y-politica\/","name":"Inteligencia artificial y pol\u00edtica - Universo Fam\u00edlia","isPartOf":{"@id":"https:\/\/universofamilia.com\/el\/#website"},"primaryImageOfPage":{"@id":"https:\/\/universofamilia.com\/nl\/inteligencia-artificial-y-politica\/#primaryimage"},"image":{"@id":"https:\/\/universofamilia.com\/nl\/inteligencia-artificial-y-politica\/#primaryimage"},"thumbnailUrl":"https:\/\/universofamilia.com\/wp-content\/uploads\/sites\/148\/2025\/09\/DESTAQUE-UNIVERSO-550-x-350-3.jpg","datePublished":"2025-10-01T04:42:22+00:00","dateModified":"2025-10-11T20:08:04+00:00","author":{"@id":"https:\/\/universofamilia.com\/el\/#\/schema\/person\/92fcd07e9b1f4323bf74f3170fc0f78a"},"description":"Inteligencia artificial y pol\u00edtica: c\u00f3mo los gobiernos regulan la IA en todo el mundo es un tema que dej\u00f3 de ser exclusivo de conferencias...","breadcrumb":{"@id":"https:\/\/universofamilia.com\/nl\/inteligencia-artificial-y-politica\/#breadcrumb"},"inLanguage":"cs","potentialAction":[{"@type":"ReadAction","target":["https:\/\/universofamilia.com\/nl\/inteligencia-artificial-y-politica\/"]}]},{"@type":"ImageObject","inLanguage":"cs","@id":"https:\/\/universofamilia.com\/nl\/inteligencia-artificial-y-politica\/#primaryimage","url":"https:\/\/universofamilia.com\/wp-content\/uploads\/sites\/148\/2025\/09\/DESTAQUE-UNIVERSO-550-x-350-3.jpg","contentUrl":"https:\/\/universofamilia.com\/wp-content\/uploads\/sites\/148\/2025\/09\/DESTAQUE-UNIVERSO-550-x-350-3.jpg","width":550,"height":350},{"@type":"BreadcrumbList","@id":"https:\/\/universofamilia.com\/nl\/inteligencia-artificial-y-politica\/#breadcrumb","itemListElement":[{"@type":"ListItem","position":1,"name":"Home","item":"https:\/\/universofamilia.com\/el\/"},{"@type":"ListItem","position":2,"name":"Inteligencia artificial y pol\u00edtica"}]},{"@type":"WebSite","@id":"https:\/\/universofamilia.com\/el\/#website","url":"https:\/\/universofamilia.com\/el\/","name":"Universo Fam\u00edlia","description":"","potentialAction":[{"@type":"SearchAction","target":{"@type":"EntryPoint","urlTemplate":"https:\/\/universofamilia.com\/el\/?s={search_term_string}"},"query-input":"required name=search_term_string"}],"inLanguage":"cs"},{"@type":"Person","@id":"https:\/\/universofamilia.com\/el\/#\/schema\/person\/92fcd07e9b1f4323bf74f3170fc0f78a","name":"Matheus Sangaletti","image":{"@type":"ImageObject","inLanguage":"cs","@id":"https:\/\/universofamilia.com\/el\/#\/schema\/person\/image\/","url":"https:\/\/secure.gravatar.com\/avatar\/280ea957a14a48e6a1ad2133d2cc27c9?s=96&d=mm&r=g","contentUrl":"https:\/\/secure.gravatar.com\/avatar\/280ea957a14a48e6a1ad2133d2cc27c9?s=96&d=mm&r=g","caption":"Matheus Sangaletti"},"url":"https:\/\/universofamilia.com\/cs\/author\/matheuss\/"}]}},"_links":{"self":[{"href":"https:\/\/universofamilia.com\/cs\/wp-json\/wp\/v2\/posts\/9758"}],"collection":[{"href":"https:\/\/universofamilia.com\/cs\/wp-json\/wp\/v2\/posts"}],"about":[{"href":"https:\/\/universofamilia.com\/cs\/wp-json\/wp\/v2\/types\/post"}],"author":[{"embeddable":true,"href":"https:\/\/universofamilia.com\/cs\/wp-json\/wp\/v2\/users\/219"}],"replies":[{"embeddable":true,"href":"https:\/\/universofamilia.com\/cs\/wp-json\/wp\/v2\/comments?post=9758"}],"version-history":[{"count":6,"href":"https:\/\/universofamilia.com\/cs\/wp-json\/wp\/v2\/posts\/9758\/revisions"}],"predecessor-version":[{"id":9947,"href":"https:\/\/universofamilia.com\/cs\/wp-json\/wp\/v2\/posts\/9758\/revisions\/9947"}],"wp:featuredmedia":[{"embeddable":true,"href":"https:\/\/universofamilia.com\/cs\/wp-json\/wp\/v2\/media\/9753"}],"wp:attachment":[{"href":"https:\/\/universofamilia.com\/cs\/wp-json\/wp\/v2\/media?parent=9758"}],"wp:term":[{"taxonomy":"category","embeddable":true,"href":"https:\/\/universofamilia.com\/cs\/wp-json\/wp\/v2\/categories?post=9758"},{"taxonomy":"post_tag","embeddable":true,"href":"https:\/\/universofamilia.com\/cs\/wp-json\/wp\/v2\/tags?post=9758"}],"curies":[{"name":"wp","href":"https:\/\/api.w.org\/{rel}","templated":true}]}}