{"id":9763,"date":"2025-10-01T01:42:15","date_gmt":"2025-10-01T04:42:15","guid":{"rendered":"https:\/\/universofamilia.com\/?p=9763"},"modified":"2025-10-11T17:11:21","modified_gmt":"2025-10-11T20:11:21","slug":"los-paises-mas-avanzados-en-regulacion-de-ia-en-2025","status":"publish","type":"post","link":"https:\/\/universofamilia.com\/cs\/los-paises-mas-avanzados-en-regulacion-de-ia-en-2025\/","title":{"rendered":"Nejvysp\u011blej\u0161\u00ed zem\u011b v regulaci um\u011bl\u00e9 inteligence v roce 2025"},"content":{"rendered":"<p class=\"has-text-align-center\"><strong>Nejvysp\u011blej\u0161\u00ed zem\u011b v regulaci um\u011bl\u00e9 inteligence v roce 2025<\/strong> Stali se protagonisty debaty, kter\u00e1 nen\u00ed jen technologick\u00e1, ale tak\u00e9 politick\u00e1, ekonomick\u00e1 a etick\u00e1.<\/p>\n\n\n<div class=\"wp-block-image\">\n<figure class=\"aligncenter size-full\"><img loading=\"lazy\" decoding=\"async\" width=\"550\" height=\"350\" src=\"https:\/\/universofamilia.com\/wp-content\/uploads\/sites\/148\/2025\/10\/DESTAQUE-UNIVERSO-550-x-350-1-1.jpg\" alt=\"\" class=\"wp-image-9765\" srcset=\"https:\/\/universofamilia.com\/wp-content\/uploads\/sites\/148\/2025\/10\/DESTAQUE-UNIVERSO-550-x-350-1-1.jpg 550w, https:\/\/universofamilia.com\/wp-content\/uploads\/sites\/148\/2025\/10\/DESTAQUE-UNIVERSO-550-x-350-1-1-300x191.jpg 300w, https:\/\/universofamilia.com\/wp-content\/uploads\/sites\/148\/2025\/10\/DESTAQUE-UNIVERSO-550-x-350-1-1-18x12.jpg 18w\" sizes=\"(max-width: 550px) 100vw, 550px\" \/><figcaption class=\"wp-element-caption\">Canva<\/figcaption><\/figure><\/div>\n\n\n<p>Zp\u016fsob, jak\u00fdm se vl\u00e1dy rozhodnou regulovat um\u011blou inteligenci, rozhoduje o budoucnosti odpov\u011bdn\u00fdch inovac\u00ed a budoucnosti nekontrolovan\u00fdch rizik.<\/p>\n\n\n\n<p>V tomto \u010dl\u00e1nku se dozv\u00edte:<\/p>\n\n\n\n<ul>\n<li>Kter\u00e9 regiony jsou v \u010dele tvorby z\u00e1kon\u016f a regula\u010dn\u00edch r\u00e1mc\u016f v oblasti um\u011bl\u00e9 inteligence?<\/li>\n\n\n\n<li>Jak se li\u0161\u00ed strategie Evropy, Spojen\u00fdch st\u00e1t\u016f, \u010c\u00edny a Latinsk\u00e9 Ameriky.<\/li>\n\n\n\n<li>Pro\u010d regulace nejsou p\u0159ek\u00e1\u017ekou, ale p\u0159\u00edle\u017eitost\u00ed.<\/li>\n\n\n\n<li>Konkr\u00e9tn\u00ed p\u0159\u00edklady, kter\u00e9 ilustruj\u00ed skute\u010dn\u00fd dopad na spole\u010dnost.<\/li>\n\n\n\n<li>Odpov\u011bdi na nej\u010dast\u011bji kladen\u00e9 ot\u00e1zky k tomuto t\u00e9matu.<\/li>\n<\/ul>\n\n\n\n<h2 class=\"wp-block-heading\">Pot\u0159eba legislativn\u011b regulovat um\u011blou inteligenci<\/h2>\n\n\n\n<p>Um\u011bl\u00e1 inteligence se roz\u0161\u00ed\u0159ila do v\u0161ech oblast\u00ed: zdravotnictv\u00ed, dopravy, justice, vzd\u011bl\u00e1v\u00e1n\u00ed a dokonce i volebn\u00edch proces\u016f.<\/p>\n\n\n\n<p>Jeho dopad vyvol\u00e1v\u00e1 nad\u0161en\u00ed i obavy. \u00dast\u0159edn\u00ed ot\u00e1zkou je, jak zajistit, aby byl p\u0159\u00ednosem pro spole\u010dnost, ani\u017e by se stal hrozbou.<\/p>\n\n\n\n<p>Od roku 2024 u\u010dinila Evropsk\u00e1 unie historick\u00fd krok schv\u00e1len\u00edm <strong>Z\u00e1kon o um\u011bl\u00e9 inteligenci (AI Act)<\/strong>, pova\u017eovan\u00fd za nejpokro\u010dilej\u0161\u00ed regula\u010dn\u00ed r\u00e1mec na sv\u011bt\u011b. <\/p>\n\n\n\n<p>Jeho p\u0159\u00edstup zalo\u017een\u00fd na riziku zav\u00e1d\u00ed r\u016fzn\u00e9 \u00farovn\u011b dohledu na z\u00e1klad\u011b potenci\u00e1lu syst\u00e9mov\u00fdch \u0161kod a pro spole\u010dnosti, kter\u00e9 je nedodr\u017e\u00ed, hroz\u00ed p\u0159\u00edsn\u00e9 sankce.<\/p>\n\n\n\n<h2 class=\"wp-block-heading\">Evropa: glob\u00e1ln\u00ed referen\u010dn\u00ed model<\/h2>\n\n\n\n<p>EU je na vrcholu \u017eeb\u0159\u00ed\u010dku <strong>Nejvysp\u011blej\u0161\u00ed zem\u011b v regulaci um\u011bl\u00e9 inteligence v roce 2025<\/strong> d\u00edky vizi, kter\u00e1 spojuje inovace a z\u00e1kladn\u00ed pr\u00e1va.<\/p>\n\n\n\n<p>Z\u00e1kon o um\u011bl\u00e9 inteligenci (AI Act) rozd\u011bluje aplikace um\u011bl\u00e9 inteligence do \u010dty\u0159 kategori\u00ed: minim\u00e1ln\u00ed riziko, omezen\u00e9 riziko, vysok\u00e9 riziko a zak\u00e1zan\u00e9 riziko.<\/p>\n\n\n\n<p>Ilustrativn\u00ed p\u0159\u00edklad: syst\u00e9my rozpozn\u00e1v\u00e1n\u00ed obli\u010dej\u016f ve ve\u0159ejn\u00fdch prostor\u00e1ch byly omezeny kv\u016fli obav\u00e1m o soukrom\u00ed a hromadn\u00e9mu sledov\u00e1n\u00ed.<\/p>\n\n\n\n<p>Na druhou stranu jsou povoleny l\u00e9ka\u0159sk\u00e9 diagnostick\u00e9 n\u00e1stroje poh\u00e1n\u011bn\u00e9 um\u011blou inteligenc\u00ed, ale za p\u0159\u00edsn\u00fdch kontrol transparentnosti a bezpe\u010dnosti.<\/p>\n\n\n\n<h2 class=\"wp-block-heading\">Spojen\u00e9 st\u00e1ty: fragmentovan\u00e1, ale strategick\u00e1 regulace<\/h2>\n\n\n\n<p>Na rozd\u00edl od Evropy nen\u00ed p\u0159\u00edstup USA zalo\u017een na jedin\u00e9m z\u00e1kon\u011b. Zem\u011b se rozhodla pro feder\u00e1ln\u00ed sm\u011brnice a specifick\u00e9 st\u00e1tn\u00ed p\u0159edpisy.<\/p>\n\n\n\n<p>V roce 2022 B\u00edl\u00fd d\u016fm zve\u0159ejnil <strong>Pl\u00e1n pro listinu pr\u00e1v um\u011bl\u00e9 inteligence<\/strong>, kter\u00e1 sice nebyla z\u00e1vazn\u00e1, ale zah\u00e1jila celost\u00e1tn\u00ed debatu o digit\u00e1ln\u00edch pr\u00e1vech.<\/p>\n\n\n\n<p>V roce 2025 n\u011bkolik st\u00e1t\u016f p\u0159ijalo vlastn\u00ed p\u0159edpisy. Nap\u0159\u00edklad Kalifornie vy\u017eaduje, aby spole\u010dnosti prok\u00e1zaly, \u017ee jejich algoritmy pro n\u00e1bor zam\u011bstnanc\u016f nediskriminuj\u00ed na z\u00e1klad\u011b pohlav\u00ed nebo rasy.<\/p>\n\n\n\n<p>Tato regula\u010dn\u00ed rozmanitost odr\u00e1\u017e\u00ed flexibiln\u011bj\u0161\u00ed model, ale tak\u00e9 model, kter\u00fd je slo\u017eit\u011bj\u0161\u00ed harmonizovat.<\/p>\n\n\n\n<h2 class=\"wp-block-heading\">\u010c\u00edna: kontrola a rozvoj z\u00e1rove\u0148<\/h2>\n\n\n\n<p>\u010c\u00ednsk\u00fd p\u0159\u00edpad je jedine\u010dn\u00fd. Peking kombinuje p\u0159\u00edsnou politickou kontrolu s ambici\u00f3zn\u00edm \u00fasil\u00edm o rozvoj sv\u00e9ho technologick\u00e9ho pr\u016fmyslu. <\/p>\n\n\n\n<p>Od roku 2023 zav\u00e1d\u00ed p\u0159\u00edsn\u00e1 pravidla pro generativn\u00ed um\u011blou inteligenci a doporu\u010dovac\u00ed algoritmy na digit\u00e1ln\u00edch platform\u00e1ch.<\/p>\n\n\n\n<p>V roce 2025 byla slou\u010dena jako jedna z <strong>Nejvysp\u011blej\u0161\u00ed zem\u011b v regulaci um\u011bl\u00e9 inteligence v roce 2025<\/strong>, by\u0165 s odli\u0161n\u00fdm p\u0159\u00edstupem: omezen\u00ed obsahu pova\u017eovan\u00e9ho za citliv\u00fd z hlediska \u201en\u00e1rodn\u00ed bezpe\u010dnosti\u201c a sou\u010dasn\u00e9 pos\u00edlen\u00ed m\u00edstn\u00edch startup\u016f a technologick\u00fdch gigant\u016f.<\/p>\n\n\n\n<h2 class=\"wp-block-heading\">Latinsk\u00e1 Amerika: nerovnom\u011brn\u00fd pokrok<\/h2>\n\n\n\n<p>Region dosahuje pokroku, ale nerovnom\u011brn\u011b. Braz\u00edlie diskutuje o pr\u00e1vn\u00edm r\u00e1mci inspirovan\u00e9m evropsk\u00fdm modelem od roku 2023. Mexiko na druhou stranu vytvo\u0159ilo poradn\u00ed rady a prvn\u00ed sm\u011brnice, a\u010dkoli mu st\u00e1le chyb\u00ed komplexn\u00ed z\u00e1kon.<\/p>\n\n\n\n<p>Hlavn\u00ed v\u00fdzvou je nedostatek infrastruktury a zdroj\u016f. St\u00e1le v\u00edce vl\u00e1d si v\u0161ak uv\u011bdomuje, \u017ee bez jasn\u00e9 regulace riskuj\u00ed zaost\u00e1v\u00e1n\u00ed v inovac\u00edch a stanou se zraniteln\u00fdmi v\u016f\u010di zneu\u017e\u00edv\u00e1n\u00ed osobn\u00edch \u00fadaj\u016f.<\/p>\n\n\n\n<h2 class=\"wp-block-heading\">Srovn\u00e1vac\u00ed tabulka regula\u010dn\u00edch p\u0159\u00edstup\u016f<\/h2>\n\n\n\n<figure class=\"wp-block-table\"><table><thead><tr><th>Region \/ Zem\u011b<\/th><th>Kl\u00ed\u010dov\u00fd rok<\/th><th>Hlavn\u00ed zam\u011b\u0159en\u00ed<\/th><th>Charakteristiky<\/th><\/tr><\/thead><tbody><tr><td>Evropsk\u00e1 unie<\/td><td>2024-2025<\/td><td>Z\u00e1vazn\u00e9 pr\u00e1vo<\/td><td>Klasifikace rizik, p\u0159\u00edsn\u00e9 sankce, povinn\u00e1 transparentnost<\/td><\/tr><tr><td>USA<\/td><td>2022-2025<\/td><td>St\u00e1tn\u00ed p\u0159edpisy<\/td><td>Fragmentace, zalo\u017een\u00e1 na pr\u00e1vech, flexibilita podnik\u00e1n\u00ed<\/td><\/tr><tr><td>\u010c\u00edna<\/td><td>2023-2025<\/td><td>St\u00e1tn\u00ed kontrola<\/td><td>Regulace obsahu, podpora m\u00edstn\u00edch inovac\u00ed<\/td><\/tr><tr><td>Latinsk\u00e1 Amerika<\/td><td>2023-2025<\/td><td>Hybridn\u00ed modely<\/td><td>Inspirace z EU, st\u00e1le v diskusi a v\u00fdvoji<\/td><\/tr><\/tbody><\/table><figcaption class=\"wp-element-caption\">Zem\u011b, kter\u00e9 budou do roku 2025 nejpokro\u010dilej\u0161\u00ed v regulaci um\u011bl\u00e9 inteligence<\/figcaption><\/figure>\n\n\n<div class=\"wp-block-image\">\n<figure class=\"aligncenter size-full\"><img loading=\"lazy\" decoding=\"async\" width=\"550\" height=\"350\" src=\"https:\/\/universofamilia.com\/wp-content\/uploads\/sites\/148\/2025\/10\/DESTAQUE-UNIVERSO-550-x-350-2.jpg\" alt=\"\" class=\"wp-image-9766\" srcset=\"https:\/\/universofamilia.com\/wp-content\/uploads\/sites\/148\/2025\/10\/DESTAQUE-UNIVERSO-550-x-350-2.jpg 550w, https:\/\/universofamilia.com\/wp-content\/uploads\/sites\/148\/2025\/10\/DESTAQUE-UNIVERSO-550-x-350-2-300x191.jpg 300w, https:\/\/universofamilia.com\/wp-content\/uploads\/sites\/148\/2025\/10\/DESTAQUE-UNIVERSO-550-x-350-2-18x12.jpg 18w\" sizes=\"(max-width: 550px) 100vw, 550px\" \/><figcaption class=\"wp-element-caption\">Canva<\/figcaption><\/figure><\/div>\n\n\n<p>\u010ct\u011bte v\u00edce:&nbsp;<a href=\"https:\/\/universofamilia.com\/cs\/inteligencia-artificial-y-politica\/\">Um\u011bl\u00e1 inteligence a politika: Jak vl\u00e1dy reguluj\u00ed um\u011blou inteligenci po cel\u00e9m sv\u011bt\u011b<\/a><\/p>\n\n\n\n<h2 class=\"wp-block-heading\">Fakt, kter\u00fd nelze ignorovat<\/h2>\n\n\n\n<p>Podle <strong>Index um\u011bl\u00e9 inteligence Stanfordsk\u00e9 univerzity pro rok 2024<\/strong>v\u00edce ne\u017e <strong>70% zem\u00ed OSN<\/strong> ji\u017e p\u0159ed rokem 2025 vyvinuly regula\u010dn\u00ed projekty nebo etick\u00e9 r\u00e1mce t\u00fdkaj\u00edc\u00ed se um\u011bl\u00e9 inteligence.<\/p>\n\n\n\n<p>Tato data potvrzuj\u00ed, \u017ee se jedn\u00e1 o glob\u00e1ln\u00ed trend a \u017ee se nejedn\u00e1 o ojedin\u011blou debatu.<\/p>\n\n\n\n<h2 class=\"wp-block-heading\">V\u00fdhody regulace bez zpomalov\u00e1n\u00ed inovac\u00ed<\/h2>\n\n\n\n<p>Dob\u0159e navr\u017een\u00e9 p\u0159edpisy neblokuj\u00ed pokrok, ale d\u00e1vaj\u00ed mu legitimitu. Spole\u010dnosti, kter\u00e9 dodr\u017euj\u00ed etick\u00e9 standardy, z\u00edsk\u00e1vaj\u00ed d\u016fv\u011bryhodnost a p\u0159\u00edstup na mezin\u00e1rodn\u00ed trhy.<\/p>\n\n\n\n<p>P\u0159\u00edklad: V evropsk\u00e9m bankovn\u00edm sektoru pravidla pro \u00fav\u011brov\u00e9 algoritmy zv\u00fd\u0161ila d\u016fv\u011bru ob\u010dan\u016f sn\u00ed\u017een\u00edm diskriminace v poskytov\u00e1n\u00ed \u00fav\u011br\u016f.<\/p>\n\n\n\n<p>Regulace tak\u00e9 pom\u00e1h\u00e1 p\u0159edv\u00eddat rizika. P\u0159edpojatost, poru\u0161ov\u00e1n\u00ed soukrom\u00ed a politick\u00e9 manipulace jsou sc\u00e9n\u00e1\u0159e, kter\u00e9 lze zm\u00edrnit pouze solidn\u00edm pr\u00e1vn\u00edm r\u00e1mcem.<\/p>\n\n\n\n<h2 class=\"wp-block-heading\">Analogie pro pochopen\u00ed okam\u017eiku<\/h2>\n\n\n\n<p>Um\u011blou inteligenci lze p\u0159irovnat k elekt\u0159in\u011b v 19. stolet\u00ed. Jej\u00ed potenci\u00e1l transformoval cel\u00e1 pr\u016fmyslov\u00e1 odv\u011btv\u00ed, ale bez \u0159\u00e1dn\u00e9 regulace vedl k nehod\u00e1m a nerovnosti.<\/p>\n\n\n\n<p>Dnes je um\u011bl\u00e1 inteligence v podobn\u00e9 f\u00e1zi: vy\u017eaduje regulaci, kter\u00e1 zajist\u00ed bezpe\u010dn\u00e9 a spravedliv\u00e9 pou\u017e\u00edv\u00e1n\u00ed.<\/p>\n\n\n\n<h2 class=\"wp-block-heading\">Mezin\u00e1rodn\u00ed spr\u00e1va v\u011bc\u00ed ve\u0159ejn\u00fdch: p\u0159etrv\u00e1vaj\u00edc\u00ed v\u00fdzva<\/h2>\n\n\n\n<p>P\u0159esto\u017ee panuje shoda ohledn\u011b pot\u0159eby pravidel, chyb\u00ed glob\u00e1ln\u00ed koordinace. OSN, OECD a G7 zah\u00e1jily iniciativy, ale geopolitick\u00e9 rozd\u00edly zt\u011b\u017euj\u00ed vytvo\u0159en\u00ed univerz\u00e1ln\u00edho r\u00e1mce.<\/p>\n\n\n\n<p>Zat\u00edmco Evropa up\u0159ednost\u0148uje pr\u00e1va ob\u010dan\u016f, \u010c\u00edna h\u00e1j\u00ed technologickou suverenitu a Spojen\u00e9 st\u00e1ty chr\u00e1n\u00ed konkurenceschopnost podnik\u016f.<\/p>\n\n\n\n<p>Latinsk\u00e1 Amerika se sna\u017e\u00ed p\u0159izp\u016fsobit glob\u00e1ln\u00edm standard\u016fm, ani\u017e by ob\u011btovala sv\u00e9 vlastn\u00ed soci\u00e1ln\u00ed pot\u0159eby.<\/p>\n\n\n\n<h2 class=\"wp-block-heading\">Z\u00e1v\u011br<\/h2>\n\n\n\n<p>Anal\u00fdza <strong>Nejvysp\u011blej\u0161\u00ed zem\u011b v regulaci um\u011bl\u00e9 inteligence v roce 2025<\/strong> ukazuje, \u017ee neexistuje jedin\u00e1 cesta.<\/p>\n\n\n\n<p>Evropa postupuje vp\u0159ed s p\u0159\u00edsn\u00fdmi z\u00e1kony, Spojen\u00e9 st\u00e1ty preferuj\u00ed sm\u011bsici p\u0159edpis\u016f, \u010c\u00edna prosazuje st\u00e1tn\u00ed kontrolu a Latinsk\u00e1 Amerika hled\u00e1 vlastn\u00ed model inspirovan\u00fd mezin\u00e1rodn\u00edmi krit\u00e9rii.<\/p>\n\n\n\n<p>Regulace um\u011bl\u00e9 inteligence nen\u00ed volbou, je to historick\u00e1 povinnost. \u00dast\u0159edn\u00ed ot\u00e1zkou nen\u00ed, zda regulovat, ale jak to ud\u011blat tak, aby byla zaru\u010dena pr\u00e1va, podpo\u0159eny inovace a zaji\u0161t\u011bna d\u016fv\u011bryhodn\u00e1 digit\u00e1ln\u00ed budoucnost pro v\u0161echny.<\/p>\n\n\n\n<p>\u010ct\u011bte v\u00edce:&nbsp;<a href=\"https:\/\/universofamilia.com\/cs\/lll-me-siento-sola-y-quiero-platicar-contigo-por-estos-apps-de-citas\/\">C\u00edt\u00edm se osam\u011bl\u00fd\/\u00e1 a chci si s tebou popov\u00eddat prost\u0159ednictv\u00edm t\u011bchto seznamovac\u00edch aplikac\u00ed.<\/a><\/p>\n\n\n\n<h2 class=\"wp-block-heading\">\u010casto kladen\u00e9 ot\u00e1zky (FAQ)<\/h2>\n\n\n\n<p><strong>1. Kter\u00e9 zem\u011b budou v roce 2025 v\u00e9st regulaci um\u011bl\u00e9 inteligence?<\/strong><br>Evropsk\u00e1 unie, \u010c\u00edna a Spojen\u00e9 st\u00e1ty vynikaj\u00ed jako referen\u010dn\u00ed body, i kdy\u017e s odli\u0161n\u00fdmi p\u0159\u00edstupy.<\/p>\n\n\n\n<p><strong>2. Je evropsk\u00e1 regulace nejp\u0159\u00edsn\u011bj\u0161\u00ed?<\/strong><br>Ano, z\u00e1kon o um\u011bl\u00e9 inteligenci ukl\u00e1d\u00e1 spole\u010dnostem, kter\u00e9 je nedodr\u017euj\u00ed, pr\u00e1vn\u00ed povinnosti a sankce.<\/p>\n\n\n\n<p><strong>3. Jak se Latinsk\u00e1 Amerika vyv\u00edj\u00ed?<\/strong><br>Braz\u00edlie a Mexiko jsou nap\u0159ed, ale komplexn\u00ed z\u00e1kony je st\u00e1le t\u0159eba konsolidovat.<\/p>\n\n\n\n<p><strong>4. Jak\u00e1 rizika \u0159e\u0161\u00ed na\u0159\u00edzen\u00ed?<\/strong><br>Soukrom\u00ed, algoritmick\u00e9 zkreslen\u00ed, n\u00e1rodn\u00ed bezpe\u010dnost a dezinformace.<\/p>\n\n\n\n<p><strong>5. Omezuje regulace inovace?<\/strong><br>Dobr\u00e1 regulace podporuje zodpov\u011bdn\u00e9 inovace, nikoli jim br\u00e1n\u00ed.<\/p>\n\n\n\n<p><strong>6. Existuj\u00ed mezin\u00e1rodn\u00ed snahy?<\/strong><br>OSN a OECD prosazuj\u00ed glob\u00e1ln\u00ed standardy, a\u010dkoli dosud neexistuje univerz\u00e1ln\u00ed konsenzus.<\/p>\n\n\n\n<p><strong>7. Pro\u010d je regulace v roce 2025 tak nal\u00e9hav\u00e1?<\/strong><br>Proto\u017ee um\u011bl\u00e1 inteligence ji\u017e ovliv\u0148uje kl\u00ed\u010dov\u00e1 rozhodnut\u00ed ve zdravotnictv\u00ed, justici, financ\u00edch a politice, s p\u0159\u00edm\u00fdmi d\u016fsledky pro \u017eivoty milion\u016f lid\u00ed.<\/p>","protected":false},"excerpt":{"rendered":"<p>Los pa\u00edses m\u00e1s avanzados en regulaci\u00f3n de IA en 2025 se convirtieron en protagonistas de un debate que no solo es tecnol\u00f3gico, sino tambi\u00e9n pol\u00edtico, econ\u00f3mico y \u00e9tico. La forma en que los gobiernos deciden regular la inteligencia artificial marca la diferencia entre un futuro con innovaci\u00f3n responsable y un escenario de riesgos descontrolados. En [&hellip;]<\/p>","protected":false},"author":219,"featured_media":9756,"comment_status":"closed","ping_status":"open","sticky":false,"template":"","format":"standard","meta":{"footnotes":""},"categories":[4],"tags":[],"yoast_head":"<!-- This site is optimized with the Yoast SEO plugin v23.3 - https:\/\/yoast.com\/wordpress\/plugins\/seo\/ -->\n<title>Los pa\u00edses m\u00e1s avanzados en regulaci\u00f3n de IA en 2025 - Universo Fam\u00edlia<\/title>\n<meta name=\"description\" content=\"Los pa\u00edses m\u00e1s avanzados en regulaci\u00f3n de IA en 2025 se convirtieron en protagonistas de un debate que no solo es tecnol\u00f3gico, sino tambi\u00e9n...\" \/>\n<meta name=\"robots\" content=\"index, follow, max-snippet:-1, max-image-preview:large, max-video-preview:-1\" \/>\n<link rel=\"canonical\" href=\"https:\/\/universofamilia.com\/cs\/los-paises-mas-avanzados-en-regulacion-de-ia-en-2025\/\" \/>\n<meta property=\"og:locale\" content=\"cs_CZ\" \/>\n<meta property=\"og:type\" content=\"article\" \/>\n<meta property=\"og:title\" content=\"Los pa\u00edses m\u00e1s avanzados en regulaci\u00f3n de IA en 2025 - Universo Fam\u00edlia\" \/>\n<meta property=\"og:description\" content=\"Los pa\u00edses m\u00e1s avanzados en regulaci\u00f3n de IA en 2025 se convirtieron en protagonistas de un debate que no solo es tecnol\u00f3gico, sino tambi\u00e9n...\" \/>\n<meta property=\"og:url\" content=\"https:\/\/universofamilia.com\/cs\/los-paises-mas-avanzados-en-regulacion-de-ia-en-2025\/\" \/>\n<meta property=\"og:site_name\" content=\"Universo Fam\u00edlia\" \/>\n<meta property=\"article:published_time\" content=\"2025-10-01T04:42:15+00:00\" \/>\n<meta property=\"article:modified_time\" content=\"2025-10-11T20:11:21+00:00\" \/>\n<meta property=\"og:image\" content=\"https:\/\/universofamilia.com\/wp-content\/uploads\/sites\/148\/2025\/09\/DESTAQUE-UNIVERSO-550-x-350-1-1.jpg\" \/>\n\t<meta property=\"og:image:width\" content=\"550\" \/>\n\t<meta property=\"og:image:height\" content=\"350\" \/>\n\t<meta property=\"og:image:type\" content=\"image\/jpeg\" \/>\n<meta name=\"author\" content=\"Matheus Sangaletti\" \/>\n<meta name=\"twitter:card\" content=\"summary_large_image\" \/>\n<meta name=\"twitter:label1\" content=\"Written by\" \/>\n\t<meta name=\"twitter:data1\" content=\"Matheus Sangaletti\" \/>\n\t<meta name=\"twitter:label2\" content=\"Est. reading time\" \/>\n\t<meta name=\"twitter:data2\" content=\"7 minut\" \/>\n<script type=\"application\/ld+json\" class=\"yoast-schema-graph\">{\"@context\":\"https:\/\/schema.org\",\"@graph\":[{\"@type\":\"WebPage\",\"@id\":\"https:\/\/universofamilia.com\/cs\/los-paises-mas-avanzados-en-regulacion-de-ia-en-2025\/\",\"url\":\"https:\/\/universofamilia.com\/cs\/los-paises-mas-avanzados-en-regulacion-de-ia-en-2025\/\",\"name\":\"Los pa\u00edses m\u00e1s avanzados en regulaci\u00f3n de IA en 2025 - Universo Fam\u00edlia\",\"isPartOf\":{\"@id\":\"https:\/\/universofamilia.com\/el\/#website\"},\"primaryImageOfPage\":{\"@id\":\"https:\/\/universofamilia.com\/cs\/los-paises-mas-avanzados-en-regulacion-de-ia-en-2025\/#primaryimage\"},\"image\":{\"@id\":\"https:\/\/universofamilia.com\/cs\/los-paises-mas-avanzados-en-regulacion-de-ia-en-2025\/#primaryimage\"},\"thumbnailUrl\":\"https:\/\/universofamilia.com\/wp-content\/uploads\/sites\/148\/2025\/09\/DESTAQUE-UNIVERSO-550-x-350-1-1.jpg\",\"datePublished\":\"2025-10-01T04:42:15+00:00\",\"dateModified\":\"2025-10-11T20:11:21+00:00\",\"author\":{\"@id\":\"https:\/\/universofamilia.com\/el\/#\/schema\/person\/92fcd07e9b1f4323bf74f3170fc0f78a\"},\"description\":\"Los pa\u00edses m\u00e1s avanzados en regulaci\u00f3n de IA en 2025 se convirtieron en protagonistas de un debate que no solo es tecnol\u00f3gico, sino tambi\u00e9n...\",\"breadcrumb\":{\"@id\":\"https:\/\/universofamilia.com\/cs\/los-paises-mas-avanzados-en-regulacion-de-ia-en-2025\/#breadcrumb\"},\"inLanguage\":\"cs\",\"potentialAction\":[{\"@type\":\"ReadAction\",\"target\":[\"https:\/\/universofamilia.com\/cs\/los-paises-mas-avanzados-en-regulacion-de-ia-en-2025\/\"]}]},{\"@type\":\"ImageObject\",\"inLanguage\":\"cs\",\"@id\":\"https:\/\/universofamilia.com\/cs\/los-paises-mas-avanzados-en-regulacion-de-ia-en-2025\/#primaryimage\",\"url\":\"https:\/\/universofamilia.com\/wp-content\/uploads\/sites\/148\/2025\/09\/DESTAQUE-UNIVERSO-550-x-350-1-1.jpg\",\"contentUrl\":\"https:\/\/universofamilia.com\/wp-content\/uploads\/sites\/148\/2025\/09\/DESTAQUE-UNIVERSO-550-x-350-1-1.jpg\",\"width\":550,\"height\":350},{\"@type\":\"BreadcrumbList\",\"@id\":\"https:\/\/universofamilia.com\/cs\/los-paises-mas-avanzados-en-regulacion-de-ia-en-2025\/#breadcrumb\",\"itemListElement\":[{\"@type\":\"ListItem\",\"position\":1,\"name\":\"Home\",\"item\":\"https:\/\/universofamilia.com\/el\/\"},{\"@type\":\"ListItem\",\"position\":2,\"name\":\"Los pa\u00edses m\u00e1s avanzados en regulaci\u00f3n de IA en 2025\"}]},{\"@type\":\"WebSite\",\"@id\":\"https:\/\/universofamilia.com\/el\/#website\",\"url\":\"https:\/\/universofamilia.com\/el\/\",\"name\":\"Universo Fam\u00edlia\",\"description\":\"\",\"potentialAction\":[{\"@type\":\"SearchAction\",\"target\":{\"@type\":\"EntryPoint\",\"urlTemplate\":\"https:\/\/universofamilia.com\/el\/?s={search_term_string}\"},\"query-input\":\"required name=search_term_string\"}],\"inLanguage\":\"cs\"},{\"@type\":\"Person\",\"@id\":\"https:\/\/universofamilia.com\/el\/#\/schema\/person\/92fcd07e9b1f4323bf74f3170fc0f78a\",\"name\":\"Matheus Sangaletti\",\"image\":{\"@type\":\"ImageObject\",\"inLanguage\":\"cs\",\"@id\":\"https:\/\/universofamilia.com\/el\/#\/schema\/person\/image\/\",\"url\":\"https:\/\/secure.gravatar.com\/avatar\/280ea957a14a48e6a1ad2133d2cc27c9?s=96&d=mm&r=g\",\"contentUrl\":\"https:\/\/secure.gravatar.com\/avatar\/280ea957a14a48e6a1ad2133d2cc27c9?s=96&d=mm&r=g\",\"caption\":\"Matheus Sangaletti\"},\"url\":\"https:\/\/universofamilia.com\/cs\/author\/matheuss\/\"}]}<\/script>\n<!-- \/ Yoast SEO plugin. -->","yoast_head_json":{"title":"Los pa\u00edses m\u00e1s avanzados en regulaci\u00f3n de IA en 2025 - Universo Fam\u00edlia","description":"Los pa\u00edses m\u00e1s avanzados en regulaci\u00f3n de IA en 2025 se convirtieron en protagonistas de un debate que no solo es tecnol\u00f3gico, sino tambi\u00e9n...","robots":{"index":"index","follow":"follow","max-snippet":"max-snippet:-1","max-image-preview":"max-image-preview:large","max-video-preview":"max-video-preview:-1"},"canonical":"https:\/\/universofamilia.com\/cs\/los-paises-mas-avanzados-en-regulacion-de-ia-en-2025\/","og_locale":"cs_CZ","og_type":"article","og_title":"Los pa\u00edses m\u00e1s avanzados en regulaci\u00f3n de IA en 2025 - Universo Fam\u00edlia","og_description":"Los pa\u00edses m\u00e1s avanzados en regulaci\u00f3n de IA en 2025 se convirtieron en protagonistas de un debate que no solo es tecnol\u00f3gico, sino tambi\u00e9n...","og_url":"https:\/\/universofamilia.com\/cs\/los-paises-mas-avanzados-en-regulacion-de-ia-en-2025\/","og_site_name":"Universo Fam\u00edlia","article_published_time":"2025-10-01T04:42:15+00:00","article_modified_time":"2025-10-11T20:11:21+00:00","og_image":[{"width":550,"height":350,"url":"https:\/\/universofamilia.com\/wp-content\/uploads\/sites\/148\/2025\/09\/DESTAQUE-UNIVERSO-550-x-350-1-1.jpg","type":"image\/jpeg"}],"author":"Matheus Sangaletti","twitter_card":"summary_large_image","twitter_misc":{"Written by":"Matheus Sangaletti","Est. reading time":"7 minut"},"schema":{"@context":"https:\/\/schema.org","@graph":[{"@type":"WebPage","@id":"https:\/\/universofamilia.com\/cs\/los-paises-mas-avanzados-en-regulacion-de-ia-en-2025\/","url":"https:\/\/universofamilia.com\/cs\/los-paises-mas-avanzados-en-regulacion-de-ia-en-2025\/","name":"Los pa\u00edses m\u00e1s avanzados en regulaci\u00f3n de IA en 2025 - Universo Fam\u00edlia","isPartOf":{"@id":"https:\/\/universofamilia.com\/el\/#website"},"primaryImageOfPage":{"@id":"https:\/\/universofamilia.com\/cs\/los-paises-mas-avanzados-en-regulacion-de-ia-en-2025\/#primaryimage"},"image":{"@id":"https:\/\/universofamilia.com\/cs\/los-paises-mas-avanzados-en-regulacion-de-ia-en-2025\/#primaryimage"},"thumbnailUrl":"https:\/\/universofamilia.com\/wp-content\/uploads\/sites\/148\/2025\/09\/DESTAQUE-UNIVERSO-550-x-350-1-1.jpg","datePublished":"2025-10-01T04:42:15+00:00","dateModified":"2025-10-11T20:11:21+00:00","author":{"@id":"https:\/\/universofamilia.com\/el\/#\/schema\/person\/92fcd07e9b1f4323bf74f3170fc0f78a"},"description":"Los pa\u00edses m\u00e1s avanzados en regulaci\u00f3n de IA en 2025 se convirtieron en protagonistas de un debate que no solo es tecnol\u00f3gico, sino tambi\u00e9n...","breadcrumb":{"@id":"https:\/\/universofamilia.com\/cs\/los-paises-mas-avanzados-en-regulacion-de-ia-en-2025\/#breadcrumb"},"inLanguage":"cs","potentialAction":[{"@type":"ReadAction","target":["https:\/\/universofamilia.com\/cs\/los-paises-mas-avanzados-en-regulacion-de-ia-en-2025\/"]}]},{"@type":"ImageObject","inLanguage":"cs","@id":"https:\/\/universofamilia.com\/cs\/los-paises-mas-avanzados-en-regulacion-de-ia-en-2025\/#primaryimage","url":"https:\/\/universofamilia.com\/wp-content\/uploads\/sites\/148\/2025\/09\/DESTAQUE-UNIVERSO-550-x-350-1-1.jpg","contentUrl":"https:\/\/universofamilia.com\/wp-content\/uploads\/sites\/148\/2025\/09\/DESTAQUE-UNIVERSO-550-x-350-1-1.jpg","width":550,"height":350},{"@type":"BreadcrumbList","@id":"https:\/\/universofamilia.com\/cs\/los-paises-mas-avanzados-en-regulacion-de-ia-en-2025\/#breadcrumb","itemListElement":[{"@type":"ListItem","position":1,"name":"Home","item":"https:\/\/universofamilia.com\/el\/"},{"@type":"ListItem","position":2,"name":"Los pa\u00edses m\u00e1s avanzados en regulaci\u00f3n de IA en 2025"}]},{"@type":"WebSite","@id":"https:\/\/universofamilia.com\/el\/#website","url":"https:\/\/universofamilia.com\/el\/","name":"Universo Fam\u00edlia","description":"","potentialAction":[{"@type":"SearchAction","target":{"@type":"EntryPoint","urlTemplate":"https:\/\/universofamilia.com\/el\/?s={search_term_string}"},"query-input":"required name=search_term_string"}],"inLanguage":"cs"},{"@type":"Person","@id":"https:\/\/universofamilia.com\/el\/#\/schema\/person\/92fcd07e9b1f4323bf74f3170fc0f78a","name":"Matheus Sangaletti","image":{"@type":"ImageObject","inLanguage":"cs","@id":"https:\/\/universofamilia.com\/el\/#\/schema\/person\/image\/","url":"https:\/\/secure.gravatar.com\/avatar\/280ea957a14a48e6a1ad2133d2cc27c9?s=96&d=mm&r=g","contentUrl":"https:\/\/secure.gravatar.com\/avatar\/280ea957a14a48e6a1ad2133d2cc27c9?s=96&d=mm&r=g","caption":"Matheus Sangaletti"},"url":"https:\/\/universofamilia.com\/cs\/author\/matheuss\/"}]}},"_links":{"self":[{"href":"https:\/\/universofamilia.com\/cs\/wp-json\/wp\/v2\/posts\/9763"}],"collection":[{"href":"https:\/\/universofamilia.com\/cs\/wp-json\/wp\/v2\/posts"}],"about":[{"href":"https:\/\/universofamilia.com\/cs\/wp-json\/wp\/v2\/types\/post"}],"author":[{"embeddable":true,"href":"https:\/\/universofamilia.com\/cs\/wp-json\/wp\/v2\/users\/219"}],"replies":[{"embeddable":true,"href":"https:\/\/universofamilia.com\/cs\/wp-json\/wp\/v2\/comments?post=9763"}],"version-history":[{"count":4,"href":"https:\/\/universofamilia.com\/cs\/wp-json\/wp\/v2\/posts\/9763\/revisions"}],"predecessor-version":[{"id":9940,"href":"https:\/\/universofamilia.com\/cs\/wp-json\/wp\/v2\/posts\/9763\/revisions\/9940"}],"wp:featuredmedia":[{"embeddable":true,"href":"https:\/\/universofamilia.com\/cs\/wp-json\/wp\/v2\/media\/9756"}],"wp:attachment":[{"href":"https:\/\/universofamilia.com\/cs\/wp-json\/wp\/v2\/media?parent=9763"}],"wp:term":[{"taxonomy":"category","embeddable":true,"href":"https:\/\/universofamilia.com\/cs\/wp-json\/wp\/v2\/categories?post=9763"},{"taxonomy":"post_tag","embeddable":true,"href":"https:\/\/universofamilia.com\/cs\/wp-json\/wp\/v2\/tags?post=9763"}],"curies":[{"name":"wp","href":"https:\/\/api.w.org\/{rel}","templated":true}]}}