{"id":9970,"date":"2025-10-10T17:48:08","date_gmt":"2025-10-10T20:48:08","guid":{"rendered":"https:\/\/universofamilia.com\/?p=9970"},"modified":"2025-10-15T16:09:34","modified_gmt":"2025-10-15T19:09:34","slug":"el-teletrabajo-en-2025-las-nuevas-tendencias-del-home-office","status":"publish","type":"post","link":"https:\/\/universofamilia.com\/cs\/el-teletrabajo-en-2025-las-nuevas-tendencias-del-home-office\/","title":{"rendered":"Pr\u00e1ce na d\u00e1lku v roce 2025: Nov\u00e9 trendy v pr\u00e1ci z domova"},"content":{"rendered":"<p class=\"has-text-align-center\"><strong>Pr\u00e1ce na d\u00e1lku v roce 2025: Nov\u00e9 trendy v pr\u00e1ci z domova<\/strong> Je to ji\u017e sou\u010d\u00e1st\u00ed pracovn\u00ed struktury mnoha spole\u010dnost\u00ed; nejedn\u00e1 se o do\u010dasn\u00fd m\u00f3dn\u00ed v\u00fdst\u0159elek, ale o hlubokou transformaci.<\/p>\n\n\n\n<figure class=\"wp-block-gallery aligncenter has-nested-images columns-default is-cropped wp-block-gallery-1 is-layout-flex wp-block-gallery-is-layout-flex\">\n<figure class=\"wp-block-image size-full\"><img loading=\"lazy\" decoding=\"async\" width=\"450\" height=\"250\" data-id=\"9992\" src=\"https:\/\/universofamilia.com\/wp-content\/uploads\/sites\/148\/2025\/10\/Destaque-Universo-3-1.jpg\" alt=\"\" class=\"wp-image-9992\" srcset=\"https:\/\/universofamilia.com\/wp-content\/uploads\/sites\/148\/2025\/10\/Destaque-Universo-3-1.jpg 450w, https:\/\/universofamilia.com\/wp-content\/uploads\/sites\/148\/2025\/10\/Destaque-Universo-3-1-300x167.jpg 300w, https:\/\/universofamilia.com\/wp-content\/uploads\/sites\/148\/2025\/10\/Destaque-Universo-3-1-18x10.jpg 18w\" sizes=\"(max-width: 450px) 100vw, 450px\" \/><\/figure>\n<\/figure>\n\n\n\n<p>V tomto \u010dl\u00e1nku se dozv\u00edte:<\/p>\n\n\n\n<ul>\n<li>Ned\u00e1vn\u00e9 zm\u011bny a vznikaj\u00edc\u00ed trendy v dom\u00e1c\u00ed kancel\u00e1\u0159i v tomto roce.<\/li>\n\n\n\n<li>Jak tyto trendy ovliv\u0148uj\u00ed zam\u011bstnance i zam\u011bstnavatele.<\/li>\n\n\n\n<li>Konkr\u00e9tn\u00ed strategie pro p\u0159izp\u016fsoben\u00ed se a z\u00edsk\u00e1n\u00ed v\u00fdhody.<\/li>\n<\/ul>\n\n\n\n<p>V\u00edte, jak\u00e9 budou letos ur\u010duj\u00edc\u00ed charakteristiky pr\u00e1ce na d\u00e1lku?<\/p>\n\n\n\n<h4 class=\"wp-block-heading\"><strong>Aktu\u00e1ln\u00ed stav pr\u00e1ce na d\u00e1lku v Mexiku a ve sv\u011bt\u011b<\/strong><\/h4>\n\n\n\n<p>V Mexiku, podle zpr\u00e1vy <em>Obchodn\u00ed trendy v Mexiku pro rok 2025<\/em>v\u00edce ne\u017e <strong>65 spole\u010dnost\u00ed %<\/strong> b\u011bhem pandemie zavedli ur\u010dit\u00fd zp\u016fsob pr\u00e1ce na d\u00e1lku.<\/p>\n\n\n\n<p>Do roku 2025 se p\u0159edpokl\u00e1d\u00e1, \u017ee toto procento vzroste na <strong>v\u00edce ne\u017e 75 %<\/strong>, zejm\u00e9na v odv\u011btv\u00edch, jako jsou technologie, finan\u010dn\u00ed slu\u017eby a vzd\u011bl\u00e1v\u00e1n\u00ed. <\/p>\n\n\n\n<p>Studie celosv\u011btov\u011b ukazuj\u00ed, \u017ee p\u0159ibli\u017en\u011b <strong>28 % pracovn\u00ed s\u00edly<\/strong> pracovat na d\u00e1lku, bu\u010f v hybridn\u00edm re\u017eimu, nebo v\u00fdhradn\u011b z domova.<\/p>\n\n\n\n<p>Tato data ukazuj\u00ed, \u017ee pr\u00e1ce na d\u00e1lku ji\u017e nen\u00ed v\u00fdjimkou, ale sou\u010d\u00e1st\u00ed nov\u00e9ho norm\u00e1lu.<\/p>\n\n\n\n<h4 class=\"wp-block-heading\"> <strong>Hlavn\u00ed trendy, kter\u00e9 budou formovat dom\u00e1c\u00ed kancel\u00e1\u0159 v roce 2025<\/strong><\/h4>\n\n\n\n<p>Zde jsou trendy, kter\u00e9 definuj\u00ed pr\u00e1ci na d\u00e1lku v tomto roce a pravd\u011bpodobn\u011b i v dal\u0161\u00edch letech.<\/p>\n\n\n\n<h5 class=\"wp-block-heading\"><strong>1. Sofistikovan\u00e9 hybridn\u00ed modely<\/strong><\/h5>\n\n\n\n<p>Mnoho organizac\u00ed nyn\u00ed preferuje hybridn\u00ed modely, kter\u00e9 kombinuj\u00ed pr\u00e1ci z domova s osobn\u00edm kontaktem. <\/p>\n\n\n\n<p>Nejde jen o to \u201ep\u0159ij\u00edt za p\u00e1r dn\u00ed\u201c, ale o strukturov\u00e1n\u00ed harmonogram\u016f, prostor pro spolupr\u00e1ci a jasn\u00e1 pravidla pro fyzick\u00e9 i virtu\u00e1ln\u00ed kancel\u00e1\u0159e.<\/p>\n\n\n\n<h5 class=\"wp-block-heading\"><strong>2. Decentralizovan\u00e9 kancel\u00e1\u0159e a lok\u00e1ln\u00ed coworkingov\u00e9 prostory<\/strong><\/h5>\n\n\n\n<p>Firmy usnad\u0148uj\u00ed sv\u00fdm zam\u011bstnanc\u016fm pr\u00e1ci z bl\u00edzk\u00fdch prostor mimo jejich tradi\u010dn\u00ed domovy, a to prost\u0159ednictv\u00edm coworkingov\u00fdch prostor v sousedstv\u00edch nebo satelitn\u00edch kancel\u00e1\u0159\u00ed.<\/p>\n\n\n\n<p>Doba doj\u00ed\u017ed\u011bn\u00ed se zkracuje, motivace se zvy\u0161uje a kvalita \u017eivota se zlep\u0161uje.<\/p>\n\n\n\n<h5 class=\"wp-block-heading\"><strong>3. Technologie jako z\u00e1kladn\u00ed z\u00e1klad<\/strong><\/h5>\n\n\n\n<p>N\u00e1stroje pro spolupr\u00e1ci v re\u00e1ln\u00e9m \u010dase, vysoce kvalitn\u00ed videokonference, roz\u0161\u00ed\u0159en\u00e1 a virtu\u00e1ln\u00ed realita pro sch\u016fzky a platformy, kter\u00e9 integruj\u00ed spr\u00e1vu \u00fakol\u016f, pohodu a produktivitu.<\/p>\n\n\n\n<p>Rychlost internetu je d\u016fle\u017eit\u00e1, stejn\u011b jako zabezpe\u010den\u00ed p\u0159ipojen\u00ed.<\/p>\n\n\n\n<h5 class=\"wp-block-heading\"><strong>4. Skute\u010dn\u00e1 flexibilita rozvrh\u016f<\/strong><\/h5>\n\n\n\n<p>Nesta\u010d\u00ed jen umo\u017enit lidem pracovat z domova: o\u010dek\u00e1v\u00e1 se flexibiln\u00ed pracovn\u00ed doba s mo\u017enost\u00ed p\u0159izp\u016fsobit se osobn\u00edm rozvrh\u016fm, pokud spl\u0148uj\u00ed c\u00edle.<\/p>\n\n\n\n<p>To zahrnuje rozvr\u017een\u00e9 rozvrhy, aby se zabr\u00e1nilo dopravn\u00ed \u0161pi\u010dce, p\u00e9\u010di o du\u0161evn\u00ed zdrav\u00ed a podporu rovnov\u00e1hy mezi pracovn\u00edm a soukrom\u00fdm \u017eivotem.<\/p>\n\n\n\n<h5 class=\"wp-block-heading\"><strong>5. Up\u0159ednost\u0148ujte pohodu, du\u0161evn\u00ed zdrav\u00ed a ergonomii<\/strong><\/h5>\n\n\n\n<p>Izolace nebo dlouh\u00e1 pracovn\u00ed doba bez fyzick\u00e9ho odd\u011blen\u00ed domova a pr\u00e1ce m\u00e1 vliv.<\/p>\n\n\n\n<p>Firmy investuj\u00ed do program\u016f emo\u010dn\u00ed podpory, ergonomie dom\u00e1cnosti (\u017eidle, stoly, osv\u011btlen\u00ed), aktivn\u00edch p\u0159est\u00e1vek a podpory zdrav\u00fdch n\u00e1vyk\u016f.<\/p>\n\n\n\n<h5 class=\"wp-block-heading\"><strong>6. Inkluze a rovnost na d\u00e1lku<\/strong><\/h5>\n\n\n\n<p>Zajist\u011bte, aby v\u0161ichni zam\u011bstnanci m\u011bli p\u0159\u00edstup k prost\u0159edk\u016fm: spolehliv\u00e9 p\u0159ipojen\u00ed, odpov\u00eddaj\u00edc\u00ed hardware a bezpe\u010dn\u00e9 pracovn\u00ed prost\u0159ed\u00ed.<\/p>\n\n\n\n<p>Tak\u00e9 zajist\u011bte, aby ti, kte\u0159\u00ed pracuj\u00ed na d\u00e1lku, nep\u0159i\u0161li o p\u0159\u00edle\u017eitosti k postupu nebo se nestali pro veden\u00ed neviditeln\u00fdmi.<\/p>\n\n\n\n<h4 class=\"wp-block-heading\"><strong> V\u00fdhody a rizika pokro\u010dil\u00e9 pr\u00e1ce na d\u00e1lku<\/strong><\/h4>\n\n\n\n<p>Realistick\u00e9 zv\u00e1\u017een\u00ed v\u00fdhod a nev\u00fdhod v\u00e1m umo\u017en\u00ed \u010dinit lep\u0161\u00ed rozhodnut\u00ed.<\/p>\n\n\n\n<h5 class=\"wp-block-heading\"><strong>V\u00fdhody<\/strong><\/h5>\n\n\n\n<ul>\n<li>Zv\u00fd\u0161en\u00e1 produktivita: Mnoho zam\u011bstnanc\u016f uv\u00e1d\u00ed stejn\u00fd nebo vy\u0161\u0161\u00ed v\u00fdkon p\u0159i pr\u00e1ci na d\u00e1lku nebo v hybridn\u00edm prost\u0159ed\u00ed, proto\u017ee doch\u00e1z\u00ed k men\u0161\u00edmu fyzick\u00e9mu vyru\u0161ov\u00e1n\u00ed.<\/li>\n\n\n\n<li>\u00daspora n\u00e1klad\u016f: pro firmy m\u00e9n\u011b prostoru, m\u00e9n\u011b energie a m\u00e9n\u011b fixn\u00edch n\u00e1klad\u016f; pro zam\u011bstnance m\u00e9n\u011b dopravy a m\u00e9n\u011b j\u00eddla utracen\u00e9ho mimo domov.<\/li>\n\n\n\n<li>P\u0159il\u00e1k\u00e1n\u00ed talent\u016f: Flexibilita je pro potenci\u00e1ln\u00ed zam\u011bstnance rozhoduj\u00edc\u00edm faktorem.<\/li>\n<\/ul>\n\n\n\n<h5 class=\"wp-block-heading\"><strong>Rizika<\/strong><\/h5>\n\n\n\n<ul>\n<li>Digit\u00e1ln\u00ed \u00fanava a rozmazan\u00e9 hranice mezi osobn\u00edm a pracovn\u00edm \u017eivotem: pr\u00e1ce bez \u201ezav\u0159en\u00ed dve\u0159\u00ed\u201c do fyzick\u00e9 kancel\u00e1\u0159e m\u016f\u017ee v\u00e9st k vyho\u0159en\u00ed.<\/li>\n\n\n\n<li>Technologick\u00e1 nerovnost: Ne ka\u017ed\u00fd m\u00e1 p\u0159\u00edstup k vysokorychlostn\u00edmu internetu, dostate\u010dn\u00e9mu prostoru nebo modern\u00edmu vybaven\u00ed.<\/li>\n\n\n\n<li>Ztr\u00e1ta firemn\u00ed kultury a neform\u00e1ln\u00ed komunikace: Spont\u00e1nn\u00ed konverzace, kter\u00e9 vznikaj\u00ed v kancel\u00e1\u0159i, se vytr\u00e1cej\u00ed; to by mohlo ovlivnit kreativitu a soudr\u017enost.<\/li>\n<\/ul>\n\n\n\n<h4 class=\"wp-block-heading\"> <strong>Strategie pro adaptaci na pr\u00e1ci na d\u00e1lku v roce 2025: nov\u00e9 trendy v dom\u00e1c\u00ed kancel\u00e1\u0159i<\/strong><\/h4>\n\n\n\n<p>Abyste zajistili, \u017ee va\u0161e spole\u010dnost nebo vy jako profesion\u00e1l nez\u016fstanete pozadu, zde jsou praktick\u00e9 strategie.<\/p>\n\n\n\n<h5 class=\"wp-block-heading\"><strong>A. Stanoven\u00ed jasn\u00fdch z\u00e1sad<\/strong><\/h5>\n\n\n\n<p>Definujte o\u010dek\u00e1v\u00e1n\u00ed: kdy je osobn\u00ed \u00fa\u010dast povinn\u00e1, krit\u00e9ria pro vyu\u017e\u00edv\u00e1n\u00ed coworkingov\u00fdch prostor a flexibiln\u00ed rozvrh.<\/p>\n\n\n\n<p>Dejte v\u0161em v\u011bd\u011bt kdy, jak a co se o\u010dek\u00e1v\u00e1.<\/p>\n\n\n\n<h5 class=\"wp-block-heading\"><strong>B. Investice do odpov\u00eddaj\u00edc\u00ed infrastruktury<\/strong><\/h5>\n\n\n\n<p>Zajist\u011bte, aby va\u0161i zam\u011bstnanci pracuj\u00edc\u00ed na d\u00e1lku m\u011bli dobr\u00fd p\u0159\u00edstup k internetu, spolehliv\u00fd hardware a dob\u0159e udr\u017eovan\u00e9 prostory.<\/p>\n\n\n\n<p>Pokud pou\u017e\u00edv\u00e1te dom\u00e1c\u00ed kancel\u00e1\u0159, zva\u017ete dotace na ergonomick\u00fd n\u00e1bytek, parav\u00e1ny a \u017eidle.<\/p>\n\n\n\n<h5 class=\"wp-block-heading\"><strong>C. \u010cast\u00e1 komunikace a kultura odta\u017eitosti<\/strong><\/h5>\n\n\n\n<p>Pravideln\u00e1 setk\u00e1n\u00ed, ale i neform\u00e1ln\u00ed virtu\u00e1ln\u00ed prostory pro rekreaci a socializaci. Pr\u016fb\u011b\u017en\u00e1 zp\u011btn\u00e1 vazba: co funguje, co ne, a \u00fapravy.<\/p>\n\n\n\n<h5 class=\"wp-block-heading\"><strong>D. \u0160kolen\u00ed a du\u0161evn\u00ed zdrav\u00ed<\/strong><\/h5>\n\n\n\n<p>\u0160kolen\u00ed v oblasti \u0159\u00edzen\u00ed \u010dasu na d\u00e1lku, digit\u00e1ln\u00edch n\u00e1stroj\u016f a p\u00e9\u010de o sebe. V p\u0159\u00edpad\u011b pot\u0159eby programy psychologick\u00e9 podpory.<\/p>\n\n\n\n<p>Uv\u011bdomte si, \u017ee pr\u00e1ce na d\u00e1lku neznamen\u00e1 b\u00fdt neust\u00e1le \u201ena cest\u011b\u201c.<\/p>\n\n\n\n<p>\u010ct\u011bte v\u00edce:&nbsp;<a href=\"https:\/\/universofamilia.com\/cs\/los-paises-mas-avanzados-en-regulacion-de-ia-en-2025\/\">Nejvysp\u011blej\u0161\u00ed zem\u011b v regulaci um\u011bl\u00e9 inteligence v roce 2025<\/a><\/p>\n\n\n\n<h4 class=\"wp-block-heading\"><strong>Origin\u00e1ln\u00ed p\u0159\u00edklady<\/strong><\/h4>\n\n\n\n<p><strong>P\u0159\u00edklad 1:<\/strong> Softwarov\u00e1 spole\u010dnost v Guadalaja\u0159e zavedla pro rok 2025 hybridn\u00ed model: pr\u00e1ce na d\u00e1lku v pond\u011bl\u00ed, \u00fater\u00fd a \u010dtvrtek; prezen\u010dn\u00ed valn\u00e1 hromada ve st\u0159edu; a voliteln\u00fd coworking v p\u00e1tek.<\/p>\n\n\n\n<p>Nab\u00eddl m\u011bs\u00ed\u010dn\u00ed dotaci pro ka\u017ed\u00e9ho v\u00fdvoj\u00e1\u0159e na n\u00e1kup ergonomick\u00e9ho dom\u00e1c\u00edho stolu a zaznamenal sn\u00ed\u017een\u00ed chyb v k\u00f3du o 15 kus\u016f % ve srovn\u00e1n\u00ed s lo\u0148sk\u00fdm modelem vzd\u00e1len\u00e9ho ovl\u00e1d\u00e1n\u00ed, kter\u00fd m\u011bl 100 kus\u016f %.<\/p>\n\n\n\n<p><strong>P\u0159\u00edklad 2:<\/strong> Vzd\u011bl\u00e1vac\u00ed organizace v Mexico City spustila virtu\u00e1ln\u00ed kurzy a administrativn\u00ed pr\u00e1ci na d\u00e1lku, ale zachovala \u010dtvrtletn\u00ed prezen\u010dn\u00ed v\u00fduku.<\/p>\n\n\n\n<p>Krom\u011b toho zavedla pro sv\u00e9 zam\u011bstnance odstup\u0148ovan\u00e9 pracovn\u00ed harmonogramy a implementovala intern\u00ed platformu, kter\u00e1 umo\u017e\u0148uje rezervaci m\u00edstn\u00edch coworkingov\u00fdch prostor.<\/p>\n\n\n\n<p>V\u00fdsledek: zv\u00fd\u0161en\u00e1 spokojenost zam\u011bstnanc\u016f (podle intern\u00edho pr\u016fzkumu) a sn\u00ed\u017een\u00ed n\u00e1klad\u016f na dopravu pro v\u00edce ne\u017e 50 u\u010ditel\u016f %.<\/p>\n\n\n\n<h4 class=\"wp-block-heading\"><strong>Relevantn\u00ed statistiky<\/strong><\/h4>\n\n\n\n<p>Glob\u00e1ln\u00ed studie ukazuj\u00ed, \u017ee po\u010det zam\u011bstnanc\u016f pracuj\u00edc\u00edch na d\u00e1lku se v posledn\u00ed dob\u011b stabilizoval: pr\u016fm\u011br <strong>1,23 dn\u00ed v t\u00fddnu<\/strong> pracovali z domova pro osoby s vysoko\u0161kolsk\u00fdm vzd\u011bl\u00e1n\u00edm, co\u017e p\u0159edstavuje p\u0159ibli\u017en\u011b <strong>25 % pracovn\u00edch dn\u016f<\/strong> v t\u011bchto p\u0159\u00edpadech. <\/p>\n\n\n\n<h3 class=\"wp-block-heading\"><strong>Stru\u010dn\u00e9 srovn\u00e1n\u00ed: pr\u00e1ce na d\u00e1lku vs. tradi\u010dn\u00ed kancel\u00e1\u0159<\/strong><\/h3>\n\n\n\n<figure class=\"wp-block-table\"><table><thead><tr><th>Aspekt<\/th><th>Tradi\u010dn\u00ed kancel\u00e1\u0159<\/th><th>Pokro\u010dil\u00e1 pr\u00e1ce na d\u00e1lku\/hybridn\u00ed pr\u00e1ce<\/th><\/tr><\/thead><tbody><tr><td>Flexibiln\u00ed pracovn\u00ed doba<\/td><td>Omezen\u00fd, rigidn\u00ed<\/td><td>Vysok\u00e1, p\u0159izp\u016fsobiteln\u00e1 dle osobn\u00edch c\u00edl\u016f<\/td><\/tr><tr><td>Fyzick\u00e9 n\u00e1klady<\/td><td>Zast\u00e1vky pro dopravu a \u00fadr\u017ebu kancel\u00e1\u0159\u00ed<\/td><td>Nezletil\u00ed pro zam\u011bstnance a firmy<\/td><\/tr><tr><td>Soci\u00e1ln\u00ed interakce<\/td><td>Vysok\u00e1, spont\u00e1nn\u00ed<\/td><td>Mo\u017en\u00fd pokles, vy\u017eaduje aktivn\u00ed strategie<\/td><\/tr><tr><td>Technologick\u00e9 po\u017eadavky<\/td><td>Z\u00e1klady v kancel\u00e1\u0159i<\/td><td>Dobr\u00fd internet a digit\u00e1ln\u00ed n\u00e1stroje jsou nezbytn\u00e9.<\/td><\/tr><tr><td>Rovnov\u00e1ha mezi pracovn\u00edm a soukrom\u00fdm \u017eivotem<\/td><td>V\u00edce ohrani\u010den\u00e9<\/td><td>Hodn\u011b z\u00e1le\u017e\u00ed na discipl\u00edn\u011b a organizaci<\/td><\/tr><\/tbody><\/table><figcaption class=\"wp-element-caption\">Pr\u00e1ce na d\u00e1lku v roce 2025: Nov\u00e9 trendy v pr\u00e1ci z domova<\/figcaption><\/figure>\n\n\n\n<figure class=\"wp-block-gallery aligncenter has-nested-images columns-default is-cropped wp-block-gallery-2 is-layout-flex wp-block-gallery-is-layout-flex\">\n<figure class=\"wp-block-image size-full\"><img loading=\"lazy\" decoding=\"async\" width=\"550\" height=\"350\" data-id=\"9973\" src=\"https:\/\/universofamilia.com\/wp-content\/uploads\/sites\/148\/2025\/10\/DESTAQUE-UNIVERSO-550-x-350-14.jpg\" alt=\"\" class=\"wp-image-9973\" srcset=\"https:\/\/universofamilia.com\/wp-content\/uploads\/sites\/148\/2025\/10\/DESTAQUE-UNIVERSO-550-x-350-14.jpg 550w, https:\/\/universofamilia.com\/wp-content\/uploads\/sites\/148\/2025\/10\/DESTAQUE-UNIVERSO-550-x-350-14-300x191.jpg 300w, https:\/\/universofamilia.com\/wp-content\/uploads\/sites\/148\/2025\/10\/DESTAQUE-UNIVERSO-550-x-350-14-18x12.jpg 18w\" sizes=\"(max-width: 550px) 100vw, 550px\" \/><figcaption class=\"wp-element-caption\">CANVA<\/figcaption><\/figure>\n<\/figure>\n\n\n\n<h3 class=\"wp-block-heading\"><strong>Z\u00e1v\u011br<\/strong><\/h3>\n\n\n\n<p><strong>Pr\u00e1ce na d\u00e1lku v roce 2025: Nov\u00e9 trendy v pr\u00e1ci z domova<\/strong> Nen\u00ed to jen modern\u00ed ozna\u010den\u00ed, ale p\u0159irozen\u00fd v\u00fdvoj pr\u00e1ce v digit\u00e1ln\u00edm v\u011bku.<\/p>\n\n\n\n<p>Spole\u010dnosti, kter\u00e9 investuj\u00ed do skute\u010dn\u00e9 flexibility, odpov\u00eddaj\u00edc\u00ed infrastruktury a lidsk\u00e9 p\u00e9\u010de, maj\u00ed lep\u0161\u00ed pozici k udr\u017een\u00ed talent\u016f a zachov\u00e1n\u00ed konkurenceschopnosti.<\/p>\n\n\n\n<p>Nejde o n\u00e1vrat do minulosti s p\u0159epln\u011bn\u00fdmi kancel\u00e1\u0159emi, ani o vnucov\u00e1n\u00ed nestrukturovan\u00e9 pr\u00e1ce na d\u00e1lku. Rovnov\u00e1ha, jasnost a adaptace budou va\u0161imi nejlep\u0161\u00edmi spojenci.<\/p>\n\n\n\n<p>\u010ct\u011bte v\u00edce:<a href=\"https:\/\/universofamilia.com\/cs\/inteligencia-artificial-en-el-dia-a-dia\/\">&nbsp;Um\u011bl\u00e1 inteligence v ka\u017edodenn\u00edm \u017eivot\u011b<\/a><\/p>\n\n\n\n<h3 class=\"wp-block-heading\"><strong>\u010casto kladen\u00e9 ot\u00e1zky<\/strong><\/h3>\n\n\n\n<p><strong>1. Kolik dn\u00ed v t\u00fddnu se pova\u017euje za optim\u00e1ln\u00ed pro pr\u00e1ci z domova?<\/strong><br>Z\u00e1le\u017e\u00ed na typu \u00fakolu, firemn\u00ed kultu\u0159e a osobn\u00edch preferenc\u00edch.<\/p>\n\n\n\n<p>Mnoho model\u016f uv\u00e1d\u00ed 2\u20133 dny v t\u00fddnu na d\u00e1lku jako ide\u00e1ln\u00ed pro kombinovan\u00e9 role, p\u0159i\u010dem\u017e se zachov\u00e1v\u00e1 osobn\u00ed interakce pro soulad, kulturu a kreativitu.<\/p>\n\n\n\n<p><strong>2. Jak mohu zabr\u00e1nit tomu, aby pr\u00e1ce na d\u00e1lku ovlivnila mou viditelnost a mo\u017enosti kari\u00e9rn\u00edho postupu?<\/strong><br>Udr\u017eujte si virtu\u00e1ln\u00ed p\u0159\u00edtomnost: \u00fa\u010dastn\u011bte se sch\u016fzek, navrhujte projekty, sd\u011blujte sv\u00e9 \u00fasp\u011bchy.<\/p>\n\n\n\n<p>Je kl\u00ed\u010dov\u00e9, aby veden\u00ed uznalo pr\u00e1ci na d\u00e1lku za legitimn\u00ed a aby existovaly metriky v\u00fdkonu zalo\u017een\u00e9 na v\u00fdsledc\u00edch.<\/p>\n\n\n\n<p><strong>3. Jak\u00e9 n\u00e1stroje jsou nezbytn\u00e9 pro modern\u00ed pr\u00e1ci na d\u00e1lku?<\/strong><br><\/p>\n\n\n\n<p>Stabiln\u00ed p\u0159ipojen\u00ed a <a href=\"https:\/\/universofamilia.com\/cs\/como-montar-un-home-office-productivo-gastando-poco\/\">Internet<\/a> Rychl\u00e9; platformy pro spolupr\u00e1ci jako Slack, Microsoft Teams nebo podobn\u00e9; software pro spr\u00e1vu \u00fakol\u016f (Trello, Asana, Notion); n\u00e1stroje pro videokonference; z\u00e1lohov\u00e1n\u00ed dat; a \u0159e\u0161en\u00ed IT zabezpe\u010den\u00ed.<\/p>\n\n\n\n<p><strong>4. Jak zajistit du\u0161evn\u00ed a fyzickou pohodu p\u0159i pr\u00e1ci z domova?<\/strong><br>Stanovte si rozvrhy s pl\u00e1novan\u00fdmi p\u0159est\u00e1vkami, vyhrazen\u00fdm pracovn\u00edm prostorem, kter\u00fd podporuje soust\u0159ed\u011bn\u00ed, odpo\u010dinek pro o\u010di a pravideln\u00e9 cvi\u010den\u00ed.<\/p>\n\n\n\n<p>Odd\u011blen\u00ed pracovn\u00edch prostor od odpo\u010dinkov\u00fdch prostor je stejn\u011b d\u016fle\u017eit\u00e9 jako m\u00edt kvalitn\u00ed digit\u00e1ln\u00ed n\u00e1stroje.<\/p>","protected":false},"excerpt":{"rendered":"<p>El teletrabajo en 2025: las nuevas tendencias del home office ya forma parte de la estructura laboral de muchas empresas; no es una moda temporal sino una transformaci\u00f3n profunda. En este art\u00edculo vas a conocer: \u00bfSabes cu\u00e1les ser\u00e1n los rasgos que definir\u00e1n el trabajo remoto este a\u00f1o? El estado actual del trabajo remoto en M\u00e9xico [&hellip;]<\/p>","protected":false},"author":219,"featured_media":9992,"comment_status":"closed","ping_status":"open","sticky":false,"template":"","format":"standard","meta":{"footnotes":""},"categories":[5],"tags":[],"yoast_head":"<!-- This site is optimized with the Yoast SEO plugin v23.3 - https:\/\/yoast.com\/wordpress\/plugins\/seo\/ -->\n<title>El teletrabajo en 2025: las nuevas tendencias del home office - Universo Fam\u00edlia<\/title>\n<meta name=\"description\" content=\"El teletrabajo en 2025: las nuevas tendencias del home office ya forma parte de la estructura laboral de muchas empresas; no es una moda...\" \/>\n<meta name=\"robots\" content=\"index, follow, max-snippet:-1, max-image-preview:large, max-video-preview:-1\" \/>\n<link rel=\"canonical\" href=\"http:\/\/universofamilia.com\/cs\/el-teletrabajo-en-2025-las-nuevas-tendencias-del-home-office\/\" \/>\n<meta property=\"og:locale\" content=\"cs_CZ\" \/>\n<meta property=\"og:type\" content=\"article\" \/>\n<meta property=\"og:title\" content=\"El teletrabajo en 2025: las nuevas tendencias del home office - Universo Fam\u00edlia\" \/>\n<meta property=\"og:description\" content=\"El teletrabajo en 2025: las nuevas tendencias del home office ya forma parte de la estructura laboral de muchas empresas; no es una moda...\" \/>\n<meta property=\"og:url\" content=\"http:\/\/universofamilia.com\/cs\/el-teletrabajo-en-2025-las-nuevas-tendencias-del-home-office\/\" \/>\n<meta property=\"og:site_name\" content=\"Universo Fam\u00edlia\" \/>\n<meta property=\"article:published_time\" content=\"2025-10-10T20:48:08+00:00\" \/>\n<meta property=\"article:modified_time\" content=\"2025-10-15T19:09:34+00:00\" \/>\n<meta property=\"og:image\" content=\"http:\/\/universofamilia.com\/wp-content\/uploads\/sites\/148\/2025\/10\/Destaque-Universo-3-1.jpg\" \/>\n\t<meta property=\"og:image:width\" content=\"450\" \/>\n\t<meta property=\"og:image:height\" content=\"250\" \/>\n\t<meta property=\"og:image:type\" content=\"image\/jpeg\" \/>\n<meta name=\"author\" content=\"Matheus Sangaletti\" \/>\n<meta name=\"twitter:card\" content=\"summary_large_image\" \/>\n<meta name=\"twitter:label1\" content=\"Written by\" \/>\n\t<meta name=\"twitter:data1\" content=\"Matheus Sangaletti\" \/>\n\t<meta name=\"twitter:label2\" content=\"Est. reading time\" \/>\n\t<meta name=\"twitter:data2\" content=\"8 minut\" \/>\n<script type=\"application\/ld+json\" class=\"yoast-schema-graph\">{\"@context\":\"https:\/\/schema.org\",\"@graph\":[{\"@type\":\"WebPage\",\"@id\":\"http:\/\/universofamilia.com\/pt_pt\/el-teletrabajo-en-2025-las-nuevas-tendencias-del-home-office\/\",\"url\":\"http:\/\/universofamilia.com\/pt_pt\/el-teletrabajo-en-2025-las-nuevas-tendencias-del-home-office\/\",\"name\":\"El teletrabajo en 2025: las nuevas tendencias del home office - Universo Fam\u00edlia\",\"isPartOf\":{\"@id\":\"https:\/\/universofamilia.com\/el\/#website\"},\"primaryImageOfPage\":{\"@id\":\"http:\/\/universofamilia.com\/pt_pt\/el-teletrabajo-en-2025-las-nuevas-tendencias-del-home-office\/#primaryimage\"},\"image\":{\"@id\":\"http:\/\/universofamilia.com\/pt_pt\/el-teletrabajo-en-2025-las-nuevas-tendencias-del-home-office\/#primaryimage\"},\"thumbnailUrl\":\"https:\/\/universofamilia.com\/wp-content\/uploads\/sites\/148\/2025\/10\/Destaque-Universo-3-1.jpg\",\"datePublished\":\"2025-10-10T20:48:08+00:00\",\"dateModified\":\"2025-10-15T19:09:34+00:00\",\"author\":{\"@id\":\"https:\/\/universofamilia.com\/el\/#\/schema\/person\/92fcd07e9b1f4323bf74f3170fc0f78a\"},\"description\":\"El teletrabajo en 2025: las nuevas tendencias del home office ya forma parte de la estructura laboral de muchas empresas; no es una moda...\",\"breadcrumb\":{\"@id\":\"http:\/\/universofamilia.com\/pt_pt\/el-teletrabajo-en-2025-las-nuevas-tendencias-del-home-office\/#breadcrumb\"},\"inLanguage\":\"cs\",\"potentialAction\":[{\"@type\":\"ReadAction\",\"target\":[\"http:\/\/universofamilia.com\/pt_pt\/el-teletrabajo-en-2025-las-nuevas-tendencias-del-home-office\/\"]}]},{\"@type\":\"ImageObject\",\"inLanguage\":\"cs\",\"@id\":\"http:\/\/universofamilia.com\/pt_pt\/el-teletrabajo-en-2025-las-nuevas-tendencias-del-home-office\/#primaryimage\",\"url\":\"https:\/\/universofamilia.com\/wp-content\/uploads\/sites\/148\/2025\/10\/Destaque-Universo-3-1.jpg\",\"contentUrl\":\"https:\/\/universofamilia.com\/wp-content\/uploads\/sites\/148\/2025\/10\/Destaque-Universo-3-1.jpg\",\"width\":450,\"height\":250,\"caption\":\"Trabalho remoto em 2025: as novas tend\u00eancias do home office\"},{\"@type\":\"BreadcrumbList\",\"@id\":\"http:\/\/universofamilia.com\/pt_pt\/el-teletrabajo-en-2025-las-nuevas-tendencias-del-home-office\/#breadcrumb\",\"itemListElement\":[{\"@type\":\"ListItem\",\"position\":1,\"name\":\"Home\",\"item\":\"https:\/\/universofamilia.com\/el\/\"},{\"@type\":\"ListItem\",\"position\":2,\"name\":\"El teletrabajo en 2025: las nuevas tendencias del home office\"}]},{\"@type\":\"WebSite\",\"@id\":\"https:\/\/universofamilia.com\/el\/#website\",\"url\":\"https:\/\/universofamilia.com\/el\/\",\"name\":\"Universo Fam\u00edlia\",\"description\":\"\",\"potentialAction\":[{\"@type\":\"SearchAction\",\"target\":{\"@type\":\"EntryPoint\",\"urlTemplate\":\"https:\/\/universofamilia.com\/el\/?s={search_term_string}\"},\"query-input\":\"required name=search_term_string\"}],\"inLanguage\":\"cs\"},{\"@type\":\"Person\",\"@id\":\"https:\/\/universofamilia.com\/el\/#\/schema\/person\/92fcd07e9b1f4323bf74f3170fc0f78a\",\"name\":\"Matheus Sangaletti\",\"image\":{\"@type\":\"ImageObject\",\"inLanguage\":\"cs\",\"@id\":\"https:\/\/universofamilia.com\/el\/#\/schema\/person\/image\/\",\"url\":\"https:\/\/secure.gravatar.com\/avatar\/280ea957a14a48e6a1ad2133d2cc27c9?s=96&d=mm&r=g\",\"contentUrl\":\"https:\/\/secure.gravatar.com\/avatar\/280ea957a14a48e6a1ad2133d2cc27c9?s=96&d=mm&r=g\",\"caption\":\"Matheus Sangaletti\"},\"url\":\"https:\/\/universofamilia.com\/cs\/author\/matheuss\/\"}]}<\/script>\n<!-- \/ Yoast SEO plugin. -->","yoast_head_json":{"title":"El teletrabajo en 2025: las nuevas tendencias del home office - Universo Fam\u00edlia","description":"El teletrabajo en 2025: las nuevas tendencias del home office ya forma parte de la estructura laboral de muchas empresas; no es una moda...","robots":{"index":"index","follow":"follow","max-snippet":"max-snippet:-1","max-image-preview":"max-image-preview:large","max-video-preview":"max-video-preview:-1"},"canonical":"http:\/\/universofamilia.com\/cs\/el-teletrabajo-en-2025-las-nuevas-tendencias-del-home-office\/","og_locale":"cs_CZ","og_type":"article","og_title":"El teletrabajo en 2025: las nuevas tendencias del home office - Universo Fam\u00edlia","og_description":"El teletrabajo en 2025: las nuevas tendencias del home office ya forma parte de la estructura laboral de muchas empresas; no es una moda...","og_url":"http:\/\/universofamilia.com\/cs\/el-teletrabajo-en-2025-las-nuevas-tendencias-del-home-office\/","og_site_name":"Universo Fam\u00edlia","article_published_time":"2025-10-10T20:48:08+00:00","article_modified_time":"2025-10-15T19:09:34+00:00","og_image":[{"width":450,"height":250,"url":"http:\/\/universofamilia.com\/wp-content\/uploads\/sites\/148\/2025\/10\/Destaque-Universo-3-1.jpg","type":"image\/jpeg"}],"author":"Matheus Sangaletti","twitter_card":"summary_large_image","twitter_misc":{"Written by":"Matheus Sangaletti","Est. reading time":"8 minut"},"schema":{"@context":"https:\/\/schema.org","@graph":[{"@type":"WebPage","@id":"http:\/\/universofamilia.com\/pt_pt\/el-teletrabajo-en-2025-las-nuevas-tendencias-del-home-office\/","url":"http:\/\/universofamilia.com\/pt_pt\/el-teletrabajo-en-2025-las-nuevas-tendencias-del-home-office\/","name":"El teletrabajo en 2025: las nuevas tendencias del home office - Universo Fam\u00edlia","isPartOf":{"@id":"https:\/\/universofamilia.com\/el\/#website"},"primaryImageOfPage":{"@id":"http:\/\/universofamilia.com\/pt_pt\/el-teletrabajo-en-2025-las-nuevas-tendencias-del-home-office\/#primaryimage"},"image":{"@id":"http:\/\/universofamilia.com\/pt_pt\/el-teletrabajo-en-2025-las-nuevas-tendencias-del-home-office\/#primaryimage"},"thumbnailUrl":"https:\/\/universofamilia.com\/wp-content\/uploads\/sites\/148\/2025\/10\/Destaque-Universo-3-1.jpg","datePublished":"2025-10-10T20:48:08+00:00","dateModified":"2025-10-15T19:09:34+00:00","author":{"@id":"https:\/\/universofamilia.com\/el\/#\/schema\/person\/92fcd07e9b1f4323bf74f3170fc0f78a"},"description":"El teletrabajo en 2025: las nuevas tendencias del home office ya forma parte de la estructura laboral de muchas empresas; no es una moda...","breadcrumb":{"@id":"http:\/\/universofamilia.com\/pt_pt\/el-teletrabajo-en-2025-las-nuevas-tendencias-del-home-office\/#breadcrumb"},"inLanguage":"cs","potentialAction":[{"@type":"ReadAction","target":["http:\/\/universofamilia.com\/pt_pt\/el-teletrabajo-en-2025-las-nuevas-tendencias-del-home-office\/"]}]},{"@type":"ImageObject","inLanguage":"cs","@id":"http:\/\/universofamilia.com\/pt_pt\/el-teletrabajo-en-2025-las-nuevas-tendencias-del-home-office\/#primaryimage","url":"https:\/\/universofamilia.com\/wp-content\/uploads\/sites\/148\/2025\/10\/Destaque-Universo-3-1.jpg","contentUrl":"https:\/\/universofamilia.com\/wp-content\/uploads\/sites\/148\/2025\/10\/Destaque-Universo-3-1.jpg","width":450,"height":250,"caption":"Trabalho remoto em 2025: as novas tend\u00eancias do home office"},{"@type":"BreadcrumbList","@id":"http:\/\/universofamilia.com\/pt_pt\/el-teletrabajo-en-2025-las-nuevas-tendencias-del-home-office\/#breadcrumb","itemListElement":[{"@type":"ListItem","position":1,"name":"Home","item":"https:\/\/universofamilia.com\/el\/"},{"@type":"ListItem","position":2,"name":"El teletrabajo en 2025: las nuevas tendencias del home office"}]},{"@type":"WebSite","@id":"https:\/\/universofamilia.com\/el\/#website","url":"https:\/\/universofamilia.com\/el\/","name":"Universo Fam\u00edlia","description":"","potentialAction":[{"@type":"SearchAction","target":{"@type":"EntryPoint","urlTemplate":"https:\/\/universofamilia.com\/el\/?s={search_term_string}"},"query-input":"required name=search_term_string"}],"inLanguage":"cs"},{"@type":"Person","@id":"https:\/\/universofamilia.com\/el\/#\/schema\/person\/92fcd07e9b1f4323bf74f3170fc0f78a","name":"Matheus Sangaletti","image":{"@type":"ImageObject","inLanguage":"cs","@id":"https:\/\/universofamilia.com\/el\/#\/schema\/person\/image\/","url":"https:\/\/secure.gravatar.com\/avatar\/280ea957a14a48e6a1ad2133d2cc27c9?s=96&d=mm&r=g","contentUrl":"https:\/\/secure.gravatar.com\/avatar\/280ea957a14a48e6a1ad2133d2cc27c9?s=96&d=mm&r=g","caption":"Matheus Sangaletti"},"url":"https:\/\/universofamilia.com\/cs\/author\/matheuss\/"}]}},"_links":{"self":[{"href":"https:\/\/universofamilia.com\/cs\/wp-json\/wp\/v2\/posts\/9970"}],"collection":[{"href":"https:\/\/universofamilia.com\/cs\/wp-json\/wp\/v2\/posts"}],"about":[{"href":"https:\/\/universofamilia.com\/cs\/wp-json\/wp\/v2\/types\/post"}],"author":[{"embeddable":true,"href":"https:\/\/universofamilia.com\/cs\/wp-json\/wp\/v2\/users\/219"}],"replies":[{"embeddable":true,"href":"https:\/\/universofamilia.com\/cs\/wp-json\/wp\/v2\/comments?post=9970"}],"version-history":[{"count":4,"href":"https:\/\/universofamilia.com\/cs\/wp-json\/wp\/v2\/posts\/9970\/revisions"}],"predecessor-version":[{"id":10159,"href":"https:\/\/universofamilia.com\/cs\/wp-json\/wp\/v2\/posts\/9970\/revisions\/10159"}],"wp:featuredmedia":[{"embeddable":true,"href":"https:\/\/universofamilia.com\/cs\/wp-json\/wp\/v2\/media\/9992"}],"wp:attachment":[{"href":"https:\/\/universofamilia.com\/cs\/wp-json\/wp\/v2\/media?parent=9970"}],"wp:term":[{"taxonomy":"category","embeddable":true,"href":"https:\/\/universofamilia.com\/cs\/wp-json\/wp\/v2\/categories?post=9970"},{"taxonomy":"post_tag","embeddable":true,"href":"https:\/\/universofamilia.com\/cs\/wp-json\/wp\/v2\/tags?post=9970"}],"curies":[{"name":"wp","href":"https:\/\/api.w.org\/{rel}","templated":true}]}}