{"id":10073,"date":"2025-10-13T12:50:28","date_gmt":"2025-10-13T15:50:28","guid":{"rendered":"https:\/\/universofamilia.com\/?p=10073"},"modified":"2025-10-16T15:40:53","modified_gmt":"2025-10-16T18:40:53","slug":"ambiental","status":"publish","type":"post","link":"https:\/\/universofamilia.com\/da\/ambiental\/","title":{"rendered":"10 b\u00e6redygtige tiltag til at reducere milj\u00f8krisen"},"content":{"rendered":"<p class=\"has-text-align-center\">De <strong>10 b\u00e6redygtige tiltag til at mindske virkningerne af milj\u00f8krisen<\/strong> er blevet en presserende prioritet for menneskeheden.<\/p>\n\n\n\n<figure class=\"wp-block-gallery aligncenter has-nested-images columns-default is-cropped wp-block-gallery-1 is-layout-flex wp-block-gallery-is-layout-flex\">\n<figure class=\"wp-block-image size-full\"><img loading=\"lazy\" decoding=\"async\" width=\"450\" height=\"250\" data-id=\"10075\" src=\"https:\/\/universofamilia.com\/wp-content\/uploads\/sites\/148\/2025\/10\/Destaque-Novo-Universo-2-1.jpg\" alt=\"\" class=\"wp-image-10075\" srcset=\"https:\/\/universofamilia.com\/wp-content\/uploads\/sites\/148\/2025\/10\/Destaque-Novo-Universo-2-1.jpg 450w, https:\/\/universofamilia.com\/wp-content\/uploads\/sites\/148\/2025\/10\/Destaque-Novo-Universo-2-1-300x167.jpg 300w, https:\/\/universofamilia.com\/wp-content\/uploads\/sites\/148\/2025\/10\/Destaque-Novo-Universo-2-1-18x10.jpg 18w\" sizes=\"(max-width: 450px) 100vw, 450px\" \/><figcaption class=\"wp-element-caption\">CANVA<\/figcaption><\/figure>\n<\/figure>\n\n\n\n<p>Milj\u00f8forringelse, tab af biodiversitet og klimaforandringer er ikke l\u00e6ngere fremtidens problemer; deres virkninger p\u00e5virker dagligdagen for millioner af mennesker i Mexico og resten af verden.<\/p>\n\n\n\n<p>Fra langvarige t\u00f8rkeperioder til ekstreme hedeb\u00f8lger bliver tegnene p\u00e5 milj\u00f8krisen synlige i vores byer og landdistrikter.<\/p>\n\n\n\n<p>At indf\u00f8re b\u00e6redygtige vaner beskytter ikke kun planeten, men forbedrer ogs\u00e5 livskvaliteten, styrker lokale \u00f8konomier og reducerer sundhedsrisici.<\/p>\n\n\n\n<p>Denne artikel tilbyder en praktisk og velfunderet tilgang, der viser, hvordan individuelle og kollektive beslutninger kan g\u00f8re en forskel.<\/p>\n\n\n\n<p><strong>Oversigt:<\/strong><\/p>\n\n\n\n<ol>\n<li>B\u00e6redygtighedens hastende behov i 2025<\/li>\n\n\n\n<li>De 10 vigtigste b\u00e6redygtige handlinger og hvordan man anvender dem<\/li>\n\n\n\n<li>Aktuelle og virkelige eksempler p\u00e5 implementering<\/li>\n\n\n\n<li>\u00d8konomiske, sociale og milj\u00f8m\u00e6ssige fordele ved b\u00e6redygtighed<\/li>\n\n\n\n<li>Hvordan man effektivt integrerer disse handlinger i hverdagen<\/li>\n\n\n\n<li>Konklusion og ofte stillede sp\u00f8rgsm\u00e5l<\/li>\n<\/ol>\n\n\n\n<h3 class=\"wp-block-heading\"><strong>B\u00e6redygtighedens hastende behov i 2025<\/strong><\/h3>\n\n\n\n<p>Hastigheden af milj\u00f8forringelsen har n\u00e5et alarmerende niveauer. If\u00f8lge <em>Global milj\u00f8tilstandsrapport 2024<\/em> af FN, <strong>Mere end 75% af de terrestriske \u00f8kosystemer er betydeligt \u00e6ndrede<\/strong>, og havene oplever historiske niveauer af plastik- og CO\u2082-forurening.<\/p>\n\n\n\n<p>Derudover forventes den globale temperatur at stige med gennemsnitligt 1,5 \u00b0C inden udgangen af 2030 uden \u00f8jeblikkelig handling.<\/p>\n\n\n\n<p>For at forst\u00e5 dette bedre, forestil dig planeten som en levende organisme: enhver menneskelig handling kan v\u00e6re medicin eller gift.<\/p>\n\n\n\n<p>Overdreven udledning, skovrydning og voldsomt forbrug sv\u00e6kker deres vitale systemer, hvilket p\u00e5virker sundhed, f\u00f8devaresikkerhed og \u00f8konomisk stabilitet.<\/p>\n\n\n\n<p>B\u00e6redygtighed er ikke bare et ideal; det er en overlevelsesstrategi.<\/p>\n\n\n\n<p>I Mexico er virkningerne tydelige:<\/p>\n\n\n\n<ul>\n<li>Mexico City og Monterrey st\u00e5r over for hedeb\u00f8lger med temperaturer over 40\u00b0C, hvilket p\u00e5virker millioner af indbyggere.<\/li>\n\n\n\n<li>I Oaxaca og Chiapas st\u00e5r landbruget over for tab af h\u00f8st p\u00e5 op til 20 % p\u00e5 grund af langvarig t\u00f8rke og \u00e6ndringer i nedb\u00f8rsm\u00f8nstre.<\/li>\n\n\n\n<li>Luftforurening i industribyer for\u00e5rsager luftvejssygdomme, der is\u00e6r rammer b\u00f8rn og \u00e6ldre voksne.<\/li>\n<\/ul>\n\n\n\n<p>Stillet over for denne virkelighed, <strong>10 b\u00e6redygtige tiltag til at mindske virkningerne af milj\u00f8krisen<\/strong> De er ikke valgfrie; de er n\u00f8dvendige for at beskytte liv og \u00f8kosystemer.<\/p>\n\n\n\n<h3 class=\"wp-block-heading\"><strong>10 b\u00e6redygtige tiltag til at mindske virkningerne af milj\u00f8krisen<\/strong><\/h3>\n\n\n\n<p>Nedenfor er konkrete strategier med opdateret information, eksempler fra det virkelige liv og praktiske anbefalinger til at integrere dem i hverdagen.<\/p>\n\n\n\n<h4 class=\"wp-block-heading\"><strong>Reducer energiforbruget<\/strong><\/h4>\n\n\n\n<p>Overdreven energiforbrug bidrager betydeligt til CO\u2082-udledning.<\/p>\n\n\n\n<p>Sm\u00e5 handlinger, s\u00e5som at udskifte gl\u00f8dep\u00e6rer med LED-p\u00e6rer, tage stikket ud af apparater, n\u00e5r de ikke er i brug, og v\u00e6lge energieffektive apparater, kan reducere et hjems CO2-aftryk betydeligt.<\/p>\n\n\n\n<p>I Mexico City har energieffektivitetsprogrammer muliggjort mere end <strong>500.000 husstande<\/strong> reducere deres elforbrug med gennemsnitligt 15 % \u00e5rligt, hvilket genererer \u00f8konomiske besparelser og reducerer forurening.<\/p>\n\n\n\n<h4 class=\"wp-block-heading\"><strong>B\u00e6redygtig mobilitet<\/strong><\/h4>\n\n\n\n<p>At v\u00e6lge offentlig transport, cykler eller elbiler reducerer ikke kun forurenende udledninger, men forbedrer ogs\u00e5 kvaliteten af bylivet.<\/p>\n\n\n\n<p>Byer som Guadalajara og Monterrey har implementeret cykelstier og elektriske transportsystemer, der gavner mere end 1,5 millioner mennesker dagligt.<\/p>\n\n\n\n<p>Derudover reducerer b\u00e6redygtig mobilitet trafikken, reducerer ulykker og fremmer sunde vaner.<\/p>\n\n\n\n<p>Kan du forestille dig en dag i livet, hvor gang eller cykling bliver normen snarere end undtagelsen?<\/p>\n\n\n\n<h4 class=\"wp-block-heading\"><strong>Bevidst spisning<\/strong><\/h4>\n\n\n\n<p>F\u00f8devareproduktion, is\u00e6r k\u00f8d og mejeriprodukter, er ansvarlig for cirka 25.% af de globale drivhusgasemissioner.<\/p>\n\n\n\n<p>At reducere k\u00f8dforbruget, v\u00e6lge lokale og s\u00e6sonbestemte produkter og prioritere gr\u00f8ntsagsafgr\u00f8der er med til at reducere presset p\u00e5 \u00f8kosystemerne og styrke lokalsamfundenes \u00f8konomier.<\/p>\n\n\n\n<p>I Michoac\u00e1n har lokale landm\u00e6nd taget diversificerede afgr\u00f8der og \u00f8kologiske teknikker i brug, hvilket \u00f8ger gr\u00f8ntsagsproduktionen med 30 % og reducerer brugen af kemiske pesticider.<\/p>\n\n\n\n<h4 class=\"wp-block-heading\"><strong>Ansvarlig vandforvaltning<\/strong><\/h4>\n\n\n\n<p>Vand er en begr\u00e6nset ressource, og effektiv forvaltning heraf er afg\u00f8rende. Installation af vandbesparende anordninger, opsamling af regnvand og reparation af l\u00e6kager er grundl\u00e6ggende, men effektive foranstaltninger.<\/p>\n\n\n\n<p>I Oaxaca er det lykkedes landdistrikterne at genoprette lokale grundvandsmagasiner gennem regnvandsopsamlingssystemer og lokalsamfundsuddannelse, hvilket forbedrer tilg\u00e6ngeligheden af drikkevand og sikrer landbrugets kontinuitet.<\/p>\n\n\n\n<h4 class=\"wp-block-heading\"><strong>Affaldsreduktion og genbrug<\/strong><\/h4>\n\n\n\n<p>Ved at sortere affald, kompostere organisk affald og genbruge materialer forhindres tonsvis af affald i at ender p\u00e5 lossepladser og i havene.<\/p>\n\n\n\n<p>If\u00f8lge <em>Sekretariatet for Milj\u00f8 og Naturressourcer (SEMARNAT)<\/em>, Mexico genererer mere end <strong>45 millioner tons fast affald om \u00e5ret<\/strong>, hvoraf kun 12 % genbruges. Implementering af sorterings- og komposteringspolitikker kan vende denne tendens.<\/p>\n\n\n\n<h4 class=\"wp-block-heading\"><strong>Vedvarende energi<\/strong><\/h4>\n\n\n\n<p>Energiomstillingen er n\u00f8glen til at mindske afh\u00e6ngigheden af fossile br\u00e6ndstoffer.<\/p>\n\n\n\n<p>Installation af solpaneler, sm\u00e5 vindm\u00f8ller og effektive varmesystemer bidrager betydeligt til at reducere emissioner.<\/p>\n\n\n\n<p>I 2024 indviede Mexico en af de st\u00f8rste solcelleparker i Latinamerika i Sonora, der er i stand til at forsyne mere end en million hjem og undg\u00e5 udledning af mere end <strong>400.000 tons CO\u2082<\/strong> \u00e5rlig.<\/p>\n\n\n\n<h4 class=\"wp-block-heading\"><strong>Genplantning af skov og pleje af gr\u00f8nne omr\u00e5der<\/strong><\/h4>\n\n\n\n<p>Skove og gr\u00f8nne omr\u00e5der regulerer klimaet, opsamler CO\u2082 og beskytter biodiversiteten.<\/p>\n\n\n\n<p>Plantning af tr\u00e6er og bevarelse af eksisterende skove er en direkte handling mod milj\u00f8forringelse.<\/p>\n\n\n\n<p>Et projekt i Chiapas har plantet mere end 1 million tr\u00e6er i skovryddede omr\u00e5der siden 2022, hvilket har genoprettet levesteder for hjemmeh\u00f8rende arter og forbedret luftkvaliteten i n\u00e6rliggende samfund.<\/p>\n\n\n\n<h4 class=\"wp-block-heading\"><strong>Ansvarligt forbrug<\/strong><\/h4>\n\n\n\n<p>At v\u00e6lge langtidsholdbare produkter, undg\u00e5 overskydende emballage og prioritere b\u00e6redygtige m\u00e6rker sender et budskab til markedet: b\u00e6redygtighed er rentabelt og efterspurgt af forbrugerne.<\/p>\n\n\n\n<p>Bevidst k\u00f8b reducerer ogs\u00e5 spild og fremmer den cirkul\u00e6re \u00f8konomi.<\/p>\n\n\n\n<h4 class=\"wp-block-heading\"><strong>Milj\u00f8undervisning<\/strong><\/h4>\n\n\n\n<p>Formidling af viden om milj\u00f8p\u00e5virkning, fra skoler til lokalsamfund, \u00f8ger bevidstheden og motiverer til kollektiv handling.<\/p>\n\n\n\n<p>Workshops, uddannelseskampagner og sociale medier er vigtige v\u00e6rkt\u00f8jer til at mangedoble effekten af individuelle handlinger.<\/p>\n\n\n\n<h4 class=\"wp-block-heading\"><strong>Borgerdeltagelse og politisk deltagelse<\/strong><\/h4>\n\n\n\n<p>At stemme for gr\u00f8nne politikker, st\u00f8tte lokale initiativer og holde virksomheder og regeringer ansvarlige sikrer, at strategiske beslutninger prioriterer b\u00e6redygtighed.<\/p>\n\n\n\n<p>Socialt pres kan fremskynde indf\u00f8relsen af ren energi, genbrugslove og milj\u00f8beskyttelsesprogrammer.<\/p>\n\n\n\n<h3 class=\"wp-block-heading\"><strong>Aktuelle og virkelige eksempler p\u00e5 implementering<\/strong><\/h3>\n\n\n\n<p><strong>Eksempel 1:<\/strong> I Quer\u00e9taro implementerede et landbrugskooperativ regenerative landbrugsteknikker i 2024.<\/p>\n\n\n\n<p>Dette \u00f8gede udbyttet af majs og b\u00f8nner med 20 %, forbedrede den lokale biodiversitet og reducerede jorderosion, hvilket viser, at b\u00e6redygtighed kan v\u00e6re b\u00e5de rentabelt og effektivt.<\/p>\n\n\n\n<p><strong>Eksempel 2:<\/strong> I Guadalajara \u00f8gede introduktionen af elektrisk transport og cykelstier den b\u00e6redygtige mobilitet med 35 % p\u00e5 mindre end tre \u00e5r, hvilket reducerede byforurening og forbedrede borgernes sundhed.<\/p>\n\n\n\n<p>Disse eksempler bekr\u00e6fter, at <strong>10 b\u00e6redygtige tiltag til at mindske virkningerne af milj\u00f8krisen<\/strong> De er ikke utopier; de er levedygtige strategier med verificerbare resultater.<\/p>\n\n\n\n<h3 class=\"wp-block-heading\"><strong>\u00d8konomiske, sociale og milj\u00f8m\u00e6ssige fordele ved b\u00e6redygtighed<\/strong><\/h3>\n\n\n\n<p>At anvende b\u00e6redygtige metoder giver flere fordele:<\/p>\n\n\n\n<ul>\n<li><strong>\u00d8konomisk:<\/strong> energi- og vandbesparelser, skabelse af gr\u00f8nne job og styrkelse af lokale \u00f8konomier.<\/li>\n\n\n\n<li><strong>Social:<\/strong> mere modstandsdygtige samfund, mindre eksponering for milj\u00f8sygdomme og st\u00f8rre social samh\u00f8righed.<\/li>\n\n\n\n<li><strong>Milj\u00f8m\u00e6ssigt:<\/strong> emissionsreduktion, bevarelse af biodiversitet og afb\u00f8dning af klimaforandringer.<\/li>\n<\/ul>\n\n\n\n<figure class=\"wp-block-table\"><table><thead><tr><th>B\u00e6redygtig handling<\/th><th>Hovedfordel<\/th><th>Eksempel i Mexico<\/th><\/tr><\/thead><tbody><tr><td>Energireduktion<\/td><td>Mindre CO2-aftryk<\/td><td>LED-p\u00e6rer i byhjem<\/td><\/tr><tr><td>B\u00e6redygtig mobilitet<\/td><td>Renere luft<\/td><td>Cykelstier og elektrisk transport<\/td><\/tr><tr><td>Bevidst spisning<\/td><td>F\u00e6rre landbrugsemissioner<\/td><td>Lokalt landbrug og b\u00e6lgplanteforbrug<\/td><\/tr><tr><td>Vandforvaltning<\/td><td>Vandtilg\u00e6ngelighed<\/td><td>Regnvandsopsamling i Oaxaca<\/td><\/tr><tr><td>Genplantning af skov<\/td><td>Bevarelse af biodiversitet<\/td><td>Tr\u00e6plantning i Chiapas<\/td><\/tr><\/tbody><\/table><figcaption class=\"wp-element-caption\">10 b\u00e6redygtige tiltag til at mindske virkningerne af milj\u00f8krisen<\/figcaption><\/figure>\n\n\n\n<figure class=\"wp-block-gallery aligncenter has-nested-images columns-default is-cropped wp-block-gallery-2 is-layout-flex wp-block-gallery-is-layout-flex\">\n<figure class=\"wp-block-image size-full\"><img loading=\"lazy\" decoding=\"async\" width=\"450\" height=\"250\" data-id=\"10076\" src=\"https:\/\/universofamilia.com\/wp-content\/uploads\/sites\/148\/2025\/10\/Destaque-Novo-Universo-4.jpg\" alt=\"\" class=\"wp-image-10076\" srcset=\"https:\/\/universofamilia.com\/wp-content\/uploads\/sites\/148\/2025\/10\/Destaque-Novo-Universo-4.jpg 450w, https:\/\/universofamilia.com\/wp-content\/uploads\/sites\/148\/2025\/10\/Destaque-Novo-Universo-4-300x167.jpg 300w, https:\/\/universofamilia.com\/wp-content\/uploads\/sites\/148\/2025\/10\/Destaque-Novo-Universo-4-18x10.jpg 18w\" sizes=\"(max-width: 450px) 100vw, 450px\" \/><figcaption class=\"wp-element-caption\">CANVA<\/figcaption><\/figure>\n<\/figure>\n\n\n\n<p>L\u00e6s mere:&nbsp;<a href=\"https:\/\/universofamilia.com\/da\/crisis-climatica-global\/\">Global klimakrise: Konsekvenserne p\u00e5virker allerede millioner<\/a><\/p>\n\n\n\n<h3 class=\"wp-block-heading\"><strong>Hvordan man integrerer disse handlinger i hverdagen<\/strong><\/h3>\n\n\n\n<p>Integration af disse handlinger kr\u00e6ver engagement og konsekvens. Du kan:<\/p>\n\n\n\n<ul>\n<li>Gennemg\u00e5 energiforbrugsvaner og reducer spild.<\/li>\n\n\n\n<li>V\u00e6lg b\u00e6redygtig transport og g\u00e5, n\u00e5r det er muligt.<\/li>\n\n\n\n<li>K\u00f8b lokale og s\u00e6sonbestemte produkter, reducer udledninger og st\u00f8t producenterne.<\/li>\n\n\n\n<li>Deltag i lokalsamfundets genbrugs- og skovplantningsprogrammer.<\/li>\n\n\n\n<li>Uddan familie og venner, og multiplicer effekten af dine handlinger.<\/li>\n<\/ul>\n\n\n\n<p>Sp\u00f8rg dig selv: <strong>Hvad ville der ske, hvis millioner af mennesker vedtog disse tiltag samtidig?<\/strong> Svaret viser styrken ved kollektiv handling mod klimaforandringer.<\/p>\n\n\n\n<h3 class=\"wp-block-heading\"><strong>Konklusion<\/strong><\/h3>\n\n\n\n<p>Implementer <strong>10 b\u00e6redygtige tiltag til at mindske virkningerne af milj\u00f8krisen<\/strong> Det er ikke kun en milj\u00f8pligt, men en investering i vores fremtid.<\/p>\n\n\n\n<p>Videnskabelige beviser, lokale eksempler og klimaforandringernes presserende karakter viser, at hver enkelt handling t\u00e6ller.<\/p>\n\n\n\n<p><a href=\"https:\/\/universofamilia.com\/da\/inteligencia-artificial-y-politica\/\">Adopter<\/a> B\u00e6redygtige praksisser styrker samfundets modstandsdygtighed, beskytter \u00f8kosystemer og sikrer en sundere fremtid.<\/p>\n\n\n\n<p>Udfordringen er global, men l\u00f8sningen kan ogs\u00e5 v\u00e6re: viden, samarbejde og bevidst handling er v\u00e6rkt\u00f8jerne til at opbygge en b\u00e6redygtig, retf\u00e6rdig og modstandsdygtig verden.<\/p>\n\n\n\n<p>L\u00e6s mere:&nbsp;<a href=\"https:\/\/universofamilia.com\/da\/los-paises-mas-avanzados-en-regulacion-de-ia-en-2025\/\">De mest avancerede lande inden for AI-regulering i 2025<\/a><\/p>\n\n\n\n<h3 class=\"wp-block-heading\"><strong>Ofte stillede sp\u00f8rgsm\u00e5l<\/strong><\/h3>\n\n\n\n<p><strong>1. Hvorfor er det vigtigt at handle nu?<\/strong><br>Milj\u00f8forringelse og klimaforandringer skrider hurtigt frem og p\u00e5virker sundhed, \u00f8konomi og f\u00f8devaresikkerhed. Enhver \u00f8jeblikkelig handling har en kumulativ positiv effekt.<\/p>\n\n\n\n<p><strong>2. Hvilken handling har den st\u00f8rste effekt?<\/strong><br>Det afh\u00e6nger af konteksten, men b\u00e6redygtig mobilitet, vedvarende energi og affaldsh\u00e5ndtering genererer ofte hurtige og m\u00e5lbare fordele.<\/p>\n\n\n\n<p><strong>3. Hvordan involverer man lokalsamfundet?<\/strong><br>Organiser workshops, deltag i lokale projekter, og del information om b\u00e6redygtighed p\u00e5 sociale medier og i skoler.<\/p>\n\n\n\n<p><strong>4. Er det dyrt at v\u00e6re b\u00e6redygtig?<\/strong><br>Nogle tiltag kr\u00e6ver en initial investering, men genererer besparelser samt milj\u00f8m\u00e6ssige og sociale fordele p\u00e5 mellemlang og lang sigt.<\/p>\n\n\n\n<p><strong>5. Hvad skal man g\u00f8re, hvis regeringen ikke fremmer gr\u00f8nne politikker?<\/strong><br>Individuel og kollektiv handling forbliver effektiv. <\/p>\n\n\n\n<p>St\u00f8tte til lokalsamfundsinitiativer og ansvarlige virksomheder kan kompensere for manglen p\u00e5 umiddelbare offentlige politikker.<\/p>","protected":false},"excerpt":{"rendered":"<p>Las 10 acciones sustentables para reducir los efectos de la crisis ambiental se han convertido en una prioridad urgente para la humanidad. La degradaci\u00f3n ambiental, la p\u00e9rdida de biodiversidad y el cambio clim\u00e1tico ya no son problemas futuros; sus efectos impactan la vida cotidiana de millones de personas en M\u00e9xico y el mundo. Desde sequ\u00edas [&hellip;]<\/p>","protected":false},"author":219,"featured_media":10074,"comment_status":"closed","ping_status":"open","sticky":false,"template":"","format":"standard","meta":{"footnotes":""},"categories":[4],"tags":[],"yoast_head":"<!-- This site is optimized with the Yoast SEO plugin v23.3 - https:\/\/yoast.com\/wordpress\/plugins\/seo\/ -->\n<title>10 acciones sustentables para reducir la crisis ambiental - Universo Fam\u00edlia<\/title>\n<meta name=\"description\" content=\"Las 10 acciones sustentables para reducir los efectos de la crisis ambiental se han convertido en una prioridad urgente para la humanidad.\" \/>\n<meta name=\"robots\" content=\"index, follow, max-snippet:-1, max-image-preview:large, max-video-preview:-1\" \/>\n<link rel=\"canonical\" href=\"https:\/\/universofamilia.com\/da\/ambiental\/\" \/>\n<meta property=\"og:locale\" content=\"da_DK\" \/>\n<meta property=\"og:type\" content=\"article\" \/>\n<meta property=\"og:title\" content=\"10 acciones sustentables para reducir la crisis ambiental - Universo Fam\u00edlia\" \/>\n<meta property=\"og:description\" content=\"Las 10 acciones sustentables para reducir los efectos de la crisis ambiental se han convertido en una prioridad urgente para la humanidad.\" \/>\n<meta property=\"og:url\" content=\"https:\/\/universofamilia.com\/da\/ambiental\/\" \/>\n<meta property=\"og:site_name\" content=\"Universo Fam\u00edlia\" \/>\n<meta property=\"article:published_time\" content=\"2025-10-13T15:50:28+00:00\" \/>\n<meta property=\"article:modified_time\" content=\"2025-10-16T18:40:53+00:00\" \/>\n<meta property=\"og:image\" content=\"https:\/\/universofamilia.com\/wp-content\/uploads\/sites\/148\/2025\/10\/Destaque-Novo-Universo-2.jpg\" \/>\n\t<meta property=\"og:image:width\" content=\"450\" \/>\n\t<meta property=\"og:image:height\" content=\"250\" \/>\n\t<meta property=\"og:image:type\" content=\"image\/jpeg\" \/>\n<meta name=\"author\" content=\"Matheus Sangaletti\" \/>\n<meta name=\"twitter:card\" content=\"summary_large_image\" \/>\n<meta name=\"twitter:label1\" content=\"Written by\" \/>\n\t<meta name=\"twitter:data1\" content=\"Matheus Sangaletti\" \/>\n\t<meta name=\"twitter:label2\" content=\"Est. reading time\" \/>\n\t<meta name=\"twitter:data2\" content=\"10 minutter\" \/>\n<script type=\"application\/ld+json\" class=\"yoast-schema-graph\">{\"@context\":\"https:\/\/schema.org\",\"@graph\":[{\"@type\":\"WebPage\",\"@id\":\"https:\/\/universofamilia.com\/ko\/ambiental\/\",\"url\":\"https:\/\/universofamilia.com\/ko\/ambiental\/\",\"name\":\"10 acciones sustentables para reducir la crisis ambiental - Universo Fam\u00edlia\",\"isPartOf\":{\"@id\":\"https:\/\/universofamilia.com\/el\/#website\"},\"primaryImageOfPage\":{\"@id\":\"https:\/\/universofamilia.com\/ko\/ambiental\/#primaryimage\"},\"image\":{\"@id\":\"https:\/\/universofamilia.com\/ko\/ambiental\/#primaryimage\"},\"thumbnailUrl\":\"https:\/\/universofamilia.com\/wp-content\/uploads\/sites\/148\/2025\/10\/Destaque-Novo-Universo-2.jpg\",\"datePublished\":\"2025-10-13T15:50:28+00:00\",\"dateModified\":\"2025-10-16T18:40:53+00:00\",\"author\":{\"@id\":\"https:\/\/universofamilia.com\/el\/#\/schema\/person\/92fcd07e9b1f4323bf74f3170fc0f78a\"},\"description\":\"Las 10 acciones sustentables para reducir los efectos de la crisis ambiental se han convertido en una prioridad urgente para la humanidad.\",\"breadcrumb\":{\"@id\":\"https:\/\/universofamilia.com\/ko\/ambiental\/#breadcrumb\"},\"inLanguage\":\"da-DK\",\"potentialAction\":[{\"@type\":\"ReadAction\",\"target\":[\"https:\/\/universofamilia.com\/ko\/ambiental\/\"]}]},{\"@type\":\"ImageObject\",\"inLanguage\":\"da-DK\",\"@id\":\"https:\/\/universofamilia.com\/ko\/ambiental\/#primaryimage\",\"url\":\"https:\/\/universofamilia.com\/wp-content\/uploads\/sites\/148\/2025\/10\/Destaque-Novo-Universo-2.jpg\",\"contentUrl\":\"https:\/\/universofamilia.com\/wp-content\/uploads\/sites\/148\/2025\/10\/Destaque-Novo-Universo-2.jpg\",\"width\":450,\"height\":250},{\"@type\":\"BreadcrumbList\",\"@id\":\"https:\/\/universofamilia.com\/ko\/ambiental\/#breadcrumb\",\"itemListElement\":[{\"@type\":\"ListItem\",\"position\":1,\"name\":\"Home\",\"item\":\"https:\/\/universofamilia.com\/el\/\"},{\"@type\":\"ListItem\",\"position\":2,\"name\":\"10 acciones sustentables para reducir la crisis ambiental\"}]},{\"@type\":\"WebSite\",\"@id\":\"https:\/\/universofamilia.com\/el\/#website\",\"url\":\"https:\/\/universofamilia.com\/el\/\",\"name\":\"Universo Fam\u00edlia\",\"description\":\"\",\"potentialAction\":[{\"@type\":\"SearchAction\",\"target\":{\"@type\":\"EntryPoint\",\"urlTemplate\":\"https:\/\/universofamilia.com\/el\/?s={search_term_string}\"},\"query-input\":\"required name=search_term_string\"}],\"inLanguage\":\"da-DK\"},{\"@type\":\"Person\",\"@id\":\"https:\/\/universofamilia.com\/el\/#\/schema\/person\/92fcd07e9b1f4323bf74f3170fc0f78a\",\"name\":\"Matheus Sangaletti\",\"image\":{\"@type\":\"ImageObject\",\"inLanguage\":\"da-DK\",\"@id\":\"https:\/\/universofamilia.com\/el\/#\/schema\/person\/image\/\",\"url\":\"https:\/\/secure.gravatar.com\/avatar\/280ea957a14a48e6a1ad2133d2cc27c9?s=96&d=mm&r=g\",\"contentUrl\":\"https:\/\/secure.gravatar.com\/avatar\/280ea957a14a48e6a1ad2133d2cc27c9?s=96&d=mm&r=g\",\"caption\":\"Matheus Sangaletti\"},\"url\":\"https:\/\/universofamilia.com\/da\/author\/matheuss\/\"}]}<\/script>\n<!-- \/ Yoast SEO plugin. -->","yoast_head_json":{"title":"10 acciones sustentables para reducir la crisis ambiental - Universo Fam\u00edlia","description":"Las 10 acciones sustentables para reducir los efectos de la crisis ambiental se han convertido en una prioridad urgente para la humanidad.","robots":{"index":"index","follow":"follow","max-snippet":"max-snippet:-1","max-image-preview":"max-image-preview:large","max-video-preview":"max-video-preview:-1"},"canonical":"https:\/\/universofamilia.com\/da\/ambiental\/","og_locale":"da_DK","og_type":"article","og_title":"10 acciones sustentables para reducir la crisis ambiental - Universo Fam\u00edlia","og_description":"Las 10 acciones sustentables para reducir los efectos de la crisis ambiental se han convertido en una prioridad urgente para la humanidad.","og_url":"https:\/\/universofamilia.com\/da\/ambiental\/","og_site_name":"Universo Fam\u00edlia","article_published_time":"2025-10-13T15:50:28+00:00","article_modified_time":"2025-10-16T18:40:53+00:00","og_image":[{"width":450,"height":250,"url":"https:\/\/universofamilia.com\/wp-content\/uploads\/sites\/148\/2025\/10\/Destaque-Novo-Universo-2.jpg","type":"image\/jpeg"}],"author":"Matheus Sangaletti","twitter_card":"summary_large_image","twitter_misc":{"Written by":"Matheus Sangaletti","Est. reading time":"10 minutter"},"schema":{"@context":"https:\/\/schema.org","@graph":[{"@type":"WebPage","@id":"https:\/\/universofamilia.com\/ko\/ambiental\/","url":"https:\/\/universofamilia.com\/ko\/ambiental\/","name":"10 acciones sustentables para reducir la crisis ambiental - Universo Fam\u00edlia","isPartOf":{"@id":"https:\/\/universofamilia.com\/el\/#website"},"primaryImageOfPage":{"@id":"https:\/\/universofamilia.com\/ko\/ambiental\/#primaryimage"},"image":{"@id":"https:\/\/universofamilia.com\/ko\/ambiental\/#primaryimage"},"thumbnailUrl":"https:\/\/universofamilia.com\/wp-content\/uploads\/sites\/148\/2025\/10\/Destaque-Novo-Universo-2.jpg","datePublished":"2025-10-13T15:50:28+00:00","dateModified":"2025-10-16T18:40:53+00:00","author":{"@id":"https:\/\/universofamilia.com\/el\/#\/schema\/person\/92fcd07e9b1f4323bf74f3170fc0f78a"},"description":"Las 10 acciones sustentables para reducir los efectos de la crisis ambiental se han convertido en una prioridad urgente para la humanidad.","breadcrumb":{"@id":"https:\/\/universofamilia.com\/ko\/ambiental\/#breadcrumb"},"inLanguage":"da-DK","potentialAction":[{"@type":"ReadAction","target":["https:\/\/universofamilia.com\/ko\/ambiental\/"]}]},{"@type":"ImageObject","inLanguage":"da-DK","@id":"https:\/\/universofamilia.com\/ko\/ambiental\/#primaryimage","url":"https:\/\/universofamilia.com\/wp-content\/uploads\/sites\/148\/2025\/10\/Destaque-Novo-Universo-2.jpg","contentUrl":"https:\/\/universofamilia.com\/wp-content\/uploads\/sites\/148\/2025\/10\/Destaque-Novo-Universo-2.jpg","width":450,"height":250},{"@type":"BreadcrumbList","@id":"https:\/\/universofamilia.com\/ko\/ambiental\/#breadcrumb","itemListElement":[{"@type":"ListItem","position":1,"name":"Home","item":"https:\/\/universofamilia.com\/el\/"},{"@type":"ListItem","position":2,"name":"10 acciones sustentables para reducir la crisis ambiental"}]},{"@type":"WebSite","@id":"https:\/\/universofamilia.com\/el\/#website","url":"https:\/\/universofamilia.com\/el\/","name":"Universo Fam\u00edlia","description":"","potentialAction":[{"@type":"SearchAction","target":{"@type":"EntryPoint","urlTemplate":"https:\/\/universofamilia.com\/el\/?s={search_term_string}"},"query-input":"required name=search_term_string"}],"inLanguage":"da-DK"},{"@type":"Person","@id":"https:\/\/universofamilia.com\/el\/#\/schema\/person\/92fcd07e9b1f4323bf74f3170fc0f78a","name":"Matheus Sangaletti","image":{"@type":"ImageObject","inLanguage":"da-DK","@id":"https:\/\/universofamilia.com\/el\/#\/schema\/person\/image\/","url":"https:\/\/secure.gravatar.com\/avatar\/280ea957a14a48e6a1ad2133d2cc27c9?s=96&d=mm&r=g","contentUrl":"https:\/\/secure.gravatar.com\/avatar\/280ea957a14a48e6a1ad2133d2cc27c9?s=96&d=mm&r=g","caption":"Matheus Sangaletti"},"url":"https:\/\/universofamilia.com\/da\/author\/matheuss\/"}]}},"_links":{"self":[{"href":"https:\/\/universofamilia.com\/da\/wp-json\/wp\/v2\/posts\/10073"}],"collection":[{"href":"https:\/\/universofamilia.com\/da\/wp-json\/wp\/v2\/posts"}],"about":[{"href":"https:\/\/universofamilia.com\/da\/wp-json\/wp\/v2\/types\/post"}],"author":[{"embeddable":true,"href":"https:\/\/universofamilia.com\/da\/wp-json\/wp\/v2\/users\/219"}],"replies":[{"embeddable":true,"href":"https:\/\/universofamilia.com\/da\/wp-json\/wp\/v2\/comments?post=10073"}],"version-history":[{"count":2,"href":"https:\/\/universofamilia.com\/da\/wp-json\/wp\/v2\/posts\/10073\/revisions"}],"predecessor-version":[{"id":10170,"href":"https:\/\/universofamilia.com\/da\/wp-json\/wp\/v2\/posts\/10073\/revisions\/10170"}],"wp:featuredmedia":[{"embeddable":true,"href":"https:\/\/universofamilia.com\/da\/wp-json\/wp\/v2\/media\/10074"}],"wp:attachment":[{"href":"https:\/\/universofamilia.com\/da\/wp-json\/wp\/v2\/media?parent=10073"}],"wp:term":[{"taxonomy":"category","embeddable":true,"href":"https:\/\/universofamilia.com\/da\/wp-json\/wp\/v2\/categories?post=10073"},{"taxonomy":"post_tag","embeddable":true,"href":"https:\/\/universofamilia.com\/da\/wp-json\/wp\/v2\/tags?post=10073"}],"curies":[{"name":"wp","href":"https:\/\/api.w.org\/{rel}","templated":true}]}}