{"id":10165,"date":"2025-10-16T15:39:54","date_gmt":"2025-10-16T18:39:54","guid":{"rendered":"https:\/\/universofamilia.com\/?p=10165"},"modified":"2025-10-16T15:39:57","modified_gmt":"2025-10-16T18:39:57","slug":"elecciones-en-todo-el-mundo-en-2025-tendencias-y-retos","status":"publish","type":"post","link":"https:\/\/universofamilia.com\/da\/elecciones-en-todo-el-mundo-en-2025-tendencias-y-retos\/","title":{"rendered":"Valg verden over i 2025: tendenser og udfordringer"},"content":{"rendered":"<p class=\"has-text-align-center\">Fra f\u00f8rste afsnit: <strong>Valg verden over i 2025: tendenser og udfordringer<\/strong> Det er ikke bare en overskrift: den giver et levende \u00f8jebliksbillede af politiske konflikter, demokratiske innovationer og risici, der definerer den globale kurs.<\/p>\n\n\n\n<figure class=\"wp-block-gallery aligncenter has-nested-images columns-default is-cropped wp-block-gallery-1 is-layout-flex wp-block-gallery-is-layout-flex\">\n<figure class=\"wp-block-image size-full\"><img loading=\"lazy\" decoding=\"async\" width=\"450\" height=\"250\" data-id=\"10167\" src=\"https:\/\/universofamilia.com\/wp-content\/uploads\/sites\/148\/2025\/10\/Destaque-Novo-Universo-9-1.jpg\" alt=\"\" class=\"wp-image-10167\" srcset=\"https:\/\/universofamilia.com\/wp-content\/uploads\/sites\/148\/2025\/10\/Destaque-Novo-Universo-9-1.jpg 450w, https:\/\/universofamilia.com\/wp-content\/uploads\/sites\/148\/2025\/10\/Destaque-Novo-Universo-9-1-300x167.jpg 300w, https:\/\/universofamilia.com\/wp-content\/uploads\/sites\/148\/2025\/10\/Destaque-Novo-Universo-9-1-18x10.jpg 18w\" sizes=\"(max-width: 450px) 100vw, 450px\" \/><figcaption class=\"wp-element-caption\">CANVA<\/figcaption><\/figure>\n<\/figure>\n\n\n\n<p class=\"has-text-align-center\">Her er en m\u00e5lrettet analyse: Du vil forst\u00e5 de kr\u00e6fter, der former de nuv\u00e6rende valg, de mest presserende hindringer, og hvordan borgerne kan styrke deres repr\u00e6sentationssystemer.<\/p>\n\n\n\n<p><strong>Oversigt<\/strong><\/p>\n\n\n\n<ul>\n<li>Oversigt: Hvorfor 2025 er vigtigt<\/li>\n\n\n\n<li>Dominerende tendenser i valgprocesser<\/li>\n\n\n\n<li>Udfordringer, der truer den demokratiske legitimitet<\/li>\n\n\n\n<li>To illustrative tilf\u00e6lde<\/li>\n\n\n\n<li>Strategier til at beskytte trov\u00e6rdige valg<\/li>\n\n\n\n<li>Reflekterende konklusion<\/li>\n\n\n\n<li>Ofte stillede sp\u00f8rgsm\u00e5l<\/li>\n<\/ul>\n\n\n\n<h2 class=\"wp-block-heading\">Oversigt: Hvorfor 2025 er vigtigt<\/h2>\n\n\n\n<p>Dette \u00e5r markerer et vendepunkt: Efter massive valgperioder i 2023 og 2024 er forventningerne enten rettet mod konsolidering af fremskridt eller forv\u00e6rring af tilbageslag.<\/p>\n\n\n\n<p>Valgerne har oplevet et globalt fald i trov\u00e6rdigheden if\u00f8lge International IDEA Index, som registrerer det st\u00f8rste historiske fald i antallet af frie og retf\u00e6rdige valg i 2023.<\/p>\n\n\n\n<p>Ved n\u00e6sten 20 nylige nationale valg afviste mindst \u00e9n kandidat resultaterne.<\/p>\n\n\n\n<p>N\u00e5r du taler om <strong>Valg verden over i 2025: tendenser og udfordringer<\/strong>Du kr\u00e6ver ikke et optimistisk udsyn, men snarere en klar og kritisk vision: Du ved, at tilliden er undergravet, men ogs\u00e5 at der er plads til handling.<\/p>\n\n\n\n<h2 class=\"wp-block-heading\">Dominerende tendenser i valgprocesser<\/h2>\n\n\n\n<h3 class=\"wp-block-heading\">Digitalisering og nye afstemningsmetoder<\/h3>\n\n\n\n<p>Indf\u00f8relsen af digitale mekanismer s\u00e5som fjernafstemning, krypterede platforme og teknologiske revisioner intensiveres. <\/p>\n\n\n\n<p>En nylig unders\u00f8gelse foresl\u00e5r systemer baseret p\u00e5 <strong>blockchain<\/strong> at \u00f8ge gennemsigtigheden og reducere s\u00e5rbarheder.<\/p>\n\n\n\n<p>Dette teknologiske skift kan v\u00e6re en st\u00e6rk allieret, selvom det kr\u00e6ver robuste sikkerheds- og tilsynsforhold.<\/p>\n\n\n\n<h3 class=\"wp-block-heading\">Fald i deltagelse og \u00f8get sp\u00f8rgelyst<\/h3>\n\n\n\n<p>Den faldende deltagelsesprocent er et synligt symptom: det demokratiske marked mister k\u00f8bere.<\/p>\n\n\n\n<p>Fra 2008 til 2023 steg den globale gennemsnitlige valgdeltagelse fra 65,2 % i % til 55,5 % i %.<\/p>\n\n\n\n<p>Den forskel er ikke kun statistisk: den involverer tusindvis af stemmer, der ikke l\u00e6ngere f\u00f8ler sig repr\u00e6senteret.<\/p>\n\n\n\n<p>Valgenes trov\u00e6rdighed er under pres: IDEA-rapporten viser, at en tredjedel af v\u00e6lgerne i 2024 afgav stemme i lande med processer af lavere kvalitet end ved tidligere valg.<\/p>\n\n\n\n<h3 class=\"wp-block-heading\">Polarisering, digital manipulation og institutionel skr\u00f8belighed<\/h3>\n\n\n\n<p>M\u00e5lrettet propaganda, automatiserede kampagner, deepfakes og astroturfing lurer.<\/p>\n\n\n\n<p>I Europa er der dokumenteret tilf\u00e6lde, hvor brugen af algoritmer favoriserede specifikke kandidater og f\u00f8rte til delvis annullering af resultater.<\/p>\n\n\n\n<p>Denne konvergens af teknologi og politisk strid forvandler ethvert valg til en usynlig slagmark.<\/p>\n\n\n\n<p>I dette scenarie spiller valginstitutioner, uafh\u00e6ngige medier og revisioner en afg\u00f8rende rolle.<\/p>\n\n\n\n<h2 class=\"wp-block-heading\">Udfordringer, der truer den demokratiske legitimitet<\/h2>\n\n\n\n<h3 class=\"wp-block-heading\">Systemisk misinformation<\/h3>\n\n\n\n<p>Med sociale medier som en st\u00e6rk vektor kan spredningen af falske nyheder forvr\u00e6nge dagsordenen, polarisere samfund og sv\u00e6kke institutionel tillid.<\/p>\n\n\n\n<p>Dette er en stille, men d\u00f8delig fjende.<\/p>\n\n\n\n<h3 class=\"wp-block-heading\">Institutionel kapring og bl\u00f8d svindel<\/h3>\n\n\n\n<p>N\u00e5r det regerende parti manipulerer valgregler, kontrollerer uafh\u00e6ngige organer eller bruger statslige ressourcer til at gavne sig selv, er spillereglerne ulige.<\/p>\n\n\n\n<p>I Burundi resulterede parlamentsvalget i 2025 for eksempel i udelukkelse af oppositionen og en absolut sejr for det regerende parti.<\/p>\n\n\n\n<p>Et andet bem\u00e6rkelsesv\u00e6rdigt tilf\u00e6lde er Hviderusland: Pr\u00e6sident Lukashenko vandt mere end 85 % af stemmerne i et valg, der i vid udstr\u00e6kning beskrives som et fupvalg.<\/p>\n\n\n\n<p>Det er en metafor for valgsystemet, der er blevet til en ceremoni.<\/p>\n\n\n\n<h3 class=\"wp-block-heading\">Sociale huller og adgangshuller<\/h3>\n\n\n\n<p>Strukturel ulighed, mangel p\u00e5 tjenester, geografiske barrierer og et digitalt underskud marginaliserer hele dele af v\u00e6lgerkorpset. Hvis en borger ikke kan f\u00e5 information, registrere sig eller komme til et valgsted, bliver deres politiske rettigheder begr\u00e6nset.<\/p>\n\n\n\n<h3 class=\"wp-block-heading\">Valgvold og usikkerhed<\/h3>\n\n\n\n<p>I mange lande bliver kandidater truet, valgsteder angrebet, og demonstranter undertrykt.<\/p>\n\n\n\n<p>If\u00f8lge Freedom House forekom voldshandlinger, intimideringer eller aggression i mere end 40 territorier med nationale valg i 2024.<\/p>\n\n\n\n<p>Truslen er ikke hypotetisk: den har et ansigt, en virkning og reelle konsekvenser for opfattelsen af legitimitet.<\/p>\n\n\n\n<h2 class=\"wp-block-heading\">To illustrative eksempler<\/h2>\n\n\n\n<p><strong>Case 1: Ecuador 2025 (Latinamerika)<\/strong><br>Valget i Ecuador i februar-april 2025 viste en valgdeltagelse p\u00e5 82 % i %.<\/p>\n\n\n\n<p>Sp\u00f8rgsm\u00e5lene opst\u00e5r: hvad driver denne mobilisering trods den udbredte desillusionering?<\/p>\n\n\n\n<p>Faktorer, der n\u00e6vnes, omfatter h\u00f8j polarisering, tilstedev\u00e6relsen af medievenlige kandidater og aktiv samfundsbevidsthed. <\/p>\n\n\n\n<p>Det er et eksempel p\u00e5, at selv i ansp\u00e6ndte sammenh\u00e6nge kan kollektiv handling vende tendenser.<\/p>\n\n\n\n<p><strong>Case 2: Liechtenstein 2025 (Europa)<\/strong><br>I en langt mere institutionaliseret kontekst afholdt Liechtenstein parlamentsvalg med en valgdeltagelse p\u00e5 76,3.<\/p>\n\n\n\n<p>Resultatet var hverken spektakul\u00e6rt eller dramatisk, men det afspejler, at selv i mikrostater er processens kvalitet vigtig: gennemsigtighed, pluralisme og klare regler opretholder tilliden.<\/p>\n\n\n\n<p>Disse eksempler kontrasterer forskellige scenarier, et med strukturelle sp\u00e6ndinger i demokratiet og et andet med institutionel stabilitet, men begge bekr\u00e6fter, at <strong>Valg verden over i 2025: tendenser og udfordringer<\/strong> De opererer under forskellige realiteter.<\/p>\n\n\n\n<h2 class=\"wp-block-heading\">Strategier til at beskytte trov\u00e6rdige valg<\/h2>\n\n\n\n<h3 class=\"wp-block-heading\">Digital medborgeruddannelse<\/h3>\n\n\n\n<p>Uddanne offentligheden om mediekendskab, institutionel funktion, kildeverifikation og rapporteringskanaler.<\/p>\n\n\n\n<p>Hvis borgerne ved, hvordan svindel fungerer, reagerer de hurtigere.<\/p>\n\n\n\n<h3 class=\"wp-block-heading\">Inkluderende observation og uafh\u00e6ngige revisioner<\/h3>\n\n\n\n<p>Fremme lokale og internationale missioner, offentlig adgang til stemmeopt\u00e6lling, gennemsigtighedsrevisioner og deltagelse af civilsamfundsorganisationer.<\/p>\n\n\n\n<p>Kollektiv overv\u00e5gning fungerer som en afskr\u00e6kkende kontrol.<\/p>\n\n\n\n<h3 class=\"wp-block-heading\">Specifikke regler for digitale kampagner<\/h3>\n\n\n\n<p>S\u00e6t gr\u00e6nser for netv\u00e6rksfinansiering, kr\u00e6v algoritmisk gennemsigtighed, reguler brugen af AI i politisk propaganda og straf brugen af anonyme bots.<\/p>\n\n\n\n<p>Den digitale lovgivning skal holde trit med den teknologiske udvikling.<\/p>\n\n\n\n<h3 class=\"wp-block-heading\">Stemmeformidling<\/h3>\n\n\n\n<p>Indf\u00f8r mekanismer for tidlig afstemning, udvidede \u00e5bningstider, mobile valglokaler, afstemning i udlandet og fjern vilk\u00e5rlige registreringsbarrierer, s\u00e5 alle borgere kan ud\u00f8ve deres ret.<\/p>\n\n\n\n<h3 class=\"wp-block-heading\">Robust institutionel beskyttelse<\/h3>\n\n\n\n<p>S\u00f8rg for, at valgorganerne er autonome, tilstr\u00e6kkeligt finansierede og underlagt civilt tilsyn. Hvis de bliver fanget, kollapser hele processen.<\/p>\n\n\n\n<figure class=\"wp-block-gallery aligncenter has-nested-images columns-default is-cropped wp-block-gallery-2 is-layout-flex wp-block-gallery-is-layout-flex\">\n<figure class=\"wp-block-image size-full\"><img loading=\"lazy\" decoding=\"async\" width=\"450\" height=\"250\" data-id=\"10168\" src=\"https:\/\/universofamilia.com\/wp-content\/uploads\/sites\/148\/2025\/10\/Destaque-Novo-Universo-10.jpg\" alt=\"\" class=\"wp-image-10168\" srcset=\"https:\/\/universofamilia.com\/wp-content\/uploads\/sites\/148\/2025\/10\/Destaque-Novo-Universo-10.jpg 450w, https:\/\/universofamilia.com\/wp-content\/uploads\/sites\/148\/2025\/10\/Destaque-Novo-Universo-10-300x167.jpg 300w, https:\/\/universofamilia.com\/wp-content\/uploads\/sites\/148\/2025\/10\/Destaque-Novo-Universo-10-18x10.jpg 18w\" sizes=\"(max-width: 450px) 100vw, 450px\" \/><figcaption class=\"wp-element-caption\">CANVA<\/figcaption><\/figure>\n<\/figure>\n\n\n\n<p>L\u00e6s mere:\u00a0<a href=\"https:\/\/universofamilia.com\/da\/crisis-climatica-global\/\">Global klimakrise: Konsekvenserne p\u00e5virker allerede millioner<\/a><\/p>\n\n\n\n<h2 class=\"wp-block-heading\">Reflekterende konklusion<\/h2>\n\n\n\n<p>N\u00e5r du overvejer <strong>Valg verden over i 2025: tendenser og udfordringer<\/strong>, du st\u00e5r ikke over for en akademisk \u00f8velse: du st\u00e5r over for det kollektive ansvar for at forsvare rum for reel valgfrihed.<\/p>\n\n\n\n<p>Det er ikke nok blot at g\u00e5 til et valgsted; det er vigtigt at kr\u00e6ve integritet, \u00e5rv\u00e5genhed og retf\u00e6rdighed.<\/p>\n\n\n\n<p>Valg skal fortsat v\u00e6re et \u00f8jeblik, hvor borgernes stemme bestemmer, ikke simulerer den.<\/p>\n\n\n\n<p>Hvis du tillader magten at v\u00e6nne sig til at manipulere uden konsekvenser, er der ingen vej tilbage.<\/p>\n\n\n\n<p>Alligevel opbygger enhver reform, enhver observat\u00f8r, der kr\u00e6ver gennemsigtighed, og enhver nabo, der ford\u00f8mmer uregelm\u00e6ssigheder, barrieren mod autoritarisme.<\/p>\n\n\n\n<p>Og du? Vil du lade processen udfolde sig uden modstand, eller vil du ogs\u00e5 blive en aktiv vogter af den legitime stemme?<\/p>\n\n\n\n<p>L\u00e6s mere:\u00a0<a href=\"https:\/\/universofamilia.com\/da\/ambiental\/\">10 b\u00e6redygtige tiltag til at reducere milj\u00f8krisen<\/a><\/p>\n\n\n\n<h2 class=\"wp-block-heading\">Ofte stillede sp\u00f8rgsm\u00e5l<\/h2>\n\n\n\n<p><strong>Hvorfor er borgerdeltagelsen s\u00e5 lav i dag?<\/strong><br>Fordi mange mennesker ikke har tillid til politiske partier, f\u00f8ler, at deres stemme ikke betyder noget, mangler p\u00e5lidelig information eller st\u00e5r over for praktiske hindringer for at stemme.<\/p>\n\n\n\n<p><strong>Garanterer brugen af valgteknologi integritet?<\/strong><br>Ikke n\u00f8dvendigvis. Hvis det ikke ledsages af strenge revisioner, fuld gennemsigtighed og klare standarder, kan det skabe flere s\u00e5rbarheder end l\u00f8sninger.<\/p>\n\n\n\n<p><strong>I hvilke lande observeres alarmerende demokratiske tilbageslag?<\/strong><br>I adskillige st\u00e6rkt regerende stater som Hviderusland, Burundi og andre, hvor oppositionen systematisk udelukkes eller undertrykkes.<\/p>\n\n\n\n<p><strong>Hvordan kan borgere deltage i forsvaret af retf\u00e6rdige valg?<\/strong><br>Indberetning af uregelm\u00e6ssigheder, st\u00f8tte til observatorier, krav om adgang til valgdata, deltagelse i offentlige debatter og opfordring til juridiske reformer.<\/p>","protected":false},"excerpt":{"rendered":"<p>Desde el primer p\u00e1rrafo: Elecciones en todo el mundo en 2025: tendencias y retos no es solo un titular: implica una radiograf\u00eda viva de conflictos pol\u00edticos, innovaciones democr\u00e1ticas y riesgos que definen el rumbo global. Aqu\u00ed tienes un an\u00e1lisis con prop\u00f3sito: comprender\u00e1s qu\u00e9 fuerzas moldean los comicios actuales, cu\u00e1les son sus obst\u00e1culos m\u00e1s urgentes y [&hellip;]<\/p>","protected":false},"author":219,"featured_media":10166,"comment_status":"closed","ping_status":"open","sticky":false,"template":"","format":"standard","meta":{"footnotes":""},"categories":[4],"tags":[],"yoast_head":"<!-- This site is optimized with the Yoast SEO plugin v23.3 - https:\/\/yoast.com\/wordpress\/plugins\/seo\/ -->\n<title>Elecciones en todo el mundo en 2025: tendencias y retos - Universo Fam\u00edlia<\/title>\n<meta name=\"description\" content=\"Desde el primer p\u00e1rrafo: Elecciones en todo el mundo en 2025: tendencias y retos no es solo un titular: implica una radiograf\u00eda viva de...\" \/>\n<meta name=\"robots\" content=\"index, follow, max-snippet:-1, max-image-preview:large, max-video-preview:-1\" \/>\n<link rel=\"canonical\" href=\"http:\/\/universofamilia.com\/da\/elecciones-en-todo-el-mundo-en-2025-tendencias-y-retos\/\" \/>\n<meta property=\"og:locale\" content=\"da_DK\" \/>\n<meta property=\"og:type\" content=\"article\" \/>\n<meta property=\"og:title\" content=\"Elecciones en todo el mundo en 2025: tendencias y retos - Universo Fam\u00edlia\" \/>\n<meta property=\"og:description\" content=\"Desde el primer p\u00e1rrafo: Elecciones en todo el mundo en 2025: tendencias y retos no es solo un titular: implica una radiograf\u00eda viva de...\" \/>\n<meta property=\"og:url\" content=\"http:\/\/universofamilia.com\/da\/elecciones-en-todo-el-mundo-en-2025-tendencias-y-retos\/\" \/>\n<meta property=\"og:site_name\" content=\"Universo Fam\u00edlia\" \/>\n<meta property=\"article:published_time\" content=\"2025-10-16T18:39:54+00:00\" \/>\n<meta property=\"article:modified_time\" content=\"2025-10-16T18:39:57+00:00\" \/>\n<meta property=\"og:image\" content=\"http:\/\/universofamilia.com\/wp-content\/uploads\/sites\/148\/2025\/10\/Destaque-Novo-Universo-9.jpg\" \/>\n\t<meta property=\"og:image:width\" content=\"450\" \/>\n\t<meta property=\"og:image:height\" content=\"250\" \/>\n\t<meta property=\"og:image:type\" content=\"image\/jpeg\" \/>\n<meta name=\"author\" content=\"Matheus Sangaletti\" \/>\n<meta name=\"twitter:card\" content=\"summary_large_image\" \/>\n<meta name=\"twitter:label1\" content=\"Written by\" \/>\n\t<meta name=\"twitter:data1\" content=\"Matheus Sangaletti\" \/>\n\t<meta name=\"twitter:label2\" content=\"Est. reading time\" \/>\n\t<meta name=\"twitter:data2\" content=\"8 minutter\" \/>\n<script type=\"application\/ld+json\" class=\"yoast-schema-graph\">{\"@context\":\"https:\/\/schema.org\",\"@graph\":[{\"@type\":\"WebPage\",\"@id\":\"http:\/\/universofamilia.com\/zh_hk\/elecciones-en-todo-el-mundo-en-2025-tendencias-y-retos\/\",\"url\":\"http:\/\/universofamilia.com\/zh_hk\/elecciones-en-todo-el-mundo-en-2025-tendencias-y-retos\/\",\"name\":\"Elecciones en todo el mundo en 2025: tendencias y retos - Universo Fam\u00edlia\",\"isPartOf\":{\"@id\":\"https:\/\/universofamilia.com\/el\/#website\"},\"primaryImageOfPage\":{\"@id\":\"http:\/\/universofamilia.com\/zh_hk\/elecciones-en-todo-el-mundo-en-2025-tendencias-y-retos\/#primaryimage\"},\"image\":{\"@id\":\"http:\/\/universofamilia.com\/zh_hk\/elecciones-en-todo-el-mundo-en-2025-tendencias-y-retos\/#primaryimage\"},\"thumbnailUrl\":\"https:\/\/universofamilia.com\/wp-content\/uploads\/sites\/148\/2025\/10\/Destaque-Novo-Universo-9.jpg\",\"datePublished\":\"2025-10-16T18:39:54+00:00\",\"dateModified\":\"2025-10-16T18:39:57+00:00\",\"author\":{\"@id\":\"https:\/\/universofamilia.com\/el\/#\/schema\/person\/92fcd07e9b1f4323bf74f3170fc0f78a\"},\"description\":\"Desde el primer p\u00e1rrafo: Elecciones en todo el mundo en 2025: tendencias y retos no es solo un titular: implica una radiograf\u00eda viva de...\",\"breadcrumb\":{\"@id\":\"http:\/\/universofamilia.com\/zh_hk\/elecciones-en-todo-el-mundo-en-2025-tendencias-y-retos\/#breadcrumb\"},\"inLanguage\":\"da-DK\",\"potentialAction\":[{\"@type\":\"ReadAction\",\"target\":[\"http:\/\/universofamilia.com\/zh_hk\/elecciones-en-todo-el-mundo-en-2025-tendencias-y-retos\/\"]}]},{\"@type\":\"ImageObject\",\"inLanguage\":\"da-DK\",\"@id\":\"http:\/\/universofamilia.com\/zh_hk\/elecciones-en-todo-el-mundo-en-2025-tendencias-y-retos\/#primaryimage\",\"url\":\"https:\/\/universofamilia.com\/wp-content\/uploads\/sites\/148\/2025\/10\/Destaque-Novo-Universo-9.jpg\",\"contentUrl\":\"https:\/\/universofamilia.com\/wp-content\/uploads\/sites\/148\/2025\/10\/Destaque-Novo-Universo-9.jpg\",\"width\":450,\"height\":250},{\"@type\":\"BreadcrumbList\",\"@id\":\"http:\/\/universofamilia.com\/zh_hk\/elecciones-en-todo-el-mundo-en-2025-tendencias-y-retos\/#breadcrumb\",\"itemListElement\":[{\"@type\":\"ListItem\",\"position\":1,\"name\":\"Home\",\"item\":\"https:\/\/universofamilia.com\/el\/\"},{\"@type\":\"ListItem\",\"position\":2,\"name\":\"Elecciones en todo el mundo en 2025: tendencias y retos\"}]},{\"@type\":\"WebSite\",\"@id\":\"https:\/\/universofamilia.com\/el\/#website\",\"url\":\"https:\/\/universofamilia.com\/el\/\",\"name\":\"Universo Fam\u00edlia\",\"description\":\"\",\"potentialAction\":[{\"@type\":\"SearchAction\",\"target\":{\"@type\":\"EntryPoint\",\"urlTemplate\":\"https:\/\/universofamilia.com\/el\/?s={search_term_string}\"},\"query-input\":\"required name=search_term_string\"}],\"inLanguage\":\"da-DK\"},{\"@type\":\"Person\",\"@id\":\"https:\/\/universofamilia.com\/el\/#\/schema\/person\/92fcd07e9b1f4323bf74f3170fc0f78a\",\"name\":\"Matheus Sangaletti\",\"image\":{\"@type\":\"ImageObject\",\"inLanguage\":\"da-DK\",\"@id\":\"https:\/\/universofamilia.com\/el\/#\/schema\/person\/image\/\",\"url\":\"https:\/\/secure.gravatar.com\/avatar\/280ea957a14a48e6a1ad2133d2cc27c9?s=96&d=mm&r=g\",\"contentUrl\":\"https:\/\/secure.gravatar.com\/avatar\/280ea957a14a48e6a1ad2133d2cc27c9?s=96&d=mm&r=g\",\"caption\":\"Matheus Sangaletti\"},\"url\":\"https:\/\/universofamilia.com\/da\/author\/matheuss\/\"}]}<\/script>\n<!-- \/ Yoast SEO plugin. -->","yoast_head_json":{"title":"Elecciones en todo el mundo en 2025: tendencias y retos - Universo Fam\u00edlia","description":"Desde el primer p\u00e1rrafo: Elecciones en todo el mundo en 2025: tendencias y retos no es solo un titular: implica una radiograf\u00eda viva de...","robots":{"index":"index","follow":"follow","max-snippet":"max-snippet:-1","max-image-preview":"max-image-preview:large","max-video-preview":"max-video-preview:-1"},"canonical":"http:\/\/universofamilia.com\/da\/elecciones-en-todo-el-mundo-en-2025-tendencias-y-retos\/","og_locale":"da_DK","og_type":"article","og_title":"Elecciones en todo el mundo en 2025: tendencias y retos - Universo Fam\u00edlia","og_description":"Desde el primer p\u00e1rrafo: Elecciones en todo el mundo en 2025: tendencias y retos no es solo un titular: implica una radiograf\u00eda viva de...","og_url":"http:\/\/universofamilia.com\/da\/elecciones-en-todo-el-mundo-en-2025-tendencias-y-retos\/","og_site_name":"Universo Fam\u00edlia","article_published_time":"2025-10-16T18:39:54+00:00","article_modified_time":"2025-10-16T18:39:57+00:00","og_image":[{"width":450,"height":250,"url":"http:\/\/universofamilia.com\/wp-content\/uploads\/sites\/148\/2025\/10\/Destaque-Novo-Universo-9.jpg","type":"image\/jpeg"}],"author":"Matheus Sangaletti","twitter_card":"summary_large_image","twitter_misc":{"Written by":"Matheus Sangaletti","Est. reading time":"8 minutter"},"schema":{"@context":"https:\/\/schema.org","@graph":[{"@type":"WebPage","@id":"http:\/\/universofamilia.com\/zh_hk\/elecciones-en-todo-el-mundo-en-2025-tendencias-y-retos\/","url":"http:\/\/universofamilia.com\/zh_hk\/elecciones-en-todo-el-mundo-en-2025-tendencias-y-retos\/","name":"Elecciones en todo el mundo en 2025: tendencias y retos - Universo Fam\u00edlia","isPartOf":{"@id":"https:\/\/universofamilia.com\/el\/#website"},"primaryImageOfPage":{"@id":"http:\/\/universofamilia.com\/zh_hk\/elecciones-en-todo-el-mundo-en-2025-tendencias-y-retos\/#primaryimage"},"image":{"@id":"http:\/\/universofamilia.com\/zh_hk\/elecciones-en-todo-el-mundo-en-2025-tendencias-y-retos\/#primaryimage"},"thumbnailUrl":"https:\/\/universofamilia.com\/wp-content\/uploads\/sites\/148\/2025\/10\/Destaque-Novo-Universo-9.jpg","datePublished":"2025-10-16T18:39:54+00:00","dateModified":"2025-10-16T18:39:57+00:00","author":{"@id":"https:\/\/universofamilia.com\/el\/#\/schema\/person\/92fcd07e9b1f4323bf74f3170fc0f78a"},"description":"Desde el primer p\u00e1rrafo: Elecciones en todo el mundo en 2025: tendencias y retos no es solo un titular: implica una radiograf\u00eda viva de...","breadcrumb":{"@id":"http:\/\/universofamilia.com\/zh_hk\/elecciones-en-todo-el-mundo-en-2025-tendencias-y-retos\/#breadcrumb"},"inLanguage":"da-DK","potentialAction":[{"@type":"ReadAction","target":["http:\/\/universofamilia.com\/zh_hk\/elecciones-en-todo-el-mundo-en-2025-tendencias-y-retos\/"]}]},{"@type":"ImageObject","inLanguage":"da-DK","@id":"http:\/\/universofamilia.com\/zh_hk\/elecciones-en-todo-el-mundo-en-2025-tendencias-y-retos\/#primaryimage","url":"https:\/\/universofamilia.com\/wp-content\/uploads\/sites\/148\/2025\/10\/Destaque-Novo-Universo-9.jpg","contentUrl":"https:\/\/universofamilia.com\/wp-content\/uploads\/sites\/148\/2025\/10\/Destaque-Novo-Universo-9.jpg","width":450,"height":250},{"@type":"BreadcrumbList","@id":"http:\/\/universofamilia.com\/zh_hk\/elecciones-en-todo-el-mundo-en-2025-tendencias-y-retos\/#breadcrumb","itemListElement":[{"@type":"ListItem","position":1,"name":"Home","item":"https:\/\/universofamilia.com\/el\/"},{"@type":"ListItem","position":2,"name":"Elecciones en todo el mundo en 2025: tendencias y retos"}]},{"@type":"WebSite","@id":"https:\/\/universofamilia.com\/el\/#website","url":"https:\/\/universofamilia.com\/el\/","name":"Universo Fam\u00edlia","description":"","potentialAction":[{"@type":"SearchAction","target":{"@type":"EntryPoint","urlTemplate":"https:\/\/universofamilia.com\/el\/?s={search_term_string}"},"query-input":"required name=search_term_string"}],"inLanguage":"da-DK"},{"@type":"Person","@id":"https:\/\/universofamilia.com\/el\/#\/schema\/person\/92fcd07e9b1f4323bf74f3170fc0f78a","name":"Matheus Sangaletti","image":{"@type":"ImageObject","inLanguage":"da-DK","@id":"https:\/\/universofamilia.com\/el\/#\/schema\/person\/image\/","url":"https:\/\/secure.gravatar.com\/avatar\/280ea957a14a48e6a1ad2133d2cc27c9?s=96&d=mm&r=g","contentUrl":"https:\/\/secure.gravatar.com\/avatar\/280ea957a14a48e6a1ad2133d2cc27c9?s=96&d=mm&r=g","caption":"Matheus Sangaletti"},"url":"https:\/\/universofamilia.com\/da\/author\/matheuss\/"}]}},"_links":{"self":[{"href":"https:\/\/universofamilia.com\/da\/wp-json\/wp\/v2\/posts\/10165"}],"collection":[{"href":"https:\/\/universofamilia.com\/da\/wp-json\/wp\/v2\/posts"}],"about":[{"href":"https:\/\/universofamilia.com\/da\/wp-json\/wp\/v2\/types\/post"}],"author":[{"embeddable":true,"href":"https:\/\/universofamilia.com\/da\/wp-json\/wp\/v2\/users\/219"}],"replies":[{"embeddable":true,"href":"https:\/\/universofamilia.com\/da\/wp-json\/wp\/v2\/comments?post=10165"}],"version-history":[{"count":1,"href":"https:\/\/universofamilia.com\/da\/wp-json\/wp\/v2\/posts\/10165\/revisions"}],"predecessor-version":[{"id":10169,"href":"https:\/\/universofamilia.com\/da\/wp-json\/wp\/v2\/posts\/10165\/revisions\/10169"}],"wp:featuredmedia":[{"embeddable":true,"href":"https:\/\/universofamilia.com\/da\/wp-json\/wp\/v2\/media\/10166"}],"wp:attachment":[{"href":"https:\/\/universofamilia.com\/da\/wp-json\/wp\/v2\/media?parent=10165"}],"wp:term":[{"taxonomy":"category","embeddable":true,"href":"https:\/\/universofamilia.com\/da\/wp-json\/wp\/v2\/categories?post=10165"},{"taxonomy":"post_tag","embeddable":true,"href":"https:\/\/universofamilia.com\/da\/wp-json\/wp\/v2\/tags?post=10165"}],"curies":[{"name":"wp","href":"https:\/\/api.w.org\/{rel}","templated":true}]}}