{"id":10199,"date":"2025-10-23T14:55:44","date_gmt":"2025-10-23T17:55:44","guid":{"rendered":"https:\/\/universofamilia.com\/?p=10199"},"modified":"2025-10-23T14:55:46","modified_gmt":"2025-10-23T17:55:46","slug":"soft-skills-mas-valoradas-en-2025","status":"publish","type":"post","link":"https:\/\/universofamilia.com\/da\/soft-skills-mas-valoradas-en-2025\/","title":{"rendered":"Mest v\u00e6rdsatte bl\u00f8de f\u00e6rdigheder i 2025"},"content":{"rendered":"<p class=\"has-text-align-center\">I en arbejdsverden, hvor teknologi omdefinerer den m\u00e5de, vi arbejder p\u00e5, er forst\u00e5elsen <strong>S\u00e5dan forbedrer du de mest v\u00e6rdsatte bl\u00f8de f\u00e6rdigheder i 2025<\/strong> bliver afg\u00f8rende for dem, der ikke blot \u00f8nsker at overleve, men at udm\u00e6rke sig.<\/p>\n\n\n\n<figure class=\"wp-block-gallery aligncenter has-nested-images columns-default is-cropped wp-block-gallery-1 is-layout-flex wp-block-gallery-is-layout-flex\">\n<figure class=\"wp-block-image size-full\"><img loading=\"lazy\" decoding=\"async\" width=\"450\" height=\"250\" data-id=\"10201\" src=\"https:\/\/universofamilia.com\/wp-content\/uploads\/sites\/148\/2025\/10\/Destaque-Novo-Universo-20-1.jpg\" alt=\"\" class=\"wp-image-10201\" srcset=\"https:\/\/universofamilia.com\/wp-content\/uploads\/sites\/148\/2025\/10\/Destaque-Novo-Universo-20-1.jpg 450w, https:\/\/universofamilia.com\/wp-content\/uploads\/sites\/148\/2025\/10\/Destaque-Novo-Universo-20-1-300x167.jpg 300w, https:\/\/universofamilia.com\/wp-content\/uploads\/sites\/148\/2025\/10\/Destaque-Novo-Universo-20-1-18x10.jpg 18w\" sizes=\"(max-width: 450px) 100vw, 450px\" \/><figcaption class=\"wp-element-caption\">CANVA<\/figcaption><\/figure>\n<\/figure>\n\n\n\n<p class=\"has-text-align-center\">Automatisering, kunstig intelligens, globalisering og hybridmodeller har \u00e6ndret organisationers dynamik.<\/p>\n\n\n\n<p>I dag er det ikke l\u00e6ngere en garanti for relevans at have en universitetsgrad eller tekniske f\u00e6rdigheder; den differentierende faktor ligger i menneskelige kompetencer: kommunikation, tilpasningsevne, kritisk t\u00e6nkning og f\u00f8lelsesm\u00e6ssig intelligens, blandt andet.<\/p>\n\n\n\n<p><\/p>\n\n\n\n<p>Denne artikel tilbyder en dybdeg\u00e5ende analyse af de bl\u00f8de f\u00e6rdigheder, der vil g\u00f8re en forskel i \u00e5r.<\/p>\n\n\n\n<p>F\u00f8rst vil vi unders\u00f8ge deres relevans p\u00e5 dagens arbejdsmarked; derefter vil vi detaljere de vigtigste f\u00e6rdigheder, hvordan man udvikler og anvender dem; derefter vil vi pr\u00e6sentere eksempler fra det virkelige liv p\u00e5 professionelle, der har integreret dem med succes; og endelig vil vi behandle ofte stillede sp\u00f8rgsm\u00e5l og fremtidige tendenser.<\/p>\n\n\n\n<p>Alt dette er baseret p\u00e5 opdaterede data og referencer fra p\u00e5lidelige kilder.<\/p>\n\n\n\n<h2 class=\"wp-block-heading\">Relevansen af bl\u00f8de f\u00e6rdigheder i den teknologiske tidsalder<\/h2>\n\n\n\n<p>Mens h\u00e5rde f\u00e6rdigheder \u2013 teknisk viden som programmering, dataanalyse eller ingeni\u00f8rvidenskab \u2013 er essentielle, er bl\u00f8de f\u00e6rdigheder dem, der g\u00f8r det muligt at anvende denne viden effektivt.<\/p>\n\n\n\n<p>Evnen til at lede, kommunikere, l\u00f8se problemer og samarbejde strategisk er det, der adskiller professionelle i dynamiske milj\u00f8er.<\/p>\n\n\n\n<p>If\u00f8lge <strong>Rapport om fremtidens job i 2025<\/strong> If\u00f8lge Verdens\u00f8konomiske Forum forventes 39 af de nuv\u00e6rende f\u00e6rdigheder at \u00e6ndre sig eller blive for\u00e6ldede mellem 2025 og 2030.<\/p>\n\n\n\n<p>Det betyder, at professionelle skal kombinere tekniske f\u00e6rdigheder med menneskelige kompetencer for at forblive relevante. <\/p>\n\n\n\n<p><strong>Analogi:<\/strong> Forestil dig selv som en del af et redningshold i h\u00f8je bjerge.<\/p>\n\n\n\n<p>Moderne v\u00e6rkt\u00f8jer (teknologi, software, hardware) er essentielle, men uden lederskab, kommunikation og tilpasningsevne garanterer selv det bedste udstyr ikke succes.<\/p>\n\n\n\n<p>Det samme sker p\u00e5 arbejdspladsen: bl\u00f8de f\u00e6rdigheder er drivkraften bag at udnytte de tilg\u00e6ngelige v\u00e6rkt\u00f8jer.<\/p>\n\n\n\n<h2 class=\"wp-block-heading\">De 10 mest v\u00e6rdsatte bl\u00f8de f\u00e6rdigheder i 2025<\/h2>\n\n\n\n<p>Nedenfor udvider vi listen til ti kritiske menneskelige kompetencer med praktiske eksempler p\u00e5 deres anvendelse:<\/p>\n\n\n\n<h3 class=\"wp-block-heading\">1. Effektiv kommunikation<\/h3>\n\n\n\n<p>Det handler ikke kun om at tale eller skrive korrekt, men om at formidle ideer klart og lytte aktivt.<\/p>\n\n\n\n<p>I 2025 er effektiv kommunikation afg\u00f8rende for at lede hybride teams og samarbejde med globale kolleger.<\/p>\n\n\n\n<p>Virksomheder som Deloitte rapporterer, at 361% af arbejdsgivere anser kommunikation for at v\u00e6re den mest kritiske bl\u00f8de f\u00e6rdighed for jobpr\u00e6station.<\/p>\n\n\n\n<p><strong>Eksempel:<\/strong><\/p>\n\n\n\n<p>Ana, en digital marketingchef, hj\u00e6lper sit globale team med at forst\u00e5 kampagnem\u00e5l gennem klare briefinger, l\u00f8bende feedback og strukturerede virtuelle m\u00f8der.<\/p>\n\n\n\n<p>Din kommunikation undg\u00e5r forvirring og \u00f8ger produktiviteten med 25%.<\/p>\n\n\n\n<h3 class=\"wp-block-heading\">2. Tilpasningsevne og modstandsdygtighed<\/h3>\n\n\n\n<p>Den hastighed, hvormed teknologiske forandringer finder sted, kr\u00e6ver fleksible fagfolk, der er i stand til at h\u00e5ndtere usikkerhed uden at g\u00e5 p\u00e5 kompromis med pr\u00e6stationen.<\/p>\n\n\n\n<p>Tilpasningsevne og robusthed giver os mulighed for at p\u00e5tage os nye roller, integrere digitale v\u00e6rkt\u00f8jer og overvinde forhindringer.<\/p>\n\n\n\n<p><strong>Eksempel:<\/strong><\/p>\n\n\n\n<p>Carlos, en produktionsingeni\u00f8r, l\u00e6rte at bruge automatiseringsplatforme og ledte et Industri 4.0-transitionsprojekt, hvor han reducerede produktionstiderne med 15% og demonstrerede, hvordan robusthed oms\u00e6ttes til h\u00e5ndgribelige resultater.<\/p>\n\n\n\n<h3 class=\"wp-block-heading\">3. Kritisk t\u00e6nkning og probleml\u00f8sning<\/h3>\n\n\n\n<p>Kritisk t\u00e6nkning er evnen til at analysere situationer, s\u00e6tte sp\u00f8rgsm\u00e5lstegn ved antagelser og tr\u00e6ffe informerede beslutninger.<\/p>\n\n\n\n<p>Organisationer v\u00e6rds\u00e6tter evnen til at l\u00f8se komplekse problemer kreativt og effektivt.<\/p>\n\n\n\n<p><strong>Relevante data:<\/strong> En Hays-unders\u00f8gelse viser, at kritisk t\u00e6nkning vil v\u00e6re den tredjemest efterspurgte bl\u00f8de f\u00e6rdighed i 2025, lige efter kommunikation og tilpasningsevne.<\/p>\n\n\n\n<h3 class=\"wp-block-heading\">4. F\u00f8lelsesm\u00e6ssig intelligens<\/h3>\n\n\n\n<p>Emotionel intelligens giver os mulighed for at genkende og h\u00e5ndtere vores egne og andres f\u00f8lelser, hvilket er n\u00f8glen til at lede med empati og tr\u00e6ffe etiske beslutninger.<\/p>\n\n\n\n<p>Teams med f\u00f8lelsesm\u00e6ssigt intelligente ledere viser op til 30% mere arbejdsengagement.<\/p>\n\n\n\n<h3 class=\"wp-block-heading\">5. Teamwork og samarbejde<\/h3>\n\n\n\n<p>Effektivt samarbejde er afg\u00f8rende i tv\u00e6rfaglige og fjernprojekter.<\/p>\n\n\n\n<p>Evnen til at dele viden, lytte til id\u00e9er og bidrage med l\u00f8sninger bidrager til kollektiv succes.<\/p>\n\n\n\n<h3 class=\"wp-block-heading\">6. Kreativitet og innovation<\/h3>\n\n\n\n<p>Ud over at f\u00f8lge protokoller leder virksomheder efter folk, der er i stand til at generere originale ideer og banebrydende l\u00f8sninger.<\/p>\n\n\n\n<p>I en verden, hvor AI automatiserer gentagne opgaver, bliver menneskelig kreativitet en strategisk ressource.<\/p>\n\n\n\n<h3 class=\"wp-block-heading\">7. Tidsstyring og produktivitet<\/h3>\n\n\n\n<p>Hybridt arbejde kr\u00e6ver effektivitet.<\/p>\n\n\n\n<p>Prioritering af opgaver, organisering af projekter og selvst\u00e6ndig opn\u00e5else af m\u00e5l er en kritisk f\u00e6rdighed, der direkte p\u00e5virker en virksomheds rentabilitet.<\/p>\n\n\n\n<h3 class=\"wp-block-heading\">8. Kapacitet til kontinuerlig l\u00e6ring<\/h3>\n\n\n\n<p>Efteruddannelse er afg\u00f8rende for at tilpasse sig nye v\u00e6rkt\u00f8jer, metoder og tendenser.<\/p>\n\n\n\n<p>Konstant l\u00e6ring sikrer faglig relevans og evnen til at p\u00e5tage sig nye roller.<\/p>\n\n\n\n<h3 class=\"wp-block-heading\">9. Inkluderende lederskab<\/h3>\n\n\n\n<p>At lede mangfoldige teams kr\u00e6ver empati, vision og motivationsevner. En inkluderende leder fremmer et milj\u00f8 pr\u00e6get af samarbejde, innovation og engagement.<\/p>\n\n\n\n<h3 class=\"wp-block-heading\">10. Forhandling og konfliktl\u00f8sning<\/h3>\n\n\n\n<p>Det er vigtigt at vide, hvordan man n\u00e5r til aftaler, m\u00e6gler i uenigheder og skaber konsensus i komplekse og konkurrencepr\u00e6gede milj\u00f8er. <\/p>\n\n\n\n<p>Disse f\u00e6rdigheder bidrager til at opretholde sunde og produktive arbejdsrelationer.<\/p>\n\n\n\n<h2 class=\"wp-block-heading\">Tabel over bl\u00f8de f\u00e6rdigheder og forventet eftersp\u00f8rgsel i 2025<\/h2>\n\n\n\n<figure class=\"wp-block-table\"><table><thead><tr><th>Bl\u00f8d f\u00e6rdighed<\/th><th>Estimeret eftersp\u00f8rgsel (%)<\/th><th>Indvirkning p\u00e5 produktiviteten<\/th><\/tr><\/thead><tbody><tr><td>Effektiv kommunikation<\/td><td>36%<\/td><td>H\u00f8j<\/td><\/tr><tr><td>Tilpasningsevne og modstandsdygtighed<\/td><td>34%<\/td><td>Meget h\u00f8j<\/td><\/tr><tr><td>Kritisk t\u00e6nkning<\/td><td>32%<\/td><td>H\u00f8j<\/td><\/tr><tr><td>F\u00f8lelsesm\u00e6ssig intelligens<\/td><td>30%<\/td><td>H\u00f8j<\/td><\/tr><tr><td>Samarbejde<\/td><td>28%<\/td><td>Mellem-h\u00f8j<\/td><\/tr><tr><td>Kreativitet<\/td><td>25%<\/td><td>H\u00f8j<\/td><\/tr><tr><td>Tidsstyring<\/td><td>22%<\/td><td>Gennemsnit<\/td><\/tr><tr><td>Kontinuerlig l\u00e6ring<\/td><td>20%<\/td><td>Gennemsnit<\/td><\/tr><tr><td>Inkluderende lederskab<\/td><td>18%<\/td><td>Gennemsnit<\/td><\/tr><tr><td>Forhandling<\/td><td>15%<\/td><td>Gennemsnit<\/td><\/tr><\/tbody><\/table><figcaption class=\"wp-element-caption\">Kilde: Hays, Verdens\u00f8konomisk Forum, 2025.<\/figcaption><\/figure>\n\n\n\n<figure class=\"wp-block-gallery aligncenter has-nested-images columns-default is-cropped wp-block-gallery-2 is-layout-flex wp-block-gallery-is-layout-flex\">\n<figure class=\"wp-block-image size-full\"><img loading=\"lazy\" decoding=\"async\" width=\"450\" height=\"250\" data-id=\"10202\" src=\"https:\/\/universofamilia.com\/wp-content\/uploads\/sites\/148\/2025\/10\/Destaque-Novo-Universo-21.jpg\" alt=\"\" class=\"wp-image-10202\" srcset=\"https:\/\/universofamilia.com\/wp-content\/uploads\/sites\/148\/2025\/10\/Destaque-Novo-Universo-21.jpg 450w, https:\/\/universofamilia.com\/wp-content\/uploads\/sites\/148\/2025\/10\/Destaque-Novo-Universo-21-300x167.jpg 300w, https:\/\/universofamilia.com\/wp-content\/uploads\/sites\/148\/2025\/10\/Destaque-Novo-Universo-21-18x10.jpg 18w\" sizes=\"(max-width: 450px) 100vw, 450px\" \/><figcaption class=\"wp-element-caption\">CANVA<\/figcaption><\/figure>\n<\/figure>\n\n\n\n<p>L\u00e6s mere:\u00a0<a href=\"https:\/\/universofamilia.com\/da\/el-teletrabajo-en-2025-las-nuevas-tendencias-del-home-office\/\">Telearbejde i 2025: Nye trends inden for hjemmekontor<\/a><\/p>\n\n\n\n<h2 class=\"wp-block-heading\">S\u00e5dan udvikler du disse bl\u00f8de f\u00e6rdigheder<\/h2>\n\n\n\n<ol>\n<li><strong>Effektiv kommunikation:<\/strong> Workshops i offentlige taler, regelm\u00e6ssige pr\u00e6sentationer, 360\u00ba feedback.<\/li>\n\n\n\n<li><strong>Tilpasningsevne:<\/strong> nye teknologikurser, pilotprojekter, mentorordninger.<\/li>\n\n\n\n<li><strong>Kritisk t\u00e6nkning:<\/strong> caseanalyse, debatter og probleml\u00f8snings\u00f8velser.<\/li>\n\n\n\n<li><strong>F\u00f8lelsesm\u00e6ssig intelligens:<\/strong> mindfulness, coaching og periodiske selvevalueringer.<\/li>\n\n\n\n<li><strong>Samarbejde:<\/strong> deltagelse i samarbejdsprojekter og frivilligt arbejde i virksomheder.<\/li>\n\n\n\n<li><strong>Kreativitet:<\/strong> rum for innovation, brainstorming og hurtig prototyping.<\/li>\n\n\n\n<li><strong>Tidsstyring:<\/strong> digitale produktivitetsv\u00e6rkt\u00f8jer, ugentlig planl\u00e6gning.<\/li>\n\n\n\n<li><strong>Kontinuerlig l\u00e6ring:<\/strong> onlinekurser, webinarer, trendl\u00e6sning.<\/li>\n\n\n\n<li><strong>Inkluderende lederskab:<\/strong> diversitetstr\u00e6ning, mentorordninger og teamfeedback.<\/li>\n\n\n\n<li><strong>Forhandling:<\/strong> rollespil, casestudier og konfliktsimuleringer.<\/li>\n<\/ol>\n\n\n\n<h2 class=\"wp-block-heading\">Sektorer hvor bl\u00f8de f\u00e6rdigheder har den st\u00f8rste indflydelse i Mexico<\/h2>\n\n\n\n<ul>\n<li><strong>Teknologi:<\/strong> samarbejde, tilpasningsevne og kontinuerlig l\u00e6ring.<\/li>\n\n\n\n<li><strong>Finansielle tjenester:<\/strong> kommunikation, forhandling og kritisk t\u00e6nkning.<\/li>\n\n\n\n<li><strong>Detailhandel og handel:<\/strong> kundeservice, robusthed og tidsstyring.<\/li>\n\n\n\n<li><strong>Fremstille:<\/strong> teamwork, probleml\u00f8sning og inkluderende lederskab.<\/li>\n\n\n\n<li><strong>Konsultation og uddannelse:<\/strong> kreativitet, f\u00f8lelsesm\u00e6ssig intelligens og lederskab.<\/li>\n<\/ul>\n\n\n\n<h2 class=\"wp-block-heading\">Eksempler p\u00e5 professionelle anvendelser<\/h2>\n\n\n\n<p><strong>Eksempel 1:<\/strong> Laura, en HR-specialist, implementerer People Analytics ved hj\u00e6lp af f\u00f8lelsesm\u00e6ssig intelligens til at fortolke data om pr\u00e6station og arbejdsmilj\u00f8.<\/p>\n\n\n\n<p>Deres tilgang forbedrer fastholdelsen af talenter med 18%.<\/p>\n\n\n\n<p><strong>Eksempel 2:<\/strong> Juan, en UX-designer, kombinerer kreativitet og kritisk t\u00e6nkning for at forbedre brugeroplevelsen i en finansiel app, \u00f8ge engagementet og reducere navigationsfejl.<\/p>\n\n\n\n<h2 class=\"wp-block-heading\">Strategi til at integrere bl\u00f8de f\u00e6rdigheder i din karriere<\/h2>\n\n\n\n<ol>\n<li><strong>Selvevaluering:<\/strong> identificerer styrker og omr\u00e5der til forbedring.<\/li>\n\n\n\n<li><strong>Udviklingsplan:<\/strong> v\u00e6lg de mest relevante f\u00e6rdigheder i henhold til din sektor.<\/li>\n\n\n\n<li><strong>Konstant \u00f8velse:<\/strong> anvende det, du har l\u00e6rt, i virkelige projekter.<\/li>\n\n\n\n<li><strong>Sigtbarhed:<\/strong> kommuniker dine f\u00e6rdigheder i professionelle netv\u00e6rk og interviews.<\/li>\n\n\n\n<li><strong>Periodisk evaluering:<\/strong> m\u00e5ler fremskridt og justerer m\u00e5l i henhold til markeds\u00e6ndringer.<\/li>\n<\/ol>\n\n\n\n<h2 class=\"wp-block-heading\">Tendenser, der vil p\u00e5virke bl\u00f8de f\u00e6rdigheder i 2025<\/h2>\n\n\n\n<ul>\n<li>AI og automatisering vil kr\u00e6ve mere samarbejde mellem menneske og maskine.<\/li>\n\n\n\n<li>Hybride teams \u00f8ger vigtigheden af klar kommunikation og tidsstyring.<\/li>\n\n\n\n<li>Generations- og kulturel mangfoldighed kr\u00e6ver inkluderende lederskab og empati.<\/li>\n<\/ul>\n\n\n\n<p>Disse tendenser understreger, at menneskelige f\u00e6rdigheder fortsat vil v\u00e6re en afg\u00f8rende faktor, selv i et h\u00f8jt teknologisk milj\u00f8.<\/p>\n\n\n\n<h2 class=\"wp-block-heading\">Konklusion<\/h2>\n\n\n\n<p>De <strong>Mest v\u00e6rdsatte bl\u00f8de f\u00e6rdigheder i 2025<\/strong> De er ikke en luksus eller et ekstra plus; de er afg\u00f8rende for at skille sig ud p\u00e5 et arbejdsmarked i forandring. Udviklingen af dem giver dig mulighed for at:<\/p>\n\n\n\n<ul>\n<li>Tilpasse dig nye roller og teknologier.<\/li>\n\n\n\n<li>Samarbejd effektivt med forskellige teams.<\/li>\n\n\n\n<li>Tr\u00e6f informerede og kreative beslutninger.<\/li>\n\n\n\n<li>Lede med empati og strategisk vision.<\/li>\n<\/ul>\n\n\n\n<p>At investere i disse f\u00e6rdigheder er at investere i din professionelle fremtid og sikre, at din karriere ikke blot overlever, men trives.<\/p>\n\n\n\n<p>L\u00e6s mere:<a href=\"https:\/\/universofamilia.com\/da\/tres-pilares-esenciales-para-una-carrera-robusta\/\">\u00a0Tre vigtige s\u00f8jler for en st\u00e6rk karriere<\/a><\/p>\n\n\n\n<h2 class=\"wp-block-heading\">Ofte stillede sp\u00f8rgsm\u00e5l<\/h2>\n\n\n\n<p><strong>Hvorfor er bl\u00f8de f\u00e6rdigheder s\u00e5 vigtige sammenlignet med h\u00e5rde f\u00e6rdigheder?<\/strong><br>Fordi de giver dig mulighed for effektivt at anvende teknisk viden, tilpasse dig \u00e6ndringer og samarbejde i komplekse milj\u00f8er.<\/p>\n\n\n\n<p><strong>Kan disse f\u00e6rdigheder udvikles selvl\u00e6rt?<\/strong><br>Ja, gennem konstant \u00f8velse, feedback, onlinekurser og praktiske erfaringer.<\/p>\n\n\n\n<p><strong>Hvad er den mest v\u00e6rdsatte bl\u00f8de f\u00e6rdighed i Mexico i \u00f8jeblikket?<\/strong><br>If\u00f8lge Hays og World Economic Forum er det effektiv kommunikation og tilpasningsevne, der f\u00f8rer eftersp\u00f8rgslen frem.<\/p>\n\n\n\n<p><strong>Hvordan m\u00e5ler jeg mine fremskridt inden for bl\u00f8de f\u00e6rdigheder?<\/strong><br>Gennem periodiske selvevalueringer, feedback fra kolleger og h\u00e5ndgribelige projektresultater.<\/p>\n\n\n\n<p><strong>Hvilke sektorer kr\u00e6ver mest kreativitet og innovation?<\/strong><br>Teknologi, r\u00e5dgivning, design, digital markedsf\u00f8ring og uddannelse er de sektorer med den h\u00f8jeste eftersp\u00f8rgsel efter anvendt kreativitet.<\/p>","protected":false},"excerpt":{"rendered":"<p>I en arbejdsverden, hvor teknologi omdefinerer den m\u00e5de, vi arbejder p\u00e5, bliver det afg\u00f8rende for dem, der ikke bare \u00f8nsker at overleve, men ogs\u00e5 at udm\u00e6rke sig, at forst\u00e5, hvordan man udnytter de mest v\u00e6rdifulde bl\u00f8de f\u00e6rdigheder i 2025. Automatisering, kunstig intelligens, globalisering og hybridmodeller har \u00e6ndret dynamikken i organisationer. I dag er det vigtigt at have en uddannelse [\u2026]<\/p>","protected":false},"author":219,"featured_media":10200,"comment_status":"closed","ping_status":"open","sticky":false,"template":"","format":"standard","meta":{"footnotes":""},"categories":[5],"tags":[],"yoast_head":"<!-- This site is optimized with the Yoast SEO plugin v23.3 - https:\/\/yoast.com\/wordpress\/plugins\/seo\/ -->\n<title>Soft skills m\u00e1s valoradas en 2025 - Universo Fam\u00edlia<\/title>\n<meta name=\"description\" content=\"En un mundo laboral donde la tecnolog\u00eda redefine la manera de trabajar, entender c\u00f3mo potenciar las soft skills m\u00e1s valoradas en 2025 se...\" \/>\n<meta name=\"robots\" content=\"index, follow, max-snippet:-1, max-image-preview:large, max-video-preview:-1\" \/>\n<link rel=\"canonical\" href=\"http:\/\/universofamilia.com\/da\/soft-skills-mas-valoradas-en-2025\/\" \/>\n<meta property=\"og:locale\" content=\"da_DK\" \/>\n<meta property=\"og:type\" content=\"article\" \/>\n<meta property=\"og:title\" content=\"Soft skills m\u00e1s valoradas en 2025 - Universo Fam\u00edlia\" \/>\n<meta property=\"og:description\" content=\"En un mundo laboral donde la tecnolog\u00eda redefine la manera de trabajar, entender c\u00f3mo potenciar las soft skills m\u00e1s valoradas en 2025 se...\" \/>\n<meta property=\"og:url\" content=\"http:\/\/universofamilia.com\/da\/soft-skills-mas-valoradas-en-2025\/\" \/>\n<meta property=\"og:site_name\" content=\"Universo Fam\u00edlia\" \/>\n<meta property=\"article:published_time\" content=\"2025-10-23T17:55:44+00:00\" \/>\n<meta property=\"article:modified_time\" content=\"2025-10-23T17:55:46+00:00\" \/>\n<meta property=\"og:image\" content=\"http:\/\/universofamilia.com\/wp-content\/uploads\/sites\/148\/2025\/10\/Destaque-Novo-Universo-20.jpg\" \/>\n\t<meta property=\"og:image:width\" content=\"450\" \/>\n\t<meta property=\"og:image:height\" content=\"250\" \/>\n\t<meta property=\"og:image:type\" content=\"image\/jpeg\" \/>\n<meta name=\"author\" content=\"Matheus Sangaletti\" \/>\n<meta name=\"twitter:card\" content=\"summary_large_image\" \/>\n<meta name=\"twitter:label1\" content=\"Written by\" \/>\n\t<meta name=\"twitter:data1\" content=\"Matheus Sangaletti\" \/>\n\t<meta name=\"twitter:label2\" content=\"Est. reading time\" \/>\n\t<meta name=\"twitter:data2\" content=\"9 minutter\" \/>\n<script type=\"application\/ld+json\" class=\"yoast-schema-graph\">{\"@context\":\"https:\/\/schema.org\",\"@graph\":[{\"@type\":\"WebPage\",\"@id\":\"http:\/\/universofamilia.com\/hu\/soft-skills-mas-valoradas-en-2025\/\",\"url\":\"http:\/\/universofamilia.com\/hu\/soft-skills-mas-valoradas-en-2025\/\",\"name\":\"Soft skills m\u00e1s valoradas en 2025 - Universo Fam\u00edlia\",\"isPartOf\":{\"@id\":\"http:\/\/universofamilia.com\/zh_hk\/#website\"},\"primaryImageOfPage\":{\"@id\":\"http:\/\/universofamilia.com\/hu\/soft-skills-mas-valoradas-en-2025\/#primaryimage\"},\"image\":{\"@id\":\"http:\/\/universofamilia.com\/hu\/soft-skills-mas-valoradas-en-2025\/#primaryimage\"},\"thumbnailUrl\":\"https:\/\/universofamilia.com\/wp-content\/uploads\/sites\/148\/2025\/10\/Destaque-Novo-Universo-20.jpg\",\"datePublished\":\"2025-10-23T17:55:44+00:00\",\"dateModified\":\"2025-10-23T17:55:46+00:00\",\"author\":{\"@id\":\"http:\/\/universofamilia.com\/zh_hk\/#\/schema\/person\/92fcd07e9b1f4323bf74f3170fc0f78a\"},\"description\":\"En un mundo laboral donde la tecnolog\u00eda redefine la manera de trabajar, entender c\u00f3mo potenciar las soft skills m\u00e1s valoradas en 2025 se...\",\"breadcrumb\":{\"@id\":\"http:\/\/universofamilia.com\/hu\/soft-skills-mas-valoradas-en-2025\/#breadcrumb\"},\"inLanguage\":\"da-DK\",\"potentialAction\":[{\"@type\":\"ReadAction\",\"target\":[\"http:\/\/universofamilia.com\/hu\/soft-skills-mas-valoradas-en-2025\/\"]}]},{\"@type\":\"ImageObject\",\"inLanguage\":\"da-DK\",\"@id\":\"http:\/\/universofamilia.com\/hu\/soft-skills-mas-valoradas-en-2025\/#primaryimage\",\"url\":\"https:\/\/universofamilia.com\/wp-content\/uploads\/sites\/148\/2025\/10\/Destaque-Novo-Universo-20.jpg\",\"contentUrl\":\"https:\/\/universofamilia.com\/wp-content\/uploads\/sites\/148\/2025\/10\/Destaque-Novo-Universo-20.jpg\",\"width\":450,\"height\":250},{\"@type\":\"BreadcrumbList\",\"@id\":\"http:\/\/universofamilia.com\/hu\/soft-skills-mas-valoradas-en-2025\/#breadcrumb\",\"itemListElement\":[{\"@type\":\"ListItem\",\"position\":1,\"name\":\"Home\",\"item\":\"http:\/\/universofamilia.com\/zh_hk\/\"},{\"@type\":\"ListItem\",\"position\":2,\"name\":\"Soft skills m\u00e1s valoradas en 2025\"}]},{\"@type\":\"WebSite\",\"@id\":\"http:\/\/universofamilia.com\/zh_hk\/#website\",\"url\":\"http:\/\/universofamilia.com\/zh_hk\/\",\"name\":\"Universo Fam\u00edlia\",\"description\":\"\",\"potentialAction\":[{\"@type\":\"SearchAction\",\"target\":{\"@type\":\"EntryPoint\",\"urlTemplate\":\"http:\/\/universofamilia.com\/zh_hk\/?s={search_term_string}\"},\"query-input\":\"required name=search_term_string\"}],\"inLanguage\":\"da-DK\"},{\"@type\":\"Person\",\"@id\":\"http:\/\/universofamilia.com\/zh_hk\/#\/schema\/person\/92fcd07e9b1f4323bf74f3170fc0f78a\",\"name\":\"Matheus Sangaletti\",\"image\":{\"@type\":\"ImageObject\",\"inLanguage\":\"da-DK\",\"@id\":\"http:\/\/universofamilia.com\/zh_hk\/#\/schema\/person\/image\/\",\"url\":\"https:\/\/secure.gravatar.com\/avatar\/280ea957a14a48e6a1ad2133d2cc27c9?s=96&d=mm&r=g\",\"contentUrl\":\"https:\/\/secure.gravatar.com\/avatar\/280ea957a14a48e6a1ad2133d2cc27c9?s=96&d=mm&r=g\",\"caption\":\"Matheus Sangaletti\"},\"url\":\"https:\/\/universofamilia.com\/da\/author\/matheuss\/\"}]}<\/script>\n<!-- \/ Yoast SEO plugin. -->","yoast_head_json":{"title":"Soft skills m\u00e1s valoradas en 2025 - Universo Fam\u00edlia","description":"En un mundo laboral donde la tecnolog\u00eda redefine la manera de trabajar, entender c\u00f3mo potenciar las soft skills m\u00e1s valoradas en 2025 se...","robots":{"index":"index","follow":"follow","max-snippet":"max-snippet:-1","max-image-preview":"max-image-preview:large","max-video-preview":"max-video-preview:-1"},"canonical":"http:\/\/universofamilia.com\/da\/soft-skills-mas-valoradas-en-2025\/","og_locale":"da_DK","og_type":"article","og_title":"Soft skills m\u00e1s valoradas en 2025 - Universo Fam\u00edlia","og_description":"En un mundo laboral donde la tecnolog\u00eda redefine la manera de trabajar, entender c\u00f3mo potenciar las soft skills m\u00e1s valoradas en 2025 se...","og_url":"http:\/\/universofamilia.com\/da\/soft-skills-mas-valoradas-en-2025\/","og_site_name":"Universo Fam\u00edlia","article_published_time":"2025-10-23T17:55:44+00:00","article_modified_time":"2025-10-23T17:55:46+00:00","og_image":[{"width":450,"height":250,"url":"http:\/\/universofamilia.com\/wp-content\/uploads\/sites\/148\/2025\/10\/Destaque-Novo-Universo-20.jpg","type":"image\/jpeg"}],"author":"Matheus Sangaletti","twitter_card":"summary_large_image","twitter_misc":{"Written by":"Matheus Sangaletti","Est. reading time":"9 minutter"},"schema":{"@context":"https:\/\/schema.org","@graph":[{"@type":"WebPage","@id":"http:\/\/universofamilia.com\/hu\/soft-skills-mas-valoradas-en-2025\/","url":"http:\/\/universofamilia.com\/hu\/soft-skills-mas-valoradas-en-2025\/","name":"Soft skills m\u00e1s valoradas en 2025 - Universo Fam\u00edlia","isPartOf":{"@id":"http:\/\/universofamilia.com\/zh_hk\/#website"},"primaryImageOfPage":{"@id":"http:\/\/universofamilia.com\/hu\/soft-skills-mas-valoradas-en-2025\/#primaryimage"},"image":{"@id":"http:\/\/universofamilia.com\/hu\/soft-skills-mas-valoradas-en-2025\/#primaryimage"},"thumbnailUrl":"https:\/\/universofamilia.com\/wp-content\/uploads\/sites\/148\/2025\/10\/Destaque-Novo-Universo-20.jpg","datePublished":"2025-10-23T17:55:44+00:00","dateModified":"2025-10-23T17:55:46+00:00","author":{"@id":"http:\/\/universofamilia.com\/zh_hk\/#\/schema\/person\/92fcd07e9b1f4323bf74f3170fc0f78a"},"description":"En un mundo laboral donde la tecnolog\u00eda redefine la manera de trabajar, entender c\u00f3mo potenciar las soft skills m\u00e1s valoradas en 2025 se...","breadcrumb":{"@id":"http:\/\/universofamilia.com\/hu\/soft-skills-mas-valoradas-en-2025\/#breadcrumb"},"inLanguage":"da-DK","potentialAction":[{"@type":"ReadAction","target":["http:\/\/universofamilia.com\/hu\/soft-skills-mas-valoradas-en-2025\/"]}]},{"@type":"ImageObject","inLanguage":"da-DK","@id":"http:\/\/universofamilia.com\/hu\/soft-skills-mas-valoradas-en-2025\/#primaryimage","url":"https:\/\/universofamilia.com\/wp-content\/uploads\/sites\/148\/2025\/10\/Destaque-Novo-Universo-20.jpg","contentUrl":"https:\/\/universofamilia.com\/wp-content\/uploads\/sites\/148\/2025\/10\/Destaque-Novo-Universo-20.jpg","width":450,"height":250},{"@type":"BreadcrumbList","@id":"http:\/\/universofamilia.com\/hu\/soft-skills-mas-valoradas-en-2025\/#breadcrumb","itemListElement":[{"@type":"ListItem","position":1,"name":"Home","item":"http:\/\/universofamilia.com\/zh_hk\/"},{"@type":"ListItem","position":2,"name":"Soft skills m\u00e1s valoradas en 2025"}]},{"@type":"WebSite","@id":"http:\/\/universofamilia.com\/zh_hk\/#website","url":"http:\/\/universofamilia.com\/zh_hk\/","name":"Universo Fam\u00edlia","description":"","potentialAction":[{"@type":"SearchAction","target":{"@type":"EntryPoint","urlTemplate":"http:\/\/universofamilia.com\/zh_hk\/?s={search_term_string}"},"query-input":"required name=search_term_string"}],"inLanguage":"da-DK"},{"@type":"Person","@id":"http:\/\/universofamilia.com\/zh_hk\/#\/schema\/person\/92fcd07e9b1f4323bf74f3170fc0f78a","name":"Matheus Sangaletti","image":{"@type":"ImageObject","inLanguage":"da-DK","@id":"http:\/\/universofamilia.com\/zh_hk\/#\/schema\/person\/image\/","url":"https:\/\/secure.gravatar.com\/avatar\/280ea957a14a48e6a1ad2133d2cc27c9?s=96&d=mm&r=g","contentUrl":"https:\/\/secure.gravatar.com\/avatar\/280ea957a14a48e6a1ad2133d2cc27c9?s=96&d=mm&r=g","caption":"Matheus Sangaletti"},"url":"https:\/\/universofamilia.com\/da\/author\/matheuss\/"}]}},"_links":{"self":[{"href":"https:\/\/universofamilia.com\/da\/wp-json\/wp\/v2\/posts\/10199"}],"collection":[{"href":"https:\/\/universofamilia.com\/da\/wp-json\/wp\/v2\/posts"}],"about":[{"href":"https:\/\/universofamilia.com\/da\/wp-json\/wp\/v2\/types\/post"}],"author":[{"embeddable":true,"href":"https:\/\/universofamilia.com\/da\/wp-json\/wp\/v2\/users\/219"}],"replies":[{"embeddable":true,"href":"https:\/\/universofamilia.com\/da\/wp-json\/wp\/v2\/comments?post=10199"}],"version-history":[{"count":1,"href":"https:\/\/universofamilia.com\/da\/wp-json\/wp\/v2\/posts\/10199\/revisions"}],"predecessor-version":[{"id":10203,"href":"https:\/\/universofamilia.com\/da\/wp-json\/wp\/v2\/posts\/10199\/revisions\/10203"}],"wp:featuredmedia":[{"embeddable":true,"href":"https:\/\/universofamilia.com\/da\/wp-json\/wp\/v2\/media\/10200"}],"wp:attachment":[{"href":"https:\/\/universofamilia.com\/da\/wp-json\/wp\/v2\/media?parent=10199"}],"wp:term":[{"taxonomy":"category","embeddable":true,"href":"https:\/\/universofamilia.com\/da\/wp-json\/wp\/v2\/categories?post=10199"},{"taxonomy":"post_tag","embeddable":true,"href":"https:\/\/universofamilia.com\/da\/wp-json\/wp\/v2\/tags?post=10199"}],"curies":[{"name":"wp","href":"https:\/\/api.w.org\/{rel}","templated":true}]}}