{"id":10213,"date":"2025-10-27T12:35:00","date_gmt":"2025-10-27T15:35:00","guid":{"rendered":"https:\/\/universofamilia.com\/?p=10213"},"modified":"2025-10-27T12:35:18","modified_gmt":"2025-10-27T15:35:18","slug":"economia-mundial-en-2025-recesion-o-recuperacion","status":"publish","type":"post","link":"https:\/\/universofamilia.com\/da\/economia-mundial-en-2025-recesion-o-recuperacion\/","title":{"rendered":"Verdens\u00f8konomien i 2025: Recession eller genopretning?"},"content":{"rendered":"<p class=\"has-text-align-center\">Vi vil analysere IMF&#039;s udsigter vedr. <strong>verdens\u00f8konomien i 2025<\/strong>, de faktorer, der peger p\u00e5 recession eller genopretning, og deres konsekvenser for Latinamerika.<\/p>\n\n\n\n<figure class=\"wp-block-gallery aligncenter has-nested-images columns-default is-cropped wp-block-gallery-1 is-layout-flex wp-block-gallery-is-layout-flex\">\n<figure class=\"wp-block-image size-full\"><img loading=\"lazy\" decoding=\"async\" width=\"450\" height=\"250\" data-id=\"10215\" src=\"https:\/\/universofamilia.com\/wp-content\/uploads\/sites\/148\/2025\/10\/Destaque-Novo-Universo-23-1.jpg\" alt=\"\" class=\"wp-image-10215\" srcset=\"https:\/\/universofamilia.com\/wp-content\/uploads\/sites\/148\/2025\/10\/Destaque-Novo-Universo-23-1.jpg 450w, https:\/\/universofamilia.com\/wp-content\/uploads\/sites\/148\/2025\/10\/Destaque-Novo-Universo-23-1-300x167.jpg 300w, https:\/\/universofamilia.com\/wp-content\/uploads\/sites\/148\/2025\/10\/Destaque-Novo-Universo-23-1-18x10.jpg 18w\" sizes=\"(max-width: 450px) 100vw, 450px\" \/><figcaption class=\"wp-element-caption\">CANVA<\/figcaption><\/figure>\n<\/figure>\n\n\n\n<p class=\"has-text-align-center\">Vi vil ogs\u00e5 unders\u00f8ge, hvilke strategiske beslutninger der kan g\u00f8re en forskel for lande og virksomheder.<\/p>\n\n\n\n<p class=\"has-text-align-center\">Med en menneskelig og realistisk tilgang vil jeg tydeligt forklare, hvorfor sp\u00f8rgsm\u00e5let <strong>&quot;Den Internationale Valutafond 2025: Recession eller genopretning?&quot;<\/strong> er mere relevant end nogensinde.<\/p>\n\n\n\n<p><br><strong>Global\u00f8konomi i 2025: Recession eller genopretning?<\/strong><\/p>\n\n\n\n<p>Det er i centrum for den \u00f8konomiske debat i \u00e5r, og faktisk optr\u00e6der n\u00f8gleordet fra f\u00f8rste linje for naturligt at forst\u00e6rke dets tilstedev\u00e6relse.<\/p>\n\n\n\n<p>Dette er ikke et hypotetisk scenarie; nyere IMF-data viser, at den globale v\u00e6kst forventes at v\u00e6re omkring 3,2 % i 3. kvartal 2013 for i \u00e5r, hvilket kun er en lille opbremsning fra 3,3 % i 3. kvartal 2013 i 2024.<\/p>\n\n\n\n<p>Kort sagt er den globale \u00f8konomi ikke p\u00e5 randen af kollaps, men den navigerer i vanskeligt terr\u00e6n.<\/p>\n\n\n\n<p>Det er som at k\u00f8re p\u00e5 en motorvej med god asfalt, men med en uventet storm i horisonten. Du kan holde kursen, men du skal justere din hastighed, bremser og opm\u00e6rksomhed.<\/p>\n\n\n\n<p>Denne analogi hj\u00e6lper med at forst\u00e5, hvorfor dette \u00f8jeblik kr\u00e6ver forsigtighed og beslutsomhed.<\/p>\n\n\n\n<p>Dern\u00e6st vil vi unders\u00f8ge de vigtigste risiko- og mulighedsvektorer, hvordan hindringerne adskiller sig for udviklede versus v\u00e6kstlande, og endelig, hvad de virkelige scenarier kunne v\u00e6re for dig, din virksomhed eller dit latinamerikanske land.<\/p>\n\n\n\n<h2 class=\"wp-block-heading\">Globale udsigter: moderat v\u00e6kst, h\u00f8je risici<\/h2>\n\n\n\n<p>Den seneste udgave af Den Internationale Valutafonds World Economic Outlook (WEO) advarer om, at den globale v\u00e6kst gradvist vil aftage: fra 3,3 % i 2024 til cirka 3,2 % i 2025 og 3,1 % i 2026.<\/p>\n\n\n\n<ul>\n<li>I avancerede \u00f8konomier forventes v\u00e6ksten at v\u00e6re omkring 1,5 % i 2025.<\/li>\n\n\n\n<li>I v\u00e6kst- og udviklingsmarkeder forventes lidt mere end 4 %, dog med en klart opadg\u00e5ende tendens.<\/li>\n<\/ul>\n\n\n\n<p>Denne v\u00e6kstnedgang indeb\u00e6rer ikke automatisk en recession; r\u00e5derummet er dog meget sn\u00e6vrere.<\/p>\n\n\n\n<p>Faktorer som handelssp\u00e6ndinger, problemer med arbejdsudbuddet og akkumulerende offentlig g\u00e6ld p\u00e5virker modstandsdygtigheden.<\/p>\n\n\n\n<p>For eksempel bem\u00e6rker rapporten, at &quot;risiciene er sk\u00e6ve i retning af nedadg\u00e5ende tendenser.&quot;<\/p>\n\n\n\n<p>En relevant statistik: if\u00f8lge WEO fra oktober 2025 er den ansl\u00e5ede globale v\u00e6kst <strong>3.2 %<\/strong> for i \u00e5r.<\/p>\n\n\n\n<p>Det billede, vi st\u00e5r tilbage med, er en ballon, der forts\u00e6tter med at puste sig op, men med sm\u00e5 l\u00e6kager: den forbliver i luften, men med ekstra anstrengelse og risiko for at punktere, hvis der opst\u00e5r yderligere st\u00f8d.<\/p>\n\n\n\n<p>I den forstand er titlen <strong>&quot;Verdens\u00f8konomien i 2025: Recession eller genopretning?&quot;<\/strong> Det er et relevant sp\u00f8rgsm\u00e5l, der kr\u00e6ver en grundig analyse.<\/p>\n\n\n\n<h2 class=\"wp-block-heading\">Faktorer, der fremmer recession<\/h2>\n\n\n\n<h3 class=\"wp-block-heading\">a) Handelssp\u00e6ndinger og fragmentering<\/h3>\n\n\n\n<p>Reorganiseringen af v\u00e6rdik\u00e6der skaber sammen med h\u00f8jere toldsatser og handelsbarrierer usikkerhed. <\/p>\n\n\n\n<p>WEO advarer om, at overdreven stramning af handelspolitikken og global fragmentering kan h\u00e6mme investeringer.<\/p>\n\n\n\n<h3 class=\"wp-block-heading\">b) Problemer p\u00e5 arbejdsmarkedet og i demografien<\/h3>\n\n\n\n<p>En aldrende befolkning, en lavere arbejdsstyrkedeltagelse og mangel p\u00e5 kvalificeret arbejdskraft blandt unge er strukturelle begr\u00e6nsninger.<\/p>\n\n\n\n<p>Rapporten viser, at stimulering af v\u00e6kst kr\u00e6ver en forbedret arbejdsstyrkedeltagelse blandt \u00e6ldre voksne og kvinder.<\/p>\n\n\n\n<h3 class=\"wp-block-heading\">c) H\u00f8j g\u00e6ld og \u00f8konomisk s\u00e5rbarhed<\/h3>\n\n\n\n<p>Kombinationen af langsom v\u00e6kst og h\u00f8j g\u00e6ld giver mange lande begr\u00e6nset man\u00f8vrerum i tilf\u00e6lde af en krise.<\/p>\n\n\n\n<p>IMF advarer om, at en finansiel korrektion, et scenarie mange anser for usandsynligt, fortsat er en latent trussel.<\/p>\n\n\n\n<h3 class=\"wp-block-heading\">d) Uventede chok: klima, geopolitik, teknologi<\/h3>\n\n\n\n<p>Et eksempel kunne v\u00e6re en regional konflikt, der forstyrrer vigtig eksport, eller en pludselig energikrise.<\/p>\n\n\n\n<p>I s\u00e5danne tilf\u00e6lde stiger risikoen for at havne i recession dramatisk.<\/p>\n\n\n\n<p>Analogien her ville v\u00e6re en cykel, der cykler i en gunstig vind: s\u00e5 snart vinden skifter retning, mister man balancen.<\/p>\n\n\n\n<p>Derfor synes et recessionsscenarie ikke at v\u00e6re det mest sandsynlige scenarie i 2025, men det kan ikke udelukkes.<\/p>\n\n\n\n<p>Og det er netop p\u00e5 grund af dette h\u00f8je risikoniveau, at sp\u00f8rgsm\u00e5let <strong>&quot;Verdens\u00f8konomien i 2025: Recession eller genopretning?&quot;<\/strong> b\u00f8r tages alvorligt.<\/p>\n\n\n\n<h2 class=\"wp-block-heading\">Faktorer, der driver bedring<\/h2>\n\n\n\n<h3 class=\"wp-block-heading\">a) Tilpasning og modstandsdygtighed<\/h3>\n\n\n\n<p>Det faktum, at den globale v\u00e6kst ikke er kollapset (3,2 %), indikerer, at der er en evne til modstandsdygtighed: teknologisektorer, indenlandsk forbrug i v\u00e6kstmarkeder og reduktionen af visse handelsbarrierer bidrager alle.<\/p>\n\n\n\n<h3 class=\"wp-block-heading\">b) Potentiale for strukturelle \u00e6ndringer (AI, digitalisering)<\/h3>\n\n\n\n<p>En nylig unders\u00f8gelse analyserer, hvordan indf\u00f8relsen af kunstig intelligens (AI) p\u00e5virker det globale bruttonationalprodukt (BNP), og antyder, at produktiviteten kan f\u00e5 et l\u00f8ft, hvis den ledsages af de rette politikker.<\/p>\n\n\n\n<h3 class=\"wp-block-heading\">c) Genopretning af sektoren efter pandemien<\/h3>\n\n\n\n<p>Sektorer, der haltede bagefter under pandemien (rejser, fritid, personlige tjenester), viser tegn p\u00e5 bedring, hvilket g\u00f8r det muligt at genaktivere noget af den &quot;sovende kapital&quot;.<\/p>\n\n\n\n<h3 class=\"wp-block-heading\">d) Internationalt samarbejde og strukturreformer<\/h3>\n\n\n\n<p>Hvis regeringer v\u00e6lger mere koordinerede politikker, reducerer handelsbarrierer og implementerer produktivitetsreformer, kan de medf\u00f8re betydelige forandringer.<\/p>\n\n\n\n<p>WEO-rapporten n\u00e6vner, at &quot;konstruktive handlinger for at fremme et stabilt og forudsigeligt handelsmilj\u00f8&quot; er n\u00f8glen.<\/p>\n\n\n\n<p>Et konkret eksempel: et latinamerikansk land, der systematisk investerer i digital infrastruktur og uddannelse i teknologiske f\u00e6rdigheder, kan drage fordel meget hurtigere end et, der kun forts\u00e6tter med traditionelle politikker. <\/p>\n\n\n\n<p>Dette er et eksempel p\u00e5, hvordan genopretningen kan fremskyndes, hvis beslutninger tr\u00e6ffes i overensstemmelse med den globale kontekst.<\/p>\n\n\n\n<h2 class=\"wp-block-heading\">4. Mulige scenarier for 2025 og hvad de indeb\u00e6rer<\/h2>\n\n\n\n<h3 class=\"wp-block-heading\">Scenarie A \u2013 Bl\u00f8d stagnation<\/h3>\n\n\n\n<p>I dette tilf\u00e6lde forbliver v\u00e6ksten t\u00e6t p\u00e5 det globale 3%, uden recession, men ogs\u00e5 uden en kraftig genopretning.<\/p>\n\n\n\n<p>Virksomheder vokser moderat, men vinduet for innovation bliver mindre.<\/p>\n\n\n\n<p>I dette scenarie forts\u00e6tter mange v\u00e6kst\u00f8konomier med at f\u00f8re an, mens de avancerede \u00f8konomier vakler en smule.<\/p>\n\n\n\n<h3 class=\"wp-block-heading\">Scenarie B \u2013 Moderat sneglelignende genopretning<\/h3>\n\n\n\n<p>Her kombineres teknologisk tilpasning, produktivitetsforbedringer og internationalt samarbejde for at muligg\u00f8re en global v\u00e6kst p\u00e5 3,5 % af v\u00e6ksten eller mere.<\/p>\n\n\n\n<p>For lande med aktive reformer betyder det \u00f8gede udenlandske investeringer, \u00f8get v\u00e6rditilv\u00e6kst i eksporten og forbedret besk\u00e6ftigelse.<\/p>\n\n\n\n<h3 class=\"wp-block-heading\">Scenarie C \u2013 Lokal eller generaliseret recession<\/h3>\n\n\n\n<p>Selvom det er usandsynligt globalt set, kan visse lande eller regioner falde i recession \u2013 for eksempel \u00f8konomier med h\u00f8j g\u00e6ld, bankkriser eller n\u00f8glesektorer, der er ramt af eksterne chok.<\/p>\n\n\n\n<p>Titlen <strong>&quot;Verdens\u00f8konomien i 2025: Recession eller genopretning?&quot;<\/strong> Dette er fuldt ud relevant her: det handler ikke s\u00e5 meget om, hvorvidt der vil komme en total global recession, men snarere om hvor mange og hvilke lande, der kan blive udeladt af den positive cyklus.<\/p>\n\n\n\n<p>For dem, der opererer i Latinamerika eller Mexico, betyder det, at det er vigtigt ikke at antage, at &quot;konteksten er neutral&quot;.<\/p>\n\n\n\n<p>Hvis du er i gruppen af \u00f8konomier med eksponering for r\u00e5materialer, turisme eller f\u00f8lsomme sektorer, b\u00f8r du planl\u00e6gge for scenarie B eller C, ikke kun A.<\/p>\n\n\n\n<h2 class=\"wp-block-heading\">Hvad kan latinamerikanske lande og virksomheder g\u00f8re?<\/h2>\n\n\n\n<h3 class=\"wp-block-heading\">For lande<\/h3>\n\n\n\n<ul>\n<li>Prioriter politikker, der skal \u00f8ge produktiviteten: investeringer i menneskelig kapital, digitalisering og infrastruktur.<\/li>\n\n\n\n<li>Konsolidering af de offentlige finanser: tilg\u00e6ngelig g\u00e6ld, tilstr\u00e6kkelig man\u00f8vrerum i lyset af eksterne chok.<\/li>\n\n\n\n<li>Fremme handels\u00e5benhed og markedsdiversificering for at mindske afh\u00e6ngigheden af en enkelt region.<\/li>\n<\/ul>\n\n\n\n<h3 class=\"wp-block-heading\">For virksomheder<\/h3>\n\n\n\n<ul>\n<li>Forudse det moderate v\u00e6kstscenarie: optimer omkostninger, s\u00f8g nichemarkeder, og adopter teknologi for at differentiere dig.<\/li>\n\n\n\n<li>Opbyg finansiel modstandsdygtighed: hav likviditet, lavere g\u00e6lds\u00e6tning og beredskabsplaner for nedture.<\/li>\n\n\n\n<li>Se teknologisk disruption ikke kun som en trussel, men som en mulighed: Forestil dig to mexicanske startups, den ene der investerede i AI inden for logistik, og den anden der ikke gjorde: f\u00f8rstn\u00e6vnte kan \u00f8ge sin v\u00e6kst i en verden, hvor effektivitet er altafg\u00f8rende.<\/li>\n<\/ul>\n\n\n\n<p>En nyttig analogi: et firma er som en sejlb\u00e5d, der sejler i et hav med svage str\u00f8mme og uregelm\u00e6ssige vinde.<\/p>\n\n\n\n<p>Hvis du trimmer dine sejl (teknologi), holder dit skrog rent (produktivitet) og har opdaterede kort (\u00f8konomiske data), vil du v\u00e6re i stand til at bev\u00e6ge dig fremad, selv n\u00e5r vinden er let.<\/p>\n\n\n\n<p>De, der kun f\u00f8lger den traditionelle rute, vil blive efterladt.<\/p>\n\n\n\n<figure class=\"wp-block-gallery aligncenter has-nested-images columns-default is-cropped wp-block-gallery-2 is-layout-flex wp-block-gallery-is-layout-flex\">\n<figure class=\"wp-block-image size-full\"><img loading=\"lazy\" decoding=\"async\" width=\"450\" height=\"250\" data-id=\"10216\" src=\"https:\/\/universofamilia.com\/wp-content\/uploads\/sites\/148\/2025\/10\/Destaque-Novo-Universo-24.jpg\" alt=\"\" class=\"wp-image-10216\" srcset=\"https:\/\/universofamilia.com\/wp-content\/uploads\/sites\/148\/2025\/10\/Destaque-Novo-Universo-24.jpg 450w, https:\/\/universofamilia.com\/wp-content\/uploads\/sites\/148\/2025\/10\/Destaque-Novo-Universo-24-300x167.jpg 300w, https:\/\/universofamilia.com\/wp-content\/uploads\/sites\/148\/2025\/10\/Destaque-Novo-Universo-24-18x10.jpg 18w\" sizes=\"(max-width: 450px) 100vw, 450px\" \/><figcaption class=\"wp-element-caption\">CANVA<\/figcaption><\/figure>\n<\/figure>\n\n\n\n<p>L\u00e6s mere:\u00a0<a href=\"https:\/\/universofamilia.com\/da\/crisis-climatica-global\/\">Global klimakrise: Konsekvenserne p\u00e5virker allerede millioner<\/a><\/p>\n\n\n\n<h2 class=\"wp-block-heading\">S\u00e5 st\u00e5r vi over for en recession eller en genopretning?<\/h2>\n\n\n\n<p>Svaret er: <strong>begge i forskellige doser<\/strong>.<\/p>\n\n\n\n<p>En global recession er ikke uundg\u00e5elig i 2025, og det er heller ikke en sprudlende genopretning.<\/p>\n\n\n\n<p>Vi er snarere ved et vendepunkt, hvor meget vil afh\u00e6nge af de beslutninger, der tr\u00e6ffes \u2013 b\u00e5de p\u00e5 makro\u00f8konomisk og forretningsm\u00e6ssigt niveau.<\/p>\n\n\n\n<p>Titlen <strong>&quot;Verdens\u00f8konomien i 2025: Recession eller genopretning?&quot;<\/strong> indeholder den dualitet.<\/p>\n\n\n\n<p>Hvis regeringer og organisationer handler med vision, kan vi se en moderat genopretning.<\/p>\n\n\n\n<p>Hvis inerti, fragmentering og ukontrolleret g\u00e6ld hersker, kan nogle omr\u00e5der glide ind i recession.<\/p>\n\n\n\n<p>N\u00f8glen er at komme i forvejen, i stedet for at reagere, n\u00e5r tilbagegangen allerede er m\u00e6rkbar.<\/p>\n\n\n\n<p>Hvis en virksomhed eller et land venter p\u00e5, at &quot;stormen&quot; s\u00e6tter ind, f\u00f8r de handler, vil de v\u00e6re i en ulempe i forhold til dem, der allerede har justeret deres sejl.<\/p>\n\n\n\n<h2 class=\"wp-block-heading\">Konklusion<\/h2>\n\n\n\n<p>\u00c5r 2025 repr\u00e6senterer en meget specifik udfordring for den globale \u00f8konomi.<\/p>\n\n\n\n<p>Med en global v\u00e6kst, der forventes at v\u00e6re omkring 3,2 % i den f\u00f8rste til tredje kvartal af 2013, er vi langt fra en eksplosiv genopretning og endnu ikke p\u00e5 randen af kollaps.<\/p>\n\n\n\n<p>Men marginerne bliver mindre, risiciene stiger, og mulighederne skal gribes nu.<\/p>\n\n\n\n<p>Sp\u00f8rgsm\u00e5let <strong>&quot;Verdens\u00f8konomien i 2025: Recession eller genopretning?&quot;<\/strong> Det er ikke bare retorik; det er en opfordring til handling.<\/p>\n\n\n\n<p>For v\u00e6kst\u00f8konomier, virksomheder og investorer er det nu, der skal planl\u00e6gges.<\/p>\n\n\n\n<p>Forskellen mellem dem, der h\u00e5ndterer denne cyklus godt, og dem, der undervurderer den, kan v\u00e6re afg\u00f8rende for de n\u00e6ste fem til ti \u00e5rs fordel eller forsinkelse.<\/p>\n\n\n\n<p>Jeg inviterer dig til at analysere: Er du p\u00e5 b\u00e5den, der justerer sine sejl og renser sit skrog, eller p\u00e5 den b\u00e5d, der venter p\u00e5, at vinden tager til af sig selv?<\/p>\n\n\n\n<p>L\u00e6s mere:\u00a0<a href=\"https:\/\/universofamilia.com\/da\/el-papel-de-la-tecnologia-en-las-elecciones-internacionales\/\">Teknologiens rolle i internationale valg<\/a><\/p>\n\n\n\n<h2 class=\"wp-block-heading\">Ofte stillede sp\u00f8rgsm\u00e5l (FAQ)<\/h2>\n\n\n\n<p><strong>Skal vi forberede os p\u00e5 en global recession i 2025?<\/strong><br>En recession er ikke uundg\u00e5elig for hele planeten.<\/p>\n\n\n\n<p>Det er dog tilr\u00e5deligt at forberede sig p\u00e5 i det mindste en periode med stagnation eller moderat v\u00e6kst.<\/p>\n\n\n\n<p>Dette indeb\u00e6rer justering af \u00f8konomi, produktionsmaskineri og forventninger.<\/p>\n\n\n\n<p><strong>Kan Mexico drage fordel af den globale genopretning?<\/strong><br>Ja, Mexico kan drage fordel af at udnytte eksportmarkederne, indf\u00f8re teknologi og positionere sig i nicher med v\u00e6rdiskabelse.<\/p>\n\n\n\n<p>Men den er ogs\u00e5 udsat, hvis den er for afh\u00e6ngig af r\u00e5varer eller traditionelle sektorer.<\/p>\n\n\n\n<p><strong>Hvilke sektorer har den bedste chance for v\u00e6kst i denne sammenh\u00e6ng?<\/strong><br><\/p>\n\n\n\n<p>Sektorer knyttet til teknologi, digitalisering, vedvarende energi, smart logistik og eksportorienteret produktion har st\u00f8rre sandsynlighed for at udm\u00e6rke sig.<\/p>\n\n\n\n<p>I mods\u00e6tning hertil kan sektorer, der er st\u00e6rkt eksponeret mod r\u00e5varer uden diversificering, halte bagefter.<\/p>\n\n\n\n<p><strong>Hvilken rolle spiller internationalt samarbejde?<\/strong><br>Det er essentielt. Reduktion af handelsbarrierer, forbedring af globale forsyningsk\u00e6der og koordinering af makro\u00f8konomiske politikker er med til at skabe et mere gunstigt milj\u00f8 for v\u00e6kst.<\/p>\n\n\n\n<p>Hvis fragmenteringen intensiveres, \u00f8ges tr\u00e6kkraften fra recessionen.<\/p>\n\n\n\n<p><strong>Hvad er den prim\u00e6re anbefaling til en virksomhed i Latinamerika?<\/strong><br><\/p>\n\n\n\n<p>Evaluer din eksponering for international risiko, invester i teknologi og produktivitet, reducer \u00f8konomisk s\u00e5rbarhed, og s\u00f8g at diversificere markederne.<\/p>\n\n\n\n<p>G\u00e5 ikke ud fra, at cyklussen kun vil bringe gunstige vinde; forbered dig p\u00e5 vindst\u00f8d og vindstille.<\/p>","protected":false},"excerpt":{"rendered":"<p>Analizaremos el panorama del FMI sobre la econom\u00eda mundial en 2025, los factores que apuntan a recesi\u00f3n o recuperaci\u00f3n y sus implicaciones para Am\u00e9rica Latina. Tambi\u00e9n exploraremos qu\u00e9 decisiones estrat\u00e9gicas podr\u00edan marcar la diferencia para los pa\u00edses y las empresas. Con enfoque humano y realista, explicar\u00e9 con claridad por qu\u00e9 la interrogante \u201cInternational Monetary Fund [&hellip;]<\/p>","protected":false},"author":219,"featured_media":10214,"comment_status":"closed","ping_status":"open","sticky":false,"template":"","format":"standard","meta":{"footnotes":""},"categories":[4],"tags":[],"yoast_head":"<!-- This site is optimized with the Yoast SEO plugin v23.3 - https:\/\/yoast.com\/wordpress\/plugins\/seo\/ -->\n<title>Econom\u00eda mundial en 2025: \u00bfrecesi\u00f3n o recuperaci\u00f3n? - Universo Fam\u00edlia<\/title>\n<meta name=\"description\" content=\"Analizaremos el panorama del FMI sobre la econom\u00eda mundial en 2025, los factores que apuntan a recesi\u00f3n o recuperaci\u00f3n y sus implicaciones..\" \/>\n<meta name=\"robots\" content=\"index, follow, max-snippet:-1, max-image-preview:large, max-video-preview:-1\" \/>\n<link rel=\"canonical\" href=\"https:\/\/universofamilia.com\/da\/economia-mundial-en-2025-recesion-o-recuperacion\/\" \/>\n<meta property=\"og:locale\" content=\"da_DK\" \/>\n<meta property=\"og:type\" content=\"article\" \/>\n<meta property=\"og:title\" content=\"Econom\u00eda mundial en 2025: \u00bfrecesi\u00f3n o recuperaci\u00f3n? - Universo Fam\u00edlia\" \/>\n<meta property=\"og:description\" content=\"Analizaremos el panorama del FMI sobre la econom\u00eda mundial en 2025, los factores que apuntan a recesi\u00f3n o recuperaci\u00f3n y sus implicaciones..\" \/>\n<meta property=\"og:url\" content=\"https:\/\/universofamilia.com\/da\/economia-mundial-en-2025-recesion-o-recuperacion\/\" \/>\n<meta property=\"og:site_name\" content=\"Universo Fam\u00edlia\" \/>\n<meta property=\"article:published_time\" content=\"2025-10-27T15:35:00+00:00\" \/>\n<meta property=\"article:modified_time\" content=\"2025-10-27T15:35:18+00:00\" \/>\n<meta property=\"og:image\" content=\"https:\/\/universofamilia.com\/wp-content\/uploads\/sites\/148\/2025\/10\/Destaque-Novo-Universo-23.jpg\" \/>\n\t<meta property=\"og:image:width\" content=\"450\" \/>\n\t<meta property=\"og:image:height\" content=\"250\" \/>\n\t<meta property=\"og:image:type\" content=\"image\/jpeg\" \/>\n<meta name=\"author\" content=\"Matheus Sangaletti\" \/>\n<meta name=\"twitter:card\" content=\"summary_large_image\" \/>\n<meta name=\"twitter:label1\" content=\"Written by\" \/>\n\t<meta name=\"twitter:data1\" content=\"Matheus Sangaletti\" \/>\n\t<meta name=\"twitter:label2\" content=\"Est. reading time\" \/>\n\t<meta name=\"twitter:data2\" content=\"11 minutter\" \/>\n<script type=\"application\/ld+json\" class=\"yoast-schema-graph\">{\"@context\":\"https:\/\/schema.org\",\"@graph\":[{\"@type\":\"WebPage\",\"@id\":\"https:\/\/universofamilia.com\/el\/economia-mundial-en-2025-recesion-o-recuperacion\/\",\"url\":\"https:\/\/universofamilia.com\/el\/economia-mundial-en-2025-recesion-o-recuperacion\/\",\"name\":\"Econom\u00eda mundial en 2025: \u00bfrecesi\u00f3n o recuperaci\u00f3n? - Universo Fam\u00edlia\",\"isPartOf\":{\"@id\":\"https:\/\/universofamilia.com\/el\/#website\"},\"primaryImageOfPage\":{\"@id\":\"https:\/\/universofamilia.com\/el\/economia-mundial-en-2025-recesion-o-recuperacion\/#primaryimage\"},\"image\":{\"@id\":\"https:\/\/universofamilia.com\/el\/economia-mundial-en-2025-recesion-o-recuperacion\/#primaryimage\"},\"thumbnailUrl\":\"https:\/\/universofamilia.com\/wp-content\/uploads\/sites\/148\/2025\/10\/Destaque-Novo-Universo-23.jpg\",\"datePublished\":\"2025-10-27T15:35:00+00:00\",\"dateModified\":\"2025-10-27T15:35:18+00:00\",\"author\":{\"@id\":\"https:\/\/universofamilia.com\/el\/#\/schema\/person\/92fcd07e9b1f4323bf74f3170fc0f78a\"},\"description\":\"Analizaremos el panorama del FMI sobre la econom\u00eda mundial en 2025, los factores que apuntan a recesi\u00f3n o recuperaci\u00f3n y sus implicaciones..\",\"breadcrumb\":{\"@id\":\"https:\/\/universofamilia.com\/el\/economia-mundial-en-2025-recesion-o-recuperacion\/#breadcrumb\"},\"inLanguage\":\"da-DK\",\"potentialAction\":[{\"@type\":\"ReadAction\",\"target\":[\"https:\/\/universofamilia.com\/el\/economia-mundial-en-2025-recesion-o-recuperacion\/\"]}]},{\"@type\":\"ImageObject\",\"inLanguage\":\"da-DK\",\"@id\":\"https:\/\/universofamilia.com\/el\/economia-mundial-en-2025-recesion-o-recuperacion\/#primaryimage\",\"url\":\"https:\/\/universofamilia.com\/wp-content\/uploads\/sites\/148\/2025\/10\/Destaque-Novo-Universo-23.jpg\",\"contentUrl\":\"https:\/\/universofamilia.com\/wp-content\/uploads\/sites\/148\/2025\/10\/Destaque-Novo-Universo-23.jpg\",\"width\":450,\"height\":250},{\"@type\":\"BreadcrumbList\",\"@id\":\"https:\/\/universofamilia.com\/el\/economia-mundial-en-2025-recesion-o-recuperacion\/#breadcrumb\",\"itemListElement\":[{\"@type\":\"ListItem\",\"position\":1,\"name\":\"Home\",\"item\":\"https:\/\/universofamilia.com\/el\/\"},{\"@type\":\"ListItem\",\"position\":2,\"name\":\"Econom\u00eda mundial en 2025: \u00bfrecesi\u00f3n o recuperaci\u00f3n?\"}]},{\"@type\":\"WebSite\",\"@id\":\"https:\/\/universofamilia.com\/el\/#website\",\"url\":\"https:\/\/universofamilia.com\/el\/\",\"name\":\"Universo Fam\u00edlia\",\"description\":\"\",\"potentialAction\":[{\"@type\":\"SearchAction\",\"target\":{\"@type\":\"EntryPoint\",\"urlTemplate\":\"https:\/\/universofamilia.com\/el\/?s={search_term_string}\"},\"query-input\":\"required name=search_term_string\"}],\"inLanguage\":\"da-DK\"},{\"@type\":\"Person\",\"@id\":\"https:\/\/universofamilia.com\/el\/#\/schema\/person\/92fcd07e9b1f4323bf74f3170fc0f78a\",\"name\":\"Matheus Sangaletti\",\"image\":{\"@type\":\"ImageObject\",\"inLanguage\":\"da-DK\",\"@id\":\"https:\/\/universofamilia.com\/el\/#\/schema\/person\/image\/\",\"url\":\"https:\/\/secure.gravatar.com\/avatar\/280ea957a14a48e6a1ad2133d2cc27c9?s=96&d=mm&r=g\",\"contentUrl\":\"https:\/\/secure.gravatar.com\/avatar\/280ea957a14a48e6a1ad2133d2cc27c9?s=96&d=mm&r=g\",\"caption\":\"Matheus Sangaletti\"},\"url\":\"https:\/\/universofamilia.com\/da\/author\/matheuss\/\"}]}<\/script>\n<!-- \/ Yoast SEO plugin. -->","yoast_head_json":{"title":"Econom\u00eda mundial en 2025: \u00bfrecesi\u00f3n o recuperaci\u00f3n? - Universo Fam\u00edlia","description":"Analizaremos el panorama del FMI sobre la econom\u00eda mundial en 2025, los factores que apuntan a recesi\u00f3n o recuperaci\u00f3n y sus implicaciones..","robots":{"index":"index","follow":"follow","max-snippet":"max-snippet:-1","max-image-preview":"max-image-preview:large","max-video-preview":"max-video-preview:-1"},"canonical":"https:\/\/universofamilia.com\/da\/economia-mundial-en-2025-recesion-o-recuperacion\/","og_locale":"da_DK","og_type":"article","og_title":"Econom\u00eda mundial en 2025: \u00bfrecesi\u00f3n o recuperaci\u00f3n? - Universo Fam\u00edlia","og_description":"Analizaremos el panorama del FMI sobre la econom\u00eda mundial en 2025, los factores que apuntan a recesi\u00f3n o recuperaci\u00f3n y sus implicaciones..","og_url":"https:\/\/universofamilia.com\/da\/economia-mundial-en-2025-recesion-o-recuperacion\/","og_site_name":"Universo Fam\u00edlia","article_published_time":"2025-10-27T15:35:00+00:00","article_modified_time":"2025-10-27T15:35:18+00:00","og_image":[{"width":450,"height":250,"url":"https:\/\/universofamilia.com\/wp-content\/uploads\/sites\/148\/2025\/10\/Destaque-Novo-Universo-23.jpg","type":"image\/jpeg"}],"author":"Matheus Sangaletti","twitter_card":"summary_large_image","twitter_misc":{"Written by":"Matheus Sangaletti","Est. reading time":"11 minutter"},"schema":{"@context":"https:\/\/schema.org","@graph":[{"@type":"WebPage","@id":"https:\/\/universofamilia.com\/el\/economia-mundial-en-2025-recesion-o-recuperacion\/","url":"https:\/\/universofamilia.com\/el\/economia-mundial-en-2025-recesion-o-recuperacion\/","name":"Econom\u00eda mundial en 2025: \u00bfrecesi\u00f3n o recuperaci\u00f3n? - Universo Fam\u00edlia","isPartOf":{"@id":"https:\/\/universofamilia.com\/el\/#website"},"primaryImageOfPage":{"@id":"https:\/\/universofamilia.com\/el\/economia-mundial-en-2025-recesion-o-recuperacion\/#primaryimage"},"image":{"@id":"https:\/\/universofamilia.com\/el\/economia-mundial-en-2025-recesion-o-recuperacion\/#primaryimage"},"thumbnailUrl":"https:\/\/universofamilia.com\/wp-content\/uploads\/sites\/148\/2025\/10\/Destaque-Novo-Universo-23.jpg","datePublished":"2025-10-27T15:35:00+00:00","dateModified":"2025-10-27T15:35:18+00:00","author":{"@id":"https:\/\/universofamilia.com\/el\/#\/schema\/person\/92fcd07e9b1f4323bf74f3170fc0f78a"},"description":"Analizaremos el panorama del FMI sobre la econom\u00eda mundial en 2025, los factores que apuntan a recesi\u00f3n o recuperaci\u00f3n y sus implicaciones..","breadcrumb":{"@id":"https:\/\/universofamilia.com\/el\/economia-mundial-en-2025-recesion-o-recuperacion\/#breadcrumb"},"inLanguage":"da-DK","potentialAction":[{"@type":"ReadAction","target":["https:\/\/universofamilia.com\/el\/economia-mundial-en-2025-recesion-o-recuperacion\/"]}]},{"@type":"ImageObject","inLanguage":"da-DK","@id":"https:\/\/universofamilia.com\/el\/economia-mundial-en-2025-recesion-o-recuperacion\/#primaryimage","url":"https:\/\/universofamilia.com\/wp-content\/uploads\/sites\/148\/2025\/10\/Destaque-Novo-Universo-23.jpg","contentUrl":"https:\/\/universofamilia.com\/wp-content\/uploads\/sites\/148\/2025\/10\/Destaque-Novo-Universo-23.jpg","width":450,"height":250},{"@type":"BreadcrumbList","@id":"https:\/\/universofamilia.com\/el\/economia-mundial-en-2025-recesion-o-recuperacion\/#breadcrumb","itemListElement":[{"@type":"ListItem","position":1,"name":"Home","item":"https:\/\/universofamilia.com\/el\/"},{"@type":"ListItem","position":2,"name":"Econom\u00eda mundial en 2025: \u00bfrecesi\u00f3n o recuperaci\u00f3n?"}]},{"@type":"WebSite","@id":"https:\/\/universofamilia.com\/el\/#website","url":"https:\/\/universofamilia.com\/el\/","name":"Universo Fam\u00edlia","description":"","potentialAction":[{"@type":"SearchAction","target":{"@type":"EntryPoint","urlTemplate":"https:\/\/universofamilia.com\/el\/?s={search_term_string}"},"query-input":"required name=search_term_string"}],"inLanguage":"da-DK"},{"@type":"Person","@id":"https:\/\/universofamilia.com\/el\/#\/schema\/person\/92fcd07e9b1f4323bf74f3170fc0f78a","name":"Matheus Sangaletti","image":{"@type":"ImageObject","inLanguage":"da-DK","@id":"https:\/\/universofamilia.com\/el\/#\/schema\/person\/image\/","url":"https:\/\/secure.gravatar.com\/avatar\/280ea957a14a48e6a1ad2133d2cc27c9?s=96&d=mm&r=g","contentUrl":"https:\/\/secure.gravatar.com\/avatar\/280ea957a14a48e6a1ad2133d2cc27c9?s=96&d=mm&r=g","caption":"Matheus Sangaletti"},"url":"https:\/\/universofamilia.com\/da\/author\/matheuss\/"}]}},"_links":{"self":[{"href":"https:\/\/universofamilia.com\/da\/wp-json\/wp\/v2\/posts\/10213"}],"collection":[{"href":"https:\/\/universofamilia.com\/da\/wp-json\/wp\/v2\/posts"}],"about":[{"href":"https:\/\/universofamilia.com\/da\/wp-json\/wp\/v2\/types\/post"}],"author":[{"embeddable":true,"href":"https:\/\/universofamilia.com\/da\/wp-json\/wp\/v2\/users\/219"}],"replies":[{"embeddable":true,"href":"https:\/\/universofamilia.com\/da\/wp-json\/wp\/v2\/comments?post=10213"}],"version-history":[{"count":1,"href":"https:\/\/universofamilia.com\/da\/wp-json\/wp\/v2\/posts\/10213\/revisions"}],"predecessor-version":[{"id":10217,"href":"https:\/\/universofamilia.com\/da\/wp-json\/wp\/v2\/posts\/10213\/revisions\/10217"}],"wp:featuredmedia":[{"embeddable":true,"href":"https:\/\/universofamilia.com\/da\/wp-json\/wp\/v2\/media\/10214"}],"wp:attachment":[{"href":"https:\/\/universofamilia.com\/da\/wp-json\/wp\/v2\/media?parent=10213"}],"wp:term":[{"taxonomy":"category","embeddable":true,"href":"https:\/\/universofamilia.com\/da\/wp-json\/wp\/v2\/categories?post=10213"},{"taxonomy":"post_tag","embeddable":true,"href":"https:\/\/universofamilia.com\/da\/wp-json\/wp\/v2\/tags?post=10213"}],"curies":[{"name":"wp","href":"https:\/\/api.w.org\/{rel}","templated":true}]}}