{"id":10346,"date":"2025-11-17T14:50:39","date_gmt":"2025-11-17T17:50:39","guid":{"rendered":"https:\/\/universofamilia.com\/?p=10346"},"modified":"2025-11-17T14:50:41","modified_gmt":"2025-11-17T17:50:41","slug":"carreras-sostenibles-empleos-verdes-en-auge","status":"publish","type":"post","link":"https:\/\/universofamilia.com\/da\/carreras-sostenibles-empleos-verdes-en-auge\/","title":{"rendered":"B\u00e6redygtige karrierer: blomstrende gr\u00f8nne job"},"content":{"rendered":"<p class=\"has-text-align-center\">B\u00e6redygtige karrierer: blomstrende gr\u00f8nne job. I en verden, hvor talent st\u00e5r over for konstante forandringer, er det afg\u00f8rende at tale om &quot;B\u00e6redygtige karrierer: blomstrende gr\u00f8nne job&quot;.<\/p>\n\n\n\n<figure class=\"wp-block-gallery aligncenter has-nested-images columns-default is-cropped wp-block-gallery-1 is-layout-flex wp-block-gallery-is-layout-flex\">\n<figure class=\"wp-block-image size-full\"><img loading=\"lazy\" decoding=\"async\" width=\"450\" height=\"250\" data-id=\"10348\" src=\"https:\/\/universofamilia.com\/wp-content\/uploads\/sites\/148\/2025\/11\/Destaque-Novo-Universo-4.jpg\" alt=\"\" class=\"wp-image-10348\" srcset=\"https:\/\/universofamilia.com\/wp-content\/uploads\/sites\/148\/2025\/11\/Destaque-Novo-Universo-4.jpg 450w, https:\/\/universofamilia.com\/wp-content\/uploads\/sites\/148\/2025\/11\/Destaque-Novo-Universo-4-300x167.jpg 300w, https:\/\/universofamilia.com\/wp-content\/uploads\/sites\/148\/2025\/11\/Destaque-Novo-Universo-4-18x10.jpg 18w\" sizes=\"(max-width: 450px) 100vw, 450px\" \/><figcaption class=\"wp-element-caption\">Canva<\/figcaption><\/figure>\n<\/figure>\n\n\n\n<p class=\"has-text-align-center\">Det er ikke l\u00e6ngere en forbig\u00e5ende tendens, men en direkte reaktion p\u00e5 den klimam\u00e6ssige, teknologiske og \u00f8konomiske n\u00f8dvendighed. Og inden vi dykker ned i hvert omr\u00e5de, er her et hurtigt resum\u00e9, der kan guide din l\u00e6sning:<\/p>\n\n\n\n<p class=\"has-text-align-center\">En klar definition af konceptet, hvorfor det vokser i Mexico og resten af verden.<\/p>\n\n\n\n<p>De omr\u00e5der med den h\u00f8jeste eftersp\u00f8rgsel, de mest v\u00e6rdsatte f\u00e6rdigheder, to eksempler fra den virkelige verden, verificerbar statistik, en analogi til at visualisere dens effekt, en nyttig sammenligningstabel og en sektion med ofte stillede sp\u00f8rgsm\u00e5l.<\/p>\n\n\n\n<h2 class=\"wp-block-heading\">Et karriereskift, der afspejler, hvad verden har brug for<\/h2>\n\n\n\n<p>Tal om <strong><em>&quot;B\u00e6redygtige karrierer: Gr\u00f8nne job i fremgang.&quot;<\/em><\/strong> Dette indeb\u00e6rer at observere, hvordan energiomstillingen og indf\u00f8relsen af ansvarlige praksisser transformerer det mexicanske arbejdsmarked.<\/p>\n\n\n\n<p>Flere og flere virksomheder leder efter profiler, der kan reducere milj\u00f8p\u00e5virkningen uden at g\u00e5 p\u00e5 kompromis med produktiviteten.<\/p>\n\n\n\n<p>Er det ikke logisk at tro, at den nye \u00f8konomi kr\u00e6ver professionelle, der ved, hvordan man balancerer fremskridt med at beskytte planeten?<\/p>\n\n\n\n<p>Eftersp\u00f8rgslen stiger af flere \u00e5rsager:<\/p>\n\n\n\n<p>Strengere milj\u00f8regler, skatteincitamenter for ren energi, \u00e6ndringer i forbruget og en privat sektor, der begynder at m\u00e5le sit CO2-aftryk mere seri\u00f8st.<\/p>\n\n\n\n<p>ILO angiver, at overgangen til en gr\u00f8n \u00f8konomi kan generere op til 24 millioner job p\u00e5 verdensplan inden 2030, forudsat at afb\u00f8dningspolitikker og teknologisk implementering fremskyndes.<\/p>\n\n\n\n<p>En kendsgerning, der viser mulighedens st\u00f8rrelse.<\/p>\n\n\n\n<h2 class=\"wp-block-heading\">Hvad definerer en b\u00e6redygtig karriere<\/h2>\n\n\n\n<p>Selvom det ofte udelukkende forbindes med vedvarende energi, omfatter konceptet meget mere. En b\u00e6redygtig karriere integrerer tre v\u00e6sentlige elementer:<\/p>\n\n\n\n<p><strong>Effektiv udnyttelse af ressourcer.<\/strong> Fagfolk, der er i stand til at designe, styre eller forbedre processer med lavere energiforbrug og mindre forurening.<\/p>\n\n\n\n<p><strong>Positiv social indvirkning.<\/strong> Projekter, der skaber trivsel, ordentlige job og modstandsdygtighed i lokalsamfundet.<\/p>\n\n\n\n<p><strong>Langsigtet vision.<\/strong> Beslutninger med fokus p\u00e5 varige fordele, ikke kun umiddelbare resultater.<\/p>\n\n\n\n<p>Disse erhverv er som et rodsystem under en skov: usynligt for mange, men afg\u00f8rende for at holde det levende og stabilt.<\/p>\n\n\n\n<h2 class=\"wp-block-heading\">Omr\u00e5der, der fremmer gr\u00f8nne job i Mexico<\/h2>\n\n\n\n<h3 class=\"wp-block-heading\">Vedvarende energi og energiomstilling<\/h3>\n\n\n\n<p>Udvidelsen af sol- og vindm\u00f8lleparker g\u00f8r elteknik, energiprojektledelse og optimering af rene netv\u00e6rk til grundl\u00e6ggende s\u00f8jler.<\/p>\n\n\n\n<p>Specialiserede teknikere, energidataanalytikere og designere af solcelleanl\u00e6g finder grobund.<\/p>\n\n\n\n<p>Professionalisering er n\u00f8glen, da den teknologiske kompleksitet udvikler sig hurtigt.<\/p>\n\n\n\n<h3 class=\"wp-block-heading\">Cirkul\u00e6r \u00f8konomi og affaldsh\u00e5ndtering<\/h3>\n\n\n\n<p>Produktions-, f\u00f8devare-, bygge- og detailvirksomheder integrerer allerede cirkul\u00e6re modeller, der reducerer spild og genopfinder forsyningsk\u00e6der.<\/p>\n\n\n\n<p>Her skiller fagfolk inden for b\u00e6redygtigt design, milj\u00f8konsulenter og specialister i affaldsv\u00e6rdiudnyttelse sig ud, idet de er i stand til at omdanne affald til produktive input.<\/p>\n\n\n\n<h3 class=\"wp-block-heading\">Regenerativt landbrug og f\u00f8devaresystemer<\/h3>\n\n\n\n<p>Agronomer, jordbundseksperter og landbrugsteknologer promoverer landbrugsmetoder, der genopretter \u00f8kosystemer, \u00f8ger vandeffektiviteten og bruger intelligente sensorer til overv\u00e5gning.<\/p>\n\n\n\n<p>Denne sektor vokser is\u00e6r i regioner med vandstress eller produktionspres.<\/p>\n\n\n\n<h3 class=\"wp-block-heading\">Smart mobilitet og ren transport<\/h3>\n\n\n\n<p>Elektrificeringen af transport \u00f8ger eftersp\u00f8rgslen efter profiler inden for ladeinfrastruktur, k\u00f8ret\u00f8jsautomation, b\u00e6redygtig logistik og bydesign orienteret mod aktiv mobilitet.<\/p>\n\n\n\n<h3 class=\"wp-block-heading\">B\u00e6redygtigt byggeri og energieffektivitet i bygninger<\/h3>\n\n\n\n<p>Arkitekter, byplanl\u00e6ggere, klimakontrolspecialister og konsulenter til certificeringer som LEED eller EDGE er afg\u00f8rende for bygninger, der forbruger mindre energi og skaber sundere rum.<\/p>\n\n\n\n<h2 class=\"wp-block-heading\">F\u00e6rdigheder mest v\u00e6rdsat af gr\u00f8nne virksomheder<\/h2>\n\n\n\n<p><strong>Systemt\u00e6nkning.<\/strong> Evne til at forst\u00e5 sammenh\u00e6nge mellem processer, milj\u00f8p\u00e5virkninger og omkostninger.<\/p>\n\n\n\n<p><strong>Digitale f\u00e6rdigheder.<\/strong> Dygtig inden for simuleringssoftware, dataanalyse og automatisering.<\/p>\n\n\n\n<p><strong>Form\u00e5lsdrevet innovation.<\/strong> Tilpasningsevne til at finde l\u00f8sninger i skiftende milj\u00f8er.<\/p>\n\n\n\n<p><strong>Teknisk kommunikation.<\/strong> Forklaring af komplekse processer til ikke-specialiserede m\u00e5lgrupper.<\/p>\n\n\n\n<p><strong>Etisk ressourceforvaltning.<\/strong> Evidensbaserede beslutninger og professionelt ansvar.<\/p>\n\n\n\n<p>Virksomheder er ikke kun p\u00e5 udkig efter teknisk viden; de er ogs\u00e5 p\u00e5 udkig efter en tankegang om kontinuerlig forbedring.<\/p>\n\n\n\n<h2 class=\"wp-block-heading\">To eksempler, der illustrerer den reelle effekt<\/h2>\n\n\n\n<p><strong>Solcelleanl\u00e6g i landdistrikter.<\/strong><\/p>\n\n\n\n<p>En professionel med speciale i solcelleelektrificering kan koordinere projekter, der forbinder fjerntliggende samfund med ren energi, reducerer driftsomkostninger og giver skoler eller sundhedscentre mulighed for at fungere mere stabilt.<\/p>\n\n\n\n<p><strong>Milj\u00f8r\u00e5dgivning for industrien.<\/strong> Eksportvirksomheder er forpligtet til at overholde milj\u00f8standarder.<\/p>\n\n\n\n<p>En specialiseret konsulent kan m\u00e5le emissioner, foresl\u00e5 energiforbedringer og bist\u00e5 med internationale revisioner, hvilket \u00e5bner d\u00f8re til globale markeder.<\/p>\n\n\n\n<p>Disse cases demonstrerer, hvordan en gr\u00f8n karrierevej kombinerer social indflydelse med solid professionel v\u00e6kst.<\/p>\n\n\n\n<h2 class=\"wp-block-heading\">Tabel: Vigtigste gr\u00f8nne omr\u00e5der og deres mest eftertragtede profiler<\/h2>\n\n\n\n<figure class=\"wp-block-table\"><table><thead><tr><th>Sektor<\/th><th>Udvalgte profiler<\/th><th>Type af mulighed<\/th><\/tr><\/thead><tbody><tr><td>Vedvarende energi<\/td><td>Elektroingeni\u00f8rer, solcelleteknikere, effektivitetsanalytikere<\/td><td>H\u00f8j eftersp\u00f8rgsel og teknisk specialisering<\/td><\/tr><tr><td>Cirkul\u00e6r \u00f8konomi<\/td><td>Milj\u00f8konsulenter, b\u00e6redygtige designere, affaldsh\u00e5ndtering<\/td><td>Stabil v\u00e6kst i fremstillingsindustrien<\/td><\/tr><tr><td>B\u00e6redygtigt byggeri<\/td><td>Arkitekter, energirevisorer, LEED-specialister<\/td><td>By- og virksomhedsprojekter<\/td><\/tr><tr><td>Ren mobilitet<\/td><td>Specialister i ladeinfrastruktur, mobilitetsanalytikere<\/td><td>Offentlig og privat sektor<\/td><\/tr><tr><td>Regenerativt landbrug<\/td><td>Landbrugsingeni\u00f8rer, landbrugsteknologer<\/td><td>Innovation i f\u00f8devareforsyningsk\u00e6der<\/td><\/tr><\/tbody><\/table><figcaption class=\"wp-element-caption\">B\u00e6redygtige karrierer: blomstrende gr\u00f8nne job<\/figcaption><\/figure>\n\n\n\n<figure class=\"wp-block-gallery aligncenter has-nested-images columns-default is-cropped wp-block-gallery-2 is-layout-flex wp-block-gallery-is-layout-flex\">\n<figure class=\"wp-block-image size-full\"><img loading=\"lazy\" decoding=\"async\" width=\"450\" height=\"250\" data-id=\"10349\" src=\"https:\/\/universofamilia.com\/wp-content\/uploads\/sites\/148\/2025\/11\/Destaque-Novo-Universo-1-2.jpg\" alt=\"\" class=\"wp-image-10349\" srcset=\"https:\/\/universofamilia.com\/wp-content\/uploads\/sites\/148\/2025\/11\/Destaque-Novo-Universo-1-2.jpg 450w, https:\/\/universofamilia.com\/wp-content\/uploads\/sites\/148\/2025\/11\/Destaque-Novo-Universo-1-2-300x167.jpg 300w, https:\/\/universofamilia.com\/wp-content\/uploads\/sites\/148\/2025\/11\/Destaque-Novo-Universo-1-2-18x10.jpg 18w\" sizes=\"(max-width: 450px) 100vw, 450px\" \/><figcaption class=\"wp-element-caption\">Canva<\/figcaption><\/figure>\n<\/figure>\n\n\n\n<p>L\u00e6s mere:\u00a0<a href=\"https:\/\/universofamilia.com\/da\/el-teletrabajo-en-2025-las-nuevas-tendencias-del-home-office\/\">Telearbejde i 2025: Nye trends inden for hjemmekontor<\/a><\/p>\n\n\n\n<h2 class=\"wp-block-heading\">Hvorfor vil disse karrierer forts\u00e6tte med at vokse i 2025?<\/h2>\n\n\n\n<p>De offentlige politikker i Mexico bev\u00e6ger sig i retning af at reducere emissioner og opfylde internationale m\u00e5l.<\/p>\n\n\n\n<p>Desuden forst\u00e5r den private sektor allerede, at d\u00e5rlig milj\u00f8pr\u00e6station p\u00e5virker omd\u00f8mme, omkostninger og adgang til finansiering.<\/p>\n\n\n\n<p>Investorer kr\u00e6ver klimatransparens, hvilket driver ans\u00e6ttelsen af fagfolk, der er i stand til at sikre n\u00f8jagtige m\u00e5linger og omstillingsstrategier.<\/p>\n\n\n\n<p>Samtidig v\u00e6rds\u00e6tter forbrugerne produkter med et mindre \u00f8kologisk fodaftryk, hvilket f\u00e5r virksomheder til at omkonfigurere hele processer.<\/p>\n\n\n\n<p>Dette kulturelle skift driver udvidelsen af gr\u00f8nne profiler inden for marketing, revision, logistik og produktudvikling.<\/p>\n\n\n\n<h2 class=\"wp-block-heading\">Teknologiske forandringer, der omdefinerer fremtidens arbejde<\/h2>\n\n\n\n<p>Digitalisering g\u00e5r h\u00e5nd i h\u00e5nd med b\u00e6redygtighed. Pr\u00e6diktive analysev\u00e6rkt\u00f8jer, IoT-sensorer, overv\u00e5gningsplatforme og digitale tvillinger muligg\u00f8r mere pr\u00e6cise beslutninger.<\/p>\n\n\n\n<p>Denne konvergens skaber hybride roller: specialister, der kombinerer ingeni\u00f8rvidenskab med dataanalyse, eller milj\u00f8profiler med grundl\u00e6ggende programmeringsf\u00e6rdigheder.<\/p>\n\n\n\n<p>Der er ogs\u00e5 en stigende eftersp\u00f8rgsel efter fagfolk, der forst\u00e5r milj\u00f8regler, da hvert b\u00e6redygtigt projekt interagerer med tilladelser, byggestandarder, energipolitikker og skattekrav.<\/p>\n\n\n\n<h2 class=\"wp-block-heading\">En \u00f8konomi, der genopfinder sig selv gennem uddannelse<\/h2>\n\n\n\n<p>Mexicanske universiteter og forskningscentre tilbyder allerede grader og eksamensbeviser, der er tilpasset dette nye scenario.<\/p>\n\n\n\n<p>Uddannelser inden for milj\u00f8teknik, vedvarende energi, bioteknologi, cirkul\u00e6r \u00f8konomi, naturressourceforvaltning og b\u00e6redygtig byplanl\u00e6gning inkorporerer moduler om innovation, professionel etik og nye teknologier.<\/p>\n\n\n\n<p>Akademisk styrkelse er afg\u00f8rende, fordi sektorens trov\u00e6rdighed afh\u00e6nger af veluddannede fagfolk. B\u00e6redygtighed kr\u00e6ver teknisk stringens, videnskabelig evidens og social ansvarlighed.<\/p>\n\n\n\n<h2 class=\"wp-block-heading\">Er det nu det rette tidspunkt at g\u00e5 ind i en gr\u00f8n karriere?<\/h2>\n\n\n\n<p>Svaret afh\u00e6nger af dine interesser, men udsigterne er gunstige. Mulighederne vokser, l\u00f8nningerne er konkurrencedygtige, og den professionelle effekt r\u00e6kker ud over \u00f8konomisk gevinst.<\/p>\n\n\n\n<p>At starte en karriere i denne sektor betyder at bidrage direkte til en overgang, der vil bestemme livskvaliteten for millioner af mennesker.<\/p>\n\n\n\n<h2 class=\"wp-block-heading\">Konklusion<\/h2>\n\n\n\n<p>De <strong><em>&quot;B\u00e6redygtige karrierer: Gr\u00f8nne job i fremgang.&quot;<\/em><\/strong> De repr\u00e6senterer en port til en mere robust, innovativ og retf\u00e6rdig \u00f8konomisk fremtid.<\/p>\n\n\n\n<p>Kombinationen af faglig v\u00e6kst, milj\u00f8p\u00e5virkning og jobstabilitet g\u00f8r disse erhverv til et af de mest strategiske budskaber i 2025.<\/p>\n\n\n\n<p>Hvis du leder efter en meningsfuld karrierevej med potentiale for specialisering og stabil eftersp\u00f8rgsel, fortjener denne professionelle verden din fulde opm\u00e6rksomhed.<\/p>\n\n\n\n<p>L\u00e6s mere:\u00a0<a href=\"https:\/\/universofamilia.com\/da\/errores-clave-al-iniciar-un-negocio-online\/\">Vigtige fejl ved opstart af en online forretning<\/a><\/p>\n\n\n\n<h2 class=\"wp-block-heading\">Ofte stillede sp\u00f8rgsm\u00e5l<\/h2>\n\n\n\n<p><strong>Hvilke studier anbefales for at komme i gang med gr\u00f8nne job?<\/strong><\/p>\n\n\n\n<p><br>Milj\u00f8teknik, vedvarende energi, agronomi, b\u00e6redygtigt design, byplanl\u00e6gning og tekniske programmer relateret til energieffektivitet eller affaldsh\u00e5ndtering.<\/p>\n\n\n\n<p><strong>Er tidligere erfaring p\u00e5kr\u00e6vet?<\/strong><\/p>\n\n\n\n<p><br>Ikke altid. Mange stillinger p\u00e5 begynderniveau fokuserer p\u00e5 dataanalyse, teknisk support eller operationelle roller. L\u00f8bende tr\u00e6ning er n\u00f8glen.<\/p>\n\n\n\n<p><strong>Findes gr\u00f8nne job kun i store virksomheder?<\/strong><\/p>\n\n\n\n<p><br>Nej. Sm\u00e5 og mellemstore virksomheder er ogs\u00e5 ved at indf\u00f8re b\u00e6redygtige modeller. Derudover findes der muligheder i NGO&#039;er, regeringen og uafh\u00e6ngige konsulentfirmaer.<\/p>\n\n\n\n<p><strong>Kan en professionel uden milj\u00f8uddannelse skifte sektor?<\/strong><\/p>\n\n\n\n<p><br>Ja. Marketing, jura, kommunikation, finans og logistik har alle gr\u00f8nne versioner, der kr\u00e6ver overf\u00f8rbare f\u00e6rdigheder.<\/p>\n\n\n\n<p><strong>Garanterer disse karrierer fremtidig stabilitet?<\/strong><\/p>\n\n\n\n<p><br>S\u00e5 l\u00e6nge regeringer og markeder holder kursen mod dekarbonisering, vil b\u00e6redygtige erhverv forts\u00e6tte med at vokse.<\/p>\n\n\n\n<p>De repr\u00e6senterer en solid mulighed med et langsigtet perspektiv.<\/p>","protected":false},"excerpt":{"rendered":"<p>Carreras sostenibles: empleos verdes en auge. En un mundo donde el talento se enfrenta a cambios constantes, hablar de \u201cCarreras sostenibles: empleos verdes en auge.\u201d Ya no es una tendencia pasajera, sino una respuesta directa a la urgencia clim\u00e1tica, tecnol\u00f3gica y econ\u00f3mica.Y antes de entrar en cada \u00e1rea, aqu\u00ed tienes un sumario r\u00e1pido que orienta [&hellip;]<\/p>","protected":false},"author":219,"featured_media":10347,"comment_status":"closed","ping_status":"open","sticky":false,"template":"","format":"standard","meta":{"footnotes":""},"categories":[5],"tags":[],"yoast_head":"<!-- This site is optimized with the Yoast SEO plugin v23.3 - https:\/\/yoast.com\/wordpress\/plugins\/seo\/ -->\n<title>Carreras sostenibles: empleos verdes en auge - Universo Fam\u00edlia<\/title>\n<meta name=\"description\" content=\"Carreras sostenibles: empleos verdes en auge. En un mundo donde el talento se enfrenta a cambios constantes, hablar de \u201cCarreras sostenibles:\" \/>\n<meta name=\"robots\" content=\"index, follow, max-snippet:-1, max-image-preview:large, max-video-preview:-1\" \/>\n<link rel=\"canonical\" href=\"http:\/\/universofamilia.com\/da\/carreras-sostenibles-empleos-verdes-en-auge\/\" \/>\n<meta property=\"og:locale\" content=\"da_DK\" \/>\n<meta property=\"og:type\" content=\"article\" \/>\n<meta property=\"og:title\" content=\"Carreras sostenibles: empleos verdes en auge - Universo Fam\u00edlia\" \/>\n<meta property=\"og:description\" content=\"Carreras sostenibles: empleos verdes en auge. En un mundo donde el talento se enfrenta a cambios constantes, hablar de \u201cCarreras sostenibles:\" \/>\n<meta property=\"og:url\" content=\"http:\/\/universofamilia.com\/da\/carreras-sostenibles-empleos-verdes-en-auge\/\" \/>\n<meta property=\"og:site_name\" content=\"Universo Fam\u00edlia\" \/>\n<meta property=\"article:published_time\" content=\"2025-11-17T17:50:39+00:00\" \/>\n<meta property=\"article:modified_time\" content=\"2025-11-17T17:50:41+00:00\" \/>\n<meta property=\"og:image\" content=\"http:\/\/universofamilia.com\/wp-content\/uploads\/sites\/148\/2025\/11\/Destaque-Novo-Universo-3.jpg\" \/>\n\t<meta property=\"og:image:width\" content=\"450\" \/>\n\t<meta property=\"og:image:height\" content=\"250\" \/>\n\t<meta property=\"og:image:type\" content=\"image\/jpeg\" \/>\n<meta name=\"author\" content=\"Matheus Sangaletti\" \/>\n<meta name=\"twitter:card\" content=\"summary_large_image\" \/>\n<meta name=\"twitter:label1\" content=\"Written by\" \/>\n\t<meta name=\"twitter:data1\" content=\"Matheus Sangaletti\" \/>\n\t<meta name=\"twitter:label2\" content=\"Est. reading time\" \/>\n\t<meta name=\"twitter:data2\" content=\"8 minutter\" \/>\n<script type=\"application\/ld+json\" class=\"yoast-schema-graph\">{\"@context\":\"https:\/\/schema.org\",\"@graph\":[{\"@type\":\"WebPage\",\"@id\":\"http:\/\/universofamilia.com\/zh\/carreras-sostenibles-empleos-verdes-en-auge\/\",\"url\":\"http:\/\/universofamilia.com\/zh\/carreras-sostenibles-empleos-verdes-en-auge\/\",\"name\":\"Carreras sostenibles: empleos verdes en auge - Universo Fam\u00edlia\",\"isPartOf\":{\"@id\":\"https:\/\/universofamilia.com\/el\/#website\"},\"primaryImageOfPage\":{\"@id\":\"http:\/\/universofamilia.com\/zh\/carreras-sostenibles-empleos-verdes-en-auge\/#primaryimage\"},\"image\":{\"@id\":\"http:\/\/universofamilia.com\/zh\/carreras-sostenibles-empleos-verdes-en-auge\/#primaryimage\"},\"thumbnailUrl\":\"https:\/\/universofamilia.com\/wp-content\/uploads\/sites\/148\/2025\/11\/Destaque-Novo-Universo-3.jpg\",\"datePublished\":\"2025-11-17T17:50:39+00:00\",\"dateModified\":\"2025-11-17T17:50:41+00:00\",\"author\":{\"@id\":\"https:\/\/universofamilia.com\/el\/#\/schema\/person\/92fcd07e9b1f4323bf74f3170fc0f78a\"},\"description\":\"Carreras sostenibles: empleos verdes en auge. En un mundo donde el talento se enfrenta a cambios constantes, hablar de \u201cCarreras sostenibles:\",\"breadcrumb\":{\"@id\":\"http:\/\/universofamilia.com\/zh\/carreras-sostenibles-empleos-verdes-en-auge\/#breadcrumb\"},\"inLanguage\":\"da-DK\",\"potentialAction\":[{\"@type\":\"ReadAction\",\"target\":[\"http:\/\/universofamilia.com\/zh\/carreras-sostenibles-empleos-verdes-en-auge\/\"]}]},{\"@type\":\"ImageObject\",\"inLanguage\":\"da-DK\",\"@id\":\"http:\/\/universofamilia.com\/zh\/carreras-sostenibles-empleos-verdes-en-auge\/#primaryimage\",\"url\":\"https:\/\/universofamilia.com\/wp-content\/uploads\/sites\/148\/2025\/11\/Destaque-Novo-Universo-3.jpg\",\"contentUrl\":\"https:\/\/universofamilia.com\/wp-content\/uploads\/sites\/148\/2025\/11\/Destaque-Novo-Universo-3.jpg\",\"width\":450,\"height\":250},{\"@type\":\"BreadcrumbList\",\"@id\":\"http:\/\/universofamilia.com\/zh\/carreras-sostenibles-empleos-verdes-en-auge\/#breadcrumb\",\"itemListElement\":[{\"@type\":\"ListItem\",\"position\":1,\"name\":\"Home\",\"item\":\"https:\/\/universofamilia.com\/el\/\"},{\"@type\":\"ListItem\",\"position\":2,\"name\":\"Carreras sostenibles: empleos verdes en auge\"}]},{\"@type\":\"WebSite\",\"@id\":\"https:\/\/universofamilia.com\/el\/#website\",\"url\":\"https:\/\/universofamilia.com\/el\/\",\"name\":\"Universo Fam\u00edlia\",\"description\":\"\",\"potentialAction\":[{\"@type\":\"SearchAction\",\"target\":{\"@type\":\"EntryPoint\",\"urlTemplate\":\"https:\/\/universofamilia.com\/el\/?s={search_term_string}\"},\"query-input\":\"required name=search_term_string\"}],\"inLanguage\":\"da-DK\"},{\"@type\":\"Person\",\"@id\":\"https:\/\/universofamilia.com\/el\/#\/schema\/person\/92fcd07e9b1f4323bf74f3170fc0f78a\",\"name\":\"Matheus Sangaletti\",\"image\":{\"@type\":\"ImageObject\",\"inLanguage\":\"da-DK\",\"@id\":\"https:\/\/universofamilia.com\/el\/#\/schema\/person\/image\/\",\"url\":\"https:\/\/secure.gravatar.com\/avatar\/280ea957a14a48e6a1ad2133d2cc27c9?s=96&d=mm&r=g\",\"contentUrl\":\"https:\/\/secure.gravatar.com\/avatar\/280ea957a14a48e6a1ad2133d2cc27c9?s=96&d=mm&r=g\",\"caption\":\"Matheus Sangaletti\"},\"url\":\"https:\/\/universofamilia.com\/da\/author\/matheuss\/\"}]}<\/script>\n<!-- \/ Yoast SEO plugin. -->","yoast_head_json":{"title":"Carreras sostenibles: empleos verdes en auge - Universo Fam\u00edlia","description":"Carreras sostenibles: empleos verdes en auge. En un mundo donde el talento se enfrenta a cambios constantes, hablar de \u201cCarreras sostenibles:","robots":{"index":"index","follow":"follow","max-snippet":"max-snippet:-1","max-image-preview":"max-image-preview:large","max-video-preview":"max-video-preview:-1"},"canonical":"http:\/\/universofamilia.com\/da\/carreras-sostenibles-empleos-verdes-en-auge\/","og_locale":"da_DK","og_type":"article","og_title":"Carreras sostenibles: empleos verdes en auge - Universo Fam\u00edlia","og_description":"Carreras sostenibles: empleos verdes en auge. En un mundo donde el talento se enfrenta a cambios constantes, hablar de \u201cCarreras sostenibles:","og_url":"http:\/\/universofamilia.com\/da\/carreras-sostenibles-empleos-verdes-en-auge\/","og_site_name":"Universo Fam\u00edlia","article_published_time":"2025-11-17T17:50:39+00:00","article_modified_time":"2025-11-17T17:50:41+00:00","og_image":[{"width":450,"height":250,"url":"http:\/\/universofamilia.com\/wp-content\/uploads\/sites\/148\/2025\/11\/Destaque-Novo-Universo-3.jpg","type":"image\/jpeg"}],"author":"Matheus Sangaletti","twitter_card":"summary_large_image","twitter_misc":{"Written by":"Matheus Sangaletti","Est. reading time":"8 minutter"},"schema":{"@context":"https:\/\/schema.org","@graph":[{"@type":"WebPage","@id":"http:\/\/universofamilia.com\/zh\/carreras-sostenibles-empleos-verdes-en-auge\/","url":"http:\/\/universofamilia.com\/zh\/carreras-sostenibles-empleos-verdes-en-auge\/","name":"Carreras sostenibles: empleos verdes en auge - Universo Fam\u00edlia","isPartOf":{"@id":"https:\/\/universofamilia.com\/el\/#website"},"primaryImageOfPage":{"@id":"http:\/\/universofamilia.com\/zh\/carreras-sostenibles-empleos-verdes-en-auge\/#primaryimage"},"image":{"@id":"http:\/\/universofamilia.com\/zh\/carreras-sostenibles-empleos-verdes-en-auge\/#primaryimage"},"thumbnailUrl":"https:\/\/universofamilia.com\/wp-content\/uploads\/sites\/148\/2025\/11\/Destaque-Novo-Universo-3.jpg","datePublished":"2025-11-17T17:50:39+00:00","dateModified":"2025-11-17T17:50:41+00:00","author":{"@id":"https:\/\/universofamilia.com\/el\/#\/schema\/person\/92fcd07e9b1f4323bf74f3170fc0f78a"},"description":"Carreras sostenibles: empleos verdes en auge. En un mundo donde el talento se enfrenta a cambios constantes, hablar de \u201cCarreras sostenibles:","breadcrumb":{"@id":"http:\/\/universofamilia.com\/zh\/carreras-sostenibles-empleos-verdes-en-auge\/#breadcrumb"},"inLanguage":"da-DK","potentialAction":[{"@type":"ReadAction","target":["http:\/\/universofamilia.com\/zh\/carreras-sostenibles-empleos-verdes-en-auge\/"]}]},{"@type":"ImageObject","inLanguage":"da-DK","@id":"http:\/\/universofamilia.com\/zh\/carreras-sostenibles-empleos-verdes-en-auge\/#primaryimage","url":"https:\/\/universofamilia.com\/wp-content\/uploads\/sites\/148\/2025\/11\/Destaque-Novo-Universo-3.jpg","contentUrl":"https:\/\/universofamilia.com\/wp-content\/uploads\/sites\/148\/2025\/11\/Destaque-Novo-Universo-3.jpg","width":450,"height":250},{"@type":"BreadcrumbList","@id":"http:\/\/universofamilia.com\/zh\/carreras-sostenibles-empleos-verdes-en-auge\/#breadcrumb","itemListElement":[{"@type":"ListItem","position":1,"name":"Home","item":"https:\/\/universofamilia.com\/el\/"},{"@type":"ListItem","position":2,"name":"Carreras sostenibles: empleos verdes en auge"}]},{"@type":"WebSite","@id":"https:\/\/universofamilia.com\/el\/#website","url":"https:\/\/universofamilia.com\/el\/","name":"Universo Fam\u00edlia","description":"","potentialAction":[{"@type":"SearchAction","target":{"@type":"EntryPoint","urlTemplate":"https:\/\/universofamilia.com\/el\/?s={search_term_string}"},"query-input":"required name=search_term_string"}],"inLanguage":"da-DK"},{"@type":"Person","@id":"https:\/\/universofamilia.com\/el\/#\/schema\/person\/92fcd07e9b1f4323bf74f3170fc0f78a","name":"Matheus Sangaletti","image":{"@type":"ImageObject","inLanguage":"da-DK","@id":"https:\/\/universofamilia.com\/el\/#\/schema\/person\/image\/","url":"https:\/\/secure.gravatar.com\/avatar\/280ea957a14a48e6a1ad2133d2cc27c9?s=96&d=mm&r=g","contentUrl":"https:\/\/secure.gravatar.com\/avatar\/280ea957a14a48e6a1ad2133d2cc27c9?s=96&d=mm&r=g","caption":"Matheus Sangaletti"},"url":"https:\/\/universofamilia.com\/da\/author\/matheuss\/"}]}},"_links":{"self":[{"href":"https:\/\/universofamilia.com\/da\/wp-json\/wp\/v2\/posts\/10346"}],"collection":[{"href":"https:\/\/universofamilia.com\/da\/wp-json\/wp\/v2\/posts"}],"about":[{"href":"https:\/\/universofamilia.com\/da\/wp-json\/wp\/v2\/types\/post"}],"author":[{"embeddable":true,"href":"https:\/\/universofamilia.com\/da\/wp-json\/wp\/v2\/users\/219"}],"replies":[{"embeddable":true,"href":"https:\/\/universofamilia.com\/da\/wp-json\/wp\/v2\/comments?post=10346"}],"version-history":[{"count":1,"href":"https:\/\/universofamilia.com\/da\/wp-json\/wp\/v2\/posts\/10346\/revisions"}],"predecessor-version":[{"id":10350,"href":"https:\/\/universofamilia.com\/da\/wp-json\/wp\/v2\/posts\/10346\/revisions\/10350"}],"wp:featuredmedia":[{"embeddable":true,"href":"https:\/\/universofamilia.com\/da\/wp-json\/wp\/v2\/media\/10347"}],"wp:attachment":[{"href":"https:\/\/universofamilia.com\/da\/wp-json\/wp\/v2\/media?parent=10346"}],"wp:term":[{"taxonomy":"category","embeddable":true,"href":"https:\/\/universofamilia.com\/da\/wp-json\/wp\/v2\/categories?post=10346"},{"taxonomy":"post_tag","embeddable":true,"href":"https:\/\/universofamilia.com\/da\/wp-json\/wp\/v2\/tags?post=10346"}],"curies":[{"name":"wp","href":"https:\/\/api.w.org\/{rel}","templated":true}]}}