{"id":2109,"date":"2023-05-31T16:30:11","date_gmt":"2023-05-31T19:30:11","guid":{"rendered":"https:\/\/universofamilia.com\/?p=2109"},"modified":"2023-05-31T16:30:11","modified_gmt":"2023-05-31T19:30:11","slug":"por-que-os-bebes-se-assustam-tanto","status":"publish","type":"post","link":"https:\/\/universofamilia.com\/da\/por-que-os-bebes-se-assustam-tanto\/","title":{"rendered":"Hvorfor bliver babyer s\u00e5 bange?"},"content":{"rendered":"<p>Hvorfor bliver babyer s\u00e5 bange, forst\u00e5 dette f\u00f8lelsesm\u00e6ssige og adf\u00e6rdsm\u00e6ssige f\u00e6nomen.<\/p>\n\n\n\n<p>Babyer er kendt for deres nysgerrige og s\u00e5rbare natur. I deres f\u00f8rste levem\u00e5neder er det almindeligt at observere, at b\u00f8rn let bliver forskr\u00e6kkede af tilsyneladende harml\u00f8se stimuli.<\/p>\n\n\n\n<p>Denne reaktion kan fascinere mange lande og omsorgspersoner og rejse sp\u00f8rgsm\u00e5let: hvorfor bliver babyer s\u00e5 bange?<\/p>\n\n\n\n<p>I denne artikel vil vi udforske dette f\u00f8lelsesm\u00e6ssige og adf\u00e6rdsm\u00e6ssige f\u00e6nomen hos babyer, give indsigt i \u00e5rsagerne til deres adf\u00e6rd og give r\u00e5d til at hj\u00e6lpe lande med at h\u00e5ndtere disse situationer.<\/p>\n\n\n\n<h3 class=\"wp-block-heading\">Se ogs\u00e5:<\/h3>\n\n\n\n<p><a href=\"https:\/\/universofamilia.com\/da\/como-aliviar-as-colicas-do-bebe\/\" target=\"_blank\" rel=\"noreferrer noopener\">S\u00e5dan lindrer du babykolik<\/a><\/p>\n\n\n\n<p><a href=\"https:\/\/universofamilia.com\/da\/o-que-e-ser-mae\/\" target=\"_blank\" rel=\"noreferrer noopener\">Hvad er det at v\u00e6re mor?<\/a><\/p>\n\n\n\n<p><a href=\"https:\/\/www.luzbaby.com.br\/\" target=\"_blank\" rel=\"noreferrer noopener\">A Luz Baby er en af de bedste butikker med babyprodukter. Klik her.<\/a><\/p>\n\n\n<div class=\"wp-block-image\">\n<figure class=\"aligncenter size-full\"><img loading=\"lazy\" decoding=\"async\" width=\"550\" height=\"350\" src=\"http:\/\/universofamilia.com\/wp-content\/uploads\/sites\/148\/2023\/05\/POST-SUSTO-BEBe-universo-familia-.png\" alt=\"\" class=\"wp-image-2110\" srcset=\"https:\/\/universofamilia.com\/wp-content\/uploads\/sites\/148\/2023\/05\/POST-SUSTO-BEBe-universo-familia-.png 550w, https:\/\/universofamilia.com\/wp-content\/uploads\/sites\/148\/2023\/05\/POST-SUSTO-BEBe-universo-familia--300x191.png 300w\" sizes=\"(max-width: 550px) 100vw, 550px\" \/><\/figure><\/div>\n\n\n<h4 class=\"wp-block-heading\">Sensorisk udvikling i de f\u00f8rste m\u00e5neder<\/h4>\n\n\n\n<p>Babyer gennemg\u00e5r en hurtig sensorisk udvikling i de f\u00f8rste m\u00e5neder af deres liv. Deres h\u00f8relse, syn og tatoveringssans udvikler sig konstant, hvilket betyder, at de absorberer en helt ny verden.<\/p>\n\n\n\n<p>Som f\u00f8lge heraf kan selv milde og almindelige stimuli opfattes som truende for en baby, der stadig er ved at v\u00e6nne sig til sine omgivelser.<\/p>\n\n\n\n<h4 class=\"wp-block-heading\">Ufrivillige forskr\u00e6kkelser<\/h4>\n\n\n\n<p>Udover sensorisk udvikling har babyer ogs\u00e5 en refleks kaldet &quot;startlerefleks&quot; eller &quot;Mororefleks&quot;. Denne refleks er en ufrivillig reaktion p\u00e5 en pludselig stimulus, s\u00e5som en h\u00f8j lyd eller en pludselig \u00e6ndring i omgivelserne.<\/p>\n\n\n\n<p>N\u00e5r babyen bliver overrasket over noget lignende, kan den str\u00e6kke armene, \u00e5bne armene og bue armene. Denne refleksion kan fejlagtigt fortolkes som frygt eller frygt, men i virkeligheden er det en automatisk reaktion fra babyens umodne nervesystem.<\/p>\n\n\n\n<h4 class=\"wp-block-heading\">Opfattelse af trussel<\/h4>\n\n\n\n<p>Babyer l\u00e6rer konstant om verden omkring dem, og bevidsthed er en vigtig del af processen.<\/p>\n\n\n\n<p>Da de ikke har evnen til at skelne, hvad der virkelig er farligt, og hvad der ikke er, er det naturligt, at de reagerer intenst p\u00e5 enhver ukendt eller uventet stimulus.<\/p>\n\n\n\n<p>Denne reaktion er en form for selvbevarelse og kan betragtes som en evolution\u00e6r reaktion, der hj\u00e6lper med at sikre overlevelse.<\/p>\n\n\n\n<h4 class=\"wp-block-heading\">Milj\u00f8ets indflydelse<\/h4>\n\n\n\n<p>Det milj\u00f8, som babyen vokser op i, spiller ogs\u00e5 en betydelig rolle i dens tendens til at blive bange. Et kaotisk milj\u00f8 med meget h\u00f8je lyde og konstante stimuli kan f\u00e5 babyen til at komme i en konstant tilstand af alarm og blive lettere bange.<\/p>\n\n\n\n<p>P\u00e5 den anden side kan et roligt og trygt milj\u00f8 med faste rutiner og en f\u00f8lelse af fortrolighed hj\u00e6lpe babyen med at f\u00f8le sig roligere og mindre tilb\u00f8jelig til at reagere bange.<\/p>\n\n\n\n<h4 class=\"wp-block-heading\">Tips til at h\u00e5ndtere skr\u00e6mmesituationer<\/h4>\n\n\n\n<p>For at hj\u00e6lpe dig med at h\u00e5ndtere de hyppige skr\u00e6mmeoplevelser, som babyer kan opleve, er her nogle nyttige tips:<\/p>\n\n\n\n<p><strong>Bevar roen<\/strong>N\u00e5r babyen bliver bange, er det vigtigt, at dit land forbliver roligt. Babyer kan opfatte og absorbere angsten fra to omsorgspersoner, eller det kan \u00f8ge deres egen uro.<\/p>\n\n\n\n<p>Ved at bevare roen, overf\u00f8rer landet en f\u00f8lelse af tryghed og ro til babyen.<\/p>\n\n\n\n<p><strong>Tilbyder fysisk komfort<\/strong>Kram, bl\u00f8de k\u00e6rtegn og fysisk kontakt kan v\u00e6re tr\u00f8stende for babyen efter en forskr\u00e6kkelse. Dette er med til at skabe en f\u00f8lelse af tryghed og beskyttelse, berolige og reducere dit f\u00f8lelsesm\u00e6ssige ubehag.<\/p>\n\n\n\n<p><strong>Skab et trygt milj\u00f8<\/strong>S\u00f8rg for, at det milj\u00f8, hvor babyen tilbringer det meste af tiden, er sikkert og fri for overdreven stimuli. Reducer st\u00f8j, undg\u00e5 skarpt lys, og skab en rolig og behagelig atmosf\u00e6re.<\/p>\n\n\n\n<p>Dette vil hj\u00e6lpe babyen med at f\u00f8le sig mere tryg og mindre tilb\u00f8jelig til at blive bange.<\/p>\n\n\n\n<p><strong>Introducer gradvist nye stimuli<\/strong>Efterh\u00e5nden som din baby udvikler sig, er det vigtigt gradvist at uds\u00e6tte ham for nye stimuli og situationer. Introducer lyde, lys og teksturer p\u00e5 en blid og kontrolleret m\u00e5de, s\u00e5 din baby langsomt kan v\u00e6nne sig til dem.<\/p>\n\n\n\n<p>Dette vil hj\u00e6lpe med at reducere virkningen af nye stimuli og fremme en roligere tilpasning.<\/p>\n\n\n\n<p><strong>Skab rutiner og forudsigelighed<\/strong>Babyer f\u00f8ler sig tryggere, n\u00e5r de har en fast og forudsigelig rutine. Dette giver en f\u00f8lelse af kontrol og stabilitet i dine omgivelser.<\/p>\n\n\n\n<p>Hold faste tidspunkter for madning, s\u00f8vn og aktiviteter, s\u00e5 babyen ved, hvad den kan forvente, og dermed mindske sandsynligheden for skr\u00e6mmede b\u00f8rn.<\/p>\n\n\n\n<h4 class=\"wp-block-heading\">Konklusion<\/h4>\n\n\n\n<p>De hyppige skr\u00e6mmeoplevelser, som babyer oplever, er en normal del af deres udvikling. Dine sanser i udvikling, ufrivillige reflekser og opfattelse af k\u00e6rlighed bidrager til denne reaktion.<\/p>\n\n\n\n<p>Det er vigtigt at huske, at babyer er afh\u00e6ngige af to lande og omsorgspersoner for at f\u00f8le sig trygge og beskyttede.<\/p>\n\n\n\n<p>Ved at forst\u00e5 \u00e5rsagen til, at babyer er bange, og anvende teknikker til at h\u00e5ndtere disse situationer, kan vi hj\u00e6lpe vores b\u00f8rn med at f\u00f8le sig roligere og mere trygge i deres omgivelser.<\/p>\n\n\n\n<p>Ved at bevare roen, tilbyde fysisk komfort, skabe et trygt milj\u00f8, gradvist introducere nye stimuli og etablere planlagte rutiner, er det muligt at hj\u00e6lpe babyer med bedre at h\u00e5ndtere deres skr\u00e6mmetilstande og fremme en sund og f\u00f8lelsesm\u00e6ssigt afbalanceret udvikling.<\/p>\n\n\n\n<p>V\u00e6r opm\u00e6rksom p\u00e5, at hver baby er unik og kan reagere forskelligt p\u00e5 stimuli. Det er vigtigt at observere og forst\u00e5 din babys individuelle behov for at kunne yde den n\u00f8dvendige st\u00f8tte i disse uhyggelige \u00f8jeblikke.<\/p>\n\n\n\n<h4 class=\"wp-block-heading\">Kilder til forskning<\/h4>\n\n\n\n<p>Her er nogle forslag til skrifttyper, du kan bruge til din research:<\/p>\n\n\n\n<p><strong>Videnskabelige artikler<\/strong>F\u00e5 adgang til akademiske databaser, s\u00e5som PubMed og Google Scholar, for at finde videnskabelige studier relateret til babyers f\u00f8lelsesm\u00e6ssige og sensoriske udvikling.<\/p>\n\n\n\n<p><strong>Specialiserede b\u00f8ger<\/strong>Led efter b\u00f8ger skrevet af specialister i b\u00f8rns udvikling, psykologi eller p\u00e6diatri. Nogle eksempler p\u00e5 relevante titler inkluderer &quot;The Science of Parenting&quot; af Margot Sunderland og &quot;The Wonder Weeks&quot; af Hetty van de Rijt og Frans Plooij.<\/p>\n\n\n\n<p><strong>Renomineringsorganisationer<\/strong>Bes\u00f8g hjemmesiderne for genoprettede organisationer inden for b\u00f8rns sundhed, s\u00e5som American Academy of Pediatrics (AAP) og Verdenssundhedsorganisationen (WHO). Disse institutioner offentligg\u00f8r generelt opdaterede retningslinjer og information om udvikling og pleje af sp\u00e6db\u00f8rn.<\/p>\n\n\n\n<p>Blogs og p\u00e5lidelige websteder: Der findes mange blogs og websteder, der er dedikeret til at give p\u00e5lidelig information om b\u00f8rns udvikling. Nogle eksempler inkluderer Verywell Family, HealthyChildren.org og BabyCenter.<\/p>\n\n\n\n<p>Certifikat - verific\u00e9r altid trov\u00e6rdigheden af de kilder, du bruger, og s\u00f8g information fra kvalificerede specialister med et videnskabeligt grundlag. N\u00e5r du citerer eller bruger information fra andre kilder, er det ogs\u00e5 vigtigt at lave tilstr\u00e6kkelige referencer for at undg\u00e5 plagiering og give eller skylde kredit til de oprindelige forfattere.<\/p>","protected":false},"excerpt":{"rendered":"<p>Hvorfor bliver babyer s\u00e5 bange, forst\u00e5 dette f\u00f8lelsesm\u00e6ssige og adf\u00e6rdsm\u00e6ssige f\u00e6nomen.<br \/>\nBabyer er kendt for deres nysgerrige og s\u00e5rbare natur. I deres f\u00f8rste levem\u00e5neder er det almindeligt at observere, at b\u00f8rn let bliver forskr\u00e6kkede af tilsyneladende harml\u00f8se stimuli.<br \/>\nDenne reaktion kan fascinere mange lande og omsorgspersoner og rejse sp\u00f8rgsm\u00e5let: hvorfor bliver babyer s\u00e5 bange?<br \/>\nI denne artikel vil vi udforske dette f\u00f8lelsesm\u00e6ssige og adf\u00e6rdsm\u00e6ssige f\u00e6nomen hos babyer, give indsigt i \u00e5rsagerne til deres adf\u00e6rd og give r\u00e5d til at hj\u00e6lpe lande med at h\u00e5ndtere disse situationer.<\/p>","protected":false},"author":0,"featured_media":2111,"comment_status":"closed","ping_status":"open","sticky":false,"template":"","format":"standard","meta":{"footnotes":""},"categories":[5],"tags":[417,509,1397],"yoast_head":"<!-- This site is optimized with the Yoast SEO plugin v23.3 - https:\/\/yoast.com\/wordpress\/plugins\/seo\/ -->\n<title>Por que os beb\u00eas se assustam tanto - Universo Fam\u00edlia<\/title>\n<meta name=\"description\" content=\"Por que os beb\u00eas se assustam tanto, entenda esse fen\u00f4meno emocional e comportamental.\" \/>\n<meta name=\"robots\" content=\"index, follow, max-snippet:-1, max-image-preview:large, max-video-preview:-1\" \/>\n<link rel=\"canonical\" href=\"https:\/\/universofamilia.com\/da\/por-que-os-bebes-se-assustam-tanto\/\" \/>\n<meta property=\"og:locale\" content=\"da_DK\" \/>\n<meta property=\"og:type\" content=\"article\" \/>\n<meta property=\"og:title\" content=\"Por que os beb\u00eas se assustam tanto - Universo Fam\u00edlia\" \/>\n<meta property=\"og:description\" content=\"Por que os beb\u00eas se assustam tanto, entenda esse fen\u00f4meno emocional e comportamental.\" \/>\n<meta property=\"og:url\" content=\"https:\/\/universofamilia.com\/da\/por-que-os-bebes-se-assustam-tanto\/\" \/>\n<meta property=\"og:site_name\" content=\"Universo Fam\u00edlia\" \/>\n<meta property=\"article:published_time\" content=\"2023-05-31T19:30:11+00:00\" \/>\n<meta property=\"og:image\" content=\"https:\/\/universofamilia.com\/wp-content\/uploads\/sites\/148\/2023\/05\/FOTO-DESTAQUE-SUSTO-BEBE-universo-familia-448x350-.png\" \/>\n\t<meta property=\"og:image:width\" content=\"448\" \/>\n\t<meta property=\"og:image:height\" content=\"350\" \/>\n\t<meta property=\"og:image:type\" content=\"image\/png\" \/>\n<meta name=\"twitter:card\" content=\"summary_large_image\" \/>\n<meta name=\"twitter:label1\" content=\"Est. reading time\" \/>\n\t<meta name=\"twitter:data1\" content=\"6 minutter\" \/>\n<script type=\"application\/ld+json\" class=\"yoast-schema-graph\">{\"@context\":\"https:\/\/schema.org\",\"@graph\":[{\"@type\":\"WebPage\",\"@id\":\"https:\/\/universofamilia.com\/ja\/por-que-os-bebes-se-assustam-tanto\/\",\"url\":\"https:\/\/universofamilia.com\/ja\/por-que-os-bebes-se-assustam-tanto\/\",\"name\":\"Por que os beb\u00eas se assustam tanto - Universo Fam\u00edlia\",\"isPartOf\":{\"@id\":\"https:\/\/universofamilia.com\/el\/#website\"},\"primaryImageOfPage\":{\"@id\":\"https:\/\/universofamilia.com\/ja\/por-que-os-bebes-se-assustam-tanto\/#primaryimage\"},\"image\":{\"@id\":\"https:\/\/universofamilia.com\/ja\/por-que-os-bebes-se-assustam-tanto\/#primaryimage\"},\"thumbnailUrl\":\"https:\/\/universofamilia.com\/wp-content\/uploads\/sites\/148\/2023\/05\/FOTO-DESTAQUE-SUSTO-BEBE-universo-familia-448x350-.png\",\"datePublished\":\"2023-05-31T19:30:11+00:00\",\"dateModified\":\"2023-05-31T19:30:11+00:00\",\"author\":{\"@id\":\"\"},\"description\":\"Por que os beb\u00eas se assustam tanto, entenda esse fen\u00f4meno emocional e comportamental.\",\"breadcrumb\":{\"@id\":\"https:\/\/universofamilia.com\/ja\/por-que-os-bebes-se-assustam-tanto\/#breadcrumb\"},\"inLanguage\":\"da-DK\",\"potentialAction\":[{\"@type\":\"ReadAction\",\"target\":[\"https:\/\/universofamilia.com\/ja\/por-que-os-bebes-se-assustam-tanto\/\"]}]},{\"@type\":\"ImageObject\",\"inLanguage\":\"da-DK\",\"@id\":\"https:\/\/universofamilia.com\/ja\/por-que-os-bebes-se-assustam-tanto\/#primaryimage\",\"url\":\"https:\/\/universofamilia.com\/wp-content\/uploads\/sites\/148\/2023\/05\/FOTO-DESTAQUE-SUSTO-BEBE-universo-familia-448x350-.png\",\"contentUrl\":\"https:\/\/universofamilia.com\/wp-content\/uploads\/sites\/148\/2023\/05\/FOTO-DESTAQUE-SUSTO-BEBE-universo-familia-448x350-.png\",\"width\":448,\"height\":350},{\"@type\":\"BreadcrumbList\",\"@id\":\"https:\/\/universofamilia.com\/ja\/por-que-os-bebes-se-assustam-tanto\/#breadcrumb\",\"itemListElement\":[{\"@type\":\"ListItem\",\"position\":1,\"name\":\"Home\",\"item\":\"https:\/\/universofamilia.com\/el\/\"},{\"@type\":\"ListItem\",\"position\":2,\"name\":\"Por que os beb\u00eas se assustam tanto\"}]},{\"@type\":\"WebSite\",\"@id\":\"https:\/\/universofamilia.com\/el\/#website\",\"url\":\"https:\/\/universofamilia.com\/el\/\",\"name\":\"Universo Fam\u00edlia\",\"description\":\"\",\"potentialAction\":[{\"@type\":\"SearchAction\",\"target\":{\"@type\":\"EntryPoint\",\"urlTemplate\":\"https:\/\/universofamilia.com\/el\/?s={search_term_string}\"},\"query-input\":\"required name=search_term_string\"}],\"inLanguage\":\"da-DK\"}]}<\/script>\n<!-- \/ Yoast SEO plugin. -->","yoast_head_json":{"title":"Por que os beb\u00eas se assustam tanto - Universo Fam\u00edlia","description":"Por que os beb\u00eas se assustam tanto, entenda esse fen\u00f4meno emocional e comportamental.","robots":{"index":"index","follow":"follow","max-snippet":"max-snippet:-1","max-image-preview":"max-image-preview:large","max-video-preview":"max-video-preview:-1"},"canonical":"https:\/\/universofamilia.com\/da\/por-que-os-bebes-se-assustam-tanto\/","og_locale":"da_DK","og_type":"article","og_title":"Por que os beb\u00eas se assustam tanto - Universo Fam\u00edlia","og_description":"Por que os beb\u00eas se assustam tanto, entenda esse fen\u00f4meno emocional e comportamental.","og_url":"https:\/\/universofamilia.com\/da\/por-que-os-bebes-se-assustam-tanto\/","og_site_name":"Universo Fam\u00edlia","article_published_time":"2023-05-31T19:30:11+00:00","og_image":[{"width":448,"height":350,"url":"https:\/\/universofamilia.com\/wp-content\/uploads\/sites\/148\/2023\/05\/FOTO-DESTAQUE-SUSTO-BEBE-universo-familia-448x350-.png","type":"image\/png"}],"twitter_card":"summary_large_image","twitter_misc":{"Est. reading time":"6 minutter"},"schema":{"@context":"https:\/\/schema.org","@graph":[{"@type":"WebPage","@id":"https:\/\/universofamilia.com\/ja\/por-que-os-bebes-se-assustam-tanto\/","url":"https:\/\/universofamilia.com\/ja\/por-que-os-bebes-se-assustam-tanto\/","name":"Por que os beb\u00eas se assustam tanto - Universo Fam\u00edlia","isPartOf":{"@id":"https:\/\/universofamilia.com\/el\/#website"},"primaryImageOfPage":{"@id":"https:\/\/universofamilia.com\/ja\/por-que-os-bebes-se-assustam-tanto\/#primaryimage"},"image":{"@id":"https:\/\/universofamilia.com\/ja\/por-que-os-bebes-se-assustam-tanto\/#primaryimage"},"thumbnailUrl":"https:\/\/universofamilia.com\/wp-content\/uploads\/sites\/148\/2023\/05\/FOTO-DESTAQUE-SUSTO-BEBE-universo-familia-448x350-.png","datePublished":"2023-05-31T19:30:11+00:00","dateModified":"2023-05-31T19:30:11+00:00","author":{"@id":""},"description":"Por que os beb\u00eas se assustam tanto, entenda esse fen\u00f4meno emocional e comportamental.","breadcrumb":{"@id":"https:\/\/universofamilia.com\/ja\/por-que-os-bebes-se-assustam-tanto\/#breadcrumb"},"inLanguage":"da-DK","potentialAction":[{"@type":"ReadAction","target":["https:\/\/universofamilia.com\/ja\/por-que-os-bebes-se-assustam-tanto\/"]}]},{"@type":"ImageObject","inLanguage":"da-DK","@id":"https:\/\/universofamilia.com\/ja\/por-que-os-bebes-se-assustam-tanto\/#primaryimage","url":"https:\/\/universofamilia.com\/wp-content\/uploads\/sites\/148\/2023\/05\/FOTO-DESTAQUE-SUSTO-BEBE-universo-familia-448x350-.png","contentUrl":"https:\/\/universofamilia.com\/wp-content\/uploads\/sites\/148\/2023\/05\/FOTO-DESTAQUE-SUSTO-BEBE-universo-familia-448x350-.png","width":448,"height":350},{"@type":"BreadcrumbList","@id":"https:\/\/universofamilia.com\/ja\/por-que-os-bebes-se-assustam-tanto\/#breadcrumb","itemListElement":[{"@type":"ListItem","position":1,"name":"Home","item":"https:\/\/universofamilia.com\/el\/"},{"@type":"ListItem","position":2,"name":"Por que os beb\u00eas se assustam tanto"}]},{"@type":"WebSite","@id":"https:\/\/universofamilia.com\/el\/#website","url":"https:\/\/universofamilia.com\/el\/","name":"Universo Fam\u00edlia","description":"","potentialAction":[{"@type":"SearchAction","target":{"@type":"EntryPoint","urlTemplate":"https:\/\/universofamilia.com\/el\/?s={search_term_string}"},"query-input":"required name=search_term_string"}],"inLanguage":"da-DK"}]}},"_links":{"self":[{"href":"https:\/\/universofamilia.com\/da\/wp-json\/wp\/v2\/posts\/2109"}],"collection":[{"href":"https:\/\/universofamilia.com\/da\/wp-json\/wp\/v2\/posts"}],"about":[{"href":"https:\/\/universofamilia.com\/da\/wp-json\/wp\/v2\/types\/post"}],"replies":[{"embeddable":true,"href":"https:\/\/universofamilia.com\/da\/wp-json\/wp\/v2\/comments?post=2109"}],"version-history":[{"count":0,"href":"https:\/\/universofamilia.com\/da\/wp-json\/wp\/v2\/posts\/2109\/revisions"}],"wp:featuredmedia":[{"embeddable":true,"href":"https:\/\/universofamilia.com\/da\/wp-json\/wp\/v2\/media\/2111"}],"wp:attachment":[{"href":"https:\/\/universofamilia.com\/da\/wp-json\/wp\/v2\/media?parent=2109"}],"wp:term":[{"taxonomy":"category","embeddable":true,"href":"https:\/\/universofamilia.com\/da\/wp-json\/wp\/v2\/categories?post=2109"},{"taxonomy":"post_tag","embeddable":true,"href":"https:\/\/universofamilia.com\/da\/wp-json\/wp\/v2\/tags?post=2109"}],"curies":[{"name":"wp","href":"https:\/\/api.w.org\/{rel}","templated":true}]}}