{"id":2207,"date":"2023-06-02T23:02:38","date_gmt":"2023-06-03T02:02:38","guid":{"rendered":"https:\/\/universofamilia.com\/?p=2207"},"modified":"2023-06-02T23:02:38","modified_gmt":"2023-06-03T02:02:38","slug":"dificuldade-de-audicao-em-criancas","status":"publish","type":"post","link":"https:\/\/universofamilia.com\/da\/dificuldade-de-audicao-em-criancas\/","title":{"rendered":"H\u00f8reproblemer hos b\u00f8rn: Symptomer, pleje og diagnose"},"content":{"rendered":"<p>H\u00f8revanskeligheder hos b\u00f8rn: Symptomer, pleje og diagnose. H\u00f8relse spiller en afg\u00f8rende rolle i udviklingen af barndommens l\u00e6ring.<\/p>\n\n\n\n<p>Desv\u00e6rre oplever nogle b\u00f8rn h\u00f8reproblemer, hvilket kan p\u00e5virke deres livskvalitet og akademiske pr\u00e6stationer negativt.<\/p>\n\n\n\n<p>I denne artikel vil vi diskutere symptomerne p\u00e5 h\u00f8reproblemer hos b\u00f8rn, den n\u00f8dvendige pleje og hvordan man stiller en tilstr\u00e6kkelig diagnose.<\/p>\n\n\n\n<h3 class=\"wp-block-heading\">Se ogs\u00e5:<\/h3>\n\n\n\n<p><a href=\"https:\/\/universofamilia.com\/da\/como-aliviar-as-colicas-do-bebe\/\" target=\"_blank\" rel=\"noreferrer noopener\">S\u00e5dan lindrer du babykolik<\/a><\/p>\n\n\n\n<p><a href=\"https:\/\/universofamilia.com\/da\/por-que-os-bebes-se-assustam-tanto\/\" target=\"_blank\" rel=\"noreferrer noopener\">Hvorfor bliver babyer s\u00e5 bange?<\/a><\/p>\n\n\n\n<p><a href=\"https:\/\/www.luzbaby.com.br\/\" target=\"_blank\" rel=\"noreferrer noopener\">A Luz Baby er en af de bedste butikker med babyprodukter. Klik her.<\/a><\/p>\n\n\n\n<h4 class=\"wp-block-heading\">Symptomer p\u00e5 h\u00f8reproblemer hos b\u00f8rn<\/h4>\n\n\n<div class=\"wp-block-image\">\n<figure class=\"aligncenter size-full\"><img loading=\"lazy\" decoding=\"async\" width=\"550\" height=\"350\" src=\"http:\/\/universofamilia.com\/wp-content\/uploads\/sites\/148\/2023\/06\/POST-DIFICULDADE-DE-OUVIR-universo-familia-2.png\" alt=\"\" class=\"wp-image-2208\" srcset=\"https:\/\/universofamilia.com\/wp-content\/uploads\/sites\/148\/2023\/06\/POST-DIFICULDADE-DE-OUVIR-universo-familia-2.png 550w, https:\/\/universofamilia.com\/wp-content\/uploads\/sites\/148\/2023\/06\/POST-DIFICULDADE-DE-OUVIR-universo-familia-2-300x191.png 300w\" sizes=\"(max-width: 550px) 100vw, 550px\" \/><\/figure><\/div>\n\n\n<p>Det kan v\u00e6re en udfordring at identificere h\u00f8revanskeligheder hos b\u00f8rn, fordi symptomerne kan variere afh\u00e6ngigt af problemets sv\u00e6rhedsgrad. Her er nogle almindelige symptomer, man skal v\u00e6re opm\u00e6rksom p\u00e5:<\/p>\n\n\n\n<p><strong>Forsinket tale<\/strong>B\u00f8rn med h\u00f8revanskeligheder oplever ofte betydelige forsinkelser i tilegnelsen af sprog og manglende sprogudvikling.<\/p>\n\n\n\n<p><strong>Vanskeligheder med at f\u00f8lge instruktioner<\/strong>Hvis et barn ikke reagerer tilstr\u00e6kkeligt p\u00e5 simple verbale kommandoer eller har sv\u00e6rt ved at forst\u00e5 og f\u00f8lge instruktioner, kan det v\u00e6re tegn p\u00e5 et h\u00f8reproblem.<\/p>\n\n\n\n<p><strong>Fjernsyns- eller radiolydstyrken er for h\u00f8j<\/strong>Hvis et barn altid foretr\u00e6kker at skrue op for lydstyrken p\u00e5 fjernsynet eller radioen p\u00e5 et ubehageligt h\u00f8jt niveau, kan det v\u00e6re et tegn p\u00e5, at det er sv\u00e6rt at h\u00f8re.<\/p>\n\n\n\n<p><strong>Koncentrationsproblemer<\/strong>B\u00f8rn med h\u00f8revanskeligheder kan have sv\u00e6rt ved at koncentrere sig i klassev\u00e6relset eller i st\u00f8jende milj\u00f8er p\u00e5 grund af sensorisk overbelastning.<\/p>\n\n\n\n<p><strong>Forsinkelser i manglende sprogudvikling og manglende sprogudvikling<\/strong>Ud over sen tale kan b\u00f8rn have vanskeligheder med at artikulere ord korrekt eller med at forst\u00e5 og bruge sprog korrekt.<\/p>\n\n\n<div class=\"wp-block-image\">\n<figure class=\"aligncenter size-full\"><img loading=\"lazy\" decoding=\"async\" width=\"550\" height=\"350\" src=\"http:\/\/universofamilia.com\/wp-content\/uploads\/sites\/148\/2023\/06\/POST-DIFICULDADE-DE-OUVIR-universo-familia-1.png\" alt=\"\" class=\"wp-image-2209\" srcset=\"https:\/\/universofamilia.com\/wp-content\/uploads\/sites\/148\/2023\/06\/POST-DIFICULDADE-DE-OUVIR-universo-familia-1.png 550w, https:\/\/universofamilia.com\/wp-content\/uploads\/sites\/148\/2023\/06\/POST-DIFICULDADE-DE-OUVIR-universo-familia-1-300x191.png 300w\" sizes=\"(max-width: 550px) 100vw, 550px\" \/><\/figure><\/div>\n\n\n<h4 class=\"wp-block-heading\">Omsorg for b\u00f8rn med h\u00f8reproblemer<\/h4>\n\n\n\n<p>Hvis du har mistanke om, at dit barn har h\u00f8reproblemer, er det vigtigt at s\u00f8ge passende hj\u00e6lp eller s\u00e5 meget hj\u00e6lp som muligt. Kort sagt er her nogle vigtige foranstaltninger, der skal tr\u00e6ffes:<\/p>\n\n\n\n<p><strong>Konsulter en specialist<\/strong>Planl\u00e6g en konsultation med en \u00f8re-n\u00e6se-hals-l\u00e6ge eller en talep\u00e6dagog med speciale i b\u00f8rns h\u00f8relse. De kan udf\u00f8re test og unders\u00f8gelser for at validere b\u00f8rns h\u00f8relse og bestemme sv\u00e6rhedsgraden.<\/p>\n\n\n\n<p><strong>Gunstigt milj\u00f8<\/strong>Skab et gunstigt milj\u00f8 derhjemme og i skolen for b\u00f8rn med h\u00f8reproblemer. Reducer baggrundsst\u00f8j, vend ansigtet fremad, n\u00e5r du taler, og brug kropssprog til at fremme kommunikationen.<\/p>\n\n\n\n<p><strong>Uddannelsesst\u00f8tte<\/strong>B\u00f8rn med h\u00f8revanskeligheder kan drage fordel af specialiserede p\u00e6dagogiske interventioner, s\u00e5som st\u00f8tteklasser eller talep\u00e6dagogik. Derfor kan disse interventioner hj\u00e6lpe med at udvikle kommunikationsevner og minimere virkningen af ul\u00e6rte h\u00f8revanskeligheder.<\/p>\n\n\n\n<p><strong>F\u00f8lelsesm\u00e6ssig st\u00f8tte<\/strong>Lidar med h\u00f8reproblemer kan v\u00e6re udfordrende for b\u00e5de b\u00f8rn og familier. Kort sagt er det vigtigt at yde tilstr\u00e6kkelig f\u00f8lelsesm\u00e6ssig st\u00f8tte. Endelig skal man s\u00f8rge for, at b\u00f8rn f\u00f8ler sig forst\u00e5et, opmuntret og v\u00e6rdsat.<\/p>\n\n\n\n<p>Det kan ogs\u00e5 v\u00e6re meget nyttigt at kommunikere \u00e5bent om h\u00f8revanskeligheder og s\u00f8ge st\u00f8tteressourcer, s\u00e5som st\u00f8ttegrupper eller familieterapi.<\/p>\n\n\n\n<p><strong>Hj\u00e6lpemidler<\/strong>I mange tilf\u00e6lde kan brugen af hj\u00e6lpemidler, s\u00e5som h\u00f8reapparater eller cochlear-implantater, forbedre b\u00f8rns h\u00f8relse betydeligt. Kontakt derefter en specialiseret fagperson for at afg\u00f8re, hvilken mulighed der er bedst egnet til dit barns tilf\u00e6lde.<\/p>\n\n\n\n<h4 class=\"wp-block-heading\">Diagnose af h\u00f8revanskeligheder hos b\u00f8rn<\/h4>\n\n\n<div class=\"wp-block-image\">\n<figure class=\"aligncenter size-full\"><img loading=\"lazy\" decoding=\"async\" width=\"550\" height=\"350\" src=\"http:\/\/universofamilia.com\/wp-content\/uploads\/sites\/148\/2023\/06\/POST-DIFICULDADE-DE-OUVIR-universo-familia-.png\" alt=\"\" class=\"wp-image-2210\" srcset=\"https:\/\/universofamilia.com\/wp-content\/uploads\/sites\/148\/2023\/06\/POST-DIFICULDADE-DE-OUVIR-universo-familia-.png 550w, https:\/\/universofamilia.com\/wp-content\/uploads\/sites\/148\/2023\/06\/POST-DIFICULDADE-DE-OUVIR-universo-familia--300x191.png 300w\" sizes=\"(max-width: 550px) 100vw, 550px\" \/><\/figure><\/div>\n\n\n<p>For at stille en pr\u00e6cis diagnose af h\u00f8reproblemer hos b\u00f8rn skal der udf\u00f8res forskellige tests og unders\u00f8gelser. Her er nogle af de mest almindelige diagnostiske teknikker:<\/p>\n\n\n\n<p><strong>H\u00f8retriagetests<\/strong>Disse hurtige, ikke-invasive tests bruges kun til at identificere mulige h\u00f8reproblemer hos nyf\u00f8dte og sm\u00e5 b\u00f8rn. De involverer generelt pr\u00e6sentation af lyde og observation af auditive reaktioner.<\/p>\n\n\n\n<p><strong>Audiometri<\/strong>Audiometri er en test, der m\u00e5ler h\u00f8relse og evnen til at skelne mellem forskellige lyde. Den udf\u00f8res af en audiolog og kan tilpasses barnets personlighed og evner.<\/p>\n\n\n\n<p><strong>Auditive fremkaldte potentialer<\/strong>Disse tests registrerer hjernens elektriske aktivitet som reaktion p\u00e5 lydstimuli. De hj\u00e6lper med at evaluere h\u00f8reapparatets integritet og identificere mulige dysfunktioner.<\/p>\n\n\n\n<p><strong>Sprog- og udviklingsst\u00f8tte<\/strong>Ud over to auditive tests er det vigtigt at udf\u00f8re en omfattende vurdering af barnets sprogudvikling og kommunikationsevner. Dette kan omfatte standardiserede vurderinger, kliniske observationer og sp\u00f8rgeskemaer for landet.<\/p>\n\n\n\n<h4 class=\"wp-block-heading\">Konklusion<\/h4>\n\n\n\n<p>B\u00f8rns h\u00f8revanskeligheder kan have en betydelig indflydelse p\u00e5 deres samlede udvikling og akademiske pr\u00e6stationer. Det er vigtigt at v\u00e6re opm\u00e6rksom p\u00e5 tegn p\u00e5 h\u00f8revanskeligheder og s\u00f8ge passende behandling, eller s\u00e5 meget som muligt.<\/p>\n\n\n\n<p>Kort sagt er det vigtigt at konsultere specialiserede fagfolk, skabe et gunstigt milj\u00f8, yde p\u00e6dagogisk og f\u00f8lelsesm\u00e6ssig st\u00f8tte, udover at bruge hj\u00e6lpemidler, for at hj\u00e6lpe b\u00f8rn med at overvinde de udfordringer, der er forbundet med h\u00f8reproblemer.<\/p>\n\n\n\n<p>Pois, en pr\u00e6cis diagnose og en tidlig intervention kan g\u00f8re en forskel for den sproglige udvikling hos b\u00f8rn, og ikke for at v\u00e6re generelt, s\u00e5 de kan n\u00e5 deres fulde potentiale.<\/p>\n\n\n<div class=\"wp-block-image\">\n<figure class=\"aligncenter size-full\"><img loading=\"lazy\" decoding=\"async\" width=\"550\" height=\"350\" src=\"http:\/\/universofamilia.com\/wp-content\/uploads\/sites\/148\/2023\/06\/POST-DIFICULDADE-DE-OUVIR-universo-familia-3.png\" alt=\"\" class=\"wp-image-2215\" srcset=\"https:\/\/universofamilia.com\/wp-content\/uploads\/sites\/148\/2023\/06\/POST-DIFICULDADE-DE-OUVIR-universo-familia-3.png 550w, https:\/\/universofamilia.com\/wp-content\/uploads\/sites\/148\/2023\/06\/POST-DIFICULDADE-DE-OUVIR-universo-familia-3-300x191.png 300w\" sizes=\"(max-width: 550px) 100vw, 550px\" \/><\/figure><\/div>\n\n\n<blockquote class=\"wp-block-quote\">\n<h5 class=\"wp-block-heading\"><em>Bem\u00e6rkninger: Materialerne og oplysningerne p\u00e5 Universo Fam\u00edlia-siden er ikke beregnet til medicinsk diagnose og b\u00f8r heller ikke anvendes som s\u00e5dan. <strong>Du b\u00f8r altid konsultere en l\u00e6ge eller en kvalificeret sundhedsperson om dine reelle behov.<\/strong>.<\/em><\/h5>\n<\/blockquote>\n\n\n\n<h4 class=\"wp-block-heading\">Kilder til forskning<\/h4>\n\n\n\n<p>N\u00e5r du skriver en tekst med information om vanskelighederne ved at lytte til b\u00f8rn, er det vigtigt at basere den p\u00e5 p\u00e5lidelige og opdaterede kilder. Her er nogle forslag til kilder, som du kan bruge til at unders\u00f8ge emnet yderligere:<\/p>\n\n\n\n<p>American Speech-Language-Hearing Association (ASHA) \u2013 ASHA er en professionel organisation, der leverer ressourcer og information om tale, sprog og h\u00f8relse. Hjemmesiden (https:\/\/www.asha.org\/) indeholder artikler, vejledninger og forskning relateret til h\u00f8revanskeligheder hos b\u00f8rn.<\/p>\n\n\n\n<p>Centers for Disease Control and Prevention (CDC) \u2013 CDC er et amerikansk sundhedsagentur, der leverer \u00e5ben information om en bred vifte af helbredstilstande. CDC&#039;s websted (https:\/\/www.cdc.gov\/) kan v\u00e6re en p\u00e5lidelig kilde til at indhente statistiske data, retningslinjer for h\u00f8relsestriage og information om virkningerne af h\u00f8revanskeligheder hos b\u00f8rn.<\/p>\n\n\n\n<p>American Academy of Pediatrics (AAP) \u2013 AAP er en organisation dedikeret til b\u00f8rns sundhed og yder klinisk vejledning til l\u00e6ger og familier. AAP&#039;s hjemmeside (https:\/\/www.aap.org\/) indeholder information om vurdering, diagnose og behandling af h\u00f8reproblemer hos b\u00f8rn.<\/p>\n\n\n\n<p>National Institute on Deafness and Other Communication Disorders (NIDCD) \u2013 NIDCD er et forskningsinstitut under den amerikanske regering, der fokuserer p\u00e5 sp\u00f8rgsm\u00e5l relateret til h\u00f8relse, kommunikation og sprogforstyrrelser. Derudover tilbyder NIDCD&#039;s hjemmeside (https:\/\/www.nidcd.nih.gov\/) ressourcer og opdaterede oplysninger om h\u00f8revanskeligheder hos b\u00f8rn.<\/p>\n\n\n\n<p>Verdenssundhedsorganisationen (WHO) \u2013 WHO er et specialiseret organ under FN, der arbejder for at fremme global sundhed. WHO&#039;s hjemmeside (https:\/\/www.who.int\/) kan give information om pr\u00e6valens, virkning og interventionsstrategier relateret til h\u00f8revanskeligheder hos b\u00f8rn p\u00e5 globalt plan.<\/p>\n\n\n\n<p>Derfor er det altid n\u00f8dvendigt at verificere kildernes trov\u00e6rdighed og s\u00f8ge information fra organisationer og institutioner, der er etableret inden for sundheds- og h\u00f8reforskning.<\/p>","protected":false},"excerpt":{"rendered":"<p>H\u00f8revanskeligheder hos b\u00f8rn: Symptomer, pleje og diagnose. H\u00f8relse spiller en afg\u00f8rende rolle i udviklingen af barndommens l\u00e6ring.<\/p>\n<p>Desv\u00e6rre oplever nogle b\u00f8rn h\u00f8reproblemer, hvilket kan p\u00e5virke deres livskvalitet og akademiske pr\u00e6stationer negativt.<\/p>\n<p>I denne artikel vil vi diskutere symptomerne p\u00e5 h\u00f8reproblemer hos b\u00f8rn, den n\u00f8dvendige pleje og hvordan man stiller en tilstr\u00e6kkelig diagnose.<\/p>","protected":false},"author":0,"featured_media":2216,"comment_status":"open","ping_status":"open","sticky":false,"template":"","format":"standard","meta":{"footnotes":""},"categories":[5],"tags":[580,775,1437],"yoast_head":"<!-- This site is optimized with the Yoast SEO plugin v23.3 - https:\/\/yoast.com\/wordpress\/plugins\/seo\/ -->\n<title>Dificuldade de Audi\u00e7\u00e3o em Crian\u00e7as: Sintomas, Cuidados e Diagn\u00f3stico - Universo Fam\u00edlia<\/title>\n<meta name=\"description\" content=\"Dificuldade de Audi\u00e7\u00e3o em Crian\u00e7as,\" \/>\n<meta name=\"robots\" content=\"index, follow, max-snippet:-1, max-image-preview:large, max-video-preview:-1\" \/>\n<link rel=\"canonical\" href=\"https:\/\/universofamilia.com\/da\/dificuldade-de-audicao-em-criancas\/\" \/>\n<meta property=\"og:locale\" content=\"da_DK\" \/>\n<meta property=\"og:type\" content=\"article\" \/>\n<meta property=\"og:title\" content=\"Dificuldade de Audi\u00e7\u00e3o em Crian\u00e7as: Sintomas, Cuidados e Diagn\u00f3stico - Universo Fam\u00edlia\" \/>\n<meta property=\"og:description\" content=\"Dificuldade de Audi\u00e7\u00e3o em Crian\u00e7as,\" \/>\n<meta property=\"og:url\" content=\"https:\/\/universofamilia.com\/da\/dificuldade-de-audicao-em-criancas\/\" \/>\n<meta property=\"og:site_name\" content=\"Universo Fam\u00edlia\" \/>\n<meta property=\"article:published_time\" content=\"2023-06-03T02:02:38+00:00\" \/>\n<meta property=\"og:image\" content=\"https:\/\/universofamilia.com\/wp-content\/uploads\/sites\/148\/2023\/06\/FOTO-DESTAQUE-DIFICULDADE-DE-OUVIR-universo-familia-448x350-1-1.png\" \/>\n\t<meta property=\"og:image:width\" content=\"448\" \/>\n\t<meta property=\"og:image:height\" content=\"350\" \/>\n\t<meta property=\"og:image:type\" content=\"image\/png\" \/>\n<meta name=\"twitter:card\" content=\"summary_large_image\" \/>\n<meta name=\"twitter:label1\" content=\"Est. reading time\" \/>\n\t<meta name=\"twitter:data1\" content=\"7 minutter\" \/>\n<script type=\"application\/ld+json\" class=\"yoast-schema-graph\">{\"@context\":\"https:\/\/schema.org\",\"@graph\":[{\"@type\":\"WebPage\",\"@id\":\"https:\/\/universofamilia.com\/bg\/dificuldade-de-audicao-em-criancas\/\",\"url\":\"https:\/\/universofamilia.com\/bg\/dificuldade-de-audicao-em-criancas\/\",\"name\":\"Dificuldade de Audi\u00e7\u00e3o em Crian\u00e7as: Sintomas, Cuidados e Diagn\u00f3stico - Universo Fam\u00edlia\",\"isPartOf\":{\"@id\":\"https:\/\/universofamilia.com\/el\/#website\"},\"primaryImageOfPage\":{\"@id\":\"https:\/\/universofamilia.com\/bg\/dificuldade-de-audicao-em-criancas\/#primaryimage\"},\"image\":{\"@id\":\"https:\/\/universofamilia.com\/bg\/dificuldade-de-audicao-em-criancas\/#primaryimage\"},\"thumbnailUrl\":\"https:\/\/universofamilia.com\/wp-content\/uploads\/sites\/148\/2023\/06\/FOTO-DESTAQUE-DIFICULDADE-DE-OUVIR-universo-familia-448x350-1-1.png\",\"datePublished\":\"2023-06-03T02:02:38+00:00\",\"dateModified\":\"2023-06-03T02:02:38+00:00\",\"author\":{\"@id\":\"\"},\"description\":\"Dificuldade de Audi\u00e7\u00e3o em Crian\u00e7as,\",\"breadcrumb\":{\"@id\":\"https:\/\/universofamilia.com\/bg\/dificuldade-de-audicao-em-criancas\/#breadcrumb\"},\"inLanguage\":\"da-DK\",\"potentialAction\":[{\"@type\":\"ReadAction\",\"target\":[\"https:\/\/universofamilia.com\/bg\/dificuldade-de-audicao-em-criancas\/\"]}]},{\"@type\":\"ImageObject\",\"inLanguage\":\"da-DK\",\"@id\":\"https:\/\/universofamilia.com\/bg\/dificuldade-de-audicao-em-criancas\/#primaryimage\",\"url\":\"https:\/\/universofamilia.com\/wp-content\/uploads\/sites\/148\/2023\/06\/FOTO-DESTAQUE-DIFICULDADE-DE-OUVIR-universo-familia-448x350-1-1.png\",\"contentUrl\":\"https:\/\/universofamilia.com\/wp-content\/uploads\/sites\/148\/2023\/06\/FOTO-DESTAQUE-DIFICULDADE-DE-OUVIR-universo-familia-448x350-1-1.png\",\"width\":448,\"height\":350},{\"@type\":\"BreadcrumbList\",\"@id\":\"https:\/\/universofamilia.com\/bg\/dificuldade-de-audicao-em-criancas\/#breadcrumb\",\"itemListElement\":[{\"@type\":\"ListItem\",\"position\":1,\"name\":\"Home\",\"item\":\"https:\/\/universofamilia.com\/el\/\"},{\"@type\":\"ListItem\",\"position\":2,\"name\":\"Dificuldade de Audi\u00e7\u00e3o em Crian\u00e7as: Sintomas, Cuidados e Diagn\u00f3stico\"}]},{\"@type\":\"WebSite\",\"@id\":\"https:\/\/universofamilia.com\/el\/#website\",\"url\":\"https:\/\/universofamilia.com\/el\/\",\"name\":\"Universo Fam\u00edlia\",\"description\":\"\",\"potentialAction\":[{\"@type\":\"SearchAction\",\"target\":{\"@type\":\"EntryPoint\",\"urlTemplate\":\"https:\/\/universofamilia.com\/el\/?s={search_term_string}\"},\"query-input\":\"required name=search_term_string\"}],\"inLanguage\":\"da-DK\"}]}<\/script>\n<!-- \/ Yoast SEO plugin. -->","yoast_head_json":{"title":"Dificuldade de Audi\u00e7\u00e3o em Crian\u00e7as: Sintomas, Cuidados e Diagn\u00f3stico - Universo Fam\u00edlia","description":"Dificuldade de Audi\u00e7\u00e3o em Crian\u00e7as,","robots":{"index":"index","follow":"follow","max-snippet":"max-snippet:-1","max-image-preview":"max-image-preview:large","max-video-preview":"max-video-preview:-1"},"canonical":"https:\/\/universofamilia.com\/da\/dificuldade-de-audicao-em-criancas\/","og_locale":"da_DK","og_type":"article","og_title":"Dificuldade de Audi\u00e7\u00e3o em Crian\u00e7as: Sintomas, Cuidados e Diagn\u00f3stico - Universo Fam\u00edlia","og_description":"Dificuldade de Audi\u00e7\u00e3o em Crian\u00e7as,","og_url":"https:\/\/universofamilia.com\/da\/dificuldade-de-audicao-em-criancas\/","og_site_name":"Universo Fam\u00edlia","article_published_time":"2023-06-03T02:02:38+00:00","og_image":[{"width":448,"height":350,"url":"https:\/\/universofamilia.com\/wp-content\/uploads\/sites\/148\/2023\/06\/FOTO-DESTAQUE-DIFICULDADE-DE-OUVIR-universo-familia-448x350-1-1.png","type":"image\/png"}],"twitter_card":"summary_large_image","twitter_misc":{"Est. reading time":"7 minutter"},"schema":{"@context":"https:\/\/schema.org","@graph":[{"@type":"WebPage","@id":"https:\/\/universofamilia.com\/bg\/dificuldade-de-audicao-em-criancas\/","url":"https:\/\/universofamilia.com\/bg\/dificuldade-de-audicao-em-criancas\/","name":"Dificuldade de Audi\u00e7\u00e3o em Crian\u00e7as: Sintomas, Cuidados e Diagn\u00f3stico - Universo Fam\u00edlia","isPartOf":{"@id":"https:\/\/universofamilia.com\/el\/#website"},"primaryImageOfPage":{"@id":"https:\/\/universofamilia.com\/bg\/dificuldade-de-audicao-em-criancas\/#primaryimage"},"image":{"@id":"https:\/\/universofamilia.com\/bg\/dificuldade-de-audicao-em-criancas\/#primaryimage"},"thumbnailUrl":"https:\/\/universofamilia.com\/wp-content\/uploads\/sites\/148\/2023\/06\/FOTO-DESTAQUE-DIFICULDADE-DE-OUVIR-universo-familia-448x350-1-1.png","datePublished":"2023-06-03T02:02:38+00:00","dateModified":"2023-06-03T02:02:38+00:00","author":{"@id":""},"description":"Dificuldade de Audi\u00e7\u00e3o em Crian\u00e7as,","breadcrumb":{"@id":"https:\/\/universofamilia.com\/bg\/dificuldade-de-audicao-em-criancas\/#breadcrumb"},"inLanguage":"da-DK","potentialAction":[{"@type":"ReadAction","target":["https:\/\/universofamilia.com\/bg\/dificuldade-de-audicao-em-criancas\/"]}]},{"@type":"ImageObject","inLanguage":"da-DK","@id":"https:\/\/universofamilia.com\/bg\/dificuldade-de-audicao-em-criancas\/#primaryimage","url":"https:\/\/universofamilia.com\/wp-content\/uploads\/sites\/148\/2023\/06\/FOTO-DESTAQUE-DIFICULDADE-DE-OUVIR-universo-familia-448x350-1-1.png","contentUrl":"https:\/\/universofamilia.com\/wp-content\/uploads\/sites\/148\/2023\/06\/FOTO-DESTAQUE-DIFICULDADE-DE-OUVIR-universo-familia-448x350-1-1.png","width":448,"height":350},{"@type":"BreadcrumbList","@id":"https:\/\/universofamilia.com\/bg\/dificuldade-de-audicao-em-criancas\/#breadcrumb","itemListElement":[{"@type":"ListItem","position":1,"name":"Home","item":"https:\/\/universofamilia.com\/el\/"},{"@type":"ListItem","position":2,"name":"Dificuldade de Audi\u00e7\u00e3o em Crian\u00e7as: Sintomas, Cuidados e Diagn\u00f3stico"}]},{"@type":"WebSite","@id":"https:\/\/universofamilia.com\/el\/#website","url":"https:\/\/universofamilia.com\/el\/","name":"Universo Fam\u00edlia","description":"","potentialAction":[{"@type":"SearchAction","target":{"@type":"EntryPoint","urlTemplate":"https:\/\/universofamilia.com\/el\/?s={search_term_string}"},"query-input":"required name=search_term_string"}],"inLanguage":"da-DK"}]}},"_links":{"self":[{"href":"https:\/\/universofamilia.com\/da\/wp-json\/wp\/v2\/posts\/2207"}],"collection":[{"href":"https:\/\/universofamilia.com\/da\/wp-json\/wp\/v2\/posts"}],"about":[{"href":"https:\/\/universofamilia.com\/da\/wp-json\/wp\/v2\/types\/post"}],"replies":[{"embeddable":true,"href":"https:\/\/universofamilia.com\/da\/wp-json\/wp\/v2\/comments?post=2207"}],"version-history":[{"count":0,"href":"https:\/\/universofamilia.com\/da\/wp-json\/wp\/v2\/posts\/2207\/revisions"}],"wp:featuredmedia":[{"embeddable":true,"href":"https:\/\/universofamilia.com\/da\/wp-json\/wp\/v2\/media\/2216"}],"wp:attachment":[{"href":"https:\/\/universofamilia.com\/da\/wp-json\/wp\/v2\/media?parent=2207"}],"wp:term":[{"taxonomy":"category","embeddable":true,"href":"https:\/\/universofamilia.com\/da\/wp-json\/wp\/v2\/categories?post=2207"},{"taxonomy":"post_tag","embeddable":true,"href":"https:\/\/universofamilia.com\/da\/wp-json\/wp\/v2\/tags?post=2207"}],"curies":[{"name":"wp","href":"https:\/\/api.w.org\/{rel}","templated":true}]}}